{"id":1058326,"date":"2020-02-20T18:21:59","date_gmt":"2020-02-20T18:21:59","guid":{"rendered":"https:\/\/www.eldigitaldeasturias.com\/noticias\/?p=1058326"},"modified":"2020-02-20T18:21:59","modified_gmt":"2020-02-20T18:21:59","slug":"abalos-acuerda-con-la-femp-la-creacion-del-foro-ciudades","status":"publish","type":"post","link":"https:\/\/www.eldigitaldeasturias.com\/noticias\/abalos-acuerda-con-la-femp-la-creacion-del-foro-ciudades\/","title":{"rendered":"\u00c1balos acuerda con la FEMP la creaci\u00f3n del Foro Ciudades"},"content":{"rendered":"<p><img loading=\"lazy\" decoding=\"async\" class=\"alignleft size-medium wp-image-1058327\" src=\"https:\/\/www.eldigitaldeasturias.com\/noticias\/wp-content\/uploads\/2020\/02\/190220_AgendaUrbana-360x239.jpg\" alt=\"\" width=\"360\" height=\"239\" srcset=\"https:\/\/www.eldigitaldeasturias.com\/noticias\/wp-content\/uploads\/2020\/02\/190220_AgendaUrbana-360x239.jpg 360w, https:\/\/www.eldigitaldeasturias.com\/noticias\/wp-content\/uploads\/2020\/02\/190220_AgendaUrbana-452x300.jpg 452w, https:\/\/www.eldigitaldeasturias.com\/noticias\/wp-content\/uploads\/2020\/02\/190220_AgendaUrbana.jpg 512w\" sizes=\"auto, (max-width: 360px) 100vw, 360px\" \/>El ministro de Transportes, Movilidad y Agenda Urbana, Jos\u00e9 Luis \u00c1balos, ha acordado con el presidente de la Federaci\u00f3n Espa\u00f1ola de Municipios y Provincias (FEMP), Abel Caballero, la creaci\u00f3n del Foro Ciudades, un lugar de encuentro bilateral del Gobierno con los municipios en materia de Agenda Urbana.<\/p>\n<p>El ministro ha trasladado a Caballero que el Ministerio de Transportes, Movilidad y Agenda Urbana (Mitma) es el verdadero \u00abMinisterio de las Ciudades\u00bb, de ah\u00ed la importancia de la creaci\u00f3n de este Foro permanente e institucionalizado cuya finalidad es la de garantizar la colaboraci\u00f3n entre el Departamento y la FEMP.<\/p>\n<p>\u00c1balos ha destacado la importancia de la implantaci\u00f3n de la nueva Agenda Urbana en los municipios espa\u00f1oles y, con ello, de desarrollar pol\u00edticas de gran inter\u00e9s para la ciudadan\u00eda como son movilidad, vivienda y rehabilitaci\u00f3n, humanizaci\u00f3n de espacios p\u00fablicos, zonas de emisiones cero, etc.<\/p>\n<p>La Agenda Urbana Espa\u00f1ola, seg\u00fan ha se\u00f1alado el ministro, responde a una concepci\u00f3n m\u00e1s moderna y evolucionada de las ciudades y los pueblos, como los espacios en los que se dirimen los grandes desaf\u00edos de nuestro tiempo, entre los cuales ha mencionado la emergencia clim\u00e1tica, la inclusi\u00f3n, el desaf\u00edo tecnol\u00f3gico, la competitividad, la calidad de vida, el capital humano o el reto demogr\u00e1fico.<\/p>\n<p>El responsable del Departamento ha explicado que la Agenda Urbana Espa\u00f1ola es el documento estrat\u00e9gico que recoge esta nueva visi\u00f3n y se realiza en consonancia con las visiones m\u00e1s actuales de las ciudades y los espacios urbanos, de acuerdo con los criterios de la Agenda 2030, la nueva Agenda Urbana de las Naciones Unidas y la Agenda Urbana para la Uni\u00f3n Europea.<\/p>\n<p>Para \u00c1balos, es esencial que la relaci\u00f3n entre el Departamento y los municipios, a trav\u00e9s de la FEMP, evolucione y quede alineada con el enfoque de la Agenda Urbana.<\/p>\n<p>Adem\u00e1s, ha a\u00f1adido que se elaborar\u00e1 una gu\u00eda sobre los contenidos de la Agenda Urbana, que permita darle difusi\u00f3n entre las entidades locales, tanto en el \u00e1mbito t\u00e9cnico, como en el pol\u00edtico.<\/p>\n<p>&nbsp;<\/p>\n","protected":false},"excerpt":{"rendered":"<p>El ministro de Transportes, Movilidad y Agenda Urbana, Jos\u00e9 Luis \u00c1balos, ha acordado con el presidente de la Federaci\u00f3n Espa\u00f1ola de Municipios y Provincias (FEMP), Abel Caballero, la creaci\u00f3n del Foro Ciudades, un lugar de encuentro bilateral del Gobierno con los municipios en materia de Agenda Urbana. El ministro ha trasladado a Caballero que el [&hellip;]<\/p>\n","protected":false},"author":1,"featured_media":1058327,"comment_status":"closed","ping_status":"closed","sticky":false,"template":"","format":"standard","meta":{"footnotes":""},"categories":[187],"tags":[],"class_list":["post-1058326","post","type-post","status-publish","format-standard","has-post-thumbnail","hentry","category-economia"],"aioseo_notices":[],"aioseo_head":"\n\t\t<!-- All in One SEO Pro 4.9.6.2 - aioseo.com -->\n\t<meta name=\"description\" content=\"El ministro de Transportes, Movilidad y Agenda Urbana, Jos\u00e9 Luis \u00c1balos, ha acordado con el presidente de la Federaci\u00f3n Espa\u00f1ola de Municipios y Provincias (FEMP), Abel Caballero, la creaci\u00f3n del Foro Ciudades, un lugar de encuentro bilateral del Gobierno con los municipios en materia de Agenda Urbana. El ministro ha trasladado a Caballero que el\" \/>\n\t<meta name=\"robots\" content=\"max-image-preview:large\" \/>\n\t<meta name=\"author\" content=\"El Digital de Asturias\"\/>\n\t<meta name=\"google-site-verification\" content=\"UA-38556648-1\" \/>\n\t<meta name=\"msvalidate.01\" content=\"7dfe9f3f1b24437ab69f4f2559babe99\" \/>\n\t<meta name=\"keywords\" content=\"econom\u00eda\" \/>\n\t<link rel=\"canonical\" href=\"https:\/\/www.eldigitaldeasturias.com\/noticias\/abalos-acuerda-con-la-femp-la-creacion-del-foro-ciudades\/\" \/>\n\t<meta name=\"generator\" content=\"All in One SEO Pro (AIOSEO) 4.9.6.2\" \/>\n\t\t<meta property=\"og:locale\" content=\"es_ES\" \/>\n\t\t<meta property=\"og:site_name\" content=\"El Digital de Asturias\" \/>\n\t\t<meta property=\"og:type\" content=\"article\" \/>\n\t\t<meta property=\"og:title\" content=\"\u00c1balos acuerda con la FEMP la creaci\u00f3n del Foro Ciudades - El Digital de Asturias\" \/>\n\t\t<meta property=\"og:description\" content=\"El ministro de Transportes, Movilidad y Agenda Urbana, Jos\u00e9 Luis \u00c1balos, ha acordado con el presidente de la Federaci\u00f3n Espa\u00f1ola de Municipios y Provincias (FEMP), Abel Caballero, la creaci\u00f3n del Foro Ciudades, un lugar de encuentro bilateral del Gobierno con los municipios en materia de Agenda Urbana. El ministro ha trasladado a Caballero que el\" \/>\n\t\t<meta property=\"og:url\" content=\"https:\/\/www.eldigitaldeasturias.com\/noticias\/abalos-acuerda-con-la-femp-la-creacion-del-foro-ciudades\/\" \/>\n\t\t<meta property=\"og:image\" content=\"https:\/\/www.eldigitaldeasturias.com\/noticias\/wp-content\/uploads\/2020\/02\/190220_AgendaUrbana.jpg\" \/>\n\t\t<meta property=\"og:image:secure_url\" content=\"https:\/\/www.eldigitaldeasturias.com\/noticias\/wp-content\/uploads\/2020\/02\/190220_AgendaUrbana.jpg\" \/>\n\t\t<meta property=\"og:image:width\" content=\"512\" \/>\n\t\t<meta property=\"og:image:height\" content=\"340\" \/>\n\t\t<meta property=\"article:tag\" content=\"econom\u00eda\" \/>\n\t\t<meta property=\"article:published_time\" content=\"2020-02-20T18:21:59+00:00\" \/>\n\t\t<meta property=\"article:modified_time\" content=\"2020-02-20T18:21:59+00:00\" \/>\n\t\t<meta property=\"article:publisher\" content=\"https:\/\/facebook.com\/eldigitaldeasturias\" \/>\n\t\t<meta name=\"twitter:card\" content=\"summary_large_image\" \/>\n\t\t<meta name=\"twitter:title\" content=\"\u00c1balos acuerda con la FEMP la creaci\u00f3n del Foro Ciudades - El Digital de Asturias\" \/>\n\t\t<meta name=\"twitter:description\" content=\"El ministro de Transportes, Movilidad y Agenda Urbana, Jos\u00e9 Luis \u00c1balos, ha acordado con el presidente de la Federaci\u00f3n Espa\u00f1ola de Municipios y Provincias (FEMP), Abel Caballero, la creaci\u00f3n del Foro Ciudades, un lugar de encuentro bilateral del Gobierno con los municipios en materia de Agenda Urbana. El ministro ha trasladado a Caballero que el\" \/>\n\t\t<meta name=\"twitter:image\" content=\"https:\/\/www.eldigitaldeasturias.com\/noticias\/wp-content\/uploads\/2020\/02\/190220_AgendaUrbana.jpg\" \/>\n\t\t<meta name=\"twitter:label1\" content=\"Escrito por\" \/>\n\t\t<meta name=\"twitter:data1\" content=\"El Digital de Asturias\" \/>\n\t\t<meta name=\"twitter:label2\" content=\"Tiempo de lectura estimado\" \/>\n\t\t<meta name=\"twitter:data2\" content=\"2 minutos\" \/>\n\t\t<script type=\"application\/ld+json\" class=\"aioseo-schema\">\n\t\t\t{\"@context\":\"https:\\\/\\\/schema.org\",\"@graph\":[{\"@type\":\"BlogPosting\",\"@id\":\"https:\\\/\\\/www.eldigitaldeasturias.com\\\/noticias\\\/abalos-acuerda-con-la-femp-la-creacion-del-foro-ciudades\\\/#blogposting\",\"name\":\"\\u00c1balos acuerda con la FEMP la creaci\\u00f3n del Foro Ciudades - El Digital de Asturias\",\"headline\":\"\\u00c1balos acuerda con la FEMP la creaci\\u00f3n del Foro Ciudades\",\"author\":{\"@id\":\"https:\\\/\\\/www.eldigitaldeasturias.com\\\/noticias\\\/author\\\/admin\\\/#author\"},\"publisher\":{\"@id\":\"https:\\\/\\\/www.eldigitaldeasturias.com\\\/noticias\\\/#organization\"},\"image\":{\"@type\":\"ImageObject\",\"url\":\"https:\\\/\\\/www.eldigitaldeasturias.com\\\/noticias\\\/wp-content\\\/uploads\\\/2020\\\/02\\\/190220_AgendaUrbana.jpg\",\"width\":512,\"height\":340},\"datePublished\":\"2020-02-20T18:21:59+01:00\",\"dateModified\":\"2020-02-20T18:21:59+01:00\",\"inLanguage\":\"es-ES\",\"mainEntityOfPage\":{\"@id\":\"https:\\\/\\\/www.eldigitaldeasturias.com\\\/noticias\\\/abalos-acuerda-con-la-femp-la-creacion-del-foro-ciudades\\\/#webpage\"},\"isPartOf\":{\"@id\":\"https:\\\/\\\/www.eldigitaldeasturias.com\\\/noticias\\\/abalos-acuerda-con-la-femp-la-creacion-del-foro-ciudades\\\/#webpage\"},\"articleSection\":\"Econom\\u00eda\"},{\"@type\":\"BreadcrumbList\",\"@id\":\"https:\\\/\\\/www.eldigitaldeasturias.com\\\/noticias\\\/abalos-acuerda-con-la-femp-la-creacion-del-foro-ciudades\\\/#breadcrumblist\",\"itemListElement\":[{\"@type\":\"ListItem\",\"@id\":\"https:\\\/\\\/www.eldigitaldeasturias.com\\\/noticias#listItem\",\"position\":1,\"name\":\"Home\",\"item\":\"https:\\\/\\\/www.eldigitaldeasturias.com\\\/noticias\",\"nextItem\":{\"@type\":\"ListItem\",\"@id\":\"https:\\\/\\\/www.eldigitaldeasturias.com\\\/noticias\\\/category\\\/economia\\\/#listItem\",\"name\":\"Econom\\u00eda\"}},{\"@type\":\"ListItem\",\"@id\":\"https:\\\/\\\/www.eldigitaldeasturias.com\\\/noticias\\\/category\\\/economia\\\/#listItem\",\"position\":2,\"name\":\"Econom\\u00eda\",\"item\":\"https:\\\/\\\/www.eldigitaldeasturias.com\\\/noticias\\\/category\\\/economia\\\/\",\"nextItem\":{\"@type\":\"ListItem\",\"@id\":\"https:\\\/\\\/www.eldigitaldeasturias.com\\\/noticias\\\/abalos-acuerda-con-la-femp-la-creacion-del-foro-ciudades\\\/#listItem\",\"name\":\"\\u00c1balos acuerda con la FEMP la creaci\\u00f3n del Foro Ciudades\"},\"previousItem\":{\"@type\":\"ListItem\",\"@id\":\"https:\\\/\\\/www.eldigitaldeasturias.com\\\/noticias#listItem\",\"name\":\"Home\"}},{\"@type\":\"ListItem\",\"@id\":\"https:\\\/\\\/www.eldigitaldeasturias.com\\\/noticias\\\/abalos-acuerda-con-la-femp-la-creacion-del-foro-ciudades\\\/#listItem\",\"position\":3,\"name\":\"\\u00c1balos acuerda con la FEMP la creaci\\u00f3n del Foro Ciudades\",\"previousItem\":{\"@type\":\"ListItem\",\"@id\":\"https:\\\/\\\/www.eldigitaldeasturias.com\\\/noticias\\\/category\\\/economia\\\/#listItem\",\"name\":\"Econom\\u00eda\"}}]},{\"@type\":\"Organization\",\"@id\":\"https:\\\/\\\/www.eldigitaldeasturias.com\\\/noticias\\\/#organization\",\"name\":\"El Digital de Asturias\",\"description\":\"Hemeroteca\",\"url\":\"https:\\\/\\\/www.eldigitaldeasturias.com\\\/noticias\\\/\",\"email\":\"info@eldigitaldeasturias.com\",\"telephone\":\"+34652131393\",\"logo\":{\"@type\":\"ImageObject\",\"url\":\"https:\\\/\\\/www.eldigitaldeasturias.com\\\/noticias\\\/wp-content\\\/uploads\\\/2020\\\/12\\\/EDA.jpg\",\"@id\":\"https:\\\/\\\/www.eldigitaldeasturias.com\\\/noticias\\\/abalos-acuerda-con-la-femp-la-creacion-del-foro-ciudades\\\/#organizationLogo\",\"width\":649,\"height\":297},\"image\":{\"@id\":\"https:\\\/\\\/www.eldigitaldeasturias.com\\\/noticias\\\/abalos-acuerda-con-la-femp-la-creacion-del-foro-ciudades\\\/#organizationLogo\"},\"sameAs\":[\"https:\\\/\\\/facebook.com\\\/eldigitaldeasturias\",\"https:\\\/\\\/www.youtube.com\\\/channel\\\/UCZP-2wLEB9Rv6erhFmqVnvg\"],\"address\":{\"@id\":\"https:\\\/\\\/www.eldigitaldeasturias.com\\\/noticias\\\/#postaladdress\",\"@type\":\"PostalAddress\",\"streetAddress\":\"san antonio 4,\",\"postalCode\":\"33430\",\"addressLocality\":\"Cand\\u00e1s\",\"addressRegion\":\"Asturias\",\"addressCountry\":\"ES\"}},{\"@type\":\"Person\",\"@id\":\"https:\\\/\\\/www.eldigitaldeasturias.com\\\/noticias\\\/author\\\/admin\\\/#author\",\"url\":\"https:\\\/\\\/www.eldigitaldeasturias.com\\\/noticias\\\/author\\\/admin\\\/\",\"name\":\"El Digital de Asturias\",\"image\":{\"@type\":\"ImageObject\",\"@id\":\"https:\\\/\\\/www.eldigitaldeasturias.com\\\/noticias\\\/abalos-acuerda-con-la-femp-la-creacion-del-foro-ciudades\\\/#authorImage\",\"url\":\"https:\\\/\\\/www.eldigitaldeasturias.com\\\/noticias\\\/wp-content\\\/litespeed\\\/avatar\\\/18677e78aa0546b92d9dbf31ec7d7668.jpg?ver=1777290358\",\"width\":96,\"height\":96,\"caption\":\"El Digital de Asturias\"}},{\"@type\":\"WebPage\",\"@id\":\"https:\\\/\\\/www.eldigitaldeasturias.com\\\/noticias\\\/abalos-acuerda-con-la-femp-la-creacion-del-foro-ciudades\\\/#webpage\",\"url\":\"https:\\\/\\\/www.eldigitaldeasturias.com\\\/noticias\\\/abalos-acuerda-con-la-femp-la-creacion-del-foro-ciudades\\\/\",\"name\":\"\\u00c1balos acuerda con la FEMP la creaci\\u00f3n del Foro Ciudades - El Digital de Asturias\",\"description\":\"El ministro de Transportes, Movilidad y Agenda Urbana, Jos\\u00e9 Luis \\u00c1balos, ha acordado con el presidente de la Federaci\\u00f3n Espa\\u00f1ola de Municipios y Provincias (FEMP), Abel Caballero, la creaci\\u00f3n del Foro Ciudades, un lugar de encuentro bilateral del Gobierno con los municipios en materia de Agenda Urbana. El ministro ha trasladado a Caballero que el\",\"inLanguage\":\"es-ES\",\"isPartOf\":{\"@id\":\"https:\\\/\\\/www.eldigitaldeasturias.com\\\/noticias\\\/#website\"},\"breadcrumb\":{\"@id\":\"https:\\\/\\\/www.eldigitaldeasturias.com\\\/noticias\\\/abalos-acuerda-con-la-femp-la-creacion-del-foro-ciudades\\\/#breadcrumblist\"},\"author\":{\"@id\":\"https:\\\/\\\/www.eldigitaldeasturias.com\\\/noticias\\\/author\\\/admin\\\/#author\"},\"creator\":{\"@id\":\"https:\\\/\\\/www.eldigitaldeasturias.com\\\/noticias\\\/author\\\/admin\\\/#author\"},\"image\":{\"@type\":\"ImageObject\",\"url\":\"https:\\\/\\\/www.eldigitaldeasturias.com\\\/noticias\\\/wp-content\\\/uploads\\\/2020\\\/02\\\/190220_AgendaUrbana.jpg\",\"@id\":\"https:\\\/\\\/www.eldigitaldeasturias.com\\\/noticias\\\/abalos-acuerda-con-la-femp-la-creacion-del-foro-ciudades\\\/#mainImage\",\"width\":512,\"height\":340},\"primaryImageOfPage\":{\"@id\":\"https:\\\/\\\/www.eldigitaldeasturias.com\\\/noticias\\\/abalos-acuerda-con-la-femp-la-creacion-del-foro-ciudades\\\/#mainImage\"},\"datePublished\":\"2020-02-20T18:21:59+01:00\",\"dateModified\":\"2020-02-20T18:21:59+01:00\"},{\"@type\":\"WebSite\",\"@id\":\"https:\\\/\\\/www.eldigitaldeasturias.com\\\/noticias\\\/#website\",\"url\":\"https:\\\/\\\/www.eldigitaldeasturias.com\\\/noticias\\\/\",\"name\":\"El Digital de Asturias - Diario de actualidad y noticias\",\"alternateName\":\"El Digital de Asturias - Diario de actualidad y noticias\",\"description\":\"Hemeroteca\",\"inLanguage\":\"es-ES\",\"publisher\":{\"@id\":\"https:\\\/\\\/www.eldigitaldeasturias.com\\\/noticias\\\/#organization\"}}]}\n\t\t<\/script>\n\t\t<!-- All in One SEO Pro -->\r\n\t\t<title>\u00c1balos acuerda con la FEMP la creaci\u00f3n del Foro Ciudades - El Digital de Asturias<\/title>\n\n","aioseo_head_json":{"title":"\u00c1balos acuerda con la FEMP la creaci\u00f3n del Foro Ciudades - El Digital de Asturias","description":"El ministro de Transportes, Movilidad y Agenda Urbana, Jos\u00e9 Luis \u00c1balos, ha acordado con el presidente de la Federaci\u00f3n Espa\u00f1ola de Municipios y Provincias (FEMP), Abel Caballero, la creaci\u00f3n del Foro Ciudades, un lugar de encuentro bilateral del Gobierno con los municipios en materia de Agenda Urbana. El ministro ha trasladado a Caballero que el","canonical_url":"https:\/\/www.eldigitaldeasturias.com\/noticias\/abalos-acuerda-con-la-femp-la-creacion-del-foro-ciudades\/","robots":"max-image-preview:large","keywords":"econom\u00eda","webmasterTools":{"google-site-verification":"UA-38556648-1","msvalidate.01":"7dfe9f3f1b24437ab69f4f2559babe99","miscellaneous":""},"schema":{"@context":"https:\/\/schema.org","@graph":[{"@type":"BlogPosting","@id":"https:\/\/www.eldigitaldeasturias.com\/noticias\/abalos-acuerda-con-la-femp-la-creacion-del-foro-ciudades\/#blogposting","name":"\u00c1balos acuerda con la FEMP la creaci\u00f3n del Foro Ciudades - El Digital de Asturias","headline":"\u00c1balos acuerda con la FEMP la creaci\u00f3n del Foro Ciudades","author":{"@id":"https:\/\/www.eldigitaldeasturias.com\/noticias\/author\/admin\/#author"},"publisher":{"@id":"https:\/\/www.eldigitaldeasturias.com\/noticias\/#organization"},"image":{"@type":"ImageObject","url":"https:\/\/www.eldigitaldeasturias.com\/noticias\/wp-content\/uploads\/2020\/02\/190220_AgendaUrbana.jpg","width":512,"height":340},"datePublished":"2020-02-20T18:21:59+01:00","dateModified":"2020-02-20T18:21:59+01:00","inLanguage":"es-ES","mainEntityOfPage":{"@id":"https:\/\/www.eldigitaldeasturias.com\/noticias\/abalos-acuerda-con-la-femp-la-creacion-del-foro-ciudades\/#webpage"},"isPartOf":{"@id":"https:\/\/www.eldigitaldeasturias.com\/noticias\/abalos-acuerda-con-la-femp-la-creacion-del-foro-ciudades\/#webpage"},"articleSection":"Econom\u00eda"},{"@type":"BreadcrumbList","@id":"https:\/\/www.eldigitaldeasturias.com\/noticias\/abalos-acuerda-con-la-femp-la-creacion-del-foro-ciudades\/#breadcrumblist","itemListElement":[{"@type":"ListItem","@id":"https:\/\/www.eldigitaldeasturias.com\/noticias#listItem","position":1,"name":"Home","item":"https:\/\/www.eldigitaldeasturias.com\/noticias","nextItem":{"@type":"ListItem","@id":"https:\/\/www.eldigitaldeasturias.com\/noticias\/category\/economia\/#listItem","name":"Econom\u00eda"}},{"@type":"ListItem","@id":"https:\/\/www.eldigitaldeasturias.com\/noticias\/category\/economia\/#listItem","position":2,"name":"Econom\u00eda","item":"https:\/\/www.eldigitaldeasturias.com\/noticias\/category\/economia\/","nextItem":{"@type":"ListItem","@id":"https:\/\/www.eldigitaldeasturias.com\/noticias\/abalos-acuerda-con-la-femp-la-creacion-del-foro-ciudades\/#listItem","name":"\u00c1balos acuerda con la FEMP la creaci\u00f3n del Foro Ciudades"},"previousItem":{"@type":"ListItem","@id":"https:\/\/www.eldigitaldeasturias.com\/noticias#listItem","name":"Home"}},{"@type":"ListItem","@id":"https:\/\/www.eldigitaldeasturias.com\/noticias\/abalos-acuerda-con-la-femp-la-creacion-del-foro-ciudades\/#listItem","position":3,"name":"\u00c1balos acuerda con la FEMP la creaci\u00f3n del Foro Ciudades","previousItem":{"@type":"ListItem","@id":"https:\/\/www.eldigitaldeasturias.com\/noticias\/category\/economia\/#listItem","name":"Econom\u00eda"}}]},{"@type":"Organization","@id":"https:\/\/www.eldigitaldeasturias.com\/noticias\/#organization","name":"El Digital de Asturias","description":"Hemeroteca","url":"https:\/\/www.eldigitaldeasturias.com\/noticias\/","email":"info@eldigitaldeasturias.com","telephone":"+34652131393","logo":{"@type":"ImageObject","url":"https:\/\/www.eldigitaldeasturias.com\/noticias\/wp-content\/uploads\/2020\/12\/EDA.jpg","@id":"https:\/\/www.eldigitaldeasturias.com\/noticias\/abalos-acuerda-con-la-femp-la-creacion-del-foro-ciudades\/#organizationLogo","width":649,"height":297},"image":{"@id":"https:\/\/www.eldigitaldeasturias.com\/noticias\/abalos-acuerda-con-la-femp-la-creacion-del-foro-ciudades\/#organizationLogo"},"sameAs":["https:\/\/facebook.com\/eldigitaldeasturias","https:\/\/www.youtube.com\/channel\/UCZP-2wLEB9Rv6erhFmqVnvg"],"address":{"@id":"https:\/\/www.eldigitaldeasturias.com\/noticias\/#postaladdress","@type":"PostalAddress","streetAddress":"san antonio 4,","postalCode":"33430","addressLocality":"Cand\u00e1s","addressRegion":"Asturias","addressCountry":"ES"}},{"@type":"Person","@id":"https:\/\/www.eldigitaldeasturias.com\/noticias\/author\/admin\/#author","url":"https:\/\/www.eldigitaldeasturias.com\/noticias\/author\/admin\/","name":"El Digital de Asturias","image":{"@type":"ImageObject","@id":"https:\/\/www.eldigitaldeasturias.com\/noticias\/abalos-acuerda-con-la-femp-la-creacion-del-foro-ciudades\/#authorImage","url":"https:\/\/www.eldigitaldeasturias.com\/noticias\/wp-content\/litespeed\/avatar\/18677e78aa0546b92d9dbf31ec7d7668.jpg?ver=1777290358","width":96,"height":96,"caption":"El Digital de Asturias"}},{"@type":"WebPage","@id":"https:\/\/www.eldigitaldeasturias.com\/noticias\/abalos-acuerda-con-la-femp-la-creacion-del-foro-ciudades\/#webpage","url":"https:\/\/www.eldigitaldeasturias.com\/noticias\/abalos-acuerda-con-la-femp-la-creacion-del-foro-ciudades\/","name":"\u00c1balos acuerda con la FEMP la creaci\u00f3n del Foro Ciudades - El Digital de Asturias","description":"El ministro de Transportes, Movilidad y Agenda Urbana, Jos\u00e9 Luis \u00c1balos, ha acordado con el presidente de la Federaci\u00f3n Espa\u00f1ola de Municipios y Provincias (FEMP), Abel Caballero, la creaci\u00f3n del Foro Ciudades, un lugar de encuentro bilateral del Gobierno con los municipios en materia de Agenda Urbana. El ministro ha trasladado a Caballero que el","inLanguage":"es-ES","isPartOf":{"@id":"https:\/\/www.eldigitaldeasturias.com\/noticias\/#website"},"breadcrumb":{"@id":"https:\/\/www.eldigitaldeasturias.com\/noticias\/abalos-acuerda-con-la-femp-la-creacion-del-foro-ciudades\/#breadcrumblist"},"author":{"@id":"https:\/\/www.eldigitaldeasturias.com\/noticias\/author\/admin\/#author"},"creator":{"@id":"https:\/\/www.eldigitaldeasturias.com\/noticias\/author\/admin\/#author"},"image":{"@type":"ImageObject","url":"https:\/\/www.eldigitaldeasturias.com\/noticias\/wp-content\/uploads\/2020\/02\/190220_AgendaUrbana.jpg","@id":"https:\/\/www.eldigitaldeasturias.com\/noticias\/abalos-acuerda-con-la-femp-la-creacion-del-foro-ciudades\/#mainImage","width":512,"height":340},"primaryImageOfPage":{"@id":"https:\/\/www.eldigitaldeasturias.com\/noticias\/abalos-acuerda-con-la-femp-la-creacion-del-foro-ciudades\/#mainImage"},"datePublished":"2020-02-20T18:21:59+01:00","dateModified":"2020-02-20T18:21:59+01:00"},{"@type":"WebSite","@id":"https:\/\/www.eldigitaldeasturias.com\/noticias\/#website","url":"https:\/\/www.eldigitaldeasturias.com\/noticias\/","name":"El Digital de Asturias - Diario de actualidad y noticias","alternateName":"El Digital de Asturias - Diario de actualidad y noticias","description":"Hemeroteca","inLanguage":"es-ES","publisher":{"@id":"https:\/\/www.eldigitaldeasturias.com\/noticias\/#organization"}}]},"og:locale":"es_ES","og:site_name":"El Digital de Asturias","og:type":"article","og:title":"\u00c1balos acuerda con la FEMP la creaci\u00f3n del Foro Ciudades - El Digital de Asturias","og:description":"El ministro de Transportes, Movilidad y Agenda Urbana, Jos\u00e9 Luis \u00c1balos, ha acordado con el presidente de la Federaci\u00f3n Espa\u00f1ola de Municipios y Provincias (FEMP), Abel Caballero, la creaci\u00f3n del Foro Ciudades, un lugar de encuentro bilateral del Gobierno con los municipios en materia de Agenda Urbana. El ministro ha trasladado a Caballero que el","og:url":"https:\/\/www.eldigitaldeasturias.com\/noticias\/abalos-acuerda-con-la-femp-la-creacion-del-foro-ciudades\/","og:image":"https:\/\/www.eldigitaldeasturias.com\/noticias\/wp-content\/uploads\/2020\/02\/190220_AgendaUrbana.jpg","og:image:secure_url":"https:\/\/www.eldigitaldeasturias.com\/noticias\/wp-content\/uploads\/2020\/02\/190220_AgendaUrbana.jpg","og:image:width":512,"og:image:height":340,"article:tag":["econom\u00eda"],"article:published_time":"2020-02-20T18:21:59+00:00","article:modified_time":"2020-02-20T18:21:59+00:00","article:publisher":"https:\/\/facebook.com\/eldigitaldeasturias","twitter:card":"summary_large_image","twitter:title":"\u00c1balos acuerda con la FEMP la creaci\u00f3n del Foro Ciudades - El Digital de Asturias","twitter:description":"El ministro de Transportes, Movilidad y Agenda Urbana, Jos\u00e9 Luis \u00c1balos, ha acordado con el presidente de la Federaci\u00f3n Espa\u00f1ola de Municipios y Provincias (FEMP), Abel Caballero, la creaci\u00f3n del Foro Ciudades, un lugar de encuentro bilateral del Gobierno con los municipios en materia de Agenda Urbana. El ministro ha trasladado a Caballero que el","twitter:image":"https:\/\/www.eldigitaldeasturias.com\/noticias\/wp-content\/uploads\/2020\/02\/190220_AgendaUrbana.jpg","twitter:label1":"Escrito por","twitter:data1":"El Digital de Asturias","twitter:label2":"Tiempo de lectura estimado","twitter:data2":"2 minutos"},"aioseo_meta_data":{"post_id":"1058326","title":null,"description":null,"keywords":null,"keyphrases":null,"primary_term":null,"canonical_url":null,"og_title":null,"og_description":null,"og_object_type":"default","og_image_type":"default","og_image_url":null,"og_image_width":null,"og_image_height":null,"og_image_custom_url":null,"og_image_custom_fields":null,"og_video":null,"og_custom_url":null,"og_article_section":null,"og_article_tags":null,"twitter_use_og":false,"twitter_card":"default","twitter_image_type":"default","twitter_image_url":null,"twitter_image_custom_url":null,"twitter_image_custom_fields":null,"twitter_title":null,"twitter_description":null,"schema":{"blockGraphs":[],"customGraphs":[],"default":{"data":{"Article":[],"Course":[],"Dataset":[],"FAQPage":[],"Movie":[],"Person":[],"Product":[],"ProductReview":[],"Car":[],"Recipe":[],"Service":[],"SoftwareApplication":[],"WebPage":[]},"graphName":"","isEnabled":true},"graphs":[],"defaultGraph":"","defaultPostTypeGraph":""},"schema_type":null,"schema_type_options":null,"pillar_content":false,"robots_default":true,"robots_noindex":false,"robots_noarchive":false,"robots_nosnippet":false,"robots_nofollow":false,"robots_noimageindex":false,"robots_noodp":false,"robots_notranslate":false,"robots_max_snippet":null,"robots_max_videopreview":null,"robots_max_imagepreview":"large","priority":null,"frequency":null,"local_seo":null,"seo_analyzer_scan_date":"2025-10-31 05:05:12","breadcrumb_settings":null,"limit_modified_date":false,"open_ai":null,"ai":null,"created":"2020-12-21 10:55:13","updated":"2025-10-31 05:05:12"},"aioseo_breadcrumb":"<div class=\"aioseo-breadcrumbs\"><span class=\"aioseo-breadcrumb\">\n\t<a href=\"https:\/\/www.eldigitaldeasturias.com\/noticias\" title=\"Home\">Home<\/a>\n<\/span><span class=\"aioseo-breadcrumb-separator\">\u2013<\/span><span class=\"aioseo-breadcrumb\">\n\t<a href=\"https:\/\/www.eldigitaldeasturias.com\/noticias\/category\/economia\/\" title=\"Econom\u00eda\">Econom\u00eda<\/a>\n<\/span><span class=\"aioseo-breadcrumb-separator\">\u2013<\/span><span class=\"aioseo-breadcrumb\">\n\t<a href=\"https:\/\/www.eldigitaldeasturias.com\/noticias\/abalos-acuerda-con-la-femp-la-creacion-del-foro-ciudades\/\" title=\"\u00c1balos acuerda con la FEMP la creaci\u00f3n del Foro Ciudades\">\u00c1balos acuerda con la FEMP la creaci\u00f3n del Foro Ciudades<\/a>\n<\/span><\/div>","aioseo_breadcrumb_json":[{"label":"Home","link":"https:\/\/www.eldigitaldeasturias.com\/noticias"},{"label":"Econom\u00eda","link":"https:\/\/www.eldigitaldeasturias.com\/noticias\/category\/economia\/"},{"label":"\u00c1balos acuerda con la FEMP la creaci\u00f3n del Foro Ciudades","link":"https:\/\/www.eldigitaldeasturias.com\/noticias\/abalos-acuerda-con-la-femp-la-creacion-del-foro-ciudades\/"}],"_links":{"self":[{"href":"https:\/\/www.eldigitaldeasturias.com\/noticias\/wp-json\/wp\/v2\/posts\/1058326","targetHints":{"allow":["GET"]}}],"collection":[{"href":"https:\/\/www.eldigitaldeasturias.com\/noticias\/wp-json\/wp\/v2\/posts"}],"about":[{"href":"https:\/\/www.eldigitaldeasturias.com\/noticias\/wp-json\/wp\/v2\/types\/post"}],"author":[{"embeddable":true,"href":"https:\/\/www.eldigitaldeasturias.com\/noticias\/wp-json\/wp\/v2\/users\/1"}],"replies":[{"embeddable":true,"href":"https:\/\/www.eldigitaldeasturias.com\/noticias\/wp-json\/wp\/v2\/comments?post=1058326"}],"version-history":[{"count":0,"href":"https:\/\/www.eldigitaldeasturias.com\/noticias\/wp-json\/wp\/v2\/posts\/1058326\/revisions"}],"wp:featuredmedia":[{"embeddable":true,"href":"https:\/\/www.eldigitaldeasturias.com\/noticias\/wp-json\/wp\/v2\/media\/1058327"}],"wp:attachment":[{"href":"https:\/\/www.eldigitaldeasturias.com\/noticias\/wp-json\/wp\/v2\/media?parent=1058326"}],"wp:term":[{"taxonomy":"category","embeddable":true,"href":"https:\/\/www.eldigitaldeasturias.com\/noticias\/wp-json\/wp\/v2\/categories?post=1058326"},{"taxonomy":"post_tag","embeddable":true,"href":"https:\/\/www.eldigitaldeasturias.com\/noticias\/wp-json\/wp\/v2\/tags?post=1058326"}],"curies":[{"name":"wp","href":"https:\/\/api.w.org\/{rel}","templated":true}]}}