{"id":1058317,"date":"2020-02-20T18:11:57","date_gmt":"2020-02-20T18:11:57","guid":{"rendered":"https:\/\/www.eldigitaldeasturias.com\/noticias\/?p=1058317"},"modified":"2020-02-20T18:13:11","modified_gmt":"2020-02-20T18:13:11","slug":"abalos-anuncia-la-publicacion-del-indice-de-precios-de-alquiler-a-finales-de-marzo","status":"publish","type":"post","link":"https:\/\/www.eldigitaldeasturias.com\/noticias\/abalos-anuncia-la-publicacion-del-indice-de-precios-de-alquiler-a-finales-de-marzo\/","title":{"rendered":"\u00c1balos anuncia la publicaci\u00f3n del \u00cdndice de Precios de Alquiler a finales de marzo"},"content":{"rendered":"<p><img loading=\"lazy\" decoding=\"async\" class=\"alignleft size-medium wp-image-1058318\" src=\"https:\/\/www.eldigitaldeasturias.com\/noticias\/wp-content\/uploads\/2020\/02\/130219-vivienda-360x239.jpeg\" alt=\"\" width=\"360\" height=\"239\" srcset=\"https:\/\/www.eldigitaldeasturias.com\/noticias\/wp-content\/uploads\/2020\/02\/130219-vivienda-360x239.jpeg 360w, https:\/\/www.eldigitaldeasturias.com\/noticias\/wp-content\/uploads\/2020\/02\/130219-vivienda-452x300.jpeg 452w, https:\/\/www.eldigitaldeasturias.com\/noticias\/wp-content\/uploads\/2020\/02\/130219-vivienda.jpeg 512w\" sizes=\"auto, (max-width: 360px) 100vw, 360px\" \/>El ministro de Transportes, Movilidad y Agenda Urbana, Jos\u00e9 Luis \u00c1balos, ha anunciado en sede parlamentaria,<strong> la publicaci\u00f3n de un \u00cdndice de Precios de Alquiler para finales del mes de marzo<\/strong> que permitir\u00e1 un an\u00e1lisis m\u00e1s fiable y robusto de la situaci\u00f3n, ya que utilizar\u00e1 datos censales y no de encuestas.<\/p>\n<p>En su respuesta a una pregunta parlamentaria planteada en el\u00a0<span style=\"color: #ff6600;\"><strong><a style=\"color: #ff6600;\" href=\"http:\/\/www.congreso.es\/portal\/page\/portal\/Congreso\/Congreso\" target=\"_blank\" rel=\"nofollow noopener noreferrer\">Congreso<\/a><\/strong><\/span>, el ministro ha afirmado que \u00abel Gobierno encara el derecho a la vivienda como un pilar b\u00e1sico del estado del bienestar\u00bb y ha hecho un llamamiento al di\u00e1logo entre todos los agentes, organizaciones sociales, sector privado y el resto de administraciones p\u00fablicas.<\/p>\n<p>En este contexto y exponiendo las medidas a tomar, el responsable del Departamento ha afirmado que se est\u00e1 trabajando en el marco de los Acuerdos de Investidura y que lo primero es reconocer que \u00abestamos ante un tema de urgencia social\u00bb, como as\u00ed ha corroborado la Justicia en una sentencia reciente que avala el\u00a0<span style=\"color: #ff6600;\"><strong><a style=\"color: #ff6600;\" href=\"https:\/\/www.boe.es\/eli\/es\/rdl\/2019\/03\/01\/7\/con\" target=\"_blank\" rel=\"nofollow noopener noreferrer\">Real Decreto-Ley del 1 de marzo<\/a><\/strong><\/span>, \u00abque introdujo m\u00e1s de 20 medidas que dan mayor seguridad y garant\u00edas a los inquilinos, mayor certidumbre y limitaba los incrementos de los contratos al IPC\u00bb.<\/p>\n<p>En este sentido, \u00c1balos ha detallado que la inversi\u00f3n en pol\u00edticas de vivienda, seg\u00fan datos de Eurostat, se sit\u00faan en Espa\u00f1a entorno al 0,11% del PIB, (dato del a\u00f1o 2016, \u00faltimo publicado por dicho organismo) muy por debajo de la media europea situada en el 0,57% o Francia en el 0,82%.<\/p>\n<p>Para paliar esta situaci\u00f3n, el ministro ha se\u00f1alado la necesidad de dise\u00f1ar una estrategia a medio y largo plazo basada en el aumento de la oferta de vivienda de alquiler, especialmente en torno al alquiler social, con una bater\u00eda de medidas como las siguientes:<\/p>\n<ul>\n<li>Incrementar la oferta de vivienda, nueva o rehabilitada, a precio asequible.<\/li>\n<li>Perfeccionar los incentivos y ayudas a propietarios e inquilinos.<\/li>\n<li>Facilitar una regulaci\u00f3n que limite las subidas de los precios de los alquileres, especialmente en determinadas zonas tensionadas.<\/li>\n<\/ul>\n<p>&nbsp;<\/p>\n","protected":false},"excerpt":{"rendered":"<p>El ministro de Transportes, Movilidad y Agenda Urbana, Jos\u00e9 Luis \u00c1balos, ha anunciado en sede parlamentaria, la publicaci\u00f3n de un \u00cdndice de Precios de Alquiler para finales del mes de marzo que permitir\u00e1 un an\u00e1lisis m\u00e1s fiable y robusto de la situaci\u00f3n, ya que utilizar\u00e1 datos censales y no de encuestas. En su respuesta a [&hellip;]<\/p>\n","protected":false},"author":1,"featured_media":1058318,"comment_status":"closed","ping_status":"closed","sticky":false,"template":"","format":"standard","meta":{"footnotes":""},"categories":[187],"tags":[],"class_list":["post-1058317","post","type-post","status-publish","format-standard","has-post-thumbnail","hentry","category-economia"],"aioseo_notices":[],"aioseo_head":"\n\t\t<!-- All in One SEO Pro 4.9.6.2 - aioseo.com -->\n\t<meta name=\"description\" content=\"El ministro de Transportes, Movilidad y Agenda Urbana, Jos\u00e9 Luis \u00c1balos, ha anunciado en sede parlamentaria, la publicaci\u00f3n de un \u00cdndice de Precios de Alquiler para finales del mes de marzo que permitir\u00e1 un an\u00e1lisis m\u00e1s fiable y robusto de la situaci\u00f3n, ya que utilizar\u00e1 datos censales y no de encuestas. En su respuesta a\" \/>\n\t<meta name=\"robots\" content=\"max-image-preview:large\" \/>\n\t<meta name=\"author\" content=\"El Digital de Asturias\"\/>\n\t<meta name=\"google-site-verification\" content=\"UA-38556648-1\" \/>\n\t<meta name=\"msvalidate.01\" content=\"7dfe9f3f1b24437ab69f4f2559babe99\" \/>\n\t<meta name=\"keywords\" content=\"econom\u00eda\" \/>\n\t<link rel=\"canonical\" href=\"https:\/\/www.eldigitaldeasturias.com\/noticias\/abalos-anuncia-la-publicacion-del-indice-de-precios-de-alquiler-a-finales-de-marzo\/\" \/>\n\t<meta name=\"generator\" content=\"All in One SEO Pro (AIOSEO) 4.9.6.2\" \/>\n\t\t<meta property=\"og:locale\" content=\"es_ES\" \/>\n\t\t<meta property=\"og:site_name\" content=\"El Digital de Asturias\" \/>\n\t\t<meta property=\"og:type\" content=\"article\" \/>\n\t\t<meta property=\"og:title\" content=\"\u00c1balos anuncia la publicaci\u00f3n del \u00cdndice de Precios de Alquiler a finales de marzo - El Digital de Asturias\" \/>\n\t\t<meta property=\"og:description\" content=\"El ministro de Transportes, Movilidad y Agenda Urbana, Jos\u00e9 Luis \u00c1balos, ha anunciado en sede parlamentaria, la publicaci\u00f3n de un \u00cdndice de Precios de Alquiler para finales del mes de marzo que permitir\u00e1 un an\u00e1lisis m\u00e1s fiable y robusto de la situaci\u00f3n, ya que utilizar\u00e1 datos censales y no de encuestas. En su respuesta a\" \/>\n\t\t<meta property=\"og:url\" content=\"https:\/\/www.eldigitaldeasturias.com\/noticias\/abalos-anuncia-la-publicacion-del-indice-de-precios-de-alquiler-a-finales-de-marzo\/\" \/>\n\t\t<meta property=\"og:image\" content=\"https:\/\/www.eldigitaldeasturias.com\/noticias\/wp-content\/uploads\/2020\/02\/130219-vivienda.jpeg\" \/>\n\t\t<meta property=\"og:image:secure_url\" content=\"https:\/\/www.eldigitaldeasturias.com\/noticias\/wp-content\/uploads\/2020\/02\/130219-vivienda.jpeg\" \/>\n\t\t<meta property=\"og:image:width\" content=\"512\" \/>\n\t\t<meta property=\"og:image:height\" content=\"340\" \/>\n\t\t<meta property=\"article:tag\" content=\"econom\u00eda\" \/>\n\t\t<meta property=\"article:published_time\" content=\"2020-02-20T18:11:57+00:00\" \/>\n\t\t<meta property=\"article:modified_time\" content=\"2020-02-20T18:13:11+00:00\" \/>\n\t\t<meta property=\"article:publisher\" content=\"https:\/\/facebook.com\/eldigitaldeasturias\" \/>\n\t\t<meta name=\"twitter:card\" content=\"summary_large_image\" \/>\n\t\t<meta name=\"twitter:title\" content=\"\u00c1balos anuncia la publicaci\u00f3n del \u00cdndice de Precios de Alquiler a finales de marzo - El Digital de Asturias\" \/>\n\t\t<meta name=\"twitter:description\" content=\"El ministro de Transportes, Movilidad y Agenda Urbana, Jos\u00e9 Luis \u00c1balos, ha anunciado en sede parlamentaria, la publicaci\u00f3n de un \u00cdndice de Precios de Alquiler para finales del mes de marzo que permitir\u00e1 un an\u00e1lisis m\u00e1s fiable y robusto de la situaci\u00f3n, ya que utilizar\u00e1 datos censales y no de encuestas. En su respuesta a\" \/>\n\t\t<meta name=\"twitter:image\" content=\"https:\/\/www.eldigitaldeasturias.com\/noticias\/wp-content\/uploads\/2020\/02\/130219-vivienda.jpeg\" \/>\n\t\t<meta name=\"twitter:label1\" content=\"Escrito por\" \/>\n\t\t<meta name=\"twitter:data1\" content=\"El Digital de Asturias\" \/>\n\t\t<meta name=\"twitter:label2\" content=\"Tiempo de lectura estimado\" \/>\n\t\t<meta name=\"twitter:data2\" content=\"2 minutos\" \/>\n\t\t<script type=\"application\/ld+json\" class=\"aioseo-schema\">\n\t\t\t{\"@context\":\"https:\\\/\\\/schema.org\",\"@graph\":[{\"@type\":\"BlogPosting\",\"@id\":\"https:\\\/\\\/www.eldigitaldeasturias.com\\\/noticias\\\/abalos-anuncia-la-publicacion-del-indice-de-precios-de-alquiler-a-finales-de-marzo\\\/#blogposting\",\"name\":\"\\u00c1balos anuncia la publicaci\\u00f3n del \\u00cdndice de Precios de Alquiler a finales de marzo - El Digital de Asturias\",\"headline\":\"\\u00c1balos anuncia la publicaci\\u00f3n del \\u00cdndice de Precios de Alquiler a finales de marzo\",\"author\":{\"@id\":\"https:\\\/\\\/www.eldigitaldeasturias.com\\\/noticias\\\/author\\\/admin\\\/#author\"},\"publisher\":{\"@id\":\"https:\\\/\\\/www.eldigitaldeasturias.com\\\/noticias\\\/#organization\"},\"image\":{\"@type\":\"ImageObject\",\"url\":\"https:\\\/\\\/www.eldigitaldeasturias.com\\\/noticias\\\/wp-content\\\/uploads\\\/2020\\\/02\\\/130219-vivienda.jpeg\",\"width\":512,\"height\":340},\"datePublished\":\"2020-02-20T18:11:57+01:00\",\"dateModified\":\"2020-02-20T18:13:11+01:00\",\"inLanguage\":\"es-ES\",\"mainEntityOfPage\":{\"@id\":\"https:\\\/\\\/www.eldigitaldeasturias.com\\\/noticias\\\/abalos-anuncia-la-publicacion-del-indice-de-precios-de-alquiler-a-finales-de-marzo\\\/#webpage\"},\"isPartOf\":{\"@id\":\"https:\\\/\\\/www.eldigitaldeasturias.com\\\/noticias\\\/abalos-anuncia-la-publicacion-del-indice-de-precios-de-alquiler-a-finales-de-marzo\\\/#webpage\"},\"articleSection\":\"Econom\\u00eda\"},{\"@type\":\"BreadcrumbList\",\"@id\":\"https:\\\/\\\/www.eldigitaldeasturias.com\\\/noticias\\\/abalos-anuncia-la-publicacion-del-indice-de-precios-de-alquiler-a-finales-de-marzo\\\/#breadcrumblist\",\"itemListElement\":[{\"@type\":\"ListItem\",\"@id\":\"https:\\\/\\\/www.eldigitaldeasturias.com\\\/noticias#listItem\",\"position\":1,\"name\":\"Home\",\"item\":\"https:\\\/\\\/www.eldigitaldeasturias.com\\\/noticias\",\"nextItem\":{\"@type\":\"ListItem\",\"@id\":\"https:\\\/\\\/www.eldigitaldeasturias.com\\\/noticias\\\/category\\\/economia\\\/#listItem\",\"name\":\"Econom\\u00eda\"}},{\"@type\":\"ListItem\",\"@id\":\"https:\\\/\\\/www.eldigitaldeasturias.com\\\/noticias\\\/category\\\/economia\\\/#listItem\",\"position\":2,\"name\":\"Econom\\u00eda\",\"item\":\"https:\\\/\\\/www.eldigitaldeasturias.com\\\/noticias\\\/category\\\/economia\\\/\",\"nextItem\":{\"@type\":\"ListItem\",\"@id\":\"https:\\\/\\\/www.eldigitaldeasturias.com\\\/noticias\\\/abalos-anuncia-la-publicacion-del-indice-de-precios-de-alquiler-a-finales-de-marzo\\\/#listItem\",\"name\":\"\\u00c1balos anuncia la publicaci\\u00f3n del \\u00cdndice de Precios de Alquiler a finales de marzo\"},\"previousItem\":{\"@type\":\"ListItem\",\"@id\":\"https:\\\/\\\/www.eldigitaldeasturias.com\\\/noticias#listItem\",\"name\":\"Home\"}},{\"@type\":\"ListItem\",\"@id\":\"https:\\\/\\\/www.eldigitaldeasturias.com\\\/noticias\\\/abalos-anuncia-la-publicacion-del-indice-de-precios-de-alquiler-a-finales-de-marzo\\\/#listItem\",\"position\":3,\"name\":\"\\u00c1balos anuncia la publicaci\\u00f3n del \\u00cdndice de Precios de Alquiler a finales de marzo\",\"previousItem\":{\"@type\":\"ListItem\",\"@id\":\"https:\\\/\\\/www.eldigitaldeasturias.com\\\/noticias\\\/category\\\/economia\\\/#listItem\",\"name\":\"Econom\\u00eda\"}}]},{\"@type\":\"Organization\",\"@id\":\"https:\\\/\\\/www.eldigitaldeasturias.com\\\/noticias\\\/#organization\",\"name\":\"El Digital de Asturias\",\"description\":\"Hemeroteca\",\"url\":\"https:\\\/\\\/www.eldigitaldeasturias.com\\\/noticias\\\/\",\"email\":\"info@eldigitaldeasturias.com\",\"telephone\":\"+34652131393\",\"logo\":{\"@type\":\"ImageObject\",\"url\":\"https:\\\/\\\/www.eldigitaldeasturias.com\\\/noticias\\\/wp-content\\\/uploads\\\/2020\\\/12\\\/EDA.jpg\",\"@id\":\"https:\\\/\\\/www.eldigitaldeasturias.com\\\/noticias\\\/abalos-anuncia-la-publicacion-del-indice-de-precios-de-alquiler-a-finales-de-marzo\\\/#organizationLogo\",\"width\":649,\"height\":297},\"image\":{\"@id\":\"https:\\\/\\\/www.eldigitaldeasturias.com\\\/noticias\\\/abalos-anuncia-la-publicacion-del-indice-de-precios-de-alquiler-a-finales-de-marzo\\\/#organizationLogo\"},\"sameAs\":[\"https:\\\/\\\/facebook.com\\\/eldigitaldeasturias\",\"https:\\\/\\\/www.youtube.com\\\/channel\\\/UCZP-2wLEB9Rv6erhFmqVnvg\"],\"address\":{\"@id\":\"https:\\\/\\\/www.eldigitaldeasturias.com\\\/noticias\\\/#postaladdress\",\"@type\":\"PostalAddress\",\"streetAddress\":\"san antonio 4,\",\"postalCode\":\"33430\",\"addressLocality\":\"Cand\\u00e1s\",\"addressRegion\":\"Asturias\",\"addressCountry\":\"ES\"}},{\"@type\":\"Person\",\"@id\":\"https:\\\/\\\/www.eldigitaldeasturias.com\\\/noticias\\\/author\\\/admin\\\/#author\",\"url\":\"https:\\\/\\\/www.eldigitaldeasturias.com\\\/noticias\\\/author\\\/admin\\\/\",\"name\":\"El Digital de Asturias\",\"image\":{\"@type\":\"ImageObject\",\"@id\":\"https:\\\/\\\/www.eldigitaldeasturias.com\\\/noticias\\\/abalos-anuncia-la-publicacion-del-indice-de-precios-de-alquiler-a-finales-de-marzo\\\/#authorImage\",\"url\":\"https:\\\/\\\/www.eldigitaldeasturias.com\\\/noticias\\\/wp-content\\\/litespeed\\\/avatar\\\/18677e78aa0546b92d9dbf31ec7d7668.jpg?ver=1777290358\",\"width\":96,\"height\":96,\"caption\":\"El Digital de Asturias\"}},{\"@type\":\"WebPage\",\"@id\":\"https:\\\/\\\/www.eldigitaldeasturias.com\\\/noticias\\\/abalos-anuncia-la-publicacion-del-indice-de-precios-de-alquiler-a-finales-de-marzo\\\/#webpage\",\"url\":\"https:\\\/\\\/www.eldigitaldeasturias.com\\\/noticias\\\/abalos-anuncia-la-publicacion-del-indice-de-precios-de-alquiler-a-finales-de-marzo\\\/\",\"name\":\"\\u00c1balos anuncia la publicaci\\u00f3n del \\u00cdndice de Precios de Alquiler a finales de marzo - El Digital de Asturias\",\"description\":\"El ministro de Transportes, Movilidad y Agenda Urbana, Jos\\u00e9 Luis \\u00c1balos, ha anunciado en sede parlamentaria, la publicaci\\u00f3n de un \\u00cdndice de Precios de Alquiler para finales del mes de marzo que permitir\\u00e1 un an\\u00e1lisis m\\u00e1s fiable y robusto de la situaci\\u00f3n, ya que utilizar\\u00e1 datos censales y no de encuestas. En su respuesta a\",\"inLanguage\":\"es-ES\",\"isPartOf\":{\"@id\":\"https:\\\/\\\/www.eldigitaldeasturias.com\\\/noticias\\\/#website\"},\"breadcrumb\":{\"@id\":\"https:\\\/\\\/www.eldigitaldeasturias.com\\\/noticias\\\/abalos-anuncia-la-publicacion-del-indice-de-precios-de-alquiler-a-finales-de-marzo\\\/#breadcrumblist\"},\"author\":{\"@id\":\"https:\\\/\\\/www.eldigitaldeasturias.com\\\/noticias\\\/author\\\/admin\\\/#author\"},\"creator\":{\"@id\":\"https:\\\/\\\/www.eldigitaldeasturias.com\\\/noticias\\\/author\\\/admin\\\/#author\"},\"image\":{\"@type\":\"ImageObject\",\"url\":\"https:\\\/\\\/www.eldigitaldeasturias.com\\\/noticias\\\/wp-content\\\/uploads\\\/2020\\\/02\\\/130219-vivienda.jpeg\",\"@id\":\"https:\\\/\\\/www.eldigitaldeasturias.com\\\/noticias\\\/abalos-anuncia-la-publicacion-del-indice-de-precios-de-alquiler-a-finales-de-marzo\\\/#mainImage\",\"width\":512,\"height\":340},\"primaryImageOfPage\":{\"@id\":\"https:\\\/\\\/www.eldigitaldeasturias.com\\\/noticias\\\/abalos-anuncia-la-publicacion-del-indice-de-precios-de-alquiler-a-finales-de-marzo\\\/#mainImage\"},\"datePublished\":\"2020-02-20T18:11:57+01:00\",\"dateModified\":\"2020-02-20T18:13:11+01:00\"},{\"@type\":\"WebSite\",\"@id\":\"https:\\\/\\\/www.eldigitaldeasturias.com\\\/noticias\\\/#website\",\"url\":\"https:\\\/\\\/www.eldigitaldeasturias.com\\\/noticias\\\/\",\"name\":\"El Digital de Asturias - Diario de actualidad y noticias\",\"alternateName\":\"El Digital de Asturias - Diario de actualidad y noticias\",\"description\":\"Hemeroteca\",\"inLanguage\":\"es-ES\",\"publisher\":{\"@id\":\"https:\\\/\\\/www.eldigitaldeasturias.com\\\/noticias\\\/#organization\"}}]}\n\t\t<\/script>\n\t\t<!-- All in One SEO Pro -->\r\n\t\t<title>\u00c1balos anuncia la publicaci\u00f3n del \u00cdndice de Precios de Alquiler a finales de marzo - El Digital de Asturias<\/title>\n\n","aioseo_head_json":{"title":"\u00c1balos anuncia la publicaci\u00f3n del \u00cdndice de Precios de Alquiler a finales de marzo - El Digital de Asturias","description":"El ministro de Transportes, Movilidad y Agenda Urbana, Jos\u00e9 Luis \u00c1balos, ha anunciado en sede parlamentaria, la publicaci\u00f3n de un \u00cdndice de Precios de Alquiler para finales del mes de marzo que permitir\u00e1 un an\u00e1lisis m\u00e1s fiable y robusto de la situaci\u00f3n, ya que utilizar\u00e1 datos censales y no de encuestas. En su respuesta a","canonical_url":"https:\/\/www.eldigitaldeasturias.com\/noticias\/abalos-anuncia-la-publicacion-del-indice-de-precios-de-alquiler-a-finales-de-marzo\/","robots":"max-image-preview:large","keywords":"econom\u00eda","webmasterTools":{"google-site-verification":"UA-38556648-1","msvalidate.01":"7dfe9f3f1b24437ab69f4f2559babe99","miscellaneous":""},"schema":{"@context":"https:\/\/schema.org","@graph":[{"@type":"BlogPosting","@id":"https:\/\/www.eldigitaldeasturias.com\/noticias\/abalos-anuncia-la-publicacion-del-indice-de-precios-de-alquiler-a-finales-de-marzo\/#blogposting","name":"\u00c1balos anuncia la publicaci\u00f3n del \u00cdndice de Precios de Alquiler a finales de marzo - El Digital de Asturias","headline":"\u00c1balos anuncia la publicaci\u00f3n del \u00cdndice de Precios de Alquiler a finales de marzo","author":{"@id":"https:\/\/www.eldigitaldeasturias.com\/noticias\/author\/admin\/#author"},"publisher":{"@id":"https:\/\/www.eldigitaldeasturias.com\/noticias\/#organization"},"image":{"@type":"ImageObject","url":"https:\/\/www.eldigitaldeasturias.com\/noticias\/wp-content\/uploads\/2020\/02\/130219-vivienda.jpeg","width":512,"height":340},"datePublished":"2020-02-20T18:11:57+01:00","dateModified":"2020-02-20T18:13:11+01:00","inLanguage":"es-ES","mainEntityOfPage":{"@id":"https:\/\/www.eldigitaldeasturias.com\/noticias\/abalos-anuncia-la-publicacion-del-indice-de-precios-de-alquiler-a-finales-de-marzo\/#webpage"},"isPartOf":{"@id":"https:\/\/www.eldigitaldeasturias.com\/noticias\/abalos-anuncia-la-publicacion-del-indice-de-precios-de-alquiler-a-finales-de-marzo\/#webpage"},"articleSection":"Econom\u00eda"},{"@type":"BreadcrumbList","@id":"https:\/\/www.eldigitaldeasturias.com\/noticias\/abalos-anuncia-la-publicacion-del-indice-de-precios-de-alquiler-a-finales-de-marzo\/#breadcrumblist","itemListElement":[{"@type":"ListItem","@id":"https:\/\/www.eldigitaldeasturias.com\/noticias#listItem","position":1,"name":"Home","item":"https:\/\/www.eldigitaldeasturias.com\/noticias","nextItem":{"@type":"ListItem","@id":"https:\/\/www.eldigitaldeasturias.com\/noticias\/category\/economia\/#listItem","name":"Econom\u00eda"}},{"@type":"ListItem","@id":"https:\/\/www.eldigitaldeasturias.com\/noticias\/category\/economia\/#listItem","position":2,"name":"Econom\u00eda","item":"https:\/\/www.eldigitaldeasturias.com\/noticias\/category\/economia\/","nextItem":{"@type":"ListItem","@id":"https:\/\/www.eldigitaldeasturias.com\/noticias\/abalos-anuncia-la-publicacion-del-indice-de-precios-de-alquiler-a-finales-de-marzo\/#listItem","name":"\u00c1balos anuncia la publicaci\u00f3n del \u00cdndice de Precios de Alquiler a finales de marzo"},"previousItem":{"@type":"ListItem","@id":"https:\/\/www.eldigitaldeasturias.com\/noticias#listItem","name":"Home"}},{"@type":"ListItem","@id":"https:\/\/www.eldigitaldeasturias.com\/noticias\/abalos-anuncia-la-publicacion-del-indice-de-precios-de-alquiler-a-finales-de-marzo\/#listItem","position":3,"name":"\u00c1balos anuncia la publicaci\u00f3n del \u00cdndice de Precios de Alquiler a finales de marzo","previousItem":{"@type":"ListItem","@id":"https:\/\/www.eldigitaldeasturias.com\/noticias\/category\/economia\/#listItem","name":"Econom\u00eda"}}]},{"@type":"Organization","@id":"https:\/\/www.eldigitaldeasturias.com\/noticias\/#organization","name":"El Digital de Asturias","description":"Hemeroteca","url":"https:\/\/www.eldigitaldeasturias.com\/noticias\/","email":"info@eldigitaldeasturias.com","telephone":"+34652131393","logo":{"@type":"ImageObject","url":"https:\/\/www.eldigitaldeasturias.com\/noticias\/wp-content\/uploads\/2020\/12\/EDA.jpg","@id":"https:\/\/www.eldigitaldeasturias.com\/noticias\/abalos-anuncia-la-publicacion-del-indice-de-precios-de-alquiler-a-finales-de-marzo\/#organizationLogo","width":649,"height":297},"image":{"@id":"https:\/\/www.eldigitaldeasturias.com\/noticias\/abalos-anuncia-la-publicacion-del-indice-de-precios-de-alquiler-a-finales-de-marzo\/#organizationLogo"},"sameAs":["https:\/\/facebook.com\/eldigitaldeasturias","https:\/\/www.youtube.com\/channel\/UCZP-2wLEB9Rv6erhFmqVnvg"],"address":{"@id":"https:\/\/www.eldigitaldeasturias.com\/noticias\/#postaladdress","@type":"PostalAddress","streetAddress":"san antonio 4,","postalCode":"33430","addressLocality":"Cand\u00e1s","addressRegion":"Asturias","addressCountry":"ES"}},{"@type":"Person","@id":"https:\/\/www.eldigitaldeasturias.com\/noticias\/author\/admin\/#author","url":"https:\/\/www.eldigitaldeasturias.com\/noticias\/author\/admin\/","name":"El Digital de Asturias","image":{"@type":"ImageObject","@id":"https:\/\/www.eldigitaldeasturias.com\/noticias\/abalos-anuncia-la-publicacion-del-indice-de-precios-de-alquiler-a-finales-de-marzo\/#authorImage","url":"https:\/\/www.eldigitaldeasturias.com\/noticias\/wp-content\/litespeed\/avatar\/18677e78aa0546b92d9dbf31ec7d7668.jpg?ver=1777290358","width":96,"height":96,"caption":"El Digital de Asturias"}},{"@type":"WebPage","@id":"https:\/\/www.eldigitaldeasturias.com\/noticias\/abalos-anuncia-la-publicacion-del-indice-de-precios-de-alquiler-a-finales-de-marzo\/#webpage","url":"https:\/\/www.eldigitaldeasturias.com\/noticias\/abalos-anuncia-la-publicacion-del-indice-de-precios-de-alquiler-a-finales-de-marzo\/","name":"\u00c1balos anuncia la publicaci\u00f3n del \u00cdndice de Precios de Alquiler a finales de marzo - El Digital de Asturias","description":"El ministro de Transportes, Movilidad y Agenda Urbana, Jos\u00e9 Luis \u00c1balos, ha anunciado en sede parlamentaria, la publicaci\u00f3n de un \u00cdndice de Precios de Alquiler para finales del mes de marzo que permitir\u00e1 un an\u00e1lisis m\u00e1s fiable y robusto de la situaci\u00f3n, ya que utilizar\u00e1 datos censales y no de encuestas. En su respuesta a","inLanguage":"es-ES","isPartOf":{"@id":"https:\/\/www.eldigitaldeasturias.com\/noticias\/#website"},"breadcrumb":{"@id":"https:\/\/www.eldigitaldeasturias.com\/noticias\/abalos-anuncia-la-publicacion-del-indice-de-precios-de-alquiler-a-finales-de-marzo\/#breadcrumblist"},"author":{"@id":"https:\/\/www.eldigitaldeasturias.com\/noticias\/author\/admin\/#author"},"creator":{"@id":"https:\/\/www.eldigitaldeasturias.com\/noticias\/author\/admin\/#author"},"image":{"@type":"ImageObject","url":"https:\/\/www.eldigitaldeasturias.com\/noticias\/wp-content\/uploads\/2020\/02\/130219-vivienda.jpeg","@id":"https:\/\/www.eldigitaldeasturias.com\/noticias\/abalos-anuncia-la-publicacion-del-indice-de-precios-de-alquiler-a-finales-de-marzo\/#mainImage","width":512,"height":340},"primaryImageOfPage":{"@id":"https:\/\/www.eldigitaldeasturias.com\/noticias\/abalos-anuncia-la-publicacion-del-indice-de-precios-de-alquiler-a-finales-de-marzo\/#mainImage"},"datePublished":"2020-02-20T18:11:57+01:00","dateModified":"2020-02-20T18:13:11+01:00"},{"@type":"WebSite","@id":"https:\/\/www.eldigitaldeasturias.com\/noticias\/#website","url":"https:\/\/www.eldigitaldeasturias.com\/noticias\/","name":"El Digital de Asturias - Diario de actualidad y noticias","alternateName":"El Digital de Asturias - Diario de actualidad y noticias","description":"Hemeroteca","inLanguage":"es-ES","publisher":{"@id":"https:\/\/www.eldigitaldeasturias.com\/noticias\/#organization"}}]},"og:locale":"es_ES","og:site_name":"El Digital de Asturias","og:type":"article","og:title":"\u00c1balos anuncia la publicaci\u00f3n del \u00cdndice de Precios de Alquiler a finales de marzo - El Digital de Asturias","og:description":"El ministro de Transportes, Movilidad y Agenda Urbana, Jos\u00e9 Luis \u00c1balos, ha anunciado en sede parlamentaria, la publicaci\u00f3n de un \u00cdndice de Precios de Alquiler para finales del mes de marzo que permitir\u00e1 un an\u00e1lisis m\u00e1s fiable y robusto de la situaci\u00f3n, ya que utilizar\u00e1 datos censales y no de encuestas. En su respuesta a","og:url":"https:\/\/www.eldigitaldeasturias.com\/noticias\/abalos-anuncia-la-publicacion-del-indice-de-precios-de-alquiler-a-finales-de-marzo\/","og:image":"https:\/\/www.eldigitaldeasturias.com\/noticias\/wp-content\/uploads\/2020\/02\/130219-vivienda.jpeg","og:image:secure_url":"https:\/\/www.eldigitaldeasturias.com\/noticias\/wp-content\/uploads\/2020\/02\/130219-vivienda.jpeg","og:image:width":512,"og:image:height":340,"article:tag":["econom\u00eda"],"article:published_time":"2020-02-20T18:11:57+00:00","article:modified_time":"2020-02-20T18:13:11+00:00","article:publisher":"https:\/\/facebook.com\/eldigitaldeasturias","twitter:card":"summary_large_image","twitter:title":"\u00c1balos anuncia la publicaci\u00f3n del \u00cdndice de Precios de Alquiler a finales de marzo - El Digital de Asturias","twitter:description":"El ministro de Transportes, Movilidad y Agenda Urbana, Jos\u00e9 Luis \u00c1balos, ha anunciado en sede parlamentaria, la publicaci\u00f3n de un \u00cdndice de Precios de Alquiler para finales del mes de marzo que permitir\u00e1 un an\u00e1lisis m\u00e1s fiable y robusto de la situaci\u00f3n, ya que utilizar\u00e1 datos censales y no de encuestas. En su respuesta a","twitter:image":"https:\/\/www.eldigitaldeasturias.com\/noticias\/wp-content\/uploads\/2020\/02\/130219-vivienda.jpeg","twitter:label1":"Escrito por","twitter:data1":"El Digital de Asturias","twitter:label2":"Tiempo de lectura estimado","twitter:data2":"2 minutos"},"aioseo_meta_data":{"post_id":"1058317","title":null,"description":null,"keywords":null,"keyphrases":null,"primary_term":null,"canonical_url":null,"og_title":null,"og_description":null,"og_object_type":"default","og_image_type":"default","og_image_url":null,"og_image_width":null,"og_image_height":null,"og_image_custom_url":null,"og_image_custom_fields":null,"og_video":null,"og_custom_url":null,"og_article_section":null,"og_article_tags":null,"twitter_use_og":false,"twitter_card":"default","twitter_image_type":"default","twitter_image_url":null,"twitter_image_custom_url":null,"twitter_image_custom_fields":null,"twitter_title":null,"twitter_description":null,"schema":{"blockGraphs":[],"customGraphs":[],"default":{"data":{"Article":[],"Course":[],"Dataset":[],"FAQPage":[],"Movie":[],"Person":[],"Product":[],"ProductReview":[],"Car":[],"Recipe":[],"Service":[],"SoftwareApplication":[],"WebPage":[]},"graphName":"","isEnabled":true},"graphs":[],"defaultGraph":"","defaultPostTypeGraph":""},"schema_type":null,"schema_type_options":null,"pillar_content":false,"robots_default":true,"robots_noindex":false,"robots_noarchive":false,"robots_nosnippet":false,"robots_nofollow":false,"robots_noimageindex":false,"robots_noodp":false,"robots_notranslate":false,"robots_max_snippet":null,"robots_max_videopreview":null,"robots_max_imagepreview":"large","priority":null,"frequency":null,"local_seo":null,"seo_analyzer_scan_date":"2025-10-31 05:05:10","breadcrumb_settings":null,"limit_modified_date":false,"open_ai":null,"ai":null,"created":"2020-12-21 10:55:13","updated":"2025-10-31 05:05:10"},"aioseo_breadcrumb":"<div class=\"aioseo-breadcrumbs\"><span class=\"aioseo-breadcrumb\">\n\t<a href=\"https:\/\/www.eldigitaldeasturias.com\/noticias\" title=\"Home\">Home<\/a>\n<\/span><span class=\"aioseo-breadcrumb-separator\">\u2013<\/span><span class=\"aioseo-breadcrumb\">\n\t<a href=\"https:\/\/www.eldigitaldeasturias.com\/noticias\/category\/economia\/\" title=\"Econom\u00eda\">Econom\u00eda<\/a>\n<\/span><span class=\"aioseo-breadcrumb-separator\">\u2013<\/span><span class=\"aioseo-breadcrumb\">\n\t<a href=\"https:\/\/www.eldigitaldeasturias.com\/noticias\/abalos-anuncia-la-publicacion-del-indice-de-precios-de-alquiler-a-finales-de-marzo\/\" title=\"\u00c1balos anuncia la publicaci\u00f3n del \u00cdndice de Precios de Alquiler a finales de marzo\">\u00c1balos anuncia la publicaci\u00f3n del \u00cdndice de Precios de Alquiler a finales de marzo<\/a>\n<\/span><\/div>","aioseo_breadcrumb_json":[{"label":"Home","link":"https:\/\/www.eldigitaldeasturias.com\/noticias"},{"label":"Econom\u00eda","link":"https:\/\/www.eldigitaldeasturias.com\/noticias\/category\/economia\/"},{"label":"\u00c1balos anuncia la publicaci\u00f3n del \u00cdndice de Precios de Alquiler a finales de marzo","link":"https:\/\/www.eldigitaldeasturias.com\/noticias\/abalos-anuncia-la-publicacion-del-indice-de-precios-de-alquiler-a-finales-de-marzo\/"}],"_links":{"self":[{"href":"https:\/\/www.eldigitaldeasturias.com\/noticias\/wp-json\/wp\/v2\/posts\/1058317","targetHints":{"allow":["GET"]}}],"collection":[{"href":"https:\/\/www.eldigitaldeasturias.com\/noticias\/wp-json\/wp\/v2\/posts"}],"about":[{"href":"https:\/\/www.eldigitaldeasturias.com\/noticias\/wp-json\/wp\/v2\/types\/post"}],"author":[{"embeddable":true,"href":"https:\/\/www.eldigitaldeasturias.com\/noticias\/wp-json\/wp\/v2\/users\/1"}],"replies":[{"embeddable":true,"href":"https:\/\/www.eldigitaldeasturias.com\/noticias\/wp-json\/wp\/v2\/comments?post=1058317"}],"version-history":[{"count":0,"href":"https:\/\/www.eldigitaldeasturias.com\/noticias\/wp-json\/wp\/v2\/posts\/1058317\/revisions"}],"wp:featuredmedia":[{"embeddable":true,"href":"https:\/\/www.eldigitaldeasturias.com\/noticias\/wp-json\/wp\/v2\/media\/1058318"}],"wp:attachment":[{"href":"https:\/\/www.eldigitaldeasturias.com\/noticias\/wp-json\/wp\/v2\/media?parent=1058317"}],"wp:term":[{"taxonomy":"category","embeddable":true,"href":"https:\/\/www.eldigitaldeasturias.com\/noticias\/wp-json\/wp\/v2\/categories?post=1058317"},{"taxonomy":"post_tag","embeddable":true,"href":"https:\/\/www.eldigitaldeasturias.com\/noticias\/wp-json\/wp\/v2\/tags?post=1058317"}],"curies":[{"name":"wp","href":"https:\/\/api.w.org\/{rel}","templated":true}]}}