{"id":1058305,"date":"2020-02-20T17:58:14","date_gmt":"2020-02-20T17:58:14","guid":{"rendered":"https:\/\/www.eldigitaldeasturias.com\/noticias\/?p=1058305"},"modified":"2020-02-20T17:58:14","modified_gmt":"2020-02-20T17:58:14","slug":"el-gobierno-modificara-la-ley-de-integracion-cooperativa","status":"publish","type":"post","link":"https:\/\/www.eldigitaldeasturias.com\/noticias\/el-gobierno-modificara-la-ley-de-integracion-cooperativa\/","title":{"rendered":"El Gobierno modificar\u00e1 la ley de integraci\u00f3n cooperativa"},"content":{"rendered":"<p><img loading=\"lazy\" decoding=\"async\" class=\"alignleft size-medium wp-image-1058306\" src=\"https:\/\/www.eldigitaldeasturias.com\/noticias\/wp-content\/uploads\/2020\/02\/170220-Planas-360x239.jpg\" alt=\"\" width=\"360\" height=\"239\" srcset=\"https:\/\/www.eldigitaldeasturias.com\/noticias\/wp-content\/uploads\/2020\/02\/170220-Planas-360x239.jpg 360w, https:\/\/www.eldigitaldeasturias.com\/noticias\/wp-content\/uploads\/2020\/02\/170220-Planas-452x300.jpg 452w, https:\/\/www.eldigitaldeasturias.com\/noticias\/wp-content\/uploads\/2020\/02\/170220-Planas.jpg 512w\" sizes=\"auto, (max-width: 360px) 100vw, 360px\" \/>El ministro de Agricultura, Pesca y Alimentaci\u00f3n,<strong> Luis Planas<\/strong>, se ha reunido con el Consejo Rector de Cooperativas Agro-alimentarias de Espa\u00f1a para analizar posibles medidas que aporten soluciones a la situaci\u00f3n de crisis que padece el sector.<\/p>\n<p>Las empresas cooperativas tienen una amplia implantaci\u00f3n en el tejido econ\u00f3mico y social del medio rural espa\u00f1ol.<\/p>\n<p>Durante la reuni\u00f3n,<strong> el ministro ha insistido en la necesidad de que las cooperativas ganen en dimensi\u00f3n para resultar m\u00e1s competitivas y reforzar su posici\u00f3n negociadora, para lo que resulta fundamental abrir un debate a todos los niveles. <\/strong>Para facilitar esta tarea, el Gobierno modificar\u00e1 la ley de integraci\u00f3n cooperativa.<\/p>\n<p>Actualmente hay 11 Entidades Asociativas Prioritarias reconocidas de \u00e1mbito supraauton\u00f3mico, que concentran algo m\u00e1s del 10% de la facturaci\u00f3n del sector cooperativo agroalimentario espa\u00f1ol. El Ministerio destina 203 millones de euros de inversi\u00f3n p\u00fablica, dentro del Programa Nacional de Desarrollo Rural, para fomentar este tipo de entidades, principalmente a trav\u00e9s de la financiaci\u00f3n de inversiones para mejorar la transformaci\u00f3n y comercializaci\u00f3n.<\/p>\n<p>El ministro tambi\u00e9n se ha referido a la pr\u00f3xima modificaci\u00f3n de la Ley de la cadena alimentaria, con el objetivo de lograr un reparto m\u00e1s justo del valor de los productos agrarios a lo largo de la cadena, para que agricultores y ganaderos reciban el valor que les corresponde por su trabajo.<\/p>\n<p>Con esta modificaci\u00f3n normativa se busca establecer una relaci\u00f3n m\u00e1s precisa de pr\u00e1cticas comerciales prohibidas, una regulaci\u00f3n contra la destrucci\u00f3n del valor de los productos agrarios y la obligatoriedad de la inclusi\u00f3n del coste de producci\u00f3n para el establecimiento de los precios en los contratos.<\/p>\n<p>Otra de las iniciativas del Gobierno va a consistir en el cambio de la Ley de organizaciones interprofesionales para que \u00e9stas puedan acometer m\u00e1s acciones y mejorar sus instrumentos de funcionamiento.<\/p>\n<p>El ministro tambi\u00e9n ha informado de los avances en la elaboraci\u00f3n del real decreto que regular\u00e1 el reconocimiento de las organizaciones de productores y sus asociaciones en los sectores que hasta ahora no pose\u00edan esta regulaci\u00f3n. Estas organizaciones cuentan con herramientas para planificar la producci\u00f3n y su ajuste a la demanda, la optimizaci\u00f3n de los costes, la concentraci\u00f3n de la oferta y la comercializaci\u00f3n conjunta de la producci\u00f3n de sus asociados, disponiendo para ello de fondos que la UE pone a su disposici\u00f3n.<\/p>\n<p>&nbsp;<\/p>\n","protected":false},"excerpt":{"rendered":"<p>El ministro de Agricultura, Pesca y Alimentaci\u00f3n, Luis Planas, se ha reunido con el Consejo Rector de Cooperativas Agro-alimentarias de Espa\u00f1a para analizar posibles medidas que aporten soluciones a la situaci\u00f3n de crisis que padece el sector. Las empresas cooperativas tienen una amplia implantaci\u00f3n en el tejido econ\u00f3mico y social del medio rural espa\u00f1ol. Durante [&hellip;]<\/p>\n","protected":false},"author":1,"featured_media":1058306,"comment_status":"closed","ping_status":"closed","sticky":false,"template":"","format":"standard","meta":{"footnotes":""},"categories":[187],"tags":[],"class_list":["post-1058305","post","type-post","status-publish","format-standard","has-post-thumbnail","hentry","category-economia"],"aioseo_notices":[],"aioseo_head":"\n\t\t<!-- All in One SEO Pro 4.9.6.2 - aioseo.com -->\n\t<meta name=\"description\" content=\"El ministro de Agricultura, Pesca y Alimentaci\u00f3n, Luis Planas, se ha reunido con el Consejo Rector de Cooperativas Agro-alimentarias de Espa\u00f1a para analizar posibles medidas que aporten soluciones a la situaci\u00f3n de crisis que padece el sector. Las empresas cooperativas tienen una amplia implantaci\u00f3n en el tejido econ\u00f3mico y social del medio rural espa\u00f1ol. Durante\" \/>\n\t<meta name=\"robots\" content=\"max-image-preview:large\" \/>\n\t<meta name=\"author\" content=\"El Digital de Asturias\"\/>\n\t<meta name=\"google-site-verification\" content=\"UA-38556648-1\" \/>\n\t<meta name=\"msvalidate.01\" content=\"7dfe9f3f1b24437ab69f4f2559babe99\" \/>\n\t<meta name=\"keywords\" content=\"econom\u00eda\" \/>\n\t<link rel=\"canonical\" href=\"https:\/\/www.eldigitaldeasturias.com\/noticias\/el-gobierno-modificara-la-ley-de-integracion-cooperativa\/\" \/>\n\t<meta name=\"generator\" content=\"All in One SEO Pro (AIOSEO) 4.9.6.2\" \/>\n\t\t<meta property=\"og:locale\" content=\"es_ES\" \/>\n\t\t<meta property=\"og:site_name\" content=\"El Digital de Asturias\" \/>\n\t\t<meta property=\"og:type\" content=\"article\" \/>\n\t\t<meta property=\"og:title\" content=\"El Gobierno modificar\u00e1 la ley de integraci\u00f3n cooperativa - El Digital de Asturias\" \/>\n\t\t<meta property=\"og:description\" content=\"El ministro de Agricultura, Pesca y Alimentaci\u00f3n, Luis Planas, se ha reunido con el Consejo Rector de Cooperativas Agro-alimentarias de Espa\u00f1a para analizar posibles medidas que aporten soluciones a la situaci\u00f3n de crisis que padece el sector. Las empresas cooperativas tienen una amplia implantaci\u00f3n en el tejido econ\u00f3mico y social del medio rural espa\u00f1ol. Durante\" \/>\n\t\t<meta property=\"og:url\" content=\"https:\/\/www.eldigitaldeasturias.com\/noticias\/el-gobierno-modificara-la-ley-de-integracion-cooperativa\/\" \/>\n\t\t<meta property=\"og:image\" content=\"https:\/\/www.eldigitaldeasturias.com\/noticias\/wp-content\/uploads\/2020\/02\/170220-Planas.jpg\" \/>\n\t\t<meta property=\"og:image:secure_url\" content=\"https:\/\/www.eldigitaldeasturias.com\/noticias\/wp-content\/uploads\/2020\/02\/170220-Planas.jpg\" \/>\n\t\t<meta property=\"og:image:width\" content=\"512\" \/>\n\t\t<meta property=\"og:image:height\" content=\"340\" \/>\n\t\t<meta property=\"article:tag\" content=\"econom\u00eda\" \/>\n\t\t<meta property=\"article:published_time\" content=\"2020-02-20T17:58:14+00:00\" \/>\n\t\t<meta property=\"article:modified_time\" content=\"2020-02-20T17:58:14+00:00\" \/>\n\t\t<meta property=\"article:publisher\" content=\"https:\/\/facebook.com\/eldigitaldeasturias\" \/>\n\t\t<meta name=\"twitter:card\" content=\"summary_large_image\" \/>\n\t\t<meta name=\"twitter:title\" content=\"El Gobierno modificar\u00e1 la ley de integraci\u00f3n cooperativa - El Digital de Asturias\" \/>\n\t\t<meta name=\"twitter:description\" content=\"El ministro de Agricultura, Pesca y Alimentaci\u00f3n, Luis Planas, se ha reunido con el Consejo Rector de Cooperativas Agro-alimentarias de Espa\u00f1a para analizar posibles medidas que aporten soluciones a la situaci\u00f3n de crisis que padece el sector. Las empresas cooperativas tienen una amplia implantaci\u00f3n en el tejido econ\u00f3mico y social del medio rural espa\u00f1ol. Durante\" \/>\n\t\t<meta name=\"twitter:image\" content=\"https:\/\/www.eldigitaldeasturias.com\/noticias\/wp-content\/uploads\/2020\/02\/170220-Planas.jpg\" \/>\n\t\t<meta name=\"twitter:label1\" content=\"Escrito por\" \/>\n\t\t<meta name=\"twitter:data1\" content=\"El Digital de Asturias\" \/>\n\t\t<meta name=\"twitter:label2\" content=\"Tiempo de lectura estimado\" \/>\n\t\t<meta name=\"twitter:data2\" content=\"2 minutos\" \/>\n\t\t<script type=\"application\/ld+json\" class=\"aioseo-schema\">\n\t\t\t{\"@context\":\"https:\\\/\\\/schema.org\",\"@graph\":[{\"@type\":\"BlogPosting\",\"@id\":\"https:\\\/\\\/www.eldigitaldeasturias.com\\\/noticias\\\/el-gobierno-modificara-la-ley-de-integracion-cooperativa\\\/#blogposting\",\"name\":\"El Gobierno modificar\\u00e1 la ley de integraci\\u00f3n cooperativa - El Digital de Asturias\",\"headline\":\"El Gobierno modificar\\u00e1 la ley de integraci\\u00f3n cooperativa\",\"author\":{\"@id\":\"https:\\\/\\\/www.eldigitaldeasturias.com\\\/noticias\\\/author\\\/admin\\\/#author\"},\"publisher\":{\"@id\":\"https:\\\/\\\/www.eldigitaldeasturias.com\\\/noticias\\\/#organization\"},\"image\":{\"@type\":\"ImageObject\",\"url\":\"https:\\\/\\\/www.eldigitaldeasturias.com\\\/noticias\\\/wp-content\\\/uploads\\\/2020\\\/02\\\/170220-Planas.jpg\",\"width\":512,\"height\":340},\"datePublished\":\"2020-02-20T17:58:14+01:00\",\"dateModified\":\"2020-02-20T17:58:14+01:00\",\"inLanguage\":\"es-ES\",\"mainEntityOfPage\":{\"@id\":\"https:\\\/\\\/www.eldigitaldeasturias.com\\\/noticias\\\/el-gobierno-modificara-la-ley-de-integracion-cooperativa\\\/#webpage\"},\"isPartOf\":{\"@id\":\"https:\\\/\\\/www.eldigitaldeasturias.com\\\/noticias\\\/el-gobierno-modificara-la-ley-de-integracion-cooperativa\\\/#webpage\"},\"articleSection\":\"Econom\\u00eda\"},{\"@type\":\"BreadcrumbList\",\"@id\":\"https:\\\/\\\/www.eldigitaldeasturias.com\\\/noticias\\\/el-gobierno-modificara-la-ley-de-integracion-cooperativa\\\/#breadcrumblist\",\"itemListElement\":[{\"@type\":\"ListItem\",\"@id\":\"https:\\\/\\\/www.eldigitaldeasturias.com\\\/noticias#listItem\",\"position\":1,\"name\":\"Home\",\"item\":\"https:\\\/\\\/www.eldigitaldeasturias.com\\\/noticias\",\"nextItem\":{\"@type\":\"ListItem\",\"@id\":\"https:\\\/\\\/www.eldigitaldeasturias.com\\\/noticias\\\/category\\\/economia\\\/#listItem\",\"name\":\"Econom\\u00eda\"}},{\"@type\":\"ListItem\",\"@id\":\"https:\\\/\\\/www.eldigitaldeasturias.com\\\/noticias\\\/category\\\/economia\\\/#listItem\",\"position\":2,\"name\":\"Econom\\u00eda\",\"item\":\"https:\\\/\\\/www.eldigitaldeasturias.com\\\/noticias\\\/category\\\/economia\\\/\",\"nextItem\":{\"@type\":\"ListItem\",\"@id\":\"https:\\\/\\\/www.eldigitaldeasturias.com\\\/noticias\\\/el-gobierno-modificara-la-ley-de-integracion-cooperativa\\\/#listItem\",\"name\":\"El Gobierno modificar\\u00e1 la ley de integraci\\u00f3n cooperativa\"},\"previousItem\":{\"@type\":\"ListItem\",\"@id\":\"https:\\\/\\\/www.eldigitaldeasturias.com\\\/noticias#listItem\",\"name\":\"Home\"}},{\"@type\":\"ListItem\",\"@id\":\"https:\\\/\\\/www.eldigitaldeasturias.com\\\/noticias\\\/el-gobierno-modificara-la-ley-de-integracion-cooperativa\\\/#listItem\",\"position\":3,\"name\":\"El Gobierno modificar\\u00e1 la ley de integraci\\u00f3n cooperativa\",\"previousItem\":{\"@type\":\"ListItem\",\"@id\":\"https:\\\/\\\/www.eldigitaldeasturias.com\\\/noticias\\\/category\\\/economia\\\/#listItem\",\"name\":\"Econom\\u00eda\"}}]},{\"@type\":\"Organization\",\"@id\":\"https:\\\/\\\/www.eldigitaldeasturias.com\\\/noticias\\\/#organization\",\"name\":\"El Digital de Asturias\",\"description\":\"Hemeroteca\",\"url\":\"https:\\\/\\\/www.eldigitaldeasturias.com\\\/noticias\\\/\",\"email\":\"info@eldigitaldeasturias.com\",\"telephone\":\"+34652131393\",\"logo\":{\"@type\":\"ImageObject\",\"url\":\"https:\\\/\\\/www.eldigitaldeasturias.com\\\/noticias\\\/wp-content\\\/uploads\\\/2020\\\/12\\\/EDA.jpg\",\"@id\":\"https:\\\/\\\/www.eldigitaldeasturias.com\\\/noticias\\\/el-gobierno-modificara-la-ley-de-integracion-cooperativa\\\/#organizationLogo\",\"width\":649,\"height\":297},\"image\":{\"@id\":\"https:\\\/\\\/www.eldigitaldeasturias.com\\\/noticias\\\/el-gobierno-modificara-la-ley-de-integracion-cooperativa\\\/#organizationLogo\"},\"sameAs\":[\"https:\\\/\\\/facebook.com\\\/eldigitaldeasturias\",\"https:\\\/\\\/www.youtube.com\\\/channel\\\/UCZP-2wLEB9Rv6erhFmqVnvg\"],\"address\":{\"@id\":\"https:\\\/\\\/www.eldigitaldeasturias.com\\\/noticias\\\/#postaladdress\",\"@type\":\"PostalAddress\",\"streetAddress\":\"san antonio 4,\",\"postalCode\":\"33430\",\"addressLocality\":\"Cand\\u00e1s\",\"addressRegion\":\"Asturias\",\"addressCountry\":\"ES\"}},{\"@type\":\"Person\",\"@id\":\"https:\\\/\\\/www.eldigitaldeasturias.com\\\/noticias\\\/author\\\/admin\\\/#author\",\"url\":\"https:\\\/\\\/www.eldigitaldeasturias.com\\\/noticias\\\/author\\\/admin\\\/\",\"name\":\"El Digital de Asturias\",\"image\":{\"@type\":\"ImageObject\",\"@id\":\"https:\\\/\\\/www.eldigitaldeasturias.com\\\/noticias\\\/el-gobierno-modificara-la-ley-de-integracion-cooperativa\\\/#authorImage\",\"url\":\"https:\\\/\\\/www.eldigitaldeasturias.com\\\/noticias\\\/wp-content\\\/litespeed\\\/avatar\\\/18677e78aa0546b92d9dbf31ec7d7668.jpg?ver=1777290358\",\"width\":96,\"height\":96,\"caption\":\"El Digital de Asturias\"}},{\"@type\":\"WebPage\",\"@id\":\"https:\\\/\\\/www.eldigitaldeasturias.com\\\/noticias\\\/el-gobierno-modificara-la-ley-de-integracion-cooperativa\\\/#webpage\",\"url\":\"https:\\\/\\\/www.eldigitaldeasturias.com\\\/noticias\\\/el-gobierno-modificara-la-ley-de-integracion-cooperativa\\\/\",\"name\":\"El Gobierno modificar\\u00e1 la ley de integraci\\u00f3n cooperativa - El Digital de Asturias\",\"description\":\"El ministro de Agricultura, Pesca y Alimentaci\\u00f3n, Luis Planas, se ha reunido con el Consejo Rector de Cooperativas Agro-alimentarias de Espa\\u00f1a para analizar posibles medidas que aporten soluciones a la situaci\\u00f3n de crisis que padece el sector. Las empresas cooperativas tienen una amplia implantaci\\u00f3n en el tejido econ\\u00f3mico y social del medio rural espa\\u00f1ol. Durante\",\"inLanguage\":\"es-ES\",\"isPartOf\":{\"@id\":\"https:\\\/\\\/www.eldigitaldeasturias.com\\\/noticias\\\/#website\"},\"breadcrumb\":{\"@id\":\"https:\\\/\\\/www.eldigitaldeasturias.com\\\/noticias\\\/el-gobierno-modificara-la-ley-de-integracion-cooperativa\\\/#breadcrumblist\"},\"author\":{\"@id\":\"https:\\\/\\\/www.eldigitaldeasturias.com\\\/noticias\\\/author\\\/admin\\\/#author\"},\"creator\":{\"@id\":\"https:\\\/\\\/www.eldigitaldeasturias.com\\\/noticias\\\/author\\\/admin\\\/#author\"},\"image\":{\"@type\":\"ImageObject\",\"url\":\"https:\\\/\\\/www.eldigitaldeasturias.com\\\/noticias\\\/wp-content\\\/uploads\\\/2020\\\/02\\\/170220-Planas.jpg\",\"@id\":\"https:\\\/\\\/www.eldigitaldeasturias.com\\\/noticias\\\/el-gobierno-modificara-la-ley-de-integracion-cooperativa\\\/#mainImage\",\"width\":512,\"height\":340},\"primaryImageOfPage\":{\"@id\":\"https:\\\/\\\/www.eldigitaldeasturias.com\\\/noticias\\\/el-gobierno-modificara-la-ley-de-integracion-cooperativa\\\/#mainImage\"},\"datePublished\":\"2020-02-20T17:58:14+01:00\",\"dateModified\":\"2020-02-20T17:58:14+01:00\"},{\"@type\":\"WebSite\",\"@id\":\"https:\\\/\\\/www.eldigitaldeasturias.com\\\/noticias\\\/#website\",\"url\":\"https:\\\/\\\/www.eldigitaldeasturias.com\\\/noticias\\\/\",\"name\":\"El Digital de Asturias - Diario de actualidad y noticias\",\"alternateName\":\"El Digital de Asturias - Diario de actualidad y noticias\",\"description\":\"Hemeroteca\",\"inLanguage\":\"es-ES\",\"publisher\":{\"@id\":\"https:\\\/\\\/www.eldigitaldeasturias.com\\\/noticias\\\/#organization\"}}]}\n\t\t<\/script>\n\t\t<!-- All in One SEO Pro -->\r\n\t\t<title>El Gobierno modificar\u00e1 la ley de integraci\u00f3n cooperativa - El Digital de Asturias<\/title>\n\n","aioseo_head_json":{"title":"El Gobierno modificar\u00e1 la ley de integraci\u00f3n cooperativa - El Digital de Asturias","description":"El ministro de Agricultura, Pesca y Alimentaci\u00f3n, Luis Planas, se ha reunido con el Consejo Rector de Cooperativas Agro-alimentarias de Espa\u00f1a para analizar posibles medidas que aporten soluciones a la situaci\u00f3n de crisis que padece el sector. Las empresas cooperativas tienen una amplia implantaci\u00f3n en el tejido econ\u00f3mico y social del medio rural espa\u00f1ol. Durante","canonical_url":"https:\/\/www.eldigitaldeasturias.com\/noticias\/el-gobierno-modificara-la-ley-de-integracion-cooperativa\/","robots":"max-image-preview:large","keywords":"econom\u00eda","webmasterTools":{"google-site-verification":"UA-38556648-1","msvalidate.01":"7dfe9f3f1b24437ab69f4f2559babe99","miscellaneous":""},"schema":{"@context":"https:\/\/schema.org","@graph":[{"@type":"BlogPosting","@id":"https:\/\/www.eldigitaldeasturias.com\/noticias\/el-gobierno-modificara-la-ley-de-integracion-cooperativa\/#blogposting","name":"El Gobierno modificar\u00e1 la ley de integraci\u00f3n cooperativa - El Digital de Asturias","headline":"El Gobierno modificar\u00e1 la ley de integraci\u00f3n cooperativa","author":{"@id":"https:\/\/www.eldigitaldeasturias.com\/noticias\/author\/admin\/#author"},"publisher":{"@id":"https:\/\/www.eldigitaldeasturias.com\/noticias\/#organization"},"image":{"@type":"ImageObject","url":"https:\/\/www.eldigitaldeasturias.com\/noticias\/wp-content\/uploads\/2020\/02\/170220-Planas.jpg","width":512,"height":340},"datePublished":"2020-02-20T17:58:14+01:00","dateModified":"2020-02-20T17:58:14+01:00","inLanguage":"es-ES","mainEntityOfPage":{"@id":"https:\/\/www.eldigitaldeasturias.com\/noticias\/el-gobierno-modificara-la-ley-de-integracion-cooperativa\/#webpage"},"isPartOf":{"@id":"https:\/\/www.eldigitaldeasturias.com\/noticias\/el-gobierno-modificara-la-ley-de-integracion-cooperativa\/#webpage"},"articleSection":"Econom\u00eda"},{"@type":"BreadcrumbList","@id":"https:\/\/www.eldigitaldeasturias.com\/noticias\/el-gobierno-modificara-la-ley-de-integracion-cooperativa\/#breadcrumblist","itemListElement":[{"@type":"ListItem","@id":"https:\/\/www.eldigitaldeasturias.com\/noticias#listItem","position":1,"name":"Home","item":"https:\/\/www.eldigitaldeasturias.com\/noticias","nextItem":{"@type":"ListItem","@id":"https:\/\/www.eldigitaldeasturias.com\/noticias\/category\/economia\/#listItem","name":"Econom\u00eda"}},{"@type":"ListItem","@id":"https:\/\/www.eldigitaldeasturias.com\/noticias\/category\/economia\/#listItem","position":2,"name":"Econom\u00eda","item":"https:\/\/www.eldigitaldeasturias.com\/noticias\/category\/economia\/","nextItem":{"@type":"ListItem","@id":"https:\/\/www.eldigitaldeasturias.com\/noticias\/el-gobierno-modificara-la-ley-de-integracion-cooperativa\/#listItem","name":"El Gobierno modificar\u00e1 la ley de integraci\u00f3n cooperativa"},"previousItem":{"@type":"ListItem","@id":"https:\/\/www.eldigitaldeasturias.com\/noticias#listItem","name":"Home"}},{"@type":"ListItem","@id":"https:\/\/www.eldigitaldeasturias.com\/noticias\/el-gobierno-modificara-la-ley-de-integracion-cooperativa\/#listItem","position":3,"name":"El Gobierno modificar\u00e1 la ley de integraci\u00f3n cooperativa","previousItem":{"@type":"ListItem","@id":"https:\/\/www.eldigitaldeasturias.com\/noticias\/category\/economia\/#listItem","name":"Econom\u00eda"}}]},{"@type":"Organization","@id":"https:\/\/www.eldigitaldeasturias.com\/noticias\/#organization","name":"El Digital de Asturias","description":"Hemeroteca","url":"https:\/\/www.eldigitaldeasturias.com\/noticias\/","email":"info@eldigitaldeasturias.com","telephone":"+34652131393","logo":{"@type":"ImageObject","url":"https:\/\/www.eldigitaldeasturias.com\/noticias\/wp-content\/uploads\/2020\/12\/EDA.jpg","@id":"https:\/\/www.eldigitaldeasturias.com\/noticias\/el-gobierno-modificara-la-ley-de-integracion-cooperativa\/#organizationLogo","width":649,"height":297},"image":{"@id":"https:\/\/www.eldigitaldeasturias.com\/noticias\/el-gobierno-modificara-la-ley-de-integracion-cooperativa\/#organizationLogo"},"sameAs":["https:\/\/facebook.com\/eldigitaldeasturias","https:\/\/www.youtube.com\/channel\/UCZP-2wLEB9Rv6erhFmqVnvg"],"address":{"@id":"https:\/\/www.eldigitaldeasturias.com\/noticias\/#postaladdress","@type":"PostalAddress","streetAddress":"san antonio 4,","postalCode":"33430","addressLocality":"Cand\u00e1s","addressRegion":"Asturias","addressCountry":"ES"}},{"@type":"Person","@id":"https:\/\/www.eldigitaldeasturias.com\/noticias\/author\/admin\/#author","url":"https:\/\/www.eldigitaldeasturias.com\/noticias\/author\/admin\/","name":"El Digital de Asturias","image":{"@type":"ImageObject","@id":"https:\/\/www.eldigitaldeasturias.com\/noticias\/el-gobierno-modificara-la-ley-de-integracion-cooperativa\/#authorImage","url":"https:\/\/www.eldigitaldeasturias.com\/noticias\/wp-content\/litespeed\/avatar\/18677e78aa0546b92d9dbf31ec7d7668.jpg?ver=1777290358","width":96,"height":96,"caption":"El Digital de Asturias"}},{"@type":"WebPage","@id":"https:\/\/www.eldigitaldeasturias.com\/noticias\/el-gobierno-modificara-la-ley-de-integracion-cooperativa\/#webpage","url":"https:\/\/www.eldigitaldeasturias.com\/noticias\/el-gobierno-modificara-la-ley-de-integracion-cooperativa\/","name":"El Gobierno modificar\u00e1 la ley de integraci\u00f3n cooperativa - El Digital de Asturias","description":"El ministro de Agricultura, Pesca y Alimentaci\u00f3n, Luis Planas, se ha reunido con el Consejo Rector de Cooperativas Agro-alimentarias de Espa\u00f1a para analizar posibles medidas que aporten soluciones a la situaci\u00f3n de crisis que padece el sector. Las empresas cooperativas tienen una amplia implantaci\u00f3n en el tejido econ\u00f3mico y social del medio rural espa\u00f1ol. Durante","inLanguage":"es-ES","isPartOf":{"@id":"https:\/\/www.eldigitaldeasturias.com\/noticias\/#website"},"breadcrumb":{"@id":"https:\/\/www.eldigitaldeasturias.com\/noticias\/el-gobierno-modificara-la-ley-de-integracion-cooperativa\/#breadcrumblist"},"author":{"@id":"https:\/\/www.eldigitaldeasturias.com\/noticias\/author\/admin\/#author"},"creator":{"@id":"https:\/\/www.eldigitaldeasturias.com\/noticias\/author\/admin\/#author"},"image":{"@type":"ImageObject","url":"https:\/\/www.eldigitaldeasturias.com\/noticias\/wp-content\/uploads\/2020\/02\/170220-Planas.jpg","@id":"https:\/\/www.eldigitaldeasturias.com\/noticias\/el-gobierno-modificara-la-ley-de-integracion-cooperativa\/#mainImage","width":512,"height":340},"primaryImageOfPage":{"@id":"https:\/\/www.eldigitaldeasturias.com\/noticias\/el-gobierno-modificara-la-ley-de-integracion-cooperativa\/#mainImage"},"datePublished":"2020-02-20T17:58:14+01:00","dateModified":"2020-02-20T17:58:14+01:00"},{"@type":"WebSite","@id":"https:\/\/www.eldigitaldeasturias.com\/noticias\/#website","url":"https:\/\/www.eldigitaldeasturias.com\/noticias\/","name":"El Digital de Asturias - Diario de actualidad y noticias","alternateName":"El Digital de Asturias - Diario de actualidad y noticias","description":"Hemeroteca","inLanguage":"es-ES","publisher":{"@id":"https:\/\/www.eldigitaldeasturias.com\/noticias\/#organization"}}]},"og:locale":"es_ES","og:site_name":"El Digital de Asturias","og:type":"article","og:title":"El Gobierno modificar\u00e1 la ley de integraci\u00f3n cooperativa - El Digital de Asturias","og:description":"El ministro de Agricultura, Pesca y Alimentaci\u00f3n, Luis Planas, se ha reunido con el Consejo Rector de Cooperativas Agro-alimentarias de Espa\u00f1a para analizar posibles medidas que aporten soluciones a la situaci\u00f3n de crisis que padece el sector. Las empresas cooperativas tienen una amplia implantaci\u00f3n en el tejido econ\u00f3mico y social del medio rural espa\u00f1ol. Durante","og:url":"https:\/\/www.eldigitaldeasturias.com\/noticias\/el-gobierno-modificara-la-ley-de-integracion-cooperativa\/","og:image":"https:\/\/www.eldigitaldeasturias.com\/noticias\/wp-content\/uploads\/2020\/02\/170220-Planas.jpg","og:image:secure_url":"https:\/\/www.eldigitaldeasturias.com\/noticias\/wp-content\/uploads\/2020\/02\/170220-Planas.jpg","og:image:width":512,"og:image:height":340,"article:tag":["econom\u00eda"],"article:published_time":"2020-02-20T17:58:14+00:00","article:modified_time":"2020-02-20T17:58:14+00:00","article:publisher":"https:\/\/facebook.com\/eldigitaldeasturias","twitter:card":"summary_large_image","twitter:title":"El Gobierno modificar\u00e1 la ley de integraci\u00f3n cooperativa - El Digital de Asturias","twitter:description":"El ministro de Agricultura, Pesca y Alimentaci\u00f3n, Luis Planas, se ha reunido con el Consejo Rector de Cooperativas Agro-alimentarias de Espa\u00f1a para analizar posibles medidas que aporten soluciones a la situaci\u00f3n de crisis que padece el sector. Las empresas cooperativas tienen una amplia implantaci\u00f3n en el tejido econ\u00f3mico y social del medio rural espa\u00f1ol. Durante","twitter:image":"https:\/\/www.eldigitaldeasturias.com\/noticias\/wp-content\/uploads\/2020\/02\/170220-Planas.jpg","twitter:label1":"Escrito por","twitter:data1":"El Digital de Asturias","twitter:label2":"Tiempo de lectura estimado","twitter:data2":"2 minutos"},"aioseo_meta_data":{"post_id":"1058305","title":null,"description":null,"keywords":null,"keyphrases":null,"primary_term":null,"canonical_url":null,"og_title":null,"og_description":null,"og_object_type":"default","og_image_type":"default","og_image_url":null,"og_image_width":null,"og_image_height":null,"og_image_custom_url":null,"og_image_custom_fields":null,"og_video":null,"og_custom_url":null,"og_article_section":null,"og_article_tags":null,"twitter_use_og":false,"twitter_card":"default","twitter_image_type":"default","twitter_image_url":null,"twitter_image_custom_url":null,"twitter_image_custom_fields":null,"twitter_title":null,"twitter_description":null,"schema":{"blockGraphs":[],"customGraphs":[],"default":{"data":{"Article":[],"Course":[],"Dataset":[],"FAQPage":[],"Movie":[],"Person":[],"Product":[],"ProductReview":[],"Car":[],"Recipe":[],"Service":[],"SoftwareApplication":[],"WebPage":[]},"graphName":"","isEnabled":true},"graphs":[],"defaultGraph":"","defaultPostTypeGraph":""},"schema_type":null,"schema_type_options":null,"pillar_content":false,"robots_default":true,"robots_noindex":false,"robots_noarchive":false,"robots_nosnippet":false,"robots_nofollow":false,"robots_noimageindex":false,"robots_noodp":false,"robots_notranslate":false,"robots_max_snippet":null,"robots_max_videopreview":null,"robots_max_imagepreview":"large","priority":null,"frequency":null,"local_seo":null,"seo_analyzer_scan_date":"2025-10-31 05:03:10","breadcrumb_settings":null,"limit_modified_date":false,"open_ai":null,"ai":null,"created":"2020-12-21 10:55:13","updated":"2025-10-31 05:03:10"},"aioseo_breadcrumb":"<div class=\"aioseo-breadcrumbs\"><span class=\"aioseo-breadcrumb\">\n\t<a href=\"https:\/\/www.eldigitaldeasturias.com\/noticias\" title=\"Home\">Home<\/a>\n<\/span><span class=\"aioseo-breadcrumb-separator\">\u2013<\/span><span class=\"aioseo-breadcrumb\">\n\t<a href=\"https:\/\/www.eldigitaldeasturias.com\/noticias\/category\/economia\/\" title=\"Econom\u00eda\">Econom\u00eda<\/a>\n<\/span><span class=\"aioseo-breadcrumb-separator\">\u2013<\/span><span class=\"aioseo-breadcrumb\">\n\t<a href=\"https:\/\/www.eldigitaldeasturias.com\/noticias\/el-gobierno-modificara-la-ley-de-integracion-cooperativa\/\" title=\"El Gobierno modificar\u00e1 la ley de integraci\u00f3n cooperativa\">El Gobierno modificar\u00e1 la ley de integraci\u00f3n cooperativa<\/a>\n<\/span><\/div>","aioseo_breadcrumb_json":[{"label":"Home","link":"https:\/\/www.eldigitaldeasturias.com\/noticias"},{"label":"Econom\u00eda","link":"https:\/\/www.eldigitaldeasturias.com\/noticias\/category\/economia\/"},{"label":"El Gobierno modificar\u00e1 la ley de integraci\u00f3n cooperativa","link":"https:\/\/www.eldigitaldeasturias.com\/noticias\/el-gobierno-modificara-la-ley-de-integracion-cooperativa\/"}],"_links":{"self":[{"href":"https:\/\/www.eldigitaldeasturias.com\/noticias\/wp-json\/wp\/v2\/posts\/1058305","targetHints":{"allow":["GET"]}}],"collection":[{"href":"https:\/\/www.eldigitaldeasturias.com\/noticias\/wp-json\/wp\/v2\/posts"}],"about":[{"href":"https:\/\/www.eldigitaldeasturias.com\/noticias\/wp-json\/wp\/v2\/types\/post"}],"author":[{"embeddable":true,"href":"https:\/\/www.eldigitaldeasturias.com\/noticias\/wp-json\/wp\/v2\/users\/1"}],"replies":[{"embeddable":true,"href":"https:\/\/www.eldigitaldeasturias.com\/noticias\/wp-json\/wp\/v2\/comments?post=1058305"}],"version-history":[{"count":0,"href":"https:\/\/www.eldigitaldeasturias.com\/noticias\/wp-json\/wp\/v2\/posts\/1058305\/revisions"}],"wp:featuredmedia":[{"embeddable":true,"href":"https:\/\/www.eldigitaldeasturias.com\/noticias\/wp-json\/wp\/v2\/media\/1058306"}],"wp:attachment":[{"href":"https:\/\/www.eldigitaldeasturias.com\/noticias\/wp-json\/wp\/v2\/media?parent=1058305"}],"wp:term":[{"taxonomy":"category","embeddable":true,"href":"https:\/\/www.eldigitaldeasturias.com\/noticias\/wp-json\/wp\/v2\/categories?post=1058305"},{"taxonomy":"post_tag","embeddable":true,"href":"https:\/\/www.eldigitaldeasturias.com\/noticias\/wp-json\/wp\/v2\/tags?post=1058305"}],"curies":[{"name":"wp","href":"https:\/\/api.w.org\/{rel}","templated":true}]}}