{"id":1058300,"date":"2020-02-20T17:44:23","date_gmt":"2020-02-20T17:44:23","guid":{"rendered":"https:\/\/www.eldigitaldeasturias.com\/noticias\/?p=1058300"},"modified":"2020-02-20T17:44:23","modified_gmt":"2020-02-20T17:44:23","slug":"2020-comienza-con-mas-afiliados-a-la-seguridad-social-en-turismo","status":"publish","type":"post","link":"https:\/\/www.eldigitaldeasturias.com\/noticias\/2020-comienza-con-mas-afiliados-a-la-seguridad-social-en-turismo\/","title":{"rendered":"2020 comienza con m\u00e1s afiliados a la Seguridad Social en turismo"},"content":{"rendered":"<p><img loading=\"lazy\" decoding=\"async\" class=\"alignleft size-medium wp-image-1016180\" src=\"https:\/\/www.eldigitaldeasturias.com\/noticias\/wp-content\/uploads\/2019\/02\/airport-731196_960_720-360x240.jpg\" alt=\"\" width=\"360\" height=\"240\" srcset=\"https:\/\/www.eldigitaldeasturias.com\/noticias\/wp-content\/uploads\/2019\/02\/airport-731196_960_720-360x240.jpg 360w, https:\/\/www.eldigitaldeasturias.com\/noticias\/wp-content\/uploads\/2019\/02\/airport-731196_960_720-768x512.jpg 768w, https:\/\/www.eldigitaldeasturias.com\/noticias\/wp-content\/uploads\/2019\/02\/airport-731196_960_720-650x433.jpg 650w, https:\/\/www.eldigitaldeasturias.com\/noticias\/wp-content\/uploads\/2019\/02\/airport-731196_960_720.jpg 960w\" sizes=\"auto, (max-width: 360px) 100vw, 360px\" \/>Los afiliados a la Seguridad Social vinculados a actividades tur\u00edsticas crecieron en enero un 3,5% interanual, <strong>alcanzando un total de 2.371.103 afiliados<\/strong>, seg\u00fan los datos incluidos en el Informe sobre Empleo en Turismo elaborado por Turespa\u00f1a, dependiente del Ministerio de Industria, Comercio y Turismo.<strong> Es la cifra m\u00e1s alta en la serie hist\u00f3rica de un mes de enero<\/strong>.<\/p>\n<p>El empleo en las actividades tur\u00edsticas ha sumado en el \u00faltimo a\u00f1o 80.447 trabajadores en alta laboral, que representan el 12,5% del total de afiliados en la econom\u00eda nacional.<\/p>\n<p>La secretaria de Estado de Turismo, Isabel Oliver, celebra \u00abel buen arranque del a\u00f1o a nivel laboral, que confirma el gran dinamismo del sector. El turismo se ha convertido en una aut\u00e9ntica palanca de cambio y prosperidad en el conjunto del territorio espa\u00f1ol y un pilar clave para generar oportunidades en la mal llamada \u00abEspa\u00f1a Vaciada\u00bb. Desde el Gobierno estamos impulsando una nueva pol\u00edtica tur\u00edstica basada en la diversificaci\u00f3n de productos y destinos, en la inteligencia tur\u00edstica y en la mejora de la calidad del empleo, a trav\u00e9s de medidas como el Plan Director por un Trabajo Digno, la mesa por la calidad del empleo en hosteler\u00eda o el protocolo de &#8216;Hoteles justos, socialmente responsables\u00bb.<\/p>\n<h3><strong>Afiliaci\u00f3n por sectores y comunidades<\/strong><\/h3>\n<p>De las 80.447 altas laborales en diciembre, 47.592 corresponden a hosteler\u00eda. El apartado \u00abotras actividades\u00bb subi\u00f3 en 30.752 afiliados y las agencias de viajes tuvieron un incremento de 2.103 trabajadores. El informe resalta el positivo comportamiento de esta rama de actividad desde diciembre de 2014, ya que hab\u00eda reducido las cifras de empleo de forma continuada en los seis a\u00f1os anteriores (2008-2014).<\/p>\n<p>El empleo tur\u00edstico creci\u00f3 en todas las Comunidades Aut\u00f3nomas. En cifras absolutas, el empleo en el conjunto de hosteler\u00eda y agencias de viajes\/operadores tur\u00edsticos experiment\u00f3 su mayor incremento en Andaluc\u00eda, Comunidad de Madrid, Catalu\u00f1a y Comunidad Valenciana. Finalmente, en t\u00e9rminos relativos, destacan las subidas interanuales de Murcia (5,4%) y Andaluc\u00eda (4,8%).<\/p>\n<p>&nbsp;<\/p>\n","protected":false},"excerpt":{"rendered":"<p>Los afiliados a la Seguridad Social vinculados a actividades tur\u00edsticas crecieron en enero un 3,5% interanual, alcanzando un total de 2.371.103 afiliados, seg\u00fan los datos incluidos en el Informe sobre Empleo en Turismo elaborado por Turespa\u00f1a, dependiente del Ministerio de Industria, Comercio y Turismo. Es la cifra m\u00e1s alta en la serie hist\u00f3rica de un [&hellip;]<\/p>\n","protected":false},"author":1,"featured_media":1016180,"comment_status":"closed","ping_status":"closed","sticky":false,"template":"","format":"standard","meta":{"footnotes":""},"categories":[187],"tags":[],"class_list":["post-1058300","post","type-post","status-publish","format-standard","has-post-thumbnail","hentry","category-economia"],"aioseo_notices":[],"aioseo_head":"\n\t\t<!-- All in One SEO Pro 4.9.6.2 - aioseo.com -->\n\t<meta name=\"description\" content=\"Los afiliados a la Seguridad Social vinculados a actividades tur\u00edsticas crecieron en enero un 3,5% interanual, alcanzando un total de 2.371.103 afiliados, seg\u00fan los datos incluidos en el Informe sobre Empleo en Turismo elaborado por Turespa\u00f1a, dependiente del Ministerio de Industria, Comercio y Turismo. Es la cifra m\u00e1s alta en la serie hist\u00f3rica de un\" \/>\n\t<meta name=\"robots\" content=\"max-image-preview:large\" \/>\n\t<meta name=\"author\" content=\"El Digital de Asturias\"\/>\n\t<meta name=\"google-site-verification\" content=\"UA-38556648-1\" \/>\n\t<meta name=\"msvalidate.01\" content=\"7dfe9f3f1b24437ab69f4f2559babe99\" \/>\n\t<meta name=\"keywords\" content=\"econom\u00eda\" \/>\n\t<link rel=\"canonical\" href=\"https:\/\/www.eldigitaldeasturias.com\/noticias\/2020-comienza-con-mas-afiliados-a-la-seguridad-social-en-turismo\/\" \/>\n\t<meta name=\"generator\" content=\"All in One SEO Pro (AIOSEO) 4.9.6.2\" \/>\n\t\t<meta property=\"og:locale\" content=\"es_ES\" \/>\n\t\t<meta property=\"og:site_name\" content=\"El Digital de Asturias\" \/>\n\t\t<meta property=\"og:type\" content=\"article\" \/>\n\t\t<meta property=\"og:title\" content=\"2020 comienza con m\u00e1s afiliados a la Seguridad Social en turismo - El Digital de Asturias\" \/>\n\t\t<meta property=\"og:description\" content=\"Los afiliados a la Seguridad Social vinculados a actividades tur\u00edsticas crecieron en enero un 3,5% interanual, alcanzando un total de 2.371.103 afiliados, seg\u00fan los datos incluidos en el Informe sobre Empleo en Turismo elaborado por Turespa\u00f1a, dependiente del Ministerio de Industria, Comercio y Turismo. Es la cifra m\u00e1s alta en la serie hist\u00f3rica de un\" \/>\n\t\t<meta property=\"og:url\" content=\"https:\/\/www.eldigitaldeasturias.com\/noticias\/2020-comienza-con-mas-afiliados-a-la-seguridad-social-en-turismo\/\" \/>\n\t\t<meta property=\"og:image\" content=\"https:\/\/www.eldigitaldeasturias.com\/noticias\/wp-content\/uploads\/2019\/02\/airport-731196_960_720.jpg\" \/>\n\t\t<meta property=\"og:image:secure_url\" content=\"https:\/\/www.eldigitaldeasturias.com\/noticias\/wp-content\/uploads\/2019\/02\/airport-731196_960_720.jpg\" \/>\n\t\t<meta property=\"og:image:width\" content=\"960\" \/>\n\t\t<meta property=\"og:image:height\" content=\"640\" \/>\n\t\t<meta property=\"article:tag\" content=\"econom\u00eda\" \/>\n\t\t<meta property=\"article:published_time\" content=\"2020-02-20T17:44:23+00:00\" \/>\n\t\t<meta property=\"article:modified_time\" content=\"2020-02-20T17:44:23+00:00\" \/>\n\t\t<meta property=\"article:publisher\" content=\"https:\/\/facebook.com\/eldigitaldeasturias\" \/>\n\t\t<meta name=\"twitter:card\" content=\"summary_large_image\" \/>\n\t\t<meta name=\"twitter:title\" content=\"2020 comienza con m\u00e1s afiliados a la Seguridad Social en turismo - El Digital de Asturias\" \/>\n\t\t<meta name=\"twitter:description\" content=\"Los afiliados a la Seguridad Social vinculados a actividades tur\u00edsticas crecieron en enero un 3,5% interanual, alcanzando un total de 2.371.103 afiliados, seg\u00fan los datos incluidos en el Informe sobre Empleo en Turismo elaborado por Turespa\u00f1a, dependiente del Ministerio de Industria, Comercio y Turismo. Es la cifra m\u00e1s alta en la serie hist\u00f3rica de un\" \/>\n\t\t<meta name=\"twitter:image\" content=\"https:\/\/www.eldigitaldeasturias.com\/noticias\/wp-content\/uploads\/2019\/02\/airport-731196_960_720.jpg\" \/>\n\t\t<meta name=\"twitter:label1\" content=\"Escrito por\" \/>\n\t\t<meta name=\"twitter:data1\" content=\"El Digital de Asturias\" \/>\n\t\t<meta name=\"twitter:label2\" content=\"Tiempo de lectura estimado\" \/>\n\t\t<meta name=\"twitter:data2\" content=\"2 minutos\" \/>\n\t\t<script type=\"application\/ld+json\" class=\"aioseo-schema\">\n\t\t\t{\"@context\":\"https:\\\/\\\/schema.org\",\"@graph\":[{\"@type\":\"BlogPosting\",\"@id\":\"https:\\\/\\\/www.eldigitaldeasturias.com\\\/noticias\\\/2020-comienza-con-mas-afiliados-a-la-seguridad-social-en-turismo\\\/#blogposting\",\"name\":\"2020 comienza con m\\u00e1s afiliados a la Seguridad Social en turismo - El Digital de Asturias\",\"headline\":\"2020 comienza con m\\u00e1s afiliados a la Seguridad Social en turismo\",\"author\":{\"@id\":\"https:\\\/\\\/www.eldigitaldeasturias.com\\\/noticias\\\/author\\\/admin\\\/#author\"},\"publisher\":{\"@id\":\"https:\\\/\\\/www.eldigitaldeasturias.com\\\/noticias\\\/#organization\"},\"image\":{\"@type\":\"ImageObject\",\"url\":\"https:\\\/\\\/www.eldigitaldeasturias.com\\\/noticias\\\/wp-content\\\/uploads\\\/2019\\\/02\\\/airport-731196_960_720.jpg\",\"width\":960,\"height\":640},\"datePublished\":\"2020-02-20T17:44:23+01:00\",\"dateModified\":\"2020-02-20T17:44:23+01:00\",\"inLanguage\":\"es-ES\",\"mainEntityOfPage\":{\"@id\":\"https:\\\/\\\/www.eldigitaldeasturias.com\\\/noticias\\\/2020-comienza-con-mas-afiliados-a-la-seguridad-social-en-turismo\\\/#webpage\"},\"isPartOf\":{\"@id\":\"https:\\\/\\\/www.eldigitaldeasturias.com\\\/noticias\\\/2020-comienza-con-mas-afiliados-a-la-seguridad-social-en-turismo\\\/#webpage\"},\"articleSection\":\"Econom\\u00eda\"},{\"@type\":\"BreadcrumbList\",\"@id\":\"https:\\\/\\\/www.eldigitaldeasturias.com\\\/noticias\\\/2020-comienza-con-mas-afiliados-a-la-seguridad-social-en-turismo\\\/#breadcrumblist\",\"itemListElement\":[{\"@type\":\"ListItem\",\"@id\":\"https:\\\/\\\/www.eldigitaldeasturias.com\\\/noticias#listItem\",\"position\":1,\"name\":\"Home\",\"item\":\"https:\\\/\\\/www.eldigitaldeasturias.com\\\/noticias\",\"nextItem\":{\"@type\":\"ListItem\",\"@id\":\"https:\\\/\\\/www.eldigitaldeasturias.com\\\/noticias\\\/category\\\/economia\\\/#listItem\",\"name\":\"Econom\\u00eda\"}},{\"@type\":\"ListItem\",\"@id\":\"https:\\\/\\\/www.eldigitaldeasturias.com\\\/noticias\\\/category\\\/economia\\\/#listItem\",\"position\":2,\"name\":\"Econom\\u00eda\",\"item\":\"https:\\\/\\\/www.eldigitaldeasturias.com\\\/noticias\\\/category\\\/economia\\\/\",\"nextItem\":{\"@type\":\"ListItem\",\"@id\":\"https:\\\/\\\/www.eldigitaldeasturias.com\\\/noticias\\\/2020-comienza-con-mas-afiliados-a-la-seguridad-social-en-turismo\\\/#listItem\",\"name\":\"2020 comienza con m\\u00e1s afiliados a la Seguridad Social en turismo\"},\"previousItem\":{\"@type\":\"ListItem\",\"@id\":\"https:\\\/\\\/www.eldigitaldeasturias.com\\\/noticias#listItem\",\"name\":\"Home\"}},{\"@type\":\"ListItem\",\"@id\":\"https:\\\/\\\/www.eldigitaldeasturias.com\\\/noticias\\\/2020-comienza-con-mas-afiliados-a-la-seguridad-social-en-turismo\\\/#listItem\",\"position\":3,\"name\":\"2020 comienza con m\\u00e1s afiliados a la Seguridad Social en turismo\",\"previousItem\":{\"@type\":\"ListItem\",\"@id\":\"https:\\\/\\\/www.eldigitaldeasturias.com\\\/noticias\\\/category\\\/economia\\\/#listItem\",\"name\":\"Econom\\u00eda\"}}]},{\"@type\":\"Organization\",\"@id\":\"https:\\\/\\\/www.eldigitaldeasturias.com\\\/noticias\\\/#organization\",\"name\":\"El Digital de Asturias\",\"description\":\"Hemeroteca\",\"url\":\"https:\\\/\\\/www.eldigitaldeasturias.com\\\/noticias\\\/\",\"email\":\"info@eldigitaldeasturias.com\",\"telephone\":\"+34652131393\",\"logo\":{\"@type\":\"ImageObject\",\"url\":\"https:\\\/\\\/www.eldigitaldeasturias.com\\\/noticias\\\/wp-content\\\/uploads\\\/2020\\\/12\\\/EDA.jpg\",\"@id\":\"https:\\\/\\\/www.eldigitaldeasturias.com\\\/noticias\\\/2020-comienza-con-mas-afiliados-a-la-seguridad-social-en-turismo\\\/#organizationLogo\",\"width\":649,\"height\":297},\"image\":{\"@id\":\"https:\\\/\\\/www.eldigitaldeasturias.com\\\/noticias\\\/2020-comienza-con-mas-afiliados-a-la-seguridad-social-en-turismo\\\/#organizationLogo\"},\"sameAs\":[\"https:\\\/\\\/facebook.com\\\/eldigitaldeasturias\",\"https:\\\/\\\/www.youtube.com\\\/channel\\\/UCZP-2wLEB9Rv6erhFmqVnvg\"],\"address\":{\"@id\":\"https:\\\/\\\/www.eldigitaldeasturias.com\\\/noticias\\\/#postaladdress\",\"@type\":\"PostalAddress\",\"streetAddress\":\"san antonio 4,\",\"postalCode\":\"33430\",\"addressLocality\":\"Cand\\u00e1s\",\"addressRegion\":\"Asturias\",\"addressCountry\":\"ES\"}},{\"@type\":\"Person\",\"@id\":\"https:\\\/\\\/www.eldigitaldeasturias.com\\\/noticias\\\/author\\\/admin\\\/#author\",\"url\":\"https:\\\/\\\/www.eldigitaldeasturias.com\\\/noticias\\\/author\\\/admin\\\/\",\"name\":\"El Digital de Asturias\",\"image\":{\"@type\":\"ImageObject\",\"@id\":\"https:\\\/\\\/www.eldigitaldeasturias.com\\\/noticias\\\/2020-comienza-con-mas-afiliados-a-la-seguridad-social-en-turismo\\\/#authorImage\",\"url\":\"https:\\\/\\\/www.eldigitaldeasturias.com\\\/noticias\\\/wp-content\\\/litespeed\\\/avatar\\\/18677e78aa0546b92d9dbf31ec7d7668.jpg?ver=1777290358\",\"width\":96,\"height\":96,\"caption\":\"El Digital de Asturias\"}},{\"@type\":\"WebPage\",\"@id\":\"https:\\\/\\\/www.eldigitaldeasturias.com\\\/noticias\\\/2020-comienza-con-mas-afiliados-a-la-seguridad-social-en-turismo\\\/#webpage\",\"url\":\"https:\\\/\\\/www.eldigitaldeasturias.com\\\/noticias\\\/2020-comienza-con-mas-afiliados-a-la-seguridad-social-en-turismo\\\/\",\"name\":\"2020 comienza con m\\u00e1s afiliados a la Seguridad Social en turismo - El Digital de Asturias\",\"description\":\"Los afiliados a la Seguridad Social vinculados a actividades tur\\u00edsticas crecieron en enero un 3,5% interanual, alcanzando un total de 2.371.103 afiliados, seg\\u00fan los datos incluidos en el Informe sobre Empleo en Turismo elaborado por Turespa\\u00f1a, dependiente del Ministerio de Industria, Comercio y Turismo. Es la cifra m\\u00e1s alta en la serie hist\\u00f3rica de un\",\"inLanguage\":\"es-ES\",\"isPartOf\":{\"@id\":\"https:\\\/\\\/www.eldigitaldeasturias.com\\\/noticias\\\/#website\"},\"breadcrumb\":{\"@id\":\"https:\\\/\\\/www.eldigitaldeasturias.com\\\/noticias\\\/2020-comienza-con-mas-afiliados-a-la-seguridad-social-en-turismo\\\/#breadcrumblist\"},\"author\":{\"@id\":\"https:\\\/\\\/www.eldigitaldeasturias.com\\\/noticias\\\/author\\\/admin\\\/#author\"},\"creator\":{\"@id\":\"https:\\\/\\\/www.eldigitaldeasturias.com\\\/noticias\\\/author\\\/admin\\\/#author\"},\"image\":{\"@type\":\"ImageObject\",\"url\":\"https:\\\/\\\/www.eldigitaldeasturias.com\\\/noticias\\\/wp-content\\\/uploads\\\/2019\\\/02\\\/airport-731196_960_720.jpg\",\"@id\":\"https:\\\/\\\/www.eldigitaldeasturias.com\\\/noticias\\\/2020-comienza-con-mas-afiliados-a-la-seguridad-social-en-turismo\\\/#mainImage\",\"width\":960,\"height\":640},\"primaryImageOfPage\":{\"@id\":\"https:\\\/\\\/www.eldigitaldeasturias.com\\\/noticias\\\/2020-comienza-con-mas-afiliados-a-la-seguridad-social-en-turismo\\\/#mainImage\"},\"datePublished\":\"2020-02-20T17:44:23+01:00\",\"dateModified\":\"2020-02-20T17:44:23+01:00\"},{\"@type\":\"WebSite\",\"@id\":\"https:\\\/\\\/www.eldigitaldeasturias.com\\\/noticias\\\/#website\",\"url\":\"https:\\\/\\\/www.eldigitaldeasturias.com\\\/noticias\\\/\",\"name\":\"El Digital de Asturias - Diario de actualidad y noticias\",\"alternateName\":\"El Digital de Asturias - Diario de actualidad y noticias\",\"description\":\"Hemeroteca\",\"inLanguage\":\"es-ES\",\"publisher\":{\"@id\":\"https:\\\/\\\/www.eldigitaldeasturias.com\\\/noticias\\\/#organization\"}}]}\n\t\t<\/script>\n\t\t<!-- All in One SEO Pro -->\r\n\t\t<title>2020 comienza con m\u00e1s afiliados a la Seguridad Social en turismo - El Digital de Asturias<\/title>\n\n","aioseo_head_json":{"title":"2020 comienza con m\u00e1s afiliados a la Seguridad Social en turismo - El Digital de Asturias","description":"Los afiliados a la Seguridad Social vinculados a actividades tur\u00edsticas crecieron en enero un 3,5% interanual, alcanzando un total de 2.371.103 afiliados, seg\u00fan los datos incluidos en el Informe sobre Empleo en Turismo elaborado por Turespa\u00f1a, dependiente del Ministerio de Industria, Comercio y Turismo. Es la cifra m\u00e1s alta en la serie hist\u00f3rica de un","canonical_url":"https:\/\/www.eldigitaldeasturias.com\/noticias\/2020-comienza-con-mas-afiliados-a-la-seguridad-social-en-turismo\/","robots":"max-image-preview:large","keywords":"econom\u00eda","webmasterTools":{"google-site-verification":"UA-38556648-1","msvalidate.01":"7dfe9f3f1b24437ab69f4f2559babe99","miscellaneous":""},"schema":{"@context":"https:\/\/schema.org","@graph":[{"@type":"BlogPosting","@id":"https:\/\/www.eldigitaldeasturias.com\/noticias\/2020-comienza-con-mas-afiliados-a-la-seguridad-social-en-turismo\/#blogposting","name":"2020 comienza con m\u00e1s afiliados a la Seguridad Social en turismo - El Digital de Asturias","headline":"2020 comienza con m\u00e1s afiliados a la Seguridad Social en turismo","author":{"@id":"https:\/\/www.eldigitaldeasturias.com\/noticias\/author\/admin\/#author"},"publisher":{"@id":"https:\/\/www.eldigitaldeasturias.com\/noticias\/#organization"},"image":{"@type":"ImageObject","url":"https:\/\/www.eldigitaldeasturias.com\/noticias\/wp-content\/uploads\/2019\/02\/airport-731196_960_720.jpg","width":960,"height":640},"datePublished":"2020-02-20T17:44:23+01:00","dateModified":"2020-02-20T17:44:23+01:00","inLanguage":"es-ES","mainEntityOfPage":{"@id":"https:\/\/www.eldigitaldeasturias.com\/noticias\/2020-comienza-con-mas-afiliados-a-la-seguridad-social-en-turismo\/#webpage"},"isPartOf":{"@id":"https:\/\/www.eldigitaldeasturias.com\/noticias\/2020-comienza-con-mas-afiliados-a-la-seguridad-social-en-turismo\/#webpage"},"articleSection":"Econom\u00eda"},{"@type":"BreadcrumbList","@id":"https:\/\/www.eldigitaldeasturias.com\/noticias\/2020-comienza-con-mas-afiliados-a-la-seguridad-social-en-turismo\/#breadcrumblist","itemListElement":[{"@type":"ListItem","@id":"https:\/\/www.eldigitaldeasturias.com\/noticias#listItem","position":1,"name":"Home","item":"https:\/\/www.eldigitaldeasturias.com\/noticias","nextItem":{"@type":"ListItem","@id":"https:\/\/www.eldigitaldeasturias.com\/noticias\/category\/economia\/#listItem","name":"Econom\u00eda"}},{"@type":"ListItem","@id":"https:\/\/www.eldigitaldeasturias.com\/noticias\/category\/economia\/#listItem","position":2,"name":"Econom\u00eda","item":"https:\/\/www.eldigitaldeasturias.com\/noticias\/category\/economia\/","nextItem":{"@type":"ListItem","@id":"https:\/\/www.eldigitaldeasturias.com\/noticias\/2020-comienza-con-mas-afiliados-a-la-seguridad-social-en-turismo\/#listItem","name":"2020 comienza con m\u00e1s afiliados a la Seguridad Social en turismo"},"previousItem":{"@type":"ListItem","@id":"https:\/\/www.eldigitaldeasturias.com\/noticias#listItem","name":"Home"}},{"@type":"ListItem","@id":"https:\/\/www.eldigitaldeasturias.com\/noticias\/2020-comienza-con-mas-afiliados-a-la-seguridad-social-en-turismo\/#listItem","position":3,"name":"2020 comienza con m\u00e1s afiliados a la Seguridad Social en turismo","previousItem":{"@type":"ListItem","@id":"https:\/\/www.eldigitaldeasturias.com\/noticias\/category\/economia\/#listItem","name":"Econom\u00eda"}}]},{"@type":"Organization","@id":"https:\/\/www.eldigitaldeasturias.com\/noticias\/#organization","name":"El Digital de Asturias","description":"Hemeroteca","url":"https:\/\/www.eldigitaldeasturias.com\/noticias\/","email":"info@eldigitaldeasturias.com","telephone":"+34652131393","logo":{"@type":"ImageObject","url":"https:\/\/www.eldigitaldeasturias.com\/noticias\/wp-content\/uploads\/2020\/12\/EDA.jpg","@id":"https:\/\/www.eldigitaldeasturias.com\/noticias\/2020-comienza-con-mas-afiliados-a-la-seguridad-social-en-turismo\/#organizationLogo","width":649,"height":297},"image":{"@id":"https:\/\/www.eldigitaldeasturias.com\/noticias\/2020-comienza-con-mas-afiliados-a-la-seguridad-social-en-turismo\/#organizationLogo"},"sameAs":["https:\/\/facebook.com\/eldigitaldeasturias","https:\/\/www.youtube.com\/channel\/UCZP-2wLEB9Rv6erhFmqVnvg"],"address":{"@id":"https:\/\/www.eldigitaldeasturias.com\/noticias\/#postaladdress","@type":"PostalAddress","streetAddress":"san antonio 4,","postalCode":"33430","addressLocality":"Cand\u00e1s","addressRegion":"Asturias","addressCountry":"ES"}},{"@type":"Person","@id":"https:\/\/www.eldigitaldeasturias.com\/noticias\/author\/admin\/#author","url":"https:\/\/www.eldigitaldeasturias.com\/noticias\/author\/admin\/","name":"El Digital de Asturias","image":{"@type":"ImageObject","@id":"https:\/\/www.eldigitaldeasturias.com\/noticias\/2020-comienza-con-mas-afiliados-a-la-seguridad-social-en-turismo\/#authorImage","url":"https:\/\/www.eldigitaldeasturias.com\/noticias\/wp-content\/litespeed\/avatar\/18677e78aa0546b92d9dbf31ec7d7668.jpg?ver=1777290358","width":96,"height":96,"caption":"El Digital de Asturias"}},{"@type":"WebPage","@id":"https:\/\/www.eldigitaldeasturias.com\/noticias\/2020-comienza-con-mas-afiliados-a-la-seguridad-social-en-turismo\/#webpage","url":"https:\/\/www.eldigitaldeasturias.com\/noticias\/2020-comienza-con-mas-afiliados-a-la-seguridad-social-en-turismo\/","name":"2020 comienza con m\u00e1s afiliados a la Seguridad Social en turismo - El Digital de Asturias","description":"Los afiliados a la Seguridad Social vinculados a actividades tur\u00edsticas crecieron en enero un 3,5% interanual, alcanzando un total de 2.371.103 afiliados, seg\u00fan los datos incluidos en el Informe sobre Empleo en Turismo elaborado por Turespa\u00f1a, dependiente del Ministerio de Industria, Comercio y Turismo. Es la cifra m\u00e1s alta en la serie hist\u00f3rica de un","inLanguage":"es-ES","isPartOf":{"@id":"https:\/\/www.eldigitaldeasturias.com\/noticias\/#website"},"breadcrumb":{"@id":"https:\/\/www.eldigitaldeasturias.com\/noticias\/2020-comienza-con-mas-afiliados-a-la-seguridad-social-en-turismo\/#breadcrumblist"},"author":{"@id":"https:\/\/www.eldigitaldeasturias.com\/noticias\/author\/admin\/#author"},"creator":{"@id":"https:\/\/www.eldigitaldeasturias.com\/noticias\/author\/admin\/#author"},"image":{"@type":"ImageObject","url":"https:\/\/www.eldigitaldeasturias.com\/noticias\/wp-content\/uploads\/2019\/02\/airport-731196_960_720.jpg","@id":"https:\/\/www.eldigitaldeasturias.com\/noticias\/2020-comienza-con-mas-afiliados-a-la-seguridad-social-en-turismo\/#mainImage","width":960,"height":640},"primaryImageOfPage":{"@id":"https:\/\/www.eldigitaldeasturias.com\/noticias\/2020-comienza-con-mas-afiliados-a-la-seguridad-social-en-turismo\/#mainImage"},"datePublished":"2020-02-20T17:44:23+01:00","dateModified":"2020-02-20T17:44:23+01:00"},{"@type":"WebSite","@id":"https:\/\/www.eldigitaldeasturias.com\/noticias\/#website","url":"https:\/\/www.eldigitaldeasturias.com\/noticias\/","name":"El Digital de Asturias - Diario de actualidad y noticias","alternateName":"El Digital de Asturias - Diario de actualidad y noticias","description":"Hemeroteca","inLanguage":"es-ES","publisher":{"@id":"https:\/\/www.eldigitaldeasturias.com\/noticias\/#organization"}}]},"og:locale":"es_ES","og:site_name":"El Digital de Asturias","og:type":"article","og:title":"2020 comienza con m\u00e1s afiliados a la Seguridad Social en turismo - El Digital de Asturias","og:description":"Los afiliados a la Seguridad Social vinculados a actividades tur\u00edsticas crecieron en enero un 3,5% interanual, alcanzando un total de 2.371.103 afiliados, seg\u00fan los datos incluidos en el Informe sobre Empleo en Turismo elaborado por Turespa\u00f1a, dependiente del Ministerio de Industria, Comercio y Turismo. Es la cifra m\u00e1s alta en la serie hist\u00f3rica de un","og:url":"https:\/\/www.eldigitaldeasturias.com\/noticias\/2020-comienza-con-mas-afiliados-a-la-seguridad-social-en-turismo\/","og:image":"https:\/\/www.eldigitaldeasturias.com\/noticias\/wp-content\/uploads\/2019\/02\/airport-731196_960_720.jpg","og:image:secure_url":"https:\/\/www.eldigitaldeasturias.com\/noticias\/wp-content\/uploads\/2019\/02\/airport-731196_960_720.jpg","og:image:width":960,"og:image:height":640,"article:tag":["econom\u00eda"],"article:published_time":"2020-02-20T17:44:23+00:00","article:modified_time":"2020-02-20T17:44:23+00:00","article:publisher":"https:\/\/facebook.com\/eldigitaldeasturias","twitter:card":"summary_large_image","twitter:title":"2020 comienza con m\u00e1s afiliados a la Seguridad Social en turismo - El Digital de Asturias","twitter:description":"Los afiliados a la Seguridad Social vinculados a actividades tur\u00edsticas crecieron en enero un 3,5% interanual, alcanzando un total de 2.371.103 afiliados, seg\u00fan los datos incluidos en el Informe sobre Empleo en Turismo elaborado por Turespa\u00f1a, dependiente del Ministerio de Industria, Comercio y Turismo. Es la cifra m\u00e1s alta en la serie hist\u00f3rica de un","twitter:image":"https:\/\/www.eldigitaldeasturias.com\/noticias\/wp-content\/uploads\/2019\/02\/airport-731196_960_720.jpg","twitter:label1":"Escrito por","twitter:data1":"El Digital de Asturias","twitter:label2":"Tiempo de lectura estimado","twitter:data2":"2 minutos"},"aioseo_meta_data":{"post_id":"1058300","title":null,"description":null,"keywords":null,"keyphrases":null,"primary_term":null,"canonical_url":null,"og_title":null,"og_description":null,"og_object_type":"default","og_image_type":"default","og_image_url":null,"og_image_width":null,"og_image_height":null,"og_image_custom_url":null,"og_image_custom_fields":null,"og_video":null,"og_custom_url":null,"og_article_section":null,"og_article_tags":null,"twitter_use_og":false,"twitter_card":"default","twitter_image_type":"default","twitter_image_url":null,"twitter_image_custom_url":null,"twitter_image_custom_fields":null,"twitter_title":null,"twitter_description":null,"schema":{"blockGraphs":[],"customGraphs":[],"default":{"data":{"Article":[],"Course":[],"Dataset":[],"FAQPage":[],"Movie":[],"Person":[],"Product":[],"ProductReview":[],"Car":[],"Recipe":[],"Service":[],"SoftwareApplication":[],"WebPage":[]},"graphName":"","isEnabled":true},"graphs":[],"defaultGraph":"","defaultPostTypeGraph":""},"schema_type":null,"schema_type_options":null,"pillar_content":false,"robots_default":true,"robots_noindex":false,"robots_noarchive":false,"robots_nosnippet":false,"robots_nofollow":false,"robots_noimageindex":false,"robots_noodp":false,"robots_notranslate":false,"robots_max_snippet":null,"robots_max_videopreview":null,"robots_max_imagepreview":"large","priority":null,"frequency":null,"local_seo":null,"seo_analyzer_scan_date":"2025-10-31 05:01:08","breadcrumb_settings":null,"limit_modified_date":false,"open_ai":null,"ai":null,"created":"2020-12-21 10:55:13","updated":"2025-10-31 05:01:08"},"aioseo_breadcrumb":"<div class=\"aioseo-breadcrumbs\"><span class=\"aioseo-breadcrumb\">\n\t<a href=\"https:\/\/www.eldigitaldeasturias.com\/noticias\" title=\"Home\">Home<\/a>\n<\/span><span class=\"aioseo-breadcrumb-separator\">\u2013<\/span><span class=\"aioseo-breadcrumb\">\n\t<a href=\"https:\/\/www.eldigitaldeasturias.com\/noticias\/category\/economia\/\" title=\"Econom\u00eda\">Econom\u00eda<\/a>\n<\/span><span class=\"aioseo-breadcrumb-separator\">\u2013<\/span><span class=\"aioseo-breadcrumb\">\n\t<a href=\"https:\/\/www.eldigitaldeasturias.com\/noticias\/2020-comienza-con-mas-afiliados-a-la-seguridad-social-en-turismo\/\" title=\"2020 comienza con m\u00e1s afiliados a la Seguridad Social en turismo\">2020 comienza con m\u00e1s afiliados a la Seguridad Social en turismo<\/a>\n<\/span><\/div>","aioseo_breadcrumb_json":[{"label":"Home","link":"https:\/\/www.eldigitaldeasturias.com\/noticias"},{"label":"Econom\u00eda","link":"https:\/\/www.eldigitaldeasturias.com\/noticias\/category\/economia\/"},{"label":"2020 comienza con m\u00e1s afiliados a la Seguridad Social en turismo","link":"https:\/\/www.eldigitaldeasturias.com\/noticias\/2020-comienza-con-mas-afiliados-a-la-seguridad-social-en-turismo\/"}],"_links":{"self":[{"href":"https:\/\/www.eldigitaldeasturias.com\/noticias\/wp-json\/wp\/v2\/posts\/1058300","targetHints":{"allow":["GET"]}}],"collection":[{"href":"https:\/\/www.eldigitaldeasturias.com\/noticias\/wp-json\/wp\/v2\/posts"}],"about":[{"href":"https:\/\/www.eldigitaldeasturias.com\/noticias\/wp-json\/wp\/v2\/types\/post"}],"author":[{"embeddable":true,"href":"https:\/\/www.eldigitaldeasturias.com\/noticias\/wp-json\/wp\/v2\/users\/1"}],"replies":[{"embeddable":true,"href":"https:\/\/www.eldigitaldeasturias.com\/noticias\/wp-json\/wp\/v2\/comments?post=1058300"}],"version-history":[{"count":0,"href":"https:\/\/www.eldigitaldeasturias.com\/noticias\/wp-json\/wp\/v2\/posts\/1058300\/revisions"}],"wp:featuredmedia":[{"embeddable":true,"href":"https:\/\/www.eldigitaldeasturias.com\/noticias\/wp-json\/wp\/v2\/media\/1016180"}],"wp:attachment":[{"href":"https:\/\/www.eldigitaldeasturias.com\/noticias\/wp-json\/wp\/v2\/media?parent=1058300"}],"wp:term":[{"taxonomy":"category","embeddable":true,"href":"https:\/\/www.eldigitaldeasturias.com\/noticias\/wp-json\/wp\/v2\/categories?post=1058300"},{"taxonomy":"post_tag","embeddable":true,"href":"https:\/\/www.eldigitaldeasturias.com\/noticias\/wp-json\/wp\/v2\/tags?post=1058300"}],"curies":[{"name":"wp","href":"https:\/\/api.w.org\/{rel}","templated":true}]}}