{"id":1057604,"date":"2020-02-14T17:25:34","date_gmt":"2020-02-14T17:25:34","guid":{"rendered":"https:\/\/www.eldigitaldeasturias.com\/noticias\/?p=1057604"},"modified":"2020-02-14T17:25:34","modified_gmt":"2020-02-14T17:25:34","slug":"sevilla-amplia-el-parque-de-vivienda-social-con-la-financiacion-del-bei-e-ico","status":"publish","type":"post","link":"https:\/\/www.eldigitaldeasturias.com\/noticias\/sevilla-amplia-el-parque-de-vivienda-social-con-la-financiacion-del-bei-e-ico\/","title":{"rendered":"Sevilla ampl\u00eda el parque de vivienda social con la financiaci\u00f3n del BEI e ICO"},"content":{"rendered":"<p class=\"x_Prrafobsico\"><span lang=\"ES-TRAD\"><img loading=\"lazy\" decoding=\"async\" class=\"alignleft size-medium wp-image-983320\" src=\"https:\/\/www.eldigitaldeasturias.com\/noticias\/wp-content\/uploads\/2018\/06\/blue-1283011_960_720-360x252.jpg\" alt=\"\" width=\"360\" height=\"252\" srcset=\"https:\/\/www.eldigitaldeasturias.com\/noticias\/wp-content\/uploads\/2018\/06\/blue-1283011_960_720-360x252.jpg 360w, https:\/\/www.eldigitaldeasturias.com\/noticias\/wp-content\/uploads\/2018\/06\/blue-1283011_960_720-429x300.jpg 429w, https:\/\/www.eldigitaldeasturias.com\/noticias\/wp-content\/uploads\/2018\/06\/blue-1283011_960_720-768x537.jpg 768w, https:\/\/www.eldigitaldeasturias.com\/noticias\/wp-content\/uploads\/2018\/06\/blue-1283011_960_720-687x480.jpg 687w, https:\/\/www.eldigitaldeasturias.com\/noticias\/wp-content\/uploads\/2018\/06\/blue-1283011_960_720-20x14.jpg 20w, https:\/\/www.eldigitaldeasturias.com\/noticias\/wp-content\/uploads\/2018\/06\/blue-1283011_960_720.jpg 960w\" sizes=\"auto, (max-width: 360px) 100vw, 360px\" \/>El Banco Europeo de Inversiones (BEI) y el Instituto de Cr\u00e9dito Oficial (ICO) facilitar\u00e1n financiaci\u00f3n flexible y atractiva, tanto en tipos de inter\u00e9s como en plazos de amortizaci\u00f3n, para ampliar la disponibilidad de viviendas de alquiler social en Sevilla. En concreto, cada uno proporcionar\u00e1 40 millones de euros a la Empresa Municipal de la Vivienda, Suelo y Equipamiento de Sevilla (EMVISESA), que se destinar\u00e1n a construir 562 viviendas sociales de alquiler a precios asequibles. Las inversiones tambi\u00e9n impulsar\u00e1n la regeneraci\u00f3n urbana en ciertas zonas de la ciudad.\u00a0<\/span><span lang=\"ES-TRAD\">\u00a0<\/span><\/p>\n<p class=\"x_Prrafobsico\"><span lang=\"ES-TRAD\">El acuerdo ha sido firmado hoy en Sevilla por el alcalde de la ciudad, Juan Espadas, la vicepresidenta del BEI, Emma Navarro, y el presidente del ICO, Jos\u00e9 Carlos Garc\u00eda de Quevedo. El BEI facilita esta financiaci\u00f3n bajo el marco del Plan de Inversiones para Europa.<\/span><span lang=\"ES-TRAD\">\u00a0<\/span><\/p>\n<p class=\"x_Prrafobsico\"><span lang=\"ES-TRAD\">En enero de 2019, el Ayuntamiento de Sevilla aprob\u00f3 su nuevo plan municipal de vivienda con un\u00a0 modelo de intervenci\u00f3n en materia de vivienda dise\u00f1ado en torno a cinco ejes: la construcci\u00f3n de nuevas promociones con criterios de sostenibilidad y eficiencia energ\u00e9tica, la rehabilitaci\u00f3n, la compra y alquiler de inmuebles vac\u00edos, \u00a0los acuerdos con el sector privado para el desarrollo de programas de alquiler asequible en la ciudad especialmente para la poblaci\u00f3n joven y la apuesta por nuevas f\u00f3rmulas de innovaci\u00f3n social como los alojamientos colaborativos o las cooperativas de viviendas. El objetivo es alcanzar las 3.000 viviendas en total en la ciudad en los pr\u00f3ximos cinco a\u00f1os.<\/span><span lang=\"ES-TRAD\">\u00a0<\/span><\/p>\n<p class=\"x_Prrafobsico\"><span lang=\"ES-TRAD\">El proyecto financiado por el BEI e ICO y firmado hoy incluye 8 promociones de nueva construcci\u00f3n y\u00a0 la rehabilitaci\u00f3n de otras dos. Las nuevas viviendas se distribuir\u00e1n por diferentes barrios de Sevilla y en su conjunto sumar\u00e1n una superficie total de m\u00e1s de 41.000 metros cuadrados. Las nuevas viviendas, que beneficiar\u00e1n a unas 1.000 personas, se destinar\u00e1n a los colectivos con rentas bajas y a grupos especialmente vulnerables, como hogares monoparentales y v\u00edctimas de la violencia de g\u00e9nero, entre otros.<\/span><span lang=\"ES-TRAD\">\u00a0<\/span><\/p>\n<p class=\"x_Prrafobsico\"><span lang=\"ES-TRAD\">El tama\u00f1o medio de estos los alojamientos ser\u00e1 de unos 70 metros cuadrados \u00fatiles y podr\u00e1n alquilarse por un precio medio de 290 euros. Seg\u00fan estimaciones de EMVISESA, el proyecto contribuir\u00e1 a crear 700 puestos de trabajo durante la fase de implementaci\u00f3n, en los pr\u00f3ximos tres a\u00f1os.<\/span><span lang=\"ES-TRAD\">\u00a0<\/span><\/p>\n<p class=\"x_Prrafobsico\"><span lang=\"ES-TRAD\">Por otra parte, el ICO facilitar\u00e1 9,2 millones de euros de financiaci\u00f3n adicional para la adquisici\u00f3n de 150 viviendas dentro del programa de captaci\u00f3n de viviendas vac\u00edas de EMVISESA, con el objetivo de incorporarlas al parque p\u00fablico de viviendas en alquiler y favorecer el acceso a la vivienda de los colectivos m\u00e1s desfavorecidos.\u00a0 De esta forma, las operaciones firmadas hoy permitir\u00e1n incorporar m\u00e1s de 700 viviendas al parque de vivienda social en alquiler de Sevilla.<\/span><span lang=\"ES-TRAD\">\u00a0<\/span><\/p>\n<p class=\"x_Prrafobsico\"><span lang=\"ES-TRAD\">En el acto de firma celebrado en Sevilla,\u00a0<b>la vicepresidenta del BEI, Emma Navarro,<\/b>\u00a0<b>responsable de la actividad del Banco en el pa\u00eds,<\/b>\u00a0ha asegurado: \u201c<i>Impulsar la cohesi\u00f3n social es uno de los grandes objetivos del banco de la UE. Desde hace m\u00e1s de 60 a\u00f1os, el BEI trabaja para favorecer un crecimiento inclusivo y mejorar la calidad de vida de los ciudadanos. Por ello estamos muy satisfechos de firmar este acuerdo con el Ayuntamiento de Sevilla, que<\/i>\u00a0<i>facilitar\u00e1 que familias andaluzas con menores ingresos puedan acceder a una vivienda social y permitir\u00e1 la reconstrucci\u00f3n integral de algunos barrios de la ciudad, al tiempo que contribuir\u00e1 a la creaci\u00f3n de empleo en la regi\u00f3n<\/i><\/span><span lang=\"ES-TRAD\">\u201d.<\/span><span lang=\"ES-TRAD\">\u00a0<\/span><\/p>\n<p class=\"x_Prrafobsico\"><span lang=\"ES-TRAD\">Sobre el acuerdo,\u00a0<b>el comisario europeo de econom\u00eda Paolo Gentiloni<\/b>\u00a0ha asegurado<\/span><i><span lang=\"ES-TRAD\">:\u00a0<\/span><\/i><span lang=\"ES-TRAD\">\u201c<\/span><i><span lang=\"ES-TRAD\">Me alegro de que la Uni\u00f3n Europea apoye un proyecto social de alta importancia en Espa\u00f1a. Gracias al acuerdo de financiaci\u00f3n firmado hoy, Sevilla contar\u00e1 con\u00a0<\/span><\/i><i>562 nuevas viviendas sociales de alquiler a precios asequibles, destinadas a grupos especialmente vulnerables. Adem\u00e1s, la construcci\u00f3n de estas viviendas crear\u00e1 unos 700 puestos de trabajo<\/i><span lang=\"ES-TRAD\">\u201d<\/span><i>.<\/i><i><span lang=\"ES-TRAD\">\u00a0<\/span><\/i><\/p>\n<p class=\"x_MsoNormal\"><b>Por su parte el presidente del ICO, Jos\u00e9 Carlos Garc\u00eda de Quevedo, ha destacado<\/b>: \u201c<i>el Grupo ICO ha incorporado la sostenibilidad como un eje transversal de su actuaci\u00f3n en sus diversas vertientes: medioambiental, social y de gobernanza para promover el crecimiento econ\u00f3mico sostenible. Sin duda, la participaci\u00f3n en la financiaci\u00f3n de proyectos como el que firmamos hoy, que permitir\u00e1 ofrecer a los colectivos sociales m\u00e1s vulnerables mejores opciones de acceso a una vivienda<\/i><i><span lang=\"ES-TRAD\">, constituye un importante paso en esta l\u00ednea de actuaci\u00f3n.\u201d<\/span><\/i><i><span lang=\"ES-TRAD\">\u00a0<\/span><\/i><\/p>\n<p class=\"x_MsoNormal\"><i>\u201cEste nuevo plan municipal de la vivienda de Sevilla, que ser\u00e1 posible gracias a este primer gran acuerdo de financiaci\u00f3n con el BEI y el ICO en la historia del Ayuntamiento de Sevilla, se enmarca dentro de un modelo de ciudad que apuesta por la transformaci\u00f3n social, la sostenibilidad y la igualdad de oportunidades. Un modelo definido en el Plan Estrat\u00e9gico Sevilla 2030\u00a0y en el compromiso de la ciudad con los Objetivos de Desarrollo Urbano Sostenible de Naciones Unidas.\u00a0 Este gran acuerdo de financiaci\u00f3n y el nuevo plan municipal convertir\u00e1n, por tanto, a Sevilla en un referente en cuanto a su apuesta p\u00fablica por la vivienda, dando respuestas sociales y adaptadas a las distintas realidades y necesidades de la ciudadan\u00eda\u201d,\u00a0<\/i>explic\u00f3 el\u00a0<b>alcalde de Sevilla, Juan Espadas.\u00a0<\/b><\/p>\n<p>&nbsp;<\/p>\n","protected":false},"excerpt":{"rendered":"<p>El Banco Europeo de Inversiones (BEI) y el Instituto de Cr\u00e9dito Oficial (ICO) facilitar\u00e1n financiaci\u00f3n flexible y atractiva, tanto en tipos de inter\u00e9s como en plazos de amortizaci\u00f3n, para ampliar la disponibilidad de viviendas de alquiler social en Sevilla. En concreto, cada uno proporcionar\u00e1 40 millones de euros a la Empresa Municipal de la Vivienda, [&hellip;]<\/p>\n","protected":false},"author":1,"featured_media":983320,"comment_status":"closed","ping_status":"closed","sticky":false,"template":"","format":"standard","meta":{"footnotes":""},"categories":[187],"tags":[],"class_list":["post-1057604","post","type-post","status-publish","format-standard","has-post-thumbnail","hentry","category-economia"],"aioseo_notices":[],"aioseo_head":"\n\t\t<!-- All in One SEO Pro 4.9.6.2 - aioseo.com -->\n\t<meta name=\"description\" content=\"El Banco Europeo de Inversiones (BEI) y el Instituto de Cr\u00e9dito Oficial (ICO) facilitar\u00e1n financiaci\u00f3n flexible y atractiva, tanto en tipos de inter\u00e9s como en plazos de amortizaci\u00f3n, para ampliar la disponibilidad de viviendas de alquiler social en Sevilla. En concreto, cada uno proporcionar\u00e1 40 millones de euros a la Empresa Municipal de la Vivienda,\" \/>\n\t<meta name=\"robots\" content=\"max-image-preview:large\" \/>\n\t<meta name=\"author\" content=\"El Digital de Asturias\"\/>\n\t<meta name=\"google-site-verification\" content=\"UA-38556648-1\" \/>\n\t<meta name=\"msvalidate.01\" content=\"7dfe9f3f1b24437ab69f4f2559babe99\" \/>\n\t<meta name=\"keywords\" content=\"econom\u00eda\" \/>\n\t<link rel=\"canonical\" href=\"https:\/\/www.eldigitaldeasturias.com\/noticias\/sevilla-amplia-el-parque-de-vivienda-social-con-la-financiacion-del-bei-e-ico\/\" \/>\n\t<meta name=\"generator\" content=\"All in One SEO Pro (AIOSEO) 4.9.6.2\" \/>\n\t\t<meta property=\"og:locale\" content=\"es_ES\" \/>\n\t\t<meta property=\"og:site_name\" content=\"El Digital de Asturias\" \/>\n\t\t<meta property=\"og:type\" content=\"article\" \/>\n\t\t<meta property=\"og:title\" content=\"Sevilla ampl\u00eda el parque de vivienda social con la financiaci\u00f3n del BEI e ICO - El Digital de Asturias\" \/>\n\t\t<meta property=\"og:description\" content=\"El Banco Europeo de Inversiones (BEI) y el Instituto de Cr\u00e9dito Oficial (ICO) facilitar\u00e1n financiaci\u00f3n flexible y atractiva, tanto en tipos de inter\u00e9s como en plazos de amortizaci\u00f3n, para ampliar la disponibilidad de viviendas de alquiler social en Sevilla. En concreto, cada uno proporcionar\u00e1 40 millones de euros a la Empresa Municipal de la Vivienda,\" \/>\n\t\t<meta property=\"og:url\" content=\"https:\/\/www.eldigitaldeasturias.com\/noticias\/sevilla-amplia-el-parque-de-vivienda-social-con-la-financiacion-del-bei-e-ico\/\" \/>\n\t\t<meta property=\"og:image\" content=\"https:\/\/www.eldigitaldeasturias.com\/noticias\/wp-content\/uploads\/2018\/06\/blue-1283011_960_720.jpg\" \/>\n\t\t<meta property=\"og:image:secure_url\" content=\"https:\/\/www.eldigitaldeasturias.com\/noticias\/wp-content\/uploads\/2018\/06\/blue-1283011_960_720.jpg\" \/>\n\t\t<meta property=\"og:image:width\" content=\"960\" \/>\n\t\t<meta property=\"og:image:height\" content=\"671\" \/>\n\t\t<meta property=\"article:tag\" content=\"econom\u00eda\" \/>\n\t\t<meta property=\"article:published_time\" content=\"2020-02-14T17:25:34+00:00\" \/>\n\t\t<meta property=\"article:modified_time\" content=\"2020-02-14T17:25:34+00:00\" \/>\n\t\t<meta property=\"article:publisher\" content=\"https:\/\/facebook.com\/eldigitaldeasturias\" \/>\n\t\t<meta name=\"twitter:card\" content=\"summary_large_image\" \/>\n\t\t<meta name=\"twitter:title\" content=\"Sevilla ampl\u00eda el parque de vivienda social con la financiaci\u00f3n del BEI e ICO - El Digital de Asturias\" \/>\n\t\t<meta name=\"twitter:description\" content=\"El Banco Europeo de Inversiones (BEI) y el Instituto de Cr\u00e9dito Oficial (ICO) facilitar\u00e1n financiaci\u00f3n flexible y atractiva, tanto en tipos de inter\u00e9s como en plazos de amortizaci\u00f3n, para ampliar la disponibilidad de viviendas de alquiler social en Sevilla. En concreto, cada uno proporcionar\u00e1 40 millones de euros a la Empresa Municipal de la Vivienda,\" \/>\n\t\t<meta name=\"twitter:image\" content=\"https:\/\/www.eldigitaldeasturias.com\/noticias\/wp-content\/uploads\/2018\/06\/blue-1283011_960_720.jpg\" \/>\n\t\t<meta name=\"twitter:label1\" content=\"Escrito por\" \/>\n\t\t<meta name=\"twitter:data1\" content=\"El Digital de Asturias\" \/>\n\t\t<meta name=\"twitter:label2\" content=\"Tiempo de lectura estimado\" \/>\n\t\t<meta name=\"twitter:data2\" content=\"4 minutos\" \/>\n\t\t<script type=\"application\/ld+json\" class=\"aioseo-schema\">\n\t\t\t{\"@context\":\"https:\\\/\\\/schema.org\",\"@graph\":[{\"@type\":\"BlogPosting\",\"@id\":\"https:\\\/\\\/www.eldigitaldeasturias.com\\\/noticias\\\/sevilla-amplia-el-parque-de-vivienda-social-con-la-financiacion-del-bei-e-ico\\\/#blogposting\",\"name\":\"Sevilla ampl\\u00eda el parque de vivienda social con la financiaci\\u00f3n del BEI e ICO - El Digital de Asturias\",\"headline\":\"Sevilla ampl\\u00eda el parque de vivienda social con la financiaci\\u00f3n del BEI e ICO\",\"author\":{\"@id\":\"https:\\\/\\\/www.eldigitaldeasturias.com\\\/noticias\\\/author\\\/admin\\\/#author\"},\"publisher\":{\"@id\":\"https:\\\/\\\/www.eldigitaldeasturias.com\\\/noticias\\\/#organization\"},\"image\":{\"@type\":\"ImageObject\",\"url\":\"https:\\\/\\\/www.eldigitaldeasturias.com\\\/noticias\\\/wp-content\\\/uploads\\\/2018\\\/06\\\/blue-1283011_960_720.jpg\",\"width\":960,\"height\":671},\"datePublished\":\"2020-02-14T17:25:34+01:00\",\"dateModified\":\"2020-02-14T17:25:34+01:00\",\"inLanguage\":\"es-ES\",\"mainEntityOfPage\":{\"@id\":\"https:\\\/\\\/www.eldigitaldeasturias.com\\\/noticias\\\/sevilla-amplia-el-parque-de-vivienda-social-con-la-financiacion-del-bei-e-ico\\\/#webpage\"},\"isPartOf\":{\"@id\":\"https:\\\/\\\/www.eldigitaldeasturias.com\\\/noticias\\\/sevilla-amplia-el-parque-de-vivienda-social-con-la-financiacion-del-bei-e-ico\\\/#webpage\"},\"articleSection\":\"Econom\\u00eda\"},{\"@type\":\"BreadcrumbList\",\"@id\":\"https:\\\/\\\/www.eldigitaldeasturias.com\\\/noticias\\\/sevilla-amplia-el-parque-de-vivienda-social-con-la-financiacion-del-bei-e-ico\\\/#breadcrumblist\",\"itemListElement\":[{\"@type\":\"ListItem\",\"@id\":\"https:\\\/\\\/www.eldigitaldeasturias.com\\\/noticias#listItem\",\"position\":1,\"name\":\"Home\",\"item\":\"https:\\\/\\\/www.eldigitaldeasturias.com\\\/noticias\",\"nextItem\":{\"@type\":\"ListItem\",\"@id\":\"https:\\\/\\\/www.eldigitaldeasturias.com\\\/noticias\\\/category\\\/economia\\\/#listItem\",\"name\":\"Econom\\u00eda\"}},{\"@type\":\"ListItem\",\"@id\":\"https:\\\/\\\/www.eldigitaldeasturias.com\\\/noticias\\\/category\\\/economia\\\/#listItem\",\"position\":2,\"name\":\"Econom\\u00eda\",\"item\":\"https:\\\/\\\/www.eldigitaldeasturias.com\\\/noticias\\\/category\\\/economia\\\/\",\"nextItem\":{\"@type\":\"ListItem\",\"@id\":\"https:\\\/\\\/www.eldigitaldeasturias.com\\\/noticias\\\/sevilla-amplia-el-parque-de-vivienda-social-con-la-financiacion-del-bei-e-ico\\\/#listItem\",\"name\":\"Sevilla ampl\\u00eda el parque de vivienda social con la financiaci\\u00f3n del BEI e ICO\"},\"previousItem\":{\"@type\":\"ListItem\",\"@id\":\"https:\\\/\\\/www.eldigitaldeasturias.com\\\/noticias#listItem\",\"name\":\"Home\"}},{\"@type\":\"ListItem\",\"@id\":\"https:\\\/\\\/www.eldigitaldeasturias.com\\\/noticias\\\/sevilla-amplia-el-parque-de-vivienda-social-con-la-financiacion-del-bei-e-ico\\\/#listItem\",\"position\":3,\"name\":\"Sevilla ampl\\u00eda el parque de vivienda social con la financiaci\\u00f3n del BEI e ICO\",\"previousItem\":{\"@type\":\"ListItem\",\"@id\":\"https:\\\/\\\/www.eldigitaldeasturias.com\\\/noticias\\\/category\\\/economia\\\/#listItem\",\"name\":\"Econom\\u00eda\"}}]},{\"@type\":\"Organization\",\"@id\":\"https:\\\/\\\/www.eldigitaldeasturias.com\\\/noticias\\\/#organization\",\"name\":\"El Digital de Asturias\",\"description\":\"Hemeroteca\",\"url\":\"https:\\\/\\\/www.eldigitaldeasturias.com\\\/noticias\\\/\",\"email\":\"info@eldigitaldeasturias.com\",\"telephone\":\"+34652131393\",\"logo\":{\"@type\":\"ImageObject\",\"url\":\"https:\\\/\\\/www.eldigitaldeasturias.com\\\/noticias\\\/wp-content\\\/uploads\\\/2020\\\/12\\\/EDA.jpg\",\"@id\":\"https:\\\/\\\/www.eldigitaldeasturias.com\\\/noticias\\\/sevilla-amplia-el-parque-de-vivienda-social-con-la-financiacion-del-bei-e-ico\\\/#organizationLogo\",\"width\":649,\"height\":297},\"image\":{\"@id\":\"https:\\\/\\\/www.eldigitaldeasturias.com\\\/noticias\\\/sevilla-amplia-el-parque-de-vivienda-social-con-la-financiacion-del-bei-e-ico\\\/#organizationLogo\"},\"sameAs\":[\"https:\\\/\\\/facebook.com\\\/eldigitaldeasturias\",\"https:\\\/\\\/www.youtube.com\\\/channel\\\/UCZP-2wLEB9Rv6erhFmqVnvg\"],\"address\":{\"@id\":\"https:\\\/\\\/www.eldigitaldeasturias.com\\\/noticias\\\/#postaladdress\",\"@type\":\"PostalAddress\",\"streetAddress\":\"san antonio 4,\",\"postalCode\":\"33430\",\"addressLocality\":\"Cand\\u00e1s\",\"addressRegion\":\"Asturias\",\"addressCountry\":\"ES\"}},{\"@type\":\"Person\",\"@id\":\"https:\\\/\\\/www.eldigitaldeasturias.com\\\/noticias\\\/author\\\/admin\\\/#author\",\"url\":\"https:\\\/\\\/www.eldigitaldeasturias.com\\\/noticias\\\/author\\\/admin\\\/\",\"name\":\"El Digital de Asturias\",\"image\":{\"@type\":\"ImageObject\",\"@id\":\"https:\\\/\\\/www.eldigitaldeasturias.com\\\/noticias\\\/sevilla-amplia-el-parque-de-vivienda-social-con-la-financiacion-del-bei-e-ico\\\/#authorImage\",\"url\":\"https:\\\/\\\/www.eldigitaldeasturias.com\\\/noticias\\\/wp-content\\\/litespeed\\\/avatar\\\/18677e78aa0546b92d9dbf31ec7d7668.jpg?ver=1777290358\",\"width\":96,\"height\":96,\"caption\":\"El Digital de Asturias\"}},{\"@type\":\"WebPage\",\"@id\":\"https:\\\/\\\/www.eldigitaldeasturias.com\\\/noticias\\\/sevilla-amplia-el-parque-de-vivienda-social-con-la-financiacion-del-bei-e-ico\\\/#webpage\",\"url\":\"https:\\\/\\\/www.eldigitaldeasturias.com\\\/noticias\\\/sevilla-amplia-el-parque-de-vivienda-social-con-la-financiacion-del-bei-e-ico\\\/\",\"name\":\"Sevilla ampl\\u00eda el parque de vivienda social con la financiaci\\u00f3n del BEI e ICO - El Digital de Asturias\",\"description\":\"El Banco Europeo de Inversiones (BEI) y el Instituto de Cr\\u00e9dito Oficial (ICO) facilitar\\u00e1n financiaci\\u00f3n flexible y atractiva, tanto en tipos de inter\\u00e9s como en plazos de amortizaci\\u00f3n, para ampliar la disponibilidad de viviendas de alquiler social en Sevilla. En concreto, cada uno proporcionar\\u00e1 40 millones de euros a la Empresa Municipal de la Vivienda,\",\"inLanguage\":\"es-ES\",\"isPartOf\":{\"@id\":\"https:\\\/\\\/www.eldigitaldeasturias.com\\\/noticias\\\/#website\"},\"breadcrumb\":{\"@id\":\"https:\\\/\\\/www.eldigitaldeasturias.com\\\/noticias\\\/sevilla-amplia-el-parque-de-vivienda-social-con-la-financiacion-del-bei-e-ico\\\/#breadcrumblist\"},\"author\":{\"@id\":\"https:\\\/\\\/www.eldigitaldeasturias.com\\\/noticias\\\/author\\\/admin\\\/#author\"},\"creator\":{\"@id\":\"https:\\\/\\\/www.eldigitaldeasturias.com\\\/noticias\\\/author\\\/admin\\\/#author\"},\"image\":{\"@type\":\"ImageObject\",\"url\":\"https:\\\/\\\/www.eldigitaldeasturias.com\\\/noticias\\\/wp-content\\\/uploads\\\/2018\\\/06\\\/blue-1283011_960_720.jpg\",\"@id\":\"https:\\\/\\\/www.eldigitaldeasturias.com\\\/noticias\\\/sevilla-amplia-el-parque-de-vivienda-social-con-la-financiacion-del-bei-e-ico\\\/#mainImage\",\"width\":960,\"height\":671},\"primaryImageOfPage\":{\"@id\":\"https:\\\/\\\/www.eldigitaldeasturias.com\\\/noticias\\\/sevilla-amplia-el-parque-de-vivienda-social-con-la-financiacion-del-bei-e-ico\\\/#mainImage\"},\"datePublished\":\"2020-02-14T17:25:34+01:00\",\"dateModified\":\"2020-02-14T17:25:34+01:00\"},{\"@type\":\"WebSite\",\"@id\":\"https:\\\/\\\/www.eldigitaldeasturias.com\\\/noticias\\\/#website\",\"url\":\"https:\\\/\\\/www.eldigitaldeasturias.com\\\/noticias\\\/\",\"name\":\"El Digital de Asturias - Diario de actualidad y noticias\",\"alternateName\":\"El Digital de Asturias - Diario de actualidad y noticias\",\"description\":\"Hemeroteca\",\"inLanguage\":\"es-ES\",\"publisher\":{\"@id\":\"https:\\\/\\\/www.eldigitaldeasturias.com\\\/noticias\\\/#organization\"}}]}\n\t\t<\/script>\n\t\t<!-- All in One SEO Pro -->\r\n\t\t<title>Sevilla ampl\u00eda el parque de vivienda social con la financiaci\u00f3n del BEI e ICO - El Digital de Asturias<\/title>\n\n","aioseo_head_json":{"title":"Sevilla ampl\u00eda el parque de vivienda social con la financiaci\u00f3n del BEI e ICO - El Digital de Asturias","description":"El Banco Europeo de Inversiones (BEI) y el Instituto de Cr\u00e9dito Oficial (ICO) facilitar\u00e1n financiaci\u00f3n flexible y atractiva, tanto en tipos de inter\u00e9s como en plazos de amortizaci\u00f3n, para ampliar la disponibilidad de viviendas de alquiler social en Sevilla. En concreto, cada uno proporcionar\u00e1 40 millones de euros a la Empresa Municipal de la Vivienda,","canonical_url":"https:\/\/www.eldigitaldeasturias.com\/noticias\/sevilla-amplia-el-parque-de-vivienda-social-con-la-financiacion-del-bei-e-ico\/","robots":"max-image-preview:large","keywords":"econom\u00eda","webmasterTools":{"google-site-verification":"UA-38556648-1","msvalidate.01":"7dfe9f3f1b24437ab69f4f2559babe99","miscellaneous":""},"schema":{"@context":"https:\/\/schema.org","@graph":[{"@type":"BlogPosting","@id":"https:\/\/www.eldigitaldeasturias.com\/noticias\/sevilla-amplia-el-parque-de-vivienda-social-con-la-financiacion-del-bei-e-ico\/#blogposting","name":"Sevilla ampl\u00eda el parque de vivienda social con la financiaci\u00f3n del BEI e ICO - El Digital de Asturias","headline":"Sevilla ampl\u00eda el parque de vivienda social con la financiaci\u00f3n del BEI e ICO","author":{"@id":"https:\/\/www.eldigitaldeasturias.com\/noticias\/author\/admin\/#author"},"publisher":{"@id":"https:\/\/www.eldigitaldeasturias.com\/noticias\/#organization"},"image":{"@type":"ImageObject","url":"https:\/\/www.eldigitaldeasturias.com\/noticias\/wp-content\/uploads\/2018\/06\/blue-1283011_960_720.jpg","width":960,"height":671},"datePublished":"2020-02-14T17:25:34+01:00","dateModified":"2020-02-14T17:25:34+01:00","inLanguage":"es-ES","mainEntityOfPage":{"@id":"https:\/\/www.eldigitaldeasturias.com\/noticias\/sevilla-amplia-el-parque-de-vivienda-social-con-la-financiacion-del-bei-e-ico\/#webpage"},"isPartOf":{"@id":"https:\/\/www.eldigitaldeasturias.com\/noticias\/sevilla-amplia-el-parque-de-vivienda-social-con-la-financiacion-del-bei-e-ico\/#webpage"},"articleSection":"Econom\u00eda"},{"@type":"BreadcrumbList","@id":"https:\/\/www.eldigitaldeasturias.com\/noticias\/sevilla-amplia-el-parque-de-vivienda-social-con-la-financiacion-del-bei-e-ico\/#breadcrumblist","itemListElement":[{"@type":"ListItem","@id":"https:\/\/www.eldigitaldeasturias.com\/noticias#listItem","position":1,"name":"Home","item":"https:\/\/www.eldigitaldeasturias.com\/noticias","nextItem":{"@type":"ListItem","@id":"https:\/\/www.eldigitaldeasturias.com\/noticias\/category\/economia\/#listItem","name":"Econom\u00eda"}},{"@type":"ListItem","@id":"https:\/\/www.eldigitaldeasturias.com\/noticias\/category\/economia\/#listItem","position":2,"name":"Econom\u00eda","item":"https:\/\/www.eldigitaldeasturias.com\/noticias\/category\/economia\/","nextItem":{"@type":"ListItem","@id":"https:\/\/www.eldigitaldeasturias.com\/noticias\/sevilla-amplia-el-parque-de-vivienda-social-con-la-financiacion-del-bei-e-ico\/#listItem","name":"Sevilla ampl\u00eda el parque de vivienda social con la financiaci\u00f3n del BEI e ICO"},"previousItem":{"@type":"ListItem","@id":"https:\/\/www.eldigitaldeasturias.com\/noticias#listItem","name":"Home"}},{"@type":"ListItem","@id":"https:\/\/www.eldigitaldeasturias.com\/noticias\/sevilla-amplia-el-parque-de-vivienda-social-con-la-financiacion-del-bei-e-ico\/#listItem","position":3,"name":"Sevilla ampl\u00eda el parque de vivienda social con la financiaci\u00f3n del BEI e ICO","previousItem":{"@type":"ListItem","@id":"https:\/\/www.eldigitaldeasturias.com\/noticias\/category\/economia\/#listItem","name":"Econom\u00eda"}}]},{"@type":"Organization","@id":"https:\/\/www.eldigitaldeasturias.com\/noticias\/#organization","name":"El Digital de Asturias","description":"Hemeroteca","url":"https:\/\/www.eldigitaldeasturias.com\/noticias\/","email":"info@eldigitaldeasturias.com","telephone":"+34652131393","logo":{"@type":"ImageObject","url":"https:\/\/www.eldigitaldeasturias.com\/noticias\/wp-content\/uploads\/2020\/12\/EDA.jpg","@id":"https:\/\/www.eldigitaldeasturias.com\/noticias\/sevilla-amplia-el-parque-de-vivienda-social-con-la-financiacion-del-bei-e-ico\/#organizationLogo","width":649,"height":297},"image":{"@id":"https:\/\/www.eldigitaldeasturias.com\/noticias\/sevilla-amplia-el-parque-de-vivienda-social-con-la-financiacion-del-bei-e-ico\/#organizationLogo"},"sameAs":["https:\/\/facebook.com\/eldigitaldeasturias","https:\/\/www.youtube.com\/channel\/UCZP-2wLEB9Rv6erhFmqVnvg"],"address":{"@id":"https:\/\/www.eldigitaldeasturias.com\/noticias\/#postaladdress","@type":"PostalAddress","streetAddress":"san antonio 4,","postalCode":"33430","addressLocality":"Cand\u00e1s","addressRegion":"Asturias","addressCountry":"ES"}},{"@type":"Person","@id":"https:\/\/www.eldigitaldeasturias.com\/noticias\/author\/admin\/#author","url":"https:\/\/www.eldigitaldeasturias.com\/noticias\/author\/admin\/","name":"El Digital de Asturias","image":{"@type":"ImageObject","@id":"https:\/\/www.eldigitaldeasturias.com\/noticias\/sevilla-amplia-el-parque-de-vivienda-social-con-la-financiacion-del-bei-e-ico\/#authorImage","url":"https:\/\/www.eldigitaldeasturias.com\/noticias\/wp-content\/litespeed\/avatar\/18677e78aa0546b92d9dbf31ec7d7668.jpg?ver=1777290358","width":96,"height":96,"caption":"El Digital de Asturias"}},{"@type":"WebPage","@id":"https:\/\/www.eldigitaldeasturias.com\/noticias\/sevilla-amplia-el-parque-de-vivienda-social-con-la-financiacion-del-bei-e-ico\/#webpage","url":"https:\/\/www.eldigitaldeasturias.com\/noticias\/sevilla-amplia-el-parque-de-vivienda-social-con-la-financiacion-del-bei-e-ico\/","name":"Sevilla ampl\u00eda el parque de vivienda social con la financiaci\u00f3n del BEI e ICO - El Digital de Asturias","description":"El Banco Europeo de Inversiones (BEI) y el Instituto de Cr\u00e9dito Oficial (ICO) facilitar\u00e1n financiaci\u00f3n flexible y atractiva, tanto en tipos de inter\u00e9s como en plazos de amortizaci\u00f3n, para ampliar la disponibilidad de viviendas de alquiler social en Sevilla. En concreto, cada uno proporcionar\u00e1 40 millones de euros a la Empresa Municipal de la Vivienda,","inLanguage":"es-ES","isPartOf":{"@id":"https:\/\/www.eldigitaldeasturias.com\/noticias\/#website"},"breadcrumb":{"@id":"https:\/\/www.eldigitaldeasturias.com\/noticias\/sevilla-amplia-el-parque-de-vivienda-social-con-la-financiacion-del-bei-e-ico\/#breadcrumblist"},"author":{"@id":"https:\/\/www.eldigitaldeasturias.com\/noticias\/author\/admin\/#author"},"creator":{"@id":"https:\/\/www.eldigitaldeasturias.com\/noticias\/author\/admin\/#author"},"image":{"@type":"ImageObject","url":"https:\/\/www.eldigitaldeasturias.com\/noticias\/wp-content\/uploads\/2018\/06\/blue-1283011_960_720.jpg","@id":"https:\/\/www.eldigitaldeasturias.com\/noticias\/sevilla-amplia-el-parque-de-vivienda-social-con-la-financiacion-del-bei-e-ico\/#mainImage","width":960,"height":671},"primaryImageOfPage":{"@id":"https:\/\/www.eldigitaldeasturias.com\/noticias\/sevilla-amplia-el-parque-de-vivienda-social-con-la-financiacion-del-bei-e-ico\/#mainImage"},"datePublished":"2020-02-14T17:25:34+01:00","dateModified":"2020-02-14T17:25:34+01:00"},{"@type":"WebSite","@id":"https:\/\/www.eldigitaldeasturias.com\/noticias\/#website","url":"https:\/\/www.eldigitaldeasturias.com\/noticias\/","name":"El Digital de Asturias - Diario de actualidad y noticias","alternateName":"El Digital de Asturias - Diario de actualidad y noticias","description":"Hemeroteca","inLanguage":"es-ES","publisher":{"@id":"https:\/\/www.eldigitaldeasturias.com\/noticias\/#organization"}}]},"og:locale":"es_ES","og:site_name":"El Digital de Asturias","og:type":"article","og:title":"Sevilla ampl\u00eda el parque de vivienda social con la financiaci\u00f3n del BEI e ICO - El Digital de Asturias","og:description":"El Banco Europeo de Inversiones (BEI) y el Instituto de Cr\u00e9dito Oficial (ICO) facilitar\u00e1n financiaci\u00f3n flexible y atractiva, tanto en tipos de inter\u00e9s como en plazos de amortizaci\u00f3n, para ampliar la disponibilidad de viviendas de alquiler social en Sevilla. En concreto, cada uno proporcionar\u00e1 40 millones de euros a la Empresa Municipal de la Vivienda,","og:url":"https:\/\/www.eldigitaldeasturias.com\/noticias\/sevilla-amplia-el-parque-de-vivienda-social-con-la-financiacion-del-bei-e-ico\/","og:image":"https:\/\/www.eldigitaldeasturias.com\/noticias\/wp-content\/uploads\/2018\/06\/blue-1283011_960_720.jpg","og:image:secure_url":"https:\/\/www.eldigitaldeasturias.com\/noticias\/wp-content\/uploads\/2018\/06\/blue-1283011_960_720.jpg","og:image:width":960,"og:image:height":671,"article:tag":["econom\u00eda"],"article:published_time":"2020-02-14T17:25:34+00:00","article:modified_time":"2020-02-14T17:25:34+00:00","article:publisher":"https:\/\/facebook.com\/eldigitaldeasturias","twitter:card":"summary_large_image","twitter:title":"Sevilla ampl\u00eda el parque de vivienda social con la financiaci\u00f3n del BEI e ICO - El Digital de Asturias","twitter:description":"El Banco Europeo de Inversiones (BEI) y el Instituto de Cr\u00e9dito Oficial (ICO) facilitar\u00e1n financiaci\u00f3n flexible y atractiva, tanto en tipos de inter\u00e9s como en plazos de amortizaci\u00f3n, para ampliar la disponibilidad de viviendas de alquiler social en Sevilla. En concreto, cada uno proporcionar\u00e1 40 millones de euros a la Empresa Municipal de la Vivienda,","twitter:image":"https:\/\/www.eldigitaldeasturias.com\/noticias\/wp-content\/uploads\/2018\/06\/blue-1283011_960_720.jpg","twitter:label1":"Escrito por","twitter:data1":"El Digital de Asturias","twitter:label2":"Tiempo de lectura estimado","twitter:data2":"4 minutos"},"aioseo_meta_data":{"post_id":"1057604","title":null,"description":null,"keywords":null,"keyphrases":null,"primary_term":null,"canonical_url":null,"og_title":null,"og_description":null,"og_object_type":"default","og_image_type":"default","og_image_url":null,"og_image_width":null,"og_image_height":null,"og_image_custom_url":null,"og_image_custom_fields":null,"og_video":null,"og_custom_url":null,"og_article_section":null,"og_article_tags":null,"twitter_use_og":false,"twitter_card":"default","twitter_image_type":"default","twitter_image_url":null,"twitter_image_custom_url":null,"twitter_image_custom_fields":null,"twitter_title":null,"twitter_description":null,"schema":{"blockGraphs":[],"customGraphs":[],"default":{"data":{"Article":[],"Course":[],"Dataset":[],"FAQPage":[],"Movie":[],"Person":[],"Product":[],"ProductReview":[],"Car":[],"Recipe":[],"Service":[],"SoftwareApplication":[],"WebPage":[]},"graphName":"","isEnabled":true},"graphs":[],"defaultGraph":"","defaultPostTypeGraph":""},"schema_type":null,"schema_type_options":null,"pillar_content":false,"robots_default":true,"robots_noindex":false,"robots_noarchive":false,"robots_nosnippet":false,"robots_nofollow":false,"robots_noimageindex":false,"robots_noodp":false,"robots_notranslate":false,"robots_max_snippet":null,"robots_max_videopreview":null,"robots_max_imagepreview":"large","priority":null,"frequency":null,"local_seo":null,"seo_analyzer_scan_date":"2025-10-31 02:31:20","breadcrumb_settings":null,"limit_modified_date":false,"open_ai":null,"ai":null,"created":"2020-12-21 10:55:27","updated":"2025-10-31 02:31:20"},"aioseo_breadcrumb":"<div class=\"aioseo-breadcrumbs\"><span class=\"aioseo-breadcrumb\">\n\t<a href=\"https:\/\/www.eldigitaldeasturias.com\/noticias\" title=\"Home\">Home<\/a>\n<\/span><span class=\"aioseo-breadcrumb-separator\">\u2013<\/span><span class=\"aioseo-breadcrumb\">\n\t<a href=\"https:\/\/www.eldigitaldeasturias.com\/noticias\/category\/economia\/\" title=\"Econom\u00eda\">Econom\u00eda<\/a>\n<\/span><span class=\"aioseo-breadcrumb-separator\">\u2013<\/span><span class=\"aioseo-breadcrumb\">\n\t<a href=\"https:\/\/www.eldigitaldeasturias.com\/noticias\/sevilla-amplia-el-parque-de-vivienda-social-con-la-financiacion-del-bei-e-ico\/\" title=\"Sevilla ampl\u00eda el parque de vivienda social con la financiaci\u00f3n del BEI e ICO\">Sevilla ampl\u00eda el parque de vivienda social con la financiaci\u00f3n del BEI e ICO<\/a>\n<\/span><\/div>","aioseo_breadcrumb_json":[{"label":"Home","link":"https:\/\/www.eldigitaldeasturias.com\/noticias"},{"label":"Econom\u00eda","link":"https:\/\/www.eldigitaldeasturias.com\/noticias\/category\/economia\/"},{"label":"Sevilla ampl\u00eda el parque de vivienda social con la financiaci\u00f3n del BEI e ICO","link":"https:\/\/www.eldigitaldeasturias.com\/noticias\/sevilla-amplia-el-parque-de-vivienda-social-con-la-financiacion-del-bei-e-ico\/"}],"_links":{"self":[{"href":"https:\/\/www.eldigitaldeasturias.com\/noticias\/wp-json\/wp\/v2\/posts\/1057604","targetHints":{"allow":["GET"]}}],"collection":[{"href":"https:\/\/www.eldigitaldeasturias.com\/noticias\/wp-json\/wp\/v2\/posts"}],"about":[{"href":"https:\/\/www.eldigitaldeasturias.com\/noticias\/wp-json\/wp\/v2\/types\/post"}],"author":[{"embeddable":true,"href":"https:\/\/www.eldigitaldeasturias.com\/noticias\/wp-json\/wp\/v2\/users\/1"}],"replies":[{"embeddable":true,"href":"https:\/\/www.eldigitaldeasturias.com\/noticias\/wp-json\/wp\/v2\/comments?post=1057604"}],"version-history":[{"count":0,"href":"https:\/\/www.eldigitaldeasturias.com\/noticias\/wp-json\/wp\/v2\/posts\/1057604\/revisions"}],"wp:featuredmedia":[{"embeddable":true,"href":"https:\/\/www.eldigitaldeasturias.com\/noticias\/wp-json\/wp\/v2\/media\/983320"}],"wp:attachment":[{"href":"https:\/\/www.eldigitaldeasturias.com\/noticias\/wp-json\/wp\/v2\/media?parent=1057604"}],"wp:term":[{"taxonomy":"category","embeddable":true,"href":"https:\/\/www.eldigitaldeasturias.com\/noticias\/wp-json\/wp\/v2\/categories?post=1057604"},{"taxonomy":"post_tag","embeddable":true,"href":"https:\/\/www.eldigitaldeasturias.com\/noticias\/wp-json\/wp\/v2\/tags?post=1057604"}],"curies":[{"name":"wp","href":"https:\/\/api.w.org\/{rel}","templated":true}]}}