{"id":1057555,"date":"2020-02-13T12:07:31","date_gmt":"2020-02-13T12:07:31","guid":{"rendered":"https:\/\/www.eldigitaldeasturias.com\/noticias\/?p=1057555"},"modified":"2020-02-13T12:07:31","modified_gmt":"2020-02-13T12:07:31","slug":"alemania-va-a-la-zaga-en-cuanto-a-salarios-minimos-en-europa","status":"publish","type":"post","link":"https:\/\/www.eldigitaldeasturias.com\/noticias\/alemania-va-a-la-zaga-en-cuanto-a-salarios-minimos-en-europa\/","title":{"rendered":"Alemania va a la zaga en cuanto a salarios m\u00ednimos en Europa"},"content":{"rendered":"<p><img loading=\"lazy\" decoding=\"async\" class=\"alignleft size-medium wp-image-1013387\" src=\"https:\/\/www.eldigitaldeasturias.com\/noticias\/wp-content\/uploads\/2019\/01\/work-791218_960_720-360x240.jpg\" alt=\"\" width=\"360\" height=\"240\" srcset=\"https:\/\/www.eldigitaldeasturias.com\/noticias\/wp-content\/uploads\/2019\/01\/work-791218_960_720-360x240.jpg 360w, https:\/\/www.eldigitaldeasturias.com\/noticias\/wp-content\/uploads\/2019\/01\/work-791218_960_720-768x512.jpg 768w, https:\/\/www.eldigitaldeasturias.com\/noticias\/wp-content\/uploads\/2019\/01\/work-791218_960_720-650x433.jpg 650w, https:\/\/www.eldigitaldeasturias.com\/noticias\/wp-content\/uploads\/2019\/01\/work-791218_960_720.jpg 960w\" sizes=\"auto, (max-width: 360px) 100vw, 360px\" \/>D\u00fcsseldorf (Alemania), 13 feb (dpa) &#8211; Alemania est\u00e1 muy por detr\u00e1s de otros pa\u00edses de la Uni\u00f3n Europea (UE) en cuanto al monto del salario m\u00ednimo, se\u00f1ala un informe publicado hoy por el insituto de investigaci\u00f3n WSI, de la fundaci\u00f3n germana Hans B\u00f6ckler.<\/p>\n<p>\u00abAlemania introdujo el salario m\u00ednimo m\u00e1s bien tarde y a un nivel relativamente bajo\u00bb, coment\u00f3 a dpa Thorsten Schulten, experto en tarifas que particip\u00f3 en la evaluaci\u00f3n. \u00abEste sigue siendo el resultado de ese desarrollo\u00bb, agreg\u00f3.<\/p>\n<p>El sueldo m\u00ednimo en Alemania fue establecido en 2015 y fijado entonces en 8,50 euros (9,25 d\u00f3lares en la actualidad) la hora. Desde comienzos de este a\u00f1o es de 9,35 euros.<\/p>\n<p>Mientras que la base m\u00ednima aument\u00f3 en un seis por ciento en los 21 Estados comunitarios y el Reino Unido, pa\u00edses donde rige el salario m\u00ednimo, en Alemania apenas subi\u00f3 en un 1,7 por ciento.<\/p>\n<p>Si se tienen en cuenta los efectos de la inflaci\u00f3n, los salarios m\u00ednimos se incrementaron en 4,4 por ciento en la UE y 0,3 por ciento en Alemania.<\/p>\n","protected":false},"excerpt":{"rendered":"<p>D\u00fcsseldorf (Alemania), 13 feb (dpa) &#8211; Alemania est\u00e1 muy por detr\u00e1s de otros pa\u00edses de la Uni\u00f3n Europea (UE) en cuanto al monto del salario m\u00ednimo, se\u00f1ala un informe publicado hoy por el insituto de investigaci\u00f3n WSI, de la fundaci\u00f3n germana Hans B\u00f6ckler. \u00abAlemania introdujo el salario m\u00ednimo m\u00e1s bien tarde y a un nivel [&hellip;]<\/p>\n","protected":false},"author":1,"featured_media":1013387,"comment_status":"closed","ping_status":"closed","sticky":false,"template":"","format":"standard","meta":{"footnotes":""},"categories":[187],"tags":[],"class_list":["post-1057555","post","type-post","status-publish","format-standard","has-post-thumbnail","hentry","category-economia"],"aioseo_notices":[],"aioseo_head":"\n\t\t<!-- All in One SEO Pro 4.9.6.2 - aioseo.com -->\n\t<meta name=\"description\" content=\"D\u00fcsseldorf (Alemania), 13 feb (dpa) - Alemania est\u00e1 muy por detr\u00e1s de otros pa\u00edses de la Uni\u00f3n Europea (UE) en cuanto al monto del salario m\u00ednimo, se\u00f1ala un informe publicado hoy por el insituto de investigaci\u00f3n WSI, de la fundaci\u00f3n germana Hans B\u00f6ckler. &quot;Alemania introdujo el salario m\u00ednimo m\u00e1s bien tarde y a un nivel\" \/>\n\t<meta name=\"robots\" content=\"max-image-preview:large\" \/>\n\t<meta name=\"author\" content=\"El Digital de Asturias\"\/>\n\t<meta name=\"google-site-verification\" content=\"UA-38556648-1\" \/>\n\t<meta name=\"msvalidate.01\" content=\"7dfe9f3f1b24437ab69f4f2559babe99\" \/>\n\t<meta name=\"keywords\" content=\"econom\u00eda\" \/>\n\t<link rel=\"canonical\" href=\"https:\/\/www.eldigitaldeasturias.com\/noticias\/alemania-va-a-la-zaga-en-cuanto-a-salarios-minimos-en-europa\/\" \/>\n\t<meta name=\"generator\" content=\"All in One SEO Pro (AIOSEO) 4.9.6.2\" \/>\n\t\t<meta property=\"og:locale\" content=\"es_ES\" \/>\n\t\t<meta property=\"og:site_name\" content=\"El Digital de Asturias\" \/>\n\t\t<meta property=\"og:type\" content=\"article\" \/>\n\t\t<meta property=\"og:title\" content=\"Alemania va a la zaga en cuanto a salarios m\u00ednimos en Europa - El Digital de Asturias\" \/>\n\t\t<meta property=\"og:description\" content=\"D\u00fcsseldorf (Alemania), 13 feb (dpa) - Alemania est\u00e1 muy por detr\u00e1s de otros pa\u00edses de la Uni\u00f3n Europea (UE) en cuanto al monto del salario m\u00ednimo, se\u00f1ala un informe publicado hoy por el insituto de investigaci\u00f3n WSI, de la fundaci\u00f3n germana Hans B\u00f6ckler. &quot;Alemania introdujo el salario m\u00ednimo m\u00e1s bien tarde y a un nivel\" \/>\n\t\t<meta property=\"og:url\" content=\"https:\/\/www.eldigitaldeasturias.com\/noticias\/alemania-va-a-la-zaga-en-cuanto-a-salarios-minimos-en-europa\/\" \/>\n\t\t<meta property=\"og:image\" content=\"https:\/\/www.eldigitaldeasturias.com\/noticias\/wp-content\/uploads\/2019\/01\/work-791218_960_720.jpg\" \/>\n\t\t<meta property=\"og:image:secure_url\" content=\"https:\/\/www.eldigitaldeasturias.com\/noticias\/wp-content\/uploads\/2019\/01\/work-791218_960_720.jpg\" \/>\n\t\t<meta property=\"og:image:width\" content=\"960\" \/>\n\t\t<meta property=\"og:image:height\" content=\"640\" \/>\n\t\t<meta property=\"article:tag\" content=\"econom\u00eda\" \/>\n\t\t<meta property=\"article:published_time\" content=\"2020-02-13T12:07:31+00:00\" \/>\n\t\t<meta property=\"article:modified_time\" content=\"2020-02-13T12:07:31+00:00\" \/>\n\t\t<meta property=\"article:publisher\" content=\"https:\/\/facebook.com\/eldigitaldeasturias\" \/>\n\t\t<meta name=\"twitter:card\" content=\"summary_large_image\" \/>\n\t\t<meta name=\"twitter:title\" content=\"Alemania va a la zaga en cuanto a salarios m\u00ednimos en Europa - El Digital de Asturias\" \/>\n\t\t<meta name=\"twitter:description\" content=\"D\u00fcsseldorf (Alemania), 13 feb (dpa) - Alemania est\u00e1 muy por detr\u00e1s de otros pa\u00edses de la Uni\u00f3n Europea (UE) en cuanto al monto del salario m\u00ednimo, se\u00f1ala un informe publicado hoy por el insituto de investigaci\u00f3n WSI, de la fundaci\u00f3n germana Hans B\u00f6ckler. &quot;Alemania introdujo el salario m\u00ednimo m\u00e1s bien tarde y a un nivel\" \/>\n\t\t<meta name=\"twitter:image\" content=\"https:\/\/www.eldigitaldeasturias.com\/noticias\/wp-content\/uploads\/2019\/01\/work-791218_960_720.jpg\" \/>\n\t\t<meta name=\"twitter:label1\" content=\"Escrito por\" \/>\n\t\t<meta name=\"twitter:data1\" content=\"El Digital de Asturias\" \/>\n\t\t<meta name=\"twitter:label2\" content=\"Tiempo de lectura estimado\" \/>\n\t\t<meta name=\"twitter:data2\" content=\"1 minuto\" \/>\n\t\t<script type=\"application\/ld+json\" class=\"aioseo-schema\">\n\t\t\t{\"@context\":\"https:\\\/\\\/schema.org\",\"@graph\":[{\"@type\":\"BlogPosting\",\"@id\":\"https:\\\/\\\/www.eldigitaldeasturias.com\\\/noticias\\\/alemania-va-a-la-zaga-en-cuanto-a-salarios-minimos-en-europa\\\/#blogposting\",\"name\":\"Alemania va a la zaga en cuanto a salarios m\\u00ednimos en Europa - El Digital de Asturias\",\"headline\":\"Alemania va a la zaga en cuanto a salarios m\\u00ednimos en Europa\",\"author\":{\"@id\":\"https:\\\/\\\/www.eldigitaldeasturias.com\\\/noticias\\\/author\\\/admin\\\/#author\"},\"publisher\":{\"@id\":\"https:\\\/\\\/www.eldigitaldeasturias.com\\\/noticias\\\/#organization\"},\"image\":{\"@type\":\"ImageObject\",\"url\":\"https:\\\/\\\/www.eldigitaldeasturias.com\\\/noticias\\\/wp-content\\\/uploads\\\/2019\\\/01\\\/work-791218_960_720.jpg\",\"width\":960,\"height\":640,\"caption\":\"Empleo\"},\"datePublished\":\"2020-02-13T12:07:31+01:00\",\"dateModified\":\"2020-02-13T12:07:31+01:00\",\"inLanguage\":\"es-ES\",\"mainEntityOfPage\":{\"@id\":\"https:\\\/\\\/www.eldigitaldeasturias.com\\\/noticias\\\/alemania-va-a-la-zaga-en-cuanto-a-salarios-minimos-en-europa\\\/#webpage\"},\"isPartOf\":{\"@id\":\"https:\\\/\\\/www.eldigitaldeasturias.com\\\/noticias\\\/alemania-va-a-la-zaga-en-cuanto-a-salarios-minimos-en-europa\\\/#webpage\"},\"articleSection\":\"Econom\\u00eda\"},{\"@type\":\"BreadcrumbList\",\"@id\":\"https:\\\/\\\/www.eldigitaldeasturias.com\\\/noticias\\\/alemania-va-a-la-zaga-en-cuanto-a-salarios-minimos-en-europa\\\/#breadcrumblist\",\"itemListElement\":[{\"@type\":\"ListItem\",\"@id\":\"https:\\\/\\\/www.eldigitaldeasturias.com\\\/noticias#listItem\",\"position\":1,\"name\":\"Home\",\"item\":\"https:\\\/\\\/www.eldigitaldeasturias.com\\\/noticias\",\"nextItem\":{\"@type\":\"ListItem\",\"@id\":\"https:\\\/\\\/www.eldigitaldeasturias.com\\\/noticias\\\/category\\\/economia\\\/#listItem\",\"name\":\"Econom\\u00eda\"}},{\"@type\":\"ListItem\",\"@id\":\"https:\\\/\\\/www.eldigitaldeasturias.com\\\/noticias\\\/category\\\/economia\\\/#listItem\",\"position\":2,\"name\":\"Econom\\u00eda\",\"item\":\"https:\\\/\\\/www.eldigitaldeasturias.com\\\/noticias\\\/category\\\/economia\\\/\",\"nextItem\":{\"@type\":\"ListItem\",\"@id\":\"https:\\\/\\\/www.eldigitaldeasturias.com\\\/noticias\\\/alemania-va-a-la-zaga-en-cuanto-a-salarios-minimos-en-europa\\\/#listItem\",\"name\":\"Alemania va a la zaga en cuanto a salarios m\\u00ednimos en Europa\"},\"previousItem\":{\"@type\":\"ListItem\",\"@id\":\"https:\\\/\\\/www.eldigitaldeasturias.com\\\/noticias#listItem\",\"name\":\"Home\"}},{\"@type\":\"ListItem\",\"@id\":\"https:\\\/\\\/www.eldigitaldeasturias.com\\\/noticias\\\/alemania-va-a-la-zaga-en-cuanto-a-salarios-minimos-en-europa\\\/#listItem\",\"position\":3,\"name\":\"Alemania va a la zaga en cuanto a salarios m\\u00ednimos en Europa\",\"previousItem\":{\"@type\":\"ListItem\",\"@id\":\"https:\\\/\\\/www.eldigitaldeasturias.com\\\/noticias\\\/category\\\/economia\\\/#listItem\",\"name\":\"Econom\\u00eda\"}}]},{\"@type\":\"Organization\",\"@id\":\"https:\\\/\\\/www.eldigitaldeasturias.com\\\/noticias\\\/#organization\",\"name\":\"El Digital de Asturias\",\"description\":\"Hemeroteca\",\"url\":\"https:\\\/\\\/www.eldigitaldeasturias.com\\\/noticias\\\/\",\"email\":\"info@eldigitaldeasturias.com\",\"telephone\":\"+34652131393\",\"logo\":{\"@type\":\"ImageObject\",\"url\":\"https:\\\/\\\/www.eldigitaldeasturias.com\\\/noticias\\\/wp-content\\\/uploads\\\/2020\\\/12\\\/EDA.jpg\",\"@id\":\"https:\\\/\\\/www.eldigitaldeasturias.com\\\/noticias\\\/alemania-va-a-la-zaga-en-cuanto-a-salarios-minimos-en-europa\\\/#organizationLogo\",\"width\":649,\"height\":297},\"image\":{\"@id\":\"https:\\\/\\\/www.eldigitaldeasturias.com\\\/noticias\\\/alemania-va-a-la-zaga-en-cuanto-a-salarios-minimos-en-europa\\\/#organizationLogo\"},\"sameAs\":[\"https:\\\/\\\/facebook.com\\\/eldigitaldeasturias\",\"https:\\\/\\\/www.youtube.com\\\/channel\\\/UCZP-2wLEB9Rv6erhFmqVnvg\"],\"address\":{\"@id\":\"https:\\\/\\\/www.eldigitaldeasturias.com\\\/noticias\\\/#postaladdress\",\"@type\":\"PostalAddress\",\"streetAddress\":\"san antonio 4,\",\"postalCode\":\"33430\",\"addressLocality\":\"Cand\\u00e1s\",\"addressRegion\":\"Asturias\",\"addressCountry\":\"ES\"}},{\"@type\":\"Person\",\"@id\":\"https:\\\/\\\/www.eldigitaldeasturias.com\\\/noticias\\\/author\\\/admin\\\/#author\",\"url\":\"https:\\\/\\\/www.eldigitaldeasturias.com\\\/noticias\\\/author\\\/admin\\\/\",\"name\":\"El Digital de Asturias\",\"image\":{\"@type\":\"ImageObject\",\"@id\":\"https:\\\/\\\/www.eldigitaldeasturias.com\\\/noticias\\\/alemania-va-a-la-zaga-en-cuanto-a-salarios-minimos-en-europa\\\/#authorImage\",\"url\":\"https:\\\/\\\/www.eldigitaldeasturias.com\\\/noticias\\\/wp-content\\\/litespeed\\\/avatar\\\/18677e78aa0546b92d9dbf31ec7d7668.jpg?ver=1777290358\",\"width\":96,\"height\":96,\"caption\":\"El Digital de Asturias\"}},{\"@type\":\"WebPage\",\"@id\":\"https:\\\/\\\/www.eldigitaldeasturias.com\\\/noticias\\\/alemania-va-a-la-zaga-en-cuanto-a-salarios-minimos-en-europa\\\/#webpage\",\"url\":\"https:\\\/\\\/www.eldigitaldeasturias.com\\\/noticias\\\/alemania-va-a-la-zaga-en-cuanto-a-salarios-minimos-en-europa\\\/\",\"name\":\"Alemania va a la zaga en cuanto a salarios m\\u00ednimos en Europa - El Digital de Asturias\",\"description\":\"D\\u00fcsseldorf (Alemania), 13 feb (dpa) - Alemania est\\u00e1 muy por detr\\u00e1s de otros pa\\u00edses de la Uni\\u00f3n Europea (UE) en cuanto al monto del salario m\\u00ednimo, se\\u00f1ala un informe publicado hoy por el insituto de investigaci\\u00f3n WSI, de la fundaci\\u00f3n germana Hans B\\u00f6ckler. \\\"Alemania introdujo el salario m\\u00ednimo m\\u00e1s bien tarde y a un nivel\",\"inLanguage\":\"es-ES\",\"isPartOf\":{\"@id\":\"https:\\\/\\\/www.eldigitaldeasturias.com\\\/noticias\\\/#website\"},\"breadcrumb\":{\"@id\":\"https:\\\/\\\/www.eldigitaldeasturias.com\\\/noticias\\\/alemania-va-a-la-zaga-en-cuanto-a-salarios-minimos-en-europa\\\/#breadcrumblist\"},\"author\":{\"@id\":\"https:\\\/\\\/www.eldigitaldeasturias.com\\\/noticias\\\/author\\\/admin\\\/#author\"},\"creator\":{\"@id\":\"https:\\\/\\\/www.eldigitaldeasturias.com\\\/noticias\\\/author\\\/admin\\\/#author\"},\"image\":{\"@type\":\"ImageObject\",\"url\":\"https:\\\/\\\/www.eldigitaldeasturias.com\\\/noticias\\\/wp-content\\\/uploads\\\/2019\\\/01\\\/work-791218_960_720.jpg\",\"@id\":\"https:\\\/\\\/www.eldigitaldeasturias.com\\\/noticias\\\/alemania-va-a-la-zaga-en-cuanto-a-salarios-minimos-en-europa\\\/#mainImage\",\"width\":960,\"height\":640,\"caption\":\"Empleo\"},\"primaryImageOfPage\":{\"@id\":\"https:\\\/\\\/www.eldigitaldeasturias.com\\\/noticias\\\/alemania-va-a-la-zaga-en-cuanto-a-salarios-minimos-en-europa\\\/#mainImage\"},\"datePublished\":\"2020-02-13T12:07:31+01:00\",\"dateModified\":\"2020-02-13T12:07:31+01:00\"},{\"@type\":\"WebSite\",\"@id\":\"https:\\\/\\\/www.eldigitaldeasturias.com\\\/noticias\\\/#website\",\"url\":\"https:\\\/\\\/www.eldigitaldeasturias.com\\\/noticias\\\/\",\"name\":\"El Digital de Asturias - Diario de actualidad y noticias\",\"alternateName\":\"El Digital de Asturias - Diario de actualidad y noticias\",\"description\":\"Hemeroteca\",\"inLanguage\":\"es-ES\",\"publisher\":{\"@id\":\"https:\\\/\\\/www.eldigitaldeasturias.com\\\/noticias\\\/#organization\"}}]}\n\t\t<\/script>\n\t\t<!-- All in One SEO Pro -->\r\n\t\t<title>Alemania va a la zaga en cuanto a salarios m\u00ednimos en Europa - El Digital de Asturias<\/title>\n\n","aioseo_head_json":{"title":"Alemania va a la zaga en cuanto a salarios m\u00ednimos en Europa - El Digital de Asturias","description":"D\u00fcsseldorf (Alemania), 13 feb (dpa) - Alemania est\u00e1 muy por detr\u00e1s de otros pa\u00edses de la Uni\u00f3n Europea (UE) en cuanto al monto del salario m\u00ednimo, se\u00f1ala un informe publicado hoy por el insituto de investigaci\u00f3n WSI, de la fundaci\u00f3n germana Hans B\u00f6ckler. \"Alemania introdujo el salario m\u00ednimo m\u00e1s bien tarde y a un nivel","canonical_url":"https:\/\/www.eldigitaldeasturias.com\/noticias\/alemania-va-a-la-zaga-en-cuanto-a-salarios-minimos-en-europa\/","robots":"max-image-preview:large","keywords":"econom\u00eda","webmasterTools":{"google-site-verification":"UA-38556648-1","msvalidate.01":"7dfe9f3f1b24437ab69f4f2559babe99","miscellaneous":""},"schema":{"@context":"https:\/\/schema.org","@graph":[{"@type":"BlogPosting","@id":"https:\/\/www.eldigitaldeasturias.com\/noticias\/alemania-va-a-la-zaga-en-cuanto-a-salarios-minimos-en-europa\/#blogposting","name":"Alemania va a la zaga en cuanto a salarios m\u00ednimos en Europa - El Digital de Asturias","headline":"Alemania va a la zaga en cuanto a salarios m\u00ednimos en Europa","author":{"@id":"https:\/\/www.eldigitaldeasturias.com\/noticias\/author\/admin\/#author"},"publisher":{"@id":"https:\/\/www.eldigitaldeasturias.com\/noticias\/#organization"},"image":{"@type":"ImageObject","url":"https:\/\/www.eldigitaldeasturias.com\/noticias\/wp-content\/uploads\/2019\/01\/work-791218_960_720.jpg","width":960,"height":640,"caption":"Empleo"},"datePublished":"2020-02-13T12:07:31+01:00","dateModified":"2020-02-13T12:07:31+01:00","inLanguage":"es-ES","mainEntityOfPage":{"@id":"https:\/\/www.eldigitaldeasturias.com\/noticias\/alemania-va-a-la-zaga-en-cuanto-a-salarios-minimos-en-europa\/#webpage"},"isPartOf":{"@id":"https:\/\/www.eldigitaldeasturias.com\/noticias\/alemania-va-a-la-zaga-en-cuanto-a-salarios-minimos-en-europa\/#webpage"},"articleSection":"Econom\u00eda"},{"@type":"BreadcrumbList","@id":"https:\/\/www.eldigitaldeasturias.com\/noticias\/alemania-va-a-la-zaga-en-cuanto-a-salarios-minimos-en-europa\/#breadcrumblist","itemListElement":[{"@type":"ListItem","@id":"https:\/\/www.eldigitaldeasturias.com\/noticias#listItem","position":1,"name":"Home","item":"https:\/\/www.eldigitaldeasturias.com\/noticias","nextItem":{"@type":"ListItem","@id":"https:\/\/www.eldigitaldeasturias.com\/noticias\/category\/economia\/#listItem","name":"Econom\u00eda"}},{"@type":"ListItem","@id":"https:\/\/www.eldigitaldeasturias.com\/noticias\/category\/economia\/#listItem","position":2,"name":"Econom\u00eda","item":"https:\/\/www.eldigitaldeasturias.com\/noticias\/category\/economia\/","nextItem":{"@type":"ListItem","@id":"https:\/\/www.eldigitaldeasturias.com\/noticias\/alemania-va-a-la-zaga-en-cuanto-a-salarios-minimos-en-europa\/#listItem","name":"Alemania va a la zaga en cuanto a salarios m\u00ednimos en Europa"},"previousItem":{"@type":"ListItem","@id":"https:\/\/www.eldigitaldeasturias.com\/noticias#listItem","name":"Home"}},{"@type":"ListItem","@id":"https:\/\/www.eldigitaldeasturias.com\/noticias\/alemania-va-a-la-zaga-en-cuanto-a-salarios-minimos-en-europa\/#listItem","position":3,"name":"Alemania va a la zaga en cuanto a salarios m\u00ednimos en Europa","previousItem":{"@type":"ListItem","@id":"https:\/\/www.eldigitaldeasturias.com\/noticias\/category\/economia\/#listItem","name":"Econom\u00eda"}}]},{"@type":"Organization","@id":"https:\/\/www.eldigitaldeasturias.com\/noticias\/#organization","name":"El Digital de Asturias","description":"Hemeroteca","url":"https:\/\/www.eldigitaldeasturias.com\/noticias\/","email":"info@eldigitaldeasturias.com","telephone":"+34652131393","logo":{"@type":"ImageObject","url":"https:\/\/www.eldigitaldeasturias.com\/noticias\/wp-content\/uploads\/2020\/12\/EDA.jpg","@id":"https:\/\/www.eldigitaldeasturias.com\/noticias\/alemania-va-a-la-zaga-en-cuanto-a-salarios-minimos-en-europa\/#organizationLogo","width":649,"height":297},"image":{"@id":"https:\/\/www.eldigitaldeasturias.com\/noticias\/alemania-va-a-la-zaga-en-cuanto-a-salarios-minimos-en-europa\/#organizationLogo"},"sameAs":["https:\/\/facebook.com\/eldigitaldeasturias","https:\/\/www.youtube.com\/channel\/UCZP-2wLEB9Rv6erhFmqVnvg"],"address":{"@id":"https:\/\/www.eldigitaldeasturias.com\/noticias\/#postaladdress","@type":"PostalAddress","streetAddress":"san antonio 4,","postalCode":"33430","addressLocality":"Cand\u00e1s","addressRegion":"Asturias","addressCountry":"ES"}},{"@type":"Person","@id":"https:\/\/www.eldigitaldeasturias.com\/noticias\/author\/admin\/#author","url":"https:\/\/www.eldigitaldeasturias.com\/noticias\/author\/admin\/","name":"El Digital de Asturias","image":{"@type":"ImageObject","@id":"https:\/\/www.eldigitaldeasturias.com\/noticias\/alemania-va-a-la-zaga-en-cuanto-a-salarios-minimos-en-europa\/#authorImage","url":"https:\/\/www.eldigitaldeasturias.com\/noticias\/wp-content\/litespeed\/avatar\/18677e78aa0546b92d9dbf31ec7d7668.jpg?ver=1777290358","width":96,"height":96,"caption":"El Digital de Asturias"}},{"@type":"WebPage","@id":"https:\/\/www.eldigitaldeasturias.com\/noticias\/alemania-va-a-la-zaga-en-cuanto-a-salarios-minimos-en-europa\/#webpage","url":"https:\/\/www.eldigitaldeasturias.com\/noticias\/alemania-va-a-la-zaga-en-cuanto-a-salarios-minimos-en-europa\/","name":"Alemania va a la zaga en cuanto a salarios m\u00ednimos en Europa - El Digital de Asturias","description":"D\u00fcsseldorf (Alemania), 13 feb (dpa) - Alemania est\u00e1 muy por detr\u00e1s de otros pa\u00edses de la Uni\u00f3n Europea (UE) en cuanto al monto del salario m\u00ednimo, se\u00f1ala un informe publicado hoy por el insituto de investigaci\u00f3n WSI, de la fundaci\u00f3n germana Hans B\u00f6ckler. \"Alemania introdujo el salario m\u00ednimo m\u00e1s bien tarde y a un nivel","inLanguage":"es-ES","isPartOf":{"@id":"https:\/\/www.eldigitaldeasturias.com\/noticias\/#website"},"breadcrumb":{"@id":"https:\/\/www.eldigitaldeasturias.com\/noticias\/alemania-va-a-la-zaga-en-cuanto-a-salarios-minimos-en-europa\/#breadcrumblist"},"author":{"@id":"https:\/\/www.eldigitaldeasturias.com\/noticias\/author\/admin\/#author"},"creator":{"@id":"https:\/\/www.eldigitaldeasturias.com\/noticias\/author\/admin\/#author"},"image":{"@type":"ImageObject","url":"https:\/\/www.eldigitaldeasturias.com\/noticias\/wp-content\/uploads\/2019\/01\/work-791218_960_720.jpg","@id":"https:\/\/www.eldigitaldeasturias.com\/noticias\/alemania-va-a-la-zaga-en-cuanto-a-salarios-minimos-en-europa\/#mainImage","width":960,"height":640,"caption":"Empleo"},"primaryImageOfPage":{"@id":"https:\/\/www.eldigitaldeasturias.com\/noticias\/alemania-va-a-la-zaga-en-cuanto-a-salarios-minimos-en-europa\/#mainImage"},"datePublished":"2020-02-13T12:07:31+01:00","dateModified":"2020-02-13T12:07:31+01:00"},{"@type":"WebSite","@id":"https:\/\/www.eldigitaldeasturias.com\/noticias\/#website","url":"https:\/\/www.eldigitaldeasturias.com\/noticias\/","name":"El Digital de Asturias - Diario de actualidad y noticias","alternateName":"El Digital de Asturias - Diario de actualidad y noticias","description":"Hemeroteca","inLanguage":"es-ES","publisher":{"@id":"https:\/\/www.eldigitaldeasturias.com\/noticias\/#organization"}}]},"og:locale":"es_ES","og:site_name":"El Digital de Asturias","og:type":"article","og:title":"Alemania va a la zaga en cuanto a salarios m\u00ednimos en Europa - El Digital de Asturias","og:description":"D\u00fcsseldorf (Alemania), 13 feb (dpa) - Alemania est\u00e1 muy por detr\u00e1s de otros pa\u00edses de la Uni\u00f3n Europea (UE) en cuanto al monto del salario m\u00ednimo, se\u00f1ala un informe publicado hoy por el insituto de investigaci\u00f3n WSI, de la fundaci\u00f3n germana Hans B\u00f6ckler. &quot;Alemania introdujo el salario m\u00ednimo m\u00e1s bien tarde y a un nivel","og:url":"https:\/\/www.eldigitaldeasturias.com\/noticias\/alemania-va-a-la-zaga-en-cuanto-a-salarios-minimos-en-europa\/","og:image":"https:\/\/www.eldigitaldeasturias.com\/noticias\/wp-content\/uploads\/2019\/01\/work-791218_960_720.jpg","og:image:secure_url":"https:\/\/www.eldigitaldeasturias.com\/noticias\/wp-content\/uploads\/2019\/01\/work-791218_960_720.jpg","og:image:width":960,"og:image:height":640,"article:tag":["econom\u00eda"],"article:published_time":"2020-02-13T12:07:31+00:00","article:modified_time":"2020-02-13T12:07:31+00:00","article:publisher":"https:\/\/facebook.com\/eldigitaldeasturias","twitter:card":"summary_large_image","twitter:title":"Alemania va a la zaga en cuanto a salarios m\u00ednimos en Europa - El Digital de Asturias","twitter:description":"D\u00fcsseldorf (Alemania), 13 feb (dpa) - Alemania est\u00e1 muy por detr\u00e1s de otros pa\u00edses de la Uni\u00f3n Europea (UE) en cuanto al monto del salario m\u00ednimo, se\u00f1ala un informe publicado hoy por el insituto de investigaci\u00f3n WSI, de la fundaci\u00f3n germana Hans B\u00f6ckler. &quot;Alemania introdujo el salario m\u00ednimo m\u00e1s bien tarde y a un nivel","twitter:image":"https:\/\/www.eldigitaldeasturias.com\/noticias\/wp-content\/uploads\/2019\/01\/work-791218_960_720.jpg","twitter:label1":"Escrito por","twitter:data1":"El Digital de Asturias","twitter:label2":"Tiempo de lectura estimado","twitter:data2":"1 minuto"},"aioseo_meta_data":{"post_id":"1057555","title":null,"description":null,"keywords":null,"keyphrases":null,"primary_term":null,"canonical_url":null,"og_title":null,"og_description":null,"og_object_type":"default","og_image_type":"default","og_image_url":null,"og_image_width":null,"og_image_height":null,"og_image_custom_url":null,"og_image_custom_fields":null,"og_video":null,"og_custom_url":null,"og_article_section":null,"og_article_tags":null,"twitter_use_og":false,"twitter_card":"default","twitter_image_type":"default","twitter_image_url":null,"twitter_image_custom_url":null,"twitter_image_custom_fields":null,"twitter_title":null,"twitter_description":null,"schema":{"blockGraphs":[],"customGraphs":[],"default":{"data":{"Article":[],"Course":[],"Dataset":[],"FAQPage":[],"Movie":[],"Person":[],"Product":[],"ProductReview":[],"Car":[],"Recipe":[],"Service":[],"SoftwareApplication":[],"WebPage":[]},"graphName":"","isEnabled":true},"graphs":[],"defaultGraph":"","defaultPostTypeGraph":""},"schema_type":null,"schema_type_options":null,"pillar_content":false,"robots_default":true,"robots_noindex":false,"robots_noarchive":false,"robots_nosnippet":false,"robots_nofollow":false,"robots_noimageindex":false,"robots_noodp":false,"robots_notranslate":false,"robots_max_snippet":null,"robots_max_videopreview":null,"robots_max_imagepreview":"large","priority":null,"frequency":null,"local_seo":null,"seo_analyzer_scan_date":"2025-10-31 02:20:06","breadcrumb_settings":null,"limit_modified_date":false,"open_ai":null,"ai":null,"created":"2020-12-21 10:55:28","updated":"2025-10-31 02:20:06"},"aioseo_breadcrumb":"<div class=\"aioseo-breadcrumbs\"><span class=\"aioseo-breadcrumb\">\n\t<a href=\"https:\/\/www.eldigitaldeasturias.com\/noticias\" title=\"Home\">Home<\/a>\n<\/span><span class=\"aioseo-breadcrumb-separator\">\u2013<\/span><span class=\"aioseo-breadcrumb\">\n\t<a href=\"https:\/\/www.eldigitaldeasturias.com\/noticias\/category\/economia\/\" title=\"Econom\u00eda\">Econom\u00eda<\/a>\n<\/span><span class=\"aioseo-breadcrumb-separator\">\u2013<\/span><span class=\"aioseo-breadcrumb\">\n\t<a href=\"https:\/\/www.eldigitaldeasturias.com\/noticias\/alemania-va-a-la-zaga-en-cuanto-a-salarios-minimos-en-europa\/\" title=\"Alemania va a la zaga en cuanto a salarios m\u00ednimos en Europa\">Alemania va a la zaga en cuanto a salarios m\u00ednimos en Europa<\/a>\n<\/span><\/div>","aioseo_breadcrumb_json":[{"label":"Home","link":"https:\/\/www.eldigitaldeasturias.com\/noticias"},{"label":"Econom\u00eda","link":"https:\/\/www.eldigitaldeasturias.com\/noticias\/category\/economia\/"},{"label":"Alemania va a la zaga en cuanto a salarios m\u00ednimos en Europa","link":"https:\/\/www.eldigitaldeasturias.com\/noticias\/alemania-va-a-la-zaga-en-cuanto-a-salarios-minimos-en-europa\/"}],"_links":{"self":[{"href":"https:\/\/www.eldigitaldeasturias.com\/noticias\/wp-json\/wp\/v2\/posts\/1057555","targetHints":{"allow":["GET"]}}],"collection":[{"href":"https:\/\/www.eldigitaldeasturias.com\/noticias\/wp-json\/wp\/v2\/posts"}],"about":[{"href":"https:\/\/www.eldigitaldeasturias.com\/noticias\/wp-json\/wp\/v2\/types\/post"}],"author":[{"embeddable":true,"href":"https:\/\/www.eldigitaldeasturias.com\/noticias\/wp-json\/wp\/v2\/users\/1"}],"replies":[{"embeddable":true,"href":"https:\/\/www.eldigitaldeasturias.com\/noticias\/wp-json\/wp\/v2\/comments?post=1057555"}],"version-history":[{"count":0,"href":"https:\/\/www.eldigitaldeasturias.com\/noticias\/wp-json\/wp\/v2\/posts\/1057555\/revisions"}],"wp:featuredmedia":[{"embeddable":true,"href":"https:\/\/www.eldigitaldeasturias.com\/noticias\/wp-json\/wp\/v2\/media\/1013387"}],"wp:attachment":[{"href":"https:\/\/www.eldigitaldeasturias.com\/noticias\/wp-json\/wp\/v2\/media?parent=1057555"}],"wp:term":[{"taxonomy":"category","embeddable":true,"href":"https:\/\/www.eldigitaldeasturias.com\/noticias\/wp-json\/wp\/v2\/categories?post=1057555"},{"taxonomy":"post_tag","embeddable":true,"href":"https:\/\/www.eldigitaldeasturias.com\/noticias\/wp-json\/wp\/v2\/tags?post=1057555"}],"curies":[{"name":"wp","href":"https:\/\/api.w.org\/{rel}","templated":true}]}}