{"id":1057553,"date":"2020-02-13T12:05:10","date_gmt":"2020-02-13T12:05:10","guid":{"rendered":"https:\/\/www.eldigitaldeasturias.com\/noticias\/?p=1057553"},"modified":"2020-02-13T12:05:10","modified_gmt":"2020-02-13T12:05:10","slug":"phil-hogan-el-acuerdo-entre-la-ue-y-vietnam-tiene-un-enorme-potencial-economico","status":"publish","type":"post","link":"https:\/\/www.eldigitaldeasturias.com\/noticias\/phil-hogan-el-acuerdo-entre-la-ue-y-vietnam-tiene-un-enorme-potencial-economico\/","title":{"rendered":"Phil Hogan: \u201cEl Acuerdo entre la UE y Vietnam tiene un enorme potencial econ\u00f3mico\u201d"},"content":{"rendered":"<p><img loading=\"lazy\" decoding=\"async\" class=\"alignleft size-medium wp-image-983320\" src=\"https:\/\/www.eldigitaldeasturias.com\/noticias\/wp-content\/uploads\/2018\/06\/blue-1283011_960_720-360x252.jpg\" alt=\"\" width=\"360\" height=\"252\" srcset=\"https:\/\/www.eldigitaldeasturias.com\/noticias\/wp-content\/uploads\/2018\/06\/blue-1283011_960_720-360x252.jpg 360w, https:\/\/www.eldigitaldeasturias.com\/noticias\/wp-content\/uploads\/2018\/06\/blue-1283011_960_720-429x300.jpg 429w, https:\/\/www.eldigitaldeasturias.com\/noticias\/wp-content\/uploads\/2018\/06\/blue-1283011_960_720-768x537.jpg 768w, https:\/\/www.eldigitaldeasturias.com\/noticias\/wp-content\/uploads\/2018\/06\/blue-1283011_960_720-687x480.jpg 687w, https:\/\/www.eldigitaldeasturias.com\/noticias\/wp-content\/uploads\/2018\/06\/blue-1283011_960_720-20x14.jpg 20w, https:\/\/www.eldigitaldeasturias.com\/noticias\/wp-content\/uploads\/2018\/06\/blue-1283011_960_720.jpg 960w\" sizes=\"auto, (max-width: 360px) 100vw, 360px\" \/>La Comisi\u00f3n Europea acoge con satisfacci\u00f3n la decisi\u00f3n adoptada ayer por el Parlamento Europeo de aprobar los acuerdos de comercio e inversiones entre la UE y Vietnam. <strong>Est\u00e1 previsto que el Acuerdo comercial entre la UE y Vietnam entre en vigor en 2020<\/strong>, tras la conclusi\u00f3n del procedimiento de ratificaci\u00f3n por parte de Vietnam. El Acuerdo comercial eliminar\u00e1 pr\u00e1cticamente todos los aranceles sobre los bienes intercambiados entre ambas partes y garantizar\u00e1 (a trav\u00e9s de sus compromisos firmes, jur\u00eddicamente vinculantes y exigibles en materia de desarrollo sostenible), el respeto de los derechos laborales, la protecci\u00f3n del medio ambiente y el cumplimiento del Acuerdo de Par\u00eds sobre el Cambio Clim\u00e1tico.<\/p>\n<p>Phil Hogan, comisario de Comercio, ha declarado: \u00abEl Acuerdo entre la UE y Vietnam tiene un enorme potencial econ\u00f3mico, beneficioso para los consumidores, los trabajadores, los agricultores y las empresas. Y va mucho m\u00e1s all\u00e1 de los beneficios econ\u00f3micos: demuestra que la pol\u00edtica comercial puede ser una fuerza positiva. Vietnam ya ha realizado grandes esfuerzos por mejorar su actuaci\u00f3n en materia de derechos laborales gracias a nuestras conversaciones comerciales. Una vez en vigor, estos acuerdos reforzar\u00e1n nuestras posibilidades de promover y supervisar las reformas de Vietnam\u00bb.<\/p>\n<p>Este es el Acuerdo comercial m\u00e1s amplio entre la UE y un pa\u00eds en desarrollo, aspecto este que se tuvo plenamente en cuenta: Vietnam eliminar\u00e1 sus derechos de importaci\u00f3n gradualmente a lo largo de un per\u00edodo m\u00e1s largo, de 10 a\u00f1os, a fin de tener en cuenta sus necesidades de desarrollo. Sin embargo, muchos productos de exportaci\u00f3n importantes de la UE, como los productos farmac\u00e9uticos, los productos qu\u00edmicos o la maquinaria, disfrutar\u00e1n ya de unas condiciones de importaci\u00f3n libres de derechos a partir de la entrada en vigor del acuerdo. El Acuerdo comercial tambi\u00e9n incluye disposiciones espec\u00edficas para reducir las barreras no arancelarias en el sector del autom\u00f3vil, y proteger\u00e1 169 alimentos y bebidas tradicionales de la UE (indicaciones geogr\u00e1ficas) como el vino de Rioja o el queso de Roquefort.<\/p>\n<p>Gracias al Acuerdo comercial, las empresas de la UE tambi\u00e9n podr\u00e1n participar en licitaciones de las autoridades y empresas p\u00fablicas vietnamitas en las mismas condiciones que las empresas nacionales.<\/p>\n<p>Adem\u00e1s de ofrecer importantes oportunidades econ\u00f3micas, el Acuerdo tambi\u00e9n garantiza que el comercio, la inversi\u00f3n y el desarrollo sostenible vayan de la mano, estableciendo un alto nivel de protecci\u00f3n laboral, medioambiental y de los consumidores, y velando por que no se produzca una \u00abcarrera a la baja\u00bb para atraer el comercio y la inversi\u00f3n.<\/p>\n<h3>El Acuerdo obliga a ambas partes a:<\/h3>\n<ul>\n<li>Ratificar los ocho convenios fundamentales de la Organizaci\u00f3n Internacional del Trabajo (OIT) y respetar, promover y aplicar de forma efectiva los principios de la OIT relativos a los derechos fundamentales en el trabajo<\/li>\n<li>Aplicar el Acuerdo de Par\u00eds, as\u00ed como otros acuerdos internacionales en materia de medio ambiente, y actuar a favor de la conservaci\u00f3n y la gesti\u00f3n sostenible de la fauna y la flora, la biodiversidad, la silvicultura y la pesca<\/li>\n<li>Dar participaci\u00f3n a la sociedad civil independiente en el seguimiento de la aplicaci\u00f3n de estos compromisos por ambas partes.<\/li>\n<\/ul>\n<p>Vietnam ya ha avanzado en algunos de estos compromisos:<\/p>\n<ul>\n<li>Ratific\u00f3 en junio de 2019 el Convenio n.\u00ba 98 de la OIT sobre la negociaci\u00f3n colectiva<\/li>\n<li>Adopt\u00f3 un C\u00f3digo de Trabajo revisado en noviembre de 2019<\/li>\n<li>Confirm\u00f3 un calendario para la ratificaci\u00f3n de los otros dos convenios fundamentales de la OIT sobre la libertad sindical y el trabajo forzoso.<\/li>\n<\/ul>\n<p>El Acuerdo comercial incluye adem\u00e1s un v\u00ednculo institucional y jur\u00eddico con el Acuerdo de Asociaci\u00f3n y Cooperaci\u00f3n entre la UE y Vietnam, lo que permite adoptar medidas adecuadas en caso de vulneraci\u00f3n de los derechos humanos.<\/p>\n<h3>Pr\u00f3ximas etapas<\/h3>\n<p>Con la aprobaci\u00f3n del Parlamento, el Consejo puede ahora celebrar el Acuerdo comercial, que podr\u00e1 entrar en vigor una vez que la Asamblea Nacional vietnamita lo haya ratificado, muy probablemente a principios del verano de 2020. El Acuerdo de protecci\u00f3n de las inversiones con Vietnam todav\u00eda tiene que ser ratificado por todos los Estados miembros de conformidad con sus respectivos procedimientos internos. Una vez ratificado, sustituir\u00e1 a los acuerdos bilaterales de inversi\u00f3n que veinti\u00fan Estados miembros de la UE tienen en la actualidad con Vietnam.<\/p>\n<p>Vietnam es el segundo mayor socio comercial de la UE en la Asociaci\u00f3n de Naciones del Asia Sudoriental (ASEAN) despu\u00e9s de Singapur, con un comercio de mercanc\u00edas por valor de 49 300 millones EUR y un comercio de servicios por valor de 4 100 millones EUR al a\u00f1o.<\/p>\n<p>Las principales exportaciones de la UE a Vietnam son productos de alta tecnolog\u00eda, como maquinaria y equipos el\u00e9ctricos, aeronaves, veh\u00edculos y productos farmac\u00e9uticos. Las principales exportaciones de Vietnam a la UE son productos electr\u00f3nicos, calzado, productos textiles y prendas de vestir, caf\u00e9, arroz, marisco y muebles.<\/p>\n<p>Con un volumen total de inversiones extranjeras directas de 6 100 millones EUR (2017), la UE es uno de los mayores inversores extranjeros en Vietnam. La mayor\u00eda de las inversiones de la UE se dedican a la transformaci\u00f3n y fabricaci\u00f3n industriales.<\/p>\n<p>&nbsp;<\/p>\n<p>&nbsp;<\/p>\n","protected":false},"excerpt":{"rendered":"<p>La Comisi\u00f3n Europea acoge con satisfacci\u00f3n la decisi\u00f3n adoptada ayer por el Parlamento Europeo de aprobar los acuerdos de comercio e inversiones entre la UE y Vietnam. Est\u00e1 previsto que el Acuerdo comercial entre la UE y Vietnam entre en vigor en 2020, tras la conclusi\u00f3n del procedimiento de ratificaci\u00f3n por parte de Vietnam. El [&hellip;]<\/p>\n","protected":false},"author":1,"featured_media":983320,"comment_status":"closed","ping_status":"closed","sticky":false,"template":"","format":"standard","meta":{"footnotes":""},"categories":[187],"tags":[],"class_list":["post-1057553","post","type-post","status-publish","format-standard","has-post-thumbnail","hentry","category-economia"],"aioseo_notices":[],"aioseo_head":"\n\t\t<!-- All in One SEO Pro 4.9.6.2 - aioseo.com -->\n\t<meta name=\"description\" content=\"La Comisi\u00f3n Europea acoge con satisfacci\u00f3n la decisi\u00f3n adoptada ayer por el Parlamento Europeo de aprobar los acuerdos de comercio e inversiones entre la UE y Vietnam. Est\u00e1 previsto que el Acuerdo comercial entre la UE y Vietnam entre en vigor en 2020, tras la conclusi\u00f3n del procedimiento de ratificaci\u00f3n por parte de Vietnam. El\" \/>\n\t<meta name=\"robots\" content=\"max-image-preview:large\" \/>\n\t<meta name=\"author\" content=\"El Digital de Asturias\"\/>\n\t<meta name=\"google-site-verification\" content=\"UA-38556648-1\" \/>\n\t<meta name=\"msvalidate.01\" content=\"7dfe9f3f1b24437ab69f4f2559babe99\" \/>\n\t<meta name=\"keywords\" content=\"econom\u00eda\" \/>\n\t<link rel=\"canonical\" href=\"https:\/\/www.eldigitaldeasturias.com\/noticias\/phil-hogan-el-acuerdo-entre-la-ue-y-vietnam-tiene-un-enorme-potencial-economico\/\" \/>\n\t<meta name=\"generator\" content=\"All in One SEO Pro (AIOSEO) 4.9.6.2\" \/>\n\t\t<meta property=\"og:locale\" content=\"es_ES\" \/>\n\t\t<meta property=\"og:site_name\" content=\"El Digital de Asturias\" \/>\n\t\t<meta property=\"og:type\" content=\"article\" \/>\n\t\t<meta property=\"og:title\" content=\"Phil Hogan: \u201cEl Acuerdo entre la UE y Vietnam tiene un enorme potencial econ\u00f3mico\u201d - El Digital de Asturias\" \/>\n\t\t<meta property=\"og:description\" content=\"La Comisi\u00f3n Europea acoge con satisfacci\u00f3n la decisi\u00f3n adoptada ayer por el Parlamento Europeo de aprobar los acuerdos de comercio e inversiones entre la UE y Vietnam. Est\u00e1 previsto que el Acuerdo comercial entre la UE y Vietnam entre en vigor en 2020, tras la conclusi\u00f3n del procedimiento de ratificaci\u00f3n por parte de Vietnam. El\" \/>\n\t\t<meta property=\"og:url\" content=\"https:\/\/www.eldigitaldeasturias.com\/noticias\/phil-hogan-el-acuerdo-entre-la-ue-y-vietnam-tiene-un-enorme-potencial-economico\/\" \/>\n\t\t<meta property=\"og:image\" content=\"https:\/\/www.eldigitaldeasturias.com\/noticias\/wp-content\/uploads\/2018\/06\/blue-1283011_960_720.jpg\" \/>\n\t\t<meta property=\"og:image:secure_url\" content=\"https:\/\/www.eldigitaldeasturias.com\/noticias\/wp-content\/uploads\/2018\/06\/blue-1283011_960_720.jpg\" \/>\n\t\t<meta property=\"og:image:width\" content=\"960\" \/>\n\t\t<meta property=\"og:image:height\" content=\"671\" \/>\n\t\t<meta property=\"article:tag\" content=\"econom\u00eda\" \/>\n\t\t<meta property=\"article:published_time\" content=\"2020-02-13T12:05:10+00:00\" \/>\n\t\t<meta property=\"article:modified_time\" content=\"2020-02-13T12:05:10+00:00\" \/>\n\t\t<meta property=\"article:publisher\" content=\"https:\/\/facebook.com\/eldigitaldeasturias\" \/>\n\t\t<meta name=\"twitter:card\" content=\"summary_large_image\" \/>\n\t\t<meta name=\"twitter:title\" content=\"Phil Hogan: \u201cEl Acuerdo entre la UE y Vietnam tiene un enorme potencial econ\u00f3mico\u201d - El Digital de Asturias\" \/>\n\t\t<meta name=\"twitter:description\" content=\"La Comisi\u00f3n Europea acoge con satisfacci\u00f3n la decisi\u00f3n adoptada ayer por el Parlamento Europeo de aprobar los acuerdos de comercio e inversiones entre la UE y Vietnam. Est\u00e1 previsto que el Acuerdo comercial entre la UE y Vietnam entre en vigor en 2020, tras la conclusi\u00f3n del procedimiento de ratificaci\u00f3n por parte de Vietnam. El\" \/>\n\t\t<meta name=\"twitter:image\" content=\"https:\/\/www.eldigitaldeasturias.com\/noticias\/wp-content\/uploads\/2018\/06\/blue-1283011_960_720.jpg\" \/>\n\t\t<meta name=\"twitter:label1\" content=\"Escrito por\" \/>\n\t\t<meta name=\"twitter:data1\" content=\"El Digital de Asturias\" \/>\n\t\t<meta name=\"twitter:label2\" content=\"Tiempo de lectura estimado\" \/>\n\t\t<meta name=\"twitter:data2\" content=\"4 minutos\" \/>\n\t\t<script type=\"application\/ld+json\" class=\"aioseo-schema\">\n\t\t\t{\"@context\":\"https:\\\/\\\/schema.org\",\"@graph\":[{\"@type\":\"BlogPosting\",\"@id\":\"https:\\\/\\\/www.eldigitaldeasturias.com\\\/noticias\\\/phil-hogan-el-acuerdo-entre-la-ue-y-vietnam-tiene-un-enorme-potencial-economico\\\/#blogposting\",\"name\":\"Phil Hogan: \\u201cEl Acuerdo entre la UE y Vietnam tiene un enorme potencial econ\\u00f3mico\\u201d - El Digital de Asturias\",\"headline\":\"Phil Hogan: \\u201cEl Acuerdo entre la UE y Vietnam tiene un enorme potencial econ\\u00f3mico\\u201d\",\"author\":{\"@id\":\"https:\\\/\\\/www.eldigitaldeasturias.com\\\/noticias\\\/author\\\/admin\\\/#author\"},\"publisher\":{\"@id\":\"https:\\\/\\\/www.eldigitaldeasturias.com\\\/noticias\\\/#organization\"},\"image\":{\"@type\":\"ImageObject\",\"url\":\"https:\\\/\\\/www.eldigitaldeasturias.com\\\/noticias\\\/wp-content\\\/uploads\\\/2018\\\/06\\\/blue-1283011_960_720.jpg\",\"width\":960,\"height\":671},\"datePublished\":\"2020-02-13T12:05:10+01:00\",\"dateModified\":\"2020-02-13T12:05:10+01:00\",\"inLanguage\":\"es-ES\",\"mainEntityOfPage\":{\"@id\":\"https:\\\/\\\/www.eldigitaldeasturias.com\\\/noticias\\\/phil-hogan-el-acuerdo-entre-la-ue-y-vietnam-tiene-un-enorme-potencial-economico\\\/#webpage\"},\"isPartOf\":{\"@id\":\"https:\\\/\\\/www.eldigitaldeasturias.com\\\/noticias\\\/phil-hogan-el-acuerdo-entre-la-ue-y-vietnam-tiene-un-enorme-potencial-economico\\\/#webpage\"},\"articleSection\":\"Econom\\u00eda\"},{\"@type\":\"BreadcrumbList\",\"@id\":\"https:\\\/\\\/www.eldigitaldeasturias.com\\\/noticias\\\/phil-hogan-el-acuerdo-entre-la-ue-y-vietnam-tiene-un-enorme-potencial-economico\\\/#breadcrumblist\",\"itemListElement\":[{\"@type\":\"ListItem\",\"@id\":\"https:\\\/\\\/www.eldigitaldeasturias.com\\\/noticias#listItem\",\"position\":1,\"name\":\"Home\",\"item\":\"https:\\\/\\\/www.eldigitaldeasturias.com\\\/noticias\",\"nextItem\":{\"@type\":\"ListItem\",\"@id\":\"https:\\\/\\\/www.eldigitaldeasturias.com\\\/noticias\\\/category\\\/economia\\\/#listItem\",\"name\":\"Econom\\u00eda\"}},{\"@type\":\"ListItem\",\"@id\":\"https:\\\/\\\/www.eldigitaldeasturias.com\\\/noticias\\\/category\\\/economia\\\/#listItem\",\"position\":2,\"name\":\"Econom\\u00eda\",\"item\":\"https:\\\/\\\/www.eldigitaldeasturias.com\\\/noticias\\\/category\\\/economia\\\/\",\"nextItem\":{\"@type\":\"ListItem\",\"@id\":\"https:\\\/\\\/www.eldigitaldeasturias.com\\\/noticias\\\/phil-hogan-el-acuerdo-entre-la-ue-y-vietnam-tiene-un-enorme-potencial-economico\\\/#listItem\",\"name\":\"Phil Hogan: \\u201cEl Acuerdo entre la UE y Vietnam tiene un enorme potencial econ\\u00f3mico\\u201d\"},\"previousItem\":{\"@type\":\"ListItem\",\"@id\":\"https:\\\/\\\/www.eldigitaldeasturias.com\\\/noticias#listItem\",\"name\":\"Home\"}},{\"@type\":\"ListItem\",\"@id\":\"https:\\\/\\\/www.eldigitaldeasturias.com\\\/noticias\\\/phil-hogan-el-acuerdo-entre-la-ue-y-vietnam-tiene-un-enorme-potencial-economico\\\/#listItem\",\"position\":3,\"name\":\"Phil Hogan: \\u201cEl Acuerdo entre la UE y Vietnam tiene un enorme potencial econ\\u00f3mico\\u201d\",\"previousItem\":{\"@type\":\"ListItem\",\"@id\":\"https:\\\/\\\/www.eldigitaldeasturias.com\\\/noticias\\\/category\\\/economia\\\/#listItem\",\"name\":\"Econom\\u00eda\"}}]},{\"@type\":\"Organization\",\"@id\":\"https:\\\/\\\/www.eldigitaldeasturias.com\\\/noticias\\\/#organization\",\"name\":\"El Digital de Asturias\",\"description\":\"Hemeroteca\",\"url\":\"https:\\\/\\\/www.eldigitaldeasturias.com\\\/noticias\\\/\",\"email\":\"info@eldigitaldeasturias.com\",\"telephone\":\"+34652131393\",\"logo\":{\"@type\":\"ImageObject\",\"url\":\"https:\\\/\\\/www.eldigitaldeasturias.com\\\/noticias\\\/wp-content\\\/uploads\\\/2020\\\/12\\\/EDA.jpg\",\"@id\":\"https:\\\/\\\/www.eldigitaldeasturias.com\\\/noticias\\\/phil-hogan-el-acuerdo-entre-la-ue-y-vietnam-tiene-un-enorme-potencial-economico\\\/#organizationLogo\",\"width\":649,\"height\":297},\"image\":{\"@id\":\"https:\\\/\\\/www.eldigitaldeasturias.com\\\/noticias\\\/phil-hogan-el-acuerdo-entre-la-ue-y-vietnam-tiene-un-enorme-potencial-economico\\\/#organizationLogo\"},\"sameAs\":[\"https:\\\/\\\/facebook.com\\\/eldigitaldeasturias\",\"https:\\\/\\\/www.youtube.com\\\/channel\\\/UCZP-2wLEB9Rv6erhFmqVnvg\"],\"address\":{\"@id\":\"https:\\\/\\\/www.eldigitaldeasturias.com\\\/noticias\\\/#postaladdress\",\"@type\":\"PostalAddress\",\"streetAddress\":\"san antonio 4,\",\"postalCode\":\"33430\",\"addressLocality\":\"Cand\\u00e1s\",\"addressRegion\":\"Asturias\",\"addressCountry\":\"ES\"}},{\"@type\":\"Person\",\"@id\":\"https:\\\/\\\/www.eldigitaldeasturias.com\\\/noticias\\\/author\\\/admin\\\/#author\",\"url\":\"https:\\\/\\\/www.eldigitaldeasturias.com\\\/noticias\\\/author\\\/admin\\\/\",\"name\":\"El Digital de Asturias\",\"image\":{\"@type\":\"ImageObject\",\"@id\":\"https:\\\/\\\/www.eldigitaldeasturias.com\\\/noticias\\\/phil-hogan-el-acuerdo-entre-la-ue-y-vietnam-tiene-un-enorme-potencial-economico\\\/#authorImage\",\"url\":\"https:\\\/\\\/www.eldigitaldeasturias.com\\\/noticias\\\/wp-content\\\/litespeed\\\/avatar\\\/18677e78aa0546b92d9dbf31ec7d7668.jpg?ver=1777290358\",\"width\":96,\"height\":96,\"caption\":\"El Digital de Asturias\"}},{\"@type\":\"WebPage\",\"@id\":\"https:\\\/\\\/www.eldigitaldeasturias.com\\\/noticias\\\/phil-hogan-el-acuerdo-entre-la-ue-y-vietnam-tiene-un-enorme-potencial-economico\\\/#webpage\",\"url\":\"https:\\\/\\\/www.eldigitaldeasturias.com\\\/noticias\\\/phil-hogan-el-acuerdo-entre-la-ue-y-vietnam-tiene-un-enorme-potencial-economico\\\/\",\"name\":\"Phil Hogan: \\u201cEl Acuerdo entre la UE y Vietnam tiene un enorme potencial econ\\u00f3mico\\u201d - El Digital de Asturias\",\"description\":\"La Comisi\\u00f3n Europea acoge con satisfacci\\u00f3n la decisi\\u00f3n adoptada ayer por el Parlamento Europeo de aprobar los acuerdos de comercio e inversiones entre la UE y Vietnam. Est\\u00e1 previsto que el Acuerdo comercial entre la UE y Vietnam entre en vigor en 2020, tras la conclusi\\u00f3n del procedimiento de ratificaci\\u00f3n por parte de Vietnam. El\",\"inLanguage\":\"es-ES\",\"isPartOf\":{\"@id\":\"https:\\\/\\\/www.eldigitaldeasturias.com\\\/noticias\\\/#website\"},\"breadcrumb\":{\"@id\":\"https:\\\/\\\/www.eldigitaldeasturias.com\\\/noticias\\\/phil-hogan-el-acuerdo-entre-la-ue-y-vietnam-tiene-un-enorme-potencial-economico\\\/#breadcrumblist\"},\"author\":{\"@id\":\"https:\\\/\\\/www.eldigitaldeasturias.com\\\/noticias\\\/author\\\/admin\\\/#author\"},\"creator\":{\"@id\":\"https:\\\/\\\/www.eldigitaldeasturias.com\\\/noticias\\\/author\\\/admin\\\/#author\"},\"image\":{\"@type\":\"ImageObject\",\"url\":\"https:\\\/\\\/www.eldigitaldeasturias.com\\\/noticias\\\/wp-content\\\/uploads\\\/2018\\\/06\\\/blue-1283011_960_720.jpg\",\"@id\":\"https:\\\/\\\/www.eldigitaldeasturias.com\\\/noticias\\\/phil-hogan-el-acuerdo-entre-la-ue-y-vietnam-tiene-un-enorme-potencial-economico\\\/#mainImage\",\"width\":960,\"height\":671},\"primaryImageOfPage\":{\"@id\":\"https:\\\/\\\/www.eldigitaldeasturias.com\\\/noticias\\\/phil-hogan-el-acuerdo-entre-la-ue-y-vietnam-tiene-un-enorme-potencial-economico\\\/#mainImage\"},\"datePublished\":\"2020-02-13T12:05:10+01:00\",\"dateModified\":\"2020-02-13T12:05:10+01:00\"},{\"@type\":\"WebSite\",\"@id\":\"https:\\\/\\\/www.eldigitaldeasturias.com\\\/noticias\\\/#website\",\"url\":\"https:\\\/\\\/www.eldigitaldeasturias.com\\\/noticias\\\/\",\"name\":\"El Digital de Asturias - Diario de actualidad y noticias\",\"alternateName\":\"El Digital de Asturias - Diario de actualidad y noticias\",\"description\":\"Hemeroteca\",\"inLanguage\":\"es-ES\",\"publisher\":{\"@id\":\"https:\\\/\\\/www.eldigitaldeasturias.com\\\/noticias\\\/#organization\"}}]}\n\t\t<\/script>\n\t\t<!-- All in One SEO Pro -->\r\n\t\t<title>Phil Hogan: \u201cEl Acuerdo entre la UE y Vietnam tiene un enorme potencial econ\u00f3mico\u201d - El Digital de Asturias<\/title>\n\n","aioseo_head_json":{"title":"Phil Hogan: \u201cEl Acuerdo entre la UE y Vietnam tiene un enorme potencial econ\u00f3mico\u201d - El Digital de Asturias","description":"La Comisi\u00f3n Europea acoge con satisfacci\u00f3n la decisi\u00f3n adoptada ayer por el Parlamento Europeo de aprobar los acuerdos de comercio e inversiones entre la UE y Vietnam. Est\u00e1 previsto que el Acuerdo comercial entre la UE y Vietnam entre en vigor en 2020, tras la conclusi\u00f3n del procedimiento de ratificaci\u00f3n por parte de Vietnam. El","canonical_url":"https:\/\/www.eldigitaldeasturias.com\/noticias\/phil-hogan-el-acuerdo-entre-la-ue-y-vietnam-tiene-un-enorme-potencial-economico\/","robots":"max-image-preview:large","keywords":"econom\u00eda","webmasterTools":{"google-site-verification":"UA-38556648-1","msvalidate.01":"7dfe9f3f1b24437ab69f4f2559babe99","miscellaneous":""},"schema":{"@context":"https:\/\/schema.org","@graph":[{"@type":"BlogPosting","@id":"https:\/\/www.eldigitaldeasturias.com\/noticias\/phil-hogan-el-acuerdo-entre-la-ue-y-vietnam-tiene-un-enorme-potencial-economico\/#blogposting","name":"Phil Hogan: \u201cEl Acuerdo entre la UE y Vietnam tiene un enorme potencial econ\u00f3mico\u201d - El Digital de Asturias","headline":"Phil Hogan: \u201cEl Acuerdo entre la UE y Vietnam tiene un enorme potencial econ\u00f3mico\u201d","author":{"@id":"https:\/\/www.eldigitaldeasturias.com\/noticias\/author\/admin\/#author"},"publisher":{"@id":"https:\/\/www.eldigitaldeasturias.com\/noticias\/#organization"},"image":{"@type":"ImageObject","url":"https:\/\/www.eldigitaldeasturias.com\/noticias\/wp-content\/uploads\/2018\/06\/blue-1283011_960_720.jpg","width":960,"height":671},"datePublished":"2020-02-13T12:05:10+01:00","dateModified":"2020-02-13T12:05:10+01:00","inLanguage":"es-ES","mainEntityOfPage":{"@id":"https:\/\/www.eldigitaldeasturias.com\/noticias\/phil-hogan-el-acuerdo-entre-la-ue-y-vietnam-tiene-un-enorme-potencial-economico\/#webpage"},"isPartOf":{"@id":"https:\/\/www.eldigitaldeasturias.com\/noticias\/phil-hogan-el-acuerdo-entre-la-ue-y-vietnam-tiene-un-enorme-potencial-economico\/#webpage"},"articleSection":"Econom\u00eda"},{"@type":"BreadcrumbList","@id":"https:\/\/www.eldigitaldeasturias.com\/noticias\/phil-hogan-el-acuerdo-entre-la-ue-y-vietnam-tiene-un-enorme-potencial-economico\/#breadcrumblist","itemListElement":[{"@type":"ListItem","@id":"https:\/\/www.eldigitaldeasturias.com\/noticias#listItem","position":1,"name":"Home","item":"https:\/\/www.eldigitaldeasturias.com\/noticias","nextItem":{"@type":"ListItem","@id":"https:\/\/www.eldigitaldeasturias.com\/noticias\/category\/economia\/#listItem","name":"Econom\u00eda"}},{"@type":"ListItem","@id":"https:\/\/www.eldigitaldeasturias.com\/noticias\/category\/economia\/#listItem","position":2,"name":"Econom\u00eda","item":"https:\/\/www.eldigitaldeasturias.com\/noticias\/category\/economia\/","nextItem":{"@type":"ListItem","@id":"https:\/\/www.eldigitaldeasturias.com\/noticias\/phil-hogan-el-acuerdo-entre-la-ue-y-vietnam-tiene-un-enorme-potencial-economico\/#listItem","name":"Phil Hogan: \u201cEl Acuerdo entre la UE y Vietnam tiene un enorme potencial econ\u00f3mico\u201d"},"previousItem":{"@type":"ListItem","@id":"https:\/\/www.eldigitaldeasturias.com\/noticias#listItem","name":"Home"}},{"@type":"ListItem","@id":"https:\/\/www.eldigitaldeasturias.com\/noticias\/phil-hogan-el-acuerdo-entre-la-ue-y-vietnam-tiene-un-enorme-potencial-economico\/#listItem","position":3,"name":"Phil Hogan: \u201cEl Acuerdo entre la UE y Vietnam tiene un enorme potencial econ\u00f3mico\u201d","previousItem":{"@type":"ListItem","@id":"https:\/\/www.eldigitaldeasturias.com\/noticias\/category\/economia\/#listItem","name":"Econom\u00eda"}}]},{"@type":"Organization","@id":"https:\/\/www.eldigitaldeasturias.com\/noticias\/#organization","name":"El Digital de Asturias","description":"Hemeroteca","url":"https:\/\/www.eldigitaldeasturias.com\/noticias\/","email":"info@eldigitaldeasturias.com","telephone":"+34652131393","logo":{"@type":"ImageObject","url":"https:\/\/www.eldigitaldeasturias.com\/noticias\/wp-content\/uploads\/2020\/12\/EDA.jpg","@id":"https:\/\/www.eldigitaldeasturias.com\/noticias\/phil-hogan-el-acuerdo-entre-la-ue-y-vietnam-tiene-un-enorme-potencial-economico\/#organizationLogo","width":649,"height":297},"image":{"@id":"https:\/\/www.eldigitaldeasturias.com\/noticias\/phil-hogan-el-acuerdo-entre-la-ue-y-vietnam-tiene-un-enorme-potencial-economico\/#organizationLogo"},"sameAs":["https:\/\/facebook.com\/eldigitaldeasturias","https:\/\/www.youtube.com\/channel\/UCZP-2wLEB9Rv6erhFmqVnvg"],"address":{"@id":"https:\/\/www.eldigitaldeasturias.com\/noticias\/#postaladdress","@type":"PostalAddress","streetAddress":"san antonio 4,","postalCode":"33430","addressLocality":"Cand\u00e1s","addressRegion":"Asturias","addressCountry":"ES"}},{"@type":"Person","@id":"https:\/\/www.eldigitaldeasturias.com\/noticias\/author\/admin\/#author","url":"https:\/\/www.eldigitaldeasturias.com\/noticias\/author\/admin\/","name":"El Digital de Asturias","image":{"@type":"ImageObject","@id":"https:\/\/www.eldigitaldeasturias.com\/noticias\/phil-hogan-el-acuerdo-entre-la-ue-y-vietnam-tiene-un-enorme-potencial-economico\/#authorImage","url":"https:\/\/www.eldigitaldeasturias.com\/noticias\/wp-content\/litespeed\/avatar\/18677e78aa0546b92d9dbf31ec7d7668.jpg?ver=1777290358","width":96,"height":96,"caption":"El Digital de Asturias"}},{"@type":"WebPage","@id":"https:\/\/www.eldigitaldeasturias.com\/noticias\/phil-hogan-el-acuerdo-entre-la-ue-y-vietnam-tiene-un-enorme-potencial-economico\/#webpage","url":"https:\/\/www.eldigitaldeasturias.com\/noticias\/phil-hogan-el-acuerdo-entre-la-ue-y-vietnam-tiene-un-enorme-potencial-economico\/","name":"Phil Hogan: \u201cEl Acuerdo entre la UE y Vietnam tiene un enorme potencial econ\u00f3mico\u201d - El Digital de Asturias","description":"La Comisi\u00f3n Europea acoge con satisfacci\u00f3n la decisi\u00f3n adoptada ayer por el Parlamento Europeo de aprobar los acuerdos de comercio e inversiones entre la UE y Vietnam. Est\u00e1 previsto que el Acuerdo comercial entre la UE y Vietnam entre en vigor en 2020, tras la conclusi\u00f3n del procedimiento de ratificaci\u00f3n por parte de Vietnam. El","inLanguage":"es-ES","isPartOf":{"@id":"https:\/\/www.eldigitaldeasturias.com\/noticias\/#website"},"breadcrumb":{"@id":"https:\/\/www.eldigitaldeasturias.com\/noticias\/phil-hogan-el-acuerdo-entre-la-ue-y-vietnam-tiene-un-enorme-potencial-economico\/#breadcrumblist"},"author":{"@id":"https:\/\/www.eldigitaldeasturias.com\/noticias\/author\/admin\/#author"},"creator":{"@id":"https:\/\/www.eldigitaldeasturias.com\/noticias\/author\/admin\/#author"},"image":{"@type":"ImageObject","url":"https:\/\/www.eldigitaldeasturias.com\/noticias\/wp-content\/uploads\/2018\/06\/blue-1283011_960_720.jpg","@id":"https:\/\/www.eldigitaldeasturias.com\/noticias\/phil-hogan-el-acuerdo-entre-la-ue-y-vietnam-tiene-un-enorme-potencial-economico\/#mainImage","width":960,"height":671},"primaryImageOfPage":{"@id":"https:\/\/www.eldigitaldeasturias.com\/noticias\/phil-hogan-el-acuerdo-entre-la-ue-y-vietnam-tiene-un-enorme-potencial-economico\/#mainImage"},"datePublished":"2020-02-13T12:05:10+01:00","dateModified":"2020-02-13T12:05:10+01:00"},{"@type":"WebSite","@id":"https:\/\/www.eldigitaldeasturias.com\/noticias\/#website","url":"https:\/\/www.eldigitaldeasturias.com\/noticias\/","name":"El Digital de Asturias - Diario de actualidad y noticias","alternateName":"El Digital de Asturias - Diario de actualidad y noticias","description":"Hemeroteca","inLanguage":"es-ES","publisher":{"@id":"https:\/\/www.eldigitaldeasturias.com\/noticias\/#organization"}}]},"og:locale":"es_ES","og:site_name":"El Digital de Asturias","og:type":"article","og:title":"Phil Hogan: \u201cEl Acuerdo entre la UE y Vietnam tiene un enorme potencial econ\u00f3mico\u201d - El Digital de Asturias","og:description":"La Comisi\u00f3n Europea acoge con satisfacci\u00f3n la decisi\u00f3n adoptada ayer por el Parlamento Europeo de aprobar los acuerdos de comercio e inversiones entre la UE y Vietnam. Est\u00e1 previsto que el Acuerdo comercial entre la UE y Vietnam entre en vigor en 2020, tras la conclusi\u00f3n del procedimiento de ratificaci\u00f3n por parte de Vietnam. El","og:url":"https:\/\/www.eldigitaldeasturias.com\/noticias\/phil-hogan-el-acuerdo-entre-la-ue-y-vietnam-tiene-un-enorme-potencial-economico\/","og:image":"https:\/\/www.eldigitaldeasturias.com\/noticias\/wp-content\/uploads\/2018\/06\/blue-1283011_960_720.jpg","og:image:secure_url":"https:\/\/www.eldigitaldeasturias.com\/noticias\/wp-content\/uploads\/2018\/06\/blue-1283011_960_720.jpg","og:image:width":960,"og:image:height":671,"article:tag":["econom\u00eda"],"article:published_time":"2020-02-13T12:05:10+00:00","article:modified_time":"2020-02-13T12:05:10+00:00","article:publisher":"https:\/\/facebook.com\/eldigitaldeasturias","twitter:card":"summary_large_image","twitter:title":"Phil Hogan: \u201cEl Acuerdo entre la UE y Vietnam tiene un enorme potencial econ\u00f3mico\u201d - El Digital de Asturias","twitter:description":"La Comisi\u00f3n Europea acoge con satisfacci\u00f3n la decisi\u00f3n adoptada ayer por el Parlamento Europeo de aprobar los acuerdos de comercio e inversiones entre la UE y Vietnam. Est\u00e1 previsto que el Acuerdo comercial entre la UE y Vietnam entre en vigor en 2020, tras la conclusi\u00f3n del procedimiento de ratificaci\u00f3n por parte de Vietnam. El","twitter:image":"https:\/\/www.eldigitaldeasturias.com\/noticias\/wp-content\/uploads\/2018\/06\/blue-1283011_960_720.jpg","twitter:label1":"Escrito por","twitter:data1":"El Digital de Asturias","twitter:label2":"Tiempo de lectura estimado","twitter:data2":"4 minutos"},"aioseo_meta_data":{"post_id":"1057553","title":null,"description":null,"keywords":null,"keyphrases":null,"primary_term":null,"canonical_url":null,"og_title":null,"og_description":null,"og_object_type":"default","og_image_type":"default","og_image_url":null,"og_image_width":null,"og_image_height":null,"og_image_custom_url":null,"og_image_custom_fields":null,"og_video":null,"og_custom_url":null,"og_article_section":null,"og_article_tags":null,"twitter_use_og":false,"twitter_card":"default","twitter_image_type":"default","twitter_image_url":null,"twitter_image_custom_url":null,"twitter_image_custom_fields":null,"twitter_title":null,"twitter_description":null,"schema":{"blockGraphs":[],"customGraphs":[],"default":{"data":{"Article":[],"Course":[],"Dataset":[],"FAQPage":[],"Movie":[],"Person":[],"Product":[],"ProductReview":[],"Car":[],"Recipe":[],"Service":[],"SoftwareApplication":[],"WebPage":[]},"graphName":"","isEnabled":true},"graphs":[],"defaultGraph":"","defaultPostTypeGraph":""},"schema_type":null,"schema_type_options":null,"pillar_content":false,"robots_default":true,"robots_noindex":false,"robots_noarchive":false,"robots_nosnippet":false,"robots_nofollow":false,"robots_noimageindex":false,"robots_noodp":false,"robots_notranslate":false,"robots_max_snippet":null,"robots_max_videopreview":null,"robots_max_imagepreview":"large","priority":null,"frequency":null,"local_seo":null,"seo_analyzer_scan_date":"2025-10-31 02:20:05","breadcrumb_settings":null,"limit_modified_date":false,"open_ai":null,"ai":null,"created":"2020-12-21 10:55:28","updated":"2025-10-31 02:20:05"},"aioseo_breadcrumb":"<div class=\"aioseo-breadcrumbs\"><span class=\"aioseo-breadcrumb\">\n\t<a href=\"https:\/\/www.eldigitaldeasturias.com\/noticias\" title=\"Home\">Home<\/a>\n<\/span><span class=\"aioseo-breadcrumb-separator\">\u2013<\/span><span class=\"aioseo-breadcrumb\">\n\t<a href=\"https:\/\/www.eldigitaldeasturias.com\/noticias\/category\/economia\/\" title=\"Econom\u00eda\">Econom\u00eda<\/a>\n<\/span><span class=\"aioseo-breadcrumb-separator\">\u2013<\/span><span class=\"aioseo-breadcrumb\">\n\t<a href=\"https:\/\/www.eldigitaldeasturias.com\/noticias\/phil-hogan-el-acuerdo-entre-la-ue-y-vietnam-tiene-un-enorme-potencial-economico\/\" title=\"Phil Hogan: \u201cEl Acuerdo entre la UE y Vietnam tiene un enorme potencial econ\u00f3mico\u201d\">Phil Hogan: \u201cEl Acuerdo entre la UE y Vietnam tiene un enorme potencial econ\u00f3mico\u201d<\/a>\n<\/span><\/div>","aioseo_breadcrumb_json":[{"label":"Home","link":"https:\/\/www.eldigitaldeasturias.com\/noticias"},{"label":"Econom\u00eda","link":"https:\/\/www.eldigitaldeasturias.com\/noticias\/category\/economia\/"},{"label":"Phil Hogan: \u201cEl Acuerdo entre la UE y Vietnam tiene un enorme potencial econ\u00f3mico\u201d","link":"https:\/\/www.eldigitaldeasturias.com\/noticias\/phil-hogan-el-acuerdo-entre-la-ue-y-vietnam-tiene-un-enorme-potencial-economico\/"}],"_links":{"self":[{"href":"https:\/\/www.eldigitaldeasturias.com\/noticias\/wp-json\/wp\/v2\/posts\/1057553","targetHints":{"allow":["GET"]}}],"collection":[{"href":"https:\/\/www.eldigitaldeasturias.com\/noticias\/wp-json\/wp\/v2\/posts"}],"about":[{"href":"https:\/\/www.eldigitaldeasturias.com\/noticias\/wp-json\/wp\/v2\/types\/post"}],"author":[{"embeddable":true,"href":"https:\/\/www.eldigitaldeasturias.com\/noticias\/wp-json\/wp\/v2\/users\/1"}],"replies":[{"embeddable":true,"href":"https:\/\/www.eldigitaldeasturias.com\/noticias\/wp-json\/wp\/v2\/comments?post=1057553"}],"version-history":[{"count":0,"href":"https:\/\/www.eldigitaldeasturias.com\/noticias\/wp-json\/wp\/v2\/posts\/1057553\/revisions"}],"wp:featuredmedia":[{"embeddable":true,"href":"https:\/\/www.eldigitaldeasturias.com\/noticias\/wp-json\/wp\/v2\/media\/983320"}],"wp:attachment":[{"href":"https:\/\/www.eldigitaldeasturias.com\/noticias\/wp-json\/wp\/v2\/media?parent=1057553"}],"wp:term":[{"taxonomy":"category","embeddable":true,"href":"https:\/\/www.eldigitaldeasturias.com\/noticias\/wp-json\/wp\/v2\/categories?post=1057553"},{"taxonomy":"post_tag","embeddable":true,"href":"https:\/\/www.eldigitaldeasturias.com\/noticias\/wp-json\/wp\/v2\/tags?post=1057553"}],"curies":[{"name":"wp","href":"https:\/\/api.w.org\/{rel}","templated":true}]}}