{"id":1057551,"date":"2020-02-13T12:00:57","date_gmt":"2020-02-13T12:00:57","guid":{"rendered":"https:\/\/www.eldigitaldeasturias.com\/noticias\/?p=1057551"},"modified":"2020-02-13T12:00:57","modified_gmt":"2020-02-13T12:00:57","slug":"el-crecimiento-del-pib-de-la-zona-del-euro-se-mantendra-estable","status":"publish","type":"post","link":"https:\/\/www.eldigitaldeasturias.com\/noticias\/el-crecimiento-del-pib-de-la-zona-del-euro-se-mantendra-estable\/","title":{"rendered":"El crecimiento del PIB de la zona del euro se mantendr\u00e1 estable"},"content":{"rendered":"<p><img loading=\"lazy\" decoding=\"async\" class=\"alignleft size-medium wp-image-983320\" src=\"https:\/\/www.eldigitaldeasturias.com\/noticias\/wp-content\/uploads\/2018\/06\/blue-1283011_960_720-360x252.jpg\" alt=\"\" width=\"360\" height=\"252\" srcset=\"https:\/\/www.eldigitaldeasturias.com\/noticias\/wp-content\/uploads\/2018\/06\/blue-1283011_960_720-360x252.jpg 360w, https:\/\/www.eldigitaldeasturias.com\/noticias\/wp-content\/uploads\/2018\/06\/blue-1283011_960_720-429x300.jpg 429w, https:\/\/www.eldigitaldeasturias.com\/noticias\/wp-content\/uploads\/2018\/06\/blue-1283011_960_720-768x537.jpg 768w, https:\/\/www.eldigitaldeasturias.com\/noticias\/wp-content\/uploads\/2018\/06\/blue-1283011_960_720-687x480.jpg 687w, https:\/\/www.eldigitaldeasturias.com\/noticias\/wp-content\/uploads\/2018\/06\/blue-1283011_960_720-20x14.jpg 20w, https:\/\/www.eldigitaldeasturias.com\/noticias\/wp-content\/uploads\/2018\/06\/blue-1283011_960_720.jpg 960w\" sizes=\"auto, (max-width: 360px) 100vw, 360px\" \/>Las previsiones econ\u00f3micas de invierno de 2020, publicadas hoy, apuntan a que<strong> la econom\u00eda europea seguir\u00e1 una senda de crecimiento constante y moderado<\/strong>. La zona del euro ya disfruta de su per\u00edodo m\u00e1s largo de crecimiento sostenido desde la introducci\u00f3n del euro en 1999.<\/p>\n<p>Las previsiones indican que e<strong>l crecimiento del producto interior bruto (PIB) de la zona del euro se mantendr\u00e1 estable en el 1,2 % en 2020 y 2021<\/strong>. En la UE en su conjunto, se prev\u00e9 que el crecimiento disminuya ligeramente hasta el 1,4 % en 2020 y 2021, frente al 1,5 % en 2019.<\/p>\n<p>Valdis Dombrovskis, vicepresidente ejecutivo responsable de Una Econom\u00eda al Servicio de las Personas, ha declarado: \u00abA pesar de un entorno dif\u00edcil, la econom\u00eda europea sigue teniendo una trayectoria estable, se crean sin cesar puestos de trabajo y siguen aumentando los salarios. Sin embargo, debemos ser conscientes de los posibles riesgos en perspectiva representados por un panorama geopol\u00edtico m\u00e1s vol\u00e1til con incertidumbres en el comercio. As\u00ed pues, los Estados miembros deben utilizar este tiempo favorable para acometer reformas estructurales dirigidas a impulsar el crecimiento y la productividad. Los pa\u00edses con una deuda p\u00fablica elevada tambi\u00e9n deber\u00edan reforzar sus defensas aplicando pol\u00edticas presupuestarias prudentes\u00bb.<\/p>\n<p>Paolo Gentiloni, comisario europeo de Econom\u00eda, ha declarado: \u00abLa econom\u00eda europea tiene en perspectiva un mantenimiento de un crecimiento constante, aunque moderado, a lo largo de los dos pr\u00f3ximos a\u00f1os. As\u00ed se prolongar\u00e1 el per\u00edodo de expansi\u00f3n m\u00e1s largo desde la introducci\u00f3n del euro en 1999, con las consiguientes buenas noticias desde el punto de vista del empleo. Tambi\u00e9n hemos asistido a alentadores avances en la reducci\u00f3n de las tensiones comerciales y hemos evitado un Brexit sin acuerdo. Sin embargo, todav\u00eda nos enfrentamos a una gran incertidumbre pol\u00edtica, que arroja una sombra de duda sobre la industria manufacturera. En cuanto al coronavirus, es demasiado pronto para evaluar la magnitud de su impacto econ\u00f3mico negativo\u00bb.<\/p>\n<h3>El crecimiento se mantiene estable, impulsado por la demanda interna<\/h3>\n<p>El entorno exterior sigue siendo complicado. Sin embargo, la creaci\u00f3n continua de empleo, un fuerte aumento de los salarios y unas pol\u00edticas favorables contribuir\u00e1n a que la econom\u00eda europea mantenga un crecimiento moderado. El consumo privado y la inversi\u00f3n, especialmente en el sector de la construcci\u00f3n, seguir\u00e1n impulsando el crecimiento econ\u00f3mico. Se prev\u00e9 que la inversi\u00f3n p\u00fablica, especialmente en los transportes y las infraestructuras digitales, aumente considerablemente en varios Estados miembros. Todo ello, sumado a los signos de estabilizaci\u00f3n del sector manufacturero y al hecho de que los flujos comerciales mundiales pueden estar empezando a repuntar, deber\u00eda permitir a la econom\u00eda europea seguir creciendo. Al mismo tiempo, estos factores parecen insuficientes para acelerar tal crecimiento.<\/p>\n<h3>Una peque\u00f1a revisi\u00f3n al alza de las previsiones de inflaci\u00f3n<\/h3>\n<p>Las previsiones de inflaci\u00f3n (\u00edndice de precios de consumo armonizado) de la zona del euro se han elevado al 1,3 % en 2020 y al 1,4 % en 2021, lo que representa un incremento del 0,1 % respecto a las previsiones econ\u00f3micas de oto\u00f1o de 2019. As\u00ed se recogen las se\u00f1ales provisionales de que unos salarios m\u00e1s altos pueden estar repercutiendo en los precios b\u00e1sicos, as\u00ed como el supuesto de unos precios del petr\u00f3leo algo m\u00e1s altos.<\/p>\n<p>En la UE, las previsiones de inflaci\u00f3n en 2020 tambi\u00e9n se han incrementado en 0,1 puntos porcentuales, hasta el 1,5 %. La previsi\u00f3n para 2021 se mantiene en el 1,6 %.<\/p>\n<h3>Riesgos con respecto a las previsiones<\/h3>\n<p>Si bien se han desvanecido algunos riesgos de revisi\u00f3n a la baja, han surgido otros nuevos. En general,<strong> la balanza de riesgos sigue tendiendo a la baja<\/strong>.<\/p>\n<p>La primera fase del acuerdo comercial entre los Estados Unidos y China ha contribuido a disminuir en alguna medida los riesgos de revisi\u00f3n a la baja, pero el alto grado de incertidumbre asociado a la pol\u00edtica comercial estadounidense sigue siendo un obst\u00e1culo a una recuperaci\u00f3n m\u00e1s generalizada de la confianza empresarial. El malestar social en Am\u00e9rica Latina puede poner en peligro la recuperaci\u00f3n econ\u00f3mica de esta zona. El agravamiento de las tensiones geopol\u00edticas en Oriente Medio ha aumentado el riesgo de conflicto en la regi\u00f3n.<\/p>\n<p>Aunque actualmente est\u00e1n claras las relaciones comerciales entre la UE y el Reino Unido durante el per\u00edodo de transici\u00f3n, sigue existiendo una incertidumbre considerable sobre la futura asociaci\u00f3n con el Reino Unido. El brote del coronavirus \u00ab2019-nCoV\u00bb, con sus consecuencias en la salud p\u00fablica, la actividad econ\u00f3mica y el comercio, especialmente en China, constituye un nuevo riesgo de revisi\u00f3n a la baja. El supuesto de referencia es que el brote culmine en el primer trimestre, con efectos indirectos globales relativamente limitados. Sin embargo, cuanto m\u00e1s dure, mayor ser\u00e1 la probabilidad de que se produzcan efectos en cadena en el clima econ\u00f3mico y las condiciones de financiaci\u00f3n a escala mundial. Los riesgos relacionados con el cambio clim\u00e1tico, aunque son principalmente a largo plazo, no pueden descartarse tambi\u00e9n a corto plazo.<\/p>\n<p>En el lado positivo, la econom\u00eda europea podr\u00eda beneficiarse de unas pol\u00edticas presupuestarias m\u00e1s expansivas y favorables al crecimiento y aprovechar los efectos indirectos positivos de unas condiciones de financiaci\u00f3n m\u00e1s favorables en algunos Estados miembros de la zona del euro.<\/p>\n<h3>Reino Unido: hip\u00f3tesis puramente t\u00e9cnica<\/h3>\n<p>Dado que las relaciones futuras entre la UE y el Reino Unido a\u00fan no est\u00e1n claras, las previsiones para 2021 se basan en una hip\u00f3tesis puramente t\u00e9cnica del status quo en cuanto a sus relaciones comerciales. Esta hip\u00f3tesis se adopta \u00fanicamente a efectos de las previsiones y no representa ninguna previsi\u00f3n ni pron\u00f3stico del resultado de las negociaciones entre la UE y el Reino Unido sobre sus relaciones futuras.<\/p>\n<p>Estas previsiones se basan en una serie de supuestos t\u00e9cnicos sobre los tipos de cambio, los tipos de inter\u00e9s y los precios de los productos b\u00e1sicos hasta la fecha l\u00edmite del 29 de enero. Por lo que respecta a los dem\u00e1s datos considerados, incluidos los supuestos en materia de pol\u00edticas p\u00fablicas, estas previsiones tienen en cuenta la informaci\u00f3n obtenida hasta el 4 de febrero inclusive. Las previsiones no contemplan cambios en las pol\u00edticas, salvo que se anuncien de forma cre\u00edble y con detalle suficiente.<\/p>\n<p>La Comisi\u00f3n Europea publica cada a\u00f1o dos previsiones completas (primavera y oto\u00f1o) y dos previsiones intermedias (invierno y verano). Las previsiones intermedias incluyen el PIB y la inflaci\u00f3n anuales y trimestrales del a\u00f1o en curso y el a\u00f1o siguiente correspondientes a todos los Estados miembros, as\u00ed como datos agregados de la UE y la zona del euro.<\/p>\n<p><strong>Las pr\u00f3ximas previsiones econ\u00f3micas de la Comisi\u00f3n Europea ser\u00e1n las de la primavera de 2020<\/strong>, cuya publicaci\u00f3n est\u00e1 prevista el 7 de mayo de 2020.<\/p>\n<p>&nbsp;<\/p>\n","protected":false},"excerpt":{"rendered":"<p>Las previsiones econ\u00f3micas de invierno de 2020, publicadas hoy, apuntan a que la econom\u00eda europea seguir\u00e1 una senda de crecimiento constante y moderado. La zona del euro ya disfruta de su per\u00edodo m\u00e1s largo de crecimiento sostenido desde la introducci\u00f3n del euro en 1999. Las previsiones indican que el crecimiento del producto interior bruto (PIB) [&hellip;]<\/p>\n","protected":false},"author":1,"featured_media":983320,"comment_status":"closed","ping_status":"closed","sticky":false,"template":"","format":"standard","meta":{"footnotes":""},"categories":[187],"tags":[],"class_list":["post-1057551","post","type-post","status-publish","format-standard","has-post-thumbnail","hentry","category-economia"],"aioseo_notices":[],"aioseo_head":"\n\t\t<!-- All in One SEO Pro 4.9.6.2 - aioseo.com -->\n\t<meta name=\"description\" content=\"Las previsiones econ\u00f3micas de invierno de 2020, publicadas hoy, apuntan a que la econom\u00eda europea seguir\u00e1 una senda de crecimiento constante y moderado. La zona del euro ya disfruta de su per\u00edodo m\u00e1s largo de crecimiento sostenido desde la introducci\u00f3n del euro en 1999. Las previsiones indican que el crecimiento del producto interior bruto (PIB)\" \/>\n\t<meta name=\"robots\" content=\"max-image-preview:large\" \/>\n\t<meta name=\"author\" content=\"El Digital de Asturias\"\/>\n\t<meta name=\"google-site-verification\" content=\"UA-38556648-1\" \/>\n\t<meta name=\"msvalidate.01\" content=\"7dfe9f3f1b24437ab69f4f2559babe99\" \/>\n\t<meta name=\"keywords\" content=\"econom\u00eda\" \/>\n\t<link rel=\"canonical\" href=\"https:\/\/www.eldigitaldeasturias.com\/noticias\/el-crecimiento-del-pib-de-la-zona-del-euro-se-mantendra-estable\/\" \/>\n\t<meta name=\"generator\" content=\"All in One SEO Pro (AIOSEO) 4.9.6.2\" \/>\n\t\t<meta property=\"og:locale\" content=\"es_ES\" \/>\n\t\t<meta property=\"og:site_name\" content=\"El Digital de Asturias\" \/>\n\t\t<meta property=\"og:type\" content=\"article\" \/>\n\t\t<meta property=\"og:title\" content=\"El crecimiento del PIB de la zona del euro se mantendr\u00e1 estable - El Digital de Asturias\" \/>\n\t\t<meta property=\"og:description\" content=\"Las previsiones econ\u00f3micas de invierno de 2020, publicadas hoy, apuntan a que la econom\u00eda europea seguir\u00e1 una senda de crecimiento constante y moderado. La zona del euro ya disfruta de su per\u00edodo m\u00e1s largo de crecimiento sostenido desde la introducci\u00f3n del euro en 1999. Las previsiones indican que el crecimiento del producto interior bruto (PIB)\" \/>\n\t\t<meta property=\"og:url\" content=\"https:\/\/www.eldigitaldeasturias.com\/noticias\/el-crecimiento-del-pib-de-la-zona-del-euro-se-mantendra-estable\/\" \/>\n\t\t<meta property=\"og:image\" content=\"https:\/\/www.eldigitaldeasturias.com\/noticias\/wp-content\/uploads\/2018\/06\/blue-1283011_960_720.jpg\" \/>\n\t\t<meta property=\"og:image:secure_url\" content=\"https:\/\/www.eldigitaldeasturias.com\/noticias\/wp-content\/uploads\/2018\/06\/blue-1283011_960_720.jpg\" \/>\n\t\t<meta property=\"og:image:width\" content=\"960\" \/>\n\t\t<meta property=\"og:image:height\" content=\"671\" \/>\n\t\t<meta property=\"article:tag\" content=\"econom\u00eda\" \/>\n\t\t<meta property=\"article:published_time\" content=\"2020-02-13T12:00:57+00:00\" \/>\n\t\t<meta property=\"article:modified_time\" content=\"2020-02-13T12:00:57+00:00\" \/>\n\t\t<meta property=\"article:publisher\" content=\"https:\/\/facebook.com\/eldigitaldeasturias\" \/>\n\t\t<meta name=\"twitter:card\" content=\"summary_large_image\" \/>\n\t\t<meta name=\"twitter:title\" content=\"El crecimiento del PIB de la zona del euro se mantendr\u00e1 estable - El Digital de Asturias\" \/>\n\t\t<meta name=\"twitter:description\" content=\"Las previsiones econ\u00f3micas de invierno de 2020, publicadas hoy, apuntan a que la econom\u00eda europea seguir\u00e1 una senda de crecimiento constante y moderado. La zona del euro ya disfruta de su per\u00edodo m\u00e1s largo de crecimiento sostenido desde la introducci\u00f3n del euro en 1999. Las previsiones indican que el crecimiento del producto interior bruto (PIB)\" \/>\n\t\t<meta name=\"twitter:image\" content=\"https:\/\/www.eldigitaldeasturias.com\/noticias\/wp-content\/uploads\/2018\/06\/blue-1283011_960_720.jpg\" \/>\n\t\t<meta name=\"twitter:label1\" content=\"Escrito por\" \/>\n\t\t<meta name=\"twitter:data1\" content=\"El Digital de Asturias\" \/>\n\t\t<meta name=\"twitter:label2\" content=\"Tiempo de lectura estimado\" \/>\n\t\t<meta name=\"twitter:data2\" content=\"6 minutos\" \/>\n\t\t<script type=\"application\/ld+json\" class=\"aioseo-schema\">\n\t\t\t{\"@context\":\"https:\\\/\\\/schema.org\",\"@graph\":[{\"@type\":\"BlogPosting\",\"@id\":\"https:\\\/\\\/www.eldigitaldeasturias.com\\\/noticias\\\/el-crecimiento-del-pib-de-la-zona-del-euro-se-mantendra-estable\\\/#blogposting\",\"name\":\"El crecimiento del PIB de la zona del euro se mantendr\\u00e1 estable - El Digital de Asturias\",\"headline\":\"El crecimiento del PIB de la zona del euro se mantendr\\u00e1 estable\",\"author\":{\"@id\":\"https:\\\/\\\/www.eldigitaldeasturias.com\\\/noticias\\\/author\\\/admin\\\/#author\"},\"publisher\":{\"@id\":\"https:\\\/\\\/www.eldigitaldeasturias.com\\\/noticias\\\/#organization\"},\"image\":{\"@type\":\"ImageObject\",\"url\":\"https:\\\/\\\/www.eldigitaldeasturias.com\\\/noticias\\\/wp-content\\\/uploads\\\/2018\\\/06\\\/blue-1283011_960_720.jpg\",\"width\":960,\"height\":671},\"datePublished\":\"2020-02-13T12:00:57+01:00\",\"dateModified\":\"2020-02-13T12:00:57+01:00\",\"inLanguage\":\"es-ES\",\"mainEntityOfPage\":{\"@id\":\"https:\\\/\\\/www.eldigitaldeasturias.com\\\/noticias\\\/el-crecimiento-del-pib-de-la-zona-del-euro-se-mantendra-estable\\\/#webpage\"},\"isPartOf\":{\"@id\":\"https:\\\/\\\/www.eldigitaldeasturias.com\\\/noticias\\\/el-crecimiento-del-pib-de-la-zona-del-euro-se-mantendra-estable\\\/#webpage\"},\"articleSection\":\"Econom\\u00eda\"},{\"@type\":\"BreadcrumbList\",\"@id\":\"https:\\\/\\\/www.eldigitaldeasturias.com\\\/noticias\\\/el-crecimiento-del-pib-de-la-zona-del-euro-se-mantendra-estable\\\/#breadcrumblist\",\"itemListElement\":[{\"@type\":\"ListItem\",\"@id\":\"https:\\\/\\\/www.eldigitaldeasturias.com\\\/noticias#listItem\",\"position\":1,\"name\":\"Home\",\"item\":\"https:\\\/\\\/www.eldigitaldeasturias.com\\\/noticias\",\"nextItem\":{\"@type\":\"ListItem\",\"@id\":\"https:\\\/\\\/www.eldigitaldeasturias.com\\\/noticias\\\/category\\\/economia\\\/#listItem\",\"name\":\"Econom\\u00eda\"}},{\"@type\":\"ListItem\",\"@id\":\"https:\\\/\\\/www.eldigitaldeasturias.com\\\/noticias\\\/category\\\/economia\\\/#listItem\",\"position\":2,\"name\":\"Econom\\u00eda\",\"item\":\"https:\\\/\\\/www.eldigitaldeasturias.com\\\/noticias\\\/category\\\/economia\\\/\",\"nextItem\":{\"@type\":\"ListItem\",\"@id\":\"https:\\\/\\\/www.eldigitaldeasturias.com\\\/noticias\\\/el-crecimiento-del-pib-de-la-zona-del-euro-se-mantendra-estable\\\/#listItem\",\"name\":\"El crecimiento del PIB de la zona del euro se mantendr\\u00e1 estable\"},\"previousItem\":{\"@type\":\"ListItem\",\"@id\":\"https:\\\/\\\/www.eldigitaldeasturias.com\\\/noticias#listItem\",\"name\":\"Home\"}},{\"@type\":\"ListItem\",\"@id\":\"https:\\\/\\\/www.eldigitaldeasturias.com\\\/noticias\\\/el-crecimiento-del-pib-de-la-zona-del-euro-se-mantendra-estable\\\/#listItem\",\"position\":3,\"name\":\"El crecimiento del PIB de la zona del euro se mantendr\\u00e1 estable\",\"previousItem\":{\"@type\":\"ListItem\",\"@id\":\"https:\\\/\\\/www.eldigitaldeasturias.com\\\/noticias\\\/category\\\/economia\\\/#listItem\",\"name\":\"Econom\\u00eda\"}}]},{\"@type\":\"Organization\",\"@id\":\"https:\\\/\\\/www.eldigitaldeasturias.com\\\/noticias\\\/#organization\",\"name\":\"El Digital de Asturias\",\"description\":\"Hemeroteca\",\"url\":\"https:\\\/\\\/www.eldigitaldeasturias.com\\\/noticias\\\/\",\"email\":\"info@eldigitaldeasturias.com\",\"telephone\":\"+34652131393\",\"logo\":{\"@type\":\"ImageObject\",\"url\":\"https:\\\/\\\/www.eldigitaldeasturias.com\\\/noticias\\\/wp-content\\\/uploads\\\/2020\\\/12\\\/EDA.jpg\",\"@id\":\"https:\\\/\\\/www.eldigitaldeasturias.com\\\/noticias\\\/el-crecimiento-del-pib-de-la-zona-del-euro-se-mantendra-estable\\\/#organizationLogo\",\"width\":649,\"height\":297},\"image\":{\"@id\":\"https:\\\/\\\/www.eldigitaldeasturias.com\\\/noticias\\\/el-crecimiento-del-pib-de-la-zona-del-euro-se-mantendra-estable\\\/#organizationLogo\"},\"sameAs\":[\"https:\\\/\\\/facebook.com\\\/eldigitaldeasturias\",\"https:\\\/\\\/www.youtube.com\\\/channel\\\/UCZP-2wLEB9Rv6erhFmqVnvg\"],\"address\":{\"@id\":\"https:\\\/\\\/www.eldigitaldeasturias.com\\\/noticias\\\/#postaladdress\",\"@type\":\"PostalAddress\",\"streetAddress\":\"san antonio 4,\",\"postalCode\":\"33430\",\"addressLocality\":\"Cand\\u00e1s\",\"addressRegion\":\"Asturias\",\"addressCountry\":\"ES\"}},{\"@type\":\"Person\",\"@id\":\"https:\\\/\\\/www.eldigitaldeasturias.com\\\/noticias\\\/author\\\/admin\\\/#author\",\"url\":\"https:\\\/\\\/www.eldigitaldeasturias.com\\\/noticias\\\/author\\\/admin\\\/\",\"name\":\"El Digital de Asturias\",\"image\":{\"@type\":\"ImageObject\",\"@id\":\"https:\\\/\\\/www.eldigitaldeasturias.com\\\/noticias\\\/el-crecimiento-del-pib-de-la-zona-del-euro-se-mantendra-estable\\\/#authorImage\",\"url\":\"https:\\\/\\\/www.eldigitaldeasturias.com\\\/noticias\\\/wp-content\\\/litespeed\\\/avatar\\\/18677e78aa0546b92d9dbf31ec7d7668.jpg?ver=1777290358\",\"width\":96,\"height\":96,\"caption\":\"El Digital de Asturias\"}},{\"@type\":\"WebPage\",\"@id\":\"https:\\\/\\\/www.eldigitaldeasturias.com\\\/noticias\\\/el-crecimiento-del-pib-de-la-zona-del-euro-se-mantendra-estable\\\/#webpage\",\"url\":\"https:\\\/\\\/www.eldigitaldeasturias.com\\\/noticias\\\/el-crecimiento-del-pib-de-la-zona-del-euro-se-mantendra-estable\\\/\",\"name\":\"El crecimiento del PIB de la zona del euro se mantendr\\u00e1 estable - El Digital de Asturias\",\"description\":\"Las previsiones econ\\u00f3micas de invierno de 2020, publicadas hoy, apuntan a que la econom\\u00eda europea seguir\\u00e1 una senda de crecimiento constante y moderado. La zona del euro ya disfruta de su per\\u00edodo m\\u00e1s largo de crecimiento sostenido desde la introducci\\u00f3n del euro en 1999. Las previsiones indican que el crecimiento del producto interior bruto (PIB)\",\"inLanguage\":\"es-ES\",\"isPartOf\":{\"@id\":\"https:\\\/\\\/www.eldigitaldeasturias.com\\\/noticias\\\/#website\"},\"breadcrumb\":{\"@id\":\"https:\\\/\\\/www.eldigitaldeasturias.com\\\/noticias\\\/el-crecimiento-del-pib-de-la-zona-del-euro-se-mantendra-estable\\\/#breadcrumblist\"},\"author\":{\"@id\":\"https:\\\/\\\/www.eldigitaldeasturias.com\\\/noticias\\\/author\\\/admin\\\/#author\"},\"creator\":{\"@id\":\"https:\\\/\\\/www.eldigitaldeasturias.com\\\/noticias\\\/author\\\/admin\\\/#author\"},\"image\":{\"@type\":\"ImageObject\",\"url\":\"https:\\\/\\\/www.eldigitaldeasturias.com\\\/noticias\\\/wp-content\\\/uploads\\\/2018\\\/06\\\/blue-1283011_960_720.jpg\",\"@id\":\"https:\\\/\\\/www.eldigitaldeasturias.com\\\/noticias\\\/el-crecimiento-del-pib-de-la-zona-del-euro-se-mantendra-estable\\\/#mainImage\",\"width\":960,\"height\":671},\"primaryImageOfPage\":{\"@id\":\"https:\\\/\\\/www.eldigitaldeasturias.com\\\/noticias\\\/el-crecimiento-del-pib-de-la-zona-del-euro-se-mantendra-estable\\\/#mainImage\"},\"datePublished\":\"2020-02-13T12:00:57+01:00\",\"dateModified\":\"2020-02-13T12:00:57+01:00\"},{\"@type\":\"WebSite\",\"@id\":\"https:\\\/\\\/www.eldigitaldeasturias.com\\\/noticias\\\/#website\",\"url\":\"https:\\\/\\\/www.eldigitaldeasturias.com\\\/noticias\\\/\",\"name\":\"El Digital de Asturias - Diario de actualidad y noticias\",\"alternateName\":\"El Digital de Asturias - Diario de actualidad y noticias\",\"description\":\"Hemeroteca\",\"inLanguage\":\"es-ES\",\"publisher\":{\"@id\":\"https:\\\/\\\/www.eldigitaldeasturias.com\\\/noticias\\\/#organization\"}}]}\n\t\t<\/script>\n\t\t<!-- All in One SEO Pro -->\r\n\t\t<title>El crecimiento del PIB de la zona del euro se mantendr\u00e1 estable - El Digital de Asturias<\/title>\n\n","aioseo_head_json":{"title":"El crecimiento del PIB de la zona del euro se mantendr\u00e1 estable - El Digital de Asturias","description":"Las previsiones econ\u00f3micas de invierno de 2020, publicadas hoy, apuntan a que la econom\u00eda europea seguir\u00e1 una senda de crecimiento constante y moderado. La zona del euro ya disfruta de su per\u00edodo m\u00e1s largo de crecimiento sostenido desde la introducci\u00f3n del euro en 1999. Las previsiones indican que el crecimiento del producto interior bruto (PIB)","canonical_url":"https:\/\/www.eldigitaldeasturias.com\/noticias\/el-crecimiento-del-pib-de-la-zona-del-euro-se-mantendra-estable\/","robots":"max-image-preview:large","keywords":"econom\u00eda","webmasterTools":{"google-site-verification":"UA-38556648-1","msvalidate.01":"7dfe9f3f1b24437ab69f4f2559babe99","miscellaneous":""},"schema":{"@context":"https:\/\/schema.org","@graph":[{"@type":"BlogPosting","@id":"https:\/\/www.eldigitaldeasturias.com\/noticias\/el-crecimiento-del-pib-de-la-zona-del-euro-se-mantendra-estable\/#blogposting","name":"El crecimiento del PIB de la zona del euro se mantendr\u00e1 estable - El Digital de Asturias","headline":"El crecimiento del PIB de la zona del euro se mantendr\u00e1 estable","author":{"@id":"https:\/\/www.eldigitaldeasturias.com\/noticias\/author\/admin\/#author"},"publisher":{"@id":"https:\/\/www.eldigitaldeasturias.com\/noticias\/#organization"},"image":{"@type":"ImageObject","url":"https:\/\/www.eldigitaldeasturias.com\/noticias\/wp-content\/uploads\/2018\/06\/blue-1283011_960_720.jpg","width":960,"height":671},"datePublished":"2020-02-13T12:00:57+01:00","dateModified":"2020-02-13T12:00:57+01:00","inLanguage":"es-ES","mainEntityOfPage":{"@id":"https:\/\/www.eldigitaldeasturias.com\/noticias\/el-crecimiento-del-pib-de-la-zona-del-euro-se-mantendra-estable\/#webpage"},"isPartOf":{"@id":"https:\/\/www.eldigitaldeasturias.com\/noticias\/el-crecimiento-del-pib-de-la-zona-del-euro-se-mantendra-estable\/#webpage"},"articleSection":"Econom\u00eda"},{"@type":"BreadcrumbList","@id":"https:\/\/www.eldigitaldeasturias.com\/noticias\/el-crecimiento-del-pib-de-la-zona-del-euro-se-mantendra-estable\/#breadcrumblist","itemListElement":[{"@type":"ListItem","@id":"https:\/\/www.eldigitaldeasturias.com\/noticias#listItem","position":1,"name":"Home","item":"https:\/\/www.eldigitaldeasturias.com\/noticias","nextItem":{"@type":"ListItem","@id":"https:\/\/www.eldigitaldeasturias.com\/noticias\/category\/economia\/#listItem","name":"Econom\u00eda"}},{"@type":"ListItem","@id":"https:\/\/www.eldigitaldeasturias.com\/noticias\/category\/economia\/#listItem","position":2,"name":"Econom\u00eda","item":"https:\/\/www.eldigitaldeasturias.com\/noticias\/category\/economia\/","nextItem":{"@type":"ListItem","@id":"https:\/\/www.eldigitaldeasturias.com\/noticias\/el-crecimiento-del-pib-de-la-zona-del-euro-se-mantendra-estable\/#listItem","name":"El crecimiento del PIB de la zona del euro se mantendr\u00e1 estable"},"previousItem":{"@type":"ListItem","@id":"https:\/\/www.eldigitaldeasturias.com\/noticias#listItem","name":"Home"}},{"@type":"ListItem","@id":"https:\/\/www.eldigitaldeasturias.com\/noticias\/el-crecimiento-del-pib-de-la-zona-del-euro-se-mantendra-estable\/#listItem","position":3,"name":"El crecimiento del PIB de la zona del euro se mantendr\u00e1 estable","previousItem":{"@type":"ListItem","@id":"https:\/\/www.eldigitaldeasturias.com\/noticias\/category\/economia\/#listItem","name":"Econom\u00eda"}}]},{"@type":"Organization","@id":"https:\/\/www.eldigitaldeasturias.com\/noticias\/#organization","name":"El Digital de Asturias","description":"Hemeroteca","url":"https:\/\/www.eldigitaldeasturias.com\/noticias\/","email":"info@eldigitaldeasturias.com","telephone":"+34652131393","logo":{"@type":"ImageObject","url":"https:\/\/www.eldigitaldeasturias.com\/noticias\/wp-content\/uploads\/2020\/12\/EDA.jpg","@id":"https:\/\/www.eldigitaldeasturias.com\/noticias\/el-crecimiento-del-pib-de-la-zona-del-euro-se-mantendra-estable\/#organizationLogo","width":649,"height":297},"image":{"@id":"https:\/\/www.eldigitaldeasturias.com\/noticias\/el-crecimiento-del-pib-de-la-zona-del-euro-se-mantendra-estable\/#organizationLogo"},"sameAs":["https:\/\/facebook.com\/eldigitaldeasturias","https:\/\/www.youtube.com\/channel\/UCZP-2wLEB9Rv6erhFmqVnvg"],"address":{"@id":"https:\/\/www.eldigitaldeasturias.com\/noticias\/#postaladdress","@type":"PostalAddress","streetAddress":"san antonio 4,","postalCode":"33430","addressLocality":"Cand\u00e1s","addressRegion":"Asturias","addressCountry":"ES"}},{"@type":"Person","@id":"https:\/\/www.eldigitaldeasturias.com\/noticias\/author\/admin\/#author","url":"https:\/\/www.eldigitaldeasturias.com\/noticias\/author\/admin\/","name":"El Digital de Asturias","image":{"@type":"ImageObject","@id":"https:\/\/www.eldigitaldeasturias.com\/noticias\/el-crecimiento-del-pib-de-la-zona-del-euro-se-mantendra-estable\/#authorImage","url":"https:\/\/www.eldigitaldeasturias.com\/noticias\/wp-content\/litespeed\/avatar\/18677e78aa0546b92d9dbf31ec7d7668.jpg?ver=1777290358","width":96,"height":96,"caption":"El Digital de Asturias"}},{"@type":"WebPage","@id":"https:\/\/www.eldigitaldeasturias.com\/noticias\/el-crecimiento-del-pib-de-la-zona-del-euro-se-mantendra-estable\/#webpage","url":"https:\/\/www.eldigitaldeasturias.com\/noticias\/el-crecimiento-del-pib-de-la-zona-del-euro-se-mantendra-estable\/","name":"El crecimiento del PIB de la zona del euro se mantendr\u00e1 estable - El Digital de Asturias","description":"Las previsiones econ\u00f3micas de invierno de 2020, publicadas hoy, apuntan a que la econom\u00eda europea seguir\u00e1 una senda de crecimiento constante y moderado. La zona del euro ya disfruta de su per\u00edodo m\u00e1s largo de crecimiento sostenido desde la introducci\u00f3n del euro en 1999. Las previsiones indican que el crecimiento del producto interior bruto (PIB)","inLanguage":"es-ES","isPartOf":{"@id":"https:\/\/www.eldigitaldeasturias.com\/noticias\/#website"},"breadcrumb":{"@id":"https:\/\/www.eldigitaldeasturias.com\/noticias\/el-crecimiento-del-pib-de-la-zona-del-euro-se-mantendra-estable\/#breadcrumblist"},"author":{"@id":"https:\/\/www.eldigitaldeasturias.com\/noticias\/author\/admin\/#author"},"creator":{"@id":"https:\/\/www.eldigitaldeasturias.com\/noticias\/author\/admin\/#author"},"image":{"@type":"ImageObject","url":"https:\/\/www.eldigitaldeasturias.com\/noticias\/wp-content\/uploads\/2018\/06\/blue-1283011_960_720.jpg","@id":"https:\/\/www.eldigitaldeasturias.com\/noticias\/el-crecimiento-del-pib-de-la-zona-del-euro-se-mantendra-estable\/#mainImage","width":960,"height":671},"primaryImageOfPage":{"@id":"https:\/\/www.eldigitaldeasturias.com\/noticias\/el-crecimiento-del-pib-de-la-zona-del-euro-se-mantendra-estable\/#mainImage"},"datePublished":"2020-02-13T12:00:57+01:00","dateModified":"2020-02-13T12:00:57+01:00"},{"@type":"WebSite","@id":"https:\/\/www.eldigitaldeasturias.com\/noticias\/#website","url":"https:\/\/www.eldigitaldeasturias.com\/noticias\/","name":"El Digital de Asturias - Diario de actualidad y noticias","alternateName":"El Digital de Asturias - Diario de actualidad y noticias","description":"Hemeroteca","inLanguage":"es-ES","publisher":{"@id":"https:\/\/www.eldigitaldeasturias.com\/noticias\/#organization"}}]},"og:locale":"es_ES","og:site_name":"El Digital de Asturias","og:type":"article","og:title":"El crecimiento del PIB de la zona del euro se mantendr\u00e1 estable - El Digital de Asturias","og:description":"Las previsiones econ\u00f3micas de invierno de 2020, publicadas hoy, apuntan a que la econom\u00eda europea seguir\u00e1 una senda de crecimiento constante y moderado. La zona del euro ya disfruta de su per\u00edodo m\u00e1s largo de crecimiento sostenido desde la introducci\u00f3n del euro en 1999. Las previsiones indican que el crecimiento del producto interior bruto (PIB)","og:url":"https:\/\/www.eldigitaldeasturias.com\/noticias\/el-crecimiento-del-pib-de-la-zona-del-euro-se-mantendra-estable\/","og:image":"https:\/\/www.eldigitaldeasturias.com\/noticias\/wp-content\/uploads\/2018\/06\/blue-1283011_960_720.jpg","og:image:secure_url":"https:\/\/www.eldigitaldeasturias.com\/noticias\/wp-content\/uploads\/2018\/06\/blue-1283011_960_720.jpg","og:image:width":960,"og:image:height":671,"article:tag":["econom\u00eda"],"article:published_time":"2020-02-13T12:00:57+00:00","article:modified_time":"2020-02-13T12:00:57+00:00","article:publisher":"https:\/\/facebook.com\/eldigitaldeasturias","twitter:card":"summary_large_image","twitter:title":"El crecimiento del PIB de la zona del euro se mantendr\u00e1 estable - El Digital de Asturias","twitter:description":"Las previsiones econ\u00f3micas de invierno de 2020, publicadas hoy, apuntan a que la econom\u00eda europea seguir\u00e1 una senda de crecimiento constante y moderado. La zona del euro ya disfruta de su per\u00edodo m\u00e1s largo de crecimiento sostenido desde la introducci\u00f3n del euro en 1999. Las previsiones indican que el crecimiento del producto interior bruto (PIB)","twitter:image":"https:\/\/www.eldigitaldeasturias.com\/noticias\/wp-content\/uploads\/2018\/06\/blue-1283011_960_720.jpg","twitter:label1":"Escrito por","twitter:data1":"El Digital de Asturias","twitter:label2":"Tiempo de lectura estimado","twitter:data2":"6 minutos"},"aioseo_meta_data":{"post_id":"1057551","title":null,"description":null,"keywords":null,"keyphrases":null,"primary_term":null,"canonical_url":null,"og_title":null,"og_description":null,"og_object_type":"default","og_image_type":"default","og_image_url":null,"og_image_width":null,"og_image_height":null,"og_image_custom_url":null,"og_image_custom_fields":null,"og_video":null,"og_custom_url":null,"og_article_section":null,"og_article_tags":null,"twitter_use_og":false,"twitter_card":"default","twitter_image_type":"default","twitter_image_url":null,"twitter_image_custom_url":null,"twitter_image_custom_fields":null,"twitter_title":null,"twitter_description":null,"schema":{"blockGraphs":[],"customGraphs":[],"default":{"data":{"Article":[],"Course":[],"Dataset":[],"FAQPage":[],"Movie":[],"Person":[],"Product":[],"ProductReview":[],"Car":[],"Recipe":[],"Service":[],"SoftwareApplication":[],"WebPage":[]},"graphName":"","isEnabled":true},"graphs":[]},"schema_type":null,"schema_type_options":null,"pillar_content":false,"robots_default":true,"robots_noindex":false,"robots_noarchive":false,"robots_nosnippet":false,"robots_nofollow":false,"robots_noimageindex":false,"robots_noodp":false,"robots_notranslate":false,"robots_max_snippet":null,"robots_max_videopreview":null,"robots_max_imagepreview":"large","priority":null,"frequency":null,"local_seo":null,"seo_analyzer_scan_date":"2025-10-31 02:18:12","breadcrumb_settings":null,"limit_modified_date":false,"open_ai":null,"ai":null,"created":"2020-12-21 10:55:28","updated":"2025-10-31 02:18:12"},"aioseo_breadcrumb":"<div class=\"aioseo-breadcrumbs\"><span class=\"aioseo-breadcrumb\">\n\t<a href=\"https:\/\/www.eldigitaldeasturias.com\/noticias\" title=\"Home\">Home<\/a>\n<\/span><span class=\"aioseo-breadcrumb-separator\">\u2013<\/span><span class=\"aioseo-breadcrumb\">\n\t<a href=\"https:\/\/www.eldigitaldeasturias.com\/noticias\/category\/economia\/\" title=\"Econom\u00eda\">Econom\u00eda<\/a>\n<\/span><span class=\"aioseo-breadcrumb-separator\">\u2013<\/span><span class=\"aioseo-breadcrumb\">\n\t<a href=\"https:\/\/www.eldigitaldeasturias.com\/noticias\/el-crecimiento-del-pib-de-la-zona-del-euro-se-mantendra-estable\/\" title=\"El crecimiento del PIB de la zona del euro se mantendr\u00e1 estable\">El crecimiento del PIB de la zona del euro se mantendr\u00e1 estable<\/a>\n<\/span><\/div>","aioseo_breadcrumb_json":[{"label":"Home","link":"https:\/\/www.eldigitaldeasturias.com\/noticias"},{"label":"Econom\u00eda","link":"https:\/\/www.eldigitaldeasturias.com\/noticias\/category\/economia\/"},{"label":"El crecimiento del PIB de la zona del euro se mantendr\u00e1 estable","link":"https:\/\/www.eldigitaldeasturias.com\/noticias\/el-crecimiento-del-pib-de-la-zona-del-euro-se-mantendra-estable\/"}],"_links":{"self":[{"href":"https:\/\/www.eldigitaldeasturias.com\/noticias\/wp-json\/wp\/v2\/posts\/1057551","targetHints":{"allow":["GET"]}}],"collection":[{"href":"https:\/\/www.eldigitaldeasturias.com\/noticias\/wp-json\/wp\/v2\/posts"}],"about":[{"href":"https:\/\/www.eldigitaldeasturias.com\/noticias\/wp-json\/wp\/v2\/types\/post"}],"author":[{"embeddable":true,"href":"https:\/\/www.eldigitaldeasturias.com\/noticias\/wp-json\/wp\/v2\/users\/1"}],"replies":[{"embeddable":true,"href":"https:\/\/www.eldigitaldeasturias.com\/noticias\/wp-json\/wp\/v2\/comments?post=1057551"}],"version-history":[{"count":0,"href":"https:\/\/www.eldigitaldeasturias.com\/noticias\/wp-json\/wp\/v2\/posts\/1057551\/revisions"}],"wp:featuredmedia":[{"embeddable":true,"href":"https:\/\/www.eldigitaldeasturias.com\/noticias\/wp-json\/wp\/v2\/media\/983320"}],"wp:attachment":[{"href":"https:\/\/www.eldigitaldeasturias.com\/noticias\/wp-json\/wp\/v2\/media?parent=1057551"}],"wp:term":[{"taxonomy":"category","embeddable":true,"href":"https:\/\/www.eldigitaldeasturias.com\/noticias\/wp-json\/wp\/v2\/categories?post=1057551"},{"taxonomy":"post_tag","embeddable":true,"href":"https:\/\/www.eldigitaldeasturias.com\/noticias\/wp-json\/wp\/v2\/tags?post=1057551"}],"curies":[{"name":"wp","href":"https:\/\/api.w.org\/{rel}","templated":true}]}}