{"id":1057343,"date":"2020-02-11T03:59:20","date_gmt":"2020-02-11T03:59:20","guid":{"rendered":"https:\/\/www.eldigitaldeasturias.com\/noticias\/?p=1057343"},"modified":"2020-02-11T03:59:20","modified_gmt":"2020-02-11T03:59:20","slug":"nuevo-tren-nocturno-europeo-conecta-viena-con-bruselas","status":"publish","type":"post","link":"https:\/\/www.eldigitaldeasturias.com\/noticias\/nuevo-tren-nocturno-europeo-conecta-viena-con-bruselas\/","title":{"rendered":"Nuevo tren nocturno europeo conecta Viena con Bruselas"},"content":{"rendered":"<p><img loading=\"lazy\" decoding=\"async\" class=\"alignleft size-medium wp-image-1057344\" src=\"https:\/\/www.eldigitaldeasturias.com\/noticias\/wp-content\/uploads\/2020\/02\/Tren-viajes-360x241.jpg\" alt=\"\" width=\"360\" height=\"241\" srcset=\"https:\/\/www.eldigitaldeasturias.com\/noticias\/wp-content\/uploads\/2020\/02\/Tren-viajes-360x241.jpg 360w, https:\/\/www.eldigitaldeasturias.com\/noticias\/wp-content\/uploads\/2020\/02\/Tren-viajes-690x461.jpg 690w, https:\/\/www.eldigitaldeasturias.com\/noticias\/wp-content\/uploads\/2020\/02\/Tren-viajes-449x300.jpg 449w, https:\/\/www.eldigitaldeasturias.com\/noticias\/wp-content\/uploads\/2020\/02\/Tren-viajes-768x514.jpg 768w, https:\/\/www.eldigitaldeasturias.com\/noticias\/wp-content\/uploads\/2020\/02\/Tren-viajes.jpg 999w\" sizes=\"auto, (max-width: 360px) 100vw, 360px\" \/>(dpa) &#8211; <strong>S\u00f3lo 40 kilogramos de emisiones de di\u00f3xido de carbono contra los 410 kilogramos que genera un viaje en avi\u00f3n atravesando Europa<\/strong>. Con esas cifras se promociona el nuevo tren nocturno de Europa, que lleva a los viajeros desde Viena a Bruselas desde finales de enero.<\/p>\n<p>El lanzamiento de este servicio se produce justo cuando los pa\u00edses europeos debaten<strong> la necesidad de ampliar su red ferroviaria para los pasajeros preocupados por el impacto ambiental de los vuelos<\/strong>.<\/p>\n<p>Este nuevo servicio de la empresa estatal de ferrocarriles de Austria \u00d6BB sale los domingos y los mi\u00e9rcoles de Viena, a las 8:38 pm, y de Innsbruck, a las 8:44 pm, rumbo a Bruselas. El regreso es un d\u00eda despu\u00e9s (lunes y jueves).<\/p>\n<p>El viaje de Viena a la capital belga incluye escalas en N\u00faremberg, Fr\u00e1ncfort y Colonia, entre otras ciudades.<\/p>\n<p>Otro tren nocturno operado por \u00d6BB comenzar\u00e1 a circular pr\u00f3ximamente desde Innsbruck a Bruselas v\u00eda M\u00fanich.<\/p>\n<h3>Un bed and breakfast de 14 horas<\/h3>\n<p>Los dos trenes con asientos, literas y coches cama demoran unas catorce horas en recorrer la ruta desde Viena o Innsbruck.<\/p>\n<p><strong>El vicepresidente del Parlamento europeo, Othmar Karas, dio la bienvenida a esta nueva conexi\u00f3n nocturna<\/strong>, que facilitar\u00e1 a los j\u00f3venes el acceso a Bruselas y a las instituciones de la Uni\u00f3n Europea con sede all\u00ed al tiempo que contribuye a la lucha contra el cambio clim\u00e1tico.<\/p>\n<p>Tras a\u00f1os de deterioro y recortes en los servicios de trenes nocturnos mientras las compa\u00f1\u00edas a\u00e9reas de bajo costo crec\u00edan, \u00d6BB se top\u00f3 con un creciente n\u00famero de pasajeros interesados en el horario nocturno debido a las preocupaciones por el cambio clim\u00e1tico y las emisiones causadas por los vuelos.<\/p>\n<p>Pero aunque suena tentador, el nuevo tren, por el momento, es m\u00e1s adecuado para turistas que para trabajadores, ya que llega a Bruselas a las 11 am, cuando ya la jornada laboral comenz\u00f3 hace tiempo.<\/p>\n<p>\u00d6BB adquiri\u00f3 el negocio de los trenes nocturnos de la alemana Deutsche Bahn hace tres a\u00f1os y ofrece conexiones a Berl\u00edn, Hamburgo, Z\u00farich y Roma. La empresa austriaca anunci\u00f3 que ampliar\u00e1 el servicio en los pr\u00f3ximos a\u00f1os<\/p>\n<p>&nbsp;<\/p>\n","protected":false},"excerpt":{"rendered":"<p>(dpa) &#8211; S\u00f3lo 40 kilogramos de emisiones de di\u00f3xido de carbono contra los 410 kilogramos que genera un viaje en avi\u00f3n atravesando Europa. Con esas cifras se promociona el nuevo tren nocturno de Europa, que lleva a los viajeros desde Viena a Bruselas desde finales de enero. El lanzamiento de este servicio se produce justo [&hellip;]<\/p>\n","protected":false},"author":1,"featured_media":1057344,"comment_status":"closed","ping_status":"closed","sticky":false,"template":"","format":"standard","meta":{"footnotes":""},"categories":[148],"tags":[],"class_list":["post-1057343","post","type-post","status-publish","format-standard","has-post-thumbnail","hentry","category-turismo"],"aioseo_notices":[],"aioseo_head":"\n\t\t<!-- All in One SEO Pro 4.9.6.2 - aioseo.com -->\n\t<meta name=\"description\" content=\"(dpa) - S\u00f3lo 40 kilogramos de emisiones de di\u00f3xido de carbono contra los 410 kilogramos que genera un viaje en avi\u00f3n atravesando Europa. Con esas cifras se promociona el nuevo tren nocturno de Europa, que lleva a los viajeros desde Viena a Bruselas desde finales de enero. El lanzamiento de este servicio se produce justo\" \/>\n\t<meta name=\"robots\" content=\"max-image-preview:large\" \/>\n\t<meta name=\"author\" content=\"El Digital de Asturias\"\/>\n\t<meta name=\"google-site-verification\" content=\"UA-38556648-1\" \/>\n\t<meta name=\"msvalidate.01\" content=\"7dfe9f3f1b24437ab69f4f2559babe99\" \/>\n\t<meta name=\"keywords\" content=\"turismo\" \/>\n\t<link rel=\"canonical\" href=\"https:\/\/www.eldigitaldeasturias.com\/noticias\/nuevo-tren-nocturno-europeo-conecta-viena-con-bruselas\/\" \/>\n\t<meta name=\"generator\" content=\"All in One SEO Pro (AIOSEO) 4.9.6.2\" \/>\n\t\t<meta property=\"og:locale\" content=\"es_ES\" \/>\n\t\t<meta property=\"og:site_name\" content=\"El Digital de Asturias\" \/>\n\t\t<meta property=\"og:type\" content=\"article\" \/>\n\t\t<meta property=\"og:title\" content=\"Nuevo tren nocturno europeo conecta Viena con Bruselas - El Digital de Asturias\" \/>\n\t\t<meta property=\"og:description\" content=\"(dpa) - S\u00f3lo 40 kilogramos de emisiones de di\u00f3xido de carbono contra los 410 kilogramos que genera un viaje en avi\u00f3n atravesando Europa. Con esas cifras se promociona el nuevo tren nocturno de Europa, que lleva a los viajeros desde Viena a Bruselas desde finales de enero. El lanzamiento de este servicio se produce justo\" \/>\n\t\t<meta property=\"og:url\" content=\"https:\/\/www.eldigitaldeasturias.com\/noticias\/nuevo-tren-nocturno-europeo-conecta-viena-con-bruselas\/\" \/>\n\t\t<meta property=\"og:image\" content=\"https:\/\/www.eldigitaldeasturias.com\/noticias\/wp-content\/uploads\/2020\/02\/Tren-viajes.jpg\" \/>\n\t\t<meta property=\"og:image:secure_url\" content=\"https:\/\/www.eldigitaldeasturias.com\/noticias\/wp-content\/uploads\/2020\/02\/Tren-viajes.jpg\" \/>\n\t\t<meta property=\"og:image:width\" content=\"999\" \/>\n\t\t<meta property=\"og:image:height\" content=\"668\" \/>\n\t\t<meta property=\"article:tag\" content=\"turismo\" \/>\n\t\t<meta property=\"article:published_time\" content=\"2020-02-11T03:59:20+00:00\" \/>\n\t\t<meta property=\"article:modified_time\" content=\"2020-02-11T03:59:20+00:00\" \/>\n\t\t<meta property=\"article:publisher\" content=\"https:\/\/facebook.com\/eldigitaldeasturias\" \/>\n\t\t<meta name=\"twitter:card\" content=\"summary_large_image\" \/>\n\t\t<meta name=\"twitter:title\" content=\"Nuevo tren nocturno europeo conecta Viena con Bruselas - El Digital de Asturias\" \/>\n\t\t<meta name=\"twitter:description\" content=\"(dpa) - S\u00f3lo 40 kilogramos de emisiones de di\u00f3xido de carbono contra los 410 kilogramos que genera un viaje en avi\u00f3n atravesando Europa. Con esas cifras se promociona el nuevo tren nocturno de Europa, que lleva a los viajeros desde Viena a Bruselas desde finales de enero. El lanzamiento de este servicio se produce justo\" \/>\n\t\t<meta name=\"twitter:image\" content=\"https:\/\/www.eldigitaldeasturias.com\/noticias\/wp-content\/uploads\/2020\/02\/Tren-viajes.jpg\" \/>\n\t\t<meta name=\"twitter:label1\" content=\"Escrito por\" \/>\n\t\t<meta name=\"twitter:data1\" content=\"El Digital de Asturias\" \/>\n\t\t<meta name=\"twitter:label2\" content=\"Tiempo de lectura estimado\" \/>\n\t\t<meta name=\"twitter:data2\" content=\"2 minutos\" \/>\n\t\t<script type=\"application\/ld+json\" class=\"aioseo-schema\">\n\t\t\t{\"@context\":\"https:\\\/\\\/schema.org\",\"@graph\":[{\"@type\":\"BlogPosting\",\"@id\":\"https:\\\/\\\/www.eldigitaldeasturias.com\\\/noticias\\\/nuevo-tren-nocturno-europeo-conecta-viena-con-bruselas\\\/#blogposting\",\"name\":\"Nuevo tren nocturno europeo conecta Viena con Bruselas - El Digital de Asturias\",\"headline\":\"Nuevo tren nocturno europeo conecta Viena con Bruselas\",\"author\":{\"@id\":\"https:\\\/\\\/www.eldigitaldeasturias.com\\\/noticias\\\/author\\\/admin\\\/#author\"},\"publisher\":{\"@id\":\"https:\\\/\\\/www.eldigitaldeasturias.com\\\/noticias\\\/#organization\"},\"image\":{\"@type\":\"ImageObject\",\"url\":\"https:\\\/\\\/www.eldigitaldeasturias.com\\\/noticias\\\/wp-content\\\/uploads\\\/2020\\\/02\\\/Tren-viajes.jpg\",\"width\":999,\"height\":668},\"datePublished\":\"2020-02-11T03:59:20+01:00\",\"dateModified\":\"2020-02-11T03:59:20+01:00\",\"inLanguage\":\"es-ES\",\"mainEntityOfPage\":{\"@id\":\"https:\\\/\\\/www.eldigitaldeasturias.com\\\/noticias\\\/nuevo-tren-nocturno-europeo-conecta-viena-con-bruselas\\\/#webpage\"},\"isPartOf\":{\"@id\":\"https:\\\/\\\/www.eldigitaldeasturias.com\\\/noticias\\\/nuevo-tren-nocturno-europeo-conecta-viena-con-bruselas\\\/#webpage\"},\"articleSection\":\"Turismo\"},{\"@type\":\"BreadcrumbList\",\"@id\":\"https:\\\/\\\/www.eldigitaldeasturias.com\\\/noticias\\\/nuevo-tren-nocturno-europeo-conecta-viena-con-bruselas\\\/#breadcrumblist\",\"itemListElement\":[{\"@type\":\"ListItem\",\"@id\":\"https:\\\/\\\/www.eldigitaldeasturias.com\\\/noticias#listItem\",\"position\":1,\"name\":\"Home\",\"item\":\"https:\\\/\\\/www.eldigitaldeasturias.com\\\/noticias\",\"nextItem\":{\"@type\":\"ListItem\",\"@id\":\"https:\\\/\\\/www.eldigitaldeasturias.com\\\/noticias\\\/category\\\/turismo\\\/#listItem\",\"name\":\"Turismo\"}},{\"@type\":\"ListItem\",\"@id\":\"https:\\\/\\\/www.eldigitaldeasturias.com\\\/noticias\\\/category\\\/turismo\\\/#listItem\",\"position\":2,\"name\":\"Turismo\",\"item\":\"https:\\\/\\\/www.eldigitaldeasturias.com\\\/noticias\\\/category\\\/turismo\\\/\",\"nextItem\":{\"@type\":\"ListItem\",\"@id\":\"https:\\\/\\\/www.eldigitaldeasturias.com\\\/noticias\\\/nuevo-tren-nocturno-europeo-conecta-viena-con-bruselas\\\/#listItem\",\"name\":\"Nuevo tren nocturno europeo conecta Viena con Bruselas\"},\"previousItem\":{\"@type\":\"ListItem\",\"@id\":\"https:\\\/\\\/www.eldigitaldeasturias.com\\\/noticias#listItem\",\"name\":\"Home\"}},{\"@type\":\"ListItem\",\"@id\":\"https:\\\/\\\/www.eldigitaldeasturias.com\\\/noticias\\\/nuevo-tren-nocturno-europeo-conecta-viena-con-bruselas\\\/#listItem\",\"position\":3,\"name\":\"Nuevo tren nocturno europeo conecta Viena con Bruselas\",\"previousItem\":{\"@type\":\"ListItem\",\"@id\":\"https:\\\/\\\/www.eldigitaldeasturias.com\\\/noticias\\\/category\\\/turismo\\\/#listItem\",\"name\":\"Turismo\"}}]},{\"@type\":\"Organization\",\"@id\":\"https:\\\/\\\/www.eldigitaldeasturias.com\\\/noticias\\\/#organization\",\"name\":\"El Digital de Asturias\",\"description\":\"Hemeroteca\",\"url\":\"https:\\\/\\\/www.eldigitaldeasturias.com\\\/noticias\\\/\",\"email\":\"info@eldigitaldeasturias.com\",\"telephone\":\"+34652131393\",\"logo\":{\"@type\":\"ImageObject\",\"url\":\"https:\\\/\\\/www.eldigitaldeasturias.com\\\/noticias\\\/wp-content\\\/uploads\\\/2020\\\/12\\\/EDA.jpg\",\"@id\":\"https:\\\/\\\/www.eldigitaldeasturias.com\\\/noticias\\\/nuevo-tren-nocturno-europeo-conecta-viena-con-bruselas\\\/#organizationLogo\",\"width\":649,\"height\":297},\"image\":{\"@id\":\"https:\\\/\\\/www.eldigitaldeasturias.com\\\/noticias\\\/nuevo-tren-nocturno-europeo-conecta-viena-con-bruselas\\\/#organizationLogo\"},\"sameAs\":[\"https:\\\/\\\/facebook.com\\\/eldigitaldeasturias\",\"https:\\\/\\\/www.youtube.com\\\/channel\\\/UCZP-2wLEB9Rv6erhFmqVnvg\"],\"address\":{\"@id\":\"https:\\\/\\\/www.eldigitaldeasturias.com\\\/noticias\\\/#postaladdress\",\"@type\":\"PostalAddress\",\"streetAddress\":\"san antonio 4,\",\"postalCode\":\"33430\",\"addressLocality\":\"Cand\\u00e1s\",\"addressRegion\":\"Asturias\",\"addressCountry\":\"ES\"}},{\"@type\":\"Person\",\"@id\":\"https:\\\/\\\/www.eldigitaldeasturias.com\\\/noticias\\\/author\\\/admin\\\/#author\",\"url\":\"https:\\\/\\\/www.eldigitaldeasturias.com\\\/noticias\\\/author\\\/admin\\\/\",\"name\":\"El Digital de Asturias\",\"image\":{\"@type\":\"ImageObject\",\"@id\":\"https:\\\/\\\/www.eldigitaldeasturias.com\\\/noticias\\\/nuevo-tren-nocturno-europeo-conecta-viena-con-bruselas\\\/#authorImage\",\"url\":\"https:\\\/\\\/www.eldigitaldeasturias.com\\\/noticias\\\/wp-content\\\/litespeed\\\/avatar\\\/18677e78aa0546b92d9dbf31ec7d7668.jpg?ver=1777290358\",\"width\":96,\"height\":96,\"caption\":\"El Digital de Asturias\"}},{\"@type\":\"WebPage\",\"@id\":\"https:\\\/\\\/www.eldigitaldeasturias.com\\\/noticias\\\/nuevo-tren-nocturno-europeo-conecta-viena-con-bruselas\\\/#webpage\",\"url\":\"https:\\\/\\\/www.eldigitaldeasturias.com\\\/noticias\\\/nuevo-tren-nocturno-europeo-conecta-viena-con-bruselas\\\/\",\"name\":\"Nuevo tren nocturno europeo conecta Viena con Bruselas - El Digital de Asturias\",\"description\":\"(dpa) - S\\u00f3lo 40 kilogramos de emisiones de di\\u00f3xido de carbono contra los 410 kilogramos que genera un viaje en avi\\u00f3n atravesando Europa. Con esas cifras se promociona el nuevo tren nocturno de Europa, que lleva a los viajeros desde Viena a Bruselas desde finales de enero. El lanzamiento de este servicio se produce justo\",\"inLanguage\":\"es-ES\",\"isPartOf\":{\"@id\":\"https:\\\/\\\/www.eldigitaldeasturias.com\\\/noticias\\\/#website\"},\"breadcrumb\":{\"@id\":\"https:\\\/\\\/www.eldigitaldeasturias.com\\\/noticias\\\/nuevo-tren-nocturno-europeo-conecta-viena-con-bruselas\\\/#breadcrumblist\"},\"author\":{\"@id\":\"https:\\\/\\\/www.eldigitaldeasturias.com\\\/noticias\\\/author\\\/admin\\\/#author\"},\"creator\":{\"@id\":\"https:\\\/\\\/www.eldigitaldeasturias.com\\\/noticias\\\/author\\\/admin\\\/#author\"},\"image\":{\"@type\":\"ImageObject\",\"url\":\"https:\\\/\\\/www.eldigitaldeasturias.com\\\/noticias\\\/wp-content\\\/uploads\\\/2020\\\/02\\\/Tren-viajes.jpg\",\"@id\":\"https:\\\/\\\/www.eldigitaldeasturias.com\\\/noticias\\\/nuevo-tren-nocturno-europeo-conecta-viena-con-bruselas\\\/#mainImage\",\"width\":999,\"height\":668},\"primaryImageOfPage\":{\"@id\":\"https:\\\/\\\/www.eldigitaldeasturias.com\\\/noticias\\\/nuevo-tren-nocturno-europeo-conecta-viena-con-bruselas\\\/#mainImage\"},\"datePublished\":\"2020-02-11T03:59:20+01:00\",\"dateModified\":\"2020-02-11T03:59:20+01:00\"},{\"@type\":\"WebSite\",\"@id\":\"https:\\\/\\\/www.eldigitaldeasturias.com\\\/noticias\\\/#website\",\"url\":\"https:\\\/\\\/www.eldigitaldeasturias.com\\\/noticias\\\/\",\"name\":\"El Digital de Asturias - Diario de actualidad y noticias\",\"alternateName\":\"El Digital de Asturias - Diario de actualidad y noticias\",\"description\":\"Hemeroteca\",\"inLanguage\":\"es-ES\",\"publisher\":{\"@id\":\"https:\\\/\\\/www.eldigitaldeasturias.com\\\/noticias\\\/#organization\"}}]}\n\t\t<\/script>\n\t\t<!-- All in One SEO Pro -->\r\n\t\t<title>Nuevo tren nocturno europeo conecta Viena con Bruselas - El Digital de Asturias<\/title>\n\n","aioseo_head_json":{"title":"Nuevo tren nocturno europeo conecta Viena con Bruselas - El Digital de Asturias","description":"(dpa) - S\u00f3lo 40 kilogramos de emisiones de di\u00f3xido de carbono contra los 410 kilogramos que genera un viaje en avi\u00f3n atravesando Europa. Con esas cifras se promociona el nuevo tren nocturno de Europa, que lleva a los viajeros desde Viena a Bruselas desde finales de enero. El lanzamiento de este servicio se produce justo","canonical_url":"https:\/\/www.eldigitaldeasturias.com\/noticias\/nuevo-tren-nocturno-europeo-conecta-viena-con-bruselas\/","robots":"max-image-preview:large","keywords":"turismo","webmasterTools":{"google-site-verification":"UA-38556648-1","msvalidate.01":"7dfe9f3f1b24437ab69f4f2559babe99","miscellaneous":""},"schema":{"@context":"https:\/\/schema.org","@graph":[{"@type":"BlogPosting","@id":"https:\/\/www.eldigitaldeasturias.com\/noticias\/nuevo-tren-nocturno-europeo-conecta-viena-con-bruselas\/#blogposting","name":"Nuevo tren nocturno europeo conecta Viena con Bruselas - El Digital de Asturias","headline":"Nuevo tren nocturno europeo conecta Viena con Bruselas","author":{"@id":"https:\/\/www.eldigitaldeasturias.com\/noticias\/author\/admin\/#author"},"publisher":{"@id":"https:\/\/www.eldigitaldeasturias.com\/noticias\/#organization"},"image":{"@type":"ImageObject","url":"https:\/\/www.eldigitaldeasturias.com\/noticias\/wp-content\/uploads\/2020\/02\/Tren-viajes.jpg","width":999,"height":668},"datePublished":"2020-02-11T03:59:20+01:00","dateModified":"2020-02-11T03:59:20+01:00","inLanguage":"es-ES","mainEntityOfPage":{"@id":"https:\/\/www.eldigitaldeasturias.com\/noticias\/nuevo-tren-nocturno-europeo-conecta-viena-con-bruselas\/#webpage"},"isPartOf":{"@id":"https:\/\/www.eldigitaldeasturias.com\/noticias\/nuevo-tren-nocturno-europeo-conecta-viena-con-bruselas\/#webpage"},"articleSection":"Turismo"},{"@type":"BreadcrumbList","@id":"https:\/\/www.eldigitaldeasturias.com\/noticias\/nuevo-tren-nocturno-europeo-conecta-viena-con-bruselas\/#breadcrumblist","itemListElement":[{"@type":"ListItem","@id":"https:\/\/www.eldigitaldeasturias.com\/noticias#listItem","position":1,"name":"Home","item":"https:\/\/www.eldigitaldeasturias.com\/noticias","nextItem":{"@type":"ListItem","@id":"https:\/\/www.eldigitaldeasturias.com\/noticias\/category\/turismo\/#listItem","name":"Turismo"}},{"@type":"ListItem","@id":"https:\/\/www.eldigitaldeasturias.com\/noticias\/category\/turismo\/#listItem","position":2,"name":"Turismo","item":"https:\/\/www.eldigitaldeasturias.com\/noticias\/category\/turismo\/","nextItem":{"@type":"ListItem","@id":"https:\/\/www.eldigitaldeasturias.com\/noticias\/nuevo-tren-nocturno-europeo-conecta-viena-con-bruselas\/#listItem","name":"Nuevo tren nocturno europeo conecta Viena con Bruselas"},"previousItem":{"@type":"ListItem","@id":"https:\/\/www.eldigitaldeasturias.com\/noticias#listItem","name":"Home"}},{"@type":"ListItem","@id":"https:\/\/www.eldigitaldeasturias.com\/noticias\/nuevo-tren-nocturno-europeo-conecta-viena-con-bruselas\/#listItem","position":3,"name":"Nuevo tren nocturno europeo conecta Viena con Bruselas","previousItem":{"@type":"ListItem","@id":"https:\/\/www.eldigitaldeasturias.com\/noticias\/category\/turismo\/#listItem","name":"Turismo"}}]},{"@type":"Organization","@id":"https:\/\/www.eldigitaldeasturias.com\/noticias\/#organization","name":"El Digital de Asturias","description":"Hemeroteca","url":"https:\/\/www.eldigitaldeasturias.com\/noticias\/","email":"info@eldigitaldeasturias.com","telephone":"+34652131393","logo":{"@type":"ImageObject","url":"https:\/\/www.eldigitaldeasturias.com\/noticias\/wp-content\/uploads\/2020\/12\/EDA.jpg","@id":"https:\/\/www.eldigitaldeasturias.com\/noticias\/nuevo-tren-nocturno-europeo-conecta-viena-con-bruselas\/#organizationLogo","width":649,"height":297},"image":{"@id":"https:\/\/www.eldigitaldeasturias.com\/noticias\/nuevo-tren-nocturno-europeo-conecta-viena-con-bruselas\/#organizationLogo"},"sameAs":["https:\/\/facebook.com\/eldigitaldeasturias","https:\/\/www.youtube.com\/channel\/UCZP-2wLEB9Rv6erhFmqVnvg"],"address":{"@id":"https:\/\/www.eldigitaldeasturias.com\/noticias\/#postaladdress","@type":"PostalAddress","streetAddress":"san antonio 4,","postalCode":"33430","addressLocality":"Cand\u00e1s","addressRegion":"Asturias","addressCountry":"ES"}},{"@type":"Person","@id":"https:\/\/www.eldigitaldeasturias.com\/noticias\/author\/admin\/#author","url":"https:\/\/www.eldigitaldeasturias.com\/noticias\/author\/admin\/","name":"El Digital de Asturias","image":{"@type":"ImageObject","@id":"https:\/\/www.eldigitaldeasturias.com\/noticias\/nuevo-tren-nocturno-europeo-conecta-viena-con-bruselas\/#authorImage","url":"https:\/\/www.eldigitaldeasturias.com\/noticias\/wp-content\/litespeed\/avatar\/18677e78aa0546b92d9dbf31ec7d7668.jpg?ver=1777290358","width":96,"height":96,"caption":"El Digital de Asturias"}},{"@type":"WebPage","@id":"https:\/\/www.eldigitaldeasturias.com\/noticias\/nuevo-tren-nocturno-europeo-conecta-viena-con-bruselas\/#webpage","url":"https:\/\/www.eldigitaldeasturias.com\/noticias\/nuevo-tren-nocturno-europeo-conecta-viena-con-bruselas\/","name":"Nuevo tren nocturno europeo conecta Viena con Bruselas - El Digital de Asturias","description":"(dpa) - S\u00f3lo 40 kilogramos de emisiones de di\u00f3xido de carbono contra los 410 kilogramos que genera un viaje en avi\u00f3n atravesando Europa. Con esas cifras se promociona el nuevo tren nocturno de Europa, que lleva a los viajeros desde Viena a Bruselas desde finales de enero. El lanzamiento de este servicio se produce justo","inLanguage":"es-ES","isPartOf":{"@id":"https:\/\/www.eldigitaldeasturias.com\/noticias\/#website"},"breadcrumb":{"@id":"https:\/\/www.eldigitaldeasturias.com\/noticias\/nuevo-tren-nocturno-europeo-conecta-viena-con-bruselas\/#breadcrumblist"},"author":{"@id":"https:\/\/www.eldigitaldeasturias.com\/noticias\/author\/admin\/#author"},"creator":{"@id":"https:\/\/www.eldigitaldeasturias.com\/noticias\/author\/admin\/#author"},"image":{"@type":"ImageObject","url":"https:\/\/www.eldigitaldeasturias.com\/noticias\/wp-content\/uploads\/2020\/02\/Tren-viajes.jpg","@id":"https:\/\/www.eldigitaldeasturias.com\/noticias\/nuevo-tren-nocturno-europeo-conecta-viena-con-bruselas\/#mainImage","width":999,"height":668},"primaryImageOfPage":{"@id":"https:\/\/www.eldigitaldeasturias.com\/noticias\/nuevo-tren-nocturno-europeo-conecta-viena-con-bruselas\/#mainImage"},"datePublished":"2020-02-11T03:59:20+01:00","dateModified":"2020-02-11T03:59:20+01:00"},{"@type":"WebSite","@id":"https:\/\/www.eldigitaldeasturias.com\/noticias\/#website","url":"https:\/\/www.eldigitaldeasturias.com\/noticias\/","name":"El Digital de Asturias - Diario de actualidad y noticias","alternateName":"El Digital de Asturias - Diario de actualidad y noticias","description":"Hemeroteca","inLanguage":"es-ES","publisher":{"@id":"https:\/\/www.eldigitaldeasturias.com\/noticias\/#organization"}}]},"og:locale":"es_ES","og:site_name":"El Digital de Asturias","og:type":"article","og:title":"Nuevo tren nocturno europeo conecta Viena con Bruselas - El Digital de Asturias","og:description":"(dpa) - S\u00f3lo 40 kilogramos de emisiones de di\u00f3xido de carbono contra los 410 kilogramos que genera un viaje en avi\u00f3n atravesando Europa. Con esas cifras se promociona el nuevo tren nocturno de Europa, que lleva a los viajeros desde Viena a Bruselas desde finales de enero. El lanzamiento de este servicio se produce justo","og:url":"https:\/\/www.eldigitaldeasturias.com\/noticias\/nuevo-tren-nocturno-europeo-conecta-viena-con-bruselas\/","og:image":"https:\/\/www.eldigitaldeasturias.com\/noticias\/wp-content\/uploads\/2020\/02\/Tren-viajes.jpg","og:image:secure_url":"https:\/\/www.eldigitaldeasturias.com\/noticias\/wp-content\/uploads\/2020\/02\/Tren-viajes.jpg","og:image:width":999,"og:image:height":668,"article:tag":["turismo"],"article:published_time":"2020-02-11T03:59:20+00:00","article:modified_time":"2020-02-11T03:59:20+00:00","article:publisher":"https:\/\/facebook.com\/eldigitaldeasturias","twitter:card":"summary_large_image","twitter:title":"Nuevo tren nocturno europeo conecta Viena con Bruselas - El Digital de Asturias","twitter:description":"(dpa) - S\u00f3lo 40 kilogramos de emisiones de di\u00f3xido de carbono contra los 410 kilogramos que genera un viaje en avi\u00f3n atravesando Europa. Con esas cifras se promociona el nuevo tren nocturno de Europa, que lleva a los viajeros desde Viena a Bruselas desde finales de enero. El lanzamiento de este servicio se produce justo","twitter:image":"https:\/\/www.eldigitaldeasturias.com\/noticias\/wp-content\/uploads\/2020\/02\/Tren-viajes.jpg","twitter:label1":"Escrito por","twitter:data1":"El Digital de Asturias","twitter:label2":"Tiempo de lectura estimado","twitter:data2":"2 minutos"},"aioseo_meta_data":{"post_id":"1057343","title":null,"description":null,"keywords":null,"keyphrases":null,"primary_term":null,"canonical_url":null,"og_title":null,"og_description":null,"og_object_type":"default","og_image_type":"default","og_image_url":null,"og_image_width":null,"og_image_height":null,"og_image_custom_url":null,"og_image_custom_fields":null,"og_video":null,"og_custom_url":null,"og_article_section":null,"og_article_tags":null,"twitter_use_og":false,"twitter_card":"default","twitter_image_type":"default","twitter_image_url":null,"twitter_image_custom_url":null,"twitter_image_custom_fields":null,"twitter_title":null,"twitter_description":null,"schema":{"blockGraphs":[],"customGraphs":[],"default":{"data":{"Article":[],"Course":[],"Dataset":[],"FAQPage":[],"Movie":[],"Person":[],"Product":[],"ProductReview":[],"Car":[],"Recipe":[],"Service":[],"SoftwareApplication":[],"WebPage":[]},"graphName":"","isEnabled":true},"graphs":[],"defaultGraph":"","defaultPostTypeGraph":""},"schema_type":null,"schema_type_options":null,"pillar_content":false,"robots_default":true,"robots_noindex":false,"robots_noarchive":false,"robots_nosnippet":false,"robots_nofollow":false,"robots_noimageindex":false,"robots_noodp":false,"robots_notranslate":false,"robots_max_snippet":null,"robots_max_videopreview":null,"robots_max_imagepreview":"large","priority":null,"frequency":null,"local_seo":null,"seo_analyzer_scan_date":"2025-10-31 01:36:09","breadcrumb_settings":null,"limit_modified_date":false,"open_ai":null,"ai":null,"created":"2020-12-21 10:55:34","updated":"2025-10-31 01:36:09"},"aioseo_breadcrumb":"<div class=\"aioseo-breadcrumbs\"><span class=\"aioseo-breadcrumb\">\n\t<a href=\"https:\/\/www.eldigitaldeasturias.com\/noticias\" title=\"Home\">Home<\/a>\n<\/span><span class=\"aioseo-breadcrumb-separator\">\u2013<\/span><span class=\"aioseo-breadcrumb\">\n\t<a href=\"https:\/\/www.eldigitaldeasturias.com\/noticias\/category\/turismo\/\" title=\"Turismo\">Turismo<\/a>\n<\/span><span class=\"aioseo-breadcrumb-separator\">\u2013<\/span><span class=\"aioseo-breadcrumb\">\n\t<a href=\"https:\/\/www.eldigitaldeasturias.com\/noticias\/nuevo-tren-nocturno-europeo-conecta-viena-con-bruselas\/\" title=\"Nuevo tren nocturno europeo conecta Viena con Bruselas\">Nuevo tren nocturno europeo conecta Viena con Bruselas<\/a>\n<\/span><\/div>","aioseo_breadcrumb_json":[{"label":"Home","link":"https:\/\/www.eldigitaldeasturias.com\/noticias"},{"label":"Turismo","link":"https:\/\/www.eldigitaldeasturias.com\/noticias\/category\/turismo\/"},{"label":"Nuevo tren nocturno europeo conecta Viena con Bruselas","link":"https:\/\/www.eldigitaldeasturias.com\/noticias\/nuevo-tren-nocturno-europeo-conecta-viena-con-bruselas\/"}],"_links":{"self":[{"href":"https:\/\/www.eldigitaldeasturias.com\/noticias\/wp-json\/wp\/v2\/posts\/1057343","targetHints":{"allow":["GET"]}}],"collection":[{"href":"https:\/\/www.eldigitaldeasturias.com\/noticias\/wp-json\/wp\/v2\/posts"}],"about":[{"href":"https:\/\/www.eldigitaldeasturias.com\/noticias\/wp-json\/wp\/v2\/types\/post"}],"author":[{"embeddable":true,"href":"https:\/\/www.eldigitaldeasturias.com\/noticias\/wp-json\/wp\/v2\/users\/1"}],"replies":[{"embeddable":true,"href":"https:\/\/www.eldigitaldeasturias.com\/noticias\/wp-json\/wp\/v2\/comments?post=1057343"}],"version-history":[{"count":0,"href":"https:\/\/www.eldigitaldeasturias.com\/noticias\/wp-json\/wp\/v2\/posts\/1057343\/revisions"}],"wp:featuredmedia":[{"embeddable":true,"href":"https:\/\/www.eldigitaldeasturias.com\/noticias\/wp-json\/wp\/v2\/media\/1057344"}],"wp:attachment":[{"href":"https:\/\/www.eldigitaldeasturias.com\/noticias\/wp-json\/wp\/v2\/media?parent=1057343"}],"wp:term":[{"taxonomy":"category","embeddable":true,"href":"https:\/\/www.eldigitaldeasturias.com\/noticias\/wp-json\/wp\/v2\/categories?post=1057343"},{"taxonomy":"post_tag","embeddable":true,"href":"https:\/\/www.eldigitaldeasturias.com\/noticias\/wp-json\/wp\/v2\/tags?post=1057343"}],"curies":[{"name":"wp","href":"https:\/\/api.w.org\/{rel}","templated":true}]}}