{"id":1057337,"date":"2020-02-10T22:31:03","date_gmt":"2020-02-10T22:31:03","guid":{"rendered":"https:\/\/www.eldigitaldeasturias.com\/noticias\/?p=1057337"},"modified":"2020-02-10T22:31:03","modified_gmt":"2020-02-10T22:31:03","slug":"huracan-sabine-impulsa-la-produccion-de-electricidad-en-alemania","status":"publish","type":"post","link":"https:\/\/www.eldigitaldeasturias.com\/noticias\/huracan-sabine-impulsa-la-produccion-de-electricidad-en-alemania\/","title":{"rendered":"Hurac\u00e1n \u00abSabine\u00bb impulsa la producci\u00f3n de electricidad en Alemania"},"content":{"rendered":"<p><img loading=\"lazy\" decoding=\"async\" class=\"alignleft size-medium wp-image-1038728\" src=\"https:\/\/www.eldigitaldeasturias.com\/noticias\/wp-content\/uploads\/2019\/08\/clouds-3663407_960_720-360x239.jpg\" alt=\"\" width=\"360\" height=\"239\" srcset=\"https:\/\/www.eldigitaldeasturias.com\/noticias\/wp-content\/uploads\/2019\/08\/clouds-3663407_960_720-360x239.jpg 360w, https:\/\/www.eldigitaldeasturias.com\/noticias\/wp-content\/uploads\/2019\/08\/clouds-3663407_960_720-768x510.jpg 768w, https:\/\/www.eldigitaldeasturias.com\/noticias\/wp-content\/uploads\/2019\/08\/clouds-3663407_960_720-650x432.jpg 650w, https:\/\/www.eldigitaldeasturias.com\/noticias\/wp-content\/uploads\/2019\/08\/clouds-3663407_960_720.jpg 960w\" sizes=\"auto, (max-width: 360px) 100vw, 360px\" \/>Essen (Alemania), 10 feb (dpa) &#8211; El hurac\u00e1n \u00abSabine\u00bb, que desde el domingo azota a varias regiones de Alemania, dio un fuerte impulso a la producci\u00f3n de electricidad a partir de la energ\u00eda e\u00f3lica, inform\u00f3 hoy una portavoz del operador del sistema de transmisi\u00f3n Tennet.<\/p>\n<p>La empresa indic\u00f3 que por momentos se introdujeron alrededor de 43,7 gigavatios de energ\u00eda e\u00f3lica en la red el\u00e9ctrica en Alemania, superando el anterior r\u00e9cord de unos 43,4 gigavatios.<\/p>\n<p>Los operadores del sistema de transmisi\u00f3n son responsables de llevar la energ\u00eda e\u00f3lica desde las costas y desde el norte de Alemania hacia el sur.<\/p>\n<p>Seg\u00fan los c\u00e1lculos de expertos del instituto de investigaci\u00f3n \u00abAgora Energiewende\u00bb, m\u00e1s de las tres cuartas partes de la electricidad consumida en Alemania entre el domingo al mediod\u00eda y el lunes al mediod\u00eda proced\u00eda de fuentes de energ\u00eda renovables.<\/p>\n<p>Adem\u00e1s de las turbinas e\u00f3licas en tierra y en el mar, la energ\u00eda solar tambi\u00e9n contribuy\u00f3 a un aumento de generaci\u00f3n de energ\u00eda verde este domingo, se\u00f1al\u00f3 un portavoz.<\/p>\n<p>Tan solo la energ\u00eda e\u00f3lica cubri\u00f3 alrededor del 60 por ciento del consumo de energ\u00eda. El a\u00f1o pasado, alrededor del 43 por ciento del consumo de energ\u00eda en Alemania proven\u00eda de fuentes de energ\u00eda renovable.<\/p>\n<p>El hurac\u00e1n \u00abSabine\u00bb fue un gran desaf\u00edo para los operadores de la red, ya que en tormentas anteriores la alimentaci\u00f3n de energ\u00eda de las turbinas e\u00f3licas no hab\u00eda sido pareja y \u00e9stas se apagaron por recibir r\u00e1fagas demasiado fuertes, dijo un portavoz del operador Amprion.<\/p>\n<p>Seg\u00fan la informaci\u00f3n, la tormenta no caus\u00f3 ning\u00fan da\u00f1o a las l\u00edneas de alto voltaje en Amprion y Tennet, la subsidiaria alemana de la empresa holandesa TenneT.<\/p>\n","protected":false},"excerpt":{"rendered":"<p>Essen (Alemania), 10 feb (dpa) &#8211; El hurac\u00e1n \u00abSabine\u00bb, que desde el domingo azota a varias regiones de Alemania, dio un fuerte impulso a la producci\u00f3n de electricidad a partir de la energ\u00eda e\u00f3lica, inform\u00f3 hoy una portavoz del operador del sistema de transmisi\u00f3n Tennet. La empresa indic\u00f3 que por momentos se introdujeron alrededor de [&hellip;]<\/p>\n","protected":false},"author":1,"featured_media":1038728,"comment_status":"closed","ping_status":"closed","sticky":false,"template":"","format":"standard","meta":{"footnotes":""},"categories":[187],"tags":[],"class_list":["post-1057337","post","type-post","status-publish","format-standard","has-post-thumbnail","hentry","category-economia"],"aioseo_notices":[],"aioseo_head":"\n\t\t<!-- All in One SEO Pro 4.9.6.2 - aioseo.com -->\n\t<meta name=\"description\" content=\"Essen (Alemania), 10 feb (dpa) - El hurac\u00e1n &quot;Sabine&quot;, que desde el domingo azota a varias regiones de Alemania, dio un fuerte impulso a la producci\u00f3n de electricidad a partir de la energ\u00eda e\u00f3lica, inform\u00f3 hoy una portavoz del operador del sistema de transmisi\u00f3n Tennet. La empresa indic\u00f3 que por momentos se introdujeron alrededor de\" \/>\n\t<meta name=\"robots\" content=\"max-image-preview:large\" \/>\n\t<meta name=\"author\" content=\"El Digital de Asturias\"\/>\n\t<meta name=\"google-site-verification\" content=\"UA-38556648-1\" \/>\n\t<meta name=\"msvalidate.01\" content=\"7dfe9f3f1b24437ab69f4f2559babe99\" \/>\n\t<meta name=\"keywords\" content=\"econom\u00eda\" \/>\n\t<link rel=\"canonical\" href=\"https:\/\/www.eldigitaldeasturias.com\/noticias\/huracan-sabine-impulsa-la-produccion-de-electricidad-en-alemania\/\" \/>\n\t<meta name=\"generator\" content=\"All in One SEO Pro (AIOSEO) 4.9.6.2\" \/>\n\t\t<meta property=\"og:locale\" content=\"es_ES\" \/>\n\t\t<meta property=\"og:site_name\" content=\"El Digital de Asturias\" \/>\n\t\t<meta property=\"og:type\" content=\"article\" \/>\n\t\t<meta property=\"og:title\" content=\"Hurac\u00e1n \u00abSabine\u00bb impulsa la producci\u00f3n de electricidad en Alemania - El Digital de Asturias\" \/>\n\t\t<meta property=\"og:description\" content=\"Essen (Alemania), 10 feb (dpa) - El hurac\u00e1n &quot;Sabine&quot;, que desde el domingo azota a varias regiones de Alemania, dio un fuerte impulso a la producci\u00f3n de electricidad a partir de la energ\u00eda e\u00f3lica, inform\u00f3 hoy una portavoz del operador del sistema de transmisi\u00f3n Tennet. La empresa indic\u00f3 que por momentos se introdujeron alrededor de\" \/>\n\t\t<meta property=\"og:url\" content=\"https:\/\/www.eldigitaldeasturias.com\/noticias\/huracan-sabine-impulsa-la-produccion-de-electricidad-en-alemania\/\" \/>\n\t\t<meta property=\"og:image\" content=\"https:\/\/www.eldigitaldeasturias.com\/noticias\/wp-content\/uploads\/2019\/08\/clouds-3663407_960_720.jpg\" \/>\n\t\t<meta property=\"og:image:secure_url\" content=\"https:\/\/www.eldigitaldeasturias.com\/noticias\/wp-content\/uploads\/2019\/08\/clouds-3663407_960_720.jpg\" \/>\n\t\t<meta property=\"og:image:width\" content=\"960\" \/>\n\t\t<meta property=\"og:image:height\" content=\"638\" \/>\n\t\t<meta property=\"article:tag\" content=\"econom\u00eda\" \/>\n\t\t<meta property=\"article:published_time\" content=\"2020-02-10T22:31:03+00:00\" \/>\n\t\t<meta property=\"article:modified_time\" content=\"2020-02-10T22:31:03+00:00\" \/>\n\t\t<meta property=\"article:publisher\" content=\"https:\/\/facebook.com\/eldigitaldeasturias\" \/>\n\t\t<meta name=\"twitter:card\" content=\"summary_large_image\" \/>\n\t\t<meta name=\"twitter:title\" content=\"Hurac\u00e1n \u00abSabine\u00bb impulsa la producci\u00f3n de electricidad en Alemania - El Digital de Asturias\" \/>\n\t\t<meta name=\"twitter:description\" content=\"Essen (Alemania), 10 feb (dpa) - El hurac\u00e1n &quot;Sabine&quot;, que desde el domingo azota a varias regiones de Alemania, dio un fuerte impulso a la producci\u00f3n de electricidad a partir de la energ\u00eda e\u00f3lica, inform\u00f3 hoy una portavoz del operador del sistema de transmisi\u00f3n Tennet. La empresa indic\u00f3 que por momentos se introdujeron alrededor de\" \/>\n\t\t<meta name=\"twitter:image\" content=\"https:\/\/www.eldigitaldeasturias.com\/noticias\/wp-content\/uploads\/2019\/08\/clouds-3663407_960_720.jpg\" \/>\n\t\t<meta name=\"twitter:label1\" content=\"Escrito por\" \/>\n\t\t<meta name=\"twitter:data1\" content=\"El Digital de Asturias\" \/>\n\t\t<meta name=\"twitter:label2\" content=\"Tiempo de lectura estimado\" \/>\n\t\t<meta name=\"twitter:data2\" content=\"2 minutos\" \/>\n\t\t<script type=\"application\/ld+json\" class=\"aioseo-schema\">\n\t\t\t{\"@context\":\"https:\\\/\\\/schema.org\",\"@graph\":[{\"@type\":\"BlogPosting\",\"@id\":\"https:\\\/\\\/www.eldigitaldeasturias.com\\\/noticias\\\/huracan-sabine-impulsa-la-produccion-de-electricidad-en-alemania\\\/#blogposting\",\"name\":\"Hurac\\u00e1n \\u00abSabine\\u00bb impulsa la producci\\u00f3n de electricidad en Alemania - El Digital de Asturias\",\"headline\":\"Hurac\\u00e1n \\u00abSabine\\u00bb impulsa la producci\\u00f3n de electricidad en Alemania\",\"author\":{\"@id\":\"https:\\\/\\\/www.eldigitaldeasturias.com\\\/noticias\\\/author\\\/admin\\\/#author\"},\"publisher\":{\"@id\":\"https:\\\/\\\/www.eldigitaldeasturias.com\\\/noticias\\\/#organization\"},\"image\":{\"@type\":\"ImageObject\",\"url\":\"https:\\\/\\\/www.eldigitaldeasturias.com\\\/noticias\\\/wp-content\\\/uploads\\\/2019\\\/08\\\/clouds-3663407_960_720.jpg\",\"width\":960,\"height\":638},\"datePublished\":\"2020-02-10T22:31:03+01:00\",\"dateModified\":\"2020-02-10T22:31:03+01:00\",\"inLanguage\":\"es-ES\",\"mainEntityOfPage\":{\"@id\":\"https:\\\/\\\/www.eldigitaldeasturias.com\\\/noticias\\\/huracan-sabine-impulsa-la-produccion-de-electricidad-en-alemania\\\/#webpage\"},\"isPartOf\":{\"@id\":\"https:\\\/\\\/www.eldigitaldeasturias.com\\\/noticias\\\/huracan-sabine-impulsa-la-produccion-de-electricidad-en-alemania\\\/#webpage\"},\"articleSection\":\"Econom\\u00eda\"},{\"@type\":\"BreadcrumbList\",\"@id\":\"https:\\\/\\\/www.eldigitaldeasturias.com\\\/noticias\\\/huracan-sabine-impulsa-la-produccion-de-electricidad-en-alemania\\\/#breadcrumblist\",\"itemListElement\":[{\"@type\":\"ListItem\",\"@id\":\"https:\\\/\\\/www.eldigitaldeasturias.com\\\/noticias#listItem\",\"position\":1,\"name\":\"Home\",\"item\":\"https:\\\/\\\/www.eldigitaldeasturias.com\\\/noticias\",\"nextItem\":{\"@type\":\"ListItem\",\"@id\":\"https:\\\/\\\/www.eldigitaldeasturias.com\\\/noticias\\\/category\\\/economia\\\/#listItem\",\"name\":\"Econom\\u00eda\"}},{\"@type\":\"ListItem\",\"@id\":\"https:\\\/\\\/www.eldigitaldeasturias.com\\\/noticias\\\/category\\\/economia\\\/#listItem\",\"position\":2,\"name\":\"Econom\\u00eda\",\"item\":\"https:\\\/\\\/www.eldigitaldeasturias.com\\\/noticias\\\/category\\\/economia\\\/\",\"nextItem\":{\"@type\":\"ListItem\",\"@id\":\"https:\\\/\\\/www.eldigitaldeasturias.com\\\/noticias\\\/huracan-sabine-impulsa-la-produccion-de-electricidad-en-alemania\\\/#listItem\",\"name\":\"Hurac\\u00e1n \\u00abSabine\\u00bb impulsa la producci\\u00f3n de electricidad en Alemania\"},\"previousItem\":{\"@type\":\"ListItem\",\"@id\":\"https:\\\/\\\/www.eldigitaldeasturias.com\\\/noticias#listItem\",\"name\":\"Home\"}},{\"@type\":\"ListItem\",\"@id\":\"https:\\\/\\\/www.eldigitaldeasturias.com\\\/noticias\\\/huracan-sabine-impulsa-la-produccion-de-electricidad-en-alemania\\\/#listItem\",\"position\":3,\"name\":\"Hurac\\u00e1n \\u00abSabine\\u00bb impulsa la producci\\u00f3n de electricidad en Alemania\",\"previousItem\":{\"@type\":\"ListItem\",\"@id\":\"https:\\\/\\\/www.eldigitaldeasturias.com\\\/noticias\\\/category\\\/economia\\\/#listItem\",\"name\":\"Econom\\u00eda\"}}]},{\"@type\":\"Organization\",\"@id\":\"https:\\\/\\\/www.eldigitaldeasturias.com\\\/noticias\\\/#organization\",\"name\":\"El Digital de Asturias\",\"description\":\"Hemeroteca\",\"url\":\"https:\\\/\\\/www.eldigitaldeasturias.com\\\/noticias\\\/\",\"email\":\"info@eldigitaldeasturias.com\",\"telephone\":\"+34652131393\",\"logo\":{\"@type\":\"ImageObject\",\"url\":\"https:\\\/\\\/www.eldigitaldeasturias.com\\\/noticias\\\/wp-content\\\/uploads\\\/2020\\\/12\\\/EDA.jpg\",\"@id\":\"https:\\\/\\\/www.eldigitaldeasturias.com\\\/noticias\\\/huracan-sabine-impulsa-la-produccion-de-electricidad-en-alemania\\\/#organizationLogo\",\"width\":649,\"height\":297},\"image\":{\"@id\":\"https:\\\/\\\/www.eldigitaldeasturias.com\\\/noticias\\\/huracan-sabine-impulsa-la-produccion-de-electricidad-en-alemania\\\/#organizationLogo\"},\"sameAs\":[\"https:\\\/\\\/facebook.com\\\/eldigitaldeasturias\",\"https:\\\/\\\/www.youtube.com\\\/channel\\\/UCZP-2wLEB9Rv6erhFmqVnvg\"],\"address\":{\"@id\":\"https:\\\/\\\/www.eldigitaldeasturias.com\\\/noticias\\\/#postaladdress\",\"@type\":\"PostalAddress\",\"streetAddress\":\"san antonio 4,\",\"postalCode\":\"33430\",\"addressLocality\":\"Cand\\u00e1s\",\"addressRegion\":\"Asturias\",\"addressCountry\":\"ES\"}},{\"@type\":\"Person\",\"@id\":\"https:\\\/\\\/www.eldigitaldeasturias.com\\\/noticias\\\/author\\\/admin\\\/#author\",\"url\":\"https:\\\/\\\/www.eldigitaldeasturias.com\\\/noticias\\\/author\\\/admin\\\/\",\"name\":\"El Digital de Asturias\",\"image\":{\"@type\":\"ImageObject\",\"@id\":\"https:\\\/\\\/www.eldigitaldeasturias.com\\\/noticias\\\/huracan-sabine-impulsa-la-produccion-de-electricidad-en-alemania\\\/#authorImage\",\"url\":\"https:\\\/\\\/www.eldigitaldeasturias.com\\\/noticias\\\/wp-content\\\/litespeed\\\/avatar\\\/18677e78aa0546b92d9dbf31ec7d7668.jpg?ver=1777290358\",\"width\":96,\"height\":96,\"caption\":\"El Digital de Asturias\"}},{\"@type\":\"WebPage\",\"@id\":\"https:\\\/\\\/www.eldigitaldeasturias.com\\\/noticias\\\/huracan-sabine-impulsa-la-produccion-de-electricidad-en-alemania\\\/#webpage\",\"url\":\"https:\\\/\\\/www.eldigitaldeasturias.com\\\/noticias\\\/huracan-sabine-impulsa-la-produccion-de-electricidad-en-alemania\\\/\",\"name\":\"Hurac\\u00e1n \\u00abSabine\\u00bb impulsa la producci\\u00f3n de electricidad en Alemania - El Digital de Asturias\",\"description\":\"Essen (Alemania), 10 feb (dpa) - El hurac\\u00e1n \\\"Sabine\\\", que desde el domingo azota a varias regiones de Alemania, dio un fuerte impulso a la producci\\u00f3n de electricidad a partir de la energ\\u00eda e\\u00f3lica, inform\\u00f3 hoy una portavoz del operador del sistema de transmisi\\u00f3n Tennet. La empresa indic\\u00f3 que por momentos se introdujeron alrededor de\",\"inLanguage\":\"es-ES\",\"isPartOf\":{\"@id\":\"https:\\\/\\\/www.eldigitaldeasturias.com\\\/noticias\\\/#website\"},\"breadcrumb\":{\"@id\":\"https:\\\/\\\/www.eldigitaldeasturias.com\\\/noticias\\\/huracan-sabine-impulsa-la-produccion-de-electricidad-en-alemania\\\/#breadcrumblist\"},\"author\":{\"@id\":\"https:\\\/\\\/www.eldigitaldeasturias.com\\\/noticias\\\/author\\\/admin\\\/#author\"},\"creator\":{\"@id\":\"https:\\\/\\\/www.eldigitaldeasturias.com\\\/noticias\\\/author\\\/admin\\\/#author\"},\"image\":{\"@type\":\"ImageObject\",\"url\":\"https:\\\/\\\/www.eldigitaldeasturias.com\\\/noticias\\\/wp-content\\\/uploads\\\/2019\\\/08\\\/clouds-3663407_960_720.jpg\",\"@id\":\"https:\\\/\\\/www.eldigitaldeasturias.com\\\/noticias\\\/huracan-sabine-impulsa-la-produccion-de-electricidad-en-alemania\\\/#mainImage\",\"width\":960,\"height\":638},\"primaryImageOfPage\":{\"@id\":\"https:\\\/\\\/www.eldigitaldeasturias.com\\\/noticias\\\/huracan-sabine-impulsa-la-produccion-de-electricidad-en-alemania\\\/#mainImage\"},\"datePublished\":\"2020-02-10T22:31:03+01:00\",\"dateModified\":\"2020-02-10T22:31:03+01:00\"},{\"@type\":\"WebSite\",\"@id\":\"https:\\\/\\\/www.eldigitaldeasturias.com\\\/noticias\\\/#website\",\"url\":\"https:\\\/\\\/www.eldigitaldeasturias.com\\\/noticias\\\/\",\"name\":\"El Digital de Asturias - Diario de actualidad y noticias\",\"alternateName\":\"El Digital de Asturias - Diario de actualidad y noticias\",\"description\":\"Hemeroteca\",\"inLanguage\":\"es-ES\",\"publisher\":{\"@id\":\"https:\\\/\\\/www.eldigitaldeasturias.com\\\/noticias\\\/#organization\"}}]}\n\t\t<\/script>\n\t\t<!-- All in One SEO Pro -->\r\n\t\t<title>Hurac\u00e1n \u00abSabine\u00bb impulsa la producci\u00f3n de electricidad en Alemania - El Digital de Asturias<\/title>\n\n","aioseo_head_json":{"title":"Hurac\u00e1n \u00abSabine\u00bb impulsa la producci\u00f3n de electricidad en Alemania - El Digital de Asturias","description":"Essen (Alemania), 10 feb (dpa) - El hurac\u00e1n \"Sabine\", que desde el domingo azota a varias regiones de Alemania, dio un fuerte impulso a la producci\u00f3n de electricidad a partir de la energ\u00eda e\u00f3lica, inform\u00f3 hoy una portavoz del operador del sistema de transmisi\u00f3n Tennet. La empresa indic\u00f3 que por momentos se introdujeron alrededor de","canonical_url":"https:\/\/www.eldigitaldeasturias.com\/noticias\/huracan-sabine-impulsa-la-produccion-de-electricidad-en-alemania\/","robots":"max-image-preview:large","keywords":"econom\u00eda","webmasterTools":{"google-site-verification":"UA-38556648-1","msvalidate.01":"7dfe9f3f1b24437ab69f4f2559babe99","miscellaneous":""},"schema":{"@context":"https:\/\/schema.org","@graph":[{"@type":"BlogPosting","@id":"https:\/\/www.eldigitaldeasturias.com\/noticias\/huracan-sabine-impulsa-la-produccion-de-electricidad-en-alemania\/#blogposting","name":"Hurac\u00e1n \u00abSabine\u00bb impulsa la producci\u00f3n de electricidad en Alemania - El Digital de Asturias","headline":"Hurac\u00e1n \u00abSabine\u00bb impulsa la producci\u00f3n de electricidad en Alemania","author":{"@id":"https:\/\/www.eldigitaldeasturias.com\/noticias\/author\/admin\/#author"},"publisher":{"@id":"https:\/\/www.eldigitaldeasturias.com\/noticias\/#organization"},"image":{"@type":"ImageObject","url":"https:\/\/www.eldigitaldeasturias.com\/noticias\/wp-content\/uploads\/2019\/08\/clouds-3663407_960_720.jpg","width":960,"height":638},"datePublished":"2020-02-10T22:31:03+01:00","dateModified":"2020-02-10T22:31:03+01:00","inLanguage":"es-ES","mainEntityOfPage":{"@id":"https:\/\/www.eldigitaldeasturias.com\/noticias\/huracan-sabine-impulsa-la-produccion-de-electricidad-en-alemania\/#webpage"},"isPartOf":{"@id":"https:\/\/www.eldigitaldeasturias.com\/noticias\/huracan-sabine-impulsa-la-produccion-de-electricidad-en-alemania\/#webpage"},"articleSection":"Econom\u00eda"},{"@type":"BreadcrumbList","@id":"https:\/\/www.eldigitaldeasturias.com\/noticias\/huracan-sabine-impulsa-la-produccion-de-electricidad-en-alemania\/#breadcrumblist","itemListElement":[{"@type":"ListItem","@id":"https:\/\/www.eldigitaldeasturias.com\/noticias#listItem","position":1,"name":"Home","item":"https:\/\/www.eldigitaldeasturias.com\/noticias","nextItem":{"@type":"ListItem","@id":"https:\/\/www.eldigitaldeasturias.com\/noticias\/category\/economia\/#listItem","name":"Econom\u00eda"}},{"@type":"ListItem","@id":"https:\/\/www.eldigitaldeasturias.com\/noticias\/category\/economia\/#listItem","position":2,"name":"Econom\u00eda","item":"https:\/\/www.eldigitaldeasturias.com\/noticias\/category\/economia\/","nextItem":{"@type":"ListItem","@id":"https:\/\/www.eldigitaldeasturias.com\/noticias\/huracan-sabine-impulsa-la-produccion-de-electricidad-en-alemania\/#listItem","name":"Hurac\u00e1n \u00abSabine\u00bb impulsa la producci\u00f3n de electricidad en Alemania"},"previousItem":{"@type":"ListItem","@id":"https:\/\/www.eldigitaldeasturias.com\/noticias#listItem","name":"Home"}},{"@type":"ListItem","@id":"https:\/\/www.eldigitaldeasturias.com\/noticias\/huracan-sabine-impulsa-la-produccion-de-electricidad-en-alemania\/#listItem","position":3,"name":"Hurac\u00e1n \u00abSabine\u00bb impulsa la producci\u00f3n de electricidad en Alemania","previousItem":{"@type":"ListItem","@id":"https:\/\/www.eldigitaldeasturias.com\/noticias\/category\/economia\/#listItem","name":"Econom\u00eda"}}]},{"@type":"Organization","@id":"https:\/\/www.eldigitaldeasturias.com\/noticias\/#organization","name":"El Digital de Asturias","description":"Hemeroteca","url":"https:\/\/www.eldigitaldeasturias.com\/noticias\/","email":"info@eldigitaldeasturias.com","telephone":"+34652131393","logo":{"@type":"ImageObject","url":"https:\/\/www.eldigitaldeasturias.com\/noticias\/wp-content\/uploads\/2020\/12\/EDA.jpg","@id":"https:\/\/www.eldigitaldeasturias.com\/noticias\/huracan-sabine-impulsa-la-produccion-de-electricidad-en-alemania\/#organizationLogo","width":649,"height":297},"image":{"@id":"https:\/\/www.eldigitaldeasturias.com\/noticias\/huracan-sabine-impulsa-la-produccion-de-electricidad-en-alemania\/#organizationLogo"},"sameAs":["https:\/\/facebook.com\/eldigitaldeasturias","https:\/\/www.youtube.com\/channel\/UCZP-2wLEB9Rv6erhFmqVnvg"],"address":{"@id":"https:\/\/www.eldigitaldeasturias.com\/noticias\/#postaladdress","@type":"PostalAddress","streetAddress":"san antonio 4,","postalCode":"33430","addressLocality":"Cand\u00e1s","addressRegion":"Asturias","addressCountry":"ES"}},{"@type":"Person","@id":"https:\/\/www.eldigitaldeasturias.com\/noticias\/author\/admin\/#author","url":"https:\/\/www.eldigitaldeasturias.com\/noticias\/author\/admin\/","name":"El Digital de Asturias","image":{"@type":"ImageObject","@id":"https:\/\/www.eldigitaldeasturias.com\/noticias\/huracan-sabine-impulsa-la-produccion-de-electricidad-en-alemania\/#authorImage","url":"https:\/\/www.eldigitaldeasturias.com\/noticias\/wp-content\/litespeed\/avatar\/18677e78aa0546b92d9dbf31ec7d7668.jpg?ver=1777290358","width":96,"height":96,"caption":"El Digital de Asturias"}},{"@type":"WebPage","@id":"https:\/\/www.eldigitaldeasturias.com\/noticias\/huracan-sabine-impulsa-la-produccion-de-electricidad-en-alemania\/#webpage","url":"https:\/\/www.eldigitaldeasturias.com\/noticias\/huracan-sabine-impulsa-la-produccion-de-electricidad-en-alemania\/","name":"Hurac\u00e1n \u00abSabine\u00bb impulsa la producci\u00f3n de electricidad en Alemania - El Digital de Asturias","description":"Essen (Alemania), 10 feb (dpa) - El hurac\u00e1n \"Sabine\", que desde el domingo azota a varias regiones de Alemania, dio un fuerte impulso a la producci\u00f3n de electricidad a partir de la energ\u00eda e\u00f3lica, inform\u00f3 hoy una portavoz del operador del sistema de transmisi\u00f3n Tennet. La empresa indic\u00f3 que por momentos se introdujeron alrededor de","inLanguage":"es-ES","isPartOf":{"@id":"https:\/\/www.eldigitaldeasturias.com\/noticias\/#website"},"breadcrumb":{"@id":"https:\/\/www.eldigitaldeasturias.com\/noticias\/huracan-sabine-impulsa-la-produccion-de-electricidad-en-alemania\/#breadcrumblist"},"author":{"@id":"https:\/\/www.eldigitaldeasturias.com\/noticias\/author\/admin\/#author"},"creator":{"@id":"https:\/\/www.eldigitaldeasturias.com\/noticias\/author\/admin\/#author"},"image":{"@type":"ImageObject","url":"https:\/\/www.eldigitaldeasturias.com\/noticias\/wp-content\/uploads\/2019\/08\/clouds-3663407_960_720.jpg","@id":"https:\/\/www.eldigitaldeasturias.com\/noticias\/huracan-sabine-impulsa-la-produccion-de-electricidad-en-alemania\/#mainImage","width":960,"height":638},"primaryImageOfPage":{"@id":"https:\/\/www.eldigitaldeasturias.com\/noticias\/huracan-sabine-impulsa-la-produccion-de-electricidad-en-alemania\/#mainImage"},"datePublished":"2020-02-10T22:31:03+01:00","dateModified":"2020-02-10T22:31:03+01:00"},{"@type":"WebSite","@id":"https:\/\/www.eldigitaldeasturias.com\/noticias\/#website","url":"https:\/\/www.eldigitaldeasturias.com\/noticias\/","name":"El Digital de Asturias - Diario de actualidad y noticias","alternateName":"El Digital de Asturias - Diario de actualidad y noticias","description":"Hemeroteca","inLanguage":"es-ES","publisher":{"@id":"https:\/\/www.eldigitaldeasturias.com\/noticias\/#organization"}}]},"og:locale":"es_ES","og:site_name":"El Digital de Asturias","og:type":"article","og:title":"Hurac\u00e1n \u00abSabine\u00bb impulsa la producci\u00f3n de electricidad en Alemania - El Digital de Asturias","og:description":"Essen (Alemania), 10 feb (dpa) - El hurac\u00e1n &quot;Sabine&quot;, que desde el domingo azota a varias regiones de Alemania, dio un fuerte impulso a la producci\u00f3n de electricidad a partir de la energ\u00eda e\u00f3lica, inform\u00f3 hoy una portavoz del operador del sistema de transmisi\u00f3n Tennet. La empresa indic\u00f3 que por momentos se introdujeron alrededor de","og:url":"https:\/\/www.eldigitaldeasturias.com\/noticias\/huracan-sabine-impulsa-la-produccion-de-electricidad-en-alemania\/","og:image":"https:\/\/www.eldigitaldeasturias.com\/noticias\/wp-content\/uploads\/2019\/08\/clouds-3663407_960_720.jpg","og:image:secure_url":"https:\/\/www.eldigitaldeasturias.com\/noticias\/wp-content\/uploads\/2019\/08\/clouds-3663407_960_720.jpg","og:image:width":960,"og:image:height":638,"article:tag":["econom\u00eda"],"article:published_time":"2020-02-10T22:31:03+00:00","article:modified_time":"2020-02-10T22:31:03+00:00","article:publisher":"https:\/\/facebook.com\/eldigitaldeasturias","twitter:card":"summary_large_image","twitter:title":"Hurac\u00e1n \u00abSabine\u00bb impulsa la producci\u00f3n de electricidad en Alemania - El Digital de Asturias","twitter:description":"Essen (Alemania), 10 feb (dpa) - El hurac\u00e1n &quot;Sabine&quot;, que desde el domingo azota a varias regiones de Alemania, dio un fuerte impulso a la producci\u00f3n de electricidad a partir de la energ\u00eda e\u00f3lica, inform\u00f3 hoy una portavoz del operador del sistema de transmisi\u00f3n Tennet. La empresa indic\u00f3 que por momentos se introdujeron alrededor de","twitter:image":"https:\/\/www.eldigitaldeasturias.com\/noticias\/wp-content\/uploads\/2019\/08\/clouds-3663407_960_720.jpg","twitter:label1":"Escrito por","twitter:data1":"El Digital de Asturias","twitter:label2":"Tiempo de lectura estimado","twitter:data2":"2 minutos"},"aioseo_meta_data":{"post_id":"1057337","title":null,"description":null,"keywords":null,"keyphrases":null,"primary_term":null,"canonical_url":null,"og_title":null,"og_description":null,"og_object_type":"default","og_image_type":"default","og_image_url":null,"og_image_width":null,"og_image_height":null,"og_image_custom_url":null,"og_image_custom_fields":null,"og_video":null,"og_custom_url":null,"og_article_section":null,"og_article_tags":null,"twitter_use_og":false,"twitter_card":"default","twitter_image_type":"default","twitter_image_url":null,"twitter_image_custom_url":null,"twitter_image_custom_fields":null,"twitter_title":null,"twitter_description":null,"schema":{"blockGraphs":[],"customGraphs":[],"default":{"data":{"Article":[],"Course":[],"Dataset":[],"FAQPage":[],"Movie":[],"Person":[],"Product":[],"ProductReview":[],"Car":[],"Recipe":[],"Service":[],"SoftwareApplication":[],"WebPage":[]},"graphName":"","isEnabled":true},"graphs":[],"defaultGraph":"","defaultPostTypeGraph":""},"schema_type":null,"schema_type_options":null,"pillar_content":false,"robots_default":true,"robots_noindex":false,"robots_noarchive":false,"robots_nosnippet":false,"robots_nofollow":false,"robots_noimageindex":false,"robots_noodp":false,"robots_notranslate":false,"robots_max_snippet":null,"robots_max_videopreview":null,"robots_max_imagepreview":"large","priority":null,"frequency":null,"local_seo":null,"seo_analyzer_scan_date":"2025-10-31 01:36:08","breadcrumb_settings":null,"limit_modified_date":false,"open_ai":null,"ai":null,"created":"2020-12-21 10:55:34","updated":"2025-10-31 01:36:08"},"aioseo_breadcrumb":"<div class=\"aioseo-breadcrumbs\"><span class=\"aioseo-breadcrumb\">\n\t<a href=\"https:\/\/www.eldigitaldeasturias.com\/noticias\" title=\"Home\">Home<\/a>\n<\/span><span class=\"aioseo-breadcrumb-separator\">\u2013<\/span><span class=\"aioseo-breadcrumb\">\n\t<a href=\"https:\/\/www.eldigitaldeasturias.com\/noticias\/category\/economia\/\" title=\"Econom\u00eda\">Econom\u00eda<\/a>\n<\/span><span class=\"aioseo-breadcrumb-separator\">\u2013<\/span><span class=\"aioseo-breadcrumb\">\n\t<a href=\"https:\/\/www.eldigitaldeasturias.com\/noticias\/huracan-sabine-impulsa-la-produccion-de-electricidad-en-alemania\/\" title=\"Hurac\u00e1n \u00abSabine\u00bb impulsa la producci\u00f3n de electricidad en Alemania\">Hurac\u00e1n \u00abSabine\u00bb impulsa la producci\u00f3n de electricidad en Alemania<\/a>\n<\/span><\/div>","aioseo_breadcrumb_json":[{"label":"Home","link":"https:\/\/www.eldigitaldeasturias.com\/noticias"},{"label":"Econom\u00eda","link":"https:\/\/www.eldigitaldeasturias.com\/noticias\/category\/economia\/"},{"label":"Hurac\u00e1n \u00abSabine\u00bb impulsa la producci\u00f3n de electricidad en Alemania","link":"https:\/\/www.eldigitaldeasturias.com\/noticias\/huracan-sabine-impulsa-la-produccion-de-electricidad-en-alemania\/"}],"_links":{"self":[{"href":"https:\/\/www.eldigitaldeasturias.com\/noticias\/wp-json\/wp\/v2\/posts\/1057337","targetHints":{"allow":["GET"]}}],"collection":[{"href":"https:\/\/www.eldigitaldeasturias.com\/noticias\/wp-json\/wp\/v2\/posts"}],"about":[{"href":"https:\/\/www.eldigitaldeasturias.com\/noticias\/wp-json\/wp\/v2\/types\/post"}],"author":[{"embeddable":true,"href":"https:\/\/www.eldigitaldeasturias.com\/noticias\/wp-json\/wp\/v2\/users\/1"}],"replies":[{"embeddable":true,"href":"https:\/\/www.eldigitaldeasturias.com\/noticias\/wp-json\/wp\/v2\/comments?post=1057337"}],"version-history":[{"count":0,"href":"https:\/\/www.eldigitaldeasturias.com\/noticias\/wp-json\/wp\/v2\/posts\/1057337\/revisions"}],"wp:featuredmedia":[{"embeddable":true,"href":"https:\/\/www.eldigitaldeasturias.com\/noticias\/wp-json\/wp\/v2\/media\/1038728"}],"wp:attachment":[{"href":"https:\/\/www.eldigitaldeasturias.com\/noticias\/wp-json\/wp\/v2\/media?parent=1057337"}],"wp:term":[{"taxonomy":"category","embeddable":true,"href":"https:\/\/www.eldigitaldeasturias.com\/noticias\/wp-json\/wp\/v2\/categories?post=1057337"},{"taxonomy":"post_tag","embeddable":true,"href":"https:\/\/www.eldigitaldeasturias.com\/noticias\/wp-json\/wp\/v2\/tags?post=1057337"}],"curies":[{"name":"wp","href":"https:\/\/api.w.org\/{rel}","templated":true}]}}