{"id":1057331,"date":"2020-02-10T22:25:57","date_gmt":"2020-02-10T22:25:57","guid":{"rendered":"https:\/\/www.eldigitaldeasturias.com\/noticias\/?p=1057331"},"modified":"2020-02-10T22:25:57","modified_gmt":"2020-02-10T22:25:57","slug":"alemania-conecta-primeras-gasolineras-con-telefonia-movil-5g","status":"publish","type":"post","link":"https:\/\/www.eldigitaldeasturias.com\/noticias\/alemania-conecta-primeras-gasolineras-con-telefonia-movil-5g\/","title":{"rendered":"Alemania conecta primeras gasolineras con telefon\u00eda m\u00f3vil 5G"},"content":{"rendered":"<p><img loading=\"lazy\" decoding=\"async\" class=\"alignleft size-medium wp-image-977578\" src=\"https:\/\/www.eldigitaldeasturias.com\/noticias\/wp-content\/uploads\/2018\/04\/driver-1149997_960_720-360x240.jpg\" alt=\"\" width=\"360\" height=\"240\" srcset=\"https:\/\/www.eldigitaldeasturias.com\/noticias\/wp-content\/uploads\/2018\/04\/driver-1149997_960_720-360x240.jpg 360w, https:\/\/www.eldigitaldeasturias.com\/noticias\/wp-content\/uploads\/2018\/04\/driver-1149997_960_720-768x512.jpg 768w, https:\/\/www.eldigitaldeasturias.com\/noticias\/wp-content\/uploads\/2018\/04\/driver-1149997_960_720-650x433.jpg 650w, https:\/\/www.eldigitaldeasturias.com\/noticias\/wp-content\/uploads\/2018\/04\/driver-1149997_960_720.jpg 960w\" sizes=\"auto, (max-width: 360px) 100vw, 360px\" \/>D\u00fcsseldorf\/Erfurt (Alemania), 10 feb (dpa) &#8211; El proveedor de telecomunicaciones Vodafone y el grupo energ\u00e9tico franc\u00e9s Total conectaron hoy las primeras dos gasolineras de Europa, en las ciudades alemanas de D\u00fcsseldorf y Erfurt, a la quinta generaci\u00f3n de telefon\u00eda m\u00f3vil 5G.<\/p>\n<p>En las estaciones de servicio conectadas a la red 5G, los clientes podr\u00e1n en el futuro pagar directamente en el surtidor de gasolina.<\/p>\n<p>Tambi\u00e9n tendr\u00e1n un acceso r\u00e1pido a redes locales de WiFi. El grupo franc\u00e9s opera alrededor de 1.200 estaciones de servicio en Alemania.<\/p>\n<p>A trav\u00e9s de la red 5G se operar\u00e1n asimismo las pantallas de precios y los carteles publicitarios digitalizados.<\/p>\n<p>T\u00e9cnicamente se utiliza un router 5G (\u00abGigacube 5G\u00bb), que recibe la se\u00f1al 5G de la red de telefon\u00eda m\u00f3vil y la transmite a un distribuidor de la red en la gasolinera.<\/p>\n<p>Seg\u00fan el presidente de Vodafone Alemania, Hannes Ametsreiter, con la tecnolog\u00eda 5G no solo se logran ventajas competitivas en enormes complejos industriales. \u00abLa telefon\u00eda m\u00f3vil tambi\u00e9n es necesaria en lugares insospechados, incluso al repostar gasolina\u00bb, sostiene.<\/p>\n<p>Con anchos de banda m\u00e1s potentes se pueden ofrecer los servicios digitales de una manera m\u00e1s r\u00e1pida y sin interferencias, explica por su parte Thomas Strauss, director de la estaci\u00f3n de servicio de Total Alemania.<\/p>\n<p>La prohibici\u00f3n de utilizar el smartphone en las gasolineras debido a que llevan bater\u00edas altamente inflamables tambi\u00e9n rige para las estaciones 5G. Sin embargo, los clientes pueden utilizar sus aparatos en las zonas de pago, que suelen tener peque\u00f1os supermercados y caf\u00e9s.<\/p>\n<p>La subasta de frecuencias del espectro radioel\u00e9ctrico para las velocidades de banda ancha m\u00f3vil s\u00faper r\u00e1pidas concluy\u00f3 en junio de 2019 tras una larga batalla de ofertas.<\/p>\n<p>En total, las compa\u00f1\u00edas de telefon\u00eda m\u00f3vil pagaron 6.550 millones de euros (7.100 millones de d\u00f3lares). En la fase inicial, la red 5G se centra sobre todo en la industria. Sin embargo, los expertos tambi\u00e9n prev\u00e9n un aumento de las aplicaciones para usuarios privados en 2020.<\/p>\n","protected":false},"excerpt":{"rendered":"<p>D\u00fcsseldorf\/Erfurt (Alemania), 10 feb (dpa) &#8211; El proveedor de telecomunicaciones Vodafone y el grupo energ\u00e9tico franc\u00e9s Total conectaron hoy las primeras dos gasolineras de Europa, en las ciudades alemanas de D\u00fcsseldorf y Erfurt, a la quinta generaci\u00f3n de telefon\u00eda m\u00f3vil 5G. En las estaciones de servicio conectadas a la red 5G, los clientes podr\u00e1n en [&hellip;]<\/p>\n","protected":false},"author":1,"featured_media":977578,"comment_status":"closed","ping_status":"closed","sticky":false,"template":"","format":"standard","meta":{"footnotes":""},"categories":[187],"tags":[],"class_list":["post-1057331","post","type-post","status-publish","format-standard","has-post-thumbnail","hentry","category-economia"],"aioseo_notices":[],"aioseo_head":"\n\t\t<!-- All in One SEO Pro 4.9.6.2 - aioseo.com -->\n\t<meta name=\"description\" content=\"D\u00fcsseldorf\/Erfurt (Alemania), 10 feb (dpa) - El proveedor de telecomunicaciones Vodafone y el grupo energ\u00e9tico franc\u00e9s Total conectaron hoy las primeras dos gasolineras de Europa, en las ciudades alemanas de D\u00fcsseldorf y Erfurt, a la quinta generaci\u00f3n de telefon\u00eda m\u00f3vil 5G. En las estaciones de servicio conectadas a la red 5G, los clientes podr\u00e1n en\" \/>\n\t<meta name=\"robots\" content=\"max-image-preview:large\" \/>\n\t<meta name=\"author\" content=\"El Digital de Asturias\"\/>\n\t<meta name=\"google-site-verification\" content=\"UA-38556648-1\" \/>\n\t<meta name=\"msvalidate.01\" content=\"7dfe9f3f1b24437ab69f4f2559babe99\" \/>\n\t<meta name=\"keywords\" content=\"econom\u00eda\" \/>\n\t<link rel=\"canonical\" href=\"https:\/\/www.eldigitaldeasturias.com\/noticias\/alemania-conecta-primeras-gasolineras-con-telefonia-movil-5g\/\" \/>\n\t<meta name=\"generator\" content=\"All in One SEO Pro (AIOSEO) 4.9.6.2\" \/>\n\t\t<meta property=\"og:locale\" content=\"es_ES\" \/>\n\t\t<meta property=\"og:site_name\" content=\"El Digital de Asturias\" \/>\n\t\t<meta property=\"og:type\" content=\"article\" \/>\n\t\t<meta property=\"og:title\" content=\"Alemania conecta primeras gasolineras con telefon\u00eda m\u00f3vil 5G - El Digital de Asturias\" \/>\n\t\t<meta property=\"og:description\" content=\"D\u00fcsseldorf\/Erfurt (Alemania), 10 feb (dpa) - El proveedor de telecomunicaciones Vodafone y el grupo energ\u00e9tico franc\u00e9s Total conectaron hoy las primeras dos gasolineras de Europa, en las ciudades alemanas de D\u00fcsseldorf y Erfurt, a la quinta generaci\u00f3n de telefon\u00eda m\u00f3vil 5G. En las estaciones de servicio conectadas a la red 5G, los clientes podr\u00e1n en\" \/>\n\t\t<meta property=\"og:url\" content=\"https:\/\/www.eldigitaldeasturias.com\/noticias\/alemania-conecta-primeras-gasolineras-con-telefonia-movil-5g\/\" \/>\n\t\t<meta property=\"og:image\" content=\"https:\/\/www.eldigitaldeasturias.com\/noticias\/wp-content\/uploads\/2018\/04\/driver-1149997_960_720.jpg\" \/>\n\t\t<meta property=\"og:image:secure_url\" content=\"https:\/\/www.eldigitaldeasturias.com\/noticias\/wp-content\/uploads\/2018\/04\/driver-1149997_960_720.jpg\" \/>\n\t\t<meta property=\"og:image:width\" content=\"960\" \/>\n\t\t<meta property=\"og:image:height\" content=\"640\" \/>\n\t\t<meta property=\"article:tag\" content=\"econom\u00eda\" \/>\n\t\t<meta property=\"article:published_time\" content=\"2020-02-10T22:25:57+00:00\" \/>\n\t\t<meta property=\"article:modified_time\" content=\"2020-02-10T22:25:57+00:00\" \/>\n\t\t<meta property=\"article:publisher\" content=\"https:\/\/facebook.com\/eldigitaldeasturias\" \/>\n\t\t<meta name=\"twitter:card\" content=\"summary_large_image\" \/>\n\t\t<meta name=\"twitter:title\" content=\"Alemania conecta primeras gasolineras con telefon\u00eda m\u00f3vil 5G - El Digital de Asturias\" \/>\n\t\t<meta name=\"twitter:description\" content=\"D\u00fcsseldorf\/Erfurt (Alemania), 10 feb (dpa) - El proveedor de telecomunicaciones Vodafone y el grupo energ\u00e9tico franc\u00e9s Total conectaron hoy las primeras dos gasolineras de Europa, en las ciudades alemanas de D\u00fcsseldorf y Erfurt, a la quinta generaci\u00f3n de telefon\u00eda m\u00f3vil 5G. En las estaciones de servicio conectadas a la red 5G, los clientes podr\u00e1n en\" \/>\n\t\t<meta name=\"twitter:image\" content=\"https:\/\/www.eldigitaldeasturias.com\/noticias\/wp-content\/uploads\/2018\/04\/driver-1149997_960_720.jpg\" \/>\n\t\t<meta name=\"twitter:label1\" content=\"Escrito por\" \/>\n\t\t<meta name=\"twitter:data1\" content=\"El Digital de Asturias\" \/>\n\t\t<meta name=\"twitter:label2\" content=\"Tiempo de lectura estimado\" \/>\n\t\t<meta name=\"twitter:data2\" content=\"2 minutos\" \/>\n\t\t<script type=\"application\/ld+json\" class=\"aioseo-schema\">\n\t\t\t{\"@context\":\"https:\\\/\\\/schema.org\",\"@graph\":[{\"@type\":\"BlogPosting\",\"@id\":\"https:\\\/\\\/www.eldigitaldeasturias.com\\\/noticias\\\/alemania-conecta-primeras-gasolineras-con-telefonia-movil-5g\\\/#blogposting\",\"name\":\"Alemania conecta primeras gasolineras con telefon\\u00eda m\\u00f3vil 5G - El Digital de Asturias\",\"headline\":\"Alemania conecta primeras gasolineras con telefon\\u00eda m\\u00f3vil 5G\",\"author\":{\"@id\":\"https:\\\/\\\/www.eldigitaldeasturias.com\\\/noticias\\\/author\\\/admin\\\/#author\"},\"publisher\":{\"@id\":\"https:\\\/\\\/www.eldigitaldeasturias.com\\\/noticias\\\/#organization\"},\"image\":{\"@type\":\"ImageObject\",\"url\":\"https:\\\/\\\/www.eldigitaldeasturias.com\\\/noticias\\\/wp-content\\\/uploads\\\/2018\\\/04\\\/driver-1149997_960_720.jpg\",\"width\":960,\"height\":640},\"datePublished\":\"2020-02-10T22:25:57+01:00\",\"dateModified\":\"2020-02-10T22:25:57+01:00\",\"inLanguage\":\"es-ES\",\"mainEntityOfPage\":{\"@id\":\"https:\\\/\\\/www.eldigitaldeasturias.com\\\/noticias\\\/alemania-conecta-primeras-gasolineras-con-telefonia-movil-5g\\\/#webpage\"},\"isPartOf\":{\"@id\":\"https:\\\/\\\/www.eldigitaldeasturias.com\\\/noticias\\\/alemania-conecta-primeras-gasolineras-con-telefonia-movil-5g\\\/#webpage\"},\"articleSection\":\"Econom\\u00eda\"},{\"@type\":\"BreadcrumbList\",\"@id\":\"https:\\\/\\\/www.eldigitaldeasturias.com\\\/noticias\\\/alemania-conecta-primeras-gasolineras-con-telefonia-movil-5g\\\/#breadcrumblist\",\"itemListElement\":[{\"@type\":\"ListItem\",\"@id\":\"https:\\\/\\\/www.eldigitaldeasturias.com\\\/noticias#listItem\",\"position\":1,\"name\":\"Home\",\"item\":\"https:\\\/\\\/www.eldigitaldeasturias.com\\\/noticias\",\"nextItem\":{\"@type\":\"ListItem\",\"@id\":\"https:\\\/\\\/www.eldigitaldeasturias.com\\\/noticias\\\/category\\\/economia\\\/#listItem\",\"name\":\"Econom\\u00eda\"}},{\"@type\":\"ListItem\",\"@id\":\"https:\\\/\\\/www.eldigitaldeasturias.com\\\/noticias\\\/category\\\/economia\\\/#listItem\",\"position\":2,\"name\":\"Econom\\u00eda\",\"item\":\"https:\\\/\\\/www.eldigitaldeasturias.com\\\/noticias\\\/category\\\/economia\\\/\",\"nextItem\":{\"@type\":\"ListItem\",\"@id\":\"https:\\\/\\\/www.eldigitaldeasturias.com\\\/noticias\\\/alemania-conecta-primeras-gasolineras-con-telefonia-movil-5g\\\/#listItem\",\"name\":\"Alemania conecta primeras gasolineras con telefon\\u00eda m\\u00f3vil 5G\"},\"previousItem\":{\"@type\":\"ListItem\",\"@id\":\"https:\\\/\\\/www.eldigitaldeasturias.com\\\/noticias#listItem\",\"name\":\"Home\"}},{\"@type\":\"ListItem\",\"@id\":\"https:\\\/\\\/www.eldigitaldeasturias.com\\\/noticias\\\/alemania-conecta-primeras-gasolineras-con-telefonia-movil-5g\\\/#listItem\",\"position\":3,\"name\":\"Alemania conecta primeras gasolineras con telefon\\u00eda m\\u00f3vil 5G\",\"previousItem\":{\"@type\":\"ListItem\",\"@id\":\"https:\\\/\\\/www.eldigitaldeasturias.com\\\/noticias\\\/category\\\/economia\\\/#listItem\",\"name\":\"Econom\\u00eda\"}}]},{\"@type\":\"Organization\",\"@id\":\"https:\\\/\\\/www.eldigitaldeasturias.com\\\/noticias\\\/#organization\",\"name\":\"El Digital de Asturias\",\"description\":\"Hemeroteca\",\"url\":\"https:\\\/\\\/www.eldigitaldeasturias.com\\\/noticias\\\/\",\"email\":\"info@eldigitaldeasturias.com\",\"telephone\":\"+34652131393\",\"logo\":{\"@type\":\"ImageObject\",\"url\":\"https:\\\/\\\/www.eldigitaldeasturias.com\\\/noticias\\\/wp-content\\\/uploads\\\/2020\\\/12\\\/EDA.jpg\",\"@id\":\"https:\\\/\\\/www.eldigitaldeasturias.com\\\/noticias\\\/alemania-conecta-primeras-gasolineras-con-telefonia-movil-5g\\\/#organizationLogo\",\"width\":649,\"height\":297},\"image\":{\"@id\":\"https:\\\/\\\/www.eldigitaldeasturias.com\\\/noticias\\\/alemania-conecta-primeras-gasolineras-con-telefonia-movil-5g\\\/#organizationLogo\"},\"sameAs\":[\"https:\\\/\\\/facebook.com\\\/eldigitaldeasturias\",\"https:\\\/\\\/www.youtube.com\\\/channel\\\/UCZP-2wLEB9Rv6erhFmqVnvg\"],\"address\":{\"@id\":\"https:\\\/\\\/www.eldigitaldeasturias.com\\\/noticias\\\/#postaladdress\",\"@type\":\"PostalAddress\",\"streetAddress\":\"san antonio 4,\",\"postalCode\":\"33430\",\"addressLocality\":\"Cand\\u00e1s\",\"addressRegion\":\"Asturias\",\"addressCountry\":\"ES\"}},{\"@type\":\"Person\",\"@id\":\"https:\\\/\\\/www.eldigitaldeasturias.com\\\/noticias\\\/author\\\/admin\\\/#author\",\"url\":\"https:\\\/\\\/www.eldigitaldeasturias.com\\\/noticias\\\/author\\\/admin\\\/\",\"name\":\"El Digital de Asturias\",\"image\":{\"@type\":\"ImageObject\",\"@id\":\"https:\\\/\\\/www.eldigitaldeasturias.com\\\/noticias\\\/alemania-conecta-primeras-gasolineras-con-telefonia-movil-5g\\\/#authorImage\",\"url\":\"https:\\\/\\\/www.eldigitaldeasturias.com\\\/noticias\\\/wp-content\\\/litespeed\\\/avatar\\\/18677e78aa0546b92d9dbf31ec7d7668.jpg?ver=1777290358\",\"width\":96,\"height\":96,\"caption\":\"El Digital de Asturias\"}},{\"@type\":\"WebPage\",\"@id\":\"https:\\\/\\\/www.eldigitaldeasturias.com\\\/noticias\\\/alemania-conecta-primeras-gasolineras-con-telefonia-movil-5g\\\/#webpage\",\"url\":\"https:\\\/\\\/www.eldigitaldeasturias.com\\\/noticias\\\/alemania-conecta-primeras-gasolineras-con-telefonia-movil-5g\\\/\",\"name\":\"Alemania conecta primeras gasolineras con telefon\\u00eda m\\u00f3vil 5G - El Digital de Asturias\",\"description\":\"D\\u00fcsseldorf\\\/Erfurt (Alemania), 10 feb (dpa) - El proveedor de telecomunicaciones Vodafone y el grupo energ\\u00e9tico franc\\u00e9s Total conectaron hoy las primeras dos gasolineras de Europa, en las ciudades alemanas de D\\u00fcsseldorf y Erfurt, a la quinta generaci\\u00f3n de telefon\\u00eda m\\u00f3vil 5G. En las estaciones de servicio conectadas a la red 5G, los clientes podr\\u00e1n en\",\"inLanguage\":\"es-ES\",\"isPartOf\":{\"@id\":\"https:\\\/\\\/www.eldigitaldeasturias.com\\\/noticias\\\/#website\"},\"breadcrumb\":{\"@id\":\"https:\\\/\\\/www.eldigitaldeasturias.com\\\/noticias\\\/alemania-conecta-primeras-gasolineras-con-telefonia-movil-5g\\\/#breadcrumblist\"},\"author\":{\"@id\":\"https:\\\/\\\/www.eldigitaldeasturias.com\\\/noticias\\\/author\\\/admin\\\/#author\"},\"creator\":{\"@id\":\"https:\\\/\\\/www.eldigitaldeasturias.com\\\/noticias\\\/author\\\/admin\\\/#author\"},\"image\":{\"@type\":\"ImageObject\",\"url\":\"https:\\\/\\\/www.eldigitaldeasturias.com\\\/noticias\\\/wp-content\\\/uploads\\\/2018\\\/04\\\/driver-1149997_960_720.jpg\",\"@id\":\"https:\\\/\\\/www.eldigitaldeasturias.com\\\/noticias\\\/alemania-conecta-primeras-gasolineras-con-telefonia-movil-5g\\\/#mainImage\",\"width\":960,\"height\":640},\"primaryImageOfPage\":{\"@id\":\"https:\\\/\\\/www.eldigitaldeasturias.com\\\/noticias\\\/alemania-conecta-primeras-gasolineras-con-telefonia-movil-5g\\\/#mainImage\"},\"datePublished\":\"2020-02-10T22:25:57+01:00\",\"dateModified\":\"2020-02-10T22:25:57+01:00\"},{\"@type\":\"WebSite\",\"@id\":\"https:\\\/\\\/www.eldigitaldeasturias.com\\\/noticias\\\/#website\",\"url\":\"https:\\\/\\\/www.eldigitaldeasturias.com\\\/noticias\\\/\",\"name\":\"El Digital de Asturias - Diario de actualidad y noticias\",\"alternateName\":\"El Digital de Asturias - Diario de actualidad y noticias\",\"description\":\"Hemeroteca\",\"inLanguage\":\"es-ES\",\"publisher\":{\"@id\":\"https:\\\/\\\/www.eldigitaldeasturias.com\\\/noticias\\\/#organization\"}}]}\n\t\t<\/script>\n\t\t<!-- All in One SEO Pro -->\r\n\t\t<title>Alemania conecta primeras gasolineras con telefon\u00eda m\u00f3vil 5G - El Digital de Asturias<\/title>\n\n","aioseo_head_json":{"title":"Alemania conecta primeras gasolineras con telefon\u00eda m\u00f3vil 5G - El Digital de Asturias","description":"D\u00fcsseldorf\/Erfurt (Alemania), 10 feb (dpa) - El proveedor de telecomunicaciones Vodafone y el grupo energ\u00e9tico franc\u00e9s Total conectaron hoy las primeras dos gasolineras de Europa, en las ciudades alemanas de D\u00fcsseldorf y Erfurt, a la quinta generaci\u00f3n de telefon\u00eda m\u00f3vil 5G. En las estaciones de servicio conectadas a la red 5G, los clientes podr\u00e1n en","canonical_url":"https:\/\/www.eldigitaldeasturias.com\/noticias\/alemania-conecta-primeras-gasolineras-con-telefonia-movil-5g\/","robots":"max-image-preview:large","keywords":"econom\u00eda","webmasterTools":{"google-site-verification":"UA-38556648-1","msvalidate.01":"7dfe9f3f1b24437ab69f4f2559babe99","miscellaneous":""},"schema":{"@context":"https:\/\/schema.org","@graph":[{"@type":"BlogPosting","@id":"https:\/\/www.eldigitaldeasturias.com\/noticias\/alemania-conecta-primeras-gasolineras-con-telefonia-movil-5g\/#blogposting","name":"Alemania conecta primeras gasolineras con telefon\u00eda m\u00f3vil 5G - El Digital de Asturias","headline":"Alemania conecta primeras gasolineras con telefon\u00eda m\u00f3vil 5G","author":{"@id":"https:\/\/www.eldigitaldeasturias.com\/noticias\/author\/admin\/#author"},"publisher":{"@id":"https:\/\/www.eldigitaldeasturias.com\/noticias\/#organization"},"image":{"@type":"ImageObject","url":"https:\/\/www.eldigitaldeasturias.com\/noticias\/wp-content\/uploads\/2018\/04\/driver-1149997_960_720.jpg","width":960,"height":640},"datePublished":"2020-02-10T22:25:57+01:00","dateModified":"2020-02-10T22:25:57+01:00","inLanguage":"es-ES","mainEntityOfPage":{"@id":"https:\/\/www.eldigitaldeasturias.com\/noticias\/alemania-conecta-primeras-gasolineras-con-telefonia-movil-5g\/#webpage"},"isPartOf":{"@id":"https:\/\/www.eldigitaldeasturias.com\/noticias\/alemania-conecta-primeras-gasolineras-con-telefonia-movil-5g\/#webpage"},"articleSection":"Econom\u00eda"},{"@type":"BreadcrumbList","@id":"https:\/\/www.eldigitaldeasturias.com\/noticias\/alemania-conecta-primeras-gasolineras-con-telefonia-movil-5g\/#breadcrumblist","itemListElement":[{"@type":"ListItem","@id":"https:\/\/www.eldigitaldeasturias.com\/noticias#listItem","position":1,"name":"Home","item":"https:\/\/www.eldigitaldeasturias.com\/noticias","nextItem":{"@type":"ListItem","@id":"https:\/\/www.eldigitaldeasturias.com\/noticias\/category\/economia\/#listItem","name":"Econom\u00eda"}},{"@type":"ListItem","@id":"https:\/\/www.eldigitaldeasturias.com\/noticias\/category\/economia\/#listItem","position":2,"name":"Econom\u00eda","item":"https:\/\/www.eldigitaldeasturias.com\/noticias\/category\/economia\/","nextItem":{"@type":"ListItem","@id":"https:\/\/www.eldigitaldeasturias.com\/noticias\/alemania-conecta-primeras-gasolineras-con-telefonia-movil-5g\/#listItem","name":"Alemania conecta primeras gasolineras con telefon\u00eda m\u00f3vil 5G"},"previousItem":{"@type":"ListItem","@id":"https:\/\/www.eldigitaldeasturias.com\/noticias#listItem","name":"Home"}},{"@type":"ListItem","@id":"https:\/\/www.eldigitaldeasturias.com\/noticias\/alemania-conecta-primeras-gasolineras-con-telefonia-movil-5g\/#listItem","position":3,"name":"Alemania conecta primeras gasolineras con telefon\u00eda m\u00f3vil 5G","previousItem":{"@type":"ListItem","@id":"https:\/\/www.eldigitaldeasturias.com\/noticias\/category\/economia\/#listItem","name":"Econom\u00eda"}}]},{"@type":"Organization","@id":"https:\/\/www.eldigitaldeasturias.com\/noticias\/#organization","name":"El Digital de Asturias","description":"Hemeroteca","url":"https:\/\/www.eldigitaldeasturias.com\/noticias\/","email":"info@eldigitaldeasturias.com","telephone":"+34652131393","logo":{"@type":"ImageObject","url":"https:\/\/www.eldigitaldeasturias.com\/noticias\/wp-content\/uploads\/2020\/12\/EDA.jpg","@id":"https:\/\/www.eldigitaldeasturias.com\/noticias\/alemania-conecta-primeras-gasolineras-con-telefonia-movil-5g\/#organizationLogo","width":649,"height":297},"image":{"@id":"https:\/\/www.eldigitaldeasturias.com\/noticias\/alemania-conecta-primeras-gasolineras-con-telefonia-movil-5g\/#organizationLogo"},"sameAs":["https:\/\/facebook.com\/eldigitaldeasturias","https:\/\/www.youtube.com\/channel\/UCZP-2wLEB9Rv6erhFmqVnvg"],"address":{"@id":"https:\/\/www.eldigitaldeasturias.com\/noticias\/#postaladdress","@type":"PostalAddress","streetAddress":"san antonio 4,","postalCode":"33430","addressLocality":"Cand\u00e1s","addressRegion":"Asturias","addressCountry":"ES"}},{"@type":"Person","@id":"https:\/\/www.eldigitaldeasturias.com\/noticias\/author\/admin\/#author","url":"https:\/\/www.eldigitaldeasturias.com\/noticias\/author\/admin\/","name":"El Digital de Asturias","image":{"@type":"ImageObject","@id":"https:\/\/www.eldigitaldeasturias.com\/noticias\/alemania-conecta-primeras-gasolineras-con-telefonia-movil-5g\/#authorImage","url":"https:\/\/www.eldigitaldeasturias.com\/noticias\/wp-content\/litespeed\/avatar\/18677e78aa0546b92d9dbf31ec7d7668.jpg?ver=1777290358","width":96,"height":96,"caption":"El Digital de Asturias"}},{"@type":"WebPage","@id":"https:\/\/www.eldigitaldeasturias.com\/noticias\/alemania-conecta-primeras-gasolineras-con-telefonia-movil-5g\/#webpage","url":"https:\/\/www.eldigitaldeasturias.com\/noticias\/alemania-conecta-primeras-gasolineras-con-telefonia-movil-5g\/","name":"Alemania conecta primeras gasolineras con telefon\u00eda m\u00f3vil 5G - El Digital de Asturias","description":"D\u00fcsseldorf\/Erfurt (Alemania), 10 feb (dpa) - El proveedor de telecomunicaciones Vodafone y el grupo energ\u00e9tico franc\u00e9s Total conectaron hoy las primeras dos gasolineras de Europa, en las ciudades alemanas de D\u00fcsseldorf y Erfurt, a la quinta generaci\u00f3n de telefon\u00eda m\u00f3vil 5G. En las estaciones de servicio conectadas a la red 5G, los clientes podr\u00e1n en","inLanguage":"es-ES","isPartOf":{"@id":"https:\/\/www.eldigitaldeasturias.com\/noticias\/#website"},"breadcrumb":{"@id":"https:\/\/www.eldigitaldeasturias.com\/noticias\/alemania-conecta-primeras-gasolineras-con-telefonia-movil-5g\/#breadcrumblist"},"author":{"@id":"https:\/\/www.eldigitaldeasturias.com\/noticias\/author\/admin\/#author"},"creator":{"@id":"https:\/\/www.eldigitaldeasturias.com\/noticias\/author\/admin\/#author"},"image":{"@type":"ImageObject","url":"https:\/\/www.eldigitaldeasturias.com\/noticias\/wp-content\/uploads\/2018\/04\/driver-1149997_960_720.jpg","@id":"https:\/\/www.eldigitaldeasturias.com\/noticias\/alemania-conecta-primeras-gasolineras-con-telefonia-movil-5g\/#mainImage","width":960,"height":640},"primaryImageOfPage":{"@id":"https:\/\/www.eldigitaldeasturias.com\/noticias\/alemania-conecta-primeras-gasolineras-con-telefonia-movil-5g\/#mainImage"},"datePublished":"2020-02-10T22:25:57+01:00","dateModified":"2020-02-10T22:25:57+01:00"},{"@type":"WebSite","@id":"https:\/\/www.eldigitaldeasturias.com\/noticias\/#website","url":"https:\/\/www.eldigitaldeasturias.com\/noticias\/","name":"El Digital de Asturias - Diario de actualidad y noticias","alternateName":"El Digital de Asturias - Diario de actualidad y noticias","description":"Hemeroteca","inLanguage":"es-ES","publisher":{"@id":"https:\/\/www.eldigitaldeasturias.com\/noticias\/#organization"}}]},"og:locale":"es_ES","og:site_name":"El Digital de Asturias","og:type":"article","og:title":"Alemania conecta primeras gasolineras con telefon\u00eda m\u00f3vil 5G - El Digital de Asturias","og:description":"D\u00fcsseldorf\/Erfurt (Alemania), 10 feb (dpa) - El proveedor de telecomunicaciones Vodafone y el grupo energ\u00e9tico franc\u00e9s Total conectaron hoy las primeras dos gasolineras de Europa, en las ciudades alemanas de D\u00fcsseldorf y Erfurt, a la quinta generaci\u00f3n de telefon\u00eda m\u00f3vil 5G. En las estaciones de servicio conectadas a la red 5G, los clientes podr\u00e1n en","og:url":"https:\/\/www.eldigitaldeasturias.com\/noticias\/alemania-conecta-primeras-gasolineras-con-telefonia-movil-5g\/","og:image":"https:\/\/www.eldigitaldeasturias.com\/noticias\/wp-content\/uploads\/2018\/04\/driver-1149997_960_720.jpg","og:image:secure_url":"https:\/\/www.eldigitaldeasturias.com\/noticias\/wp-content\/uploads\/2018\/04\/driver-1149997_960_720.jpg","og:image:width":960,"og:image:height":640,"article:tag":["econom\u00eda"],"article:published_time":"2020-02-10T22:25:57+00:00","article:modified_time":"2020-02-10T22:25:57+00:00","article:publisher":"https:\/\/facebook.com\/eldigitaldeasturias","twitter:card":"summary_large_image","twitter:title":"Alemania conecta primeras gasolineras con telefon\u00eda m\u00f3vil 5G - El Digital de Asturias","twitter:description":"D\u00fcsseldorf\/Erfurt (Alemania), 10 feb (dpa) - El proveedor de telecomunicaciones Vodafone y el grupo energ\u00e9tico franc\u00e9s Total conectaron hoy las primeras dos gasolineras de Europa, en las ciudades alemanas de D\u00fcsseldorf y Erfurt, a la quinta generaci\u00f3n de telefon\u00eda m\u00f3vil 5G. En las estaciones de servicio conectadas a la red 5G, los clientes podr\u00e1n en","twitter:image":"https:\/\/www.eldigitaldeasturias.com\/noticias\/wp-content\/uploads\/2018\/04\/driver-1149997_960_720.jpg","twitter:label1":"Escrito por","twitter:data1":"El Digital de Asturias","twitter:label2":"Tiempo de lectura estimado","twitter:data2":"2 minutos"},"aioseo_meta_data":{"post_id":"1057331","title":null,"description":null,"keywords":null,"keyphrases":null,"primary_term":null,"canonical_url":null,"og_title":null,"og_description":null,"og_object_type":"default","og_image_type":"default","og_image_url":null,"og_image_width":null,"og_image_height":null,"og_image_custom_url":null,"og_image_custom_fields":null,"og_video":null,"og_custom_url":null,"og_article_section":null,"og_article_tags":null,"twitter_use_og":false,"twitter_card":"default","twitter_image_type":"default","twitter_image_url":null,"twitter_image_custom_url":null,"twitter_image_custom_fields":null,"twitter_title":null,"twitter_description":null,"schema":{"blockGraphs":[],"customGraphs":[],"default":{"data":{"Article":[],"Course":[],"Dataset":[],"FAQPage":[],"Movie":[],"Person":[],"Product":[],"ProductReview":[],"Car":[],"Recipe":[],"Service":[],"SoftwareApplication":[],"WebPage":[]},"graphName":"","isEnabled":true},"graphs":[],"defaultGraph":"","defaultPostTypeGraph":""},"schema_type":null,"schema_type_options":null,"pillar_content":false,"robots_default":true,"robots_noindex":false,"robots_noarchive":false,"robots_nosnippet":false,"robots_nofollow":false,"robots_noimageindex":false,"robots_noodp":false,"robots_notranslate":false,"robots_max_snippet":null,"robots_max_videopreview":null,"robots_max_imagepreview":"large","priority":null,"frequency":null,"local_seo":null,"seo_analyzer_scan_date":"2025-10-31 01:34:09","breadcrumb_settings":null,"limit_modified_date":false,"open_ai":null,"ai":null,"created":"2020-12-21 10:55:34","updated":"2025-10-31 01:34:09"},"aioseo_breadcrumb":"<div class=\"aioseo-breadcrumbs\"><span class=\"aioseo-breadcrumb\">\n\t<a href=\"https:\/\/www.eldigitaldeasturias.com\/noticias\" title=\"Home\">Home<\/a>\n<\/span><span class=\"aioseo-breadcrumb-separator\">\u2013<\/span><span class=\"aioseo-breadcrumb\">\n\t<a href=\"https:\/\/www.eldigitaldeasturias.com\/noticias\/category\/economia\/\" title=\"Econom\u00eda\">Econom\u00eda<\/a>\n<\/span><span class=\"aioseo-breadcrumb-separator\">\u2013<\/span><span class=\"aioseo-breadcrumb\">\n\t<a href=\"https:\/\/www.eldigitaldeasturias.com\/noticias\/alemania-conecta-primeras-gasolineras-con-telefonia-movil-5g\/\" title=\"Alemania conecta primeras gasolineras con telefon\u00eda m\u00f3vil 5G\">Alemania conecta primeras gasolineras con telefon\u00eda m\u00f3vil 5G<\/a>\n<\/span><\/div>","aioseo_breadcrumb_json":[{"label":"Home","link":"https:\/\/www.eldigitaldeasturias.com\/noticias"},{"label":"Econom\u00eda","link":"https:\/\/www.eldigitaldeasturias.com\/noticias\/category\/economia\/"},{"label":"Alemania conecta primeras gasolineras con telefon\u00eda m\u00f3vil 5G","link":"https:\/\/www.eldigitaldeasturias.com\/noticias\/alemania-conecta-primeras-gasolineras-con-telefonia-movil-5g\/"}],"_links":{"self":[{"href":"https:\/\/www.eldigitaldeasturias.com\/noticias\/wp-json\/wp\/v2\/posts\/1057331","targetHints":{"allow":["GET"]}}],"collection":[{"href":"https:\/\/www.eldigitaldeasturias.com\/noticias\/wp-json\/wp\/v2\/posts"}],"about":[{"href":"https:\/\/www.eldigitaldeasturias.com\/noticias\/wp-json\/wp\/v2\/types\/post"}],"author":[{"embeddable":true,"href":"https:\/\/www.eldigitaldeasturias.com\/noticias\/wp-json\/wp\/v2\/users\/1"}],"replies":[{"embeddable":true,"href":"https:\/\/www.eldigitaldeasturias.com\/noticias\/wp-json\/wp\/v2\/comments?post=1057331"}],"version-history":[{"count":0,"href":"https:\/\/www.eldigitaldeasturias.com\/noticias\/wp-json\/wp\/v2\/posts\/1057331\/revisions"}],"wp:featuredmedia":[{"embeddable":true,"href":"https:\/\/www.eldigitaldeasturias.com\/noticias\/wp-json\/wp\/v2\/media\/977578"}],"wp:attachment":[{"href":"https:\/\/www.eldigitaldeasturias.com\/noticias\/wp-json\/wp\/v2\/media?parent=1057331"}],"wp:term":[{"taxonomy":"category","embeddable":true,"href":"https:\/\/www.eldigitaldeasturias.com\/noticias\/wp-json\/wp\/v2\/categories?post=1057331"},{"taxonomy":"post_tag","embeddable":true,"href":"https:\/\/www.eldigitaldeasturias.com\/noticias\/wp-json\/wp\/v2\/tags?post=1057331"}],"curies":[{"name":"wp","href":"https:\/\/api.w.org\/{rel}","templated":true}]}}