{"id":1057329,"date":"2020-02-10T22:24:22","date_gmt":"2020-02-10T22:24:22","guid":{"rendered":"https:\/\/www.eldigitaldeasturias.com\/noticias\/?p=1057329"},"modified":"2020-02-10T22:24:22","modified_gmt":"2020-02-10T22:24:22","slug":"alemania-registra-decimo-record-consecutivo-de-pernoctaciones","status":"publish","type":"post","link":"https:\/\/www.eldigitaldeasturias.com\/noticias\/alemania-registra-decimo-record-consecutivo-de-pernoctaciones\/","title":{"rendered":"Alemania registra d\u00e9cimo r\u00e9cord consecutivo de pernoctaciones"},"content":{"rendered":"<p><img loading=\"lazy\" decoding=\"async\" class=\"alignleft size-medium wp-image-998646\" src=\"https:\/\/www.eldigitaldeasturias.com\/noticias\/wp-content\/uploads\/2018\/09\/airport-1822133_960_720-360x247.jpg\" alt=\"\" width=\"360\" height=\"247\" srcset=\"https:\/\/www.eldigitaldeasturias.com\/noticias\/wp-content\/uploads\/2018\/09\/airport-1822133_960_720-360x247.jpg 360w, https:\/\/www.eldigitaldeasturias.com\/noticias\/wp-content\/uploads\/2018\/09\/airport-1822133_960_720-768x526.jpg 768w, https:\/\/www.eldigitaldeasturias.com\/noticias\/wp-content\/uploads\/2018\/09\/airport-1822133_960_720-650x446.jpg 650w, https:\/\/www.eldigitaldeasturias.com\/noticias\/wp-content\/uploads\/2018\/09\/airport-1822133_960_720.jpg 960w\" sizes=\"auto, (max-width: 360px) 100vw, 360px\" \/>Wiesbaden (Alemania), 10 feb (dpa) &#8211; Alemania registr\u00f3 el a\u00f1o pasado 495,6 millones de pernoctaciones y volvi\u00f3 a marcar un r\u00e9cord por d\u00e9cima vez consecutiva, confirm\u00f3 hoy la Oficina Federal de Estad\u00edstica (Destatis) en Wiesbaden.<\/p>\n<p>El incremento con respecto a 2018 fue del 3,7 por ciento, seg\u00fan los datos, que evidenciaron adem\u00e1s que el n\u00famero de pernoctaciones de hu\u00e9spedes nacionales, con un plus del 3,9 por ciento, aument\u00f3 m\u00e1s que el de pernoctaciones de extranjeros (+2,5 por ciento).<\/p>\n<p>Desde 2009, el n\u00famero de pernoctaciones aument\u00f3 en m\u00e1s de un tercio. Dentro de este rango, el n\u00famero de pernoctaciones de extranjeros aument\u00f3 mucho m\u00e1s (+64 por ciento) que el n\u00famero de hu\u00e9spedes nacionales (+29,3 por ciento).<\/p>\n<p>El sector hotelero se beneficia desde hace ya cierto tiempo del hecho de que los viajes a Alemania se han convertido en una tendencia de moda. A ello se suman los viajeros por negocios y los visitantes a ferias.<\/p>\n<p>En sus c\u00e1lculos, los estad\u00edsticos de Wiesbaden incluyen establecimientos de alojamiento con al menos diez camas.<\/p>\n<p>&nbsp;<\/p>\n","protected":false},"excerpt":{"rendered":"<p>Wiesbaden (Alemania), 10 feb (dpa) &#8211; Alemania registr\u00f3 el a\u00f1o pasado 495,6 millones de pernoctaciones y volvi\u00f3 a marcar un r\u00e9cord por d\u00e9cima vez consecutiva, confirm\u00f3 hoy la Oficina Federal de Estad\u00edstica (Destatis) en Wiesbaden. El incremento con respecto a 2018 fue del 3,7 por ciento, seg\u00fan los datos, que evidenciaron adem\u00e1s que el n\u00famero [&hellip;]<\/p>\n","protected":false},"author":1,"featured_media":1016180,"comment_status":"closed","ping_status":"closed","sticky":false,"template":"","format":"standard","meta":{"footnotes":""},"categories":[148],"tags":[],"class_list":["post-1057329","post","type-post","status-publish","format-standard","has-post-thumbnail","hentry","category-turismo"],"aioseo_notices":[],"aioseo_head":"\n\t\t<!-- All in One SEO Pro 4.9.6.2 - aioseo.com -->\n\t<meta name=\"description\" content=\"Wiesbaden (Alemania), 10 feb (dpa) - Alemania registr\u00f3 el a\u00f1o pasado 495,6 millones de pernoctaciones y volvi\u00f3 a marcar un r\u00e9cord por d\u00e9cima vez consecutiva, confirm\u00f3 hoy la Oficina Federal de Estad\u00edstica (Destatis) en Wiesbaden. El incremento con respecto a 2018 fue del 3,7 por ciento, seg\u00fan los datos, que evidenciaron adem\u00e1s que el n\u00famero\" \/>\n\t<meta name=\"robots\" content=\"max-image-preview:large\" \/>\n\t<meta name=\"author\" content=\"El Digital de Asturias\"\/>\n\t<meta name=\"google-site-verification\" content=\"UA-38556648-1\" \/>\n\t<meta name=\"msvalidate.01\" content=\"7dfe9f3f1b24437ab69f4f2559babe99\" \/>\n\t<meta name=\"keywords\" content=\"turismo\" \/>\n\t<link rel=\"canonical\" href=\"https:\/\/www.eldigitaldeasturias.com\/noticias\/alemania-registra-decimo-record-consecutivo-de-pernoctaciones\/\" \/>\n\t<meta name=\"generator\" content=\"All in One SEO Pro (AIOSEO) 4.9.6.2\" \/>\n\t\t<meta property=\"og:locale\" content=\"es_ES\" \/>\n\t\t<meta property=\"og:site_name\" content=\"El Digital de Asturias\" \/>\n\t\t<meta property=\"og:type\" content=\"article\" \/>\n\t\t<meta property=\"og:title\" content=\"Alemania registra d\u00e9cimo r\u00e9cord consecutivo de pernoctaciones - El Digital de Asturias\" \/>\n\t\t<meta property=\"og:description\" content=\"Wiesbaden (Alemania), 10 feb (dpa) - Alemania registr\u00f3 el a\u00f1o pasado 495,6 millones de pernoctaciones y volvi\u00f3 a marcar un r\u00e9cord por d\u00e9cima vez consecutiva, confirm\u00f3 hoy la Oficina Federal de Estad\u00edstica (Destatis) en Wiesbaden. El incremento con respecto a 2018 fue del 3,7 por ciento, seg\u00fan los datos, que evidenciaron adem\u00e1s que el n\u00famero\" \/>\n\t\t<meta property=\"og:url\" content=\"https:\/\/www.eldigitaldeasturias.com\/noticias\/alemania-registra-decimo-record-consecutivo-de-pernoctaciones\/\" \/>\n\t\t<meta property=\"og:image\" content=\"https:\/\/www.eldigitaldeasturias.com\/noticias\/wp-content\/uploads\/2019\/02\/airport-731196_960_720.jpg\" \/>\n\t\t<meta property=\"og:image:secure_url\" content=\"https:\/\/www.eldigitaldeasturias.com\/noticias\/wp-content\/uploads\/2019\/02\/airport-731196_960_720.jpg\" \/>\n\t\t<meta property=\"og:image:width\" content=\"960\" \/>\n\t\t<meta property=\"og:image:height\" content=\"640\" \/>\n\t\t<meta property=\"article:tag\" content=\"turismo\" \/>\n\t\t<meta property=\"article:published_time\" content=\"2020-02-10T22:24:22+00:00\" \/>\n\t\t<meta property=\"article:modified_time\" content=\"2020-02-10T22:24:22+00:00\" \/>\n\t\t<meta property=\"article:publisher\" content=\"https:\/\/facebook.com\/eldigitaldeasturias\" \/>\n\t\t<meta name=\"twitter:card\" content=\"summary_large_image\" \/>\n\t\t<meta name=\"twitter:title\" content=\"Alemania registra d\u00e9cimo r\u00e9cord consecutivo de pernoctaciones - El Digital de Asturias\" \/>\n\t\t<meta name=\"twitter:description\" content=\"Wiesbaden (Alemania), 10 feb (dpa) - Alemania registr\u00f3 el a\u00f1o pasado 495,6 millones de pernoctaciones y volvi\u00f3 a marcar un r\u00e9cord por d\u00e9cima vez consecutiva, confirm\u00f3 hoy la Oficina Federal de Estad\u00edstica (Destatis) en Wiesbaden. El incremento con respecto a 2018 fue del 3,7 por ciento, seg\u00fan los datos, que evidenciaron adem\u00e1s que el n\u00famero\" \/>\n\t\t<meta name=\"twitter:image\" content=\"https:\/\/www.eldigitaldeasturias.com\/noticias\/wp-content\/uploads\/2019\/02\/airport-731196_960_720.jpg\" \/>\n\t\t<meta name=\"twitter:label1\" content=\"Escrito por\" \/>\n\t\t<meta name=\"twitter:data1\" content=\"El Digital de Asturias\" \/>\n\t\t<meta name=\"twitter:label2\" content=\"Tiempo de lectura estimado\" \/>\n\t\t<meta name=\"twitter:data2\" content=\"1 minuto\" \/>\n\t\t<script type=\"application\/ld+json\" class=\"aioseo-schema\">\n\t\t\t{\"@context\":\"https:\\\/\\\/schema.org\",\"@graph\":[{\"@type\":\"BlogPosting\",\"@id\":\"https:\\\/\\\/www.eldigitaldeasturias.com\\\/noticias\\\/alemania-registra-decimo-record-consecutivo-de-pernoctaciones\\\/#blogposting\",\"name\":\"Alemania registra d\\u00e9cimo r\\u00e9cord consecutivo de pernoctaciones - El Digital de Asturias\",\"headline\":\"Alemania registra d\\u00e9cimo r\\u00e9cord consecutivo de pernoctaciones\",\"author\":{\"@id\":\"https:\\\/\\\/www.eldigitaldeasturias.com\\\/noticias\\\/author\\\/admin\\\/#author\"},\"publisher\":{\"@id\":\"https:\\\/\\\/www.eldigitaldeasturias.com\\\/noticias\\\/#organization\"},\"image\":{\"@type\":\"ImageObject\",\"url\":\"https:\\\/\\\/www.eldigitaldeasturias.com\\\/noticias\\\/wp-content\\\/uploads\\\/2019\\\/02\\\/airport-731196_960_720.jpg\",\"width\":960,\"height\":640},\"datePublished\":\"2020-02-10T22:24:22+01:00\",\"dateModified\":\"2020-02-10T22:24:22+01:00\",\"inLanguage\":\"es-ES\",\"mainEntityOfPage\":{\"@id\":\"https:\\\/\\\/www.eldigitaldeasturias.com\\\/noticias\\\/alemania-registra-decimo-record-consecutivo-de-pernoctaciones\\\/#webpage\"},\"isPartOf\":{\"@id\":\"https:\\\/\\\/www.eldigitaldeasturias.com\\\/noticias\\\/alemania-registra-decimo-record-consecutivo-de-pernoctaciones\\\/#webpage\"},\"articleSection\":\"Turismo\"},{\"@type\":\"BreadcrumbList\",\"@id\":\"https:\\\/\\\/www.eldigitaldeasturias.com\\\/noticias\\\/alemania-registra-decimo-record-consecutivo-de-pernoctaciones\\\/#breadcrumblist\",\"itemListElement\":[{\"@type\":\"ListItem\",\"@id\":\"https:\\\/\\\/www.eldigitaldeasturias.com\\\/noticias#listItem\",\"position\":1,\"name\":\"Home\",\"item\":\"https:\\\/\\\/www.eldigitaldeasturias.com\\\/noticias\",\"nextItem\":{\"@type\":\"ListItem\",\"@id\":\"https:\\\/\\\/www.eldigitaldeasturias.com\\\/noticias\\\/category\\\/turismo\\\/#listItem\",\"name\":\"Turismo\"}},{\"@type\":\"ListItem\",\"@id\":\"https:\\\/\\\/www.eldigitaldeasturias.com\\\/noticias\\\/category\\\/turismo\\\/#listItem\",\"position\":2,\"name\":\"Turismo\",\"item\":\"https:\\\/\\\/www.eldigitaldeasturias.com\\\/noticias\\\/category\\\/turismo\\\/\",\"nextItem\":{\"@type\":\"ListItem\",\"@id\":\"https:\\\/\\\/www.eldigitaldeasturias.com\\\/noticias\\\/alemania-registra-decimo-record-consecutivo-de-pernoctaciones\\\/#listItem\",\"name\":\"Alemania registra d\\u00e9cimo r\\u00e9cord consecutivo de pernoctaciones\"},\"previousItem\":{\"@type\":\"ListItem\",\"@id\":\"https:\\\/\\\/www.eldigitaldeasturias.com\\\/noticias#listItem\",\"name\":\"Home\"}},{\"@type\":\"ListItem\",\"@id\":\"https:\\\/\\\/www.eldigitaldeasturias.com\\\/noticias\\\/alemania-registra-decimo-record-consecutivo-de-pernoctaciones\\\/#listItem\",\"position\":3,\"name\":\"Alemania registra d\\u00e9cimo r\\u00e9cord consecutivo de pernoctaciones\",\"previousItem\":{\"@type\":\"ListItem\",\"@id\":\"https:\\\/\\\/www.eldigitaldeasturias.com\\\/noticias\\\/category\\\/turismo\\\/#listItem\",\"name\":\"Turismo\"}}]},{\"@type\":\"Organization\",\"@id\":\"https:\\\/\\\/www.eldigitaldeasturias.com\\\/noticias\\\/#organization\",\"name\":\"El Digital de Asturias\",\"description\":\"Hemeroteca\",\"url\":\"https:\\\/\\\/www.eldigitaldeasturias.com\\\/noticias\\\/\",\"email\":\"info@eldigitaldeasturias.com\",\"telephone\":\"+34652131393\",\"logo\":{\"@type\":\"ImageObject\",\"url\":\"https:\\\/\\\/www.eldigitaldeasturias.com\\\/noticias\\\/wp-content\\\/uploads\\\/2020\\\/12\\\/EDA.jpg\",\"@id\":\"https:\\\/\\\/www.eldigitaldeasturias.com\\\/noticias\\\/alemania-registra-decimo-record-consecutivo-de-pernoctaciones\\\/#organizationLogo\",\"width\":649,\"height\":297},\"image\":{\"@id\":\"https:\\\/\\\/www.eldigitaldeasturias.com\\\/noticias\\\/alemania-registra-decimo-record-consecutivo-de-pernoctaciones\\\/#organizationLogo\"},\"sameAs\":[\"https:\\\/\\\/facebook.com\\\/eldigitaldeasturias\",\"https:\\\/\\\/www.youtube.com\\\/channel\\\/UCZP-2wLEB9Rv6erhFmqVnvg\"],\"address\":{\"@id\":\"https:\\\/\\\/www.eldigitaldeasturias.com\\\/noticias\\\/#postaladdress\",\"@type\":\"PostalAddress\",\"streetAddress\":\"san antonio 4,\",\"postalCode\":\"33430\",\"addressLocality\":\"Cand\\u00e1s\",\"addressRegion\":\"Asturias\",\"addressCountry\":\"ES\"}},{\"@type\":\"Person\",\"@id\":\"https:\\\/\\\/www.eldigitaldeasturias.com\\\/noticias\\\/author\\\/admin\\\/#author\",\"url\":\"https:\\\/\\\/www.eldigitaldeasturias.com\\\/noticias\\\/author\\\/admin\\\/\",\"name\":\"El Digital de Asturias\",\"image\":{\"@type\":\"ImageObject\",\"@id\":\"https:\\\/\\\/www.eldigitaldeasturias.com\\\/noticias\\\/alemania-registra-decimo-record-consecutivo-de-pernoctaciones\\\/#authorImage\",\"url\":\"https:\\\/\\\/www.eldigitaldeasturias.com\\\/noticias\\\/wp-content\\\/litespeed\\\/avatar\\\/18677e78aa0546b92d9dbf31ec7d7668.jpg?ver=1777290358\",\"width\":96,\"height\":96,\"caption\":\"El Digital de Asturias\"}},{\"@type\":\"WebPage\",\"@id\":\"https:\\\/\\\/www.eldigitaldeasturias.com\\\/noticias\\\/alemania-registra-decimo-record-consecutivo-de-pernoctaciones\\\/#webpage\",\"url\":\"https:\\\/\\\/www.eldigitaldeasturias.com\\\/noticias\\\/alemania-registra-decimo-record-consecutivo-de-pernoctaciones\\\/\",\"name\":\"Alemania registra d\\u00e9cimo r\\u00e9cord consecutivo de pernoctaciones - El Digital de Asturias\",\"description\":\"Wiesbaden (Alemania), 10 feb (dpa) - Alemania registr\\u00f3 el a\\u00f1o pasado 495,6 millones de pernoctaciones y volvi\\u00f3 a marcar un r\\u00e9cord por d\\u00e9cima vez consecutiva, confirm\\u00f3 hoy la Oficina Federal de Estad\\u00edstica (Destatis) en Wiesbaden. El incremento con respecto a 2018 fue del 3,7 por ciento, seg\\u00fan los datos, que evidenciaron adem\\u00e1s que el n\\u00famero\",\"inLanguage\":\"es-ES\",\"isPartOf\":{\"@id\":\"https:\\\/\\\/www.eldigitaldeasturias.com\\\/noticias\\\/#website\"},\"breadcrumb\":{\"@id\":\"https:\\\/\\\/www.eldigitaldeasturias.com\\\/noticias\\\/alemania-registra-decimo-record-consecutivo-de-pernoctaciones\\\/#breadcrumblist\"},\"author\":{\"@id\":\"https:\\\/\\\/www.eldigitaldeasturias.com\\\/noticias\\\/author\\\/admin\\\/#author\"},\"creator\":{\"@id\":\"https:\\\/\\\/www.eldigitaldeasturias.com\\\/noticias\\\/author\\\/admin\\\/#author\"},\"image\":{\"@type\":\"ImageObject\",\"url\":\"https:\\\/\\\/www.eldigitaldeasturias.com\\\/noticias\\\/wp-content\\\/uploads\\\/2019\\\/02\\\/airport-731196_960_720.jpg\",\"@id\":\"https:\\\/\\\/www.eldigitaldeasturias.com\\\/noticias\\\/alemania-registra-decimo-record-consecutivo-de-pernoctaciones\\\/#mainImage\",\"width\":960,\"height\":640},\"primaryImageOfPage\":{\"@id\":\"https:\\\/\\\/www.eldigitaldeasturias.com\\\/noticias\\\/alemania-registra-decimo-record-consecutivo-de-pernoctaciones\\\/#mainImage\"},\"datePublished\":\"2020-02-10T22:24:22+01:00\",\"dateModified\":\"2020-02-10T22:24:22+01:00\"},{\"@type\":\"WebSite\",\"@id\":\"https:\\\/\\\/www.eldigitaldeasturias.com\\\/noticias\\\/#website\",\"url\":\"https:\\\/\\\/www.eldigitaldeasturias.com\\\/noticias\\\/\",\"name\":\"El Digital de Asturias - Diario de actualidad y noticias\",\"alternateName\":\"El Digital de Asturias - Diario de actualidad y noticias\",\"description\":\"Hemeroteca\",\"inLanguage\":\"es-ES\",\"publisher\":{\"@id\":\"https:\\\/\\\/www.eldigitaldeasturias.com\\\/noticias\\\/#organization\"}}]}\n\t\t<\/script>\n\t\t<!-- All in One SEO Pro -->\r\n\t\t<title>Alemania registra d\u00e9cimo r\u00e9cord consecutivo de pernoctaciones - El Digital de Asturias<\/title>\n\n","aioseo_head_json":{"title":"Alemania registra d\u00e9cimo r\u00e9cord consecutivo de pernoctaciones - El Digital de Asturias","description":"Wiesbaden (Alemania), 10 feb (dpa) - Alemania registr\u00f3 el a\u00f1o pasado 495,6 millones de pernoctaciones y volvi\u00f3 a marcar un r\u00e9cord por d\u00e9cima vez consecutiva, confirm\u00f3 hoy la Oficina Federal de Estad\u00edstica (Destatis) en Wiesbaden. El incremento con respecto a 2018 fue del 3,7 por ciento, seg\u00fan los datos, que evidenciaron adem\u00e1s que el n\u00famero","canonical_url":"https:\/\/www.eldigitaldeasturias.com\/noticias\/alemania-registra-decimo-record-consecutivo-de-pernoctaciones\/","robots":"max-image-preview:large","keywords":"turismo","webmasterTools":{"google-site-verification":"UA-38556648-1","msvalidate.01":"7dfe9f3f1b24437ab69f4f2559babe99","miscellaneous":""},"schema":{"@context":"https:\/\/schema.org","@graph":[{"@type":"BlogPosting","@id":"https:\/\/www.eldigitaldeasturias.com\/noticias\/alemania-registra-decimo-record-consecutivo-de-pernoctaciones\/#blogposting","name":"Alemania registra d\u00e9cimo r\u00e9cord consecutivo de pernoctaciones - El Digital de Asturias","headline":"Alemania registra d\u00e9cimo r\u00e9cord consecutivo de pernoctaciones","author":{"@id":"https:\/\/www.eldigitaldeasturias.com\/noticias\/author\/admin\/#author"},"publisher":{"@id":"https:\/\/www.eldigitaldeasturias.com\/noticias\/#organization"},"image":{"@type":"ImageObject","url":"https:\/\/www.eldigitaldeasturias.com\/noticias\/wp-content\/uploads\/2019\/02\/airport-731196_960_720.jpg","width":960,"height":640},"datePublished":"2020-02-10T22:24:22+01:00","dateModified":"2020-02-10T22:24:22+01:00","inLanguage":"es-ES","mainEntityOfPage":{"@id":"https:\/\/www.eldigitaldeasturias.com\/noticias\/alemania-registra-decimo-record-consecutivo-de-pernoctaciones\/#webpage"},"isPartOf":{"@id":"https:\/\/www.eldigitaldeasturias.com\/noticias\/alemania-registra-decimo-record-consecutivo-de-pernoctaciones\/#webpage"},"articleSection":"Turismo"},{"@type":"BreadcrumbList","@id":"https:\/\/www.eldigitaldeasturias.com\/noticias\/alemania-registra-decimo-record-consecutivo-de-pernoctaciones\/#breadcrumblist","itemListElement":[{"@type":"ListItem","@id":"https:\/\/www.eldigitaldeasturias.com\/noticias#listItem","position":1,"name":"Home","item":"https:\/\/www.eldigitaldeasturias.com\/noticias","nextItem":{"@type":"ListItem","@id":"https:\/\/www.eldigitaldeasturias.com\/noticias\/category\/turismo\/#listItem","name":"Turismo"}},{"@type":"ListItem","@id":"https:\/\/www.eldigitaldeasturias.com\/noticias\/category\/turismo\/#listItem","position":2,"name":"Turismo","item":"https:\/\/www.eldigitaldeasturias.com\/noticias\/category\/turismo\/","nextItem":{"@type":"ListItem","@id":"https:\/\/www.eldigitaldeasturias.com\/noticias\/alemania-registra-decimo-record-consecutivo-de-pernoctaciones\/#listItem","name":"Alemania registra d\u00e9cimo r\u00e9cord consecutivo de pernoctaciones"},"previousItem":{"@type":"ListItem","@id":"https:\/\/www.eldigitaldeasturias.com\/noticias#listItem","name":"Home"}},{"@type":"ListItem","@id":"https:\/\/www.eldigitaldeasturias.com\/noticias\/alemania-registra-decimo-record-consecutivo-de-pernoctaciones\/#listItem","position":3,"name":"Alemania registra d\u00e9cimo r\u00e9cord consecutivo de pernoctaciones","previousItem":{"@type":"ListItem","@id":"https:\/\/www.eldigitaldeasturias.com\/noticias\/category\/turismo\/#listItem","name":"Turismo"}}]},{"@type":"Organization","@id":"https:\/\/www.eldigitaldeasturias.com\/noticias\/#organization","name":"El Digital de Asturias","description":"Hemeroteca","url":"https:\/\/www.eldigitaldeasturias.com\/noticias\/","email":"info@eldigitaldeasturias.com","telephone":"+34652131393","logo":{"@type":"ImageObject","url":"https:\/\/www.eldigitaldeasturias.com\/noticias\/wp-content\/uploads\/2020\/12\/EDA.jpg","@id":"https:\/\/www.eldigitaldeasturias.com\/noticias\/alemania-registra-decimo-record-consecutivo-de-pernoctaciones\/#organizationLogo","width":649,"height":297},"image":{"@id":"https:\/\/www.eldigitaldeasturias.com\/noticias\/alemania-registra-decimo-record-consecutivo-de-pernoctaciones\/#organizationLogo"},"sameAs":["https:\/\/facebook.com\/eldigitaldeasturias","https:\/\/www.youtube.com\/channel\/UCZP-2wLEB9Rv6erhFmqVnvg"],"address":{"@id":"https:\/\/www.eldigitaldeasturias.com\/noticias\/#postaladdress","@type":"PostalAddress","streetAddress":"san antonio 4,","postalCode":"33430","addressLocality":"Cand\u00e1s","addressRegion":"Asturias","addressCountry":"ES"}},{"@type":"Person","@id":"https:\/\/www.eldigitaldeasturias.com\/noticias\/author\/admin\/#author","url":"https:\/\/www.eldigitaldeasturias.com\/noticias\/author\/admin\/","name":"El Digital de Asturias","image":{"@type":"ImageObject","@id":"https:\/\/www.eldigitaldeasturias.com\/noticias\/alemania-registra-decimo-record-consecutivo-de-pernoctaciones\/#authorImage","url":"https:\/\/www.eldigitaldeasturias.com\/noticias\/wp-content\/litespeed\/avatar\/18677e78aa0546b92d9dbf31ec7d7668.jpg?ver=1777290358","width":96,"height":96,"caption":"El Digital de Asturias"}},{"@type":"WebPage","@id":"https:\/\/www.eldigitaldeasturias.com\/noticias\/alemania-registra-decimo-record-consecutivo-de-pernoctaciones\/#webpage","url":"https:\/\/www.eldigitaldeasturias.com\/noticias\/alemania-registra-decimo-record-consecutivo-de-pernoctaciones\/","name":"Alemania registra d\u00e9cimo r\u00e9cord consecutivo de pernoctaciones - El Digital de Asturias","description":"Wiesbaden (Alemania), 10 feb (dpa) - Alemania registr\u00f3 el a\u00f1o pasado 495,6 millones de pernoctaciones y volvi\u00f3 a marcar un r\u00e9cord por d\u00e9cima vez consecutiva, confirm\u00f3 hoy la Oficina Federal de Estad\u00edstica (Destatis) en Wiesbaden. El incremento con respecto a 2018 fue del 3,7 por ciento, seg\u00fan los datos, que evidenciaron adem\u00e1s que el n\u00famero","inLanguage":"es-ES","isPartOf":{"@id":"https:\/\/www.eldigitaldeasturias.com\/noticias\/#website"},"breadcrumb":{"@id":"https:\/\/www.eldigitaldeasturias.com\/noticias\/alemania-registra-decimo-record-consecutivo-de-pernoctaciones\/#breadcrumblist"},"author":{"@id":"https:\/\/www.eldigitaldeasturias.com\/noticias\/author\/admin\/#author"},"creator":{"@id":"https:\/\/www.eldigitaldeasturias.com\/noticias\/author\/admin\/#author"},"image":{"@type":"ImageObject","url":"https:\/\/www.eldigitaldeasturias.com\/noticias\/wp-content\/uploads\/2019\/02\/airport-731196_960_720.jpg","@id":"https:\/\/www.eldigitaldeasturias.com\/noticias\/alemania-registra-decimo-record-consecutivo-de-pernoctaciones\/#mainImage","width":960,"height":640},"primaryImageOfPage":{"@id":"https:\/\/www.eldigitaldeasturias.com\/noticias\/alemania-registra-decimo-record-consecutivo-de-pernoctaciones\/#mainImage"},"datePublished":"2020-02-10T22:24:22+01:00","dateModified":"2020-02-10T22:24:22+01:00"},{"@type":"WebSite","@id":"https:\/\/www.eldigitaldeasturias.com\/noticias\/#website","url":"https:\/\/www.eldigitaldeasturias.com\/noticias\/","name":"El Digital de Asturias - Diario de actualidad y noticias","alternateName":"El Digital de Asturias - Diario de actualidad y noticias","description":"Hemeroteca","inLanguage":"es-ES","publisher":{"@id":"https:\/\/www.eldigitaldeasturias.com\/noticias\/#organization"}}]},"og:locale":"es_ES","og:site_name":"El Digital de Asturias","og:type":"article","og:title":"Alemania registra d\u00e9cimo r\u00e9cord consecutivo de pernoctaciones - El Digital de Asturias","og:description":"Wiesbaden (Alemania), 10 feb (dpa) - Alemania registr\u00f3 el a\u00f1o pasado 495,6 millones de pernoctaciones y volvi\u00f3 a marcar un r\u00e9cord por d\u00e9cima vez consecutiva, confirm\u00f3 hoy la Oficina Federal de Estad\u00edstica (Destatis) en Wiesbaden. El incremento con respecto a 2018 fue del 3,7 por ciento, seg\u00fan los datos, que evidenciaron adem\u00e1s que el n\u00famero","og:url":"https:\/\/www.eldigitaldeasturias.com\/noticias\/alemania-registra-decimo-record-consecutivo-de-pernoctaciones\/","og:image":"https:\/\/www.eldigitaldeasturias.com\/noticias\/wp-content\/uploads\/2019\/02\/airport-731196_960_720.jpg","og:image:secure_url":"https:\/\/www.eldigitaldeasturias.com\/noticias\/wp-content\/uploads\/2019\/02\/airport-731196_960_720.jpg","og:image:width":960,"og:image:height":640,"article:tag":["turismo"],"article:published_time":"2020-02-10T22:24:22+00:00","article:modified_time":"2020-02-10T22:24:22+00:00","article:publisher":"https:\/\/facebook.com\/eldigitaldeasturias","twitter:card":"summary_large_image","twitter:title":"Alemania registra d\u00e9cimo r\u00e9cord consecutivo de pernoctaciones - El Digital de Asturias","twitter:description":"Wiesbaden (Alemania), 10 feb (dpa) - Alemania registr\u00f3 el a\u00f1o pasado 495,6 millones de pernoctaciones y volvi\u00f3 a marcar un r\u00e9cord por d\u00e9cima vez consecutiva, confirm\u00f3 hoy la Oficina Federal de Estad\u00edstica (Destatis) en Wiesbaden. El incremento con respecto a 2018 fue del 3,7 por ciento, seg\u00fan los datos, que evidenciaron adem\u00e1s que el n\u00famero","twitter:image":"https:\/\/www.eldigitaldeasturias.com\/noticias\/wp-content\/uploads\/2019\/02\/airport-731196_960_720.jpg","twitter:label1":"Escrito por","twitter:data1":"El Digital de Asturias","twitter:label2":"Tiempo de lectura estimado","twitter:data2":"1 minuto"},"aioseo_meta_data":{"post_id":"1057329","title":null,"description":null,"keywords":null,"keyphrases":null,"primary_term":null,"canonical_url":null,"og_title":null,"og_description":null,"og_object_type":"default","og_image_type":"default","og_image_url":null,"og_image_width":null,"og_image_height":null,"og_image_custom_url":null,"og_image_custom_fields":null,"og_video":null,"og_custom_url":null,"og_article_section":null,"og_article_tags":null,"twitter_use_og":false,"twitter_card":"default","twitter_image_type":"default","twitter_image_url":null,"twitter_image_custom_url":null,"twitter_image_custom_fields":null,"twitter_title":null,"twitter_description":null,"schema":{"blockGraphs":[],"customGraphs":[],"default":{"data":{"Article":[],"Course":[],"Dataset":[],"FAQPage":[],"Movie":[],"Person":[],"Product":[],"ProductReview":[],"Car":[],"Recipe":[],"Service":[],"SoftwareApplication":[],"WebPage":[]},"graphName":"","isEnabled":true},"graphs":[],"defaultGraph":"","defaultPostTypeGraph":""},"schema_type":null,"schema_type_options":null,"pillar_content":false,"robots_default":true,"robots_noindex":false,"robots_noarchive":false,"robots_nosnippet":false,"robots_nofollow":false,"robots_noimageindex":false,"robots_noodp":false,"robots_notranslate":false,"robots_max_snippet":null,"robots_max_videopreview":null,"robots_max_imagepreview":"large","priority":null,"frequency":null,"local_seo":null,"seo_analyzer_scan_date":"2025-10-31 01:34:08","breadcrumb_settings":null,"limit_modified_date":false,"open_ai":null,"ai":null,"created":"2020-12-21 10:55:34","updated":"2025-10-31 01:34:08"},"aioseo_breadcrumb":"<div class=\"aioseo-breadcrumbs\"><span class=\"aioseo-breadcrumb\">\n\t<a href=\"https:\/\/www.eldigitaldeasturias.com\/noticias\" title=\"Home\">Home<\/a>\n<\/span><span class=\"aioseo-breadcrumb-separator\">\u2013<\/span><span class=\"aioseo-breadcrumb\">\n\t<a href=\"https:\/\/www.eldigitaldeasturias.com\/noticias\/category\/turismo\/\" title=\"Turismo\">Turismo<\/a>\n<\/span><span class=\"aioseo-breadcrumb-separator\">\u2013<\/span><span class=\"aioseo-breadcrumb\">\n\t<a href=\"https:\/\/www.eldigitaldeasturias.com\/noticias\/alemania-registra-decimo-record-consecutivo-de-pernoctaciones\/\" title=\"Alemania registra d\u00e9cimo r\u00e9cord consecutivo de pernoctaciones\">Alemania registra d\u00e9cimo r\u00e9cord consecutivo de pernoctaciones<\/a>\n<\/span><\/div>","aioseo_breadcrumb_json":[{"label":"Home","link":"https:\/\/www.eldigitaldeasturias.com\/noticias"},{"label":"Turismo","link":"https:\/\/www.eldigitaldeasturias.com\/noticias\/category\/turismo\/"},{"label":"Alemania registra d\u00e9cimo r\u00e9cord consecutivo de pernoctaciones","link":"https:\/\/www.eldigitaldeasturias.com\/noticias\/alemania-registra-decimo-record-consecutivo-de-pernoctaciones\/"}],"_links":{"self":[{"href":"https:\/\/www.eldigitaldeasturias.com\/noticias\/wp-json\/wp\/v2\/posts\/1057329","targetHints":{"allow":["GET"]}}],"collection":[{"href":"https:\/\/www.eldigitaldeasturias.com\/noticias\/wp-json\/wp\/v2\/posts"}],"about":[{"href":"https:\/\/www.eldigitaldeasturias.com\/noticias\/wp-json\/wp\/v2\/types\/post"}],"author":[{"embeddable":true,"href":"https:\/\/www.eldigitaldeasturias.com\/noticias\/wp-json\/wp\/v2\/users\/1"}],"replies":[{"embeddable":true,"href":"https:\/\/www.eldigitaldeasturias.com\/noticias\/wp-json\/wp\/v2\/comments?post=1057329"}],"version-history":[{"count":0,"href":"https:\/\/www.eldigitaldeasturias.com\/noticias\/wp-json\/wp\/v2\/posts\/1057329\/revisions"}],"wp:featuredmedia":[{"embeddable":true,"href":"https:\/\/www.eldigitaldeasturias.com\/noticias\/wp-json\/wp\/v2\/media\/1016180"}],"wp:attachment":[{"href":"https:\/\/www.eldigitaldeasturias.com\/noticias\/wp-json\/wp\/v2\/media?parent=1057329"}],"wp:term":[{"taxonomy":"category","embeddable":true,"href":"https:\/\/www.eldigitaldeasturias.com\/noticias\/wp-json\/wp\/v2\/categories?post=1057329"},{"taxonomy":"post_tag","embeddable":true,"href":"https:\/\/www.eldigitaldeasturias.com\/noticias\/wp-json\/wp\/v2\/tags?post=1057329"}],"curies":[{"name":"wp","href":"https:\/\/api.w.org\/{rel}","templated":true}]}}