{"id":1057321,"date":"2020-02-10T21:49:55","date_gmt":"2020-02-10T21:49:55","guid":{"rendered":"https:\/\/www.eldigitaldeasturias.com\/noticias\/?p=1057321"},"modified":"2020-02-10T21:49:55","modified_gmt":"2020-02-10T21:49:55","slug":"el-bayern-munich-celebra-el-regreso-de-hernandez-y-coman","status":"publish","type":"post","link":"https:\/\/www.eldigitaldeasturias.com\/noticias\/el-bayern-munich-celebra-el-regreso-de-hernandez-y-coman\/","title":{"rendered":"El Bayern M\u00fanich celebra el regreso de Hern\u00e1ndez y Coman"},"content":{"rendered":"<figure id=\"attachment_1057322\" aria-describedby=\"caption-attachment-1057322\" style=\"width: 360px\" class=\"wp-caption alignleft\"><img loading=\"lazy\" decoding=\"async\" class=\"size-medium wp-image-1057322\" src=\"https:\/\/www.eldigitaldeasturias.com\/noticias\/wp-content\/uploads\/2020\/02\/Coman-dpa-360x254.jpg\" alt=\"\" width=\"360\" height=\"254\" srcset=\"https:\/\/www.eldigitaldeasturias.com\/noticias\/wp-content\/uploads\/2020\/02\/Coman-dpa-360x254.jpg 360w, https:\/\/www.eldigitaldeasturias.com\/noticias\/wp-content\/uploads\/2020\/02\/Coman-dpa-681x480.jpg 681w, https:\/\/www.eldigitaldeasturias.com\/noticias\/wp-content\/uploads\/2020\/02\/Coman-dpa-425x300.jpg 425w, https:\/\/www.eldigitaldeasturias.com\/noticias\/wp-content\/uploads\/2020\/02\/Coman-dpa-768x541.jpg 768w, https:\/\/www.eldigitaldeasturias.com\/noticias\/wp-content\/uploads\/2020\/02\/Coman-dpa.jpg 946w\" sizes=\"auto, (max-width: 360px) 100vw, 360px\" \/><figcaption id=\"caption-attachment-1057322\" class=\"wp-caption-text\">Foto: Matthias Balk\/dpa<\/figcaption><\/figure>\n<p>M\u00fanich, 10 feb (dpa) &#8211; Tras las breves incursiones de los franceses Lucas Hern\u00e1ndez y Kingsley Coman en el partido del Bayern M\u00fanich ante el Leipzig el domingo, el director deportivo del club b\u00e1varo, Hasan Salihamidzic, se mostr\u00f3 hoy aliviado con respecto al futuro pr\u00f3ximo.<\/p>\n<p>\u00abSon jugadores importantes que no nos podemos dar el lujo de perder\u00bb, dijo Salihamidzic tras el empate 0-0 en el encuentro m\u00e1s importante de la decimoprimera fecha de la Bundesliga y con vistas a la defensa del t\u00edtulo y a la pelea por la Copa de Alemana y la Liga de Campeones del m\u00faltiple campe\u00f3n alem\u00e1n.<\/p>\n<p>Tras sufrir una lesi\u00f3n de tobillo en octubre, Hern\u00e1ndez jug\u00f3 los \u00faltimos 23 minutos en el centro defensivo y tambi\u00e9n Coman regres\u00f3 al campo de juego pocos minutos antes del final. El extremo franc\u00e9s ven\u00eda de una baja de dos meses por un desgarro en la c\u00e1psula articular de la rodilla izquierda.<\/p>\n<p>\u00abLucas estuvo bien. Me alegro de que haya vuelto. Ahora necesita ponerse en buen estado f\u00edsico y tener pr\u00e1ctica de juego, al igual que King (Kingsley Coman) y Serge (Gnabry). Los necesitamos en plena forma para afrontar las semanas m\u00e1s importantes\u00bb, destac\u00f3 Salihamidzic.<\/p>\n<p>El internacional Gnabry tambi\u00e9n carece de su mejor forma tras un problema en el tend\u00f3n de Aquiles. \u00abNuestros extremos son muy importantes para nuestro sistema\u00bb, subray\u00f3 el director deportivo.<\/p>\n<p>Ivan Perisic, que se rompi\u00f3 el tobillo en el entrenamiento la semana pasada, est\u00e1 actualmente fuera del torneo.<\/p>\n<p>\u00abKing es muy importante para este equipo, es un jugador que puede marcar la diferencia. Ahora tiene trabajar. \u00c9l sabe lo que est\u00e1 en juego y que tiene que ponerse en forma r\u00e1pidamente\u00bb, acot\u00f3 Salihamidzic.<\/p>\n<p>A fines de febrero, el Bayern M\u00fanich se enfrentar\u00e1 al Chelsea en la primera ronda de los octavos de final de la Liga de Campeones.<\/p>\n","protected":false},"excerpt":{"rendered":"<p>M\u00fanich, 10 feb (dpa) &#8211; Tras las breves incursiones de los franceses Lucas Hern\u00e1ndez y Kingsley Coman en el partido del Bayern M\u00fanich ante el Leipzig el domingo, el director deportivo del club b\u00e1varo, Hasan Salihamidzic, se mostr\u00f3 hoy aliviado con respecto al futuro pr\u00f3ximo. \u00abSon jugadores importantes que no nos podemos dar el lujo [&hellip;]<\/p>\n","protected":false},"author":1,"featured_media":1057322,"comment_status":"closed","ping_status":"closed","sticky":false,"template":"","format":"standard","meta":{"footnotes":""},"categories":[190],"tags":[],"class_list":["post-1057321","post","type-post","status-publish","format-standard","has-post-thumbnail","hentry","category-deportes"],"aioseo_notices":[],"aioseo_head":"\n\t\t<!-- All in One SEO Pro 4.9.6.2 - aioseo.com -->\n\t<meta name=\"description\" content=\"M\u00fanich, 10 feb (dpa) - Tras las breves incursiones de los franceses Lucas Hern\u00e1ndez y Kingsley Coman en el partido del Bayern M\u00fanich ante el Leipzig el domingo, el director deportivo del club b\u00e1varo, Hasan Salihamidzic, se mostr\u00f3 hoy aliviado con respecto al futuro pr\u00f3ximo. &quot;Son jugadores importantes que no nos podemos dar el lujo\" \/>\n\t<meta name=\"robots\" content=\"max-image-preview:large\" \/>\n\t<meta name=\"author\" content=\"El Digital de Asturias\"\/>\n\t<meta name=\"google-site-verification\" content=\"UA-38556648-1\" \/>\n\t<meta name=\"msvalidate.01\" content=\"7dfe9f3f1b24437ab69f4f2559babe99\" \/>\n\t<meta name=\"keywords\" content=\"deportes\" \/>\n\t<link rel=\"canonical\" href=\"https:\/\/www.eldigitaldeasturias.com\/noticias\/el-bayern-munich-celebra-el-regreso-de-hernandez-y-coman\/\" \/>\n\t<meta name=\"generator\" content=\"All in One SEO Pro (AIOSEO) 4.9.6.2\" \/>\n\t\t<meta property=\"og:locale\" content=\"es_ES\" \/>\n\t\t<meta property=\"og:site_name\" content=\"El Digital de Asturias\" \/>\n\t\t<meta property=\"og:type\" content=\"article\" \/>\n\t\t<meta property=\"og:title\" content=\"El Bayern M\u00fanich celebra el regreso de Hern\u00e1ndez y Coman - El Digital de Asturias\" \/>\n\t\t<meta property=\"og:description\" content=\"M\u00fanich, 10 feb (dpa) - Tras las breves incursiones de los franceses Lucas Hern\u00e1ndez y Kingsley Coman en el partido del Bayern M\u00fanich ante el Leipzig el domingo, el director deportivo del club b\u00e1varo, Hasan Salihamidzic, se mostr\u00f3 hoy aliviado con respecto al futuro pr\u00f3ximo. &quot;Son jugadores importantes que no nos podemos dar el lujo\" \/>\n\t\t<meta property=\"og:url\" content=\"https:\/\/www.eldigitaldeasturias.com\/noticias\/el-bayern-munich-celebra-el-regreso-de-hernandez-y-coman\/\" \/>\n\t\t<meta property=\"og:image\" content=\"https:\/\/www.eldigitaldeasturias.com\/noticias\/wp-content\/uploads\/2020\/02\/Coman-dpa.jpg\" \/>\n\t\t<meta property=\"og:image:secure_url\" content=\"https:\/\/www.eldigitaldeasturias.com\/noticias\/wp-content\/uploads\/2020\/02\/Coman-dpa.jpg\" \/>\n\t\t<meta property=\"og:image:width\" content=\"946\" \/>\n\t\t<meta property=\"og:image:height\" content=\"667\" \/>\n\t\t<meta property=\"article:tag\" content=\"deportes\" \/>\n\t\t<meta property=\"article:published_time\" content=\"2020-02-10T21:49:55+00:00\" \/>\n\t\t<meta property=\"article:modified_time\" content=\"2020-02-10T21:49:55+00:00\" \/>\n\t\t<meta property=\"article:publisher\" content=\"https:\/\/facebook.com\/eldigitaldeasturias\" \/>\n\t\t<meta name=\"twitter:card\" content=\"summary_large_image\" \/>\n\t\t<meta name=\"twitter:title\" content=\"El Bayern M\u00fanich celebra el regreso de Hern\u00e1ndez y Coman - El Digital de Asturias\" \/>\n\t\t<meta name=\"twitter:description\" content=\"M\u00fanich, 10 feb (dpa) - Tras las breves incursiones de los franceses Lucas Hern\u00e1ndez y Kingsley Coman en el partido del Bayern M\u00fanich ante el Leipzig el domingo, el director deportivo del club b\u00e1varo, Hasan Salihamidzic, se mostr\u00f3 hoy aliviado con respecto al futuro pr\u00f3ximo. &quot;Son jugadores importantes que no nos podemos dar el lujo\" \/>\n\t\t<meta name=\"twitter:image\" content=\"https:\/\/www.eldigitaldeasturias.com\/noticias\/wp-content\/uploads\/2020\/02\/Coman-dpa.jpg\" \/>\n\t\t<meta name=\"twitter:label1\" content=\"Escrito por\" \/>\n\t\t<meta name=\"twitter:data1\" content=\"El Digital de Asturias\" \/>\n\t\t<meta name=\"twitter:label2\" content=\"Tiempo de lectura estimado\" \/>\n\t\t<meta name=\"twitter:data2\" content=\"2 minutos\" \/>\n\t\t<script type=\"application\/ld+json\" class=\"aioseo-schema\">\n\t\t\t{\"@context\":\"https:\\\/\\\/schema.org\",\"@graph\":[{\"@type\":\"BlogPosting\",\"@id\":\"https:\\\/\\\/www.eldigitaldeasturias.com\\\/noticias\\\/el-bayern-munich-celebra-el-regreso-de-hernandez-y-coman\\\/#blogposting\",\"name\":\"El Bayern M\\u00fanich celebra el regreso de Hern\\u00e1ndez y Coman - El Digital de Asturias\",\"headline\":\"El Bayern M\\u00fanich celebra el regreso de Hern\\u00e1ndez y Coman\",\"author\":{\"@id\":\"https:\\\/\\\/www.eldigitaldeasturias.com\\\/noticias\\\/author\\\/admin\\\/#author\"},\"publisher\":{\"@id\":\"https:\\\/\\\/www.eldigitaldeasturias.com\\\/noticias\\\/#organization\"},\"image\":{\"@type\":\"ImageObject\",\"url\":\"https:\\\/\\\/www.eldigitaldeasturias.com\\\/noticias\\\/wp-content\\\/uploads\\\/2020\\\/02\\\/Coman-dpa.jpg\",\"width\":946,\"height\":667,\"caption\":\"Foto: Matthias Balk\\\/dpa\"},\"datePublished\":\"2020-02-10T21:49:55+01:00\",\"dateModified\":\"2020-02-10T21:49:55+01:00\",\"inLanguage\":\"es-ES\",\"mainEntityOfPage\":{\"@id\":\"https:\\\/\\\/www.eldigitaldeasturias.com\\\/noticias\\\/el-bayern-munich-celebra-el-regreso-de-hernandez-y-coman\\\/#webpage\"},\"isPartOf\":{\"@id\":\"https:\\\/\\\/www.eldigitaldeasturias.com\\\/noticias\\\/el-bayern-munich-celebra-el-regreso-de-hernandez-y-coman\\\/#webpage\"},\"articleSection\":\"Deportes\"},{\"@type\":\"BreadcrumbList\",\"@id\":\"https:\\\/\\\/www.eldigitaldeasturias.com\\\/noticias\\\/el-bayern-munich-celebra-el-regreso-de-hernandez-y-coman\\\/#breadcrumblist\",\"itemListElement\":[{\"@type\":\"ListItem\",\"@id\":\"https:\\\/\\\/www.eldigitaldeasturias.com\\\/noticias#listItem\",\"position\":1,\"name\":\"Home\",\"item\":\"https:\\\/\\\/www.eldigitaldeasturias.com\\\/noticias\",\"nextItem\":{\"@type\":\"ListItem\",\"@id\":\"https:\\\/\\\/www.eldigitaldeasturias.com\\\/noticias\\\/category\\\/deportes\\\/#listItem\",\"name\":\"Deportes\"}},{\"@type\":\"ListItem\",\"@id\":\"https:\\\/\\\/www.eldigitaldeasturias.com\\\/noticias\\\/category\\\/deportes\\\/#listItem\",\"position\":2,\"name\":\"Deportes\",\"item\":\"https:\\\/\\\/www.eldigitaldeasturias.com\\\/noticias\\\/category\\\/deportes\\\/\",\"nextItem\":{\"@type\":\"ListItem\",\"@id\":\"https:\\\/\\\/www.eldigitaldeasturias.com\\\/noticias\\\/el-bayern-munich-celebra-el-regreso-de-hernandez-y-coman\\\/#listItem\",\"name\":\"El Bayern M\\u00fanich celebra el regreso de Hern\\u00e1ndez y Coman\"},\"previousItem\":{\"@type\":\"ListItem\",\"@id\":\"https:\\\/\\\/www.eldigitaldeasturias.com\\\/noticias#listItem\",\"name\":\"Home\"}},{\"@type\":\"ListItem\",\"@id\":\"https:\\\/\\\/www.eldigitaldeasturias.com\\\/noticias\\\/el-bayern-munich-celebra-el-regreso-de-hernandez-y-coman\\\/#listItem\",\"position\":3,\"name\":\"El Bayern M\\u00fanich celebra el regreso de Hern\\u00e1ndez y Coman\",\"previousItem\":{\"@type\":\"ListItem\",\"@id\":\"https:\\\/\\\/www.eldigitaldeasturias.com\\\/noticias\\\/category\\\/deportes\\\/#listItem\",\"name\":\"Deportes\"}}]},{\"@type\":\"Organization\",\"@id\":\"https:\\\/\\\/www.eldigitaldeasturias.com\\\/noticias\\\/#organization\",\"name\":\"El Digital de Asturias\",\"description\":\"Hemeroteca\",\"url\":\"https:\\\/\\\/www.eldigitaldeasturias.com\\\/noticias\\\/\",\"email\":\"info@eldigitaldeasturias.com\",\"telephone\":\"+34652131393\",\"logo\":{\"@type\":\"ImageObject\",\"url\":\"https:\\\/\\\/www.eldigitaldeasturias.com\\\/noticias\\\/wp-content\\\/uploads\\\/2020\\\/12\\\/EDA.jpg\",\"@id\":\"https:\\\/\\\/www.eldigitaldeasturias.com\\\/noticias\\\/el-bayern-munich-celebra-el-regreso-de-hernandez-y-coman\\\/#organizationLogo\",\"width\":649,\"height\":297},\"image\":{\"@id\":\"https:\\\/\\\/www.eldigitaldeasturias.com\\\/noticias\\\/el-bayern-munich-celebra-el-regreso-de-hernandez-y-coman\\\/#organizationLogo\"},\"sameAs\":[\"https:\\\/\\\/facebook.com\\\/eldigitaldeasturias\",\"https:\\\/\\\/www.youtube.com\\\/channel\\\/UCZP-2wLEB9Rv6erhFmqVnvg\"],\"address\":{\"@id\":\"https:\\\/\\\/www.eldigitaldeasturias.com\\\/noticias\\\/#postaladdress\",\"@type\":\"PostalAddress\",\"streetAddress\":\"san antonio 4,\",\"postalCode\":\"33430\",\"addressLocality\":\"Cand\\u00e1s\",\"addressRegion\":\"Asturias\",\"addressCountry\":\"ES\"}},{\"@type\":\"Person\",\"@id\":\"https:\\\/\\\/www.eldigitaldeasturias.com\\\/noticias\\\/author\\\/admin\\\/#author\",\"url\":\"https:\\\/\\\/www.eldigitaldeasturias.com\\\/noticias\\\/author\\\/admin\\\/\",\"name\":\"El Digital de Asturias\",\"image\":{\"@type\":\"ImageObject\",\"@id\":\"https:\\\/\\\/www.eldigitaldeasturias.com\\\/noticias\\\/el-bayern-munich-celebra-el-regreso-de-hernandez-y-coman\\\/#authorImage\",\"url\":\"https:\\\/\\\/www.eldigitaldeasturias.com\\\/noticias\\\/wp-content\\\/litespeed\\\/avatar\\\/18677e78aa0546b92d9dbf31ec7d7668.jpg?ver=1777290358\",\"width\":96,\"height\":96,\"caption\":\"El Digital de Asturias\"}},{\"@type\":\"WebPage\",\"@id\":\"https:\\\/\\\/www.eldigitaldeasturias.com\\\/noticias\\\/el-bayern-munich-celebra-el-regreso-de-hernandez-y-coman\\\/#webpage\",\"url\":\"https:\\\/\\\/www.eldigitaldeasturias.com\\\/noticias\\\/el-bayern-munich-celebra-el-regreso-de-hernandez-y-coman\\\/\",\"name\":\"El Bayern M\\u00fanich celebra el regreso de Hern\\u00e1ndez y Coman - El Digital de Asturias\",\"description\":\"M\\u00fanich, 10 feb (dpa) - Tras las breves incursiones de los franceses Lucas Hern\\u00e1ndez y Kingsley Coman en el partido del Bayern M\\u00fanich ante el Leipzig el domingo, el director deportivo del club b\\u00e1varo, Hasan Salihamidzic, se mostr\\u00f3 hoy aliviado con respecto al futuro pr\\u00f3ximo. \\\"Son jugadores importantes que no nos podemos dar el lujo\",\"inLanguage\":\"es-ES\",\"isPartOf\":{\"@id\":\"https:\\\/\\\/www.eldigitaldeasturias.com\\\/noticias\\\/#website\"},\"breadcrumb\":{\"@id\":\"https:\\\/\\\/www.eldigitaldeasturias.com\\\/noticias\\\/el-bayern-munich-celebra-el-regreso-de-hernandez-y-coman\\\/#breadcrumblist\"},\"author\":{\"@id\":\"https:\\\/\\\/www.eldigitaldeasturias.com\\\/noticias\\\/author\\\/admin\\\/#author\"},\"creator\":{\"@id\":\"https:\\\/\\\/www.eldigitaldeasturias.com\\\/noticias\\\/author\\\/admin\\\/#author\"},\"image\":{\"@type\":\"ImageObject\",\"url\":\"https:\\\/\\\/www.eldigitaldeasturias.com\\\/noticias\\\/wp-content\\\/uploads\\\/2020\\\/02\\\/Coman-dpa.jpg\",\"@id\":\"https:\\\/\\\/www.eldigitaldeasturias.com\\\/noticias\\\/el-bayern-munich-celebra-el-regreso-de-hernandez-y-coman\\\/#mainImage\",\"width\":946,\"height\":667,\"caption\":\"Foto: Matthias Balk\\\/dpa\"},\"primaryImageOfPage\":{\"@id\":\"https:\\\/\\\/www.eldigitaldeasturias.com\\\/noticias\\\/el-bayern-munich-celebra-el-regreso-de-hernandez-y-coman\\\/#mainImage\"},\"datePublished\":\"2020-02-10T21:49:55+01:00\",\"dateModified\":\"2020-02-10T21:49:55+01:00\"},{\"@type\":\"WebSite\",\"@id\":\"https:\\\/\\\/www.eldigitaldeasturias.com\\\/noticias\\\/#website\",\"url\":\"https:\\\/\\\/www.eldigitaldeasturias.com\\\/noticias\\\/\",\"name\":\"El Digital de Asturias - Diario de actualidad y noticias\",\"alternateName\":\"El Digital de Asturias - Diario de actualidad y noticias\",\"description\":\"Hemeroteca\",\"inLanguage\":\"es-ES\",\"publisher\":{\"@id\":\"https:\\\/\\\/www.eldigitaldeasturias.com\\\/noticias\\\/#organization\"}}]}\n\t\t<\/script>\n\t\t<!-- All in One SEO Pro -->\r\n\t\t<title>El Bayern M\u00fanich celebra el regreso de Hern\u00e1ndez y Coman - El Digital de Asturias<\/title>\n\n","aioseo_head_json":{"title":"El Bayern M\u00fanich celebra el regreso de Hern\u00e1ndez y Coman - El Digital de Asturias","description":"M\u00fanich, 10 feb (dpa) - Tras las breves incursiones de los franceses Lucas Hern\u00e1ndez y Kingsley Coman en el partido del Bayern M\u00fanich ante el Leipzig el domingo, el director deportivo del club b\u00e1varo, Hasan Salihamidzic, se mostr\u00f3 hoy aliviado con respecto al futuro pr\u00f3ximo. \"Son jugadores importantes que no nos podemos dar el lujo","canonical_url":"https:\/\/www.eldigitaldeasturias.com\/noticias\/el-bayern-munich-celebra-el-regreso-de-hernandez-y-coman\/","robots":"max-image-preview:large","keywords":"deportes","webmasterTools":{"google-site-verification":"UA-38556648-1","msvalidate.01":"7dfe9f3f1b24437ab69f4f2559babe99","miscellaneous":""},"schema":{"@context":"https:\/\/schema.org","@graph":[{"@type":"BlogPosting","@id":"https:\/\/www.eldigitaldeasturias.com\/noticias\/el-bayern-munich-celebra-el-regreso-de-hernandez-y-coman\/#blogposting","name":"El Bayern M\u00fanich celebra el regreso de Hern\u00e1ndez y Coman - El Digital de Asturias","headline":"El Bayern M\u00fanich celebra el regreso de Hern\u00e1ndez y Coman","author":{"@id":"https:\/\/www.eldigitaldeasturias.com\/noticias\/author\/admin\/#author"},"publisher":{"@id":"https:\/\/www.eldigitaldeasturias.com\/noticias\/#organization"},"image":{"@type":"ImageObject","url":"https:\/\/www.eldigitaldeasturias.com\/noticias\/wp-content\/uploads\/2020\/02\/Coman-dpa.jpg","width":946,"height":667,"caption":"Foto: Matthias Balk\/dpa"},"datePublished":"2020-02-10T21:49:55+01:00","dateModified":"2020-02-10T21:49:55+01:00","inLanguage":"es-ES","mainEntityOfPage":{"@id":"https:\/\/www.eldigitaldeasturias.com\/noticias\/el-bayern-munich-celebra-el-regreso-de-hernandez-y-coman\/#webpage"},"isPartOf":{"@id":"https:\/\/www.eldigitaldeasturias.com\/noticias\/el-bayern-munich-celebra-el-regreso-de-hernandez-y-coman\/#webpage"},"articleSection":"Deportes"},{"@type":"BreadcrumbList","@id":"https:\/\/www.eldigitaldeasturias.com\/noticias\/el-bayern-munich-celebra-el-regreso-de-hernandez-y-coman\/#breadcrumblist","itemListElement":[{"@type":"ListItem","@id":"https:\/\/www.eldigitaldeasturias.com\/noticias#listItem","position":1,"name":"Home","item":"https:\/\/www.eldigitaldeasturias.com\/noticias","nextItem":{"@type":"ListItem","@id":"https:\/\/www.eldigitaldeasturias.com\/noticias\/category\/deportes\/#listItem","name":"Deportes"}},{"@type":"ListItem","@id":"https:\/\/www.eldigitaldeasturias.com\/noticias\/category\/deportes\/#listItem","position":2,"name":"Deportes","item":"https:\/\/www.eldigitaldeasturias.com\/noticias\/category\/deportes\/","nextItem":{"@type":"ListItem","@id":"https:\/\/www.eldigitaldeasturias.com\/noticias\/el-bayern-munich-celebra-el-regreso-de-hernandez-y-coman\/#listItem","name":"El Bayern M\u00fanich celebra el regreso de Hern\u00e1ndez y Coman"},"previousItem":{"@type":"ListItem","@id":"https:\/\/www.eldigitaldeasturias.com\/noticias#listItem","name":"Home"}},{"@type":"ListItem","@id":"https:\/\/www.eldigitaldeasturias.com\/noticias\/el-bayern-munich-celebra-el-regreso-de-hernandez-y-coman\/#listItem","position":3,"name":"El Bayern M\u00fanich celebra el regreso de Hern\u00e1ndez y Coman","previousItem":{"@type":"ListItem","@id":"https:\/\/www.eldigitaldeasturias.com\/noticias\/category\/deportes\/#listItem","name":"Deportes"}}]},{"@type":"Organization","@id":"https:\/\/www.eldigitaldeasturias.com\/noticias\/#organization","name":"El Digital de Asturias","description":"Hemeroteca","url":"https:\/\/www.eldigitaldeasturias.com\/noticias\/","email":"info@eldigitaldeasturias.com","telephone":"+34652131393","logo":{"@type":"ImageObject","url":"https:\/\/www.eldigitaldeasturias.com\/noticias\/wp-content\/uploads\/2020\/12\/EDA.jpg","@id":"https:\/\/www.eldigitaldeasturias.com\/noticias\/el-bayern-munich-celebra-el-regreso-de-hernandez-y-coman\/#organizationLogo","width":649,"height":297},"image":{"@id":"https:\/\/www.eldigitaldeasturias.com\/noticias\/el-bayern-munich-celebra-el-regreso-de-hernandez-y-coman\/#organizationLogo"},"sameAs":["https:\/\/facebook.com\/eldigitaldeasturias","https:\/\/www.youtube.com\/channel\/UCZP-2wLEB9Rv6erhFmqVnvg"],"address":{"@id":"https:\/\/www.eldigitaldeasturias.com\/noticias\/#postaladdress","@type":"PostalAddress","streetAddress":"san antonio 4,","postalCode":"33430","addressLocality":"Cand\u00e1s","addressRegion":"Asturias","addressCountry":"ES"}},{"@type":"Person","@id":"https:\/\/www.eldigitaldeasturias.com\/noticias\/author\/admin\/#author","url":"https:\/\/www.eldigitaldeasturias.com\/noticias\/author\/admin\/","name":"El Digital de Asturias","image":{"@type":"ImageObject","@id":"https:\/\/www.eldigitaldeasturias.com\/noticias\/el-bayern-munich-celebra-el-regreso-de-hernandez-y-coman\/#authorImage","url":"https:\/\/www.eldigitaldeasturias.com\/noticias\/wp-content\/litespeed\/avatar\/18677e78aa0546b92d9dbf31ec7d7668.jpg?ver=1777290358","width":96,"height":96,"caption":"El Digital de Asturias"}},{"@type":"WebPage","@id":"https:\/\/www.eldigitaldeasturias.com\/noticias\/el-bayern-munich-celebra-el-regreso-de-hernandez-y-coman\/#webpage","url":"https:\/\/www.eldigitaldeasturias.com\/noticias\/el-bayern-munich-celebra-el-regreso-de-hernandez-y-coman\/","name":"El Bayern M\u00fanich celebra el regreso de Hern\u00e1ndez y Coman - El Digital de Asturias","description":"M\u00fanich, 10 feb (dpa) - Tras las breves incursiones de los franceses Lucas Hern\u00e1ndez y Kingsley Coman en el partido del Bayern M\u00fanich ante el Leipzig el domingo, el director deportivo del club b\u00e1varo, Hasan Salihamidzic, se mostr\u00f3 hoy aliviado con respecto al futuro pr\u00f3ximo. \"Son jugadores importantes que no nos podemos dar el lujo","inLanguage":"es-ES","isPartOf":{"@id":"https:\/\/www.eldigitaldeasturias.com\/noticias\/#website"},"breadcrumb":{"@id":"https:\/\/www.eldigitaldeasturias.com\/noticias\/el-bayern-munich-celebra-el-regreso-de-hernandez-y-coman\/#breadcrumblist"},"author":{"@id":"https:\/\/www.eldigitaldeasturias.com\/noticias\/author\/admin\/#author"},"creator":{"@id":"https:\/\/www.eldigitaldeasturias.com\/noticias\/author\/admin\/#author"},"image":{"@type":"ImageObject","url":"https:\/\/www.eldigitaldeasturias.com\/noticias\/wp-content\/uploads\/2020\/02\/Coman-dpa.jpg","@id":"https:\/\/www.eldigitaldeasturias.com\/noticias\/el-bayern-munich-celebra-el-regreso-de-hernandez-y-coman\/#mainImage","width":946,"height":667,"caption":"Foto: Matthias Balk\/dpa"},"primaryImageOfPage":{"@id":"https:\/\/www.eldigitaldeasturias.com\/noticias\/el-bayern-munich-celebra-el-regreso-de-hernandez-y-coman\/#mainImage"},"datePublished":"2020-02-10T21:49:55+01:00","dateModified":"2020-02-10T21:49:55+01:00"},{"@type":"WebSite","@id":"https:\/\/www.eldigitaldeasturias.com\/noticias\/#website","url":"https:\/\/www.eldigitaldeasturias.com\/noticias\/","name":"El Digital de Asturias - Diario de actualidad y noticias","alternateName":"El Digital de Asturias - Diario de actualidad y noticias","description":"Hemeroteca","inLanguage":"es-ES","publisher":{"@id":"https:\/\/www.eldigitaldeasturias.com\/noticias\/#organization"}}]},"og:locale":"es_ES","og:site_name":"El Digital de Asturias","og:type":"article","og:title":"El Bayern M\u00fanich celebra el regreso de Hern\u00e1ndez y Coman - El Digital de Asturias","og:description":"M\u00fanich, 10 feb (dpa) - Tras las breves incursiones de los franceses Lucas Hern\u00e1ndez y Kingsley Coman en el partido del Bayern M\u00fanich ante el Leipzig el domingo, el director deportivo del club b\u00e1varo, Hasan Salihamidzic, se mostr\u00f3 hoy aliviado con respecto al futuro pr\u00f3ximo. &quot;Son jugadores importantes que no nos podemos dar el lujo","og:url":"https:\/\/www.eldigitaldeasturias.com\/noticias\/el-bayern-munich-celebra-el-regreso-de-hernandez-y-coman\/","og:image":"https:\/\/www.eldigitaldeasturias.com\/noticias\/wp-content\/uploads\/2020\/02\/Coman-dpa.jpg","og:image:secure_url":"https:\/\/www.eldigitaldeasturias.com\/noticias\/wp-content\/uploads\/2020\/02\/Coman-dpa.jpg","og:image:width":946,"og:image:height":667,"article:tag":["deportes"],"article:published_time":"2020-02-10T21:49:55+00:00","article:modified_time":"2020-02-10T21:49:55+00:00","article:publisher":"https:\/\/facebook.com\/eldigitaldeasturias","twitter:card":"summary_large_image","twitter:title":"El Bayern M\u00fanich celebra el regreso de Hern\u00e1ndez y Coman - El Digital de Asturias","twitter:description":"M\u00fanich, 10 feb (dpa) - Tras las breves incursiones de los franceses Lucas Hern\u00e1ndez y Kingsley Coman en el partido del Bayern M\u00fanich ante el Leipzig el domingo, el director deportivo del club b\u00e1varo, Hasan Salihamidzic, se mostr\u00f3 hoy aliviado con respecto al futuro pr\u00f3ximo. &quot;Son jugadores importantes que no nos podemos dar el lujo","twitter:image":"https:\/\/www.eldigitaldeasturias.com\/noticias\/wp-content\/uploads\/2020\/02\/Coman-dpa.jpg","twitter:label1":"Escrito por","twitter:data1":"El Digital de Asturias","twitter:label2":"Tiempo de lectura estimado","twitter:data2":"2 minutos"},"aioseo_meta_data":{"post_id":"1057321","title":null,"description":null,"keywords":null,"keyphrases":null,"primary_term":null,"canonical_url":null,"og_title":null,"og_description":null,"og_object_type":"default","og_image_type":"default","og_image_url":null,"og_image_width":null,"og_image_height":null,"og_image_custom_url":null,"og_image_custom_fields":null,"og_video":null,"og_custom_url":null,"og_article_section":null,"og_article_tags":null,"twitter_use_og":false,"twitter_card":"default","twitter_image_type":"default","twitter_image_url":null,"twitter_image_custom_url":null,"twitter_image_custom_fields":null,"twitter_title":null,"twitter_description":null,"schema":{"blockGraphs":[],"customGraphs":[],"default":{"data":{"Article":[],"Course":[],"Dataset":[],"FAQPage":[],"Movie":[],"Person":[],"Product":[],"ProductReview":[],"Car":[],"Recipe":[],"Service":[],"SoftwareApplication":[],"WebPage":[]},"graphName":"","isEnabled":true},"graphs":[],"defaultGraph":"","defaultPostTypeGraph":""},"schema_type":null,"schema_type_options":null,"pillar_content":false,"robots_default":true,"robots_noindex":false,"robots_noarchive":false,"robots_nosnippet":false,"robots_nofollow":false,"robots_noimageindex":false,"robots_noodp":false,"robots_notranslate":false,"robots_max_snippet":null,"robots_max_videopreview":null,"robots_max_imagepreview":"large","priority":null,"frequency":null,"local_seo":null,"seo_analyzer_scan_date":"2025-10-31 01:32:27","breadcrumb_settings":null,"limit_modified_date":false,"open_ai":null,"ai":null,"created":"2020-12-21 10:55:34","updated":"2025-10-31 01:32:27"},"aioseo_breadcrumb":"<div class=\"aioseo-breadcrumbs\"><span class=\"aioseo-breadcrumb\">\n\t<a href=\"https:\/\/www.eldigitaldeasturias.com\/noticias\" title=\"Home\">Home<\/a>\n<\/span><span class=\"aioseo-breadcrumb-separator\">\u2013<\/span><span class=\"aioseo-breadcrumb\">\n\t<a href=\"https:\/\/www.eldigitaldeasturias.com\/noticias\/category\/deportes\/\" title=\"Deportes\">Deportes<\/a>\n<\/span><span class=\"aioseo-breadcrumb-separator\">\u2013<\/span><span class=\"aioseo-breadcrumb\">\n\t<a href=\"https:\/\/www.eldigitaldeasturias.com\/noticias\/el-bayern-munich-celebra-el-regreso-de-hernandez-y-coman\/\" title=\"El Bayern M\u00fanich celebra el regreso de Hern\u00e1ndez y Coman\">El Bayern M\u00fanich celebra el regreso de Hern\u00e1ndez y Coman<\/a>\n<\/span><\/div>","aioseo_breadcrumb_json":[{"label":"Home","link":"https:\/\/www.eldigitaldeasturias.com\/noticias"},{"label":"Deportes","link":"https:\/\/www.eldigitaldeasturias.com\/noticias\/category\/deportes\/"},{"label":"El Bayern M\u00fanich celebra el regreso de Hern\u00e1ndez y Coman","link":"https:\/\/www.eldigitaldeasturias.com\/noticias\/el-bayern-munich-celebra-el-regreso-de-hernandez-y-coman\/"}],"_links":{"self":[{"href":"https:\/\/www.eldigitaldeasturias.com\/noticias\/wp-json\/wp\/v2\/posts\/1057321","targetHints":{"allow":["GET"]}}],"collection":[{"href":"https:\/\/www.eldigitaldeasturias.com\/noticias\/wp-json\/wp\/v2\/posts"}],"about":[{"href":"https:\/\/www.eldigitaldeasturias.com\/noticias\/wp-json\/wp\/v2\/types\/post"}],"author":[{"embeddable":true,"href":"https:\/\/www.eldigitaldeasturias.com\/noticias\/wp-json\/wp\/v2\/users\/1"}],"replies":[{"embeddable":true,"href":"https:\/\/www.eldigitaldeasturias.com\/noticias\/wp-json\/wp\/v2\/comments?post=1057321"}],"version-history":[{"count":0,"href":"https:\/\/www.eldigitaldeasturias.com\/noticias\/wp-json\/wp\/v2\/posts\/1057321\/revisions"}],"wp:featuredmedia":[{"embeddable":true,"href":"https:\/\/www.eldigitaldeasturias.com\/noticias\/wp-json\/wp\/v2\/media\/1057322"}],"wp:attachment":[{"href":"https:\/\/www.eldigitaldeasturias.com\/noticias\/wp-json\/wp\/v2\/media?parent=1057321"}],"wp:term":[{"taxonomy":"category","embeddable":true,"href":"https:\/\/www.eldigitaldeasturias.com\/noticias\/wp-json\/wp\/v2\/categories?post=1057321"},{"taxonomy":"post_tag","embeddable":true,"href":"https:\/\/www.eldigitaldeasturias.com\/noticias\/wp-json\/wp\/v2\/tags?post=1057321"}],"curies":[{"name":"wp","href":"https:\/\/api.w.org\/{rel}","templated":true}]}}