{"id":1057262,"date":"2020-02-10T18:18:25","date_gmt":"2020-02-10T18:18:25","guid":{"rendered":"https:\/\/www.eldigitaldeasturias.com\/noticias\/?p=1057262"},"modified":"2020-02-10T18:18:25","modified_gmt":"2020-02-10T18:18:25","slug":"planas-la-cadena-agroalimentaria-necesita-transparencia","status":"publish","type":"post","link":"https:\/\/www.eldigitaldeasturias.com\/noticias\/planas-la-cadena-agroalimentaria-necesita-transparencia\/","title":{"rendered":"Planas: \u201cLa cadena agroalimentaria necesita transparencia\u201d"},"content":{"rendered":"<p><img loading=\"lazy\" decoding=\"async\" class=\"alignleft size-medium wp-image-1057263\" src=\"https:\/\/www.eldigitaldeasturias.com\/noticias\/wp-content\/uploads\/2020\/02\/100220-planas-360x239.jpg\" alt=\"\" width=\"360\" height=\"239\" srcset=\"https:\/\/www.eldigitaldeasturias.com\/noticias\/wp-content\/uploads\/2020\/02\/100220-planas-360x239.jpg 360w, https:\/\/www.eldigitaldeasturias.com\/noticias\/wp-content\/uploads\/2020\/02\/100220-planas-452x300.jpg 452w, https:\/\/www.eldigitaldeasturias.com\/noticias\/wp-content\/uploads\/2020\/02\/100220-planas.jpg 512w\" sizes=\"auto, (max-width: 360px) 100vw, 360px\" \/>El ministro de Agricultura, Pesca y Alimentaci\u00f3n, Luis Planas, ha participado en el acto de presentaci\u00f3n del Observatorio Financiero del Consejo General de Economistas, correspondiente al 3\u00ba cuatrimestre de 2019, que recopila las principales estad\u00edsticas publicadas, de forma sint\u00e9tica, para conocer la evoluci\u00f3n de la econom\u00eda espa\u00f1ola y los mercados financieros.<\/p>\n<p>En declaraciones a los medios, Luis Planas ha subrayado la necesidad de dotar de mayor trasparencia y equilibrio a la cadena agroalimentaria, como una de las principales medidas para paliar la situaci\u00f3n de muchos agricultores y ganaderos, que, en las recientes manifestaciones, han puesto de relieve los bajos precios y escasos m\u00e1rgenes que les afectan.<\/p>\n<p>El ministro Planas entiende que, en una econom\u00eda de mercado, resulta necesario identificar con qu\u00e9 m\u00e1rgenes funciona cada uno de los eslabones de la cadena de valor. Tambi\u00e9n ha pedido una reflexi\u00f3n colectiva a productores, industria y distribuci\u00f3n, que deben colaborar para lograr unas relaciones m\u00e1s justas, incluso los ciudadanos que, con sus decisiones de compra, tambi\u00e9n son un eslab\u00f3n fundamental en la cadena.<\/p>\n<p>Seg\u00fan ha recalcado, el Gobierno seguir\u00e1 trabajando para que agricultores y ganaderos puedan ver cumplidas sus leg\u00edtimas reivindicaciones, \u00abcuya soluci\u00f3n no es sencilla e implica la participaci\u00f3n de muchos actores y un importante esfuerzo negociador\u00bb.<\/p>\n<p>En este contexto, ma\u00f1ana tendr\u00e1 lugar la reuni\u00f3n del Observatorio de precios de la cadena, que se va a centrar en el an\u00e1lisis de dos sectores especialmente afectados, como son aceite de oliva y frutas y hortalizas. Y a lo largo de esta semana el ministro se reunir\u00e1 con la Federaci\u00f3n de InFIAB, las comunidades aut\u00f3nomas, Uni\u00f3n de Uniones, los productores de frutas y hortalizas y compa\u00f1\u00edas de la distribuci\u00f3n, para ir completando la agenda de encuentros y lograr unos precios m\u00e1s elevados, evitar la volatilidad y fomentar el reconocimiento social del sector primario.<\/p>\n<p>El ministro ha destacado la preocupaci\u00f3n del Gobierno por la agricultura familiar y profesional, que constituye \u00abla inmensa clase media de la agricultura espa\u00f1ola\u00bb. Ha puntualizado que \u00abhay agricultores que lo est\u00e1n pasando peor, a los que tenemos que ayudar\u00bb.<\/p>\n<p>Tambi\u00e9n ha apuntado las buenas perspectivas que tiene el sector agroalimentario espa\u00f1ol, y ha pedido un esfuerzo conjunto para afrontar los retos de futuro, como mejorar la capacidad competitiva y la introducci\u00f3n de la innovaci\u00f3n y el desarrollo tecnol\u00f3gico.<\/p>\n<h3>Reforma de la PAC<\/h3>\n<p>Por otra parte, Planas ha puesto de relieve el papel esencial de la Pol\u00edtica Agr\u00edcola Com\u00fan (PAC) para que los productores puedan mantener una actividad rentable, a trav\u00e9s de ayudas e inversiones que contribuyan a mejorar su competitividad.<\/p>\n<p>La PAC supone el 61 % de todos los fondos comunitarios que percibe Espa\u00f1a y la pretensi\u00f3n de Espa\u00f1a es mantener los fondos del periodo anterior, con el objetivo de que puedan adaptarse con garant\u00edas a una agricultura m\u00e1s innovadora, orientada al mercado y sostenible, sobre todo teniendo en cuenta su mayor ambici\u00f3n ambiental. Para Espa\u00f1a, el mantenimiento del presupuesto de la PAC es una cuesti\u00f3n de Estado.<\/p>\n<p>&nbsp;<\/p>\n","protected":false},"excerpt":{"rendered":"<p>El ministro de Agricultura, Pesca y Alimentaci\u00f3n, Luis Planas, ha participado en el acto de presentaci\u00f3n del Observatorio Financiero del Consejo General de Economistas, correspondiente al 3\u00ba cuatrimestre de 2019, que recopila las principales estad\u00edsticas publicadas, de forma sint\u00e9tica, para conocer la evoluci\u00f3n de la econom\u00eda espa\u00f1ola y los mercados financieros. En declaraciones a los [&hellip;]<\/p>\n","protected":false},"author":1,"featured_media":1057263,"comment_status":"closed","ping_status":"closed","sticky":false,"template":"","format":"standard","meta":{"footnotes":""},"categories":[187],"tags":[],"class_list":["post-1057262","post","type-post","status-publish","format-standard","has-post-thumbnail","hentry","category-economia"],"aioseo_notices":[],"aioseo_head":"\n\t\t<!-- All in One SEO Pro 4.9.6.2 - aioseo.com -->\n\t<meta name=\"description\" content=\"El ministro de Agricultura, Pesca y Alimentaci\u00f3n, Luis Planas, ha participado en el acto de presentaci\u00f3n del Observatorio Financiero del Consejo General de Economistas, correspondiente al 3\u00ba cuatrimestre de 2019, que recopila las principales estad\u00edsticas publicadas, de forma sint\u00e9tica, para conocer la evoluci\u00f3n de la econom\u00eda espa\u00f1ola y los mercados financieros. En declaraciones a los\" \/>\n\t<meta name=\"robots\" content=\"max-image-preview:large\" \/>\n\t<meta name=\"author\" content=\"El Digital de Asturias\"\/>\n\t<meta name=\"google-site-verification\" content=\"UA-38556648-1\" \/>\n\t<meta name=\"msvalidate.01\" content=\"7dfe9f3f1b24437ab69f4f2559babe99\" \/>\n\t<meta name=\"keywords\" content=\"econom\u00eda\" \/>\n\t<link rel=\"canonical\" href=\"https:\/\/www.eldigitaldeasturias.com\/noticias\/planas-la-cadena-agroalimentaria-necesita-transparencia\/\" \/>\n\t<meta name=\"generator\" content=\"All in One SEO Pro (AIOSEO) 4.9.6.2\" \/>\n\t\t<meta property=\"og:locale\" content=\"es_ES\" \/>\n\t\t<meta property=\"og:site_name\" content=\"El Digital de Asturias\" \/>\n\t\t<meta property=\"og:type\" content=\"article\" \/>\n\t\t<meta property=\"og:title\" content=\"Planas: \u201cLa cadena agroalimentaria necesita transparencia\u201d - El Digital de Asturias\" \/>\n\t\t<meta property=\"og:description\" content=\"El ministro de Agricultura, Pesca y Alimentaci\u00f3n, Luis Planas, ha participado en el acto de presentaci\u00f3n del Observatorio Financiero del Consejo General de Economistas, correspondiente al 3\u00ba cuatrimestre de 2019, que recopila las principales estad\u00edsticas publicadas, de forma sint\u00e9tica, para conocer la evoluci\u00f3n de la econom\u00eda espa\u00f1ola y los mercados financieros. En declaraciones a los\" \/>\n\t\t<meta property=\"og:url\" content=\"https:\/\/www.eldigitaldeasturias.com\/noticias\/planas-la-cadena-agroalimentaria-necesita-transparencia\/\" \/>\n\t\t<meta property=\"og:image\" content=\"https:\/\/www.eldigitaldeasturias.com\/noticias\/wp-content\/uploads\/2020\/02\/100220-planas.jpg\" \/>\n\t\t<meta property=\"og:image:secure_url\" content=\"https:\/\/www.eldigitaldeasturias.com\/noticias\/wp-content\/uploads\/2020\/02\/100220-planas.jpg\" \/>\n\t\t<meta property=\"og:image:width\" content=\"512\" \/>\n\t\t<meta property=\"og:image:height\" content=\"340\" \/>\n\t\t<meta property=\"article:tag\" content=\"econom\u00eda\" \/>\n\t\t<meta property=\"article:published_time\" content=\"2020-02-10T18:18:25+00:00\" \/>\n\t\t<meta property=\"article:modified_time\" content=\"2020-02-10T18:18:25+00:00\" \/>\n\t\t<meta property=\"article:publisher\" content=\"https:\/\/facebook.com\/eldigitaldeasturias\" \/>\n\t\t<meta name=\"twitter:card\" content=\"summary_large_image\" \/>\n\t\t<meta name=\"twitter:title\" content=\"Planas: \u201cLa cadena agroalimentaria necesita transparencia\u201d - El Digital de Asturias\" \/>\n\t\t<meta name=\"twitter:description\" content=\"El ministro de Agricultura, Pesca y Alimentaci\u00f3n, Luis Planas, ha participado en el acto de presentaci\u00f3n del Observatorio Financiero del Consejo General de Economistas, correspondiente al 3\u00ba cuatrimestre de 2019, que recopila las principales estad\u00edsticas publicadas, de forma sint\u00e9tica, para conocer la evoluci\u00f3n de la econom\u00eda espa\u00f1ola y los mercados financieros. En declaraciones a los\" \/>\n\t\t<meta name=\"twitter:image\" content=\"https:\/\/www.eldigitaldeasturias.com\/noticias\/wp-content\/uploads\/2020\/02\/100220-planas.jpg\" \/>\n\t\t<meta name=\"twitter:label1\" content=\"Escrito por\" \/>\n\t\t<meta name=\"twitter:data1\" content=\"El Digital de Asturias\" \/>\n\t\t<meta name=\"twitter:label2\" content=\"Tiempo de lectura estimado\" \/>\n\t\t<meta name=\"twitter:data2\" content=\"3 minutos\" \/>\n\t\t<script type=\"application\/ld+json\" class=\"aioseo-schema\">\n\t\t\t{\"@context\":\"https:\\\/\\\/schema.org\",\"@graph\":[{\"@type\":\"BlogPosting\",\"@id\":\"https:\\\/\\\/www.eldigitaldeasturias.com\\\/noticias\\\/planas-la-cadena-agroalimentaria-necesita-transparencia\\\/#blogposting\",\"name\":\"Planas: \\u201cLa cadena agroalimentaria necesita transparencia\\u201d - El Digital de Asturias\",\"headline\":\"Planas: \\u201cLa cadena agroalimentaria necesita transparencia\\u201d\",\"author\":{\"@id\":\"https:\\\/\\\/www.eldigitaldeasturias.com\\\/noticias\\\/author\\\/admin\\\/#author\"},\"publisher\":{\"@id\":\"https:\\\/\\\/www.eldigitaldeasturias.com\\\/noticias\\\/#organization\"},\"image\":{\"@type\":\"ImageObject\",\"url\":\"https:\\\/\\\/www.eldigitaldeasturias.com\\\/noticias\\\/wp-content\\\/uploads\\\/2020\\\/02\\\/100220-planas.jpg\",\"width\":512,\"height\":340},\"datePublished\":\"2020-02-10T18:18:25+01:00\",\"dateModified\":\"2020-02-10T18:18:25+01:00\",\"inLanguage\":\"es-ES\",\"mainEntityOfPage\":{\"@id\":\"https:\\\/\\\/www.eldigitaldeasturias.com\\\/noticias\\\/planas-la-cadena-agroalimentaria-necesita-transparencia\\\/#webpage\"},\"isPartOf\":{\"@id\":\"https:\\\/\\\/www.eldigitaldeasturias.com\\\/noticias\\\/planas-la-cadena-agroalimentaria-necesita-transparencia\\\/#webpage\"},\"articleSection\":\"Econom\\u00eda\"},{\"@type\":\"BreadcrumbList\",\"@id\":\"https:\\\/\\\/www.eldigitaldeasturias.com\\\/noticias\\\/planas-la-cadena-agroalimentaria-necesita-transparencia\\\/#breadcrumblist\",\"itemListElement\":[{\"@type\":\"ListItem\",\"@id\":\"https:\\\/\\\/www.eldigitaldeasturias.com\\\/noticias#listItem\",\"position\":1,\"name\":\"Home\",\"item\":\"https:\\\/\\\/www.eldigitaldeasturias.com\\\/noticias\",\"nextItem\":{\"@type\":\"ListItem\",\"@id\":\"https:\\\/\\\/www.eldigitaldeasturias.com\\\/noticias\\\/category\\\/economia\\\/#listItem\",\"name\":\"Econom\\u00eda\"}},{\"@type\":\"ListItem\",\"@id\":\"https:\\\/\\\/www.eldigitaldeasturias.com\\\/noticias\\\/category\\\/economia\\\/#listItem\",\"position\":2,\"name\":\"Econom\\u00eda\",\"item\":\"https:\\\/\\\/www.eldigitaldeasturias.com\\\/noticias\\\/category\\\/economia\\\/\",\"nextItem\":{\"@type\":\"ListItem\",\"@id\":\"https:\\\/\\\/www.eldigitaldeasturias.com\\\/noticias\\\/planas-la-cadena-agroalimentaria-necesita-transparencia\\\/#listItem\",\"name\":\"Planas: \\u201cLa cadena agroalimentaria necesita transparencia\\u201d\"},\"previousItem\":{\"@type\":\"ListItem\",\"@id\":\"https:\\\/\\\/www.eldigitaldeasturias.com\\\/noticias#listItem\",\"name\":\"Home\"}},{\"@type\":\"ListItem\",\"@id\":\"https:\\\/\\\/www.eldigitaldeasturias.com\\\/noticias\\\/planas-la-cadena-agroalimentaria-necesita-transparencia\\\/#listItem\",\"position\":3,\"name\":\"Planas: \\u201cLa cadena agroalimentaria necesita transparencia\\u201d\",\"previousItem\":{\"@type\":\"ListItem\",\"@id\":\"https:\\\/\\\/www.eldigitaldeasturias.com\\\/noticias\\\/category\\\/economia\\\/#listItem\",\"name\":\"Econom\\u00eda\"}}]},{\"@type\":\"Organization\",\"@id\":\"https:\\\/\\\/www.eldigitaldeasturias.com\\\/noticias\\\/#organization\",\"name\":\"El Digital de Asturias\",\"description\":\"Hemeroteca\",\"url\":\"https:\\\/\\\/www.eldigitaldeasturias.com\\\/noticias\\\/\",\"email\":\"info@eldigitaldeasturias.com\",\"telephone\":\"+34652131393\",\"logo\":{\"@type\":\"ImageObject\",\"url\":\"https:\\\/\\\/www.eldigitaldeasturias.com\\\/noticias\\\/wp-content\\\/uploads\\\/2020\\\/12\\\/EDA.jpg\",\"@id\":\"https:\\\/\\\/www.eldigitaldeasturias.com\\\/noticias\\\/planas-la-cadena-agroalimentaria-necesita-transparencia\\\/#organizationLogo\",\"width\":649,\"height\":297},\"image\":{\"@id\":\"https:\\\/\\\/www.eldigitaldeasturias.com\\\/noticias\\\/planas-la-cadena-agroalimentaria-necesita-transparencia\\\/#organizationLogo\"},\"sameAs\":[\"https:\\\/\\\/facebook.com\\\/eldigitaldeasturias\",\"https:\\\/\\\/www.youtube.com\\\/channel\\\/UCZP-2wLEB9Rv6erhFmqVnvg\"],\"address\":{\"@id\":\"https:\\\/\\\/www.eldigitaldeasturias.com\\\/noticias\\\/#postaladdress\",\"@type\":\"PostalAddress\",\"streetAddress\":\"san antonio 4,\",\"postalCode\":\"33430\",\"addressLocality\":\"Cand\\u00e1s\",\"addressRegion\":\"Asturias\",\"addressCountry\":\"ES\"}},{\"@type\":\"Person\",\"@id\":\"https:\\\/\\\/www.eldigitaldeasturias.com\\\/noticias\\\/author\\\/admin\\\/#author\",\"url\":\"https:\\\/\\\/www.eldigitaldeasturias.com\\\/noticias\\\/author\\\/admin\\\/\",\"name\":\"El Digital de Asturias\",\"image\":{\"@type\":\"ImageObject\",\"@id\":\"https:\\\/\\\/www.eldigitaldeasturias.com\\\/noticias\\\/planas-la-cadena-agroalimentaria-necesita-transparencia\\\/#authorImage\",\"url\":\"https:\\\/\\\/www.eldigitaldeasturias.com\\\/noticias\\\/wp-content\\\/litespeed\\\/avatar\\\/18677e78aa0546b92d9dbf31ec7d7668.jpg?ver=1777290358\",\"width\":96,\"height\":96,\"caption\":\"El Digital de Asturias\"}},{\"@type\":\"WebPage\",\"@id\":\"https:\\\/\\\/www.eldigitaldeasturias.com\\\/noticias\\\/planas-la-cadena-agroalimentaria-necesita-transparencia\\\/#webpage\",\"url\":\"https:\\\/\\\/www.eldigitaldeasturias.com\\\/noticias\\\/planas-la-cadena-agroalimentaria-necesita-transparencia\\\/\",\"name\":\"Planas: \\u201cLa cadena agroalimentaria necesita transparencia\\u201d - El Digital de Asturias\",\"description\":\"El ministro de Agricultura, Pesca y Alimentaci\\u00f3n, Luis Planas, ha participado en el acto de presentaci\\u00f3n del Observatorio Financiero del Consejo General de Economistas, correspondiente al 3\\u00ba cuatrimestre de 2019, que recopila las principales estad\\u00edsticas publicadas, de forma sint\\u00e9tica, para conocer la evoluci\\u00f3n de la econom\\u00eda espa\\u00f1ola y los mercados financieros. En declaraciones a los\",\"inLanguage\":\"es-ES\",\"isPartOf\":{\"@id\":\"https:\\\/\\\/www.eldigitaldeasturias.com\\\/noticias\\\/#website\"},\"breadcrumb\":{\"@id\":\"https:\\\/\\\/www.eldigitaldeasturias.com\\\/noticias\\\/planas-la-cadena-agroalimentaria-necesita-transparencia\\\/#breadcrumblist\"},\"author\":{\"@id\":\"https:\\\/\\\/www.eldigitaldeasturias.com\\\/noticias\\\/author\\\/admin\\\/#author\"},\"creator\":{\"@id\":\"https:\\\/\\\/www.eldigitaldeasturias.com\\\/noticias\\\/author\\\/admin\\\/#author\"},\"image\":{\"@type\":\"ImageObject\",\"url\":\"https:\\\/\\\/www.eldigitaldeasturias.com\\\/noticias\\\/wp-content\\\/uploads\\\/2020\\\/02\\\/100220-planas.jpg\",\"@id\":\"https:\\\/\\\/www.eldigitaldeasturias.com\\\/noticias\\\/planas-la-cadena-agroalimentaria-necesita-transparencia\\\/#mainImage\",\"width\":512,\"height\":340},\"primaryImageOfPage\":{\"@id\":\"https:\\\/\\\/www.eldigitaldeasturias.com\\\/noticias\\\/planas-la-cadena-agroalimentaria-necesita-transparencia\\\/#mainImage\"},\"datePublished\":\"2020-02-10T18:18:25+01:00\",\"dateModified\":\"2020-02-10T18:18:25+01:00\"},{\"@type\":\"WebSite\",\"@id\":\"https:\\\/\\\/www.eldigitaldeasturias.com\\\/noticias\\\/#website\",\"url\":\"https:\\\/\\\/www.eldigitaldeasturias.com\\\/noticias\\\/\",\"name\":\"El Digital de Asturias - Diario de actualidad y noticias\",\"alternateName\":\"El Digital de Asturias - Diario de actualidad y noticias\",\"description\":\"Hemeroteca\",\"inLanguage\":\"es-ES\",\"publisher\":{\"@id\":\"https:\\\/\\\/www.eldigitaldeasturias.com\\\/noticias\\\/#organization\"}}]}\n\t\t<\/script>\n\t\t<!-- All in One SEO Pro -->\r\n\t\t<title>Planas: \u201cLa cadena agroalimentaria necesita transparencia\u201d - El Digital de Asturias<\/title>\n\n","aioseo_head_json":{"title":"Planas: \u201cLa cadena agroalimentaria necesita transparencia\u201d - El Digital de Asturias","description":"El ministro de Agricultura, Pesca y Alimentaci\u00f3n, Luis Planas, ha participado en el acto de presentaci\u00f3n del Observatorio Financiero del Consejo General de Economistas, correspondiente al 3\u00ba cuatrimestre de 2019, que recopila las principales estad\u00edsticas publicadas, de forma sint\u00e9tica, para conocer la evoluci\u00f3n de la econom\u00eda espa\u00f1ola y los mercados financieros. En declaraciones a los","canonical_url":"https:\/\/www.eldigitaldeasturias.com\/noticias\/planas-la-cadena-agroalimentaria-necesita-transparencia\/","robots":"max-image-preview:large","keywords":"econom\u00eda","webmasterTools":{"google-site-verification":"UA-38556648-1","msvalidate.01":"7dfe9f3f1b24437ab69f4f2559babe99","miscellaneous":""},"schema":{"@context":"https:\/\/schema.org","@graph":[{"@type":"BlogPosting","@id":"https:\/\/www.eldigitaldeasturias.com\/noticias\/planas-la-cadena-agroalimentaria-necesita-transparencia\/#blogposting","name":"Planas: \u201cLa cadena agroalimentaria necesita transparencia\u201d - El Digital de Asturias","headline":"Planas: \u201cLa cadena agroalimentaria necesita transparencia\u201d","author":{"@id":"https:\/\/www.eldigitaldeasturias.com\/noticias\/author\/admin\/#author"},"publisher":{"@id":"https:\/\/www.eldigitaldeasturias.com\/noticias\/#organization"},"image":{"@type":"ImageObject","url":"https:\/\/www.eldigitaldeasturias.com\/noticias\/wp-content\/uploads\/2020\/02\/100220-planas.jpg","width":512,"height":340},"datePublished":"2020-02-10T18:18:25+01:00","dateModified":"2020-02-10T18:18:25+01:00","inLanguage":"es-ES","mainEntityOfPage":{"@id":"https:\/\/www.eldigitaldeasturias.com\/noticias\/planas-la-cadena-agroalimentaria-necesita-transparencia\/#webpage"},"isPartOf":{"@id":"https:\/\/www.eldigitaldeasturias.com\/noticias\/planas-la-cadena-agroalimentaria-necesita-transparencia\/#webpage"},"articleSection":"Econom\u00eda"},{"@type":"BreadcrumbList","@id":"https:\/\/www.eldigitaldeasturias.com\/noticias\/planas-la-cadena-agroalimentaria-necesita-transparencia\/#breadcrumblist","itemListElement":[{"@type":"ListItem","@id":"https:\/\/www.eldigitaldeasturias.com\/noticias#listItem","position":1,"name":"Home","item":"https:\/\/www.eldigitaldeasturias.com\/noticias","nextItem":{"@type":"ListItem","@id":"https:\/\/www.eldigitaldeasturias.com\/noticias\/category\/economia\/#listItem","name":"Econom\u00eda"}},{"@type":"ListItem","@id":"https:\/\/www.eldigitaldeasturias.com\/noticias\/category\/economia\/#listItem","position":2,"name":"Econom\u00eda","item":"https:\/\/www.eldigitaldeasturias.com\/noticias\/category\/economia\/","nextItem":{"@type":"ListItem","@id":"https:\/\/www.eldigitaldeasturias.com\/noticias\/planas-la-cadena-agroalimentaria-necesita-transparencia\/#listItem","name":"Planas: \u201cLa cadena agroalimentaria necesita transparencia\u201d"},"previousItem":{"@type":"ListItem","@id":"https:\/\/www.eldigitaldeasturias.com\/noticias#listItem","name":"Home"}},{"@type":"ListItem","@id":"https:\/\/www.eldigitaldeasturias.com\/noticias\/planas-la-cadena-agroalimentaria-necesita-transparencia\/#listItem","position":3,"name":"Planas: \u201cLa cadena agroalimentaria necesita transparencia\u201d","previousItem":{"@type":"ListItem","@id":"https:\/\/www.eldigitaldeasturias.com\/noticias\/category\/economia\/#listItem","name":"Econom\u00eda"}}]},{"@type":"Organization","@id":"https:\/\/www.eldigitaldeasturias.com\/noticias\/#organization","name":"El Digital de Asturias","description":"Hemeroteca","url":"https:\/\/www.eldigitaldeasturias.com\/noticias\/","email":"info@eldigitaldeasturias.com","telephone":"+34652131393","logo":{"@type":"ImageObject","url":"https:\/\/www.eldigitaldeasturias.com\/noticias\/wp-content\/uploads\/2020\/12\/EDA.jpg","@id":"https:\/\/www.eldigitaldeasturias.com\/noticias\/planas-la-cadena-agroalimentaria-necesita-transparencia\/#organizationLogo","width":649,"height":297},"image":{"@id":"https:\/\/www.eldigitaldeasturias.com\/noticias\/planas-la-cadena-agroalimentaria-necesita-transparencia\/#organizationLogo"},"sameAs":["https:\/\/facebook.com\/eldigitaldeasturias","https:\/\/www.youtube.com\/channel\/UCZP-2wLEB9Rv6erhFmqVnvg"],"address":{"@id":"https:\/\/www.eldigitaldeasturias.com\/noticias\/#postaladdress","@type":"PostalAddress","streetAddress":"san antonio 4,","postalCode":"33430","addressLocality":"Cand\u00e1s","addressRegion":"Asturias","addressCountry":"ES"}},{"@type":"Person","@id":"https:\/\/www.eldigitaldeasturias.com\/noticias\/author\/admin\/#author","url":"https:\/\/www.eldigitaldeasturias.com\/noticias\/author\/admin\/","name":"El Digital de Asturias","image":{"@type":"ImageObject","@id":"https:\/\/www.eldigitaldeasturias.com\/noticias\/planas-la-cadena-agroalimentaria-necesita-transparencia\/#authorImage","url":"https:\/\/www.eldigitaldeasturias.com\/noticias\/wp-content\/litespeed\/avatar\/18677e78aa0546b92d9dbf31ec7d7668.jpg?ver=1777290358","width":96,"height":96,"caption":"El Digital de Asturias"}},{"@type":"WebPage","@id":"https:\/\/www.eldigitaldeasturias.com\/noticias\/planas-la-cadena-agroalimentaria-necesita-transparencia\/#webpage","url":"https:\/\/www.eldigitaldeasturias.com\/noticias\/planas-la-cadena-agroalimentaria-necesita-transparencia\/","name":"Planas: \u201cLa cadena agroalimentaria necesita transparencia\u201d - El Digital de Asturias","description":"El ministro de Agricultura, Pesca y Alimentaci\u00f3n, Luis Planas, ha participado en el acto de presentaci\u00f3n del Observatorio Financiero del Consejo General de Economistas, correspondiente al 3\u00ba cuatrimestre de 2019, que recopila las principales estad\u00edsticas publicadas, de forma sint\u00e9tica, para conocer la evoluci\u00f3n de la econom\u00eda espa\u00f1ola y los mercados financieros. En declaraciones a los","inLanguage":"es-ES","isPartOf":{"@id":"https:\/\/www.eldigitaldeasturias.com\/noticias\/#website"},"breadcrumb":{"@id":"https:\/\/www.eldigitaldeasturias.com\/noticias\/planas-la-cadena-agroalimentaria-necesita-transparencia\/#breadcrumblist"},"author":{"@id":"https:\/\/www.eldigitaldeasturias.com\/noticias\/author\/admin\/#author"},"creator":{"@id":"https:\/\/www.eldigitaldeasturias.com\/noticias\/author\/admin\/#author"},"image":{"@type":"ImageObject","url":"https:\/\/www.eldigitaldeasturias.com\/noticias\/wp-content\/uploads\/2020\/02\/100220-planas.jpg","@id":"https:\/\/www.eldigitaldeasturias.com\/noticias\/planas-la-cadena-agroalimentaria-necesita-transparencia\/#mainImage","width":512,"height":340},"primaryImageOfPage":{"@id":"https:\/\/www.eldigitaldeasturias.com\/noticias\/planas-la-cadena-agroalimentaria-necesita-transparencia\/#mainImage"},"datePublished":"2020-02-10T18:18:25+01:00","dateModified":"2020-02-10T18:18:25+01:00"},{"@type":"WebSite","@id":"https:\/\/www.eldigitaldeasturias.com\/noticias\/#website","url":"https:\/\/www.eldigitaldeasturias.com\/noticias\/","name":"El Digital de Asturias - Diario de actualidad y noticias","alternateName":"El Digital de Asturias - Diario de actualidad y noticias","description":"Hemeroteca","inLanguage":"es-ES","publisher":{"@id":"https:\/\/www.eldigitaldeasturias.com\/noticias\/#organization"}}]},"og:locale":"es_ES","og:site_name":"El Digital de Asturias","og:type":"article","og:title":"Planas: \u201cLa cadena agroalimentaria necesita transparencia\u201d - El Digital de Asturias","og:description":"El ministro de Agricultura, Pesca y Alimentaci\u00f3n, Luis Planas, ha participado en el acto de presentaci\u00f3n del Observatorio Financiero del Consejo General de Economistas, correspondiente al 3\u00ba cuatrimestre de 2019, que recopila las principales estad\u00edsticas publicadas, de forma sint\u00e9tica, para conocer la evoluci\u00f3n de la econom\u00eda espa\u00f1ola y los mercados financieros. En declaraciones a los","og:url":"https:\/\/www.eldigitaldeasturias.com\/noticias\/planas-la-cadena-agroalimentaria-necesita-transparencia\/","og:image":"https:\/\/www.eldigitaldeasturias.com\/noticias\/wp-content\/uploads\/2020\/02\/100220-planas.jpg","og:image:secure_url":"https:\/\/www.eldigitaldeasturias.com\/noticias\/wp-content\/uploads\/2020\/02\/100220-planas.jpg","og:image:width":512,"og:image:height":340,"article:tag":["econom\u00eda"],"article:published_time":"2020-02-10T18:18:25+00:00","article:modified_time":"2020-02-10T18:18:25+00:00","article:publisher":"https:\/\/facebook.com\/eldigitaldeasturias","twitter:card":"summary_large_image","twitter:title":"Planas: \u201cLa cadena agroalimentaria necesita transparencia\u201d - El Digital de Asturias","twitter:description":"El ministro de Agricultura, Pesca y Alimentaci\u00f3n, Luis Planas, ha participado en el acto de presentaci\u00f3n del Observatorio Financiero del Consejo General de Economistas, correspondiente al 3\u00ba cuatrimestre de 2019, que recopila las principales estad\u00edsticas publicadas, de forma sint\u00e9tica, para conocer la evoluci\u00f3n de la econom\u00eda espa\u00f1ola y los mercados financieros. En declaraciones a los","twitter:image":"https:\/\/www.eldigitaldeasturias.com\/noticias\/wp-content\/uploads\/2020\/02\/100220-planas.jpg","twitter:label1":"Escrito por","twitter:data1":"El Digital de Asturias","twitter:label2":"Tiempo de lectura estimado","twitter:data2":"3 minutos"},"aioseo_meta_data":{"post_id":"1057262","title":null,"description":null,"keywords":null,"keyphrases":null,"primary_term":null,"canonical_url":null,"og_title":null,"og_description":null,"og_object_type":"default","og_image_type":"default","og_image_url":null,"og_image_width":null,"og_image_height":null,"og_image_custom_url":null,"og_image_custom_fields":null,"og_video":null,"og_custom_url":null,"og_article_section":null,"og_article_tags":null,"twitter_use_og":false,"twitter_card":"default","twitter_image_type":"default","twitter_image_url":null,"twitter_image_custom_url":null,"twitter_image_custom_fields":null,"twitter_title":null,"twitter_description":null,"schema":{"blockGraphs":[],"customGraphs":[],"default":{"data":{"Article":[],"Course":[],"Dataset":[],"FAQPage":[],"Movie":[],"Person":[],"Product":[],"ProductReview":[],"Car":[],"Recipe":[],"Service":[],"SoftwareApplication":[],"WebPage":[]},"graphName":"","isEnabled":true},"graphs":[],"defaultGraph":"","defaultPostTypeGraph":""},"schema_type":null,"schema_type_options":null,"pillar_content":false,"robots_default":true,"robots_noindex":false,"robots_noarchive":false,"robots_nosnippet":false,"robots_nofollow":false,"robots_noimageindex":false,"robots_noodp":false,"robots_notranslate":false,"robots_max_snippet":null,"robots_max_videopreview":null,"robots_max_imagepreview":"large","priority":null,"frequency":null,"local_seo":null,"seo_analyzer_scan_date":"2025-10-31 01:19:47","breadcrumb_settings":null,"limit_modified_date":false,"open_ai":null,"ai":null,"created":"2020-12-21 10:55:35","updated":"2025-10-31 01:19:47"},"aioseo_breadcrumb":"<div class=\"aioseo-breadcrumbs\"><span class=\"aioseo-breadcrumb\">\n\t<a href=\"https:\/\/www.eldigitaldeasturias.com\/noticias\" title=\"Home\">Home<\/a>\n<\/span><span class=\"aioseo-breadcrumb-separator\">\u2013<\/span><span class=\"aioseo-breadcrumb\">\n\t<a href=\"https:\/\/www.eldigitaldeasturias.com\/noticias\/category\/economia\/\" title=\"Econom\u00eda\">Econom\u00eda<\/a>\n<\/span><span class=\"aioseo-breadcrumb-separator\">\u2013<\/span><span class=\"aioseo-breadcrumb\">\n\t<a href=\"https:\/\/www.eldigitaldeasturias.com\/noticias\/planas-la-cadena-agroalimentaria-necesita-transparencia\/\" title=\"Planas: \u201cLa cadena agroalimentaria necesita transparencia\u201d\">Planas: \u201cLa cadena agroalimentaria necesita transparencia\u201d<\/a>\n<\/span><\/div>","aioseo_breadcrumb_json":[{"label":"Home","link":"https:\/\/www.eldigitaldeasturias.com\/noticias"},{"label":"Econom\u00eda","link":"https:\/\/www.eldigitaldeasturias.com\/noticias\/category\/economia\/"},{"label":"Planas: \u201cLa cadena agroalimentaria necesita transparencia\u201d","link":"https:\/\/www.eldigitaldeasturias.com\/noticias\/planas-la-cadena-agroalimentaria-necesita-transparencia\/"}],"_links":{"self":[{"href":"https:\/\/www.eldigitaldeasturias.com\/noticias\/wp-json\/wp\/v2\/posts\/1057262","targetHints":{"allow":["GET"]}}],"collection":[{"href":"https:\/\/www.eldigitaldeasturias.com\/noticias\/wp-json\/wp\/v2\/posts"}],"about":[{"href":"https:\/\/www.eldigitaldeasturias.com\/noticias\/wp-json\/wp\/v2\/types\/post"}],"author":[{"embeddable":true,"href":"https:\/\/www.eldigitaldeasturias.com\/noticias\/wp-json\/wp\/v2\/users\/1"}],"replies":[{"embeddable":true,"href":"https:\/\/www.eldigitaldeasturias.com\/noticias\/wp-json\/wp\/v2\/comments?post=1057262"}],"version-history":[{"count":0,"href":"https:\/\/www.eldigitaldeasturias.com\/noticias\/wp-json\/wp\/v2\/posts\/1057262\/revisions"}],"wp:featuredmedia":[{"embeddable":true,"href":"https:\/\/www.eldigitaldeasturias.com\/noticias\/wp-json\/wp\/v2\/media\/1057263"}],"wp:attachment":[{"href":"https:\/\/www.eldigitaldeasturias.com\/noticias\/wp-json\/wp\/v2\/media?parent=1057262"}],"wp:term":[{"taxonomy":"category","embeddable":true,"href":"https:\/\/www.eldigitaldeasturias.com\/noticias\/wp-json\/wp\/v2\/categories?post=1057262"},{"taxonomy":"post_tag","embeddable":true,"href":"https:\/\/www.eldigitaldeasturias.com\/noticias\/wp-json\/wp\/v2\/tags?post=1057262"}],"curies":[{"name":"wp","href":"https:\/\/api.w.org\/{rel}","templated":true}]}}