{"id":1057203,"date":"2020-02-09T19:18:39","date_gmt":"2020-02-09T19:18:39","guid":{"rendered":"https:\/\/www.eldigitaldeasturias.com\/noticias\/?p=1057203"},"modified":"2020-02-09T19:18:39","modified_gmt":"2020-02-09T19:18:39","slug":"remontada-y-victoria-del-real-madrid-en-el-sadar-1-a-4","status":"publish","type":"post","link":"https:\/\/www.eldigitaldeasturias.com\/noticias\/remontada-y-victoria-del-real-madrid-en-el-sadar-1-a-4\/","title":{"rendered":"Remontada y victoria del Real Madrid en El Sadar, 1 a 4"},"content":{"rendered":"<figure id=\"attachment_1057204\" aria-describedby=\"caption-attachment-1057204\" style=\"width: 360px\" class=\"wp-caption alignleft\"><img loading=\"lazy\" decoding=\"async\" class=\"size-medium wp-image-1057204\" src=\"https:\/\/www.eldigitaldeasturias.com\/noticias\/wp-content\/uploads\/2020\/02\/Real-Madrid-ep-360x277.jpg\" alt=\"\" width=\"360\" height=\"277\" srcset=\"https:\/\/www.eldigitaldeasturias.com\/noticias\/wp-content\/uploads\/2020\/02\/Real-Madrid-ep-360x277.jpg 360w, https:\/\/www.eldigitaldeasturias.com\/noticias\/wp-content\/uploads\/2020\/02\/Real-Madrid-ep-623x480.jpg 623w, https:\/\/www.eldigitaldeasturias.com\/noticias\/wp-content\/uploads\/2020\/02\/Real-Madrid-ep-389x300.jpg 389w, https:\/\/www.eldigitaldeasturias.com\/noticias\/wp-content\/uploads\/2020\/02\/Real-Madrid-ep.jpg 666w\" sizes=\"auto, (max-width: 360px) 100vw, 360px\" \/><figcaption id=\"caption-attachment-1057204\" class=\"wp-caption-text\">Foto: LALIGA \/ Europa Press<\/figcaption><\/figure>\n<p>(Europa Press) &#8211;\u00a0<strong>El Real Madrid dej\u00f3 atr\u00e1s la debacle de Copa<\/strong> y mostr\u00f3 este domingo su capacidad de reacci\u00f3n <strong>para remontar ante Osasuna en El Sadar<\/strong> (1-4) en la <strong>vig\u00e9sima tercera jornada de LaLiga Santander<\/strong>, un resultado que le permite mantener una semana m\u00e1s el liderato de la competici\u00f3n y con el que mete presi\u00f3n al FC Barcelona.<\/p>\n<p>Hagan lo que hagan los de Quique Seti\u00e9n esta noche en el Benito Villamar\u00edn, el conjunto de Zin\u00e9dine Zidane (52) dormir\u00e1 en lo m\u00e1s alto de la tabla con, al menos, tres puntos de ventaja sobre los blaugranas. La eliminaci\u00f3n en Copa del Rey ante la Real Sociedad (3-4) no afect\u00f3 al pulso de los blancos en LaLiga, a pesar de que se vieron obligados a nadar a contracorriente.<\/p>\n<p>El tempranero tanto de Unai Garc\u00eda a los 14 minutos les hizo despertar de su letargo, pero en solo cinco minutos Isco Alarc\u00f3n y Sergio Ramos solucionaron la papeleta. Por su parte, el cuadro de Jagoba Arrasate (28) interrumpe una racha de tres jornadas puntuando en su primer partido liguero sin el Chimy \u00c1vila, aunque conservan 10 puntos de renta sobre el descenso.<\/p>\n<p>En el regreso a la competici\u00f3n dom\u00e9stica, el cuadro madridista salt\u00f3 al coliseo rojillo con Gareth Bale como principal novedad. Despu\u00e9s de cuatro encuentros sin entrar en la convocatoria, el gal\u00e9s volvi\u00f3 al once y dispuso de una gran ocasi\u00f3n en los primeros minutos en un bal\u00f3n filtrado de Isco al que se anticip\u00f3 Estupi\u00f1\u00e1n.<\/p>\n<p>Antes ya hab\u00edan avisado Nacho Vidal, con un disparo raso, y Jos\u00e9 Arnaiz, cuyo remate se march\u00f3 desviado, pero fue Rub\u00e9n Garc\u00eda el que m\u00e1s peligro llev\u00f3 en una acci\u00f3n en la que se deshizo de la zaga blanca y oblig\u00f3 a Thibaut Courtois a desbaratar la oportunidad en el mano a mano.<\/p>\n<p>En esa salida en tromba, Osasuna encontr\u00f3 pronto su premio; antes del cuarto de hora y justo despu\u00e9s de que la lesi\u00f3n de Moncayola le hiciese efectuar el primer cambio, Rub\u00e9n Garc\u00eda cabece\u00f3 a la perfecci\u00f3n un saque de esquina al primer palo, alojando es esf\u00e9rico en la meta lejos del alcance del portero belga.<\/p>\n<p>Lejos de amilanarse, el equipo de Zin\u00e9dine Zidane respondi\u00f3 igualando la intensidad de los locales. Primero, David Garc\u00eda, tras la mala salida de Sergio Herrera, salv\u00f3 bajo palos un chut de Karim Benzema, el mismo punto desde donde Estupi\u00f1\u00e1n sac\u00f3 una volea de Carvajal antes de que Bale rematase de cabeza por encima de la porter\u00eda.<\/p>\n<p>Llegaron entonces cinco minutos de contundencia blanca. En el 33, Isco caz\u00f3 un rechace a disparo de Bale para, de primeras, sorprender al guardameta del cuadro pamplon\u00e9s. Casi sin tiempo para asimilarlo, Osasuna recibi\u00f3 un segundo mazazo en forma del gol de Sergio Ramos, que a la salida de un c\u00f3rner remat\u00f3 de cabeza al fondo de las mallas (min.38).<\/p>\n<p><strong>OSASUNA SE VUELCA EN ATAQUE Y LUCAS V\u00c1ZQUEZ SENTENCIA<\/strong><\/p>\n<p>A pesar de todo, Osasuna consigui\u00f3 rehacerse tras el paso por vestuarios y mostr\u00f3 sus intenciones en un disparo lejano de I\u00f1igo P\u00e9rez y en un chut rozando el palo de Rub\u00e9n Garc\u00eda, aunque, volcado en ataque, su principal preocupaci\u00f3n resid\u00eda en que los madridistas pudiesen pillarle a la contra.<\/p>\n<p>De hecho, a punto estuvieron los blancos se sentenciar en una doble ocasi\u00f3n de Isco, desde la frontal, y de Casemiro, que captur\u00f3 el rechace y se top\u00f3 con Herrera, pero fue Lucas V\u00e1zquez, que hab\u00eda entrado en el campo sustituyendo a Bale, el que finiquit\u00f3 el choque con un remate cruzado tras un pase en bandeja de Benzema (min.84).<\/p>\n<p>Luka Jovic, ya en el descuento, tambi\u00e9n se uni\u00f3 a la fiesta. De esta manera, el Real Madrid olvida la eliminaci\u00f3n copera, que interrumpi\u00f3 una espectacular racha de 21 partidos sin perder, y mantiene su fiabilidad en LaLiga con su quinto triunfo seguido.<\/p>\n<p>FICHA T\u00c9CNICA.<\/p>\n<p>RESULTADO: CA OSASUNA, 1 &#8211; REAL MADRID, 4 (1-2, al descanso).<\/p>\n<p>ALINEACIONES.<\/p>\n<p>CA OSASUNA: Herrera; Nacho Vidal, Unai Garc\u00eda, David Garc\u00eda, Estupi\u00f1\u00e1n; Brasanac, Moncayola (Fran M\u00e9rida, min.9), Torres (Cardona, min.77), I\u00f1igo P\u00e9rez; Rub\u00e9n Garc\u00eda y Arnaiz (Gallego, min.61).<\/p>\n<p>REAL MADRID: Courtois; Carvajal, Varane, Sergio Ramos, Mendy; Valverde, Casemiro, Modric, Isco (Vinicius, min.82); Bale (Lucas V\u00e1zquez, min.71) y Benzema (Jovic, min.88).<\/p>\n<p>GOLES.<\/p>\n<p>1-0, min.14: Unai Garc\u00eda.<\/p>\n<p>1-1, min.33: Isco.<\/p>\n<p>1-2, min.38: Ramos.<\/p>\n<p>1-3, min.84: Lucas V\u00e1zquez.<\/p>\n<p>1-4, min.92: Jovic.<\/p>\n<p>\u00c1RBITRO: Gil Manzano (C.Extreme\u00f1o). Amonest\u00f3 a Nacho Vidal (min.57) y a David Garc\u00eda (min.69) por parte de Osasuna y a Carvajal (min.73) y a Ramos (min.79) por parte del Real Madrid.<\/p>\n<p>ESTADIO: El Sadar.<\/p>\n<p>&nbsp;<\/p>\n","protected":false},"excerpt":{"rendered":"<p>(Europa Press) &#8211;\u00a0El Real Madrid dej\u00f3 atr\u00e1s la debacle de Copa y mostr\u00f3 este domingo su capacidad de reacci\u00f3n para remontar ante Osasuna en El Sadar (1-4) en la vig\u00e9sima tercera jornada de LaLiga Santander, un resultado que le permite mantener una semana m\u00e1s el liderato de la competici\u00f3n y con el que mete presi\u00f3n [&hellip;]<\/p>\n","protected":false},"author":1,"featured_media":1057204,"comment_status":"closed","ping_status":"closed","sticky":false,"template":"","format":"standard","meta":{"footnotes":""},"categories":[190],"tags":[],"class_list":["post-1057203","post","type-post","status-publish","format-standard","has-post-thumbnail","hentry","category-deportes"],"aioseo_notices":[],"aioseo_head":"\n\t\t<!-- All in One SEO Pro 4.9.6.2 - aioseo.com -->\n\t<meta name=\"description\" content=\"(Europa Press) - El Real Madrid dej\u00f3 atr\u00e1s la debacle de Copa y mostr\u00f3 este domingo su capacidad de reacci\u00f3n para remontar ante Osasuna en El Sadar (1-4) en la vig\u00e9sima tercera jornada de LaLiga Santander, un resultado que le permite mantener una semana m\u00e1s el liderato de la competici\u00f3n y con el que mete presi\u00f3n\" \/>\n\t<meta name=\"robots\" content=\"max-image-preview:large\" \/>\n\t<meta name=\"author\" content=\"El Digital de Asturias\"\/>\n\t<meta name=\"google-site-verification\" content=\"UA-38556648-1\" \/>\n\t<meta name=\"msvalidate.01\" content=\"7dfe9f3f1b24437ab69f4f2559babe99\" \/>\n\t<meta name=\"keywords\" content=\"deportes\" \/>\n\t<link rel=\"canonical\" href=\"https:\/\/www.eldigitaldeasturias.com\/noticias\/remontada-y-victoria-del-real-madrid-en-el-sadar-1-a-4\/\" \/>\n\t<meta name=\"generator\" content=\"All in One SEO Pro (AIOSEO) 4.9.6.2\" \/>\n\t\t<meta property=\"og:locale\" content=\"es_ES\" \/>\n\t\t<meta property=\"og:site_name\" content=\"El Digital de Asturias\" \/>\n\t\t<meta property=\"og:type\" content=\"article\" \/>\n\t\t<meta property=\"og:title\" content=\"Remontada y victoria del Real Madrid en El Sadar, 1 a 4 - El Digital de Asturias\" \/>\n\t\t<meta property=\"og:description\" content=\"(Europa Press) - El Real Madrid dej\u00f3 atr\u00e1s la debacle de Copa y mostr\u00f3 este domingo su capacidad de reacci\u00f3n para remontar ante Osasuna en El Sadar (1-4) en la vig\u00e9sima tercera jornada de LaLiga Santander, un resultado que le permite mantener una semana m\u00e1s el liderato de la competici\u00f3n y con el que mete presi\u00f3n\" \/>\n\t\t<meta property=\"og:url\" content=\"https:\/\/www.eldigitaldeasturias.com\/noticias\/remontada-y-victoria-del-real-madrid-en-el-sadar-1-a-4\/\" \/>\n\t\t<meta property=\"og:image\" content=\"https:\/\/www.eldigitaldeasturias.com\/noticias\/wp-content\/uploads\/2020\/02\/Real-Madrid-ep.jpg\" \/>\n\t\t<meta property=\"og:image:secure_url\" content=\"https:\/\/www.eldigitaldeasturias.com\/noticias\/wp-content\/uploads\/2020\/02\/Real-Madrid-ep.jpg\" \/>\n\t\t<meta property=\"og:image:width\" content=\"666\" \/>\n\t\t<meta property=\"og:image:height\" content=\"513\" \/>\n\t\t<meta property=\"article:tag\" content=\"deportes\" \/>\n\t\t<meta property=\"article:published_time\" content=\"2020-02-09T19:18:39+00:00\" \/>\n\t\t<meta property=\"article:modified_time\" content=\"2020-02-09T19:18:39+00:00\" \/>\n\t\t<meta property=\"article:publisher\" content=\"https:\/\/facebook.com\/eldigitaldeasturias\" \/>\n\t\t<meta name=\"twitter:card\" content=\"summary_large_image\" \/>\n\t\t<meta name=\"twitter:title\" content=\"Remontada y victoria del Real Madrid en El Sadar, 1 a 4 - El Digital de Asturias\" \/>\n\t\t<meta name=\"twitter:description\" content=\"(Europa Press) - El Real Madrid dej\u00f3 atr\u00e1s la debacle de Copa y mostr\u00f3 este domingo su capacidad de reacci\u00f3n para remontar ante Osasuna en El Sadar (1-4) en la vig\u00e9sima tercera jornada de LaLiga Santander, un resultado que le permite mantener una semana m\u00e1s el liderato de la competici\u00f3n y con el que mete presi\u00f3n\" \/>\n\t\t<meta name=\"twitter:image\" content=\"https:\/\/www.eldigitaldeasturias.com\/noticias\/wp-content\/uploads\/2020\/02\/Real-Madrid-ep.jpg\" \/>\n\t\t<meta name=\"twitter:label1\" content=\"Escrito por\" \/>\n\t\t<meta name=\"twitter:data1\" content=\"El Digital de Asturias\" \/>\n\t\t<meta name=\"twitter:label2\" content=\"Tiempo de lectura estimado\" \/>\n\t\t<meta name=\"twitter:data2\" content=\"4 minutos\" \/>\n\t\t<script type=\"application\/ld+json\" class=\"aioseo-schema\">\n\t\t\t{\"@context\":\"https:\\\/\\\/schema.org\",\"@graph\":[{\"@type\":\"BlogPosting\",\"@id\":\"https:\\\/\\\/www.eldigitaldeasturias.com\\\/noticias\\\/remontada-y-victoria-del-real-madrid-en-el-sadar-1-a-4\\\/#blogposting\",\"name\":\"Remontada y victoria del Real Madrid en El Sadar, 1 a 4 - El Digital de Asturias\",\"headline\":\"Remontada y victoria del Real Madrid en El Sadar, 1 a 4\",\"author\":{\"@id\":\"https:\\\/\\\/www.eldigitaldeasturias.com\\\/noticias\\\/author\\\/admin\\\/#author\"},\"publisher\":{\"@id\":\"https:\\\/\\\/www.eldigitaldeasturias.com\\\/noticias\\\/#organization\"},\"image\":{\"@type\":\"ImageObject\",\"url\":\"https:\\\/\\\/www.eldigitaldeasturias.com\\\/noticias\\\/wp-content\\\/uploads\\\/2020\\\/02\\\/Real-Madrid-ep.jpg\",\"width\":666,\"height\":513,\"caption\":\"Foto: LALIGA \\\/ Europa Press\"},\"datePublished\":\"2020-02-09T19:18:39+01:00\",\"dateModified\":\"2020-02-09T19:18:39+01:00\",\"inLanguage\":\"es-ES\",\"mainEntityOfPage\":{\"@id\":\"https:\\\/\\\/www.eldigitaldeasturias.com\\\/noticias\\\/remontada-y-victoria-del-real-madrid-en-el-sadar-1-a-4\\\/#webpage\"},\"isPartOf\":{\"@id\":\"https:\\\/\\\/www.eldigitaldeasturias.com\\\/noticias\\\/remontada-y-victoria-del-real-madrid-en-el-sadar-1-a-4\\\/#webpage\"},\"articleSection\":\"Deportes\"},{\"@type\":\"BreadcrumbList\",\"@id\":\"https:\\\/\\\/www.eldigitaldeasturias.com\\\/noticias\\\/remontada-y-victoria-del-real-madrid-en-el-sadar-1-a-4\\\/#breadcrumblist\",\"itemListElement\":[{\"@type\":\"ListItem\",\"@id\":\"https:\\\/\\\/www.eldigitaldeasturias.com\\\/noticias#listItem\",\"position\":1,\"name\":\"Home\",\"item\":\"https:\\\/\\\/www.eldigitaldeasturias.com\\\/noticias\",\"nextItem\":{\"@type\":\"ListItem\",\"@id\":\"https:\\\/\\\/www.eldigitaldeasturias.com\\\/noticias\\\/category\\\/deportes\\\/#listItem\",\"name\":\"Deportes\"}},{\"@type\":\"ListItem\",\"@id\":\"https:\\\/\\\/www.eldigitaldeasturias.com\\\/noticias\\\/category\\\/deportes\\\/#listItem\",\"position\":2,\"name\":\"Deportes\",\"item\":\"https:\\\/\\\/www.eldigitaldeasturias.com\\\/noticias\\\/category\\\/deportes\\\/\",\"nextItem\":{\"@type\":\"ListItem\",\"@id\":\"https:\\\/\\\/www.eldigitaldeasturias.com\\\/noticias\\\/remontada-y-victoria-del-real-madrid-en-el-sadar-1-a-4\\\/#listItem\",\"name\":\"Remontada y victoria del Real Madrid en El Sadar, 1 a 4\"},\"previousItem\":{\"@type\":\"ListItem\",\"@id\":\"https:\\\/\\\/www.eldigitaldeasturias.com\\\/noticias#listItem\",\"name\":\"Home\"}},{\"@type\":\"ListItem\",\"@id\":\"https:\\\/\\\/www.eldigitaldeasturias.com\\\/noticias\\\/remontada-y-victoria-del-real-madrid-en-el-sadar-1-a-4\\\/#listItem\",\"position\":3,\"name\":\"Remontada y victoria del Real Madrid en El Sadar, 1 a 4\",\"previousItem\":{\"@type\":\"ListItem\",\"@id\":\"https:\\\/\\\/www.eldigitaldeasturias.com\\\/noticias\\\/category\\\/deportes\\\/#listItem\",\"name\":\"Deportes\"}}]},{\"@type\":\"Organization\",\"@id\":\"https:\\\/\\\/www.eldigitaldeasturias.com\\\/noticias\\\/#organization\",\"name\":\"El Digital de Asturias\",\"description\":\"Hemeroteca\",\"url\":\"https:\\\/\\\/www.eldigitaldeasturias.com\\\/noticias\\\/\",\"email\":\"info@eldigitaldeasturias.com\",\"telephone\":\"+34652131393\",\"logo\":{\"@type\":\"ImageObject\",\"url\":\"https:\\\/\\\/www.eldigitaldeasturias.com\\\/noticias\\\/wp-content\\\/uploads\\\/2020\\\/12\\\/EDA.jpg\",\"@id\":\"https:\\\/\\\/www.eldigitaldeasturias.com\\\/noticias\\\/remontada-y-victoria-del-real-madrid-en-el-sadar-1-a-4\\\/#organizationLogo\",\"width\":649,\"height\":297},\"image\":{\"@id\":\"https:\\\/\\\/www.eldigitaldeasturias.com\\\/noticias\\\/remontada-y-victoria-del-real-madrid-en-el-sadar-1-a-4\\\/#organizationLogo\"},\"sameAs\":[\"https:\\\/\\\/facebook.com\\\/eldigitaldeasturias\",\"https:\\\/\\\/www.youtube.com\\\/channel\\\/UCZP-2wLEB9Rv6erhFmqVnvg\"],\"address\":{\"@id\":\"https:\\\/\\\/www.eldigitaldeasturias.com\\\/noticias\\\/#postaladdress\",\"@type\":\"PostalAddress\",\"streetAddress\":\"san antonio 4,\",\"postalCode\":\"33430\",\"addressLocality\":\"Cand\\u00e1s\",\"addressRegion\":\"Asturias\",\"addressCountry\":\"ES\"}},{\"@type\":\"Person\",\"@id\":\"https:\\\/\\\/www.eldigitaldeasturias.com\\\/noticias\\\/author\\\/admin\\\/#author\",\"url\":\"https:\\\/\\\/www.eldigitaldeasturias.com\\\/noticias\\\/author\\\/admin\\\/\",\"name\":\"El Digital de Asturias\",\"image\":{\"@type\":\"ImageObject\",\"@id\":\"https:\\\/\\\/www.eldigitaldeasturias.com\\\/noticias\\\/remontada-y-victoria-del-real-madrid-en-el-sadar-1-a-4\\\/#authorImage\",\"url\":\"https:\\\/\\\/www.eldigitaldeasturias.com\\\/noticias\\\/wp-content\\\/litespeed\\\/avatar\\\/18677e78aa0546b92d9dbf31ec7d7668.jpg?ver=1777290358\",\"width\":96,\"height\":96,\"caption\":\"El Digital de Asturias\"}},{\"@type\":\"WebPage\",\"@id\":\"https:\\\/\\\/www.eldigitaldeasturias.com\\\/noticias\\\/remontada-y-victoria-del-real-madrid-en-el-sadar-1-a-4\\\/#webpage\",\"url\":\"https:\\\/\\\/www.eldigitaldeasturias.com\\\/noticias\\\/remontada-y-victoria-del-real-madrid-en-el-sadar-1-a-4\\\/\",\"name\":\"Remontada y victoria del Real Madrid en El Sadar, 1 a 4 - El Digital de Asturias\",\"description\":\"(Europa Press) - El Real Madrid dej\\u00f3 atr\\u00e1s la debacle de Copa y mostr\\u00f3 este domingo su capacidad de reacci\\u00f3n para remontar ante Osasuna en El Sadar (1-4) en la vig\\u00e9sima tercera jornada de LaLiga Santander, un resultado que le permite mantener una semana m\\u00e1s el liderato de la competici\\u00f3n y con el que mete presi\\u00f3n\",\"inLanguage\":\"es-ES\",\"isPartOf\":{\"@id\":\"https:\\\/\\\/www.eldigitaldeasturias.com\\\/noticias\\\/#website\"},\"breadcrumb\":{\"@id\":\"https:\\\/\\\/www.eldigitaldeasturias.com\\\/noticias\\\/remontada-y-victoria-del-real-madrid-en-el-sadar-1-a-4\\\/#breadcrumblist\"},\"author\":{\"@id\":\"https:\\\/\\\/www.eldigitaldeasturias.com\\\/noticias\\\/author\\\/admin\\\/#author\"},\"creator\":{\"@id\":\"https:\\\/\\\/www.eldigitaldeasturias.com\\\/noticias\\\/author\\\/admin\\\/#author\"},\"image\":{\"@type\":\"ImageObject\",\"url\":\"https:\\\/\\\/www.eldigitaldeasturias.com\\\/noticias\\\/wp-content\\\/uploads\\\/2020\\\/02\\\/Real-Madrid-ep.jpg\",\"@id\":\"https:\\\/\\\/www.eldigitaldeasturias.com\\\/noticias\\\/remontada-y-victoria-del-real-madrid-en-el-sadar-1-a-4\\\/#mainImage\",\"width\":666,\"height\":513,\"caption\":\"Foto: LALIGA \\\/ Europa Press\"},\"primaryImageOfPage\":{\"@id\":\"https:\\\/\\\/www.eldigitaldeasturias.com\\\/noticias\\\/remontada-y-victoria-del-real-madrid-en-el-sadar-1-a-4\\\/#mainImage\"},\"datePublished\":\"2020-02-09T19:18:39+01:00\",\"dateModified\":\"2020-02-09T19:18:39+01:00\"},{\"@type\":\"WebSite\",\"@id\":\"https:\\\/\\\/www.eldigitaldeasturias.com\\\/noticias\\\/#website\",\"url\":\"https:\\\/\\\/www.eldigitaldeasturias.com\\\/noticias\\\/\",\"name\":\"El Digital de Asturias - Diario de actualidad y noticias\",\"alternateName\":\"El Digital de Asturias - Diario de actualidad y noticias\",\"description\":\"Hemeroteca\",\"inLanguage\":\"es-ES\",\"publisher\":{\"@id\":\"https:\\\/\\\/www.eldigitaldeasturias.com\\\/noticias\\\/#organization\"}}]}\n\t\t<\/script>\n\t\t<!-- All in One SEO Pro -->\r\n\t\t<title>Remontada y victoria del Real Madrid en El Sadar, 1 a 4 - El Digital de Asturias<\/title>\n\n","aioseo_head_json":{"title":"Remontada y victoria del Real Madrid en El Sadar, 1 a 4 - El Digital de Asturias","description":"(Europa Press) - El Real Madrid dej\u00f3 atr\u00e1s la debacle de Copa y mostr\u00f3 este domingo su capacidad de reacci\u00f3n para remontar ante Osasuna en El Sadar (1-4) en la vig\u00e9sima tercera jornada de LaLiga Santander, un resultado que le permite mantener una semana m\u00e1s el liderato de la competici\u00f3n y con el que mete presi\u00f3n","canonical_url":"https:\/\/www.eldigitaldeasturias.com\/noticias\/remontada-y-victoria-del-real-madrid-en-el-sadar-1-a-4\/","robots":"max-image-preview:large","keywords":"deportes","webmasterTools":{"google-site-verification":"UA-38556648-1","msvalidate.01":"7dfe9f3f1b24437ab69f4f2559babe99","miscellaneous":""},"schema":{"@context":"https:\/\/schema.org","@graph":[{"@type":"BlogPosting","@id":"https:\/\/www.eldigitaldeasturias.com\/noticias\/remontada-y-victoria-del-real-madrid-en-el-sadar-1-a-4\/#blogposting","name":"Remontada y victoria del Real Madrid en El Sadar, 1 a 4 - El Digital de Asturias","headline":"Remontada y victoria del Real Madrid en El Sadar, 1 a 4","author":{"@id":"https:\/\/www.eldigitaldeasturias.com\/noticias\/author\/admin\/#author"},"publisher":{"@id":"https:\/\/www.eldigitaldeasturias.com\/noticias\/#organization"},"image":{"@type":"ImageObject","url":"https:\/\/www.eldigitaldeasturias.com\/noticias\/wp-content\/uploads\/2020\/02\/Real-Madrid-ep.jpg","width":666,"height":513,"caption":"Foto: LALIGA \/ Europa Press"},"datePublished":"2020-02-09T19:18:39+01:00","dateModified":"2020-02-09T19:18:39+01:00","inLanguage":"es-ES","mainEntityOfPage":{"@id":"https:\/\/www.eldigitaldeasturias.com\/noticias\/remontada-y-victoria-del-real-madrid-en-el-sadar-1-a-4\/#webpage"},"isPartOf":{"@id":"https:\/\/www.eldigitaldeasturias.com\/noticias\/remontada-y-victoria-del-real-madrid-en-el-sadar-1-a-4\/#webpage"},"articleSection":"Deportes"},{"@type":"BreadcrumbList","@id":"https:\/\/www.eldigitaldeasturias.com\/noticias\/remontada-y-victoria-del-real-madrid-en-el-sadar-1-a-4\/#breadcrumblist","itemListElement":[{"@type":"ListItem","@id":"https:\/\/www.eldigitaldeasturias.com\/noticias#listItem","position":1,"name":"Home","item":"https:\/\/www.eldigitaldeasturias.com\/noticias","nextItem":{"@type":"ListItem","@id":"https:\/\/www.eldigitaldeasturias.com\/noticias\/category\/deportes\/#listItem","name":"Deportes"}},{"@type":"ListItem","@id":"https:\/\/www.eldigitaldeasturias.com\/noticias\/category\/deportes\/#listItem","position":2,"name":"Deportes","item":"https:\/\/www.eldigitaldeasturias.com\/noticias\/category\/deportes\/","nextItem":{"@type":"ListItem","@id":"https:\/\/www.eldigitaldeasturias.com\/noticias\/remontada-y-victoria-del-real-madrid-en-el-sadar-1-a-4\/#listItem","name":"Remontada y victoria del Real Madrid en El Sadar, 1 a 4"},"previousItem":{"@type":"ListItem","@id":"https:\/\/www.eldigitaldeasturias.com\/noticias#listItem","name":"Home"}},{"@type":"ListItem","@id":"https:\/\/www.eldigitaldeasturias.com\/noticias\/remontada-y-victoria-del-real-madrid-en-el-sadar-1-a-4\/#listItem","position":3,"name":"Remontada y victoria del Real Madrid en El Sadar, 1 a 4","previousItem":{"@type":"ListItem","@id":"https:\/\/www.eldigitaldeasturias.com\/noticias\/category\/deportes\/#listItem","name":"Deportes"}}]},{"@type":"Organization","@id":"https:\/\/www.eldigitaldeasturias.com\/noticias\/#organization","name":"El Digital de Asturias","description":"Hemeroteca","url":"https:\/\/www.eldigitaldeasturias.com\/noticias\/","email":"info@eldigitaldeasturias.com","telephone":"+34652131393","logo":{"@type":"ImageObject","url":"https:\/\/www.eldigitaldeasturias.com\/noticias\/wp-content\/uploads\/2020\/12\/EDA.jpg","@id":"https:\/\/www.eldigitaldeasturias.com\/noticias\/remontada-y-victoria-del-real-madrid-en-el-sadar-1-a-4\/#organizationLogo","width":649,"height":297},"image":{"@id":"https:\/\/www.eldigitaldeasturias.com\/noticias\/remontada-y-victoria-del-real-madrid-en-el-sadar-1-a-4\/#organizationLogo"},"sameAs":["https:\/\/facebook.com\/eldigitaldeasturias","https:\/\/www.youtube.com\/channel\/UCZP-2wLEB9Rv6erhFmqVnvg"],"address":{"@id":"https:\/\/www.eldigitaldeasturias.com\/noticias\/#postaladdress","@type":"PostalAddress","streetAddress":"san antonio 4,","postalCode":"33430","addressLocality":"Cand\u00e1s","addressRegion":"Asturias","addressCountry":"ES"}},{"@type":"Person","@id":"https:\/\/www.eldigitaldeasturias.com\/noticias\/author\/admin\/#author","url":"https:\/\/www.eldigitaldeasturias.com\/noticias\/author\/admin\/","name":"El Digital de Asturias","image":{"@type":"ImageObject","@id":"https:\/\/www.eldigitaldeasturias.com\/noticias\/remontada-y-victoria-del-real-madrid-en-el-sadar-1-a-4\/#authorImage","url":"https:\/\/www.eldigitaldeasturias.com\/noticias\/wp-content\/litespeed\/avatar\/18677e78aa0546b92d9dbf31ec7d7668.jpg?ver=1777290358","width":96,"height":96,"caption":"El Digital de Asturias"}},{"@type":"WebPage","@id":"https:\/\/www.eldigitaldeasturias.com\/noticias\/remontada-y-victoria-del-real-madrid-en-el-sadar-1-a-4\/#webpage","url":"https:\/\/www.eldigitaldeasturias.com\/noticias\/remontada-y-victoria-del-real-madrid-en-el-sadar-1-a-4\/","name":"Remontada y victoria del Real Madrid en El Sadar, 1 a 4 - El Digital de Asturias","description":"(Europa Press) - El Real Madrid dej\u00f3 atr\u00e1s la debacle de Copa y mostr\u00f3 este domingo su capacidad de reacci\u00f3n para remontar ante Osasuna en El Sadar (1-4) en la vig\u00e9sima tercera jornada de LaLiga Santander, un resultado que le permite mantener una semana m\u00e1s el liderato de la competici\u00f3n y con el que mete presi\u00f3n","inLanguage":"es-ES","isPartOf":{"@id":"https:\/\/www.eldigitaldeasturias.com\/noticias\/#website"},"breadcrumb":{"@id":"https:\/\/www.eldigitaldeasturias.com\/noticias\/remontada-y-victoria-del-real-madrid-en-el-sadar-1-a-4\/#breadcrumblist"},"author":{"@id":"https:\/\/www.eldigitaldeasturias.com\/noticias\/author\/admin\/#author"},"creator":{"@id":"https:\/\/www.eldigitaldeasturias.com\/noticias\/author\/admin\/#author"},"image":{"@type":"ImageObject","url":"https:\/\/www.eldigitaldeasturias.com\/noticias\/wp-content\/uploads\/2020\/02\/Real-Madrid-ep.jpg","@id":"https:\/\/www.eldigitaldeasturias.com\/noticias\/remontada-y-victoria-del-real-madrid-en-el-sadar-1-a-4\/#mainImage","width":666,"height":513,"caption":"Foto: LALIGA \/ Europa Press"},"primaryImageOfPage":{"@id":"https:\/\/www.eldigitaldeasturias.com\/noticias\/remontada-y-victoria-del-real-madrid-en-el-sadar-1-a-4\/#mainImage"},"datePublished":"2020-02-09T19:18:39+01:00","dateModified":"2020-02-09T19:18:39+01:00"},{"@type":"WebSite","@id":"https:\/\/www.eldigitaldeasturias.com\/noticias\/#website","url":"https:\/\/www.eldigitaldeasturias.com\/noticias\/","name":"El Digital de Asturias - Diario de actualidad y noticias","alternateName":"El Digital de Asturias - Diario de actualidad y noticias","description":"Hemeroteca","inLanguage":"es-ES","publisher":{"@id":"https:\/\/www.eldigitaldeasturias.com\/noticias\/#organization"}}]},"og:locale":"es_ES","og:site_name":"El Digital de Asturias","og:type":"article","og:title":"Remontada y victoria del Real Madrid en El Sadar, 1 a 4 - El Digital de Asturias","og:description":"(Europa Press) - El Real Madrid dej\u00f3 atr\u00e1s la debacle de Copa y mostr\u00f3 este domingo su capacidad de reacci\u00f3n para remontar ante Osasuna en El Sadar (1-4) en la vig\u00e9sima tercera jornada de LaLiga Santander, un resultado que le permite mantener una semana m\u00e1s el liderato de la competici\u00f3n y con el que mete presi\u00f3n","og:url":"https:\/\/www.eldigitaldeasturias.com\/noticias\/remontada-y-victoria-del-real-madrid-en-el-sadar-1-a-4\/","og:image":"https:\/\/www.eldigitaldeasturias.com\/noticias\/wp-content\/uploads\/2020\/02\/Real-Madrid-ep.jpg","og:image:secure_url":"https:\/\/www.eldigitaldeasturias.com\/noticias\/wp-content\/uploads\/2020\/02\/Real-Madrid-ep.jpg","og:image:width":666,"og:image:height":513,"article:tag":["deportes"],"article:published_time":"2020-02-09T19:18:39+00:00","article:modified_time":"2020-02-09T19:18:39+00:00","article:publisher":"https:\/\/facebook.com\/eldigitaldeasturias","twitter:card":"summary_large_image","twitter:title":"Remontada y victoria del Real Madrid en El Sadar, 1 a 4 - El Digital de Asturias","twitter:description":"(Europa Press) - El Real Madrid dej\u00f3 atr\u00e1s la debacle de Copa y mostr\u00f3 este domingo su capacidad de reacci\u00f3n para remontar ante Osasuna en El Sadar (1-4) en la vig\u00e9sima tercera jornada de LaLiga Santander, un resultado que le permite mantener una semana m\u00e1s el liderato de la competici\u00f3n y con el que mete presi\u00f3n","twitter:image":"https:\/\/www.eldigitaldeasturias.com\/noticias\/wp-content\/uploads\/2020\/02\/Real-Madrid-ep.jpg","twitter:label1":"Escrito por","twitter:data1":"El Digital de Asturias","twitter:label2":"Tiempo de lectura estimado","twitter:data2":"4 minutos"},"aioseo_meta_data":{"post_id":"1057203","title":null,"description":null,"keywords":null,"keyphrases":null,"primary_term":null,"canonical_url":null,"og_title":null,"og_description":null,"og_object_type":"default","og_image_type":"default","og_image_url":null,"og_image_width":null,"og_image_height":null,"og_image_custom_url":null,"og_image_custom_fields":null,"og_video":null,"og_custom_url":null,"og_article_section":null,"og_article_tags":null,"twitter_use_og":false,"twitter_card":"default","twitter_image_type":"default","twitter_image_url":null,"twitter_image_custom_url":null,"twitter_image_custom_fields":null,"twitter_title":null,"twitter_description":null,"schema":{"blockGraphs":[],"customGraphs":[],"default":{"data":{"Article":[],"Course":[],"Dataset":[],"FAQPage":[],"Movie":[],"Person":[],"Product":[],"ProductReview":[],"Car":[],"Recipe":[],"Service":[],"SoftwareApplication":[],"WebPage":[]},"graphName":"","isEnabled":true},"graphs":[],"defaultGraph":"","defaultPostTypeGraph":""},"schema_type":null,"schema_type_options":null,"pillar_content":false,"robots_default":true,"robots_noindex":false,"robots_noarchive":false,"robots_nosnippet":false,"robots_nofollow":false,"robots_noimageindex":false,"robots_noodp":false,"robots_notranslate":false,"robots_max_snippet":null,"robots_max_videopreview":null,"robots_max_imagepreview":"large","priority":null,"frequency":null,"local_seo":null,"seo_analyzer_scan_date":"2025-10-31 01:05:07","breadcrumb_settings":null,"limit_modified_date":false,"open_ai":null,"ai":null,"created":"2020-12-21 10:55:35","updated":"2025-10-31 01:05:07"},"aioseo_breadcrumb":"<div class=\"aioseo-breadcrumbs\"><span class=\"aioseo-breadcrumb\">\n\t<a href=\"https:\/\/www.eldigitaldeasturias.com\/noticias\" title=\"Home\">Home<\/a>\n<\/span><span class=\"aioseo-breadcrumb-separator\">\u2013<\/span><span class=\"aioseo-breadcrumb\">\n\t<a href=\"https:\/\/www.eldigitaldeasturias.com\/noticias\/category\/deportes\/\" title=\"Deportes\">Deportes<\/a>\n<\/span><span class=\"aioseo-breadcrumb-separator\">\u2013<\/span><span class=\"aioseo-breadcrumb\">\n\t<a href=\"https:\/\/www.eldigitaldeasturias.com\/noticias\/remontada-y-victoria-del-real-madrid-en-el-sadar-1-a-4\/\" title=\"Remontada y victoria del Real Madrid en El Sadar, 1 a 4\">Remontada y victoria del Real Madrid en El Sadar, 1 a 4<\/a>\n<\/span><\/div>","aioseo_breadcrumb_json":[{"label":"Home","link":"https:\/\/www.eldigitaldeasturias.com\/noticias"},{"label":"Deportes","link":"https:\/\/www.eldigitaldeasturias.com\/noticias\/category\/deportes\/"},{"label":"Remontada y victoria del Real Madrid en El Sadar, 1 a 4","link":"https:\/\/www.eldigitaldeasturias.com\/noticias\/remontada-y-victoria-del-real-madrid-en-el-sadar-1-a-4\/"}],"_links":{"self":[{"href":"https:\/\/www.eldigitaldeasturias.com\/noticias\/wp-json\/wp\/v2\/posts\/1057203","targetHints":{"allow":["GET"]}}],"collection":[{"href":"https:\/\/www.eldigitaldeasturias.com\/noticias\/wp-json\/wp\/v2\/posts"}],"about":[{"href":"https:\/\/www.eldigitaldeasturias.com\/noticias\/wp-json\/wp\/v2\/types\/post"}],"author":[{"embeddable":true,"href":"https:\/\/www.eldigitaldeasturias.com\/noticias\/wp-json\/wp\/v2\/users\/1"}],"replies":[{"embeddable":true,"href":"https:\/\/www.eldigitaldeasturias.com\/noticias\/wp-json\/wp\/v2\/comments?post=1057203"}],"version-history":[{"count":0,"href":"https:\/\/www.eldigitaldeasturias.com\/noticias\/wp-json\/wp\/v2\/posts\/1057203\/revisions"}],"wp:featuredmedia":[{"embeddable":true,"href":"https:\/\/www.eldigitaldeasturias.com\/noticias\/wp-json\/wp\/v2\/media\/1057204"}],"wp:attachment":[{"href":"https:\/\/www.eldigitaldeasturias.com\/noticias\/wp-json\/wp\/v2\/media?parent=1057203"}],"wp:term":[{"taxonomy":"category","embeddable":true,"href":"https:\/\/www.eldigitaldeasturias.com\/noticias\/wp-json\/wp\/v2\/categories?post=1057203"},{"taxonomy":"post_tag","embeddable":true,"href":"https:\/\/www.eldigitaldeasturias.com\/noticias\/wp-json\/wp\/v2\/tags?post=1057203"}],"curies":[{"name":"wp","href":"https:\/\/api.w.org\/{rel}","templated":true}]}}