{"id":1057145,"date":"2020-02-08T20:36:05","date_gmt":"2020-02-08T20:36:05","guid":{"rendered":"https:\/\/www.eldigitaldeasturias.com\/noticias\/?p=1057145"},"modified":"2020-02-08T20:36:05","modified_gmt":"2020-02-08T20:36:05","slug":"zidane-contra-osasuna-jugamos-otra-final","status":"publish","type":"post","link":"https:\/\/www.eldigitaldeasturias.com\/noticias\/zidane-contra-osasuna-jugamos-otra-final\/","title":{"rendered":"Zidane: \u201cContra Osasuna jugamos otra final\u201d"},"content":{"rendered":"<figure id=\"attachment_1057146\" aria-describedby=\"caption-attachment-1057146\" style=\"width: 360px\" class=\"wp-caption alignleft\"><img loading=\"lazy\" decoding=\"async\" class=\"size-medium wp-image-1057146\" src=\"https:\/\/www.eldigitaldeasturias.com\/noticias\/wp-content\/uploads\/2020\/02\/zidane-dpa-360x254.jpg\" alt=\"\" width=\"360\" height=\"254\" srcset=\"https:\/\/www.eldigitaldeasturias.com\/noticias\/wp-content\/uploads\/2020\/02\/zidane-dpa-360x254.jpg 360w, https:\/\/www.eldigitaldeasturias.com\/noticias\/wp-content\/uploads\/2020\/02\/zidane-dpa-681x480.jpg 681w, https:\/\/www.eldigitaldeasturias.com\/noticias\/wp-content\/uploads\/2020\/02\/zidane-dpa-426x300.jpg 426w, https:\/\/www.eldigitaldeasturias.com\/noticias\/wp-content\/uploads\/2020\/02\/zidane-dpa-768x541.jpg 768w, https:\/\/www.eldigitaldeasturias.com\/noticias\/wp-content\/uploads\/2020\/02\/zidane-dpa.jpg 952w\" sizes=\"auto, (max-width: 360px) 100vw, 360px\" \/><figcaption id=\"caption-attachment-1057146\" class=\"wp-caption-text\">Foto: Manu Reino\/SOPA Images via ZUMA Wire\/dpa<\/figcaption><\/figure>\n<p>(Europa Press) &#8211;\u00a0El entrenador del Real Madrid, <strong>Zin\u00e9dine Zidane, ha reconocido que le \u00abduelen\u00bb las cr\u00edticas a sus jugadores<\/strong>, en especial a Marcelo, tras la eliminaci\u00f3n en cuartos de final de la Copa del Rey ante la Real Sociedad, sobre todo porque \u00ablo dan todo en el campo\u00bb, y ha explicado respecto a la situaci\u00f3n de Gareth Bale, ausente de las \u00faltimas convocatorias, que \u00abno hay soluci\u00f3n porque no hay problema\u00bb.<\/p>\n<p>\u00abClaro que me duele, porque son jugadores que lo dan todo en el campo, y todos, adem\u00e1s. Esto no va a cambiar. Lo importante es dar el m\u00e1ximo en el campo y nuestra afici\u00f3n lo ha visto. Es una afici\u00f3n que es justa. Perdemos, no estamos contentos con el partido y no pasar de ronda, pero han visto que lo han dado todo. Hemos hecho 20-21 partidos sin perder y ahora hay que volver a lo que queremos. Tenemos que ser positivos\u00bb, se\u00f1al\u00f3 en la rueda de prensa previa al encuentro ante Osasuna.<\/p>\n<p>Sobre la eliminaci\u00f3n ante los donostiarras, explic\u00f3 que \u00abno\u00bb est\u00e1n \u00abcontentos\u00bb, pero que ya han analizado el partido.<strong> \u00abLo bueno es que jugamos tres d\u00edas despu\u00e9s. No vamos a tirar por un partido lo que hicimos hasta ahora\u00bb<\/strong>, dijo, reiterando que no tiene dudas, sino \u00abal contrario\u00bb, se ve \u00abfuerte\u00bb. \u00abEn los \u00faltimos 21 partidos dije que no hab\u00edamos ganado nada, y ahora no cambia. Esto va a seguir. Estoy fuerte, y los jugadores tambi\u00e9n, para seguir adelante\u00bb, manifest\u00f3.<\/p>\n<p>En una rueda de prensa con la situaci\u00f3n de<strong> Gareth Bale<\/strong> como tema principal, el t\u00e9cnico franc\u00e9s asegur\u00f3 que <strong>el gal\u00e9s est\u00e1 \u00abbien\u00bb y \u00ablisto para jugar\u00bb<\/strong>, pero no adelant\u00f3 si estar\u00e1 en la lista de convocados para el duelo en El Sadar. \u00abEs verdad que en las \u00faltimas convocatorias no ha estado por cosas. Tengo que elegir. Ma\u00f1ana hay otro partido, vamos a tener m\u00e1s y voy a contar con Gareth. Sabemos lo que nos puede aportar. Yo lo que quiero es que est\u00e9 bien para jugar\u00bb, indic\u00f3.<\/p>\n<p><strong>\u00abTeniendo 25 jugadores, tengo que hacer cada partido una convocatoria. No hay ning\u00fan problema con \u00e9l y va a seguir trabajando como est\u00e1 haciendo. Vamos a contar con \u00e9l\u00bb<\/strong>, dijo. \u00abNo hay soluci\u00f3n porque no hay problema. No significa nada que en las dos \u00faltimas convocatorias no haya sido convocado. S\u00e9 que Gareth nos va a dar algo antes del final de temporada\u00bb, continu\u00f3.<\/p>\n<p>Adem\u00e1s, resalt\u00f3 que el jugador quiere \u00abentrenar y pelear\u00bb. \u00abHay momentos donde \u00e9l no est\u00e1, como las \u00faltimas convocatorias, pero eso no significa nada. Es nuestro jugador y voy a contar con \u00e9l hasta el final\u00bb, se\u00f1al\u00f3. \u00abEl problema lo tengo yo. Lo que tienen que hacer los jugadores es estar disponibles 100% para jugar\u00bb, y reiter\u00f3 que no ser\u00eda \u00abning\u00fan problema\u00bb que quisiese cumplir su contrato, que finaliza en 2022.<\/p>\n<p>En otro orden de cosas, sali\u00f3 en defensa del lateral brasile\u00f1o Marcelo, muy cuestionado por el partido de Copa. \u00abMarcelo lo dio todo en el campo el otro d\u00eda. Sab\u00e9is que el problema es cuando perdemos un partido: que uno no estaba listo, que es malo&#8230; La gente se dio cuenta de que Marcelo lo dio todo en el campo\u00bb, subray\u00f3.<\/p>\n<p>\u00ab<strong>Marcelo es un jugador importante<\/strong>, siempre lo ha demostrado y lo demostrar\u00e1 hasta el final. Es muy dif\u00edcil rendir 50-60 partidos al mismo nivel, hay momentos en la temporada y hay que aceptarlo\u00bb, prosigui\u00f3.<\/p>\n<p>Por \u00faltimo, <strong>sobre el choque ante Osasuna<\/strong>, advirti\u00f3 del peligro del conjunto navarro. \u00abSabemos el partido que vamos a tener ma\u00f1ana. Es otro partido complicado en un campo complicado, ante un rival que lo est\u00e1 haciendo muy bien. Sabemos las dificultades que vamos a tener, pero estamos preparados para hacer un partido fuerte y darlo todo en el campo.<strong> Es otra final<\/strong>\u00ab, concluy\u00f3.<\/p>\n","protected":false},"excerpt":{"rendered":"<p>(Europa Press) &#8211;\u00a0El entrenador del Real Madrid, Zin\u00e9dine Zidane, ha reconocido que le \u00abduelen\u00bb las cr\u00edticas a sus jugadores, en especial a Marcelo, tras la eliminaci\u00f3n en cuartos de final de la Copa del Rey ante la Real Sociedad, sobre todo porque \u00ablo dan todo en el campo\u00bb, y ha explicado respecto a la situaci\u00f3n [&hellip;]<\/p>\n","protected":false},"author":1,"featured_media":1057146,"comment_status":"closed","ping_status":"closed","sticky":false,"template":"","format":"standard","meta":{"footnotes":""},"categories":[190],"tags":[],"class_list":["post-1057145","post","type-post","status-publish","format-standard","has-post-thumbnail","hentry","category-deportes"],"aioseo_notices":[],"aioseo_head":"\n\t\t<!-- All in One SEO Pro 4.9.6.2 - aioseo.com -->\n\t<meta name=\"description\" content=\"(Europa Press) - El entrenador del Real Madrid, Zin\u00e9dine Zidane, ha reconocido que le &quot;duelen&quot; las cr\u00edticas a sus jugadores, en especial a Marcelo, tras la eliminaci\u00f3n en cuartos de final de la Copa del Rey ante la Real Sociedad, sobre todo porque &quot;lo dan todo en el campo&quot;, y ha explicado respecto a la situaci\u00f3n\" \/>\n\t<meta name=\"robots\" content=\"max-image-preview:large\" \/>\n\t<meta name=\"author\" content=\"El Digital de Asturias\"\/>\n\t<meta name=\"google-site-verification\" content=\"UA-38556648-1\" \/>\n\t<meta name=\"msvalidate.01\" content=\"7dfe9f3f1b24437ab69f4f2559babe99\" \/>\n\t<meta name=\"keywords\" content=\"deportes\" \/>\n\t<link rel=\"canonical\" href=\"https:\/\/www.eldigitaldeasturias.com\/noticias\/zidane-contra-osasuna-jugamos-otra-final\/\" \/>\n\t<meta name=\"generator\" content=\"All in One SEO Pro (AIOSEO) 4.9.6.2\" \/>\n\t\t<meta property=\"og:locale\" content=\"es_ES\" \/>\n\t\t<meta property=\"og:site_name\" content=\"El Digital de Asturias\" \/>\n\t\t<meta property=\"og:type\" content=\"article\" \/>\n\t\t<meta property=\"og:title\" content=\"Zidane: \u201cContra Osasuna jugamos otra final\u201d - El Digital de Asturias\" \/>\n\t\t<meta property=\"og:description\" content=\"(Europa Press) - El entrenador del Real Madrid, Zin\u00e9dine Zidane, ha reconocido que le &quot;duelen&quot; las cr\u00edticas a sus jugadores, en especial a Marcelo, tras la eliminaci\u00f3n en cuartos de final de la Copa del Rey ante la Real Sociedad, sobre todo porque &quot;lo dan todo en el campo&quot;, y ha explicado respecto a la situaci\u00f3n\" \/>\n\t\t<meta property=\"og:url\" content=\"https:\/\/www.eldigitaldeasturias.com\/noticias\/zidane-contra-osasuna-jugamos-otra-final\/\" \/>\n\t\t<meta property=\"og:image\" content=\"https:\/\/www.eldigitaldeasturias.com\/noticias\/wp-content\/uploads\/2020\/02\/zidane-dpa.jpg\" \/>\n\t\t<meta property=\"og:image:secure_url\" content=\"https:\/\/www.eldigitaldeasturias.com\/noticias\/wp-content\/uploads\/2020\/02\/zidane-dpa.jpg\" \/>\n\t\t<meta property=\"og:image:width\" content=\"952\" \/>\n\t\t<meta property=\"og:image:height\" content=\"671\" \/>\n\t\t<meta property=\"article:tag\" content=\"deportes\" \/>\n\t\t<meta property=\"article:published_time\" content=\"2020-02-08T20:36:05+00:00\" \/>\n\t\t<meta property=\"article:modified_time\" content=\"2020-02-08T20:36:05+00:00\" \/>\n\t\t<meta property=\"article:publisher\" content=\"https:\/\/facebook.com\/eldigitaldeasturias\" \/>\n\t\t<meta name=\"twitter:card\" content=\"summary_large_image\" \/>\n\t\t<meta name=\"twitter:title\" content=\"Zidane: \u201cContra Osasuna jugamos otra final\u201d - El Digital de Asturias\" \/>\n\t\t<meta name=\"twitter:description\" content=\"(Europa Press) - El entrenador del Real Madrid, Zin\u00e9dine Zidane, ha reconocido que le &quot;duelen&quot; las cr\u00edticas a sus jugadores, en especial a Marcelo, tras la eliminaci\u00f3n en cuartos de final de la Copa del Rey ante la Real Sociedad, sobre todo porque &quot;lo dan todo en el campo&quot;, y ha explicado respecto a la situaci\u00f3n\" \/>\n\t\t<meta name=\"twitter:image\" content=\"https:\/\/www.eldigitaldeasturias.com\/noticias\/wp-content\/uploads\/2020\/02\/zidane-dpa.jpg\" \/>\n\t\t<meta name=\"twitter:label1\" content=\"Escrito por\" \/>\n\t\t<meta name=\"twitter:data1\" content=\"El Digital de Asturias\" \/>\n\t\t<meta name=\"twitter:label2\" content=\"Tiempo de lectura estimado\" \/>\n\t\t<meta name=\"twitter:data2\" content=\"3 minutos\" \/>\n\t\t<script type=\"application\/ld+json\" class=\"aioseo-schema\">\n\t\t\t{\"@context\":\"https:\\\/\\\/schema.org\",\"@graph\":[{\"@type\":\"BlogPosting\",\"@id\":\"https:\\\/\\\/www.eldigitaldeasturias.com\\\/noticias\\\/zidane-contra-osasuna-jugamos-otra-final\\\/#blogposting\",\"name\":\"Zidane: \\u201cContra Osasuna jugamos otra final\\u201d - El Digital de Asturias\",\"headline\":\"Zidane: \\u201cContra Osasuna jugamos otra final\\u201d\",\"author\":{\"@id\":\"https:\\\/\\\/www.eldigitaldeasturias.com\\\/noticias\\\/author\\\/admin\\\/#author\"},\"publisher\":{\"@id\":\"https:\\\/\\\/www.eldigitaldeasturias.com\\\/noticias\\\/#organization\"},\"image\":{\"@type\":\"ImageObject\",\"url\":\"https:\\\/\\\/www.eldigitaldeasturias.com\\\/noticias\\\/wp-content\\\/uploads\\\/2020\\\/02\\\/zidane-dpa.jpg\",\"width\":952,\"height\":671,\"caption\":\"Foto: Manu Reino\\\/SOPA Images via ZUMA Wire\\\/dpa\"},\"datePublished\":\"2020-02-08T20:36:05+01:00\",\"dateModified\":\"2020-02-08T20:36:05+01:00\",\"inLanguage\":\"es-ES\",\"mainEntityOfPage\":{\"@id\":\"https:\\\/\\\/www.eldigitaldeasturias.com\\\/noticias\\\/zidane-contra-osasuna-jugamos-otra-final\\\/#webpage\"},\"isPartOf\":{\"@id\":\"https:\\\/\\\/www.eldigitaldeasturias.com\\\/noticias\\\/zidane-contra-osasuna-jugamos-otra-final\\\/#webpage\"},\"articleSection\":\"Deportes\"},{\"@type\":\"BreadcrumbList\",\"@id\":\"https:\\\/\\\/www.eldigitaldeasturias.com\\\/noticias\\\/zidane-contra-osasuna-jugamos-otra-final\\\/#breadcrumblist\",\"itemListElement\":[{\"@type\":\"ListItem\",\"@id\":\"https:\\\/\\\/www.eldigitaldeasturias.com\\\/noticias#listItem\",\"position\":1,\"name\":\"Home\",\"item\":\"https:\\\/\\\/www.eldigitaldeasturias.com\\\/noticias\",\"nextItem\":{\"@type\":\"ListItem\",\"@id\":\"https:\\\/\\\/www.eldigitaldeasturias.com\\\/noticias\\\/category\\\/deportes\\\/#listItem\",\"name\":\"Deportes\"}},{\"@type\":\"ListItem\",\"@id\":\"https:\\\/\\\/www.eldigitaldeasturias.com\\\/noticias\\\/category\\\/deportes\\\/#listItem\",\"position\":2,\"name\":\"Deportes\",\"item\":\"https:\\\/\\\/www.eldigitaldeasturias.com\\\/noticias\\\/category\\\/deportes\\\/\",\"nextItem\":{\"@type\":\"ListItem\",\"@id\":\"https:\\\/\\\/www.eldigitaldeasturias.com\\\/noticias\\\/zidane-contra-osasuna-jugamos-otra-final\\\/#listItem\",\"name\":\"Zidane: \\u201cContra Osasuna jugamos otra final\\u201d\"},\"previousItem\":{\"@type\":\"ListItem\",\"@id\":\"https:\\\/\\\/www.eldigitaldeasturias.com\\\/noticias#listItem\",\"name\":\"Home\"}},{\"@type\":\"ListItem\",\"@id\":\"https:\\\/\\\/www.eldigitaldeasturias.com\\\/noticias\\\/zidane-contra-osasuna-jugamos-otra-final\\\/#listItem\",\"position\":3,\"name\":\"Zidane: \\u201cContra Osasuna jugamos otra final\\u201d\",\"previousItem\":{\"@type\":\"ListItem\",\"@id\":\"https:\\\/\\\/www.eldigitaldeasturias.com\\\/noticias\\\/category\\\/deportes\\\/#listItem\",\"name\":\"Deportes\"}}]},{\"@type\":\"Organization\",\"@id\":\"https:\\\/\\\/www.eldigitaldeasturias.com\\\/noticias\\\/#organization\",\"name\":\"El Digital de Asturias\",\"description\":\"Hemeroteca\",\"url\":\"https:\\\/\\\/www.eldigitaldeasturias.com\\\/noticias\\\/\",\"email\":\"info@eldigitaldeasturias.com\",\"telephone\":\"+34652131393\",\"logo\":{\"@type\":\"ImageObject\",\"url\":\"https:\\\/\\\/www.eldigitaldeasturias.com\\\/noticias\\\/wp-content\\\/uploads\\\/2020\\\/12\\\/EDA.jpg\",\"@id\":\"https:\\\/\\\/www.eldigitaldeasturias.com\\\/noticias\\\/zidane-contra-osasuna-jugamos-otra-final\\\/#organizationLogo\",\"width\":649,\"height\":297},\"image\":{\"@id\":\"https:\\\/\\\/www.eldigitaldeasturias.com\\\/noticias\\\/zidane-contra-osasuna-jugamos-otra-final\\\/#organizationLogo\"},\"sameAs\":[\"https:\\\/\\\/facebook.com\\\/eldigitaldeasturias\",\"https:\\\/\\\/www.youtube.com\\\/channel\\\/UCZP-2wLEB9Rv6erhFmqVnvg\"],\"address\":{\"@id\":\"https:\\\/\\\/www.eldigitaldeasturias.com\\\/noticias\\\/#postaladdress\",\"@type\":\"PostalAddress\",\"streetAddress\":\"san antonio 4,\",\"postalCode\":\"33430\",\"addressLocality\":\"Cand\\u00e1s\",\"addressRegion\":\"Asturias\",\"addressCountry\":\"ES\"}},{\"@type\":\"Person\",\"@id\":\"https:\\\/\\\/www.eldigitaldeasturias.com\\\/noticias\\\/author\\\/admin\\\/#author\",\"url\":\"https:\\\/\\\/www.eldigitaldeasturias.com\\\/noticias\\\/author\\\/admin\\\/\",\"name\":\"El Digital de Asturias\",\"image\":{\"@type\":\"ImageObject\",\"@id\":\"https:\\\/\\\/www.eldigitaldeasturias.com\\\/noticias\\\/zidane-contra-osasuna-jugamos-otra-final\\\/#authorImage\",\"url\":\"https:\\\/\\\/www.eldigitaldeasturias.com\\\/noticias\\\/wp-content\\\/litespeed\\\/avatar\\\/18677e78aa0546b92d9dbf31ec7d7668.jpg?ver=1777290358\",\"width\":96,\"height\":96,\"caption\":\"El Digital de Asturias\"}},{\"@type\":\"WebPage\",\"@id\":\"https:\\\/\\\/www.eldigitaldeasturias.com\\\/noticias\\\/zidane-contra-osasuna-jugamos-otra-final\\\/#webpage\",\"url\":\"https:\\\/\\\/www.eldigitaldeasturias.com\\\/noticias\\\/zidane-contra-osasuna-jugamos-otra-final\\\/\",\"name\":\"Zidane: \\u201cContra Osasuna jugamos otra final\\u201d - El Digital de Asturias\",\"description\":\"(Europa Press) - El entrenador del Real Madrid, Zin\\u00e9dine Zidane, ha reconocido que le \\\"duelen\\\" las cr\\u00edticas a sus jugadores, en especial a Marcelo, tras la eliminaci\\u00f3n en cuartos de final de la Copa del Rey ante la Real Sociedad, sobre todo porque \\\"lo dan todo en el campo\\\", y ha explicado respecto a la situaci\\u00f3n\",\"inLanguage\":\"es-ES\",\"isPartOf\":{\"@id\":\"https:\\\/\\\/www.eldigitaldeasturias.com\\\/noticias\\\/#website\"},\"breadcrumb\":{\"@id\":\"https:\\\/\\\/www.eldigitaldeasturias.com\\\/noticias\\\/zidane-contra-osasuna-jugamos-otra-final\\\/#breadcrumblist\"},\"author\":{\"@id\":\"https:\\\/\\\/www.eldigitaldeasturias.com\\\/noticias\\\/author\\\/admin\\\/#author\"},\"creator\":{\"@id\":\"https:\\\/\\\/www.eldigitaldeasturias.com\\\/noticias\\\/author\\\/admin\\\/#author\"},\"image\":{\"@type\":\"ImageObject\",\"url\":\"https:\\\/\\\/www.eldigitaldeasturias.com\\\/noticias\\\/wp-content\\\/uploads\\\/2020\\\/02\\\/zidane-dpa.jpg\",\"@id\":\"https:\\\/\\\/www.eldigitaldeasturias.com\\\/noticias\\\/zidane-contra-osasuna-jugamos-otra-final\\\/#mainImage\",\"width\":952,\"height\":671,\"caption\":\"Foto: Manu Reino\\\/SOPA Images via ZUMA Wire\\\/dpa\"},\"primaryImageOfPage\":{\"@id\":\"https:\\\/\\\/www.eldigitaldeasturias.com\\\/noticias\\\/zidane-contra-osasuna-jugamos-otra-final\\\/#mainImage\"},\"datePublished\":\"2020-02-08T20:36:05+01:00\",\"dateModified\":\"2020-02-08T20:36:05+01:00\"},{\"@type\":\"WebSite\",\"@id\":\"https:\\\/\\\/www.eldigitaldeasturias.com\\\/noticias\\\/#website\",\"url\":\"https:\\\/\\\/www.eldigitaldeasturias.com\\\/noticias\\\/\",\"name\":\"El Digital de Asturias - Diario de actualidad y noticias\",\"alternateName\":\"El Digital de Asturias - Diario de actualidad y noticias\",\"description\":\"Hemeroteca\",\"inLanguage\":\"es-ES\",\"publisher\":{\"@id\":\"https:\\\/\\\/www.eldigitaldeasturias.com\\\/noticias\\\/#organization\"}}]}\n\t\t<\/script>\n\t\t<!-- All in One SEO Pro -->\r\n\t\t<title>Zidane: \u201cContra Osasuna jugamos otra final\u201d - El Digital de Asturias<\/title>\n\n","aioseo_head_json":{"title":"Zidane: \u201cContra Osasuna jugamos otra final\u201d - El Digital de Asturias","description":"(Europa Press) - El entrenador del Real Madrid, Zin\u00e9dine Zidane, ha reconocido que le \"duelen\" las cr\u00edticas a sus jugadores, en especial a Marcelo, tras la eliminaci\u00f3n en cuartos de final de la Copa del Rey ante la Real Sociedad, sobre todo porque \"lo dan todo en el campo\", y ha explicado respecto a la situaci\u00f3n","canonical_url":"https:\/\/www.eldigitaldeasturias.com\/noticias\/zidane-contra-osasuna-jugamos-otra-final\/","robots":"max-image-preview:large","keywords":"deportes","webmasterTools":{"google-site-verification":"UA-38556648-1","msvalidate.01":"7dfe9f3f1b24437ab69f4f2559babe99","miscellaneous":""},"schema":{"@context":"https:\/\/schema.org","@graph":[{"@type":"BlogPosting","@id":"https:\/\/www.eldigitaldeasturias.com\/noticias\/zidane-contra-osasuna-jugamos-otra-final\/#blogposting","name":"Zidane: \u201cContra Osasuna jugamos otra final\u201d - El Digital de Asturias","headline":"Zidane: \u201cContra Osasuna jugamos otra final\u201d","author":{"@id":"https:\/\/www.eldigitaldeasturias.com\/noticias\/author\/admin\/#author"},"publisher":{"@id":"https:\/\/www.eldigitaldeasturias.com\/noticias\/#organization"},"image":{"@type":"ImageObject","url":"https:\/\/www.eldigitaldeasturias.com\/noticias\/wp-content\/uploads\/2020\/02\/zidane-dpa.jpg","width":952,"height":671,"caption":"Foto: Manu Reino\/SOPA Images via ZUMA Wire\/dpa"},"datePublished":"2020-02-08T20:36:05+01:00","dateModified":"2020-02-08T20:36:05+01:00","inLanguage":"es-ES","mainEntityOfPage":{"@id":"https:\/\/www.eldigitaldeasturias.com\/noticias\/zidane-contra-osasuna-jugamos-otra-final\/#webpage"},"isPartOf":{"@id":"https:\/\/www.eldigitaldeasturias.com\/noticias\/zidane-contra-osasuna-jugamos-otra-final\/#webpage"},"articleSection":"Deportes"},{"@type":"BreadcrumbList","@id":"https:\/\/www.eldigitaldeasturias.com\/noticias\/zidane-contra-osasuna-jugamos-otra-final\/#breadcrumblist","itemListElement":[{"@type":"ListItem","@id":"https:\/\/www.eldigitaldeasturias.com\/noticias#listItem","position":1,"name":"Home","item":"https:\/\/www.eldigitaldeasturias.com\/noticias","nextItem":{"@type":"ListItem","@id":"https:\/\/www.eldigitaldeasturias.com\/noticias\/category\/deportes\/#listItem","name":"Deportes"}},{"@type":"ListItem","@id":"https:\/\/www.eldigitaldeasturias.com\/noticias\/category\/deportes\/#listItem","position":2,"name":"Deportes","item":"https:\/\/www.eldigitaldeasturias.com\/noticias\/category\/deportes\/","nextItem":{"@type":"ListItem","@id":"https:\/\/www.eldigitaldeasturias.com\/noticias\/zidane-contra-osasuna-jugamos-otra-final\/#listItem","name":"Zidane: \u201cContra Osasuna jugamos otra final\u201d"},"previousItem":{"@type":"ListItem","@id":"https:\/\/www.eldigitaldeasturias.com\/noticias#listItem","name":"Home"}},{"@type":"ListItem","@id":"https:\/\/www.eldigitaldeasturias.com\/noticias\/zidane-contra-osasuna-jugamos-otra-final\/#listItem","position":3,"name":"Zidane: \u201cContra Osasuna jugamos otra final\u201d","previousItem":{"@type":"ListItem","@id":"https:\/\/www.eldigitaldeasturias.com\/noticias\/category\/deportes\/#listItem","name":"Deportes"}}]},{"@type":"Organization","@id":"https:\/\/www.eldigitaldeasturias.com\/noticias\/#organization","name":"El Digital de Asturias","description":"Hemeroteca","url":"https:\/\/www.eldigitaldeasturias.com\/noticias\/","email":"info@eldigitaldeasturias.com","telephone":"+34652131393","logo":{"@type":"ImageObject","url":"https:\/\/www.eldigitaldeasturias.com\/noticias\/wp-content\/uploads\/2020\/12\/EDA.jpg","@id":"https:\/\/www.eldigitaldeasturias.com\/noticias\/zidane-contra-osasuna-jugamos-otra-final\/#organizationLogo","width":649,"height":297},"image":{"@id":"https:\/\/www.eldigitaldeasturias.com\/noticias\/zidane-contra-osasuna-jugamos-otra-final\/#organizationLogo"},"sameAs":["https:\/\/facebook.com\/eldigitaldeasturias","https:\/\/www.youtube.com\/channel\/UCZP-2wLEB9Rv6erhFmqVnvg"],"address":{"@id":"https:\/\/www.eldigitaldeasturias.com\/noticias\/#postaladdress","@type":"PostalAddress","streetAddress":"san antonio 4,","postalCode":"33430","addressLocality":"Cand\u00e1s","addressRegion":"Asturias","addressCountry":"ES"}},{"@type":"Person","@id":"https:\/\/www.eldigitaldeasturias.com\/noticias\/author\/admin\/#author","url":"https:\/\/www.eldigitaldeasturias.com\/noticias\/author\/admin\/","name":"El Digital de Asturias","image":{"@type":"ImageObject","@id":"https:\/\/www.eldigitaldeasturias.com\/noticias\/zidane-contra-osasuna-jugamos-otra-final\/#authorImage","url":"https:\/\/www.eldigitaldeasturias.com\/noticias\/wp-content\/litespeed\/avatar\/18677e78aa0546b92d9dbf31ec7d7668.jpg?ver=1777290358","width":96,"height":96,"caption":"El Digital de Asturias"}},{"@type":"WebPage","@id":"https:\/\/www.eldigitaldeasturias.com\/noticias\/zidane-contra-osasuna-jugamos-otra-final\/#webpage","url":"https:\/\/www.eldigitaldeasturias.com\/noticias\/zidane-contra-osasuna-jugamos-otra-final\/","name":"Zidane: \u201cContra Osasuna jugamos otra final\u201d - El Digital de Asturias","description":"(Europa Press) - El entrenador del Real Madrid, Zin\u00e9dine Zidane, ha reconocido que le \"duelen\" las cr\u00edticas a sus jugadores, en especial a Marcelo, tras la eliminaci\u00f3n en cuartos de final de la Copa del Rey ante la Real Sociedad, sobre todo porque \"lo dan todo en el campo\", y ha explicado respecto a la situaci\u00f3n","inLanguage":"es-ES","isPartOf":{"@id":"https:\/\/www.eldigitaldeasturias.com\/noticias\/#website"},"breadcrumb":{"@id":"https:\/\/www.eldigitaldeasturias.com\/noticias\/zidane-contra-osasuna-jugamos-otra-final\/#breadcrumblist"},"author":{"@id":"https:\/\/www.eldigitaldeasturias.com\/noticias\/author\/admin\/#author"},"creator":{"@id":"https:\/\/www.eldigitaldeasturias.com\/noticias\/author\/admin\/#author"},"image":{"@type":"ImageObject","url":"https:\/\/www.eldigitaldeasturias.com\/noticias\/wp-content\/uploads\/2020\/02\/zidane-dpa.jpg","@id":"https:\/\/www.eldigitaldeasturias.com\/noticias\/zidane-contra-osasuna-jugamos-otra-final\/#mainImage","width":952,"height":671,"caption":"Foto: Manu Reino\/SOPA Images via ZUMA Wire\/dpa"},"primaryImageOfPage":{"@id":"https:\/\/www.eldigitaldeasturias.com\/noticias\/zidane-contra-osasuna-jugamos-otra-final\/#mainImage"},"datePublished":"2020-02-08T20:36:05+01:00","dateModified":"2020-02-08T20:36:05+01:00"},{"@type":"WebSite","@id":"https:\/\/www.eldigitaldeasturias.com\/noticias\/#website","url":"https:\/\/www.eldigitaldeasturias.com\/noticias\/","name":"El Digital de Asturias - Diario de actualidad y noticias","alternateName":"El Digital de Asturias - Diario de actualidad y noticias","description":"Hemeroteca","inLanguage":"es-ES","publisher":{"@id":"https:\/\/www.eldigitaldeasturias.com\/noticias\/#organization"}}]},"og:locale":"es_ES","og:site_name":"El Digital de Asturias","og:type":"article","og:title":"Zidane: \u201cContra Osasuna jugamos otra final\u201d - El Digital de Asturias","og:description":"(Europa Press) - El entrenador del Real Madrid, Zin\u00e9dine Zidane, ha reconocido que le &quot;duelen&quot; las cr\u00edticas a sus jugadores, en especial a Marcelo, tras la eliminaci\u00f3n en cuartos de final de la Copa del Rey ante la Real Sociedad, sobre todo porque &quot;lo dan todo en el campo&quot;, y ha explicado respecto a la situaci\u00f3n","og:url":"https:\/\/www.eldigitaldeasturias.com\/noticias\/zidane-contra-osasuna-jugamos-otra-final\/","og:image":"https:\/\/www.eldigitaldeasturias.com\/noticias\/wp-content\/uploads\/2020\/02\/zidane-dpa.jpg","og:image:secure_url":"https:\/\/www.eldigitaldeasturias.com\/noticias\/wp-content\/uploads\/2020\/02\/zidane-dpa.jpg","og:image:width":952,"og:image:height":671,"article:tag":["deportes"],"article:published_time":"2020-02-08T20:36:05+00:00","article:modified_time":"2020-02-08T20:36:05+00:00","article:publisher":"https:\/\/facebook.com\/eldigitaldeasturias","twitter:card":"summary_large_image","twitter:title":"Zidane: \u201cContra Osasuna jugamos otra final\u201d - El Digital de Asturias","twitter:description":"(Europa Press) - El entrenador del Real Madrid, Zin\u00e9dine Zidane, ha reconocido que le &quot;duelen&quot; las cr\u00edticas a sus jugadores, en especial a Marcelo, tras la eliminaci\u00f3n en cuartos de final de la Copa del Rey ante la Real Sociedad, sobre todo porque &quot;lo dan todo en el campo&quot;, y ha explicado respecto a la situaci\u00f3n","twitter:image":"https:\/\/www.eldigitaldeasturias.com\/noticias\/wp-content\/uploads\/2020\/02\/zidane-dpa.jpg","twitter:label1":"Escrito por","twitter:data1":"El Digital de Asturias","twitter:label2":"Tiempo de lectura estimado","twitter:data2":"3 minutos"},"aioseo_meta_data":{"post_id":"1057145","title":null,"description":null,"keywords":null,"keyphrases":null,"primary_term":null,"canonical_url":null,"og_title":null,"og_description":null,"og_object_type":"default","og_image_type":"default","og_image_url":null,"og_image_width":null,"og_image_height":null,"og_image_custom_url":null,"og_image_custom_fields":null,"og_video":null,"og_custom_url":null,"og_article_section":null,"og_article_tags":null,"twitter_use_og":false,"twitter_card":"default","twitter_image_type":"default","twitter_image_url":null,"twitter_image_custom_url":null,"twitter_image_custom_fields":null,"twitter_title":null,"twitter_description":null,"schema":{"blockGraphs":[],"customGraphs":[],"default":{"data":{"Article":[],"Course":[],"Dataset":[],"FAQPage":[],"Movie":[],"Person":[],"Product":[],"ProductReview":[],"Car":[],"Recipe":[],"Service":[],"SoftwareApplication":[],"WebPage":[]},"graphName":"","isEnabled":true},"graphs":[],"defaultGraph":"","defaultPostTypeGraph":""},"schema_type":null,"schema_type_options":null,"pillar_content":false,"robots_default":true,"robots_noindex":false,"robots_noarchive":false,"robots_nosnippet":false,"robots_nofollow":false,"robots_noimageindex":false,"robots_noodp":false,"robots_notranslate":false,"robots_max_snippet":null,"robots_max_videopreview":null,"robots_max_imagepreview":"large","priority":null,"frequency":null,"local_seo":null,"seo_analyzer_scan_date":"2025-10-31 00:55:39","breadcrumb_settings":null,"limit_modified_date":false,"open_ai":null,"ai":null,"created":"2020-12-21 10:55:35","updated":"2025-10-31 00:55:39"},"aioseo_breadcrumb":"<div class=\"aioseo-breadcrumbs\"><span class=\"aioseo-breadcrumb\">\n\t<a href=\"https:\/\/www.eldigitaldeasturias.com\/noticias\" title=\"Home\">Home<\/a>\n<\/span><span class=\"aioseo-breadcrumb-separator\">\u2013<\/span><span class=\"aioseo-breadcrumb\">\n\t<a href=\"https:\/\/www.eldigitaldeasturias.com\/noticias\/category\/deportes\/\" title=\"Deportes\">Deportes<\/a>\n<\/span><span class=\"aioseo-breadcrumb-separator\">\u2013<\/span><span class=\"aioseo-breadcrumb\">\n\t<a href=\"https:\/\/www.eldigitaldeasturias.com\/noticias\/zidane-contra-osasuna-jugamos-otra-final\/\" title=\"Zidane: \u201cContra Osasuna jugamos otra final\u201d\">Zidane: \u201cContra Osasuna jugamos otra final\u201d<\/a>\n<\/span><\/div>","aioseo_breadcrumb_json":[{"label":"Home","link":"https:\/\/www.eldigitaldeasturias.com\/noticias"},{"label":"Deportes","link":"https:\/\/www.eldigitaldeasturias.com\/noticias\/category\/deportes\/"},{"label":"Zidane: \u201cContra Osasuna jugamos otra final\u201d","link":"https:\/\/www.eldigitaldeasturias.com\/noticias\/zidane-contra-osasuna-jugamos-otra-final\/"}],"_links":{"self":[{"href":"https:\/\/www.eldigitaldeasturias.com\/noticias\/wp-json\/wp\/v2\/posts\/1057145","targetHints":{"allow":["GET"]}}],"collection":[{"href":"https:\/\/www.eldigitaldeasturias.com\/noticias\/wp-json\/wp\/v2\/posts"}],"about":[{"href":"https:\/\/www.eldigitaldeasturias.com\/noticias\/wp-json\/wp\/v2\/types\/post"}],"author":[{"embeddable":true,"href":"https:\/\/www.eldigitaldeasturias.com\/noticias\/wp-json\/wp\/v2\/users\/1"}],"replies":[{"embeddable":true,"href":"https:\/\/www.eldigitaldeasturias.com\/noticias\/wp-json\/wp\/v2\/comments?post=1057145"}],"version-history":[{"count":0,"href":"https:\/\/www.eldigitaldeasturias.com\/noticias\/wp-json\/wp\/v2\/posts\/1057145\/revisions"}],"wp:featuredmedia":[{"embeddable":true,"href":"https:\/\/www.eldigitaldeasturias.com\/noticias\/wp-json\/wp\/v2\/media\/1057146"}],"wp:attachment":[{"href":"https:\/\/www.eldigitaldeasturias.com\/noticias\/wp-json\/wp\/v2\/media?parent=1057145"}],"wp:term":[{"taxonomy":"category","embeddable":true,"href":"https:\/\/www.eldigitaldeasturias.com\/noticias\/wp-json\/wp\/v2\/categories?post=1057145"},{"taxonomy":"post_tag","embeddable":true,"href":"https:\/\/www.eldigitaldeasturias.com\/noticias\/wp-json\/wp\/v2\/tags?post=1057145"}],"curies":[{"name":"wp","href":"https:\/\/api.w.org\/{rel}","templated":true}]}}