{"id":1057105,"date":"2020-02-08T16:32:51","date_gmt":"2020-02-08T16:32:51","guid":{"rendered":"https:\/\/www.eldigitaldeasturias.com\/noticias\/?p=1057105"},"modified":"2020-02-08T16:32:51","modified_gmt":"2020-02-08T16:32:51","slug":"planas-estamos-en-un-momento-clave-para-avanzar-en-la-digitalizacion","status":"publish","type":"post","link":"https:\/\/www.eldigitaldeasturias.com\/noticias\/planas-estamos-en-un-momento-clave-para-avanzar-en-la-digitalizacion\/","title":{"rendered":"Planas: \u00abEstamos en un momento clave para avanzar en la digitalizaci\u00f3n\u00bb"},"content":{"rendered":"<p><img loading=\"lazy\" decoding=\"async\" class=\"alignleft size-medium wp-image-1057106\" src=\"https:\/\/www.eldigitaldeasturias.com\/noticias\/wp-content\/uploads\/2020\/02\/050220-planas-360x239.jpg\" alt=\"\" width=\"360\" height=\"239\" srcset=\"https:\/\/www.eldigitaldeasturias.com\/noticias\/wp-content\/uploads\/2020\/02\/050220-planas-360x239.jpg 360w, https:\/\/www.eldigitaldeasturias.com\/noticias\/wp-content\/uploads\/2020\/02\/050220-planas-452x300.jpg 452w, https:\/\/www.eldigitaldeasturias.com\/noticias\/wp-content\/uploads\/2020\/02\/050220-planas.jpg 512w\" sizes=\"auto, (max-width: 360px) 100vw, 360px\" \/>El ministro de Agricultura, Pesca y Alimentaci\u00f3n, Luis Planas, ha participado, en Aranjuez, en la inauguraci\u00f3n del <strong>seminario Desarrollo de Habilidades Digitales en la Agricultura<\/strong>, organizado por la Comisi\u00f3n Europea, la Asociaci\u00f3n Europea para la Innovaci\u00f3n en la Agricultura (EIP-Agri) y el Ministerio de Agricultura, Pesca y Alimentaci\u00f3n.<\/p>\n<p>En su intervenci\u00f3n, el ministro se ha referido a las manifestaciones de agricultores y ganaderos de estos d\u00edas en defensa de sus intereses. Ante un auditorio internacional,<strong> ha se\u00f1alado que estas llamadas de atenci\u00f3n de los productores son similares a las protestas que se han sucedido en pa\u00edses como Francia, Alemania o Pa\u00edses Bajos<\/strong>.<\/p>\n<p>Ante esta situaci\u00f3n,<strong> el ministro ha pedido un esfuerzo al conjunto de la sociedad para lograr una mejor retribuci\u00f3n por sus productos<\/strong> y tambi\u00e9n un mayor reconocimiento social a su labor.<\/p>\n<p>Seg\u00fan ha recalcado, la sociedad est\u00e1 cambiando, como lo hacen tambi\u00e9n las formas de producir, y la digitalizaci\u00f3n jugar\u00e1 un papel clave para afrontar este cambio, en el que hay que ir de la mano de agricultores y ganaderos, de la gente que produce los alimentos.<\/p>\n<h3>Transformaci\u00f3n digital<\/h3>\n<p>El ministro ha insistido en que estamos en un momento clave para avanzar en la digitalizaci\u00f3n, para mejorar la vida en el medio rural, y en la implantaci\u00f3n de un modelo de agricultura m\u00e1s sostenible que permita producir m\u00e1s y mejor, con la utilizaci\u00f3n de menos recursos.<\/p>\n<p>Para ello, los agricultores y ganaderos de la Uni\u00f3n Europea van a contar con herramientas tan importantes como el Pacto Verde Europeo y la Pol\u00edtica Agr\u00edcola Com\u00fan, que van a permitir optimizar los procesos, mejorar la toma de decisiones y, en definitiva, seguir produciendo alimentos sanos, de calidad y a precios razonables. Tambi\u00e9n van a contribuir a mejorar el reparto del valor a\u00f1adido a lo largo de la cadena de valor, al facilitar los intercambios y la transparencia de los procesos.<\/p>\n<p>Adem\u00e1s, el ministro ha asegurado que Espa\u00f1a cuenta con un sector agroalimentario comprometido con la transformaci\u00f3n digital que, junto con las administraciones y otros sectores, est\u00e1 creando estructuras, aplicaciones y diferentes actuaciones para impulsar este proceso. Ejemplo de ello es el Foro sobre transformaci\u00f3n digital y Big Data (Datagri), que ha contado con m\u00e1s de 2.000 participantes en su cuarta edici\u00f3n.<\/p>\n<h3>Estrategia espa\u00f1ola de digitalizaci\u00f3n<\/h3>\n<p>En este contexto, Planas ha se\u00f1alado que el impulso de la innovaci\u00f3n y la digitalizaci\u00f3n del sector agrario ha sido una de sus prioridades desde que est\u00e1 al frente de este Ministerio. As\u00ed, desde 2019 est\u00e1 en marcha la Estrategia Espa\u00f1ola de Digitalizaci\u00f3n del Sector Agroalimentario y Forestal y del Medio Rural, pionera en Europa, entre cuyos objetivos se encuentra reducir la brecha digital, fomentar el uso de los datos e impulsar el desarrollo empresarial y los nuevos modelos de negocio.<\/p>\n<p>En este marco, el Plan de Acci\u00f3n 2019-2020 tiene ya un avanzado nivel de desarrollo, con medidas orientadas a la formaci\u00f3n, la adquisici\u00f3n de competencias digitales o el intercambio e interacci\u00f3n entre los centros de innovaci\u00f3n digital.<\/p>\n<p>Asimismo, el ministro ha destacado que Espa\u00f1a es uno de los pa\u00edses que m\u00e1s presupuesto destina a apoyar la innovaci\u00f3n en el marco de la PAC. De esta forma, nuestro pa\u00eds destina m\u00e1s de 120 millones de euros para respaldar la cooperaci\u00f3n en innovaci\u00f3n de la iniciativa europea EIP-Agri. Se trata de una iniciativa de gran inter\u00e9s que en la \u00faltima convocatoria registr\u00f3 m\u00e1s de 250 solicitudes, de las que 100 abordaban innovaciones en el \u00e1mbito de la digitalizaci\u00f3n y el uso de big data. Este a\u00f1o se publicar\u00e1 una nueva convocatoria por importe de 14 millones de euros.<\/p>\n<p>Adem\u00e1s, Planas ha mostrado el gran inter\u00e9s de su Departamento en fomentar aspectos como la formaci\u00f3n y la transferencia de conocimientos, para que la innovaci\u00f3n y la digitalizaci\u00f3n sean exitosas, inclusivas y justas, sin dejar a nadie atr\u00e1s.<\/p>\n<p>&nbsp;<\/p>\n","protected":false},"excerpt":{"rendered":"<p>El ministro de Agricultura, Pesca y Alimentaci\u00f3n, Luis Planas, ha participado, en Aranjuez, en la inauguraci\u00f3n del seminario Desarrollo de Habilidades Digitales en la Agricultura, organizado por la Comisi\u00f3n Europea, la Asociaci\u00f3n Europea para la Innovaci\u00f3n en la Agricultura (EIP-Agri) y el Ministerio de Agricultura, Pesca y Alimentaci\u00f3n. En su intervenci\u00f3n, el ministro se ha [&hellip;]<\/p>\n","protected":false},"author":1,"featured_media":1057106,"comment_status":"closed","ping_status":"closed","sticky":false,"template":"","format":"standard","meta":{"footnotes":""},"categories":[187],"tags":[],"class_list":["post-1057105","post","type-post","status-publish","format-standard","has-post-thumbnail","hentry","category-economia"],"aioseo_notices":[],"aioseo_head":"\n\t\t<!-- All in One SEO Pro 4.9.6.2 - aioseo.com -->\n\t<meta name=\"description\" content=\"El ministro de Agricultura, Pesca y Alimentaci\u00f3n, Luis Planas, ha participado, en Aranjuez, en la inauguraci\u00f3n del seminario Desarrollo de Habilidades Digitales en la Agricultura, organizado por la Comisi\u00f3n Europea, la Asociaci\u00f3n Europea para la Innovaci\u00f3n en la Agricultura (EIP-Agri) y el Ministerio de Agricultura, Pesca y Alimentaci\u00f3n. En su intervenci\u00f3n, el ministro se ha\" \/>\n\t<meta name=\"robots\" content=\"max-image-preview:large\" \/>\n\t<meta name=\"author\" content=\"El Digital de Asturias\"\/>\n\t<meta name=\"google-site-verification\" content=\"UA-38556648-1\" \/>\n\t<meta name=\"msvalidate.01\" content=\"7dfe9f3f1b24437ab69f4f2559babe99\" \/>\n\t<meta name=\"keywords\" content=\"econom\u00eda\" \/>\n\t<link rel=\"canonical\" href=\"https:\/\/www.eldigitaldeasturias.com\/noticias\/planas-estamos-en-un-momento-clave-para-avanzar-en-la-digitalizacion\/\" \/>\n\t<meta name=\"generator\" content=\"All in One SEO Pro (AIOSEO) 4.9.6.2\" \/>\n\t\t<meta property=\"og:locale\" content=\"es_ES\" \/>\n\t\t<meta property=\"og:site_name\" content=\"El Digital de Asturias\" \/>\n\t\t<meta property=\"og:type\" content=\"article\" \/>\n\t\t<meta property=\"og:title\" content=\"Planas: \u00abEstamos en un momento clave para avanzar en la digitalizaci\u00f3n\u00bb - El Digital de Asturias\" \/>\n\t\t<meta property=\"og:description\" content=\"El ministro de Agricultura, Pesca y Alimentaci\u00f3n, Luis Planas, ha participado, en Aranjuez, en la inauguraci\u00f3n del seminario Desarrollo de Habilidades Digitales en la Agricultura, organizado por la Comisi\u00f3n Europea, la Asociaci\u00f3n Europea para la Innovaci\u00f3n en la Agricultura (EIP-Agri) y el Ministerio de Agricultura, Pesca y Alimentaci\u00f3n. En su intervenci\u00f3n, el ministro se ha\" \/>\n\t\t<meta property=\"og:url\" content=\"https:\/\/www.eldigitaldeasturias.com\/noticias\/planas-estamos-en-un-momento-clave-para-avanzar-en-la-digitalizacion\/\" \/>\n\t\t<meta property=\"og:image\" content=\"https:\/\/www.eldigitaldeasturias.com\/noticias\/wp-content\/uploads\/2020\/02\/050220-planas.jpg\" \/>\n\t\t<meta property=\"og:image:secure_url\" content=\"https:\/\/www.eldigitaldeasturias.com\/noticias\/wp-content\/uploads\/2020\/02\/050220-planas.jpg\" \/>\n\t\t<meta property=\"og:image:width\" content=\"512\" \/>\n\t\t<meta property=\"og:image:height\" content=\"340\" \/>\n\t\t<meta property=\"article:tag\" content=\"econom\u00eda\" \/>\n\t\t<meta property=\"article:published_time\" content=\"2020-02-08T16:32:51+00:00\" \/>\n\t\t<meta property=\"article:modified_time\" content=\"2020-02-08T16:32:51+00:00\" \/>\n\t\t<meta property=\"article:publisher\" content=\"https:\/\/facebook.com\/eldigitaldeasturias\" \/>\n\t\t<meta name=\"twitter:card\" content=\"summary_large_image\" \/>\n\t\t<meta name=\"twitter:title\" content=\"Planas: \u00abEstamos en un momento clave para avanzar en la digitalizaci\u00f3n\u00bb - El Digital de Asturias\" \/>\n\t\t<meta name=\"twitter:description\" content=\"El ministro de Agricultura, Pesca y Alimentaci\u00f3n, Luis Planas, ha participado, en Aranjuez, en la inauguraci\u00f3n del seminario Desarrollo de Habilidades Digitales en la Agricultura, organizado por la Comisi\u00f3n Europea, la Asociaci\u00f3n Europea para la Innovaci\u00f3n en la Agricultura (EIP-Agri) y el Ministerio de Agricultura, Pesca y Alimentaci\u00f3n. En su intervenci\u00f3n, el ministro se ha\" \/>\n\t\t<meta name=\"twitter:image\" content=\"https:\/\/www.eldigitaldeasturias.com\/noticias\/wp-content\/uploads\/2020\/02\/050220-planas.jpg\" \/>\n\t\t<meta name=\"twitter:label1\" content=\"Escrito por\" \/>\n\t\t<meta name=\"twitter:data1\" content=\"El Digital de Asturias\" \/>\n\t\t<meta name=\"twitter:label2\" content=\"Tiempo de lectura estimado\" \/>\n\t\t<meta name=\"twitter:data2\" content=\"3 minutos\" \/>\n\t\t<script type=\"application\/ld+json\" class=\"aioseo-schema\">\n\t\t\t{\"@context\":\"https:\\\/\\\/schema.org\",\"@graph\":[{\"@type\":\"BlogPosting\",\"@id\":\"https:\\\/\\\/www.eldigitaldeasturias.com\\\/noticias\\\/planas-estamos-en-un-momento-clave-para-avanzar-en-la-digitalizacion\\\/#blogposting\",\"name\":\"Planas: \\u00abEstamos en un momento clave para avanzar en la digitalizaci\\u00f3n\\u00bb - El Digital de Asturias\",\"headline\":\"Planas: \\u00abEstamos en un momento clave para avanzar en la digitalizaci\\u00f3n\\u00bb\",\"author\":{\"@id\":\"https:\\\/\\\/www.eldigitaldeasturias.com\\\/noticias\\\/author\\\/admin\\\/#author\"},\"publisher\":{\"@id\":\"https:\\\/\\\/www.eldigitaldeasturias.com\\\/noticias\\\/#organization\"},\"image\":{\"@type\":\"ImageObject\",\"url\":\"https:\\\/\\\/www.eldigitaldeasturias.com\\\/noticias\\\/wp-content\\\/uploads\\\/2020\\\/02\\\/050220-planas.jpg\",\"width\":512,\"height\":340},\"datePublished\":\"2020-02-08T16:32:51+01:00\",\"dateModified\":\"2020-02-08T16:32:51+01:00\",\"inLanguage\":\"es-ES\",\"mainEntityOfPage\":{\"@id\":\"https:\\\/\\\/www.eldigitaldeasturias.com\\\/noticias\\\/planas-estamos-en-un-momento-clave-para-avanzar-en-la-digitalizacion\\\/#webpage\"},\"isPartOf\":{\"@id\":\"https:\\\/\\\/www.eldigitaldeasturias.com\\\/noticias\\\/planas-estamos-en-un-momento-clave-para-avanzar-en-la-digitalizacion\\\/#webpage\"},\"articleSection\":\"Econom\\u00eda\"},{\"@type\":\"BreadcrumbList\",\"@id\":\"https:\\\/\\\/www.eldigitaldeasturias.com\\\/noticias\\\/planas-estamos-en-un-momento-clave-para-avanzar-en-la-digitalizacion\\\/#breadcrumblist\",\"itemListElement\":[{\"@type\":\"ListItem\",\"@id\":\"https:\\\/\\\/www.eldigitaldeasturias.com\\\/noticias#listItem\",\"position\":1,\"name\":\"Home\",\"item\":\"https:\\\/\\\/www.eldigitaldeasturias.com\\\/noticias\",\"nextItem\":{\"@type\":\"ListItem\",\"@id\":\"https:\\\/\\\/www.eldigitaldeasturias.com\\\/noticias\\\/category\\\/economia\\\/#listItem\",\"name\":\"Econom\\u00eda\"}},{\"@type\":\"ListItem\",\"@id\":\"https:\\\/\\\/www.eldigitaldeasturias.com\\\/noticias\\\/category\\\/economia\\\/#listItem\",\"position\":2,\"name\":\"Econom\\u00eda\",\"item\":\"https:\\\/\\\/www.eldigitaldeasturias.com\\\/noticias\\\/category\\\/economia\\\/\",\"nextItem\":{\"@type\":\"ListItem\",\"@id\":\"https:\\\/\\\/www.eldigitaldeasturias.com\\\/noticias\\\/planas-estamos-en-un-momento-clave-para-avanzar-en-la-digitalizacion\\\/#listItem\",\"name\":\"Planas: \\u00abEstamos en un momento clave para avanzar en la digitalizaci\\u00f3n\\u00bb\"},\"previousItem\":{\"@type\":\"ListItem\",\"@id\":\"https:\\\/\\\/www.eldigitaldeasturias.com\\\/noticias#listItem\",\"name\":\"Home\"}},{\"@type\":\"ListItem\",\"@id\":\"https:\\\/\\\/www.eldigitaldeasturias.com\\\/noticias\\\/planas-estamos-en-un-momento-clave-para-avanzar-en-la-digitalizacion\\\/#listItem\",\"position\":3,\"name\":\"Planas: \\u00abEstamos en un momento clave para avanzar en la digitalizaci\\u00f3n\\u00bb\",\"previousItem\":{\"@type\":\"ListItem\",\"@id\":\"https:\\\/\\\/www.eldigitaldeasturias.com\\\/noticias\\\/category\\\/economia\\\/#listItem\",\"name\":\"Econom\\u00eda\"}}]},{\"@type\":\"Organization\",\"@id\":\"https:\\\/\\\/www.eldigitaldeasturias.com\\\/noticias\\\/#organization\",\"name\":\"El Digital de Asturias\",\"description\":\"Hemeroteca\",\"url\":\"https:\\\/\\\/www.eldigitaldeasturias.com\\\/noticias\\\/\",\"email\":\"info@eldigitaldeasturias.com\",\"telephone\":\"+34652131393\",\"logo\":{\"@type\":\"ImageObject\",\"url\":\"https:\\\/\\\/www.eldigitaldeasturias.com\\\/noticias\\\/wp-content\\\/uploads\\\/2020\\\/12\\\/EDA.jpg\",\"@id\":\"https:\\\/\\\/www.eldigitaldeasturias.com\\\/noticias\\\/planas-estamos-en-un-momento-clave-para-avanzar-en-la-digitalizacion\\\/#organizationLogo\",\"width\":649,\"height\":297},\"image\":{\"@id\":\"https:\\\/\\\/www.eldigitaldeasturias.com\\\/noticias\\\/planas-estamos-en-un-momento-clave-para-avanzar-en-la-digitalizacion\\\/#organizationLogo\"},\"sameAs\":[\"https:\\\/\\\/facebook.com\\\/eldigitaldeasturias\",\"https:\\\/\\\/www.youtube.com\\\/channel\\\/UCZP-2wLEB9Rv6erhFmqVnvg\"],\"address\":{\"@id\":\"https:\\\/\\\/www.eldigitaldeasturias.com\\\/noticias\\\/#postaladdress\",\"@type\":\"PostalAddress\",\"streetAddress\":\"san antonio 4,\",\"postalCode\":\"33430\",\"addressLocality\":\"Cand\\u00e1s\",\"addressRegion\":\"Asturias\",\"addressCountry\":\"ES\"}},{\"@type\":\"Person\",\"@id\":\"https:\\\/\\\/www.eldigitaldeasturias.com\\\/noticias\\\/author\\\/admin\\\/#author\",\"url\":\"https:\\\/\\\/www.eldigitaldeasturias.com\\\/noticias\\\/author\\\/admin\\\/\",\"name\":\"El Digital de Asturias\",\"image\":{\"@type\":\"ImageObject\",\"@id\":\"https:\\\/\\\/www.eldigitaldeasturias.com\\\/noticias\\\/planas-estamos-en-un-momento-clave-para-avanzar-en-la-digitalizacion\\\/#authorImage\",\"url\":\"https:\\\/\\\/www.eldigitaldeasturias.com\\\/noticias\\\/wp-content\\\/litespeed\\\/avatar\\\/18677e78aa0546b92d9dbf31ec7d7668.jpg?ver=1777290358\",\"width\":96,\"height\":96,\"caption\":\"El Digital de Asturias\"}},{\"@type\":\"WebPage\",\"@id\":\"https:\\\/\\\/www.eldigitaldeasturias.com\\\/noticias\\\/planas-estamos-en-un-momento-clave-para-avanzar-en-la-digitalizacion\\\/#webpage\",\"url\":\"https:\\\/\\\/www.eldigitaldeasturias.com\\\/noticias\\\/planas-estamos-en-un-momento-clave-para-avanzar-en-la-digitalizacion\\\/\",\"name\":\"Planas: \\u00abEstamos en un momento clave para avanzar en la digitalizaci\\u00f3n\\u00bb - El Digital de Asturias\",\"description\":\"El ministro de Agricultura, Pesca y Alimentaci\\u00f3n, Luis Planas, ha participado, en Aranjuez, en la inauguraci\\u00f3n del seminario Desarrollo de Habilidades Digitales en la Agricultura, organizado por la Comisi\\u00f3n Europea, la Asociaci\\u00f3n Europea para la Innovaci\\u00f3n en la Agricultura (EIP-Agri) y el Ministerio de Agricultura, Pesca y Alimentaci\\u00f3n. En su intervenci\\u00f3n, el ministro se ha\",\"inLanguage\":\"es-ES\",\"isPartOf\":{\"@id\":\"https:\\\/\\\/www.eldigitaldeasturias.com\\\/noticias\\\/#website\"},\"breadcrumb\":{\"@id\":\"https:\\\/\\\/www.eldigitaldeasturias.com\\\/noticias\\\/planas-estamos-en-un-momento-clave-para-avanzar-en-la-digitalizacion\\\/#breadcrumblist\"},\"author\":{\"@id\":\"https:\\\/\\\/www.eldigitaldeasturias.com\\\/noticias\\\/author\\\/admin\\\/#author\"},\"creator\":{\"@id\":\"https:\\\/\\\/www.eldigitaldeasturias.com\\\/noticias\\\/author\\\/admin\\\/#author\"},\"image\":{\"@type\":\"ImageObject\",\"url\":\"https:\\\/\\\/www.eldigitaldeasturias.com\\\/noticias\\\/wp-content\\\/uploads\\\/2020\\\/02\\\/050220-planas.jpg\",\"@id\":\"https:\\\/\\\/www.eldigitaldeasturias.com\\\/noticias\\\/planas-estamos-en-un-momento-clave-para-avanzar-en-la-digitalizacion\\\/#mainImage\",\"width\":512,\"height\":340},\"primaryImageOfPage\":{\"@id\":\"https:\\\/\\\/www.eldigitaldeasturias.com\\\/noticias\\\/planas-estamos-en-un-momento-clave-para-avanzar-en-la-digitalizacion\\\/#mainImage\"},\"datePublished\":\"2020-02-08T16:32:51+01:00\",\"dateModified\":\"2020-02-08T16:32:51+01:00\"},{\"@type\":\"WebSite\",\"@id\":\"https:\\\/\\\/www.eldigitaldeasturias.com\\\/noticias\\\/#website\",\"url\":\"https:\\\/\\\/www.eldigitaldeasturias.com\\\/noticias\\\/\",\"name\":\"El Digital de Asturias - Diario de actualidad y noticias\",\"alternateName\":\"El Digital de Asturias - Diario de actualidad y noticias\",\"description\":\"Hemeroteca\",\"inLanguage\":\"es-ES\",\"publisher\":{\"@id\":\"https:\\\/\\\/www.eldigitaldeasturias.com\\\/noticias\\\/#organization\"}}]}\n\t\t<\/script>\n\t\t<!-- All in One SEO Pro -->\r\n\t\t<title>Planas: \u00abEstamos en un momento clave para avanzar en la digitalizaci\u00f3n\u00bb - El Digital de Asturias<\/title>\n\n","aioseo_head_json":{"title":"Planas: \u00abEstamos en un momento clave para avanzar en la digitalizaci\u00f3n\u00bb - El Digital de Asturias","description":"El ministro de Agricultura, Pesca y Alimentaci\u00f3n, Luis Planas, ha participado, en Aranjuez, en la inauguraci\u00f3n del seminario Desarrollo de Habilidades Digitales en la Agricultura, organizado por la Comisi\u00f3n Europea, la Asociaci\u00f3n Europea para la Innovaci\u00f3n en la Agricultura (EIP-Agri) y el Ministerio de Agricultura, Pesca y Alimentaci\u00f3n. En su intervenci\u00f3n, el ministro se ha","canonical_url":"https:\/\/www.eldigitaldeasturias.com\/noticias\/planas-estamos-en-un-momento-clave-para-avanzar-en-la-digitalizacion\/","robots":"max-image-preview:large","keywords":"econom\u00eda","webmasterTools":{"google-site-verification":"UA-38556648-1","msvalidate.01":"7dfe9f3f1b24437ab69f4f2559babe99","miscellaneous":""},"schema":{"@context":"https:\/\/schema.org","@graph":[{"@type":"BlogPosting","@id":"https:\/\/www.eldigitaldeasturias.com\/noticias\/planas-estamos-en-un-momento-clave-para-avanzar-en-la-digitalizacion\/#blogposting","name":"Planas: \u00abEstamos en un momento clave para avanzar en la digitalizaci\u00f3n\u00bb - El Digital de Asturias","headline":"Planas: \u00abEstamos en un momento clave para avanzar en la digitalizaci\u00f3n\u00bb","author":{"@id":"https:\/\/www.eldigitaldeasturias.com\/noticias\/author\/admin\/#author"},"publisher":{"@id":"https:\/\/www.eldigitaldeasturias.com\/noticias\/#organization"},"image":{"@type":"ImageObject","url":"https:\/\/www.eldigitaldeasturias.com\/noticias\/wp-content\/uploads\/2020\/02\/050220-planas.jpg","width":512,"height":340},"datePublished":"2020-02-08T16:32:51+01:00","dateModified":"2020-02-08T16:32:51+01:00","inLanguage":"es-ES","mainEntityOfPage":{"@id":"https:\/\/www.eldigitaldeasturias.com\/noticias\/planas-estamos-en-un-momento-clave-para-avanzar-en-la-digitalizacion\/#webpage"},"isPartOf":{"@id":"https:\/\/www.eldigitaldeasturias.com\/noticias\/planas-estamos-en-un-momento-clave-para-avanzar-en-la-digitalizacion\/#webpage"},"articleSection":"Econom\u00eda"},{"@type":"BreadcrumbList","@id":"https:\/\/www.eldigitaldeasturias.com\/noticias\/planas-estamos-en-un-momento-clave-para-avanzar-en-la-digitalizacion\/#breadcrumblist","itemListElement":[{"@type":"ListItem","@id":"https:\/\/www.eldigitaldeasturias.com\/noticias#listItem","position":1,"name":"Home","item":"https:\/\/www.eldigitaldeasturias.com\/noticias","nextItem":{"@type":"ListItem","@id":"https:\/\/www.eldigitaldeasturias.com\/noticias\/category\/economia\/#listItem","name":"Econom\u00eda"}},{"@type":"ListItem","@id":"https:\/\/www.eldigitaldeasturias.com\/noticias\/category\/economia\/#listItem","position":2,"name":"Econom\u00eda","item":"https:\/\/www.eldigitaldeasturias.com\/noticias\/category\/economia\/","nextItem":{"@type":"ListItem","@id":"https:\/\/www.eldigitaldeasturias.com\/noticias\/planas-estamos-en-un-momento-clave-para-avanzar-en-la-digitalizacion\/#listItem","name":"Planas: \u00abEstamos en un momento clave para avanzar en la digitalizaci\u00f3n\u00bb"},"previousItem":{"@type":"ListItem","@id":"https:\/\/www.eldigitaldeasturias.com\/noticias#listItem","name":"Home"}},{"@type":"ListItem","@id":"https:\/\/www.eldigitaldeasturias.com\/noticias\/planas-estamos-en-un-momento-clave-para-avanzar-en-la-digitalizacion\/#listItem","position":3,"name":"Planas: \u00abEstamos en un momento clave para avanzar en la digitalizaci\u00f3n\u00bb","previousItem":{"@type":"ListItem","@id":"https:\/\/www.eldigitaldeasturias.com\/noticias\/category\/economia\/#listItem","name":"Econom\u00eda"}}]},{"@type":"Organization","@id":"https:\/\/www.eldigitaldeasturias.com\/noticias\/#organization","name":"El Digital de Asturias","description":"Hemeroteca","url":"https:\/\/www.eldigitaldeasturias.com\/noticias\/","email":"info@eldigitaldeasturias.com","telephone":"+34652131393","logo":{"@type":"ImageObject","url":"https:\/\/www.eldigitaldeasturias.com\/noticias\/wp-content\/uploads\/2020\/12\/EDA.jpg","@id":"https:\/\/www.eldigitaldeasturias.com\/noticias\/planas-estamos-en-un-momento-clave-para-avanzar-en-la-digitalizacion\/#organizationLogo","width":649,"height":297},"image":{"@id":"https:\/\/www.eldigitaldeasturias.com\/noticias\/planas-estamos-en-un-momento-clave-para-avanzar-en-la-digitalizacion\/#organizationLogo"},"sameAs":["https:\/\/facebook.com\/eldigitaldeasturias","https:\/\/www.youtube.com\/channel\/UCZP-2wLEB9Rv6erhFmqVnvg"],"address":{"@id":"https:\/\/www.eldigitaldeasturias.com\/noticias\/#postaladdress","@type":"PostalAddress","streetAddress":"san antonio 4,","postalCode":"33430","addressLocality":"Cand\u00e1s","addressRegion":"Asturias","addressCountry":"ES"}},{"@type":"Person","@id":"https:\/\/www.eldigitaldeasturias.com\/noticias\/author\/admin\/#author","url":"https:\/\/www.eldigitaldeasturias.com\/noticias\/author\/admin\/","name":"El Digital de Asturias","image":{"@type":"ImageObject","@id":"https:\/\/www.eldigitaldeasturias.com\/noticias\/planas-estamos-en-un-momento-clave-para-avanzar-en-la-digitalizacion\/#authorImage","url":"https:\/\/www.eldigitaldeasturias.com\/noticias\/wp-content\/litespeed\/avatar\/18677e78aa0546b92d9dbf31ec7d7668.jpg?ver=1777290358","width":96,"height":96,"caption":"El Digital de Asturias"}},{"@type":"WebPage","@id":"https:\/\/www.eldigitaldeasturias.com\/noticias\/planas-estamos-en-un-momento-clave-para-avanzar-en-la-digitalizacion\/#webpage","url":"https:\/\/www.eldigitaldeasturias.com\/noticias\/planas-estamos-en-un-momento-clave-para-avanzar-en-la-digitalizacion\/","name":"Planas: \u00abEstamos en un momento clave para avanzar en la digitalizaci\u00f3n\u00bb - El Digital de Asturias","description":"El ministro de Agricultura, Pesca y Alimentaci\u00f3n, Luis Planas, ha participado, en Aranjuez, en la inauguraci\u00f3n del seminario Desarrollo de Habilidades Digitales en la Agricultura, organizado por la Comisi\u00f3n Europea, la Asociaci\u00f3n Europea para la Innovaci\u00f3n en la Agricultura (EIP-Agri) y el Ministerio de Agricultura, Pesca y Alimentaci\u00f3n. En su intervenci\u00f3n, el ministro se ha","inLanguage":"es-ES","isPartOf":{"@id":"https:\/\/www.eldigitaldeasturias.com\/noticias\/#website"},"breadcrumb":{"@id":"https:\/\/www.eldigitaldeasturias.com\/noticias\/planas-estamos-en-un-momento-clave-para-avanzar-en-la-digitalizacion\/#breadcrumblist"},"author":{"@id":"https:\/\/www.eldigitaldeasturias.com\/noticias\/author\/admin\/#author"},"creator":{"@id":"https:\/\/www.eldigitaldeasturias.com\/noticias\/author\/admin\/#author"},"image":{"@type":"ImageObject","url":"https:\/\/www.eldigitaldeasturias.com\/noticias\/wp-content\/uploads\/2020\/02\/050220-planas.jpg","@id":"https:\/\/www.eldigitaldeasturias.com\/noticias\/planas-estamos-en-un-momento-clave-para-avanzar-en-la-digitalizacion\/#mainImage","width":512,"height":340},"primaryImageOfPage":{"@id":"https:\/\/www.eldigitaldeasturias.com\/noticias\/planas-estamos-en-un-momento-clave-para-avanzar-en-la-digitalizacion\/#mainImage"},"datePublished":"2020-02-08T16:32:51+01:00","dateModified":"2020-02-08T16:32:51+01:00"},{"@type":"WebSite","@id":"https:\/\/www.eldigitaldeasturias.com\/noticias\/#website","url":"https:\/\/www.eldigitaldeasturias.com\/noticias\/","name":"El Digital de Asturias - Diario de actualidad y noticias","alternateName":"El Digital de Asturias - Diario de actualidad y noticias","description":"Hemeroteca","inLanguage":"es-ES","publisher":{"@id":"https:\/\/www.eldigitaldeasturias.com\/noticias\/#organization"}}]},"og:locale":"es_ES","og:site_name":"El Digital de Asturias","og:type":"article","og:title":"Planas: \u00abEstamos en un momento clave para avanzar en la digitalizaci\u00f3n\u00bb - El Digital de Asturias","og:description":"El ministro de Agricultura, Pesca y Alimentaci\u00f3n, Luis Planas, ha participado, en Aranjuez, en la inauguraci\u00f3n del seminario Desarrollo de Habilidades Digitales en la Agricultura, organizado por la Comisi\u00f3n Europea, la Asociaci\u00f3n Europea para la Innovaci\u00f3n en la Agricultura (EIP-Agri) y el Ministerio de Agricultura, Pesca y Alimentaci\u00f3n. En su intervenci\u00f3n, el ministro se ha","og:url":"https:\/\/www.eldigitaldeasturias.com\/noticias\/planas-estamos-en-un-momento-clave-para-avanzar-en-la-digitalizacion\/","og:image":"https:\/\/www.eldigitaldeasturias.com\/noticias\/wp-content\/uploads\/2020\/02\/050220-planas.jpg","og:image:secure_url":"https:\/\/www.eldigitaldeasturias.com\/noticias\/wp-content\/uploads\/2020\/02\/050220-planas.jpg","og:image:width":512,"og:image:height":340,"article:tag":["econom\u00eda"],"article:published_time":"2020-02-08T16:32:51+00:00","article:modified_time":"2020-02-08T16:32:51+00:00","article:publisher":"https:\/\/facebook.com\/eldigitaldeasturias","twitter:card":"summary_large_image","twitter:title":"Planas: \u00abEstamos en un momento clave para avanzar en la digitalizaci\u00f3n\u00bb - El Digital de Asturias","twitter:description":"El ministro de Agricultura, Pesca y Alimentaci\u00f3n, Luis Planas, ha participado, en Aranjuez, en la inauguraci\u00f3n del seminario Desarrollo de Habilidades Digitales en la Agricultura, organizado por la Comisi\u00f3n Europea, la Asociaci\u00f3n Europea para la Innovaci\u00f3n en la Agricultura (EIP-Agri) y el Ministerio de Agricultura, Pesca y Alimentaci\u00f3n. En su intervenci\u00f3n, el ministro se ha","twitter:image":"https:\/\/www.eldigitaldeasturias.com\/noticias\/wp-content\/uploads\/2020\/02\/050220-planas.jpg","twitter:label1":"Escrito por","twitter:data1":"El Digital de Asturias","twitter:label2":"Tiempo de lectura estimado","twitter:data2":"3 minutos"},"aioseo_meta_data":{"post_id":"1057105","title":null,"description":null,"keywords":null,"keyphrases":null,"primary_term":null,"canonical_url":null,"og_title":null,"og_description":null,"og_object_type":"default","og_image_type":"default","og_image_url":null,"og_image_width":null,"og_image_height":null,"og_image_custom_url":null,"og_image_custom_fields":null,"og_video":null,"og_custom_url":null,"og_article_section":null,"og_article_tags":null,"twitter_use_og":false,"twitter_card":"default","twitter_image_type":"default","twitter_image_url":null,"twitter_image_custom_url":null,"twitter_image_custom_fields":null,"twitter_title":null,"twitter_description":null,"schema":{"blockGraphs":[],"customGraphs":[],"default":{"data":{"Article":[],"Course":[],"Dataset":[],"FAQPage":[],"Movie":[],"Person":[],"Product":[],"ProductReview":[],"Car":[],"Recipe":[],"Service":[],"SoftwareApplication":[],"WebPage":[]},"graphName":"","isEnabled":true},"graphs":[],"defaultGraph":"","defaultPostTypeGraph":""},"schema_type":null,"schema_type_options":null,"pillar_content":false,"robots_default":true,"robots_noindex":false,"robots_noarchive":false,"robots_nosnippet":false,"robots_nofollow":false,"robots_noimageindex":false,"robots_noodp":false,"robots_notranslate":false,"robots_max_snippet":null,"robots_max_videopreview":null,"robots_max_imagepreview":"large","priority":null,"frequency":null,"local_seo":null,"seo_analyzer_scan_date":"2025-10-31 00:43:38","breadcrumb_settings":null,"limit_modified_date":false,"open_ai":null,"ai":null,"created":"2020-12-21 10:55:42","updated":"2025-10-31 00:43:38"},"aioseo_breadcrumb":"<div class=\"aioseo-breadcrumbs\"><span class=\"aioseo-breadcrumb\">\n\t<a href=\"https:\/\/www.eldigitaldeasturias.com\/noticias\" title=\"Home\">Home<\/a>\n<\/span><span class=\"aioseo-breadcrumb-separator\">\u2013<\/span><span class=\"aioseo-breadcrumb\">\n\t<a href=\"https:\/\/www.eldigitaldeasturias.com\/noticias\/category\/economia\/\" title=\"Econom\u00eda\">Econom\u00eda<\/a>\n<\/span><span class=\"aioseo-breadcrumb-separator\">\u2013<\/span><span class=\"aioseo-breadcrumb\">\n\t<a href=\"https:\/\/www.eldigitaldeasturias.com\/noticias\/planas-estamos-en-un-momento-clave-para-avanzar-en-la-digitalizacion\/\" title=\"Planas: \u00abEstamos en un momento clave para avanzar en la digitalizaci\u00f3n\u00bb\">Planas: \u00abEstamos en un momento clave para avanzar en la digitalizaci\u00f3n\u00bb<\/a>\n<\/span><\/div>","aioseo_breadcrumb_json":[{"label":"Home","link":"https:\/\/www.eldigitaldeasturias.com\/noticias"},{"label":"Econom\u00eda","link":"https:\/\/www.eldigitaldeasturias.com\/noticias\/category\/economia\/"},{"label":"Planas: \u00abEstamos en un momento clave para avanzar en la digitalizaci\u00f3n\u00bb","link":"https:\/\/www.eldigitaldeasturias.com\/noticias\/planas-estamos-en-un-momento-clave-para-avanzar-en-la-digitalizacion\/"}],"_links":{"self":[{"href":"https:\/\/www.eldigitaldeasturias.com\/noticias\/wp-json\/wp\/v2\/posts\/1057105","targetHints":{"allow":["GET"]}}],"collection":[{"href":"https:\/\/www.eldigitaldeasturias.com\/noticias\/wp-json\/wp\/v2\/posts"}],"about":[{"href":"https:\/\/www.eldigitaldeasturias.com\/noticias\/wp-json\/wp\/v2\/types\/post"}],"author":[{"embeddable":true,"href":"https:\/\/www.eldigitaldeasturias.com\/noticias\/wp-json\/wp\/v2\/users\/1"}],"replies":[{"embeddable":true,"href":"https:\/\/www.eldigitaldeasturias.com\/noticias\/wp-json\/wp\/v2\/comments?post=1057105"}],"version-history":[{"count":0,"href":"https:\/\/www.eldigitaldeasturias.com\/noticias\/wp-json\/wp\/v2\/posts\/1057105\/revisions"}],"wp:featuredmedia":[{"embeddable":true,"href":"https:\/\/www.eldigitaldeasturias.com\/noticias\/wp-json\/wp\/v2\/media\/1057106"}],"wp:attachment":[{"href":"https:\/\/www.eldigitaldeasturias.com\/noticias\/wp-json\/wp\/v2\/media?parent=1057105"}],"wp:term":[{"taxonomy":"category","embeddable":true,"href":"https:\/\/www.eldigitaldeasturias.com\/noticias\/wp-json\/wp\/v2\/categories?post=1057105"},{"taxonomy":"post_tag","embeddable":true,"href":"https:\/\/www.eldigitaldeasturias.com\/noticias\/wp-json\/wp\/v2\/tags?post=1057105"}],"curies":[{"name":"wp","href":"https:\/\/api.w.org\/{rel}","templated":true}]}}