{"id":1057102,"date":"2020-02-08T16:29:57","date_gmt":"2020-02-08T16:29:57","guid":{"rendered":"https:\/\/www.eldigitaldeasturias.com\/noticias\/?p=1057102"},"modified":"2020-02-08T16:29:57","modified_gmt":"2020-02-08T16:29:57","slug":"segundo-encuentro-transversal-observatorio-2030","status":"publish","type":"post","link":"https:\/\/www.eldigitaldeasturias.com\/noticias\/segundo-encuentro-transversal-observatorio-2030\/","title":{"rendered":"Segundo Encuentro Transversal Observatorio 2030"},"content":{"rendered":"<p><img loading=\"lazy\" decoding=\"async\" class=\"alignleft size-medium wp-image-1057103\" src=\"https:\/\/www.eldigitaldeasturias.com\/noticias\/wp-content\/uploads\/2020\/02\/050220-abalos-360x239.jpg\" alt=\"\" width=\"360\" height=\"239\" srcset=\"https:\/\/www.eldigitaldeasturias.com\/noticias\/wp-content\/uploads\/2020\/02\/050220-abalos-360x239.jpg 360w, https:\/\/www.eldigitaldeasturias.com\/noticias\/wp-content\/uploads\/2020\/02\/050220-abalos-452x300.jpg 452w, https:\/\/www.eldigitaldeasturias.com\/noticias\/wp-content\/uploads\/2020\/02\/050220-abalos.jpg 512w\" sizes=\"auto, (max-width: 360px) 100vw, 360px\" \/>El ministro de Transportes, Movilidad y Agenda Urbana, Jos\u00e9 Luis \u00c1balos, ha inaugurado durante la semana en Valencia el <strong>\u00abII Encuentro Transversal Observatorio 2030\u00bb<\/strong> del Consejo Superior de Colegios de Arquitectos de Espa\u00f1a, donde ha se\u00f1alado que el prop\u00f3sito del Gobierno \u00abes favorecer el derecho efectivo a una vivienda digna y atajar los problemas del alquiler\u00bb.<\/p>\n<p>En su discurso, el ministro ha destacado la reorientaci\u00f3n que se est\u00e1 dando desde el Ministerio a las pol\u00edticas de vivienda, alineada con la visi\u00f3n m\u00e1s moderna que deben desempe\u00f1ar las ciudades y las \u00e1reas metropolitanas y que viene expuesto en la Agenda Urbana Espa\u00f1ola, que es el documento estrat\u00e9gico que recoge esta visi\u00f3n. <strong>Esto ha llevado al cambio de nombre del propio Ministerio y es acorde a los criterios de la Agenda 2030<\/strong>, la nueva Agenda Urbana de las Naciones Unidas y para la Uni\u00f3n Europea, seg\u00fan a\u00f1adi\u00f3.<\/p>\n<p>\u00c1balos ha insistido en que el Gobierno tiene entre sus prioridades hacer Pol\u00edtica Urbana y Pol\u00edtica de Vivienda, con una visi\u00f3n m\u00e1s integradora del desarrollo urbano, y ha valorado de forma muy positiva las distintas medidas puestas en marcha en el \u00faltimo a\u00f1o y medio en materia de vivienda, entre ellas el Real Decreto-ley de Medidas Urgentes para el alquiler, avalado recientemente por el Tribunal Constitucional.<\/p>\n<p>Este Real Decreto aborda los problemas desde una visi\u00f3n integral y est\u00e1 centrado en articular medidas fiscales y normativas para proteger al arrendatario a trav\u00e9s del aumento de los plazos de los contratos, con lo que se limitan las revisiones de precios, y en dar una mayor seguridad jur\u00eddica al arrendador, entre otras medidas.<\/p>\n<p>Adem\u00e1s, \u00c1balos ha recordado que desde el Ministerio <strong>\u00abse sigue trabajando en las actuaciones que tienen un enfoque m\u00e1s a medio plazo, como son el Plan 20.000, la movilizaci\u00f3n de suelo p\u00fablico y la agilizaci\u00f3n de las licencias urban\u00edsticas\u00bb<\/strong>. Tambi\u00e9n ha detallado \u00abque este Gobierno ha firmado 120 acuerdos para la construcci\u00f3n de 3.260 viviendas de alquiler asequible y se han aportado 55 millones de euros, que han servido, junto con las aportaciones de Comunidades Aut\u00f3nomas, Ayuntamientos y promotores privados, para movilizar una inversi\u00f3n total de 330 millones de euros\u00bb.<\/p>\n<p>Posteriormente, el ministro ha informado de que se est\u00e1 trabajando con Sepes para que \u00abse construyan unas 5.000 viviendas para el alquiler social\u00bb. Al mismo tiempo, ha detallado otros programas como el Plan de Rehabilitaci\u00f3n y Reforma que se quiere desgajar de los Planes Estatales de Vivienda para darle una visi\u00f3n integral con actuaciones en viviendas particulares. Esta actividad \u00abse debe impulsar porque es la manera de alcanzar mejoras ambientales, sociales y tecnol\u00f3gicas en nuestra trama urbana y donde se puede generar mucho empleo\u00bb, concluy\u00f3.<\/p>\n<h3>Actuaciones en Valencia<\/h3>\n<p>\u00c1balos no ha querido olvidar mencionar las dos actuaciones que se est\u00e1n llevando a cabo en Valencia, como son las del Parque de Artiller\u00eda y el Cuartel de Ingenieros, que totalizar\u00e1n casi 1.000 viviendas p\u00fablicas para el alquiler asequible. De hecho, el ministro ha informado de que en la actuaci\u00f3n del \u00abCuartel de Ingenieros\u00bb, se estima licitar las obras de urbanizaci\u00f3n dentro del primer trimestre de este a\u00f1o, mientras que se avanza en la redacci\u00f3n del pliego para la cesi\u00f3n del derecho de superficie.<\/p>\n<p>&nbsp;<\/p>\n","protected":false},"excerpt":{"rendered":"<p>El ministro de Transportes, Movilidad y Agenda Urbana, Jos\u00e9 Luis \u00c1balos, ha inaugurado durante la semana en Valencia el \u00abII Encuentro Transversal Observatorio 2030\u00bb del Consejo Superior de Colegios de Arquitectos de Espa\u00f1a, donde ha se\u00f1alado que el prop\u00f3sito del Gobierno \u00abes favorecer el derecho efectivo a una vivienda digna y atajar los problemas del [&hellip;]<\/p>\n","protected":false},"author":1,"featured_media":1057103,"comment_status":"closed","ping_status":"closed","sticky":false,"template":"","format":"standard","meta":{"footnotes":""},"categories":[187],"tags":[],"class_list":["post-1057102","post","type-post","status-publish","format-standard","has-post-thumbnail","hentry","category-economia"],"aioseo_notices":[],"aioseo_head":"\n\t\t<!-- All in One SEO Pro 4.9.6.2 - aioseo.com -->\n\t<meta name=\"description\" content=\"El ministro de Transportes, Movilidad y Agenda Urbana, Jos\u00e9 Luis \u00c1balos, ha inaugurado durante la semana en Valencia el &quot;II Encuentro Transversal Observatorio 2030&quot; del Consejo Superior de Colegios de Arquitectos de Espa\u00f1a, donde ha se\u00f1alado que el prop\u00f3sito del Gobierno &quot;es favorecer el derecho efectivo a una vivienda digna y atajar los problemas del\" \/>\n\t<meta name=\"robots\" content=\"max-image-preview:large\" \/>\n\t<meta name=\"author\" content=\"El Digital de Asturias\"\/>\n\t<meta name=\"google-site-verification\" content=\"UA-38556648-1\" \/>\n\t<meta name=\"msvalidate.01\" content=\"7dfe9f3f1b24437ab69f4f2559babe99\" \/>\n\t<meta name=\"keywords\" content=\"econom\u00eda\" \/>\n\t<link rel=\"canonical\" href=\"https:\/\/www.eldigitaldeasturias.com\/noticias\/segundo-encuentro-transversal-observatorio-2030\/\" \/>\n\t<meta name=\"generator\" content=\"All in One SEO Pro (AIOSEO) 4.9.6.2\" \/>\n\t\t<meta property=\"og:locale\" content=\"es_ES\" \/>\n\t\t<meta property=\"og:site_name\" content=\"El Digital de Asturias\" \/>\n\t\t<meta property=\"og:type\" content=\"article\" \/>\n\t\t<meta property=\"og:title\" content=\"Segundo Encuentro Transversal Observatorio 2030 - El Digital de Asturias\" \/>\n\t\t<meta property=\"og:description\" content=\"El ministro de Transportes, Movilidad y Agenda Urbana, Jos\u00e9 Luis \u00c1balos, ha inaugurado durante la semana en Valencia el &quot;II Encuentro Transversal Observatorio 2030&quot; del Consejo Superior de Colegios de Arquitectos de Espa\u00f1a, donde ha se\u00f1alado que el prop\u00f3sito del Gobierno &quot;es favorecer el derecho efectivo a una vivienda digna y atajar los problemas del\" \/>\n\t\t<meta property=\"og:url\" content=\"https:\/\/www.eldigitaldeasturias.com\/noticias\/segundo-encuentro-transversal-observatorio-2030\/\" \/>\n\t\t<meta property=\"og:image\" content=\"https:\/\/www.eldigitaldeasturias.com\/noticias\/wp-content\/uploads\/2020\/02\/050220-abalos.jpg\" \/>\n\t\t<meta property=\"og:image:secure_url\" content=\"https:\/\/www.eldigitaldeasturias.com\/noticias\/wp-content\/uploads\/2020\/02\/050220-abalos.jpg\" \/>\n\t\t<meta property=\"og:image:width\" content=\"512\" \/>\n\t\t<meta property=\"og:image:height\" content=\"340\" \/>\n\t\t<meta property=\"article:tag\" content=\"econom\u00eda\" \/>\n\t\t<meta property=\"article:published_time\" content=\"2020-02-08T16:29:57+00:00\" \/>\n\t\t<meta property=\"article:modified_time\" content=\"2020-02-08T16:29:57+00:00\" \/>\n\t\t<meta property=\"article:publisher\" content=\"https:\/\/facebook.com\/eldigitaldeasturias\" \/>\n\t\t<meta name=\"twitter:card\" content=\"summary_large_image\" \/>\n\t\t<meta name=\"twitter:title\" content=\"Segundo Encuentro Transversal Observatorio 2030 - El Digital de Asturias\" \/>\n\t\t<meta name=\"twitter:description\" content=\"El ministro de Transportes, Movilidad y Agenda Urbana, Jos\u00e9 Luis \u00c1balos, ha inaugurado durante la semana en Valencia el &quot;II Encuentro Transversal Observatorio 2030&quot; del Consejo Superior de Colegios de Arquitectos de Espa\u00f1a, donde ha se\u00f1alado que el prop\u00f3sito del Gobierno &quot;es favorecer el derecho efectivo a una vivienda digna y atajar los problemas del\" \/>\n\t\t<meta name=\"twitter:image\" content=\"https:\/\/www.eldigitaldeasturias.com\/noticias\/wp-content\/uploads\/2020\/02\/050220-abalos.jpg\" \/>\n\t\t<meta name=\"twitter:label1\" content=\"Escrito por\" \/>\n\t\t<meta name=\"twitter:data1\" content=\"El Digital de Asturias\" \/>\n\t\t<meta name=\"twitter:label2\" content=\"Tiempo de lectura estimado\" \/>\n\t\t<meta name=\"twitter:data2\" content=\"3 minutos\" \/>\n\t\t<script type=\"application\/ld+json\" class=\"aioseo-schema\">\n\t\t\t{\"@context\":\"https:\\\/\\\/schema.org\",\"@graph\":[{\"@type\":\"BlogPosting\",\"@id\":\"https:\\\/\\\/www.eldigitaldeasturias.com\\\/noticias\\\/segundo-encuentro-transversal-observatorio-2030\\\/#blogposting\",\"name\":\"Segundo Encuentro Transversal Observatorio 2030 - El Digital de Asturias\",\"headline\":\"Segundo Encuentro Transversal Observatorio 2030\",\"author\":{\"@id\":\"https:\\\/\\\/www.eldigitaldeasturias.com\\\/noticias\\\/author\\\/admin\\\/#author\"},\"publisher\":{\"@id\":\"https:\\\/\\\/www.eldigitaldeasturias.com\\\/noticias\\\/#organization\"},\"image\":{\"@type\":\"ImageObject\",\"url\":\"https:\\\/\\\/www.eldigitaldeasturias.com\\\/noticias\\\/wp-content\\\/uploads\\\/2020\\\/02\\\/050220-abalos.jpg\",\"width\":512,\"height\":340},\"datePublished\":\"2020-02-08T16:29:57+01:00\",\"dateModified\":\"2020-02-08T16:29:57+01:00\",\"inLanguage\":\"es-ES\",\"mainEntityOfPage\":{\"@id\":\"https:\\\/\\\/www.eldigitaldeasturias.com\\\/noticias\\\/segundo-encuentro-transversal-observatorio-2030\\\/#webpage\"},\"isPartOf\":{\"@id\":\"https:\\\/\\\/www.eldigitaldeasturias.com\\\/noticias\\\/segundo-encuentro-transversal-observatorio-2030\\\/#webpage\"},\"articleSection\":\"Econom\\u00eda\"},{\"@type\":\"BreadcrumbList\",\"@id\":\"https:\\\/\\\/www.eldigitaldeasturias.com\\\/noticias\\\/segundo-encuentro-transversal-observatorio-2030\\\/#breadcrumblist\",\"itemListElement\":[{\"@type\":\"ListItem\",\"@id\":\"https:\\\/\\\/www.eldigitaldeasturias.com\\\/noticias#listItem\",\"position\":1,\"name\":\"Home\",\"item\":\"https:\\\/\\\/www.eldigitaldeasturias.com\\\/noticias\",\"nextItem\":{\"@type\":\"ListItem\",\"@id\":\"https:\\\/\\\/www.eldigitaldeasturias.com\\\/noticias\\\/category\\\/economia\\\/#listItem\",\"name\":\"Econom\\u00eda\"}},{\"@type\":\"ListItem\",\"@id\":\"https:\\\/\\\/www.eldigitaldeasturias.com\\\/noticias\\\/category\\\/economia\\\/#listItem\",\"position\":2,\"name\":\"Econom\\u00eda\",\"item\":\"https:\\\/\\\/www.eldigitaldeasturias.com\\\/noticias\\\/category\\\/economia\\\/\",\"nextItem\":{\"@type\":\"ListItem\",\"@id\":\"https:\\\/\\\/www.eldigitaldeasturias.com\\\/noticias\\\/segundo-encuentro-transversal-observatorio-2030\\\/#listItem\",\"name\":\"Segundo Encuentro Transversal Observatorio 2030\"},\"previousItem\":{\"@type\":\"ListItem\",\"@id\":\"https:\\\/\\\/www.eldigitaldeasturias.com\\\/noticias#listItem\",\"name\":\"Home\"}},{\"@type\":\"ListItem\",\"@id\":\"https:\\\/\\\/www.eldigitaldeasturias.com\\\/noticias\\\/segundo-encuentro-transversal-observatorio-2030\\\/#listItem\",\"position\":3,\"name\":\"Segundo Encuentro Transversal Observatorio 2030\",\"previousItem\":{\"@type\":\"ListItem\",\"@id\":\"https:\\\/\\\/www.eldigitaldeasturias.com\\\/noticias\\\/category\\\/economia\\\/#listItem\",\"name\":\"Econom\\u00eda\"}}]},{\"@type\":\"Organization\",\"@id\":\"https:\\\/\\\/www.eldigitaldeasturias.com\\\/noticias\\\/#organization\",\"name\":\"El Digital de Asturias\",\"description\":\"Hemeroteca\",\"url\":\"https:\\\/\\\/www.eldigitaldeasturias.com\\\/noticias\\\/\",\"email\":\"info@eldigitaldeasturias.com\",\"telephone\":\"+34652131393\",\"logo\":{\"@type\":\"ImageObject\",\"url\":\"https:\\\/\\\/www.eldigitaldeasturias.com\\\/noticias\\\/wp-content\\\/uploads\\\/2020\\\/12\\\/EDA.jpg\",\"@id\":\"https:\\\/\\\/www.eldigitaldeasturias.com\\\/noticias\\\/segundo-encuentro-transversal-observatorio-2030\\\/#organizationLogo\",\"width\":649,\"height\":297},\"image\":{\"@id\":\"https:\\\/\\\/www.eldigitaldeasturias.com\\\/noticias\\\/segundo-encuentro-transversal-observatorio-2030\\\/#organizationLogo\"},\"sameAs\":[\"https:\\\/\\\/facebook.com\\\/eldigitaldeasturias\",\"https:\\\/\\\/www.youtube.com\\\/channel\\\/UCZP-2wLEB9Rv6erhFmqVnvg\"],\"address\":{\"@id\":\"https:\\\/\\\/www.eldigitaldeasturias.com\\\/noticias\\\/#postaladdress\",\"@type\":\"PostalAddress\",\"streetAddress\":\"san antonio 4,\",\"postalCode\":\"33430\",\"addressLocality\":\"Cand\\u00e1s\",\"addressRegion\":\"Asturias\",\"addressCountry\":\"ES\"}},{\"@type\":\"Person\",\"@id\":\"https:\\\/\\\/www.eldigitaldeasturias.com\\\/noticias\\\/author\\\/admin\\\/#author\",\"url\":\"https:\\\/\\\/www.eldigitaldeasturias.com\\\/noticias\\\/author\\\/admin\\\/\",\"name\":\"El Digital de Asturias\",\"image\":{\"@type\":\"ImageObject\",\"@id\":\"https:\\\/\\\/www.eldigitaldeasturias.com\\\/noticias\\\/segundo-encuentro-transversal-observatorio-2030\\\/#authorImage\",\"url\":\"https:\\\/\\\/www.eldigitaldeasturias.com\\\/noticias\\\/wp-content\\\/litespeed\\\/avatar\\\/18677e78aa0546b92d9dbf31ec7d7668.jpg?ver=1777290358\",\"width\":96,\"height\":96,\"caption\":\"El Digital de Asturias\"}},{\"@type\":\"WebPage\",\"@id\":\"https:\\\/\\\/www.eldigitaldeasturias.com\\\/noticias\\\/segundo-encuentro-transversal-observatorio-2030\\\/#webpage\",\"url\":\"https:\\\/\\\/www.eldigitaldeasturias.com\\\/noticias\\\/segundo-encuentro-transversal-observatorio-2030\\\/\",\"name\":\"Segundo Encuentro Transversal Observatorio 2030 - El Digital de Asturias\",\"description\":\"El ministro de Transportes, Movilidad y Agenda Urbana, Jos\\u00e9 Luis \\u00c1balos, ha inaugurado durante la semana en Valencia el \\\"II Encuentro Transversal Observatorio 2030\\\" del Consejo Superior de Colegios de Arquitectos de Espa\\u00f1a, donde ha se\\u00f1alado que el prop\\u00f3sito del Gobierno \\\"es favorecer el derecho efectivo a una vivienda digna y atajar los problemas del\",\"inLanguage\":\"es-ES\",\"isPartOf\":{\"@id\":\"https:\\\/\\\/www.eldigitaldeasturias.com\\\/noticias\\\/#website\"},\"breadcrumb\":{\"@id\":\"https:\\\/\\\/www.eldigitaldeasturias.com\\\/noticias\\\/segundo-encuentro-transversal-observatorio-2030\\\/#breadcrumblist\"},\"author\":{\"@id\":\"https:\\\/\\\/www.eldigitaldeasturias.com\\\/noticias\\\/author\\\/admin\\\/#author\"},\"creator\":{\"@id\":\"https:\\\/\\\/www.eldigitaldeasturias.com\\\/noticias\\\/author\\\/admin\\\/#author\"},\"image\":{\"@type\":\"ImageObject\",\"url\":\"https:\\\/\\\/www.eldigitaldeasturias.com\\\/noticias\\\/wp-content\\\/uploads\\\/2020\\\/02\\\/050220-abalos.jpg\",\"@id\":\"https:\\\/\\\/www.eldigitaldeasturias.com\\\/noticias\\\/segundo-encuentro-transversal-observatorio-2030\\\/#mainImage\",\"width\":512,\"height\":340},\"primaryImageOfPage\":{\"@id\":\"https:\\\/\\\/www.eldigitaldeasturias.com\\\/noticias\\\/segundo-encuentro-transversal-observatorio-2030\\\/#mainImage\"},\"datePublished\":\"2020-02-08T16:29:57+01:00\",\"dateModified\":\"2020-02-08T16:29:57+01:00\"},{\"@type\":\"WebSite\",\"@id\":\"https:\\\/\\\/www.eldigitaldeasturias.com\\\/noticias\\\/#website\",\"url\":\"https:\\\/\\\/www.eldigitaldeasturias.com\\\/noticias\\\/\",\"name\":\"El Digital de Asturias - Diario de actualidad y noticias\",\"alternateName\":\"El Digital de Asturias - Diario de actualidad y noticias\",\"description\":\"Hemeroteca\",\"inLanguage\":\"es-ES\",\"publisher\":{\"@id\":\"https:\\\/\\\/www.eldigitaldeasturias.com\\\/noticias\\\/#organization\"}}]}\n\t\t<\/script>\n\t\t<!-- All in One SEO Pro -->\r\n\t\t<title>Segundo Encuentro Transversal Observatorio 2030 - El Digital de Asturias<\/title>\n\n","aioseo_head_json":{"title":"Segundo Encuentro Transversal Observatorio 2030 - El Digital de Asturias","description":"El ministro de Transportes, Movilidad y Agenda Urbana, Jos\u00e9 Luis \u00c1balos, ha inaugurado durante la semana en Valencia el \"II Encuentro Transversal Observatorio 2030\" del Consejo Superior de Colegios de Arquitectos de Espa\u00f1a, donde ha se\u00f1alado que el prop\u00f3sito del Gobierno \"es favorecer el derecho efectivo a una vivienda digna y atajar los problemas del","canonical_url":"https:\/\/www.eldigitaldeasturias.com\/noticias\/segundo-encuentro-transversal-observatorio-2030\/","robots":"max-image-preview:large","keywords":"econom\u00eda","webmasterTools":{"google-site-verification":"UA-38556648-1","msvalidate.01":"7dfe9f3f1b24437ab69f4f2559babe99","miscellaneous":""},"schema":{"@context":"https:\/\/schema.org","@graph":[{"@type":"BlogPosting","@id":"https:\/\/www.eldigitaldeasturias.com\/noticias\/segundo-encuentro-transversal-observatorio-2030\/#blogposting","name":"Segundo Encuentro Transversal Observatorio 2030 - El Digital de Asturias","headline":"Segundo Encuentro Transversal Observatorio 2030","author":{"@id":"https:\/\/www.eldigitaldeasturias.com\/noticias\/author\/admin\/#author"},"publisher":{"@id":"https:\/\/www.eldigitaldeasturias.com\/noticias\/#organization"},"image":{"@type":"ImageObject","url":"https:\/\/www.eldigitaldeasturias.com\/noticias\/wp-content\/uploads\/2020\/02\/050220-abalos.jpg","width":512,"height":340},"datePublished":"2020-02-08T16:29:57+01:00","dateModified":"2020-02-08T16:29:57+01:00","inLanguage":"es-ES","mainEntityOfPage":{"@id":"https:\/\/www.eldigitaldeasturias.com\/noticias\/segundo-encuentro-transversal-observatorio-2030\/#webpage"},"isPartOf":{"@id":"https:\/\/www.eldigitaldeasturias.com\/noticias\/segundo-encuentro-transversal-observatorio-2030\/#webpage"},"articleSection":"Econom\u00eda"},{"@type":"BreadcrumbList","@id":"https:\/\/www.eldigitaldeasturias.com\/noticias\/segundo-encuentro-transversal-observatorio-2030\/#breadcrumblist","itemListElement":[{"@type":"ListItem","@id":"https:\/\/www.eldigitaldeasturias.com\/noticias#listItem","position":1,"name":"Home","item":"https:\/\/www.eldigitaldeasturias.com\/noticias","nextItem":{"@type":"ListItem","@id":"https:\/\/www.eldigitaldeasturias.com\/noticias\/category\/economia\/#listItem","name":"Econom\u00eda"}},{"@type":"ListItem","@id":"https:\/\/www.eldigitaldeasturias.com\/noticias\/category\/economia\/#listItem","position":2,"name":"Econom\u00eda","item":"https:\/\/www.eldigitaldeasturias.com\/noticias\/category\/economia\/","nextItem":{"@type":"ListItem","@id":"https:\/\/www.eldigitaldeasturias.com\/noticias\/segundo-encuentro-transversal-observatorio-2030\/#listItem","name":"Segundo Encuentro Transversal Observatorio 2030"},"previousItem":{"@type":"ListItem","@id":"https:\/\/www.eldigitaldeasturias.com\/noticias#listItem","name":"Home"}},{"@type":"ListItem","@id":"https:\/\/www.eldigitaldeasturias.com\/noticias\/segundo-encuentro-transversal-observatorio-2030\/#listItem","position":3,"name":"Segundo Encuentro Transversal Observatorio 2030","previousItem":{"@type":"ListItem","@id":"https:\/\/www.eldigitaldeasturias.com\/noticias\/category\/economia\/#listItem","name":"Econom\u00eda"}}]},{"@type":"Organization","@id":"https:\/\/www.eldigitaldeasturias.com\/noticias\/#organization","name":"El Digital de Asturias","description":"Hemeroteca","url":"https:\/\/www.eldigitaldeasturias.com\/noticias\/","email":"info@eldigitaldeasturias.com","telephone":"+34652131393","logo":{"@type":"ImageObject","url":"https:\/\/www.eldigitaldeasturias.com\/noticias\/wp-content\/uploads\/2020\/12\/EDA.jpg","@id":"https:\/\/www.eldigitaldeasturias.com\/noticias\/segundo-encuentro-transversal-observatorio-2030\/#organizationLogo","width":649,"height":297},"image":{"@id":"https:\/\/www.eldigitaldeasturias.com\/noticias\/segundo-encuentro-transversal-observatorio-2030\/#organizationLogo"},"sameAs":["https:\/\/facebook.com\/eldigitaldeasturias","https:\/\/www.youtube.com\/channel\/UCZP-2wLEB9Rv6erhFmqVnvg"],"address":{"@id":"https:\/\/www.eldigitaldeasturias.com\/noticias\/#postaladdress","@type":"PostalAddress","streetAddress":"san antonio 4,","postalCode":"33430","addressLocality":"Cand\u00e1s","addressRegion":"Asturias","addressCountry":"ES"}},{"@type":"Person","@id":"https:\/\/www.eldigitaldeasturias.com\/noticias\/author\/admin\/#author","url":"https:\/\/www.eldigitaldeasturias.com\/noticias\/author\/admin\/","name":"El Digital de Asturias","image":{"@type":"ImageObject","@id":"https:\/\/www.eldigitaldeasturias.com\/noticias\/segundo-encuentro-transversal-observatorio-2030\/#authorImage","url":"https:\/\/www.eldigitaldeasturias.com\/noticias\/wp-content\/litespeed\/avatar\/18677e78aa0546b92d9dbf31ec7d7668.jpg?ver=1777290358","width":96,"height":96,"caption":"El Digital de Asturias"}},{"@type":"WebPage","@id":"https:\/\/www.eldigitaldeasturias.com\/noticias\/segundo-encuentro-transversal-observatorio-2030\/#webpage","url":"https:\/\/www.eldigitaldeasturias.com\/noticias\/segundo-encuentro-transversal-observatorio-2030\/","name":"Segundo Encuentro Transversal Observatorio 2030 - El Digital de Asturias","description":"El ministro de Transportes, Movilidad y Agenda Urbana, Jos\u00e9 Luis \u00c1balos, ha inaugurado durante la semana en Valencia el \"II Encuentro Transversal Observatorio 2030\" del Consejo Superior de Colegios de Arquitectos de Espa\u00f1a, donde ha se\u00f1alado que el prop\u00f3sito del Gobierno \"es favorecer el derecho efectivo a una vivienda digna y atajar los problemas del","inLanguage":"es-ES","isPartOf":{"@id":"https:\/\/www.eldigitaldeasturias.com\/noticias\/#website"},"breadcrumb":{"@id":"https:\/\/www.eldigitaldeasturias.com\/noticias\/segundo-encuentro-transversal-observatorio-2030\/#breadcrumblist"},"author":{"@id":"https:\/\/www.eldigitaldeasturias.com\/noticias\/author\/admin\/#author"},"creator":{"@id":"https:\/\/www.eldigitaldeasturias.com\/noticias\/author\/admin\/#author"},"image":{"@type":"ImageObject","url":"https:\/\/www.eldigitaldeasturias.com\/noticias\/wp-content\/uploads\/2020\/02\/050220-abalos.jpg","@id":"https:\/\/www.eldigitaldeasturias.com\/noticias\/segundo-encuentro-transversal-observatorio-2030\/#mainImage","width":512,"height":340},"primaryImageOfPage":{"@id":"https:\/\/www.eldigitaldeasturias.com\/noticias\/segundo-encuentro-transversal-observatorio-2030\/#mainImage"},"datePublished":"2020-02-08T16:29:57+01:00","dateModified":"2020-02-08T16:29:57+01:00"},{"@type":"WebSite","@id":"https:\/\/www.eldigitaldeasturias.com\/noticias\/#website","url":"https:\/\/www.eldigitaldeasturias.com\/noticias\/","name":"El Digital de Asturias - Diario de actualidad y noticias","alternateName":"El Digital de Asturias - Diario de actualidad y noticias","description":"Hemeroteca","inLanguage":"es-ES","publisher":{"@id":"https:\/\/www.eldigitaldeasturias.com\/noticias\/#organization"}}]},"og:locale":"es_ES","og:site_name":"El Digital de Asturias","og:type":"article","og:title":"Segundo Encuentro Transversal Observatorio 2030 - El Digital de Asturias","og:description":"El ministro de Transportes, Movilidad y Agenda Urbana, Jos\u00e9 Luis \u00c1balos, ha inaugurado durante la semana en Valencia el &quot;II Encuentro Transversal Observatorio 2030&quot; del Consejo Superior de Colegios de Arquitectos de Espa\u00f1a, donde ha se\u00f1alado que el prop\u00f3sito del Gobierno &quot;es favorecer el derecho efectivo a una vivienda digna y atajar los problemas del","og:url":"https:\/\/www.eldigitaldeasturias.com\/noticias\/segundo-encuentro-transversal-observatorio-2030\/","og:image":"https:\/\/www.eldigitaldeasturias.com\/noticias\/wp-content\/uploads\/2020\/02\/050220-abalos.jpg","og:image:secure_url":"https:\/\/www.eldigitaldeasturias.com\/noticias\/wp-content\/uploads\/2020\/02\/050220-abalos.jpg","og:image:width":512,"og:image:height":340,"article:tag":["econom\u00eda"],"article:published_time":"2020-02-08T16:29:57+00:00","article:modified_time":"2020-02-08T16:29:57+00:00","article:publisher":"https:\/\/facebook.com\/eldigitaldeasturias","twitter:card":"summary_large_image","twitter:title":"Segundo Encuentro Transversal Observatorio 2030 - El Digital de Asturias","twitter:description":"El ministro de Transportes, Movilidad y Agenda Urbana, Jos\u00e9 Luis \u00c1balos, ha inaugurado durante la semana en Valencia el &quot;II Encuentro Transversal Observatorio 2030&quot; del Consejo Superior de Colegios de Arquitectos de Espa\u00f1a, donde ha se\u00f1alado que el prop\u00f3sito del Gobierno &quot;es favorecer el derecho efectivo a una vivienda digna y atajar los problemas del","twitter:image":"https:\/\/www.eldigitaldeasturias.com\/noticias\/wp-content\/uploads\/2020\/02\/050220-abalos.jpg","twitter:label1":"Escrito por","twitter:data1":"El Digital de Asturias","twitter:label2":"Tiempo de lectura estimado","twitter:data2":"3 minutos"},"aioseo_meta_data":{"post_id":"1057102","title":null,"description":null,"keywords":null,"keyphrases":null,"primary_term":null,"canonical_url":null,"og_title":null,"og_description":null,"og_object_type":"default","og_image_type":"default","og_image_url":null,"og_image_width":null,"og_image_height":null,"og_image_custom_url":null,"og_image_custom_fields":null,"og_video":null,"og_custom_url":null,"og_article_section":null,"og_article_tags":null,"twitter_use_og":false,"twitter_card":"default","twitter_image_type":"default","twitter_image_url":null,"twitter_image_custom_url":null,"twitter_image_custom_fields":null,"twitter_title":null,"twitter_description":null,"schema":{"blockGraphs":[],"customGraphs":[],"default":{"data":{"Article":[],"Course":[],"Dataset":[],"FAQPage":[],"Movie":[],"Person":[],"Product":[],"ProductReview":[],"Car":[],"Recipe":[],"Service":[],"SoftwareApplication":[],"WebPage":[]},"graphName":"","isEnabled":true},"graphs":[],"defaultGraph":"","defaultPostTypeGraph":""},"schema_type":null,"schema_type_options":null,"pillar_content":false,"robots_default":true,"robots_noindex":false,"robots_noarchive":false,"robots_nosnippet":false,"robots_nofollow":false,"robots_noimageindex":false,"robots_noodp":false,"robots_notranslate":false,"robots_max_snippet":null,"robots_max_videopreview":null,"robots_max_imagepreview":"large","priority":null,"frequency":null,"local_seo":null,"seo_analyzer_scan_date":"2025-10-31 00:43:37","breadcrumb_settings":null,"limit_modified_date":false,"open_ai":null,"ai":null,"created":"2020-12-21 10:55:42","updated":"2025-10-31 00:43:37"},"aioseo_breadcrumb":"<div class=\"aioseo-breadcrumbs\"><span class=\"aioseo-breadcrumb\">\n\t<a href=\"https:\/\/www.eldigitaldeasturias.com\/noticias\" title=\"Home\">Home<\/a>\n<\/span><span class=\"aioseo-breadcrumb-separator\">\u2013<\/span><span class=\"aioseo-breadcrumb\">\n\t<a href=\"https:\/\/www.eldigitaldeasturias.com\/noticias\/category\/economia\/\" title=\"Econom\u00eda\">Econom\u00eda<\/a>\n<\/span><span class=\"aioseo-breadcrumb-separator\">\u2013<\/span><span class=\"aioseo-breadcrumb\">\n\t<a href=\"https:\/\/www.eldigitaldeasturias.com\/noticias\/segundo-encuentro-transversal-observatorio-2030\/\" title=\"Segundo Encuentro Transversal Observatorio 2030\">Segundo Encuentro Transversal Observatorio 2030<\/a>\n<\/span><\/div>","aioseo_breadcrumb_json":[{"label":"Home","link":"https:\/\/www.eldigitaldeasturias.com\/noticias"},{"label":"Econom\u00eda","link":"https:\/\/www.eldigitaldeasturias.com\/noticias\/category\/economia\/"},{"label":"Segundo Encuentro Transversal Observatorio 2030","link":"https:\/\/www.eldigitaldeasturias.com\/noticias\/segundo-encuentro-transversal-observatorio-2030\/"}],"_links":{"self":[{"href":"https:\/\/www.eldigitaldeasturias.com\/noticias\/wp-json\/wp\/v2\/posts\/1057102","targetHints":{"allow":["GET"]}}],"collection":[{"href":"https:\/\/www.eldigitaldeasturias.com\/noticias\/wp-json\/wp\/v2\/posts"}],"about":[{"href":"https:\/\/www.eldigitaldeasturias.com\/noticias\/wp-json\/wp\/v2\/types\/post"}],"author":[{"embeddable":true,"href":"https:\/\/www.eldigitaldeasturias.com\/noticias\/wp-json\/wp\/v2\/users\/1"}],"replies":[{"embeddable":true,"href":"https:\/\/www.eldigitaldeasturias.com\/noticias\/wp-json\/wp\/v2\/comments?post=1057102"}],"version-history":[{"count":0,"href":"https:\/\/www.eldigitaldeasturias.com\/noticias\/wp-json\/wp\/v2\/posts\/1057102\/revisions"}],"wp:featuredmedia":[{"embeddable":true,"href":"https:\/\/www.eldigitaldeasturias.com\/noticias\/wp-json\/wp\/v2\/media\/1057103"}],"wp:attachment":[{"href":"https:\/\/www.eldigitaldeasturias.com\/noticias\/wp-json\/wp\/v2\/media?parent=1057102"}],"wp:term":[{"taxonomy":"category","embeddable":true,"href":"https:\/\/www.eldigitaldeasturias.com\/noticias\/wp-json\/wp\/v2\/categories?post=1057102"},{"taxonomy":"post_tag","embeddable":true,"href":"https:\/\/www.eldigitaldeasturias.com\/noticias\/wp-json\/wp\/v2\/tags?post=1057102"}],"curies":[{"name":"wp","href":"https:\/\/api.w.org\/{rel}","templated":true}]}}