{"id":1057091,"date":"2020-02-07T23:14:49","date_gmt":"2020-02-07T23:14:49","guid":{"rendered":"https:\/\/www.eldigitaldeasturias.com\/noticias\/?p=1057091"},"modified":"2020-02-07T23:14:49","modified_gmt":"2020-02-07T23:14:49","slug":"planas-promocionaremos-el-vino-aceite-frutas-y-hortalizas","status":"publish","type":"post","link":"https:\/\/www.eldigitaldeasturias.com\/noticias\/planas-promocionaremos-el-vino-aceite-frutas-y-hortalizas\/","title":{"rendered":"Planas: \u201cPromocionaremos el vino, aceite frutas y hortalizas\u201d"},"content":{"rendered":"<p><img loading=\"lazy\" decoding=\"async\" class=\"alignleft size-medium wp-image-1057092\" src=\"https:\/\/www.eldigitaldeasturias.com\/noticias\/wp-content\/uploads\/2020\/02\/130818-aceitera-360x240.jpg\" alt=\"\" width=\"360\" height=\"240\" srcset=\"https:\/\/www.eldigitaldeasturias.com\/noticias\/wp-content\/uploads\/2020\/02\/130818-aceitera-360x240.jpg 360w, https:\/\/www.eldigitaldeasturias.com\/noticias\/wp-content\/uploads\/2020\/02\/130818-aceitera-451x300.jpg 451w, https:\/\/www.eldigitaldeasturias.com\/noticias\/wp-content\/uploads\/2020\/02\/130818-aceitera.jpg 496w\" sizes=\"auto, (max-width: 360px) 100vw, 360px\" \/>El ministro de Agricultura, Pesca y Alimentaci\u00f3n, Luis Planas, se ha reunido con <strong>representantes de la mesa del aceite de oliva y de la aceituna de mesa<\/strong>, para analizar la actual situaci\u00f3n del sector y de los precios, as\u00ed como las medidas en materia de promoci\u00f3n para la ampliaci\u00f3n de las exportaciones a pa\u00edses terceros.<\/p>\n<p>En la campa\u00f1a pasada, <strong>el sector del aceite de oliva tuvo una cosecha r\u00e9cord de 1,8 millones de toneladas<\/strong>, lo que propici\u00f3 una bajada de los precios. Por eso, y ante la eventualidad de cosechas similares en el futuro, resulta fundamental poder ampliar los mercados, dentro y fuera de la Uni\u00f3n Europea.<\/p>\n<p>En el marco de la nueva Pol\u00edtica Agraria Com\u00fan (PAC), el ministro Planas ha informado de que el texto consolidado que se est\u00e1 negociando en Bruselas, a petici\u00f3n de Espa\u00f1a, ya recoge la posibilidad de aplicar medidas de regulaci\u00f3n a trav\u00e9s de la Interprofesional, de la misma manera que el sector del vino (art\u00edculo 167).<\/p>\n<p>Igualmente, el ministro ha explicado al sector que, en el marco del Plan Estrat\u00e9gico de la PAC que est\u00e1 elaborando el Ministerio con comunidades aut\u00f3nomas y el sector, propondr\u00e1 la creaci\u00f3n de un programa sectorial espec\u00edfico para el aceite de oliva y la aceituna de mesa. <strong>De esta manera, los tres grandes sectores productivos en Espa\u00f1a como lo son vino, aceite y frutas y hortalizas contar\u00e1n con un programa sectorial en el que se har\u00e1 especial \u00e9nfasis en la promoci\u00f3n<\/strong>.<\/p>\n<p>Tambi\u00e9n es necesario establecer medidas de autorregulaci\u00f3n, seg\u00fan el ministro. En este sentido, la Comisi\u00f3n Europea activ\u00f3 el almacenamiento privado de aceite de oliva, a propuesta del Gobierno espa\u00f1ol. Despu\u00e9s de tres licitaciones, el resultado es positivo, ya que se han podido retirar 171.000 toneladas, lo que favorecer\u00e1 un cambio de tendencia en la din\u00e1mica del mercado.<\/p>\n<p>El ministro Planas ha apuntado que los efectos positivos de esta tercera licitaci\u00f3n ya se est\u00e1n empezando a notar al detener la bajada de precios que se han venido produciendo en las \u00faltimas semanas y meses.<\/p>\n<p>En este \u00e1mbito, el Ministerio trabaja con Cooperativas Agroalimentarias para impulsar la medida de autorregulaci\u00f3n voluntaria que tenga car\u00e1cter permanente, para evitar la volatilidad de los precios, con el objeto de que est\u00e9 en vigor en la pr\u00f3xima campa\u00f1a.<\/p>\n<p>Tambi\u00e9n se ha debatido sobre la futura norma de calidad y trazabilidad del aceite de oliva, que se constituye como un factor de garant\u00eda y tranquilidad para el sector, ya que la calidad permite incrementar el valor a\u00f1adido y la competitividad del producto.<\/p>\n<p>En el marco de la nueva Pol\u00edtica Agraria Com\u00fan (PAC), el ministro Planas ha informado de que el texto consolidado que se est\u00e1 negociando en Bruselas, a petici\u00f3n de Espa\u00f1a, ya recoge la posibilidad de aplicar medidas de regulaci\u00f3n a trav\u00e9s de la Interprofesional, de la misma manera que el sector del vino (art\u00edculo 167).<\/p>\n<p>Igualmente, el ministro ha explicado al sector que, en el marco del Plan Estrat\u00e9gico de la PAC que est\u00e1 elaborando el Ministerio con comunidades aut\u00f3nomas y el sector, propondr\u00e1 la creaci\u00f3n de un programa sectorial espec\u00edfico para el aceite de oliva y la aceituna de mesa. De esta manera, los tres grandes sectores productivos en Espa\u00f1a, vino, aceite, as\u00ed como frutas y hortalizas, contar\u00e1n con un programa sectorial en el que se har\u00e1 especial \u00e9nfasis en la promoci\u00f3n.<\/p>\n<p>En relaci\u00f3n con la situaci\u00f3n creada tras la imposici\u00f3n de aranceles por parte de Estados Unidos por el caso Airbus, el ministro Planas ha se\u00f1alado que el Gobierno insiste en defender que los productos agroalimentarios queden al margen de las disputas relacionadas con otros sectores.<\/p>\n<p>El ministro ha precisado que se seguir\u00e1 insistiendo ante la Comisi\u00f3n Europea para que realice un mayor esfuerzo para compensar las p\u00e9rdidas que se est\u00e1n produciendo en los sectores afectados, por causas totalmente injustificables.<\/p>\n<p>En el caso de la aceituna negra, el Gobierno ha manifestado en reiteradas ocasiones su absoluta disconformidad con las decisiones del Gobierno de EEUU. Ante la necesidad de un apoyo espec\u00edfico al sector, la UE ha destinado 2,5 millones de euros para promoci\u00f3n en 2019 y otros 2,5 millones de euros en 2020.<\/p>\n<p>&nbsp;<\/p>\n","protected":false},"excerpt":{"rendered":"<p>El ministro de Agricultura, Pesca y Alimentaci\u00f3n, Luis Planas, se ha reunido con representantes de la mesa del aceite de oliva y de la aceituna de mesa, para analizar la actual situaci\u00f3n del sector y de los precios, as\u00ed como las medidas en materia de promoci\u00f3n para la ampliaci\u00f3n de las exportaciones a pa\u00edses terceros. [&hellip;]<\/p>\n","protected":false},"author":1,"featured_media":1057092,"comment_status":"closed","ping_status":"closed","sticky":false,"template":"","format":"standard","meta":{"footnotes":""},"categories":[187],"tags":[],"class_list":["post-1057091","post","type-post","status-publish","format-standard","has-post-thumbnail","hentry","category-economia"],"aioseo_notices":[],"aioseo_head":"\n\t\t<!-- All in One SEO Pro 4.9.6.2 - aioseo.com -->\n\t<meta name=\"description\" content=\"El ministro de Agricultura, Pesca y Alimentaci\u00f3n, Luis Planas, se ha reunido con representantes de la mesa del aceite de oliva y de la aceituna de mesa, para analizar la actual situaci\u00f3n del sector y de los precios, as\u00ed como las medidas en materia de promoci\u00f3n para la ampliaci\u00f3n de las exportaciones a pa\u00edses terceros.\" \/>\n\t<meta name=\"robots\" content=\"max-image-preview:large\" \/>\n\t<meta name=\"author\" content=\"El Digital de Asturias\"\/>\n\t<meta name=\"google-site-verification\" content=\"UA-38556648-1\" \/>\n\t<meta name=\"msvalidate.01\" content=\"7dfe9f3f1b24437ab69f4f2559babe99\" \/>\n\t<meta name=\"keywords\" content=\"econom\u00eda\" \/>\n\t<link rel=\"canonical\" href=\"https:\/\/www.eldigitaldeasturias.com\/noticias\/planas-promocionaremos-el-vino-aceite-frutas-y-hortalizas\/\" \/>\n\t<meta name=\"generator\" content=\"All in One SEO Pro (AIOSEO) 4.9.6.2\" \/>\n\t\t<meta property=\"og:locale\" content=\"es_ES\" \/>\n\t\t<meta property=\"og:site_name\" content=\"El Digital de Asturias\" \/>\n\t\t<meta property=\"og:type\" content=\"article\" \/>\n\t\t<meta property=\"og:title\" content=\"Planas: \u201cPromocionaremos el vino, aceite frutas y hortalizas\u201d - El Digital de Asturias\" \/>\n\t\t<meta property=\"og:description\" content=\"El ministro de Agricultura, Pesca y Alimentaci\u00f3n, Luis Planas, se ha reunido con representantes de la mesa del aceite de oliva y de la aceituna de mesa, para analizar la actual situaci\u00f3n del sector y de los precios, as\u00ed como las medidas en materia de promoci\u00f3n para la ampliaci\u00f3n de las exportaciones a pa\u00edses terceros.\" \/>\n\t\t<meta property=\"og:url\" content=\"https:\/\/www.eldigitaldeasturias.com\/noticias\/planas-promocionaremos-el-vino-aceite-frutas-y-hortalizas\/\" \/>\n\t\t<meta property=\"og:image\" content=\"https:\/\/www.eldigitaldeasturias.com\/noticias\/wp-content\/uploads\/2020\/02\/130818-aceitera.jpg\" \/>\n\t\t<meta property=\"og:image:secure_url\" content=\"https:\/\/www.eldigitaldeasturias.com\/noticias\/wp-content\/uploads\/2020\/02\/130818-aceitera.jpg\" \/>\n\t\t<meta property=\"og:image:width\" content=\"496\" \/>\n\t\t<meta property=\"og:image:height\" content=\"330\" \/>\n\t\t<meta property=\"article:tag\" content=\"econom\u00eda\" \/>\n\t\t<meta property=\"article:published_time\" content=\"2020-02-07T23:14:49+00:00\" \/>\n\t\t<meta property=\"article:modified_time\" content=\"2020-02-07T23:14:49+00:00\" \/>\n\t\t<meta property=\"article:publisher\" content=\"https:\/\/facebook.com\/eldigitaldeasturias\" \/>\n\t\t<meta name=\"twitter:card\" content=\"summary_large_image\" \/>\n\t\t<meta name=\"twitter:title\" content=\"Planas: \u201cPromocionaremos el vino, aceite frutas y hortalizas\u201d - El Digital de Asturias\" \/>\n\t\t<meta name=\"twitter:description\" content=\"El ministro de Agricultura, Pesca y Alimentaci\u00f3n, Luis Planas, se ha reunido con representantes de la mesa del aceite de oliva y de la aceituna de mesa, para analizar la actual situaci\u00f3n del sector y de los precios, as\u00ed como las medidas en materia de promoci\u00f3n para la ampliaci\u00f3n de las exportaciones a pa\u00edses terceros.\" \/>\n\t\t<meta name=\"twitter:image\" content=\"https:\/\/www.eldigitaldeasturias.com\/noticias\/wp-content\/uploads\/2020\/02\/130818-aceitera.jpg\" \/>\n\t\t<meta name=\"twitter:label1\" content=\"Escrito por\" \/>\n\t\t<meta name=\"twitter:data1\" content=\"El Digital de Asturias\" \/>\n\t\t<meta name=\"twitter:label2\" content=\"Tiempo de lectura estimado\" \/>\n\t\t<meta name=\"twitter:data2\" content=\"4 minutos\" \/>\n\t\t<script type=\"application\/ld+json\" class=\"aioseo-schema\">\n\t\t\t{\"@context\":\"https:\\\/\\\/schema.org\",\"@graph\":[{\"@type\":\"BlogPosting\",\"@id\":\"https:\\\/\\\/www.eldigitaldeasturias.com\\\/noticias\\\/planas-promocionaremos-el-vino-aceite-frutas-y-hortalizas\\\/#blogposting\",\"name\":\"Planas: \\u201cPromocionaremos el vino, aceite frutas y hortalizas\\u201d - El Digital de Asturias\",\"headline\":\"Planas: \\u201cPromocionaremos el vino, aceite frutas y hortalizas\\u201d\",\"author\":{\"@id\":\"https:\\\/\\\/www.eldigitaldeasturias.com\\\/noticias\\\/author\\\/admin\\\/#author\"},\"publisher\":{\"@id\":\"https:\\\/\\\/www.eldigitaldeasturias.com\\\/noticias\\\/#organization\"},\"image\":{\"@type\":\"ImageObject\",\"url\":\"https:\\\/\\\/www.eldigitaldeasturias.com\\\/noticias\\\/wp-content\\\/uploads\\\/2020\\\/02\\\/130818-aceitera.jpg\",\"width\":496,\"height\":330},\"datePublished\":\"2020-02-07T23:14:49+01:00\",\"dateModified\":\"2020-02-07T23:14:49+01:00\",\"inLanguage\":\"es-ES\",\"mainEntityOfPage\":{\"@id\":\"https:\\\/\\\/www.eldigitaldeasturias.com\\\/noticias\\\/planas-promocionaremos-el-vino-aceite-frutas-y-hortalizas\\\/#webpage\"},\"isPartOf\":{\"@id\":\"https:\\\/\\\/www.eldigitaldeasturias.com\\\/noticias\\\/planas-promocionaremos-el-vino-aceite-frutas-y-hortalizas\\\/#webpage\"},\"articleSection\":\"Econom\\u00eda\"},{\"@type\":\"BreadcrumbList\",\"@id\":\"https:\\\/\\\/www.eldigitaldeasturias.com\\\/noticias\\\/planas-promocionaremos-el-vino-aceite-frutas-y-hortalizas\\\/#breadcrumblist\",\"itemListElement\":[{\"@type\":\"ListItem\",\"@id\":\"https:\\\/\\\/www.eldigitaldeasturias.com\\\/noticias#listItem\",\"position\":1,\"name\":\"Home\",\"item\":\"https:\\\/\\\/www.eldigitaldeasturias.com\\\/noticias\",\"nextItem\":{\"@type\":\"ListItem\",\"@id\":\"https:\\\/\\\/www.eldigitaldeasturias.com\\\/noticias\\\/category\\\/economia\\\/#listItem\",\"name\":\"Econom\\u00eda\"}},{\"@type\":\"ListItem\",\"@id\":\"https:\\\/\\\/www.eldigitaldeasturias.com\\\/noticias\\\/category\\\/economia\\\/#listItem\",\"position\":2,\"name\":\"Econom\\u00eda\",\"item\":\"https:\\\/\\\/www.eldigitaldeasturias.com\\\/noticias\\\/category\\\/economia\\\/\",\"nextItem\":{\"@type\":\"ListItem\",\"@id\":\"https:\\\/\\\/www.eldigitaldeasturias.com\\\/noticias\\\/planas-promocionaremos-el-vino-aceite-frutas-y-hortalizas\\\/#listItem\",\"name\":\"Planas: \\u201cPromocionaremos el vino, aceite frutas y hortalizas\\u201d\"},\"previousItem\":{\"@type\":\"ListItem\",\"@id\":\"https:\\\/\\\/www.eldigitaldeasturias.com\\\/noticias#listItem\",\"name\":\"Home\"}},{\"@type\":\"ListItem\",\"@id\":\"https:\\\/\\\/www.eldigitaldeasturias.com\\\/noticias\\\/planas-promocionaremos-el-vino-aceite-frutas-y-hortalizas\\\/#listItem\",\"position\":3,\"name\":\"Planas: \\u201cPromocionaremos el vino, aceite frutas y hortalizas\\u201d\",\"previousItem\":{\"@type\":\"ListItem\",\"@id\":\"https:\\\/\\\/www.eldigitaldeasturias.com\\\/noticias\\\/category\\\/economia\\\/#listItem\",\"name\":\"Econom\\u00eda\"}}]},{\"@type\":\"Organization\",\"@id\":\"https:\\\/\\\/www.eldigitaldeasturias.com\\\/noticias\\\/#organization\",\"name\":\"El Digital de Asturias\",\"description\":\"Hemeroteca\",\"url\":\"https:\\\/\\\/www.eldigitaldeasturias.com\\\/noticias\\\/\",\"email\":\"info@eldigitaldeasturias.com\",\"telephone\":\"+34652131393\",\"logo\":{\"@type\":\"ImageObject\",\"url\":\"https:\\\/\\\/www.eldigitaldeasturias.com\\\/noticias\\\/wp-content\\\/uploads\\\/2020\\\/12\\\/EDA.jpg\",\"@id\":\"https:\\\/\\\/www.eldigitaldeasturias.com\\\/noticias\\\/planas-promocionaremos-el-vino-aceite-frutas-y-hortalizas\\\/#organizationLogo\",\"width\":649,\"height\":297},\"image\":{\"@id\":\"https:\\\/\\\/www.eldigitaldeasturias.com\\\/noticias\\\/planas-promocionaremos-el-vino-aceite-frutas-y-hortalizas\\\/#organizationLogo\"},\"sameAs\":[\"https:\\\/\\\/facebook.com\\\/eldigitaldeasturias\",\"https:\\\/\\\/www.youtube.com\\\/channel\\\/UCZP-2wLEB9Rv6erhFmqVnvg\"],\"address\":{\"@id\":\"https:\\\/\\\/www.eldigitaldeasturias.com\\\/noticias\\\/#postaladdress\",\"@type\":\"PostalAddress\",\"streetAddress\":\"san antonio 4,\",\"postalCode\":\"33430\",\"addressLocality\":\"Cand\\u00e1s\",\"addressRegion\":\"Asturias\",\"addressCountry\":\"ES\"}},{\"@type\":\"Person\",\"@id\":\"https:\\\/\\\/www.eldigitaldeasturias.com\\\/noticias\\\/author\\\/admin\\\/#author\",\"url\":\"https:\\\/\\\/www.eldigitaldeasturias.com\\\/noticias\\\/author\\\/admin\\\/\",\"name\":\"El Digital de Asturias\",\"image\":{\"@type\":\"ImageObject\",\"@id\":\"https:\\\/\\\/www.eldigitaldeasturias.com\\\/noticias\\\/planas-promocionaremos-el-vino-aceite-frutas-y-hortalizas\\\/#authorImage\",\"url\":\"https:\\\/\\\/www.eldigitaldeasturias.com\\\/noticias\\\/wp-content\\\/litespeed\\\/avatar\\\/18677e78aa0546b92d9dbf31ec7d7668.jpg?ver=1776685526\",\"width\":96,\"height\":96,\"caption\":\"El Digital de Asturias\"}},{\"@type\":\"WebPage\",\"@id\":\"https:\\\/\\\/www.eldigitaldeasturias.com\\\/noticias\\\/planas-promocionaremos-el-vino-aceite-frutas-y-hortalizas\\\/#webpage\",\"url\":\"https:\\\/\\\/www.eldigitaldeasturias.com\\\/noticias\\\/planas-promocionaremos-el-vino-aceite-frutas-y-hortalizas\\\/\",\"name\":\"Planas: \\u201cPromocionaremos el vino, aceite frutas y hortalizas\\u201d - El Digital de Asturias\",\"description\":\"El ministro de Agricultura, Pesca y Alimentaci\\u00f3n, Luis Planas, se ha reunido con representantes de la mesa del aceite de oliva y de la aceituna de mesa, para analizar la actual situaci\\u00f3n del sector y de los precios, as\\u00ed como las medidas en materia de promoci\\u00f3n para la ampliaci\\u00f3n de las exportaciones a pa\\u00edses terceros.\",\"inLanguage\":\"es-ES\",\"isPartOf\":{\"@id\":\"https:\\\/\\\/www.eldigitaldeasturias.com\\\/noticias\\\/#website\"},\"breadcrumb\":{\"@id\":\"https:\\\/\\\/www.eldigitaldeasturias.com\\\/noticias\\\/planas-promocionaremos-el-vino-aceite-frutas-y-hortalizas\\\/#breadcrumblist\"},\"author\":{\"@id\":\"https:\\\/\\\/www.eldigitaldeasturias.com\\\/noticias\\\/author\\\/admin\\\/#author\"},\"creator\":{\"@id\":\"https:\\\/\\\/www.eldigitaldeasturias.com\\\/noticias\\\/author\\\/admin\\\/#author\"},\"image\":{\"@type\":\"ImageObject\",\"url\":\"https:\\\/\\\/www.eldigitaldeasturias.com\\\/noticias\\\/wp-content\\\/uploads\\\/2020\\\/02\\\/130818-aceitera.jpg\",\"@id\":\"https:\\\/\\\/www.eldigitaldeasturias.com\\\/noticias\\\/planas-promocionaremos-el-vino-aceite-frutas-y-hortalizas\\\/#mainImage\",\"width\":496,\"height\":330},\"primaryImageOfPage\":{\"@id\":\"https:\\\/\\\/www.eldigitaldeasturias.com\\\/noticias\\\/planas-promocionaremos-el-vino-aceite-frutas-y-hortalizas\\\/#mainImage\"},\"datePublished\":\"2020-02-07T23:14:49+01:00\",\"dateModified\":\"2020-02-07T23:14:49+01:00\"},{\"@type\":\"WebSite\",\"@id\":\"https:\\\/\\\/www.eldigitaldeasturias.com\\\/noticias\\\/#website\",\"url\":\"https:\\\/\\\/www.eldigitaldeasturias.com\\\/noticias\\\/\",\"name\":\"El Digital de Asturias - Diario de actualidad y noticias\",\"alternateName\":\"El Digital de Asturias - Diario de actualidad y noticias\",\"description\":\"Hemeroteca\",\"inLanguage\":\"es-ES\",\"publisher\":{\"@id\":\"https:\\\/\\\/www.eldigitaldeasturias.com\\\/noticias\\\/#organization\"}}]}\n\t\t<\/script>\n\t\t<!-- All in One SEO Pro -->\r\n\t\t<title>Planas: \u201cPromocionaremos el vino, aceite frutas y hortalizas\u201d - El Digital de Asturias<\/title>\n\n","aioseo_head_json":{"title":"Planas: \u201cPromocionaremos el vino, aceite frutas y hortalizas\u201d - El Digital de Asturias","description":"El ministro de Agricultura, Pesca y Alimentaci\u00f3n, Luis Planas, se ha reunido con representantes de la mesa del aceite de oliva y de la aceituna de mesa, para analizar la actual situaci\u00f3n del sector y de los precios, as\u00ed como las medidas en materia de promoci\u00f3n para la ampliaci\u00f3n de las exportaciones a pa\u00edses terceros.","canonical_url":"https:\/\/www.eldigitaldeasturias.com\/noticias\/planas-promocionaremos-el-vino-aceite-frutas-y-hortalizas\/","robots":"max-image-preview:large","keywords":"econom\u00eda","webmasterTools":{"google-site-verification":"UA-38556648-1","msvalidate.01":"7dfe9f3f1b24437ab69f4f2559babe99","miscellaneous":""},"schema":{"@context":"https:\/\/schema.org","@graph":[{"@type":"BlogPosting","@id":"https:\/\/www.eldigitaldeasturias.com\/noticias\/planas-promocionaremos-el-vino-aceite-frutas-y-hortalizas\/#blogposting","name":"Planas: \u201cPromocionaremos el vino, aceite frutas y hortalizas\u201d - El Digital de Asturias","headline":"Planas: \u201cPromocionaremos el vino, aceite frutas y hortalizas\u201d","author":{"@id":"https:\/\/www.eldigitaldeasturias.com\/noticias\/author\/admin\/#author"},"publisher":{"@id":"https:\/\/www.eldigitaldeasturias.com\/noticias\/#organization"},"image":{"@type":"ImageObject","url":"https:\/\/www.eldigitaldeasturias.com\/noticias\/wp-content\/uploads\/2020\/02\/130818-aceitera.jpg","width":496,"height":330},"datePublished":"2020-02-07T23:14:49+01:00","dateModified":"2020-02-07T23:14:49+01:00","inLanguage":"es-ES","mainEntityOfPage":{"@id":"https:\/\/www.eldigitaldeasturias.com\/noticias\/planas-promocionaremos-el-vino-aceite-frutas-y-hortalizas\/#webpage"},"isPartOf":{"@id":"https:\/\/www.eldigitaldeasturias.com\/noticias\/planas-promocionaremos-el-vino-aceite-frutas-y-hortalizas\/#webpage"},"articleSection":"Econom\u00eda"},{"@type":"BreadcrumbList","@id":"https:\/\/www.eldigitaldeasturias.com\/noticias\/planas-promocionaremos-el-vino-aceite-frutas-y-hortalizas\/#breadcrumblist","itemListElement":[{"@type":"ListItem","@id":"https:\/\/www.eldigitaldeasturias.com\/noticias#listItem","position":1,"name":"Home","item":"https:\/\/www.eldigitaldeasturias.com\/noticias","nextItem":{"@type":"ListItem","@id":"https:\/\/www.eldigitaldeasturias.com\/noticias\/category\/economia\/#listItem","name":"Econom\u00eda"}},{"@type":"ListItem","@id":"https:\/\/www.eldigitaldeasturias.com\/noticias\/category\/economia\/#listItem","position":2,"name":"Econom\u00eda","item":"https:\/\/www.eldigitaldeasturias.com\/noticias\/category\/economia\/","nextItem":{"@type":"ListItem","@id":"https:\/\/www.eldigitaldeasturias.com\/noticias\/planas-promocionaremos-el-vino-aceite-frutas-y-hortalizas\/#listItem","name":"Planas: \u201cPromocionaremos el vino, aceite frutas y hortalizas\u201d"},"previousItem":{"@type":"ListItem","@id":"https:\/\/www.eldigitaldeasturias.com\/noticias#listItem","name":"Home"}},{"@type":"ListItem","@id":"https:\/\/www.eldigitaldeasturias.com\/noticias\/planas-promocionaremos-el-vino-aceite-frutas-y-hortalizas\/#listItem","position":3,"name":"Planas: \u201cPromocionaremos el vino, aceite frutas y hortalizas\u201d","previousItem":{"@type":"ListItem","@id":"https:\/\/www.eldigitaldeasturias.com\/noticias\/category\/economia\/#listItem","name":"Econom\u00eda"}}]},{"@type":"Organization","@id":"https:\/\/www.eldigitaldeasturias.com\/noticias\/#organization","name":"El Digital de Asturias","description":"Hemeroteca","url":"https:\/\/www.eldigitaldeasturias.com\/noticias\/","email":"info@eldigitaldeasturias.com","telephone":"+34652131393","logo":{"@type":"ImageObject","url":"https:\/\/www.eldigitaldeasturias.com\/noticias\/wp-content\/uploads\/2020\/12\/EDA.jpg","@id":"https:\/\/www.eldigitaldeasturias.com\/noticias\/planas-promocionaremos-el-vino-aceite-frutas-y-hortalizas\/#organizationLogo","width":649,"height":297},"image":{"@id":"https:\/\/www.eldigitaldeasturias.com\/noticias\/planas-promocionaremos-el-vino-aceite-frutas-y-hortalizas\/#organizationLogo"},"sameAs":["https:\/\/facebook.com\/eldigitaldeasturias","https:\/\/www.youtube.com\/channel\/UCZP-2wLEB9Rv6erhFmqVnvg"],"address":{"@id":"https:\/\/www.eldigitaldeasturias.com\/noticias\/#postaladdress","@type":"PostalAddress","streetAddress":"san antonio 4,","postalCode":"33430","addressLocality":"Cand\u00e1s","addressRegion":"Asturias","addressCountry":"ES"}},{"@type":"Person","@id":"https:\/\/www.eldigitaldeasturias.com\/noticias\/author\/admin\/#author","url":"https:\/\/www.eldigitaldeasturias.com\/noticias\/author\/admin\/","name":"El Digital de Asturias","image":{"@type":"ImageObject","@id":"https:\/\/www.eldigitaldeasturias.com\/noticias\/planas-promocionaremos-el-vino-aceite-frutas-y-hortalizas\/#authorImage","url":"https:\/\/www.eldigitaldeasturias.com\/noticias\/wp-content\/litespeed\/avatar\/18677e78aa0546b92d9dbf31ec7d7668.jpg?ver=1776685526","width":96,"height":96,"caption":"El Digital de Asturias"}},{"@type":"WebPage","@id":"https:\/\/www.eldigitaldeasturias.com\/noticias\/planas-promocionaremos-el-vino-aceite-frutas-y-hortalizas\/#webpage","url":"https:\/\/www.eldigitaldeasturias.com\/noticias\/planas-promocionaremos-el-vino-aceite-frutas-y-hortalizas\/","name":"Planas: \u201cPromocionaremos el vino, aceite frutas y hortalizas\u201d - El Digital de Asturias","description":"El ministro de Agricultura, Pesca y Alimentaci\u00f3n, Luis Planas, se ha reunido con representantes de la mesa del aceite de oliva y de la aceituna de mesa, para analizar la actual situaci\u00f3n del sector y de los precios, as\u00ed como las medidas en materia de promoci\u00f3n para la ampliaci\u00f3n de las exportaciones a pa\u00edses terceros.","inLanguage":"es-ES","isPartOf":{"@id":"https:\/\/www.eldigitaldeasturias.com\/noticias\/#website"},"breadcrumb":{"@id":"https:\/\/www.eldigitaldeasturias.com\/noticias\/planas-promocionaremos-el-vino-aceite-frutas-y-hortalizas\/#breadcrumblist"},"author":{"@id":"https:\/\/www.eldigitaldeasturias.com\/noticias\/author\/admin\/#author"},"creator":{"@id":"https:\/\/www.eldigitaldeasturias.com\/noticias\/author\/admin\/#author"},"image":{"@type":"ImageObject","url":"https:\/\/www.eldigitaldeasturias.com\/noticias\/wp-content\/uploads\/2020\/02\/130818-aceitera.jpg","@id":"https:\/\/www.eldigitaldeasturias.com\/noticias\/planas-promocionaremos-el-vino-aceite-frutas-y-hortalizas\/#mainImage","width":496,"height":330},"primaryImageOfPage":{"@id":"https:\/\/www.eldigitaldeasturias.com\/noticias\/planas-promocionaremos-el-vino-aceite-frutas-y-hortalizas\/#mainImage"},"datePublished":"2020-02-07T23:14:49+01:00","dateModified":"2020-02-07T23:14:49+01:00"},{"@type":"WebSite","@id":"https:\/\/www.eldigitaldeasturias.com\/noticias\/#website","url":"https:\/\/www.eldigitaldeasturias.com\/noticias\/","name":"El Digital de Asturias - Diario de actualidad y noticias","alternateName":"El Digital de Asturias - Diario de actualidad y noticias","description":"Hemeroteca","inLanguage":"es-ES","publisher":{"@id":"https:\/\/www.eldigitaldeasturias.com\/noticias\/#organization"}}]},"og:locale":"es_ES","og:site_name":"El Digital de Asturias","og:type":"article","og:title":"Planas: \u201cPromocionaremos el vino, aceite frutas y hortalizas\u201d - El Digital de Asturias","og:description":"El ministro de Agricultura, Pesca y Alimentaci\u00f3n, Luis Planas, se ha reunido con representantes de la mesa del aceite de oliva y de la aceituna de mesa, para analizar la actual situaci\u00f3n del sector y de los precios, as\u00ed como las medidas en materia de promoci\u00f3n para la ampliaci\u00f3n de las exportaciones a pa\u00edses terceros.","og:url":"https:\/\/www.eldigitaldeasturias.com\/noticias\/planas-promocionaremos-el-vino-aceite-frutas-y-hortalizas\/","og:image":"https:\/\/www.eldigitaldeasturias.com\/noticias\/wp-content\/uploads\/2020\/02\/130818-aceitera.jpg","og:image:secure_url":"https:\/\/www.eldigitaldeasturias.com\/noticias\/wp-content\/uploads\/2020\/02\/130818-aceitera.jpg","og:image:width":496,"og:image:height":330,"article:tag":["econom\u00eda"],"article:published_time":"2020-02-07T23:14:49+00:00","article:modified_time":"2020-02-07T23:14:49+00:00","article:publisher":"https:\/\/facebook.com\/eldigitaldeasturias","twitter:card":"summary_large_image","twitter:title":"Planas: \u201cPromocionaremos el vino, aceite frutas y hortalizas\u201d - El Digital de Asturias","twitter:description":"El ministro de Agricultura, Pesca y Alimentaci\u00f3n, Luis Planas, se ha reunido con representantes de la mesa del aceite de oliva y de la aceituna de mesa, para analizar la actual situaci\u00f3n del sector y de los precios, as\u00ed como las medidas en materia de promoci\u00f3n para la ampliaci\u00f3n de las exportaciones a pa\u00edses terceros.","twitter:image":"https:\/\/www.eldigitaldeasturias.com\/noticias\/wp-content\/uploads\/2020\/02\/130818-aceitera.jpg","twitter:label1":"Escrito por","twitter:data1":"El Digital de Asturias","twitter:label2":"Tiempo de lectura estimado","twitter:data2":"4 minutos"},"aioseo_meta_data":{"post_id":"1057091","title":null,"description":null,"keywords":null,"keyphrases":null,"primary_term":null,"canonical_url":null,"og_title":null,"og_description":null,"og_object_type":"default","og_image_type":"default","og_image_url":null,"og_image_width":null,"og_image_height":null,"og_image_custom_url":null,"og_image_custom_fields":null,"og_video":null,"og_custom_url":null,"og_article_section":null,"og_article_tags":null,"twitter_use_og":false,"twitter_card":"default","twitter_image_type":"default","twitter_image_url":null,"twitter_image_custom_url":null,"twitter_image_custom_fields":null,"twitter_title":null,"twitter_description":null,"schema":{"blockGraphs":[],"customGraphs":[],"default":{"data":{"Article":[],"Course":[],"Dataset":[],"FAQPage":[],"Movie":[],"Person":[],"Product":[],"ProductReview":[],"Car":[],"Recipe":[],"Service":[],"SoftwareApplication":[],"WebPage":[]},"graphName":"","isEnabled":true},"graphs":[]},"schema_type":null,"schema_type_options":null,"pillar_content":false,"robots_default":true,"robots_noindex":false,"robots_noarchive":false,"robots_nosnippet":false,"robots_nofollow":false,"robots_noimageindex":false,"robots_noodp":false,"robots_notranslate":false,"robots_max_snippet":null,"robots_max_videopreview":null,"robots_max_imagepreview":"large","priority":null,"frequency":null,"local_seo":null,"seo_analyzer_scan_date":"2025-10-31 00:41:13","breadcrumb_settings":null,"limit_modified_date":false,"open_ai":null,"ai":null,"created":"2020-12-21 10:55:42","updated":"2025-10-31 00:41:13"},"aioseo_breadcrumb":"<div class=\"aioseo-breadcrumbs\"><span class=\"aioseo-breadcrumb\">\n\t<a href=\"https:\/\/www.eldigitaldeasturias.com\/noticias\" title=\"Home\">Home<\/a>\n<\/span><span class=\"aioseo-breadcrumb-separator\">\u2013<\/span><span class=\"aioseo-breadcrumb\">\n\t<a href=\"https:\/\/www.eldigitaldeasturias.com\/noticias\/category\/economia\/\" title=\"Econom\u00eda\">Econom\u00eda<\/a>\n<\/span><span class=\"aioseo-breadcrumb-separator\">\u2013<\/span><span class=\"aioseo-breadcrumb\">\n\t<a href=\"https:\/\/www.eldigitaldeasturias.com\/noticias\/planas-promocionaremos-el-vino-aceite-frutas-y-hortalizas\/\" title=\"Planas: \u201cPromocionaremos el vino, aceite frutas y hortalizas\u201d\">Planas: \u201cPromocionaremos el vino, aceite frutas y hortalizas\u201d<\/a>\n<\/span><\/div>","aioseo_breadcrumb_json":[{"label":"Home","link":"https:\/\/www.eldigitaldeasturias.com\/noticias"},{"label":"Econom\u00eda","link":"https:\/\/www.eldigitaldeasturias.com\/noticias\/category\/economia\/"},{"label":"Planas: \u201cPromocionaremos el vino, aceite frutas y hortalizas\u201d","link":"https:\/\/www.eldigitaldeasturias.com\/noticias\/planas-promocionaremos-el-vino-aceite-frutas-y-hortalizas\/"}],"_links":{"self":[{"href":"https:\/\/www.eldigitaldeasturias.com\/noticias\/wp-json\/wp\/v2\/posts\/1057091","targetHints":{"allow":["GET"]}}],"collection":[{"href":"https:\/\/www.eldigitaldeasturias.com\/noticias\/wp-json\/wp\/v2\/posts"}],"about":[{"href":"https:\/\/www.eldigitaldeasturias.com\/noticias\/wp-json\/wp\/v2\/types\/post"}],"author":[{"embeddable":true,"href":"https:\/\/www.eldigitaldeasturias.com\/noticias\/wp-json\/wp\/v2\/users\/1"}],"replies":[{"embeddable":true,"href":"https:\/\/www.eldigitaldeasturias.com\/noticias\/wp-json\/wp\/v2\/comments?post=1057091"}],"version-history":[{"count":0,"href":"https:\/\/www.eldigitaldeasturias.com\/noticias\/wp-json\/wp\/v2\/posts\/1057091\/revisions"}],"wp:featuredmedia":[{"embeddable":true,"href":"https:\/\/www.eldigitaldeasturias.com\/noticias\/wp-json\/wp\/v2\/media\/1057092"}],"wp:attachment":[{"href":"https:\/\/www.eldigitaldeasturias.com\/noticias\/wp-json\/wp\/v2\/media?parent=1057091"}],"wp:term":[{"taxonomy":"category","embeddable":true,"href":"https:\/\/www.eldigitaldeasturias.com\/noticias\/wp-json\/wp\/v2\/categories?post=1057091"},{"taxonomy":"post_tag","embeddable":true,"href":"https:\/\/www.eldigitaldeasturias.com\/noticias\/wp-json\/wp\/v2\/tags?post=1057091"}],"curies":[{"name":"wp","href":"https:\/\/api.w.org\/{rel}","templated":true}]}}