{"id":1057005,"date":"2020-02-06T20:29:35","date_gmt":"2020-02-06T20:29:35","guid":{"rendered":"https:\/\/www.eldigitaldeasturias.com\/noticias\/?p=1057005"},"modified":"2020-02-06T20:30:10","modified_gmt":"2020-02-06T20:30:10","slug":"asi-sera-la-jornada-27-de-laliga-smartbank","status":"publish","type":"post","link":"https:\/\/www.eldigitaldeasturias.com\/noticias\/asi-sera-la-jornada-27-de-laliga-smartbank\/","title":{"rendered":"As\u00ed ser\u00e1 la jornada 27 de LaLiga SmartBank"},"content":{"rendered":"<figure id=\"attachment_1057006\" aria-describedby=\"caption-attachment-1057006\" style=\"width: 360px\" class=\"wp-caption alignleft\"><img loading=\"lazy\" decoding=\"async\" class=\"size-medium wp-image-1057006\" src=\"https:\/\/www.eldigitaldeasturias.com\/noticias\/wp-content\/uploads\/2020\/02\/Almeria-ep-360x228.jpg\" alt=\"\" width=\"360\" height=\"228\" srcset=\"https:\/\/www.eldigitaldeasturias.com\/noticias\/wp-content\/uploads\/2020\/02\/Almeria-ep-360x228.jpg 360w, https:\/\/www.eldigitaldeasturias.com\/noticias\/wp-content\/uploads\/2020\/02\/Almeria-ep-690x438.jpg 690w, https:\/\/www.eldigitaldeasturias.com\/noticias\/wp-content\/uploads\/2020\/02\/Almeria-ep-473x300.jpg 473w, https:\/\/www.eldigitaldeasturias.com\/noticias\/wp-content\/uploads\/2020\/02\/Almeria-ep-768x487.jpg 768w, https:\/\/www.eldigitaldeasturias.com\/noticias\/wp-content\/uploads\/2020\/02\/Almeria-ep-1024x650.jpg 1024w, https:\/\/www.eldigitaldeasturias.com\/noticias\/wp-content\/uploads\/2020\/02\/Almeria-ep.jpg 1067w\" sizes=\"auto, (max-width: 360px) 100vw, 360px\" \/><figcaption id=\"caption-attachment-1057006\" class=\"wp-caption-text\">Foto: LALIGA \/ Europa Press<\/figcaption><\/figure>\n<p>(Europa Press) &#8211;\u00a0La UD Almer\u00eda dar\u00e1 inicio este viernes (21.00 horas) a la<strong> jornada 27 de LaLiga SmartBank<\/strong> frente al Racing de Santander, con vistas al liderato que ostenta el C\u00e1diz CF con 49 puntos, y a sabiendas de que el equipo gaditano afrontar\u00e1 durante el turno sabatino (18.15 horas) una exigente visita a la UD Las Palmas.<\/p>\n<p>Los pupilos de Jos\u00e9 Mar\u00eda Guti\u00e9rrez, &#8216;Guti&#8217;, tendr\u00e1n as\u00ed la oportunidad de meter presi\u00f3n al inquilino del primer puesto. En caso de ganar, el Almer\u00eda alcanzar\u00eda esos mismos 49 puntos y romper\u00eda un conato de mala racha, pues ha encadenado una derrota (0-2 contra el Elche) y un empate (1-1 con el Numancia) en sus dos \u00faltimas citas ligueras.<\/p>\n<p>Ahora se medir\u00e1 ante un Racing en crisis, que no gana desde el pasado 23 de noviembre y que en el Estadio de los Juegos Mediterr\u00e1neos estrenar\u00e1 jefe para su banquillo. Tras rescindir el contrato de Crist\u00f3bal Parralo, el club santanderino conf\u00eda en Jos\u00e9 Luis Oltra para escapar de la \u00faltima posici\u00f3n.<\/p>\n<p>Muy atentos a ese debut de Oltra estar\u00e1n un d\u00eda m\u00e1s tarde en el Estadio de Gran Canaria, donde la din\u00e1mica negativa de los locales choca con la irregularidad del l\u00edder desde Navidad. Un \u00fanico triunfo ha logrado el C\u00e1diz en sus \u00faltimos siete compromisos, juntando Liga y Copa del Rey.<\/p>\n<p>Igualmente, el s\u00e1bado entrar\u00e1n en acci\u00f3n varios candidatos al &#8216;playoff&#8217; de ascenso. Girona, sexto con 38 puntos, y Huesca, cuarto con 43, protagonizar\u00e1n un duelo directo en Montilivi. <strong>Adem\u00e1s, el Zaragoza recibir\u00e1 la visita del Fuenlabrada, cuya presencia arriba ya no sorprende y acumula 37 punto<\/strong>s, a seis precisamente del cuadro ma\u00f1o.<\/p>\n<p>Entre medias, con 39, est\u00e1 el Elche antes de jugar en el campo del Lugo. No obstante, el turno dominical centrar\u00e1 sus miradas en la pugna por abajo, con el partido entre Albacete y Ponferradina abriendo fuego al mediod\u00eda; se cerrar\u00e1 la jornada con el que enfrente a M\u00e1laga y Numancia, pasando tambi\u00e9n por el que mida en Vallecas al Rayo contra el Oviedo.<\/p>\n<p>&#8211;PROGRAMA DE LA JORNADA 27.<\/p>\n<p>-Viernes.<\/p>\n<ul>\n<li>Almer\u00eda &#8211; Racing de Santander 21:00.<\/li>\n<\/ul>\n<p>-S\u00e1bado.<\/p>\n<ul>\n<li>Extremadura &#8211; Tenerife 16:00.<\/li>\n<li>Girona &#8211; Huesca 16:00.<\/li>\n<li>Las Palmas &#8211; C\u00e1diz 18:15.<\/li>\n<li>Zaragoza &#8211; Fuenlabrada 21:00.<\/li>\n<\/ul>\n<p>-Domingo.<\/p>\n<ul>\n<li>Albacete &#8211; Ponferradina 12:00.<\/li>\n<li>Alcorc\u00f3n &#8211; Deportivo de La Coru\u00f1a 12:00.<\/li>\n<li>Sporting de Gij\u00f3n &#8211; Mirand\u00e9s 16:00.<\/li>\n<li>Lugo &#8211; Elche 18:15.<\/li>\n<li>Rayo Vallecano &#8211; Oviedo 18:15.<\/li>\n<li>M\u00e1laga &#8211; Numancia 20:30.<\/li>\n<\/ul>\n<p>&nbsp;<\/p>\n","protected":false},"excerpt":{"rendered":"<p>(Europa Press) &#8211;\u00a0La UD Almer\u00eda dar\u00e1 inicio este viernes (21.00 horas) a la jornada 27 de LaLiga SmartBank frente al Racing de Santander, con vistas al liderato que ostenta el C\u00e1diz CF con 49 puntos, y a sabiendas de que el equipo gaditano afrontar\u00e1 durante el turno sabatino (18.15 horas) una exigente visita a la [&hellip;]<\/p>\n","protected":false},"author":1,"featured_media":1057006,"comment_status":"closed","ping_status":"closed","sticky":false,"template":"","format":"standard","meta":{"footnotes":""},"categories":[190],"tags":[],"class_list":["post-1057005","post","type-post","status-publish","format-standard","has-post-thumbnail","hentry","category-deportes"],"aioseo_notices":[],"aioseo_head":"\n\t\t<!-- All in One SEO Pro 4.9.6.2 - aioseo.com -->\n\t<meta name=\"description\" content=\"(Europa Press) - La UD Almer\u00eda dar\u00e1 inicio este viernes (21.00 horas) a la jornada 27 de LaLiga SmartBank frente al Racing de Santander, con vistas al liderato que ostenta el C\u00e1diz CF con 49 puntos, y a sabiendas de que el equipo gaditano afrontar\u00e1 durante el turno sabatino (18.15 horas) una exigente visita a la\" \/>\n\t<meta name=\"robots\" content=\"max-image-preview:large\" \/>\n\t<meta name=\"author\" content=\"El Digital de Asturias\"\/>\n\t<meta name=\"google-site-verification\" content=\"UA-38556648-1\" \/>\n\t<meta name=\"msvalidate.01\" content=\"7dfe9f3f1b24437ab69f4f2559babe99\" \/>\n\t<meta name=\"keywords\" content=\"deportes\" \/>\n\t<link rel=\"canonical\" href=\"https:\/\/www.eldigitaldeasturias.com\/noticias\/asi-sera-la-jornada-27-de-laliga-smartbank\/\" \/>\n\t<meta name=\"generator\" content=\"All in One SEO Pro (AIOSEO) 4.9.6.2\" \/>\n\t\t<meta property=\"og:locale\" content=\"es_ES\" \/>\n\t\t<meta property=\"og:site_name\" content=\"El Digital de Asturias\" \/>\n\t\t<meta property=\"og:type\" content=\"article\" \/>\n\t\t<meta property=\"og:title\" content=\"As\u00ed ser\u00e1 la jornada 27 de LaLiga SmartBank - El Digital de Asturias\" \/>\n\t\t<meta property=\"og:description\" content=\"(Europa Press) - La UD Almer\u00eda dar\u00e1 inicio este viernes (21.00 horas) a la jornada 27 de LaLiga SmartBank frente al Racing de Santander, con vistas al liderato que ostenta el C\u00e1diz CF con 49 puntos, y a sabiendas de que el equipo gaditano afrontar\u00e1 durante el turno sabatino (18.15 horas) una exigente visita a la\" \/>\n\t\t<meta property=\"og:url\" content=\"https:\/\/www.eldigitaldeasturias.com\/noticias\/asi-sera-la-jornada-27-de-laliga-smartbank\/\" \/>\n\t\t<meta property=\"og:image\" content=\"https:\/\/www.eldigitaldeasturias.com\/noticias\/wp-content\/uploads\/2020\/02\/Almeria-ep.jpg\" \/>\n\t\t<meta property=\"og:image:secure_url\" content=\"https:\/\/www.eldigitaldeasturias.com\/noticias\/wp-content\/uploads\/2020\/02\/Almeria-ep.jpg\" \/>\n\t\t<meta property=\"og:image:width\" content=\"1067\" \/>\n\t\t<meta property=\"og:image:height\" content=\"677\" \/>\n\t\t<meta property=\"article:tag\" content=\"deportes\" \/>\n\t\t<meta property=\"article:published_time\" content=\"2020-02-06T20:29:35+00:00\" \/>\n\t\t<meta property=\"article:modified_time\" content=\"2020-02-06T20:30:10+00:00\" \/>\n\t\t<meta property=\"article:publisher\" content=\"https:\/\/facebook.com\/eldigitaldeasturias\" \/>\n\t\t<meta name=\"twitter:card\" content=\"summary_large_image\" \/>\n\t\t<meta name=\"twitter:title\" content=\"As\u00ed ser\u00e1 la jornada 27 de LaLiga SmartBank - El Digital de Asturias\" \/>\n\t\t<meta name=\"twitter:description\" content=\"(Europa Press) - La UD Almer\u00eda dar\u00e1 inicio este viernes (21.00 horas) a la jornada 27 de LaLiga SmartBank frente al Racing de Santander, con vistas al liderato que ostenta el C\u00e1diz CF con 49 puntos, y a sabiendas de que el equipo gaditano afrontar\u00e1 durante el turno sabatino (18.15 horas) una exigente visita a la\" \/>\n\t\t<meta name=\"twitter:image\" content=\"https:\/\/www.eldigitaldeasturias.com\/noticias\/wp-content\/uploads\/2020\/02\/Almeria-ep.jpg\" \/>\n\t\t<meta name=\"twitter:label1\" content=\"Escrito por\" \/>\n\t\t<meta name=\"twitter:data1\" content=\"El Digital de Asturias\" \/>\n\t\t<meta name=\"twitter:label2\" content=\"Tiempo de lectura estimado\" \/>\n\t\t<meta name=\"twitter:data2\" content=\"2 minutos\" \/>\n\t\t<script type=\"application\/ld+json\" class=\"aioseo-schema\">\n\t\t\t{\"@context\":\"https:\\\/\\\/schema.org\",\"@graph\":[{\"@type\":\"BlogPosting\",\"@id\":\"https:\\\/\\\/www.eldigitaldeasturias.com\\\/noticias\\\/asi-sera-la-jornada-27-de-laliga-smartbank\\\/#blogposting\",\"name\":\"As\\u00ed ser\\u00e1 la jornada 27 de LaLiga SmartBank - El Digital de Asturias\",\"headline\":\"As\\u00ed ser\\u00e1 la jornada 27 de LaLiga SmartBank\",\"author\":{\"@id\":\"https:\\\/\\\/www.eldigitaldeasturias.com\\\/noticias\\\/author\\\/admin\\\/#author\"},\"publisher\":{\"@id\":\"https:\\\/\\\/www.eldigitaldeasturias.com\\\/noticias\\\/#organization\"},\"image\":{\"@type\":\"ImageObject\",\"url\":\"https:\\\/\\\/www.eldigitaldeasturias.com\\\/noticias\\\/wp-content\\\/uploads\\\/2020\\\/02\\\/Almeria-ep.jpg\",\"width\":1067,\"height\":677,\"caption\":\"Foto: LALIGA \\\/ Europa Press\"},\"datePublished\":\"2020-02-06T20:29:35+01:00\",\"dateModified\":\"2020-02-06T20:30:10+01:00\",\"inLanguage\":\"es-ES\",\"mainEntityOfPage\":{\"@id\":\"https:\\\/\\\/www.eldigitaldeasturias.com\\\/noticias\\\/asi-sera-la-jornada-27-de-laliga-smartbank\\\/#webpage\"},\"isPartOf\":{\"@id\":\"https:\\\/\\\/www.eldigitaldeasturias.com\\\/noticias\\\/asi-sera-la-jornada-27-de-laliga-smartbank\\\/#webpage\"},\"articleSection\":\"Deportes\"},{\"@type\":\"BreadcrumbList\",\"@id\":\"https:\\\/\\\/www.eldigitaldeasturias.com\\\/noticias\\\/asi-sera-la-jornada-27-de-laliga-smartbank\\\/#breadcrumblist\",\"itemListElement\":[{\"@type\":\"ListItem\",\"@id\":\"https:\\\/\\\/www.eldigitaldeasturias.com\\\/noticias#listItem\",\"position\":1,\"name\":\"Home\",\"item\":\"https:\\\/\\\/www.eldigitaldeasturias.com\\\/noticias\",\"nextItem\":{\"@type\":\"ListItem\",\"@id\":\"https:\\\/\\\/www.eldigitaldeasturias.com\\\/noticias\\\/category\\\/deportes\\\/#listItem\",\"name\":\"Deportes\"}},{\"@type\":\"ListItem\",\"@id\":\"https:\\\/\\\/www.eldigitaldeasturias.com\\\/noticias\\\/category\\\/deportes\\\/#listItem\",\"position\":2,\"name\":\"Deportes\",\"item\":\"https:\\\/\\\/www.eldigitaldeasturias.com\\\/noticias\\\/category\\\/deportes\\\/\",\"nextItem\":{\"@type\":\"ListItem\",\"@id\":\"https:\\\/\\\/www.eldigitaldeasturias.com\\\/noticias\\\/asi-sera-la-jornada-27-de-laliga-smartbank\\\/#listItem\",\"name\":\"As\\u00ed ser\\u00e1 la jornada 27 de LaLiga SmartBank\"},\"previousItem\":{\"@type\":\"ListItem\",\"@id\":\"https:\\\/\\\/www.eldigitaldeasturias.com\\\/noticias#listItem\",\"name\":\"Home\"}},{\"@type\":\"ListItem\",\"@id\":\"https:\\\/\\\/www.eldigitaldeasturias.com\\\/noticias\\\/asi-sera-la-jornada-27-de-laliga-smartbank\\\/#listItem\",\"position\":3,\"name\":\"As\\u00ed ser\\u00e1 la jornada 27 de LaLiga SmartBank\",\"previousItem\":{\"@type\":\"ListItem\",\"@id\":\"https:\\\/\\\/www.eldigitaldeasturias.com\\\/noticias\\\/category\\\/deportes\\\/#listItem\",\"name\":\"Deportes\"}}]},{\"@type\":\"Organization\",\"@id\":\"https:\\\/\\\/www.eldigitaldeasturias.com\\\/noticias\\\/#organization\",\"name\":\"El Digital de Asturias\",\"description\":\"Hemeroteca\",\"url\":\"https:\\\/\\\/www.eldigitaldeasturias.com\\\/noticias\\\/\",\"email\":\"info@eldigitaldeasturias.com\",\"telephone\":\"+34652131393\",\"logo\":{\"@type\":\"ImageObject\",\"url\":\"https:\\\/\\\/www.eldigitaldeasturias.com\\\/noticias\\\/wp-content\\\/uploads\\\/2020\\\/12\\\/EDA.jpg\",\"@id\":\"https:\\\/\\\/www.eldigitaldeasturias.com\\\/noticias\\\/asi-sera-la-jornada-27-de-laliga-smartbank\\\/#organizationLogo\",\"width\":649,\"height\":297},\"image\":{\"@id\":\"https:\\\/\\\/www.eldigitaldeasturias.com\\\/noticias\\\/asi-sera-la-jornada-27-de-laliga-smartbank\\\/#organizationLogo\"},\"sameAs\":[\"https:\\\/\\\/facebook.com\\\/eldigitaldeasturias\",\"https:\\\/\\\/www.youtube.com\\\/channel\\\/UCZP-2wLEB9Rv6erhFmqVnvg\"],\"address\":{\"@id\":\"https:\\\/\\\/www.eldigitaldeasturias.com\\\/noticias\\\/#postaladdress\",\"@type\":\"PostalAddress\",\"streetAddress\":\"san antonio 4,\",\"postalCode\":\"33430\",\"addressLocality\":\"Cand\\u00e1s\",\"addressRegion\":\"Asturias\",\"addressCountry\":\"ES\"}},{\"@type\":\"Person\",\"@id\":\"https:\\\/\\\/www.eldigitaldeasturias.com\\\/noticias\\\/author\\\/admin\\\/#author\",\"url\":\"https:\\\/\\\/www.eldigitaldeasturias.com\\\/noticias\\\/author\\\/admin\\\/\",\"name\":\"El Digital de Asturias\",\"image\":{\"@type\":\"ImageObject\",\"@id\":\"https:\\\/\\\/www.eldigitaldeasturias.com\\\/noticias\\\/asi-sera-la-jornada-27-de-laliga-smartbank\\\/#authorImage\",\"url\":\"https:\\\/\\\/www.eldigitaldeasturias.com\\\/noticias\\\/wp-content\\\/litespeed\\\/avatar\\\/18677e78aa0546b92d9dbf31ec7d7668.jpg?ver=1777290358\",\"width\":96,\"height\":96,\"caption\":\"El Digital de Asturias\"}},{\"@type\":\"WebPage\",\"@id\":\"https:\\\/\\\/www.eldigitaldeasturias.com\\\/noticias\\\/asi-sera-la-jornada-27-de-laliga-smartbank\\\/#webpage\",\"url\":\"https:\\\/\\\/www.eldigitaldeasturias.com\\\/noticias\\\/asi-sera-la-jornada-27-de-laliga-smartbank\\\/\",\"name\":\"As\\u00ed ser\\u00e1 la jornada 27 de LaLiga SmartBank - El Digital de Asturias\",\"description\":\"(Europa Press) - La UD Almer\\u00eda dar\\u00e1 inicio este viernes (21.00 horas) a la jornada 27 de LaLiga SmartBank frente al Racing de Santander, con vistas al liderato que ostenta el C\\u00e1diz CF con 49 puntos, y a sabiendas de que el equipo gaditano afrontar\\u00e1 durante el turno sabatino (18.15 horas) una exigente visita a la\",\"inLanguage\":\"es-ES\",\"isPartOf\":{\"@id\":\"https:\\\/\\\/www.eldigitaldeasturias.com\\\/noticias\\\/#website\"},\"breadcrumb\":{\"@id\":\"https:\\\/\\\/www.eldigitaldeasturias.com\\\/noticias\\\/asi-sera-la-jornada-27-de-laliga-smartbank\\\/#breadcrumblist\"},\"author\":{\"@id\":\"https:\\\/\\\/www.eldigitaldeasturias.com\\\/noticias\\\/author\\\/admin\\\/#author\"},\"creator\":{\"@id\":\"https:\\\/\\\/www.eldigitaldeasturias.com\\\/noticias\\\/author\\\/admin\\\/#author\"},\"image\":{\"@type\":\"ImageObject\",\"url\":\"https:\\\/\\\/www.eldigitaldeasturias.com\\\/noticias\\\/wp-content\\\/uploads\\\/2020\\\/02\\\/Almeria-ep.jpg\",\"@id\":\"https:\\\/\\\/www.eldigitaldeasturias.com\\\/noticias\\\/asi-sera-la-jornada-27-de-laliga-smartbank\\\/#mainImage\",\"width\":1067,\"height\":677,\"caption\":\"Foto: LALIGA \\\/ Europa Press\"},\"primaryImageOfPage\":{\"@id\":\"https:\\\/\\\/www.eldigitaldeasturias.com\\\/noticias\\\/asi-sera-la-jornada-27-de-laliga-smartbank\\\/#mainImage\"},\"datePublished\":\"2020-02-06T20:29:35+01:00\",\"dateModified\":\"2020-02-06T20:30:10+01:00\"},{\"@type\":\"WebSite\",\"@id\":\"https:\\\/\\\/www.eldigitaldeasturias.com\\\/noticias\\\/#website\",\"url\":\"https:\\\/\\\/www.eldigitaldeasturias.com\\\/noticias\\\/\",\"name\":\"El Digital de Asturias - Diario de actualidad y noticias\",\"alternateName\":\"El Digital de Asturias - Diario de actualidad y noticias\",\"description\":\"Hemeroteca\",\"inLanguage\":\"es-ES\",\"publisher\":{\"@id\":\"https:\\\/\\\/www.eldigitaldeasturias.com\\\/noticias\\\/#organization\"}}]}\n\t\t<\/script>\n\t\t<!-- All in One SEO Pro -->\r\n\t\t<title>As\u00ed ser\u00e1 la jornada 27 de LaLiga SmartBank - El Digital de Asturias<\/title>\n\n","aioseo_head_json":{"title":"As\u00ed ser\u00e1 la jornada 27 de LaLiga SmartBank - El Digital de Asturias","description":"(Europa Press) - La UD Almer\u00eda dar\u00e1 inicio este viernes (21.00 horas) a la jornada 27 de LaLiga SmartBank frente al Racing de Santander, con vistas al liderato que ostenta el C\u00e1diz CF con 49 puntos, y a sabiendas de que el equipo gaditano afrontar\u00e1 durante el turno sabatino (18.15 horas) una exigente visita a la","canonical_url":"https:\/\/www.eldigitaldeasturias.com\/noticias\/asi-sera-la-jornada-27-de-laliga-smartbank\/","robots":"max-image-preview:large","keywords":"deportes","webmasterTools":{"google-site-verification":"UA-38556648-1","msvalidate.01":"7dfe9f3f1b24437ab69f4f2559babe99","miscellaneous":""},"schema":{"@context":"https:\/\/schema.org","@graph":[{"@type":"BlogPosting","@id":"https:\/\/www.eldigitaldeasturias.com\/noticias\/asi-sera-la-jornada-27-de-laliga-smartbank\/#blogposting","name":"As\u00ed ser\u00e1 la jornada 27 de LaLiga SmartBank - El Digital de Asturias","headline":"As\u00ed ser\u00e1 la jornada 27 de LaLiga SmartBank","author":{"@id":"https:\/\/www.eldigitaldeasturias.com\/noticias\/author\/admin\/#author"},"publisher":{"@id":"https:\/\/www.eldigitaldeasturias.com\/noticias\/#organization"},"image":{"@type":"ImageObject","url":"https:\/\/www.eldigitaldeasturias.com\/noticias\/wp-content\/uploads\/2020\/02\/Almeria-ep.jpg","width":1067,"height":677,"caption":"Foto: LALIGA \/ Europa Press"},"datePublished":"2020-02-06T20:29:35+01:00","dateModified":"2020-02-06T20:30:10+01:00","inLanguage":"es-ES","mainEntityOfPage":{"@id":"https:\/\/www.eldigitaldeasturias.com\/noticias\/asi-sera-la-jornada-27-de-laliga-smartbank\/#webpage"},"isPartOf":{"@id":"https:\/\/www.eldigitaldeasturias.com\/noticias\/asi-sera-la-jornada-27-de-laliga-smartbank\/#webpage"},"articleSection":"Deportes"},{"@type":"BreadcrumbList","@id":"https:\/\/www.eldigitaldeasturias.com\/noticias\/asi-sera-la-jornada-27-de-laliga-smartbank\/#breadcrumblist","itemListElement":[{"@type":"ListItem","@id":"https:\/\/www.eldigitaldeasturias.com\/noticias#listItem","position":1,"name":"Home","item":"https:\/\/www.eldigitaldeasturias.com\/noticias","nextItem":{"@type":"ListItem","@id":"https:\/\/www.eldigitaldeasturias.com\/noticias\/category\/deportes\/#listItem","name":"Deportes"}},{"@type":"ListItem","@id":"https:\/\/www.eldigitaldeasturias.com\/noticias\/category\/deportes\/#listItem","position":2,"name":"Deportes","item":"https:\/\/www.eldigitaldeasturias.com\/noticias\/category\/deportes\/","nextItem":{"@type":"ListItem","@id":"https:\/\/www.eldigitaldeasturias.com\/noticias\/asi-sera-la-jornada-27-de-laliga-smartbank\/#listItem","name":"As\u00ed ser\u00e1 la jornada 27 de LaLiga SmartBank"},"previousItem":{"@type":"ListItem","@id":"https:\/\/www.eldigitaldeasturias.com\/noticias#listItem","name":"Home"}},{"@type":"ListItem","@id":"https:\/\/www.eldigitaldeasturias.com\/noticias\/asi-sera-la-jornada-27-de-laliga-smartbank\/#listItem","position":3,"name":"As\u00ed ser\u00e1 la jornada 27 de LaLiga SmartBank","previousItem":{"@type":"ListItem","@id":"https:\/\/www.eldigitaldeasturias.com\/noticias\/category\/deportes\/#listItem","name":"Deportes"}}]},{"@type":"Organization","@id":"https:\/\/www.eldigitaldeasturias.com\/noticias\/#organization","name":"El Digital de Asturias","description":"Hemeroteca","url":"https:\/\/www.eldigitaldeasturias.com\/noticias\/","email":"info@eldigitaldeasturias.com","telephone":"+34652131393","logo":{"@type":"ImageObject","url":"https:\/\/www.eldigitaldeasturias.com\/noticias\/wp-content\/uploads\/2020\/12\/EDA.jpg","@id":"https:\/\/www.eldigitaldeasturias.com\/noticias\/asi-sera-la-jornada-27-de-laliga-smartbank\/#organizationLogo","width":649,"height":297},"image":{"@id":"https:\/\/www.eldigitaldeasturias.com\/noticias\/asi-sera-la-jornada-27-de-laliga-smartbank\/#organizationLogo"},"sameAs":["https:\/\/facebook.com\/eldigitaldeasturias","https:\/\/www.youtube.com\/channel\/UCZP-2wLEB9Rv6erhFmqVnvg"],"address":{"@id":"https:\/\/www.eldigitaldeasturias.com\/noticias\/#postaladdress","@type":"PostalAddress","streetAddress":"san antonio 4,","postalCode":"33430","addressLocality":"Cand\u00e1s","addressRegion":"Asturias","addressCountry":"ES"}},{"@type":"Person","@id":"https:\/\/www.eldigitaldeasturias.com\/noticias\/author\/admin\/#author","url":"https:\/\/www.eldigitaldeasturias.com\/noticias\/author\/admin\/","name":"El Digital de Asturias","image":{"@type":"ImageObject","@id":"https:\/\/www.eldigitaldeasturias.com\/noticias\/asi-sera-la-jornada-27-de-laliga-smartbank\/#authorImage","url":"https:\/\/www.eldigitaldeasturias.com\/noticias\/wp-content\/litespeed\/avatar\/18677e78aa0546b92d9dbf31ec7d7668.jpg?ver=1777290358","width":96,"height":96,"caption":"El Digital de Asturias"}},{"@type":"WebPage","@id":"https:\/\/www.eldigitaldeasturias.com\/noticias\/asi-sera-la-jornada-27-de-laliga-smartbank\/#webpage","url":"https:\/\/www.eldigitaldeasturias.com\/noticias\/asi-sera-la-jornada-27-de-laliga-smartbank\/","name":"As\u00ed ser\u00e1 la jornada 27 de LaLiga SmartBank - El Digital de Asturias","description":"(Europa Press) - La UD Almer\u00eda dar\u00e1 inicio este viernes (21.00 horas) a la jornada 27 de LaLiga SmartBank frente al Racing de Santander, con vistas al liderato que ostenta el C\u00e1diz CF con 49 puntos, y a sabiendas de que el equipo gaditano afrontar\u00e1 durante el turno sabatino (18.15 horas) una exigente visita a la","inLanguage":"es-ES","isPartOf":{"@id":"https:\/\/www.eldigitaldeasturias.com\/noticias\/#website"},"breadcrumb":{"@id":"https:\/\/www.eldigitaldeasturias.com\/noticias\/asi-sera-la-jornada-27-de-laliga-smartbank\/#breadcrumblist"},"author":{"@id":"https:\/\/www.eldigitaldeasturias.com\/noticias\/author\/admin\/#author"},"creator":{"@id":"https:\/\/www.eldigitaldeasturias.com\/noticias\/author\/admin\/#author"},"image":{"@type":"ImageObject","url":"https:\/\/www.eldigitaldeasturias.com\/noticias\/wp-content\/uploads\/2020\/02\/Almeria-ep.jpg","@id":"https:\/\/www.eldigitaldeasturias.com\/noticias\/asi-sera-la-jornada-27-de-laliga-smartbank\/#mainImage","width":1067,"height":677,"caption":"Foto: LALIGA \/ Europa Press"},"primaryImageOfPage":{"@id":"https:\/\/www.eldigitaldeasturias.com\/noticias\/asi-sera-la-jornada-27-de-laliga-smartbank\/#mainImage"},"datePublished":"2020-02-06T20:29:35+01:00","dateModified":"2020-02-06T20:30:10+01:00"},{"@type":"WebSite","@id":"https:\/\/www.eldigitaldeasturias.com\/noticias\/#website","url":"https:\/\/www.eldigitaldeasturias.com\/noticias\/","name":"El Digital de Asturias - Diario de actualidad y noticias","alternateName":"El Digital de Asturias - Diario de actualidad y noticias","description":"Hemeroteca","inLanguage":"es-ES","publisher":{"@id":"https:\/\/www.eldigitaldeasturias.com\/noticias\/#organization"}}]},"og:locale":"es_ES","og:site_name":"El Digital de Asturias","og:type":"article","og:title":"As\u00ed ser\u00e1 la jornada 27 de LaLiga SmartBank - El Digital de Asturias","og:description":"(Europa Press) - La UD Almer\u00eda dar\u00e1 inicio este viernes (21.00 horas) a la jornada 27 de LaLiga SmartBank frente al Racing de Santander, con vistas al liderato que ostenta el C\u00e1diz CF con 49 puntos, y a sabiendas de que el equipo gaditano afrontar\u00e1 durante el turno sabatino (18.15 horas) una exigente visita a la","og:url":"https:\/\/www.eldigitaldeasturias.com\/noticias\/asi-sera-la-jornada-27-de-laliga-smartbank\/","og:image":"https:\/\/www.eldigitaldeasturias.com\/noticias\/wp-content\/uploads\/2020\/02\/Almeria-ep.jpg","og:image:secure_url":"https:\/\/www.eldigitaldeasturias.com\/noticias\/wp-content\/uploads\/2020\/02\/Almeria-ep.jpg","og:image:width":1067,"og:image:height":677,"article:tag":["deportes"],"article:published_time":"2020-02-06T20:29:35+00:00","article:modified_time":"2020-02-06T20:30:10+00:00","article:publisher":"https:\/\/facebook.com\/eldigitaldeasturias","twitter:card":"summary_large_image","twitter:title":"As\u00ed ser\u00e1 la jornada 27 de LaLiga SmartBank - El Digital de Asturias","twitter:description":"(Europa Press) - La UD Almer\u00eda dar\u00e1 inicio este viernes (21.00 horas) a la jornada 27 de LaLiga SmartBank frente al Racing de Santander, con vistas al liderato que ostenta el C\u00e1diz CF con 49 puntos, y a sabiendas de que el equipo gaditano afrontar\u00e1 durante el turno sabatino (18.15 horas) una exigente visita a la","twitter:image":"https:\/\/www.eldigitaldeasturias.com\/noticias\/wp-content\/uploads\/2020\/02\/Almeria-ep.jpg","twitter:label1":"Escrito por","twitter:data1":"El Digital de Asturias","twitter:label2":"Tiempo de lectura estimado","twitter:data2":"2 minutos"},"aioseo_meta_data":{"post_id":"1057005","title":null,"description":null,"keywords":null,"keyphrases":null,"primary_term":null,"canonical_url":null,"og_title":null,"og_description":null,"og_object_type":"default","og_image_type":"default","og_image_url":null,"og_image_width":null,"og_image_height":null,"og_image_custom_url":null,"og_image_custom_fields":null,"og_video":null,"og_custom_url":null,"og_article_section":null,"og_article_tags":null,"twitter_use_og":false,"twitter_card":"default","twitter_image_type":"default","twitter_image_url":null,"twitter_image_custom_url":null,"twitter_image_custom_fields":null,"twitter_title":null,"twitter_description":null,"schema":{"blockGraphs":[],"customGraphs":[],"default":{"data":{"Article":[],"Course":[],"Dataset":[],"FAQPage":[],"Movie":[],"Person":[],"Product":[],"ProductReview":[],"Car":[],"Recipe":[],"Service":[],"SoftwareApplication":[],"WebPage":[]},"graphName":"","isEnabled":true},"graphs":[],"defaultGraph":"","defaultPostTypeGraph":""},"schema_type":null,"schema_type_options":null,"pillar_content":false,"robots_default":true,"robots_noindex":false,"robots_noarchive":false,"robots_nosnippet":false,"robots_nofollow":false,"robots_noimageindex":false,"robots_noodp":false,"robots_notranslate":false,"robots_max_snippet":null,"robots_max_videopreview":null,"robots_max_imagepreview":"large","priority":null,"frequency":null,"local_seo":null,"seo_analyzer_scan_date":"2025-10-31 00:20:08","breadcrumb_settings":null,"limit_modified_date":false,"open_ai":null,"ai":null,"created":"2020-12-21 10:55:42","updated":"2025-10-31 00:20:08"},"aioseo_breadcrumb":"<div class=\"aioseo-breadcrumbs\"><span class=\"aioseo-breadcrumb\">\n\t<a href=\"https:\/\/www.eldigitaldeasturias.com\/noticias\" title=\"Home\">Home<\/a>\n<\/span><span class=\"aioseo-breadcrumb-separator\">\u2013<\/span><span class=\"aioseo-breadcrumb\">\n\t<a href=\"https:\/\/www.eldigitaldeasturias.com\/noticias\/category\/deportes\/\" title=\"Deportes\">Deportes<\/a>\n<\/span><span class=\"aioseo-breadcrumb-separator\">\u2013<\/span><span class=\"aioseo-breadcrumb\">\n\t<a href=\"https:\/\/www.eldigitaldeasturias.com\/noticias\/asi-sera-la-jornada-27-de-laliga-smartbank\/\" title=\"As\u00ed ser\u00e1 la jornada 27 de LaLiga SmartBank\">As\u00ed ser\u00e1 la jornada 27 de LaLiga SmartBank<\/a>\n<\/span><\/div>","aioseo_breadcrumb_json":[{"label":"Home","link":"https:\/\/www.eldigitaldeasturias.com\/noticias"},{"label":"Deportes","link":"https:\/\/www.eldigitaldeasturias.com\/noticias\/category\/deportes\/"},{"label":"As\u00ed ser\u00e1 la jornada 27 de LaLiga SmartBank","link":"https:\/\/www.eldigitaldeasturias.com\/noticias\/asi-sera-la-jornada-27-de-laliga-smartbank\/"}],"_links":{"self":[{"href":"https:\/\/www.eldigitaldeasturias.com\/noticias\/wp-json\/wp\/v2\/posts\/1057005","targetHints":{"allow":["GET"]}}],"collection":[{"href":"https:\/\/www.eldigitaldeasturias.com\/noticias\/wp-json\/wp\/v2\/posts"}],"about":[{"href":"https:\/\/www.eldigitaldeasturias.com\/noticias\/wp-json\/wp\/v2\/types\/post"}],"author":[{"embeddable":true,"href":"https:\/\/www.eldigitaldeasturias.com\/noticias\/wp-json\/wp\/v2\/users\/1"}],"replies":[{"embeddable":true,"href":"https:\/\/www.eldigitaldeasturias.com\/noticias\/wp-json\/wp\/v2\/comments?post=1057005"}],"version-history":[{"count":0,"href":"https:\/\/www.eldigitaldeasturias.com\/noticias\/wp-json\/wp\/v2\/posts\/1057005\/revisions"}],"wp:featuredmedia":[{"embeddable":true,"href":"https:\/\/www.eldigitaldeasturias.com\/noticias\/wp-json\/wp\/v2\/media\/1057006"}],"wp:attachment":[{"href":"https:\/\/www.eldigitaldeasturias.com\/noticias\/wp-json\/wp\/v2\/media?parent=1057005"}],"wp:term":[{"taxonomy":"category","embeddable":true,"href":"https:\/\/www.eldigitaldeasturias.com\/noticias\/wp-json\/wp\/v2\/categories?post=1057005"},{"taxonomy":"post_tag","embeddable":true,"href":"https:\/\/www.eldigitaldeasturias.com\/noticias\/wp-json\/wp\/v2\/tags?post=1057005"}],"curies":[{"name":"wp","href":"https:\/\/api.w.org\/{rel}","templated":true}]}}