{"id":1057002,"date":"2020-02-06T20:24:01","date_gmt":"2020-02-06T20:24:01","guid":{"rendered":"https:\/\/www.eldigitaldeasturias.com\/noticias\/?p=1057002"},"modified":"2020-02-06T20:24:01","modified_gmt":"2020-02-06T20:24:01","slug":"dembele-sera-operado-en-finlandia","status":"publish","type":"post","link":"https:\/\/www.eldigitaldeasturias.com\/noticias\/dembele-sera-operado-en-finlandia\/","title":{"rendered":"Demb\u00e9l\u00e9 ser\u00e1 operado en Finlandia"},"content":{"rendered":"<figure id=\"attachment_1057003\" aria-describedby=\"caption-attachment-1057003\" style=\"width: 360px\" class=\"wp-caption alignleft\"><img loading=\"lazy\" decoding=\"async\" class=\"size-medium wp-image-1057003\" src=\"https:\/\/www.eldigitaldeasturias.com\/noticias\/wp-content\/uploads\/2020\/02\/Dembele-dpa-360x243.jpg\" alt=\"\" width=\"360\" height=\"243\" srcset=\"https:\/\/www.eldigitaldeasturias.com\/noticias\/wp-content\/uploads\/2020\/02\/Dembele-dpa-360x243.jpg 360w, https:\/\/www.eldigitaldeasturias.com\/noticias\/wp-content\/uploads\/2020\/02\/Dembele-dpa-690x466.jpg 690w, https:\/\/www.eldigitaldeasturias.com\/noticias\/wp-content\/uploads\/2020\/02\/Dembele-dpa-445x300.jpg 445w, https:\/\/www.eldigitaldeasturias.com\/noticias\/wp-content\/uploads\/2020\/02\/Dembele-dpa-768x518.jpg 768w, https:\/\/www.eldigitaldeasturias.com\/noticias\/wp-content\/uploads\/2020\/02\/Dembele-dpa.jpg 935w\" sizes=\"auto, (max-width: 360px) 100vw, 360px\" \/><figcaption id=\"caption-attachment-1057003\" class=\"wp-caption-text\">Foto: Marius Becker\/dpa<\/figcaption><\/figure>\n<p>(Europa Press) &#8211;\u00a0El delantero franc\u00e9s del FC Barcelona <strong>Ousmane Demb\u00e9l\u00e9 ser\u00e1 intervenido el pr\u00f3ximo 11 de febrero en Finlandia<\/strong> de su rotura de tend\u00f3n en el b\u00edceps femoral, y, tras la operaci\u00f3n, se dar\u00e1 un tiempo de baja aproximado.<\/p>\n<p>\u00abOusmane Demb\u00e9l\u00e9 ser\u00e1 intervenido quir\u00fargicamente el pr\u00f3ximo martes 11 en Turku (Finlandia) de su rotura del tend\u00f3n proximal del b\u00edceps femoral del muslo derecho\u00bb, anunci\u00f3 este jueves el club blaugrana.<\/p>\n<p>Adem\u00e1s, desde el Bar\u00e7a apuntaron que tras la intervenci\u00f3n se facilitar\u00e1 un nuevo comunicado m\u00e9dico con el tiempo de baja aproximado, si bien parece que <strong>el internacional galo tiene complicado volver a jugar en esta temporada<\/strong>.<\/p>\n<p>Demb\u00e9l\u00e9, con una lesi\u00f3n en el b\u00edceps femoral del muslo derecho sufrida a finales de noviembre de 2019 que le ten\u00eda que tener unas diez semanas de baja, estaba cerca de recibir el alta m\u00e9dica, tras varios entrenamientos con el grupo, pero se lesion\u00f3 el pasado lunes de nuevo.<\/p>\n<p>Se esperaba que el extremo fuera el refuerzo invernal que no ha llegado en la zona ofensiva del equipo, &#8216;tocada&#8217; ya por la baja hasta abril de Luis Su\u00e1rez, ya que as\u00ed lo confirm\u00f3 su t\u00e9cnico, Quique Seti\u00e9n, recientemente en sus \u00faltimas comparecencias ante los medios.<\/p>\n<p><strong>El franc\u00e9s<\/strong>, que acumula varias lesiones musculares esta temporada, tres de ellas en el muslo, <strong>ha jugado s\u00f3lo nueve partidos en lo que va de temporada<\/strong>, cinco en LaLiga y cuatro en la Liga de Campeones, con un gol en el campeonato dom\u00e9stico.<\/p>\n<p>&nbsp;<\/p>\n","protected":false},"excerpt":{"rendered":"<p>(Europa Press) &#8211;\u00a0El delantero franc\u00e9s del FC Barcelona Ousmane Demb\u00e9l\u00e9 ser\u00e1 intervenido el pr\u00f3ximo 11 de febrero en Finlandia de su rotura de tend\u00f3n en el b\u00edceps femoral, y, tras la operaci\u00f3n, se dar\u00e1 un tiempo de baja aproximado. \u00abOusmane Demb\u00e9l\u00e9 ser\u00e1 intervenido quir\u00fargicamente el pr\u00f3ximo martes 11 en Turku (Finlandia) de su rotura del [&hellip;]<\/p>\n","protected":false},"author":1,"featured_media":1057003,"comment_status":"closed","ping_status":"closed","sticky":false,"template":"","format":"standard","meta":{"footnotes":""},"categories":[190],"tags":[],"class_list":["post-1057002","post","type-post","status-publish","format-standard","has-post-thumbnail","hentry","category-deportes"],"aioseo_notices":[],"aioseo_head":"\n\t\t<!-- All in One SEO Pro 4.9.6.2 - aioseo.com -->\n\t<meta name=\"description\" content=\"(Europa Press) - El delantero franc\u00e9s del FC Barcelona Ousmane Demb\u00e9l\u00e9 ser\u00e1 intervenido el pr\u00f3ximo 11 de febrero en Finlandia de su rotura de tend\u00f3n en el b\u00edceps femoral, y, tras la operaci\u00f3n, se dar\u00e1 un tiempo de baja aproximado. &quot;Ousmane Demb\u00e9l\u00e9 ser\u00e1 intervenido quir\u00fargicamente el pr\u00f3ximo martes 11 en Turku (Finlandia) de su rotura del\" \/>\n\t<meta name=\"robots\" content=\"max-image-preview:large\" \/>\n\t<meta name=\"author\" content=\"El Digital de Asturias\"\/>\n\t<meta name=\"google-site-verification\" content=\"UA-38556648-1\" \/>\n\t<meta name=\"msvalidate.01\" content=\"7dfe9f3f1b24437ab69f4f2559babe99\" \/>\n\t<meta name=\"keywords\" content=\"deportes\" \/>\n\t<link rel=\"canonical\" href=\"https:\/\/www.eldigitaldeasturias.com\/noticias\/dembele-sera-operado-en-finlandia\/\" \/>\n\t<meta name=\"generator\" content=\"All in One SEO Pro (AIOSEO) 4.9.6.2\" \/>\n\t\t<meta property=\"og:locale\" content=\"es_ES\" \/>\n\t\t<meta property=\"og:site_name\" content=\"El Digital de Asturias\" \/>\n\t\t<meta property=\"og:type\" content=\"article\" \/>\n\t\t<meta property=\"og:title\" content=\"Demb\u00e9l\u00e9 ser\u00e1 operado en Finlandia - El Digital de Asturias\" \/>\n\t\t<meta property=\"og:description\" content=\"(Europa Press) - El delantero franc\u00e9s del FC Barcelona Ousmane Demb\u00e9l\u00e9 ser\u00e1 intervenido el pr\u00f3ximo 11 de febrero en Finlandia de su rotura de tend\u00f3n en el b\u00edceps femoral, y, tras la operaci\u00f3n, se dar\u00e1 un tiempo de baja aproximado. &quot;Ousmane Demb\u00e9l\u00e9 ser\u00e1 intervenido quir\u00fargicamente el pr\u00f3ximo martes 11 en Turku (Finlandia) de su rotura del\" \/>\n\t\t<meta property=\"og:url\" content=\"https:\/\/www.eldigitaldeasturias.com\/noticias\/dembele-sera-operado-en-finlandia\/\" \/>\n\t\t<meta property=\"og:image\" content=\"https:\/\/www.eldigitaldeasturias.com\/noticias\/wp-content\/uploads\/2020\/02\/Dembele-dpa.jpg\" \/>\n\t\t<meta property=\"og:image:secure_url\" content=\"https:\/\/www.eldigitaldeasturias.com\/noticias\/wp-content\/uploads\/2020\/02\/Dembele-dpa.jpg\" \/>\n\t\t<meta property=\"og:image:width\" content=\"935\" \/>\n\t\t<meta property=\"og:image:height\" content=\"631\" \/>\n\t\t<meta property=\"article:tag\" content=\"deportes\" \/>\n\t\t<meta property=\"article:published_time\" content=\"2020-02-06T20:24:01+00:00\" \/>\n\t\t<meta property=\"article:modified_time\" content=\"2020-02-06T20:24:01+00:00\" \/>\n\t\t<meta property=\"article:publisher\" content=\"https:\/\/facebook.com\/eldigitaldeasturias\" \/>\n\t\t<meta name=\"twitter:card\" content=\"summary_large_image\" \/>\n\t\t<meta name=\"twitter:title\" content=\"Demb\u00e9l\u00e9 ser\u00e1 operado en Finlandia - El Digital de Asturias\" \/>\n\t\t<meta name=\"twitter:description\" content=\"(Europa Press) - El delantero franc\u00e9s del FC Barcelona Ousmane Demb\u00e9l\u00e9 ser\u00e1 intervenido el pr\u00f3ximo 11 de febrero en Finlandia de su rotura de tend\u00f3n en el b\u00edceps femoral, y, tras la operaci\u00f3n, se dar\u00e1 un tiempo de baja aproximado. &quot;Ousmane Demb\u00e9l\u00e9 ser\u00e1 intervenido quir\u00fargicamente el pr\u00f3ximo martes 11 en Turku (Finlandia) de su rotura del\" \/>\n\t\t<meta name=\"twitter:image\" content=\"https:\/\/www.eldigitaldeasturias.com\/noticias\/wp-content\/uploads\/2020\/02\/Dembele-dpa.jpg\" \/>\n\t\t<meta name=\"twitter:label1\" content=\"Escrito por\" \/>\n\t\t<meta name=\"twitter:data1\" content=\"El Digital de Asturias\" \/>\n\t\t<meta name=\"twitter:label2\" content=\"Tiempo de lectura estimado\" \/>\n\t\t<meta name=\"twitter:data2\" content=\"1 minuto\" \/>\n\t\t<script type=\"application\/ld+json\" class=\"aioseo-schema\">\n\t\t\t{\"@context\":\"https:\\\/\\\/schema.org\",\"@graph\":[{\"@type\":\"BlogPosting\",\"@id\":\"https:\\\/\\\/www.eldigitaldeasturias.com\\\/noticias\\\/dembele-sera-operado-en-finlandia\\\/#blogposting\",\"name\":\"Demb\\u00e9l\\u00e9 ser\\u00e1 operado en Finlandia - El Digital de Asturias\",\"headline\":\"Demb\\u00e9l\\u00e9 ser\\u00e1 operado en Finlandia\",\"author\":{\"@id\":\"https:\\\/\\\/www.eldigitaldeasturias.com\\\/noticias\\\/author\\\/admin\\\/#author\"},\"publisher\":{\"@id\":\"https:\\\/\\\/www.eldigitaldeasturias.com\\\/noticias\\\/#organization\"},\"image\":{\"@type\":\"ImageObject\",\"url\":\"https:\\\/\\\/www.eldigitaldeasturias.com\\\/noticias\\\/wp-content\\\/uploads\\\/2020\\\/02\\\/Dembele-dpa.jpg\",\"width\":935,\"height\":631,\"caption\":\"Foto: Marius Becker\\\/dpa\"},\"datePublished\":\"2020-02-06T20:24:01+01:00\",\"dateModified\":\"2020-02-06T20:24:01+01:00\",\"inLanguage\":\"es-ES\",\"mainEntityOfPage\":{\"@id\":\"https:\\\/\\\/www.eldigitaldeasturias.com\\\/noticias\\\/dembele-sera-operado-en-finlandia\\\/#webpage\"},\"isPartOf\":{\"@id\":\"https:\\\/\\\/www.eldigitaldeasturias.com\\\/noticias\\\/dembele-sera-operado-en-finlandia\\\/#webpage\"},\"articleSection\":\"Deportes\"},{\"@type\":\"BreadcrumbList\",\"@id\":\"https:\\\/\\\/www.eldigitaldeasturias.com\\\/noticias\\\/dembele-sera-operado-en-finlandia\\\/#breadcrumblist\",\"itemListElement\":[{\"@type\":\"ListItem\",\"@id\":\"https:\\\/\\\/www.eldigitaldeasturias.com\\\/noticias#listItem\",\"position\":1,\"name\":\"Home\",\"item\":\"https:\\\/\\\/www.eldigitaldeasturias.com\\\/noticias\",\"nextItem\":{\"@type\":\"ListItem\",\"@id\":\"https:\\\/\\\/www.eldigitaldeasturias.com\\\/noticias\\\/category\\\/deportes\\\/#listItem\",\"name\":\"Deportes\"}},{\"@type\":\"ListItem\",\"@id\":\"https:\\\/\\\/www.eldigitaldeasturias.com\\\/noticias\\\/category\\\/deportes\\\/#listItem\",\"position\":2,\"name\":\"Deportes\",\"item\":\"https:\\\/\\\/www.eldigitaldeasturias.com\\\/noticias\\\/category\\\/deportes\\\/\",\"nextItem\":{\"@type\":\"ListItem\",\"@id\":\"https:\\\/\\\/www.eldigitaldeasturias.com\\\/noticias\\\/dembele-sera-operado-en-finlandia\\\/#listItem\",\"name\":\"Demb\\u00e9l\\u00e9 ser\\u00e1 operado en Finlandia\"},\"previousItem\":{\"@type\":\"ListItem\",\"@id\":\"https:\\\/\\\/www.eldigitaldeasturias.com\\\/noticias#listItem\",\"name\":\"Home\"}},{\"@type\":\"ListItem\",\"@id\":\"https:\\\/\\\/www.eldigitaldeasturias.com\\\/noticias\\\/dembele-sera-operado-en-finlandia\\\/#listItem\",\"position\":3,\"name\":\"Demb\\u00e9l\\u00e9 ser\\u00e1 operado en Finlandia\",\"previousItem\":{\"@type\":\"ListItem\",\"@id\":\"https:\\\/\\\/www.eldigitaldeasturias.com\\\/noticias\\\/category\\\/deportes\\\/#listItem\",\"name\":\"Deportes\"}}]},{\"@type\":\"Organization\",\"@id\":\"https:\\\/\\\/www.eldigitaldeasturias.com\\\/noticias\\\/#organization\",\"name\":\"El Digital de Asturias\",\"description\":\"Hemeroteca\",\"url\":\"https:\\\/\\\/www.eldigitaldeasturias.com\\\/noticias\\\/\",\"email\":\"info@eldigitaldeasturias.com\",\"telephone\":\"+34652131393\",\"logo\":{\"@type\":\"ImageObject\",\"url\":\"https:\\\/\\\/www.eldigitaldeasturias.com\\\/noticias\\\/wp-content\\\/uploads\\\/2020\\\/12\\\/EDA.jpg\",\"@id\":\"https:\\\/\\\/www.eldigitaldeasturias.com\\\/noticias\\\/dembele-sera-operado-en-finlandia\\\/#organizationLogo\",\"width\":649,\"height\":297},\"image\":{\"@id\":\"https:\\\/\\\/www.eldigitaldeasturias.com\\\/noticias\\\/dembele-sera-operado-en-finlandia\\\/#organizationLogo\"},\"sameAs\":[\"https:\\\/\\\/facebook.com\\\/eldigitaldeasturias\",\"https:\\\/\\\/www.youtube.com\\\/channel\\\/UCZP-2wLEB9Rv6erhFmqVnvg\"],\"address\":{\"@id\":\"https:\\\/\\\/www.eldigitaldeasturias.com\\\/noticias\\\/#postaladdress\",\"@type\":\"PostalAddress\",\"streetAddress\":\"san antonio 4,\",\"postalCode\":\"33430\",\"addressLocality\":\"Cand\\u00e1s\",\"addressRegion\":\"Asturias\",\"addressCountry\":\"ES\"}},{\"@type\":\"Person\",\"@id\":\"https:\\\/\\\/www.eldigitaldeasturias.com\\\/noticias\\\/author\\\/admin\\\/#author\",\"url\":\"https:\\\/\\\/www.eldigitaldeasturias.com\\\/noticias\\\/author\\\/admin\\\/\",\"name\":\"El Digital de Asturias\",\"image\":{\"@type\":\"ImageObject\",\"@id\":\"https:\\\/\\\/www.eldigitaldeasturias.com\\\/noticias\\\/dembele-sera-operado-en-finlandia\\\/#authorImage\",\"url\":\"https:\\\/\\\/www.eldigitaldeasturias.com\\\/noticias\\\/wp-content\\\/litespeed\\\/avatar\\\/18677e78aa0546b92d9dbf31ec7d7668.jpg?ver=1777290358\",\"width\":96,\"height\":96,\"caption\":\"El Digital de Asturias\"}},{\"@type\":\"WebPage\",\"@id\":\"https:\\\/\\\/www.eldigitaldeasturias.com\\\/noticias\\\/dembele-sera-operado-en-finlandia\\\/#webpage\",\"url\":\"https:\\\/\\\/www.eldigitaldeasturias.com\\\/noticias\\\/dembele-sera-operado-en-finlandia\\\/\",\"name\":\"Demb\\u00e9l\\u00e9 ser\\u00e1 operado en Finlandia - El Digital de Asturias\",\"description\":\"(Europa Press) - El delantero franc\\u00e9s del FC Barcelona Ousmane Demb\\u00e9l\\u00e9 ser\\u00e1 intervenido el pr\\u00f3ximo 11 de febrero en Finlandia de su rotura de tend\\u00f3n en el b\\u00edceps femoral, y, tras la operaci\\u00f3n, se dar\\u00e1 un tiempo de baja aproximado. \\\"Ousmane Demb\\u00e9l\\u00e9 ser\\u00e1 intervenido quir\\u00fargicamente el pr\\u00f3ximo martes 11 en Turku (Finlandia) de su rotura del\",\"inLanguage\":\"es-ES\",\"isPartOf\":{\"@id\":\"https:\\\/\\\/www.eldigitaldeasturias.com\\\/noticias\\\/#website\"},\"breadcrumb\":{\"@id\":\"https:\\\/\\\/www.eldigitaldeasturias.com\\\/noticias\\\/dembele-sera-operado-en-finlandia\\\/#breadcrumblist\"},\"author\":{\"@id\":\"https:\\\/\\\/www.eldigitaldeasturias.com\\\/noticias\\\/author\\\/admin\\\/#author\"},\"creator\":{\"@id\":\"https:\\\/\\\/www.eldigitaldeasturias.com\\\/noticias\\\/author\\\/admin\\\/#author\"},\"image\":{\"@type\":\"ImageObject\",\"url\":\"https:\\\/\\\/www.eldigitaldeasturias.com\\\/noticias\\\/wp-content\\\/uploads\\\/2020\\\/02\\\/Dembele-dpa.jpg\",\"@id\":\"https:\\\/\\\/www.eldigitaldeasturias.com\\\/noticias\\\/dembele-sera-operado-en-finlandia\\\/#mainImage\",\"width\":935,\"height\":631,\"caption\":\"Foto: Marius Becker\\\/dpa\"},\"primaryImageOfPage\":{\"@id\":\"https:\\\/\\\/www.eldigitaldeasturias.com\\\/noticias\\\/dembele-sera-operado-en-finlandia\\\/#mainImage\"},\"datePublished\":\"2020-02-06T20:24:01+01:00\",\"dateModified\":\"2020-02-06T20:24:01+01:00\"},{\"@type\":\"WebSite\",\"@id\":\"https:\\\/\\\/www.eldigitaldeasturias.com\\\/noticias\\\/#website\",\"url\":\"https:\\\/\\\/www.eldigitaldeasturias.com\\\/noticias\\\/\",\"name\":\"El Digital de Asturias - Diario de actualidad y noticias\",\"alternateName\":\"El Digital de Asturias - Diario de actualidad y noticias\",\"description\":\"Hemeroteca\",\"inLanguage\":\"es-ES\",\"publisher\":{\"@id\":\"https:\\\/\\\/www.eldigitaldeasturias.com\\\/noticias\\\/#organization\"}}]}\n\t\t<\/script>\n\t\t<!-- All in One SEO Pro -->\r\n\t\t<title>Demb\u00e9l\u00e9 ser\u00e1 operado en Finlandia - El Digital de Asturias<\/title>\n\n","aioseo_head_json":{"title":"Demb\u00e9l\u00e9 ser\u00e1 operado en Finlandia - El Digital de Asturias","description":"(Europa Press) - El delantero franc\u00e9s del FC Barcelona Ousmane Demb\u00e9l\u00e9 ser\u00e1 intervenido el pr\u00f3ximo 11 de febrero en Finlandia de su rotura de tend\u00f3n en el b\u00edceps femoral, y, tras la operaci\u00f3n, se dar\u00e1 un tiempo de baja aproximado. \"Ousmane Demb\u00e9l\u00e9 ser\u00e1 intervenido quir\u00fargicamente el pr\u00f3ximo martes 11 en Turku (Finlandia) de su rotura del","canonical_url":"https:\/\/www.eldigitaldeasturias.com\/noticias\/dembele-sera-operado-en-finlandia\/","robots":"max-image-preview:large","keywords":"deportes","webmasterTools":{"google-site-verification":"UA-38556648-1","msvalidate.01":"7dfe9f3f1b24437ab69f4f2559babe99","miscellaneous":""},"schema":{"@context":"https:\/\/schema.org","@graph":[{"@type":"BlogPosting","@id":"https:\/\/www.eldigitaldeasturias.com\/noticias\/dembele-sera-operado-en-finlandia\/#blogposting","name":"Demb\u00e9l\u00e9 ser\u00e1 operado en Finlandia - El Digital de Asturias","headline":"Demb\u00e9l\u00e9 ser\u00e1 operado en Finlandia","author":{"@id":"https:\/\/www.eldigitaldeasturias.com\/noticias\/author\/admin\/#author"},"publisher":{"@id":"https:\/\/www.eldigitaldeasturias.com\/noticias\/#organization"},"image":{"@type":"ImageObject","url":"https:\/\/www.eldigitaldeasturias.com\/noticias\/wp-content\/uploads\/2020\/02\/Dembele-dpa.jpg","width":935,"height":631,"caption":"Foto: Marius Becker\/dpa"},"datePublished":"2020-02-06T20:24:01+01:00","dateModified":"2020-02-06T20:24:01+01:00","inLanguage":"es-ES","mainEntityOfPage":{"@id":"https:\/\/www.eldigitaldeasturias.com\/noticias\/dembele-sera-operado-en-finlandia\/#webpage"},"isPartOf":{"@id":"https:\/\/www.eldigitaldeasturias.com\/noticias\/dembele-sera-operado-en-finlandia\/#webpage"},"articleSection":"Deportes"},{"@type":"BreadcrumbList","@id":"https:\/\/www.eldigitaldeasturias.com\/noticias\/dembele-sera-operado-en-finlandia\/#breadcrumblist","itemListElement":[{"@type":"ListItem","@id":"https:\/\/www.eldigitaldeasturias.com\/noticias#listItem","position":1,"name":"Home","item":"https:\/\/www.eldigitaldeasturias.com\/noticias","nextItem":{"@type":"ListItem","@id":"https:\/\/www.eldigitaldeasturias.com\/noticias\/category\/deportes\/#listItem","name":"Deportes"}},{"@type":"ListItem","@id":"https:\/\/www.eldigitaldeasturias.com\/noticias\/category\/deportes\/#listItem","position":2,"name":"Deportes","item":"https:\/\/www.eldigitaldeasturias.com\/noticias\/category\/deportes\/","nextItem":{"@type":"ListItem","@id":"https:\/\/www.eldigitaldeasturias.com\/noticias\/dembele-sera-operado-en-finlandia\/#listItem","name":"Demb\u00e9l\u00e9 ser\u00e1 operado en Finlandia"},"previousItem":{"@type":"ListItem","@id":"https:\/\/www.eldigitaldeasturias.com\/noticias#listItem","name":"Home"}},{"@type":"ListItem","@id":"https:\/\/www.eldigitaldeasturias.com\/noticias\/dembele-sera-operado-en-finlandia\/#listItem","position":3,"name":"Demb\u00e9l\u00e9 ser\u00e1 operado en Finlandia","previousItem":{"@type":"ListItem","@id":"https:\/\/www.eldigitaldeasturias.com\/noticias\/category\/deportes\/#listItem","name":"Deportes"}}]},{"@type":"Organization","@id":"https:\/\/www.eldigitaldeasturias.com\/noticias\/#organization","name":"El Digital de Asturias","description":"Hemeroteca","url":"https:\/\/www.eldigitaldeasturias.com\/noticias\/","email":"info@eldigitaldeasturias.com","telephone":"+34652131393","logo":{"@type":"ImageObject","url":"https:\/\/www.eldigitaldeasturias.com\/noticias\/wp-content\/uploads\/2020\/12\/EDA.jpg","@id":"https:\/\/www.eldigitaldeasturias.com\/noticias\/dembele-sera-operado-en-finlandia\/#organizationLogo","width":649,"height":297},"image":{"@id":"https:\/\/www.eldigitaldeasturias.com\/noticias\/dembele-sera-operado-en-finlandia\/#organizationLogo"},"sameAs":["https:\/\/facebook.com\/eldigitaldeasturias","https:\/\/www.youtube.com\/channel\/UCZP-2wLEB9Rv6erhFmqVnvg"],"address":{"@id":"https:\/\/www.eldigitaldeasturias.com\/noticias\/#postaladdress","@type":"PostalAddress","streetAddress":"san antonio 4,","postalCode":"33430","addressLocality":"Cand\u00e1s","addressRegion":"Asturias","addressCountry":"ES"}},{"@type":"Person","@id":"https:\/\/www.eldigitaldeasturias.com\/noticias\/author\/admin\/#author","url":"https:\/\/www.eldigitaldeasturias.com\/noticias\/author\/admin\/","name":"El Digital de Asturias","image":{"@type":"ImageObject","@id":"https:\/\/www.eldigitaldeasturias.com\/noticias\/dembele-sera-operado-en-finlandia\/#authorImage","url":"https:\/\/www.eldigitaldeasturias.com\/noticias\/wp-content\/litespeed\/avatar\/18677e78aa0546b92d9dbf31ec7d7668.jpg?ver=1777290358","width":96,"height":96,"caption":"El Digital de Asturias"}},{"@type":"WebPage","@id":"https:\/\/www.eldigitaldeasturias.com\/noticias\/dembele-sera-operado-en-finlandia\/#webpage","url":"https:\/\/www.eldigitaldeasturias.com\/noticias\/dembele-sera-operado-en-finlandia\/","name":"Demb\u00e9l\u00e9 ser\u00e1 operado en Finlandia - El Digital de Asturias","description":"(Europa Press) - El delantero franc\u00e9s del FC Barcelona Ousmane Demb\u00e9l\u00e9 ser\u00e1 intervenido el pr\u00f3ximo 11 de febrero en Finlandia de su rotura de tend\u00f3n en el b\u00edceps femoral, y, tras la operaci\u00f3n, se dar\u00e1 un tiempo de baja aproximado. \"Ousmane Demb\u00e9l\u00e9 ser\u00e1 intervenido quir\u00fargicamente el pr\u00f3ximo martes 11 en Turku (Finlandia) de su rotura del","inLanguage":"es-ES","isPartOf":{"@id":"https:\/\/www.eldigitaldeasturias.com\/noticias\/#website"},"breadcrumb":{"@id":"https:\/\/www.eldigitaldeasturias.com\/noticias\/dembele-sera-operado-en-finlandia\/#breadcrumblist"},"author":{"@id":"https:\/\/www.eldigitaldeasturias.com\/noticias\/author\/admin\/#author"},"creator":{"@id":"https:\/\/www.eldigitaldeasturias.com\/noticias\/author\/admin\/#author"},"image":{"@type":"ImageObject","url":"https:\/\/www.eldigitaldeasturias.com\/noticias\/wp-content\/uploads\/2020\/02\/Dembele-dpa.jpg","@id":"https:\/\/www.eldigitaldeasturias.com\/noticias\/dembele-sera-operado-en-finlandia\/#mainImage","width":935,"height":631,"caption":"Foto: Marius Becker\/dpa"},"primaryImageOfPage":{"@id":"https:\/\/www.eldigitaldeasturias.com\/noticias\/dembele-sera-operado-en-finlandia\/#mainImage"},"datePublished":"2020-02-06T20:24:01+01:00","dateModified":"2020-02-06T20:24:01+01:00"},{"@type":"WebSite","@id":"https:\/\/www.eldigitaldeasturias.com\/noticias\/#website","url":"https:\/\/www.eldigitaldeasturias.com\/noticias\/","name":"El Digital de Asturias - Diario de actualidad y noticias","alternateName":"El Digital de Asturias - Diario de actualidad y noticias","description":"Hemeroteca","inLanguage":"es-ES","publisher":{"@id":"https:\/\/www.eldigitaldeasturias.com\/noticias\/#organization"}}]},"og:locale":"es_ES","og:site_name":"El Digital de Asturias","og:type":"article","og:title":"Demb\u00e9l\u00e9 ser\u00e1 operado en Finlandia - El Digital de Asturias","og:description":"(Europa Press) - El delantero franc\u00e9s del FC Barcelona Ousmane Demb\u00e9l\u00e9 ser\u00e1 intervenido el pr\u00f3ximo 11 de febrero en Finlandia de su rotura de tend\u00f3n en el b\u00edceps femoral, y, tras la operaci\u00f3n, se dar\u00e1 un tiempo de baja aproximado. &quot;Ousmane Demb\u00e9l\u00e9 ser\u00e1 intervenido quir\u00fargicamente el pr\u00f3ximo martes 11 en Turku (Finlandia) de su rotura del","og:url":"https:\/\/www.eldigitaldeasturias.com\/noticias\/dembele-sera-operado-en-finlandia\/","og:image":"https:\/\/www.eldigitaldeasturias.com\/noticias\/wp-content\/uploads\/2020\/02\/Dembele-dpa.jpg","og:image:secure_url":"https:\/\/www.eldigitaldeasturias.com\/noticias\/wp-content\/uploads\/2020\/02\/Dembele-dpa.jpg","og:image:width":935,"og:image:height":631,"article:tag":["deportes"],"article:published_time":"2020-02-06T20:24:01+00:00","article:modified_time":"2020-02-06T20:24:01+00:00","article:publisher":"https:\/\/facebook.com\/eldigitaldeasturias","twitter:card":"summary_large_image","twitter:title":"Demb\u00e9l\u00e9 ser\u00e1 operado en Finlandia - El Digital de Asturias","twitter:description":"(Europa Press) - El delantero franc\u00e9s del FC Barcelona Ousmane Demb\u00e9l\u00e9 ser\u00e1 intervenido el pr\u00f3ximo 11 de febrero en Finlandia de su rotura de tend\u00f3n en el b\u00edceps femoral, y, tras la operaci\u00f3n, se dar\u00e1 un tiempo de baja aproximado. &quot;Ousmane Demb\u00e9l\u00e9 ser\u00e1 intervenido quir\u00fargicamente el pr\u00f3ximo martes 11 en Turku (Finlandia) de su rotura del","twitter:image":"https:\/\/www.eldigitaldeasturias.com\/noticias\/wp-content\/uploads\/2020\/02\/Dembele-dpa.jpg","twitter:label1":"Escrito por","twitter:data1":"El Digital de Asturias","twitter:label2":"Tiempo de lectura estimado","twitter:data2":"1 minuto"},"aioseo_meta_data":{"post_id":"1057002","title":null,"description":null,"keywords":null,"keyphrases":null,"primary_term":null,"canonical_url":null,"og_title":null,"og_description":null,"og_object_type":"default","og_image_type":"default","og_image_url":null,"og_image_width":null,"og_image_height":null,"og_image_custom_url":null,"og_image_custom_fields":null,"og_video":null,"og_custom_url":null,"og_article_section":null,"og_article_tags":null,"twitter_use_og":false,"twitter_card":"default","twitter_image_type":"default","twitter_image_url":null,"twitter_image_custom_url":null,"twitter_image_custom_fields":null,"twitter_title":null,"twitter_description":null,"schema":{"blockGraphs":[],"customGraphs":[],"default":{"data":{"Article":[],"Course":[],"Dataset":[],"FAQPage":[],"Movie":[],"Person":[],"Product":[],"ProductReview":[],"Car":[],"Recipe":[],"Service":[],"SoftwareApplication":[],"WebPage":[]},"graphName":"","isEnabled":true},"graphs":[],"defaultGraph":"","defaultPostTypeGraph":""},"schema_type":null,"schema_type_options":null,"pillar_content":false,"robots_default":true,"robots_noindex":false,"robots_noarchive":false,"robots_nosnippet":false,"robots_nofollow":false,"robots_noimageindex":false,"robots_noodp":false,"robots_notranslate":false,"robots_max_snippet":null,"robots_max_videopreview":null,"robots_max_imagepreview":"large","priority":null,"frequency":null,"local_seo":null,"seo_analyzer_scan_date":"2025-10-31 00:20:08","breadcrumb_settings":null,"limit_modified_date":false,"open_ai":null,"ai":null,"created":"2020-12-21 10:55:42","updated":"2025-10-31 00:20:08"},"aioseo_breadcrumb":"<div class=\"aioseo-breadcrumbs\"><span class=\"aioseo-breadcrumb\">\n\t<a href=\"https:\/\/www.eldigitaldeasturias.com\/noticias\" title=\"Home\">Home<\/a>\n<\/span><span class=\"aioseo-breadcrumb-separator\">\u2013<\/span><span class=\"aioseo-breadcrumb\">\n\t<a href=\"https:\/\/www.eldigitaldeasturias.com\/noticias\/category\/deportes\/\" title=\"Deportes\">Deportes<\/a>\n<\/span><span class=\"aioseo-breadcrumb-separator\">\u2013<\/span><span class=\"aioseo-breadcrumb\">\n\t<a href=\"https:\/\/www.eldigitaldeasturias.com\/noticias\/dembele-sera-operado-en-finlandia\/\" title=\"Demb\u00e9l\u00e9 ser\u00e1 operado en Finlandia\">Demb\u00e9l\u00e9 ser\u00e1 operado en Finlandia<\/a>\n<\/span><\/div>","aioseo_breadcrumb_json":[{"label":"Home","link":"https:\/\/www.eldigitaldeasturias.com\/noticias"},{"label":"Deportes","link":"https:\/\/www.eldigitaldeasturias.com\/noticias\/category\/deportes\/"},{"label":"Demb\u00e9l\u00e9 ser\u00e1 operado en Finlandia","link":"https:\/\/www.eldigitaldeasturias.com\/noticias\/dembele-sera-operado-en-finlandia\/"}],"_links":{"self":[{"href":"https:\/\/www.eldigitaldeasturias.com\/noticias\/wp-json\/wp\/v2\/posts\/1057002","targetHints":{"allow":["GET"]}}],"collection":[{"href":"https:\/\/www.eldigitaldeasturias.com\/noticias\/wp-json\/wp\/v2\/posts"}],"about":[{"href":"https:\/\/www.eldigitaldeasturias.com\/noticias\/wp-json\/wp\/v2\/types\/post"}],"author":[{"embeddable":true,"href":"https:\/\/www.eldigitaldeasturias.com\/noticias\/wp-json\/wp\/v2\/users\/1"}],"replies":[{"embeddable":true,"href":"https:\/\/www.eldigitaldeasturias.com\/noticias\/wp-json\/wp\/v2\/comments?post=1057002"}],"version-history":[{"count":0,"href":"https:\/\/www.eldigitaldeasturias.com\/noticias\/wp-json\/wp\/v2\/posts\/1057002\/revisions"}],"wp:featuredmedia":[{"embeddable":true,"href":"https:\/\/www.eldigitaldeasturias.com\/noticias\/wp-json\/wp\/v2\/media\/1057003"}],"wp:attachment":[{"href":"https:\/\/www.eldigitaldeasturias.com\/noticias\/wp-json\/wp\/v2\/media?parent=1057002"}],"wp:term":[{"taxonomy":"category","embeddable":true,"href":"https:\/\/www.eldigitaldeasturias.com\/noticias\/wp-json\/wp\/v2\/categories?post=1057002"},{"taxonomy":"post_tag","embeddable":true,"href":"https:\/\/www.eldigitaldeasturias.com\/noticias\/wp-json\/wp\/v2\/tags?post=1057002"}],"curies":[{"name":"wp","href":"https:\/\/api.w.org\/{rel}","templated":true}]}}