{"id":1057000,"date":"2020-02-06T19:42:53","date_gmt":"2020-02-06T19:42:53","guid":{"rendered":"https:\/\/www.eldigitaldeasturias.com\/noticias\/?p=1057000"},"modified":"2020-02-06T19:42:53","modified_gmt":"2020-02-06T19:42:53","slug":"asi-sera-la-jornada-24-de-laliga-santander","status":"publish","type":"post","link":"https:\/\/www.eldigitaldeasturias.com\/noticias\/asi-sera-la-jornada-24-de-laliga-santander\/","title":{"rendered":"As\u00ed ser\u00e1 la jornada 24 de LaLiga Santander"},"content":{"rendered":"<p><img loading=\"lazy\" decoding=\"async\" class=\"alignleft size-medium wp-image-969718\" src=\"https:\/\/www.eldigitaldeasturias.com\/noticias\/wp-content\/uploads\/2018\/02\/woman-638384_1280-360x239.jpg\" alt=\"\" width=\"360\" height=\"239\" srcset=\"https:\/\/www.eldigitaldeasturias.com\/noticias\/wp-content\/uploads\/2018\/02\/woman-638384_1280-360x239.jpg 360w, https:\/\/www.eldigitaldeasturias.com\/noticias\/wp-content\/uploads\/2018\/02\/woman-638384_1280-452x300.jpg 452w, https:\/\/www.eldigitaldeasturias.com\/noticias\/wp-content\/uploads\/2018\/02\/woman-638384_1280-768x510.jpg 768w, https:\/\/www.eldigitaldeasturias.com\/noticias\/wp-content\/uploads\/2018\/02\/woman-638384_1280-690x458.jpg 690w, https:\/\/www.eldigitaldeasturias.com\/noticias\/wp-content\/uploads\/2018\/02\/woman-638384_1280-1024x680.jpg 1024w, https:\/\/www.eldigitaldeasturias.com\/noticias\/wp-content\/uploads\/2018\/02\/woman-638384_1280-20x13.jpg 20w, https:\/\/www.eldigitaldeasturias.com\/noticias\/wp-content\/uploads\/2018\/02\/woman-638384_1280.jpg 1280w\" sizes=\"auto, (max-width: 360px) 100vw, 360px\" \/>(Europa Press) &#8211;\u00a0<strong>El Atl\u00e9tico de Madrid tendr\u00e1 un d\u00eda m\u00e1s de descanso de lo previsto para recibir al Liverpool<\/strong> en la ida de octavos de final de la Liga de Campeones, despu\u00e9s del cambio de horario en la jornada 24 de LaLiga Santander anunciado este jueves por la competici\u00f3n.<\/p>\n<p>La <strong>eliminaci\u00f3n del Valencia en cuartos de final de la Copa del Rey<\/strong> ha permitido que su duelo frente al Atl\u00e9tico en Mestalla se adelante al viernes a las 21.00 horas. El horario de este partido se ha permutado con el Granada-Real Valladolid, que se retrasa un d\u00eda hasta el s\u00e1bado 15 a las 21.00.<\/p>\n<p>De esta forma, el equipo colchonero tendr\u00e1 un d\u00eda m\u00e1s de reposo que el Liverpool, que jugar\u00e1 el s\u00e1bado 15 en campo del Norwich City en su partido de Premier League. La eliminatoria de Champions entre espa\u00f1oles e ingleses comenzar\u00e1 el martes 18 (21.00) en el Wanda Metropolitano<\/p>\n<h3>HORARIOS DE LA JORNADA 24.<\/h3>\n<p>-Viernes 14 febrero.<\/p>\n<ul>\n<li>Valencia &#8211; Atl\u00e9tico 21.00.<\/li>\n<\/ul>\n<p>-S\u00e1bado 15.<\/p>\n<ul>\n<li>Mallorca &#8211; Alav\u00e9s 13.00.<\/li>\n<li>Barcelona &#8211; Getafe 16.00.<\/li>\n<li>Villarreal &#8211; Levante 18.30.<\/li>\n<li>Granada &#8211; Valladolid 21.00.<\/li>\n<\/ul>\n<p>-Domingo 16.<\/p>\n<ul>\n<li>Sevilla &#8211; Espanyol 12.00.<\/li>\n<li>Legan\u00e9s &#8211; Betis 14.00.<\/li>\n<li>Eibar &#8211; Real Sociedad 16.00.<\/li>\n<li>Athletic &#8211; Osasuna 18.30.<\/li>\n<li>Real Madrid &#8211; Celta 21.00.<\/li>\n<\/ul>\n<p>&nbsp;<\/p>\n","protected":false},"excerpt":{"rendered":"<p>(Europa Press) &#8211;\u00a0El Atl\u00e9tico de Madrid tendr\u00e1 un d\u00eda m\u00e1s de descanso de lo previsto para recibir al Liverpool en la ida de octavos de final de la Liga de Campeones, despu\u00e9s del cambio de horario en la jornada 24 de LaLiga Santander anunciado este jueves por la competici\u00f3n. La eliminaci\u00f3n del Valencia en cuartos [&hellip;]<\/p>\n","protected":false},"author":1,"featured_media":969718,"comment_status":"closed","ping_status":"closed","sticky":false,"template":"","format":"standard","meta":{"footnotes":""},"categories":[190],"tags":[],"class_list":["post-1057000","post","type-post","status-publish","format-standard","has-post-thumbnail","hentry","category-deportes"],"aioseo_notices":[],"aioseo_head":"\n\t\t<!-- All in One SEO Pro 4.9.6.2 - aioseo.com -->\n\t<meta name=\"description\" content=\"(Europa Press) - El Atl\u00e9tico de Madrid tendr\u00e1 un d\u00eda m\u00e1s de descanso de lo previsto para recibir al Liverpool en la ida de octavos de final de la Liga de Campeones, despu\u00e9s del cambio de horario en la jornada 24 de LaLiga Santander anunciado este jueves por la competici\u00f3n. La eliminaci\u00f3n del Valencia en cuartos\" \/>\n\t<meta name=\"robots\" content=\"max-image-preview:large\" \/>\n\t<meta name=\"author\" content=\"El Digital de Asturias\"\/>\n\t<meta name=\"google-site-verification\" content=\"UA-38556648-1\" \/>\n\t<meta name=\"msvalidate.01\" content=\"7dfe9f3f1b24437ab69f4f2559babe99\" \/>\n\t<meta name=\"keywords\" content=\"deportes\" \/>\n\t<link rel=\"canonical\" href=\"https:\/\/www.eldigitaldeasturias.com\/noticias\/asi-sera-la-jornada-24-de-laliga-santander\/\" \/>\n\t<meta name=\"generator\" content=\"All in One SEO Pro (AIOSEO) 4.9.6.2\" \/>\n\t\t<meta property=\"og:locale\" content=\"es_ES\" \/>\n\t\t<meta property=\"og:site_name\" content=\"El Digital de Asturias\" \/>\n\t\t<meta property=\"og:type\" content=\"article\" \/>\n\t\t<meta property=\"og:title\" content=\"As\u00ed ser\u00e1 la jornada 24 de LaLiga Santander - El Digital de Asturias\" \/>\n\t\t<meta property=\"og:description\" content=\"(Europa Press) - El Atl\u00e9tico de Madrid tendr\u00e1 un d\u00eda m\u00e1s de descanso de lo previsto para recibir al Liverpool en la ida de octavos de final de la Liga de Campeones, despu\u00e9s del cambio de horario en la jornada 24 de LaLiga Santander anunciado este jueves por la competici\u00f3n. La eliminaci\u00f3n del Valencia en cuartos\" \/>\n\t\t<meta property=\"og:url\" content=\"https:\/\/www.eldigitaldeasturias.com\/noticias\/asi-sera-la-jornada-24-de-laliga-santander\/\" \/>\n\t\t<meta property=\"og:image\" content=\"https:\/\/www.eldigitaldeasturias.com\/noticias\/wp-content\/uploads\/2018\/02\/woman-638384_1280.jpg\" \/>\n\t\t<meta property=\"og:image:secure_url\" content=\"https:\/\/www.eldigitaldeasturias.com\/noticias\/wp-content\/uploads\/2018\/02\/woman-638384_1280.jpg\" \/>\n\t\t<meta property=\"og:image:width\" content=\"1280\" \/>\n\t\t<meta property=\"og:image:height\" content=\"850\" \/>\n\t\t<meta property=\"article:tag\" content=\"deportes\" \/>\n\t\t<meta property=\"article:published_time\" content=\"2020-02-06T19:42:53+00:00\" \/>\n\t\t<meta property=\"article:modified_time\" content=\"2020-02-06T19:42:53+00:00\" \/>\n\t\t<meta property=\"article:publisher\" content=\"https:\/\/facebook.com\/eldigitaldeasturias\" \/>\n\t\t<meta name=\"twitter:card\" content=\"summary_large_image\" \/>\n\t\t<meta name=\"twitter:title\" content=\"As\u00ed ser\u00e1 la jornada 24 de LaLiga Santander - El Digital de Asturias\" \/>\n\t\t<meta name=\"twitter:description\" content=\"(Europa Press) - El Atl\u00e9tico de Madrid tendr\u00e1 un d\u00eda m\u00e1s de descanso de lo previsto para recibir al Liverpool en la ida de octavos de final de la Liga de Campeones, despu\u00e9s del cambio de horario en la jornada 24 de LaLiga Santander anunciado este jueves por la competici\u00f3n. La eliminaci\u00f3n del Valencia en cuartos\" \/>\n\t\t<meta name=\"twitter:image\" content=\"https:\/\/www.eldigitaldeasturias.com\/noticias\/wp-content\/uploads\/2018\/02\/woman-638384_1280.jpg\" \/>\n\t\t<meta name=\"twitter:label1\" content=\"Escrito por\" \/>\n\t\t<meta name=\"twitter:data1\" content=\"El Digital de Asturias\" \/>\n\t\t<meta name=\"twitter:label2\" content=\"Tiempo de lectura estimado\" \/>\n\t\t<meta name=\"twitter:data2\" content=\"1 minuto\" \/>\n\t\t<script type=\"application\/ld+json\" class=\"aioseo-schema\">\n\t\t\t{\"@context\":\"https:\\\/\\\/schema.org\",\"@graph\":[{\"@type\":\"BlogPosting\",\"@id\":\"https:\\\/\\\/www.eldigitaldeasturias.com\\\/noticias\\\/asi-sera-la-jornada-24-de-laliga-santander\\\/#blogposting\",\"name\":\"As\\u00ed ser\\u00e1 la jornada 24 de LaLiga Santander - El Digital de Asturias\",\"headline\":\"As\\u00ed ser\\u00e1 la jornada 24 de LaLiga Santander\",\"author\":{\"@id\":\"https:\\\/\\\/www.eldigitaldeasturias.com\\\/noticias\\\/author\\\/admin\\\/#author\"},\"publisher\":{\"@id\":\"https:\\\/\\\/www.eldigitaldeasturias.com\\\/noticias\\\/#organization\"},\"image\":{\"@type\":\"ImageObject\",\"url\":\"https:\\\/\\\/www.eldigitaldeasturias.com\\\/noticias\\\/wp-content\\\/uploads\\\/2018\\\/02\\\/woman-638384_1280.jpg\",\"width\":1280,\"height\":850},\"datePublished\":\"2020-02-06T19:42:53+01:00\",\"dateModified\":\"2020-02-06T19:42:53+01:00\",\"inLanguage\":\"es-ES\",\"mainEntityOfPage\":{\"@id\":\"https:\\\/\\\/www.eldigitaldeasturias.com\\\/noticias\\\/asi-sera-la-jornada-24-de-laliga-santander\\\/#webpage\"},\"isPartOf\":{\"@id\":\"https:\\\/\\\/www.eldigitaldeasturias.com\\\/noticias\\\/asi-sera-la-jornada-24-de-laliga-santander\\\/#webpage\"},\"articleSection\":\"Deportes\"},{\"@type\":\"BreadcrumbList\",\"@id\":\"https:\\\/\\\/www.eldigitaldeasturias.com\\\/noticias\\\/asi-sera-la-jornada-24-de-laliga-santander\\\/#breadcrumblist\",\"itemListElement\":[{\"@type\":\"ListItem\",\"@id\":\"https:\\\/\\\/www.eldigitaldeasturias.com\\\/noticias#listItem\",\"position\":1,\"name\":\"Home\",\"item\":\"https:\\\/\\\/www.eldigitaldeasturias.com\\\/noticias\",\"nextItem\":{\"@type\":\"ListItem\",\"@id\":\"https:\\\/\\\/www.eldigitaldeasturias.com\\\/noticias\\\/category\\\/deportes\\\/#listItem\",\"name\":\"Deportes\"}},{\"@type\":\"ListItem\",\"@id\":\"https:\\\/\\\/www.eldigitaldeasturias.com\\\/noticias\\\/category\\\/deportes\\\/#listItem\",\"position\":2,\"name\":\"Deportes\",\"item\":\"https:\\\/\\\/www.eldigitaldeasturias.com\\\/noticias\\\/category\\\/deportes\\\/\",\"nextItem\":{\"@type\":\"ListItem\",\"@id\":\"https:\\\/\\\/www.eldigitaldeasturias.com\\\/noticias\\\/asi-sera-la-jornada-24-de-laliga-santander\\\/#listItem\",\"name\":\"As\\u00ed ser\\u00e1 la jornada 24 de LaLiga Santander\"},\"previousItem\":{\"@type\":\"ListItem\",\"@id\":\"https:\\\/\\\/www.eldigitaldeasturias.com\\\/noticias#listItem\",\"name\":\"Home\"}},{\"@type\":\"ListItem\",\"@id\":\"https:\\\/\\\/www.eldigitaldeasturias.com\\\/noticias\\\/asi-sera-la-jornada-24-de-laliga-santander\\\/#listItem\",\"position\":3,\"name\":\"As\\u00ed ser\\u00e1 la jornada 24 de LaLiga Santander\",\"previousItem\":{\"@type\":\"ListItem\",\"@id\":\"https:\\\/\\\/www.eldigitaldeasturias.com\\\/noticias\\\/category\\\/deportes\\\/#listItem\",\"name\":\"Deportes\"}}]},{\"@type\":\"Organization\",\"@id\":\"https:\\\/\\\/www.eldigitaldeasturias.com\\\/noticias\\\/#organization\",\"name\":\"El Digital de Asturias\",\"description\":\"Hemeroteca\",\"url\":\"https:\\\/\\\/www.eldigitaldeasturias.com\\\/noticias\\\/\",\"email\":\"info@eldigitaldeasturias.com\",\"telephone\":\"+34652131393\",\"logo\":{\"@type\":\"ImageObject\",\"url\":\"https:\\\/\\\/www.eldigitaldeasturias.com\\\/noticias\\\/wp-content\\\/uploads\\\/2020\\\/12\\\/EDA.jpg\",\"@id\":\"https:\\\/\\\/www.eldigitaldeasturias.com\\\/noticias\\\/asi-sera-la-jornada-24-de-laliga-santander\\\/#organizationLogo\",\"width\":649,\"height\":297},\"image\":{\"@id\":\"https:\\\/\\\/www.eldigitaldeasturias.com\\\/noticias\\\/asi-sera-la-jornada-24-de-laliga-santander\\\/#organizationLogo\"},\"sameAs\":[\"https:\\\/\\\/facebook.com\\\/eldigitaldeasturias\",\"https:\\\/\\\/www.youtube.com\\\/channel\\\/UCZP-2wLEB9Rv6erhFmqVnvg\"],\"address\":{\"@id\":\"https:\\\/\\\/www.eldigitaldeasturias.com\\\/noticias\\\/#postaladdress\",\"@type\":\"PostalAddress\",\"streetAddress\":\"san antonio 4,\",\"postalCode\":\"33430\",\"addressLocality\":\"Cand\\u00e1s\",\"addressRegion\":\"Asturias\",\"addressCountry\":\"ES\"}},{\"@type\":\"Person\",\"@id\":\"https:\\\/\\\/www.eldigitaldeasturias.com\\\/noticias\\\/author\\\/admin\\\/#author\",\"url\":\"https:\\\/\\\/www.eldigitaldeasturias.com\\\/noticias\\\/author\\\/admin\\\/\",\"name\":\"El Digital de Asturias\",\"image\":{\"@type\":\"ImageObject\",\"@id\":\"https:\\\/\\\/www.eldigitaldeasturias.com\\\/noticias\\\/asi-sera-la-jornada-24-de-laliga-santander\\\/#authorImage\",\"url\":\"https:\\\/\\\/www.eldigitaldeasturias.com\\\/noticias\\\/wp-content\\\/litespeed\\\/avatar\\\/18677e78aa0546b92d9dbf31ec7d7668.jpg?ver=1777290358\",\"width\":96,\"height\":96,\"caption\":\"El Digital de Asturias\"}},{\"@type\":\"WebPage\",\"@id\":\"https:\\\/\\\/www.eldigitaldeasturias.com\\\/noticias\\\/asi-sera-la-jornada-24-de-laliga-santander\\\/#webpage\",\"url\":\"https:\\\/\\\/www.eldigitaldeasturias.com\\\/noticias\\\/asi-sera-la-jornada-24-de-laliga-santander\\\/\",\"name\":\"As\\u00ed ser\\u00e1 la jornada 24 de LaLiga Santander - El Digital de Asturias\",\"description\":\"(Europa Press) - El Atl\\u00e9tico de Madrid tendr\\u00e1 un d\\u00eda m\\u00e1s de descanso de lo previsto para recibir al Liverpool en la ida de octavos de final de la Liga de Campeones, despu\\u00e9s del cambio de horario en la jornada 24 de LaLiga Santander anunciado este jueves por la competici\\u00f3n. La eliminaci\\u00f3n del Valencia en cuartos\",\"inLanguage\":\"es-ES\",\"isPartOf\":{\"@id\":\"https:\\\/\\\/www.eldigitaldeasturias.com\\\/noticias\\\/#website\"},\"breadcrumb\":{\"@id\":\"https:\\\/\\\/www.eldigitaldeasturias.com\\\/noticias\\\/asi-sera-la-jornada-24-de-laliga-santander\\\/#breadcrumblist\"},\"author\":{\"@id\":\"https:\\\/\\\/www.eldigitaldeasturias.com\\\/noticias\\\/author\\\/admin\\\/#author\"},\"creator\":{\"@id\":\"https:\\\/\\\/www.eldigitaldeasturias.com\\\/noticias\\\/author\\\/admin\\\/#author\"},\"image\":{\"@type\":\"ImageObject\",\"url\":\"https:\\\/\\\/www.eldigitaldeasturias.com\\\/noticias\\\/wp-content\\\/uploads\\\/2018\\\/02\\\/woman-638384_1280.jpg\",\"@id\":\"https:\\\/\\\/www.eldigitaldeasturias.com\\\/noticias\\\/asi-sera-la-jornada-24-de-laliga-santander\\\/#mainImage\",\"width\":1280,\"height\":850},\"primaryImageOfPage\":{\"@id\":\"https:\\\/\\\/www.eldigitaldeasturias.com\\\/noticias\\\/asi-sera-la-jornada-24-de-laliga-santander\\\/#mainImage\"},\"datePublished\":\"2020-02-06T19:42:53+01:00\",\"dateModified\":\"2020-02-06T19:42:53+01:00\"},{\"@type\":\"WebSite\",\"@id\":\"https:\\\/\\\/www.eldigitaldeasturias.com\\\/noticias\\\/#website\",\"url\":\"https:\\\/\\\/www.eldigitaldeasturias.com\\\/noticias\\\/\",\"name\":\"El Digital de Asturias - Diario de actualidad y noticias\",\"alternateName\":\"El Digital de Asturias - Diario de actualidad y noticias\",\"description\":\"Hemeroteca\",\"inLanguage\":\"es-ES\",\"publisher\":{\"@id\":\"https:\\\/\\\/www.eldigitaldeasturias.com\\\/noticias\\\/#organization\"}}]}\n\t\t<\/script>\n\t\t<!-- All in One SEO Pro -->\r\n\t\t<title>As\u00ed ser\u00e1 la jornada 24 de LaLiga Santander - El Digital de Asturias<\/title>\n\n","aioseo_head_json":{"title":"As\u00ed ser\u00e1 la jornada 24 de LaLiga Santander - El Digital de Asturias","description":"(Europa Press) - El Atl\u00e9tico de Madrid tendr\u00e1 un d\u00eda m\u00e1s de descanso de lo previsto para recibir al Liverpool en la ida de octavos de final de la Liga de Campeones, despu\u00e9s del cambio de horario en la jornada 24 de LaLiga Santander anunciado este jueves por la competici\u00f3n. La eliminaci\u00f3n del Valencia en cuartos","canonical_url":"https:\/\/www.eldigitaldeasturias.com\/noticias\/asi-sera-la-jornada-24-de-laliga-santander\/","robots":"max-image-preview:large","keywords":"deportes","webmasterTools":{"google-site-verification":"UA-38556648-1","msvalidate.01":"7dfe9f3f1b24437ab69f4f2559babe99","miscellaneous":""},"schema":{"@context":"https:\/\/schema.org","@graph":[{"@type":"BlogPosting","@id":"https:\/\/www.eldigitaldeasturias.com\/noticias\/asi-sera-la-jornada-24-de-laliga-santander\/#blogposting","name":"As\u00ed ser\u00e1 la jornada 24 de LaLiga Santander - El Digital de Asturias","headline":"As\u00ed ser\u00e1 la jornada 24 de LaLiga Santander","author":{"@id":"https:\/\/www.eldigitaldeasturias.com\/noticias\/author\/admin\/#author"},"publisher":{"@id":"https:\/\/www.eldigitaldeasturias.com\/noticias\/#organization"},"image":{"@type":"ImageObject","url":"https:\/\/www.eldigitaldeasturias.com\/noticias\/wp-content\/uploads\/2018\/02\/woman-638384_1280.jpg","width":1280,"height":850},"datePublished":"2020-02-06T19:42:53+01:00","dateModified":"2020-02-06T19:42:53+01:00","inLanguage":"es-ES","mainEntityOfPage":{"@id":"https:\/\/www.eldigitaldeasturias.com\/noticias\/asi-sera-la-jornada-24-de-laliga-santander\/#webpage"},"isPartOf":{"@id":"https:\/\/www.eldigitaldeasturias.com\/noticias\/asi-sera-la-jornada-24-de-laliga-santander\/#webpage"},"articleSection":"Deportes"},{"@type":"BreadcrumbList","@id":"https:\/\/www.eldigitaldeasturias.com\/noticias\/asi-sera-la-jornada-24-de-laliga-santander\/#breadcrumblist","itemListElement":[{"@type":"ListItem","@id":"https:\/\/www.eldigitaldeasturias.com\/noticias#listItem","position":1,"name":"Home","item":"https:\/\/www.eldigitaldeasturias.com\/noticias","nextItem":{"@type":"ListItem","@id":"https:\/\/www.eldigitaldeasturias.com\/noticias\/category\/deportes\/#listItem","name":"Deportes"}},{"@type":"ListItem","@id":"https:\/\/www.eldigitaldeasturias.com\/noticias\/category\/deportes\/#listItem","position":2,"name":"Deportes","item":"https:\/\/www.eldigitaldeasturias.com\/noticias\/category\/deportes\/","nextItem":{"@type":"ListItem","@id":"https:\/\/www.eldigitaldeasturias.com\/noticias\/asi-sera-la-jornada-24-de-laliga-santander\/#listItem","name":"As\u00ed ser\u00e1 la jornada 24 de LaLiga Santander"},"previousItem":{"@type":"ListItem","@id":"https:\/\/www.eldigitaldeasturias.com\/noticias#listItem","name":"Home"}},{"@type":"ListItem","@id":"https:\/\/www.eldigitaldeasturias.com\/noticias\/asi-sera-la-jornada-24-de-laliga-santander\/#listItem","position":3,"name":"As\u00ed ser\u00e1 la jornada 24 de LaLiga Santander","previousItem":{"@type":"ListItem","@id":"https:\/\/www.eldigitaldeasturias.com\/noticias\/category\/deportes\/#listItem","name":"Deportes"}}]},{"@type":"Organization","@id":"https:\/\/www.eldigitaldeasturias.com\/noticias\/#organization","name":"El Digital de Asturias","description":"Hemeroteca","url":"https:\/\/www.eldigitaldeasturias.com\/noticias\/","email":"info@eldigitaldeasturias.com","telephone":"+34652131393","logo":{"@type":"ImageObject","url":"https:\/\/www.eldigitaldeasturias.com\/noticias\/wp-content\/uploads\/2020\/12\/EDA.jpg","@id":"https:\/\/www.eldigitaldeasturias.com\/noticias\/asi-sera-la-jornada-24-de-laliga-santander\/#organizationLogo","width":649,"height":297},"image":{"@id":"https:\/\/www.eldigitaldeasturias.com\/noticias\/asi-sera-la-jornada-24-de-laliga-santander\/#organizationLogo"},"sameAs":["https:\/\/facebook.com\/eldigitaldeasturias","https:\/\/www.youtube.com\/channel\/UCZP-2wLEB9Rv6erhFmqVnvg"],"address":{"@id":"https:\/\/www.eldigitaldeasturias.com\/noticias\/#postaladdress","@type":"PostalAddress","streetAddress":"san antonio 4,","postalCode":"33430","addressLocality":"Cand\u00e1s","addressRegion":"Asturias","addressCountry":"ES"}},{"@type":"Person","@id":"https:\/\/www.eldigitaldeasturias.com\/noticias\/author\/admin\/#author","url":"https:\/\/www.eldigitaldeasturias.com\/noticias\/author\/admin\/","name":"El Digital de Asturias","image":{"@type":"ImageObject","@id":"https:\/\/www.eldigitaldeasturias.com\/noticias\/asi-sera-la-jornada-24-de-laliga-santander\/#authorImage","url":"https:\/\/www.eldigitaldeasturias.com\/noticias\/wp-content\/litespeed\/avatar\/18677e78aa0546b92d9dbf31ec7d7668.jpg?ver=1777290358","width":96,"height":96,"caption":"El Digital de Asturias"}},{"@type":"WebPage","@id":"https:\/\/www.eldigitaldeasturias.com\/noticias\/asi-sera-la-jornada-24-de-laliga-santander\/#webpage","url":"https:\/\/www.eldigitaldeasturias.com\/noticias\/asi-sera-la-jornada-24-de-laliga-santander\/","name":"As\u00ed ser\u00e1 la jornada 24 de LaLiga Santander - El Digital de Asturias","description":"(Europa Press) - El Atl\u00e9tico de Madrid tendr\u00e1 un d\u00eda m\u00e1s de descanso de lo previsto para recibir al Liverpool en la ida de octavos de final de la Liga de Campeones, despu\u00e9s del cambio de horario en la jornada 24 de LaLiga Santander anunciado este jueves por la competici\u00f3n. La eliminaci\u00f3n del Valencia en cuartos","inLanguage":"es-ES","isPartOf":{"@id":"https:\/\/www.eldigitaldeasturias.com\/noticias\/#website"},"breadcrumb":{"@id":"https:\/\/www.eldigitaldeasturias.com\/noticias\/asi-sera-la-jornada-24-de-laliga-santander\/#breadcrumblist"},"author":{"@id":"https:\/\/www.eldigitaldeasturias.com\/noticias\/author\/admin\/#author"},"creator":{"@id":"https:\/\/www.eldigitaldeasturias.com\/noticias\/author\/admin\/#author"},"image":{"@type":"ImageObject","url":"https:\/\/www.eldigitaldeasturias.com\/noticias\/wp-content\/uploads\/2018\/02\/woman-638384_1280.jpg","@id":"https:\/\/www.eldigitaldeasturias.com\/noticias\/asi-sera-la-jornada-24-de-laliga-santander\/#mainImage","width":1280,"height":850},"primaryImageOfPage":{"@id":"https:\/\/www.eldigitaldeasturias.com\/noticias\/asi-sera-la-jornada-24-de-laliga-santander\/#mainImage"},"datePublished":"2020-02-06T19:42:53+01:00","dateModified":"2020-02-06T19:42:53+01:00"},{"@type":"WebSite","@id":"https:\/\/www.eldigitaldeasturias.com\/noticias\/#website","url":"https:\/\/www.eldigitaldeasturias.com\/noticias\/","name":"El Digital de Asturias - Diario de actualidad y noticias","alternateName":"El Digital de Asturias - Diario de actualidad y noticias","description":"Hemeroteca","inLanguage":"es-ES","publisher":{"@id":"https:\/\/www.eldigitaldeasturias.com\/noticias\/#organization"}}]},"og:locale":"es_ES","og:site_name":"El Digital de Asturias","og:type":"article","og:title":"As\u00ed ser\u00e1 la jornada 24 de LaLiga Santander - El Digital de Asturias","og:description":"(Europa Press) - El Atl\u00e9tico de Madrid tendr\u00e1 un d\u00eda m\u00e1s de descanso de lo previsto para recibir al Liverpool en la ida de octavos de final de la Liga de Campeones, despu\u00e9s del cambio de horario en la jornada 24 de LaLiga Santander anunciado este jueves por la competici\u00f3n. La eliminaci\u00f3n del Valencia en cuartos","og:url":"https:\/\/www.eldigitaldeasturias.com\/noticias\/asi-sera-la-jornada-24-de-laliga-santander\/","og:image":"https:\/\/www.eldigitaldeasturias.com\/noticias\/wp-content\/uploads\/2018\/02\/woman-638384_1280.jpg","og:image:secure_url":"https:\/\/www.eldigitaldeasturias.com\/noticias\/wp-content\/uploads\/2018\/02\/woman-638384_1280.jpg","og:image:width":1280,"og:image:height":850,"article:tag":["deportes"],"article:published_time":"2020-02-06T19:42:53+00:00","article:modified_time":"2020-02-06T19:42:53+00:00","article:publisher":"https:\/\/facebook.com\/eldigitaldeasturias","twitter:card":"summary_large_image","twitter:title":"As\u00ed ser\u00e1 la jornada 24 de LaLiga Santander - El Digital de Asturias","twitter:description":"(Europa Press) - El Atl\u00e9tico de Madrid tendr\u00e1 un d\u00eda m\u00e1s de descanso de lo previsto para recibir al Liverpool en la ida de octavos de final de la Liga de Campeones, despu\u00e9s del cambio de horario en la jornada 24 de LaLiga Santander anunciado este jueves por la competici\u00f3n. La eliminaci\u00f3n del Valencia en cuartos","twitter:image":"https:\/\/www.eldigitaldeasturias.com\/noticias\/wp-content\/uploads\/2018\/02\/woman-638384_1280.jpg","twitter:label1":"Escrito por","twitter:data1":"El Digital de Asturias","twitter:label2":"Tiempo de lectura estimado","twitter:data2":"1 minuto"},"aioseo_meta_data":{"post_id":"1057000","title":null,"description":null,"keywords":null,"keyphrases":null,"primary_term":null,"canonical_url":null,"og_title":null,"og_description":null,"og_object_type":"default","og_image_type":"default","og_image_url":null,"og_image_width":null,"og_image_height":null,"og_image_custom_url":null,"og_image_custom_fields":null,"og_video":null,"og_custom_url":null,"og_article_section":null,"og_article_tags":null,"twitter_use_og":false,"twitter_card":"default","twitter_image_type":"default","twitter_image_url":null,"twitter_image_custom_url":null,"twitter_image_custom_fields":null,"twitter_title":null,"twitter_description":null,"schema":{"blockGraphs":[],"customGraphs":[],"default":{"data":{"Article":[],"Course":[],"Dataset":[],"FAQPage":[],"Movie":[],"Person":[],"Product":[],"ProductReview":[],"Car":[],"Recipe":[],"Service":[],"SoftwareApplication":[],"WebPage":[]},"graphName":"","isEnabled":true},"graphs":[],"defaultGraph":"","defaultPostTypeGraph":""},"schema_type":null,"schema_type_options":null,"pillar_content":false,"robots_default":true,"robots_noindex":false,"robots_noarchive":false,"robots_nosnippet":false,"robots_nofollow":false,"robots_noimageindex":false,"robots_noodp":false,"robots_notranslate":false,"robots_max_snippet":null,"robots_max_videopreview":null,"robots_max_imagepreview":"large","priority":null,"frequency":null,"local_seo":null,"seo_analyzer_scan_date":"2025-10-31 00:20:07","breadcrumb_settings":null,"limit_modified_date":false,"open_ai":null,"ai":null,"created":"2020-12-21 10:55:42","updated":"2025-10-31 00:20:07"},"aioseo_breadcrumb":"<div class=\"aioseo-breadcrumbs\"><span class=\"aioseo-breadcrumb\">\n\t<a href=\"https:\/\/www.eldigitaldeasturias.com\/noticias\" title=\"Home\">Home<\/a>\n<\/span><span class=\"aioseo-breadcrumb-separator\">\u2013<\/span><span class=\"aioseo-breadcrumb\">\n\t<a href=\"https:\/\/www.eldigitaldeasturias.com\/noticias\/category\/deportes\/\" title=\"Deportes\">Deportes<\/a>\n<\/span><span class=\"aioseo-breadcrumb-separator\">\u2013<\/span><span class=\"aioseo-breadcrumb\">\n\t<a href=\"https:\/\/www.eldigitaldeasturias.com\/noticias\/asi-sera-la-jornada-24-de-laliga-santander\/\" title=\"As\u00ed ser\u00e1 la jornada 24 de LaLiga Santander\">As\u00ed ser\u00e1 la jornada 24 de LaLiga Santander<\/a>\n<\/span><\/div>","aioseo_breadcrumb_json":[{"label":"Home","link":"https:\/\/www.eldigitaldeasturias.com\/noticias"},{"label":"Deportes","link":"https:\/\/www.eldigitaldeasturias.com\/noticias\/category\/deportes\/"},{"label":"As\u00ed ser\u00e1 la jornada 24 de LaLiga Santander","link":"https:\/\/www.eldigitaldeasturias.com\/noticias\/asi-sera-la-jornada-24-de-laliga-santander\/"}],"_links":{"self":[{"href":"https:\/\/www.eldigitaldeasturias.com\/noticias\/wp-json\/wp\/v2\/posts\/1057000","targetHints":{"allow":["GET"]}}],"collection":[{"href":"https:\/\/www.eldigitaldeasturias.com\/noticias\/wp-json\/wp\/v2\/posts"}],"about":[{"href":"https:\/\/www.eldigitaldeasturias.com\/noticias\/wp-json\/wp\/v2\/types\/post"}],"author":[{"embeddable":true,"href":"https:\/\/www.eldigitaldeasturias.com\/noticias\/wp-json\/wp\/v2\/users\/1"}],"replies":[{"embeddable":true,"href":"https:\/\/www.eldigitaldeasturias.com\/noticias\/wp-json\/wp\/v2\/comments?post=1057000"}],"version-history":[{"count":0,"href":"https:\/\/www.eldigitaldeasturias.com\/noticias\/wp-json\/wp\/v2\/posts\/1057000\/revisions"}],"wp:featuredmedia":[{"embeddable":true,"href":"https:\/\/www.eldigitaldeasturias.com\/noticias\/wp-json\/wp\/v2\/media\/969718"}],"wp:attachment":[{"href":"https:\/\/www.eldigitaldeasturias.com\/noticias\/wp-json\/wp\/v2\/media?parent=1057000"}],"wp:term":[{"taxonomy":"category","embeddable":true,"href":"https:\/\/www.eldigitaldeasturias.com\/noticias\/wp-json\/wp\/v2\/categories?post=1057000"},{"taxonomy":"post_tag","embeddable":true,"href":"https:\/\/www.eldigitaldeasturias.com\/noticias\/wp-json\/wp\/v2\/tags?post=1057000"}],"curies":[{"name":"wp","href":"https:\/\/api.w.org\/{rel}","templated":true}]}}