{"id":1056912,"date":"2020-02-06T10:22:20","date_gmt":"2020-02-06T10:22:20","guid":{"rendered":"https:\/\/www.eldigitaldeasturias.com\/noticias\/?p=1056912"},"modified":"2020-02-06T10:22:20","modified_gmt":"2020-02-06T10:22:20","slug":"los-ganaderos-preocupados-por-el-posible-cierre-del-matadero-de-palma","status":"publish","type":"post","link":"https:\/\/www.eldigitaldeasturias.com\/noticias\/los-ganaderos-preocupados-por-el-posible-cierre-del-matadero-de-palma\/","title":{"rendered":"Los ganaderos preocupados por el posible cierre del matadero de Palma"},"content":{"rendered":"<p><img loading=\"lazy\" decoding=\"async\" class=\"alignleft size-medium wp-image-1056913\" src=\"https:\/\/www.eldigitaldeasturias.com\/noticias\/wp-content\/uploads\/2020\/02\/Antoni-Mestre-257x320.jpg\" alt=\"\" width=\"257\" height=\"320\" srcset=\"https:\/\/www.eldigitaldeasturias.com\/noticias\/wp-content\/uploads\/2020\/02\/Antoni-Mestre-257x320.jpg 257w, https:\/\/www.eldigitaldeasturias.com\/noticias\/wp-content\/uploads\/2020\/02\/Antoni-Mestre-240x300.jpg 240w, https:\/\/www.eldigitaldeasturias.com\/noticias\/wp-content\/uploads\/2020\/02\/Antoni-Mestre.jpg 299w\" sizes=\"auto, (max-width: 257px) 100vw, 257px\" \/>El presidente de la Asociaci\u00f3n Provincial de Productores de Ganado Porcino de Baleares adherida a PIMEM, <strong>Antoni Mestre<\/strong>, ha mostrado su descontento al conocer la noticia de que el matadero de Palma puede dejar de suministrar carne a partir de finales de este mes.<strong> \u201cActualmente este matadero absorbe pr\u00e1cticamente el 90% de la producci\u00f3n ganadera de la isla. Es uno de los pilares fundamentales de nuestra industria. Si deja de funcionar puede ser un golpe mortal para nosotros\u201d<\/strong>.<\/p>\n<p>Actualmente en la isla existen otra serie de mataderos adem\u00e1s del de Palma, uno ubicado en Inca y otro privado en Felanitx. Adem\u00e1s del de Manacor, que se encuentra fuera de servicio hasta que acabe de ser reparado.<strong> \u201cEstos dos mataderos no tienen la capacidad log\u00edstica para absorber toda la producci\u00f3n si finalmente el de Palma echa el cierre\u201d<\/strong> ha advertido Mestre.<\/p>\n<p>La ganader\u00eda, en la isla poco a poco est\u00e1 viendo como su actividad se reduce cada vez m\u00e1s. \u201cQuedamos pocos ganaderos locales. Gran parte del producto que consume el ciudadano a d\u00eda de hoy procede de industria extranjera o de grandes multinacionales. La dinamizaci\u00f3n de los precios que han realizado estas grandes empresas ha hecho que los ganadores no seamos competencia en el mercado\u201d contin\u00faa explicando el presidente de los productores de ganado porcino.<\/p>\n<p>La importancia de reconocer un producto local y de kil\u00f3metro cero es fundamental para mejorar la competencia de un mercado que ahora mismo se encuentra descompensado seg\u00fan Mestre. <strong>\u201cSi el cliente final conociera las caracter\u00edsticas y la procedencia de la carne que consume, lo valorar\u00eda de otra manera y podr\u00edamos competir en condiciones similares\u201d<\/strong>.<\/p>\n<p>El Comit\u00e9 Ejecutivo de PIMEM tambi\u00e9n ha querido mostrar su preocupaci\u00f3n ante este posible cierre afirmando que los sectores de la ganader\u00eda y agricultura \u201cson fundamentales para nuestras islas\u201d y que sin ellos \u201cnuestra sociedad no podr\u00eda mantenerse\u201d.<\/p>\n<p><strong>\u201cCrear una serie de ayudas, fomentar la competencia en igual de condiciones o establecer una serie de beneficios fiscales\u201d<\/strong> destinados a mantener la ganader\u00eda y la agricultura local. Esta es la apuesta que desde PIMEM creen que ayudar\u00eda a los peque\u00f1os y medianos empresarios de la isla.<\/p>\n<p>&nbsp;<\/p>\n","protected":false},"excerpt":{"rendered":"<p>El presidente de la Asociaci\u00f3n Provincial de Productores de Ganado Porcino de Baleares adherida a PIMEM, Antoni Mestre, ha mostrado su descontento al conocer la noticia de que el matadero de Palma puede dejar de suministrar carne a partir de finales de este mes. \u201cActualmente este matadero absorbe pr\u00e1cticamente el 90% de la producci\u00f3n ganadera [&hellip;]<\/p>\n","protected":false},"author":1,"featured_media":1056913,"comment_status":"closed","ping_status":"closed","sticky":false,"template":"","format":"standard","meta":{"footnotes":""},"categories":[187],"tags":[],"class_list":["post-1056912","post","type-post","status-publish","format-standard","has-post-thumbnail","hentry","category-economia"],"aioseo_notices":[],"aioseo_head":"\n\t\t<!-- All in One SEO Pro 4.9.6.2 - aioseo.com -->\n\t<meta name=\"description\" content=\"El presidente de la Asociaci\u00f3n Provincial de Productores de Ganado Porcino de Baleares adherida a PIMEM, Antoni Mestre, ha mostrado su descontento al conocer la noticia de que el matadero de Palma puede dejar de suministrar carne a partir de finales de este mes. \u201cActualmente este matadero absorbe pr\u00e1cticamente el 90% de la producci\u00f3n ganadera\" \/>\n\t<meta name=\"robots\" content=\"max-image-preview:large\" \/>\n\t<meta name=\"author\" content=\"El Digital de Asturias\"\/>\n\t<meta name=\"google-site-verification\" content=\"UA-38556648-1\" \/>\n\t<meta name=\"msvalidate.01\" content=\"7dfe9f3f1b24437ab69f4f2559babe99\" \/>\n\t<meta name=\"keywords\" content=\"econom\u00eda\" \/>\n\t<link rel=\"canonical\" href=\"https:\/\/www.eldigitaldeasturias.com\/noticias\/los-ganaderos-preocupados-por-el-posible-cierre-del-matadero-de-palma\/\" \/>\n\t<meta name=\"generator\" content=\"All in One SEO Pro (AIOSEO) 4.9.6.2\" \/>\n\t\t<meta property=\"og:locale\" content=\"es_ES\" \/>\n\t\t<meta property=\"og:site_name\" content=\"El Digital de Asturias\" \/>\n\t\t<meta property=\"og:type\" content=\"article\" \/>\n\t\t<meta property=\"og:title\" content=\"Los ganaderos preocupados por el posible cierre del matadero de Palma - El Digital de Asturias\" \/>\n\t\t<meta property=\"og:description\" content=\"El presidente de la Asociaci\u00f3n Provincial de Productores de Ganado Porcino de Baleares adherida a PIMEM, Antoni Mestre, ha mostrado su descontento al conocer la noticia de que el matadero de Palma puede dejar de suministrar carne a partir de finales de este mes. \u201cActualmente este matadero absorbe pr\u00e1cticamente el 90% de la producci\u00f3n ganadera\" \/>\n\t\t<meta property=\"og:url\" content=\"https:\/\/www.eldigitaldeasturias.com\/noticias\/los-ganaderos-preocupados-por-el-posible-cierre-del-matadero-de-palma\/\" \/>\n\t\t<meta property=\"og:image\" content=\"https:\/\/www.eldigitaldeasturias.com\/noticias\/wp-content\/uploads\/2020\/02\/Antoni-Mestre.jpg\" \/>\n\t\t<meta property=\"og:image:secure_url\" content=\"https:\/\/www.eldigitaldeasturias.com\/noticias\/wp-content\/uploads\/2020\/02\/Antoni-Mestre.jpg\" \/>\n\t\t<meta property=\"og:image:width\" content=\"299\" \/>\n\t\t<meta property=\"og:image:height\" content=\"373\" \/>\n\t\t<meta property=\"article:tag\" content=\"econom\u00eda\" \/>\n\t\t<meta property=\"article:published_time\" content=\"2020-02-06T10:22:20+00:00\" \/>\n\t\t<meta property=\"article:modified_time\" content=\"2020-02-06T10:22:20+00:00\" \/>\n\t\t<meta property=\"article:publisher\" content=\"https:\/\/facebook.com\/eldigitaldeasturias\" \/>\n\t\t<meta name=\"twitter:card\" content=\"summary_large_image\" \/>\n\t\t<meta name=\"twitter:title\" content=\"Los ganaderos preocupados por el posible cierre del matadero de Palma - El Digital de Asturias\" \/>\n\t\t<meta name=\"twitter:description\" content=\"El presidente de la Asociaci\u00f3n Provincial de Productores de Ganado Porcino de Baleares adherida a PIMEM, Antoni Mestre, ha mostrado su descontento al conocer la noticia de que el matadero de Palma puede dejar de suministrar carne a partir de finales de este mes. \u201cActualmente este matadero absorbe pr\u00e1cticamente el 90% de la producci\u00f3n ganadera\" \/>\n\t\t<meta name=\"twitter:image\" content=\"https:\/\/www.eldigitaldeasturias.com\/noticias\/wp-content\/uploads\/2020\/02\/Antoni-Mestre.jpg\" \/>\n\t\t<meta name=\"twitter:label1\" content=\"Escrito por\" \/>\n\t\t<meta name=\"twitter:data1\" content=\"El Digital de Asturias\" \/>\n\t\t<meta name=\"twitter:label2\" content=\"Tiempo de lectura estimado\" \/>\n\t\t<meta name=\"twitter:data2\" content=\"2 minutos\" \/>\n\t\t<script type=\"application\/ld+json\" class=\"aioseo-schema\">\n\t\t\t{\"@context\":\"https:\\\/\\\/schema.org\",\"@graph\":[{\"@type\":\"BlogPosting\",\"@id\":\"https:\\\/\\\/www.eldigitaldeasturias.com\\\/noticias\\\/los-ganaderos-preocupados-por-el-posible-cierre-del-matadero-de-palma\\\/#blogposting\",\"name\":\"Los ganaderos preocupados por el posible cierre del matadero de Palma - El Digital de Asturias\",\"headline\":\"Los ganaderos preocupados por el posible cierre del matadero de Palma\",\"author\":{\"@id\":\"https:\\\/\\\/www.eldigitaldeasturias.com\\\/noticias\\\/author\\\/admin\\\/#author\"},\"publisher\":{\"@id\":\"https:\\\/\\\/www.eldigitaldeasturias.com\\\/noticias\\\/#organization\"},\"image\":{\"@type\":\"ImageObject\",\"url\":\"https:\\\/\\\/www.eldigitaldeasturias.com\\\/noticias\\\/wp-content\\\/uploads\\\/2020\\\/02\\\/Antoni-Mestre.jpg\",\"width\":299,\"height\":373},\"datePublished\":\"2020-02-06T10:22:20+01:00\",\"dateModified\":\"2020-02-06T10:22:20+01:00\",\"inLanguage\":\"es-ES\",\"mainEntityOfPage\":{\"@id\":\"https:\\\/\\\/www.eldigitaldeasturias.com\\\/noticias\\\/los-ganaderos-preocupados-por-el-posible-cierre-del-matadero-de-palma\\\/#webpage\"},\"isPartOf\":{\"@id\":\"https:\\\/\\\/www.eldigitaldeasturias.com\\\/noticias\\\/los-ganaderos-preocupados-por-el-posible-cierre-del-matadero-de-palma\\\/#webpage\"},\"articleSection\":\"Econom\\u00eda\"},{\"@type\":\"BreadcrumbList\",\"@id\":\"https:\\\/\\\/www.eldigitaldeasturias.com\\\/noticias\\\/los-ganaderos-preocupados-por-el-posible-cierre-del-matadero-de-palma\\\/#breadcrumblist\",\"itemListElement\":[{\"@type\":\"ListItem\",\"@id\":\"https:\\\/\\\/www.eldigitaldeasturias.com\\\/noticias#listItem\",\"position\":1,\"name\":\"Home\",\"item\":\"https:\\\/\\\/www.eldigitaldeasturias.com\\\/noticias\",\"nextItem\":{\"@type\":\"ListItem\",\"@id\":\"https:\\\/\\\/www.eldigitaldeasturias.com\\\/noticias\\\/category\\\/economia\\\/#listItem\",\"name\":\"Econom\\u00eda\"}},{\"@type\":\"ListItem\",\"@id\":\"https:\\\/\\\/www.eldigitaldeasturias.com\\\/noticias\\\/category\\\/economia\\\/#listItem\",\"position\":2,\"name\":\"Econom\\u00eda\",\"item\":\"https:\\\/\\\/www.eldigitaldeasturias.com\\\/noticias\\\/category\\\/economia\\\/\",\"nextItem\":{\"@type\":\"ListItem\",\"@id\":\"https:\\\/\\\/www.eldigitaldeasturias.com\\\/noticias\\\/los-ganaderos-preocupados-por-el-posible-cierre-del-matadero-de-palma\\\/#listItem\",\"name\":\"Los ganaderos preocupados por el posible cierre del matadero de Palma\"},\"previousItem\":{\"@type\":\"ListItem\",\"@id\":\"https:\\\/\\\/www.eldigitaldeasturias.com\\\/noticias#listItem\",\"name\":\"Home\"}},{\"@type\":\"ListItem\",\"@id\":\"https:\\\/\\\/www.eldigitaldeasturias.com\\\/noticias\\\/los-ganaderos-preocupados-por-el-posible-cierre-del-matadero-de-palma\\\/#listItem\",\"position\":3,\"name\":\"Los ganaderos preocupados por el posible cierre del matadero de Palma\",\"previousItem\":{\"@type\":\"ListItem\",\"@id\":\"https:\\\/\\\/www.eldigitaldeasturias.com\\\/noticias\\\/category\\\/economia\\\/#listItem\",\"name\":\"Econom\\u00eda\"}}]},{\"@type\":\"Organization\",\"@id\":\"https:\\\/\\\/www.eldigitaldeasturias.com\\\/noticias\\\/#organization\",\"name\":\"El Digital de Asturias\",\"description\":\"Hemeroteca\",\"url\":\"https:\\\/\\\/www.eldigitaldeasturias.com\\\/noticias\\\/\",\"email\":\"info@eldigitaldeasturias.com\",\"telephone\":\"+34652131393\",\"logo\":{\"@type\":\"ImageObject\",\"url\":\"https:\\\/\\\/www.eldigitaldeasturias.com\\\/noticias\\\/wp-content\\\/uploads\\\/2020\\\/12\\\/EDA.jpg\",\"@id\":\"https:\\\/\\\/www.eldigitaldeasturias.com\\\/noticias\\\/los-ganaderos-preocupados-por-el-posible-cierre-del-matadero-de-palma\\\/#organizationLogo\",\"width\":649,\"height\":297},\"image\":{\"@id\":\"https:\\\/\\\/www.eldigitaldeasturias.com\\\/noticias\\\/los-ganaderos-preocupados-por-el-posible-cierre-del-matadero-de-palma\\\/#organizationLogo\"},\"sameAs\":[\"https:\\\/\\\/facebook.com\\\/eldigitaldeasturias\",\"https:\\\/\\\/www.youtube.com\\\/channel\\\/UCZP-2wLEB9Rv6erhFmqVnvg\"],\"address\":{\"@id\":\"https:\\\/\\\/www.eldigitaldeasturias.com\\\/noticias\\\/#postaladdress\",\"@type\":\"PostalAddress\",\"streetAddress\":\"san antonio 4,\",\"postalCode\":\"33430\",\"addressLocality\":\"Cand\\u00e1s\",\"addressRegion\":\"Asturias\",\"addressCountry\":\"ES\"}},{\"@type\":\"Person\",\"@id\":\"https:\\\/\\\/www.eldigitaldeasturias.com\\\/noticias\\\/author\\\/admin\\\/#author\",\"url\":\"https:\\\/\\\/www.eldigitaldeasturias.com\\\/noticias\\\/author\\\/admin\\\/\",\"name\":\"El Digital de Asturias\",\"image\":{\"@type\":\"ImageObject\",\"@id\":\"https:\\\/\\\/www.eldigitaldeasturias.com\\\/noticias\\\/los-ganaderos-preocupados-por-el-posible-cierre-del-matadero-de-palma\\\/#authorImage\",\"url\":\"https:\\\/\\\/www.eldigitaldeasturias.com\\\/noticias\\\/wp-content\\\/litespeed\\\/avatar\\\/18677e78aa0546b92d9dbf31ec7d7668.jpg?ver=1776685526\",\"width\":96,\"height\":96,\"caption\":\"El Digital de Asturias\"}},{\"@type\":\"WebPage\",\"@id\":\"https:\\\/\\\/www.eldigitaldeasturias.com\\\/noticias\\\/los-ganaderos-preocupados-por-el-posible-cierre-del-matadero-de-palma\\\/#webpage\",\"url\":\"https:\\\/\\\/www.eldigitaldeasturias.com\\\/noticias\\\/los-ganaderos-preocupados-por-el-posible-cierre-del-matadero-de-palma\\\/\",\"name\":\"Los ganaderos preocupados por el posible cierre del matadero de Palma - El Digital de Asturias\",\"description\":\"El presidente de la Asociaci\\u00f3n Provincial de Productores de Ganado Porcino de Baleares adherida a PIMEM, Antoni Mestre, ha mostrado su descontento al conocer la noticia de que el matadero de Palma puede dejar de suministrar carne a partir de finales de este mes. \\u201cActualmente este matadero absorbe pr\\u00e1cticamente el 90% de la producci\\u00f3n ganadera\",\"inLanguage\":\"es-ES\",\"isPartOf\":{\"@id\":\"https:\\\/\\\/www.eldigitaldeasturias.com\\\/noticias\\\/#website\"},\"breadcrumb\":{\"@id\":\"https:\\\/\\\/www.eldigitaldeasturias.com\\\/noticias\\\/los-ganaderos-preocupados-por-el-posible-cierre-del-matadero-de-palma\\\/#breadcrumblist\"},\"author\":{\"@id\":\"https:\\\/\\\/www.eldigitaldeasturias.com\\\/noticias\\\/author\\\/admin\\\/#author\"},\"creator\":{\"@id\":\"https:\\\/\\\/www.eldigitaldeasturias.com\\\/noticias\\\/author\\\/admin\\\/#author\"},\"image\":{\"@type\":\"ImageObject\",\"url\":\"https:\\\/\\\/www.eldigitaldeasturias.com\\\/noticias\\\/wp-content\\\/uploads\\\/2020\\\/02\\\/Antoni-Mestre.jpg\",\"@id\":\"https:\\\/\\\/www.eldigitaldeasturias.com\\\/noticias\\\/los-ganaderos-preocupados-por-el-posible-cierre-del-matadero-de-palma\\\/#mainImage\",\"width\":299,\"height\":373},\"primaryImageOfPage\":{\"@id\":\"https:\\\/\\\/www.eldigitaldeasturias.com\\\/noticias\\\/los-ganaderos-preocupados-por-el-posible-cierre-del-matadero-de-palma\\\/#mainImage\"},\"datePublished\":\"2020-02-06T10:22:20+01:00\",\"dateModified\":\"2020-02-06T10:22:20+01:00\"},{\"@type\":\"WebSite\",\"@id\":\"https:\\\/\\\/www.eldigitaldeasturias.com\\\/noticias\\\/#website\",\"url\":\"https:\\\/\\\/www.eldigitaldeasturias.com\\\/noticias\\\/\",\"name\":\"El Digital de Asturias - Diario de actualidad y noticias\",\"alternateName\":\"El Digital de Asturias - Diario de actualidad y noticias\",\"description\":\"Hemeroteca\",\"inLanguage\":\"es-ES\",\"publisher\":{\"@id\":\"https:\\\/\\\/www.eldigitaldeasturias.com\\\/noticias\\\/#organization\"}}]}\n\t\t<\/script>\n\t\t<!-- All in One SEO Pro -->\r\n\t\t<title>Los ganaderos preocupados por el posible cierre del matadero de Palma - El Digital de Asturias<\/title>\n\n","aioseo_head_json":{"title":"Los ganaderos preocupados por el posible cierre del matadero de Palma - El Digital de Asturias","description":"El presidente de la Asociaci\u00f3n Provincial de Productores de Ganado Porcino de Baleares adherida a PIMEM, Antoni Mestre, ha mostrado su descontento al conocer la noticia de que el matadero de Palma puede dejar de suministrar carne a partir de finales de este mes. \u201cActualmente este matadero absorbe pr\u00e1cticamente el 90% de la producci\u00f3n ganadera","canonical_url":"https:\/\/www.eldigitaldeasturias.com\/noticias\/los-ganaderos-preocupados-por-el-posible-cierre-del-matadero-de-palma\/","robots":"max-image-preview:large","keywords":"econom\u00eda","webmasterTools":{"google-site-verification":"UA-38556648-1","msvalidate.01":"7dfe9f3f1b24437ab69f4f2559babe99","miscellaneous":""},"schema":{"@context":"https:\/\/schema.org","@graph":[{"@type":"BlogPosting","@id":"https:\/\/www.eldigitaldeasturias.com\/noticias\/los-ganaderos-preocupados-por-el-posible-cierre-del-matadero-de-palma\/#blogposting","name":"Los ganaderos preocupados por el posible cierre del matadero de Palma - El Digital de Asturias","headline":"Los ganaderos preocupados por el posible cierre del matadero de Palma","author":{"@id":"https:\/\/www.eldigitaldeasturias.com\/noticias\/author\/admin\/#author"},"publisher":{"@id":"https:\/\/www.eldigitaldeasturias.com\/noticias\/#organization"},"image":{"@type":"ImageObject","url":"https:\/\/www.eldigitaldeasturias.com\/noticias\/wp-content\/uploads\/2020\/02\/Antoni-Mestre.jpg","width":299,"height":373},"datePublished":"2020-02-06T10:22:20+01:00","dateModified":"2020-02-06T10:22:20+01:00","inLanguage":"es-ES","mainEntityOfPage":{"@id":"https:\/\/www.eldigitaldeasturias.com\/noticias\/los-ganaderos-preocupados-por-el-posible-cierre-del-matadero-de-palma\/#webpage"},"isPartOf":{"@id":"https:\/\/www.eldigitaldeasturias.com\/noticias\/los-ganaderos-preocupados-por-el-posible-cierre-del-matadero-de-palma\/#webpage"},"articleSection":"Econom\u00eda"},{"@type":"BreadcrumbList","@id":"https:\/\/www.eldigitaldeasturias.com\/noticias\/los-ganaderos-preocupados-por-el-posible-cierre-del-matadero-de-palma\/#breadcrumblist","itemListElement":[{"@type":"ListItem","@id":"https:\/\/www.eldigitaldeasturias.com\/noticias#listItem","position":1,"name":"Home","item":"https:\/\/www.eldigitaldeasturias.com\/noticias","nextItem":{"@type":"ListItem","@id":"https:\/\/www.eldigitaldeasturias.com\/noticias\/category\/economia\/#listItem","name":"Econom\u00eda"}},{"@type":"ListItem","@id":"https:\/\/www.eldigitaldeasturias.com\/noticias\/category\/economia\/#listItem","position":2,"name":"Econom\u00eda","item":"https:\/\/www.eldigitaldeasturias.com\/noticias\/category\/economia\/","nextItem":{"@type":"ListItem","@id":"https:\/\/www.eldigitaldeasturias.com\/noticias\/los-ganaderos-preocupados-por-el-posible-cierre-del-matadero-de-palma\/#listItem","name":"Los ganaderos preocupados por el posible cierre del matadero de Palma"},"previousItem":{"@type":"ListItem","@id":"https:\/\/www.eldigitaldeasturias.com\/noticias#listItem","name":"Home"}},{"@type":"ListItem","@id":"https:\/\/www.eldigitaldeasturias.com\/noticias\/los-ganaderos-preocupados-por-el-posible-cierre-del-matadero-de-palma\/#listItem","position":3,"name":"Los ganaderos preocupados por el posible cierre del matadero de Palma","previousItem":{"@type":"ListItem","@id":"https:\/\/www.eldigitaldeasturias.com\/noticias\/category\/economia\/#listItem","name":"Econom\u00eda"}}]},{"@type":"Organization","@id":"https:\/\/www.eldigitaldeasturias.com\/noticias\/#organization","name":"El Digital de Asturias","description":"Hemeroteca","url":"https:\/\/www.eldigitaldeasturias.com\/noticias\/","email":"info@eldigitaldeasturias.com","telephone":"+34652131393","logo":{"@type":"ImageObject","url":"https:\/\/www.eldigitaldeasturias.com\/noticias\/wp-content\/uploads\/2020\/12\/EDA.jpg","@id":"https:\/\/www.eldigitaldeasturias.com\/noticias\/los-ganaderos-preocupados-por-el-posible-cierre-del-matadero-de-palma\/#organizationLogo","width":649,"height":297},"image":{"@id":"https:\/\/www.eldigitaldeasturias.com\/noticias\/los-ganaderos-preocupados-por-el-posible-cierre-del-matadero-de-palma\/#organizationLogo"},"sameAs":["https:\/\/facebook.com\/eldigitaldeasturias","https:\/\/www.youtube.com\/channel\/UCZP-2wLEB9Rv6erhFmqVnvg"],"address":{"@id":"https:\/\/www.eldigitaldeasturias.com\/noticias\/#postaladdress","@type":"PostalAddress","streetAddress":"san antonio 4,","postalCode":"33430","addressLocality":"Cand\u00e1s","addressRegion":"Asturias","addressCountry":"ES"}},{"@type":"Person","@id":"https:\/\/www.eldigitaldeasturias.com\/noticias\/author\/admin\/#author","url":"https:\/\/www.eldigitaldeasturias.com\/noticias\/author\/admin\/","name":"El Digital de Asturias","image":{"@type":"ImageObject","@id":"https:\/\/www.eldigitaldeasturias.com\/noticias\/los-ganaderos-preocupados-por-el-posible-cierre-del-matadero-de-palma\/#authorImage","url":"https:\/\/www.eldigitaldeasturias.com\/noticias\/wp-content\/litespeed\/avatar\/18677e78aa0546b92d9dbf31ec7d7668.jpg?ver=1776685526","width":96,"height":96,"caption":"El Digital de Asturias"}},{"@type":"WebPage","@id":"https:\/\/www.eldigitaldeasturias.com\/noticias\/los-ganaderos-preocupados-por-el-posible-cierre-del-matadero-de-palma\/#webpage","url":"https:\/\/www.eldigitaldeasturias.com\/noticias\/los-ganaderos-preocupados-por-el-posible-cierre-del-matadero-de-palma\/","name":"Los ganaderos preocupados por el posible cierre del matadero de Palma - El Digital de Asturias","description":"El presidente de la Asociaci\u00f3n Provincial de Productores de Ganado Porcino de Baleares adherida a PIMEM, Antoni Mestre, ha mostrado su descontento al conocer la noticia de que el matadero de Palma puede dejar de suministrar carne a partir de finales de este mes. \u201cActualmente este matadero absorbe pr\u00e1cticamente el 90% de la producci\u00f3n ganadera","inLanguage":"es-ES","isPartOf":{"@id":"https:\/\/www.eldigitaldeasturias.com\/noticias\/#website"},"breadcrumb":{"@id":"https:\/\/www.eldigitaldeasturias.com\/noticias\/los-ganaderos-preocupados-por-el-posible-cierre-del-matadero-de-palma\/#breadcrumblist"},"author":{"@id":"https:\/\/www.eldigitaldeasturias.com\/noticias\/author\/admin\/#author"},"creator":{"@id":"https:\/\/www.eldigitaldeasturias.com\/noticias\/author\/admin\/#author"},"image":{"@type":"ImageObject","url":"https:\/\/www.eldigitaldeasturias.com\/noticias\/wp-content\/uploads\/2020\/02\/Antoni-Mestre.jpg","@id":"https:\/\/www.eldigitaldeasturias.com\/noticias\/los-ganaderos-preocupados-por-el-posible-cierre-del-matadero-de-palma\/#mainImage","width":299,"height":373},"primaryImageOfPage":{"@id":"https:\/\/www.eldigitaldeasturias.com\/noticias\/los-ganaderos-preocupados-por-el-posible-cierre-del-matadero-de-palma\/#mainImage"},"datePublished":"2020-02-06T10:22:20+01:00","dateModified":"2020-02-06T10:22:20+01:00"},{"@type":"WebSite","@id":"https:\/\/www.eldigitaldeasturias.com\/noticias\/#website","url":"https:\/\/www.eldigitaldeasturias.com\/noticias\/","name":"El Digital de Asturias - Diario de actualidad y noticias","alternateName":"El Digital de Asturias - Diario de actualidad y noticias","description":"Hemeroteca","inLanguage":"es-ES","publisher":{"@id":"https:\/\/www.eldigitaldeasturias.com\/noticias\/#organization"}}]},"og:locale":"es_ES","og:site_name":"El Digital de Asturias","og:type":"article","og:title":"Los ganaderos preocupados por el posible cierre del matadero de Palma - El Digital de Asturias","og:description":"El presidente de la Asociaci\u00f3n Provincial de Productores de Ganado Porcino de Baleares adherida a PIMEM, Antoni Mestre, ha mostrado su descontento al conocer la noticia de que el matadero de Palma puede dejar de suministrar carne a partir de finales de este mes. \u201cActualmente este matadero absorbe pr\u00e1cticamente el 90% de la producci\u00f3n ganadera","og:url":"https:\/\/www.eldigitaldeasturias.com\/noticias\/los-ganaderos-preocupados-por-el-posible-cierre-del-matadero-de-palma\/","og:image":"https:\/\/www.eldigitaldeasturias.com\/noticias\/wp-content\/uploads\/2020\/02\/Antoni-Mestre.jpg","og:image:secure_url":"https:\/\/www.eldigitaldeasturias.com\/noticias\/wp-content\/uploads\/2020\/02\/Antoni-Mestre.jpg","og:image:width":299,"og:image:height":373,"article:tag":["econom\u00eda"],"article:published_time":"2020-02-06T10:22:20+00:00","article:modified_time":"2020-02-06T10:22:20+00:00","article:publisher":"https:\/\/facebook.com\/eldigitaldeasturias","twitter:card":"summary_large_image","twitter:title":"Los ganaderos preocupados por el posible cierre del matadero de Palma - El Digital de Asturias","twitter:description":"El presidente de la Asociaci\u00f3n Provincial de Productores de Ganado Porcino de Baleares adherida a PIMEM, Antoni Mestre, ha mostrado su descontento al conocer la noticia de que el matadero de Palma puede dejar de suministrar carne a partir de finales de este mes. \u201cActualmente este matadero absorbe pr\u00e1cticamente el 90% de la producci\u00f3n ganadera","twitter:image":"https:\/\/www.eldigitaldeasturias.com\/noticias\/wp-content\/uploads\/2020\/02\/Antoni-Mestre.jpg","twitter:label1":"Escrito por","twitter:data1":"El Digital de Asturias","twitter:label2":"Tiempo de lectura estimado","twitter:data2":"2 minutos"},"aioseo_meta_data":{"post_id":"1056912","title":null,"description":null,"keywords":null,"keyphrases":null,"primary_term":null,"canonical_url":null,"og_title":null,"og_description":null,"og_object_type":"default","og_image_type":"default","og_image_url":null,"og_image_width":null,"og_image_height":null,"og_image_custom_url":null,"og_image_custom_fields":null,"og_video":null,"og_custom_url":null,"og_article_section":null,"og_article_tags":null,"twitter_use_og":false,"twitter_card":"default","twitter_image_type":"default","twitter_image_url":null,"twitter_image_custom_url":null,"twitter_image_custom_fields":null,"twitter_title":null,"twitter_description":null,"schema":{"blockGraphs":[],"customGraphs":[],"default":{"data":{"Article":[],"Course":[],"Dataset":[],"FAQPage":[],"Movie":[],"Person":[],"Product":[],"ProductReview":[],"Car":[],"Recipe":[],"Service":[],"SoftwareApplication":[],"WebPage":[]},"graphName":"","isEnabled":true},"graphs":[],"defaultGraph":"","defaultPostTypeGraph":""},"schema_type":null,"schema_type_options":null,"pillar_content":false,"robots_default":true,"robots_noindex":false,"robots_noarchive":false,"robots_nosnippet":false,"robots_nofollow":false,"robots_noimageindex":false,"robots_noodp":false,"robots_notranslate":false,"robots_max_snippet":null,"robots_max_videopreview":null,"robots_max_imagepreview":"large","priority":null,"frequency":null,"local_seo":null,"seo_analyzer_scan_date":"2025-10-31 00:00:18","breadcrumb_settings":null,"limit_modified_date":false,"open_ai":null,"ai":null,"created":"2020-12-21 10:55:42","updated":"2025-10-31 00:00:18"},"aioseo_breadcrumb":"<div class=\"aioseo-breadcrumbs\"><span class=\"aioseo-breadcrumb\">\n\t<a href=\"https:\/\/www.eldigitaldeasturias.com\/noticias\" title=\"Home\">Home<\/a>\n<\/span><span class=\"aioseo-breadcrumb-separator\">\u2013<\/span><span class=\"aioseo-breadcrumb\">\n\t<a href=\"https:\/\/www.eldigitaldeasturias.com\/noticias\/category\/economia\/\" title=\"Econom\u00eda\">Econom\u00eda<\/a>\n<\/span><span class=\"aioseo-breadcrumb-separator\">\u2013<\/span><span class=\"aioseo-breadcrumb\">\n\t<a href=\"https:\/\/www.eldigitaldeasturias.com\/noticias\/los-ganaderos-preocupados-por-el-posible-cierre-del-matadero-de-palma\/\" title=\"Los ganaderos preocupados por el posible cierre del matadero de Palma\">Los ganaderos preocupados por el posible cierre del matadero de Palma<\/a>\n<\/span><\/div>","aioseo_breadcrumb_json":[{"label":"Home","link":"https:\/\/www.eldigitaldeasturias.com\/noticias"},{"label":"Econom\u00eda","link":"https:\/\/www.eldigitaldeasturias.com\/noticias\/category\/economia\/"},{"label":"Los ganaderos preocupados por el posible cierre del matadero de Palma","link":"https:\/\/www.eldigitaldeasturias.com\/noticias\/los-ganaderos-preocupados-por-el-posible-cierre-del-matadero-de-palma\/"}],"_links":{"self":[{"href":"https:\/\/www.eldigitaldeasturias.com\/noticias\/wp-json\/wp\/v2\/posts\/1056912","targetHints":{"allow":["GET"]}}],"collection":[{"href":"https:\/\/www.eldigitaldeasturias.com\/noticias\/wp-json\/wp\/v2\/posts"}],"about":[{"href":"https:\/\/www.eldigitaldeasturias.com\/noticias\/wp-json\/wp\/v2\/types\/post"}],"author":[{"embeddable":true,"href":"https:\/\/www.eldigitaldeasturias.com\/noticias\/wp-json\/wp\/v2\/users\/1"}],"replies":[{"embeddable":true,"href":"https:\/\/www.eldigitaldeasturias.com\/noticias\/wp-json\/wp\/v2\/comments?post=1056912"}],"version-history":[{"count":0,"href":"https:\/\/www.eldigitaldeasturias.com\/noticias\/wp-json\/wp\/v2\/posts\/1056912\/revisions"}],"wp:featuredmedia":[{"embeddable":true,"href":"https:\/\/www.eldigitaldeasturias.com\/noticias\/wp-json\/wp\/v2\/media\/1056913"}],"wp:attachment":[{"href":"https:\/\/www.eldigitaldeasturias.com\/noticias\/wp-json\/wp\/v2\/media?parent=1056912"}],"wp:term":[{"taxonomy":"category","embeddable":true,"href":"https:\/\/www.eldigitaldeasturias.com\/noticias\/wp-json\/wp\/v2\/categories?post=1056912"},{"taxonomy":"post_tag","embeddable":true,"href":"https:\/\/www.eldigitaldeasturias.com\/noticias\/wp-json\/wp\/v2\/tags?post=1056912"}],"curies":[{"name":"wp","href":"https:\/\/api.w.org\/{rel}","templated":true}]}}