{"id":1056886,"date":"2020-02-06T06:32:47","date_gmt":"2020-02-06T06:32:47","guid":{"rendered":"https:\/\/www.eldigitaldeasturias.com\/noticias\/?p=1056886"},"modified":"2020-02-06T06:32:47","modified_gmt":"2020-02-06T06:32:47","slug":"copa-del-rey-el-mirandes-a-las-semifinales","status":"publish","type":"post","link":"https:\/\/www.eldigitaldeasturias.com\/noticias\/copa-del-rey-el-mirandes-a-las-semifinales\/","title":{"rendered":"Copa del Rey: El Mirand\u00e9s a las semifinales"},"content":{"rendered":"<figure id=\"attachment_1056887\" aria-describedby=\"caption-attachment-1056887\" style=\"width: 360px\" class=\"wp-caption alignleft\"><img loading=\"lazy\" decoding=\"async\" class=\"size-medium wp-image-1056887\" src=\"https:\/\/www.eldigitaldeasturias.com\/noticias\/wp-content\/uploads\/2020\/02\/Mirandes-ep-360x238.jpg\" alt=\"\" width=\"360\" height=\"238\" srcset=\"https:\/\/www.eldigitaldeasturias.com\/noticias\/wp-content\/uploads\/2020\/02\/Mirandes-ep-360x238.jpg 360w, https:\/\/www.eldigitaldeasturias.com\/noticias\/wp-content\/uploads\/2020\/02\/Mirandes-ep-690x457.jpg 690w, https:\/\/www.eldigitaldeasturias.com\/noticias\/wp-content\/uploads\/2020\/02\/Mirandes-ep-453x300.jpg 453w, https:\/\/www.eldigitaldeasturias.com\/noticias\/wp-content\/uploads\/2020\/02\/Mirandes-ep-768x508.jpg 768w, https:\/\/www.eldigitaldeasturias.com\/noticias\/wp-content\/uploads\/2020\/02\/Mirandes-ep.jpg 1005w\" sizes=\"auto, (max-width: 360px) 100vw, 360px\" \/><figcaption id=\"caption-attachment-1056887\" class=\"wp-caption-text\">Foto: WWW.CDMIRANDES.COM\/ \/ Europa Press<\/figcaption><\/figure>\n<p>(Europa Press) &#8211;\u00a0<strong>El Mirand\u00e9s avanz\u00f3 a semifinales de la Copa del Rey por segunda vez en su historia<\/strong> al imponerse (4-2) este mi\u00e9rcoles al Villarreal en el Estadio de Anduva, donde se carg\u00f3 a su tercer Primera a partido \u00fanico para vivir ocho a\u00f1os despu\u00e9s otra haza\u00f1a copera.<\/p>\n<p><strong>Los de Andoni Iraola sumaron el &#8216;submarino&#8217; a Celta y Sevilla como trofeos ya para un equipo reci\u00e9n ascendido a Segunda<\/strong>, que emula al que alcanz\u00f3 semifinales en 2012 como equipo de Segunda B. Los de Miranda de Ebro, donde no pierden desde agosto, se quedaron un duelo valiente, con mucha llegada y los goles de Matheus, Merquelanz y Odei, a media hora del final y sin m\u00e1s cambios hasta la sentencia de Antonio S\u00e1nchez en el descuento.<\/p>\n<p>No por sabido pudo hacer nada el Villarreal, que al igual que su modesto rival buscaba su segunda semifinal (2014-15). Los de Javi Calleja se vieron desbordados por un Mirand\u00e9s que fue creciendo en su f\u00fatbol con la motivaci\u00f3n de ponerse hasta tres veces por delante. El momento dulce de los burgaleses tard\u00f3 15 minutos en aparecer, con el quinto gol del Pichichi del torneo Matheus.<\/p>\n<p>La recuperaci\u00f3n en mitad de campo lanz\u00f3 el ataque local por medio de Antonio S\u00e1nchez y la carrera del brasile\u00f1o, con autopase con el hombro, se cobr\u00f3 a dos defensas y al meta rival (1-0). El Villarreal sufri\u00f3 la presi\u00f3n local y, sin asomar a porter\u00eda, encontr\u00f3 el empate a bal\u00f3n parado con una falta directa de Ontiveros.<\/p>\n<p>Los de Miranda tuvieron la reacci\u00f3n con \u00c1lvaro Rey, pero prefiri\u00f3 intentar forzar la roja de Iborra que solo fue amarilla y falta peligrosa. El sevillano llev\u00f3 mucho peligro antes del descanso sin \u00e9xito, pero el VAR apareci\u00f3 en escena para avisar al colegiado de una mano de Quintill\u00e1 en un saque de esquina. Apenas la roz\u00f3 cuando el bal\u00f3n ca\u00eda, pero la pena m\u00e1xima la convirti\u00f3 Merquelanz (2-1).<\/p>\n<p>A remolque, los de Calleja no tuvieron otra que irse arriba y volvieron con mucha profundidad, en especial por la banda de Ontiveros. No llegaban a hacer da\u00f1o las internadas, pero en un centro de Moreno encontraron la mano de Odei para empatar con otro penalti (2-2). No perdon\u00f3 Cazorla, pero ni mucho menos silenci\u00f3 Anduva, de nuevo superior a su rival y de nuevo en semifinales.<\/p>\n<p>Con la niebla espesando, <strong>la afici\u00f3n &#8216;rojilla&#8217; enton\u00f3 m\u00e1s fuerte que nunca el famoso \u00abs\u00ed, se puede\u00bb<\/strong> cuando el propio Odei, dos minutos despu\u00e9s de su mano, aparec\u00eda en el segundo palo de un centro de falta para hacer el 3-2. A\u00fan quedaba media hora y Calleja quem\u00f3 naves, pero Alc\u00e1cer no tuvo protagonismo. No hab\u00eda renunciado a la sentencia el Mirand\u00e9s y la firm\u00f3 ya en el descuento con Antonio S\u00e1nchez.<\/p>\n<h3><strong>FICHA T\u00c9CNICA.<\/strong><\/h3>\n<p>RESULTADO: MIRAND\u00c9S, 4 &#8211; VILLARREAL, 2. (2-1, al descanso).<\/p>\n<p>ALINEACIONES.<\/p>\n<p>MIRAND\u00c9S: Limones; A.Gonz\u00e1lez, Onaindia, S.Gonz\u00e1lez, Franquesa (Gorka Kijera, min.85); Malsa, A. S\u00e1nchez; Rey, Pe\u00f1a (Guridi, min.67), Merquelanz; y Matheus (De Sousa, min.79).<\/p>\n<p>VILLARREAL: Andr\u00e9s Fern\u00e1ndez; Mario, Chackla (Rub\u00e9n Pe\u00f1a, min.46), Funes Mori, Quintill\u00e0; Iborra, Anguissa (Moi G\u00f3mez, min.71), Cazorla; Chukwueze (Alc\u00e1cer, min.65), Ontiveros y Gerard Moreno.<\/p>\n<p>GOLES:<\/p>\n<p>1 &#8211; 0, min.17, Matheus.<\/p>\n<p>1 &#8211; 1, min.32, Ontiveros.<\/p>\n<p>2 &#8211; 1, min.45+3, Merquelanz.<\/p>\n<p>2 &#8211; 2, min.56, Cazorla.<\/p>\n<p>3 &#8211; 2, min.58, Odei.<\/p>\n<p>4 &#8211; 2, min.90+2, Antonio S\u00e1nchez.<\/p>\n<p>\u00c1RBITRO: De Burgos Bengoetxea (C.Vasco). Amonest\u00f3 a Iborra (min.34), Chakla (min.38), Mario (min.52), Chukwueze (min.64) y Cazorla (min.78) en el Villarreal.<\/p>\n<p>ESTADIO: Anduva.<\/p>\n<p>&nbsp;<\/p>\n","protected":false},"excerpt":{"rendered":"<p>(Europa Press) &#8211;\u00a0El Mirand\u00e9s avanz\u00f3 a semifinales de la Copa del Rey por segunda vez en su historia al imponerse (4-2) este mi\u00e9rcoles al Villarreal en el Estadio de Anduva, donde se carg\u00f3 a su tercer Primera a partido \u00fanico para vivir ocho a\u00f1os despu\u00e9s otra haza\u00f1a copera. Los de Andoni Iraola sumaron el &#8216;submarino&#8217; [&hellip;]<\/p>\n","protected":false},"author":1,"featured_media":1056887,"comment_status":"closed","ping_status":"closed","sticky":false,"template":"","format":"standard","meta":{"footnotes":""},"categories":[190],"tags":[],"class_list":["post-1056886","post","type-post","status-publish","format-standard","has-post-thumbnail","hentry","category-deportes"],"aioseo_notices":[],"aioseo_head":"\n\t\t<!-- All in One SEO Pro 4.9.6.2 - aioseo.com -->\n\t<meta name=\"description\" content=\"(Europa Press) - El Mirand\u00e9s avanz\u00f3 a semifinales de la Copa del Rey por segunda vez en su historia al imponerse (4-2) este mi\u00e9rcoles al Villarreal en el Estadio de Anduva, donde se carg\u00f3 a su tercer Primera a partido \u00fanico para vivir ocho a\u00f1os despu\u00e9s otra haza\u00f1a copera. Los de Andoni Iraola sumaron el &#039;submarino&#039;\" \/>\n\t<meta name=\"robots\" content=\"max-image-preview:large\" \/>\n\t<meta name=\"author\" content=\"El Digital de Asturias\"\/>\n\t<meta name=\"google-site-verification\" content=\"UA-38556648-1\" \/>\n\t<meta name=\"msvalidate.01\" content=\"7dfe9f3f1b24437ab69f4f2559babe99\" \/>\n\t<meta name=\"keywords\" content=\"deportes\" \/>\n\t<link rel=\"canonical\" href=\"https:\/\/www.eldigitaldeasturias.com\/noticias\/copa-del-rey-el-mirandes-a-las-semifinales\/\" \/>\n\t<meta name=\"generator\" content=\"All in One SEO Pro (AIOSEO) 4.9.6.2\" \/>\n\t\t<meta property=\"og:locale\" content=\"es_ES\" \/>\n\t\t<meta property=\"og:site_name\" content=\"El Digital de Asturias\" \/>\n\t\t<meta property=\"og:type\" content=\"article\" \/>\n\t\t<meta property=\"og:title\" content=\"Copa del Rey: El Mirand\u00e9s a las semifinales - El Digital de Asturias\" \/>\n\t\t<meta property=\"og:description\" content=\"(Europa Press) - El Mirand\u00e9s avanz\u00f3 a semifinales de la Copa del Rey por segunda vez en su historia al imponerse (4-2) este mi\u00e9rcoles al Villarreal en el Estadio de Anduva, donde se carg\u00f3 a su tercer Primera a partido \u00fanico para vivir ocho a\u00f1os despu\u00e9s otra haza\u00f1a copera. Los de Andoni Iraola sumaron el &#039;submarino&#039;\" \/>\n\t\t<meta property=\"og:url\" content=\"https:\/\/www.eldigitaldeasturias.com\/noticias\/copa-del-rey-el-mirandes-a-las-semifinales\/\" \/>\n\t\t<meta property=\"og:image\" content=\"https:\/\/www.eldigitaldeasturias.com\/noticias\/wp-content\/uploads\/2020\/02\/Mirandes-ep.jpg\" \/>\n\t\t<meta property=\"og:image:secure_url\" content=\"https:\/\/www.eldigitaldeasturias.com\/noticias\/wp-content\/uploads\/2020\/02\/Mirandes-ep.jpg\" \/>\n\t\t<meta property=\"og:image:width\" content=\"1005\" \/>\n\t\t<meta property=\"og:image:height\" content=\"665\" \/>\n\t\t<meta property=\"article:tag\" content=\"deportes\" \/>\n\t\t<meta property=\"article:published_time\" content=\"2020-02-06T06:32:47+00:00\" \/>\n\t\t<meta property=\"article:modified_time\" content=\"2020-02-06T06:32:47+00:00\" \/>\n\t\t<meta property=\"article:publisher\" content=\"https:\/\/facebook.com\/eldigitaldeasturias\" \/>\n\t\t<meta name=\"twitter:card\" content=\"summary_large_image\" \/>\n\t\t<meta name=\"twitter:title\" content=\"Copa del Rey: El Mirand\u00e9s a las semifinales - El Digital de Asturias\" \/>\n\t\t<meta name=\"twitter:description\" content=\"(Europa Press) - El Mirand\u00e9s avanz\u00f3 a semifinales de la Copa del Rey por segunda vez en su historia al imponerse (4-2) este mi\u00e9rcoles al Villarreal en el Estadio de Anduva, donde se carg\u00f3 a su tercer Primera a partido \u00fanico para vivir ocho a\u00f1os despu\u00e9s otra haza\u00f1a copera. Los de Andoni Iraola sumaron el &#039;submarino&#039;\" \/>\n\t\t<meta name=\"twitter:image\" content=\"https:\/\/www.eldigitaldeasturias.com\/noticias\/wp-content\/uploads\/2020\/02\/Mirandes-ep.jpg\" \/>\n\t\t<meta name=\"twitter:label1\" content=\"Escrito por\" \/>\n\t\t<meta name=\"twitter:data1\" content=\"El Digital de Asturias\" \/>\n\t\t<meta name=\"twitter:label2\" content=\"Tiempo de lectura estimado\" \/>\n\t\t<meta name=\"twitter:data2\" content=\"3 minutos\" \/>\n\t\t<script type=\"application\/ld+json\" class=\"aioseo-schema\">\n\t\t\t{\"@context\":\"https:\\\/\\\/schema.org\",\"@graph\":[{\"@type\":\"BlogPosting\",\"@id\":\"https:\\\/\\\/www.eldigitaldeasturias.com\\\/noticias\\\/copa-del-rey-el-mirandes-a-las-semifinales\\\/#blogposting\",\"name\":\"Copa del Rey: El Mirand\\u00e9s a las semifinales - El Digital de Asturias\",\"headline\":\"Copa del Rey: El Mirand\\u00e9s a las semifinales\",\"author\":{\"@id\":\"https:\\\/\\\/www.eldigitaldeasturias.com\\\/noticias\\\/author\\\/admin\\\/#author\"},\"publisher\":{\"@id\":\"https:\\\/\\\/www.eldigitaldeasturias.com\\\/noticias\\\/#organization\"},\"image\":{\"@type\":\"ImageObject\",\"url\":\"https:\\\/\\\/www.eldigitaldeasturias.com\\\/noticias\\\/wp-content\\\/uploads\\\/2020\\\/02\\\/Mirandes-ep.jpg\",\"width\":1005,\"height\":665,\"caption\":\"Foto: WWW.CDMIRANDES.COM\\\/ \\\/ Europa Press\"},\"datePublished\":\"2020-02-06T06:32:47+01:00\",\"dateModified\":\"2020-02-06T06:32:47+01:00\",\"inLanguage\":\"es-ES\",\"mainEntityOfPage\":{\"@id\":\"https:\\\/\\\/www.eldigitaldeasturias.com\\\/noticias\\\/copa-del-rey-el-mirandes-a-las-semifinales\\\/#webpage\"},\"isPartOf\":{\"@id\":\"https:\\\/\\\/www.eldigitaldeasturias.com\\\/noticias\\\/copa-del-rey-el-mirandes-a-las-semifinales\\\/#webpage\"},\"articleSection\":\"Deportes\"},{\"@type\":\"BreadcrumbList\",\"@id\":\"https:\\\/\\\/www.eldigitaldeasturias.com\\\/noticias\\\/copa-del-rey-el-mirandes-a-las-semifinales\\\/#breadcrumblist\",\"itemListElement\":[{\"@type\":\"ListItem\",\"@id\":\"https:\\\/\\\/www.eldigitaldeasturias.com\\\/noticias#listItem\",\"position\":1,\"name\":\"Home\",\"item\":\"https:\\\/\\\/www.eldigitaldeasturias.com\\\/noticias\",\"nextItem\":{\"@type\":\"ListItem\",\"@id\":\"https:\\\/\\\/www.eldigitaldeasturias.com\\\/noticias\\\/category\\\/deportes\\\/#listItem\",\"name\":\"Deportes\"}},{\"@type\":\"ListItem\",\"@id\":\"https:\\\/\\\/www.eldigitaldeasturias.com\\\/noticias\\\/category\\\/deportes\\\/#listItem\",\"position\":2,\"name\":\"Deportes\",\"item\":\"https:\\\/\\\/www.eldigitaldeasturias.com\\\/noticias\\\/category\\\/deportes\\\/\",\"nextItem\":{\"@type\":\"ListItem\",\"@id\":\"https:\\\/\\\/www.eldigitaldeasturias.com\\\/noticias\\\/copa-del-rey-el-mirandes-a-las-semifinales\\\/#listItem\",\"name\":\"Copa del Rey: El Mirand\\u00e9s a las semifinales\"},\"previousItem\":{\"@type\":\"ListItem\",\"@id\":\"https:\\\/\\\/www.eldigitaldeasturias.com\\\/noticias#listItem\",\"name\":\"Home\"}},{\"@type\":\"ListItem\",\"@id\":\"https:\\\/\\\/www.eldigitaldeasturias.com\\\/noticias\\\/copa-del-rey-el-mirandes-a-las-semifinales\\\/#listItem\",\"position\":3,\"name\":\"Copa del Rey: El Mirand\\u00e9s a las semifinales\",\"previousItem\":{\"@type\":\"ListItem\",\"@id\":\"https:\\\/\\\/www.eldigitaldeasturias.com\\\/noticias\\\/category\\\/deportes\\\/#listItem\",\"name\":\"Deportes\"}}]},{\"@type\":\"Organization\",\"@id\":\"https:\\\/\\\/www.eldigitaldeasturias.com\\\/noticias\\\/#organization\",\"name\":\"El Digital de Asturias\",\"description\":\"Hemeroteca\",\"url\":\"https:\\\/\\\/www.eldigitaldeasturias.com\\\/noticias\\\/\",\"email\":\"info@eldigitaldeasturias.com\",\"telephone\":\"+34652131393\",\"logo\":{\"@type\":\"ImageObject\",\"url\":\"https:\\\/\\\/www.eldigitaldeasturias.com\\\/noticias\\\/wp-content\\\/uploads\\\/2020\\\/12\\\/EDA.jpg\",\"@id\":\"https:\\\/\\\/www.eldigitaldeasturias.com\\\/noticias\\\/copa-del-rey-el-mirandes-a-las-semifinales\\\/#organizationLogo\",\"width\":649,\"height\":297},\"image\":{\"@id\":\"https:\\\/\\\/www.eldigitaldeasturias.com\\\/noticias\\\/copa-del-rey-el-mirandes-a-las-semifinales\\\/#organizationLogo\"},\"sameAs\":[\"https:\\\/\\\/facebook.com\\\/eldigitaldeasturias\",\"https:\\\/\\\/www.youtube.com\\\/channel\\\/UCZP-2wLEB9Rv6erhFmqVnvg\"],\"address\":{\"@id\":\"https:\\\/\\\/www.eldigitaldeasturias.com\\\/noticias\\\/#postaladdress\",\"@type\":\"PostalAddress\",\"streetAddress\":\"san antonio 4,\",\"postalCode\":\"33430\",\"addressLocality\":\"Cand\\u00e1s\",\"addressRegion\":\"Asturias\",\"addressCountry\":\"ES\"}},{\"@type\":\"Person\",\"@id\":\"https:\\\/\\\/www.eldigitaldeasturias.com\\\/noticias\\\/author\\\/admin\\\/#author\",\"url\":\"https:\\\/\\\/www.eldigitaldeasturias.com\\\/noticias\\\/author\\\/admin\\\/\",\"name\":\"El Digital de Asturias\",\"image\":{\"@type\":\"ImageObject\",\"@id\":\"https:\\\/\\\/www.eldigitaldeasturias.com\\\/noticias\\\/copa-del-rey-el-mirandes-a-las-semifinales\\\/#authorImage\",\"url\":\"https:\\\/\\\/www.eldigitaldeasturias.com\\\/noticias\\\/wp-content\\\/litespeed\\\/avatar\\\/18677e78aa0546b92d9dbf31ec7d7668.jpg?ver=1777290358\",\"width\":96,\"height\":96,\"caption\":\"El Digital de Asturias\"}},{\"@type\":\"WebPage\",\"@id\":\"https:\\\/\\\/www.eldigitaldeasturias.com\\\/noticias\\\/copa-del-rey-el-mirandes-a-las-semifinales\\\/#webpage\",\"url\":\"https:\\\/\\\/www.eldigitaldeasturias.com\\\/noticias\\\/copa-del-rey-el-mirandes-a-las-semifinales\\\/\",\"name\":\"Copa del Rey: El Mirand\\u00e9s a las semifinales - El Digital de Asturias\",\"description\":\"(Europa Press) - El Mirand\\u00e9s avanz\\u00f3 a semifinales de la Copa del Rey por segunda vez en su historia al imponerse (4-2) este mi\\u00e9rcoles al Villarreal en el Estadio de Anduva, donde se carg\\u00f3 a su tercer Primera a partido \\u00fanico para vivir ocho a\\u00f1os despu\\u00e9s otra haza\\u00f1a copera. Los de Andoni Iraola sumaron el 'submarino'\",\"inLanguage\":\"es-ES\",\"isPartOf\":{\"@id\":\"https:\\\/\\\/www.eldigitaldeasturias.com\\\/noticias\\\/#website\"},\"breadcrumb\":{\"@id\":\"https:\\\/\\\/www.eldigitaldeasturias.com\\\/noticias\\\/copa-del-rey-el-mirandes-a-las-semifinales\\\/#breadcrumblist\"},\"author\":{\"@id\":\"https:\\\/\\\/www.eldigitaldeasturias.com\\\/noticias\\\/author\\\/admin\\\/#author\"},\"creator\":{\"@id\":\"https:\\\/\\\/www.eldigitaldeasturias.com\\\/noticias\\\/author\\\/admin\\\/#author\"},\"image\":{\"@type\":\"ImageObject\",\"url\":\"https:\\\/\\\/www.eldigitaldeasturias.com\\\/noticias\\\/wp-content\\\/uploads\\\/2020\\\/02\\\/Mirandes-ep.jpg\",\"@id\":\"https:\\\/\\\/www.eldigitaldeasturias.com\\\/noticias\\\/copa-del-rey-el-mirandes-a-las-semifinales\\\/#mainImage\",\"width\":1005,\"height\":665,\"caption\":\"Foto: WWW.CDMIRANDES.COM\\\/ \\\/ Europa Press\"},\"primaryImageOfPage\":{\"@id\":\"https:\\\/\\\/www.eldigitaldeasturias.com\\\/noticias\\\/copa-del-rey-el-mirandes-a-las-semifinales\\\/#mainImage\"},\"datePublished\":\"2020-02-06T06:32:47+01:00\",\"dateModified\":\"2020-02-06T06:32:47+01:00\"},{\"@type\":\"WebSite\",\"@id\":\"https:\\\/\\\/www.eldigitaldeasturias.com\\\/noticias\\\/#website\",\"url\":\"https:\\\/\\\/www.eldigitaldeasturias.com\\\/noticias\\\/\",\"name\":\"El Digital de Asturias - Diario de actualidad y noticias\",\"alternateName\":\"El Digital de Asturias - Diario de actualidad y noticias\",\"description\":\"Hemeroteca\",\"inLanguage\":\"es-ES\",\"publisher\":{\"@id\":\"https:\\\/\\\/www.eldigitaldeasturias.com\\\/noticias\\\/#organization\"}}]}\n\t\t<\/script>\n\t\t<!-- All in One SEO Pro -->\r\n\t\t<title>Copa del Rey: El Mirand\u00e9s a las semifinales - El Digital de Asturias<\/title>\n\n","aioseo_head_json":{"title":"Copa del Rey: El Mirand\u00e9s a las semifinales - El Digital de Asturias","description":"(Europa Press) - El Mirand\u00e9s avanz\u00f3 a semifinales de la Copa del Rey por segunda vez en su historia al imponerse (4-2) este mi\u00e9rcoles al Villarreal en el Estadio de Anduva, donde se carg\u00f3 a su tercer Primera a partido \u00fanico para vivir ocho a\u00f1os despu\u00e9s otra haza\u00f1a copera. Los de Andoni Iraola sumaron el 'submarino'","canonical_url":"https:\/\/www.eldigitaldeasturias.com\/noticias\/copa-del-rey-el-mirandes-a-las-semifinales\/","robots":"max-image-preview:large","keywords":"deportes","webmasterTools":{"google-site-verification":"UA-38556648-1","msvalidate.01":"7dfe9f3f1b24437ab69f4f2559babe99","miscellaneous":""},"schema":{"@context":"https:\/\/schema.org","@graph":[{"@type":"BlogPosting","@id":"https:\/\/www.eldigitaldeasturias.com\/noticias\/copa-del-rey-el-mirandes-a-las-semifinales\/#blogposting","name":"Copa del Rey: El Mirand\u00e9s a las semifinales - El Digital de Asturias","headline":"Copa del Rey: El Mirand\u00e9s a las semifinales","author":{"@id":"https:\/\/www.eldigitaldeasturias.com\/noticias\/author\/admin\/#author"},"publisher":{"@id":"https:\/\/www.eldigitaldeasturias.com\/noticias\/#organization"},"image":{"@type":"ImageObject","url":"https:\/\/www.eldigitaldeasturias.com\/noticias\/wp-content\/uploads\/2020\/02\/Mirandes-ep.jpg","width":1005,"height":665,"caption":"Foto: WWW.CDMIRANDES.COM\/ \/ Europa Press"},"datePublished":"2020-02-06T06:32:47+01:00","dateModified":"2020-02-06T06:32:47+01:00","inLanguage":"es-ES","mainEntityOfPage":{"@id":"https:\/\/www.eldigitaldeasturias.com\/noticias\/copa-del-rey-el-mirandes-a-las-semifinales\/#webpage"},"isPartOf":{"@id":"https:\/\/www.eldigitaldeasturias.com\/noticias\/copa-del-rey-el-mirandes-a-las-semifinales\/#webpage"},"articleSection":"Deportes"},{"@type":"BreadcrumbList","@id":"https:\/\/www.eldigitaldeasturias.com\/noticias\/copa-del-rey-el-mirandes-a-las-semifinales\/#breadcrumblist","itemListElement":[{"@type":"ListItem","@id":"https:\/\/www.eldigitaldeasturias.com\/noticias#listItem","position":1,"name":"Home","item":"https:\/\/www.eldigitaldeasturias.com\/noticias","nextItem":{"@type":"ListItem","@id":"https:\/\/www.eldigitaldeasturias.com\/noticias\/category\/deportes\/#listItem","name":"Deportes"}},{"@type":"ListItem","@id":"https:\/\/www.eldigitaldeasturias.com\/noticias\/category\/deportes\/#listItem","position":2,"name":"Deportes","item":"https:\/\/www.eldigitaldeasturias.com\/noticias\/category\/deportes\/","nextItem":{"@type":"ListItem","@id":"https:\/\/www.eldigitaldeasturias.com\/noticias\/copa-del-rey-el-mirandes-a-las-semifinales\/#listItem","name":"Copa del Rey: El Mirand\u00e9s a las semifinales"},"previousItem":{"@type":"ListItem","@id":"https:\/\/www.eldigitaldeasturias.com\/noticias#listItem","name":"Home"}},{"@type":"ListItem","@id":"https:\/\/www.eldigitaldeasturias.com\/noticias\/copa-del-rey-el-mirandes-a-las-semifinales\/#listItem","position":3,"name":"Copa del Rey: El Mirand\u00e9s a las semifinales","previousItem":{"@type":"ListItem","@id":"https:\/\/www.eldigitaldeasturias.com\/noticias\/category\/deportes\/#listItem","name":"Deportes"}}]},{"@type":"Organization","@id":"https:\/\/www.eldigitaldeasturias.com\/noticias\/#organization","name":"El Digital de Asturias","description":"Hemeroteca","url":"https:\/\/www.eldigitaldeasturias.com\/noticias\/","email":"info@eldigitaldeasturias.com","telephone":"+34652131393","logo":{"@type":"ImageObject","url":"https:\/\/www.eldigitaldeasturias.com\/noticias\/wp-content\/uploads\/2020\/12\/EDA.jpg","@id":"https:\/\/www.eldigitaldeasturias.com\/noticias\/copa-del-rey-el-mirandes-a-las-semifinales\/#organizationLogo","width":649,"height":297},"image":{"@id":"https:\/\/www.eldigitaldeasturias.com\/noticias\/copa-del-rey-el-mirandes-a-las-semifinales\/#organizationLogo"},"sameAs":["https:\/\/facebook.com\/eldigitaldeasturias","https:\/\/www.youtube.com\/channel\/UCZP-2wLEB9Rv6erhFmqVnvg"],"address":{"@id":"https:\/\/www.eldigitaldeasturias.com\/noticias\/#postaladdress","@type":"PostalAddress","streetAddress":"san antonio 4,","postalCode":"33430","addressLocality":"Cand\u00e1s","addressRegion":"Asturias","addressCountry":"ES"}},{"@type":"Person","@id":"https:\/\/www.eldigitaldeasturias.com\/noticias\/author\/admin\/#author","url":"https:\/\/www.eldigitaldeasturias.com\/noticias\/author\/admin\/","name":"El Digital de Asturias","image":{"@type":"ImageObject","@id":"https:\/\/www.eldigitaldeasturias.com\/noticias\/copa-del-rey-el-mirandes-a-las-semifinales\/#authorImage","url":"https:\/\/www.eldigitaldeasturias.com\/noticias\/wp-content\/litespeed\/avatar\/18677e78aa0546b92d9dbf31ec7d7668.jpg?ver=1777290358","width":96,"height":96,"caption":"El Digital de Asturias"}},{"@type":"WebPage","@id":"https:\/\/www.eldigitaldeasturias.com\/noticias\/copa-del-rey-el-mirandes-a-las-semifinales\/#webpage","url":"https:\/\/www.eldigitaldeasturias.com\/noticias\/copa-del-rey-el-mirandes-a-las-semifinales\/","name":"Copa del Rey: El Mirand\u00e9s a las semifinales - El Digital de Asturias","description":"(Europa Press) - El Mirand\u00e9s avanz\u00f3 a semifinales de la Copa del Rey por segunda vez en su historia al imponerse (4-2) este mi\u00e9rcoles al Villarreal en el Estadio de Anduva, donde se carg\u00f3 a su tercer Primera a partido \u00fanico para vivir ocho a\u00f1os despu\u00e9s otra haza\u00f1a copera. Los de Andoni Iraola sumaron el 'submarino'","inLanguage":"es-ES","isPartOf":{"@id":"https:\/\/www.eldigitaldeasturias.com\/noticias\/#website"},"breadcrumb":{"@id":"https:\/\/www.eldigitaldeasturias.com\/noticias\/copa-del-rey-el-mirandes-a-las-semifinales\/#breadcrumblist"},"author":{"@id":"https:\/\/www.eldigitaldeasturias.com\/noticias\/author\/admin\/#author"},"creator":{"@id":"https:\/\/www.eldigitaldeasturias.com\/noticias\/author\/admin\/#author"},"image":{"@type":"ImageObject","url":"https:\/\/www.eldigitaldeasturias.com\/noticias\/wp-content\/uploads\/2020\/02\/Mirandes-ep.jpg","@id":"https:\/\/www.eldigitaldeasturias.com\/noticias\/copa-del-rey-el-mirandes-a-las-semifinales\/#mainImage","width":1005,"height":665,"caption":"Foto: WWW.CDMIRANDES.COM\/ \/ Europa Press"},"primaryImageOfPage":{"@id":"https:\/\/www.eldigitaldeasturias.com\/noticias\/copa-del-rey-el-mirandes-a-las-semifinales\/#mainImage"},"datePublished":"2020-02-06T06:32:47+01:00","dateModified":"2020-02-06T06:32:47+01:00"},{"@type":"WebSite","@id":"https:\/\/www.eldigitaldeasturias.com\/noticias\/#website","url":"https:\/\/www.eldigitaldeasturias.com\/noticias\/","name":"El Digital de Asturias - Diario de actualidad y noticias","alternateName":"El Digital de Asturias - Diario de actualidad y noticias","description":"Hemeroteca","inLanguage":"es-ES","publisher":{"@id":"https:\/\/www.eldigitaldeasturias.com\/noticias\/#organization"}}]},"og:locale":"es_ES","og:site_name":"El Digital de Asturias","og:type":"article","og:title":"Copa del Rey: El Mirand\u00e9s a las semifinales - El Digital de Asturias","og:description":"(Europa Press) - El Mirand\u00e9s avanz\u00f3 a semifinales de la Copa del Rey por segunda vez en su historia al imponerse (4-2) este mi\u00e9rcoles al Villarreal en el Estadio de Anduva, donde se carg\u00f3 a su tercer Primera a partido \u00fanico para vivir ocho a\u00f1os despu\u00e9s otra haza\u00f1a copera. Los de Andoni Iraola sumaron el 'submarino'","og:url":"https:\/\/www.eldigitaldeasturias.com\/noticias\/copa-del-rey-el-mirandes-a-las-semifinales\/","og:image":"https:\/\/www.eldigitaldeasturias.com\/noticias\/wp-content\/uploads\/2020\/02\/Mirandes-ep.jpg","og:image:secure_url":"https:\/\/www.eldigitaldeasturias.com\/noticias\/wp-content\/uploads\/2020\/02\/Mirandes-ep.jpg","og:image:width":1005,"og:image:height":665,"article:tag":["deportes"],"article:published_time":"2020-02-06T06:32:47+00:00","article:modified_time":"2020-02-06T06:32:47+00:00","article:publisher":"https:\/\/facebook.com\/eldigitaldeasturias","twitter:card":"summary_large_image","twitter:title":"Copa del Rey: El Mirand\u00e9s a las semifinales - El Digital de Asturias","twitter:description":"(Europa Press) - El Mirand\u00e9s avanz\u00f3 a semifinales de la Copa del Rey por segunda vez en su historia al imponerse (4-2) este mi\u00e9rcoles al Villarreal en el Estadio de Anduva, donde se carg\u00f3 a su tercer Primera a partido \u00fanico para vivir ocho a\u00f1os despu\u00e9s otra haza\u00f1a copera. Los de Andoni Iraola sumaron el 'submarino'","twitter:image":"https:\/\/www.eldigitaldeasturias.com\/noticias\/wp-content\/uploads\/2020\/02\/Mirandes-ep.jpg","twitter:label1":"Escrito por","twitter:data1":"El Digital de Asturias","twitter:label2":"Tiempo de lectura estimado","twitter:data2":"3 minutos"},"aioseo_meta_data":{"post_id":"1056886","title":null,"description":null,"keywords":null,"keyphrases":null,"primary_term":null,"canonical_url":null,"og_title":null,"og_description":null,"og_object_type":"default","og_image_type":"default","og_image_url":null,"og_image_width":null,"og_image_height":null,"og_image_custom_url":null,"og_image_custom_fields":null,"og_video":null,"og_custom_url":null,"og_article_section":null,"og_article_tags":null,"twitter_use_og":false,"twitter_card":"default","twitter_image_type":"default","twitter_image_url":null,"twitter_image_custom_url":null,"twitter_image_custom_fields":null,"twitter_title":null,"twitter_description":null,"schema":{"blockGraphs":[],"customGraphs":[],"default":{"data":{"Article":[],"Course":[],"Dataset":[],"FAQPage":[],"Movie":[],"Person":[],"Product":[],"ProductReview":[],"Car":[],"Recipe":[],"Service":[],"SoftwareApplication":[],"WebPage":[]},"graphName":"","isEnabled":true},"graphs":[],"defaultGraph":"","defaultPostTypeGraph":""},"schema_type":null,"schema_type_options":null,"pillar_content":false,"robots_default":true,"robots_noindex":false,"robots_noarchive":false,"robots_nosnippet":false,"robots_nofollow":false,"robots_noimageindex":false,"robots_noodp":false,"robots_notranslate":false,"robots_max_snippet":null,"robots_max_videopreview":null,"robots_max_imagepreview":"large","priority":null,"frequency":null,"local_seo":null,"seo_analyzer_scan_date":"2025-10-30 23:56:09","breadcrumb_settings":null,"limit_modified_date":false,"open_ai":null,"ai":null,"created":"2020-12-21 10:55:42","updated":"2025-10-30 23:56:09"},"aioseo_breadcrumb":"<div class=\"aioseo-breadcrumbs\"><span class=\"aioseo-breadcrumb\">\n\t<a href=\"https:\/\/www.eldigitaldeasturias.com\/noticias\" title=\"Home\">Home<\/a>\n<\/span><span class=\"aioseo-breadcrumb-separator\">\u2013<\/span><span class=\"aioseo-breadcrumb\">\n\t<a href=\"https:\/\/www.eldigitaldeasturias.com\/noticias\/category\/deportes\/\" title=\"Deportes\">Deportes<\/a>\n<\/span><span class=\"aioseo-breadcrumb-separator\">\u2013<\/span><span class=\"aioseo-breadcrumb\">\n\t<a href=\"https:\/\/www.eldigitaldeasturias.com\/noticias\/copa-del-rey-el-mirandes-a-las-semifinales\/\" title=\"Copa del Rey: El Mirand\u00e9s a las semifinales\">Copa del Rey: El Mirand\u00e9s a las semifinales<\/a>\n<\/span><\/div>","aioseo_breadcrumb_json":[{"label":"Home","link":"https:\/\/www.eldigitaldeasturias.com\/noticias"},{"label":"Deportes","link":"https:\/\/www.eldigitaldeasturias.com\/noticias\/category\/deportes\/"},{"label":"Copa del Rey: El Mirand\u00e9s a las semifinales","link":"https:\/\/www.eldigitaldeasturias.com\/noticias\/copa-del-rey-el-mirandes-a-las-semifinales\/"}],"_links":{"self":[{"href":"https:\/\/www.eldigitaldeasturias.com\/noticias\/wp-json\/wp\/v2\/posts\/1056886","targetHints":{"allow":["GET"]}}],"collection":[{"href":"https:\/\/www.eldigitaldeasturias.com\/noticias\/wp-json\/wp\/v2\/posts"}],"about":[{"href":"https:\/\/www.eldigitaldeasturias.com\/noticias\/wp-json\/wp\/v2\/types\/post"}],"author":[{"embeddable":true,"href":"https:\/\/www.eldigitaldeasturias.com\/noticias\/wp-json\/wp\/v2\/users\/1"}],"replies":[{"embeddable":true,"href":"https:\/\/www.eldigitaldeasturias.com\/noticias\/wp-json\/wp\/v2\/comments?post=1056886"}],"version-history":[{"count":0,"href":"https:\/\/www.eldigitaldeasturias.com\/noticias\/wp-json\/wp\/v2\/posts\/1056886\/revisions"}],"wp:featuredmedia":[{"embeddable":true,"href":"https:\/\/www.eldigitaldeasturias.com\/noticias\/wp-json\/wp\/v2\/media\/1056887"}],"wp:attachment":[{"href":"https:\/\/www.eldigitaldeasturias.com\/noticias\/wp-json\/wp\/v2\/media?parent=1056886"}],"wp:term":[{"taxonomy":"category","embeddable":true,"href":"https:\/\/www.eldigitaldeasturias.com\/noticias\/wp-json\/wp\/v2\/categories?post=1056886"},{"taxonomy":"post_tag","embeddable":true,"href":"https:\/\/www.eldigitaldeasturias.com\/noticias\/wp-json\/wp\/v2\/tags?post=1056886"}],"curies":[{"name":"wp","href":"https:\/\/api.w.org\/{rel}","templated":true}]}}