{"id":1056883,"date":"2020-02-06T06:27:05","date_gmt":"2020-02-06T06:27:05","guid":{"rendered":"https:\/\/www.eldigitaldeasturias.com\/noticias\/?p=1056883"},"modified":"2020-02-06T06:27:05","modified_gmt":"2020-02-06T06:27:05","slug":"torneo-de-cordoba-2020-carlos-taberner-eliminado","status":"publish","type":"post","link":"https:\/\/www.eldigitaldeasturias.com\/noticias\/torneo-de-cordoba-2020-carlos-taberner-eliminado\/","title":{"rendered":"Torneo de C\u00f3rdoba  2020: Carlos Taberner eliminado"},"content":{"rendered":"<figure id=\"attachment_1056884\" aria-describedby=\"caption-attachment-1056884\" style=\"width: 360px\" class=\"wp-caption alignleft\"><img loading=\"lazy\" decoding=\"async\" class=\"size-medium wp-image-1056884\" src=\"https:\/\/www.eldigitaldeasturias.com\/noticias\/wp-content\/uploads\/2020\/02\/Taberner-ep-360x219.jpg\" alt=\"\" width=\"360\" height=\"219\" srcset=\"https:\/\/www.eldigitaldeasturias.com\/noticias\/wp-content\/uploads\/2020\/02\/Taberner-ep-360x219.jpg 360w, https:\/\/www.eldigitaldeasturias.com\/noticias\/wp-content\/uploads\/2020\/02\/Taberner-ep-690x420.jpg 690w, https:\/\/www.eldigitaldeasturias.com\/noticias\/wp-content\/uploads\/2020\/02\/Taberner-ep-480x292.jpg 480w, https:\/\/www.eldigitaldeasturias.com\/noticias\/wp-content\/uploads\/2020\/02\/Taberner-ep-768x467.jpg 768w, https:\/\/www.eldigitaldeasturias.com\/noticias\/wp-content\/uploads\/2020\/02\/Taberner-ep.jpg 860w\" sizes=\"auto, (max-width: 360px) 100vw, 360px\" \/><figcaption id=\"caption-attachment-1056884\" class=\"wp-caption-text\">Foto: @CORDOBAOPEN \/ Europa Press<\/figcaption><\/figure>\n<p>(Europa Press) &#8211;\u00a0El tenista espa\u00f1ol Carlos Taberner fue eliminado este mi\u00e9rcoles en los octavos de final del torneo de C\u00f3rdoba (Argentina), de categor\u00eda ATP 250 y que se disputa sobre tierra batida, merced a su derrota por 6-3 y 7-6(7) frente al eslovaco Andrej Martin.<\/p>\n<p>Merced a un partido que se prolong\u00f3 2 horas exactas, el jugador valenciano vio interrumpido su camino por un certamen donde hab\u00eda sorprendido en la ronda de dieciseisavos, venciendo al madrile\u00f1o Fernando Verdasco en tres sets (4-6, 6-1 y 6-4).<\/p>\n<p>Sin embargo, Taberner acus\u00f3 ante Martin la \u00fanica pelota de &#8216;break&#8217; que concedi\u00f3 en la manga inaugural. Fue en el cuarto juego y, tras aprovecharla, el eslovaco ya no solt\u00f3 la delantera en el marcador. Para colmo, el de Valencia malgast\u00f3 tres oportunidades de rotura.<\/p>\n<p>Durante el segundo set, fue Martin quien disfrut\u00f3 de m\u00e1s ocasiones de &#8216;break&#8217; que su oponente, pero ninguno fue capaz de da\u00f1ar por completo y tuvo que decidir la muerte s\u00fabita. En ella, el centroeuropeo floje\u00f3 menos y eso le vali\u00f3 un billete a la siguiente fase.<\/p>\n<p>&nbsp;<\/p>\n","protected":false},"excerpt":{"rendered":"<p>(Europa Press) &#8211;\u00a0El tenista espa\u00f1ol Carlos Taberner fue eliminado este mi\u00e9rcoles en los octavos de final del torneo de C\u00f3rdoba (Argentina), de categor\u00eda ATP 250 y que se disputa sobre tierra batida, merced a su derrota por 6-3 y 7-6(7) frente al eslovaco Andrej Martin. Merced a un partido que se prolong\u00f3 2 horas exactas, [&hellip;]<\/p>\n","protected":false},"author":1,"featured_media":1056884,"comment_status":"closed","ping_status":"closed","sticky":false,"template":"","format":"standard","meta":{"footnotes":""},"categories":[190],"tags":[],"class_list":["post-1056883","post","type-post","status-publish","format-standard","has-post-thumbnail","hentry","category-deportes"],"aioseo_notices":[],"aioseo_head":"\n\t\t<!-- All in One SEO Pro 4.9.6.2 - aioseo.com -->\n\t<meta name=\"description\" content=\"(Europa Press) - El tenista espa\u00f1ol Carlos Taberner fue eliminado este mi\u00e9rcoles en los octavos de final del torneo de C\u00f3rdoba (Argentina), de categor\u00eda ATP 250 y que se disputa sobre tierra batida, merced a su derrota por 6-3 y 7-6(7) frente al eslovaco Andrej Martin. Merced a un partido que se prolong\u00f3 2 horas exactas,\" \/>\n\t<meta name=\"robots\" content=\"max-image-preview:large\" \/>\n\t<meta name=\"author\" content=\"El Digital de Asturias\"\/>\n\t<meta name=\"google-site-verification\" content=\"UA-38556648-1\" \/>\n\t<meta name=\"msvalidate.01\" content=\"7dfe9f3f1b24437ab69f4f2559babe99\" \/>\n\t<meta name=\"keywords\" content=\"deportes\" \/>\n\t<link rel=\"canonical\" href=\"https:\/\/www.eldigitaldeasturias.com\/noticias\/torneo-de-cordoba-2020-carlos-taberner-eliminado\/\" \/>\n\t<meta name=\"generator\" content=\"All in One SEO Pro (AIOSEO) 4.9.6.2\" \/>\n\t\t<meta property=\"og:locale\" content=\"es_ES\" \/>\n\t\t<meta property=\"og:site_name\" content=\"El Digital de Asturias\" \/>\n\t\t<meta property=\"og:type\" content=\"article\" \/>\n\t\t<meta property=\"og:title\" content=\"Torneo de C\u00f3rdoba 2020: Carlos Taberner eliminado - El Digital de Asturias\" \/>\n\t\t<meta property=\"og:description\" content=\"(Europa Press) - El tenista espa\u00f1ol Carlos Taberner fue eliminado este mi\u00e9rcoles en los octavos de final del torneo de C\u00f3rdoba (Argentina), de categor\u00eda ATP 250 y que se disputa sobre tierra batida, merced a su derrota por 6-3 y 7-6(7) frente al eslovaco Andrej Martin. Merced a un partido que se prolong\u00f3 2 horas exactas,\" \/>\n\t\t<meta property=\"og:url\" content=\"https:\/\/www.eldigitaldeasturias.com\/noticias\/torneo-de-cordoba-2020-carlos-taberner-eliminado\/\" \/>\n\t\t<meta property=\"og:image\" content=\"https:\/\/www.eldigitaldeasturias.com\/noticias\/wp-content\/uploads\/2020\/02\/Taberner-ep.jpg\" \/>\n\t\t<meta property=\"og:image:secure_url\" content=\"https:\/\/www.eldigitaldeasturias.com\/noticias\/wp-content\/uploads\/2020\/02\/Taberner-ep.jpg\" \/>\n\t\t<meta property=\"og:image:width\" content=\"860\" \/>\n\t\t<meta property=\"og:image:height\" content=\"523\" \/>\n\t\t<meta property=\"article:tag\" content=\"deportes\" \/>\n\t\t<meta property=\"article:published_time\" content=\"2020-02-06T06:27:05+00:00\" \/>\n\t\t<meta property=\"article:modified_time\" content=\"2020-02-06T06:27:05+00:00\" \/>\n\t\t<meta property=\"article:publisher\" content=\"https:\/\/facebook.com\/eldigitaldeasturias\" \/>\n\t\t<meta name=\"twitter:card\" content=\"summary_large_image\" \/>\n\t\t<meta name=\"twitter:title\" content=\"Torneo de C\u00f3rdoba 2020: Carlos Taberner eliminado - El Digital de Asturias\" \/>\n\t\t<meta name=\"twitter:description\" content=\"(Europa Press) - El tenista espa\u00f1ol Carlos Taberner fue eliminado este mi\u00e9rcoles en los octavos de final del torneo de C\u00f3rdoba (Argentina), de categor\u00eda ATP 250 y que se disputa sobre tierra batida, merced a su derrota por 6-3 y 7-6(7) frente al eslovaco Andrej Martin. Merced a un partido que se prolong\u00f3 2 horas exactas,\" \/>\n\t\t<meta name=\"twitter:image\" content=\"https:\/\/www.eldigitaldeasturias.com\/noticias\/wp-content\/uploads\/2020\/02\/Taberner-ep.jpg\" \/>\n\t\t<meta name=\"twitter:label1\" content=\"Escrito por\" \/>\n\t\t<meta name=\"twitter:data1\" content=\"El Digital de Asturias\" \/>\n\t\t<meta name=\"twitter:label2\" content=\"Tiempo de lectura estimado\" \/>\n\t\t<meta name=\"twitter:data2\" content=\"1 minuto\" \/>\n\t\t<script type=\"application\/ld+json\" class=\"aioseo-schema\">\n\t\t\t{\"@context\":\"https:\\\/\\\/schema.org\",\"@graph\":[{\"@type\":\"BlogPosting\",\"@id\":\"https:\\\/\\\/www.eldigitaldeasturias.com\\\/noticias\\\/torneo-de-cordoba-2020-carlos-taberner-eliminado\\\/#blogposting\",\"name\":\"Torneo de C\\u00f3rdoba 2020: Carlos Taberner eliminado - El Digital de Asturias\",\"headline\":\"Torneo de C\\u00f3rdoba  2020: Carlos Taberner eliminado\",\"author\":{\"@id\":\"https:\\\/\\\/www.eldigitaldeasturias.com\\\/noticias\\\/author\\\/admin\\\/#author\"},\"publisher\":{\"@id\":\"https:\\\/\\\/www.eldigitaldeasturias.com\\\/noticias\\\/#organization\"},\"image\":{\"@type\":\"ImageObject\",\"url\":\"https:\\\/\\\/www.eldigitaldeasturias.com\\\/noticias\\\/wp-content\\\/uploads\\\/2020\\\/02\\\/Taberner-ep.jpg\",\"width\":860,\"height\":523,\"caption\":\"Foto: @CORDOBAOPEN \\\/ Europa Press\"},\"datePublished\":\"2020-02-06T06:27:05+01:00\",\"dateModified\":\"2020-02-06T06:27:05+01:00\",\"inLanguage\":\"es-ES\",\"mainEntityOfPage\":{\"@id\":\"https:\\\/\\\/www.eldigitaldeasturias.com\\\/noticias\\\/torneo-de-cordoba-2020-carlos-taberner-eliminado\\\/#webpage\"},\"isPartOf\":{\"@id\":\"https:\\\/\\\/www.eldigitaldeasturias.com\\\/noticias\\\/torneo-de-cordoba-2020-carlos-taberner-eliminado\\\/#webpage\"},\"articleSection\":\"Deportes\"},{\"@type\":\"BreadcrumbList\",\"@id\":\"https:\\\/\\\/www.eldigitaldeasturias.com\\\/noticias\\\/torneo-de-cordoba-2020-carlos-taberner-eliminado\\\/#breadcrumblist\",\"itemListElement\":[{\"@type\":\"ListItem\",\"@id\":\"https:\\\/\\\/www.eldigitaldeasturias.com\\\/noticias#listItem\",\"position\":1,\"name\":\"Home\",\"item\":\"https:\\\/\\\/www.eldigitaldeasturias.com\\\/noticias\",\"nextItem\":{\"@type\":\"ListItem\",\"@id\":\"https:\\\/\\\/www.eldigitaldeasturias.com\\\/noticias\\\/category\\\/deportes\\\/#listItem\",\"name\":\"Deportes\"}},{\"@type\":\"ListItem\",\"@id\":\"https:\\\/\\\/www.eldigitaldeasturias.com\\\/noticias\\\/category\\\/deportes\\\/#listItem\",\"position\":2,\"name\":\"Deportes\",\"item\":\"https:\\\/\\\/www.eldigitaldeasturias.com\\\/noticias\\\/category\\\/deportes\\\/\",\"nextItem\":{\"@type\":\"ListItem\",\"@id\":\"https:\\\/\\\/www.eldigitaldeasturias.com\\\/noticias\\\/torneo-de-cordoba-2020-carlos-taberner-eliminado\\\/#listItem\",\"name\":\"Torneo de C\\u00f3rdoba  2020: Carlos Taberner eliminado\"},\"previousItem\":{\"@type\":\"ListItem\",\"@id\":\"https:\\\/\\\/www.eldigitaldeasturias.com\\\/noticias#listItem\",\"name\":\"Home\"}},{\"@type\":\"ListItem\",\"@id\":\"https:\\\/\\\/www.eldigitaldeasturias.com\\\/noticias\\\/torneo-de-cordoba-2020-carlos-taberner-eliminado\\\/#listItem\",\"position\":3,\"name\":\"Torneo de C\\u00f3rdoba  2020: Carlos Taberner eliminado\",\"previousItem\":{\"@type\":\"ListItem\",\"@id\":\"https:\\\/\\\/www.eldigitaldeasturias.com\\\/noticias\\\/category\\\/deportes\\\/#listItem\",\"name\":\"Deportes\"}}]},{\"@type\":\"Organization\",\"@id\":\"https:\\\/\\\/www.eldigitaldeasturias.com\\\/noticias\\\/#organization\",\"name\":\"El Digital de Asturias\",\"description\":\"Hemeroteca\",\"url\":\"https:\\\/\\\/www.eldigitaldeasturias.com\\\/noticias\\\/\",\"email\":\"info@eldigitaldeasturias.com\",\"telephone\":\"+34652131393\",\"logo\":{\"@type\":\"ImageObject\",\"url\":\"https:\\\/\\\/www.eldigitaldeasturias.com\\\/noticias\\\/wp-content\\\/uploads\\\/2020\\\/12\\\/EDA.jpg\",\"@id\":\"https:\\\/\\\/www.eldigitaldeasturias.com\\\/noticias\\\/torneo-de-cordoba-2020-carlos-taberner-eliminado\\\/#organizationLogo\",\"width\":649,\"height\":297},\"image\":{\"@id\":\"https:\\\/\\\/www.eldigitaldeasturias.com\\\/noticias\\\/torneo-de-cordoba-2020-carlos-taberner-eliminado\\\/#organizationLogo\"},\"sameAs\":[\"https:\\\/\\\/facebook.com\\\/eldigitaldeasturias\",\"https:\\\/\\\/www.youtube.com\\\/channel\\\/UCZP-2wLEB9Rv6erhFmqVnvg\"],\"address\":{\"@id\":\"https:\\\/\\\/www.eldigitaldeasturias.com\\\/noticias\\\/#postaladdress\",\"@type\":\"PostalAddress\",\"streetAddress\":\"san antonio 4,\",\"postalCode\":\"33430\",\"addressLocality\":\"Cand\\u00e1s\",\"addressRegion\":\"Asturias\",\"addressCountry\":\"ES\"}},{\"@type\":\"Person\",\"@id\":\"https:\\\/\\\/www.eldigitaldeasturias.com\\\/noticias\\\/author\\\/admin\\\/#author\",\"url\":\"https:\\\/\\\/www.eldigitaldeasturias.com\\\/noticias\\\/author\\\/admin\\\/\",\"name\":\"El Digital de Asturias\",\"image\":{\"@type\":\"ImageObject\",\"@id\":\"https:\\\/\\\/www.eldigitaldeasturias.com\\\/noticias\\\/torneo-de-cordoba-2020-carlos-taberner-eliminado\\\/#authorImage\",\"url\":\"https:\\\/\\\/www.eldigitaldeasturias.com\\\/noticias\\\/wp-content\\\/litespeed\\\/avatar\\\/18677e78aa0546b92d9dbf31ec7d7668.jpg?ver=1777290358\",\"width\":96,\"height\":96,\"caption\":\"El Digital de Asturias\"}},{\"@type\":\"WebPage\",\"@id\":\"https:\\\/\\\/www.eldigitaldeasturias.com\\\/noticias\\\/torneo-de-cordoba-2020-carlos-taberner-eliminado\\\/#webpage\",\"url\":\"https:\\\/\\\/www.eldigitaldeasturias.com\\\/noticias\\\/torneo-de-cordoba-2020-carlos-taberner-eliminado\\\/\",\"name\":\"Torneo de C\\u00f3rdoba 2020: Carlos Taberner eliminado - El Digital de Asturias\",\"description\":\"(Europa Press) - El tenista espa\\u00f1ol Carlos Taberner fue eliminado este mi\\u00e9rcoles en los octavos de final del torneo de C\\u00f3rdoba (Argentina), de categor\\u00eda ATP 250 y que se disputa sobre tierra batida, merced a su derrota por 6-3 y 7-6(7) frente al eslovaco Andrej Martin. Merced a un partido que se prolong\\u00f3 2 horas exactas,\",\"inLanguage\":\"es-ES\",\"isPartOf\":{\"@id\":\"https:\\\/\\\/www.eldigitaldeasturias.com\\\/noticias\\\/#website\"},\"breadcrumb\":{\"@id\":\"https:\\\/\\\/www.eldigitaldeasturias.com\\\/noticias\\\/torneo-de-cordoba-2020-carlos-taberner-eliminado\\\/#breadcrumblist\"},\"author\":{\"@id\":\"https:\\\/\\\/www.eldigitaldeasturias.com\\\/noticias\\\/author\\\/admin\\\/#author\"},\"creator\":{\"@id\":\"https:\\\/\\\/www.eldigitaldeasturias.com\\\/noticias\\\/author\\\/admin\\\/#author\"},\"image\":{\"@type\":\"ImageObject\",\"url\":\"https:\\\/\\\/www.eldigitaldeasturias.com\\\/noticias\\\/wp-content\\\/uploads\\\/2020\\\/02\\\/Taberner-ep.jpg\",\"@id\":\"https:\\\/\\\/www.eldigitaldeasturias.com\\\/noticias\\\/torneo-de-cordoba-2020-carlos-taberner-eliminado\\\/#mainImage\",\"width\":860,\"height\":523,\"caption\":\"Foto: @CORDOBAOPEN \\\/ Europa Press\"},\"primaryImageOfPage\":{\"@id\":\"https:\\\/\\\/www.eldigitaldeasturias.com\\\/noticias\\\/torneo-de-cordoba-2020-carlos-taberner-eliminado\\\/#mainImage\"},\"datePublished\":\"2020-02-06T06:27:05+01:00\",\"dateModified\":\"2020-02-06T06:27:05+01:00\"},{\"@type\":\"WebSite\",\"@id\":\"https:\\\/\\\/www.eldigitaldeasturias.com\\\/noticias\\\/#website\",\"url\":\"https:\\\/\\\/www.eldigitaldeasturias.com\\\/noticias\\\/\",\"name\":\"El Digital de Asturias - Diario de actualidad y noticias\",\"alternateName\":\"El Digital de Asturias - Diario de actualidad y noticias\",\"description\":\"Hemeroteca\",\"inLanguage\":\"es-ES\",\"publisher\":{\"@id\":\"https:\\\/\\\/www.eldigitaldeasturias.com\\\/noticias\\\/#organization\"}}]}\n\t\t<\/script>\n\t\t<!-- All in One SEO Pro -->\r\n\t\t<title>Torneo de C\u00f3rdoba 2020: Carlos Taberner eliminado - El Digital de Asturias<\/title>\n\n","aioseo_head_json":{"title":"Torneo de C\u00f3rdoba 2020: Carlos Taberner eliminado - El Digital de Asturias","description":"(Europa Press) - El tenista espa\u00f1ol Carlos Taberner fue eliminado este mi\u00e9rcoles en los octavos de final del torneo de C\u00f3rdoba (Argentina), de categor\u00eda ATP 250 y que se disputa sobre tierra batida, merced a su derrota por 6-3 y 7-6(7) frente al eslovaco Andrej Martin. Merced a un partido que se prolong\u00f3 2 horas exactas,","canonical_url":"https:\/\/www.eldigitaldeasturias.com\/noticias\/torneo-de-cordoba-2020-carlos-taberner-eliminado\/","robots":"max-image-preview:large","keywords":"deportes","webmasterTools":{"google-site-verification":"UA-38556648-1","msvalidate.01":"7dfe9f3f1b24437ab69f4f2559babe99","miscellaneous":""},"schema":{"@context":"https:\/\/schema.org","@graph":[{"@type":"BlogPosting","@id":"https:\/\/www.eldigitaldeasturias.com\/noticias\/torneo-de-cordoba-2020-carlos-taberner-eliminado\/#blogposting","name":"Torneo de C\u00f3rdoba 2020: Carlos Taberner eliminado - El Digital de Asturias","headline":"Torneo de C\u00f3rdoba  2020: Carlos Taberner eliminado","author":{"@id":"https:\/\/www.eldigitaldeasturias.com\/noticias\/author\/admin\/#author"},"publisher":{"@id":"https:\/\/www.eldigitaldeasturias.com\/noticias\/#organization"},"image":{"@type":"ImageObject","url":"https:\/\/www.eldigitaldeasturias.com\/noticias\/wp-content\/uploads\/2020\/02\/Taberner-ep.jpg","width":860,"height":523,"caption":"Foto: @CORDOBAOPEN \/ Europa Press"},"datePublished":"2020-02-06T06:27:05+01:00","dateModified":"2020-02-06T06:27:05+01:00","inLanguage":"es-ES","mainEntityOfPage":{"@id":"https:\/\/www.eldigitaldeasturias.com\/noticias\/torneo-de-cordoba-2020-carlos-taberner-eliminado\/#webpage"},"isPartOf":{"@id":"https:\/\/www.eldigitaldeasturias.com\/noticias\/torneo-de-cordoba-2020-carlos-taberner-eliminado\/#webpage"},"articleSection":"Deportes"},{"@type":"BreadcrumbList","@id":"https:\/\/www.eldigitaldeasturias.com\/noticias\/torneo-de-cordoba-2020-carlos-taberner-eliminado\/#breadcrumblist","itemListElement":[{"@type":"ListItem","@id":"https:\/\/www.eldigitaldeasturias.com\/noticias#listItem","position":1,"name":"Home","item":"https:\/\/www.eldigitaldeasturias.com\/noticias","nextItem":{"@type":"ListItem","@id":"https:\/\/www.eldigitaldeasturias.com\/noticias\/category\/deportes\/#listItem","name":"Deportes"}},{"@type":"ListItem","@id":"https:\/\/www.eldigitaldeasturias.com\/noticias\/category\/deportes\/#listItem","position":2,"name":"Deportes","item":"https:\/\/www.eldigitaldeasturias.com\/noticias\/category\/deportes\/","nextItem":{"@type":"ListItem","@id":"https:\/\/www.eldigitaldeasturias.com\/noticias\/torneo-de-cordoba-2020-carlos-taberner-eliminado\/#listItem","name":"Torneo de C\u00f3rdoba  2020: Carlos Taberner eliminado"},"previousItem":{"@type":"ListItem","@id":"https:\/\/www.eldigitaldeasturias.com\/noticias#listItem","name":"Home"}},{"@type":"ListItem","@id":"https:\/\/www.eldigitaldeasturias.com\/noticias\/torneo-de-cordoba-2020-carlos-taberner-eliminado\/#listItem","position":3,"name":"Torneo de C\u00f3rdoba  2020: Carlos Taberner eliminado","previousItem":{"@type":"ListItem","@id":"https:\/\/www.eldigitaldeasturias.com\/noticias\/category\/deportes\/#listItem","name":"Deportes"}}]},{"@type":"Organization","@id":"https:\/\/www.eldigitaldeasturias.com\/noticias\/#organization","name":"El Digital de Asturias","description":"Hemeroteca","url":"https:\/\/www.eldigitaldeasturias.com\/noticias\/","email":"info@eldigitaldeasturias.com","telephone":"+34652131393","logo":{"@type":"ImageObject","url":"https:\/\/www.eldigitaldeasturias.com\/noticias\/wp-content\/uploads\/2020\/12\/EDA.jpg","@id":"https:\/\/www.eldigitaldeasturias.com\/noticias\/torneo-de-cordoba-2020-carlos-taberner-eliminado\/#organizationLogo","width":649,"height":297},"image":{"@id":"https:\/\/www.eldigitaldeasturias.com\/noticias\/torneo-de-cordoba-2020-carlos-taberner-eliminado\/#organizationLogo"},"sameAs":["https:\/\/facebook.com\/eldigitaldeasturias","https:\/\/www.youtube.com\/channel\/UCZP-2wLEB9Rv6erhFmqVnvg"],"address":{"@id":"https:\/\/www.eldigitaldeasturias.com\/noticias\/#postaladdress","@type":"PostalAddress","streetAddress":"san antonio 4,","postalCode":"33430","addressLocality":"Cand\u00e1s","addressRegion":"Asturias","addressCountry":"ES"}},{"@type":"Person","@id":"https:\/\/www.eldigitaldeasturias.com\/noticias\/author\/admin\/#author","url":"https:\/\/www.eldigitaldeasturias.com\/noticias\/author\/admin\/","name":"El Digital de Asturias","image":{"@type":"ImageObject","@id":"https:\/\/www.eldigitaldeasturias.com\/noticias\/torneo-de-cordoba-2020-carlos-taberner-eliminado\/#authorImage","url":"https:\/\/www.eldigitaldeasturias.com\/noticias\/wp-content\/litespeed\/avatar\/18677e78aa0546b92d9dbf31ec7d7668.jpg?ver=1777290358","width":96,"height":96,"caption":"El Digital de Asturias"}},{"@type":"WebPage","@id":"https:\/\/www.eldigitaldeasturias.com\/noticias\/torneo-de-cordoba-2020-carlos-taberner-eliminado\/#webpage","url":"https:\/\/www.eldigitaldeasturias.com\/noticias\/torneo-de-cordoba-2020-carlos-taberner-eliminado\/","name":"Torneo de C\u00f3rdoba 2020: Carlos Taberner eliminado - El Digital de Asturias","description":"(Europa Press) - El tenista espa\u00f1ol Carlos Taberner fue eliminado este mi\u00e9rcoles en los octavos de final del torneo de C\u00f3rdoba (Argentina), de categor\u00eda ATP 250 y que se disputa sobre tierra batida, merced a su derrota por 6-3 y 7-6(7) frente al eslovaco Andrej Martin. Merced a un partido que se prolong\u00f3 2 horas exactas,","inLanguage":"es-ES","isPartOf":{"@id":"https:\/\/www.eldigitaldeasturias.com\/noticias\/#website"},"breadcrumb":{"@id":"https:\/\/www.eldigitaldeasturias.com\/noticias\/torneo-de-cordoba-2020-carlos-taberner-eliminado\/#breadcrumblist"},"author":{"@id":"https:\/\/www.eldigitaldeasturias.com\/noticias\/author\/admin\/#author"},"creator":{"@id":"https:\/\/www.eldigitaldeasturias.com\/noticias\/author\/admin\/#author"},"image":{"@type":"ImageObject","url":"https:\/\/www.eldigitaldeasturias.com\/noticias\/wp-content\/uploads\/2020\/02\/Taberner-ep.jpg","@id":"https:\/\/www.eldigitaldeasturias.com\/noticias\/torneo-de-cordoba-2020-carlos-taberner-eliminado\/#mainImage","width":860,"height":523,"caption":"Foto: @CORDOBAOPEN \/ Europa Press"},"primaryImageOfPage":{"@id":"https:\/\/www.eldigitaldeasturias.com\/noticias\/torneo-de-cordoba-2020-carlos-taberner-eliminado\/#mainImage"},"datePublished":"2020-02-06T06:27:05+01:00","dateModified":"2020-02-06T06:27:05+01:00"},{"@type":"WebSite","@id":"https:\/\/www.eldigitaldeasturias.com\/noticias\/#website","url":"https:\/\/www.eldigitaldeasturias.com\/noticias\/","name":"El Digital de Asturias - Diario de actualidad y noticias","alternateName":"El Digital de Asturias - Diario de actualidad y noticias","description":"Hemeroteca","inLanguage":"es-ES","publisher":{"@id":"https:\/\/www.eldigitaldeasturias.com\/noticias\/#organization"}}]},"og:locale":"es_ES","og:site_name":"El Digital de Asturias","og:type":"article","og:title":"Torneo de C\u00f3rdoba 2020: Carlos Taberner eliminado - El Digital de Asturias","og:description":"(Europa Press) - El tenista espa\u00f1ol Carlos Taberner fue eliminado este mi\u00e9rcoles en los octavos de final del torneo de C\u00f3rdoba (Argentina), de categor\u00eda ATP 250 y que se disputa sobre tierra batida, merced a su derrota por 6-3 y 7-6(7) frente al eslovaco Andrej Martin. Merced a un partido que se prolong\u00f3 2 horas exactas,","og:url":"https:\/\/www.eldigitaldeasturias.com\/noticias\/torneo-de-cordoba-2020-carlos-taberner-eliminado\/","og:image":"https:\/\/www.eldigitaldeasturias.com\/noticias\/wp-content\/uploads\/2020\/02\/Taberner-ep.jpg","og:image:secure_url":"https:\/\/www.eldigitaldeasturias.com\/noticias\/wp-content\/uploads\/2020\/02\/Taberner-ep.jpg","og:image:width":860,"og:image:height":523,"article:tag":["deportes"],"article:published_time":"2020-02-06T06:27:05+00:00","article:modified_time":"2020-02-06T06:27:05+00:00","article:publisher":"https:\/\/facebook.com\/eldigitaldeasturias","twitter:card":"summary_large_image","twitter:title":"Torneo de C\u00f3rdoba 2020: Carlos Taberner eliminado - El Digital de Asturias","twitter:description":"(Europa Press) - El tenista espa\u00f1ol Carlos Taberner fue eliminado este mi\u00e9rcoles en los octavos de final del torneo de C\u00f3rdoba (Argentina), de categor\u00eda ATP 250 y que se disputa sobre tierra batida, merced a su derrota por 6-3 y 7-6(7) frente al eslovaco Andrej Martin. Merced a un partido que se prolong\u00f3 2 horas exactas,","twitter:image":"https:\/\/www.eldigitaldeasturias.com\/noticias\/wp-content\/uploads\/2020\/02\/Taberner-ep.jpg","twitter:label1":"Escrito por","twitter:data1":"El Digital de Asturias","twitter:label2":"Tiempo de lectura estimado","twitter:data2":"1 minuto"},"aioseo_meta_data":{"post_id":"1056883","title":null,"description":null,"keywords":null,"keyphrases":null,"primary_term":null,"canonical_url":null,"og_title":null,"og_description":null,"og_object_type":"default","og_image_type":"default","og_image_url":null,"og_image_width":null,"og_image_height":null,"og_image_custom_url":null,"og_image_custom_fields":null,"og_video":null,"og_custom_url":null,"og_article_section":null,"og_article_tags":null,"twitter_use_og":false,"twitter_card":"default","twitter_image_type":"default","twitter_image_url":null,"twitter_image_custom_url":null,"twitter_image_custom_fields":null,"twitter_title":null,"twitter_description":null,"schema":{"blockGraphs":[],"customGraphs":[],"default":{"data":{"Article":[],"Course":[],"Dataset":[],"FAQPage":[],"Movie":[],"Person":[],"Product":[],"ProductReview":[],"Car":[],"Recipe":[],"Service":[],"SoftwareApplication":[],"WebPage":[]},"graphName":"","isEnabled":true},"graphs":[],"defaultGraph":"","defaultPostTypeGraph":""},"schema_type":null,"schema_type_options":null,"pillar_content":false,"robots_default":true,"robots_noindex":false,"robots_noarchive":false,"robots_nosnippet":false,"robots_nofollow":false,"robots_noimageindex":false,"robots_noodp":false,"robots_notranslate":false,"robots_max_snippet":null,"robots_max_videopreview":null,"robots_max_imagepreview":"large","priority":null,"frequency":null,"local_seo":null,"seo_analyzer_scan_date":"2025-10-30 23:56:08","breadcrumb_settings":null,"limit_modified_date":false,"open_ai":null,"ai":null,"created":"2020-12-21 10:55:42","updated":"2025-10-30 23:56:08"},"aioseo_breadcrumb":"<div class=\"aioseo-breadcrumbs\"><span class=\"aioseo-breadcrumb\">\n\t<a href=\"https:\/\/www.eldigitaldeasturias.com\/noticias\" title=\"Home\">Home<\/a>\n<\/span><span class=\"aioseo-breadcrumb-separator\">\u2013<\/span><span class=\"aioseo-breadcrumb\">\n\t<a href=\"https:\/\/www.eldigitaldeasturias.com\/noticias\/category\/deportes\/\" title=\"Deportes\">Deportes<\/a>\n<\/span><span class=\"aioseo-breadcrumb-separator\">\u2013<\/span><span class=\"aioseo-breadcrumb\">\n\t<a href=\"https:\/\/www.eldigitaldeasturias.com\/noticias\/torneo-de-cordoba-2020-carlos-taberner-eliminado\/\" title=\"Torneo de C\u00f3rdoba  2020: Carlos Taberner eliminado\">Torneo de C\u00f3rdoba  2020: Carlos Taberner eliminado<\/a>\n<\/span><\/div>","aioseo_breadcrumb_json":[{"label":"Home","link":"https:\/\/www.eldigitaldeasturias.com\/noticias"},{"label":"Deportes","link":"https:\/\/www.eldigitaldeasturias.com\/noticias\/category\/deportes\/"},{"label":"Torneo de C\u00f3rdoba  2020: Carlos Taberner eliminado","link":"https:\/\/www.eldigitaldeasturias.com\/noticias\/torneo-de-cordoba-2020-carlos-taberner-eliminado\/"}],"_links":{"self":[{"href":"https:\/\/www.eldigitaldeasturias.com\/noticias\/wp-json\/wp\/v2\/posts\/1056883","targetHints":{"allow":["GET"]}}],"collection":[{"href":"https:\/\/www.eldigitaldeasturias.com\/noticias\/wp-json\/wp\/v2\/posts"}],"about":[{"href":"https:\/\/www.eldigitaldeasturias.com\/noticias\/wp-json\/wp\/v2\/types\/post"}],"author":[{"embeddable":true,"href":"https:\/\/www.eldigitaldeasturias.com\/noticias\/wp-json\/wp\/v2\/users\/1"}],"replies":[{"embeddable":true,"href":"https:\/\/www.eldigitaldeasturias.com\/noticias\/wp-json\/wp\/v2\/comments?post=1056883"}],"version-history":[{"count":0,"href":"https:\/\/www.eldigitaldeasturias.com\/noticias\/wp-json\/wp\/v2\/posts\/1056883\/revisions"}],"wp:featuredmedia":[{"embeddable":true,"href":"https:\/\/www.eldigitaldeasturias.com\/noticias\/wp-json\/wp\/v2\/media\/1056884"}],"wp:attachment":[{"href":"https:\/\/www.eldigitaldeasturias.com\/noticias\/wp-json\/wp\/v2\/media?parent=1056883"}],"wp:term":[{"taxonomy":"category","embeddable":true,"href":"https:\/\/www.eldigitaldeasturias.com\/noticias\/wp-json\/wp\/v2\/categories?post=1056883"},{"taxonomy":"post_tag","embeddable":true,"href":"https:\/\/www.eldigitaldeasturias.com\/noticias\/wp-json\/wp\/v2\/tags?post=1056883"}],"curies":[{"name":"wp","href":"https:\/\/api.w.org\/{rel}","templated":true}]}}