{"id":1056833,"date":"2020-02-05T18:58:04","date_gmt":"2020-02-05T18:58:04","guid":{"rendered":"https:\/\/www.eldigitaldeasturias.com\/noticias\/?p=1056833"},"modified":"2020-02-05T18:58:04","modified_gmt":"2020-02-05T18:58:04","slug":"sane-sigue-queriendo-fichar-por-el-bayern-munich","status":"publish","type":"post","link":"https:\/\/www.eldigitaldeasturias.com\/noticias\/sane-sigue-queriendo-fichar-por-el-bayern-munich\/","title":{"rendered":"San\u00e9 sigue queriendo fichar por el Bayern M\u00fanich"},"content":{"rendered":"<p><img loading=\"lazy\" decoding=\"async\" class=\"alignleft size-medium wp-image-977427\" src=\"https:\/\/www.eldigitaldeasturias.com\/noticias\/wp-content\/uploads\/2018\/04\/arena-1181668_960_720-360x240.jpg\" alt=\"\" width=\"360\" height=\"240\" srcset=\"https:\/\/www.eldigitaldeasturias.com\/noticias\/wp-content\/uploads\/2018\/04\/arena-1181668_960_720-360x240.jpg 360w, https:\/\/www.eldigitaldeasturias.com\/noticias\/wp-content\/uploads\/2018\/04\/arena-1181668_960_720-450x300.jpg 450w, https:\/\/www.eldigitaldeasturias.com\/noticias\/wp-content\/uploads\/2018\/04\/arena-1181668_960_720-768x512.jpg 768w, https:\/\/www.eldigitaldeasturias.com\/noticias\/wp-content\/uploads\/2018\/04\/arena-1181668_960_720-690x460.jpg 690w, https:\/\/www.eldigitaldeasturias.com\/noticias\/wp-content\/uploads\/2018\/04\/arena-1181668_960_720-20x13.jpg 20w, https:\/\/www.eldigitaldeasturias.com\/noticias\/wp-content\/uploads\/2018\/04\/arena-1181668_960_720.jpg 960w\" sizes=\"auto, (max-width: 360px) 100vw, 360px\" \/>M\u00fanich, 5 feb (dpa) &#8211; El jugador alem\u00e1n del Manchester City Leroy San\u00e9 sigue interesado en ser traspasado al Bayern M\u00fanich, ya que seg\u00fan el diario \u00abSport Bild\u00bb el jugador tiene la intenci\u00f3n de alcanzar \u00abel nivel m\u00e1s alto\u00bb.<\/p>\n<p>De acuerdo a la informaci\u00f3n publicada hoy por el medio, las posibles negociaciones entre los clubes se habr\u00edan visto afectadas por el cambio de representantes del internacional germano. Seg\u00fan el rotativo, San\u00e9 es ahora representado por la agencia Lian Sports, en lugar de por la agencia del ex jugador David Beckham.<\/p>\n<p>El equipo de M\u00fanich ya quiso contratar a San\u00e9 a inicios de temporada. Sin embargo, el extremo se desgarr\u00f3 el ligamento cruzado derecho a principios de agosto y tuvo que ser operado. Desde entonces, ha estado trabajando en su regreso.<\/p>\n<p>Su contrato en Manchester se extiende hasta el verano de 2021. Antes de la lesi\u00f3n, se dice que el club entrenado por Pep Guardiola exigi\u00f3 una suma de 150 millones de euros (165 millones de d\u00f3lares) por su posible traspaso.<\/p>\n<p>&nbsp;<\/p>\n","protected":false},"excerpt":{"rendered":"<p>M\u00fanich, 5 feb (dpa) &#8211; El jugador alem\u00e1n del Manchester City Leroy San\u00e9 sigue interesado en ser traspasado al Bayern M\u00fanich, ya que seg\u00fan el diario \u00abSport Bild\u00bb el jugador tiene la intenci\u00f3n de alcanzar \u00abel nivel m\u00e1s alto\u00bb. De acuerdo a la informaci\u00f3n publicada hoy por el medio, las posibles negociaciones entre los clubes [&hellip;]<\/p>\n","protected":false},"author":1,"featured_media":977427,"comment_status":"closed","ping_status":"closed","sticky":false,"template":"","format":"standard","meta":{"footnotes":""},"categories":[190],"tags":[],"class_list":["post-1056833","post","type-post","status-publish","format-standard","has-post-thumbnail","hentry","category-deportes"],"aioseo_notices":[],"aioseo_head":"\n\t\t<!-- All in One SEO Pro 4.9.6.2 - aioseo.com -->\n\t<meta name=\"description\" content=\"M\u00fanich, 5 feb (dpa) - El jugador alem\u00e1n del Manchester City Leroy San\u00e9 sigue interesado en ser traspasado al Bayern M\u00fanich, ya que seg\u00fan el diario &quot;Sport Bild&quot; el jugador tiene la intenci\u00f3n de alcanzar &quot;el nivel m\u00e1s alto&quot;. De acuerdo a la informaci\u00f3n publicada hoy por el medio, las posibles negociaciones entre los clubes\" \/>\n\t<meta name=\"robots\" content=\"max-image-preview:large\" \/>\n\t<meta name=\"author\" content=\"El Digital de Asturias\"\/>\n\t<meta name=\"google-site-verification\" content=\"UA-38556648-1\" \/>\n\t<meta name=\"msvalidate.01\" content=\"7dfe9f3f1b24437ab69f4f2559babe99\" \/>\n\t<meta name=\"keywords\" content=\"deportes\" \/>\n\t<link rel=\"canonical\" href=\"https:\/\/www.eldigitaldeasturias.com\/noticias\/sane-sigue-queriendo-fichar-por-el-bayern-munich\/\" \/>\n\t<meta name=\"generator\" content=\"All in One SEO Pro (AIOSEO) 4.9.6.2\" \/>\n\t\t<meta property=\"og:locale\" content=\"es_ES\" \/>\n\t\t<meta property=\"og:site_name\" content=\"El Digital de Asturias\" \/>\n\t\t<meta property=\"og:type\" content=\"article\" \/>\n\t\t<meta property=\"og:title\" content=\"San\u00e9 sigue queriendo fichar por el Bayern M\u00fanich - El Digital de Asturias\" \/>\n\t\t<meta property=\"og:description\" content=\"M\u00fanich, 5 feb (dpa) - El jugador alem\u00e1n del Manchester City Leroy San\u00e9 sigue interesado en ser traspasado al Bayern M\u00fanich, ya que seg\u00fan el diario &quot;Sport Bild&quot; el jugador tiene la intenci\u00f3n de alcanzar &quot;el nivel m\u00e1s alto&quot;. De acuerdo a la informaci\u00f3n publicada hoy por el medio, las posibles negociaciones entre los clubes\" \/>\n\t\t<meta property=\"og:url\" content=\"https:\/\/www.eldigitaldeasturias.com\/noticias\/sane-sigue-queriendo-fichar-por-el-bayern-munich\/\" \/>\n\t\t<meta property=\"og:image\" content=\"https:\/\/www.eldigitaldeasturias.com\/noticias\/wp-content\/uploads\/2018\/04\/arena-1181668_960_720.jpg\" \/>\n\t\t<meta property=\"og:image:secure_url\" content=\"https:\/\/www.eldigitaldeasturias.com\/noticias\/wp-content\/uploads\/2018\/04\/arena-1181668_960_720.jpg\" \/>\n\t\t<meta property=\"og:image:width\" content=\"960\" \/>\n\t\t<meta property=\"og:image:height\" content=\"640\" \/>\n\t\t<meta property=\"article:tag\" content=\"deportes\" \/>\n\t\t<meta property=\"article:published_time\" content=\"2020-02-05T18:58:04+00:00\" \/>\n\t\t<meta property=\"article:modified_time\" content=\"2020-02-05T18:58:04+00:00\" \/>\n\t\t<meta property=\"article:publisher\" content=\"https:\/\/facebook.com\/eldigitaldeasturias\" \/>\n\t\t<meta name=\"twitter:card\" content=\"summary_large_image\" \/>\n\t\t<meta name=\"twitter:title\" content=\"San\u00e9 sigue queriendo fichar por el Bayern M\u00fanich - El Digital de Asturias\" \/>\n\t\t<meta name=\"twitter:description\" content=\"M\u00fanich, 5 feb (dpa) - El jugador alem\u00e1n del Manchester City Leroy San\u00e9 sigue interesado en ser traspasado al Bayern M\u00fanich, ya que seg\u00fan el diario &quot;Sport Bild&quot; el jugador tiene la intenci\u00f3n de alcanzar &quot;el nivel m\u00e1s alto&quot;. De acuerdo a la informaci\u00f3n publicada hoy por el medio, las posibles negociaciones entre los clubes\" \/>\n\t\t<meta name=\"twitter:image\" content=\"https:\/\/www.eldigitaldeasturias.com\/noticias\/wp-content\/uploads\/2018\/04\/arena-1181668_960_720.jpg\" \/>\n\t\t<meta name=\"twitter:label1\" content=\"Escrito por\" \/>\n\t\t<meta name=\"twitter:data1\" content=\"El Digital de Asturias\" \/>\n\t\t<meta name=\"twitter:label2\" content=\"Tiempo de lectura estimado\" \/>\n\t\t<meta name=\"twitter:data2\" content=\"1 minuto\" \/>\n\t\t<script type=\"application\/ld+json\" class=\"aioseo-schema\">\n\t\t\t{\"@context\":\"https:\\\/\\\/schema.org\",\"@graph\":[{\"@type\":\"BlogPosting\",\"@id\":\"https:\\\/\\\/www.eldigitaldeasturias.com\\\/noticias\\\/sane-sigue-queriendo-fichar-por-el-bayern-munich\\\/#blogposting\",\"name\":\"San\\u00e9 sigue queriendo fichar por el Bayern M\\u00fanich - El Digital de Asturias\",\"headline\":\"San\\u00e9 sigue queriendo fichar por el Bayern M\\u00fanich\",\"author\":{\"@id\":\"https:\\\/\\\/www.eldigitaldeasturias.com\\\/noticias\\\/author\\\/admin\\\/#author\"},\"publisher\":{\"@id\":\"https:\\\/\\\/www.eldigitaldeasturias.com\\\/noticias\\\/#organization\"},\"image\":{\"@type\":\"ImageObject\",\"url\":\"https:\\\/\\\/www.eldigitaldeasturias.com\\\/noticias\\\/wp-content\\\/uploads\\\/2018\\\/04\\\/arena-1181668_960_720.jpg\",\"width\":960,\"height\":640},\"datePublished\":\"2020-02-05T18:58:04+01:00\",\"dateModified\":\"2020-02-05T18:58:04+01:00\",\"inLanguage\":\"es-ES\",\"mainEntityOfPage\":{\"@id\":\"https:\\\/\\\/www.eldigitaldeasturias.com\\\/noticias\\\/sane-sigue-queriendo-fichar-por-el-bayern-munich\\\/#webpage\"},\"isPartOf\":{\"@id\":\"https:\\\/\\\/www.eldigitaldeasturias.com\\\/noticias\\\/sane-sigue-queriendo-fichar-por-el-bayern-munich\\\/#webpage\"},\"articleSection\":\"Deportes\"},{\"@type\":\"BreadcrumbList\",\"@id\":\"https:\\\/\\\/www.eldigitaldeasturias.com\\\/noticias\\\/sane-sigue-queriendo-fichar-por-el-bayern-munich\\\/#breadcrumblist\",\"itemListElement\":[{\"@type\":\"ListItem\",\"@id\":\"https:\\\/\\\/www.eldigitaldeasturias.com\\\/noticias#listItem\",\"position\":1,\"name\":\"Home\",\"item\":\"https:\\\/\\\/www.eldigitaldeasturias.com\\\/noticias\",\"nextItem\":{\"@type\":\"ListItem\",\"@id\":\"https:\\\/\\\/www.eldigitaldeasturias.com\\\/noticias\\\/category\\\/deportes\\\/#listItem\",\"name\":\"Deportes\"}},{\"@type\":\"ListItem\",\"@id\":\"https:\\\/\\\/www.eldigitaldeasturias.com\\\/noticias\\\/category\\\/deportes\\\/#listItem\",\"position\":2,\"name\":\"Deportes\",\"item\":\"https:\\\/\\\/www.eldigitaldeasturias.com\\\/noticias\\\/category\\\/deportes\\\/\",\"nextItem\":{\"@type\":\"ListItem\",\"@id\":\"https:\\\/\\\/www.eldigitaldeasturias.com\\\/noticias\\\/sane-sigue-queriendo-fichar-por-el-bayern-munich\\\/#listItem\",\"name\":\"San\\u00e9 sigue queriendo fichar por el Bayern M\\u00fanich\"},\"previousItem\":{\"@type\":\"ListItem\",\"@id\":\"https:\\\/\\\/www.eldigitaldeasturias.com\\\/noticias#listItem\",\"name\":\"Home\"}},{\"@type\":\"ListItem\",\"@id\":\"https:\\\/\\\/www.eldigitaldeasturias.com\\\/noticias\\\/sane-sigue-queriendo-fichar-por-el-bayern-munich\\\/#listItem\",\"position\":3,\"name\":\"San\\u00e9 sigue queriendo fichar por el Bayern M\\u00fanich\",\"previousItem\":{\"@type\":\"ListItem\",\"@id\":\"https:\\\/\\\/www.eldigitaldeasturias.com\\\/noticias\\\/category\\\/deportes\\\/#listItem\",\"name\":\"Deportes\"}}]},{\"@type\":\"Organization\",\"@id\":\"https:\\\/\\\/www.eldigitaldeasturias.com\\\/noticias\\\/#organization\",\"name\":\"El Digital de Asturias\",\"description\":\"Hemeroteca\",\"url\":\"https:\\\/\\\/www.eldigitaldeasturias.com\\\/noticias\\\/\",\"email\":\"info@eldigitaldeasturias.com\",\"telephone\":\"+34652131393\",\"logo\":{\"@type\":\"ImageObject\",\"url\":\"https:\\\/\\\/www.eldigitaldeasturias.com\\\/noticias\\\/wp-content\\\/uploads\\\/2020\\\/12\\\/EDA.jpg\",\"@id\":\"https:\\\/\\\/www.eldigitaldeasturias.com\\\/noticias\\\/sane-sigue-queriendo-fichar-por-el-bayern-munich\\\/#organizationLogo\",\"width\":649,\"height\":297},\"image\":{\"@id\":\"https:\\\/\\\/www.eldigitaldeasturias.com\\\/noticias\\\/sane-sigue-queriendo-fichar-por-el-bayern-munich\\\/#organizationLogo\"},\"sameAs\":[\"https:\\\/\\\/facebook.com\\\/eldigitaldeasturias\",\"https:\\\/\\\/www.youtube.com\\\/channel\\\/UCZP-2wLEB9Rv6erhFmqVnvg\"],\"address\":{\"@id\":\"https:\\\/\\\/www.eldigitaldeasturias.com\\\/noticias\\\/#postaladdress\",\"@type\":\"PostalAddress\",\"streetAddress\":\"san antonio 4,\",\"postalCode\":\"33430\",\"addressLocality\":\"Cand\\u00e1s\",\"addressRegion\":\"Asturias\",\"addressCountry\":\"ES\"}},{\"@type\":\"Person\",\"@id\":\"https:\\\/\\\/www.eldigitaldeasturias.com\\\/noticias\\\/author\\\/admin\\\/#author\",\"url\":\"https:\\\/\\\/www.eldigitaldeasturias.com\\\/noticias\\\/author\\\/admin\\\/\",\"name\":\"El Digital de Asturias\",\"image\":{\"@type\":\"ImageObject\",\"@id\":\"https:\\\/\\\/www.eldigitaldeasturias.com\\\/noticias\\\/sane-sigue-queriendo-fichar-por-el-bayern-munich\\\/#authorImage\",\"url\":\"https:\\\/\\\/www.eldigitaldeasturias.com\\\/noticias\\\/wp-content\\\/litespeed\\\/avatar\\\/18677e78aa0546b92d9dbf31ec7d7668.jpg?ver=1777290358\",\"width\":96,\"height\":96,\"caption\":\"El Digital de Asturias\"}},{\"@type\":\"WebPage\",\"@id\":\"https:\\\/\\\/www.eldigitaldeasturias.com\\\/noticias\\\/sane-sigue-queriendo-fichar-por-el-bayern-munich\\\/#webpage\",\"url\":\"https:\\\/\\\/www.eldigitaldeasturias.com\\\/noticias\\\/sane-sigue-queriendo-fichar-por-el-bayern-munich\\\/\",\"name\":\"San\\u00e9 sigue queriendo fichar por el Bayern M\\u00fanich - El Digital de Asturias\",\"description\":\"M\\u00fanich, 5 feb (dpa) - El jugador alem\\u00e1n del Manchester City Leroy San\\u00e9 sigue interesado en ser traspasado al Bayern M\\u00fanich, ya que seg\\u00fan el diario \\\"Sport Bild\\\" el jugador tiene la intenci\\u00f3n de alcanzar \\\"el nivel m\\u00e1s alto\\\". De acuerdo a la informaci\\u00f3n publicada hoy por el medio, las posibles negociaciones entre los clubes\",\"inLanguage\":\"es-ES\",\"isPartOf\":{\"@id\":\"https:\\\/\\\/www.eldigitaldeasturias.com\\\/noticias\\\/#website\"},\"breadcrumb\":{\"@id\":\"https:\\\/\\\/www.eldigitaldeasturias.com\\\/noticias\\\/sane-sigue-queriendo-fichar-por-el-bayern-munich\\\/#breadcrumblist\"},\"author\":{\"@id\":\"https:\\\/\\\/www.eldigitaldeasturias.com\\\/noticias\\\/author\\\/admin\\\/#author\"},\"creator\":{\"@id\":\"https:\\\/\\\/www.eldigitaldeasturias.com\\\/noticias\\\/author\\\/admin\\\/#author\"},\"image\":{\"@type\":\"ImageObject\",\"url\":\"https:\\\/\\\/www.eldigitaldeasturias.com\\\/noticias\\\/wp-content\\\/uploads\\\/2018\\\/04\\\/arena-1181668_960_720.jpg\",\"@id\":\"https:\\\/\\\/www.eldigitaldeasturias.com\\\/noticias\\\/sane-sigue-queriendo-fichar-por-el-bayern-munich\\\/#mainImage\",\"width\":960,\"height\":640},\"primaryImageOfPage\":{\"@id\":\"https:\\\/\\\/www.eldigitaldeasturias.com\\\/noticias\\\/sane-sigue-queriendo-fichar-por-el-bayern-munich\\\/#mainImage\"},\"datePublished\":\"2020-02-05T18:58:04+01:00\",\"dateModified\":\"2020-02-05T18:58:04+01:00\"},{\"@type\":\"WebSite\",\"@id\":\"https:\\\/\\\/www.eldigitaldeasturias.com\\\/noticias\\\/#website\",\"url\":\"https:\\\/\\\/www.eldigitaldeasturias.com\\\/noticias\\\/\",\"name\":\"El Digital de Asturias - Diario de actualidad y noticias\",\"alternateName\":\"El Digital de Asturias - Diario de actualidad y noticias\",\"description\":\"Hemeroteca\",\"inLanguage\":\"es-ES\",\"publisher\":{\"@id\":\"https:\\\/\\\/www.eldigitaldeasturias.com\\\/noticias\\\/#organization\"}}]}\n\t\t<\/script>\n\t\t<!-- All in One SEO Pro -->\r\n\t\t<title>San\u00e9 sigue queriendo fichar por el Bayern M\u00fanich - El Digital de Asturias<\/title>\n\n","aioseo_head_json":{"title":"San\u00e9 sigue queriendo fichar por el Bayern M\u00fanich - El Digital de Asturias","description":"M\u00fanich, 5 feb (dpa) - El jugador alem\u00e1n del Manchester City Leroy San\u00e9 sigue interesado en ser traspasado al Bayern M\u00fanich, ya que seg\u00fan el diario \"Sport Bild\" el jugador tiene la intenci\u00f3n de alcanzar \"el nivel m\u00e1s alto\". De acuerdo a la informaci\u00f3n publicada hoy por el medio, las posibles negociaciones entre los clubes","canonical_url":"https:\/\/www.eldigitaldeasturias.com\/noticias\/sane-sigue-queriendo-fichar-por-el-bayern-munich\/","robots":"max-image-preview:large","keywords":"deportes","webmasterTools":{"google-site-verification":"UA-38556648-1","msvalidate.01":"7dfe9f3f1b24437ab69f4f2559babe99","miscellaneous":""},"schema":{"@context":"https:\/\/schema.org","@graph":[{"@type":"BlogPosting","@id":"https:\/\/www.eldigitaldeasturias.com\/noticias\/sane-sigue-queriendo-fichar-por-el-bayern-munich\/#blogposting","name":"San\u00e9 sigue queriendo fichar por el Bayern M\u00fanich - El Digital de Asturias","headline":"San\u00e9 sigue queriendo fichar por el Bayern M\u00fanich","author":{"@id":"https:\/\/www.eldigitaldeasturias.com\/noticias\/author\/admin\/#author"},"publisher":{"@id":"https:\/\/www.eldigitaldeasturias.com\/noticias\/#organization"},"image":{"@type":"ImageObject","url":"https:\/\/www.eldigitaldeasturias.com\/noticias\/wp-content\/uploads\/2018\/04\/arena-1181668_960_720.jpg","width":960,"height":640},"datePublished":"2020-02-05T18:58:04+01:00","dateModified":"2020-02-05T18:58:04+01:00","inLanguage":"es-ES","mainEntityOfPage":{"@id":"https:\/\/www.eldigitaldeasturias.com\/noticias\/sane-sigue-queriendo-fichar-por-el-bayern-munich\/#webpage"},"isPartOf":{"@id":"https:\/\/www.eldigitaldeasturias.com\/noticias\/sane-sigue-queriendo-fichar-por-el-bayern-munich\/#webpage"},"articleSection":"Deportes"},{"@type":"BreadcrumbList","@id":"https:\/\/www.eldigitaldeasturias.com\/noticias\/sane-sigue-queriendo-fichar-por-el-bayern-munich\/#breadcrumblist","itemListElement":[{"@type":"ListItem","@id":"https:\/\/www.eldigitaldeasturias.com\/noticias#listItem","position":1,"name":"Home","item":"https:\/\/www.eldigitaldeasturias.com\/noticias","nextItem":{"@type":"ListItem","@id":"https:\/\/www.eldigitaldeasturias.com\/noticias\/category\/deportes\/#listItem","name":"Deportes"}},{"@type":"ListItem","@id":"https:\/\/www.eldigitaldeasturias.com\/noticias\/category\/deportes\/#listItem","position":2,"name":"Deportes","item":"https:\/\/www.eldigitaldeasturias.com\/noticias\/category\/deportes\/","nextItem":{"@type":"ListItem","@id":"https:\/\/www.eldigitaldeasturias.com\/noticias\/sane-sigue-queriendo-fichar-por-el-bayern-munich\/#listItem","name":"San\u00e9 sigue queriendo fichar por el Bayern M\u00fanich"},"previousItem":{"@type":"ListItem","@id":"https:\/\/www.eldigitaldeasturias.com\/noticias#listItem","name":"Home"}},{"@type":"ListItem","@id":"https:\/\/www.eldigitaldeasturias.com\/noticias\/sane-sigue-queriendo-fichar-por-el-bayern-munich\/#listItem","position":3,"name":"San\u00e9 sigue queriendo fichar por el Bayern M\u00fanich","previousItem":{"@type":"ListItem","@id":"https:\/\/www.eldigitaldeasturias.com\/noticias\/category\/deportes\/#listItem","name":"Deportes"}}]},{"@type":"Organization","@id":"https:\/\/www.eldigitaldeasturias.com\/noticias\/#organization","name":"El Digital de Asturias","description":"Hemeroteca","url":"https:\/\/www.eldigitaldeasturias.com\/noticias\/","email":"info@eldigitaldeasturias.com","telephone":"+34652131393","logo":{"@type":"ImageObject","url":"https:\/\/www.eldigitaldeasturias.com\/noticias\/wp-content\/uploads\/2020\/12\/EDA.jpg","@id":"https:\/\/www.eldigitaldeasturias.com\/noticias\/sane-sigue-queriendo-fichar-por-el-bayern-munich\/#organizationLogo","width":649,"height":297},"image":{"@id":"https:\/\/www.eldigitaldeasturias.com\/noticias\/sane-sigue-queriendo-fichar-por-el-bayern-munich\/#organizationLogo"},"sameAs":["https:\/\/facebook.com\/eldigitaldeasturias","https:\/\/www.youtube.com\/channel\/UCZP-2wLEB9Rv6erhFmqVnvg"],"address":{"@id":"https:\/\/www.eldigitaldeasturias.com\/noticias\/#postaladdress","@type":"PostalAddress","streetAddress":"san antonio 4,","postalCode":"33430","addressLocality":"Cand\u00e1s","addressRegion":"Asturias","addressCountry":"ES"}},{"@type":"Person","@id":"https:\/\/www.eldigitaldeasturias.com\/noticias\/author\/admin\/#author","url":"https:\/\/www.eldigitaldeasturias.com\/noticias\/author\/admin\/","name":"El Digital de Asturias","image":{"@type":"ImageObject","@id":"https:\/\/www.eldigitaldeasturias.com\/noticias\/sane-sigue-queriendo-fichar-por-el-bayern-munich\/#authorImage","url":"https:\/\/www.eldigitaldeasturias.com\/noticias\/wp-content\/litespeed\/avatar\/18677e78aa0546b92d9dbf31ec7d7668.jpg?ver=1777290358","width":96,"height":96,"caption":"El Digital de Asturias"}},{"@type":"WebPage","@id":"https:\/\/www.eldigitaldeasturias.com\/noticias\/sane-sigue-queriendo-fichar-por-el-bayern-munich\/#webpage","url":"https:\/\/www.eldigitaldeasturias.com\/noticias\/sane-sigue-queriendo-fichar-por-el-bayern-munich\/","name":"San\u00e9 sigue queriendo fichar por el Bayern M\u00fanich - El Digital de Asturias","description":"M\u00fanich, 5 feb (dpa) - El jugador alem\u00e1n del Manchester City Leroy San\u00e9 sigue interesado en ser traspasado al Bayern M\u00fanich, ya que seg\u00fan el diario \"Sport Bild\" el jugador tiene la intenci\u00f3n de alcanzar \"el nivel m\u00e1s alto\". De acuerdo a la informaci\u00f3n publicada hoy por el medio, las posibles negociaciones entre los clubes","inLanguage":"es-ES","isPartOf":{"@id":"https:\/\/www.eldigitaldeasturias.com\/noticias\/#website"},"breadcrumb":{"@id":"https:\/\/www.eldigitaldeasturias.com\/noticias\/sane-sigue-queriendo-fichar-por-el-bayern-munich\/#breadcrumblist"},"author":{"@id":"https:\/\/www.eldigitaldeasturias.com\/noticias\/author\/admin\/#author"},"creator":{"@id":"https:\/\/www.eldigitaldeasturias.com\/noticias\/author\/admin\/#author"},"image":{"@type":"ImageObject","url":"https:\/\/www.eldigitaldeasturias.com\/noticias\/wp-content\/uploads\/2018\/04\/arena-1181668_960_720.jpg","@id":"https:\/\/www.eldigitaldeasturias.com\/noticias\/sane-sigue-queriendo-fichar-por-el-bayern-munich\/#mainImage","width":960,"height":640},"primaryImageOfPage":{"@id":"https:\/\/www.eldigitaldeasturias.com\/noticias\/sane-sigue-queriendo-fichar-por-el-bayern-munich\/#mainImage"},"datePublished":"2020-02-05T18:58:04+01:00","dateModified":"2020-02-05T18:58:04+01:00"},{"@type":"WebSite","@id":"https:\/\/www.eldigitaldeasturias.com\/noticias\/#website","url":"https:\/\/www.eldigitaldeasturias.com\/noticias\/","name":"El Digital de Asturias - Diario de actualidad y noticias","alternateName":"El Digital de Asturias - Diario de actualidad y noticias","description":"Hemeroteca","inLanguage":"es-ES","publisher":{"@id":"https:\/\/www.eldigitaldeasturias.com\/noticias\/#organization"}}]},"og:locale":"es_ES","og:site_name":"El Digital de Asturias","og:type":"article","og:title":"San\u00e9 sigue queriendo fichar por el Bayern M\u00fanich - El Digital de Asturias","og:description":"M\u00fanich, 5 feb (dpa) - El jugador alem\u00e1n del Manchester City Leroy San\u00e9 sigue interesado en ser traspasado al Bayern M\u00fanich, ya que seg\u00fan el diario &quot;Sport Bild&quot; el jugador tiene la intenci\u00f3n de alcanzar &quot;el nivel m\u00e1s alto&quot;. De acuerdo a la informaci\u00f3n publicada hoy por el medio, las posibles negociaciones entre los clubes","og:url":"https:\/\/www.eldigitaldeasturias.com\/noticias\/sane-sigue-queriendo-fichar-por-el-bayern-munich\/","og:image":"https:\/\/www.eldigitaldeasturias.com\/noticias\/wp-content\/uploads\/2018\/04\/arena-1181668_960_720.jpg","og:image:secure_url":"https:\/\/www.eldigitaldeasturias.com\/noticias\/wp-content\/uploads\/2018\/04\/arena-1181668_960_720.jpg","og:image:width":960,"og:image:height":640,"article:tag":["deportes"],"article:published_time":"2020-02-05T18:58:04+00:00","article:modified_time":"2020-02-05T18:58:04+00:00","article:publisher":"https:\/\/facebook.com\/eldigitaldeasturias","twitter:card":"summary_large_image","twitter:title":"San\u00e9 sigue queriendo fichar por el Bayern M\u00fanich - El Digital de Asturias","twitter:description":"M\u00fanich, 5 feb (dpa) - El jugador alem\u00e1n del Manchester City Leroy San\u00e9 sigue interesado en ser traspasado al Bayern M\u00fanich, ya que seg\u00fan el diario &quot;Sport Bild&quot; el jugador tiene la intenci\u00f3n de alcanzar &quot;el nivel m\u00e1s alto&quot;. De acuerdo a la informaci\u00f3n publicada hoy por el medio, las posibles negociaciones entre los clubes","twitter:image":"https:\/\/www.eldigitaldeasturias.com\/noticias\/wp-content\/uploads\/2018\/04\/arena-1181668_960_720.jpg","twitter:label1":"Escrito por","twitter:data1":"El Digital de Asturias","twitter:label2":"Tiempo de lectura estimado","twitter:data2":"1 minuto"},"aioseo_meta_data":{"post_id":"1056833","title":null,"description":null,"keywords":null,"keyphrases":null,"primary_term":null,"canonical_url":null,"og_title":null,"og_description":null,"og_object_type":"default","og_image_type":"default","og_image_url":null,"og_image_width":null,"og_image_height":null,"og_image_custom_url":null,"og_image_custom_fields":null,"og_video":null,"og_custom_url":null,"og_article_section":null,"og_article_tags":null,"twitter_use_og":false,"twitter_card":"default","twitter_image_type":"default","twitter_image_url":null,"twitter_image_custom_url":null,"twitter_image_custom_fields":null,"twitter_title":null,"twitter_description":null,"schema":{"blockGraphs":[],"customGraphs":[],"default":{"data":{"Article":[],"Course":[],"Dataset":[],"FAQPage":[],"Movie":[],"Person":[],"Product":[],"ProductReview":[],"Car":[],"Recipe":[],"Service":[],"SoftwareApplication":[],"WebPage":[]},"graphName":"","isEnabled":true},"graphs":[],"defaultGraph":"","defaultPostTypeGraph":""},"schema_type":null,"schema_type_options":null,"pillar_content":false,"robots_default":true,"robots_noindex":false,"robots_noarchive":false,"robots_nosnippet":false,"robots_nofollow":false,"robots_noimageindex":false,"robots_noodp":false,"robots_notranslate":false,"robots_max_snippet":null,"robots_max_videopreview":null,"robots_max_imagepreview":"large","priority":null,"frequency":null,"local_seo":null,"seo_analyzer_scan_date":"2025-10-30 23:46:38","breadcrumb_settings":null,"limit_modified_date":false,"open_ai":null,"ai":null,"created":"2020-12-21 10:55:43","updated":"2025-10-30 23:46:38"},"aioseo_breadcrumb":"<div class=\"aioseo-breadcrumbs\"><span class=\"aioseo-breadcrumb\">\n\t<a href=\"https:\/\/www.eldigitaldeasturias.com\/noticias\" title=\"Home\">Home<\/a>\n<\/span><span class=\"aioseo-breadcrumb-separator\">\u2013<\/span><span class=\"aioseo-breadcrumb\">\n\t<a href=\"https:\/\/www.eldigitaldeasturias.com\/noticias\/category\/deportes\/\" title=\"Deportes\">Deportes<\/a>\n<\/span><span class=\"aioseo-breadcrumb-separator\">\u2013<\/span><span class=\"aioseo-breadcrumb\">\n\t<a href=\"https:\/\/www.eldigitaldeasturias.com\/noticias\/sane-sigue-queriendo-fichar-por-el-bayern-munich\/\" title=\"San\u00e9 sigue queriendo fichar por el Bayern M\u00fanich\">San\u00e9 sigue queriendo fichar por el Bayern M\u00fanich<\/a>\n<\/span><\/div>","aioseo_breadcrumb_json":[{"label":"Home","link":"https:\/\/www.eldigitaldeasturias.com\/noticias"},{"label":"Deportes","link":"https:\/\/www.eldigitaldeasturias.com\/noticias\/category\/deportes\/"},{"label":"San\u00e9 sigue queriendo fichar por el Bayern M\u00fanich","link":"https:\/\/www.eldigitaldeasturias.com\/noticias\/sane-sigue-queriendo-fichar-por-el-bayern-munich\/"}],"_links":{"self":[{"href":"https:\/\/www.eldigitaldeasturias.com\/noticias\/wp-json\/wp\/v2\/posts\/1056833","targetHints":{"allow":["GET"]}}],"collection":[{"href":"https:\/\/www.eldigitaldeasturias.com\/noticias\/wp-json\/wp\/v2\/posts"}],"about":[{"href":"https:\/\/www.eldigitaldeasturias.com\/noticias\/wp-json\/wp\/v2\/types\/post"}],"author":[{"embeddable":true,"href":"https:\/\/www.eldigitaldeasturias.com\/noticias\/wp-json\/wp\/v2\/users\/1"}],"replies":[{"embeddable":true,"href":"https:\/\/www.eldigitaldeasturias.com\/noticias\/wp-json\/wp\/v2\/comments?post=1056833"}],"version-history":[{"count":0,"href":"https:\/\/www.eldigitaldeasturias.com\/noticias\/wp-json\/wp\/v2\/posts\/1056833\/revisions"}],"wp:featuredmedia":[{"embeddable":true,"href":"https:\/\/www.eldigitaldeasturias.com\/noticias\/wp-json\/wp\/v2\/media\/977427"}],"wp:attachment":[{"href":"https:\/\/www.eldigitaldeasturias.com\/noticias\/wp-json\/wp\/v2\/media?parent=1056833"}],"wp:term":[{"taxonomy":"category","embeddable":true,"href":"https:\/\/www.eldigitaldeasturias.com\/noticias\/wp-json\/wp\/v2\/categories?post=1056833"},{"taxonomy":"post_tag","embeddable":true,"href":"https:\/\/www.eldigitaldeasturias.com\/noticias\/wp-json\/wp\/v2\/tags?post=1056833"}],"curies":[{"name":"wp","href":"https:\/\/api.w.org\/{rel}","templated":true}]}}