{"id":1056763,"date":"2020-02-05T17:13:04","date_gmt":"2020-02-05T17:13:04","guid":{"rendered":"https:\/\/www.eldigitaldeasturias.com\/noticias\/?p=1056763"},"modified":"2020-02-05T17:13:04","modified_gmt":"2020-02-05T17:13:04","slug":"la-comision-presenta-un-examen-de-la-gobernanza-economica-de-la-ue","status":"publish","type":"post","link":"https:\/\/www.eldigitaldeasturias.com\/noticias\/la-comision-presenta-un-examen-de-la-gobernanza-economica-de-la-ue\/","title":{"rendered":"La Comisi\u00f3n presenta un examen de la gobernanza econ\u00f3mica de la UE"},"content":{"rendered":"<p><img loading=\"lazy\" decoding=\"async\" class=\"alignleft size-medium wp-image-983320\" src=\"https:\/\/www.eldigitaldeasturias.com\/noticias\/wp-content\/uploads\/2018\/06\/blue-1283011_960_720-360x252.jpg\" alt=\"\" width=\"360\" height=\"252\" srcset=\"https:\/\/www.eldigitaldeasturias.com\/noticias\/wp-content\/uploads\/2018\/06\/blue-1283011_960_720-360x252.jpg 360w, https:\/\/www.eldigitaldeasturias.com\/noticias\/wp-content\/uploads\/2018\/06\/blue-1283011_960_720-429x300.jpg 429w, https:\/\/www.eldigitaldeasturias.com\/noticias\/wp-content\/uploads\/2018\/06\/blue-1283011_960_720-768x537.jpg 768w, https:\/\/www.eldigitaldeasturias.com\/noticias\/wp-content\/uploads\/2018\/06\/blue-1283011_960_720-687x480.jpg 687w, https:\/\/www.eldigitaldeasturias.com\/noticias\/wp-content\/uploads\/2018\/06\/blue-1283011_960_720-20x14.jpg 20w, https:\/\/www.eldigitaldeasturias.com\/noticias\/wp-content\/uploads\/2018\/06\/blue-1283011_960_720.jpg 960w\" sizes=\"auto, (max-width: 360px) 100vw, 360px\" \/>La Comisi\u00f3n presenta hoy un examen de la eficacia del marco de supervisi\u00f3n econ\u00f3mica y abre un debate p\u00fablico sobre su futuro.<\/p>\n<p>El marco de supervisi\u00f3n econ\u00f3mica de la UE ha guiado a los Estados miembros en la consecuci\u00f3n de sus objetivos de pol\u00edtica econ\u00f3mica y presupuestaria. Ha contribuido a que se logre una coordinaci\u00f3n m\u00e1s estrecha de las pol\u00edticas econ\u00f3micas, se traten los desequilibrios macroecon\u00f3micos y se reduzcan el d\u00e9ficit p\u00fablico y los niveles de deuda. Ha Creado las condiciones para un crecimiento sostenible y la consecuci\u00f3n de la estrategia de la Uni\u00f3n en favor del crecimiento y el empleo. Sin embargo, persisten algunos puntos vulnerables y el marco presupuestario se ha vuelto cada vez m\u00e1s complejo, lo que dificulta su aceptaci\u00f3n.<\/p>\n<p>Adem\u00e1s, la UE se enfrenta a un contexto econ\u00f3mico que ha cambiado considerablemente desde que se establecieron las normas.<\/p>\n<p>El inicio de un nuevo ciclo pol\u00edtico en la Uni\u00f3n es un momento oportuno y adecuado para evaluar la eficacia del marco actual de supervisi\u00f3n econ\u00f3mica y presupuestaria, especialmente los paquetes de seis medidas y de dos medidas de gobernanza econ\u00f3mica, sobre cuya aplicaci\u00f3n debe informar la Comisi\u00f3n.<\/p>\n<p>Valdis\u00a0<strong>Dombrovskis<\/strong>, vicepresidente ejecutivo responsable de Una Econom\u00eda al Servicio de las Personas, ha declarado:\u00a0<em>\u00abNuestras reglas presupuestarias comunes son esenciales para la estabilidad de nuestras econom\u00edas y de la zona del euro. Garantizar la estabilidad financiera es una condici\u00f3n previa para el crecimiento econ\u00f3mico y la creaci\u00f3n de empleo. Tambi\u00e9n son vitales para generar confianza entre los Estados miembros de cara a ulteriores avances en la profundizaci\u00f3n de la uni\u00f3n econ\u00f3mica y monetaria. Nuestras reglas han evolucionado considerablemente desde que se establecieron por primera vez y han arrojado resultados positivos, pero hoy en d\u00eda se consideran demasiado complejas y dif\u00edciles de comunicar. Por ello, esperamos con inter\u00e9s un debate abierto sobre lo que ha funcionado y lo que no, y sobre la manera de alcanzar un consenso para racionalizar las normas y hacerlas a\u00fan m\u00e1s eficaces\u00bb.<\/em><\/p>\n<p>Paolo\u00a0<strong>Gentiloni<\/strong>, comisario de Econom\u00eda, ha declarado:\u00a0<em>\u00abLas pol\u00edticas econ\u00f3micas europeas deben abordar los desaf\u00edos a los que nos enfrentamos hoy en d\u00eda, que claramente no son los mismos que los de hace una d\u00e9cada. La estabilidad sigue siendo un objetivo clave, pero urge asimismo apoyar el crecimiento y, en especial, movilizar las enormes inversiones necesarias para hacer frente al cambio clim\u00e1tico. Tambi\u00e9n debemos permitir m\u00e1s pol\u00edticas presupuestarias antic\u00edclicas, habida cuenta de las crecientes dificultades a las que se enfrenta el BCE. Por \u00faltimo, la complejidad de nuestras normas hace m\u00e1s dif\u00edcil explicar a nuestros ciudadanos lo que dice \u00abBruselas\u00bb, y eso es algo que ninguno de nosotros deber\u00eda aceptar. Espero con inter\u00e9s un aut\u00e9ntico debate sobre estas cuestiones en los pr\u00f3ximos meses\u00bb.<\/em><\/p>\n<p><strong>Un contexto econ\u00f3mico cambiante y nuevos desaf\u00edos<\/strong><\/p>\n<p>El marco de gobernanza econ\u00f3mica ha evolucionado a lo largo del tiempo, introduci\u00e9ndose cambios para responder a la aparici\u00f3n de nuevos retos econ\u00f3micos.<\/p>\n<p>Los paquetes de seis medidas y de dos medidas de gobernanza econ\u00f3mica se introdujeron para tratar los puntos vulnerables sacados a la luz por la crisis econ\u00f3mica y financiera. Desde entonces, el contexto econ\u00f3mico ha evolucionado sustancialmente. La econom\u00eda europea ha experimentado siete a\u00f1os de crecimiento consecutivos. Ning\u00fan Estado miembro est\u00e1 sujeto ahora al componente corrector del Pacto de Estabilidad y Crecimiento, el llamado procedimiento de d\u00e9ficit excesivo, frente a 24 en 2011. Sin embargo, el potencial de crecimiento de muchos Estados miembros no se ha recuperado hasta los niveles anteriores a la crisis y en otros la deuda p\u00fablica sigue siendo elevada. El impulso de las reformas se ha desvanecido y los progresos son desiguales dependiendo de los pa\u00edses y de los \u00e1mbitos pol\u00edticos.<\/p>\n<p>Mientras tanto, Europa aspira a convertirse en el primer continente clim\u00e1ticamente neutro y a aprovechar las nuevas oportunidades de la era digital, tal como se establece en la Estrategia anual de crecimiento sostenible.<\/p>\n<p><strong>Evaluaci\u00f3n del marco de gobernanza econ\u00f3mica europea<\/strong><\/p>\n<p>El examen tiene por objeto evaluar la eficacia de los distintos instrumentos de supervisi\u00f3n a la hora de alcanzar tres objetivos clave:<\/p>\n<ul type=\"disc\">\n<li class=\"x_MsoNormal\">garantizar la sostenibilidad de las finanzas p\u00fablicas y el crecimiento econ\u00f3mico, evitando los desequilibrios macroecon\u00f3micos;<\/li>\n<li class=\"x_MsoNormal\">permitir una coordinaci\u00f3n m\u00e1s estrecha de las pol\u00edticas econ\u00f3micas; y<\/li>\n<li class=\"x_MsoNormal\">fomentar la convergencia en los resultados econ\u00f3micos de los Estados miembros.<\/li>\n<\/ul>\n<p>El examen llega a la conclusi\u00f3n de que el marco de supervisi\u00f3n ha ayudado a corregir los desequilibrios macroecon\u00f3micos existentes y a reducir la deuda p\u00fablica. Esto, a su vez, ha contribuido a crear las condiciones necesarias para el crecimiento sostenible, el refuerzo de la resiliencia y la reducci\u00f3n de la vulnerabilidad ante las perturbaciones econ\u00f3micas.<\/p>\n<p>Tambi\u00e9n ha promovido una convergencia sostenida de los resultados econ\u00f3micos de los Estados miembros y una coordinaci\u00f3n m\u00e1s estrecha de las pol\u00edticas presupuestarias dentro de la zona del euro.<\/p>\n<p>Al mismo tiempo, la deuda p\u00fablica sigue siendo elevada en algunos Estados miembros y la orientaci\u00f3n presupuestaria a nivel nacional ha sido a menudo proc\u00edclica. Adem\u00e1s, la composici\u00f3n de las finanzas p\u00fablicas no se ha hecho m\u00e1s favorable al crecimiento, y los Estados miembros han optado sistem\u00e1ticamente por aumentar el gasto corriente en lugar de proteger la inversi\u00f3n.<\/p>\n<p>El examen tambi\u00e9n llega a la conclusi\u00f3n de que el marco presupuestario se ha vuelto excesivamente complejo como consecuencia de la necesidad de atender a una amplia variedad de circunstancias cambiantes, persiguiendo al mismo tiempo m\u00faltiples objetivos. Esta complejidad hace que el marco sea menos transparente y previsible, lo que dificulta la comunicaci\u00f3n y la implicaci\u00f3n pol\u00edtica.<\/p>\n<p><strong>Un debate inclusivo<\/strong><\/p>\n<p>Para que la supervisi\u00f3n econ\u00f3mica sea eficaz en la UE resulta crucial un alto grado de consenso y de confianza entre todas las partes interesadas fundamentales. Por todo ello, la Comisi\u00f3n invita a las partes interesadas, incluidas las dem\u00e1s instituciones europeas, las autoridades nacionales, los interlocutores sociales y el mundo acad\u00e9mico, a participar en el debate a fin de dar a conocer sus opiniones sobre la forma en que ha funcionado hasta ahora el marco de gobernanza econ\u00f3mica y sobre las posibles maneras de mejorar su eficacia.<\/p>\n<p>Este di\u00e1logo tendr\u00e1 lugar a trav\u00e9s de diversos medios, tales como reuniones, talleres y una plataforma de consulta en l\u00ednea al efecto.<\/p>\n<p>La Comisi\u00f3n tendr\u00e1 en cuenta las opiniones de las partes interesadas y el resultado de estas consultas cuando complete sus reflexiones internas sobre posibles medidas futuras.<\/p>\n<p>Este proceso deber\u00eda concluir a finales de 2020.<\/p>\n<p>&nbsp;<\/p>\n","protected":false},"excerpt":{"rendered":"<p>La Comisi\u00f3n presenta hoy un examen de la eficacia del marco de supervisi\u00f3n econ\u00f3mica y abre un debate p\u00fablico sobre su futuro. El marco de supervisi\u00f3n econ\u00f3mica de la UE ha guiado a los Estados miembros en la consecuci\u00f3n de sus objetivos de pol\u00edtica econ\u00f3mica y presupuestaria. Ha contribuido a que se logre una coordinaci\u00f3n [&hellip;]<\/p>\n","protected":false},"author":1,"featured_media":983320,"comment_status":"closed","ping_status":"closed","sticky":false,"template":"","format":"standard","meta":{"footnotes":""},"categories":[187],"tags":[],"class_list":["post-1056763","post","type-post","status-publish","format-standard","has-post-thumbnail","hentry","category-economia"],"aioseo_notices":[],"aioseo_head":"\n\t\t<!-- All in One SEO Pro 4.9.6.2 - aioseo.com -->\n\t<meta name=\"description\" content=\"La Comisi\u00f3n presenta hoy un examen de la eficacia del marco de supervisi\u00f3n econ\u00f3mica y abre un debate p\u00fablico sobre su futuro. El marco de supervisi\u00f3n econ\u00f3mica de la UE ha guiado a los Estados miembros en la consecuci\u00f3n de sus objetivos de pol\u00edtica econ\u00f3mica y presupuestaria. Ha contribuido a que se logre una coordinaci\u00f3n\" \/>\n\t<meta name=\"robots\" content=\"max-image-preview:large\" \/>\n\t<meta name=\"author\" content=\"El Digital de Asturias\"\/>\n\t<meta name=\"google-site-verification\" content=\"UA-38556648-1\" \/>\n\t<meta name=\"msvalidate.01\" content=\"7dfe9f3f1b24437ab69f4f2559babe99\" \/>\n\t<meta name=\"keywords\" content=\"econom\u00eda\" \/>\n\t<link rel=\"canonical\" href=\"https:\/\/www.eldigitaldeasturias.com\/noticias\/la-comision-presenta-un-examen-de-la-gobernanza-economica-de-la-ue\/\" \/>\n\t<meta name=\"generator\" content=\"All in One SEO Pro (AIOSEO) 4.9.6.2\" \/>\n\t\t<meta property=\"og:locale\" content=\"es_ES\" \/>\n\t\t<meta property=\"og:site_name\" content=\"El Digital de Asturias\" \/>\n\t\t<meta property=\"og:type\" content=\"article\" \/>\n\t\t<meta property=\"og:title\" content=\"La Comisi\u00f3n presenta un examen de la gobernanza econ\u00f3mica de la UE - El Digital de Asturias\" \/>\n\t\t<meta property=\"og:description\" content=\"La Comisi\u00f3n presenta hoy un examen de la eficacia del marco de supervisi\u00f3n econ\u00f3mica y abre un debate p\u00fablico sobre su futuro. El marco de supervisi\u00f3n econ\u00f3mica de la UE ha guiado a los Estados miembros en la consecuci\u00f3n de sus objetivos de pol\u00edtica econ\u00f3mica y presupuestaria. Ha contribuido a que se logre una coordinaci\u00f3n\" \/>\n\t\t<meta property=\"og:url\" content=\"https:\/\/www.eldigitaldeasturias.com\/noticias\/la-comision-presenta-un-examen-de-la-gobernanza-economica-de-la-ue\/\" \/>\n\t\t<meta property=\"og:image\" content=\"https:\/\/www.eldigitaldeasturias.com\/noticias\/wp-content\/uploads\/2018\/06\/blue-1283011_960_720.jpg\" \/>\n\t\t<meta property=\"og:image:secure_url\" content=\"https:\/\/www.eldigitaldeasturias.com\/noticias\/wp-content\/uploads\/2018\/06\/blue-1283011_960_720.jpg\" \/>\n\t\t<meta property=\"og:image:width\" content=\"960\" \/>\n\t\t<meta property=\"og:image:height\" content=\"671\" \/>\n\t\t<meta property=\"article:tag\" content=\"econom\u00eda\" \/>\n\t\t<meta property=\"article:published_time\" content=\"2020-02-05T17:13:04+00:00\" \/>\n\t\t<meta property=\"article:modified_time\" content=\"2020-02-05T17:13:04+00:00\" \/>\n\t\t<meta property=\"article:publisher\" content=\"https:\/\/facebook.com\/eldigitaldeasturias\" \/>\n\t\t<meta name=\"twitter:card\" content=\"summary_large_image\" \/>\n\t\t<meta name=\"twitter:title\" content=\"La Comisi\u00f3n presenta un examen de la gobernanza econ\u00f3mica de la UE - El Digital de Asturias\" \/>\n\t\t<meta name=\"twitter:description\" content=\"La Comisi\u00f3n presenta hoy un examen de la eficacia del marco de supervisi\u00f3n econ\u00f3mica y abre un debate p\u00fablico sobre su futuro. El marco de supervisi\u00f3n econ\u00f3mica de la UE ha guiado a los Estados miembros en la consecuci\u00f3n de sus objetivos de pol\u00edtica econ\u00f3mica y presupuestaria. Ha contribuido a que se logre una coordinaci\u00f3n\" \/>\n\t\t<meta name=\"twitter:image\" content=\"https:\/\/www.eldigitaldeasturias.com\/noticias\/wp-content\/uploads\/2018\/06\/blue-1283011_960_720.jpg\" \/>\n\t\t<meta name=\"twitter:label1\" content=\"Escrito por\" \/>\n\t\t<meta name=\"twitter:data1\" content=\"El Digital de Asturias\" \/>\n\t\t<meta name=\"twitter:label2\" content=\"Tiempo de lectura estimado\" \/>\n\t\t<meta name=\"twitter:data2\" content=\"6 minutos\" \/>\n\t\t<script type=\"application\/ld+json\" class=\"aioseo-schema\">\n\t\t\t{\"@context\":\"https:\\\/\\\/schema.org\",\"@graph\":[{\"@type\":\"BlogPosting\",\"@id\":\"https:\\\/\\\/www.eldigitaldeasturias.com\\\/noticias\\\/la-comision-presenta-un-examen-de-la-gobernanza-economica-de-la-ue\\\/#blogposting\",\"name\":\"La Comisi\\u00f3n presenta un examen de la gobernanza econ\\u00f3mica de la UE - El Digital de Asturias\",\"headline\":\"La Comisi\\u00f3n presenta un examen de la gobernanza econ\\u00f3mica de la UE\",\"author\":{\"@id\":\"https:\\\/\\\/www.eldigitaldeasturias.com\\\/noticias\\\/author\\\/admin\\\/#author\"},\"publisher\":{\"@id\":\"https:\\\/\\\/www.eldigitaldeasturias.com\\\/noticias\\\/#organization\"},\"image\":{\"@type\":\"ImageObject\",\"url\":\"https:\\\/\\\/www.eldigitaldeasturias.com\\\/noticias\\\/wp-content\\\/uploads\\\/2018\\\/06\\\/blue-1283011_960_720.jpg\",\"width\":960,\"height\":671},\"datePublished\":\"2020-02-05T17:13:04+01:00\",\"dateModified\":\"2020-02-05T17:13:04+01:00\",\"inLanguage\":\"es-ES\",\"mainEntityOfPage\":{\"@id\":\"https:\\\/\\\/www.eldigitaldeasturias.com\\\/noticias\\\/la-comision-presenta-un-examen-de-la-gobernanza-economica-de-la-ue\\\/#webpage\"},\"isPartOf\":{\"@id\":\"https:\\\/\\\/www.eldigitaldeasturias.com\\\/noticias\\\/la-comision-presenta-un-examen-de-la-gobernanza-economica-de-la-ue\\\/#webpage\"},\"articleSection\":\"Econom\\u00eda\"},{\"@type\":\"BreadcrumbList\",\"@id\":\"https:\\\/\\\/www.eldigitaldeasturias.com\\\/noticias\\\/la-comision-presenta-un-examen-de-la-gobernanza-economica-de-la-ue\\\/#breadcrumblist\",\"itemListElement\":[{\"@type\":\"ListItem\",\"@id\":\"https:\\\/\\\/www.eldigitaldeasturias.com\\\/noticias#listItem\",\"position\":1,\"name\":\"Home\",\"item\":\"https:\\\/\\\/www.eldigitaldeasturias.com\\\/noticias\",\"nextItem\":{\"@type\":\"ListItem\",\"@id\":\"https:\\\/\\\/www.eldigitaldeasturias.com\\\/noticias\\\/category\\\/economia\\\/#listItem\",\"name\":\"Econom\\u00eda\"}},{\"@type\":\"ListItem\",\"@id\":\"https:\\\/\\\/www.eldigitaldeasturias.com\\\/noticias\\\/category\\\/economia\\\/#listItem\",\"position\":2,\"name\":\"Econom\\u00eda\",\"item\":\"https:\\\/\\\/www.eldigitaldeasturias.com\\\/noticias\\\/category\\\/economia\\\/\",\"nextItem\":{\"@type\":\"ListItem\",\"@id\":\"https:\\\/\\\/www.eldigitaldeasturias.com\\\/noticias\\\/la-comision-presenta-un-examen-de-la-gobernanza-economica-de-la-ue\\\/#listItem\",\"name\":\"La Comisi\\u00f3n presenta un examen de la gobernanza econ\\u00f3mica de la UE\"},\"previousItem\":{\"@type\":\"ListItem\",\"@id\":\"https:\\\/\\\/www.eldigitaldeasturias.com\\\/noticias#listItem\",\"name\":\"Home\"}},{\"@type\":\"ListItem\",\"@id\":\"https:\\\/\\\/www.eldigitaldeasturias.com\\\/noticias\\\/la-comision-presenta-un-examen-de-la-gobernanza-economica-de-la-ue\\\/#listItem\",\"position\":3,\"name\":\"La Comisi\\u00f3n presenta un examen de la gobernanza econ\\u00f3mica de la UE\",\"previousItem\":{\"@type\":\"ListItem\",\"@id\":\"https:\\\/\\\/www.eldigitaldeasturias.com\\\/noticias\\\/category\\\/economia\\\/#listItem\",\"name\":\"Econom\\u00eda\"}}]},{\"@type\":\"Organization\",\"@id\":\"https:\\\/\\\/www.eldigitaldeasturias.com\\\/noticias\\\/#organization\",\"name\":\"El Digital de Asturias\",\"description\":\"Hemeroteca\",\"url\":\"https:\\\/\\\/www.eldigitaldeasturias.com\\\/noticias\\\/\",\"email\":\"info@eldigitaldeasturias.com\",\"telephone\":\"+34652131393\",\"logo\":{\"@type\":\"ImageObject\",\"url\":\"https:\\\/\\\/www.eldigitaldeasturias.com\\\/noticias\\\/wp-content\\\/uploads\\\/2020\\\/12\\\/EDA.jpg\",\"@id\":\"https:\\\/\\\/www.eldigitaldeasturias.com\\\/noticias\\\/la-comision-presenta-un-examen-de-la-gobernanza-economica-de-la-ue\\\/#organizationLogo\",\"width\":649,\"height\":297},\"image\":{\"@id\":\"https:\\\/\\\/www.eldigitaldeasturias.com\\\/noticias\\\/la-comision-presenta-un-examen-de-la-gobernanza-economica-de-la-ue\\\/#organizationLogo\"},\"sameAs\":[\"https:\\\/\\\/facebook.com\\\/eldigitaldeasturias\",\"https:\\\/\\\/www.youtube.com\\\/channel\\\/UCZP-2wLEB9Rv6erhFmqVnvg\"],\"address\":{\"@id\":\"https:\\\/\\\/www.eldigitaldeasturias.com\\\/noticias\\\/#postaladdress\",\"@type\":\"PostalAddress\",\"streetAddress\":\"san antonio 4,\",\"postalCode\":\"33430\",\"addressLocality\":\"Cand\\u00e1s\",\"addressRegion\":\"Asturias\",\"addressCountry\":\"ES\"}},{\"@type\":\"Person\",\"@id\":\"https:\\\/\\\/www.eldigitaldeasturias.com\\\/noticias\\\/author\\\/admin\\\/#author\",\"url\":\"https:\\\/\\\/www.eldigitaldeasturias.com\\\/noticias\\\/author\\\/admin\\\/\",\"name\":\"El Digital de Asturias\",\"image\":{\"@type\":\"ImageObject\",\"@id\":\"https:\\\/\\\/www.eldigitaldeasturias.com\\\/noticias\\\/la-comision-presenta-un-examen-de-la-gobernanza-economica-de-la-ue\\\/#authorImage\",\"url\":\"https:\\\/\\\/www.eldigitaldeasturias.com\\\/noticias\\\/wp-content\\\/litespeed\\\/avatar\\\/18677e78aa0546b92d9dbf31ec7d7668.jpg?ver=1776685526\",\"width\":96,\"height\":96,\"caption\":\"El Digital de Asturias\"}},{\"@type\":\"WebPage\",\"@id\":\"https:\\\/\\\/www.eldigitaldeasturias.com\\\/noticias\\\/la-comision-presenta-un-examen-de-la-gobernanza-economica-de-la-ue\\\/#webpage\",\"url\":\"https:\\\/\\\/www.eldigitaldeasturias.com\\\/noticias\\\/la-comision-presenta-un-examen-de-la-gobernanza-economica-de-la-ue\\\/\",\"name\":\"La Comisi\\u00f3n presenta un examen de la gobernanza econ\\u00f3mica de la UE - El Digital de Asturias\",\"description\":\"La Comisi\\u00f3n presenta hoy un examen de la eficacia del marco de supervisi\\u00f3n econ\\u00f3mica y abre un debate p\\u00fablico sobre su futuro. El marco de supervisi\\u00f3n econ\\u00f3mica de la UE ha guiado a los Estados miembros en la consecuci\\u00f3n de sus objetivos de pol\\u00edtica econ\\u00f3mica y presupuestaria. Ha contribuido a que se logre una coordinaci\\u00f3n\",\"inLanguage\":\"es-ES\",\"isPartOf\":{\"@id\":\"https:\\\/\\\/www.eldigitaldeasturias.com\\\/noticias\\\/#website\"},\"breadcrumb\":{\"@id\":\"https:\\\/\\\/www.eldigitaldeasturias.com\\\/noticias\\\/la-comision-presenta-un-examen-de-la-gobernanza-economica-de-la-ue\\\/#breadcrumblist\"},\"author\":{\"@id\":\"https:\\\/\\\/www.eldigitaldeasturias.com\\\/noticias\\\/author\\\/admin\\\/#author\"},\"creator\":{\"@id\":\"https:\\\/\\\/www.eldigitaldeasturias.com\\\/noticias\\\/author\\\/admin\\\/#author\"},\"image\":{\"@type\":\"ImageObject\",\"url\":\"https:\\\/\\\/www.eldigitaldeasturias.com\\\/noticias\\\/wp-content\\\/uploads\\\/2018\\\/06\\\/blue-1283011_960_720.jpg\",\"@id\":\"https:\\\/\\\/www.eldigitaldeasturias.com\\\/noticias\\\/la-comision-presenta-un-examen-de-la-gobernanza-economica-de-la-ue\\\/#mainImage\",\"width\":960,\"height\":671},\"primaryImageOfPage\":{\"@id\":\"https:\\\/\\\/www.eldigitaldeasturias.com\\\/noticias\\\/la-comision-presenta-un-examen-de-la-gobernanza-economica-de-la-ue\\\/#mainImage\"},\"datePublished\":\"2020-02-05T17:13:04+01:00\",\"dateModified\":\"2020-02-05T17:13:04+01:00\"},{\"@type\":\"WebSite\",\"@id\":\"https:\\\/\\\/www.eldigitaldeasturias.com\\\/noticias\\\/#website\",\"url\":\"https:\\\/\\\/www.eldigitaldeasturias.com\\\/noticias\\\/\",\"name\":\"El Digital de Asturias - Diario de actualidad y noticias\",\"alternateName\":\"El Digital de Asturias - Diario de actualidad y noticias\",\"description\":\"Hemeroteca\",\"inLanguage\":\"es-ES\",\"publisher\":{\"@id\":\"https:\\\/\\\/www.eldigitaldeasturias.com\\\/noticias\\\/#organization\"}}]}\n\t\t<\/script>\n\t\t<!-- All in One SEO Pro -->\r\n\t\t<title>La Comisi\u00f3n presenta un examen de la gobernanza econ\u00f3mica de la UE - El Digital de Asturias<\/title>\n\n","aioseo_head_json":{"title":"La Comisi\u00f3n presenta un examen de la gobernanza econ\u00f3mica de la UE - El Digital de Asturias","description":"La Comisi\u00f3n presenta hoy un examen de la eficacia del marco de supervisi\u00f3n econ\u00f3mica y abre un debate p\u00fablico sobre su futuro. El marco de supervisi\u00f3n econ\u00f3mica de la UE ha guiado a los Estados miembros en la consecuci\u00f3n de sus objetivos de pol\u00edtica econ\u00f3mica y presupuestaria. Ha contribuido a que se logre una coordinaci\u00f3n","canonical_url":"https:\/\/www.eldigitaldeasturias.com\/noticias\/la-comision-presenta-un-examen-de-la-gobernanza-economica-de-la-ue\/","robots":"max-image-preview:large","keywords":"econom\u00eda","webmasterTools":{"google-site-verification":"UA-38556648-1","msvalidate.01":"7dfe9f3f1b24437ab69f4f2559babe99","miscellaneous":""},"schema":{"@context":"https:\/\/schema.org","@graph":[{"@type":"BlogPosting","@id":"https:\/\/www.eldigitaldeasturias.com\/noticias\/la-comision-presenta-un-examen-de-la-gobernanza-economica-de-la-ue\/#blogposting","name":"La Comisi\u00f3n presenta un examen de la gobernanza econ\u00f3mica de la UE - El Digital de Asturias","headline":"La Comisi\u00f3n presenta un examen de la gobernanza econ\u00f3mica de la UE","author":{"@id":"https:\/\/www.eldigitaldeasturias.com\/noticias\/author\/admin\/#author"},"publisher":{"@id":"https:\/\/www.eldigitaldeasturias.com\/noticias\/#organization"},"image":{"@type":"ImageObject","url":"https:\/\/www.eldigitaldeasturias.com\/noticias\/wp-content\/uploads\/2018\/06\/blue-1283011_960_720.jpg","width":960,"height":671},"datePublished":"2020-02-05T17:13:04+01:00","dateModified":"2020-02-05T17:13:04+01:00","inLanguage":"es-ES","mainEntityOfPage":{"@id":"https:\/\/www.eldigitaldeasturias.com\/noticias\/la-comision-presenta-un-examen-de-la-gobernanza-economica-de-la-ue\/#webpage"},"isPartOf":{"@id":"https:\/\/www.eldigitaldeasturias.com\/noticias\/la-comision-presenta-un-examen-de-la-gobernanza-economica-de-la-ue\/#webpage"},"articleSection":"Econom\u00eda"},{"@type":"BreadcrumbList","@id":"https:\/\/www.eldigitaldeasturias.com\/noticias\/la-comision-presenta-un-examen-de-la-gobernanza-economica-de-la-ue\/#breadcrumblist","itemListElement":[{"@type":"ListItem","@id":"https:\/\/www.eldigitaldeasturias.com\/noticias#listItem","position":1,"name":"Home","item":"https:\/\/www.eldigitaldeasturias.com\/noticias","nextItem":{"@type":"ListItem","@id":"https:\/\/www.eldigitaldeasturias.com\/noticias\/category\/economia\/#listItem","name":"Econom\u00eda"}},{"@type":"ListItem","@id":"https:\/\/www.eldigitaldeasturias.com\/noticias\/category\/economia\/#listItem","position":2,"name":"Econom\u00eda","item":"https:\/\/www.eldigitaldeasturias.com\/noticias\/category\/economia\/","nextItem":{"@type":"ListItem","@id":"https:\/\/www.eldigitaldeasturias.com\/noticias\/la-comision-presenta-un-examen-de-la-gobernanza-economica-de-la-ue\/#listItem","name":"La Comisi\u00f3n presenta un examen de la gobernanza econ\u00f3mica de la UE"},"previousItem":{"@type":"ListItem","@id":"https:\/\/www.eldigitaldeasturias.com\/noticias#listItem","name":"Home"}},{"@type":"ListItem","@id":"https:\/\/www.eldigitaldeasturias.com\/noticias\/la-comision-presenta-un-examen-de-la-gobernanza-economica-de-la-ue\/#listItem","position":3,"name":"La Comisi\u00f3n presenta un examen de la gobernanza econ\u00f3mica de la UE","previousItem":{"@type":"ListItem","@id":"https:\/\/www.eldigitaldeasturias.com\/noticias\/category\/economia\/#listItem","name":"Econom\u00eda"}}]},{"@type":"Organization","@id":"https:\/\/www.eldigitaldeasturias.com\/noticias\/#organization","name":"El Digital de Asturias","description":"Hemeroteca","url":"https:\/\/www.eldigitaldeasturias.com\/noticias\/","email":"info@eldigitaldeasturias.com","telephone":"+34652131393","logo":{"@type":"ImageObject","url":"https:\/\/www.eldigitaldeasturias.com\/noticias\/wp-content\/uploads\/2020\/12\/EDA.jpg","@id":"https:\/\/www.eldigitaldeasturias.com\/noticias\/la-comision-presenta-un-examen-de-la-gobernanza-economica-de-la-ue\/#organizationLogo","width":649,"height":297},"image":{"@id":"https:\/\/www.eldigitaldeasturias.com\/noticias\/la-comision-presenta-un-examen-de-la-gobernanza-economica-de-la-ue\/#organizationLogo"},"sameAs":["https:\/\/facebook.com\/eldigitaldeasturias","https:\/\/www.youtube.com\/channel\/UCZP-2wLEB9Rv6erhFmqVnvg"],"address":{"@id":"https:\/\/www.eldigitaldeasturias.com\/noticias\/#postaladdress","@type":"PostalAddress","streetAddress":"san antonio 4,","postalCode":"33430","addressLocality":"Cand\u00e1s","addressRegion":"Asturias","addressCountry":"ES"}},{"@type":"Person","@id":"https:\/\/www.eldigitaldeasturias.com\/noticias\/author\/admin\/#author","url":"https:\/\/www.eldigitaldeasturias.com\/noticias\/author\/admin\/","name":"El Digital de Asturias","image":{"@type":"ImageObject","@id":"https:\/\/www.eldigitaldeasturias.com\/noticias\/la-comision-presenta-un-examen-de-la-gobernanza-economica-de-la-ue\/#authorImage","url":"https:\/\/www.eldigitaldeasturias.com\/noticias\/wp-content\/litespeed\/avatar\/18677e78aa0546b92d9dbf31ec7d7668.jpg?ver=1776685526","width":96,"height":96,"caption":"El Digital de Asturias"}},{"@type":"WebPage","@id":"https:\/\/www.eldigitaldeasturias.com\/noticias\/la-comision-presenta-un-examen-de-la-gobernanza-economica-de-la-ue\/#webpage","url":"https:\/\/www.eldigitaldeasturias.com\/noticias\/la-comision-presenta-un-examen-de-la-gobernanza-economica-de-la-ue\/","name":"La Comisi\u00f3n presenta un examen de la gobernanza econ\u00f3mica de la UE - El Digital de Asturias","description":"La Comisi\u00f3n presenta hoy un examen de la eficacia del marco de supervisi\u00f3n econ\u00f3mica y abre un debate p\u00fablico sobre su futuro. El marco de supervisi\u00f3n econ\u00f3mica de la UE ha guiado a los Estados miembros en la consecuci\u00f3n de sus objetivos de pol\u00edtica econ\u00f3mica y presupuestaria. Ha contribuido a que se logre una coordinaci\u00f3n","inLanguage":"es-ES","isPartOf":{"@id":"https:\/\/www.eldigitaldeasturias.com\/noticias\/#website"},"breadcrumb":{"@id":"https:\/\/www.eldigitaldeasturias.com\/noticias\/la-comision-presenta-un-examen-de-la-gobernanza-economica-de-la-ue\/#breadcrumblist"},"author":{"@id":"https:\/\/www.eldigitaldeasturias.com\/noticias\/author\/admin\/#author"},"creator":{"@id":"https:\/\/www.eldigitaldeasturias.com\/noticias\/author\/admin\/#author"},"image":{"@type":"ImageObject","url":"https:\/\/www.eldigitaldeasturias.com\/noticias\/wp-content\/uploads\/2018\/06\/blue-1283011_960_720.jpg","@id":"https:\/\/www.eldigitaldeasturias.com\/noticias\/la-comision-presenta-un-examen-de-la-gobernanza-economica-de-la-ue\/#mainImage","width":960,"height":671},"primaryImageOfPage":{"@id":"https:\/\/www.eldigitaldeasturias.com\/noticias\/la-comision-presenta-un-examen-de-la-gobernanza-economica-de-la-ue\/#mainImage"},"datePublished":"2020-02-05T17:13:04+01:00","dateModified":"2020-02-05T17:13:04+01:00"},{"@type":"WebSite","@id":"https:\/\/www.eldigitaldeasturias.com\/noticias\/#website","url":"https:\/\/www.eldigitaldeasturias.com\/noticias\/","name":"El Digital de Asturias - Diario de actualidad y noticias","alternateName":"El Digital de Asturias - Diario de actualidad y noticias","description":"Hemeroteca","inLanguage":"es-ES","publisher":{"@id":"https:\/\/www.eldigitaldeasturias.com\/noticias\/#organization"}}]},"og:locale":"es_ES","og:site_name":"El Digital de Asturias","og:type":"article","og:title":"La Comisi\u00f3n presenta un examen de la gobernanza econ\u00f3mica de la UE - El Digital de Asturias","og:description":"La Comisi\u00f3n presenta hoy un examen de la eficacia del marco de supervisi\u00f3n econ\u00f3mica y abre un debate p\u00fablico sobre su futuro. El marco de supervisi\u00f3n econ\u00f3mica de la UE ha guiado a los Estados miembros en la consecuci\u00f3n de sus objetivos de pol\u00edtica econ\u00f3mica y presupuestaria. Ha contribuido a que se logre una coordinaci\u00f3n","og:url":"https:\/\/www.eldigitaldeasturias.com\/noticias\/la-comision-presenta-un-examen-de-la-gobernanza-economica-de-la-ue\/","og:image":"https:\/\/www.eldigitaldeasturias.com\/noticias\/wp-content\/uploads\/2018\/06\/blue-1283011_960_720.jpg","og:image:secure_url":"https:\/\/www.eldigitaldeasturias.com\/noticias\/wp-content\/uploads\/2018\/06\/blue-1283011_960_720.jpg","og:image:width":960,"og:image:height":671,"article:tag":["econom\u00eda"],"article:published_time":"2020-02-05T17:13:04+00:00","article:modified_time":"2020-02-05T17:13:04+00:00","article:publisher":"https:\/\/facebook.com\/eldigitaldeasturias","twitter:card":"summary_large_image","twitter:title":"La Comisi\u00f3n presenta un examen de la gobernanza econ\u00f3mica de la UE - El Digital de Asturias","twitter:description":"La Comisi\u00f3n presenta hoy un examen de la eficacia del marco de supervisi\u00f3n econ\u00f3mica y abre un debate p\u00fablico sobre su futuro. El marco de supervisi\u00f3n econ\u00f3mica de la UE ha guiado a los Estados miembros en la consecuci\u00f3n de sus objetivos de pol\u00edtica econ\u00f3mica y presupuestaria. Ha contribuido a que se logre una coordinaci\u00f3n","twitter:image":"https:\/\/www.eldigitaldeasturias.com\/noticias\/wp-content\/uploads\/2018\/06\/blue-1283011_960_720.jpg","twitter:label1":"Escrito por","twitter:data1":"El Digital de Asturias","twitter:label2":"Tiempo de lectura estimado","twitter:data2":"6 minutos"},"aioseo_meta_data":{"post_id":"1056763","title":null,"description":null,"keywords":null,"keyphrases":null,"primary_term":null,"canonical_url":null,"og_title":null,"og_description":null,"og_object_type":"default","og_image_type":"default","og_image_url":null,"og_image_width":null,"og_image_height":null,"og_image_custom_url":null,"og_image_custom_fields":null,"og_video":null,"og_custom_url":null,"og_article_section":null,"og_article_tags":null,"twitter_use_og":false,"twitter_card":"default","twitter_image_type":"default","twitter_image_url":null,"twitter_image_custom_url":null,"twitter_image_custom_fields":null,"twitter_title":null,"twitter_description":null,"schema":{"blockGraphs":[],"customGraphs":[],"default":{"data":{"Article":[],"Course":[],"Dataset":[],"FAQPage":[],"Movie":[],"Person":[],"Product":[],"ProductReview":[],"Car":[],"Recipe":[],"Service":[],"SoftwareApplication":[],"WebPage":[]},"graphName":"","isEnabled":true},"graphs":[],"defaultGraph":"","defaultPostTypeGraph":""},"schema_type":null,"schema_type_options":null,"pillar_content":false,"robots_default":true,"robots_noindex":false,"robots_noarchive":false,"robots_nosnippet":false,"robots_nofollow":false,"robots_noimageindex":false,"robots_noodp":false,"robots_notranslate":false,"robots_max_snippet":null,"robots_max_videopreview":null,"robots_max_imagepreview":"large","priority":null,"frequency":null,"local_seo":null,"seo_analyzer_scan_date":"2025-10-30 23:28:10","breadcrumb_settings":null,"limit_modified_date":false,"open_ai":null,"ai":null,"created":"2020-12-21 10:55:49","updated":"2025-10-30 23:28:10"},"aioseo_breadcrumb":"<div class=\"aioseo-breadcrumbs\"><span class=\"aioseo-breadcrumb\">\n\t<a href=\"https:\/\/www.eldigitaldeasturias.com\/noticias\" title=\"Home\">Home<\/a>\n<\/span><span class=\"aioseo-breadcrumb-separator\">\u2013<\/span><span class=\"aioseo-breadcrumb\">\n\t<a href=\"https:\/\/www.eldigitaldeasturias.com\/noticias\/category\/economia\/\" title=\"Econom\u00eda\">Econom\u00eda<\/a>\n<\/span><span class=\"aioseo-breadcrumb-separator\">\u2013<\/span><span class=\"aioseo-breadcrumb\">\n\t<a href=\"https:\/\/www.eldigitaldeasturias.com\/noticias\/la-comision-presenta-un-examen-de-la-gobernanza-economica-de-la-ue\/\" title=\"La Comisi\u00f3n presenta un examen de la gobernanza econ\u00f3mica de la UE\">La Comisi\u00f3n presenta un examen de la gobernanza econ\u00f3mica de la UE<\/a>\n<\/span><\/div>","aioseo_breadcrumb_json":[{"label":"Home","link":"https:\/\/www.eldigitaldeasturias.com\/noticias"},{"label":"Econom\u00eda","link":"https:\/\/www.eldigitaldeasturias.com\/noticias\/category\/economia\/"},{"label":"La Comisi\u00f3n presenta un examen de la gobernanza econ\u00f3mica de la UE","link":"https:\/\/www.eldigitaldeasturias.com\/noticias\/la-comision-presenta-un-examen-de-la-gobernanza-economica-de-la-ue\/"}],"_links":{"self":[{"href":"https:\/\/www.eldigitaldeasturias.com\/noticias\/wp-json\/wp\/v2\/posts\/1056763","targetHints":{"allow":["GET"]}}],"collection":[{"href":"https:\/\/www.eldigitaldeasturias.com\/noticias\/wp-json\/wp\/v2\/posts"}],"about":[{"href":"https:\/\/www.eldigitaldeasturias.com\/noticias\/wp-json\/wp\/v2\/types\/post"}],"author":[{"embeddable":true,"href":"https:\/\/www.eldigitaldeasturias.com\/noticias\/wp-json\/wp\/v2\/users\/1"}],"replies":[{"embeddable":true,"href":"https:\/\/www.eldigitaldeasturias.com\/noticias\/wp-json\/wp\/v2\/comments?post=1056763"}],"version-history":[{"count":0,"href":"https:\/\/www.eldigitaldeasturias.com\/noticias\/wp-json\/wp\/v2\/posts\/1056763\/revisions"}],"wp:featuredmedia":[{"embeddable":true,"href":"https:\/\/www.eldigitaldeasturias.com\/noticias\/wp-json\/wp\/v2\/media\/983320"}],"wp:attachment":[{"href":"https:\/\/www.eldigitaldeasturias.com\/noticias\/wp-json\/wp\/v2\/media?parent=1056763"}],"wp:term":[{"taxonomy":"category","embeddable":true,"href":"https:\/\/www.eldigitaldeasturias.com\/noticias\/wp-json\/wp\/v2\/categories?post=1056763"},{"taxonomy":"post_tag","embeddable":true,"href":"https:\/\/www.eldigitaldeasturias.com\/noticias\/wp-json\/wp\/v2\/tags?post=1056763"}],"curies":[{"name":"wp","href":"https:\/\/api.w.org\/{rel}","templated":true}]}}