{"id":1056741,"date":"2020-02-05T05:45:31","date_gmt":"2020-02-05T05:45:31","guid":{"rendered":"https:\/\/www.eldigitaldeasturias.com\/noticias\/?p=1056741"},"modified":"2020-02-05T05:46:16","modified_gmt":"2020-02-05T05:46:16","slug":"el-mar-del-norte-en-invierno","status":"publish","type":"post","link":"https:\/\/www.eldigitaldeasturias.com\/noticias\/el-mar-del-norte-en-invierno\/","title":{"rendered":"El mar del Norte en invierno"},"content":{"rendered":"<p>(dpa) &#8211; Borkum, en el mar del Norte,<strong> es la isla alemana situada m\u00e1s al oeste en el pa\u00eds<\/strong>. En invierno est\u00e1 poco concurrida, pero quien piense que all\u00ed solo se puede tomar t\u00e9 y estarse quieto se equivoca.<\/p>\n<figure id=\"attachment_1056742\" aria-describedby=\"caption-attachment-1056742\" style=\"width: 670px\" class=\"wp-caption aligncenter\"><img loading=\"lazy\" decoding=\"async\" class=\"wp-image-1056742\" src=\"https:\/\/www.eldigitaldeasturias.com\/noticias\/wp-content\/uploads\/2020\/02\/Mar-del-Norte-dpa-360x229.jpg\" alt=\"\" width=\"670\" height=\"426\" srcset=\"https:\/\/www.eldigitaldeasturias.com\/noticias\/wp-content\/uploads\/2020\/02\/Mar-del-Norte-dpa-360x229.jpg 360w, https:\/\/www.eldigitaldeasturias.com\/noticias\/wp-content\/uploads\/2020\/02\/Mar-del-Norte-dpa-690x439.jpg 690w, https:\/\/www.eldigitaldeasturias.com\/noticias\/wp-content\/uploads\/2020\/02\/Mar-del-Norte-dpa-471x300.jpg 471w, https:\/\/www.eldigitaldeasturias.com\/noticias\/wp-content\/uploads\/2020\/02\/Mar-del-Norte-dpa-768x489.jpg 768w, https:\/\/www.eldigitaldeasturias.com\/noticias\/wp-content\/uploads\/2020\/02\/Mar-del-Norte-dpa.jpg 1007w\" sizes=\"auto, (max-width: 670px) 100vw, 670px\" \/><figcaption id=\"caption-attachment-1056742\" class=\"wp-caption-text\">Foto: Andreas Heimann\/dpa-tmn<\/figcaption><\/figure>\n<p>Poco despu\u00e9s del amanecer ya se ven algunas gaviotas por el paseo mar\u00edtimo. Y sobre todo se las escucha. Alguna que otra se posa sobre el murito del paseo y mira hacia el mar.<strong> Y all\u00ed donde las olas tocan tierra<\/strong>, ya hay algunas personas paseando, que han madrugado precisamente para contemplar la primera luz sobre la playa de Borkum.<\/p>\n<h3>Desayunar con vistas al mar del Norte<\/h3>\n<p>En los hoteles, la mayor\u00eda de los hu\u00e9spedes desayunan con un humeante t\u00e9 negro t\u00edpico de la regi\u00f3n de Frisia Oriental, el \u00abOstfriesentee\u00bb. En los mejores casos est\u00e1n junto a la ventana para poder contemplar el mar.<\/p>\n<p><strong>Muchas de las casas en Borkum tienen esa fachada neocl\u00e1sica que procede de la \u00e9poca en la que el turismo floreci\u00f3 en la isla<\/strong>, a finales del siglo XIX y principios del XX. Pero entonces, los acaudalados hu\u00e9spedes visitaban la isla solo en verano.<\/p>\n<p>En la actualidad, la isla suele recibir visitas sobre todo durante la \u00e9poca en las que las temperaturas permiten ba\u00f1arse, es decir, entre junio y septiembre. Sin embargo son cada vez m\u00e1s los turistas que se animan a visitar la isla en invierno (boreal).<\/p>\n<h3>La isla de los balleneros<\/h3>\n<p>En la \u00e9poca en la que se cazaban ballenas en el siglo XVIII, Borkum era una isla tranquila en primavera y verano. <strong>\u00abLa poblaci\u00f3n crec\u00eda considerablemente en invierno\u00bb, explica Gregor Ulsamer<\/strong>. Gran parte de los hombres sal\u00edan en abril a bordo de un barco ballenero de Hamburgo o \u00c1msterdam y pasaban meses en el mar hasta que regresaban en oto\u00f1o a casa &#8230; si es que todo hab\u00eda salido bien.<\/p>\n<p>Ulsamer es un gran conocedor de la historia de la isla que se presenta en un edificio que, en su momento, perteneci\u00f3 a un cazador de ballenas. En la planta baja de este museo de la isla se puede ver el esqueleto de un cachalote. Borkum es la \u00fanica isla de Frisia Oriental con tradici\u00f3n de caza de ballenas.<\/p>\n<p>Existe incluso un recorrido en la isla que rememora esa pr\u00e1ctica y que pasa por la casa de Roelof Gerrits Meyer, un exitoso capit\u00e1n, que al servicio de la flota holandesa caz\u00f3 casi 300 ballenas de Groenlandia. Eran capitanes como \u00e9l los que sol\u00edan llevar a casa huesos de ballena para construir verjas. Delante de su casa todav\u00eda se puede ver una muestra de ello.<\/p>\n<h3>La navegaci\u00f3n siempre fue importante en Borkum<\/h3>\n<p>La agricultura no pod\u00eda aportar mucho a la poblaci\u00f3n en Borkum, sin embargo el mar s\u00ed, <strong><em>incluso tiempo despu\u00e9s de que se acabara la caza de ballenas a principios del siglo XIX<\/em><\/strong>. En las dunas se pueden ver todav\u00eda hoy se\u00f1ales que facilitaban la navegaci\u00f3n a los barcos.<\/p>\n<p>A la historia m\u00e1s reciente de la navegaci\u00f3n pertenece el buque faro \u00abBorkumriff\u00bb, que hasta 1988 estuvo anclado a 30 kil\u00f3metros al noroeste de la isla en el mar del Norte. \u00abEra un faro flotante\u00bb, explica Klaas Weber, confundador y ex presidente de una asociaci\u00f3n local. \u00abEn la actualidad es un monumento que se encuentra en su estado original\u00bb.<\/p>\n<p><strong>El \u00abBorkumriff\u00bb se ha convertido adem\u00e1s en un atractivo tur\u00edstico tambi\u00e9n en invierno<\/strong>. La gente que visita la isla puede comprobar en primera persona como se viv\u00eda en ese faro flotante.<\/p>\n<h3>Playas kilom\u00e9tricas<\/h3>\n<p>A muchos de los visitantes de la isla lo que realmente les atrae son las playas. Borkum est\u00e1 situada m\u00e1s al norte que las islas vecinas y el aire que se respira est\u00e1 especialmente cargado de sal y yodo. <strong>Salir a pasear y respirar hondo en lugar de permanecer sentado y beber t\u00e9 es una de las consignas en la isla<\/strong>. Adem\u00e1s, paseando por la playa se pueden encontrar todo tipo de conchas y caracoles de mar.<\/p>\n<p>La luz del nuevo faro de 60 metros se puede reconocer bien. El faro se construy\u00f3 en 1879 sobre una duna en mitad de la localidad. Pero en Borkum no hay contaminaci\u00f3n lum\u00ednica alguna. Con un cielo claro se pueden ver de inmediato las estrellas.<\/p>\n<h3>Informaci\u00f3n pr\u00e1ctica: Borkum en invierno<\/h3>\n<p>Viajar: Se puede llegar en coche, avi\u00f3n o tren hasta la localidad de Emden, en el noroeste de Alemania. Desde all\u00ed se toma un ferry, que tarda 135 minutos, o un catamar\u00e1n (60 minutos) para llegar a la isla. En invierno las conexiones son reducidas.<\/p>\n<p>Informaci\u00f3n tur\u00edstica en Borkum: Georg-Sch\u00fctte-Platz 526757 Borkum. Tel\u00e9fono: +49 4922\/9330; e-mail: info@borkum.de, www.borkum.de<\/p>\n<p><i class=\"lang-es\"><span class=\" readonly\" title=\"\">Por Andreas Heimann (dpa)<\/span><\/i><\/p>\n<p>&nbsp;<\/p>\n","protected":false},"excerpt":{"rendered":"<p>(dpa) &#8211; Borkum, en el mar del Norte, es la isla alemana situada m\u00e1s al oeste en el pa\u00eds. En invierno est\u00e1 poco concurrida, pero quien piense que all\u00ed solo se puede tomar t\u00e9 y estarse quieto se equivoca. Poco despu\u00e9s del amanecer ya se ven algunas gaviotas por el paseo mar\u00edtimo. Y sobre todo [&hellip;]<\/p>\n","protected":false},"author":1,"featured_media":1056742,"comment_status":"closed","ping_status":"closed","sticky":false,"template":"","format":"standard","meta":{"footnotes":""},"categories":[148],"tags":[],"class_list":["post-1056741","post","type-post","status-publish","format-standard","has-post-thumbnail","hentry","category-turismo"],"aioseo_notices":[],"aioseo_head":"\n\t\t<!-- All in One SEO Pro 4.9.6.2 - aioseo.com -->\n\t<meta name=\"description\" content=\"(dpa) - Borkum, en el mar del Norte, es la isla alemana situada m\u00e1s al oeste en el pa\u00eds. En invierno est\u00e1 poco concurrida, pero quien piense que all\u00ed solo se puede tomar t\u00e9 y estarse quieto se equivoca. Poco despu\u00e9s del amanecer ya se ven algunas gaviotas por el paseo mar\u00edtimo. Y sobre todo\" \/>\n\t<meta name=\"robots\" content=\"max-image-preview:large\" \/>\n\t<meta name=\"author\" content=\"El Digital de Asturias\"\/>\n\t<meta name=\"google-site-verification\" content=\"UA-38556648-1\" \/>\n\t<meta name=\"msvalidate.01\" content=\"7dfe9f3f1b24437ab69f4f2559babe99\" \/>\n\t<meta name=\"keywords\" content=\"turismo\" \/>\n\t<link rel=\"canonical\" href=\"https:\/\/www.eldigitaldeasturias.com\/noticias\/el-mar-del-norte-en-invierno\/\" \/>\n\t<meta name=\"generator\" content=\"All in One SEO Pro (AIOSEO) 4.9.6.2\" \/>\n\t\t<meta property=\"og:locale\" content=\"es_ES\" \/>\n\t\t<meta property=\"og:site_name\" content=\"El Digital de Asturias\" \/>\n\t\t<meta property=\"og:type\" content=\"article\" \/>\n\t\t<meta property=\"og:title\" content=\"El mar del Norte en invierno - El Digital de Asturias\" \/>\n\t\t<meta property=\"og:description\" content=\"(dpa) - Borkum, en el mar del Norte, es la isla alemana situada m\u00e1s al oeste en el pa\u00eds. En invierno est\u00e1 poco concurrida, pero quien piense que all\u00ed solo se puede tomar t\u00e9 y estarse quieto se equivoca. Poco despu\u00e9s del amanecer ya se ven algunas gaviotas por el paseo mar\u00edtimo. Y sobre todo\" \/>\n\t\t<meta property=\"og:url\" content=\"https:\/\/www.eldigitaldeasturias.com\/noticias\/el-mar-del-norte-en-invierno\/\" \/>\n\t\t<meta property=\"og:image\" content=\"https:\/\/www.eldigitaldeasturias.com\/noticias\/wp-content\/uploads\/2020\/02\/Mar-del-Norte-dpa.jpg\" \/>\n\t\t<meta property=\"og:image:secure_url\" content=\"https:\/\/www.eldigitaldeasturias.com\/noticias\/wp-content\/uploads\/2020\/02\/Mar-del-Norte-dpa.jpg\" \/>\n\t\t<meta property=\"og:image:width\" content=\"1007\" \/>\n\t\t<meta property=\"og:image:height\" content=\"641\" \/>\n\t\t<meta property=\"article:tag\" content=\"turismo\" \/>\n\t\t<meta property=\"article:published_time\" content=\"2020-02-05T05:45:31+00:00\" \/>\n\t\t<meta property=\"article:modified_time\" content=\"2020-02-05T05:46:16+00:00\" \/>\n\t\t<meta property=\"article:publisher\" content=\"https:\/\/facebook.com\/eldigitaldeasturias\" \/>\n\t\t<meta name=\"twitter:card\" content=\"summary_large_image\" \/>\n\t\t<meta name=\"twitter:title\" content=\"El mar del Norte en invierno - El Digital de Asturias\" \/>\n\t\t<meta name=\"twitter:description\" content=\"(dpa) - Borkum, en el mar del Norte, es la isla alemana situada m\u00e1s al oeste en el pa\u00eds. En invierno est\u00e1 poco concurrida, pero quien piense que all\u00ed solo se puede tomar t\u00e9 y estarse quieto se equivoca. Poco despu\u00e9s del amanecer ya se ven algunas gaviotas por el paseo mar\u00edtimo. Y sobre todo\" \/>\n\t\t<meta name=\"twitter:image\" content=\"https:\/\/www.eldigitaldeasturias.com\/noticias\/wp-content\/uploads\/2020\/02\/Mar-del-Norte-dpa.jpg\" \/>\n\t\t<meta name=\"twitter:label1\" content=\"Escrito por\" \/>\n\t\t<meta name=\"twitter:data1\" content=\"El Digital de Asturias\" \/>\n\t\t<meta name=\"twitter:label2\" content=\"Tiempo de lectura estimado\" \/>\n\t\t<meta name=\"twitter:data2\" content=\"4 minutos\" \/>\n\t\t<script type=\"application\/ld+json\" class=\"aioseo-schema\">\n\t\t\t{\"@context\":\"https:\\\/\\\/schema.org\",\"@graph\":[{\"@type\":\"BlogPosting\",\"@id\":\"https:\\\/\\\/www.eldigitaldeasturias.com\\\/noticias\\\/el-mar-del-norte-en-invierno\\\/#blogposting\",\"name\":\"El mar del Norte en invierno - El Digital de Asturias\",\"headline\":\"El mar del Norte en invierno\",\"author\":{\"@id\":\"https:\\\/\\\/www.eldigitaldeasturias.com\\\/noticias\\\/author\\\/admin\\\/#author\"},\"publisher\":{\"@id\":\"https:\\\/\\\/www.eldigitaldeasturias.com\\\/noticias\\\/#organization\"},\"image\":{\"@type\":\"ImageObject\",\"url\":\"https:\\\/\\\/www.eldigitaldeasturias.com\\\/noticias\\\/wp-content\\\/uploads\\\/2020\\\/02\\\/Mar-del-Norte-dpa.jpg\",\"width\":1007,\"height\":641,\"caption\":\"Foto: Andreas Heimann\\\/dpa-tmn\"},\"datePublished\":\"2020-02-05T05:45:31+01:00\",\"dateModified\":\"2020-02-05T05:46:16+01:00\",\"inLanguage\":\"es-ES\",\"mainEntityOfPage\":{\"@id\":\"https:\\\/\\\/www.eldigitaldeasturias.com\\\/noticias\\\/el-mar-del-norte-en-invierno\\\/#webpage\"},\"isPartOf\":{\"@id\":\"https:\\\/\\\/www.eldigitaldeasturias.com\\\/noticias\\\/el-mar-del-norte-en-invierno\\\/#webpage\"},\"articleSection\":\"Turismo\"},{\"@type\":\"BreadcrumbList\",\"@id\":\"https:\\\/\\\/www.eldigitaldeasturias.com\\\/noticias\\\/el-mar-del-norte-en-invierno\\\/#breadcrumblist\",\"itemListElement\":[{\"@type\":\"ListItem\",\"@id\":\"https:\\\/\\\/www.eldigitaldeasturias.com\\\/noticias#listItem\",\"position\":1,\"name\":\"Home\",\"item\":\"https:\\\/\\\/www.eldigitaldeasturias.com\\\/noticias\",\"nextItem\":{\"@type\":\"ListItem\",\"@id\":\"https:\\\/\\\/www.eldigitaldeasturias.com\\\/noticias\\\/category\\\/turismo\\\/#listItem\",\"name\":\"Turismo\"}},{\"@type\":\"ListItem\",\"@id\":\"https:\\\/\\\/www.eldigitaldeasturias.com\\\/noticias\\\/category\\\/turismo\\\/#listItem\",\"position\":2,\"name\":\"Turismo\",\"item\":\"https:\\\/\\\/www.eldigitaldeasturias.com\\\/noticias\\\/category\\\/turismo\\\/\",\"nextItem\":{\"@type\":\"ListItem\",\"@id\":\"https:\\\/\\\/www.eldigitaldeasturias.com\\\/noticias\\\/el-mar-del-norte-en-invierno\\\/#listItem\",\"name\":\"El mar del Norte en invierno\"},\"previousItem\":{\"@type\":\"ListItem\",\"@id\":\"https:\\\/\\\/www.eldigitaldeasturias.com\\\/noticias#listItem\",\"name\":\"Home\"}},{\"@type\":\"ListItem\",\"@id\":\"https:\\\/\\\/www.eldigitaldeasturias.com\\\/noticias\\\/el-mar-del-norte-en-invierno\\\/#listItem\",\"position\":3,\"name\":\"El mar del Norte en invierno\",\"previousItem\":{\"@type\":\"ListItem\",\"@id\":\"https:\\\/\\\/www.eldigitaldeasturias.com\\\/noticias\\\/category\\\/turismo\\\/#listItem\",\"name\":\"Turismo\"}}]},{\"@type\":\"Organization\",\"@id\":\"https:\\\/\\\/www.eldigitaldeasturias.com\\\/noticias\\\/#organization\",\"name\":\"El Digital de Asturias\",\"description\":\"Hemeroteca\",\"url\":\"https:\\\/\\\/www.eldigitaldeasturias.com\\\/noticias\\\/\",\"email\":\"info@eldigitaldeasturias.com\",\"telephone\":\"+34652131393\",\"logo\":{\"@type\":\"ImageObject\",\"url\":\"https:\\\/\\\/www.eldigitaldeasturias.com\\\/noticias\\\/wp-content\\\/uploads\\\/2020\\\/12\\\/EDA.jpg\",\"@id\":\"https:\\\/\\\/www.eldigitaldeasturias.com\\\/noticias\\\/el-mar-del-norte-en-invierno\\\/#organizationLogo\",\"width\":649,\"height\":297},\"image\":{\"@id\":\"https:\\\/\\\/www.eldigitaldeasturias.com\\\/noticias\\\/el-mar-del-norte-en-invierno\\\/#organizationLogo\"},\"sameAs\":[\"https:\\\/\\\/facebook.com\\\/eldigitaldeasturias\",\"https:\\\/\\\/www.youtube.com\\\/channel\\\/UCZP-2wLEB9Rv6erhFmqVnvg\"],\"address\":{\"@id\":\"https:\\\/\\\/www.eldigitaldeasturias.com\\\/noticias\\\/#postaladdress\",\"@type\":\"PostalAddress\",\"streetAddress\":\"san antonio 4,\",\"postalCode\":\"33430\",\"addressLocality\":\"Cand\\u00e1s\",\"addressRegion\":\"Asturias\",\"addressCountry\":\"ES\"}},{\"@type\":\"Person\",\"@id\":\"https:\\\/\\\/www.eldigitaldeasturias.com\\\/noticias\\\/author\\\/admin\\\/#author\",\"url\":\"https:\\\/\\\/www.eldigitaldeasturias.com\\\/noticias\\\/author\\\/admin\\\/\",\"name\":\"El Digital de Asturias\",\"image\":{\"@type\":\"ImageObject\",\"@id\":\"https:\\\/\\\/www.eldigitaldeasturias.com\\\/noticias\\\/el-mar-del-norte-en-invierno\\\/#authorImage\",\"url\":\"https:\\\/\\\/www.eldigitaldeasturias.com\\\/noticias\\\/wp-content\\\/litespeed\\\/avatar\\\/18677e78aa0546b92d9dbf31ec7d7668.jpg?ver=1777290358\",\"width\":96,\"height\":96,\"caption\":\"El Digital de Asturias\"}},{\"@type\":\"WebPage\",\"@id\":\"https:\\\/\\\/www.eldigitaldeasturias.com\\\/noticias\\\/el-mar-del-norte-en-invierno\\\/#webpage\",\"url\":\"https:\\\/\\\/www.eldigitaldeasturias.com\\\/noticias\\\/el-mar-del-norte-en-invierno\\\/\",\"name\":\"El mar del Norte en invierno - El Digital de Asturias\",\"description\":\"(dpa) - Borkum, en el mar del Norte, es la isla alemana situada m\\u00e1s al oeste en el pa\\u00eds. En invierno est\\u00e1 poco concurrida, pero quien piense que all\\u00ed solo se puede tomar t\\u00e9 y estarse quieto se equivoca. Poco despu\\u00e9s del amanecer ya se ven algunas gaviotas por el paseo mar\\u00edtimo. Y sobre todo\",\"inLanguage\":\"es-ES\",\"isPartOf\":{\"@id\":\"https:\\\/\\\/www.eldigitaldeasturias.com\\\/noticias\\\/#website\"},\"breadcrumb\":{\"@id\":\"https:\\\/\\\/www.eldigitaldeasturias.com\\\/noticias\\\/el-mar-del-norte-en-invierno\\\/#breadcrumblist\"},\"author\":{\"@id\":\"https:\\\/\\\/www.eldigitaldeasturias.com\\\/noticias\\\/author\\\/admin\\\/#author\"},\"creator\":{\"@id\":\"https:\\\/\\\/www.eldigitaldeasturias.com\\\/noticias\\\/author\\\/admin\\\/#author\"},\"image\":{\"@type\":\"ImageObject\",\"url\":\"https:\\\/\\\/www.eldigitaldeasturias.com\\\/noticias\\\/wp-content\\\/uploads\\\/2020\\\/02\\\/Mar-del-Norte-dpa.jpg\",\"@id\":\"https:\\\/\\\/www.eldigitaldeasturias.com\\\/noticias\\\/el-mar-del-norte-en-invierno\\\/#mainImage\",\"width\":1007,\"height\":641,\"caption\":\"Foto: Andreas Heimann\\\/dpa-tmn\"},\"primaryImageOfPage\":{\"@id\":\"https:\\\/\\\/www.eldigitaldeasturias.com\\\/noticias\\\/el-mar-del-norte-en-invierno\\\/#mainImage\"},\"datePublished\":\"2020-02-05T05:45:31+01:00\",\"dateModified\":\"2020-02-05T05:46:16+01:00\"},{\"@type\":\"WebSite\",\"@id\":\"https:\\\/\\\/www.eldigitaldeasturias.com\\\/noticias\\\/#website\",\"url\":\"https:\\\/\\\/www.eldigitaldeasturias.com\\\/noticias\\\/\",\"name\":\"El Digital de Asturias - Diario de actualidad y noticias\",\"alternateName\":\"El Digital de Asturias - Diario de actualidad y noticias\",\"description\":\"Hemeroteca\",\"inLanguage\":\"es-ES\",\"publisher\":{\"@id\":\"https:\\\/\\\/www.eldigitaldeasturias.com\\\/noticias\\\/#organization\"}}]}\n\t\t<\/script>\n\t\t<!-- All in One SEO Pro -->\r\n\t\t<title>El mar del Norte en invierno - El Digital de Asturias<\/title>\n\n","aioseo_head_json":{"title":"El mar del Norte en invierno - El Digital de Asturias","description":"(dpa) - Borkum, en el mar del Norte, es la isla alemana situada m\u00e1s al oeste en el pa\u00eds. En invierno est\u00e1 poco concurrida, pero quien piense que all\u00ed solo se puede tomar t\u00e9 y estarse quieto se equivoca. Poco despu\u00e9s del amanecer ya se ven algunas gaviotas por el paseo mar\u00edtimo. Y sobre todo","canonical_url":"https:\/\/www.eldigitaldeasturias.com\/noticias\/el-mar-del-norte-en-invierno\/","robots":"max-image-preview:large","keywords":"turismo","webmasterTools":{"google-site-verification":"UA-38556648-1","msvalidate.01":"7dfe9f3f1b24437ab69f4f2559babe99","miscellaneous":""},"schema":{"@context":"https:\/\/schema.org","@graph":[{"@type":"BlogPosting","@id":"https:\/\/www.eldigitaldeasturias.com\/noticias\/el-mar-del-norte-en-invierno\/#blogposting","name":"El mar del Norte en invierno - El Digital de Asturias","headline":"El mar del Norte en invierno","author":{"@id":"https:\/\/www.eldigitaldeasturias.com\/noticias\/author\/admin\/#author"},"publisher":{"@id":"https:\/\/www.eldigitaldeasturias.com\/noticias\/#organization"},"image":{"@type":"ImageObject","url":"https:\/\/www.eldigitaldeasturias.com\/noticias\/wp-content\/uploads\/2020\/02\/Mar-del-Norte-dpa.jpg","width":1007,"height":641,"caption":"Foto: Andreas Heimann\/dpa-tmn"},"datePublished":"2020-02-05T05:45:31+01:00","dateModified":"2020-02-05T05:46:16+01:00","inLanguage":"es-ES","mainEntityOfPage":{"@id":"https:\/\/www.eldigitaldeasturias.com\/noticias\/el-mar-del-norte-en-invierno\/#webpage"},"isPartOf":{"@id":"https:\/\/www.eldigitaldeasturias.com\/noticias\/el-mar-del-norte-en-invierno\/#webpage"},"articleSection":"Turismo"},{"@type":"BreadcrumbList","@id":"https:\/\/www.eldigitaldeasturias.com\/noticias\/el-mar-del-norte-en-invierno\/#breadcrumblist","itemListElement":[{"@type":"ListItem","@id":"https:\/\/www.eldigitaldeasturias.com\/noticias#listItem","position":1,"name":"Home","item":"https:\/\/www.eldigitaldeasturias.com\/noticias","nextItem":{"@type":"ListItem","@id":"https:\/\/www.eldigitaldeasturias.com\/noticias\/category\/turismo\/#listItem","name":"Turismo"}},{"@type":"ListItem","@id":"https:\/\/www.eldigitaldeasturias.com\/noticias\/category\/turismo\/#listItem","position":2,"name":"Turismo","item":"https:\/\/www.eldigitaldeasturias.com\/noticias\/category\/turismo\/","nextItem":{"@type":"ListItem","@id":"https:\/\/www.eldigitaldeasturias.com\/noticias\/el-mar-del-norte-en-invierno\/#listItem","name":"El mar del Norte en invierno"},"previousItem":{"@type":"ListItem","@id":"https:\/\/www.eldigitaldeasturias.com\/noticias#listItem","name":"Home"}},{"@type":"ListItem","@id":"https:\/\/www.eldigitaldeasturias.com\/noticias\/el-mar-del-norte-en-invierno\/#listItem","position":3,"name":"El mar del Norte en invierno","previousItem":{"@type":"ListItem","@id":"https:\/\/www.eldigitaldeasturias.com\/noticias\/category\/turismo\/#listItem","name":"Turismo"}}]},{"@type":"Organization","@id":"https:\/\/www.eldigitaldeasturias.com\/noticias\/#organization","name":"El Digital de Asturias","description":"Hemeroteca","url":"https:\/\/www.eldigitaldeasturias.com\/noticias\/","email":"info@eldigitaldeasturias.com","telephone":"+34652131393","logo":{"@type":"ImageObject","url":"https:\/\/www.eldigitaldeasturias.com\/noticias\/wp-content\/uploads\/2020\/12\/EDA.jpg","@id":"https:\/\/www.eldigitaldeasturias.com\/noticias\/el-mar-del-norte-en-invierno\/#organizationLogo","width":649,"height":297},"image":{"@id":"https:\/\/www.eldigitaldeasturias.com\/noticias\/el-mar-del-norte-en-invierno\/#organizationLogo"},"sameAs":["https:\/\/facebook.com\/eldigitaldeasturias","https:\/\/www.youtube.com\/channel\/UCZP-2wLEB9Rv6erhFmqVnvg"],"address":{"@id":"https:\/\/www.eldigitaldeasturias.com\/noticias\/#postaladdress","@type":"PostalAddress","streetAddress":"san antonio 4,","postalCode":"33430","addressLocality":"Cand\u00e1s","addressRegion":"Asturias","addressCountry":"ES"}},{"@type":"Person","@id":"https:\/\/www.eldigitaldeasturias.com\/noticias\/author\/admin\/#author","url":"https:\/\/www.eldigitaldeasturias.com\/noticias\/author\/admin\/","name":"El Digital de Asturias","image":{"@type":"ImageObject","@id":"https:\/\/www.eldigitaldeasturias.com\/noticias\/el-mar-del-norte-en-invierno\/#authorImage","url":"https:\/\/www.eldigitaldeasturias.com\/noticias\/wp-content\/litespeed\/avatar\/18677e78aa0546b92d9dbf31ec7d7668.jpg?ver=1777290358","width":96,"height":96,"caption":"El Digital de Asturias"}},{"@type":"WebPage","@id":"https:\/\/www.eldigitaldeasturias.com\/noticias\/el-mar-del-norte-en-invierno\/#webpage","url":"https:\/\/www.eldigitaldeasturias.com\/noticias\/el-mar-del-norte-en-invierno\/","name":"El mar del Norte en invierno - El Digital de Asturias","description":"(dpa) - Borkum, en el mar del Norte, es la isla alemana situada m\u00e1s al oeste en el pa\u00eds. En invierno est\u00e1 poco concurrida, pero quien piense que all\u00ed solo se puede tomar t\u00e9 y estarse quieto se equivoca. Poco despu\u00e9s del amanecer ya se ven algunas gaviotas por el paseo mar\u00edtimo. Y sobre todo","inLanguage":"es-ES","isPartOf":{"@id":"https:\/\/www.eldigitaldeasturias.com\/noticias\/#website"},"breadcrumb":{"@id":"https:\/\/www.eldigitaldeasturias.com\/noticias\/el-mar-del-norte-en-invierno\/#breadcrumblist"},"author":{"@id":"https:\/\/www.eldigitaldeasturias.com\/noticias\/author\/admin\/#author"},"creator":{"@id":"https:\/\/www.eldigitaldeasturias.com\/noticias\/author\/admin\/#author"},"image":{"@type":"ImageObject","url":"https:\/\/www.eldigitaldeasturias.com\/noticias\/wp-content\/uploads\/2020\/02\/Mar-del-Norte-dpa.jpg","@id":"https:\/\/www.eldigitaldeasturias.com\/noticias\/el-mar-del-norte-en-invierno\/#mainImage","width":1007,"height":641,"caption":"Foto: Andreas Heimann\/dpa-tmn"},"primaryImageOfPage":{"@id":"https:\/\/www.eldigitaldeasturias.com\/noticias\/el-mar-del-norte-en-invierno\/#mainImage"},"datePublished":"2020-02-05T05:45:31+01:00","dateModified":"2020-02-05T05:46:16+01:00"},{"@type":"WebSite","@id":"https:\/\/www.eldigitaldeasturias.com\/noticias\/#website","url":"https:\/\/www.eldigitaldeasturias.com\/noticias\/","name":"El Digital de Asturias - Diario de actualidad y noticias","alternateName":"El Digital de Asturias - Diario de actualidad y noticias","description":"Hemeroteca","inLanguage":"es-ES","publisher":{"@id":"https:\/\/www.eldigitaldeasturias.com\/noticias\/#organization"}}]},"og:locale":"es_ES","og:site_name":"El Digital de Asturias","og:type":"article","og:title":"El mar del Norte en invierno - El Digital de Asturias","og:description":"(dpa) - Borkum, en el mar del Norte, es la isla alemana situada m\u00e1s al oeste en el pa\u00eds. En invierno est\u00e1 poco concurrida, pero quien piense que all\u00ed solo se puede tomar t\u00e9 y estarse quieto se equivoca. Poco despu\u00e9s del amanecer ya se ven algunas gaviotas por el paseo mar\u00edtimo. Y sobre todo","og:url":"https:\/\/www.eldigitaldeasturias.com\/noticias\/el-mar-del-norte-en-invierno\/","og:image":"https:\/\/www.eldigitaldeasturias.com\/noticias\/wp-content\/uploads\/2020\/02\/Mar-del-Norte-dpa.jpg","og:image:secure_url":"https:\/\/www.eldigitaldeasturias.com\/noticias\/wp-content\/uploads\/2020\/02\/Mar-del-Norte-dpa.jpg","og:image:width":1007,"og:image:height":641,"article:tag":["turismo"],"article:published_time":"2020-02-05T05:45:31+00:00","article:modified_time":"2020-02-05T05:46:16+00:00","article:publisher":"https:\/\/facebook.com\/eldigitaldeasturias","twitter:card":"summary_large_image","twitter:title":"El mar del Norte en invierno - El Digital de Asturias","twitter:description":"(dpa) - Borkum, en el mar del Norte, es la isla alemana situada m\u00e1s al oeste en el pa\u00eds. En invierno est\u00e1 poco concurrida, pero quien piense que all\u00ed solo se puede tomar t\u00e9 y estarse quieto se equivoca. Poco despu\u00e9s del amanecer ya se ven algunas gaviotas por el paseo mar\u00edtimo. Y sobre todo","twitter:image":"https:\/\/www.eldigitaldeasturias.com\/noticias\/wp-content\/uploads\/2020\/02\/Mar-del-Norte-dpa.jpg","twitter:label1":"Escrito por","twitter:data1":"El Digital de Asturias","twitter:label2":"Tiempo de lectura estimado","twitter:data2":"4 minutos"},"aioseo_meta_data":{"post_id":"1056741","title":null,"description":null,"keywords":null,"keyphrases":null,"primary_term":null,"canonical_url":null,"og_title":null,"og_description":null,"og_object_type":"default","og_image_type":"default","og_image_url":null,"og_image_width":null,"og_image_height":null,"og_image_custom_url":null,"og_image_custom_fields":null,"og_video":null,"og_custom_url":null,"og_article_section":null,"og_article_tags":null,"twitter_use_og":false,"twitter_card":"default","twitter_image_type":"default","twitter_image_url":null,"twitter_image_custom_url":null,"twitter_image_custom_fields":null,"twitter_title":null,"twitter_description":null,"schema":{"blockGraphs":[],"customGraphs":[],"default":{"data":{"Article":[],"Course":[],"Dataset":[],"FAQPage":[],"Movie":[],"Person":[],"Product":[],"ProductReview":[],"Car":[],"Recipe":[],"Service":[],"SoftwareApplication":[],"WebPage":[]},"graphName":"","isEnabled":true},"graphs":[],"defaultGraph":"","defaultPostTypeGraph":""},"schema_type":null,"schema_type_options":null,"pillar_content":false,"robots_default":true,"robots_noindex":false,"robots_noarchive":false,"robots_nosnippet":false,"robots_nofollow":false,"robots_noimageindex":false,"robots_noodp":false,"robots_notranslate":false,"robots_max_snippet":null,"robots_max_videopreview":null,"robots_max_imagepreview":"large","priority":null,"frequency":null,"local_seo":null,"seo_analyzer_scan_date":"2025-10-30 23:24:32","breadcrumb_settings":null,"limit_modified_date":false,"open_ai":null,"ai":null,"created":"2020-12-21 10:55:49","updated":"2025-10-30 23:24:32"},"aioseo_breadcrumb":"<div class=\"aioseo-breadcrumbs\"><span class=\"aioseo-breadcrumb\">\n\t<a href=\"https:\/\/www.eldigitaldeasturias.com\/noticias\" title=\"Home\">Home<\/a>\n<\/span><span class=\"aioseo-breadcrumb-separator\">\u2013<\/span><span class=\"aioseo-breadcrumb\">\n\t<a href=\"https:\/\/www.eldigitaldeasturias.com\/noticias\/category\/turismo\/\" title=\"Turismo\">Turismo<\/a>\n<\/span><span class=\"aioseo-breadcrumb-separator\">\u2013<\/span><span class=\"aioseo-breadcrumb\">\n\t<a href=\"https:\/\/www.eldigitaldeasturias.com\/noticias\/el-mar-del-norte-en-invierno\/\" title=\"El mar del Norte en invierno\">El mar del Norte en invierno<\/a>\n<\/span><\/div>","aioseo_breadcrumb_json":[{"label":"Home","link":"https:\/\/www.eldigitaldeasturias.com\/noticias"},{"label":"Turismo","link":"https:\/\/www.eldigitaldeasturias.com\/noticias\/category\/turismo\/"},{"label":"El mar del Norte en invierno","link":"https:\/\/www.eldigitaldeasturias.com\/noticias\/el-mar-del-norte-en-invierno\/"}],"_links":{"self":[{"href":"https:\/\/www.eldigitaldeasturias.com\/noticias\/wp-json\/wp\/v2\/posts\/1056741","targetHints":{"allow":["GET"]}}],"collection":[{"href":"https:\/\/www.eldigitaldeasturias.com\/noticias\/wp-json\/wp\/v2\/posts"}],"about":[{"href":"https:\/\/www.eldigitaldeasturias.com\/noticias\/wp-json\/wp\/v2\/types\/post"}],"author":[{"embeddable":true,"href":"https:\/\/www.eldigitaldeasturias.com\/noticias\/wp-json\/wp\/v2\/users\/1"}],"replies":[{"embeddable":true,"href":"https:\/\/www.eldigitaldeasturias.com\/noticias\/wp-json\/wp\/v2\/comments?post=1056741"}],"version-history":[{"count":0,"href":"https:\/\/www.eldigitaldeasturias.com\/noticias\/wp-json\/wp\/v2\/posts\/1056741\/revisions"}],"wp:featuredmedia":[{"embeddable":true,"href":"https:\/\/www.eldigitaldeasturias.com\/noticias\/wp-json\/wp\/v2\/media\/1056742"}],"wp:attachment":[{"href":"https:\/\/www.eldigitaldeasturias.com\/noticias\/wp-json\/wp\/v2\/media?parent=1056741"}],"wp:term":[{"taxonomy":"category","embeddable":true,"href":"https:\/\/www.eldigitaldeasturias.com\/noticias\/wp-json\/wp\/v2\/categories?post=1056741"},{"taxonomy":"post_tag","embeddable":true,"href":"https:\/\/www.eldigitaldeasturias.com\/noticias\/wp-json\/wp\/v2\/tags?post=1056741"}],"curies":[{"name":"wp","href":"https:\/\/api.w.org\/{rel}","templated":true}]}}