{"id":1056708,"date":"2020-02-05T01:07:50","date_gmt":"2020-02-05T01:07:50","guid":{"rendered":"https:\/\/www.eldigitaldeasturias.com\/noticias\/?p=1056708"},"modified":"2020-02-05T01:07:50","modified_gmt":"2020-02-05T01:07:50","slug":"la-comision-europea-y-el-fondo-europeo-de-inversiones-ponen-en-marcha-el-fondo-blueinvest","status":"publish","type":"post","link":"https:\/\/www.eldigitaldeasturias.com\/noticias\/la-comision-europea-y-el-fondo-europeo-de-inversiones-ponen-en-marcha-el-fondo-blueinvest\/","title":{"rendered":"La Comisi\u00f3n Europea y el Fondo Europeo de Inversiones ponen en marcha el Fondo BlueInvest"},"content":{"rendered":"<p><img loading=\"lazy\" decoding=\"async\" class=\"alignleft size-medium wp-image-983320\" src=\"https:\/\/www.eldigitaldeasturias.com\/noticias\/wp-content\/uploads\/2018\/06\/blue-1283011_960_720-360x252.jpg\" alt=\"\" width=\"360\" height=\"252\" srcset=\"https:\/\/www.eldigitaldeasturias.com\/noticias\/wp-content\/uploads\/2018\/06\/blue-1283011_960_720-360x252.jpg 360w, https:\/\/www.eldigitaldeasturias.com\/noticias\/wp-content\/uploads\/2018\/06\/blue-1283011_960_720-429x300.jpg 429w, https:\/\/www.eldigitaldeasturias.com\/noticias\/wp-content\/uploads\/2018\/06\/blue-1283011_960_720-768x537.jpg 768w, https:\/\/www.eldigitaldeasturias.com\/noticias\/wp-content\/uploads\/2018\/06\/blue-1283011_960_720-687x480.jpg 687w, https:\/\/www.eldigitaldeasturias.com\/noticias\/wp-content\/uploads\/2018\/06\/blue-1283011_960_720-20x14.jpg 20w, https:\/\/www.eldigitaldeasturias.com\/noticias\/wp-content\/uploads\/2018\/06\/blue-1283011_960_720.jpg 960w\" sizes=\"auto, (max-width: 360px) 100vw, 360px\" \/>La Comisi\u00f3n Europea se ha asociado con el Fondo Europeo de Inversiones, que forma parte del Grupo del Banco Europeo de Inversiones (BEI), para poner en marcha el Fondo BlueInvest. Durante la <strong><a href=\"https:\/\/blueinvest2020.converve.io\/\" target=\"_blank\" rel=\"nofollow noopener noreferrer\" data-auth=\"NotApplicable\"><span style=\"color: #ff6600;\">conferencia de la jornada BlueInvest<\/span><\/a><\/strong>\u00a0celebrada en Bruselas, la vicepresidenta del BEI, Emma Navarro, y el comisario de Medio Ambiente, Oc\u00e9anos y Pesca, Virginijus Sinkevi\u010dius, han puesto en marcha un fondo de inversi\u00f3n con unos recursos propios de 75 millones de euros dedicado a la econom\u00eda azul.<\/p>\n<p>El Fondo BlueInvest ser\u00e1 gestionado por el Fondo Europeo de Inversiones y proporcionar\u00e1 financiaci\u00f3n a otros fondos subyacentes con recursos propios que se destinen y den apoyo de forma estrat\u00e9gica a una econom\u00eda azul innovadora. Este sector puede contribuir considerablemente a la transformaci\u00f3n en una econom\u00eda neutra en emisiones de carbono de aqu\u00ed a 2050, un objetivo que fue anunciado en el\u00a0<span style=\"color: #ff6600;\"><strong><a style=\"color: #ff6600;\" href=\"https:\/\/ec.europa.eu\/info\/strategy\/priorities-2019-2024\/european-green-deal_es\" target=\"_blank\" rel=\"nofollow noopener noreferrer\" data-auth=\"NotApplicable\">Pacto Verde Europeo<\/a><\/strong><\/span>. El nuevo programa est\u00e1 respaldado por el Fondo Europeo para Inversiones Estrat\u00e9gicas, el pilar financiero del Plan de Inversiones para Europa.<\/p>\n<p>La econom\u00eda azul consta de las actividades econ\u00f3micas relacionadas con los oc\u00e9anos, los mares y las costas. Abarca desde empresas del medio marino hasta empresas terrestres que producen bienes o servicios que contribuyen a la econom\u00eda mar\u00edtima. La econom\u00eda azul engloba numerosas empresas prometedoras que se encuentran en una fase inicial y que a menudo emanan de programas de I+D financiados por la UE. Estas empresas desarrollan soluciones, entre otras muchas cosas, para la energ\u00eda renovable, los productos de la pesca sostenibles, la biotecnolog\u00eda azul o los sistemas inform\u00e1ticos mar\u00edtimos.<\/p>\n<p>El nuevo fondo del programa se complementa con la\u00a0<span style=\"color: #ff6600;\"><strong><a style=\"color: #ff6600;\" href=\"https:\/\/webgate.ec.europa.eu\/maritimeforum\/en\/frontpage\/1451\" target=\"_blank\" rel=\"nofollow noopener noreferrer\" data-auth=\"NotApplicable\">plataforma BlueInvest<\/a><\/strong><\/span>\u00a0de la Comisi\u00f3n Europea, que ayuda a que mejoren la disponibilidad de las inversiones y el acceso a la financiaci\u00f3n para las empresas en fase inicial, las pymes y las empresas en expansi\u00f3n. A trav\u00e9s del Fondo Europeo Mar\u00edtimo y de Pesca, la Comisi\u00f3n financia adem\u00e1s un sistema de subvenciones por un importe adicional de 40 millones de euros, destinado a ayudar a las pymes de la econom\u00eda azul a desarrollar y comercializar nuevos productos, tecnolog\u00edas y servicios que sean innovadores y sostenibles.<\/p>\n<p><strong>Virginijus Sinkevi\u010dius, comisario europeo de Medio Ambiente, Oc\u00e9anos y Pesca<\/strong>, ha declarado lo siguiente:\u00a0<em>\u00abLos oc\u00e9anos son lo primero que se ve afectado por el cambio clim\u00e1tico, pero tambi\u00e9n cuentan con m\u00faltiples soluciones para hacer frente a la emergencia clim\u00e1tica dentro de cada industria marina, desde la pesca y la acuicultura hasta la energ\u00eda e\u00f3lica marina, la energ\u00eda undimotriz y mareomotriz, la biotecnolog\u00eda azul y muchos otros \u00e1mbitos relacionados con la innovaci\u00f3n. Un fondo de inversi\u00f3n con unos recursos propios de 75 millones de euros es una herramienta para liberar el potencial de la econom\u00eda azul tanto para contribuir al Pacto Verde Europeo como para garantizar el crecimiento econ\u00f3mico de pymes europeas que desarrollan productos y servicios innovadores y sostenibles\u00bb.<\/em><\/p>\n<p><strong>La vicepresidenta del BEI, Emma Navarro, responsable de la Econom\u00eda Azul,<\/strong>\u00a0ha declarado lo siguiente:\u00a0<em>\u00abLos oc\u00e9anos son esenciales para la vida en la Tierra, pero se encuentran amenazados y necesitan protecci\u00f3n. Por eso estamos desarrollando soluciones financieras innovadoras en apoyo de la econom\u00eda azul, soluciones que nos permitan proporcionar financiaci\u00f3n para proteger los oc\u00e9anos y convertir los mares en un recurso econ\u00f3mico sostenible. El Fondo BlueInvest que ponemos hoy en marcha contribuir\u00e1 notablemente a que se movilicen inversiones privadas en este sector y a que despeguen algunos proyectos cr\u00edticos. Constituye otra importante asociaci\u00f3n entre el FEI y la Comisi\u00f3n Europea\u00bb.<\/em><\/p>\n<p><strong>Alain Godard, jefe ejecutivo del FEI<\/strong>, ha declarado lo siguiente:\u00a0<em>\u00abLos oc\u00e9anos ofrecen un enorme potencial de crecimiento econ\u00f3mico, pero dicho crecimiento debe ser sostenible. Las inversiones en el sector de la econom\u00eda azul que hemos firmado hoy muestran c\u00f3mo pueden destinarse fondos p\u00fablicos de la UE para atraer la inversi\u00f3n privada y catalizar el desarrollo de este sector. Estoy muy contento de que ya podamos poner en marcha el Fondo BlueInvest, que, combinado con capital privado adicional, ayudar\u00e1 a impulsar la agenda europea para la econom\u00eda azul\u00bb.<\/em><\/p>\n<p><strong>Contexto<\/strong><\/p>\n<p><strong>BlueInvest<\/strong>\u00a0es una iniciativa de la Comisi\u00f3n Europea cuyo objetivo es mejorar el acceso a la financiaci\u00f3n y aumentar la disponibilidad de las inversiones para las empresas emergentes, las empresas en fase inicial y las pymes activas en la econom\u00eda azul. Se caracteriza, entre otras cosas, por contar con una comunidad en l\u00ednea, por ayudar a las empresas para que puedan disponer de inversiones, por su compromiso con los inversores, por la organizaci\u00f3n de actos y por contar asimismo con una academia y una cartera de proyectos.\u00a0Encontrar\u00e1 m\u00e1s informaci\u00f3n en la\u00a0<span style=\"color: #ff6600;\"><strong><a style=\"color: #ff6600;\" href=\"https:\/\/webgate.ec.europa.eu\/maritimeforum\/en\/frontpage\/1451\" target=\"_blank\" rel=\"nofollow noopener noreferrer\" data-auth=\"NotApplicable\">siguiente direcci\u00f3n<\/a><\/strong><\/span>:<\/p>\n<p>El\u00a0<strong>Banco Europeo de Inversiones (BEI)<\/strong>\u00a0es la entidad de cr\u00e9dito a largo plazo de la Uni\u00f3n Europea, y es propiedad de sus Estados miembros. Facilita financiaci\u00f3n a largo plazo para inversiones s\u00f3lidas con el fin de contribuir a conseguir los objetivos pol\u00edticos de la UE.<\/p>\n<p>El\u00a0<strong>FEI<\/strong>\u00a0forma parte del Grupo del Banco Europeo de Inversiones. Su misi\u00f3n principal es prestar apoyo a las microempresas y las peque\u00f1as y medianas empresas europeas, ayud\u00e1ndolas a acceder a financiaci\u00f3n. El FEI dise\u00f1a y desarrolla tanto fondos de capital riesgo y de crecimiento como garant\u00edas e instrumentos de microfinanciaci\u00f3n que se dirigen espec\u00edficamente a este segmento del mercado. En esta funci\u00f3n, el FEI promueve los objetivos de la UE en apoyo de la innovaci\u00f3n, la investigaci\u00f3n y el desarrollo, el emprendimiento, el crecimiento y el empleo.<\/p>\n<p><strong>El\u00a0<\/strong><span style=\"color: #ff6600;\"><a style=\"color: #ff6600;\" href=\"https:\/\/ec.europa.eu\/commission\/priorities\/jobs-growth-and-investment\/investment-plan_es\" target=\"_blank\" rel=\"nofollow noopener noreferrer\" data-auth=\"NotApplicable\"><strong>Plan de Inversiones para Europa<\/strong><\/a><\/span>\u00a0se centra en impulsar la inversi\u00f3n para generar puestos de trabajo y crecimiento haciendo un uso m\u00e1s inteligente de los recursos financieros, eliminando los obst\u00e1culos a la inversi\u00f3n y proporcionando visibilidad y asistencia t\u00e9cnica a los proyectos de inversi\u00f3n.<\/p>\n<p>&nbsp;<\/p>\n","protected":false},"excerpt":{"rendered":"<p>La Comisi\u00f3n Europea se ha asociado con el Fondo Europeo de Inversiones, que forma parte del Grupo del Banco Europeo de Inversiones (BEI), para poner en marcha el Fondo BlueInvest. Durante la conferencia de la jornada BlueInvest\u00a0celebrada en Bruselas, la vicepresidenta del BEI, Emma Navarro, y el comisario de Medio Ambiente, Oc\u00e9anos y Pesca, Virginijus [&hellip;]<\/p>\n","protected":false},"author":1,"featured_media":983320,"comment_status":"closed","ping_status":"closed","sticky":false,"template":"","format":"standard","meta":{"footnotes":""},"categories":[187],"tags":[],"class_list":["post-1056708","post","type-post","status-publish","format-standard","has-post-thumbnail","hentry","category-economia"],"aioseo_notices":[],"aioseo_head":"\n\t\t<!-- All in One SEO Pro 4.9.6.2 - aioseo.com -->\n\t<meta name=\"description\" content=\"La Comisi\u00f3n Europea se ha asociado con el Fondo Europeo de Inversiones, que forma parte del Grupo del Banco Europeo de Inversiones (BEI), para poner en marcha el Fondo BlueInvest. Durante la conferencia de la jornada BlueInvest celebrada en Bruselas, la vicepresidenta del BEI, Emma Navarro, y el comisario de Medio Ambiente, Oc\u00e9anos y Pesca, Virginijus\" \/>\n\t<meta name=\"robots\" content=\"max-image-preview:large\" \/>\n\t<meta name=\"author\" content=\"El Digital de Asturias\"\/>\n\t<meta name=\"google-site-verification\" content=\"UA-38556648-1\" \/>\n\t<meta name=\"msvalidate.01\" content=\"7dfe9f3f1b24437ab69f4f2559babe99\" \/>\n\t<meta name=\"keywords\" content=\"econom\u00eda\" \/>\n\t<link rel=\"canonical\" href=\"https:\/\/www.eldigitaldeasturias.com\/noticias\/la-comision-europea-y-el-fondo-europeo-de-inversiones-ponen-en-marcha-el-fondo-blueinvest\/\" \/>\n\t<meta name=\"generator\" content=\"All in One SEO Pro (AIOSEO) 4.9.6.2\" \/>\n\t\t<meta property=\"og:locale\" content=\"es_ES\" \/>\n\t\t<meta property=\"og:site_name\" content=\"El Digital de Asturias\" \/>\n\t\t<meta property=\"og:type\" content=\"article\" \/>\n\t\t<meta property=\"og:title\" content=\"La Comisi\u00f3n Europea y el Fondo Europeo de Inversiones ponen en marcha el Fondo BlueInvest - El Digital de Asturias\" \/>\n\t\t<meta property=\"og:description\" content=\"La Comisi\u00f3n Europea se ha asociado con el Fondo Europeo de Inversiones, que forma parte del Grupo del Banco Europeo de Inversiones (BEI), para poner en marcha el Fondo BlueInvest. Durante la conferencia de la jornada BlueInvest celebrada en Bruselas, la vicepresidenta del BEI, Emma Navarro, y el comisario de Medio Ambiente, Oc\u00e9anos y Pesca, Virginijus\" \/>\n\t\t<meta property=\"og:url\" content=\"https:\/\/www.eldigitaldeasturias.com\/noticias\/la-comision-europea-y-el-fondo-europeo-de-inversiones-ponen-en-marcha-el-fondo-blueinvest\/\" \/>\n\t\t<meta property=\"og:image\" content=\"https:\/\/www.eldigitaldeasturias.com\/noticias\/wp-content\/uploads\/2018\/06\/blue-1283011_960_720.jpg\" \/>\n\t\t<meta property=\"og:image:secure_url\" content=\"https:\/\/www.eldigitaldeasturias.com\/noticias\/wp-content\/uploads\/2018\/06\/blue-1283011_960_720.jpg\" \/>\n\t\t<meta property=\"og:image:width\" content=\"960\" \/>\n\t\t<meta property=\"og:image:height\" content=\"671\" \/>\n\t\t<meta property=\"article:tag\" content=\"econom\u00eda\" \/>\n\t\t<meta property=\"article:published_time\" content=\"2020-02-05T01:07:50+00:00\" \/>\n\t\t<meta property=\"article:modified_time\" content=\"2020-02-05T01:07:50+00:00\" \/>\n\t\t<meta property=\"article:publisher\" content=\"https:\/\/facebook.com\/eldigitaldeasturias\" \/>\n\t\t<meta name=\"twitter:card\" content=\"summary_large_image\" \/>\n\t\t<meta name=\"twitter:title\" content=\"La Comisi\u00f3n Europea y el Fondo Europeo de Inversiones ponen en marcha el Fondo BlueInvest - El Digital de Asturias\" \/>\n\t\t<meta name=\"twitter:description\" content=\"La Comisi\u00f3n Europea se ha asociado con el Fondo Europeo de Inversiones, que forma parte del Grupo del Banco Europeo de Inversiones (BEI), para poner en marcha el Fondo BlueInvest. Durante la conferencia de la jornada BlueInvest celebrada en Bruselas, la vicepresidenta del BEI, Emma Navarro, y el comisario de Medio Ambiente, Oc\u00e9anos y Pesca, Virginijus\" \/>\n\t\t<meta name=\"twitter:image\" content=\"https:\/\/www.eldigitaldeasturias.com\/noticias\/wp-content\/uploads\/2018\/06\/blue-1283011_960_720.jpg\" \/>\n\t\t<meta name=\"twitter:label1\" content=\"Escrito por\" \/>\n\t\t<meta name=\"twitter:data1\" content=\"El Digital de Asturias\" \/>\n\t\t<meta name=\"twitter:label2\" content=\"Tiempo de lectura estimado\" \/>\n\t\t<meta name=\"twitter:data2\" content=\"5 minutos\" \/>\n\t\t<script type=\"application\/ld+json\" class=\"aioseo-schema\">\n\t\t\t{\"@context\":\"https:\\\/\\\/schema.org\",\"@graph\":[{\"@type\":\"BlogPosting\",\"@id\":\"https:\\\/\\\/www.eldigitaldeasturias.com\\\/noticias\\\/la-comision-europea-y-el-fondo-europeo-de-inversiones-ponen-en-marcha-el-fondo-blueinvest\\\/#blogposting\",\"name\":\"La Comisi\\u00f3n Europea y el Fondo Europeo de Inversiones ponen en marcha el Fondo BlueInvest - El Digital de Asturias\",\"headline\":\"La Comisi\\u00f3n Europea y el Fondo Europeo de Inversiones ponen en marcha el Fondo BlueInvest\",\"author\":{\"@id\":\"https:\\\/\\\/www.eldigitaldeasturias.com\\\/noticias\\\/author\\\/admin\\\/#author\"},\"publisher\":{\"@id\":\"https:\\\/\\\/www.eldigitaldeasturias.com\\\/noticias\\\/#organization\"},\"image\":{\"@type\":\"ImageObject\",\"url\":\"https:\\\/\\\/www.eldigitaldeasturias.com\\\/noticias\\\/wp-content\\\/uploads\\\/2018\\\/06\\\/blue-1283011_960_720.jpg\",\"width\":960,\"height\":671},\"datePublished\":\"2020-02-05T01:07:50+01:00\",\"dateModified\":\"2020-02-05T01:07:50+01:00\",\"inLanguage\":\"es-ES\",\"mainEntityOfPage\":{\"@id\":\"https:\\\/\\\/www.eldigitaldeasturias.com\\\/noticias\\\/la-comision-europea-y-el-fondo-europeo-de-inversiones-ponen-en-marcha-el-fondo-blueinvest\\\/#webpage\"},\"isPartOf\":{\"@id\":\"https:\\\/\\\/www.eldigitaldeasturias.com\\\/noticias\\\/la-comision-europea-y-el-fondo-europeo-de-inversiones-ponen-en-marcha-el-fondo-blueinvest\\\/#webpage\"},\"articleSection\":\"Econom\\u00eda\"},{\"@type\":\"BreadcrumbList\",\"@id\":\"https:\\\/\\\/www.eldigitaldeasturias.com\\\/noticias\\\/la-comision-europea-y-el-fondo-europeo-de-inversiones-ponen-en-marcha-el-fondo-blueinvest\\\/#breadcrumblist\",\"itemListElement\":[{\"@type\":\"ListItem\",\"@id\":\"https:\\\/\\\/www.eldigitaldeasturias.com\\\/noticias#listItem\",\"position\":1,\"name\":\"Home\",\"item\":\"https:\\\/\\\/www.eldigitaldeasturias.com\\\/noticias\",\"nextItem\":{\"@type\":\"ListItem\",\"@id\":\"https:\\\/\\\/www.eldigitaldeasturias.com\\\/noticias\\\/category\\\/economia\\\/#listItem\",\"name\":\"Econom\\u00eda\"}},{\"@type\":\"ListItem\",\"@id\":\"https:\\\/\\\/www.eldigitaldeasturias.com\\\/noticias\\\/category\\\/economia\\\/#listItem\",\"position\":2,\"name\":\"Econom\\u00eda\",\"item\":\"https:\\\/\\\/www.eldigitaldeasturias.com\\\/noticias\\\/category\\\/economia\\\/\",\"nextItem\":{\"@type\":\"ListItem\",\"@id\":\"https:\\\/\\\/www.eldigitaldeasturias.com\\\/noticias\\\/la-comision-europea-y-el-fondo-europeo-de-inversiones-ponen-en-marcha-el-fondo-blueinvest\\\/#listItem\",\"name\":\"La Comisi\\u00f3n Europea y el Fondo Europeo de Inversiones ponen en marcha el Fondo BlueInvest\"},\"previousItem\":{\"@type\":\"ListItem\",\"@id\":\"https:\\\/\\\/www.eldigitaldeasturias.com\\\/noticias#listItem\",\"name\":\"Home\"}},{\"@type\":\"ListItem\",\"@id\":\"https:\\\/\\\/www.eldigitaldeasturias.com\\\/noticias\\\/la-comision-europea-y-el-fondo-europeo-de-inversiones-ponen-en-marcha-el-fondo-blueinvest\\\/#listItem\",\"position\":3,\"name\":\"La Comisi\\u00f3n Europea y el Fondo Europeo de Inversiones ponen en marcha el Fondo BlueInvest\",\"previousItem\":{\"@type\":\"ListItem\",\"@id\":\"https:\\\/\\\/www.eldigitaldeasturias.com\\\/noticias\\\/category\\\/economia\\\/#listItem\",\"name\":\"Econom\\u00eda\"}}]},{\"@type\":\"Organization\",\"@id\":\"https:\\\/\\\/www.eldigitaldeasturias.com\\\/noticias\\\/#organization\",\"name\":\"El Digital de Asturias\",\"description\":\"Hemeroteca\",\"url\":\"https:\\\/\\\/www.eldigitaldeasturias.com\\\/noticias\\\/\",\"email\":\"info@eldigitaldeasturias.com\",\"telephone\":\"+34652131393\",\"logo\":{\"@type\":\"ImageObject\",\"url\":\"https:\\\/\\\/www.eldigitaldeasturias.com\\\/noticias\\\/wp-content\\\/uploads\\\/2020\\\/12\\\/EDA.jpg\",\"@id\":\"https:\\\/\\\/www.eldigitaldeasturias.com\\\/noticias\\\/la-comision-europea-y-el-fondo-europeo-de-inversiones-ponen-en-marcha-el-fondo-blueinvest\\\/#organizationLogo\",\"width\":649,\"height\":297},\"image\":{\"@id\":\"https:\\\/\\\/www.eldigitaldeasturias.com\\\/noticias\\\/la-comision-europea-y-el-fondo-europeo-de-inversiones-ponen-en-marcha-el-fondo-blueinvest\\\/#organizationLogo\"},\"sameAs\":[\"https:\\\/\\\/facebook.com\\\/eldigitaldeasturias\",\"https:\\\/\\\/www.youtube.com\\\/channel\\\/UCZP-2wLEB9Rv6erhFmqVnvg\"],\"address\":{\"@id\":\"https:\\\/\\\/www.eldigitaldeasturias.com\\\/noticias\\\/#postaladdress\",\"@type\":\"PostalAddress\",\"streetAddress\":\"san antonio 4,\",\"postalCode\":\"33430\",\"addressLocality\":\"Cand\\u00e1s\",\"addressRegion\":\"Asturias\",\"addressCountry\":\"ES\"}},{\"@type\":\"Person\",\"@id\":\"https:\\\/\\\/www.eldigitaldeasturias.com\\\/noticias\\\/author\\\/admin\\\/#author\",\"url\":\"https:\\\/\\\/www.eldigitaldeasturias.com\\\/noticias\\\/author\\\/admin\\\/\",\"name\":\"El Digital de Asturias\",\"image\":{\"@type\":\"ImageObject\",\"@id\":\"https:\\\/\\\/www.eldigitaldeasturias.com\\\/noticias\\\/la-comision-europea-y-el-fondo-europeo-de-inversiones-ponen-en-marcha-el-fondo-blueinvest\\\/#authorImage\",\"url\":\"https:\\\/\\\/www.eldigitaldeasturias.com\\\/noticias\\\/wp-content\\\/litespeed\\\/avatar\\\/18677e78aa0546b92d9dbf31ec7d7668.jpg?ver=1776685526\",\"width\":96,\"height\":96,\"caption\":\"El Digital de Asturias\"}},{\"@type\":\"WebPage\",\"@id\":\"https:\\\/\\\/www.eldigitaldeasturias.com\\\/noticias\\\/la-comision-europea-y-el-fondo-europeo-de-inversiones-ponen-en-marcha-el-fondo-blueinvest\\\/#webpage\",\"url\":\"https:\\\/\\\/www.eldigitaldeasturias.com\\\/noticias\\\/la-comision-europea-y-el-fondo-europeo-de-inversiones-ponen-en-marcha-el-fondo-blueinvest\\\/\",\"name\":\"La Comisi\\u00f3n Europea y el Fondo Europeo de Inversiones ponen en marcha el Fondo BlueInvest - El Digital de Asturias\",\"description\":\"La Comisi\\u00f3n Europea se ha asociado con el Fondo Europeo de Inversiones, que forma parte del Grupo del Banco Europeo de Inversiones (BEI), para poner en marcha el Fondo BlueInvest. Durante la conferencia de la jornada BlueInvest celebrada en Bruselas, la vicepresidenta del BEI, Emma Navarro, y el comisario de Medio Ambiente, Oc\\u00e9anos y Pesca, Virginijus\",\"inLanguage\":\"es-ES\",\"isPartOf\":{\"@id\":\"https:\\\/\\\/www.eldigitaldeasturias.com\\\/noticias\\\/#website\"},\"breadcrumb\":{\"@id\":\"https:\\\/\\\/www.eldigitaldeasturias.com\\\/noticias\\\/la-comision-europea-y-el-fondo-europeo-de-inversiones-ponen-en-marcha-el-fondo-blueinvest\\\/#breadcrumblist\"},\"author\":{\"@id\":\"https:\\\/\\\/www.eldigitaldeasturias.com\\\/noticias\\\/author\\\/admin\\\/#author\"},\"creator\":{\"@id\":\"https:\\\/\\\/www.eldigitaldeasturias.com\\\/noticias\\\/author\\\/admin\\\/#author\"},\"image\":{\"@type\":\"ImageObject\",\"url\":\"https:\\\/\\\/www.eldigitaldeasturias.com\\\/noticias\\\/wp-content\\\/uploads\\\/2018\\\/06\\\/blue-1283011_960_720.jpg\",\"@id\":\"https:\\\/\\\/www.eldigitaldeasturias.com\\\/noticias\\\/la-comision-europea-y-el-fondo-europeo-de-inversiones-ponen-en-marcha-el-fondo-blueinvest\\\/#mainImage\",\"width\":960,\"height\":671},\"primaryImageOfPage\":{\"@id\":\"https:\\\/\\\/www.eldigitaldeasturias.com\\\/noticias\\\/la-comision-europea-y-el-fondo-europeo-de-inversiones-ponen-en-marcha-el-fondo-blueinvest\\\/#mainImage\"},\"datePublished\":\"2020-02-05T01:07:50+01:00\",\"dateModified\":\"2020-02-05T01:07:50+01:00\"},{\"@type\":\"WebSite\",\"@id\":\"https:\\\/\\\/www.eldigitaldeasturias.com\\\/noticias\\\/#website\",\"url\":\"https:\\\/\\\/www.eldigitaldeasturias.com\\\/noticias\\\/\",\"name\":\"El Digital de Asturias - Diario de actualidad y noticias\",\"alternateName\":\"El Digital de Asturias - Diario de actualidad y noticias\",\"description\":\"Hemeroteca\",\"inLanguage\":\"es-ES\",\"publisher\":{\"@id\":\"https:\\\/\\\/www.eldigitaldeasturias.com\\\/noticias\\\/#organization\"}}]}\n\t\t<\/script>\n\t\t<!-- All in One SEO Pro -->\r\n\t\t<title>La Comisi\u00f3n Europea y el Fondo Europeo de Inversiones ponen en marcha el Fondo BlueInvest - El Digital de Asturias<\/title>\n\n","aioseo_head_json":{"title":"La Comisi\u00f3n Europea y el Fondo Europeo de Inversiones ponen en marcha el Fondo BlueInvest - El Digital de Asturias","description":"La Comisi\u00f3n Europea se ha asociado con el Fondo Europeo de Inversiones, que forma parte del Grupo del Banco Europeo de Inversiones (BEI), para poner en marcha el Fondo BlueInvest. Durante la conferencia de la jornada BlueInvest celebrada en Bruselas, la vicepresidenta del BEI, Emma Navarro, y el comisario de Medio Ambiente, Oc\u00e9anos y Pesca, Virginijus","canonical_url":"https:\/\/www.eldigitaldeasturias.com\/noticias\/la-comision-europea-y-el-fondo-europeo-de-inversiones-ponen-en-marcha-el-fondo-blueinvest\/","robots":"max-image-preview:large","keywords":"econom\u00eda","webmasterTools":{"google-site-verification":"UA-38556648-1","msvalidate.01":"7dfe9f3f1b24437ab69f4f2559babe99","miscellaneous":""},"schema":{"@context":"https:\/\/schema.org","@graph":[{"@type":"BlogPosting","@id":"https:\/\/www.eldigitaldeasturias.com\/noticias\/la-comision-europea-y-el-fondo-europeo-de-inversiones-ponen-en-marcha-el-fondo-blueinvest\/#blogposting","name":"La Comisi\u00f3n Europea y el Fondo Europeo de Inversiones ponen en marcha el Fondo BlueInvest - El Digital de Asturias","headline":"La Comisi\u00f3n Europea y el Fondo Europeo de Inversiones ponen en marcha el Fondo BlueInvest","author":{"@id":"https:\/\/www.eldigitaldeasturias.com\/noticias\/author\/admin\/#author"},"publisher":{"@id":"https:\/\/www.eldigitaldeasturias.com\/noticias\/#organization"},"image":{"@type":"ImageObject","url":"https:\/\/www.eldigitaldeasturias.com\/noticias\/wp-content\/uploads\/2018\/06\/blue-1283011_960_720.jpg","width":960,"height":671},"datePublished":"2020-02-05T01:07:50+01:00","dateModified":"2020-02-05T01:07:50+01:00","inLanguage":"es-ES","mainEntityOfPage":{"@id":"https:\/\/www.eldigitaldeasturias.com\/noticias\/la-comision-europea-y-el-fondo-europeo-de-inversiones-ponen-en-marcha-el-fondo-blueinvest\/#webpage"},"isPartOf":{"@id":"https:\/\/www.eldigitaldeasturias.com\/noticias\/la-comision-europea-y-el-fondo-europeo-de-inversiones-ponen-en-marcha-el-fondo-blueinvest\/#webpage"},"articleSection":"Econom\u00eda"},{"@type":"BreadcrumbList","@id":"https:\/\/www.eldigitaldeasturias.com\/noticias\/la-comision-europea-y-el-fondo-europeo-de-inversiones-ponen-en-marcha-el-fondo-blueinvest\/#breadcrumblist","itemListElement":[{"@type":"ListItem","@id":"https:\/\/www.eldigitaldeasturias.com\/noticias#listItem","position":1,"name":"Home","item":"https:\/\/www.eldigitaldeasturias.com\/noticias","nextItem":{"@type":"ListItem","@id":"https:\/\/www.eldigitaldeasturias.com\/noticias\/category\/economia\/#listItem","name":"Econom\u00eda"}},{"@type":"ListItem","@id":"https:\/\/www.eldigitaldeasturias.com\/noticias\/category\/economia\/#listItem","position":2,"name":"Econom\u00eda","item":"https:\/\/www.eldigitaldeasturias.com\/noticias\/category\/economia\/","nextItem":{"@type":"ListItem","@id":"https:\/\/www.eldigitaldeasturias.com\/noticias\/la-comision-europea-y-el-fondo-europeo-de-inversiones-ponen-en-marcha-el-fondo-blueinvest\/#listItem","name":"La Comisi\u00f3n Europea y el Fondo Europeo de Inversiones ponen en marcha el Fondo BlueInvest"},"previousItem":{"@type":"ListItem","@id":"https:\/\/www.eldigitaldeasturias.com\/noticias#listItem","name":"Home"}},{"@type":"ListItem","@id":"https:\/\/www.eldigitaldeasturias.com\/noticias\/la-comision-europea-y-el-fondo-europeo-de-inversiones-ponen-en-marcha-el-fondo-blueinvest\/#listItem","position":3,"name":"La Comisi\u00f3n Europea y el Fondo Europeo de Inversiones ponen en marcha el Fondo BlueInvest","previousItem":{"@type":"ListItem","@id":"https:\/\/www.eldigitaldeasturias.com\/noticias\/category\/economia\/#listItem","name":"Econom\u00eda"}}]},{"@type":"Organization","@id":"https:\/\/www.eldigitaldeasturias.com\/noticias\/#organization","name":"El Digital de Asturias","description":"Hemeroteca","url":"https:\/\/www.eldigitaldeasturias.com\/noticias\/","email":"info@eldigitaldeasturias.com","telephone":"+34652131393","logo":{"@type":"ImageObject","url":"https:\/\/www.eldigitaldeasturias.com\/noticias\/wp-content\/uploads\/2020\/12\/EDA.jpg","@id":"https:\/\/www.eldigitaldeasturias.com\/noticias\/la-comision-europea-y-el-fondo-europeo-de-inversiones-ponen-en-marcha-el-fondo-blueinvest\/#organizationLogo","width":649,"height":297},"image":{"@id":"https:\/\/www.eldigitaldeasturias.com\/noticias\/la-comision-europea-y-el-fondo-europeo-de-inversiones-ponen-en-marcha-el-fondo-blueinvest\/#organizationLogo"},"sameAs":["https:\/\/facebook.com\/eldigitaldeasturias","https:\/\/www.youtube.com\/channel\/UCZP-2wLEB9Rv6erhFmqVnvg"],"address":{"@id":"https:\/\/www.eldigitaldeasturias.com\/noticias\/#postaladdress","@type":"PostalAddress","streetAddress":"san antonio 4,","postalCode":"33430","addressLocality":"Cand\u00e1s","addressRegion":"Asturias","addressCountry":"ES"}},{"@type":"Person","@id":"https:\/\/www.eldigitaldeasturias.com\/noticias\/author\/admin\/#author","url":"https:\/\/www.eldigitaldeasturias.com\/noticias\/author\/admin\/","name":"El Digital de Asturias","image":{"@type":"ImageObject","@id":"https:\/\/www.eldigitaldeasturias.com\/noticias\/la-comision-europea-y-el-fondo-europeo-de-inversiones-ponen-en-marcha-el-fondo-blueinvest\/#authorImage","url":"https:\/\/www.eldigitaldeasturias.com\/noticias\/wp-content\/litespeed\/avatar\/18677e78aa0546b92d9dbf31ec7d7668.jpg?ver=1776685526","width":96,"height":96,"caption":"El Digital de Asturias"}},{"@type":"WebPage","@id":"https:\/\/www.eldigitaldeasturias.com\/noticias\/la-comision-europea-y-el-fondo-europeo-de-inversiones-ponen-en-marcha-el-fondo-blueinvest\/#webpage","url":"https:\/\/www.eldigitaldeasturias.com\/noticias\/la-comision-europea-y-el-fondo-europeo-de-inversiones-ponen-en-marcha-el-fondo-blueinvest\/","name":"La Comisi\u00f3n Europea y el Fondo Europeo de Inversiones ponen en marcha el Fondo BlueInvest - El Digital de Asturias","description":"La Comisi\u00f3n Europea se ha asociado con el Fondo Europeo de Inversiones, que forma parte del Grupo del Banco Europeo de Inversiones (BEI), para poner en marcha el Fondo BlueInvest. Durante la conferencia de la jornada BlueInvest celebrada en Bruselas, la vicepresidenta del BEI, Emma Navarro, y el comisario de Medio Ambiente, Oc\u00e9anos y Pesca, Virginijus","inLanguage":"es-ES","isPartOf":{"@id":"https:\/\/www.eldigitaldeasturias.com\/noticias\/#website"},"breadcrumb":{"@id":"https:\/\/www.eldigitaldeasturias.com\/noticias\/la-comision-europea-y-el-fondo-europeo-de-inversiones-ponen-en-marcha-el-fondo-blueinvest\/#breadcrumblist"},"author":{"@id":"https:\/\/www.eldigitaldeasturias.com\/noticias\/author\/admin\/#author"},"creator":{"@id":"https:\/\/www.eldigitaldeasturias.com\/noticias\/author\/admin\/#author"},"image":{"@type":"ImageObject","url":"https:\/\/www.eldigitaldeasturias.com\/noticias\/wp-content\/uploads\/2018\/06\/blue-1283011_960_720.jpg","@id":"https:\/\/www.eldigitaldeasturias.com\/noticias\/la-comision-europea-y-el-fondo-europeo-de-inversiones-ponen-en-marcha-el-fondo-blueinvest\/#mainImage","width":960,"height":671},"primaryImageOfPage":{"@id":"https:\/\/www.eldigitaldeasturias.com\/noticias\/la-comision-europea-y-el-fondo-europeo-de-inversiones-ponen-en-marcha-el-fondo-blueinvest\/#mainImage"},"datePublished":"2020-02-05T01:07:50+01:00","dateModified":"2020-02-05T01:07:50+01:00"},{"@type":"WebSite","@id":"https:\/\/www.eldigitaldeasturias.com\/noticias\/#website","url":"https:\/\/www.eldigitaldeasturias.com\/noticias\/","name":"El Digital de Asturias - Diario de actualidad y noticias","alternateName":"El Digital de Asturias - Diario de actualidad y noticias","description":"Hemeroteca","inLanguage":"es-ES","publisher":{"@id":"https:\/\/www.eldigitaldeasturias.com\/noticias\/#organization"}}]},"og:locale":"es_ES","og:site_name":"El Digital de Asturias","og:type":"article","og:title":"La Comisi\u00f3n Europea y el Fondo Europeo de Inversiones ponen en marcha el Fondo BlueInvest - El Digital de Asturias","og:description":"La Comisi\u00f3n Europea se ha asociado con el Fondo Europeo de Inversiones, que forma parte del Grupo del Banco Europeo de Inversiones (BEI), para poner en marcha el Fondo BlueInvest. Durante la conferencia de la jornada BlueInvest celebrada en Bruselas, la vicepresidenta del BEI, Emma Navarro, y el comisario de Medio Ambiente, Oc\u00e9anos y Pesca, Virginijus","og:url":"https:\/\/www.eldigitaldeasturias.com\/noticias\/la-comision-europea-y-el-fondo-europeo-de-inversiones-ponen-en-marcha-el-fondo-blueinvest\/","og:image":"https:\/\/www.eldigitaldeasturias.com\/noticias\/wp-content\/uploads\/2018\/06\/blue-1283011_960_720.jpg","og:image:secure_url":"https:\/\/www.eldigitaldeasturias.com\/noticias\/wp-content\/uploads\/2018\/06\/blue-1283011_960_720.jpg","og:image:width":960,"og:image:height":671,"article:tag":["econom\u00eda"],"article:published_time":"2020-02-05T01:07:50+00:00","article:modified_time":"2020-02-05T01:07:50+00:00","article:publisher":"https:\/\/facebook.com\/eldigitaldeasturias","twitter:card":"summary_large_image","twitter:title":"La Comisi\u00f3n Europea y el Fondo Europeo de Inversiones ponen en marcha el Fondo BlueInvest - El Digital de Asturias","twitter:description":"La Comisi\u00f3n Europea se ha asociado con el Fondo Europeo de Inversiones, que forma parte del Grupo del Banco Europeo de Inversiones (BEI), para poner en marcha el Fondo BlueInvest. Durante la conferencia de la jornada BlueInvest celebrada en Bruselas, la vicepresidenta del BEI, Emma Navarro, y el comisario de Medio Ambiente, Oc\u00e9anos y Pesca, Virginijus","twitter:image":"https:\/\/www.eldigitaldeasturias.com\/noticias\/wp-content\/uploads\/2018\/06\/blue-1283011_960_720.jpg","twitter:label1":"Escrito por","twitter:data1":"El Digital de Asturias","twitter:label2":"Tiempo de lectura estimado","twitter:data2":"5 minutos"},"aioseo_meta_data":{"post_id":"1056708","title":null,"description":null,"keywords":null,"keyphrases":null,"primary_term":null,"canonical_url":null,"og_title":null,"og_description":null,"og_object_type":"default","og_image_type":"default","og_image_url":null,"og_image_width":null,"og_image_height":null,"og_image_custom_url":null,"og_image_custom_fields":null,"og_video":null,"og_custom_url":null,"og_article_section":null,"og_article_tags":null,"twitter_use_og":false,"twitter_card":"default","twitter_image_type":"default","twitter_image_url":null,"twitter_image_custom_url":null,"twitter_image_custom_fields":null,"twitter_title":null,"twitter_description":null,"schema":{"blockGraphs":[],"customGraphs":[],"default":{"data":{"Article":[],"Course":[],"Dataset":[],"FAQPage":[],"Movie":[],"Person":[],"Product":[],"ProductReview":[],"Car":[],"Recipe":[],"Service":[],"SoftwareApplication":[],"WebPage":[]},"graphName":"","isEnabled":true},"graphs":[],"defaultGraph":"","defaultPostTypeGraph":""},"schema_type":null,"schema_type_options":null,"pillar_content":false,"robots_default":true,"robots_noindex":false,"robots_noarchive":false,"robots_nosnippet":false,"robots_nofollow":false,"robots_noimageindex":false,"robots_noodp":false,"robots_notranslate":false,"robots_max_snippet":null,"robots_max_videopreview":null,"robots_max_imagepreview":"large","priority":null,"frequency":null,"local_seo":null,"seo_analyzer_scan_date":"2025-10-30 23:17:11","breadcrumb_settings":null,"limit_modified_date":false,"open_ai":null,"ai":null,"created":"2020-12-21 10:55:49","updated":"2025-10-30 23:17:11"},"aioseo_breadcrumb":"<div class=\"aioseo-breadcrumbs\"><span class=\"aioseo-breadcrumb\">\n\t<a href=\"https:\/\/www.eldigitaldeasturias.com\/noticias\" title=\"Home\">Home<\/a>\n<\/span><span class=\"aioseo-breadcrumb-separator\">\u2013<\/span><span class=\"aioseo-breadcrumb\">\n\t<a href=\"https:\/\/www.eldigitaldeasturias.com\/noticias\/category\/economia\/\" title=\"Econom\u00eda\">Econom\u00eda<\/a>\n<\/span><span class=\"aioseo-breadcrumb-separator\">\u2013<\/span><span class=\"aioseo-breadcrumb\">\n\t<a href=\"https:\/\/www.eldigitaldeasturias.com\/noticias\/la-comision-europea-y-el-fondo-europeo-de-inversiones-ponen-en-marcha-el-fondo-blueinvest\/\" title=\"La Comisi\u00f3n Europea y el Fondo Europeo de Inversiones ponen en marcha el Fondo BlueInvest\">La Comisi\u00f3n Europea y el Fondo Europeo de Inversiones ponen en marcha el Fondo BlueInvest<\/a>\n<\/span><\/div>","aioseo_breadcrumb_json":[{"label":"Home","link":"https:\/\/www.eldigitaldeasturias.com\/noticias"},{"label":"Econom\u00eda","link":"https:\/\/www.eldigitaldeasturias.com\/noticias\/category\/economia\/"},{"label":"La Comisi\u00f3n Europea y el Fondo Europeo de Inversiones ponen en marcha el Fondo BlueInvest","link":"https:\/\/www.eldigitaldeasturias.com\/noticias\/la-comision-europea-y-el-fondo-europeo-de-inversiones-ponen-en-marcha-el-fondo-blueinvest\/"}],"_links":{"self":[{"href":"https:\/\/www.eldigitaldeasturias.com\/noticias\/wp-json\/wp\/v2\/posts\/1056708","targetHints":{"allow":["GET"]}}],"collection":[{"href":"https:\/\/www.eldigitaldeasturias.com\/noticias\/wp-json\/wp\/v2\/posts"}],"about":[{"href":"https:\/\/www.eldigitaldeasturias.com\/noticias\/wp-json\/wp\/v2\/types\/post"}],"author":[{"embeddable":true,"href":"https:\/\/www.eldigitaldeasturias.com\/noticias\/wp-json\/wp\/v2\/users\/1"}],"replies":[{"embeddable":true,"href":"https:\/\/www.eldigitaldeasturias.com\/noticias\/wp-json\/wp\/v2\/comments?post=1056708"}],"version-history":[{"count":0,"href":"https:\/\/www.eldigitaldeasturias.com\/noticias\/wp-json\/wp\/v2\/posts\/1056708\/revisions"}],"wp:featuredmedia":[{"embeddable":true,"href":"https:\/\/www.eldigitaldeasturias.com\/noticias\/wp-json\/wp\/v2\/media\/983320"}],"wp:attachment":[{"href":"https:\/\/www.eldigitaldeasturias.com\/noticias\/wp-json\/wp\/v2\/media?parent=1056708"}],"wp:term":[{"taxonomy":"category","embeddable":true,"href":"https:\/\/www.eldigitaldeasturias.com\/noticias\/wp-json\/wp\/v2\/categories?post=1056708"},{"taxonomy":"post_tag","embeddable":true,"href":"https:\/\/www.eldigitaldeasturias.com\/noticias\/wp-json\/wp\/v2\/tags?post=1056708"}],"curies":[{"name":"wp","href":"https:\/\/api.w.org\/{rel}","templated":true}]}}