{"id":1056679,"date":"2020-02-04T20:53:08","date_gmt":"2020-02-04T20:53:08","guid":{"rendered":"https:\/\/www.eldigitaldeasturias.com\/noticias\/?p=1056679"},"modified":"2020-02-04T20:53:08","modified_gmt":"2020-02-04T20:53:08","slug":"espana-cerro-el-ano-2019-con-la-llegada-de-837-millones-de-turistas-internacionales","status":"publish","type":"post","link":"https:\/\/www.eldigitaldeasturias.com\/noticias\/espana-cerro-el-ano-2019-con-la-llegada-de-837-millones-de-turistas-internacionales\/","title":{"rendered":"Espa\u00f1a cerr\u00f3 el a\u00f1o 2019 con la llegada de 83,7 millones de turistas internacionales"},"content":{"rendered":"<p><strong><img loading=\"lazy\" decoding=\"async\" class=\"alignleft size-medium wp-image-1016180\" src=\"https:\/\/www.eldigitaldeasturias.com\/noticias\/wp-content\/uploads\/2019\/02\/airport-731196_960_720-360x240.jpg\" alt=\"\" width=\"360\" height=\"240\" srcset=\"https:\/\/www.eldigitaldeasturias.com\/noticias\/wp-content\/uploads\/2019\/02\/airport-731196_960_720-360x240.jpg 360w, https:\/\/www.eldigitaldeasturias.com\/noticias\/wp-content\/uploads\/2019\/02\/airport-731196_960_720-768x512.jpg 768w, https:\/\/www.eldigitaldeasturias.com\/noticias\/wp-content\/uploads\/2019\/02\/airport-731196_960_720-650x433.jpg 650w, https:\/\/www.eldigitaldeasturias.com\/noticias\/wp-content\/uploads\/2019\/02\/airport-731196_960_720.jpg 960w\" sizes=\"auto, (max-width: 360px) 100vw, 360px\" \/>Espa\u00f1a cerr\u00f3 el a\u00f1o 2019 con la llegada de 83,7 millones de turistas internacionales<\/strong>, un 1,1% m\u00e1s que en 2018, mientras el gasto se increment\u00f3 un 2,8%, hasta los 92.278 millones de euros. Se trata de los niveles m\u00e1s altos alcanzados por la serie hist\u00f3rica.<\/p>\n<p>Son los principales datos de las encuestas de Movimientos Tur\u00edsticos en Frontera (FRONTUR) y de Gasto Tur\u00edstico (EGATUR) que elabora el Instituto Nacional de Estad\u00edstica.<\/p>\n<p>La secretaria de Estado de Turismo, Isabel Oliver, celebra \u00ablas buenas cifras con las que ha cerrado 2019 alcanzando un nuevo r\u00e9cord en llegada de turistas internacionales y en gasto y mostrando el dinamismo del turismo en un a\u00f1o no exento de dificultades como el Brexit y la quiebra de Thomas Cook. Estos magn\u00edficos datos nos permiten afrontar el 2020 con unos s\u00f3lidos pilares y con la confianza de que tenemos un sector fuerte capaz de mantener a Espa\u00f1a como l\u00edder mundial en competitividad tur\u00edstica\u00bb.<\/p>\n<h3>Llegada de turistas<\/h3>\n<p>En 2019, los principales mercados emisores fueron Reino Unido, con m\u00e1s de 18 millones de turistas internacionales, un 2,4% menos que el a\u00f1o anterior; Alemania, con casi 11,2 millones (-2,1%), y Francia, con 11,1 millones de turistas, (-1,2%).<\/p>\n<p>Entre el resto de pa\u00edses de residencia cabe destacar los crecimientos experimentados por Estados Unidos (+12,6%), Rusia (+6,9%) e Irlanda (+6,0%).<\/p>\n<p>Por destinos nacionales, Catalu\u00f1a fue la comunidad que m\u00e1s turistas recibi\u00f3, cerca de 19,4 millones, lo que supone un aumento del 0,8%. Le siguieron Baleares (con cerca de 13,7 millones y un descenso del 1,2%) y Canarias (con m\u00e1s de 13,1 millones, un 4,4% menos).<\/p>\n<p>Cabe destacar el crecimiento de Madrid, que en 2019 recibi\u00f3 7.638.375 turistas, lo que supone un incremento del 7% respecto al a\u00f1o anterior.<\/p>\n<h3>Incremento del gasto<\/h3>\n<p>En 2019, las comunidades aut\u00f3nomas de destino principal con mayor gasto total fueron Catalu\u00f1a (con 21.325 millones de euros y un aumento del 4,1%), Canarias (con 16.866 millones de euros, un 1,4% menos que en 2018), y Baleares (con 14.878 millones de euros, un incremento del 0,8%).<\/p>\n<p>La Comunidad de Madrid destaca en este apartado, con un ascenso del 12,6% y 10.452 millones de euros.<\/p>\n<p>En cuanto a los pa\u00edses emisores, Reino Unido es el que presenta mayor gasto acumulado en el a\u00f1o con 17.986 millones de euros (+0,2%). Le siguen Alemania, con 11.722 millones de euros (-2,1%) y Francia, con 7.596 millones de euros (+2,6%).<\/p>\n<p>&nbsp;<\/p>\n","protected":false},"excerpt":{"rendered":"<p>Espa\u00f1a cerr\u00f3 el a\u00f1o 2019 con la llegada de 83,7 millones de turistas internacionales, un 1,1% m\u00e1s que en 2018, mientras el gasto se increment\u00f3 un 2,8%, hasta los 92.278 millones de euros. Se trata de los niveles m\u00e1s altos alcanzados por la serie hist\u00f3rica. Son los principales datos de las encuestas de Movimientos Tur\u00edsticos [&hellip;]<\/p>\n","protected":false},"author":1,"featured_media":1016180,"comment_status":"closed","ping_status":"closed","sticky":false,"template":"","format":"standard","meta":{"footnotes":""},"categories":[148],"tags":[],"class_list":["post-1056679","post","type-post","status-publish","format-standard","has-post-thumbnail","hentry","category-turismo"],"aioseo_notices":[],"aioseo_head":"\n\t\t<!-- All in One SEO Pro 4.9.6.2 - aioseo.com -->\n\t<meta name=\"description\" content=\"Espa\u00f1a cerr\u00f3 el a\u00f1o 2019 con la llegada de 83,7 millones de turistas internacionales, un 1,1% m\u00e1s que en 2018, mientras el gasto se increment\u00f3 un 2,8%, hasta los 92.278 millones de euros. Se trata de los niveles m\u00e1s altos alcanzados por la serie hist\u00f3rica. Son los principales datos de las encuestas de Movimientos Tur\u00edsticos\" \/>\n\t<meta name=\"robots\" content=\"max-image-preview:large\" \/>\n\t<meta name=\"author\" content=\"El Digital de Asturias\"\/>\n\t<meta name=\"google-site-verification\" content=\"UA-38556648-1\" \/>\n\t<meta name=\"msvalidate.01\" content=\"7dfe9f3f1b24437ab69f4f2559babe99\" \/>\n\t<meta name=\"keywords\" content=\"turismo\" \/>\n\t<link rel=\"canonical\" href=\"https:\/\/www.eldigitaldeasturias.com\/noticias\/espana-cerro-el-ano-2019-con-la-llegada-de-837-millones-de-turistas-internacionales\/\" \/>\n\t<meta name=\"generator\" content=\"All in One SEO Pro (AIOSEO) 4.9.6.2\" \/>\n\t\t<meta property=\"og:locale\" content=\"es_ES\" \/>\n\t\t<meta property=\"og:site_name\" content=\"El Digital de Asturias\" \/>\n\t\t<meta property=\"og:type\" content=\"article\" \/>\n\t\t<meta property=\"og:title\" content=\"Espa\u00f1a cerr\u00f3 el a\u00f1o 2019 con la llegada de 83,7 millones de turistas internacionales - El Digital de Asturias\" \/>\n\t\t<meta property=\"og:description\" content=\"Espa\u00f1a cerr\u00f3 el a\u00f1o 2019 con la llegada de 83,7 millones de turistas internacionales, un 1,1% m\u00e1s que en 2018, mientras el gasto se increment\u00f3 un 2,8%, hasta los 92.278 millones de euros. Se trata de los niveles m\u00e1s altos alcanzados por la serie hist\u00f3rica. Son los principales datos de las encuestas de Movimientos Tur\u00edsticos\" \/>\n\t\t<meta property=\"og:url\" content=\"https:\/\/www.eldigitaldeasturias.com\/noticias\/espana-cerro-el-ano-2019-con-la-llegada-de-837-millones-de-turistas-internacionales\/\" \/>\n\t\t<meta property=\"og:image\" content=\"https:\/\/www.eldigitaldeasturias.com\/noticias\/wp-content\/uploads\/2019\/02\/airport-731196_960_720.jpg\" \/>\n\t\t<meta property=\"og:image:secure_url\" content=\"https:\/\/www.eldigitaldeasturias.com\/noticias\/wp-content\/uploads\/2019\/02\/airport-731196_960_720.jpg\" \/>\n\t\t<meta property=\"og:image:width\" content=\"960\" \/>\n\t\t<meta property=\"og:image:height\" content=\"640\" \/>\n\t\t<meta property=\"article:tag\" content=\"turismo\" \/>\n\t\t<meta property=\"article:published_time\" content=\"2020-02-04T20:53:08+00:00\" \/>\n\t\t<meta property=\"article:modified_time\" content=\"2020-02-04T20:53:08+00:00\" \/>\n\t\t<meta property=\"article:publisher\" content=\"https:\/\/facebook.com\/eldigitaldeasturias\" \/>\n\t\t<meta name=\"twitter:card\" content=\"summary_large_image\" \/>\n\t\t<meta name=\"twitter:title\" content=\"Espa\u00f1a cerr\u00f3 el a\u00f1o 2019 con la llegada de 83,7 millones de turistas internacionales - El Digital de Asturias\" \/>\n\t\t<meta name=\"twitter:description\" content=\"Espa\u00f1a cerr\u00f3 el a\u00f1o 2019 con la llegada de 83,7 millones de turistas internacionales, un 1,1% m\u00e1s que en 2018, mientras el gasto se increment\u00f3 un 2,8%, hasta los 92.278 millones de euros. Se trata de los niveles m\u00e1s altos alcanzados por la serie hist\u00f3rica. Son los principales datos de las encuestas de Movimientos Tur\u00edsticos\" \/>\n\t\t<meta name=\"twitter:image\" content=\"https:\/\/www.eldigitaldeasturias.com\/noticias\/wp-content\/uploads\/2019\/02\/airport-731196_960_720.jpg\" \/>\n\t\t<meta name=\"twitter:label1\" content=\"Escrito por\" \/>\n\t\t<meta name=\"twitter:data1\" content=\"El Digital de Asturias\" \/>\n\t\t<meta name=\"twitter:label2\" content=\"Tiempo de lectura estimado\" \/>\n\t\t<meta name=\"twitter:data2\" content=\"2 minutos\" \/>\n\t\t<script type=\"application\/ld+json\" class=\"aioseo-schema\">\n\t\t\t{\"@context\":\"https:\\\/\\\/schema.org\",\"@graph\":[{\"@type\":\"BlogPosting\",\"@id\":\"https:\\\/\\\/www.eldigitaldeasturias.com\\\/noticias\\\/espana-cerro-el-ano-2019-con-la-llegada-de-837-millones-de-turistas-internacionales\\\/#blogposting\",\"name\":\"Espa\\u00f1a cerr\\u00f3 el a\\u00f1o 2019 con la llegada de 83,7 millones de turistas internacionales - El Digital de Asturias\",\"headline\":\"Espa\\u00f1a cerr\\u00f3 el a\\u00f1o 2019 con la llegada de 83,7 millones de turistas internacionales\",\"author\":{\"@id\":\"https:\\\/\\\/www.eldigitaldeasturias.com\\\/noticias\\\/author\\\/admin\\\/#author\"},\"publisher\":{\"@id\":\"https:\\\/\\\/www.eldigitaldeasturias.com\\\/noticias\\\/#organization\"},\"image\":{\"@type\":\"ImageObject\",\"url\":\"https:\\\/\\\/www.eldigitaldeasturias.com\\\/noticias\\\/wp-content\\\/uploads\\\/2019\\\/02\\\/airport-731196_960_720.jpg\",\"width\":960,\"height\":640},\"datePublished\":\"2020-02-04T20:53:08+01:00\",\"dateModified\":\"2020-02-04T20:53:08+01:00\",\"inLanguage\":\"es-ES\",\"mainEntityOfPage\":{\"@id\":\"https:\\\/\\\/www.eldigitaldeasturias.com\\\/noticias\\\/espana-cerro-el-ano-2019-con-la-llegada-de-837-millones-de-turistas-internacionales\\\/#webpage\"},\"isPartOf\":{\"@id\":\"https:\\\/\\\/www.eldigitaldeasturias.com\\\/noticias\\\/espana-cerro-el-ano-2019-con-la-llegada-de-837-millones-de-turistas-internacionales\\\/#webpage\"},\"articleSection\":\"Turismo\"},{\"@type\":\"BreadcrumbList\",\"@id\":\"https:\\\/\\\/www.eldigitaldeasturias.com\\\/noticias\\\/espana-cerro-el-ano-2019-con-la-llegada-de-837-millones-de-turistas-internacionales\\\/#breadcrumblist\",\"itemListElement\":[{\"@type\":\"ListItem\",\"@id\":\"https:\\\/\\\/www.eldigitaldeasturias.com\\\/noticias#listItem\",\"position\":1,\"name\":\"Home\",\"item\":\"https:\\\/\\\/www.eldigitaldeasturias.com\\\/noticias\",\"nextItem\":{\"@type\":\"ListItem\",\"@id\":\"https:\\\/\\\/www.eldigitaldeasturias.com\\\/noticias\\\/category\\\/turismo\\\/#listItem\",\"name\":\"Turismo\"}},{\"@type\":\"ListItem\",\"@id\":\"https:\\\/\\\/www.eldigitaldeasturias.com\\\/noticias\\\/category\\\/turismo\\\/#listItem\",\"position\":2,\"name\":\"Turismo\",\"item\":\"https:\\\/\\\/www.eldigitaldeasturias.com\\\/noticias\\\/category\\\/turismo\\\/\",\"nextItem\":{\"@type\":\"ListItem\",\"@id\":\"https:\\\/\\\/www.eldigitaldeasturias.com\\\/noticias\\\/espana-cerro-el-ano-2019-con-la-llegada-de-837-millones-de-turistas-internacionales\\\/#listItem\",\"name\":\"Espa\\u00f1a cerr\\u00f3 el a\\u00f1o 2019 con la llegada de 83,7 millones de turistas internacionales\"},\"previousItem\":{\"@type\":\"ListItem\",\"@id\":\"https:\\\/\\\/www.eldigitaldeasturias.com\\\/noticias#listItem\",\"name\":\"Home\"}},{\"@type\":\"ListItem\",\"@id\":\"https:\\\/\\\/www.eldigitaldeasturias.com\\\/noticias\\\/espana-cerro-el-ano-2019-con-la-llegada-de-837-millones-de-turistas-internacionales\\\/#listItem\",\"position\":3,\"name\":\"Espa\\u00f1a cerr\\u00f3 el a\\u00f1o 2019 con la llegada de 83,7 millones de turistas internacionales\",\"previousItem\":{\"@type\":\"ListItem\",\"@id\":\"https:\\\/\\\/www.eldigitaldeasturias.com\\\/noticias\\\/category\\\/turismo\\\/#listItem\",\"name\":\"Turismo\"}}]},{\"@type\":\"Organization\",\"@id\":\"https:\\\/\\\/www.eldigitaldeasturias.com\\\/noticias\\\/#organization\",\"name\":\"El Digital de Asturias\",\"description\":\"Hemeroteca\",\"url\":\"https:\\\/\\\/www.eldigitaldeasturias.com\\\/noticias\\\/\",\"email\":\"info@eldigitaldeasturias.com\",\"telephone\":\"+34652131393\",\"logo\":{\"@type\":\"ImageObject\",\"url\":\"https:\\\/\\\/www.eldigitaldeasturias.com\\\/noticias\\\/wp-content\\\/uploads\\\/2020\\\/12\\\/EDA.jpg\",\"@id\":\"https:\\\/\\\/www.eldigitaldeasturias.com\\\/noticias\\\/espana-cerro-el-ano-2019-con-la-llegada-de-837-millones-de-turistas-internacionales\\\/#organizationLogo\",\"width\":649,\"height\":297},\"image\":{\"@id\":\"https:\\\/\\\/www.eldigitaldeasturias.com\\\/noticias\\\/espana-cerro-el-ano-2019-con-la-llegada-de-837-millones-de-turistas-internacionales\\\/#organizationLogo\"},\"sameAs\":[\"https:\\\/\\\/facebook.com\\\/eldigitaldeasturias\",\"https:\\\/\\\/www.youtube.com\\\/channel\\\/UCZP-2wLEB9Rv6erhFmqVnvg\"],\"address\":{\"@id\":\"https:\\\/\\\/www.eldigitaldeasturias.com\\\/noticias\\\/#postaladdress\",\"@type\":\"PostalAddress\",\"streetAddress\":\"san antonio 4,\",\"postalCode\":\"33430\",\"addressLocality\":\"Cand\\u00e1s\",\"addressRegion\":\"Asturias\",\"addressCountry\":\"ES\"}},{\"@type\":\"Person\",\"@id\":\"https:\\\/\\\/www.eldigitaldeasturias.com\\\/noticias\\\/author\\\/admin\\\/#author\",\"url\":\"https:\\\/\\\/www.eldigitaldeasturias.com\\\/noticias\\\/author\\\/admin\\\/\",\"name\":\"El Digital de Asturias\",\"image\":{\"@type\":\"ImageObject\",\"@id\":\"https:\\\/\\\/www.eldigitaldeasturias.com\\\/noticias\\\/espana-cerro-el-ano-2019-con-la-llegada-de-837-millones-de-turistas-internacionales\\\/#authorImage\",\"url\":\"https:\\\/\\\/www.eldigitaldeasturias.com\\\/noticias\\\/wp-content\\\/litespeed\\\/avatar\\\/18677e78aa0546b92d9dbf31ec7d7668.jpg?ver=1777290358\",\"width\":96,\"height\":96,\"caption\":\"El Digital de Asturias\"}},{\"@type\":\"WebPage\",\"@id\":\"https:\\\/\\\/www.eldigitaldeasturias.com\\\/noticias\\\/espana-cerro-el-ano-2019-con-la-llegada-de-837-millones-de-turistas-internacionales\\\/#webpage\",\"url\":\"https:\\\/\\\/www.eldigitaldeasturias.com\\\/noticias\\\/espana-cerro-el-ano-2019-con-la-llegada-de-837-millones-de-turistas-internacionales\\\/\",\"name\":\"Espa\\u00f1a cerr\\u00f3 el a\\u00f1o 2019 con la llegada de 83,7 millones de turistas internacionales - El Digital de Asturias\",\"description\":\"Espa\\u00f1a cerr\\u00f3 el a\\u00f1o 2019 con la llegada de 83,7 millones de turistas internacionales, un 1,1% m\\u00e1s que en 2018, mientras el gasto se increment\\u00f3 un 2,8%, hasta los 92.278 millones de euros. Se trata de los niveles m\\u00e1s altos alcanzados por la serie hist\\u00f3rica. Son los principales datos de las encuestas de Movimientos Tur\\u00edsticos\",\"inLanguage\":\"es-ES\",\"isPartOf\":{\"@id\":\"https:\\\/\\\/www.eldigitaldeasturias.com\\\/noticias\\\/#website\"},\"breadcrumb\":{\"@id\":\"https:\\\/\\\/www.eldigitaldeasturias.com\\\/noticias\\\/espana-cerro-el-ano-2019-con-la-llegada-de-837-millones-de-turistas-internacionales\\\/#breadcrumblist\"},\"author\":{\"@id\":\"https:\\\/\\\/www.eldigitaldeasturias.com\\\/noticias\\\/author\\\/admin\\\/#author\"},\"creator\":{\"@id\":\"https:\\\/\\\/www.eldigitaldeasturias.com\\\/noticias\\\/author\\\/admin\\\/#author\"},\"image\":{\"@type\":\"ImageObject\",\"url\":\"https:\\\/\\\/www.eldigitaldeasturias.com\\\/noticias\\\/wp-content\\\/uploads\\\/2019\\\/02\\\/airport-731196_960_720.jpg\",\"@id\":\"https:\\\/\\\/www.eldigitaldeasturias.com\\\/noticias\\\/espana-cerro-el-ano-2019-con-la-llegada-de-837-millones-de-turistas-internacionales\\\/#mainImage\",\"width\":960,\"height\":640},\"primaryImageOfPage\":{\"@id\":\"https:\\\/\\\/www.eldigitaldeasturias.com\\\/noticias\\\/espana-cerro-el-ano-2019-con-la-llegada-de-837-millones-de-turistas-internacionales\\\/#mainImage\"},\"datePublished\":\"2020-02-04T20:53:08+01:00\",\"dateModified\":\"2020-02-04T20:53:08+01:00\"},{\"@type\":\"WebSite\",\"@id\":\"https:\\\/\\\/www.eldigitaldeasturias.com\\\/noticias\\\/#website\",\"url\":\"https:\\\/\\\/www.eldigitaldeasturias.com\\\/noticias\\\/\",\"name\":\"El Digital de Asturias - Diario de actualidad y noticias\",\"alternateName\":\"El Digital de Asturias - Diario de actualidad y noticias\",\"description\":\"Hemeroteca\",\"inLanguage\":\"es-ES\",\"publisher\":{\"@id\":\"https:\\\/\\\/www.eldigitaldeasturias.com\\\/noticias\\\/#organization\"}}]}\n\t\t<\/script>\n\t\t<!-- All in One SEO Pro -->\r\n\t\t<title>Espa\u00f1a cerr\u00f3 el a\u00f1o 2019 con la llegada de 83,7 millones de turistas internacionales - El Digital de Asturias<\/title>\n\n","aioseo_head_json":{"title":"Espa\u00f1a cerr\u00f3 el a\u00f1o 2019 con la llegada de 83,7 millones de turistas internacionales - El Digital de Asturias","description":"Espa\u00f1a cerr\u00f3 el a\u00f1o 2019 con la llegada de 83,7 millones de turistas internacionales, un 1,1% m\u00e1s que en 2018, mientras el gasto se increment\u00f3 un 2,8%, hasta los 92.278 millones de euros. Se trata de los niveles m\u00e1s altos alcanzados por la serie hist\u00f3rica. Son los principales datos de las encuestas de Movimientos Tur\u00edsticos","canonical_url":"https:\/\/www.eldigitaldeasturias.com\/noticias\/espana-cerro-el-ano-2019-con-la-llegada-de-837-millones-de-turistas-internacionales\/","robots":"max-image-preview:large","keywords":"turismo","webmasterTools":{"google-site-verification":"UA-38556648-1","msvalidate.01":"7dfe9f3f1b24437ab69f4f2559babe99","miscellaneous":""},"schema":{"@context":"https:\/\/schema.org","@graph":[{"@type":"BlogPosting","@id":"https:\/\/www.eldigitaldeasturias.com\/noticias\/espana-cerro-el-ano-2019-con-la-llegada-de-837-millones-de-turistas-internacionales\/#blogposting","name":"Espa\u00f1a cerr\u00f3 el a\u00f1o 2019 con la llegada de 83,7 millones de turistas internacionales - El Digital de Asturias","headline":"Espa\u00f1a cerr\u00f3 el a\u00f1o 2019 con la llegada de 83,7 millones de turistas internacionales","author":{"@id":"https:\/\/www.eldigitaldeasturias.com\/noticias\/author\/admin\/#author"},"publisher":{"@id":"https:\/\/www.eldigitaldeasturias.com\/noticias\/#organization"},"image":{"@type":"ImageObject","url":"https:\/\/www.eldigitaldeasturias.com\/noticias\/wp-content\/uploads\/2019\/02\/airport-731196_960_720.jpg","width":960,"height":640},"datePublished":"2020-02-04T20:53:08+01:00","dateModified":"2020-02-04T20:53:08+01:00","inLanguage":"es-ES","mainEntityOfPage":{"@id":"https:\/\/www.eldigitaldeasturias.com\/noticias\/espana-cerro-el-ano-2019-con-la-llegada-de-837-millones-de-turistas-internacionales\/#webpage"},"isPartOf":{"@id":"https:\/\/www.eldigitaldeasturias.com\/noticias\/espana-cerro-el-ano-2019-con-la-llegada-de-837-millones-de-turistas-internacionales\/#webpage"},"articleSection":"Turismo"},{"@type":"BreadcrumbList","@id":"https:\/\/www.eldigitaldeasturias.com\/noticias\/espana-cerro-el-ano-2019-con-la-llegada-de-837-millones-de-turistas-internacionales\/#breadcrumblist","itemListElement":[{"@type":"ListItem","@id":"https:\/\/www.eldigitaldeasturias.com\/noticias#listItem","position":1,"name":"Home","item":"https:\/\/www.eldigitaldeasturias.com\/noticias","nextItem":{"@type":"ListItem","@id":"https:\/\/www.eldigitaldeasturias.com\/noticias\/category\/turismo\/#listItem","name":"Turismo"}},{"@type":"ListItem","@id":"https:\/\/www.eldigitaldeasturias.com\/noticias\/category\/turismo\/#listItem","position":2,"name":"Turismo","item":"https:\/\/www.eldigitaldeasturias.com\/noticias\/category\/turismo\/","nextItem":{"@type":"ListItem","@id":"https:\/\/www.eldigitaldeasturias.com\/noticias\/espana-cerro-el-ano-2019-con-la-llegada-de-837-millones-de-turistas-internacionales\/#listItem","name":"Espa\u00f1a cerr\u00f3 el a\u00f1o 2019 con la llegada de 83,7 millones de turistas internacionales"},"previousItem":{"@type":"ListItem","@id":"https:\/\/www.eldigitaldeasturias.com\/noticias#listItem","name":"Home"}},{"@type":"ListItem","@id":"https:\/\/www.eldigitaldeasturias.com\/noticias\/espana-cerro-el-ano-2019-con-la-llegada-de-837-millones-de-turistas-internacionales\/#listItem","position":3,"name":"Espa\u00f1a cerr\u00f3 el a\u00f1o 2019 con la llegada de 83,7 millones de turistas internacionales","previousItem":{"@type":"ListItem","@id":"https:\/\/www.eldigitaldeasturias.com\/noticias\/category\/turismo\/#listItem","name":"Turismo"}}]},{"@type":"Organization","@id":"https:\/\/www.eldigitaldeasturias.com\/noticias\/#organization","name":"El Digital de Asturias","description":"Hemeroteca","url":"https:\/\/www.eldigitaldeasturias.com\/noticias\/","email":"info@eldigitaldeasturias.com","telephone":"+34652131393","logo":{"@type":"ImageObject","url":"https:\/\/www.eldigitaldeasturias.com\/noticias\/wp-content\/uploads\/2020\/12\/EDA.jpg","@id":"https:\/\/www.eldigitaldeasturias.com\/noticias\/espana-cerro-el-ano-2019-con-la-llegada-de-837-millones-de-turistas-internacionales\/#organizationLogo","width":649,"height":297},"image":{"@id":"https:\/\/www.eldigitaldeasturias.com\/noticias\/espana-cerro-el-ano-2019-con-la-llegada-de-837-millones-de-turistas-internacionales\/#organizationLogo"},"sameAs":["https:\/\/facebook.com\/eldigitaldeasturias","https:\/\/www.youtube.com\/channel\/UCZP-2wLEB9Rv6erhFmqVnvg"],"address":{"@id":"https:\/\/www.eldigitaldeasturias.com\/noticias\/#postaladdress","@type":"PostalAddress","streetAddress":"san antonio 4,","postalCode":"33430","addressLocality":"Cand\u00e1s","addressRegion":"Asturias","addressCountry":"ES"}},{"@type":"Person","@id":"https:\/\/www.eldigitaldeasturias.com\/noticias\/author\/admin\/#author","url":"https:\/\/www.eldigitaldeasturias.com\/noticias\/author\/admin\/","name":"El Digital de Asturias","image":{"@type":"ImageObject","@id":"https:\/\/www.eldigitaldeasturias.com\/noticias\/espana-cerro-el-ano-2019-con-la-llegada-de-837-millones-de-turistas-internacionales\/#authorImage","url":"https:\/\/www.eldigitaldeasturias.com\/noticias\/wp-content\/litespeed\/avatar\/18677e78aa0546b92d9dbf31ec7d7668.jpg?ver=1777290358","width":96,"height":96,"caption":"El Digital de Asturias"}},{"@type":"WebPage","@id":"https:\/\/www.eldigitaldeasturias.com\/noticias\/espana-cerro-el-ano-2019-con-la-llegada-de-837-millones-de-turistas-internacionales\/#webpage","url":"https:\/\/www.eldigitaldeasturias.com\/noticias\/espana-cerro-el-ano-2019-con-la-llegada-de-837-millones-de-turistas-internacionales\/","name":"Espa\u00f1a cerr\u00f3 el a\u00f1o 2019 con la llegada de 83,7 millones de turistas internacionales - El Digital de Asturias","description":"Espa\u00f1a cerr\u00f3 el a\u00f1o 2019 con la llegada de 83,7 millones de turistas internacionales, un 1,1% m\u00e1s que en 2018, mientras el gasto se increment\u00f3 un 2,8%, hasta los 92.278 millones de euros. Se trata de los niveles m\u00e1s altos alcanzados por la serie hist\u00f3rica. Son los principales datos de las encuestas de Movimientos Tur\u00edsticos","inLanguage":"es-ES","isPartOf":{"@id":"https:\/\/www.eldigitaldeasturias.com\/noticias\/#website"},"breadcrumb":{"@id":"https:\/\/www.eldigitaldeasturias.com\/noticias\/espana-cerro-el-ano-2019-con-la-llegada-de-837-millones-de-turistas-internacionales\/#breadcrumblist"},"author":{"@id":"https:\/\/www.eldigitaldeasturias.com\/noticias\/author\/admin\/#author"},"creator":{"@id":"https:\/\/www.eldigitaldeasturias.com\/noticias\/author\/admin\/#author"},"image":{"@type":"ImageObject","url":"https:\/\/www.eldigitaldeasturias.com\/noticias\/wp-content\/uploads\/2019\/02\/airport-731196_960_720.jpg","@id":"https:\/\/www.eldigitaldeasturias.com\/noticias\/espana-cerro-el-ano-2019-con-la-llegada-de-837-millones-de-turistas-internacionales\/#mainImage","width":960,"height":640},"primaryImageOfPage":{"@id":"https:\/\/www.eldigitaldeasturias.com\/noticias\/espana-cerro-el-ano-2019-con-la-llegada-de-837-millones-de-turistas-internacionales\/#mainImage"},"datePublished":"2020-02-04T20:53:08+01:00","dateModified":"2020-02-04T20:53:08+01:00"},{"@type":"WebSite","@id":"https:\/\/www.eldigitaldeasturias.com\/noticias\/#website","url":"https:\/\/www.eldigitaldeasturias.com\/noticias\/","name":"El Digital de Asturias - Diario de actualidad y noticias","alternateName":"El Digital de Asturias - Diario de actualidad y noticias","description":"Hemeroteca","inLanguage":"es-ES","publisher":{"@id":"https:\/\/www.eldigitaldeasturias.com\/noticias\/#organization"}}]},"og:locale":"es_ES","og:site_name":"El Digital de Asturias","og:type":"article","og:title":"Espa\u00f1a cerr\u00f3 el a\u00f1o 2019 con la llegada de 83,7 millones de turistas internacionales - El Digital de Asturias","og:description":"Espa\u00f1a cerr\u00f3 el a\u00f1o 2019 con la llegada de 83,7 millones de turistas internacionales, un 1,1% m\u00e1s que en 2018, mientras el gasto se increment\u00f3 un 2,8%, hasta los 92.278 millones de euros. Se trata de los niveles m\u00e1s altos alcanzados por la serie hist\u00f3rica. Son los principales datos de las encuestas de Movimientos Tur\u00edsticos","og:url":"https:\/\/www.eldigitaldeasturias.com\/noticias\/espana-cerro-el-ano-2019-con-la-llegada-de-837-millones-de-turistas-internacionales\/","og:image":"https:\/\/www.eldigitaldeasturias.com\/noticias\/wp-content\/uploads\/2019\/02\/airport-731196_960_720.jpg","og:image:secure_url":"https:\/\/www.eldigitaldeasturias.com\/noticias\/wp-content\/uploads\/2019\/02\/airport-731196_960_720.jpg","og:image:width":960,"og:image:height":640,"article:tag":["turismo"],"article:published_time":"2020-02-04T20:53:08+00:00","article:modified_time":"2020-02-04T20:53:08+00:00","article:publisher":"https:\/\/facebook.com\/eldigitaldeasturias","twitter:card":"summary_large_image","twitter:title":"Espa\u00f1a cerr\u00f3 el a\u00f1o 2019 con la llegada de 83,7 millones de turistas internacionales - El Digital de Asturias","twitter:description":"Espa\u00f1a cerr\u00f3 el a\u00f1o 2019 con la llegada de 83,7 millones de turistas internacionales, un 1,1% m\u00e1s que en 2018, mientras el gasto se increment\u00f3 un 2,8%, hasta los 92.278 millones de euros. Se trata de los niveles m\u00e1s altos alcanzados por la serie hist\u00f3rica. Son los principales datos de las encuestas de Movimientos Tur\u00edsticos","twitter:image":"https:\/\/www.eldigitaldeasturias.com\/noticias\/wp-content\/uploads\/2019\/02\/airport-731196_960_720.jpg","twitter:label1":"Escrito por","twitter:data1":"El Digital de Asturias","twitter:label2":"Tiempo de lectura estimado","twitter:data2":"2 minutos"},"aioseo_meta_data":{"post_id":"1056679","title":null,"description":null,"keywords":null,"keyphrases":null,"primary_term":null,"canonical_url":null,"og_title":null,"og_description":null,"og_object_type":"default","og_image_type":"default","og_image_url":null,"og_image_width":null,"og_image_height":null,"og_image_custom_url":null,"og_image_custom_fields":null,"og_video":null,"og_custom_url":null,"og_article_section":null,"og_article_tags":null,"twitter_use_og":false,"twitter_card":"default","twitter_image_type":"default","twitter_image_url":null,"twitter_image_custom_url":null,"twitter_image_custom_fields":null,"twitter_title":null,"twitter_description":null,"schema":{"blockGraphs":[],"customGraphs":[],"default":{"data":{"Article":[],"Course":[],"Dataset":[],"FAQPage":[],"Movie":[],"Person":[],"Product":[],"ProductReview":[],"Car":[],"Recipe":[],"Service":[],"SoftwareApplication":[],"WebPage":[]},"graphName":"","isEnabled":true},"graphs":[],"defaultGraph":"","defaultPostTypeGraph":""},"schema_type":null,"schema_type_options":null,"pillar_content":false,"robots_default":true,"robots_noindex":false,"robots_noarchive":false,"robots_nosnippet":false,"robots_nofollow":false,"robots_noimageindex":false,"robots_noodp":false,"robots_notranslate":false,"robots_max_snippet":null,"robots_max_videopreview":null,"robots_max_imagepreview":"large","priority":null,"frequency":null,"local_seo":null,"seo_analyzer_scan_date":"2025-10-30 23:11:09","breadcrumb_settings":null,"limit_modified_date":false,"open_ai":null,"ai":null,"created":"2020-12-21 10:55:49","updated":"2025-10-30 23:11:09"},"aioseo_breadcrumb":"<div class=\"aioseo-breadcrumbs\"><span class=\"aioseo-breadcrumb\">\n\t<a href=\"https:\/\/www.eldigitaldeasturias.com\/noticias\" title=\"Home\">Home<\/a>\n<\/span><span class=\"aioseo-breadcrumb-separator\">\u2013<\/span><span class=\"aioseo-breadcrumb\">\n\t<a href=\"https:\/\/www.eldigitaldeasturias.com\/noticias\/category\/turismo\/\" title=\"Turismo\">Turismo<\/a>\n<\/span><span class=\"aioseo-breadcrumb-separator\">\u2013<\/span><span class=\"aioseo-breadcrumb\">\n\t<a href=\"https:\/\/www.eldigitaldeasturias.com\/noticias\/espana-cerro-el-ano-2019-con-la-llegada-de-837-millones-de-turistas-internacionales\/\" title=\"Espa\u00f1a cerr\u00f3 el a\u00f1o 2019 con la llegada de 83,7 millones de turistas internacionales\">Espa\u00f1a cerr\u00f3 el a\u00f1o 2019 con la llegada de 83,7 millones de turistas internacionales<\/a>\n<\/span><\/div>","aioseo_breadcrumb_json":[{"label":"Home","link":"https:\/\/www.eldigitaldeasturias.com\/noticias"},{"label":"Turismo","link":"https:\/\/www.eldigitaldeasturias.com\/noticias\/category\/turismo\/"},{"label":"Espa\u00f1a cerr\u00f3 el a\u00f1o 2019 con la llegada de 83,7 millones de turistas internacionales","link":"https:\/\/www.eldigitaldeasturias.com\/noticias\/espana-cerro-el-ano-2019-con-la-llegada-de-837-millones-de-turistas-internacionales\/"}],"_links":{"self":[{"href":"https:\/\/www.eldigitaldeasturias.com\/noticias\/wp-json\/wp\/v2\/posts\/1056679","targetHints":{"allow":["GET"]}}],"collection":[{"href":"https:\/\/www.eldigitaldeasturias.com\/noticias\/wp-json\/wp\/v2\/posts"}],"about":[{"href":"https:\/\/www.eldigitaldeasturias.com\/noticias\/wp-json\/wp\/v2\/types\/post"}],"author":[{"embeddable":true,"href":"https:\/\/www.eldigitaldeasturias.com\/noticias\/wp-json\/wp\/v2\/users\/1"}],"replies":[{"embeddable":true,"href":"https:\/\/www.eldigitaldeasturias.com\/noticias\/wp-json\/wp\/v2\/comments?post=1056679"}],"version-history":[{"count":0,"href":"https:\/\/www.eldigitaldeasturias.com\/noticias\/wp-json\/wp\/v2\/posts\/1056679\/revisions"}],"wp:featuredmedia":[{"embeddable":true,"href":"https:\/\/www.eldigitaldeasturias.com\/noticias\/wp-json\/wp\/v2\/media\/1016180"}],"wp:attachment":[{"href":"https:\/\/www.eldigitaldeasturias.com\/noticias\/wp-json\/wp\/v2\/media?parent=1056679"}],"wp:term":[{"taxonomy":"category","embeddable":true,"href":"https:\/\/www.eldigitaldeasturias.com\/noticias\/wp-json\/wp\/v2\/categories?post=1056679"},{"taxonomy":"post_tag","embeddable":true,"href":"https:\/\/www.eldigitaldeasturias.com\/noticias\/wp-json\/wp\/v2\/tags?post=1056679"}],"curies":[{"name":"wp","href":"https:\/\/api.w.org\/{rel}","templated":true}]}}