{"id":1056618,"date":"2020-02-04T18:01:37","date_gmt":"2020-02-04T18:01:37","guid":{"rendered":"https:\/\/www.eldigitaldeasturias.com\/noticias\/?p=1056618"},"modified":"2020-02-04T18:01:37","modified_gmt":"2020-02-04T18:01:37","slug":"aritz-aduriz-ilusionado-para-el-reto-contra-el-fc-barcelona","status":"publish","type":"post","link":"https:\/\/www.eldigitaldeasturias.com\/noticias\/aritz-aduriz-ilusionado-para-el-reto-contra-el-fc-barcelona\/","title":{"rendered":"Aritz Aduriz ilusionado para el \u00abreto\u00bb contra el FC Barcelona"},"content":{"rendered":"<figure id=\"attachment_1056619\" aria-describedby=\"caption-attachment-1056619\" style=\"width: 360px\" class=\"wp-caption alignleft\"><img loading=\"lazy\" decoding=\"async\" class=\"size-medium wp-image-1056619\" src=\"https:\/\/www.eldigitaldeasturias.com\/noticias\/wp-content\/uploads\/2020\/02\/Aduriz-ep-360x223.jpg\" alt=\"\" width=\"360\" height=\"223\" srcset=\"https:\/\/www.eldigitaldeasturias.com\/noticias\/wp-content\/uploads\/2020\/02\/Aduriz-ep-360x223.jpg 360w, https:\/\/www.eldigitaldeasturias.com\/noticias\/wp-content\/uploads\/2020\/02\/Aduriz-ep-690x427.jpg 690w, https:\/\/www.eldigitaldeasturias.com\/noticias\/wp-content\/uploads\/2020\/02\/Aduriz-ep-480x297.jpg 480w, https:\/\/www.eldigitaldeasturias.com\/noticias\/wp-content\/uploads\/2020\/02\/Aduriz-ep-768x475.jpg 768w, https:\/\/www.eldigitaldeasturias.com\/noticias\/wp-content\/uploads\/2020\/02\/Aduriz-ep.jpg 1022w\" sizes=\"auto, (max-width: 360px) 100vw, 360px\" \/><figcaption id=\"caption-attachment-1056619\" class=\"wp-caption-text\">Foto: Europa Press<\/figcaption><\/figure>\n<p>(Europa Press) &#8211;\u00a0El delantero del Athletic Aritz Aduriz ha afirmado que no se atreve ni se le ocurre decir que el FC Barcelona \u00abpueda ser vulnerable en ning\u00fan momento\u00bb, a dos d\u00edas del duelo de cuartos de final de la Copa del Rey que ambos equipos disputar\u00e1n en San Mam\u00e9s.<\/p>\n<p><strong>Aduriz calific\u00f3 \u00abreto maravilloso\u00bb este encuentro contra los blaugrana<\/strong>, un equipo que, en su opini\u00f3n, es \u00abel mejor\u00bb, puesto que cuenta con unos jugadores \u00abincre\u00edbles\u00bb y con \u00abel mejor jugador\u00bb, en referencia a Leo Messi.<\/p>\n<p>En rueda de prensa, el delantero se\u00f1al\u00f3 que el Athletic est\u00e1 realizando un esfuerzo muy grande en las \u00faltimas fechas, disputando \u00abpr\u00f3rrogas largas\u00bb y partidos \u00aben inferioridad\u00bb num\u00e9rica, aunque no tiene \u00abdudas\u00bb de que, a pesar de esta \u00abtralla\u00bb, el jueves estar\u00e1n \u00aba la altura\u00bb.<\/p>\n<p>\u00abNo me atrevo ni se me ocurre decir que el Barcelona pueda ser vulnerable en ning\u00fan momento. Es un equipo incre\u00edble, si no es el mejor equipo, que para m\u00ed probablemente lo sea, o es el mejor o siempre est\u00e1 ah\u00ed, con los mejores. Tiene unos jugadores incre\u00edbles, con el mejor jugador, para m\u00ed gusto, y no creo ni se me ocurre decir que pueda ser vulnerable en ning\u00fan sentido\u00bb, sentenci\u00f3.<\/p>\n<p>En su opini\u00f3n, es \u00abdif\u00edcil\u00bb que un encuentro re\u00fana tantas \u00abconnotaciones\u00bb como este. <strong>\u00abYo compito para tener este tipo de situaciones. Es un partido precioso y un reto maravilloso, as\u00ed lo vamos a afrontar\u00bb<\/strong>, explic\u00f3.<\/p>\n<p>El delantero rojiblanco expres\u00f3 sus deseos para que la afici\u00f3n de su equipo pueda vivir \u00abuna noche memorable\u00bb en San Mam\u00e9s. \u00abUno siempre fantasea con estos momentos, pero es un trabajo duro\u00bb, asegur\u00f3.<\/p>\n<p>Preguntado por su lesi\u00f3n, una entorsis de la cadera izquierda que le ha apartado temporalmente de las alineaciones, dijo que este tipo de situaciones son \u00abenriquecedoras\u00bb. <strong>\u00abEstoy mejor que al principio de temporada, pero no me quiero comer mis palabras\u00bb<\/strong>, subray\u00f3 con prudencia.<\/p>\n<p>&nbsp;<\/p>\n","protected":false},"excerpt":{"rendered":"<p>(Europa Press) &#8211;\u00a0El delantero del Athletic Aritz Aduriz ha afirmado que no se atreve ni se le ocurre decir que el FC Barcelona \u00abpueda ser vulnerable en ning\u00fan momento\u00bb, a dos d\u00edas del duelo de cuartos de final de la Copa del Rey que ambos equipos disputar\u00e1n en San Mam\u00e9s. Aduriz calific\u00f3 \u00abreto maravilloso\u00bb este [&hellip;]<\/p>\n","protected":false},"author":1,"featured_media":1056619,"comment_status":"closed","ping_status":"closed","sticky":false,"template":"","format":"standard","meta":{"footnotes":""},"categories":[190],"tags":[],"class_list":["post-1056618","post","type-post","status-publish","format-standard","has-post-thumbnail","hentry","category-deportes"],"aioseo_notices":[],"aioseo_head":"\n\t\t<!-- All in One SEO Pro 4.9.6.2 - aioseo.com -->\n\t<meta name=\"description\" content=\"(Europa Press) - El delantero del Athletic Aritz Aduriz ha afirmado que no se atreve ni se le ocurre decir que el FC Barcelona &quot;pueda ser vulnerable en ning\u00fan momento&quot;, a dos d\u00edas del duelo de cuartos de final de la Copa del Rey que ambos equipos disputar\u00e1n en San Mam\u00e9s. Aduriz calific\u00f3 &quot;reto maravilloso&quot; este\" \/>\n\t<meta name=\"robots\" content=\"max-image-preview:large\" \/>\n\t<meta name=\"author\" content=\"El Digital de Asturias\"\/>\n\t<meta name=\"google-site-verification\" content=\"UA-38556648-1\" \/>\n\t<meta name=\"msvalidate.01\" content=\"7dfe9f3f1b24437ab69f4f2559babe99\" \/>\n\t<meta name=\"keywords\" content=\"deportes\" \/>\n\t<link rel=\"canonical\" href=\"https:\/\/www.eldigitaldeasturias.com\/noticias\/aritz-aduriz-ilusionado-para-el-reto-contra-el-fc-barcelona\/\" \/>\n\t<meta name=\"generator\" content=\"All in One SEO Pro (AIOSEO) 4.9.6.2\" \/>\n\t\t<meta property=\"og:locale\" content=\"es_ES\" \/>\n\t\t<meta property=\"og:site_name\" content=\"El Digital de Asturias\" \/>\n\t\t<meta property=\"og:type\" content=\"article\" \/>\n\t\t<meta property=\"og:title\" content=\"Aritz Aduriz ilusionado para el \u00abreto\u00bb contra el FC Barcelona - El Digital de Asturias\" \/>\n\t\t<meta property=\"og:description\" content=\"(Europa Press) - El delantero del Athletic Aritz Aduriz ha afirmado que no se atreve ni se le ocurre decir que el FC Barcelona &quot;pueda ser vulnerable en ning\u00fan momento&quot;, a dos d\u00edas del duelo de cuartos de final de la Copa del Rey que ambos equipos disputar\u00e1n en San Mam\u00e9s. Aduriz calific\u00f3 &quot;reto maravilloso&quot; este\" \/>\n\t\t<meta property=\"og:url\" content=\"https:\/\/www.eldigitaldeasturias.com\/noticias\/aritz-aduriz-ilusionado-para-el-reto-contra-el-fc-barcelona\/\" \/>\n\t\t<meta property=\"og:image\" content=\"https:\/\/www.eldigitaldeasturias.com\/noticias\/wp-content\/uploads\/2020\/02\/Aduriz-ep.jpg\" \/>\n\t\t<meta property=\"og:image:secure_url\" content=\"https:\/\/www.eldigitaldeasturias.com\/noticias\/wp-content\/uploads\/2020\/02\/Aduriz-ep.jpg\" \/>\n\t\t<meta property=\"og:image:width\" content=\"1022\" \/>\n\t\t<meta property=\"og:image:height\" content=\"632\" \/>\n\t\t<meta property=\"article:tag\" content=\"deportes\" \/>\n\t\t<meta property=\"article:published_time\" content=\"2020-02-04T18:01:37+00:00\" \/>\n\t\t<meta property=\"article:modified_time\" content=\"2020-02-04T18:01:37+00:00\" \/>\n\t\t<meta property=\"article:publisher\" content=\"https:\/\/facebook.com\/eldigitaldeasturias\" \/>\n\t\t<meta name=\"twitter:card\" content=\"summary_large_image\" \/>\n\t\t<meta name=\"twitter:title\" content=\"Aritz Aduriz ilusionado para el \u00abreto\u00bb contra el FC Barcelona - El Digital de Asturias\" \/>\n\t\t<meta name=\"twitter:description\" content=\"(Europa Press) - El delantero del Athletic Aritz Aduriz ha afirmado que no se atreve ni se le ocurre decir que el FC Barcelona &quot;pueda ser vulnerable en ning\u00fan momento&quot;, a dos d\u00edas del duelo de cuartos de final de la Copa del Rey que ambos equipos disputar\u00e1n en San Mam\u00e9s. Aduriz calific\u00f3 &quot;reto maravilloso&quot; este\" \/>\n\t\t<meta name=\"twitter:image\" content=\"https:\/\/www.eldigitaldeasturias.com\/noticias\/wp-content\/uploads\/2020\/02\/Aduriz-ep.jpg\" \/>\n\t\t<meta name=\"twitter:label1\" content=\"Escrito por\" \/>\n\t\t<meta name=\"twitter:data1\" content=\"El Digital de Asturias\" \/>\n\t\t<meta name=\"twitter:label2\" content=\"Tiempo de lectura estimado\" \/>\n\t\t<meta name=\"twitter:data2\" content=\"2 minutos\" \/>\n\t\t<script type=\"application\/ld+json\" class=\"aioseo-schema\">\n\t\t\t{\"@context\":\"https:\\\/\\\/schema.org\",\"@graph\":[{\"@type\":\"BlogPosting\",\"@id\":\"https:\\\/\\\/www.eldigitaldeasturias.com\\\/noticias\\\/aritz-aduriz-ilusionado-para-el-reto-contra-el-fc-barcelona\\\/#blogposting\",\"name\":\"Aritz Aduriz ilusionado para el \\u00abreto\\u00bb contra el FC Barcelona - El Digital de Asturias\",\"headline\":\"Aritz Aduriz ilusionado para el \\u00abreto\\u00bb contra el FC Barcelona\",\"author\":{\"@id\":\"https:\\\/\\\/www.eldigitaldeasturias.com\\\/noticias\\\/author\\\/admin\\\/#author\"},\"publisher\":{\"@id\":\"https:\\\/\\\/www.eldigitaldeasturias.com\\\/noticias\\\/#organization\"},\"image\":{\"@type\":\"ImageObject\",\"url\":\"https:\\\/\\\/www.eldigitaldeasturias.com\\\/noticias\\\/wp-content\\\/uploads\\\/2020\\\/02\\\/Aduriz-ep.jpg\",\"width\":1022,\"height\":632,\"caption\":\"Foto: Europa Press\"},\"datePublished\":\"2020-02-04T18:01:37+01:00\",\"dateModified\":\"2020-02-04T18:01:37+01:00\",\"inLanguage\":\"es-ES\",\"mainEntityOfPage\":{\"@id\":\"https:\\\/\\\/www.eldigitaldeasturias.com\\\/noticias\\\/aritz-aduriz-ilusionado-para-el-reto-contra-el-fc-barcelona\\\/#webpage\"},\"isPartOf\":{\"@id\":\"https:\\\/\\\/www.eldigitaldeasturias.com\\\/noticias\\\/aritz-aduriz-ilusionado-para-el-reto-contra-el-fc-barcelona\\\/#webpage\"},\"articleSection\":\"Deportes\"},{\"@type\":\"BreadcrumbList\",\"@id\":\"https:\\\/\\\/www.eldigitaldeasturias.com\\\/noticias\\\/aritz-aduriz-ilusionado-para-el-reto-contra-el-fc-barcelona\\\/#breadcrumblist\",\"itemListElement\":[{\"@type\":\"ListItem\",\"@id\":\"https:\\\/\\\/www.eldigitaldeasturias.com\\\/noticias#listItem\",\"position\":1,\"name\":\"Home\",\"item\":\"https:\\\/\\\/www.eldigitaldeasturias.com\\\/noticias\",\"nextItem\":{\"@type\":\"ListItem\",\"@id\":\"https:\\\/\\\/www.eldigitaldeasturias.com\\\/noticias\\\/category\\\/deportes\\\/#listItem\",\"name\":\"Deportes\"}},{\"@type\":\"ListItem\",\"@id\":\"https:\\\/\\\/www.eldigitaldeasturias.com\\\/noticias\\\/category\\\/deportes\\\/#listItem\",\"position\":2,\"name\":\"Deportes\",\"item\":\"https:\\\/\\\/www.eldigitaldeasturias.com\\\/noticias\\\/category\\\/deportes\\\/\",\"nextItem\":{\"@type\":\"ListItem\",\"@id\":\"https:\\\/\\\/www.eldigitaldeasturias.com\\\/noticias\\\/aritz-aduriz-ilusionado-para-el-reto-contra-el-fc-barcelona\\\/#listItem\",\"name\":\"Aritz Aduriz ilusionado para el \\u00abreto\\u00bb contra el FC Barcelona\"},\"previousItem\":{\"@type\":\"ListItem\",\"@id\":\"https:\\\/\\\/www.eldigitaldeasturias.com\\\/noticias#listItem\",\"name\":\"Home\"}},{\"@type\":\"ListItem\",\"@id\":\"https:\\\/\\\/www.eldigitaldeasturias.com\\\/noticias\\\/aritz-aduriz-ilusionado-para-el-reto-contra-el-fc-barcelona\\\/#listItem\",\"position\":3,\"name\":\"Aritz Aduriz ilusionado para el \\u00abreto\\u00bb contra el FC Barcelona\",\"previousItem\":{\"@type\":\"ListItem\",\"@id\":\"https:\\\/\\\/www.eldigitaldeasturias.com\\\/noticias\\\/category\\\/deportes\\\/#listItem\",\"name\":\"Deportes\"}}]},{\"@type\":\"Organization\",\"@id\":\"https:\\\/\\\/www.eldigitaldeasturias.com\\\/noticias\\\/#organization\",\"name\":\"El Digital de Asturias\",\"description\":\"Hemeroteca\",\"url\":\"https:\\\/\\\/www.eldigitaldeasturias.com\\\/noticias\\\/\",\"email\":\"info@eldigitaldeasturias.com\",\"telephone\":\"+34652131393\",\"logo\":{\"@type\":\"ImageObject\",\"url\":\"https:\\\/\\\/www.eldigitaldeasturias.com\\\/noticias\\\/wp-content\\\/uploads\\\/2020\\\/12\\\/EDA.jpg\",\"@id\":\"https:\\\/\\\/www.eldigitaldeasturias.com\\\/noticias\\\/aritz-aduriz-ilusionado-para-el-reto-contra-el-fc-barcelona\\\/#organizationLogo\",\"width\":649,\"height\":297},\"image\":{\"@id\":\"https:\\\/\\\/www.eldigitaldeasturias.com\\\/noticias\\\/aritz-aduriz-ilusionado-para-el-reto-contra-el-fc-barcelona\\\/#organizationLogo\"},\"sameAs\":[\"https:\\\/\\\/facebook.com\\\/eldigitaldeasturias\",\"https:\\\/\\\/www.youtube.com\\\/channel\\\/UCZP-2wLEB9Rv6erhFmqVnvg\"],\"address\":{\"@id\":\"https:\\\/\\\/www.eldigitaldeasturias.com\\\/noticias\\\/#postaladdress\",\"@type\":\"PostalAddress\",\"streetAddress\":\"san antonio 4,\",\"postalCode\":\"33430\",\"addressLocality\":\"Cand\\u00e1s\",\"addressRegion\":\"Asturias\",\"addressCountry\":\"ES\"}},{\"@type\":\"Person\",\"@id\":\"https:\\\/\\\/www.eldigitaldeasturias.com\\\/noticias\\\/author\\\/admin\\\/#author\",\"url\":\"https:\\\/\\\/www.eldigitaldeasturias.com\\\/noticias\\\/author\\\/admin\\\/\",\"name\":\"El Digital de Asturias\",\"image\":{\"@type\":\"ImageObject\",\"@id\":\"https:\\\/\\\/www.eldigitaldeasturias.com\\\/noticias\\\/aritz-aduriz-ilusionado-para-el-reto-contra-el-fc-barcelona\\\/#authorImage\",\"url\":\"https:\\\/\\\/www.eldigitaldeasturias.com\\\/noticias\\\/wp-content\\\/litespeed\\\/avatar\\\/18677e78aa0546b92d9dbf31ec7d7668.jpg?ver=1777290358\",\"width\":96,\"height\":96,\"caption\":\"El Digital de Asturias\"}},{\"@type\":\"WebPage\",\"@id\":\"https:\\\/\\\/www.eldigitaldeasturias.com\\\/noticias\\\/aritz-aduriz-ilusionado-para-el-reto-contra-el-fc-barcelona\\\/#webpage\",\"url\":\"https:\\\/\\\/www.eldigitaldeasturias.com\\\/noticias\\\/aritz-aduriz-ilusionado-para-el-reto-contra-el-fc-barcelona\\\/\",\"name\":\"Aritz Aduriz ilusionado para el \\u00abreto\\u00bb contra el FC Barcelona - El Digital de Asturias\",\"description\":\"(Europa Press) - El delantero del Athletic Aritz Aduriz ha afirmado que no se atreve ni se le ocurre decir que el FC Barcelona \\\"pueda ser vulnerable en ning\\u00fan momento\\\", a dos d\\u00edas del duelo de cuartos de final de la Copa del Rey que ambos equipos disputar\\u00e1n en San Mam\\u00e9s. Aduriz calific\\u00f3 \\\"reto maravilloso\\\" este\",\"inLanguage\":\"es-ES\",\"isPartOf\":{\"@id\":\"https:\\\/\\\/www.eldigitaldeasturias.com\\\/noticias\\\/#website\"},\"breadcrumb\":{\"@id\":\"https:\\\/\\\/www.eldigitaldeasturias.com\\\/noticias\\\/aritz-aduriz-ilusionado-para-el-reto-contra-el-fc-barcelona\\\/#breadcrumblist\"},\"author\":{\"@id\":\"https:\\\/\\\/www.eldigitaldeasturias.com\\\/noticias\\\/author\\\/admin\\\/#author\"},\"creator\":{\"@id\":\"https:\\\/\\\/www.eldigitaldeasturias.com\\\/noticias\\\/author\\\/admin\\\/#author\"},\"image\":{\"@type\":\"ImageObject\",\"url\":\"https:\\\/\\\/www.eldigitaldeasturias.com\\\/noticias\\\/wp-content\\\/uploads\\\/2020\\\/02\\\/Aduriz-ep.jpg\",\"@id\":\"https:\\\/\\\/www.eldigitaldeasturias.com\\\/noticias\\\/aritz-aduriz-ilusionado-para-el-reto-contra-el-fc-barcelona\\\/#mainImage\",\"width\":1022,\"height\":632,\"caption\":\"Foto: Europa Press\"},\"primaryImageOfPage\":{\"@id\":\"https:\\\/\\\/www.eldigitaldeasturias.com\\\/noticias\\\/aritz-aduriz-ilusionado-para-el-reto-contra-el-fc-barcelona\\\/#mainImage\"},\"datePublished\":\"2020-02-04T18:01:37+01:00\",\"dateModified\":\"2020-02-04T18:01:37+01:00\"},{\"@type\":\"WebSite\",\"@id\":\"https:\\\/\\\/www.eldigitaldeasturias.com\\\/noticias\\\/#website\",\"url\":\"https:\\\/\\\/www.eldigitaldeasturias.com\\\/noticias\\\/\",\"name\":\"El Digital de Asturias - Diario de actualidad y noticias\",\"alternateName\":\"El Digital de Asturias - Diario de actualidad y noticias\",\"description\":\"Hemeroteca\",\"inLanguage\":\"es-ES\",\"publisher\":{\"@id\":\"https:\\\/\\\/www.eldigitaldeasturias.com\\\/noticias\\\/#organization\"}}]}\n\t\t<\/script>\n\t\t<!-- All in One SEO Pro -->\r\n\t\t<title>Aritz Aduriz ilusionado para el \u00abreto\u00bb contra el FC Barcelona - El Digital de Asturias<\/title>\n\n","aioseo_head_json":{"title":"Aritz Aduriz ilusionado para el \u00abreto\u00bb contra el FC Barcelona - El Digital de Asturias","description":"(Europa Press) - El delantero del Athletic Aritz Aduriz ha afirmado que no se atreve ni se le ocurre decir que el FC Barcelona \"pueda ser vulnerable en ning\u00fan momento\", a dos d\u00edas del duelo de cuartos de final de la Copa del Rey que ambos equipos disputar\u00e1n en San Mam\u00e9s. Aduriz calific\u00f3 \"reto maravilloso\" este","canonical_url":"https:\/\/www.eldigitaldeasturias.com\/noticias\/aritz-aduriz-ilusionado-para-el-reto-contra-el-fc-barcelona\/","robots":"max-image-preview:large","keywords":"deportes","webmasterTools":{"google-site-verification":"UA-38556648-1","msvalidate.01":"7dfe9f3f1b24437ab69f4f2559babe99","miscellaneous":""},"schema":{"@context":"https:\/\/schema.org","@graph":[{"@type":"BlogPosting","@id":"https:\/\/www.eldigitaldeasturias.com\/noticias\/aritz-aduriz-ilusionado-para-el-reto-contra-el-fc-barcelona\/#blogposting","name":"Aritz Aduriz ilusionado para el \u00abreto\u00bb contra el FC Barcelona - El Digital de Asturias","headline":"Aritz Aduriz ilusionado para el \u00abreto\u00bb contra el FC Barcelona","author":{"@id":"https:\/\/www.eldigitaldeasturias.com\/noticias\/author\/admin\/#author"},"publisher":{"@id":"https:\/\/www.eldigitaldeasturias.com\/noticias\/#organization"},"image":{"@type":"ImageObject","url":"https:\/\/www.eldigitaldeasturias.com\/noticias\/wp-content\/uploads\/2020\/02\/Aduriz-ep.jpg","width":1022,"height":632,"caption":"Foto: Europa Press"},"datePublished":"2020-02-04T18:01:37+01:00","dateModified":"2020-02-04T18:01:37+01:00","inLanguage":"es-ES","mainEntityOfPage":{"@id":"https:\/\/www.eldigitaldeasturias.com\/noticias\/aritz-aduriz-ilusionado-para-el-reto-contra-el-fc-barcelona\/#webpage"},"isPartOf":{"@id":"https:\/\/www.eldigitaldeasturias.com\/noticias\/aritz-aduriz-ilusionado-para-el-reto-contra-el-fc-barcelona\/#webpage"},"articleSection":"Deportes"},{"@type":"BreadcrumbList","@id":"https:\/\/www.eldigitaldeasturias.com\/noticias\/aritz-aduriz-ilusionado-para-el-reto-contra-el-fc-barcelona\/#breadcrumblist","itemListElement":[{"@type":"ListItem","@id":"https:\/\/www.eldigitaldeasturias.com\/noticias#listItem","position":1,"name":"Home","item":"https:\/\/www.eldigitaldeasturias.com\/noticias","nextItem":{"@type":"ListItem","@id":"https:\/\/www.eldigitaldeasturias.com\/noticias\/category\/deportes\/#listItem","name":"Deportes"}},{"@type":"ListItem","@id":"https:\/\/www.eldigitaldeasturias.com\/noticias\/category\/deportes\/#listItem","position":2,"name":"Deportes","item":"https:\/\/www.eldigitaldeasturias.com\/noticias\/category\/deportes\/","nextItem":{"@type":"ListItem","@id":"https:\/\/www.eldigitaldeasturias.com\/noticias\/aritz-aduriz-ilusionado-para-el-reto-contra-el-fc-barcelona\/#listItem","name":"Aritz Aduriz ilusionado para el \u00abreto\u00bb contra el FC Barcelona"},"previousItem":{"@type":"ListItem","@id":"https:\/\/www.eldigitaldeasturias.com\/noticias#listItem","name":"Home"}},{"@type":"ListItem","@id":"https:\/\/www.eldigitaldeasturias.com\/noticias\/aritz-aduriz-ilusionado-para-el-reto-contra-el-fc-barcelona\/#listItem","position":3,"name":"Aritz Aduriz ilusionado para el \u00abreto\u00bb contra el FC Barcelona","previousItem":{"@type":"ListItem","@id":"https:\/\/www.eldigitaldeasturias.com\/noticias\/category\/deportes\/#listItem","name":"Deportes"}}]},{"@type":"Organization","@id":"https:\/\/www.eldigitaldeasturias.com\/noticias\/#organization","name":"El Digital de Asturias","description":"Hemeroteca","url":"https:\/\/www.eldigitaldeasturias.com\/noticias\/","email":"info@eldigitaldeasturias.com","telephone":"+34652131393","logo":{"@type":"ImageObject","url":"https:\/\/www.eldigitaldeasturias.com\/noticias\/wp-content\/uploads\/2020\/12\/EDA.jpg","@id":"https:\/\/www.eldigitaldeasturias.com\/noticias\/aritz-aduriz-ilusionado-para-el-reto-contra-el-fc-barcelona\/#organizationLogo","width":649,"height":297},"image":{"@id":"https:\/\/www.eldigitaldeasturias.com\/noticias\/aritz-aduriz-ilusionado-para-el-reto-contra-el-fc-barcelona\/#organizationLogo"},"sameAs":["https:\/\/facebook.com\/eldigitaldeasturias","https:\/\/www.youtube.com\/channel\/UCZP-2wLEB9Rv6erhFmqVnvg"],"address":{"@id":"https:\/\/www.eldigitaldeasturias.com\/noticias\/#postaladdress","@type":"PostalAddress","streetAddress":"san antonio 4,","postalCode":"33430","addressLocality":"Cand\u00e1s","addressRegion":"Asturias","addressCountry":"ES"}},{"@type":"Person","@id":"https:\/\/www.eldigitaldeasturias.com\/noticias\/author\/admin\/#author","url":"https:\/\/www.eldigitaldeasturias.com\/noticias\/author\/admin\/","name":"El Digital de Asturias","image":{"@type":"ImageObject","@id":"https:\/\/www.eldigitaldeasturias.com\/noticias\/aritz-aduriz-ilusionado-para-el-reto-contra-el-fc-barcelona\/#authorImage","url":"https:\/\/www.eldigitaldeasturias.com\/noticias\/wp-content\/litespeed\/avatar\/18677e78aa0546b92d9dbf31ec7d7668.jpg?ver=1777290358","width":96,"height":96,"caption":"El Digital de Asturias"}},{"@type":"WebPage","@id":"https:\/\/www.eldigitaldeasturias.com\/noticias\/aritz-aduriz-ilusionado-para-el-reto-contra-el-fc-barcelona\/#webpage","url":"https:\/\/www.eldigitaldeasturias.com\/noticias\/aritz-aduriz-ilusionado-para-el-reto-contra-el-fc-barcelona\/","name":"Aritz Aduriz ilusionado para el \u00abreto\u00bb contra el FC Barcelona - El Digital de Asturias","description":"(Europa Press) - El delantero del Athletic Aritz Aduriz ha afirmado que no se atreve ni se le ocurre decir que el FC Barcelona \"pueda ser vulnerable en ning\u00fan momento\", a dos d\u00edas del duelo de cuartos de final de la Copa del Rey que ambos equipos disputar\u00e1n en San Mam\u00e9s. Aduriz calific\u00f3 \"reto maravilloso\" este","inLanguage":"es-ES","isPartOf":{"@id":"https:\/\/www.eldigitaldeasturias.com\/noticias\/#website"},"breadcrumb":{"@id":"https:\/\/www.eldigitaldeasturias.com\/noticias\/aritz-aduriz-ilusionado-para-el-reto-contra-el-fc-barcelona\/#breadcrumblist"},"author":{"@id":"https:\/\/www.eldigitaldeasturias.com\/noticias\/author\/admin\/#author"},"creator":{"@id":"https:\/\/www.eldigitaldeasturias.com\/noticias\/author\/admin\/#author"},"image":{"@type":"ImageObject","url":"https:\/\/www.eldigitaldeasturias.com\/noticias\/wp-content\/uploads\/2020\/02\/Aduriz-ep.jpg","@id":"https:\/\/www.eldigitaldeasturias.com\/noticias\/aritz-aduriz-ilusionado-para-el-reto-contra-el-fc-barcelona\/#mainImage","width":1022,"height":632,"caption":"Foto: Europa Press"},"primaryImageOfPage":{"@id":"https:\/\/www.eldigitaldeasturias.com\/noticias\/aritz-aduriz-ilusionado-para-el-reto-contra-el-fc-barcelona\/#mainImage"},"datePublished":"2020-02-04T18:01:37+01:00","dateModified":"2020-02-04T18:01:37+01:00"},{"@type":"WebSite","@id":"https:\/\/www.eldigitaldeasturias.com\/noticias\/#website","url":"https:\/\/www.eldigitaldeasturias.com\/noticias\/","name":"El Digital de Asturias - Diario de actualidad y noticias","alternateName":"El Digital de Asturias - Diario de actualidad y noticias","description":"Hemeroteca","inLanguage":"es-ES","publisher":{"@id":"https:\/\/www.eldigitaldeasturias.com\/noticias\/#organization"}}]},"og:locale":"es_ES","og:site_name":"El Digital de Asturias","og:type":"article","og:title":"Aritz Aduriz ilusionado para el \u00abreto\u00bb contra el FC Barcelona - El Digital de Asturias","og:description":"(Europa Press) - El delantero del Athletic Aritz Aduriz ha afirmado que no se atreve ni se le ocurre decir que el FC Barcelona &quot;pueda ser vulnerable en ning\u00fan momento&quot;, a dos d\u00edas del duelo de cuartos de final de la Copa del Rey que ambos equipos disputar\u00e1n en San Mam\u00e9s. Aduriz calific\u00f3 &quot;reto maravilloso&quot; este","og:url":"https:\/\/www.eldigitaldeasturias.com\/noticias\/aritz-aduriz-ilusionado-para-el-reto-contra-el-fc-barcelona\/","og:image":"https:\/\/www.eldigitaldeasturias.com\/noticias\/wp-content\/uploads\/2020\/02\/Aduriz-ep.jpg","og:image:secure_url":"https:\/\/www.eldigitaldeasturias.com\/noticias\/wp-content\/uploads\/2020\/02\/Aduriz-ep.jpg","og:image:width":1022,"og:image:height":632,"article:tag":["deportes"],"article:published_time":"2020-02-04T18:01:37+00:00","article:modified_time":"2020-02-04T18:01:37+00:00","article:publisher":"https:\/\/facebook.com\/eldigitaldeasturias","twitter:card":"summary_large_image","twitter:title":"Aritz Aduriz ilusionado para el \u00abreto\u00bb contra el FC Barcelona - El Digital de Asturias","twitter:description":"(Europa Press) - El delantero del Athletic Aritz Aduriz ha afirmado que no se atreve ni se le ocurre decir que el FC Barcelona &quot;pueda ser vulnerable en ning\u00fan momento&quot;, a dos d\u00edas del duelo de cuartos de final de la Copa del Rey que ambos equipos disputar\u00e1n en San Mam\u00e9s. Aduriz calific\u00f3 &quot;reto maravilloso&quot; este","twitter:image":"https:\/\/www.eldigitaldeasturias.com\/noticias\/wp-content\/uploads\/2020\/02\/Aduriz-ep.jpg","twitter:label1":"Escrito por","twitter:data1":"El Digital de Asturias","twitter:label2":"Tiempo de lectura estimado","twitter:data2":"2 minutos"},"aioseo_meta_data":{"post_id":"1056618","title":null,"description":null,"keywords":null,"keyphrases":null,"primary_term":null,"canonical_url":null,"og_title":null,"og_description":null,"og_object_type":"default","og_image_type":"default","og_image_url":null,"og_image_width":null,"og_image_height":null,"og_image_custom_url":null,"og_image_custom_fields":null,"og_video":null,"og_custom_url":null,"og_article_section":null,"og_article_tags":null,"twitter_use_og":false,"twitter_card":"default","twitter_image_type":"default","twitter_image_url":null,"twitter_image_custom_url":null,"twitter_image_custom_fields":null,"twitter_title":null,"twitter_description":null,"schema":{"blockGraphs":[],"customGraphs":[],"default":{"data":{"Article":[],"Course":[],"Dataset":[],"FAQPage":[],"Movie":[],"Person":[],"Product":[],"ProductReview":[],"Car":[],"Recipe":[],"Service":[],"SoftwareApplication":[],"WebPage":[]},"graphName":"","isEnabled":true},"graphs":[],"defaultGraph":"","defaultPostTypeGraph":""},"schema_type":null,"schema_type_options":null,"pillar_content":false,"robots_default":true,"robots_noindex":false,"robots_noarchive":false,"robots_nosnippet":false,"robots_nofollow":false,"robots_noimageindex":false,"robots_noodp":false,"robots_notranslate":false,"robots_max_snippet":null,"robots_max_videopreview":null,"robots_max_imagepreview":"large","priority":null,"frequency":null,"local_seo":null,"seo_analyzer_scan_date":"2025-10-30 22:59:07","breadcrumb_settings":null,"limit_modified_date":false,"open_ai":null,"ai":null,"created":"2020-12-21 10:55:49","updated":"2025-10-30 22:59:07"},"aioseo_breadcrumb":"<div class=\"aioseo-breadcrumbs\"><span class=\"aioseo-breadcrumb\">\n\t<a href=\"https:\/\/www.eldigitaldeasturias.com\/noticias\" title=\"Home\">Home<\/a>\n<\/span><span class=\"aioseo-breadcrumb-separator\">\u2013<\/span><span class=\"aioseo-breadcrumb\">\n\t<a href=\"https:\/\/www.eldigitaldeasturias.com\/noticias\/category\/deportes\/\" title=\"Deportes\">Deportes<\/a>\n<\/span><span class=\"aioseo-breadcrumb-separator\">\u2013<\/span><span class=\"aioseo-breadcrumb\">\n\t<a href=\"https:\/\/www.eldigitaldeasturias.com\/noticias\/aritz-aduriz-ilusionado-para-el-reto-contra-el-fc-barcelona\/\" title=\"Aritz Aduriz ilusionado para el \u00abreto\u00bb contra el FC Barcelona\">Aritz Aduriz ilusionado para el \u00abreto\u00bb contra el FC Barcelona<\/a>\n<\/span><\/div>","aioseo_breadcrumb_json":[{"label":"Home","link":"https:\/\/www.eldigitaldeasturias.com\/noticias"},{"label":"Deportes","link":"https:\/\/www.eldigitaldeasturias.com\/noticias\/category\/deportes\/"},{"label":"Aritz Aduriz ilusionado para el \u00abreto\u00bb contra el FC Barcelona","link":"https:\/\/www.eldigitaldeasturias.com\/noticias\/aritz-aduriz-ilusionado-para-el-reto-contra-el-fc-barcelona\/"}],"_links":{"self":[{"href":"https:\/\/www.eldigitaldeasturias.com\/noticias\/wp-json\/wp\/v2\/posts\/1056618","targetHints":{"allow":["GET"]}}],"collection":[{"href":"https:\/\/www.eldigitaldeasturias.com\/noticias\/wp-json\/wp\/v2\/posts"}],"about":[{"href":"https:\/\/www.eldigitaldeasturias.com\/noticias\/wp-json\/wp\/v2\/types\/post"}],"author":[{"embeddable":true,"href":"https:\/\/www.eldigitaldeasturias.com\/noticias\/wp-json\/wp\/v2\/users\/1"}],"replies":[{"embeddable":true,"href":"https:\/\/www.eldigitaldeasturias.com\/noticias\/wp-json\/wp\/v2\/comments?post=1056618"}],"version-history":[{"count":0,"href":"https:\/\/www.eldigitaldeasturias.com\/noticias\/wp-json\/wp\/v2\/posts\/1056618\/revisions"}],"wp:featuredmedia":[{"embeddable":true,"href":"https:\/\/www.eldigitaldeasturias.com\/noticias\/wp-json\/wp\/v2\/media\/1056619"}],"wp:attachment":[{"href":"https:\/\/www.eldigitaldeasturias.com\/noticias\/wp-json\/wp\/v2\/media?parent=1056618"}],"wp:term":[{"taxonomy":"category","embeddable":true,"href":"https:\/\/www.eldigitaldeasturias.com\/noticias\/wp-json\/wp\/v2\/categories?post=1056618"},{"taxonomy":"post_tag","embeddable":true,"href":"https:\/\/www.eldigitaldeasturias.com\/noticias\/wp-json\/wp\/v2\/tags?post=1056618"}],"curies":[{"name":"wp","href":"https:\/\/api.w.org\/{rel}","templated":true}]}}