{"id":1056615,"date":"2020-02-04T17:54:47","date_gmt":"2020-02-04T17:54:47","guid":{"rendered":"https:\/\/www.eldigitaldeasturias.com\/noticias\/?p=1056615"},"modified":"2020-02-04T17:54:47","modified_gmt":"2020-02-04T17:54:47","slug":"nadal-inaugura-el-miercoles-su-academia-en-kuwait","status":"publish","type":"post","link":"https:\/\/www.eldigitaldeasturias.com\/noticias\/nadal-inaugura-el-miercoles-su-academia-en-kuwait\/","title":{"rendered":"Nadal inaugura el mi\u00e9rcoles su academia en Kuwait"},"content":{"rendered":"<figure id=\"attachment_1056616\" aria-describedby=\"caption-attachment-1056616\" style=\"width: 360px\" class=\"wp-caption alignleft\"><img loading=\"lazy\" decoding=\"async\" class=\"size-medium wp-image-1056616\" src=\"https:\/\/www.eldigitaldeasturias.com\/noticias\/wp-content\/uploads\/2020\/02\/Nadal-ep-360x238.jpg\" alt=\"\" width=\"360\" height=\"238\" srcset=\"https:\/\/www.eldigitaldeasturias.com\/noticias\/wp-content\/uploads\/2020\/02\/Nadal-ep-360x238.jpg 360w, https:\/\/www.eldigitaldeasturias.com\/noticias\/wp-content\/uploads\/2020\/02\/Nadal-ep-690x456.jpg 690w, https:\/\/www.eldigitaldeasturias.com\/noticias\/wp-content\/uploads\/2020\/02\/Nadal-ep-454x300.jpg 454w, https:\/\/www.eldigitaldeasturias.com\/noticias\/wp-content\/uploads\/2020\/02\/Nadal-ep-768x508.jpg 768w, https:\/\/www.eldigitaldeasturias.com\/noticias\/wp-content\/uploads\/2020\/02\/Nadal-ep.jpg 1001w\" sizes=\"auto, (max-width: 360px) 100vw, 360px\" \/><figcaption id=\"caption-attachment-1056616\" class=\"wp-caption-text\">Foto: MANUEL QUEIMADELOS ALONSO \/ Europa Press<\/figcaption><\/figure>\n<p>(Europa Press) &#8211;\u00a0El tenista espa\u00f1ol Rafa Nadal ya se encuentra en Kuwait para inaugurar este mi\u00e9rcoles la &#8216;Rafa Nadal Academy Kuwait&#8217;, su segunda academia formativa y la primera fuera de Espa\u00f1a, con un duelo de exhibici\u00f3n frente a su compatriota y ya retirado David Ferrer.<\/p>\n<p>El partido entre estos dos jugadores, que han compartido muchos momentos en el circuito profesional, enfrent\u00e1ndose hasta en 32 ocasiones, servir\u00e1 como gancho para estrenar el segundo proyecto formativo de Nadal, despu\u00e9s de que abriera su primera academia en su natal Manacor en 2016.<\/p>\n<p>Rafa Nadal, que viene ser cuartofinalista en el Abierto de Australia y que lleg\u00f3 a Kuwait este lunes, y David Ferrer se ver\u00e1n las caras un a\u00f1o despu\u00e9s de su \u00faltimo enfrentamiento en el Conde de God\u00f3 en Barcelona. Semanas despu\u00e9s, el de J\u00e1vea colg\u00f3 la raqueta en el Mutua Madrid Open despu\u00e9s de una larga carrera deportiva en la que logr\u00f3 27 t\u00edtulos.<\/p>\n<p>En al \u00e1mbito formativo, el tenista ha querido expandir sus conocimientos en el mundo de su deporte a nivel internacional con la creaci\u00f3n de los complejos &#8216;Rafa Nadal Tennis Centre&#8217;, en M\u00e9xico, y el &#8216;Sani Resort&#8217;, en Grecia, y ahora, con este nuevo proyecto en Asia Occidental.<\/p>\n<p>Este proyecto, que ha llevado a cabo de la mano del grupo &#8216;Tandeem&#8217;, tiene como objetivo convertirse en un centro de tenis de referencia en Medio Oriente y apoyar a la Federaci\u00f3n de Tenis de Kuwait a desarrollar un programa que impulse este deporte en el pa\u00eds con un proyecto formativo liderado por Nuno M\u00e1rquez y por los entrenadores de la &#8216;Rafa Nadal Academy by Movistar&#8217; desplazados a Kuwait.<\/p>\n<p>Las instalaciones de la academia cuentan con 8 pistas cubiertas, 8 pistas exteriores, un estadio al aire libre de 1.500 personas y un pabell\u00f3n cubierto multiusos con capacidad para albergar a 5.000 espectadores.<\/p>\n","protected":false},"excerpt":{"rendered":"<p>(Europa Press) &#8211;\u00a0El tenista espa\u00f1ol Rafa Nadal ya se encuentra en Kuwait para inaugurar este mi\u00e9rcoles la &#8216;Rafa Nadal Academy Kuwait&#8217;, su segunda academia formativa y la primera fuera de Espa\u00f1a, con un duelo de exhibici\u00f3n frente a su compatriota y ya retirado David Ferrer. El partido entre estos dos jugadores, que han compartido muchos [&hellip;]<\/p>\n","protected":false},"author":1,"featured_media":1056616,"comment_status":"closed","ping_status":"closed","sticky":false,"template":"","format":"standard","meta":{"footnotes":""},"categories":[190],"tags":[],"class_list":["post-1056615","post","type-post","status-publish","format-standard","has-post-thumbnail","hentry","category-deportes"],"aioseo_notices":[],"aioseo_head":"\n\t\t<!-- All in One SEO Pro 4.9.6.2 - aioseo.com -->\n\t<meta name=\"description\" content=\"(Europa Press) - El tenista espa\u00f1ol Rafa Nadal ya se encuentra en Kuwait para inaugurar este mi\u00e9rcoles la &#039;Rafa Nadal Academy Kuwait&#039;, su segunda academia formativa y la primera fuera de Espa\u00f1a, con un duelo de exhibici\u00f3n frente a su compatriota y ya retirado David Ferrer. El partido entre estos dos jugadores, que han compartido muchos\" \/>\n\t<meta name=\"robots\" content=\"max-image-preview:large\" \/>\n\t<meta name=\"author\" content=\"El Digital de Asturias\"\/>\n\t<meta name=\"google-site-verification\" content=\"UA-38556648-1\" \/>\n\t<meta name=\"msvalidate.01\" content=\"7dfe9f3f1b24437ab69f4f2559babe99\" \/>\n\t<meta name=\"keywords\" content=\"deportes\" \/>\n\t<link rel=\"canonical\" href=\"https:\/\/www.eldigitaldeasturias.com\/noticias\/nadal-inaugura-el-miercoles-su-academia-en-kuwait\/\" \/>\n\t<meta name=\"generator\" content=\"All in One SEO Pro (AIOSEO) 4.9.6.2\" \/>\n\t\t<meta property=\"og:locale\" content=\"es_ES\" \/>\n\t\t<meta property=\"og:site_name\" content=\"El Digital de Asturias\" \/>\n\t\t<meta property=\"og:type\" content=\"article\" \/>\n\t\t<meta property=\"og:title\" content=\"Nadal inaugura el mi\u00e9rcoles su academia en Kuwait - El Digital de Asturias\" \/>\n\t\t<meta property=\"og:description\" content=\"(Europa Press) - El tenista espa\u00f1ol Rafa Nadal ya se encuentra en Kuwait para inaugurar este mi\u00e9rcoles la &#039;Rafa Nadal Academy Kuwait&#039;, su segunda academia formativa y la primera fuera de Espa\u00f1a, con un duelo de exhibici\u00f3n frente a su compatriota y ya retirado David Ferrer. El partido entre estos dos jugadores, que han compartido muchos\" \/>\n\t\t<meta property=\"og:url\" content=\"https:\/\/www.eldigitaldeasturias.com\/noticias\/nadal-inaugura-el-miercoles-su-academia-en-kuwait\/\" \/>\n\t\t<meta property=\"og:image\" content=\"https:\/\/www.eldigitaldeasturias.com\/noticias\/wp-content\/uploads\/2020\/02\/Nadal-ep.jpg\" \/>\n\t\t<meta property=\"og:image:secure_url\" content=\"https:\/\/www.eldigitaldeasturias.com\/noticias\/wp-content\/uploads\/2020\/02\/Nadal-ep.jpg\" \/>\n\t\t<meta property=\"og:image:width\" content=\"1001\" \/>\n\t\t<meta property=\"og:image:height\" content=\"662\" \/>\n\t\t<meta property=\"article:tag\" content=\"deportes\" \/>\n\t\t<meta property=\"article:published_time\" content=\"2020-02-04T17:54:47+00:00\" \/>\n\t\t<meta property=\"article:modified_time\" content=\"2020-02-04T17:54:47+00:00\" \/>\n\t\t<meta property=\"article:publisher\" content=\"https:\/\/facebook.com\/eldigitaldeasturias\" \/>\n\t\t<meta name=\"twitter:card\" content=\"summary_large_image\" \/>\n\t\t<meta name=\"twitter:title\" content=\"Nadal inaugura el mi\u00e9rcoles su academia en Kuwait - El Digital de Asturias\" \/>\n\t\t<meta name=\"twitter:description\" content=\"(Europa Press) - El tenista espa\u00f1ol Rafa Nadal ya se encuentra en Kuwait para inaugurar este mi\u00e9rcoles la &#039;Rafa Nadal Academy Kuwait&#039;, su segunda academia formativa y la primera fuera de Espa\u00f1a, con un duelo de exhibici\u00f3n frente a su compatriota y ya retirado David Ferrer. El partido entre estos dos jugadores, que han compartido muchos\" \/>\n\t\t<meta name=\"twitter:image\" content=\"https:\/\/www.eldigitaldeasturias.com\/noticias\/wp-content\/uploads\/2020\/02\/Nadal-ep.jpg\" \/>\n\t\t<meta name=\"twitter:label1\" content=\"Escrito por\" \/>\n\t\t<meta name=\"twitter:data1\" content=\"El Digital de Asturias\" \/>\n\t\t<meta name=\"twitter:label2\" content=\"Tiempo de lectura estimado\" \/>\n\t\t<meta name=\"twitter:data2\" content=\"2 minutos\" \/>\n\t\t<script type=\"application\/ld+json\" class=\"aioseo-schema\">\n\t\t\t{\"@context\":\"https:\\\/\\\/schema.org\",\"@graph\":[{\"@type\":\"BlogPosting\",\"@id\":\"https:\\\/\\\/www.eldigitaldeasturias.com\\\/noticias\\\/nadal-inaugura-el-miercoles-su-academia-en-kuwait\\\/#blogposting\",\"name\":\"Nadal inaugura el mi\\u00e9rcoles su academia en Kuwait - El Digital de Asturias\",\"headline\":\"Nadal inaugura el mi\\u00e9rcoles su academia en Kuwait\",\"author\":{\"@id\":\"https:\\\/\\\/www.eldigitaldeasturias.com\\\/noticias\\\/author\\\/admin\\\/#author\"},\"publisher\":{\"@id\":\"https:\\\/\\\/www.eldigitaldeasturias.com\\\/noticias\\\/#organization\"},\"image\":{\"@type\":\"ImageObject\",\"url\":\"https:\\\/\\\/www.eldigitaldeasturias.com\\\/noticias\\\/wp-content\\\/uploads\\\/2020\\\/02\\\/Nadal-ep.jpg\",\"width\":1001,\"height\":662,\"caption\":\"Foto: MANUEL QUEIMADELOS ALONSO \\\/ Europa Press\"},\"datePublished\":\"2020-02-04T17:54:47+01:00\",\"dateModified\":\"2020-02-04T17:54:47+01:00\",\"inLanguage\":\"es-ES\",\"mainEntityOfPage\":{\"@id\":\"https:\\\/\\\/www.eldigitaldeasturias.com\\\/noticias\\\/nadal-inaugura-el-miercoles-su-academia-en-kuwait\\\/#webpage\"},\"isPartOf\":{\"@id\":\"https:\\\/\\\/www.eldigitaldeasturias.com\\\/noticias\\\/nadal-inaugura-el-miercoles-su-academia-en-kuwait\\\/#webpage\"},\"articleSection\":\"Deportes\"},{\"@type\":\"BreadcrumbList\",\"@id\":\"https:\\\/\\\/www.eldigitaldeasturias.com\\\/noticias\\\/nadal-inaugura-el-miercoles-su-academia-en-kuwait\\\/#breadcrumblist\",\"itemListElement\":[{\"@type\":\"ListItem\",\"@id\":\"https:\\\/\\\/www.eldigitaldeasturias.com\\\/noticias#listItem\",\"position\":1,\"name\":\"Home\",\"item\":\"https:\\\/\\\/www.eldigitaldeasturias.com\\\/noticias\",\"nextItem\":{\"@type\":\"ListItem\",\"@id\":\"https:\\\/\\\/www.eldigitaldeasturias.com\\\/noticias\\\/category\\\/deportes\\\/#listItem\",\"name\":\"Deportes\"}},{\"@type\":\"ListItem\",\"@id\":\"https:\\\/\\\/www.eldigitaldeasturias.com\\\/noticias\\\/category\\\/deportes\\\/#listItem\",\"position\":2,\"name\":\"Deportes\",\"item\":\"https:\\\/\\\/www.eldigitaldeasturias.com\\\/noticias\\\/category\\\/deportes\\\/\",\"nextItem\":{\"@type\":\"ListItem\",\"@id\":\"https:\\\/\\\/www.eldigitaldeasturias.com\\\/noticias\\\/nadal-inaugura-el-miercoles-su-academia-en-kuwait\\\/#listItem\",\"name\":\"Nadal inaugura el mi\\u00e9rcoles su academia en Kuwait\"},\"previousItem\":{\"@type\":\"ListItem\",\"@id\":\"https:\\\/\\\/www.eldigitaldeasturias.com\\\/noticias#listItem\",\"name\":\"Home\"}},{\"@type\":\"ListItem\",\"@id\":\"https:\\\/\\\/www.eldigitaldeasturias.com\\\/noticias\\\/nadal-inaugura-el-miercoles-su-academia-en-kuwait\\\/#listItem\",\"position\":3,\"name\":\"Nadal inaugura el mi\\u00e9rcoles su academia en Kuwait\",\"previousItem\":{\"@type\":\"ListItem\",\"@id\":\"https:\\\/\\\/www.eldigitaldeasturias.com\\\/noticias\\\/category\\\/deportes\\\/#listItem\",\"name\":\"Deportes\"}}]},{\"@type\":\"Organization\",\"@id\":\"https:\\\/\\\/www.eldigitaldeasturias.com\\\/noticias\\\/#organization\",\"name\":\"El Digital de Asturias\",\"description\":\"Hemeroteca\",\"url\":\"https:\\\/\\\/www.eldigitaldeasturias.com\\\/noticias\\\/\",\"email\":\"info@eldigitaldeasturias.com\",\"telephone\":\"+34652131393\",\"logo\":{\"@type\":\"ImageObject\",\"url\":\"https:\\\/\\\/www.eldigitaldeasturias.com\\\/noticias\\\/wp-content\\\/uploads\\\/2020\\\/12\\\/EDA.jpg\",\"@id\":\"https:\\\/\\\/www.eldigitaldeasturias.com\\\/noticias\\\/nadal-inaugura-el-miercoles-su-academia-en-kuwait\\\/#organizationLogo\",\"width\":649,\"height\":297},\"image\":{\"@id\":\"https:\\\/\\\/www.eldigitaldeasturias.com\\\/noticias\\\/nadal-inaugura-el-miercoles-su-academia-en-kuwait\\\/#organizationLogo\"},\"sameAs\":[\"https:\\\/\\\/facebook.com\\\/eldigitaldeasturias\",\"https:\\\/\\\/www.youtube.com\\\/channel\\\/UCZP-2wLEB9Rv6erhFmqVnvg\"],\"address\":{\"@id\":\"https:\\\/\\\/www.eldigitaldeasturias.com\\\/noticias\\\/#postaladdress\",\"@type\":\"PostalAddress\",\"streetAddress\":\"san antonio 4,\",\"postalCode\":\"33430\",\"addressLocality\":\"Cand\\u00e1s\",\"addressRegion\":\"Asturias\",\"addressCountry\":\"ES\"}},{\"@type\":\"Person\",\"@id\":\"https:\\\/\\\/www.eldigitaldeasturias.com\\\/noticias\\\/author\\\/admin\\\/#author\",\"url\":\"https:\\\/\\\/www.eldigitaldeasturias.com\\\/noticias\\\/author\\\/admin\\\/\",\"name\":\"El Digital de Asturias\",\"image\":{\"@type\":\"ImageObject\",\"@id\":\"https:\\\/\\\/www.eldigitaldeasturias.com\\\/noticias\\\/nadal-inaugura-el-miercoles-su-academia-en-kuwait\\\/#authorImage\",\"url\":\"https:\\\/\\\/www.eldigitaldeasturias.com\\\/noticias\\\/wp-content\\\/litespeed\\\/avatar\\\/18677e78aa0546b92d9dbf31ec7d7668.jpg?ver=1777290358\",\"width\":96,\"height\":96,\"caption\":\"El Digital de Asturias\"}},{\"@type\":\"WebPage\",\"@id\":\"https:\\\/\\\/www.eldigitaldeasturias.com\\\/noticias\\\/nadal-inaugura-el-miercoles-su-academia-en-kuwait\\\/#webpage\",\"url\":\"https:\\\/\\\/www.eldigitaldeasturias.com\\\/noticias\\\/nadal-inaugura-el-miercoles-su-academia-en-kuwait\\\/\",\"name\":\"Nadal inaugura el mi\\u00e9rcoles su academia en Kuwait - El Digital de Asturias\",\"description\":\"(Europa Press) - El tenista espa\\u00f1ol Rafa Nadal ya se encuentra en Kuwait para inaugurar este mi\\u00e9rcoles la 'Rafa Nadal Academy Kuwait', su segunda academia formativa y la primera fuera de Espa\\u00f1a, con un duelo de exhibici\\u00f3n frente a su compatriota y ya retirado David Ferrer. El partido entre estos dos jugadores, que han compartido muchos\",\"inLanguage\":\"es-ES\",\"isPartOf\":{\"@id\":\"https:\\\/\\\/www.eldigitaldeasturias.com\\\/noticias\\\/#website\"},\"breadcrumb\":{\"@id\":\"https:\\\/\\\/www.eldigitaldeasturias.com\\\/noticias\\\/nadal-inaugura-el-miercoles-su-academia-en-kuwait\\\/#breadcrumblist\"},\"author\":{\"@id\":\"https:\\\/\\\/www.eldigitaldeasturias.com\\\/noticias\\\/author\\\/admin\\\/#author\"},\"creator\":{\"@id\":\"https:\\\/\\\/www.eldigitaldeasturias.com\\\/noticias\\\/author\\\/admin\\\/#author\"},\"image\":{\"@type\":\"ImageObject\",\"url\":\"https:\\\/\\\/www.eldigitaldeasturias.com\\\/noticias\\\/wp-content\\\/uploads\\\/2020\\\/02\\\/Nadal-ep.jpg\",\"@id\":\"https:\\\/\\\/www.eldigitaldeasturias.com\\\/noticias\\\/nadal-inaugura-el-miercoles-su-academia-en-kuwait\\\/#mainImage\",\"width\":1001,\"height\":662,\"caption\":\"Foto: MANUEL QUEIMADELOS ALONSO \\\/ Europa Press\"},\"primaryImageOfPage\":{\"@id\":\"https:\\\/\\\/www.eldigitaldeasturias.com\\\/noticias\\\/nadal-inaugura-el-miercoles-su-academia-en-kuwait\\\/#mainImage\"},\"datePublished\":\"2020-02-04T17:54:47+01:00\",\"dateModified\":\"2020-02-04T17:54:47+01:00\"},{\"@type\":\"WebSite\",\"@id\":\"https:\\\/\\\/www.eldigitaldeasturias.com\\\/noticias\\\/#website\",\"url\":\"https:\\\/\\\/www.eldigitaldeasturias.com\\\/noticias\\\/\",\"name\":\"El Digital de Asturias - Diario de actualidad y noticias\",\"alternateName\":\"El Digital de Asturias - Diario de actualidad y noticias\",\"description\":\"Hemeroteca\",\"inLanguage\":\"es-ES\",\"publisher\":{\"@id\":\"https:\\\/\\\/www.eldigitaldeasturias.com\\\/noticias\\\/#organization\"}}]}\n\t\t<\/script>\n\t\t<!-- All in One SEO Pro -->\r\n\t\t<title>Nadal inaugura el mi\u00e9rcoles su academia en Kuwait - El Digital de Asturias<\/title>\n\n","aioseo_head_json":{"title":"Nadal inaugura el mi\u00e9rcoles su academia en Kuwait - El Digital de Asturias","description":"(Europa Press) - El tenista espa\u00f1ol Rafa Nadal ya se encuentra en Kuwait para inaugurar este mi\u00e9rcoles la 'Rafa Nadal Academy Kuwait', su segunda academia formativa y la primera fuera de Espa\u00f1a, con un duelo de exhibici\u00f3n frente a su compatriota y ya retirado David Ferrer. El partido entre estos dos jugadores, que han compartido muchos","canonical_url":"https:\/\/www.eldigitaldeasturias.com\/noticias\/nadal-inaugura-el-miercoles-su-academia-en-kuwait\/","robots":"max-image-preview:large","keywords":"deportes","webmasterTools":{"google-site-verification":"UA-38556648-1","msvalidate.01":"7dfe9f3f1b24437ab69f4f2559babe99","miscellaneous":""},"schema":{"@context":"https:\/\/schema.org","@graph":[{"@type":"BlogPosting","@id":"https:\/\/www.eldigitaldeasturias.com\/noticias\/nadal-inaugura-el-miercoles-su-academia-en-kuwait\/#blogposting","name":"Nadal inaugura el mi\u00e9rcoles su academia en Kuwait - El Digital de Asturias","headline":"Nadal inaugura el mi\u00e9rcoles su academia en Kuwait","author":{"@id":"https:\/\/www.eldigitaldeasturias.com\/noticias\/author\/admin\/#author"},"publisher":{"@id":"https:\/\/www.eldigitaldeasturias.com\/noticias\/#organization"},"image":{"@type":"ImageObject","url":"https:\/\/www.eldigitaldeasturias.com\/noticias\/wp-content\/uploads\/2020\/02\/Nadal-ep.jpg","width":1001,"height":662,"caption":"Foto: MANUEL QUEIMADELOS ALONSO \/ Europa Press"},"datePublished":"2020-02-04T17:54:47+01:00","dateModified":"2020-02-04T17:54:47+01:00","inLanguage":"es-ES","mainEntityOfPage":{"@id":"https:\/\/www.eldigitaldeasturias.com\/noticias\/nadal-inaugura-el-miercoles-su-academia-en-kuwait\/#webpage"},"isPartOf":{"@id":"https:\/\/www.eldigitaldeasturias.com\/noticias\/nadal-inaugura-el-miercoles-su-academia-en-kuwait\/#webpage"},"articleSection":"Deportes"},{"@type":"BreadcrumbList","@id":"https:\/\/www.eldigitaldeasturias.com\/noticias\/nadal-inaugura-el-miercoles-su-academia-en-kuwait\/#breadcrumblist","itemListElement":[{"@type":"ListItem","@id":"https:\/\/www.eldigitaldeasturias.com\/noticias#listItem","position":1,"name":"Home","item":"https:\/\/www.eldigitaldeasturias.com\/noticias","nextItem":{"@type":"ListItem","@id":"https:\/\/www.eldigitaldeasturias.com\/noticias\/category\/deportes\/#listItem","name":"Deportes"}},{"@type":"ListItem","@id":"https:\/\/www.eldigitaldeasturias.com\/noticias\/category\/deportes\/#listItem","position":2,"name":"Deportes","item":"https:\/\/www.eldigitaldeasturias.com\/noticias\/category\/deportes\/","nextItem":{"@type":"ListItem","@id":"https:\/\/www.eldigitaldeasturias.com\/noticias\/nadal-inaugura-el-miercoles-su-academia-en-kuwait\/#listItem","name":"Nadal inaugura el mi\u00e9rcoles su academia en Kuwait"},"previousItem":{"@type":"ListItem","@id":"https:\/\/www.eldigitaldeasturias.com\/noticias#listItem","name":"Home"}},{"@type":"ListItem","@id":"https:\/\/www.eldigitaldeasturias.com\/noticias\/nadal-inaugura-el-miercoles-su-academia-en-kuwait\/#listItem","position":3,"name":"Nadal inaugura el mi\u00e9rcoles su academia en Kuwait","previousItem":{"@type":"ListItem","@id":"https:\/\/www.eldigitaldeasturias.com\/noticias\/category\/deportes\/#listItem","name":"Deportes"}}]},{"@type":"Organization","@id":"https:\/\/www.eldigitaldeasturias.com\/noticias\/#organization","name":"El Digital de Asturias","description":"Hemeroteca","url":"https:\/\/www.eldigitaldeasturias.com\/noticias\/","email":"info@eldigitaldeasturias.com","telephone":"+34652131393","logo":{"@type":"ImageObject","url":"https:\/\/www.eldigitaldeasturias.com\/noticias\/wp-content\/uploads\/2020\/12\/EDA.jpg","@id":"https:\/\/www.eldigitaldeasturias.com\/noticias\/nadal-inaugura-el-miercoles-su-academia-en-kuwait\/#organizationLogo","width":649,"height":297},"image":{"@id":"https:\/\/www.eldigitaldeasturias.com\/noticias\/nadal-inaugura-el-miercoles-su-academia-en-kuwait\/#organizationLogo"},"sameAs":["https:\/\/facebook.com\/eldigitaldeasturias","https:\/\/www.youtube.com\/channel\/UCZP-2wLEB9Rv6erhFmqVnvg"],"address":{"@id":"https:\/\/www.eldigitaldeasturias.com\/noticias\/#postaladdress","@type":"PostalAddress","streetAddress":"san antonio 4,","postalCode":"33430","addressLocality":"Cand\u00e1s","addressRegion":"Asturias","addressCountry":"ES"}},{"@type":"Person","@id":"https:\/\/www.eldigitaldeasturias.com\/noticias\/author\/admin\/#author","url":"https:\/\/www.eldigitaldeasturias.com\/noticias\/author\/admin\/","name":"El Digital de Asturias","image":{"@type":"ImageObject","@id":"https:\/\/www.eldigitaldeasturias.com\/noticias\/nadal-inaugura-el-miercoles-su-academia-en-kuwait\/#authorImage","url":"https:\/\/www.eldigitaldeasturias.com\/noticias\/wp-content\/litespeed\/avatar\/18677e78aa0546b92d9dbf31ec7d7668.jpg?ver=1777290358","width":96,"height":96,"caption":"El Digital de Asturias"}},{"@type":"WebPage","@id":"https:\/\/www.eldigitaldeasturias.com\/noticias\/nadal-inaugura-el-miercoles-su-academia-en-kuwait\/#webpage","url":"https:\/\/www.eldigitaldeasturias.com\/noticias\/nadal-inaugura-el-miercoles-su-academia-en-kuwait\/","name":"Nadal inaugura el mi\u00e9rcoles su academia en Kuwait - El Digital de Asturias","description":"(Europa Press) - El tenista espa\u00f1ol Rafa Nadal ya se encuentra en Kuwait para inaugurar este mi\u00e9rcoles la 'Rafa Nadal Academy Kuwait', su segunda academia formativa y la primera fuera de Espa\u00f1a, con un duelo de exhibici\u00f3n frente a su compatriota y ya retirado David Ferrer. El partido entre estos dos jugadores, que han compartido muchos","inLanguage":"es-ES","isPartOf":{"@id":"https:\/\/www.eldigitaldeasturias.com\/noticias\/#website"},"breadcrumb":{"@id":"https:\/\/www.eldigitaldeasturias.com\/noticias\/nadal-inaugura-el-miercoles-su-academia-en-kuwait\/#breadcrumblist"},"author":{"@id":"https:\/\/www.eldigitaldeasturias.com\/noticias\/author\/admin\/#author"},"creator":{"@id":"https:\/\/www.eldigitaldeasturias.com\/noticias\/author\/admin\/#author"},"image":{"@type":"ImageObject","url":"https:\/\/www.eldigitaldeasturias.com\/noticias\/wp-content\/uploads\/2020\/02\/Nadal-ep.jpg","@id":"https:\/\/www.eldigitaldeasturias.com\/noticias\/nadal-inaugura-el-miercoles-su-academia-en-kuwait\/#mainImage","width":1001,"height":662,"caption":"Foto: MANUEL QUEIMADELOS ALONSO \/ Europa Press"},"primaryImageOfPage":{"@id":"https:\/\/www.eldigitaldeasturias.com\/noticias\/nadal-inaugura-el-miercoles-su-academia-en-kuwait\/#mainImage"},"datePublished":"2020-02-04T17:54:47+01:00","dateModified":"2020-02-04T17:54:47+01:00"},{"@type":"WebSite","@id":"https:\/\/www.eldigitaldeasturias.com\/noticias\/#website","url":"https:\/\/www.eldigitaldeasturias.com\/noticias\/","name":"El Digital de Asturias - Diario de actualidad y noticias","alternateName":"El Digital de Asturias - Diario de actualidad y noticias","description":"Hemeroteca","inLanguage":"es-ES","publisher":{"@id":"https:\/\/www.eldigitaldeasturias.com\/noticias\/#organization"}}]},"og:locale":"es_ES","og:site_name":"El Digital de Asturias","og:type":"article","og:title":"Nadal inaugura el mi\u00e9rcoles su academia en Kuwait - El Digital de Asturias","og:description":"(Europa Press) - El tenista espa\u00f1ol Rafa Nadal ya se encuentra en Kuwait para inaugurar este mi\u00e9rcoles la 'Rafa Nadal Academy Kuwait', su segunda academia formativa y la primera fuera de Espa\u00f1a, con un duelo de exhibici\u00f3n frente a su compatriota y ya retirado David Ferrer. El partido entre estos dos jugadores, que han compartido muchos","og:url":"https:\/\/www.eldigitaldeasturias.com\/noticias\/nadal-inaugura-el-miercoles-su-academia-en-kuwait\/","og:image":"https:\/\/www.eldigitaldeasturias.com\/noticias\/wp-content\/uploads\/2020\/02\/Nadal-ep.jpg","og:image:secure_url":"https:\/\/www.eldigitaldeasturias.com\/noticias\/wp-content\/uploads\/2020\/02\/Nadal-ep.jpg","og:image:width":1001,"og:image:height":662,"article:tag":["deportes"],"article:published_time":"2020-02-04T17:54:47+00:00","article:modified_time":"2020-02-04T17:54:47+00:00","article:publisher":"https:\/\/facebook.com\/eldigitaldeasturias","twitter:card":"summary_large_image","twitter:title":"Nadal inaugura el mi\u00e9rcoles su academia en Kuwait - El Digital de Asturias","twitter:description":"(Europa Press) - El tenista espa\u00f1ol Rafa Nadal ya se encuentra en Kuwait para inaugurar este mi\u00e9rcoles la 'Rafa Nadal Academy Kuwait', su segunda academia formativa y la primera fuera de Espa\u00f1a, con un duelo de exhibici\u00f3n frente a su compatriota y ya retirado David Ferrer. El partido entre estos dos jugadores, que han compartido muchos","twitter:image":"https:\/\/www.eldigitaldeasturias.com\/noticias\/wp-content\/uploads\/2020\/02\/Nadal-ep.jpg","twitter:label1":"Escrito por","twitter:data1":"El Digital de Asturias","twitter:label2":"Tiempo de lectura estimado","twitter:data2":"2 minutos"},"aioseo_meta_data":{"post_id":"1056615","title":null,"description":null,"keywords":null,"keyphrases":null,"primary_term":null,"canonical_url":null,"og_title":null,"og_description":null,"og_object_type":"default","og_image_type":"default","og_image_url":null,"og_image_width":null,"og_image_height":null,"og_image_custom_url":null,"og_image_custom_fields":null,"og_video":null,"og_custom_url":null,"og_article_section":null,"og_article_tags":null,"twitter_use_og":false,"twitter_card":"default","twitter_image_type":"default","twitter_image_url":null,"twitter_image_custom_url":null,"twitter_image_custom_fields":null,"twitter_title":null,"twitter_description":null,"schema":{"blockGraphs":[],"customGraphs":[],"default":{"data":{"Article":[],"Course":[],"Dataset":[],"FAQPage":[],"Movie":[],"Person":[],"Product":[],"ProductReview":[],"Car":[],"Recipe":[],"Service":[],"SoftwareApplication":[],"WebPage":[]},"graphName":"","isEnabled":true},"graphs":[],"defaultGraph":"","defaultPostTypeGraph":""},"schema_type":null,"schema_type_options":null,"pillar_content":false,"robots_default":true,"robots_noindex":false,"robots_noarchive":false,"robots_nosnippet":false,"robots_nofollow":false,"robots_noimageindex":false,"robots_noodp":false,"robots_notranslate":false,"robots_max_snippet":null,"robots_max_videopreview":null,"robots_max_imagepreview":"large","priority":null,"frequency":null,"local_seo":null,"seo_analyzer_scan_date":"2025-10-30 22:57:15","breadcrumb_settings":null,"limit_modified_date":false,"open_ai":null,"ai":null,"created":"2020-12-21 10:55:49","updated":"2025-10-30 22:57:15"},"aioseo_breadcrumb":"<div class=\"aioseo-breadcrumbs\"><span class=\"aioseo-breadcrumb\">\n\t<a href=\"https:\/\/www.eldigitaldeasturias.com\/noticias\" title=\"Home\">Home<\/a>\n<\/span><span class=\"aioseo-breadcrumb-separator\">\u2013<\/span><span class=\"aioseo-breadcrumb\">\n\t<a href=\"https:\/\/www.eldigitaldeasturias.com\/noticias\/category\/deportes\/\" title=\"Deportes\">Deportes<\/a>\n<\/span><span class=\"aioseo-breadcrumb-separator\">\u2013<\/span><span class=\"aioseo-breadcrumb\">\n\t<a href=\"https:\/\/www.eldigitaldeasturias.com\/noticias\/nadal-inaugura-el-miercoles-su-academia-en-kuwait\/\" title=\"Nadal inaugura el mi\u00e9rcoles su academia en Kuwait\">Nadal inaugura el mi\u00e9rcoles su academia en Kuwait<\/a>\n<\/span><\/div>","aioseo_breadcrumb_json":[{"label":"Home","link":"https:\/\/www.eldigitaldeasturias.com\/noticias"},{"label":"Deportes","link":"https:\/\/www.eldigitaldeasturias.com\/noticias\/category\/deportes\/"},{"label":"Nadal inaugura el mi\u00e9rcoles su academia en Kuwait","link":"https:\/\/www.eldigitaldeasturias.com\/noticias\/nadal-inaugura-el-miercoles-su-academia-en-kuwait\/"}],"_links":{"self":[{"href":"https:\/\/www.eldigitaldeasturias.com\/noticias\/wp-json\/wp\/v2\/posts\/1056615","targetHints":{"allow":["GET"]}}],"collection":[{"href":"https:\/\/www.eldigitaldeasturias.com\/noticias\/wp-json\/wp\/v2\/posts"}],"about":[{"href":"https:\/\/www.eldigitaldeasturias.com\/noticias\/wp-json\/wp\/v2\/types\/post"}],"author":[{"embeddable":true,"href":"https:\/\/www.eldigitaldeasturias.com\/noticias\/wp-json\/wp\/v2\/users\/1"}],"replies":[{"embeddable":true,"href":"https:\/\/www.eldigitaldeasturias.com\/noticias\/wp-json\/wp\/v2\/comments?post=1056615"}],"version-history":[{"count":0,"href":"https:\/\/www.eldigitaldeasturias.com\/noticias\/wp-json\/wp\/v2\/posts\/1056615\/revisions"}],"wp:featuredmedia":[{"embeddable":true,"href":"https:\/\/www.eldigitaldeasturias.com\/noticias\/wp-json\/wp\/v2\/media\/1056616"}],"wp:attachment":[{"href":"https:\/\/www.eldigitaldeasturias.com\/noticias\/wp-json\/wp\/v2\/media?parent=1056615"}],"wp:term":[{"taxonomy":"category","embeddable":true,"href":"https:\/\/www.eldigitaldeasturias.com\/noticias\/wp-json\/wp\/v2\/categories?post=1056615"},{"taxonomy":"post_tag","embeddable":true,"href":"https:\/\/www.eldigitaldeasturias.com\/noticias\/wp-json\/wp\/v2\/tags?post=1056615"}],"curies":[{"name":"wp","href":"https:\/\/api.w.org\/{rel}","templated":true}]}}