{"id":1056612,"date":"2020-02-04T17:51:00","date_gmt":"2020-02-04T17:51:00","guid":{"rendered":"https:\/\/www.eldigitaldeasturias.com\/noticias\/?p=1056612"},"modified":"2020-02-04T17:51:00","modified_gmt":"2020-02-04T17:51:00","slug":"cristobal-parralo-rescinde-su-contrato-con-el-racing","status":"publish","type":"post","link":"https:\/\/www.eldigitaldeasturias.com\/noticias\/cristobal-parralo-rescinde-su-contrato-con-el-racing\/","title":{"rendered":"Crist\u00f3bal Parralo rescinde su contrato con el Racing"},"content":{"rendered":"<figure id=\"attachment_1056613\" aria-describedby=\"caption-attachment-1056613\" style=\"width: 360px\" class=\"wp-caption alignleft\"><img loading=\"lazy\" decoding=\"async\" class=\"size-medium wp-image-1056613\" src=\"https:\/\/www.eldigitaldeasturias.com\/noticias\/wp-content\/uploads\/2020\/02\/Cristobal-ep-360x230.jpg\" alt=\"\" width=\"360\" height=\"230\" srcset=\"https:\/\/www.eldigitaldeasturias.com\/noticias\/wp-content\/uploads\/2020\/02\/Cristobal-ep-360x230.jpg 360w, https:\/\/www.eldigitaldeasturias.com\/noticias\/wp-content\/uploads\/2020\/02\/Cristobal-ep-470x300.jpg 470w, https:\/\/www.eldigitaldeasturias.com\/noticias\/wp-content\/uploads\/2020\/02\/Cristobal-ep.jpg 623w\" sizes=\"auto, (max-width: 360px) 100vw, 360px\" \/><figcaption id=\"caption-attachment-1056613\" class=\"wp-caption-text\">Foto: LALIGA.ES \/ Europa Press<\/figcaption><\/figure>\n<p>(Europa Press) &#8211; El Racing de Santander ha alcanzado un acuerdo con su entrenador Crist\u00f3bal Parralo para la rescisi\u00f3n del contrato que ligaba a ambas partes hasta el pr\u00f3ximo 30 de junio de 2020.<\/p>\n<p>\u00abLa decisi\u00f3n, adoptada de com\u00fan acuerdo, se ha producido tras analizar la situaci\u00f3n del equipo verdiblanco, que ocupa el vig\u00e9simo segundo puesto de la clasificaci\u00f3n de LaLiga SmartBank. El club c\u00e1ntabro, a trav\u00e9s de estas l\u00edneas, desea al entrenador andaluz \u00e9xito en sus futuros proyectos profesionales y le agradece la dedicaci\u00f3n y profesionalidad mostrada durante su estancia en Santander\u00bb, le despidi\u00f3.<\/p>\n<p>Parralo lleg\u00f3 al banquillo c\u00e1ntabro a mediados de noviembre y no ha conseguido reflotar al equipo. En 11 jornadas al frente del Racing, el t\u00e9cnico tan solo ha podido sumar una victoria, seis empates y cuatro derrotas. El club ocupa la \u00faltima posici\u00f3n de LaLiga SmartBank a siete puntos de la salvaci\u00f3n.<\/p>\n<p>&nbsp;<\/p>\n","protected":false},"excerpt":{"rendered":"<p>(Europa Press) &#8211; El Racing de Santander ha alcanzado un acuerdo con su entrenador Crist\u00f3bal Parralo para la rescisi\u00f3n del contrato que ligaba a ambas partes hasta el pr\u00f3ximo 30 de junio de 2020. \u00abLa decisi\u00f3n, adoptada de com\u00fan acuerdo, se ha producido tras analizar la situaci\u00f3n del equipo verdiblanco, que ocupa el vig\u00e9simo segundo [&hellip;]<\/p>\n","protected":false},"author":1,"featured_media":1056613,"comment_status":"closed","ping_status":"closed","sticky":false,"template":"","format":"standard","meta":{"footnotes":""},"categories":[190],"tags":[],"class_list":["post-1056612","post","type-post","status-publish","format-standard","has-post-thumbnail","hentry","category-deportes"],"aioseo_notices":[],"aioseo_head":"\n\t\t<!-- All in One SEO Pro 4.9.6.2 - aioseo.com -->\n\t<meta name=\"description\" content=\"(Europa Press) - El Racing de Santander ha alcanzado un acuerdo con su entrenador Crist\u00f3bal Parralo para la rescisi\u00f3n del contrato que ligaba a ambas partes hasta el pr\u00f3ximo 30 de junio de 2020. &quot;La decisi\u00f3n, adoptada de com\u00fan acuerdo, se ha producido tras analizar la situaci\u00f3n del equipo verdiblanco, que ocupa el vig\u00e9simo segundo\" \/>\n\t<meta name=\"robots\" content=\"max-image-preview:large\" \/>\n\t<meta name=\"author\" content=\"El Digital de Asturias\"\/>\n\t<meta name=\"google-site-verification\" content=\"UA-38556648-1\" \/>\n\t<meta name=\"msvalidate.01\" content=\"7dfe9f3f1b24437ab69f4f2559babe99\" \/>\n\t<meta name=\"keywords\" content=\"deportes\" \/>\n\t<link rel=\"canonical\" href=\"https:\/\/www.eldigitaldeasturias.com\/noticias\/cristobal-parralo-rescinde-su-contrato-con-el-racing\/\" \/>\n\t<meta name=\"generator\" content=\"All in One SEO Pro (AIOSEO) 4.9.6.2\" \/>\n\t\t<meta property=\"og:locale\" content=\"es_ES\" \/>\n\t\t<meta property=\"og:site_name\" content=\"El Digital de Asturias\" \/>\n\t\t<meta property=\"og:type\" content=\"article\" \/>\n\t\t<meta property=\"og:title\" content=\"Crist\u00f3bal Parralo rescinde su contrato con el Racing - El Digital de Asturias\" \/>\n\t\t<meta property=\"og:description\" content=\"(Europa Press) - El Racing de Santander ha alcanzado un acuerdo con su entrenador Crist\u00f3bal Parralo para la rescisi\u00f3n del contrato que ligaba a ambas partes hasta el pr\u00f3ximo 30 de junio de 2020. &quot;La decisi\u00f3n, adoptada de com\u00fan acuerdo, se ha producido tras analizar la situaci\u00f3n del equipo verdiblanco, que ocupa el vig\u00e9simo segundo\" \/>\n\t\t<meta property=\"og:url\" content=\"https:\/\/www.eldigitaldeasturias.com\/noticias\/cristobal-parralo-rescinde-su-contrato-con-el-racing\/\" \/>\n\t\t<meta property=\"og:image\" content=\"https:\/\/www.eldigitaldeasturias.com\/noticias\/wp-content\/uploads\/2020\/02\/Cristobal-ep.jpg\" \/>\n\t\t<meta property=\"og:image:secure_url\" content=\"https:\/\/www.eldigitaldeasturias.com\/noticias\/wp-content\/uploads\/2020\/02\/Cristobal-ep.jpg\" \/>\n\t\t<meta property=\"og:image:width\" content=\"623\" \/>\n\t\t<meta property=\"og:image:height\" content=\"398\" \/>\n\t\t<meta property=\"article:tag\" content=\"deportes\" \/>\n\t\t<meta property=\"article:published_time\" content=\"2020-02-04T17:51:00+00:00\" \/>\n\t\t<meta property=\"article:modified_time\" content=\"2020-02-04T17:51:00+00:00\" \/>\n\t\t<meta property=\"article:publisher\" content=\"https:\/\/facebook.com\/eldigitaldeasturias\" \/>\n\t\t<meta name=\"twitter:card\" content=\"summary_large_image\" \/>\n\t\t<meta name=\"twitter:title\" content=\"Crist\u00f3bal Parralo rescinde su contrato con el Racing - El Digital de Asturias\" \/>\n\t\t<meta name=\"twitter:description\" content=\"(Europa Press) - El Racing de Santander ha alcanzado un acuerdo con su entrenador Crist\u00f3bal Parralo para la rescisi\u00f3n del contrato que ligaba a ambas partes hasta el pr\u00f3ximo 30 de junio de 2020. &quot;La decisi\u00f3n, adoptada de com\u00fan acuerdo, se ha producido tras analizar la situaci\u00f3n del equipo verdiblanco, que ocupa el vig\u00e9simo segundo\" \/>\n\t\t<meta name=\"twitter:image\" content=\"https:\/\/www.eldigitaldeasturias.com\/noticias\/wp-content\/uploads\/2020\/02\/Cristobal-ep.jpg\" \/>\n\t\t<meta name=\"twitter:label1\" content=\"Escrito por\" \/>\n\t\t<meta name=\"twitter:data1\" content=\"El Digital de Asturias\" \/>\n\t\t<meta name=\"twitter:label2\" content=\"Tiempo de lectura estimado\" \/>\n\t\t<meta name=\"twitter:data2\" content=\"1 minuto\" \/>\n\t\t<script type=\"application\/ld+json\" class=\"aioseo-schema\">\n\t\t\t{\"@context\":\"https:\\\/\\\/schema.org\",\"@graph\":[{\"@type\":\"BlogPosting\",\"@id\":\"https:\\\/\\\/www.eldigitaldeasturias.com\\\/noticias\\\/cristobal-parralo-rescinde-su-contrato-con-el-racing\\\/#blogposting\",\"name\":\"Crist\\u00f3bal Parralo rescinde su contrato con el Racing - El Digital de Asturias\",\"headline\":\"Crist\\u00f3bal Parralo rescinde su contrato con el Racing\",\"author\":{\"@id\":\"https:\\\/\\\/www.eldigitaldeasturias.com\\\/noticias\\\/author\\\/admin\\\/#author\"},\"publisher\":{\"@id\":\"https:\\\/\\\/www.eldigitaldeasturias.com\\\/noticias\\\/#organization\"},\"image\":{\"@type\":\"ImageObject\",\"url\":\"https:\\\/\\\/www.eldigitaldeasturias.com\\\/noticias\\\/wp-content\\\/uploads\\\/2020\\\/02\\\/Cristobal-ep.jpg\",\"width\":623,\"height\":398,\"caption\":\"Foto: LALIGA.ES \\\/ Europa Press\"},\"datePublished\":\"2020-02-04T17:51:00+01:00\",\"dateModified\":\"2020-02-04T17:51:00+01:00\",\"inLanguage\":\"es-ES\",\"mainEntityOfPage\":{\"@id\":\"https:\\\/\\\/www.eldigitaldeasturias.com\\\/noticias\\\/cristobal-parralo-rescinde-su-contrato-con-el-racing\\\/#webpage\"},\"isPartOf\":{\"@id\":\"https:\\\/\\\/www.eldigitaldeasturias.com\\\/noticias\\\/cristobal-parralo-rescinde-su-contrato-con-el-racing\\\/#webpage\"},\"articleSection\":\"Deportes\"},{\"@type\":\"BreadcrumbList\",\"@id\":\"https:\\\/\\\/www.eldigitaldeasturias.com\\\/noticias\\\/cristobal-parralo-rescinde-su-contrato-con-el-racing\\\/#breadcrumblist\",\"itemListElement\":[{\"@type\":\"ListItem\",\"@id\":\"https:\\\/\\\/www.eldigitaldeasturias.com\\\/noticias#listItem\",\"position\":1,\"name\":\"Home\",\"item\":\"https:\\\/\\\/www.eldigitaldeasturias.com\\\/noticias\",\"nextItem\":{\"@type\":\"ListItem\",\"@id\":\"https:\\\/\\\/www.eldigitaldeasturias.com\\\/noticias\\\/category\\\/deportes\\\/#listItem\",\"name\":\"Deportes\"}},{\"@type\":\"ListItem\",\"@id\":\"https:\\\/\\\/www.eldigitaldeasturias.com\\\/noticias\\\/category\\\/deportes\\\/#listItem\",\"position\":2,\"name\":\"Deportes\",\"item\":\"https:\\\/\\\/www.eldigitaldeasturias.com\\\/noticias\\\/category\\\/deportes\\\/\",\"nextItem\":{\"@type\":\"ListItem\",\"@id\":\"https:\\\/\\\/www.eldigitaldeasturias.com\\\/noticias\\\/cristobal-parralo-rescinde-su-contrato-con-el-racing\\\/#listItem\",\"name\":\"Crist\\u00f3bal Parralo rescinde su contrato con el Racing\"},\"previousItem\":{\"@type\":\"ListItem\",\"@id\":\"https:\\\/\\\/www.eldigitaldeasturias.com\\\/noticias#listItem\",\"name\":\"Home\"}},{\"@type\":\"ListItem\",\"@id\":\"https:\\\/\\\/www.eldigitaldeasturias.com\\\/noticias\\\/cristobal-parralo-rescinde-su-contrato-con-el-racing\\\/#listItem\",\"position\":3,\"name\":\"Crist\\u00f3bal Parralo rescinde su contrato con el Racing\",\"previousItem\":{\"@type\":\"ListItem\",\"@id\":\"https:\\\/\\\/www.eldigitaldeasturias.com\\\/noticias\\\/category\\\/deportes\\\/#listItem\",\"name\":\"Deportes\"}}]},{\"@type\":\"Organization\",\"@id\":\"https:\\\/\\\/www.eldigitaldeasturias.com\\\/noticias\\\/#organization\",\"name\":\"El Digital de Asturias\",\"description\":\"Hemeroteca\",\"url\":\"https:\\\/\\\/www.eldigitaldeasturias.com\\\/noticias\\\/\",\"email\":\"info@eldigitaldeasturias.com\",\"telephone\":\"+34652131393\",\"logo\":{\"@type\":\"ImageObject\",\"url\":\"https:\\\/\\\/www.eldigitaldeasturias.com\\\/noticias\\\/wp-content\\\/uploads\\\/2020\\\/12\\\/EDA.jpg\",\"@id\":\"https:\\\/\\\/www.eldigitaldeasturias.com\\\/noticias\\\/cristobal-parralo-rescinde-su-contrato-con-el-racing\\\/#organizationLogo\",\"width\":649,\"height\":297},\"image\":{\"@id\":\"https:\\\/\\\/www.eldigitaldeasturias.com\\\/noticias\\\/cristobal-parralo-rescinde-su-contrato-con-el-racing\\\/#organizationLogo\"},\"sameAs\":[\"https:\\\/\\\/facebook.com\\\/eldigitaldeasturias\",\"https:\\\/\\\/www.youtube.com\\\/channel\\\/UCZP-2wLEB9Rv6erhFmqVnvg\"],\"address\":{\"@id\":\"https:\\\/\\\/www.eldigitaldeasturias.com\\\/noticias\\\/#postaladdress\",\"@type\":\"PostalAddress\",\"streetAddress\":\"san antonio 4,\",\"postalCode\":\"33430\",\"addressLocality\":\"Cand\\u00e1s\",\"addressRegion\":\"Asturias\",\"addressCountry\":\"ES\"}},{\"@type\":\"Person\",\"@id\":\"https:\\\/\\\/www.eldigitaldeasturias.com\\\/noticias\\\/author\\\/admin\\\/#author\",\"url\":\"https:\\\/\\\/www.eldigitaldeasturias.com\\\/noticias\\\/author\\\/admin\\\/\",\"name\":\"El Digital de Asturias\",\"image\":{\"@type\":\"ImageObject\",\"@id\":\"https:\\\/\\\/www.eldigitaldeasturias.com\\\/noticias\\\/cristobal-parralo-rescinde-su-contrato-con-el-racing\\\/#authorImage\",\"url\":\"https:\\\/\\\/www.eldigitaldeasturias.com\\\/noticias\\\/wp-content\\\/litespeed\\\/avatar\\\/18677e78aa0546b92d9dbf31ec7d7668.jpg?ver=1777290358\",\"width\":96,\"height\":96,\"caption\":\"El Digital de Asturias\"}},{\"@type\":\"WebPage\",\"@id\":\"https:\\\/\\\/www.eldigitaldeasturias.com\\\/noticias\\\/cristobal-parralo-rescinde-su-contrato-con-el-racing\\\/#webpage\",\"url\":\"https:\\\/\\\/www.eldigitaldeasturias.com\\\/noticias\\\/cristobal-parralo-rescinde-su-contrato-con-el-racing\\\/\",\"name\":\"Crist\\u00f3bal Parralo rescinde su contrato con el Racing - El Digital de Asturias\",\"description\":\"(Europa Press) - El Racing de Santander ha alcanzado un acuerdo con su entrenador Crist\\u00f3bal Parralo para la rescisi\\u00f3n del contrato que ligaba a ambas partes hasta el pr\\u00f3ximo 30 de junio de 2020. \\\"La decisi\\u00f3n, adoptada de com\\u00fan acuerdo, se ha producido tras analizar la situaci\\u00f3n del equipo verdiblanco, que ocupa el vig\\u00e9simo segundo\",\"inLanguage\":\"es-ES\",\"isPartOf\":{\"@id\":\"https:\\\/\\\/www.eldigitaldeasturias.com\\\/noticias\\\/#website\"},\"breadcrumb\":{\"@id\":\"https:\\\/\\\/www.eldigitaldeasturias.com\\\/noticias\\\/cristobal-parralo-rescinde-su-contrato-con-el-racing\\\/#breadcrumblist\"},\"author\":{\"@id\":\"https:\\\/\\\/www.eldigitaldeasturias.com\\\/noticias\\\/author\\\/admin\\\/#author\"},\"creator\":{\"@id\":\"https:\\\/\\\/www.eldigitaldeasturias.com\\\/noticias\\\/author\\\/admin\\\/#author\"},\"image\":{\"@type\":\"ImageObject\",\"url\":\"https:\\\/\\\/www.eldigitaldeasturias.com\\\/noticias\\\/wp-content\\\/uploads\\\/2020\\\/02\\\/Cristobal-ep.jpg\",\"@id\":\"https:\\\/\\\/www.eldigitaldeasturias.com\\\/noticias\\\/cristobal-parralo-rescinde-su-contrato-con-el-racing\\\/#mainImage\",\"width\":623,\"height\":398,\"caption\":\"Foto: LALIGA.ES \\\/ Europa Press\"},\"primaryImageOfPage\":{\"@id\":\"https:\\\/\\\/www.eldigitaldeasturias.com\\\/noticias\\\/cristobal-parralo-rescinde-su-contrato-con-el-racing\\\/#mainImage\"},\"datePublished\":\"2020-02-04T17:51:00+01:00\",\"dateModified\":\"2020-02-04T17:51:00+01:00\"},{\"@type\":\"WebSite\",\"@id\":\"https:\\\/\\\/www.eldigitaldeasturias.com\\\/noticias\\\/#website\",\"url\":\"https:\\\/\\\/www.eldigitaldeasturias.com\\\/noticias\\\/\",\"name\":\"El Digital de Asturias - Diario de actualidad y noticias\",\"alternateName\":\"El Digital de Asturias - Diario de actualidad y noticias\",\"description\":\"Hemeroteca\",\"inLanguage\":\"es-ES\",\"publisher\":{\"@id\":\"https:\\\/\\\/www.eldigitaldeasturias.com\\\/noticias\\\/#organization\"}}]}\n\t\t<\/script>\n\t\t<!-- All in One SEO Pro -->\r\n\t\t<title>Crist\u00f3bal Parralo rescinde su contrato con el Racing - El Digital de Asturias<\/title>\n\n","aioseo_head_json":{"title":"Crist\u00f3bal Parralo rescinde su contrato con el Racing - El Digital de Asturias","description":"(Europa Press) - El Racing de Santander ha alcanzado un acuerdo con su entrenador Crist\u00f3bal Parralo para la rescisi\u00f3n del contrato que ligaba a ambas partes hasta el pr\u00f3ximo 30 de junio de 2020. \"La decisi\u00f3n, adoptada de com\u00fan acuerdo, se ha producido tras analizar la situaci\u00f3n del equipo verdiblanco, que ocupa el vig\u00e9simo segundo","canonical_url":"https:\/\/www.eldigitaldeasturias.com\/noticias\/cristobal-parralo-rescinde-su-contrato-con-el-racing\/","robots":"max-image-preview:large","keywords":"deportes","webmasterTools":{"google-site-verification":"UA-38556648-1","msvalidate.01":"7dfe9f3f1b24437ab69f4f2559babe99","miscellaneous":""},"schema":{"@context":"https:\/\/schema.org","@graph":[{"@type":"BlogPosting","@id":"https:\/\/www.eldigitaldeasturias.com\/noticias\/cristobal-parralo-rescinde-su-contrato-con-el-racing\/#blogposting","name":"Crist\u00f3bal Parralo rescinde su contrato con el Racing - El Digital de Asturias","headline":"Crist\u00f3bal Parralo rescinde su contrato con el Racing","author":{"@id":"https:\/\/www.eldigitaldeasturias.com\/noticias\/author\/admin\/#author"},"publisher":{"@id":"https:\/\/www.eldigitaldeasturias.com\/noticias\/#organization"},"image":{"@type":"ImageObject","url":"https:\/\/www.eldigitaldeasturias.com\/noticias\/wp-content\/uploads\/2020\/02\/Cristobal-ep.jpg","width":623,"height":398,"caption":"Foto: LALIGA.ES \/ Europa Press"},"datePublished":"2020-02-04T17:51:00+01:00","dateModified":"2020-02-04T17:51:00+01:00","inLanguage":"es-ES","mainEntityOfPage":{"@id":"https:\/\/www.eldigitaldeasturias.com\/noticias\/cristobal-parralo-rescinde-su-contrato-con-el-racing\/#webpage"},"isPartOf":{"@id":"https:\/\/www.eldigitaldeasturias.com\/noticias\/cristobal-parralo-rescinde-su-contrato-con-el-racing\/#webpage"},"articleSection":"Deportes"},{"@type":"BreadcrumbList","@id":"https:\/\/www.eldigitaldeasturias.com\/noticias\/cristobal-parralo-rescinde-su-contrato-con-el-racing\/#breadcrumblist","itemListElement":[{"@type":"ListItem","@id":"https:\/\/www.eldigitaldeasturias.com\/noticias#listItem","position":1,"name":"Home","item":"https:\/\/www.eldigitaldeasturias.com\/noticias","nextItem":{"@type":"ListItem","@id":"https:\/\/www.eldigitaldeasturias.com\/noticias\/category\/deportes\/#listItem","name":"Deportes"}},{"@type":"ListItem","@id":"https:\/\/www.eldigitaldeasturias.com\/noticias\/category\/deportes\/#listItem","position":2,"name":"Deportes","item":"https:\/\/www.eldigitaldeasturias.com\/noticias\/category\/deportes\/","nextItem":{"@type":"ListItem","@id":"https:\/\/www.eldigitaldeasturias.com\/noticias\/cristobal-parralo-rescinde-su-contrato-con-el-racing\/#listItem","name":"Crist\u00f3bal Parralo rescinde su contrato con el Racing"},"previousItem":{"@type":"ListItem","@id":"https:\/\/www.eldigitaldeasturias.com\/noticias#listItem","name":"Home"}},{"@type":"ListItem","@id":"https:\/\/www.eldigitaldeasturias.com\/noticias\/cristobal-parralo-rescinde-su-contrato-con-el-racing\/#listItem","position":3,"name":"Crist\u00f3bal Parralo rescinde su contrato con el Racing","previousItem":{"@type":"ListItem","@id":"https:\/\/www.eldigitaldeasturias.com\/noticias\/category\/deportes\/#listItem","name":"Deportes"}}]},{"@type":"Organization","@id":"https:\/\/www.eldigitaldeasturias.com\/noticias\/#organization","name":"El Digital de Asturias","description":"Hemeroteca","url":"https:\/\/www.eldigitaldeasturias.com\/noticias\/","email":"info@eldigitaldeasturias.com","telephone":"+34652131393","logo":{"@type":"ImageObject","url":"https:\/\/www.eldigitaldeasturias.com\/noticias\/wp-content\/uploads\/2020\/12\/EDA.jpg","@id":"https:\/\/www.eldigitaldeasturias.com\/noticias\/cristobal-parralo-rescinde-su-contrato-con-el-racing\/#organizationLogo","width":649,"height":297},"image":{"@id":"https:\/\/www.eldigitaldeasturias.com\/noticias\/cristobal-parralo-rescinde-su-contrato-con-el-racing\/#organizationLogo"},"sameAs":["https:\/\/facebook.com\/eldigitaldeasturias","https:\/\/www.youtube.com\/channel\/UCZP-2wLEB9Rv6erhFmqVnvg"],"address":{"@id":"https:\/\/www.eldigitaldeasturias.com\/noticias\/#postaladdress","@type":"PostalAddress","streetAddress":"san antonio 4,","postalCode":"33430","addressLocality":"Cand\u00e1s","addressRegion":"Asturias","addressCountry":"ES"}},{"@type":"Person","@id":"https:\/\/www.eldigitaldeasturias.com\/noticias\/author\/admin\/#author","url":"https:\/\/www.eldigitaldeasturias.com\/noticias\/author\/admin\/","name":"El Digital de Asturias","image":{"@type":"ImageObject","@id":"https:\/\/www.eldigitaldeasturias.com\/noticias\/cristobal-parralo-rescinde-su-contrato-con-el-racing\/#authorImage","url":"https:\/\/www.eldigitaldeasturias.com\/noticias\/wp-content\/litespeed\/avatar\/18677e78aa0546b92d9dbf31ec7d7668.jpg?ver=1777290358","width":96,"height":96,"caption":"El Digital de Asturias"}},{"@type":"WebPage","@id":"https:\/\/www.eldigitaldeasturias.com\/noticias\/cristobal-parralo-rescinde-su-contrato-con-el-racing\/#webpage","url":"https:\/\/www.eldigitaldeasturias.com\/noticias\/cristobal-parralo-rescinde-su-contrato-con-el-racing\/","name":"Crist\u00f3bal Parralo rescinde su contrato con el Racing - El Digital de Asturias","description":"(Europa Press) - El Racing de Santander ha alcanzado un acuerdo con su entrenador Crist\u00f3bal Parralo para la rescisi\u00f3n del contrato que ligaba a ambas partes hasta el pr\u00f3ximo 30 de junio de 2020. \"La decisi\u00f3n, adoptada de com\u00fan acuerdo, se ha producido tras analizar la situaci\u00f3n del equipo verdiblanco, que ocupa el vig\u00e9simo segundo","inLanguage":"es-ES","isPartOf":{"@id":"https:\/\/www.eldigitaldeasturias.com\/noticias\/#website"},"breadcrumb":{"@id":"https:\/\/www.eldigitaldeasturias.com\/noticias\/cristobal-parralo-rescinde-su-contrato-con-el-racing\/#breadcrumblist"},"author":{"@id":"https:\/\/www.eldigitaldeasturias.com\/noticias\/author\/admin\/#author"},"creator":{"@id":"https:\/\/www.eldigitaldeasturias.com\/noticias\/author\/admin\/#author"},"image":{"@type":"ImageObject","url":"https:\/\/www.eldigitaldeasturias.com\/noticias\/wp-content\/uploads\/2020\/02\/Cristobal-ep.jpg","@id":"https:\/\/www.eldigitaldeasturias.com\/noticias\/cristobal-parralo-rescinde-su-contrato-con-el-racing\/#mainImage","width":623,"height":398,"caption":"Foto: LALIGA.ES \/ Europa Press"},"primaryImageOfPage":{"@id":"https:\/\/www.eldigitaldeasturias.com\/noticias\/cristobal-parralo-rescinde-su-contrato-con-el-racing\/#mainImage"},"datePublished":"2020-02-04T17:51:00+01:00","dateModified":"2020-02-04T17:51:00+01:00"},{"@type":"WebSite","@id":"https:\/\/www.eldigitaldeasturias.com\/noticias\/#website","url":"https:\/\/www.eldigitaldeasturias.com\/noticias\/","name":"El Digital de Asturias - Diario de actualidad y noticias","alternateName":"El Digital de Asturias - Diario de actualidad y noticias","description":"Hemeroteca","inLanguage":"es-ES","publisher":{"@id":"https:\/\/www.eldigitaldeasturias.com\/noticias\/#organization"}}]},"og:locale":"es_ES","og:site_name":"El Digital de Asturias","og:type":"article","og:title":"Crist\u00f3bal Parralo rescinde su contrato con el Racing - El Digital de Asturias","og:description":"(Europa Press) - El Racing de Santander ha alcanzado un acuerdo con su entrenador Crist\u00f3bal Parralo para la rescisi\u00f3n del contrato que ligaba a ambas partes hasta el pr\u00f3ximo 30 de junio de 2020. &quot;La decisi\u00f3n, adoptada de com\u00fan acuerdo, se ha producido tras analizar la situaci\u00f3n del equipo verdiblanco, que ocupa el vig\u00e9simo segundo","og:url":"https:\/\/www.eldigitaldeasturias.com\/noticias\/cristobal-parralo-rescinde-su-contrato-con-el-racing\/","og:image":"https:\/\/www.eldigitaldeasturias.com\/noticias\/wp-content\/uploads\/2020\/02\/Cristobal-ep.jpg","og:image:secure_url":"https:\/\/www.eldigitaldeasturias.com\/noticias\/wp-content\/uploads\/2020\/02\/Cristobal-ep.jpg","og:image:width":623,"og:image:height":398,"article:tag":["deportes"],"article:published_time":"2020-02-04T17:51:00+00:00","article:modified_time":"2020-02-04T17:51:00+00:00","article:publisher":"https:\/\/facebook.com\/eldigitaldeasturias","twitter:card":"summary_large_image","twitter:title":"Crist\u00f3bal Parralo rescinde su contrato con el Racing - El Digital de Asturias","twitter:description":"(Europa Press) - El Racing de Santander ha alcanzado un acuerdo con su entrenador Crist\u00f3bal Parralo para la rescisi\u00f3n del contrato que ligaba a ambas partes hasta el pr\u00f3ximo 30 de junio de 2020. &quot;La decisi\u00f3n, adoptada de com\u00fan acuerdo, se ha producido tras analizar la situaci\u00f3n del equipo verdiblanco, que ocupa el vig\u00e9simo segundo","twitter:image":"https:\/\/www.eldigitaldeasturias.com\/noticias\/wp-content\/uploads\/2020\/02\/Cristobal-ep.jpg","twitter:label1":"Escrito por","twitter:data1":"El Digital de Asturias","twitter:label2":"Tiempo de lectura estimado","twitter:data2":"1 minuto"},"aioseo_meta_data":{"post_id":"1056612","title":null,"description":null,"keywords":null,"keyphrases":null,"primary_term":null,"canonical_url":null,"og_title":null,"og_description":null,"og_object_type":"default","og_image_type":"default","og_image_url":null,"og_image_width":null,"og_image_height":null,"og_image_custom_url":null,"og_image_custom_fields":null,"og_video":null,"og_custom_url":null,"og_article_section":null,"og_article_tags":null,"twitter_use_og":false,"twitter_card":"default","twitter_image_type":"default","twitter_image_url":null,"twitter_image_custom_url":null,"twitter_image_custom_fields":null,"twitter_title":null,"twitter_description":null,"schema":{"blockGraphs":[],"customGraphs":[],"default":{"data":{"Article":[],"Course":[],"Dataset":[],"FAQPage":[],"Movie":[],"Person":[],"Product":[],"ProductReview":[],"Car":[],"Recipe":[],"Service":[],"SoftwareApplication":[],"WebPage":[]},"graphName":"","isEnabled":true},"graphs":[],"defaultGraph":"","defaultPostTypeGraph":""},"schema_type":null,"schema_type_options":null,"pillar_content":false,"robots_default":true,"robots_noindex":false,"robots_noarchive":false,"robots_nosnippet":false,"robots_nofollow":false,"robots_noimageindex":false,"robots_noodp":false,"robots_notranslate":false,"robots_max_snippet":null,"robots_max_videopreview":null,"robots_max_imagepreview":"large","priority":null,"frequency":null,"local_seo":null,"seo_analyzer_scan_date":"2025-10-30 22:57:15","breadcrumb_settings":null,"limit_modified_date":false,"open_ai":null,"ai":null,"created":"2020-12-21 10:42:14","updated":"2025-10-30 22:57:15"},"aioseo_breadcrumb":"<div class=\"aioseo-breadcrumbs\"><span class=\"aioseo-breadcrumb\">\n\t<a href=\"https:\/\/www.eldigitaldeasturias.com\/noticias\" title=\"Home\">Home<\/a>\n<\/span><span class=\"aioseo-breadcrumb-separator\">\u2013<\/span><span class=\"aioseo-breadcrumb\">\n\t<a href=\"https:\/\/www.eldigitaldeasturias.com\/noticias\/category\/deportes\/\" title=\"Deportes\">Deportes<\/a>\n<\/span><span class=\"aioseo-breadcrumb-separator\">\u2013<\/span><span class=\"aioseo-breadcrumb\">\n\t<a href=\"https:\/\/www.eldigitaldeasturias.com\/noticias\/cristobal-parralo-rescinde-su-contrato-con-el-racing\/\" title=\"Crist\u00f3bal Parralo rescinde su contrato con el Racing\">Crist\u00f3bal Parralo rescinde su contrato con el Racing<\/a>\n<\/span><\/div>","aioseo_breadcrumb_json":[{"label":"Home","link":"https:\/\/www.eldigitaldeasturias.com\/noticias"},{"label":"Deportes","link":"https:\/\/www.eldigitaldeasturias.com\/noticias\/category\/deportes\/"},{"label":"Crist\u00f3bal Parralo rescinde su contrato con el Racing","link":"https:\/\/www.eldigitaldeasturias.com\/noticias\/cristobal-parralo-rescinde-su-contrato-con-el-racing\/"}],"_links":{"self":[{"href":"https:\/\/www.eldigitaldeasturias.com\/noticias\/wp-json\/wp\/v2\/posts\/1056612","targetHints":{"allow":["GET"]}}],"collection":[{"href":"https:\/\/www.eldigitaldeasturias.com\/noticias\/wp-json\/wp\/v2\/posts"}],"about":[{"href":"https:\/\/www.eldigitaldeasturias.com\/noticias\/wp-json\/wp\/v2\/types\/post"}],"author":[{"embeddable":true,"href":"https:\/\/www.eldigitaldeasturias.com\/noticias\/wp-json\/wp\/v2\/users\/1"}],"replies":[{"embeddable":true,"href":"https:\/\/www.eldigitaldeasturias.com\/noticias\/wp-json\/wp\/v2\/comments?post=1056612"}],"version-history":[{"count":0,"href":"https:\/\/www.eldigitaldeasturias.com\/noticias\/wp-json\/wp\/v2\/posts\/1056612\/revisions"}],"wp:featuredmedia":[{"embeddable":true,"href":"https:\/\/www.eldigitaldeasturias.com\/noticias\/wp-json\/wp\/v2\/media\/1056613"}],"wp:attachment":[{"href":"https:\/\/www.eldigitaldeasturias.com\/noticias\/wp-json\/wp\/v2\/media?parent=1056612"}],"wp:term":[{"taxonomy":"category","embeddable":true,"href":"https:\/\/www.eldigitaldeasturias.com\/noticias\/wp-json\/wp\/v2\/categories?post=1056612"},{"taxonomy":"post_tag","embeddable":true,"href":"https:\/\/www.eldigitaldeasturias.com\/noticias\/wp-json\/wp\/v2\/tags?post=1056612"}],"curies":[{"name":"wp","href":"https:\/\/api.w.org\/{rel}","templated":true}]}}