{"id":1056544,"date":"2020-02-03T20:05:37","date_gmt":"2020-02-03T20:05:37","guid":{"rendered":"https:\/\/www.eldigitaldeasturias.com\/noticias\/?p=1056544"},"modified":"2020-02-03T20:05:37","modified_gmt":"2020-02-03T20:05:37","slug":"ranking-de-la-atp-numero-1-para-novak-djokovic","status":"publish","type":"post","link":"https:\/\/www.eldigitaldeasturias.com\/noticias\/ranking-de-la-atp-numero-1-para-novak-djokovic\/","title":{"rendered":"Ranking de la ATP: N\u00famero 1 para Novak Djokovic"},"content":{"rendered":"<figure id=\"attachment_1056545\" aria-describedby=\"caption-attachment-1056545\" style=\"width: 360px\" class=\"wp-caption alignleft\"><img loading=\"lazy\" decoding=\"async\" class=\"size-medium wp-image-1056545\" src=\"https:\/\/www.eldigitaldeasturias.com\/noticias\/wp-content\/uploads\/2020\/02\/Nadal-dpa-360x238.jpg\" alt=\"\" width=\"360\" height=\"238\" srcset=\"https:\/\/www.eldigitaldeasturias.com\/noticias\/wp-content\/uploads\/2020\/02\/Nadal-dpa-360x238.jpg 360w, https:\/\/www.eldigitaldeasturias.com\/noticias\/wp-content\/uploads\/2020\/02\/Nadal-dpa-690x457.jpg 690w, https:\/\/www.eldigitaldeasturias.com\/noticias\/wp-content\/uploads\/2020\/02\/Nadal-dpa-453x300.jpg 453w, https:\/\/www.eldigitaldeasturias.com\/noticias\/wp-content\/uploads\/2020\/02\/Nadal-dpa-768x508.jpg 768w, https:\/\/www.eldigitaldeasturias.com\/noticias\/wp-content\/uploads\/2020\/02\/Nadal-dpa.jpg 999w\" sizes=\"auto, (max-width: 360px) 100vw, 360px\" \/><figcaption id=\"caption-attachment-1056545\" class=\"wp-caption-text\">Foto: AAP Image\/Dave Hunt\/dpa<\/figcaption><\/figure>\n<p>(Europa Press) &#8211;\u00a0El tenista serbio <strong>Novak Djokovic ascendi\u00f3 este lunes oficialmente al n\u00famero uno del ranking de la ATP<\/strong> tras defender con \u00e9xito su t\u00edtulo en el Abierto de Australia, primer &#8216;Grand Slam&#8217; de la temporada, y arrebatarle ese puesto al espa\u00f1ol Rafa Nadal.<\/p>\n<p>El jugador balear fue finalista en Melbourne en 2019 y no pudo igualar ni mejorar esa actuaci\u00f3n al caer en los cuartos de final ante el austriaco Dominic Thiem, cediendo ahora por 325 puntos el trono al de Belgrado.<\/p>\n<p>Adem\u00e1s, <strong>el suizo Roger Federer se mantiene en el &#8216;Top 3&#8217;<\/strong> de esta clasificaci\u00f3n, mientras que Thiem, finalista ante Djokovic, recupera el n\u00famero cuatro en detrimento del ruso Daniil Medvedev. <strong>El castellonense Roberto Bautista se sale del &#8216;Top 10&#8217;<\/strong> tras perder en octavos en el &#8216;grande&#8217; oce\u00e1nico y ahora es duod\u00e9cimo del mundo.<\/p>\n<p>&#8211;CLASIFICACI\u00d3N DE LA ATP A 3 DE FEBRERO.<\/p>\n<p>.1. (2) Novak Djokovic (SRB) 9.720 puntos.<\/p>\n<p>.2. (1) RAFAEL NADAL (ESP) 9.395.<\/p>\n<p>.3. (3) Roger Federer (SUI) 7.130.<\/p>\n<p>.4. (5) Dominic Thiem (AUT) 7.045.<\/p>\n<p>.5. (4) Daniil Medvedev (RUS) 5.960.<\/p>\n<p>.6. (6) Stefanos Tsitsipas (GRE) 4.745.<\/p>\n<p>.7. (7) Alexander Zverev (ALE) 3.885.<\/p>\n<p>.8. (8) Matteo Berrettini (ITA) 2.905.<\/p>\n<p>.9.(10) Gael Monfils (FRA) 2.700.<\/p>\n<p>10.(11) David Goffin (BEL) 2.555.<\/p>\n<p>&#8230;\/\/&#8230;<\/p>\n<p>12. (9) ROBERTO BAUTISTA (ESP) 2.360.<\/p>\n<p>29.(30) PABLO CARRE\u00d1O (ESP) 1.332.<\/p>\n<p>42.(42) ALBERT RAMOS (ESP) 1.130.<\/p>\n<p>49.(51) FERNANDO VERDASCO (ESP) 1.050.<\/p>\n<p>55.(57) FELICIANO L\u00d3PEZ (ESP) 933.<\/p>\n<p>63.(63) PABLO AND\u00daJAR (ESP) 867.<\/p>\n<p>83.(83) ROBERTO CARBALL\u00c9S (ESP) 664.<\/p>\n<p>84.(88) ALEJANDRO DAVIDOVICH (ESP) 664.<\/p>\n<p>87.(90) JAUME MUNAR (ESP) 643<\/p>\n<p>Nota.- Entre par\u00e9ntesis, la posici\u00f3n en la lista anterior.<\/p>\n","protected":false},"excerpt":{"rendered":"<p>(Europa Press) &#8211;\u00a0El tenista serbio Novak Djokovic ascendi\u00f3 este lunes oficialmente al n\u00famero uno del ranking de la ATP tras defender con \u00e9xito su t\u00edtulo en el Abierto de Australia, primer &#8216;Grand Slam&#8217; de la temporada, y arrebatarle ese puesto al espa\u00f1ol Rafa Nadal. El jugador balear fue finalista en Melbourne en 2019 y no [&hellip;]<\/p>\n","protected":false},"author":1,"featured_media":1056545,"comment_status":"closed","ping_status":"closed","sticky":false,"template":"","format":"standard","meta":{"footnotes":""},"categories":[190],"tags":[],"class_list":["post-1056544","post","type-post","status-publish","format-standard","has-post-thumbnail","hentry","category-deportes"],"aioseo_notices":[],"aioseo_head":"\n\t\t<!-- All in One SEO Pro 4.9.6.2 - aioseo.com -->\n\t<meta name=\"description\" content=\"(Europa Press) - El tenista serbio Novak Djokovic ascendi\u00f3 este lunes oficialmente al n\u00famero uno del ranking de la ATP tras defender con \u00e9xito su t\u00edtulo en el Abierto de Australia, primer &#039;Grand Slam&#039; de la temporada, y arrebatarle ese puesto al espa\u00f1ol Rafa Nadal. El jugador balear fue finalista en Melbourne en 2019 y no\" \/>\n\t<meta name=\"robots\" content=\"max-image-preview:large\" \/>\n\t<meta name=\"author\" content=\"El Digital de Asturias\"\/>\n\t<meta name=\"google-site-verification\" content=\"UA-38556648-1\" \/>\n\t<meta name=\"msvalidate.01\" content=\"7dfe9f3f1b24437ab69f4f2559babe99\" \/>\n\t<meta name=\"keywords\" content=\"deportes\" \/>\n\t<link rel=\"canonical\" href=\"https:\/\/www.eldigitaldeasturias.com\/noticias\/ranking-de-la-atp-numero-1-para-novak-djokovic\/\" \/>\n\t<meta name=\"generator\" content=\"All in One SEO Pro (AIOSEO) 4.9.6.2\" \/>\n\t\t<meta property=\"og:locale\" content=\"es_ES\" \/>\n\t\t<meta property=\"og:site_name\" content=\"El Digital de Asturias\" \/>\n\t\t<meta property=\"og:type\" content=\"article\" \/>\n\t\t<meta property=\"og:title\" content=\"Ranking de la ATP: N\u00famero 1 para Novak Djokovic - El Digital de Asturias\" \/>\n\t\t<meta property=\"og:description\" content=\"(Europa Press) - El tenista serbio Novak Djokovic ascendi\u00f3 este lunes oficialmente al n\u00famero uno del ranking de la ATP tras defender con \u00e9xito su t\u00edtulo en el Abierto de Australia, primer &#039;Grand Slam&#039; de la temporada, y arrebatarle ese puesto al espa\u00f1ol Rafa Nadal. El jugador balear fue finalista en Melbourne en 2019 y no\" \/>\n\t\t<meta property=\"og:url\" content=\"https:\/\/www.eldigitaldeasturias.com\/noticias\/ranking-de-la-atp-numero-1-para-novak-djokovic\/\" \/>\n\t\t<meta property=\"og:image\" content=\"https:\/\/www.eldigitaldeasturias.com\/noticias\/wp-content\/uploads\/2020\/02\/Nadal-dpa.jpg\" \/>\n\t\t<meta property=\"og:image:secure_url\" content=\"https:\/\/www.eldigitaldeasturias.com\/noticias\/wp-content\/uploads\/2020\/02\/Nadal-dpa.jpg\" \/>\n\t\t<meta property=\"og:image:width\" content=\"999\" \/>\n\t\t<meta property=\"og:image:height\" content=\"661\" \/>\n\t\t<meta property=\"article:tag\" content=\"deportes\" \/>\n\t\t<meta property=\"article:published_time\" content=\"2020-02-03T20:05:37+00:00\" \/>\n\t\t<meta property=\"article:modified_time\" content=\"2020-02-03T20:05:37+00:00\" \/>\n\t\t<meta property=\"article:publisher\" content=\"https:\/\/facebook.com\/eldigitaldeasturias\" \/>\n\t\t<meta name=\"twitter:card\" content=\"summary_large_image\" \/>\n\t\t<meta name=\"twitter:title\" content=\"Ranking de la ATP: N\u00famero 1 para Novak Djokovic - El Digital de Asturias\" \/>\n\t\t<meta name=\"twitter:description\" content=\"(Europa Press) - El tenista serbio Novak Djokovic ascendi\u00f3 este lunes oficialmente al n\u00famero uno del ranking de la ATP tras defender con \u00e9xito su t\u00edtulo en el Abierto de Australia, primer &#039;Grand Slam&#039; de la temporada, y arrebatarle ese puesto al espa\u00f1ol Rafa Nadal. El jugador balear fue finalista en Melbourne en 2019 y no\" \/>\n\t\t<meta name=\"twitter:image\" content=\"https:\/\/www.eldigitaldeasturias.com\/noticias\/wp-content\/uploads\/2020\/02\/Nadal-dpa.jpg\" \/>\n\t\t<meta name=\"twitter:label1\" content=\"Escrito por\" \/>\n\t\t<meta name=\"twitter:data1\" content=\"El Digital de Asturias\" \/>\n\t\t<meta name=\"twitter:label2\" content=\"Tiempo de lectura estimado\" \/>\n\t\t<meta name=\"twitter:data2\" content=\"1 minuto\" \/>\n\t\t<script type=\"application\/ld+json\" class=\"aioseo-schema\">\n\t\t\t{\"@context\":\"https:\\\/\\\/schema.org\",\"@graph\":[{\"@type\":\"BlogPosting\",\"@id\":\"https:\\\/\\\/www.eldigitaldeasturias.com\\\/noticias\\\/ranking-de-la-atp-numero-1-para-novak-djokovic\\\/#blogposting\",\"name\":\"Ranking de la ATP: N\\u00famero 1 para Novak Djokovic - El Digital de Asturias\",\"headline\":\"Ranking de la ATP: N\\u00famero 1 para Novak Djokovic\",\"author\":{\"@id\":\"https:\\\/\\\/www.eldigitaldeasturias.com\\\/noticias\\\/author\\\/admin\\\/#author\"},\"publisher\":{\"@id\":\"https:\\\/\\\/www.eldigitaldeasturias.com\\\/noticias\\\/#organization\"},\"image\":{\"@type\":\"ImageObject\",\"url\":\"https:\\\/\\\/www.eldigitaldeasturias.com\\\/noticias\\\/wp-content\\\/uploads\\\/2020\\\/02\\\/Nadal-dpa.jpg\",\"width\":999,\"height\":661,\"caption\":\"Foto: AAP Image\\\/Dave Hunt\\\/dpa\"},\"datePublished\":\"2020-02-03T20:05:37+01:00\",\"dateModified\":\"2020-02-03T20:05:37+01:00\",\"inLanguage\":\"es-ES\",\"mainEntityOfPage\":{\"@id\":\"https:\\\/\\\/www.eldigitaldeasturias.com\\\/noticias\\\/ranking-de-la-atp-numero-1-para-novak-djokovic\\\/#webpage\"},\"isPartOf\":{\"@id\":\"https:\\\/\\\/www.eldigitaldeasturias.com\\\/noticias\\\/ranking-de-la-atp-numero-1-para-novak-djokovic\\\/#webpage\"},\"articleSection\":\"Deportes\"},{\"@type\":\"BreadcrumbList\",\"@id\":\"https:\\\/\\\/www.eldigitaldeasturias.com\\\/noticias\\\/ranking-de-la-atp-numero-1-para-novak-djokovic\\\/#breadcrumblist\",\"itemListElement\":[{\"@type\":\"ListItem\",\"@id\":\"https:\\\/\\\/www.eldigitaldeasturias.com\\\/noticias#listItem\",\"position\":1,\"name\":\"Home\",\"item\":\"https:\\\/\\\/www.eldigitaldeasturias.com\\\/noticias\",\"nextItem\":{\"@type\":\"ListItem\",\"@id\":\"https:\\\/\\\/www.eldigitaldeasturias.com\\\/noticias\\\/category\\\/deportes\\\/#listItem\",\"name\":\"Deportes\"}},{\"@type\":\"ListItem\",\"@id\":\"https:\\\/\\\/www.eldigitaldeasturias.com\\\/noticias\\\/category\\\/deportes\\\/#listItem\",\"position\":2,\"name\":\"Deportes\",\"item\":\"https:\\\/\\\/www.eldigitaldeasturias.com\\\/noticias\\\/category\\\/deportes\\\/\",\"nextItem\":{\"@type\":\"ListItem\",\"@id\":\"https:\\\/\\\/www.eldigitaldeasturias.com\\\/noticias\\\/ranking-de-la-atp-numero-1-para-novak-djokovic\\\/#listItem\",\"name\":\"Ranking de la ATP: N\\u00famero 1 para Novak Djokovic\"},\"previousItem\":{\"@type\":\"ListItem\",\"@id\":\"https:\\\/\\\/www.eldigitaldeasturias.com\\\/noticias#listItem\",\"name\":\"Home\"}},{\"@type\":\"ListItem\",\"@id\":\"https:\\\/\\\/www.eldigitaldeasturias.com\\\/noticias\\\/ranking-de-la-atp-numero-1-para-novak-djokovic\\\/#listItem\",\"position\":3,\"name\":\"Ranking de la ATP: N\\u00famero 1 para Novak Djokovic\",\"previousItem\":{\"@type\":\"ListItem\",\"@id\":\"https:\\\/\\\/www.eldigitaldeasturias.com\\\/noticias\\\/category\\\/deportes\\\/#listItem\",\"name\":\"Deportes\"}}]},{\"@type\":\"Organization\",\"@id\":\"https:\\\/\\\/www.eldigitaldeasturias.com\\\/noticias\\\/#organization\",\"name\":\"El Digital de Asturias\",\"description\":\"Hemeroteca\",\"url\":\"https:\\\/\\\/www.eldigitaldeasturias.com\\\/noticias\\\/\",\"email\":\"info@eldigitaldeasturias.com\",\"telephone\":\"+34652131393\",\"logo\":{\"@type\":\"ImageObject\",\"url\":\"https:\\\/\\\/www.eldigitaldeasturias.com\\\/noticias\\\/wp-content\\\/uploads\\\/2020\\\/12\\\/EDA.jpg\",\"@id\":\"https:\\\/\\\/www.eldigitaldeasturias.com\\\/noticias\\\/ranking-de-la-atp-numero-1-para-novak-djokovic\\\/#organizationLogo\",\"width\":649,\"height\":297},\"image\":{\"@id\":\"https:\\\/\\\/www.eldigitaldeasturias.com\\\/noticias\\\/ranking-de-la-atp-numero-1-para-novak-djokovic\\\/#organizationLogo\"},\"sameAs\":[\"https:\\\/\\\/facebook.com\\\/eldigitaldeasturias\",\"https:\\\/\\\/www.youtube.com\\\/channel\\\/UCZP-2wLEB9Rv6erhFmqVnvg\"],\"address\":{\"@id\":\"https:\\\/\\\/www.eldigitaldeasturias.com\\\/noticias\\\/#postaladdress\",\"@type\":\"PostalAddress\",\"streetAddress\":\"san antonio 4,\",\"postalCode\":\"33430\",\"addressLocality\":\"Cand\\u00e1s\",\"addressRegion\":\"Asturias\",\"addressCountry\":\"ES\"}},{\"@type\":\"Person\",\"@id\":\"https:\\\/\\\/www.eldigitaldeasturias.com\\\/noticias\\\/author\\\/admin\\\/#author\",\"url\":\"https:\\\/\\\/www.eldigitaldeasturias.com\\\/noticias\\\/author\\\/admin\\\/\",\"name\":\"El Digital de Asturias\",\"image\":{\"@type\":\"ImageObject\",\"@id\":\"https:\\\/\\\/www.eldigitaldeasturias.com\\\/noticias\\\/ranking-de-la-atp-numero-1-para-novak-djokovic\\\/#authorImage\",\"url\":\"https:\\\/\\\/www.eldigitaldeasturias.com\\\/noticias\\\/wp-content\\\/litespeed\\\/avatar\\\/18677e78aa0546b92d9dbf31ec7d7668.jpg?ver=1777290358\",\"width\":96,\"height\":96,\"caption\":\"El Digital de Asturias\"}},{\"@type\":\"WebPage\",\"@id\":\"https:\\\/\\\/www.eldigitaldeasturias.com\\\/noticias\\\/ranking-de-la-atp-numero-1-para-novak-djokovic\\\/#webpage\",\"url\":\"https:\\\/\\\/www.eldigitaldeasturias.com\\\/noticias\\\/ranking-de-la-atp-numero-1-para-novak-djokovic\\\/\",\"name\":\"Ranking de la ATP: N\\u00famero 1 para Novak Djokovic - El Digital de Asturias\",\"description\":\"(Europa Press) - El tenista serbio Novak Djokovic ascendi\\u00f3 este lunes oficialmente al n\\u00famero uno del ranking de la ATP tras defender con \\u00e9xito su t\\u00edtulo en el Abierto de Australia, primer 'Grand Slam' de la temporada, y arrebatarle ese puesto al espa\\u00f1ol Rafa Nadal. El jugador balear fue finalista en Melbourne en 2019 y no\",\"inLanguage\":\"es-ES\",\"isPartOf\":{\"@id\":\"https:\\\/\\\/www.eldigitaldeasturias.com\\\/noticias\\\/#website\"},\"breadcrumb\":{\"@id\":\"https:\\\/\\\/www.eldigitaldeasturias.com\\\/noticias\\\/ranking-de-la-atp-numero-1-para-novak-djokovic\\\/#breadcrumblist\"},\"author\":{\"@id\":\"https:\\\/\\\/www.eldigitaldeasturias.com\\\/noticias\\\/author\\\/admin\\\/#author\"},\"creator\":{\"@id\":\"https:\\\/\\\/www.eldigitaldeasturias.com\\\/noticias\\\/author\\\/admin\\\/#author\"},\"image\":{\"@type\":\"ImageObject\",\"url\":\"https:\\\/\\\/www.eldigitaldeasturias.com\\\/noticias\\\/wp-content\\\/uploads\\\/2020\\\/02\\\/Nadal-dpa.jpg\",\"@id\":\"https:\\\/\\\/www.eldigitaldeasturias.com\\\/noticias\\\/ranking-de-la-atp-numero-1-para-novak-djokovic\\\/#mainImage\",\"width\":999,\"height\":661,\"caption\":\"Foto: AAP Image\\\/Dave Hunt\\\/dpa\"},\"primaryImageOfPage\":{\"@id\":\"https:\\\/\\\/www.eldigitaldeasturias.com\\\/noticias\\\/ranking-de-la-atp-numero-1-para-novak-djokovic\\\/#mainImage\"},\"datePublished\":\"2020-02-03T20:05:37+01:00\",\"dateModified\":\"2020-02-03T20:05:37+01:00\"},{\"@type\":\"WebSite\",\"@id\":\"https:\\\/\\\/www.eldigitaldeasturias.com\\\/noticias\\\/#website\",\"url\":\"https:\\\/\\\/www.eldigitaldeasturias.com\\\/noticias\\\/\",\"name\":\"El Digital de Asturias - Diario de actualidad y noticias\",\"alternateName\":\"El Digital de Asturias - Diario de actualidad y noticias\",\"description\":\"Hemeroteca\",\"inLanguage\":\"es-ES\",\"publisher\":{\"@id\":\"https:\\\/\\\/www.eldigitaldeasturias.com\\\/noticias\\\/#organization\"}}]}\n\t\t<\/script>\n\t\t<!-- All in One SEO Pro -->\r\n\t\t<title>Ranking de la ATP: N\u00famero 1 para Novak Djokovic - El Digital de Asturias<\/title>\n\n","aioseo_head_json":{"title":"Ranking de la ATP: N\u00famero 1 para Novak Djokovic - El Digital de Asturias","description":"(Europa Press) - El tenista serbio Novak Djokovic ascendi\u00f3 este lunes oficialmente al n\u00famero uno del ranking de la ATP tras defender con \u00e9xito su t\u00edtulo en el Abierto de Australia, primer 'Grand Slam' de la temporada, y arrebatarle ese puesto al espa\u00f1ol Rafa Nadal. El jugador balear fue finalista en Melbourne en 2019 y no","canonical_url":"https:\/\/www.eldigitaldeasturias.com\/noticias\/ranking-de-la-atp-numero-1-para-novak-djokovic\/","robots":"max-image-preview:large","keywords":"deportes","webmasterTools":{"google-site-verification":"UA-38556648-1","msvalidate.01":"7dfe9f3f1b24437ab69f4f2559babe99","miscellaneous":""},"schema":{"@context":"https:\/\/schema.org","@graph":[{"@type":"BlogPosting","@id":"https:\/\/www.eldigitaldeasturias.com\/noticias\/ranking-de-la-atp-numero-1-para-novak-djokovic\/#blogposting","name":"Ranking de la ATP: N\u00famero 1 para Novak Djokovic - El Digital de Asturias","headline":"Ranking de la ATP: N\u00famero 1 para Novak Djokovic","author":{"@id":"https:\/\/www.eldigitaldeasturias.com\/noticias\/author\/admin\/#author"},"publisher":{"@id":"https:\/\/www.eldigitaldeasturias.com\/noticias\/#organization"},"image":{"@type":"ImageObject","url":"https:\/\/www.eldigitaldeasturias.com\/noticias\/wp-content\/uploads\/2020\/02\/Nadal-dpa.jpg","width":999,"height":661,"caption":"Foto: AAP Image\/Dave Hunt\/dpa"},"datePublished":"2020-02-03T20:05:37+01:00","dateModified":"2020-02-03T20:05:37+01:00","inLanguage":"es-ES","mainEntityOfPage":{"@id":"https:\/\/www.eldigitaldeasturias.com\/noticias\/ranking-de-la-atp-numero-1-para-novak-djokovic\/#webpage"},"isPartOf":{"@id":"https:\/\/www.eldigitaldeasturias.com\/noticias\/ranking-de-la-atp-numero-1-para-novak-djokovic\/#webpage"},"articleSection":"Deportes"},{"@type":"BreadcrumbList","@id":"https:\/\/www.eldigitaldeasturias.com\/noticias\/ranking-de-la-atp-numero-1-para-novak-djokovic\/#breadcrumblist","itemListElement":[{"@type":"ListItem","@id":"https:\/\/www.eldigitaldeasturias.com\/noticias#listItem","position":1,"name":"Home","item":"https:\/\/www.eldigitaldeasturias.com\/noticias","nextItem":{"@type":"ListItem","@id":"https:\/\/www.eldigitaldeasturias.com\/noticias\/category\/deportes\/#listItem","name":"Deportes"}},{"@type":"ListItem","@id":"https:\/\/www.eldigitaldeasturias.com\/noticias\/category\/deportes\/#listItem","position":2,"name":"Deportes","item":"https:\/\/www.eldigitaldeasturias.com\/noticias\/category\/deportes\/","nextItem":{"@type":"ListItem","@id":"https:\/\/www.eldigitaldeasturias.com\/noticias\/ranking-de-la-atp-numero-1-para-novak-djokovic\/#listItem","name":"Ranking de la ATP: N\u00famero 1 para Novak Djokovic"},"previousItem":{"@type":"ListItem","@id":"https:\/\/www.eldigitaldeasturias.com\/noticias#listItem","name":"Home"}},{"@type":"ListItem","@id":"https:\/\/www.eldigitaldeasturias.com\/noticias\/ranking-de-la-atp-numero-1-para-novak-djokovic\/#listItem","position":3,"name":"Ranking de la ATP: N\u00famero 1 para Novak Djokovic","previousItem":{"@type":"ListItem","@id":"https:\/\/www.eldigitaldeasturias.com\/noticias\/category\/deportes\/#listItem","name":"Deportes"}}]},{"@type":"Organization","@id":"https:\/\/www.eldigitaldeasturias.com\/noticias\/#organization","name":"El Digital de Asturias","description":"Hemeroteca","url":"https:\/\/www.eldigitaldeasturias.com\/noticias\/","email":"info@eldigitaldeasturias.com","telephone":"+34652131393","logo":{"@type":"ImageObject","url":"https:\/\/www.eldigitaldeasturias.com\/noticias\/wp-content\/uploads\/2020\/12\/EDA.jpg","@id":"https:\/\/www.eldigitaldeasturias.com\/noticias\/ranking-de-la-atp-numero-1-para-novak-djokovic\/#organizationLogo","width":649,"height":297},"image":{"@id":"https:\/\/www.eldigitaldeasturias.com\/noticias\/ranking-de-la-atp-numero-1-para-novak-djokovic\/#organizationLogo"},"sameAs":["https:\/\/facebook.com\/eldigitaldeasturias","https:\/\/www.youtube.com\/channel\/UCZP-2wLEB9Rv6erhFmqVnvg"],"address":{"@id":"https:\/\/www.eldigitaldeasturias.com\/noticias\/#postaladdress","@type":"PostalAddress","streetAddress":"san antonio 4,","postalCode":"33430","addressLocality":"Cand\u00e1s","addressRegion":"Asturias","addressCountry":"ES"}},{"@type":"Person","@id":"https:\/\/www.eldigitaldeasturias.com\/noticias\/author\/admin\/#author","url":"https:\/\/www.eldigitaldeasturias.com\/noticias\/author\/admin\/","name":"El Digital de Asturias","image":{"@type":"ImageObject","@id":"https:\/\/www.eldigitaldeasturias.com\/noticias\/ranking-de-la-atp-numero-1-para-novak-djokovic\/#authorImage","url":"https:\/\/www.eldigitaldeasturias.com\/noticias\/wp-content\/litespeed\/avatar\/18677e78aa0546b92d9dbf31ec7d7668.jpg?ver=1777290358","width":96,"height":96,"caption":"El Digital de Asturias"}},{"@type":"WebPage","@id":"https:\/\/www.eldigitaldeasturias.com\/noticias\/ranking-de-la-atp-numero-1-para-novak-djokovic\/#webpage","url":"https:\/\/www.eldigitaldeasturias.com\/noticias\/ranking-de-la-atp-numero-1-para-novak-djokovic\/","name":"Ranking de la ATP: N\u00famero 1 para Novak Djokovic - El Digital de Asturias","description":"(Europa Press) - El tenista serbio Novak Djokovic ascendi\u00f3 este lunes oficialmente al n\u00famero uno del ranking de la ATP tras defender con \u00e9xito su t\u00edtulo en el Abierto de Australia, primer 'Grand Slam' de la temporada, y arrebatarle ese puesto al espa\u00f1ol Rafa Nadal. El jugador balear fue finalista en Melbourne en 2019 y no","inLanguage":"es-ES","isPartOf":{"@id":"https:\/\/www.eldigitaldeasturias.com\/noticias\/#website"},"breadcrumb":{"@id":"https:\/\/www.eldigitaldeasturias.com\/noticias\/ranking-de-la-atp-numero-1-para-novak-djokovic\/#breadcrumblist"},"author":{"@id":"https:\/\/www.eldigitaldeasturias.com\/noticias\/author\/admin\/#author"},"creator":{"@id":"https:\/\/www.eldigitaldeasturias.com\/noticias\/author\/admin\/#author"},"image":{"@type":"ImageObject","url":"https:\/\/www.eldigitaldeasturias.com\/noticias\/wp-content\/uploads\/2020\/02\/Nadal-dpa.jpg","@id":"https:\/\/www.eldigitaldeasturias.com\/noticias\/ranking-de-la-atp-numero-1-para-novak-djokovic\/#mainImage","width":999,"height":661,"caption":"Foto: AAP Image\/Dave Hunt\/dpa"},"primaryImageOfPage":{"@id":"https:\/\/www.eldigitaldeasturias.com\/noticias\/ranking-de-la-atp-numero-1-para-novak-djokovic\/#mainImage"},"datePublished":"2020-02-03T20:05:37+01:00","dateModified":"2020-02-03T20:05:37+01:00"},{"@type":"WebSite","@id":"https:\/\/www.eldigitaldeasturias.com\/noticias\/#website","url":"https:\/\/www.eldigitaldeasturias.com\/noticias\/","name":"El Digital de Asturias - Diario de actualidad y noticias","alternateName":"El Digital de Asturias - Diario de actualidad y noticias","description":"Hemeroteca","inLanguage":"es-ES","publisher":{"@id":"https:\/\/www.eldigitaldeasturias.com\/noticias\/#organization"}}]},"og:locale":"es_ES","og:site_name":"El Digital de Asturias","og:type":"article","og:title":"Ranking de la ATP: N\u00famero 1 para Novak Djokovic - El Digital de Asturias","og:description":"(Europa Press) - El tenista serbio Novak Djokovic ascendi\u00f3 este lunes oficialmente al n\u00famero uno del ranking de la ATP tras defender con \u00e9xito su t\u00edtulo en el Abierto de Australia, primer 'Grand Slam' de la temporada, y arrebatarle ese puesto al espa\u00f1ol Rafa Nadal. El jugador balear fue finalista en Melbourne en 2019 y no","og:url":"https:\/\/www.eldigitaldeasturias.com\/noticias\/ranking-de-la-atp-numero-1-para-novak-djokovic\/","og:image":"https:\/\/www.eldigitaldeasturias.com\/noticias\/wp-content\/uploads\/2020\/02\/Nadal-dpa.jpg","og:image:secure_url":"https:\/\/www.eldigitaldeasturias.com\/noticias\/wp-content\/uploads\/2020\/02\/Nadal-dpa.jpg","og:image:width":999,"og:image:height":661,"article:tag":["deportes"],"article:published_time":"2020-02-03T20:05:37+00:00","article:modified_time":"2020-02-03T20:05:37+00:00","article:publisher":"https:\/\/facebook.com\/eldigitaldeasturias","twitter:card":"summary_large_image","twitter:title":"Ranking de la ATP: N\u00famero 1 para Novak Djokovic - El Digital de Asturias","twitter:description":"(Europa Press) - El tenista serbio Novak Djokovic ascendi\u00f3 este lunes oficialmente al n\u00famero uno del ranking de la ATP tras defender con \u00e9xito su t\u00edtulo en el Abierto de Australia, primer 'Grand Slam' de la temporada, y arrebatarle ese puesto al espa\u00f1ol Rafa Nadal. El jugador balear fue finalista en Melbourne en 2019 y no","twitter:image":"https:\/\/www.eldigitaldeasturias.com\/noticias\/wp-content\/uploads\/2020\/02\/Nadal-dpa.jpg","twitter:label1":"Escrito por","twitter:data1":"El Digital de Asturias","twitter:label2":"Tiempo de lectura estimado","twitter:data2":"1 minuto"},"aioseo_meta_data":{"post_id":"1056544","title":null,"description":null,"keywords":null,"keyphrases":null,"primary_term":null,"canonical_url":null,"og_title":null,"og_description":null,"og_object_type":"default","og_image_type":"default","og_image_url":null,"og_image_width":null,"og_image_height":null,"og_image_custom_url":null,"og_image_custom_fields":null,"og_video":null,"og_custom_url":null,"og_article_section":null,"og_article_tags":null,"twitter_use_og":false,"twitter_card":"default","twitter_image_type":"default","twitter_image_url":null,"twitter_image_custom_url":null,"twitter_image_custom_fields":null,"twitter_title":null,"twitter_description":null,"schema":{"blockGraphs":[],"customGraphs":[],"default":{"data":{"Article":[],"Course":[],"Dataset":[],"FAQPage":[],"Movie":[],"Person":[],"Product":[],"ProductReview":[],"Car":[],"Recipe":[],"Service":[],"SoftwareApplication":[],"WebPage":[]},"graphName":"","isEnabled":true},"graphs":[],"defaultGraph":"","defaultPostTypeGraph":""},"schema_type":null,"schema_type_options":null,"pillar_content":false,"robots_default":true,"robots_noindex":false,"robots_noarchive":false,"robots_nosnippet":false,"robots_nofollow":false,"robots_noimageindex":false,"robots_noodp":false,"robots_notranslate":false,"robots_max_snippet":null,"robots_max_videopreview":null,"robots_max_imagepreview":"large","priority":null,"frequency":null,"local_seo":null,"seo_analyzer_scan_date":"2025-10-30 22:45:12","breadcrumb_settings":null,"limit_modified_date":false,"open_ai":null,"ai":null,"created":"2020-12-21 10:55:49","updated":"2025-10-30 22:45:12"},"aioseo_breadcrumb":"<div class=\"aioseo-breadcrumbs\"><span class=\"aioseo-breadcrumb\">\n\t<a href=\"https:\/\/www.eldigitaldeasturias.com\/noticias\" title=\"Home\">Home<\/a>\n<\/span><span class=\"aioseo-breadcrumb-separator\">\u2013<\/span><span class=\"aioseo-breadcrumb\">\n\t<a href=\"https:\/\/www.eldigitaldeasturias.com\/noticias\/category\/deportes\/\" title=\"Deportes\">Deportes<\/a>\n<\/span><span class=\"aioseo-breadcrumb-separator\">\u2013<\/span><span class=\"aioseo-breadcrumb\">\n\t<a href=\"https:\/\/www.eldigitaldeasturias.com\/noticias\/ranking-de-la-atp-numero-1-para-novak-djokovic\/\" title=\"Ranking de la ATP: N\u00famero 1 para Novak Djokovic\">Ranking de la ATP: N\u00famero 1 para Novak Djokovic<\/a>\n<\/span><\/div>","aioseo_breadcrumb_json":[{"label":"Home","link":"https:\/\/www.eldigitaldeasturias.com\/noticias"},{"label":"Deportes","link":"https:\/\/www.eldigitaldeasturias.com\/noticias\/category\/deportes\/"},{"label":"Ranking de la ATP: N\u00famero 1 para Novak Djokovic","link":"https:\/\/www.eldigitaldeasturias.com\/noticias\/ranking-de-la-atp-numero-1-para-novak-djokovic\/"}],"_links":{"self":[{"href":"https:\/\/www.eldigitaldeasturias.com\/noticias\/wp-json\/wp\/v2\/posts\/1056544","targetHints":{"allow":["GET"]}}],"collection":[{"href":"https:\/\/www.eldigitaldeasturias.com\/noticias\/wp-json\/wp\/v2\/posts"}],"about":[{"href":"https:\/\/www.eldigitaldeasturias.com\/noticias\/wp-json\/wp\/v2\/types\/post"}],"author":[{"embeddable":true,"href":"https:\/\/www.eldigitaldeasturias.com\/noticias\/wp-json\/wp\/v2\/users\/1"}],"replies":[{"embeddable":true,"href":"https:\/\/www.eldigitaldeasturias.com\/noticias\/wp-json\/wp\/v2\/comments?post=1056544"}],"version-history":[{"count":0,"href":"https:\/\/www.eldigitaldeasturias.com\/noticias\/wp-json\/wp\/v2\/posts\/1056544\/revisions"}],"wp:featuredmedia":[{"embeddable":true,"href":"https:\/\/www.eldigitaldeasturias.com\/noticias\/wp-json\/wp\/v2\/media\/1056545"}],"wp:attachment":[{"href":"https:\/\/www.eldigitaldeasturias.com\/noticias\/wp-json\/wp\/v2\/media?parent=1056544"}],"wp:term":[{"taxonomy":"category","embeddable":true,"href":"https:\/\/www.eldigitaldeasturias.com\/noticias\/wp-json\/wp\/v2\/categories?post=1056544"},{"taxonomy":"post_tag","embeddable":true,"href":"https:\/\/www.eldigitaldeasturias.com\/noticias\/wp-json\/wp\/v2\/tags?post=1056544"}],"curies":[{"name":"wp","href":"https:\/\/api.w.org\/{rel}","templated":true}]}}