{"id":1056463,"date":"2020-02-02T16:21:54","date_gmt":"2020-02-02T16:21:54","guid":{"rendered":"https:\/\/www.eldigitaldeasturias.com\/noticias\/?p=1056463"},"modified":"2020-02-02T16:21:54","modified_gmt":"2020-02-02T16:21:54","slug":"abierto-de-australia-2020-el-octavo-titulo-de-djokovic","status":"publish","type":"post","link":"https:\/\/www.eldigitaldeasturias.com\/noticias\/abierto-de-australia-2020-el-octavo-titulo-de-djokovic\/","title":{"rendered":"Abierto de Australia 2020: El octavo t\u00edtulo de Djokovic"},"content":{"rendered":"<figure id=\"attachment_1056464\" aria-describedby=\"caption-attachment-1056464\" style=\"width: 360px\" class=\"wp-caption alignleft\"><img loading=\"lazy\" decoding=\"async\" class=\"size-medium wp-image-1056464\" src=\"https:\/\/www.eldigitaldeasturias.com\/noticias\/wp-content\/uploads\/2020\/02\/Djokovic-dpa-360x259.jpg\" alt=\"\" width=\"360\" height=\"259\" srcset=\"https:\/\/www.eldigitaldeasturias.com\/noticias\/wp-content\/uploads\/2020\/02\/Djokovic-dpa-360x259.jpg 360w, https:\/\/www.eldigitaldeasturias.com\/noticias\/wp-content\/uploads\/2020\/02\/Djokovic-dpa-666x480.jpg 666w, https:\/\/www.eldigitaldeasturias.com\/noticias\/wp-content\/uploads\/2020\/02\/Djokovic-dpa-416x300.jpg 416w, https:\/\/www.eldigitaldeasturias.com\/noticias\/wp-content\/uploads\/2020\/02\/Djokovic-dpa-768x553.jpg 768w, https:\/\/www.eldigitaldeasturias.com\/noticias\/wp-content\/uploads\/2020\/02\/Djokovic-dpa.jpg 887w\" sizes=\"auto, (max-width: 360px) 100vw, 360px\" \/><figcaption id=\"caption-attachment-1056464\" class=\"wp-caption-text\">Foto: AAPIMAGE \/ DPA<\/figcaption><\/figure>\n<p>(Europa Press) &#8211;\u00a0El tenista serbio<strong> Novak Djokovic se impuso<\/strong> este domingo por 6-4, 4-6, 2-6, 6-3 y 6-4 al <strong>austriaco Dominic Thiem en la final del Abierto de Australia<\/strong>, tras un intens\u00edsimo partido que sirvi\u00f3 al balc\u00e1nico para conquistar <strong>su octavo t\u00edtulo en dicho torneo y recuperar el n\u00famero uno del ranking mundial de la ATP<\/strong>, en detrimento del espa\u00f1ol Rafael Nadal.<\/p>\n<p>Despu\u00e9s de 3 horas y 59 minutos con una fascinante batalla sobre la pista dura del Rod Laver Arena, Djokovic agarr\u00f3 su decimos\u00e9ptima corona de &#8216;Grand Slam&#8217;. De tal modo, el jugador de Belgrado se acerc\u00f3 a Nadal, que tiene 19, y ya apunta hacia el suizo Roger Federer, que acumula 20.<\/p>\n<p>Verdugo de Nadal en cuartos, <strong>Thiem afrontaba su tercera final de un &#8216;grande&#8217;<\/strong>, tras las derrotas encajadas en 2018 y 2019 precisamente ante el balear en Roland Garros. Para colmo, enfrente ten\u00eda a un hombre imbatible en los duelos por salir campe\u00f3n de Melbourne.<\/p>\n<p>Siete victorias en siete finales, \u00e9se era el balance impoluto de Djokovic antes de medirse a un rival que durante su formaci\u00f3n parec\u00eda solo un especialista en tierra batida. Sin embargo,<strong> el austriaco ya es mucho m\u00e1s que el abanderado del proyecto &#8216;Next Gen&#8217; que impulsa la ATP<\/strong>.<\/p>\n<p>Y as\u00ed lo dej\u00f3 claro desde los primeros compases, aunque no del todo. En el segundo juego, &#8216;Nole&#8217; rompi\u00f3 su servicio en cuanto tuvo la oportunidad y adem\u00e1s consolid\u00f3 la situaci\u00f3n de inmediato. Los turnos de saque prosiguieron y el serbio apenas se inquietaba, pero al otro lado de la red no estaba un mero invitado a la fiesta ajena.<\/p>\n<p>Thiem aceler\u00f3 en ritmo para reparar la desventaja en el s\u00e9ptimo juego y empatar el marcador en el octavo (4-4), salvando incluso una opci\u00f3n de &#8216;break&#8217; que augur\u00f3 la pugna del d\u00e9cimo. Entonces, Djokovic s\u00ed aprovech\u00f3 para quebrar de nuevo el saque contrario, en segunda instancia, y apuntarse un set lleno de calidad (6-4).<\/p>\n<p>Para mayor inri, el tenista belgradense gan\u00f3 en blanco su servicio inicial en la segunda manga y cogi\u00f3 carrerilla. Ante ese vendaval, el tenista centroeuropeo respondi\u00f3 con otro saque favorable en blanco y luego hizo un oportuno &#8216;break&#8217;, con complicaciones porque &#8216;Nole&#8217; se resist\u00eda.<\/p>\n<p>Haciendo gala de un formidable rev\u00e9s cortado, el jugador nacido en Wiener Neustadt puso el 1-2 y se granje\u00f3 cierta distancia (2-4) hasta llegar a un momento de inflexi\u00f3n en el noveno juego. Justo antes, Djokovic hab\u00eda recuperado el terreno perdido con un quiebre (4-4); y cuando se dispon\u00eda a consolidar eso para adelantarse, tuvo un peque\u00f1o rifirrafe con el juez de l\u00ednea Damien Dumusois.<\/p>\n<p>Merced a un aviso por violaci\u00f3n de tiempo ejecutando su saque, el serbio acus\u00f3 los nervios y finalmente cometi\u00f3 otra infracci\u00f3n, por el mismo motivo, que le vali\u00f3 ser sancionado por el \u00e1rbitro franc\u00e9s. Habiendo perdido ese punto por cuesti\u00f3n de reglamento y no de peloteo, encima le supon\u00eda conceder una oportunidad de rotura a Thiem.<\/p>\n<p>Ah\u00ed, el austriaco se benefici\u00f3 para establecer el 4-5 y anotarse &#8216;ipso facto&#8217; el segundo set. Su oponente estaba visiblemente enfadado y dio tres golpecitos en la zapatilla de Dumusois, cuando pas\u00f3 por delante de su silla; felicit\u00f3 con iron\u00eda al juez franc\u00e9s y adem\u00e1s, ya sentado en su banquillo, a\u00f1adi\u00f3 que su \u00abbuen trabajo\u00bb le har\u00eda \u00abfamoso\u00bb.<\/p>\n<h3>DEL ENFADO A LA REMONTADA<\/h3>\n<p>Todav\u00eda con muchas se\u00f1as de indignaci\u00f3n, <strong>&#8216;Nole&#8217; se desvaneci\u00f3 y empez\u00f3 a enviar demasiadas bolas al pasillo del dobles<\/strong>. Se le hab\u00eda desajustado la mirilla en cada raquetazo y su rival lo exprimi\u00f3 por completo, rompiendo dos veces el saque del balc\u00e1nico para encarrilar la manga (0-4).<\/p>\n<p>Casi no hubo agobios hasta el octavo juego, donde el n\u00ba 5 mundial abroch\u00f3 el set a la cuarta ocasi\u00f3n (2-6). Djokovic hab\u00eda dudado, y hab\u00eda hecho dudar a su &#8216;box&#8217; en la grada, pero supo sufrir con sus posteriores turnos de saque. Por si fuera poco, salv\u00f3 un lance adverso con 1-1 y 30-40, para desde entonces mostrarse m\u00e1s s\u00f3lido.<\/p>\n<p>En franca mejor\u00eda, el de Belgrado se coloc\u00f3 arriba por 4-3 y 15-40. Thiem gestion\u00f3 bien los tiempos al primer envite, aunque cedi\u00f3 en el siguiente y perdi\u00f3 en blanco el noveno juego (6-3). El quinto y definitivo set tendr\u00eda la \u00faltima palabra, con el experto en Melbourne cada vez mejor y con el novato entre titubeos.<\/p>\n<p>El talento y la tenacidad del austriaco, eso s\u00ed, le hicieron situarse con 0-1 y llevaron a &#8216;Nole&#8217; hasta cotas exigentes con cada golpe de mu\u00f1eca, con cada estrategia de ataque. Mientras, el enfado con el \u00e1rbitro ya era agua pasada y el heptacampe\u00f3n buscaba un tiro de gracia para rozar su octavo t\u00edtulo.<\/p>\n<p>En el tercer juego, <strong>Djokovic oli\u00f3 sangre y tan solo necesit\u00f3 una bola de &#8216;break&#8217; para ponerse con ventaja (3-1), jaleado por la afici\u00f3n del Rod Laver Arena<\/strong>. Por contra, su adversario malgast\u00f3 dos opciones de quiebre justo a continuaci\u00f3n; fueron detalles, matices nada m\u00e1s, que decantaron el partido del lado del serbio.<\/p>\n<p>El nuevo n\u00ba uno del tenis mundial fragu\u00f3, en blanco, un 4-2 que sonaba a sentencia. Thiem se aferr\u00f3 a su servicio en el s\u00e9ptimo juego, superior a 7 minutos, y merode\u00f3 despu\u00e9s la pelota de rotura con un 15-30. Sin embargo, Djokovic nunca m\u00e1s se precipit\u00f3 y estuvo apoyado por el p\u00fablico para situarse 5-3 al borde de alcanzar las 4 horas.<\/p>\n<p>La resistencia del tenista de Wiener Neustadt alarg\u00f3 un poco la contienda, concretamente lo que tard\u00f3 el serbio en tocar la gloria (6-4) nuevamente en su &#8216;Grand Slam&#8217; predilecto. Su arranque de temporada, con t\u00edtulo incluido en la ATP Cup, hace de Djokovic a\u00fan m\u00e1s temible para este 2020.<\/p>\n<p>&nbsp;<\/p>\n<p>&nbsp;<\/p>\n","protected":false},"excerpt":{"rendered":"<p>(Europa Press) &#8211;\u00a0El tenista serbio Novak Djokovic se impuso este domingo por 6-4, 4-6, 2-6, 6-3 y 6-4 al austriaco Dominic Thiem en la final del Abierto de Australia, tras un intens\u00edsimo partido que sirvi\u00f3 al balc\u00e1nico para conquistar su octavo t\u00edtulo en dicho torneo y recuperar el n\u00famero uno del ranking mundial de la [&hellip;]<\/p>\n","protected":false},"author":1,"featured_media":1056464,"comment_status":"closed","ping_status":"closed","sticky":false,"template":"","format":"standard","meta":{"footnotes":""},"categories":[190],"tags":[],"class_list":["post-1056463","post","type-post","status-publish","format-standard","has-post-thumbnail","hentry","category-deportes"],"aioseo_notices":[],"aioseo_head":"\n\t\t<!-- All in One SEO Pro 4.9.6.2 - aioseo.com -->\n\t<meta name=\"description\" content=\"(Europa Press) - El tenista serbio Novak Djokovic se impuso este domingo por 6-4, 4-6, 2-6, 6-3 y 6-4 al austriaco Dominic Thiem en la final del Abierto de Australia, tras un intens\u00edsimo partido que sirvi\u00f3 al balc\u00e1nico para conquistar su octavo t\u00edtulo en dicho torneo y recuperar el n\u00famero uno del ranking mundial de la\" \/>\n\t<meta name=\"robots\" content=\"max-image-preview:large\" \/>\n\t<meta name=\"author\" content=\"El Digital de Asturias\"\/>\n\t<meta name=\"google-site-verification\" content=\"UA-38556648-1\" \/>\n\t<meta name=\"msvalidate.01\" content=\"7dfe9f3f1b24437ab69f4f2559babe99\" \/>\n\t<meta name=\"keywords\" content=\"deportes\" \/>\n\t<link rel=\"canonical\" href=\"https:\/\/www.eldigitaldeasturias.com\/noticias\/abierto-de-australia-2020-el-octavo-titulo-de-djokovic\/\" \/>\n\t<meta name=\"generator\" content=\"All in One SEO Pro (AIOSEO) 4.9.6.2\" \/>\n\t\t<meta property=\"og:locale\" content=\"es_ES\" \/>\n\t\t<meta property=\"og:site_name\" content=\"El Digital de Asturias\" \/>\n\t\t<meta property=\"og:type\" content=\"article\" \/>\n\t\t<meta property=\"og:title\" content=\"Abierto de Australia 2020: El octavo t\u00edtulo de Djokovic - El Digital de Asturias\" \/>\n\t\t<meta property=\"og:description\" content=\"(Europa Press) - El tenista serbio Novak Djokovic se impuso este domingo por 6-4, 4-6, 2-6, 6-3 y 6-4 al austriaco Dominic Thiem en la final del Abierto de Australia, tras un intens\u00edsimo partido que sirvi\u00f3 al balc\u00e1nico para conquistar su octavo t\u00edtulo en dicho torneo y recuperar el n\u00famero uno del ranking mundial de la\" \/>\n\t\t<meta property=\"og:url\" content=\"https:\/\/www.eldigitaldeasturias.com\/noticias\/abierto-de-australia-2020-el-octavo-titulo-de-djokovic\/\" \/>\n\t\t<meta property=\"og:image\" content=\"https:\/\/www.eldigitaldeasturias.com\/noticias\/wp-content\/uploads\/2020\/02\/Djokovic-dpa.jpg\" \/>\n\t\t<meta property=\"og:image:secure_url\" content=\"https:\/\/www.eldigitaldeasturias.com\/noticias\/wp-content\/uploads\/2020\/02\/Djokovic-dpa.jpg\" \/>\n\t\t<meta property=\"og:image:width\" content=\"887\" \/>\n\t\t<meta property=\"og:image:height\" content=\"639\" \/>\n\t\t<meta property=\"article:tag\" content=\"deportes\" \/>\n\t\t<meta property=\"article:published_time\" content=\"2020-02-02T16:21:54+00:00\" \/>\n\t\t<meta property=\"article:modified_time\" content=\"2020-02-02T16:21:54+00:00\" \/>\n\t\t<meta property=\"article:publisher\" content=\"https:\/\/facebook.com\/eldigitaldeasturias\" \/>\n\t\t<meta name=\"twitter:card\" content=\"summary_large_image\" \/>\n\t\t<meta name=\"twitter:title\" content=\"Abierto de Australia 2020: El octavo t\u00edtulo de Djokovic - El Digital de Asturias\" \/>\n\t\t<meta name=\"twitter:description\" content=\"(Europa Press) - El tenista serbio Novak Djokovic se impuso este domingo por 6-4, 4-6, 2-6, 6-3 y 6-4 al austriaco Dominic Thiem en la final del Abierto de Australia, tras un intens\u00edsimo partido que sirvi\u00f3 al balc\u00e1nico para conquistar su octavo t\u00edtulo en dicho torneo y recuperar el n\u00famero uno del ranking mundial de la\" \/>\n\t\t<meta name=\"twitter:image\" content=\"https:\/\/www.eldigitaldeasturias.com\/noticias\/wp-content\/uploads\/2020\/02\/Djokovic-dpa.jpg\" \/>\n\t\t<meta name=\"twitter:label1\" content=\"Escrito por\" \/>\n\t\t<meta name=\"twitter:data1\" content=\"El Digital de Asturias\" \/>\n\t\t<meta name=\"twitter:label2\" content=\"Tiempo de lectura estimado\" \/>\n\t\t<meta name=\"twitter:data2\" content=\"5 minutos\" \/>\n\t\t<script type=\"application\/ld+json\" class=\"aioseo-schema\">\n\t\t\t{\"@context\":\"https:\\\/\\\/schema.org\",\"@graph\":[{\"@type\":\"BlogPosting\",\"@id\":\"https:\\\/\\\/www.eldigitaldeasturias.com\\\/noticias\\\/abierto-de-australia-2020-el-octavo-titulo-de-djokovic\\\/#blogposting\",\"name\":\"Abierto de Australia 2020: El octavo t\\u00edtulo de Djokovic - El Digital de Asturias\",\"headline\":\"Abierto de Australia 2020: El octavo t\\u00edtulo de Djokovic\",\"author\":{\"@id\":\"https:\\\/\\\/www.eldigitaldeasturias.com\\\/noticias\\\/author\\\/admin\\\/#author\"},\"publisher\":{\"@id\":\"https:\\\/\\\/www.eldigitaldeasturias.com\\\/noticias\\\/#organization\"},\"image\":{\"@type\":\"ImageObject\",\"url\":\"https:\\\/\\\/www.eldigitaldeasturias.com\\\/noticias\\\/wp-content\\\/uploads\\\/2020\\\/02\\\/Djokovic-dpa.jpg\",\"width\":887,\"height\":639,\"caption\":\"Foto: AAPIMAGE \\\/ DPA\"},\"datePublished\":\"2020-02-02T16:21:54+01:00\",\"dateModified\":\"2020-02-02T16:21:54+01:00\",\"inLanguage\":\"es-ES\",\"mainEntityOfPage\":{\"@id\":\"https:\\\/\\\/www.eldigitaldeasturias.com\\\/noticias\\\/abierto-de-australia-2020-el-octavo-titulo-de-djokovic\\\/#webpage\"},\"isPartOf\":{\"@id\":\"https:\\\/\\\/www.eldigitaldeasturias.com\\\/noticias\\\/abierto-de-australia-2020-el-octavo-titulo-de-djokovic\\\/#webpage\"},\"articleSection\":\"Deportes\"},{\"@type\":\"BreadcrumbList\",\"@id\":\"https:\\\/\\\/www.eldigitaldeasturias.com\\\/noticias\\\/abierto-de-australia-2020-el-octavo-titulo-de-djokovic\\\/#breadcrumblist\",\"itemListElement\":[{\"@type\":\"ListItem\",\"@id\":\"https:\\\/\\\/www.eldigitaldeasturias.com\\\/noticias#listItem\",\"position\":1,\"name\":\"Home\",\"item\":\"https:\\\/\\\/www.eldigitaldeasturias.com\\\/noticias\",\"nextItem\":{\"@type\":\"ListItem\",\"@id\":\"https:\\\/\\\/www.eldigitaldeasturias.com\\\/noticias\\\/category\\\/deportes\\\/#listItem\",\"name\":\"Deportes\"}},{\"@type\":\"ListItem\",\"@id\":\"https:\\\/\\\/www.eldigitaldeasturias.com\\\/noticias\\\/category\\\/deportes\\\/#listItem\",\"position\":2,\"name\":\"Deportes\",\"item\":\"https:\\\/\\\/www.eldigitaldeasturias.com\\\/noticias\\\/category\\\/deportes\\\/\",\"nextItem\":{\"@type\":\"ListItem\",\"@id\":\"https:\\\/\\\/www.eldigitaldeasturias.com\\\/noticias\\\/abierto-de-australia-2020-el-octavo-titulo-de-djokovic\\\/#listItem\",\"name\":\"Abierto de Australia 2020: El octavo t\\u00edtulo de Djokovic\"},\"previousItem\":{\"@type\":\"ListItem\",\"@id\":\"https:\\\/\\\/www.eldigitaldeasturias.com\\\/noticias#listItem\",\"name\":\"Home\"}},{\"@type\":\"ListItem\",\"@id\":\"https:\\\/\\\/www.eldigitaldeasturias.com\\\/noticias\\\/abierto-de-australia-2020-el-octavo-titulo-de-djokovic\\\/#listItem\",\"position\":3,\"name\":\"Abierto de Australia 2020: El octavo t\\u00edtulo de Djokovic\",\"previousItem\":{\"@type\":\"ListItem\",\"@id\":\"https:\\\/\\\/www.eldigitaldeasturias.com\\\/noticias\\\/category\\\/deportes\\\/#listItem\",\"name\":\"Deportes\"}}]},{\"@type\":\"Organization\",\"@id\":\"https:\\\/\\\/www.eldigitaldeasturias.com\\\/noticias\\\/#organization\",\"name\":\"El Digital de Asturias\",\"description\":\"Hemeroteca\",\"url\":\"https:\\\/\\\/www.eldigitaldeasturias.com\\\/noticias\\\/\",\"email\":\"info@eldigitaldeasturias.com\",\"telephone\":\"+34652131393\",\"logo\":{\"@type\":\"ImageObject\",\"url\":\"https:\\\/\\\/www.eldigitaldeasturias.com\\\/noticias\\\/wp-content\\\/uploads\\\/2020\\\/12\\\/EDA.jpg\",\"@id\":\"https:\\\/\\\/www.eldigitaldeasturias.com\\\/noticias\\\/abierto-de-australia-2020-el-octavo-titulo-de-djokovic\\\/#organizationLogo\",\"width\":649,\"height\":297},\"image\":{\"@id\":\"https:\\\/\\\/www.eldigitaldeasturias.com\\\/noticias\\\/abierto-de-australia-2020-el-octavo-titulo-de-djokovic\\\/#organizationLogo\"},\"sameAs\":[\"https:\\\/\\\/facebook.com\\\/eldigitaldeasturias\",\"https:\\\/\\\/www.youtube.com\\\/channel\\\/UCZP-2wLEB9Rv6erhFmqVnvg\"],\"address\":{\"@id\":\"https:\\\/\\\/www.eldigitaldeasturias.com\\\/noticias\\\/#postaladdress\",\"@type\":\"PostalAddress\",\"streetAddress\":\"san antonio 4,\",\"postalCode\":\"33430\",\"addressLocality\":\"Cand\\u00e1s\",\"addressRegion\":\"Asturias\",\"addressCountry\":\"ES\"}},{\"@type\":\"Person\",\"@id\":\"https:\\\/\\\/www.eldigitaldeasturias.com\\\/noticias\\\/author\\\/admin\\\/#author\",\"url\":\"https:\\\/\\\/www.eldigitaldeasturias.com\\\/noticias\\\/author\\\/admin\\\/\",\"name\":\"El Digital de Asturias\",\"image\":{\"@type\":\"ImageObject\",\"@id\":\"https:\\\/\\\/www.eldigitaldeasturias.com\\\/noticias\\\/abierto-de-australia-2020-el-octavo-titulo-de-djokovic\\\/#authorImage\",\"url\":\"https:\\\/\\\/www.eldigitaldeasturias.com\\\/noticias\\\/wp-content\\\/litespeed\\\/avatar\\\/18677e78aa0546b92d9dbf31ec7d7668.jpg?ver=1777290358\",\"width\":96,\"height\":96,\"caption\":\"El Digital de Asturias\"}},{\"@type\":\"WebPage\",\"@id\":\"https:\\\/\\\/www.eldigitaldeasturias.com\\\/noticias\\\/abierto-de-australia-2020-el-octavo-titulo-de-djokovic\\\/#webpage\",\"url\":\"https:\\\/\\\/www.eldigitaldeasturias.com\\\/noticias\\\/abierto-de-australia-2020-el-octavo-titulo-de-djokovic\\\/\",\"name\":\"Abierto de Australia 2020: El octavo t\\u00edtulo de Djokovic - El Digital de Asturias\",\"description\":\"(Europa Press) - El tenista serbio Novak Djokovic se impuso este domingo por 6-4, 4-6, 2-6, 6-3 y 6-4 al austriaco Dominic Thiem en la final del Abierto de Australia, tras un intens\\u00edsimo partido que sirvi\\u00f3 al balc\\u00e1nico para conquistar su octavo t\\u00edtulo en dicho torneo y recuperar el n\\u00famero uno del ranking mundial de la\",\"inLanguage\":\"es-ES\",\"isPartOf\":{\"@id\":\"https:\\\/\\\/www.eldigitaldeasturias.com\\\/noticias\\\/#website\"},\"breadcrumb\":{\"@id\":\"https:\\\/\\\/www.eldigitaldeasturias.com\\\/noticias\\\/abierto-de-australia-2020-el-octavo-titulo-de-djokovic\\\/#breadcrumblist\"},\"author\":{\"@id\":\"https:\\\/\\\/www.eldigitaldeasturias.com\\\/noticias\\\/author\\\/admin\\\/#author\"},\"creator\":{\"@id\":\"https:\\\/\\\/www.eldigitaldeasturias.com\\\/noticias\\\/author\\\/admin\\\/#author\"},\"image\":{\"@type\":\"ImageObject\",\"url\":\"https:\\\/\\\/www.eldigitaldeasturias.com\\\/noticias\\\/wp-content\\\/uploads\\\/2020\\\/02\\\/Djokovic-dpa.jpg\",\"@id\":\"https:\\\/\\\/www.eldigitaldeasturias.com\\\/noticias\\\/abierto-de-australia-2020-el-octavo-titulo-de-djokovic\\\/#mainImage\",\"width\":887,\"height\":639,\"caption\":\"Foto: AAPIMAGE \\\/ DPA\"},\"primaryImageOfPage\":{\"@id\":\"https:\\\/\\\/www.eldigitaldeasturias.com\\\/noticias\\\/abierto-de-australia-2020-el-octavo-titulo-de-djokovic\\\/#mainImage\"},\"datePublished\":\"2020-02-02T16:21:54+01:00\",\"dateModified\":\"2020-02-02T16:21:54+01:00\"},{\"@type\":\"WebSite\",\"@id\":\"https:\\\/\\\/www.eldigitaldeasturias.com\\\/noticias\\\/#website\",\"url\":\"https:\\\/\\\/www.eldigitaldeasturias.com\\\/noticias\\\/\",\"name\":\"El Digital de Asturias - Diario de actualidad y noticias\",\"alternateName\":\"El Digital de Asturias - Diario de actualidad y noticias\",\"description\":\"Hemeroteca\",\"inLanguage\":\"es-ES\",\"publisher\":{\"@id\":\"https:\\\/\\\/www.eldigitaldeasturias.com\\\/noticias\\\/#organization\"}}]}\n\t\t<\/script>\n\t\t<!-- All in One SEO Pro -->\r\n\t\t<title>Abierto de Australia 2020: El octavo t\u00edtulo de Djokovic - El Digital de Asturias<\/title>\n\n","aioseo_head_json":{"title":"Abierto de Australia 2020: El octavo t\u00edtulo de Djokovic - El Digital de Asturias","description":"(Europa Press) - El tenista serbio Novak Djokovic se impuso este domingo por 6-4, 4-6, 2-6, 6-3 y 6-4 al austriaco Dominic Thiem en la final del Abierto de Australia, tras un intens\u00edsimo partido que sirvi\u00f3 al balc\u00e1nico para conquistar su octavo t\u00edtulo en dicho torneo y recuperar el n\u00famero uno del ranking mundial de la","canonical_url":"https:\/\/www.eldigitaldeasturias.com\/noticias\/abierto-de-australia-2020-el-octavo-titulo-de-djokovic\/","robots":"max-image-preview:large","keywords":"deportes","webmasterTools":{"google-site-verification":"UA-38556648-1","msvalidate.01":"7dfe9f3f1b24437ab69f4f2559babe99","miscellaneous":""},"schema":{"@context":"https:\/\/schema.org","@graph":[{"@type":"BlogPosting","@id":"https:\/\/www.eldigitaldeasturias.com\/noticias\/abierto-de-australia-2020-el-octavo-titulo-de-djokovic\/#blogposting","name":"Abierto de Australia 2020: El octavo t\u00edtulo de Djokovic - El Digital de Asturias","headline":"Abierto de Australia 2020: El octavo t\u00edtulo de Djokovic","author":{"@id":"https:\/\/www.eldigitaldeasturias.com\/noticias\/author\/admin\/#author"},"publisher":{"@id":"https:\/\/www.eldigitaldeasturias.com\/noticias\/#organization"},"image":{"@type":"ImageObject","url":"https:\/\/www.eldigitaldeasturias.com\/noticias\/wp-content\/uploads\/2020\/02\/Djokovic-dpa.jpg","width":887,"height":639,"caption":"Foto: AAPIMAGE \/ DPA"},"datePublished":"2020-02-02T16:21:54+01:00","dateModified":"2020-02-02T16:21:54+01:00","inLanguage":"es-ES","mainEntityOfPage":{"@id":"https:\/\/www.eldigitaldeasturias.com\/noticias\/abierto-de-australia-2020-el-octavo-titulo-de-djokovic\/#webpage"},"isPartOf":{"@id":"https:\/\/www.eldigitaldeasturias.com\/noticias\/abierto-de-australia-2020-el-octavo-titulo-de-djokovic\/#webpage"},"articleSection":"Deportes"},{"@type":"BreadcrumbList","@id":"https:\/\/www.eldigitaldeasturias.com\/noticias\/abierto-de-australia-2020-el-octavo-titulo-de-djokovic\/#breadcrumblist","itemListElement":[{"@type":"ListItem","@id":"https:\/\/www.eldigitaldeasturias.com\/noticias#listItem","position":1,"name":"Home","item":"https:\/\/www.eldigitaldeasturias.com\/noticias","nextItem":{"@type":"ListItem","@id":"https:\/\/www.eldigitaldeasturias.com\/noticias\/category\/deportes\/#listItem","name":"Deportes"}},{"@type":"ListItem","@id":"https:\/\/www.eldigitaldeasturias.com\/noticias\/category\/deportes\/#listItem","position":2,"name":"Deportes","item":"https:\/\/www.eldigitaldeasturias.com\/noticias\/category\/deportes\/","nextItem":{"@type":"ListItem","@id":"https:\/\/www.eldigitaldeasturias.com\/noticias\/abierto-de-australia-2020-el-octavo-titulo-de-djokovic\/#listItem","name":"Abierto de Australia 2020: El octavo t\u00edtulo de Djokovic"},"previousItem":{"@type":"ListItem","@id":"https:\/\/www.eldigitaldeasturias.com\/noticias#listItem","name":"Home"}},{"@type":"ListItem","@id":"https:\/\/www.eldigitaldeasturias.com\/noticias\/abierto-de-australia-2020-el-octavo-titulo-de-djokovic\/#listItem","position":3,"name":"Abierto de Australia 2020: El octavo t\u00edtulo de Djokovic","previousItem":{"@type":"ListItem","@id":"https:\/\/www.eldigitaldeasturias.com\/noticias\/category\/deportes\/#listItem","name":"Deportes"}}]},{"@type":"Organization","@id":"https:\/\/www.eldigitaldeasturias.com\/noticias\/#organization","name":"El Digital de Asturias","description":"Hemeroteca","url":"https:\/\/www.eldigitaldeasturias.com\/noticias\/","email":"info@eldigitaldeasturias.com","telephone":"+34652131393","logo":{"@type":"ImageObject","url":"https:\/\/www.eldigitaldeasturias.com\/noticias\/wp-content\/uploads\/2020\/12\/EDA.jpg","@id":"https:\/\/www.eldigitaldeasturias.com\/noticias\/abierto-de-australia-2020-el-octavo-titulo-de-djokovic\/#organizationLogo","width":649,"height":297},"image":{"@id":"https:\/\/www.eldigitaldeasturias.com\/noticias\/abierto-de-australia-2020-el-octavo-titulo-de-djokovic\/#organizationLogo"},"sameAs":["https:\/\/facebook.com\/eldigitaldeasturias","https:\/\/www.youtube.com\/channel\/UCZP-2wLEB9Rv6erhFmqVnvg"],"address":{"@id":"https:\/\/www.eldigitaldeasturias.com\/noticias\/#postaladdress","@type":"PostalAddress","streetAddress":"san antonio 4,","postalCode":"33430","addressLocality":"Cand\u00e1s","addressRegion":"Asturias","addressCountry":"ES"}},{"@type":"Person","@id":"https:\/\/www.eldigitaldeasturias.com\/noticias\/author\/admin\/#author","url":"https:\/\/www.eldigitaldeasturias.com\/noticias\/author\/admin\/","name":"El Digital de Asturias","image":{"@type":"ImageObject","@id":"https:\/\/www.eldigitaldeasturias.com\/noticias\/abierto-de-australia-2020-el-octavo-titulo-de-djokovic\/#authorImage","url":"https:\/\/www.eldigitaldeasturias.com\/noticias\/wp-content\/litespeed\/avatar\/18677e78aa0546b92d9dbf31ec7d7668.jpg?ver=1777290358","width":96,"height":96,"caption":"El Digital de Asturias"}},{"@type":"WebPage","@id":"https:\/\/www.eldigitaldeasturias.com\/noticias\/abierto-de-australia-2020-el-octavo-titulo-de-djokovic\/#webpage","url":"https:\/\/www.eldigitaldeasturias.com\/noticias\/abierto-de-australia-2020-el-octavo-titulo-de-djokovic\/","name":"Abierto de Australia 2020: El octavo t\u00edtulo de Djokovic - El Digital de Asturias","description":"(Europa Press) - El tenista serbio Novak Djokovic se impuso este domingo por 6-4, 4-6, 2-6, 6-3 y 6-4 al austriaco Dominic Thiem en la final del Abierto de Australia, tras un intens\u00edsimo partido que sirvi\u00f3 al balc\u00e1nico para conquistar su octavo t\u00edtulo en dicho torneo y recuperar el n\u00famero uno del ranking mundial de la","inLanguage":"es-ES","isPartOf":{"@id":"https:\/\/www.eldigitaldeasturias.com\/noticias\/#website"},"breadcrumb":{"@id":"https:\/\/www.eldigitaldeasturias.com\/noticias\/abierto-de-australia-2020-el-octavo-titulo-de-djokovic\/#breadcrumblist"},"author":{"@id":"https:\/\/www.eldigitaldeasturias.com\/noticias\/author\/admin\/#author"},"creator":{"@id":"https:\/\/www.eldigitaldeasturias.com\/noticias\/author\/admin\/#author"},"image":{"@type":"ImageObject","url":"https:\/\/www.eldigitaldeasturias.com\/noticias\/wp-content\/uploads\/2020\/02\/Djokovic-dpa.jpg","@id":"https:\/\/www.eldigitaldeasturias.com\/noticias\/abierto-de-australia-2020-el-octavo-titulo-de-djokovic\/#mainImage","width":887,"height":639,"caption":"Foto: AAPIMAGE \/ DPA"},"primaryImageOfPage":{"@id":"https:\/\/www.eldigitaldeasturias.com\/noticias\/abierto-de-australia-2020-el-octavo-titulo-de-djokovic\/#mainImage"},"datePublished":"2020-02-02T16:21:54+01:00","dateModified":"2020-02-02T16:21:54+01:00"},{"@type":"WebSite","@id":"https:\/\/www.eldigitaldeasturias.com\/noticias\/#website","url":"https:\/\/www.eldigitaldeasturias.com\/noticias\/","name":"El Digital de Asturias - Diario de actualidad y noticias","alternateName":"El Digital de Asturias - Diario de actualidad y noticias","description":"Hemeroteca","inLanguage":"es-ES","publisher":{"@id":"https:\/\/www.eldigitaldeasturias.com\/noticias\/#organization"}}]},"og:locale":"es_ES","og:site_name":"El Digital de Asturias","og:type":"article","og:title":"Abierto de Australia 2020: El octavo t\u00edtulo de Djokovic - El Digital de Asturias","og:description":"(Europa Press) - El tenista serbio Novak Djokovic se impuso este domingo por 6-4, 4-6, 2-6, 6-3 y 6-4 al austriaco Dominic Thiem en la final del Abierto de Australia, tras un intens\u00edsimo partido que sirvi\u00f3 al balc\u00e1nico para conquistar su octavo t\u00edtulo en dicho torneo y recuperar el n\u00famero uno del ranking mundial de la","og:url":"https:\/\/www.eldigitaldeasturias.com\/noticias\/abierto-de-australia-2020-el-octavo-titulo-de-djokovic\/","og:image":"https:\/\/www.eldigitaldeasturias.com\/noticias\/wp-content\/uploads\/2020\/02\/Djokovic-dpa.jpg","og:image:secure_url":"https:\/\/www.eldigitaldeasturias.com\/noticias\/wp-content\/uploads\/2020\/02\/Djokovic-dpa.jpg","og:image:width":887,"og:image:height":639,"article:tag":["deportes"],"article:published_time":"2020-02-02T16:21:54+00:00","article:modified_time":"2020-02-02T16:21:54+00:00","article:publisher":"https:\/\/facebook.com\/eldigitaldeasturias","twitter:card":"summary_large_image","twitter:title":"Abierto de Australia 2020: El octavo t\u00edtulo de Djokovic - El Digital de Asturias","twitter:description":"(Europa Press) - El tenista serbio Novak Djokovic se impuso este domingo por 6-4, 4-6, 2-6, 6-3 y 6-4 al austriaco Dominic Thiem en la final del Abierto de Australia, tras un intens\u00edsimo partido que sirvi\u00f3 al balc\u00e1nico para conquistar su octavo t\u00edtulo en dicho torneo y recuperar el n\u00famero uno del ranking mundial de la","twitter:image":"https:\/\/www.eldigitaldeasturias.com\/noticias\/wp-content\/uploads\/2020\/02\/Djokovic-dpa.jpg","twitter:label1":"Escrito por","twitter:data1":"El Digital de Asturias","twitter:label2":"Tiempo de lectura estimado","twitter:data2":"5 minutos"},"aioseo_meta_data":{"post_id":"1056463","title":null,"description":null,"keywords":null,"keyphrases":null,"primary_term":null,"canonical_url":null,"og_title":null,"og_description":null,"og_object_type":"default","og_image_type":"default","og_image_url":null,"og_image_width":null,"og_image_height":null,"og_image_custom_url":null,"og_image_custom_fields":null,"og_video":null,"og_custom_url":null,"og_article_section":null,"og_article_tags":null,"twitter_use_og":false,"twitter_card":"default","twitter_image_type":"default","twitter_image_url":null,"twitter_image_custom_url":null,"twitter_image_custom_fields":null,"twitter_title":null,"twitter_description":null,"schema":{"blockGraphs":[],"customGraphs":[],"default":{"data":{"Article":[],"Course":[],"Dataset":[],"FAQPage":[],"Movie":[],"Person":[],"Product":[],"ProductReview":[],"Car":[],"Recipe":[],"Service":[],"SoftwareApplication":[],"WebPage":[]},"graphName":"","isEnabled":true},"graphs":[],"defaultGraph":"","defaultPostTypeGraph":""},"schema_type":null,"schema_type_options":null,"pillar_content":false,"robots_default":true,"robots_noindex":false,"robots_noarchive":false,"robots_nosnippet":false,"robots_nofollow":false,"robots_noimageindex":false,"robots_noodp":false,"robots_notranslate":false,"robots_max_snippet":null,"robots_max_videopreview":null,"robots_max_imagepreview":"large","priority":null,"frequency":null,"local_seo":null,"seo_analyzer_scan_date":"2025-10-30 22:29:05","breadcrumb_settings":null,"limit_modified_date":false,"open_ai":null,"ai":null,"created":"2020-12-21 10:55:50","updated":"2025-10-30 22:29:05"},"aioseo_breadcrumb":"<div class=\"aioseo-breadcrumbs\"><span class=\"aioseo-breadcrumb\">\n\t<a href=\"https:\/\/www.eldigitaldeasturias.com\/noticias\" title=\"Home\">Home<\/a>\n<\/span><span class=\"aioseo-breadcrumb-separator\">\u2013<\/span><span class=\"aioseo-breadcrumb\">\n\t<a href=\"https:\/\/www.eldigitaldeasturias.com\/noticias\/category\/deportes\/\" title=\"Deportes\">Deportes<\/a>\n<\/span><span class=\"aioseo-breadcrumb-separator\">\u2013<\/span><span class=\"aioseo-breadcrumb\">\n\t<a href=\"https:\/\/www.eldigitaldeasturias.com\/noticias\/abierto-de-australia-2020-el-octavo-titulo-de-djokovic\/\" title=\"Abierto de Australia 2020: El octavo t\u00edtulo de Djokovic\">Abierto de Australia 2020: El octavo t\u00edtulo de Djokovic<\/a>\n<\/span><\/div>","aioseo_breadcrumb_json":[{"label":"Home","link":"https:\/\/www.eldigitaldeasturias.com\/noticias"},{"label":"Deportes","link":"https:\/\/www.eldigitaldeasturias.com\/noticias\/category\/deportes\/"},{"label":"Abierto de Australia 2020: El octavo t\u00edtulo de Djokovic","link":"https:\/\/www.eldigitaldeasturias.com\/noticias\/abierto-de-australia-2020-el-octavo-titulo-de-djokovic\/"}],"_links":{"self":[{"href":"https:\/\/www.eldigitaldeasturias.com\/noticias\/wp-json\/wp\/v2\/posts\/1056463","targetHints":{"allow":["GET"]}}],"collection":[{"href":"https:\/\/www.eldigitaldeasturias.com\/noticias\/wp-json\/wp\/v2\/posts"}],"about":[{"href":"https:\/\/www.eldigitaldeasturias.com\/noticias\/wp-json\/wp\/v2\/types\/post"}],"author":[{"embeddable":true,"href":"https:\/\/www.eldigitaldeasturias.com\/noticias\/wp-json\/wp\/v2\/users\/1"}],"replies":[{"embeddable":true,"href":"https:\/\/www.eldigitaldeasturias.com\/noticias\/wp-json\/wp\/v2\/comments?post=1056463"}],"version-history":[{"count":0,"href":"https:\/\/www.eldigitaldeasturias.com\/noticias\/wp-json\/wp\/v2\/posts\/1056463\/revisions"}],"wp:featuredmedia":[{"embeddable":true,"href":"https:\/\/www.eldigitaldeasturias.com\/noticias\/wp-json\/wp\/v2\/media\/1056464"}],"wp:attachment":[{"href":"https:\/\/www.eldigitaldeasturias.com\/noticias\/wp-json\/wp\/v2\/media?parent=1056463"}],"wp:term":[{"taxonomy":"category","embeddable":true,"href":"https:\/\/www.eldigitaldeasturias.com\/noticias\/wp-json\/wp\/v2\/categories?post=1056463"},{"taxonomy":"post_tag","embeddable":true,"href":"https:\/\/www.eldigitaldeasturias.com\/noticias\/wp-json\/wp\/v2\/tags?post=1056463"}],"curies":[{"name":"wp","href":"https:\/\/api.w.org\/{rel}","templated":true}]}}