{"id":1056428,"date":"2020-02-02T00:39:45","date_gmt":"2020-02-02T00:39:45","guid":{"rendered":"https:\/\/www.eldigitaldeasturias.com\/noticias\/?p=1056428"},"modified":"2020-02-02T00:39:45","modified_gmt":"2020-02-02T00:39:45","slug":"iv-duatlon-ciudad-de-oviedo-hoy-domingo","status":"publish","type":"post","link":"https:\/\/www.eldigitaldeasturias.com\/noticias\/iv-duatlon-ciudad-de-oviedo-hoy-domingo\/","title":{"rendered":"IV Duatl\u00f3n \u201cCiudad de Oviedo\u201d, hoy domingo"},"content":{"rendered":"<p><img loading=\"lazy\" decoding=\"async\" class=\"alignleft size-medium wp-image-1056429\" src=\"https:\/\/www.eldigitaldeasturias.com\/noticias\/wp-content\/uploads\/2020\/02\/IV-Duatlo_n-Ciuda-de-Oviedo-360x223.jpg\" alt=\"\" width=\"360\" height=\"223\" srcset=\"https:\/\/www.eldigitaldeasturias.com\/noticias\/wp-content\/uploads\/2020\/02\/IV-Duatlo_n-Ciuda-de-Oviedo-360x223.jpg 360w, https:\/\/www.eldigitaldeasturias.com\/noticias\/wp-content\/uploads\/2020\/02\/IV-Duatlo_n-Ciuda-de-Oviedo-690x427.jpg 690w, https:\/\/www.eldigitaldeasturias.com\/noticias\/wp-content\/uploads\/2020\/02\/IV-Duatlo_n-Ciuda-de-Oviedo-480x297.jpg 480w, https:\/\/www.eldigitaldeasturias.com\/noticias\/wp-content\/uploads\/2020\/02\/IV-Duatlo_n-Ciuda-de-Oviedo-768x475.jpg 768w, https:\/\/www.eldigitaldeasturias.com\/noticias\/wp-content\/uploads\/2020\/02\/IV-Duatlo_n-Ciuda-de-Oviedo.jpg 1000w\" sizes=\"auto, (max-width: 360px) 100vw, 360px\" \/>La concejala de Deportes, Conchita M\u00e9ndez, ha presentado esta semana el <strong>IV Duatl\u00f3n \u201cCiudad de Oviedo<\/strong>\u201d que se celebrar\u00e1 hoy domingo, d\u00eda 2 de febrero, en el centro de la ciudad. Una prueba \u201cimportante\u201d, ha destacado la edil, al ser \u201cclasificatoria para los campeonatos de Espa\u00f1a y de Europa\u201d.<\/p>\n<p><strong>M\u00e9ndez ha agradecido al Club Triatl\u00f3n Oviedo la organizaci\u00f3n de esta competici\u00f3n<\/strong> que sit\u00faa a la ciudad como referente y una cita imprescindible para estos deportistas.<\/p>\n<p>Una idea que ha reforzado el director de competiciones de la Federaci\u00f3n Espa\u00f1ola de Triatl\u00f3n, Jorge Garc\u00eda, quien ha asegurado que siempre defender\u00e1 \u201ctodos los proyectos que podamos incorporar a Asturias porque el deporte es una herramienta de dinamizaci\u00f3n y promoci\u00f3n de las ciudades\u201d.<\/p>\n<p>En esta ocasi\u00f3n, \u201cno hemos apostado por un evento masivo, porque ten\u00edamos una oportunidad de tener una prueba clasificatoria para el campeonato europeo que se disputar\u00e1 en Punta Umbr\u00eda en marzo y ser una de las seis citas que punt\u00faan para el campeonato de Espa\u00f1a que se celebrar\u00e1 en el mes de abril en Soria\u201d.<\/p>\n<p>La carrera de hoy domingo se convierte, seg\u00fan ha indicado el presidente de la <strong>Federaci\u00f3n de Triatl\u00f3n del Principado de Asturias<\/strong>, \u00c1ngel Fern\u00e1ndez, en una gran oportunidad para ver a \u201clos mejores deportistas nacionales en esta disciplina ya que el 60% de los participantes provienen de fuera de Asturias\u201d. Concretamente, y seg\u00fan ha se\u00f1alado Jes\u00fas Vall\u00e9s, presidente del Club Triatl\u00f3n Oviedo, en esta prueba estar\u00e1n representadas 13 comunidades aut\u00f3nomas.<\/p>\n<p>En total los deportistas tendr\u00e1n que afrontar, desde las 10:00 horas, 4 vueltas a pie ( recorrer\u00e1n un total de 5 km en torno al Campo San Francisco) ; 5 de ciclismo ( 20 Km en torno al Campo San Francisco, Ur\u00eda, Viaducto Marquina y la Losa) y otras dos vueltas a pie (2,5 km) que finalizar\u00e1n en el mismo punto de salida: el Paseo del Bomb\u00e9. <strong>Un punto que ser\u00e1 el mejor para disfrutar como p\u00fablico de este espect\u00e1culo, seg\u00fan ha resaltado el director de la carrera, Iv\u00e1n Marcos<\/strong>, quien ha recordado tambi\u00e9n a los asistentes la importancia de usar los pasos habilitados en el circuito para evitar posibles accidentes.<\/p>\n<p>&nbsp;<\/p>\n","protected":false},"excerpt":{"rendered":"<p>La concejala de Deportes, Conchita M\u00e9ndez, ha presentado esta semana el IV Duatl\u00f3n \u201cCiudad de Oviedo\u201d que se celebrar\u00e1 hoy domingo, d\u00eda 2 de febrero, en el centro de la ciudad. Una prueba \u201cimportante\u201d, ha destacado la edil, al ser \u201cclasificatoria para los campeonatos de Espa\u00f1a y de Europa\u201d. M\u00e9ndez ha agradecido al Club Triatl\u00f3n [&hellip;]<\/p>\n","protected":false},"author":1,"featured_media":1056429,"comment_status":"closed","ping_status":"closed","sticky":false,"template":"","format":"standard","meta":{"footnotes":""},"categories":[190],"tags":[],"class_list":["post-1056428","post","type-post","status-publish","format-standard","has-post-thumbnail","hentry","category-deportes"],"aioseo_notices":[],"aioseo_head":"\n\t\t<!-- All in One SEO Pro 4.9.6.2 - aioseo.com -->\n\t<meta name=\"description\" content=\"La concejala de Deportes, Conchita M\u00e9ndez, ha presentado esta semana el IV Duatl\u00f3n \u201cCiudad de Oviedo\u201d que se celebrar\u00e1 hoy domingo, d\u00eda 2 de febrero, en el centro de la ciudad. Una prueba \u201cimportante\u201d, ha destacado la edil, al ser \u201cclasificatoria para los campeonatos de Espa\u00f1a y de Europa\u201d. M\u00e9ndez ha agradecido al Club Triatl\u00f3n\" \/>\n\t<meta name=\"robots\" content=\"max-image-preview:large\" \/>\n\t<meta name=\"author\" content=\"El Digital de Asturias\"\/>\n\t<meta name=\"google-site-verification\" content=\"UA-38556648-1\" \/>\n\t<meta name=\"msvalidate.01\" content=\"7dfe9f3f1b24437ab69f4f2559babe99\" \/>\n\t<meta name=\"keywords\" content=\"deportes\" \/>\n\t<link rel=\"canonical\" href=\"https:\/\/www.eldigitaldeasturias.com\/noticias\/iv-duatlon-ciudad-de-oviedo-hoy-domingo\/\" \/>\n\t<meta name=\"generator\" content=\"All in One SEO Pro (AIOSEO) 4.9.6.2\" \/>\n\t\t<meta property=\"og:locale\" content=\"es_ES\" \/>\n\t\t<meta property=\"og:site_name\" content=\"El Digital de Asturias\" \/>\n\t\t<meta property=\"og:type\" content=\"article\" \/>\n\t\t<meta property=\"og:title\" content=\"IV Duatl\u00f3n \u201cCiudad de Oviedo\u201d, hoy domingo - El Digital de Asturias\" \/>\n\t\t<meta property=\"og:description\" content=\"La concejala de Deportes, Conchita M\u00e9ndez, ha presentado esta semana el IV Duatl\u00f3n \u201cCiudad de Oviedo\u201d que se celebrar\u00e1 hoy domingo, d\u00eda 2 de febrero, en el centro de la ciudad. Una prueba \u201cimportante\u201d, ha destacado la edil, al ser \u201cclasificatoria para los campeonatos de Espa\u00f1a y de Europa\u201d. M\u00e9ndez ha agradecido al Club Triatl\u00f3n\" \/>\n\t\t<meta property=\"og:url\" content=\"https:\/\/www.eldigitaldeasturias.com\/noticias\/iv-duatlon-ciudad-de-oviedo-hoy-domingo\/\" \/>\n\t\t<meta property=\"og:image\" content=\"https:\/\/www.eldigitaldeasturias.com\/noticias\/wp-content\/uploads\/2020\/02\/IV-Duatlo_n-Ciuda-de-Oviedo.jpg\" \/>\n\t\t<meta property=\"og:image:secure_url\" content=\"https:\/\/www.eldigitaldeasturias.com\/noticias\/wp-content\/uploads\/2020\/02\/IV-Duatlo_n-Ciuda-de-Oviedo.jpg\" \/>\n\t\t<meta property=\"og:image:width\" content=\"1000\" \/>\n\t\t<meta property=\"og:image:height\" content=\"619\" \/>\n\t\t<meta property=\"article:tag\" content=\"deportes\" \/>\n\t\t<meta property=\"article:published_time\" content=\"2020-02-02T00:39:45+00:00\" \/>\n\t\t<meta property=\"article:modified_time\" content=\"2020-02-02T00:39:45+00:00\" \/>\n\t\t<meta property=\"article:publisher\" content=\"https:\/\/facebook.com\/eldigitaldeasturias\" \/>\n\t\t<meta name=\"twitter:card\" content=\"summary_large_image\" \/>\n\t\t<meta name=\"twitter:title\" content=\"IV Duatl\u00f3n \u201cCiudad de Oviedo\u201d, hoy domingo - El Digital de Asturias\" \/>\n\t\t<meta name=\"twitter:description\" content=\"La concejala de Deportes, Conchita M\u00e9ndez, ha presentado esta semana el IV Duatl\u00f3n \u201cCiudad de Oviedo\u201d que se celebrar\u00e1 hoy domingo, d\u00eda 2 de febrero, en el centro de la ciudad. Una prueba \u201cimportante\u201d, ha destacado la edil, al ser \u201cclasificatoria para los campeonatos de Espa\u00f1a y de Europa\u201d. M\u00e9ndez ha agradecido al Club Triatl\u00f3n\" \/>\n\t\t<meta name=\"twitter:image\" content=\"https:\/\/www.eldigitaldeasturias.com\/noticias\/wp-content\/uploads\/2020\/02\/IV-Duatlo_n-Ciuda-de-Oviedo.jpg\" \/>\n\t\t<meta name=\"twitter:label1\" content=\"Escrito por\" \/>\n\t\t<meta name=\"twitter:data1\" content=\"El Digital de Asturias\" \/>\n\t\t<meta name=\"twitter:label2\" content=\"Tiempo de lectura estimado\" \/>\n\t\t<meta name=\"twitter:data2\" content=\"2 minutos\" \/>\n\t\t<script type=\"application\/ld+json\" class=\"aioseo-schema\">\n\t\t\t{\"@context\":\"https:\\\/\\\/schema.org\",\"@graph\":[{\"@type\":\"BlogPosting\",\"@id\":\"https:\\\/\\\/www.eldigitaldeasturias.com\\\/noticias\\\/iv-duatlon-ciudad-de-oviedo-hoy-domingo\\\/#blogposting\",\"name\":\"IV Duatl\\u00f3n \\u201cCiudad de Oviedo\\u201d, hoy domingo - El Digital de Asturias\",\"headline\":\"IV Duatl\\u00f3n \\u201cCiudad de Oviedo\\u201d, hoy domingo\",\"author\":{\"@id\":\"https:\\\/\\\/www.eldigitaldeasturias.com\\\/noticias\\\/author\\\/admin\\\/#author\"},\"publisher\":{\"@id\":\"https:\\\/\\\/www.eldigitaldeasturias.com\\\/noticias\\\/#organization\"},\"image\":{\"@type\":\"ImageObject\",\"url\":\"https:\\\/\\\/www.eldigitaldeasturias.com\\\/noticias\\\/wp-content\\\/uploads\\\/2020\\\/02\\\/IV-Duatlo_n-Ciuda-de-Oviedo.jpg\",\"width\":1000,\"height\":619},\"datePublished\":\"2020-02-02T00:39:45+01:00\",\"dateModified\":\"2020-02-02T00:39:45+01:00\",\"inLanguage\":\"es-ES\",\"mainEntityOfPage\":{\"@id\":\"https:\\\/\\\/www.eldigitaldeasturias.com\\\/noticias\\\/iv-duatlon-ciudad-de-oviedo-hoy-domingo\\\/#webpage\"},\"isPartOf\":{\"@id\":\"https:\\\/\\\/www.eldigitaldeasturias.com\\\/noticias\\\/iv-duatlon-ciudad-de-oviedo-hoy-domingo\\\/#webpage\"},\"articleSection\":\"Deportes\"},{\"@type\":\"BreadcrumbList\",\"@id\":\"https:\\\/\\\/www.eldigitaldeasturias.com\\\/noticias\\\/iv-duatlon-ciudad-de-oviedo-hoy-domingo\\\/#breadcrumblist\",\"itemListElement\":[{\"@type\":\"ListItem\",\"@id\":\"https:\\\/\\\/www.eldigitaldeasturias.com\\\/noticias#listItem\",\"position\":1,\"name\":\"Home\",\"item\":\"https:\\\/\\\/www.eldigitaldeasturias.com\\\/noticias\",\"nextItem\":{\"@type\":\"ListItem\",\"@id\":\"https:\\\/\\\/www.eldigitaldeasturias.com\\\/noticias\\\/category\\\/deportes\\\/#listItem\",\"name\":\"Deportes\"}},{\"@type\":\"ListItem\",\"@id\":\"https:\\\/\\\/www.eldigitaldeasturias.com\\\/noticias\\\/category\\\/deportes\\\/#listItem\",\"position\":2,\"name\":\"Deportes\",\"item\":\"https:\\\/\\\/www.eldigitaldeasturias.com\\\/noticias\\\/category\\\/deportes\\\/\",\"nextItem\":{\"@type\":\"ListItem\",\"@id\":\"https:\\\/\\\/www.eldigitaldeasturias.com\\\/noticias\\\/iv-duatlon-ciudad-de-oviedo-hoy-domingo\\\/#listItem\",\"name\":\"IV Duatl\\u00f3n \\u201cCiudad de Oviedo\\u201d, hoy domingo\"},\"previousItem\":{\"@type\":\"ListItem\",\"@id\":\"https:\\\/\\\/www.eldigitaldeasturias.com\\\/noticias#listItem\",\"name\":\"Home\"}},{\"@type\":\"ListItem\",\"@id\":\"https:\\\/\\\/www.eldigitaldeasturias.com\\\/noticias\\\/iv-duatlon-ciudad-de-oviedo-hoy-domingo\\\/#listItem\",\"position\":3,\"name\":\"IV Duatl\\u00f3n \\u201cCiudad de Oviedo\\u201d, hoy domingo\",\"previousItem\":{\"@type\":\"ListItem\",\"@id\":\"https:\\\/\\\/www.eldigitaldeasturias.com\\\/noticias\\\/category\\\/deportes\\\/#listItem\",\"name\":\"Deportes\"}}]},{\"@type\":\"Organization\",\"@id\":\"https:\\\/\\\/www.eldigitaldeasturias.com\\\/noticias\\\/#organization\",\"name\":\"El Digital de Asturias\",\"description\":\"Hemeroteca\",\"url\":\"https:\\\/\\\/www.eldigitaldeasturias.com\\\/noticias\\\/\",\"email\":\"info@eldigitaldeasturias.com\",\"telephone\":\"+34652131393\",\"logo\":{\"@type\":\"ImageObject\",\"url\":\"https:\\\/\\\/www.eldigitaldeasturias.com\\\/noticias\\\/wp-content\\\/uploads\\\/2020\\\/12\\\/EDA.jpg\",\"@id\":\"https:\\\/\\\/www.eldigitaldeasturias.com\\\/noticias\\\/iv-duatlon-ciudad-de-oviedo-hoy-domingo\\\/#organizationLogo\",\"width\":649,\"height\":297},\"image\":{\"@id\":\"https:\\\/\\\/www.eldigitaldeasturias.com\\\/noticias\\\/iv-duatlon-ciudad-de-oviedo-hoy-domingo\\\/#organizationLogo\"},\"sameAs\":[\"https:\\\/\\\/facebook.com\\\/eldigitaldeasturias\",\"https:\\\/\\\/www.youtube.com\\\/channel\\\/UCZP-2wLEB9Rv6erhFmqVnvg\"],\"address\":{\"@id\":\"https:\\\/\\\/www.eldigitaldeasturias.com\\\/noticias\\\/#postaladdress\",\"@type\":\"PostalAddress\",\"streetAddress\":\"san antonio 4,\",\"postalCode\":\"33430\",\"addressLocality\":\"Cand\\u00e1s\",\"addressRegion\":\"Asturias\",\"addressCountry\":\"ES\"}},{\"@type\":\"Person\",\"@id\":\"https:\\\/\\\/www.eldigitaldeasturias.com\\\/noticias\\\/author\\\/admin\\\/#author\",\"url\":\"https:\\\/\\\/www.eldigitaldeasturias.com\\\/noticias\\\/author\\\/admin\\\/\",\"name\":\"El Digital de Asturias\",\"image\":{\"@type\":\"ImageObject\",\"@id\":\"https:\\\/\\\/www.eldigitaldeasturias.com\\\/noticias\\\/iv-duatlon-ciudad-de-oviedo-hoy-domingo\\\/#authorImage\",\"url\":\"https:\\\/\\\/www.eldigitaldeasturias.com\\\/noticias\\\/wp-content\\\/litespeed\\\/avatar\\\/18677e78aa0546b92d9dbf31ec7d7668.jpg?ver=1777290358\",\"width\":96,\"height\":96,\"caption\":\"El Digital de Asturias\"}},{\"@type\":\"WebPage\",\"@id\":\"https:\\\/\\\/www.eldigitaldeasturias.com\\\/noticias\\\/iv-duatlon-ciudad-de-oviedo-hoy-domingo\\\/#webpage\",\"url\":\"https:\\\/\\\/www.eldigitaldeasturias.com\\\/noticias\\\/iv-duatlon-ciudad-de-oviedo-hoy-domingo\\\/\",\"name\":\"IV Duatl\\u00f3n \\u201cCiudad de Oviedo\\u201d, hoy domingo - El Digital de Asturias\",\"description\":\"La concejala de Deportes, Conchita M\\u00e9ndez, ha presentado esta semana el IV Duatl\\u00f3n \\u201cCiudad de Oviedo\\u201d que se celebrar\\u00e1 hoy domingo, d\\u00eda 2 de febrero, en el centro de la ciudad. Una prueba \\u201cimportante\\u201d, ha destacado la edil, al ser \\u201cclasificatoria para los campeonatos de Espa\\u00f1a y de Europa\\u201d. M\\u00e9ndez ha agradecido al Club Triatl\\u00f3n\",\"inLanguage\":\"es-ES\",\"isPartOf\":{\"@id\":\"https:\\\/\\\/www.eldigitaldeasturias.com\\\/noticias\\\/#website\"},\"breadcrumb\":{\"@id\":\"https:\\\/\\\/www.eldigitaldeasturias.com\\\/noticias\\\/iv-duatlon-ciudad-de-oviedo-hoy-domingo\\\/#breadcrumblist\"},\"author\":{\"@id\":\"https:\\\/\\\/www.eldigitaldeasturias.com\\\/noticias\\\/author\\\/admin\\\/#author\"},\"creator\":{\"@id\":\"https:\\\/\\\/www.eldigitaldeasturias.com\\\/noticias\\\/author\\\/admin\\\/#author\"},\"image\":{\"@type\":\"ImageObject\",\"url\":\"https:\\\/\\\/www.eldigitaldeasturias.com\\\/noticias\\\/wp-content\\\/uploads\\\/2020\\\/02\\\/IV-Duatlo_n-Ciuda-de-Oviedo.jpg\",\"@id\":\"https:\\\/\\\/www.eldigitaldeasturias.com\\\/noticias\\\/iv-duatlon-ciudad-de-oviedo-hoy-domingo\\\/#mainImage\",\"width\":1000,\"height\":619},\"primaryImageOfPage\":{\"@id\":\"https:\\\/\\\/www.eldigitaldeasturias.com\\\/noticias\\\/iv-duatlon-ciudad-de-oviedo-hoy-domingo\\\/#mainImage\"},\"datePublished\":\"2020-02-02T00:39:45+01:00\",\"dateModified\":\"2020-02-02T00:39:45+01:00\"},{\"@type\":\"WebSite\",\"@id\":\"https:\\\/\\\/www.eldigitaldeasturias.com\\\/noticias\\\/#website\",\"url\":\"https:\\\/\\\/www.eldigitaldeasturias.com\\\/noticias\\\/\",\"name\":\"El Digital de Asturias - Diario de actualidad y noticias\",\"alternateName\":\"El Digital de Asturias - Diario de actualidad y noticias\",\"description\":\"Hemeroteca\",\"inLanguage\":\"es-ES\",\"publisher\":{\"@id\":\"https:\\\/\\\/www.eldigitaldeasturias.com\\\/noticias\\\/#organization\"}}]}\n\t\t<\/script>\n\t\t<!-- All in One SEO Pro -->\r\n\t\t<title>IV Duatl\u00f3n \u201cCiudad de Oviedo\u201d, hoy domingo - El Digital de Asturias<\/title>\n\n","aioseo_head_json":{"title":"IV Duatl\u00f3n \u201cCiudad de Oviedo\u201d, hoy domingo - El Digital de Asturias","description":"La concejala de Deportes, Conchita M\u00e9ndez, ha presentado esta semana el IV Duatl\u00f3n \u201cCiudad de Oviedo\u201d que se celebrar\u00e1 hoy domingo, d\u00eda 2 de febrero, en el centro de la ciudad. Una prueba \u201cimportante\u201d, ha destacado la edil, al ser \u201cclasificatoria para los campeonatos de Espa\u00f1a y de Europa\u201d. M\u00e9ndez ha agradecido al Club Triatl\u00f3n","canonical_url":"https:\/\/www.eldigitaldeasturias.com\/noticias\/iv-duatlon-ciudad-de-oviedo-hoy-domingo\/","robots":"max-image-preview:large","keywords":"deportes","webmasterTools":{"google-site-verification":"UA-38556648-1","msvalidate.01":"7dfe9f3f1b24437ab69f4f2559babe99","miscellaneous":""},"schema":{"@context":"https:\/\/schema.org","@graph":[{"@type":"BlogPosting","@id":"https:\/\/www.eldigitaldeasturias.com\/noticias\/iv-duatlon-ciudad-de-oviedo-hoy-domingo\/#blogposting","name":"IV Duatl\u00f3n \u201cCiudad de Oviedo\u201d, hoy domingo - El Digital de Asturias","headline":"IV Duatl\u00f3n \u201cCiudad de Oviedo\u201d, hoy domingo","author":{"@id":"https:\/\/www.eldigitaldeasturias.com\/noticias\/author\/admin\/#author"},"publisher":{"@id":"https:\/\/www.eldigitaldeasturias.com\/noticias\/#organization"},"image":{"@type":"ImageObject","url":"https:\/\/www.eldigitaldeasturias.com\/noticias\/wp-content\/uploads\/2020\/02\/IV-Duatlo_n-Ciuda-de-Oviedo.jpg","width":1000,"height":619},"datePublished":"2020-02-02T00:39:45+01:00","dateModified":"2020-02-02T00:39:45+01:00","inLanguage":"es-ES","mainEntityOfPage":{"@id":"https:\/\/www.eldigitaldeasturias.com\/noticias\/iv-duatlon-ciudad-de-oviedo-hoy-domingo\/#webpage"},"isPartOf":{"@id":"https:\/\/www.eldigitaldeasturias.com\/noticias\/iv-duatlon-ciudad-de-oviedo-hoy-domingo\/#webpage"},"articleSection":"Deportes"},{"@type":"BreadcrumbList","@id":"https:\/\/www.eldigitaldeasturias.com\/noticias\/iv-duatlon-ciudad-de-oviedo-hoy-domingo\/#breadcrumblist","itemListElement":[{"@type":"ListItem","@id":"https:\/\/www.eldigitaldeasturias.com\/noticias#listItem","position":1,"name":"Home","item":"https:\/\/www.eldigitaldeasturias.com\/noticias","nextItem":{"@type":"ListItem","@id":"https:\/\/www.eldigitaldeasturias.com\/noticias\/category\/deportes\/#listItem","name":"Deportes"}},{"@type":"ListItem","@id":"https:\/\/www.eldigitaldeasturias.com\/noticias\/category\/deportes\/#listItem","position":2,"name":"Deportes","item":"https:\/\/www.eldigitaldeasturias.com\/noticias\/category\/deportes\/","nextItem":{"@type":"ListItem","@id":"https:\/\/www.eldigitaldeasturias.com\/noticias\/iv-duatlon-ciudad-de-oviedo-hoy-domingo\/#listItem","name":"IV Duatl\u00f3n \u201cCiudad de Oviedo\u201d, hoy domingo"},"previousItem":{"@type":"ListItem","@id":"https:\/\/www.eldigitaldeasturias.com\/noticias#listItem","name":"Home"}},{"@type":"ListItem","@id":"https:\/\/www.eldigitaldeasturias.com\/noticias\/iv-duatlon-ciudad-de-oviedo-hoy-domingo\/#listItem","position":3,"name":"IV Duatl\u00f3n \u201cCiudad de Oviedo\u201d, hoy domingo","previousItem":{"@type":"ListItem","@id":"https:\/\/www.eldigitaldeasturias.com\/noticias\/category\/deportes\/#listItem","name":"Deportes"}}]},{"@type":"Organization","@id":"https:\/\/www.eldigitaldeasturias.com\/noticias\/#organization","name":"El Digital de Asturias","description":"Hemeroteca","url":"https:\/\/www.eldigitaldeasturias.com\/noticias\/","email":"info@eldigitaldeasturias.com","telephone":"+34652131393","logo":{"@type":"ImageObject","url":"https:\/\/www.eldigitaldeasturias.com\/noticias\/wp-content\/uploads\/2020\/12\/EDA.jpg","@id":"https:\/\/www.eldigitaldeasturias.com\/noticias\/iv-duatlon-ciudad-de-oviedo-hoy-domingo\/#organizationLogo","width":649,"height":297},"image":{"@id":"https:\/\/www.eldigitaldeasturias.com\/noticias\/iv-duatlon-ciudad-de-oviedo-hoy-domingo\/#organizationLogo"},"sameAs":["https:\/\/facebook.com\/eldigitaldeasturias","https:\/\/www.youtube.com\/channel\/UCZP-2wLEB9Rv6erhFmqVnvg"],"address":{"@id":"https:\/\/www.eldigitaldeasturias.com\/noticias\/#postaladdress","@type":"PostalAddress","streetAddress":"san antonio 4,","postalCode":"33430","addressLocality":"Cand\u00e1s","addressRegion":"Asturias","addressCountry":"ES"}},{"@type":"Person","@id":"https:\/\/www.eldigitaldeasturias.com\/noticias\/author\/admin\/#author","url":"https:\/\/www.eldigitaldeasturias.com\/noticias\/author\/admin\/","name":"El Digital de Asturias","image":{"@type":"ImageObject","@id":"https:\/\/www.eldigitaldeasturias.com\/noticias\/iv-duatlon-ciudad-de-oviedo-hoy-domingo\/#authorImage","url":"https:\/\/www.eldigitaldeasturias.com\/noticias\/wp-content\/litespeed\/avatar\/18677e78aa0546b92d9dbf31ec7d7668.jpg?ver=1777290358","width":96,"height":96,"caption":"El Digital de Asturias"}},{"@type":"WebPage","@id":"https:\/\/www.eldigitaldeasturias.com\/noticias\/iv-duatlon-ciudad-de-oviedo-hoy-domingo\/#webpage","url":"https:\/\/www.eldigitaldeasturias.com\/noticias\/iv-duatlon-ciudad-de-oviedo-hoy-domingo\/","name":"IV Duatl\u00f3n \u201cCiudad de Oviedo\u201d, hoy domingo - El Digital de Asturias","description":"La concejala de Deportes, Conchita M\u00e9ndez, ha presentado esta semana el IV Duatl\u00f3n \u201cCiudad de Oviedo\u201d que se celebrar\u00e1 hoy domingo, d\u00eda 2 de febrero, en el centro de la ciudad. Una prueba \u201cimportante\u201d, ha destacado la edil, al ser \u201cclasificatoria para los campeonatos de Espa\u00f1a y de Europa\u201d. M\u00e9ndez ha agradecido al Club Triatl\u00f3n","inLanguage":"es-ES","isPartOf":{"@id":"https:\/\/www.eldigitaldeasturias.com\/noticias\/#website"},"breadcrumb":{"@id":"https:\/\/www.eldigitaldeasturias.com\/noticias\/iv-duatlon-ciudad-de-oviedo-hoy-domingo\/#breadcrumblist"},"author":{"@id":"https:\/\/www.eldigitaldeasturias.com\/noticias\/author\/admin\/#author"},"creator":{"@id":"https:\/\/www.eldigitaldeasturias.com\/noticias\/author\/admin\/#author"},"image":{"@type":"ImageObject","url":"https:\/\/www.eldigitaldeasturias.com\/noticias\/wp-content\/uploads\/2020\/02\/IV-Duatlo_n-Ciuda-de-Oviedo.jpg","@id":"https:\/\/www.eldigitaldeasturias.com\/noticias\/iv-duatlon-ciudad-de-oviedo-hoy-domingo\/#mainImage","width":1000,"height":619},"primaryImageOfPage":{"@id":"https:\/\/www.eldigitaldeasturias.com\/noticias\/iv-duatlon-ciudad-de-oviedo-hoy-domingo\/#mainImage"},"datePublished":"2020-02-02T00:39:45+01:00","dateModified":"2020-02-02T00:39:45+01:00"},{"@type":"WebSite","@id":"https:\/\/www.eldigitaldeasturias.com\/noticias\/#website","url":"https:\/\/www.eldigitaldeasturias.com\/noticias\/","name":"El Digital de Asturias - Diario de actualidad y noticias","alternateName":"El Digital de Asturias - Diario de actualidad y noticias","description":"Hemeroteca","inLanguage":"es-ES","publisher":{"@id":"https:\/\/www.eldigitaldeasturias.com\/noticias\/#organization"}}]},"og:locale":"es_ES","og:site_name":"El Digital de Asturias","og:type":"article","og:title":"IV Duatl\u00f3n \u201cCiudad de Oviedo\u201d, hoy domingo - El Digital de Asturias","og:description":"La concejala de Deportes, Conchita M\u00e9ndez, ha presentado esta semana el IV Duatl\u00f3n \u201cCiudad de Oviedo\u201d que se celebrar\u00e1 hoy domingo, d\u00eda 2 de febrero, en el centro de la ciudad. Una prueba \u201cimportante\u201d, ha destacado la edil, al ser \u201cclasificatoria para los campeonatos de Espa\u00f1a y de Europa\u201d. M\u00e9ndez ha agradecido al Club Triatl\u00f3n","og:url":"https:\/\/www.eldigitaldeasturias.com\/noticias\/iv-duatlon-ciudad-de-oviedo-hoy-domingo\/","og:image":"https:\/\/www.eldigitaldeasturias.com\/noticias\/wp-content\/uploads\/2020\/02\/IV-Duatlo_n-Ciuda-de-Oviedo.jpg","og:image:secure_url":"https:\/\/www.eldigitaldeasturias.com\/noticias\/wp-content\/uploads\/2020\/02\/IV-Duatlo_n-Ciuda-de-Oviedo.jpg","og:image:width":1000,"og:image:height":619,"article:tag":["deportes"],"article:published_time":"2020-02-02T00:39:45+00:00","article:modified_time":"2020-02-02T00:39:45+00:00","article:publisher":"https:\/\/facebook.com\/eldigitaldeasturias","twitter:card":"summary_large_image","twitter:title":"IV Duatl\u00f3n \u201cCiudad de Oviedo\u201d, hoy domingo - El Digital de Asturias","twitter:description":"La concejala de Deportes, Conchita M\u00e9ndez, ha presentado esta semana el IV Duatl\u00f3n \u201cCiudad de Oviedo\u201d que se celebrar\u00e1 hoy domingo, d\u00eda 2 de febrero, en el centro de la ciudad. Una prueba \u201cimportante\u201d, ha destacado la edil, al ser \u201cclasificatoria para los campeonatos de Espa\u00f1a y de Europa\u201d. M\u00e9ndez ha agradecido al Club Triatl\u00f3n","twitter:image":"https:\/\/www.eldigitaldeasturias.com\/noticias\/wp-content\/uploads\/2020\/02\/IV-Duatlo_n-Ciuda-de-Oviedo.jpg","twitter:label1":"Escrito por","twitter:data1":"El Digital de Asturias","twitter:label2":"Tiempo de lectura estimado","twitter:data2":"2 minutos"},"aioseo_meta_data":{"post_id":"1056428","title":null,"description":null,"keywords":null,"keyphrases":null,"primary_term":null,"canonical_url":null,"og_title":null,"og_description":null,"og_object_type":"default","og_image_type":"default","og_image_url":null,"og_image_width":null,"og_image_height":null,"og_image_custom_url":null,"og_image_custom_fields":null,"og_video":null,"og_custom_url":null,"og_article_section":null,"og_article_tags":null,"twitter_use_og":false,"twitter_card":"default","twitter_image_type":"default","twitter_image_url":null,"twitter_image_custom_url":null,"twitter_image_custom_fields":null,"twitter_title":null,"twitter_description":null,"schema":{"blockGraphs":[],"customGraphs":[],"default":{"data":{"Article":[],"Course":[],"Dataset":[],"FAQPage":[],"Movie":[],"Person":[],"Product":[],"ProductReview":[],"Car":[],"Recipe":[],"Service":[],"SoftwareApplication":[],"WebPage":[]},"graphName":"","isEnabled":true},"graphs":[],"defaultGraph":"","defaultPostTypeGraph":""},"schema_type":null,"schema_type_options":null,"pillar_content":false,"robots_default":true,"robots_noindex":false,"robots_noarchive":false,"robots_nosnippet":false,"robots_nofollow":false,"robots_noimageindex":false,"robots_noodp":false,"robots_notranslate":false,"robots_max_snippet":null,"robots_max_videopreview":null,"robots_max_imagepreview":"large","priority":null,"frequency":null,"local_seo":null,"seo_analyzer_scan_date":"2025-10-30 22:23:20","breadcrumb_settings":null,"limit_modified_date":false,"open_ai":null,"ai":null,"created":"2020-12-21 10:55:56","updated":"2025-10-30 22:23:20"},"aioseo_breadcrumb":"<div class=\"aioseo-breadcrumbs\"><span class=\"aioseo-breadcrumb\">\n\t<a href=\"https:\/\/www.eldigitaldeasturias.com\/noticias\" title=\"Home\">Home<\/a>\n<\/span><span class=\"aioseo-breadcrumb-separator\">\u2013<\/span><span class=\"aioseo-breadcrumb\">\n\t<a href=\"https:\/\/www.eldigitaldeasturias.com\/noticias\/category\/deportes\/\" title=\"Deportes\">Deportes<\/a>\n<\/span><span class=\"aioseo-breadcrumb-separator\">\u2013<\/span><span class=\"aioseo-breadcrumb\">\n\t<a href=\"https:\/\/www.eldigitaldeasturias.com\/noticias\/iv-duatlon-ciudad-de-oviedo-hoy-domingo\/\" title=\"IV Duatl\u00f3n \u201cCiudad de Oviedo\u201d, hoy domingo\">IV Duatl\u00f3n \u201cCiudad de Oviedo\u201d, hoy domingo<\/a>\n<\/span><\/div>","aioseo_breadcrumb_json":[{"label":"Home","link":"https:\/\/www.eldigitaldeasturias.com\/noticias"},{"label":"Deportes","link":"https:\/\/www.eldigitaldeasturias.com\/noticias\/category\/deportes\/"},{"label":"IV Duatl\u00f3n \u201cCiudad de Oviedo\u201d, hoy domingo","link":"https:\/\/www.eldigitaldeasturias.com\/noticias\/iv-duatlon-ciudad-de-oviedo-hoy-domingo\/"}],"_links":{"self":[{"href":"https:\/\/www.eldigitaldeasturias.com\/noticias\/wp-json\/wp\/v2\/posts\/1056428","targetHints":{"allow":["GET"]}}],"collection":[{"href":"https:\/\/www.eldigitaldeasturias.com\/noticias\/wp-json\/wp\/v2\/posts"}],"about":[{"href":"https:\/\/www.eldigitaldeasturias.com\/noticias\/wp-json\/wp\/v2\/types\/post"}],"author":[{"embeddable":true,"href":"https:\/\/www.eldigitaldeasturias.com\/noticias\/wp-json\/wp\/v2\/users\/1"}],"replies":[{"embeddable":true,"href":"https:\/\/www.eldigitaldeasturias.com\/noticias\/wp-json\/wp\/v2\/comments?post=1056428"}],"version-history":[{"count":0,"href":"https:\/\/www.eldigitaldeasturias.com\/noticias\/wp-json\/wp\/v2\/posts\/1056428\/revisions"}],"wp:featuredmedia":[{"embeddable":true,"href":"https:\/\/www.eldigitaldeasturias.com\/noticias\/wp-json\/wp\/v2\/media\/1056429"}],"wp:attachment":[{"href":"https:\/\/www.eldigitaldeasturias.com\/noticias\/wp-json\/wp\/v2\/media?parent=1056428"}],"wp:term":[{"taxonomy":"category","embeddable":true,"href":"https:\/\/www.eldigitaldeasturias.com\/noticias\/wp-json\/wp\/v2\/categories?post=1056428"},{"taxonomy":"post_tag","embeddable":true,"href":"https:\/\/www.eldigitaldeasturias.com\/noticias\/wp-json\/wp\/v2\/tags?post=1056428"}],"curies":[{"name":"wp","href":"https:\/\/api.w.org\/{rel}","templated":true}]}}