{"id":1056421,"date":"2020-02-01T21:36:49","date_gmt":"2020-02-01T21:36:49","guid":{"rendered":"https:\/\/www.eldigitaldeasturias.com\/noticias\/?p=1056421"},"modified":"2020-02-01T21:36:49","modified_gmt":"2020-02-01T21:36:49","slug":"joachim-low-el-artifice-del-nuevo-futbol-aleman-cumple-60-anos","status":"publish","type":"post","link":"https:\/\/www.eldigitaldeasturias.com\/noticias\/joachim-low-el-artifice-del-nuevo-futbol-aleman-cumple-60-anos\/","title":{"rendered":"Joachim L\u00f6w, el art\u00edfice del nuevo f\u00fatbol alem\u00e1n cumple 60 a\u00f1os"},"content":{"rendered":"<figure id=\"attachment_1056422\" aria-describedby=\"caption-attachment-1056422\" style=\"width: 360px\" class=\"wp-caption alignleft\"><img loading=\"lazy\" decoding=\"async\" class=\"size-medium wp-image-1056422\" src=\"https:\/\/www.eldigitaldeasturias.com\/noticias\/wp-content\/uploads\/2020\/02\/Joachim-Low-dpa-360x248.jpg\" alt=\"\" width=\"360\" height=\"248\" srcset=\"https:\/\/www.eldigitaldeasturias.com\/noticias\/wp-content\/uploads\/2020\/02\/Joachim-Low-dpa-360x248.jpg 360w, https:\/\/www.eldigitaldeasturias.com\/noticias\/wp-content\/uploads\/2020\/02\/Joachim-Low-dpa-690x475.jpg 690w, https:\/\/www.eldigitaldeasturias.com\/noticias\/wp-content\/uploads\/2020\/02\/Joachim-Low-dpa-436x300.jpg 436w, https:\/\/www.eldigitaldeasturias.com\/noticias\/wp-content\/uploads\/2020\/02\/Joachim-Low-dpa-768x528.jpg 768w, https:\/\/www.eldigitaldeasturias.com\/noticias\/wp-content\/uploads\/2020\/02\/Joachim-Low-dpa.jpg 962w\" sizes=\"auto, (max-width: 360px) 100vw, 360px\" \/><figcaption id=\"caption-attachment-1056422\" class=\"wp-caption-text\">Foto: Jan Woitas\/dpa-Zentralbild\/dpa<\/figcaption><\/figure>\n<p>M\u00fanich, 1 feb (dpa) \u2013 El seleccionador alem\u00e1n de f\u00fatbol, Joachim L\u00f6w, debe tener algo de v\u00e9rtigo al contar los a\u00f1os que cumplir\u00e1 el lunes, ya que alcanza la cifra redonda de 60, y se debe sentir diferente a cuando cumpli\u00f3 cincuenta o cuarenta.<\/p>\n<p>\u00abUno tiene un poco de respeto por la edad y los n\u00fameros\u00bb, confiesa L\u00f6w, nacido el 3 de febrero de 1960 en Sch\u00f6nau, en la Selva Negra, en el suroeste de Alemania.<\/p>\n<p>Sin embargo, L\u00f6w a\u00fan no piensa en la jubilaci\u00f3n. Encontr\u00f3 su vocaci\u00f3n como seleccionador nacional en 2006, a\u00f1o desde el que ejerce el cargo, por lo que lleva un cuarto de su vida en \u00e9l.<\/p>\n<p>Ninguno de los jugadores internacionales alemanes actuales conoce a otro seleccionador que no sea L\u00f6w, ni siquiera un veterano como el capit\u00e1n Manuel Neuer, que est\u00e1 bajo los palos del equipo desde 2009.<\/p>\n<p>\u00abEst\u00e1 en el equipo desde hace ya mucho tiempo. Pero siempre est\u00e1 al d\u00eda\u00bb, dijo Neuer sobre su jefe. El portero del Bayern M\u00fanich pas\u00f3 por todo tipo de momentos con L\u00f6w, desde ganar el Mundial de 2014 en Brasil hasta la eliminaci\u00f3n en la fase de grupos cuatro a\u00f1os m\u00e1s tarde en el Mundial de Rusia.<\/p>\n<p>L\u00f6w ya suma 181 partidos internacionales. Ninguno de sus predecesores lleg\u00f3 a semejante n\u00famero de partidos como entrenador de la selecci\u00f3n alemana.<\/p>\n<p>El cargo ya no es una profesi\u00f3n para L\u00f6w, es una vocaci\u00f3n, el trabajo so\u00f1ado. \u00abComo entrenador, lo logr\u00f3 todo\u00bb, dice Hansi Flick sobre \u00e9l. El actual entrenador del Bayern M\u00fanich fue su ayudante durante ocho a\u00f1os. Se hicieron amigos y a\u00fan mantienen la amistad.<\/p>\n<p>Como jugador, L\u00f6w no pudo ir m\u00e1s all\u00e1 de la selecci\u00f3n internacional juvenil, pero se ve a s\u00ed mismo como un profesor de f\u00fatbol, como un desarrollador.<\/p>\n<p>Actualmente la selecci\u00f3n alemana se encuentra en una fase agitada debido a que se enfrenta a una situaci\u00f3n muy abierta. La Eurocopa se disputa en verano (boreal) y Alemania tendr\u00e1 ante s\u00ed dif\u00edciles partidos en la fase de grupos contra los actuales campeones del mundo y de Europa, Francia y Portugal, respectivamente.<\/p>\n<p>El resultado que obtenga en la cita continental tambi\u00e9n decidir\u00e1 su futuro. Tendr\u00e1 que convencer a muchos aficionados de que a sus 61 a\u00f1os no es un modelo descatalogado.<\/p>\n<p>El capit\u00e1n Neuer dijo una bonita frase sobre Joachim L\u00f6w: \u00abEs una personalidad totalmente estable\u00bb. Creci\u00f3 en el cargo, pero se mantuvo emp\u00e1tico y predecible, y hubo pocos cambios en su equipo t\u00e9cnico m\u00e1s cercano.<\/p>\n<p>L\u00f6w no se coloca en el foco de atenci\u00f3n, y aunque el f\u00fatbol domina su vida, el puesto de seleccionador nacional le proporciona tiempo libre.<\/p>\n<p>La ascensi\u00f3n en 2003 al Kilimanjaro, la monta\u00f1a m\u00e1s alta de \u00c1frica con 5.895 metros, fue una experiencia extrema e inspiradora para L\u00f6w. Seg\u00fan \u00e9l, le mostr\u00f3 \u00abque hay que avanzar siempre, que puedes volver a dar un paso adelante, aunque creas que ya no lo puedes dar\u00bb.<\/p>\n<p><i class=\"lang-es\"><span class=\" readonly\" title=\"\">Por Klaus Bergmann (dpa)<\/span><\/i><\/p>\n<p>&nbsp;<\/p>\n<p>&nbsp;<\/p>\n<p>&nbsp;<\/p>\n","protected":false},"excerpt":{"rendered":"<p>M\u00fanich, 1 feb (dpa) \u2013 El seleccionador alem\u00e1n de f\u00fatbol, Joachim L\u00f6w, debe tener algo de v\u00e9rtigo al contar los a\u00f1os que cumplir\u00e1 el lunes, ya que alcanza la cifra redonda de 60, y se debe sentir diferente a cuando cumpli\u00f3 cincuenta o cuarenta. \u00abUno tiene un poco de respeto por la edad y los [&hellip;]<\/p>\n","protected":false},"author":1,"featured_media":1056422,"comment_status":"closed","ping_status":"closed","sticky":false,"template":"","format":"standard","meta":{"footnotes":""},"categories":[190],"tags":[],"class_list":["post-1056421","post","type-post","status-publish","format-standard","has-post-thumbnail","hentry","category-deportes"],"aioseo_notices":[],"aioseo_head":"\n\t\t<!-- All in One SEO Pro 4.9.6.2 - aioseo.com -->\n\t<meta name=\"description\" content=\"M\u00fanich, 1 feb (dpa) \u2013 El seleccionador alem\u00e1n de f\u00fatbol, Joachim L\u00f6w, debe tener algo de v\u00e9rtigo al contar los a\u00f1os que cumplir\u00e1 el lunes, ya que alcanza la cifra redonda de 60, y se debe sentir diferente a cuando cumpli\u00f3 cincuenta o cuarenta. &quot;Uno tiene un poco de respeto por la edad y los\" \/>\n\t<meta name=\"robots\" content=\"max-image-preview:large\" \/>\n\t<meta name=\"author\" content=\"El Digital de Asturias\"\/>\n\t<meta name=\"google-site-verification\" content=\"UA-38556648-1\" \/>\n\t<meta name=\"msvalidate.01\" content=\"7dfe9f3f1b24437ab69f4f2559babe99\" \/>\n\t<meta name=\"keywords\" content=\"deportes\" \/>\n\t<link rel=\"canonical\" href=\"https:\/\/www.eldigitaldeasturias.com\/noticias\/joachim-low-el-artifice-del-nuevo-futbol-aleman-cumple-60-anos\/\" \/>\n\t<meta name=\"generator\" content=\"All in One SEO Pro (AIOSEO) 4.9.6.2\" \/>\n\t\t<meta property=\"og:locale\" content=\"es_ES\" \/>\n\t\t<meta property=\"og:site_name\" content=\"El Digital de Asturias\" \/>\n\t\t<meta property=\"og:type\" content=\"article\" \/>\n\t\t<meta property=\"og:title\" content=\"Joachim L\u00f6w, el art\u00edfice del nuevo f\u00fatbol alem\u00e1n cumple 60 a\u00f1os - El Digital de Asturias\" \/>\n\t\t<meta property=\"og:description\" content=\"M\u00fanich, 1 feb (dpa) \u2013 El seleccionador alem\u00e1n de f\u00fatbol, Joachim L\u00f6w, debe tener algo de v\u00e9rtigo al contar los a\u00f1os que cumplir\u00e1 el lunes, ya que alcanza la cifra redonda de 60, y se debe sentir diferente a cuando cumpli\u00f3 cincuenta o cuarenta. &quot;Uno tiene un poco de respeto por la edad y los\" \/>\n\t\t<meta property=\"og:url\" content=\"https:\/\/www.eldigitaldeasturias.com\/noticias\/joachim-low-el-artifice-del-nuevo-futbol-aleman-cumple-60-anos\/\" \/>\n\t\t<meta property=\"og:image\" content=\"https:\/\/www.eldigitaldeasturias.com\/noticias\/wp-content\/uploads\/2020\/02\/Joachim-Low-dpa.jpg\" \/>\n\t\t<meta property=\"og:image:secure_url\" content=\"https:\/\/www.eldigitaldeasturias.com\/noticias\/wp-content\/uploads\/2020\/02\/Joachim-Low-dpa.jpg\" \/>\n\t\t<meta property=\"og:image:width\" content=\"962\" \/>\n\t\t<meta property=\"og:image:height\" content=\"662\" \/>\n\t\t<meta property=\"article:tag\" content=\"deportes\" \/>\n\t\t<meta property=\"article:published_time\" content=\"2020-02-01T21:36:49+00:00\" \/>\n\t\t<meta property=\"article:modified_time\" content=\"2020-02-01T21:36:49+00:00\" \/>\n\t\t<meta property=\"article:publisher\" content=\"https:\/\/facebook.com\/eldigitaldeasturias\" \/>\n\t\t<meta name=\"twitter:card\" content=\"summary_large_image\" \/>\n\t\t<meta name=\"twitter:title\" content=\"Joachim L\u00f6w, el art\u00edfice del nuevo f\u00fatbol alem\u00e1n cumple 60 a\u00f1os - El Digital de Asturias\" \/>\n\t\t<meta name=\"twitter:description\" content=\"M\u00fanich, 1 feb (dpa) \u2013 El seleccionador alem\u00e1n de f\u00fatbol, Joachim L\u00f6w, debe tener algo de v\u00e9rtigo al contar los a\u00f1os que cumplir\u00e1 el lunes, ya que alcanza la cifra redonda de 60, y se debe sentir diferente a cuando cumpli\u00f3 cincuenta o cuarenta. &quot;Uno tiene un poco de respeto por la edad y los\" \/>\n\t\t<meta name=\"twitter:image\" content=\"https:\/\/www.eldigitaldeasturias.com\/noticias\/wp-content\/uploads\/2020\/02\/Joachim-Low-dpa.jpg\" \/>\n\t\t<meta name=\"twitter:label1\" content=\"Escrito por\" \/>\n\t\t<meta name=\"twitter:data1\" content=\"El Digital de Asturias\" \/>\n\t\t<meta name=\"twitter:label2\" content=\"Tiempo de lectura estimado\" \/>\n\t\t<meta name=\"twitter:data2\" content=\"3 minutos\" \/>\n\t\t<script type=\"application\/ld+json\" class=\"aioseo-schema\">\n\t\t\t{\"@context\":\"https:\\\/\\\/schema.org\",\"@graph\":[{\"@type\":\"BlogPosting\",\"@id\":\"https:\\\/\\\/www.eldigitaldeasturias.com\\\/noticias\\\/joachim-low-el-artifice-del-nuevo-futbol-aleman-cumple-60-anos\\\/#blogposting\",\"name\":\"Joachim L\\u00f6w, el art\\u00edfice del nuevo f\\u00fatbol alem\\u00e1n cumple 60 a\\u00f1os - El Digital de Asturias\",\"headline\":\"Joachim L\\u00f6w, el art\\u00edfice del nuevo f\\u00fatbol alem\\u00e1n cumple 60 a\\u00f1os\",\"author\":{\"@id\":\"https:\\\/\\\/www.eldigitaldeasturias.com\\\/noticias\\\/author\\\/admin\\\/#author\"},\"publisher\":{\"@id\":\"https:\\\/\\\/www.eldigitaldeasturias.com\\\/noticias\\\/#organization\"},\"image\":{\"@type\":\"ImageObject\",\"url\":\"https:\\\/\\\/www.eldigitaldeasturias.com\\\/noticias\\\/wp-content\\\/uploads\\\/2020\\\/02\\\/Joachim-Low-dpa.jpg\",\"width\":962,\"height\":662,\"caption\":\"Foto: Jan Woitas\\\/dpa-Zentralbild\\\/dpa\"},\"datePublished\":\"2020-02-01T21:36:49+01:00\",\"dateModified\":\"2020-02-01T21:36:49+01:00\",\"inLanguage\":\"es-ES\",\"mainEntityOfPage\":{\"@id\":\"https:\\\/\\\/www.eldigitaldeasturias.com\\\/noticias\\\/joachim-low-el-artifice-del-nuevo-futbol-aleman-cumple-60-anos\\\/#webpage\"},\"isPartOf\":{\"@id\":\"https:\\\/\\\/www.eldigitaldeasturias.com\\\/noticias\\\/joachim-low-el-artifice-del-nuevo-futbol-aleman-cumple-60-anos\\\/#webpage\"},\"articleSection\":\"Deportes\"},{\"@type\":\"BreadcrumbList\",\"@id\":\"https:\\\/\\\/www.eldigitaldeasturias.com\\\/noticias\\\/joachim-low-el-artifice-del-nuevo-futbol-aleman-cumple-60-anos\\\/#breadcrumblist\",\"itemListElement\":[{\"@type\":\"ListItem\",\"@id\":\"https:\\\/\\\/www.eldigitaldeasturias.com\\\/noticias#listItem\",\"position\":1,\"name\":\"Home\",\"item\":\"https:\\\/\\\/www.eldigitaldeasturias.com\\\/noticias\",\"nextItem\":{\"@type\":\"ListItem\",\"@id\":\"https:\\\/\\\/www.eldigitaldeasturias.com\\\/noticias\\\/category\\\/deportes\\\/#listItem\",\"name\":\"Deportes\"}},{\"@type\":\"ListItem\",\"@id\":\"https:\\\/\\\/www.eldigitaldeasturias.com\\\/noticias\\\/category\\\/deportes\\\/#listItem\",\"position\":2,\"name\":\"Deportes\",\"item\":\"https:\\\/\\\/www.eldigitaldeasturias.com\\\/noticias\\\/category\\\/deportes\\\/\",\"nextItem\":{\"@type\":\"ListItem\",\"@id\":\"https:\\\/\\\/www.eldigitaldeasturias.com\\\/noticias\\\/joachim-low-el-artifice-del-nuevo-futbol-aleman-cumple-60-anos\\\/#listItem\",\"name\":\"Joachim L\\u00f6w, el art\\u00edfice del nuevo f\\u00fatbol alem\\u00e1n cumple 60 a\\u00f1os\"},\"previousItem\":{\"@type\":\"ListItem\",\"@id\":\"https:\\\/\\\/www.eldigitaldeasturias.com\\\/noticias#listItem\",\"name\":\"Home\"}},{\"@type\":\"ListItem\",\"@id\":\"https:\\\/\\\/www.eldigitaldeasturias.com\\\/noticias\\\/joachim-low-el-artifice-del-nuevo-futbol-aleman-cumple-60-anos\\\/#listItem\",\"position\":3,\"name\":\"Joachim L\\u00f6w, el art\\u00edfice del nuevo f\\u00fatbol alem\\u00e1n cumple 60 a\\u00f1os\",\"previousItem\":{\"@type\":\"ListItem\",\"@id\":\"https:\\\/\\\/www.eldigitaldeasturias.com\\\/noticias\\\/category\\\/deportes\\\/#listItem\",\"name\":\"Deportes\"}}]},{\"@type\":\"Organization\",\"@id\":\"https:\\\/\\\/www.eldigitaldeasturias.com\\\/noticias\\\/#organization\",\"name\":\"El Digital de Asturias\",\"description\":\"Hemeroteca\",\"url\":\"https:\\\/\\\/www.eldigitaldeasturias.com\\\/noticias\\\/\",\"email\":\"info@eldigitaldeasturias.com\",\"telephone\":\"+34652131393\",\"logo\":{\"@type\":\"ImageObject\",\"url\":\"https:\\\/\\\/www.eldigitaldeasturias.com\\\/noticias\\\/wp-content\\\/uploads\\\/2020\\\/12\\\/EDA.jpg\",\"@id\":\"https:\\\/\\\/www.eldigitaldeasturias.com\\\/noticias\\\/joachim-low-el-artifice-del-nuevo-futbol-aleman-cumple-60-anos\\\/#organizationLogo\",\"width\":649,\"height\":297},\"image\":{\"@id\":\"https:\\\/\\\/www.eldigitaldeasturias.com\\\/noticias\\\/joachim-low-el-artifice-del-nuevo-futbol-aleman-cumple-60-anos\\\/#organizationLogo\"},\"sameAs\":[\"https:\\\/\\\/facebook.com\\\/eldigitaldeasturias\",\"https:\\\/\\\/www.youtube.com\\\/channel\\\/UCZP-2wLEB9Rv6erhFmqVnvg\"],\"address\":{\"@id\":\"https:\\\/\\\/www.eldigitaldeasturias.com\\\/noticias\\\/#postaladdress\",\"@type\":\"PostalAddress\",\"streetAddress\":\"san antonio 4,\",\"postalCode\":\"33430\",\"addressLocality\":\"Cand\\u00e1s\",\"addressRegion\":\"Asturias\",\"addressCountry\":\"ES\"}},{\"@type\":\"Person\",\"@id\":\"https:\\\/\\\/www.eldigitaldeasturias.com\\\/noticias\\\/author\\\/admin\\\/#author\",\"url\":\"https:\\\/\\\/www.eldigitaldeasturias.com\\\/noticias\\\/author\\\/admin\\\/\",\"name\":\"El Digital de Asturias\",\"image\":{\"@type\":\"ImageObject\",\"@id\":\"https:\\\/\\\/www.eldigitaldeasturias.com\\\/noticias\\\/joachim-low-el-artifice-del-nuevo-futbol-aleman-cumple-60-anos\\\/#authorImage\",\"url\":\"https:\\\/\\\/www.eldigitaldeasturias.com\\\/noticias\\\/wp-content\\\/litespeed\\\/avatar\\\/18677e78aa0546b92d9dbf31ec7d7668.jpg?ver=1777290358\",\"width\":96,\"height\":96,\"caption\":\"El Digital de Asturias\"}},{\"@type\":\"WebPage\",\"@id\":\"https:\\\/\\\/www.eldigitaldeasturias.com\\\/noticias\\\/joachim-low-el-artifice-del-nuevo-futbol-aleman-cumple-60-anos\\\/#webpage\",\"url\":\"https:\\\/\\\/www.eldigitaldeasturias.com\\\/noticias\\\/joachim-low-el-artifice-del-nuevo-futbol-aleman-cumple-60-anos\\\/\",\"name\":\"Joachim L\\u00f6w, el art\\u00edfice del nuevo f\\u00fatbol alem\\u00e1n cumple 60 a\\u00f1os - El Digital de Asturias\",\"description\":\"M\\u00fanich, 1 feb (dpa) \\u2013 El seleccionador alem\\u00e1n de f\\u00fatbol, Joachim L\\u00f6w, debe tener algo de v\\u00e9rtigo al contar los a\\u00f1os que cumplir\\u00e1 el lunes, ya que alcanza la cifra redonda de 60, y se debe sentir diferente a cuando cumpli\\u00f3 cincuenta o cuarenta. \\\"Uno tiene un poco de respeto por la edad y los\",\"inLanguage\":\"es-ES\",\"isPartOf\":{\"@id\":\"https:\\\/\\\/www.eldigitaldeasturias.com\\\/noticias\\\/#website\"},\"breadcrumb\":{\"@id\":\"https:\\\/\\\/www.eldigitaldeasturias.com\\\/noticias\\\/joachim-low-el-artifice-del-nuevo-futbol-aleman-cumple-60-anos\\\/#breadcrumblist\"},\"author\":{\"@id\":\"https:\\\/\\\/www.eldigitaldeasturias.com\\\/noticias\\\/author\\\/admin\\\/#author\"},\"creator\":{\"@id\":\"https:\\\/\\\/www.eldigitaldeasturias.com\\\/noticias\\\/author\\\/admin\\\/#author\"},\"image\":{\"@type\":\"ImageObject\",\"url\":\"https:\\\/\\\/www.eldigitaldeasturias.com\\\/noticias\\\/wp-content\\\/uploads\\\/2020\\\/02\\\/Joachim-Low-dpa.jpg\",\"@id\":\"https:\\\/\\\/www.eldigitaldeasturias.com\\\/noticias\\\/joachim-low-el-artifice-del-nuevo-futbol-aleman-cumple-60-anos\\\/#mainImage\",\"width\":962,\"height\":662,\"caption\":\"Foto: Jan Woitas\\\/dpa-Zentralbild\\\/dpa\"},\"primaryImageOfPage\":{\"@id\":\"https:\\\/\\\/www.eldigitaldeasturias.com\\\/noticias\\\/joachim-low-el-artifice-del-nuevo-futbol-aleman-cumple-60-anos\\\/#mainImage\"},\"datePublished\":\"2020-02-01T21:36:49+01:00\",\"dateModified\":\"2020-02-01T21:36:49+01:00\"},{\"@type\":\"WebSite\",\"@id\":\"https:\\\/\\\/www.eldigitaldeasturias.com\\\/noticias\\\/#website\",\"url\":\"https:\\\/\\\/www.eldigitaldeasturias.com\\\/noticias\\\/\",\"name\":\"El Digital de Asturias - Diario de actualidad y noticias\",\"alternateName\":\"El Digital de Asturias - Diario de actualidad y noticias\",\"description\":\"Hemeroteca\",\"inLanguage\":\"es-ES\",\"publisher\":{\"@id\":\"https:\\\/\\\/www.eldigitaldeasturias.com\\\/noticias\\\/#organization\"}}]}\n\t\t<\/script>\n\t\t<!-- All in One SEO Pro -->\r\n\t\t<title>Joachim L\u00f6w, el art\u00edfice del nuevo f\u00fatbol alem\u00e1n cumple 60 a\u00f1os - El Digital de Asturias<\/title>\n\n","aioseo_head_json":{"title":"Joachim L\u00f6w, el art\u00edfice del nuevo f\u00fatbol alem\u00e1n cumple 60 a\u00f1os - El Digital de Asturias","description":"M\u00fanich, 1 feb (dpa) \u2013 El seleccionador alem\u00e1n de f\u00fatbol, Joachim L\u00f6w, debe tener algo de v\u00e9rtigo al contar los a\u00f1os que cumplir\u00e1 el lunes, ya que alcanza la cifra redonda de 60, y se debe sentir diferente a cuando cumpli\u00f3 cincuenta o cuarenta. \"Uno tiene un poco de respeto por la edad y los","canonical_url":"https:\/\/www.eldigitaldeasturias.com\/noticias\/joachim-low-el-artifice-del-nuevo-futbol-aleman-cumple-60-anos\/","robots":"max-image-preview:large","keywords":"deportes","webmasterTools":{"google-site-verification":"UA-38556648-1","msvalidate.01":"7dfe9f3f1b24437ab69f4f2559babe99","miscellaneous":""},"schema":{"@context":"https:\/\/schema.org","@graph":[{"@type":"BlogPosting","@id":"https:\/\/www.eldigitaldeasturias.com\/noticias\/joachim-low-el-artifice-del-nuevo-futbol-aleman-cumple-60-anos\/#blogposting","name":"Joachim L\u00f6w, el art\u00edfice del nuevo f\u00fatbol alem\u00e1n cumple 60 a\u00f1os - El Digital de Asturias","headline":"Joachim L\u00f6w, el art\u00edfice del nuevo f\u00fatbol alem\u00e1n cumple 60 a\u00f1os","author":{"@id":"https:\/\/www.eldigitaldeasturias.com\/noticias\/author\/admin\/#author"},"publisher":{"@id":"https:\/\/www.eldigitaldeasturias.com\/noticias\/#organization"},"image":{"@type":"ImageObject","url":"https:\/\/www.eldigitaldeasturias.com\/noticias\/wp-content\/uploads\/2020\/02\/Joachim-Low-dpa.jpg","width":962,"height":662,"caption":"Foto: Jan Woitas\/dpa-Zentralbild\/dpa"},"datePublished":"2020-02-01T21:36:49+01:00","dateModified":"2020-02-01T21:36:49+01:00","inLanguage":"es-ES","mainEntityOfPage":{"@id":"https:\/\/www.eldigitaldeasturias.com\/noticias\/joachim-low-el-artifice-del-nuevo-futbol-aleman-cumple-60-anos\/#webpage"},"isPartOf":{"@id":"https:\/\/www.eldigitaldeasturias.com\/noticias\/joachim-low-el-artifice-del-nuevo-futbol-aleman-cumple-60-anos\/#webpage"},"articleSection":"Deportes"},{"@type":"BreadcrumbList","@id":"https:\/\/www.eldigitaldeasturias.com\/noticias\/joachim-low-el-artifice-del-nuevo-futbol-aleman-cumple-60-anos\/#breadcrumblist","itemListElement":[{"@type":"ListItem","@id":"https:\/\/www.eldigitaldeasturias.com\/noticias#listItem","position":1,"name":"Home","item":"https:\/\/www.eldigitaldeasturias.com\/noticias","nextItem":{"@type":"ListItem","@id":"https:\/\/www.eldigitaldeasturias.com\/noticias\/category\/deportes\/#listItem","name":"Deportes"}},{"@type":"ListItem","@id":"https:\/\/www.eldigitaldeasturias.com\/noticias\/category\/deportes\/#listItem","position":2,"name":"Deportes","item":"https:\/\/www.eldigitaldeasturias.com\/noticias\/category\/deportes\/","nextItem":{"@type":"ListItem","@id":"https:\/\/www.eldigitaldeasturias.com\/noticias\/joachim-low-el-artifice-del-nuevo-futbol-aleman-cumple-60-anos\/#listItem","name":"Joachim L\u00f6w, el art\u00edfice del nuevo f\u00fatbol alem\u00e1n cumple 60 a\u00f1os"},"previousItem":{"@type":"ListItem","@id":"https:\/\/www.eldigitaldeasturias.com\/noticias#listItem","name":"Home"}},{"@type":"ListItem","@id":"https:\/\/www.eldigitaldeasturias.com\/noticias\/joachim-low-el-artifice-del-nuevo-futbol-aleman-cumple-60-anos\/#listItem","position":3,"name":"Joachim L\u00f6w, el art\u00edfice del nuevo f\u00fatbol alem\u00e1n cumple 60 a\u00f1os","previousItem":{"@type":"ListItem","@id":"https:\/\/www.eldigitaldeasturias.com\/noticias\/category\/deportes\/#listItem","name":"Deportes"}}]},{"@type":"Organization","@id":"https:\/\/www.eldigitaldeasturias.com\/noticias\/#organization","name":"El Digital de Asturias","description":"Hemeroteca","url":"https:\/\/www.eldigitaldeasturias.com\/noticias\/","email":"info@eldigitaldeasturias.com","telephone":"+34652131393","logo":{"@type":"ImageObject","url":"https:\/\/www.eldigitaldeasturias.com\/noticias\/wp-content\/uploads\/2020\/12\/EDA.jpg","@id":"https:\/\/www.eldigitaldeasturias.com\/noticias\/joachim-low-el-artifice-del-nuevo-futbol-aleman-cumple-60-anos\/#organizationLogo","width":649,"height":297},"image":{"@id":"https:\/\/www.eldigitaldeasturias.com\/noticias\/joachim-low-el-artifice-del-nuevo-futbol-aleman-cumple-60-anos\/#organizationLogo"},"sameAs":["https:\/\/facebook.com\/eldigitaldeasturias","https:\/\/www.youtube.com\/channel\/UCZP-2wLEB9Rv6erhFmqVnvg"],"address":{"@id":"https:\/\/www.eldigitaldeasturias.com\/noticias\/#postaladdress","@type":"PostalAddress","streetAddress":"san antonio 4,","postalCode":"33430","addressLocality":"Cand\u00e1s","addressRegion":"Asturias","addressCountry":"ES"}},{"@type":"Person","@id":"https:\/\/www.eldigitaldeasturias.com\/noticias\/author\/admin\/#author","url":"https:\/\/www.eldigitaldeasturias.com\/noticias\/author\/admin\/","name":"El Digital de Asturias","image":{"@type":"ImageObject","@id":"https:\/\/www.eldigitaldeasturias.com\/noticias\/joachim-low-el-artifice-del-nuevo-futbol-aleman-cumple-60-anos\/#authorImage","url":"https:\/\/www.eldigitaldeasturias.com\/noticias\/wp-content\/litespeed\/avatar\/18677e78aa0546b92d9dbf31ec7d7668.jpg?ver=1777290358","width":96,"height":96,"caption":"El Digital de Asturias"}},{"@type":"WebPage","@id":"https:\/\/www.eldigitaldeasturias.com\/noticias\/joachim-low-el-artifice-del-nuevo-futbol-aleman-cumple-60-anos\/#webpage","url":"https:\/\/www.eldigitaldeasturias.com\/noticias\/joachim-low-el-artifice-del-nuevo-futbol-aleman-cumple-60-anos\/","name":"Joachim L\u00f6w, el art\u00edfice del nuevo f\u00fatbol alem\u00e1n cumple 60 a\u00f1os - El Digital de Asturias","description":"M\u00fanich, 1 feb (dpa) \u2013 El seleccionador alem\u00e1n de f\u00fatbol, Joachim L\u00f6w, debe tener algo de v\u00e9rtigo al contar los a\u00f1os que cumplir\u00e1 el lunes, ya que alcanza la cifra redonda de 60, y se debe sentir diferente a cuando cumpli\u00f3 cincuenta o cuarenta. \"Uno tiene un poco de respeto por la edad y los","inLanguage":"es-ES","isPartOf":{"@id":"https:\/\/www.eldigitaldeasturias.com\/noticias\/#website"},"breadcrumb":{"@id":"https:\/\/www.eldigitaldeasturias.com\/noticias\/joachim-low-el-artifice-del-nuevo-futbol-aleman-cumple-60-anos\/#breadcrumblist"},"author":{"@id":"https:\/\/www.eldigitaldeasturias.com\/noticias\/author\/admin\/#author"},"creator":{"@id":"https:\/\/www.eldigitaldeasturias.com\/noticias\/author\/admin\/#author"},"image":{"@type":"ImageObject","url":"https:\/\/www.eldigitaldeasturias.com\/noticias\/wp-content\/uploads\/2020\/02\/Joachim-Low-dpa.jpg","@id":"https:\/\/www.eldigitaldeasturias.com\/noticias\/joachim-low-el-artifice-del-nuevo-futbol-aleman-cumple-60-anos\/#mainImage","width":962,"height":662,"caption":"Foto: Jan Woitas\/dpa-Zentralbild\/dpa"},"primaryImageOfPage":{"@id":"https:\/\/www.eldigitaldeasturias.com\/noticias\/joachim-low-el-artifice-del-nuevo-futbol-aleman-cumple-60-anos\/#mainImage"},"datePublished":"2020-02-01T21:36:49+01:00","dateModified":"2020-02-01T21:36:49+01:00"},{"@type":"WebSite","@id":"https:\/\/www.eldigitaldeasturias.com\/noticias\/#website","url":"https:\/\/www.eldigitaldeasturias.com\/noticias\/","name":"El Digital de Asturias - Diario de actualidad y noticias","alternateName":"El Digital de Asturias - Diario de actualidad y noticias","description":"Hemeroteca","inLanguage":"es-ES","publisher":{"@id":"https:\/\/www.eldigitaldeasturias.com\/noticias\/#organization"}}]},"og:locale":"es_ES","og:site_name":"El Digital de Asturias","og:type":"article","og:title":"Joachim L\u00f6w, el art\u00edfice del nuevo f\u00fatbol alem\u00e1n cumple 60 a\u00f1os - El Digital de Asturias","og:description":"M\u00fanich, 1 feb (dpa) \u2013 El seleccionador alem\u00e1n de f\u00fatbol, Joachim L\u00f6w, debe tener algo de v\u00e9rtigo al contar los a\u00f1os que cumplir\u00e1 el lunes, ya que alcanza la cifra redonda de 60, y se debe sentir diferente a cuando cumpli\u00f3 cincuenta o cuarenta. &quot;Uno tiene un poco de respeto por la edad y los","og:url":"https:\/\/www.eldigitaldeasturias.com\/noticias\/joachim-low-el-artifice-del-nuevo-futbol-aleman-cumple-60-anos\/","og:image":"https:\/\/www.eldigitaldeasturias.com\/noticias\/wp-content\/uploads\/2020\/02\/Joachim-Low-dpa.jpg","og:image:secure_url":"https:\/\/www.eldigitaldeasturias.com\/noticias\/wp-content\/uploads\/2020\/02\/Joachim-Low-dpa.jpg","og:image:width":962,"og:image:height":662,"article:tag":["deportes"],"article:published_time":"2020-02-01T21:36:49+00:00","article:modified_time":"2020-02-01T21:36:49+00:00","article:publisher":"https:\/\/facebook.com\/eldigitaldeasturias","twitter:card":"summary_large_image","twitter:title":"Joachim L\u00f6w, el art\u00edfice del nuevo f\u00fatbol alem\u00e1n cumple 60 a\u00f1os - El Digital de Asturias","twitter:description":"M\u00fanich, 1 feb (dpa) \u2013 El seleccionador alem\u00e1n de f\u00fatbol, Joachim L\u00f6w, debe tener algo de v\u00e9rtigo al contar los a\u00f1os que cumplir\u00e1 el lunes, ya que alcanza la cifra redonda de 60, y se debe sentir diferente a cuando cumpli\u00f3 cincuenta o cuarenta. &quot;Uno tiene un poco de respeto por la edad y los","twitter:image":"https:\/\/www.eldigitaldeasturias.com\/noticias\/wp-content\/uploads\/2020\/02\/Joachim-Low-dpa.jpg","twitter:label1":"Escrito por","twitter:data1":"El Digital de Asturias","twitter:label2":"Tiempo de lectura estimado","twitter:data2":"3 minutos"},"aioseo_meta_data":{"post_id":"1056421","title":null,"description":null,"keywords":null,"keyphrases":null,"primary_term":null,"canonical_url":null,"og_title":null,"og_description":null,"og_object_type":"default","og_image_type":"default","og_image_url":null,"og_image_width":null,"og_image_height":null,"og_image_custom_url":null,"og_image_custom_fields":null,"og_video":null,"og_custom_url":null,"og_article_section":null,"og_article_tags":null,"twitter_use_og":false,"twitter_card":"default","twitter_image_type":"default","twitter_image_url":null,"twitter_image_custom_url":null,"twitter_image_custom_fields":null,"twitter_title":null,"twitter_description":null,"schema":{"blockGraphs":[],"customGraphs":[],"default":{"data":{"Article":[],"Course":[],"Dataset":[],"FAQPage":[],"Movie":[],"Person":[],"Product":[],"ProductReview":[],"Car":[],"Recipe":[],"Service":[],"SoftwareApplication":[],"WebPage":[]},"graphName":"","isEnabled":true},"graphs":[],"defaultGraph":"","defaultPostTypeGraph":""},"schema_type":null,"schema_type_options":null,"pillar_content":false,"robots_default":true,"robots_noindex":false,"robots_noarchive":false,"robots_nosnippet":false,"robots_nofollow":false,"robots_noimageindex":false,"robots_noodp":false,"robots_notranslate":false,"robots_max_snippet":null,"robots_max_videopreview":null,"robots_max_imagepreview":"large","priority":null,"frequency":null,"local_seo":null,"seo_analyzer_scan_date":"2025-10-30 22:21:09","breadcrumb_settings":null,"limit_modified_date":false,"open_ai":null,"ai":null,"created":"2020-12-21 10:55:56","updated":"2025-10-30 22:21:09"},"aioseo_breadcrumb":"<div class=\"aioseo-breadcrumbs\"><span class=\"aioseo-breadcrumb\">\n\t<a href=\"https:\/\/www.eldigitaldeasturias.com\/noticias\" title=\"Home\">Home<\/a>\n<\/span><span class=\"aioseo-breadcrumb-separator\">\u2013<\/span><span class=\"aioseo-breadcrumb\">\n\t<a href=\"https:\/\/www.eldigitaldeasturias.com\/noticias\/category\/deportes\/\" title=\"Deportes\">Deportes<\/a>\n<\/span><span class=\"aioseo-breadcrumb-separator\">\u2013<\/span><span class=\"aioseo-breadcrumb\">\n\t<a href=\"https:\/\/www.eldigitaldeasturias.com\/noticias\/joachim-low-el-artifice-del-nuevo-futbol-aleman-cumple-60-anos\/\" title=\"Joachim L\u00f6w, el art\u00edfice del nuevo f\u00fatbol alem\u00e1n cumple 60 a\u00f1os\">Joachim L\u00f6w, el art\u00edfice del nuevo f\u00fatbol alem\u00e1n cumple 60 a\u00f1os<\/a>\n<\/span><\/div>","aioseo_breadcrumb_json":[{"label":"Home","link":"https:\/\/www.eldigitaldeasturias.com\/noticias"},{"label":"Deportes","link":"https:\/\/www.eldigitaldeasturias.com\/noticias\/category\/deportes\/"},{"label":"Joachim L\u00f6w, el art\u00edfice del nuevo f\u00fatbol alem\u00e1n cumple 60 a\u00f1os","link":"https:\/\/www.eldigitaldeasturias.com\/noticias\/joachim-low-el-artifice-del-nuevo-futbol-aleman-cumple-60-anos\/"}],"_links":{"self":[{"href":"https:\/\/www.eldigitaldeasturias.com\/noticias\/wp-json\/wp\/v2\/posts\/1056421","targetHints":{"allow":["GET"]}}],"collection":[{"href":"https:\/\/www.eldigitaldeasturias.com\/noticias\/wp-json\/wp\/v2\/posts"}],"about":[{"href":"https:\/\/www.eldigitaldeasturias.com\/noticias\/wp-json\/wp\/v2\/types\/post"}],"author":[{"embeddable":true,"href":"https:\/\/www.eldigitaldeasturias.com\/noticias\/wp-json\/wp\/v2\/users\/1"}],"replies":[{"embeddable":true,"href":"https:\/\/www.eldigitaldeasturias.com\/noticias\/wp-json\/wp\/v2\/comments?post=1056421"}],"version-history":[{"count":0,"href":"https:\/\/www.eldigitaldeasturias.com\/noticias\/wp-json\/wp\/v2\/posts\/1056421\/revisions"}],"wp:featuredmedia":[{"embeddable":true,"href":"https:\/\/www.eldigitaldeasturias.com\/noticias\/wp-json\/wp\/v2\/media\/1056422"}],"wp:attachment":[{"href":"https:\/\/www.eldigitaldeasturias.com\/noticias\/wp-json\/wp\/v2\/media?parent=1056421"}],"wp:term":[{"taxonomy":"category","embeddable":true,"href":"https:\/\/www.eldigitaldeasturias.com\/noticias\/wp-json\/wp\/v2\/categories?post=1056421"},{"taxonomy":"post_tag","embeddable":true,"href":"https:\/\/www.eldigitaldeasturias.com\/noticias\/wp-json\/wp\/v2\/tags?post=1056421"}],"curies":[{"name":"wp","href":"https:\/\/api.w.org\/{rel}","templated":true}]}}