{"id":1056417,"date":"2020-02-01T21:13:36","date_gmt":"2020-02-01T21:13:36","guid":{"rendered":"https:\/\/www.eldigitaldeasturias.com\/noticias\/?p=1056417"},"modified":"2020-02-01T21:13:36","modified_gmt":"2020-02-01T21:13:36","slug":"vogts-critica-el-acoso-mediatico-a-los-jugadores","status":"publish","type":"post","link":"https:\/\/www.eldigitaldeasturias.com\/noticias\/vogts-critica-el-acoso-mediatico-a-los-jugadores\/","title":{"rendered":"Vogts critica el acoso medi\u00e1tico a los jugadores"},"content":{"rendered":"<p><img loading=\"lazy\" decoding=\"async\" class=\"alignleft size-medium wp-image-985209\" src=\"https:\/\/www.eldigitaldeasturias.com\/noticias\/wp-content\/uploads\/2018\/06\/football-1406106_960_720-360x241.jpg\" alt=\"\" width=\"360\" height=\"241\" srcset=\"https:\/\/www.eldigitaldeasturias.com\/noticias\/wp-content\/uploads\/2018\/06\/football-1406106_960_720-360x241.jpg 360w, https:\/\/www.eldigitaldeasturias.com\/noticias\/wp-content\/uploads\/2018\/06\/football-1406106_960_720-448x300.jpg 448w, https:\/\/www.eldigitaldeasturias.com\/noticias\/wp-content\/uploads\/2018\/06\/football-1406106_960_720-768x514.jpg 768w, https:\/\/www.eldigitaldeasturias.com\/noticias\/wp-content\/uploads\/2018\/06\/football-1406106_960_720-690x462.jpg 690w, https:\/\/www.eldigitaldeasturias.com\/noticias\/wp-content\/uploads\/2018\/06\/football-1406106_960_720-20x13.jpg 20w, https:\/\/www.eldigitaldeasturias.com\/noticias\/wp-content\/uploads\/2018\/06\/football-1406106_960_720.jpg 960w\" sizes=\"auto, (max-width: 360px) 100vw, 360px\" \/>D\u00fcsseldorf (Alemania), 1 feb (dpa) &#8211; El ex t\u00e9cnico de la selecci\u00f3n alemana de f\u00fatbol Berti Vogts se compadeci\u00f3 de los jugadores profesionales actuales, acosados por los tel\u00e9fonos m\u00f3viles y la prensa.<\/p>\n<p>\u00abIncluso en el pasado, algunos profesionales eran estrellas del pop, como G\u00fcnter Netzer. Pero no exist\u00edan esos tel\u00e9fonos m\u00f3viles y la mentalidad de la gente o de los periodistas de seguirte a cada paso\u00bb, dijo el ex jugador de 73 a\u00f1os en declaraciones que publica hoy el portal online \u00abSportbuzzer\u00bb.<\/p>\n<p>\u00abSi ten\u00edas algo de pelo largo en tus brazos, no estaba en los peri\u00f3dicos al d\u00eda siguiente\u00bb, dijo quien fuera capit\u00e1n del Borussia M\u00f6nchengladbach en una doble entrevista con el actual capit\u00e1n del equipo, Lars Stindl.<\/p>\n<p>\u00abCreo que es rid\u00edculo que la gente se queje siempre de que ya no haya jugadores con mucha personalidad\u00bb, coment\u00f3 Stindl, \u00abpero una vez que alguien dice lo que piensa, ya queda encasillado. Entonces, \u00bfqui\u00e9n quiere tener problemas con todo el mundo?\u00bb.<\/p>\n<p>&nbsp;<\/p>\n","protected":false},"excerpt":{"rendered":"<p>D\u00fcsseldorf (Alemania), 1 feb (dpa) &#8211; El ex t\u00e9cnico de la selecci\u00f3n alemana de f\u00fatbol Berti Vogts se compadeci\u00f3 de los jugadores profesionales actuales, acosados por los tel\u00e9fonos m\u00f3viles y la prensa. \u00abIncluso en el pasado, algunos profesionales eran estrellas del pop, como G\u00fcnter Netzer. Pero no exist\u00edan esos tel\u00e9fonos m\u00f3viles y la mentalidad de [&hellip;]<\/p>\n","protected":false},"author":1,"featured_media":985209,"comment_status":"closed","ping_status":"closed","sticky":false,"template":"","format":"standard","meta":{"footnotes":""},"categories":[190],"tags":[],"class_list":["post-1056417","post","type-post","status-publish","format-standard","has-post-thumbnail","hentry","category-deportes"],"aioseo_notices":[],"aioseo_head":"\n\t\t<!-- All in One SEO Pro 4.9.6.2 - aioseo.com -->\n\t<meta name=\"description\" content=\"D\u00fcsseldorf (Alemania), 1 feb (dpa) - El ex t\u00e9cnico de la selecci\u00f3n alemana de f\u00fatbol Berti Vogts se compadeci\u00f3 de los jugadores profesionales actuales, acosados por los tel\u00e9fonos m\u00f3viles y la prensa. &quot;Incluso en el pasado, algunos profesionales eran estrellas del pop, como G\u00fcnter Netzer. Pero no exist\u00edan esos tel\u00e9fonos m\u00f3viles y la mentalidad de\" \/>\n\t<meta name=\"robots\" content=\"max-image-preview:large\" \/>\n\t<meta name=\"author\" content=\"El Digital de Asturias\"\/>\n\t<meta name=\"google-site-verification\" content=\"UA-38556648-1\" \/>\n\t<meta name=\"msvalidate.01\" content=\"7dfe9f3f1b24437ab69f4f2559babe99\" \/>\n\t<meta name=\"keywords\" content=\"deportes\" \/>\n\t<link rel=\"canonical\" href=\"https:\/\/www.eldigitaldeasturias.com\/noticias\/vogts-critica-el-acoso-mediatico-a-los-jugadores\/\" \/>\n\t<meta name=\"generator\" content=\"All in One SEO Pro (AIOSEO) 4.9.6.2\" \/>\n\t\t<meta property=\"og:locale\" content=\"es_ES\" \/>\n\t\t<meta property=\"og:site_name\" content=\"El Digital de Asturias\" \/>\n\t\t<meta property=\"og:type\" content=\"article\" \/>\n\t\t<meta property=\"og:title\" content=\"Vogts critica el acoso medi\u00e1tico a los jugadores - El Digital de Asturias\" \/>\n\t\t<meta property=\"og:description\" content=\"D\u00fcsseldorf (Alemania), 1 feb (dpa) - El ex t\u00e9cnico de la selecci\u00f3n alemana de f\u00fatbol Berti Vogts se compadeci\u00f3 de los jugadores profesionales actuales, acosados por los tel\u00e9fonos m\u00f3viles y la prensa. &quot;Incluso en el pasado, algunos profesionales eran estrellas del pop, como G\u00fcnter Netzer. Pero no exist\u00edan esos tel\u00e9fonos m\u00f3viles y la mentalidad de\" \/>\n\t\t<meta property=\"og:url\" content=\"https:\/\/www.eldigitaldeasturias.com\/noticias\/vogts-critica-el-acoso-mediatico-a-los-jugadores\/\" \/>\n\t\t<meta property=\"og:image\" content=\"https:\/\/www.eldigitaldeasturias.com\/noticias\/wp-content\/uploads\/2018\/06\/football-1406106_960_720.jpg\" \/>\n\t\t<meta property=\"og:image:secure_url\" content=\"https:\/\/www.eldigitaldeasturias.com\/noticias\/wp-content\/uploads\/2018\/06\/football-1406106_960_720.jpg\" \/>\n\t\t<meta property=\"og:image:width\" content=\"960\" \/>\n\t\t<meta property=\"og:image:height\" content=\"643\" \/>\n\t\t<meta property=\"article:tag\" content=\"deportes\" \/>\n\t\t<meta property=\"article:published_time\" content=\"2020-02-01T21:13:36+00:00\" \/>\n\t\t<meta property=\"article:modified_time\" content=\"2020-02-01T21:13:36+00:00\" \/>\n\t\t<meta property=\"article:publisher\" content=\"https:\/\/facebook.com\/eldigitaldeasturias\" \/>\n\t\t<meta name=\"twitter:card\" content=\"summary_large_image\" \/>\n\t\t<meta name=\"twitter:title\" content=\"Vogts critica el acoso medi\u00e1tico a los jugadores - El Digital de Asturias\" \/>\n\t\t<meta name=\"twitter:description\" content=\"D\u00fcsseldorf (Alemania), 1 feb (dpa) - El ex t\u00e9cnico de la selecci\u00f3n alemana de f\u00fatbol Berti Vogts se compadeci\u00f3 de los jugadores profesionales actuales, acosados por los tel\u00e9fonos m\u00f3viles y la prensa. &quot;Incluso en el pasado, algunos profesionales eran estrellas del pop, como G\u00fcnter Netzer. Pero no exist\u00edan esos tel\u00e9fonos m\u00f3viles y la mentalidad de\" \/>\n\t\t<meta name=\"twitter:image\" content=\"https:\/\/www.eldigitaldeasturias.com\/noticias\/wp-content\/uploads\/2018\/06\/football-1406106_960_720.jpg\" \/>\n\t\t<meta name=\"twitter:label1\" content=\"Escrito por\" \/>\n\t\t<meta name=\"twitter:data1\" content=\"El Digital de Asturias\" \/>\n\t\t<meta name=\"twitter:label2\" content=\"Tiempo de lectura estimado\" \/>\n\t\t<meta name=\"twitter:data2\" content=\"1 minuto\" \/>\n\t\t<script type=\"application\/ld+json\" class=\"aioseo-schema\">\n\t\t\t{\"@context\":\"https:\\\/\\\/schema.org\",\"@graph\":[{\"@type\":\"BlogPosting\",\"@id\":\"https:\\\/\\\/www.eldigitaldeasturias.com\\\/noticias\\\/vogts-critica-el-acoso-mediatico-a-los-jugadores\\\/#blogposting\",\"name\":\"Vogts critica el acoso medi\\u00e1tico a los jugadores - El Digital de Asturias\",\"headline\":\"Vogts critica el acoso medi\\u00e1tico a los jugadores\",\"author\":{\"@id\":\"https:\\\/\\\/www.eldigitaldeasturias.com\\\/noticias\\\/author\\\/admin\\\/#author\"},\"publisher\":{\"@id\":\"https:\\\/\\\/www.eldigitaldeasturias.com\\\/noticias\\\/#organization\"},\"image\":{\"@type\":\"ImageObject\",\"url\":\"https:\\\/\\\/www.eldigitaldeasturias.com\\\/noticias\\\/wp-content\\\/uploads\\\/2018\\\/06\\\/football-1406106_960_720.jpg\",\"width\":960,\"height\":643},\"datePublished\":\"2020-02-01T21:13:36+01:00\",\"dateModified\":\"2020-02-01T21:13:36+01:00\",\"inLanguage\":\"es-ES\",\"mainEntityOfPage\":{\"@id\":\"https:\\\/\\\/www.eldigitaldeasturias.com\\\/noticias\\\/vogts-critica-el-acoso-mediatico-a-los-jugadores\\\/#webpage\"},\"isPartOf\":{\"@id\":\"https:\\\/\\\/www.eldigitaldeasturias.com\\\/noticias\\\/vogts-critica-el-acoso-mediatico-a-los-jugadores\\\/#webpage\"},\"articleSection\":\"Deportes\"},{\"@type\":\"BreadcrumbList\",\"@id\":\"https:\\\/\\\/www.eldigitaldeasturias.com\\\/noticias\\\/vogts-critica-el-acoso-mediatico-a-los-jugadores\\\/#breadcrumblist\",\"itemListElement\":[{\"@type\":\"ListItem\",\"@id\":\"https:\\\/\\\/www.eldigitaldeasturias.com\\\/noticias#listItem\",\"position\":1,\"name\":\"Home\",\"item\":\"https:\\\/\\\/www.eldigitaldeasturias.com\\\/noticias\",\"nextItem\":{\"@type\":\"ListItem\",\"@id\":\"https:\\\/\\\/www.eldigitaldeasturias.com\\\/noticias\\\/category\\\/deportes\\\/#listItem\",\"name\":\"Deportes\"}},{\"@type\":\"ListItem\",\"@id\":\"https:\\\/\\\/www.eldigitaldeasturias.com\\\/noticias\\\/category\\\/deportes\\\/#listItem\",\"position\":2,\"name\":\"Deportes\",\"item\":\"https:\\\/\\\/www.eldigitaldeasturias.com\\\/noticias\\\/category\\\/deportes\\\/\",\"nextItem\":{\"@type\":\"ListItem\",\"@id\":\"https:\\\/\\\/www.eldigitaldeasturias.com\\\/noticias\\\/vogts-critica-el-acoso-mediatico-a-los-jugadores\\\/#listItem\",\"name\":\"Vogts critica el acoso medi\\u00e1tico a los jugadores\"},\"previousItem\":{\"@type\":\"ListItem\",\"@id\":\"https:\\\/\\\/www.eldigitaldeasturias.com\\\/noticias#listItem\",\"name\":\"Home\"}},{\"@type\":\"ListItem\",\"@id\":\"https:\\\/\\\/www.eldigitaldeasturias.com\\\/noticias\\\/vogts-critica-el-acoso-mediatico-a-los-jugadores\\\/#listItem\",\"position\":3,\"name\":\"Vogts critica el acoso medi\\u00e1tico a los jugadores\",\"previousItem\":{\"@type\":\"ListItem\",\"@id\":\"https:\\\/\\\/www.eldigitaldeasturias.com\\\/noticias\\\/category\\\/deportes\\\/#listItem\",\"name\":\"Deportes\"}}]},{\"@type\":\"Organization\",\"@id\":\"https:\\\/\\\/www.eldigitaldeasturias.com\\\/noticias\\\/#organization\",\"name\":\"El Digital de Asturias\",\"description\":\"Hemeroteca\",\"url\":\"https:\\\/\\\/www.eldigitaldeasturias.com\\\/noticias\\\/\",\"email\":\"info@eldigitaldeasturias.com\",\"telephone\":\"+34652131393\",\"logo\":{\"@type\":\"ImageObject\",\"url\":\"https:\\\/\\\/www.eldigitaldeasturias.com\\\/noticias\\\/wp-content\\\/uploads\\\/2020\\\/12\\\/EDA.jpg\",\"@id\":\"https:\\\/\\\/www.eldigitaldeasturias.com\\\/noticias\\\/vogts-critica-el-acoso-mediatico-a-los-jugadores\\\/#organizationLogo\",\"width\":649,\"height\":297},\"image\":{\"@id\":\"https:\\\/\\\/www.eldigitaldeasturias.com\\\/noticias\\\/vogts-critica-el-acoso-mediatico-a-los-jugadores\\\/#organizationLogo\"},\"sameAs\":[\"https:\\\/\\\/facebook.com\\\/eldigitaldeasturias\",\"https:\\\/\\\/www.youtube.com\\\/channel\\\/UCZP-2wLEB9Rv6erhFmqVnvg\"],\"address\":{\"@id\":\"https:\\\/\\\/www.eldigitaldeasturias.com\\\/noticias\\\/#postaladdress\",\"@type\":\"PostalAddress\",\"streetAddress\":\"san antonio 4,\",\"postalCode\":\"33430\",\"addressLocality\":\"Cand\\u00e1s\",\"addressRegion\":\"Asturias\",\"addressCountry\":\"ES\"}},{\"@type\":\"Person\",\"@id\":\"https:\\\/\\\/www.eldigitaldeasturias.com\\\/noticias\\\/author\\\/admin\\\/#author\",\"url\":\"https:\\\/\\\/www.eldigitaldeasturias.com\\\/noticias\\\/author\\\/admin\\\/\",\"name\":\"El Digital de Asturias\",\"image\":{\"@type\":\"ImageObject\",\"@id\":\"https:\\\/\\\/www.eldigitaldeasturias.com\\\/noticias\\\/vogts-critica-el-acoso-mediatico-a-los-jugadores\\\/#authorImage\",\"url\":\"https:\\\/\\\/www.eldigitaldeasturias.com\\\/noticias\\\/wp-content\\\/litespeed\\\/avatar\\\/18677e78aa0546b92d9dbf31ec7d7668.jpg?ver=1777290358\",\"width\":96,\"height\":96,\"caption\":\"El Digital de Asturias\"}},{\"@type\":\"WebPage\",\"@id\":\"https:\\\/\\\/www.eldigitaldeasturias.com\\\/noticias\\\/vogts-critica-el-acoso-mediatico-a-los-jugadores\\\/#webpage\",\"url\":\"https:\\\/\\\/www.eldigitaldeasturias.com\\\/noticias\\\/vogts-critica-el-acoso-mediatico-a-los-jugadores\\\/\",\"name\":\"Vogts critica el acoso medi\\u00e1tico a los jugadores - El Digital de Asturias\",\"description\":\"D\\u00fcsseldorf (Alemania), 1 feb (dpa) - El ex t\\u00e9cnico de la selecci\\u00f3n alemana de f\\u00fatbol Berti Vogts se compadeci\\u00f3 de los jugadores profesionales actuales, acosados por los tel\\u00e9fonos m\\u00f3viles y la prensa. \\\"Incluso en el pasado, algunos profesionales eran estrellas del pop, como G\\u00fcnter Netzer. Pero no exist\\u00edan esos tel\\u00e9fonos m\\u00f3viles y la mentalidad de\",\"inLanguage\":\"es-ES\",\"isPartOf\":{\"@id\":\"https:\\\/\\\/www.eldigitaldeasturias.com\\\/noticias\\\/#website\"},\"breadcrumb\":{\"@id\":\"https:\\\/\\\/www.eldigitaldeasturias.com\\\/noticias\\\/vogts-critica-el-acoso-mediatico-a-los-jugadores\\\/#breadcrumblist\"},\"author\":{\"@id\":\"https:\\\/\\\/www.eldigitaldeasturias.com\\\/noticias\\\/author\\\/admin\\\/#author\"},\"creator\":{\"@id\":\"https:\\\/\\\/www.eldigitaldeasturias.com\\\/noticias\\\/author\\\/admin\\\/#author\"},\"image\":{\"@type\":\"ImageObject\",\"url\":\"https:\\\/\\\/www.eldigitaldeasturias.com\\\/noticias\\\/wp-content\\\/uploads\\\/2018\\\/06\\\/football-1406106_960_720.jpg\",\"@id\":\"https:\\\/\\\/www.eldigitaldeasturias.com\\\/noticias\\\/vogts-critica-el-acoso-mediatico-a-los-jugadores\\\/#mainImage\",\"width\":960,\"height\":643},\"primaryImageOfPage\":{\"@id\":\"https:\\\/\\\/www.eldigitaldeasturias.com\\\/noticias\\\/vogts-critica-el-acoso-mediatico-a-los-jugadores\\\/#mainImage\"},\"datePublished\":\"2020-02-01T21:13:36+01:00\",\"dateModified\":\"2020-02-01T21:13:36+01:00\"},{\"@type\":\"WebSite\",\"@id\":\"https:\\\/\\\/www.eldigitaldeasturias.com\\\/noticias\\\/#website\",\"url\":\"https:\\\/\\\/www.eldigitaldeasturias.com\\\/noticias\\\/\",\"name\":\"El Digital de Asturias - Diario de actualidad y noticias\",\"alternateName\":\"El Digital de Asturias - Diario de actualidad y noticias\",\"description\":\"Hemeroteca\",\"inLanguage\":\"es-ES\",\"publisher\":{\"@id\":\"https:\\\/\\\/www.eldigitaldeasturias.com\\\/noticias\\\/#organization\"}}]}\n\t\t<\/script>\n\t\t<!-- All in One SEO Pro -->\r\n\t\t<title>Vogts critica el acoso medi\u00e1tico a los jugadores - El Digital de Asturias<\/title>\n\n","aioseo_head_json":{"title":"Vogts critica el acoso medi\u00e1tico a los jugadores - El Digital de Asturias","description":"D\u00fcsseldorf (Alemania), 1 feb (dpa) - El ex t\u00e9cnico de la selecci\u00f3n alemana de f\u00fatbol Berti Vogts se compadeci\u00f3 de los jugadores profesionales actuales, acosados por los tel\u00e9fonos m\u00f3viles y la prensa. \"Incluso en el pasado, algunos profesionales eran estrellas del pop, como G\u00fcnter Netzer. Pero no exist\u00edan esos tel\u00e9fonos m\u00f3viles y la mentalidad de","canonical_url":"https:\/\/www.eldigitaldeasturias.com\/noticias\/vogts-critica-el-acoso-mediatico-a-los-jugadores\/","robots":"max-image-preview:large","keywords":"deportes","webmasterTools":{"google-site-verification":"UA-38556648-1","msvalidate.01":"7dfe9f3f1b24437ab69f4f2559babe99","miscellaneous":""},"schema":{"@context":"https:\/\/schema.org","@graph":[{"@type":"BlogPosting","@id":"https:\/\/www.eldigitaldeasturias.com\/noticias\/vogts-critica-el-acoso-mediatico-a-los-jugadores\/#blogposting","name":"Vogts critica el acoso medi\u00e1tico a los jugadores - El Digital de Asturias","headline":"Vogts critica el acoso medi\u00e1tico a los jugadores","author":{"@id":"https:\/\/www.eldigitaldeasturias.com\/noticias\/author\/admin\/#author"},"publisher":{"@id":"https:\/\/www.eldigitaldeasturias.com\/noticias\/#organization"},"image":{"@type":"ImageObject","url":"https:\/\/www.eldigitaldeasturias.com\/noticias\/wp-content\/uploads\/2018\/06\/football-1406106_960_720.jpg","width":960,"height":643},"datePublished":"2020-02-01T21:13:36+01:00","dateModified":"2020-02-01T21:13:36+01:00","inLanguage":"es-ES","mainEntityOfPage":{"@id":"https:\/\/www.eldigitaldeasturias.com\/noticias\/vogts-critica-el-acoso-mediatico-a-los-jugadores\/#webpage"},"isPartOf":{"@id":"https:\/\/www.eldigitaldeasturias.com\/noticias\/vogts-critica-el-acoso-mediatico-a-los-jugadores\/#webpage"},"articleSection":"Deportes"},{"@type":"BreadcrumbList","@id":"https:\/\/www.eldigitaldeasturias.com\/noticias\/vogts-critica-el-acoso-mediatico-a-los-jugadores\/#breadcrumblist","itemListElement":[{"@type":"ListItem","@id":"https:\/\/www.eldigitaldeasturias.com\/noticias#listItem","position":1,"name":"Home","item":"https:\/\/www.eldigitaldeasturias.com\/noticias","nextItem":{"@type":"ListItem","@id":"https:\/\/www.eldigitaldeasturias.com\/noticias\/category\/deportes\/#listItem","name":"Deportes"}},{"@type":"ListItem","@id":"https:\/\/www.eldigitaldeasturias.com\/noticias\/category\/deportes\/#listItem","position":2,"name":"Deportes","item":"https:\/\/www.eldigitaldeasturias.com\/noticias\/category\/deportes\/","nextItem":{"@type":"ListItem","@id":"https:\/\/www.eldigitaldeasturias.com\/noticias\/vogts-critica-el-acoso-mediatico-a-los-jugadores\/#listItem","name":"Vogts critica el acoso medi\u00e1tico a los jugadores"},"previousItem":{"@type":"ListItem","@id":"https:\/\/www.eldigitaldeasturias.com\/noticias#listItem","name":"Home"}},{"@type":"ListItem","@id":"https:\/\/www.eldigitaldeasturias.com\/noticias\/vogts-critica-el-acoso-mediatico-a-los-jugadores\/#listItem","position":3,"name":"Vogts critica el acoso medi\u00e1tico a los jugadores","previousItem":{"@type":"ListItem","@id":"https:\/\/www.eldigitaldeasturias.com\/noticias\/category\/deportes\/#listItem","name":"Deportes"}}]},{"@type":"Organization","@id":"https:\/\/www.eldigitaldeasturias.com\/noticias\/#organization","name":"El Digital de Asturias","description":"Hemeroteca","url":"https:\/\/www.eldigitaldeasturias.com\/noticias\/","email":"info@eldigitaldeasturias.com","telephone":"+34652131393","logo":{"@type":"ImageObject","url":"https:\/\/www.eldigitaldeasturias.com\/noticias\/wp-content\/uploads\/2020\/12\/EDA.jpg","@id":"https:\/\/www.eldigitaldeasturias.com\/noticias\/vogts-critica-el-acoso-mediatico-a-los-jugadores\/#organizationLogo","width":649,"height":297},"image":{"@id":"https:\/\/www.eldigitaldeasturias.com\/noticias\/vogts-critica-el-acoso-mediatico-a-los-jugadores\/#organizationLogo"},"sameAs":["https:\/\/facebook.com\/eldigitaldeasturias","https:\/\/www.youtube.com\/channel\/UCZP-2wLEB9Rv6erhFmqVnvg"],"address":{"@id":"https:\/\/www.eldigitaldeasturias.com\/noticias\/#postaladdress","@type":"PostalAddress","streetAddress":"san antonio 4,","postalCode":"33430","addressLocality":"Cand\u00e1s","addressRegion":"Asturias","addressCountry":"ES"}},{"@type":"Person","@id":"https:\/\/www.eldigitaldeasturias.com\/noticias\/author\/admin\/#author","url":"https:\/\/www.eldigitaldeasturias.com\/noticias\/author\/admin\/","name":"El Digital de Asturias","image":{"@type":"ImageObject","@id":"https:\/\/www.eldigitaldeasturias.com\/noticias\/vogts-critica-el-acoso-mediatico-a-los-jugadores\/#authorImage","url":"https:\/\/www.eldigitaldeasturias.com\/noticias\/wp-content\/litespeed\/avatar\/18677e78aa0546b92d9dbf31ec7d7668.jpg?ver=1777290358","width":96,"height":96,"caption":"El Digital de Asturias"}},{"@type":"WebPage","@id":"https:\/\/www.eldigitaldeasturias.com\/noticias\/vogts-critica-el-acoso-mediatico-a-los-jugadores\/#webpage","url":"https:\/\/www.eldigitaldeasturias.com\/noticias\/vogts-critica-el-acoso-mediatico-a-los-jugadores\/","name":"Vogts critica el acoso medi\u00e1tico a los jugadores - El Digital de Asturias","description":"D\u00fcsseldorf (Alemania), 1 feb (dpa) - El ex t\u00e9cnico de la selecci\u00f3n alemana de f\u00fatbol Berti Vogts se compadeci\u00f3 de los jugadores profesionales actuales, acosados por los tel\u00e9fonos m\u00f3viles y la prensa. \"Incluso en el pasado, algunos profesionales eran estrellas del pop, como G\u00fcnter Netzer. Pero no exist\u00edan esos tel\u00e9fonos m\u00f3viles y la mentalidad de","inLanguage":"es-ES","isPartOf":{"@id":"https:\/\/www.eldigitaldeasturias.com\/noticias\/#website"},"breadcrumb":{"@id":"https:\/\/www.eldigitaldeasturias.com\/noticias\/vogts-critica-el-acoso-mediatico-a-los-jugadores\/#breadcrumblist"},"author":{"@id":"https:\/\/www.eldigitaldeasturias.com\/noticias\/author\/admin\/#author"},"creator":{"@id":"https:\/\/www.eldigitaldeasturias.com\/noticias\/author\/admin\/#author"},"image":{"@type":"ImageObject","url":"https:\/\/www.eldigitaldeasturias.com\/noticias\/wp-content\/uploads\/2018\/06\/football-1406106_960_720.jpg","@id":"https:\/\/www.eldigitaldeasturias.com\/noticias\/vogts-critica-el-acoso-mediatico-a-los-jugadores\/#mainImage","width":960,"height":643},"primaryImageOfPage":{"@id":"https:\/\/www.eldigitaldeasturias.com\/noticias\/vogts-critica-el-acoso-mediatico-a-los-jugadores\/#mainImage"},"datePublished":"2020-02-01T21:13:36+01:00","dateModified":"2020-02-01T21:13:36+01:00"},{"@type":"WebSite","@id":"https:\/\/www.eldigitaldeasturias.com\/noticias\/#website","url":"https:\/\/www.eldigitaldeasturias.com\/noticias\/","name":"El Digital de Asturias - Diario de actualidad y noticias","alternateName":"El Digital de Asturias - Diario de actualidad y noticias","description":"Hemeroteca","inLanguage":"es-ES","publisher":{"@id":"https:\/\/www.eldigitaldeasturias.com\/noticias\/#organization"}}]},"og:locale":"es_ES","og:site_name":"El Digital de Asturias","og:type":"article","og:title":"Vogts critica el acoso medi\u00e1tico a los jugadores - El Digital de Asturias","og:description":"D\u00fcsseldorf (Alemania), 1 feb (dpa) - El ex t\u00e9cnico de la selecci\u00f3n alemana de f\u00fatbol Berti Vogts se compadeci\u00f3 de los jugadores profesionales actuales, acosados por los tel\u00e9fonos m\u00f3viles y la prensa. &quot;Incluso en el pasado, algunos profesionales eran estrellas del pop, como G\u00fcnter Netzer. Pero no exist\u00edan esos tel\u00e9fonos m\u00f3viles y la mentalidad de","og:url":"https:\/\/www.eldigitaldeasturias.com\/noticias\/vogts-critica-el-acoso-mediatico-a-los-jugadores\/","og:image":"https:\/\/www.eldigitaldeasturias.com\/noticias\/wp-content\/uploads\/2018\/06\/football-1406106_960_720.jpg","og:image:secure_url":"https:\/\/www.eldigitaldeasturias.com\/noticias\/wp-content\/uploads\/2018\/06\/football-1406106_960_720.jpg","og:image:width":960,"og:image:height":643,"article:tag":["deportes"],"article:published_time":"2020-02-01T21:13:36+00:00","article:modified_time":"2020-02-01T21:13:36+00:00","article:publisher":"https:\/\/facebook.com\/eldigitaldeasturias","twitter:card":"summary_large_image","twitter:title":"Vogts critica el acoso medi\u00e1tico a los jugadores - El Digital de Asturias","twitter:description":"D\u00fcsseldorf (Alemania), 1 feb (dpa) - El ex t\u00e9cnico de la selecci\u00f3n alemana de f\u00fatbol Berti Vogts se compadeci\u00f3 de los jugadores profesionales actuales, acosados por los tel\u00e9fonos m\u00f3viles y la prensa. &quot;Incluso en el pasado, algunos profesionales eran estrellas del pop, como G\u00fcnter Netzer. Pero no exist\u00edan esos tel\u00e9fonos m\u00f3viles y la mentalidad de","twitter:image":"https:\/\/www.eldigitaldeasturias.com\/noticias\/wp-content\/uploads\/2018\/06\/football-1406106_960_720.jpg","twitter:label1":"Escrito por","twitter:data1":"El Digital de Asturias","twitter:label2":"Tiempo de lectura estimado","twitter:data2":"1 minuto"},"aioseo_meta_data":{"post_id":"1056417","title":null,"description":null,"keywords":null,"keyphrases":null,"primary_term":null,"canonical_url":null,"og_title":null,"og_description":null,"og_object_type":"default","og_image_type":"default","og_image_url":null,"og_image_width":null,"og_image_height":null,"og_image_custom_url":null,"og_image_custom_fields":null,"og_video":null,"og_custom_url":null,"og_article_section":null,"og_article_tags":null,"twitter_use_og":false,"twitter_card":"default","twitter_image_type":"default","twitter_image_url":null,"twitter_image_custom_url":null,"twitter_image_custom_fields":null,"twitter_title":null,"twitter_description":null,"schema":{"blockGraphs":[],"customGraphs":[],"default":{"data":{"Article":[],"Course":[],"Dataset":[],"FAQPage":[],"Movie":[],"Person":[],"Product":[],"ProductReview":[],"Car":[],"Recipe":[],"Service":[],"SoftwareApplication":[],"WebPage":[]},"graphName":"","isEnabled":true},"graphs":[],"defaultGraph":"","defaultPostTypeGraph":""},"schema_type":null,"schema_type_options":null,"pillar_content":false,"robots_default":true,"robots_noindex":false,"robots_noarchive":false,"robots_nosnippet":false,"robots_nofollow":false,"robots_noimageindex":false,"robots_noodp":false,"robots_notranslate":false,"robots_max_snippet":null,"robots_max_videopreview":null,"robots_max_imagepreview":"large","priority":null,"frequency":null,"local_seo":null,"seo_analyzer_scan_date":"2025-10-30 22:19:15","breadcrumb_settings":null,"limit_modified_date":false,"open_ai":null,"ai":null,"created":"2020-12-21 10:55:56","updated":"2025-10-30 22:19:15"},"aioseo_breadcrumb":"<div class=\"aioseo-breadcrumbs\"><span class=\"aioseo-breadcrumb\">\n\t<a href=\"https:\/\/www.eldigitaldeasturias.com\/noticias\" title=\"Home\">Home<\/a>\n<\/span><span class=\"aioseo-breadcrumb-separator\">\u2013<\/span><span class=\"aioseo-breadcrumb\">\n\t<a href=\"https:\/\/www.eldigitaldeasturias.com\/noticias\/category\/deportes\/\" title=\"Deportes\">Deportes<\/a>\n<\/span><span class=\"aioseo-breadcrumb-separator\">\u2013<\/span><span class=\"aioseo-breadcrumb\">\n\t<a href=\"https:\/\/www.eldigitaldeasturias.com\/noticias\/vogts-critica-el-acoso-mediatico-a-los-jugadores\/\" title=\"Vogts critica el acoso medi\u00e1tico a los jugadores\">Vogts critica el acoso medi\u00e1tico a los jugadores<\/a>\n<\/span><\/div>","aioseo_breadcrumb_json":[{"label":"Home","link":"https:\/\/www.eldigitaldeasturias.com\/noticias"},{"label":"Deportes","link":"https:\/\/www.eldigitaldeasturias.com\/noticias\/category\/deportes\/"},{"label":"Vogts critica el acoso medi\u00e1tico a los jugadores","link":"https:\/\/www.eldigitaldeasturias.com\/noticias\/vogts-critica-el-acoso-mediatico-a-los-jugadores\/"}],"_links":{"self":[{"href":"https:\/\/www.eldigitaldeasturias.com\/noticias\/wp-json\/wp\/v2\/posts\/1056417","targetHints":{"allow":["GET"]}}],"collection":[{"href":"https:\/\/www.eldigitaldeasturias.com\/noticias\/wp-json\/wp\/v2\/posts"}],"about":[{"href":"https:\/\/www.eldigitaldeasturias.com\/noticias\/wp-json\/wp\/v2\/types\/post"}],"author":[{"embeddable":true,"href":"https:\/\/www.eldigitaldeasturias.com\/noticias\/wp-json\/wp\/v2\/users\/1"}],"replies":[{"embeddable":true,"href":"https:\/\/www.eldigitaldeasturias.com\/noticias\/wp-json\/wp\/v2\/comments?post=1056417"}],"version-history":[{"count":0,"href":"https:\/\/www.eldigitaldeasturias.com\/noticias\/wp-json\/wp\/v2\/posts\/1056417\/revisions"}],"wp:featuredmedia":[{"embeddable":true,"href":"https:\/\/www.eldigitaldeasturias.com\/noticias\/wp-json\/wp\/v2\/media\/985209"}],"wp:attachment":[{"href":"https:\/\/www.eldigitaldeasturias.com\/noticias\/wp-json\/wp\/v2\/media?parent=1056417"}],"wp:term":[{"taxonomy":"category","embeddable":true,"href":"https:\/\/www.eldigitaldeasturias.com\/noticias\/wp-json\/wp\/v2\/categories?post=1056417"},{"taxonomy":"post_tag","embeddable":true,"href":"https:\/\/www.eldigitaldeasturias.com\/noticias\/wp-json\/wp\/v2\/tags?post=1056417"}],"curies":[{"name":"wp","href":"https:\/\/api.w.org\/{rel}","templated":true}]}}