{"id":1056414,"date":"2020-02-01T21:11:15","date_gmt":"2020-02-01T21:11:15","guid":{"rendered":"https:\/\/www.eldigitaldeasturias.com\/noticias\/?p=1056414"},"modified":"2020-02-01T21:11:15","modified_gmt":"2020-02-01T21:11:15","slug":"copa-alemana-klinsmann-confia-en-debut-de-piatek","status":"publish","type":"post","link":"https:\/\/www.eldigitaldeasturias.com\/noticias\/copa-alemana-klinsmann-confia-en-debut-de-piatek\/","title":{"rendered":"Copa Alemana: Klinsmann conf\u00eda en debut de Piatek"},"content":{"rendered":"<figure id=\"attachment_1056415\" aria-describedby=\"caption-attachment-1056415\" style=\"width: 360px\" class=\"wp-caption alignleft\"><img loading=\"lazy\" decoding=\"async\" class=\"size-medium wp-image-1056415\" src=\"https:\/\/www.eldigitaldeasturias.com\/noticias\/wp-content\/uploads\/2020\/02\/Piatek-dpa-360x270.jpg\" alt=\"\" width=\"360\" height=\"270\" srcset=\"https:\/\/www.eldigitaldeasturias.com\/noticias\/wp-content\/uploads\/2020\/02\/Piatek-dpa-360x270.jpg 360w, https:\/\/www.eldigitaldeasturias.com\/noticias\/wp-content\/uploads\/2020\/02\/Piatek-dpa-640x480.jpg 640w, https:\/\/www.eldigitaldeasturias.com\/noticias\/wp-content\/uploads\/2020\/02\/Piatek-dpa-400x300.jpg 400w, https:\/\/www.eldigitaldeasturias.com\/noticias\/wp-content\/uploads\/2020\/02\/Piatek-dpa-768x576.jpg 768w, https:\/\/www.eldigitaldeasturias.com\/noticias\/wp-content\/uploads\/2020\/02\/Piatek-dpa.jpg 903w\" sizes=\"auto, (max-width: 360px) 100vw, 360px\" \/><figcaption id=\"caption-attachment-1056415\" class=\"wp-caption-text\">Foto: Soeren Stache\/dpa-Zentralbild\/dpa<\/figcaption><\/figure>\n<p>Berl\u00edn, 1 feb (dpa) &#8211; El entrenador del Hertha Berl\u00edn, <strong>J\u00fcrgen Klinsmann<\/strong>, conf\u00eda en que el reci\u00e9n fichado <strong>Krzysztof Piatek<\/strong> pueda debutar como titular el martes en los octavos de final de la Copa Alemana frente al Schalke.<\/p>\n<p>El delantero polaco, de 24 a\u00f1os, fue fichado el jueves al Milan italiano por unos 23 millones de euros (25,5 millones de d\u00f3lares). El jugador pudo debutar el viernes en la Bundesliga, tambi\u00e9n contra el Schalke, al saltar al terreno de juego en el minuto 63.<\/p>\n<p>A pesar de no anotar ning\u00fan gol, su entrada supuso un impulso inmediato para el equipo.<strong> \u00abNos aporta m\u00e1s calidad dentro de nuestra plantilla\u00bb, coment\u00f3 Klinsmannn<\/strong>.<\/p>\n<p>\u00abHa demostrado durante a\u00f1os que es un goleador. Tiene hambre, tiene presencia, sabe d\u00f3nde correr, d\u00f3nde cae el bal\u00f3n. Eso le da mucha confianza al equipo\u00bb, a\u00f1adi\u00f3.<\/p>\n<p>Junto con Piatek, el club berlin\u00e9s ha incorporado en este mercado de invierno al argentino Santiago Ascac\u00edbar, al brasile\u00f1o Matheus Cunha, y al franc\u00e9s Lucas Tousart, si bien este \u00faltimo no llegar\u00e1 hasta la pr\u00f3xima temporada. En total, el Hertha ha desembolsado m\u00e1s de 75 millones de euros.<\/p>\n<p>Aunque Klinsmann defendi\u00f3 \u00ablo sensato y bien planeado\u00bb de las incorporaciones, el ex seleccionador germano tambi\u00e9n se mostr\u00f3 sorprendido por la evoluci\u00f3n de los precios del mercado.<\/p>\n<p>\u00abPor supuesto, los precios son completamente exorbitantes hoy en d\u00eda, no importa a d\u00f3nde vayas. Se ha desarrollado de esta manera y las sumas son completamente normales en el f\u00fatbol\u00bb, dijo Klinsmann. \u00ab<strong>Hace diez, veinte a\u00f1os, uno habr\u00eda pensado que era una locura\u00bb<\/strong>, consider\u00f3.<\/p>\n","protected":false},"excerpt":{"rendered":"<p>Berl\u00edn, 1 feb (dpa) &#8211; El entrenador del Hertha Berl\u00edn, J\u00fcrgen Klinsmann, conf\u00eda en que el reci\u00e9n fichado Krzysztof Piatek pueda debutar como titular el martes en los octavos de final de la Copa Alemana frente al Schalke. El delantero polaco, de 24 a\u00f1os, fue fichado el jueves al Milan italiano por unos 23 millones [&hellip;]<\/p>\n","protected":false},"author":1,"featured_media":1056415,"comment_status":"closed","ping_status":"closed","sticky":false,"template":"","format":"standard","meta":{"footnotes":""},"categories":[190],"tags":[],"class_list":["post-1056414","post","type-post","status-publish","format-standard","has-post-thumbnail","hentry","category-deportes"],"aioseo_notices":[],"aioseo_head":"\n\t\t<!-- All in One SEO Pro 4.9.6.2 - aioseo.com -->\n\t<meta name=\"description\" content=\"Berl\u00edn, 1 feb (dpa) - El entrenador del Hertha Berl\u00edn, J\u00fcrgen Klinsmann, conf\u00eda en que el reci\u00e9n fichado Krzysztof Piatek pueda debutar como titular el martes en los octavos de final de la Copa Alemana frente al Schalke. El delantero polaco, de 24 a\u00f1os, fue fichado el jueves al Milan italiano por unos 23 millones\" \/>\n\t<meta name=\"robots\" content=\"max-image-preview:large\" \/>\n\t<meta name=\"author\" content=\"El Digital de Asturias\"\/>\n\t<meta name=\"google-site-verification\" content=\"UA-38556648-1\" \/>\n\t<meta name=\"msvalidate.01\" content=\"7dfe9f3f1b24437ab69f4f2559babe99\" \/>\n\t<meta name=\"keywords\" content=\"deportes\" \/>\n\t<link rel=\"canonical\" href=\"https:\/\/www.eldigitaldeasturias.com\/noticias\/copa-alemana-klinsmann-confia-en-debut-de-piatek\/\" \/>\n\t<meta name=\"generator\" content=\"All in One SEO Pro (AIOSEO) 4.9.6.2\" \/>\n\t\t<meta property=\"og:locale\" content=\"es_ES\" \/>\n\t\t<meta property=\"og:site_name\" content=\"El Digital de Asturias\" \/>\n\t\t<meta property=\"og:type\" content=\"article\" \/>\n\t\t<meta property=\"og:title\" content=\"Copa Alemana: Klinsmann conf\u00eda en debut de Piatek - El Digital de Asturias\" \/>\n\t\t<meta property=\"og:description\" content=\"Berl\u00edn, 1 feb (dpa) - El entrenador del Hertha Berl\u00edn, J\u00fcrgen Klinsmann, conf\u00eda en que el reci\u00e9n fichado Krzysztof Piatek pueda debutar como titular el martes en los octavos de final de la Copa Alemana frente al Schalke. El delantero polaco, de 24 a\u00f1os, fue fichado el jueves al Milan italiano por unos 23 millones\" \/>\n\t\t<meta property=\"og:url\" content=\"https:\/\/www.eldigitaldeasturias.com\/noticias\/copa-alemana-klinsmann-confia-en-debut-de-piatek\/\" \/>\n\t\t<meta property=\"og:image\" content=\"https:\/\/www.eldigitaldeasturias.com\/noticias\/wp-content\/uploads\/2020\/02\/Piatek-dpa.jpg\" \/>\n\t\t<meta property=\"og:image:secure_url\" content=\"https:\/\/www.eldigitaldeasturias.com\/noticias\/wp-content\/uploads\/2020\/02\/Piatek-dpa.jpg\" \/>\n\t\t<meta property=\"og:image:width\" content=\"903\" \/>\n\t\t<meta property=\"og:image:height\" content=\"677\" \/>\n\t\t<meta property=\"article:tag\" content=\"deportes\" \/>\n\t\t<meta property=\"article:published_time\" content=\"2020-02-01T21:11:15+00:00\" \/>\n\t\t<meta property=\"article:modified_time\" content=\"2020-02-01T21:11:15+00:00\" \/>\n\t\t<meta property=\"article:publisher\" content=\"https:\/\/facebook.com\/eldigitaldeasturias\" \/>\n\t\t<meta name=\"twitter:card\" content=\"summary_large_image\" \/>\n\t\t<meta name=\"twitter:title\" content=\"Copa Alemana: Klinsmann conf\u00eda en debut de Piatek - El Digital de Asturias\" \/>\n\t\t<meta name=\"twitter:description\" content=\"Berl\u00edn, 1 feb (dpa) - El entrenador del Hertha Berl\u00edn, J\u00fcrgen Klinsmann, conf\u00eda en que el reci\u00e9n fichado Krzysztof Piatek pueda debutar como titular el martes en los octavos de final de la Copa Alemana frente al Schalke. El delantero polaco, de 24 a\u00f1os, fue fichado el jueves al Milan italiano por unos 23 millones\" \/>\n\t\t<meta name=\"twitter:image\" content=\"https:\/\/www.eldigitaldeasturias.com\/noticias\/wp-content\/uploads\/2020\/02\/Piatek-dpa.jpg\" \/>\n\t\t<meta name=\"twitter:label1\" content=\"Escrito por\" \/>\n\t\t<meta name=\"twitter:data1\" content=\"El Digital de Asturias\" \/>\n\t\t<meta name=\"twitter:label2\" content=\"Tiempo de lectura estimado\" \/>\n\t\t<meta name=\"twitter:data2\" content=\"1 minuto\" \/>\n\t\t<script type=\"application\/ld+json\" class=\"aioseo-schema\">\n\t\t\t{\"@context\":\"https:\\\/\\\/schema.org\",\"@graph\":[{\"@type\":\"BlogPosting\",\"@id\":\"https:\\\/\\\/www.eldigitaldeasturias.com\\\/noticias\\\/copa-alemana-klinsmann-confia-en-debut-de-piatek\\\/#blogposting\",\"name\":\"Copa Alemana: Klinsmann conf\\u00eda en debut de Piatek - El Digital de Asturias\",\"headline\":\"Copa Alemana: Klinsmann conf\\u00eda en debut de Piatek\",\"author\":{\"@id\":\"https:\\\/\\\/www.eldigitaldeasturias.com\\\/noticias\\\/author\\\/admin\\\/#author\"},\"publisher\":{\"@id\":\"https:\\\/\\\/www.eldigitaldeasturias.com\\\/noticias\\\/#organization\"},\"image\":{\"@type\":\"ImageObject\",\"url\":\"https:\\\/\\\/www.eldigitaldeasturias.com\\\/noticias\\\/wp-content\\\/uploads\\\/2020\\\/02\\\/Piatek-dpa.jpg\",\"width\":903,\"height\":677,\"caption\":\"Foto: Soeren Stache\\\/dpa-Zentralbild\\\/dpa\"},\"datePublished\":\"2020-02-01T21:11:15+01:00\",\"dateModified\":\"2020-02-01T21:11:15+01:00\",\"inLanguage\":\"es-ES\",\"mainEntityOfPage\":{\"@id\":\"https:\\\/\\\/www.eldigitaldeasturias.com\\\/noticias\\\/copa-alemana-klinsmann-confia-en-debut-de-piatek\\\/#webpage\"},\"isPartOf\":{\"@id\":\"https:\\\/\\\/www.eldigitaldeasturias.com\\\/noticias\\\/copa-alemana-klinsmann-confia-en-debut-de-piatek\\\/#webpage\"},\"articleSection\":\"Deportes\"},{\"@type\":\"BreadcrumbList\",\"@id\":\"https:\\\/\\\/www.eldigitaldeasturias.com\\\/noticias\\\/copa-alemana-klinsmann-confia-en-debut-de-piatek\\\/#breadcrumblist\",\"itemListElement\":[{\"@type\":\"ListItem\",\"@id\":\"https:\\\/\\\/www.eldigitaldeasturias.com\\\/noticias#listItem\",\"position\":1,\"name\":\"Home\",\"item\":\"https:\\\/\\\/www.eldigitaldeasturias.com\\\/noticias\",\"nextItem\":{\"@type\":\"ListItem\",\"@id\":\"https:\\\/\\\/www.eldigitaldeasturias.com\\\/noticias\\\/category\\\/deportes\\\/#listItem\",\"name\":\"Deportes\"}},{\"@type\":\"ListItem\",\"@id\":\"https:\\\/\\\/www.eldigitaldeasturias.com\\\/noticias\\\/category\\\/deportes\\\/#listItem\",\"position\":2,\"name\":\"Deportes\",\"item\":\"https:\\\/\\\/www.eldigitaldeasturias.com\\\/noticias\\\/category\\\/deportes\\\/\",\"nextItem\":{\"@type\":\"ListItem\",\"@id\":\"https:\\\/\\\/www.eldigitaldeasturias.com\\\/noticias\\\/copa-alemana-klinsmann-confia-en-debut-de-piatek\\\/#listItem\",\"name\":\"Copa Alemana: Klinsmann conf\\u00eda en debut de Piatek\"},\"previousItem\":{\"@type\":\"ListItem\",\"@id\":\"https:\\\/\\\/www.eldigitaldeasturias.com\\\/noticias#listItem\",\"name\":\"Home\"}},{\"@type\":\"ListItem\",\"@id\":\"https:\\\/\\\/www.eldigitaldeasturias.com\\\/noticias\\\/copa-alemana-klinsmann-confia-en-debut-de-piatek\\\/#listItem\",\"position\":3,\"name\":\"Copa Alemana: Klinsmann conf\\u00eda en debut de Piatek\",\"previousItem\":{\"@type\":\"ListItem\",\"@id\":\"https:\\\/\\\/www.eldigitaldeasturias.com\\\/noticias\\\/category\\\/deportes\\\/#listItem\",\"name\":\"Deportes\"}}]},{\"@type\":\"Organization\",\"@id\":\"https:\\\/\\\/www.eldigitaldeasturias.com\\\/noticias\\\/#organization\",\"name\":\"El Digital de Asturias\",\"description\":\"Hemeroteca\",\"url\":\"https:\\\/\\\/www.eldigitaldeasturias.com\\\/noticias\\\/\",\"email\":\"info@eldigitaldeasturias.com\",\"telephone\":\"+34652131393\",\"logo\":{\"@type\":\"ImageObject\",\"url\":\"https:\\\/\\\/www.eldigitaldeasturias.com\\\/noticias\\\/wp-content\\\/uploads\\\/2020\\\/12\\\/EDA.jpg\",\"@id\":\"https:\\\/\\\/www.eldigitaldeasturias.com\\\/noticias\\\/copa-alemana-klinsmann-confia-en-debut-de-piatek\\\/#organizationLogo\",\"width\":649,\"height\":297},\"image\":{\"@id\":\"https:\\\/\\\/www.eldigitaldeasturias.com\\\/noticias\\\/copa-alemana-klinsmann-confia-en-debut-de-piatek\\\/#organizationLogo\"},\"sameAs\":[\"https:\\\/\\\/facebook.com\\\/eldigitaldeasturias\",\"https:\\\/\\\/www.youtube.com\\\/channel\\\/UCZP-2wLEB9Rv6erhFmqVnvg\"],\"address\":{\"@id\":\"https:\\\/\\\/www.eldigitaldeasturias.com\\\/noticias\\\/#postaladdress\",\"@type\":\"PostalAddress\",\"streetAddress\":\"san antonio 4,\",\"postalCode\":\"33430\",\"addressLocality\":\"Cand\\u00e1s\",\"addressRegion\":\"Asturias\",\"addressCountry\":\"ES\"}},{\"@type\":\"Person\",\"@id\":\"https:\\\/\\\/www.eldigitaldeasturias.com\\\/noticias\\\/author\\\/admin\\\/#author\",\"url\":\"https:\\\/\\\/www.eldigitaldeasturias.com\\\/noticias\\\/author\\\/admin\\\/\",\"name\":\"El Digital de Asturias\",\"image\":{\"@type\":\"ImageObject\",\"@id\":\"https:\\\/\\\/www.eldigitaldeasturias.com\\\/noticias\\\/copa-alemana-klinsmann-confia-en-debut-de-piatek\\\/#authorImage\",\"url\":\"https:\\\/\\\/www.eldigitaldeasturias.com\\\/noticias\\\/wp-content\\\/litespeed\\\/avatar\\\/18677e78aa0546b92d9dbf31ec7d7668.jpg?ver=1777290358\",\"width\":96,\"height\":96,\"caption\":\"El Digital de Asturias\"}},{\"@type\":\"WebPage\",\"@id\":\"https:\\\/\\\/www.eldigitaldeasturias.com\\\/noticias\\\/copa-alemana-klinsmann-confia-en-debut-de-piatek\\\/#webpage\",\"url\":\"https:\\\/\\\/www.eldigitaldeasturias.com\\\/noticias\\\/copa-alemana-klinsmann-confia-en-debut-de-piatek\\\/\",\"name\":\"Copa Alemana: Klinsmann conf\\u00eda en debut de Piatek - El Digital de Asturias\",\"description\":\"Berl\\u00edn, 1 feb (dpa) - El entrenador del Hertha Berl\\u00edn, J\\u00fcrgen Klinsmann, conf\\u00eda en que el reci\\u00e9n fichado Krzysztof Piatek pueda debutar como titular el martes en los octavos de final de la Copa Alemana frente al Schalke. El delantero polaco, de 24 a\\u00f1os, fue fichado el jueves al Milan italiano por unos 23 millones\",\"inLanguage\":\"es-ES\",\"isPartOf\":{\"@id\":\"https:\\\/\\\/www.eldigitaldeasturias.com\\\/noticias\\\/#website\"},\"breadcrumb\":{\"@id\":\"https:\\\/\\\/www.eldigitaldeasturias.com\\\/noticias\\\/copa-alemana-klinsmann-confia-en-debut-de-piatek\\\/#breadcrumblist\"},\"author\":{\"@id\":\"https:\\\/\\\/www.eldigitaldeasturias.com\\\/noticias\\\/author\\\/admin\\\/#author\"},\"creator\":{\"@id\":\"https:\\\/\\\/www.eldigitaldeasturias.com\\\/noticias\\\/author\\\/admin\\\/#author\"},\"image\":{\"@type\":\"ImageObject\",\"url\":\"https:\\\/\\\/www.eldigitaldeasturias.com\\\/noticias\\\/wp-content\\\/uploads\\\/2020\\\/02\\\/Piatek-dpa.jpg\",\"@id\":\"https:\\\/\\\/www.eldigitaldeasturias.com\\\/noticias\\\/copa-alemana-klinsmann-confia-en-debut-de-piatek\\\/#mainImage\",\"width\":903,\"height\":677,\"caption\":\"Foto: Soeren Stache\\\/dpa-Zentralbild\\\/dpa\"},\"primaryImageOfPage\":{\"@id\":\"https:\\\/\\\/www.eldigitaldeasturias.com\\\/noticias\\\/copa-alemana-klinsmann-confia-en-debut-de-piatek\\\/#mainImage\"},\"datePublished\":\"2020-02-01T21:11:15+01:00\",\"dateModified\":\"2020-02-01T21:11:15+01:00\"},{\"@type\":\"WebSite\",\"@id\":\"https:\\\/\\\/www.eldigitaldeasturias.com\\\/noticias\\\/#website\",\"url\":\"https:\\\/\\\/www.eldigitaldeasturias.com\\\/noticias\\\/\",\"name\":\"El Digital de Asturias - Diario de actualidad y noticias\",\"alternateName\":\"El Digital de Asturias - Diario de actualidad y noticias\",\"description\":\"Hemeroteca\",\"inLanguage\":\"es-ES\",\"publisher\":{\"@id\":\"https:\\\/\\\/www.eldigitaldeasturias.com\\\/noticias\\\/#organization\"}}]}\n\t\t<\/script>\n\t\t<!-- All in One SEO Pro -->\r\n\t\t<title>Copa Alemana: Klinsmann conf\u00eda en debut de Piatek - El Digital de Asturias<\/title>\n\n","aioseo_head_json":{"title":"Copa Alemana: Klinsmann conf\u00eda en debut de Piatek - El Digital de Asturias","description":"Berl\u00edn, 1 feb (dpa) - El entrenador del Hertha Berl\u00edn, J\u00fcrgen Klinsmann, conf\u00eda en que el reci\u00e9n fichado Krzysztof Piatek pueda debutar como titular el martes en los octavos de final de la Copa Alemana frente al Schalke. El delantero polaco, de 24 a\u00f1os, fue fichado el jueves al Milan italiano por unos 23 millones","canonical_url":"https:\/\/www.eldigitaldeasturias.com\/noticias\/copa-alemana-klinsmann-confia-en-debut-de-piatek\/","robots":"max-image-preview:large","keywords":"deportes","webmasterTools":{"google-site-verification":"UA-38556648-1","msvalidate.01":"7dfe9f3f1b24437ab69f4f2559babe99","miscellaneous":""},"schema":{"@context":"https:\/\/schema.org","@graph":[{"@type":"BlogPosting","@id":"https:\/\/www.eldigitaldeasturias.com\/noticias\/copa-alemana-klinsmann-confia-en-debut-de-piatek\/#blogposting","name":"Copa Alemana: Klinsmann conf\u00eda en debut de Piatek - El Digital de Asturias","headline":"Copa Alemana: Klinsmann conf\u00eda en debut de Piatek","author":{"@id":"https:\/\/www.eldigitaldeasturias.com\/noticias\/author\/admin\/#author"},"publisher":{"@id":"https:\/\/www.eldigitaldeasturias.com\/noticias\/#organization"},"image":{"@type":"ImageObject","url":"https:\/\/www.eldigitaldeasturias.com\/noticias\/wp-content\/uploads\/2020\/02\/Piatek-dpa.jpg","width":903,"height":677,"caption":"Foto: Soeren Stache\/dpa-Zentralbild\/dpa"},"datePublished":"2020-02-01T21:11:15+01:00","dateModified":"2020-02-01T21:11:15+01:00","inLanguage":"es-ES","mainEntityOfPage":{"@id":"https:\/\/www.eldigitaldeasturias.com\/noticias\/copa-alemana-klinsmann-confia-en-debut-de-piatek\/#webpage"},"isPartOf":{"@id":"https:\/\/www.eldigitaldeasturias.com\/noticias\/copa-alemana-klinsmann-confia-en-debut-de-piatek\/#webpage"},"articleSection":"Deportes"},{"@type":"BreadcrumbList","@id":"https:\/\/www.eldigitaldeasturias.com\/noticias\/copa-alemana-klinsmann-confia-en-debut-de-piatek\/#breadcrumblist","itemListElement":[{"@type":"ListItem","@id":"https:\/\/www.eldigitaldeasturias.com\/noticias#listItem","position":1,"name":"Home","item":"https:\/\/www.eldigitaldeasturias.com\/noticias","nextItem":{"@type":"ListItem","@id":"https:\/\/www.eldigitaldeasturias.com\/noticias\/category\/deportes\/#listItem","name":"Deportes"}},{"@type":"ListItem","@id":"https:\/\/www.eldigitaldeasturias.com\/noticias\/category\/deportes\/#listItem","position":2,"name":"Deportes","item":"https:\/\/www.eldigitaldeasturias.com\/noticias\/category\/deportes\/","nextItem":{"@type":"ListItem","@id":"https:\/\/www.eldigitaldeasturias.com\/noticias\/copa-alemana-klinsmann-confia-en-debut-de-piatek\/#listItem","name":"Copa Alemana: Klinsmann conf\u00eda en debut de Piatek"},"previousItem":{"@type":"ListItem","@id":"https:\/\/www.eldigitaldeasturias.com\/noticias#listItem","name":"Home"}},{"@type":"ListItem","@id":"https:\/\/www.eldigitaldeasturias.com\/noticias\/copa-alemana-klinsmann-confia-en-debut-de-piatek\/#listItem","position":3,"name":"Copa Alemana: Klinsmann conf\u00eda en debut de Piatek","previousItem":{"@type":"ListItem","@id":"https:\/\/www.eldigitaldeasturias.com\/noticias\/category\/deportes\/#listItem","name":"Deportes"}}]},{"@type":"Organization","@id":"https:\/\/www.eldigitaldeasturias.com\/noticias\/#organization","name":"El Digital de Asturias","description":"Hemeroteca","url":"https:\/\/www.eldigitaldeasturias.com\/noticias\/","email":"info@eldigitaldeasturias.com","telephone":"+34652131393","logo":{"@type":"ImageObject","url":"https:\/\/www.eldigitaldeasturias.com\/noticias\/wp-content\/uploads\/2020\/12\/EDA.jpg","@id":"https:\/\/www.eldigitaldeasturias.com\/noticias\/copa-alemana-klinsmann-confia-en-debut-de-piatek\/#organizationLogo","width":649,"height":297},"image":{"@id":"https:\/\/www.eldigitaldeasturias.com\/noticias\/copa-alemana-klinsmann-confia-en-debut-de-piatek\/#organizationLogo"},"sameAs":["https:\/\/facebook.com\/eldigitaldeasturias","https:\/\/www.youtube.com\/channel\/UCZP-2wLEB9Rv6erhFmqVnvg"],"address":{"@id":"https:\/\/www.eldigitaldeasturias.com\/noticias\/#postaladdress","@type":"PostalAddress","streetAddress":"san antonio 4,","postalCode":"33430","addressLocality":"Cand\u00e1s","addressRegion":"Asturias","addressCountry":"ES"}},{"@type":"Person","@id":"https:\/\/www.eldigitaldeasturias.com\/noticias\/author\/admin\/#author","url":"https:\/\/www.eldigitaldeasturias.com\/noticias\/author\/admin\/","name":"El Digital de Asturias","image":{"@type":"ImageObject","@id":"https:\/\/www.eldigitaldeasturias.com\/noticias\/copa-alemana-klinsmann-confia-en-debut-de-piatek\/#authorImage","url":"https:\/\/www.eldigitaldeasturias.com\/noticias\/wp-content\/litespeed\/avatar\/18677e78aa0546b92d9dbf31ec7d7668.jpg?ver=1777290358","width":96,"height":96,"caption":"El Digital de Asturias"}},{"@type":"WebPage","@id":"https:\/\/www.eldigitaldeasturias.com\/noticias\/copa-alemana-klinsmann-confia-en-debut-de-piatek\/#webpage","url":"https:\/\/www.eldigitaldeasturias.com\/noticias\/copa-alemana-klinsmann-confia-en-debut-de-piatek\/","name":"Copa Alemana: Klinsmann conf\u00eda en debut de Piatek - El Digital de Asturias","description":"Berl\u00edn, 1 feb (dpa) - El entrenador del Hertha Berl\u00edn, J\u00fcrgen Klinsmann, conf\u00eda en que el reci\u00e9n fichado Krzysztof Piatek pueda debutar como titular el martes en los octavos de final de la Copa Alemana frente al Schalke. El delantero polaco, de 24 a\u00f1os, fue fichado el jueves al Milan italiano por unos 23 millones","inLanguage":"es-ES","isPartOf":{"@id":"https:\/\/www.eldigitaldeasturias.com\/noticias\/#website"},"breadcrumb":{"@id":"https:\/\/www.eldigitaldeasturias.com\/noticias\/copa-alemana-klinsmann-confia-en-debut-de-piatek\/#breadcrumblist"},"author":{"@id":"https:\/\/www.eldigitaldeasturias.com\/noticias\/author\/admin\/#author"},"creator":{"@id":"https:\/\/www.eldigitaldeasturias.com\/noticias\/author\/admin\/#author"},"image":{"@type":"ImageObject","url":"https:\/\/www.eldigitaldeasturias.com\/noticias\/wp-content\/uploads\/2020\/02\/Piatek-dpa.jpg","@id":"https:\/\/www.eldigitaldeasturias.com\/noticias\/copa-alemana-klinsmann-confia-en-debut-de-piatek\/#mainImage","width":903,"height":677,"caption":"Foto: Soeren Stache\/dpa-Zentralbild\/dpa"},"primaryImageOfPage":{"@id":"https:\/\/www.eldigitaldeasturias.com\/noticias\/copa-alemana-klinsmann-confia-en-debut-de-piatek\/#mainImage"},"datePublished":"2020-02-01T21:11:15+01:00","dateModified":"2020-02-01T21:11:15+01:00"},{"@type":"WebSite","@id":"https:\/\/www.eldigitaldeasturias.com\/noticias\/#website","url":"https:\/\/www.eldigitaldeasturias.com\/noticias\/","name":"El Digital de Asturias - Diario de actualidad y noticias","alternateName":"El Digital de Asturias - Diario de actualidad y noticias","description":"Hemeroteca","inLanguage":"es-ES","publisher":{"@id":"https:\/\/www.eldigitaldeasturias.com\/noticias\/#organization"}}]},"og:locale":"es_ES","og:site_name":"El Digital de Asturias","og:type":"article","og:title":"Copa Alemana: Klinsmann conf\u00eda en debut de Piatek - El Digital de Asturias","og:description":"Berl\u00edn, 1 feb (dpa) - El entrenador del Hertha Berl\u00edn, J\u00fcrgen Klinsmann, conf\u00eda en que el reci\u00e9n fichado Krzysztof Piatek pueda debutar como titular el martes en los octavos de final de la Copa Alemana frente al Schalke. El delantero polaco, de 24 a\u00f1os, fue fichado el jueves al Milan italiano por unos 23 millones","og:url":"https:\/\/www.eldigitaldeasturias.com\/noticias\/copa-alemana-klinsmann-confia-en-debut-de-piatek\/","og:image":"https:\/\/www.eldigitaldeasturias.com\/noticias\/wp-content\/uploads\/2020\/02\/Piatek-dpa.jpg","og:image:secure_url":"https:\/\/www.eldigitaldeasturias.com\/noticias\/wp-content\/uploads\/2020\/02\/Piatek-dpa.jpg","og:image:width":903,"og:image:height":677,"article:tag":["deportes"],"article:published_time":"2020-02-01T21:11:15+00:00","article:modified_time":"2020-02-01T21:11:15+00:00","article:publisher":"https:\/\/facebook.com\/eldigitaldeasturias","twitter:card":"summary_large_image","twitter:title":"Copa Alemana: Klinsmann conf\u00eda en debut de Piatek - El Digital de Asturias","twitter:description":"Berl\u00edn, 1 feb (dpa) - El entrenador del Hertha Berl\u00edn, J\u00fcrgen Klinsmann, conf\u00eda en que el reci\u00e9n fichado Krzysztof Piatek pueda debutar como titular el martes en los octavos de final de la Copa Alemana frente al Schalke. El delantero polaco, de 24 a\u00f1os, fue fichado el jueves al Milan italiano por unos 23 millones","twitter:image":"https:\/\/www.eldigitaldeasturias.com\/noticias\/wp-content\/uploads\/2020\/02\/Piatek-dpa.jpg","twitter:label1":"Escrito por","twitter:data1":"El Digital de Asturias","twitter:label2":"Tiempo de lectura estimado","twitter:data2":"1 minuto"},"aioseo_meta_data":{"post_id":"1056414","title":null,"description":null,"keywords":null,"keyphrases":null,"primary_term":null,"canonical_url":null,"og_title":null,"og_description":null,"og_object_type":"default","og_image_type":"default","og_image_url":null,"og_image_width":null,"og_image_height":null,"og_image_custom_url":null,"og_image_custom_fields":null,"og_video":null,"og_custom_url":null,"og_article_section":null,"og_article_tags":null,"twitter_use_og":false,"twitter_card":"default","twitter_image_type":"default","twitter_image_url":null,"twitter_image_custom_url":null,"twitter_image_custom_fields":null,"twitter_title":null,"twitter_description":null,"schema":{"blockGraphs":[],"customGraphs":[],"default":{"data":{"Article":[],"Course":[],"Dataset":[],"FAQPage":[],"Movie":[],"Person":[],"Product":[],"ProductReview":[],"Car":[],"Recipe":[],"Service":[],"SoftwareApplication":[],"WebPage":[]},"graphName":"","isEnabled":true},"graphs":[],"defaultGraph":"","defaultPostTypeGraph":""},"schema_type":null,"schema_type_options":null,"pillar_content":false,"robots_default":true,"robots_noindex":false,"robots_noarchive":false,"robots_nosnippet":false,"robots_nofollow":false,"robots_noimageindex":false,"robots_noodp":false,"robots_notranslate":false,"robots_max_snippet":null,"robots_max_videopreview":null,"robots_max_imagepreview":"large","priority":null,"frequency":null,"local_seo":null,"seo_analyzer_scan_date":"2025-10-30 22:19:15","breadcrumb_settings":null,"limit_modified_date":false,"open_ai":null,"ai":null,"created":"2020-12-21 10:55:56","updated":"2025-10-30 22:19:15"},"aioseo_breadcrumb":"<div class=\"aioseo-breadcrumbs\"><span class=\"aioseo-breadcrumb\">\n\t<a href=\"https:\/\/www.eldigitaldeasturias.com\/noticias\" title=\"Home\">Home<\/a>\n<\/span><span class=\"aioseo-breadcrumb-separator\">\u2013<\/span><span class=\"aioseo-breadcrumb\">\n\t<a href=\"https:\/\/www.eldigitaldeasturias.com\/noticias\/category\/deportes\/\" title=\"Deportes\">Deportes<\/a>\n<\/span><span class=\"aioseo-breadcrumb-separator\">\u2013<\/span><span class=\"aioseo-breadcrumb\">\n\t<a href=\"https:\/\/www.eldigitaldeasturias.com\/noticias\/copa-alemana-klinsmann-confia-en-debut-de-piatek\/\" title=\"Copa Alemana: Klinsmann conf\u00eda en debut de Piatek\">Copa Alemana: Klinsmann conf\u00eda en debut de Piatek<\/a>\n<\/span><\/div>","aioseo_breadcrumb_json":[{"label":"Home","link":"https:\/\/www.eldigitaldeasturias.com\/noticias"},{"label":"Deportes","link":"https:\/\/www.eldigitaldeasturias.com\/noticias\/category\/deportes\/"},{"label":"Copa Alemana: Klinsmann conf\u00eda en debut de Piatek","link":"https:\/\/www.eldigitaldeasturias.com\/noticias\/copa-alemana-klinsmann-confia-en-debut-de-piatek\/"}],"_links":{"self":[{"href":"https:\/\/www.eldigitaldeasturias.com\/noticias\/wp-json\/wp\/v2\/posts\/1056414","targetHints":{"allow":["GET"]}}],"collection":[{"href":"https:\/\/www.eldigitaldeasturias.com\/noticias\/wp-json\/wp\/v2\/posts"}],"about":[{"href":"https:\/\/www.eldigitaldeasturias.com\/noticias\/wp-json\/wp\/v2\/types\/post"}],"author":[{"embeddable":true,"href":"https:\/\/www.eldigitaldeasturias.com\/noticias\/wp-json\/wp\/v2\/users\/1"}],"replies":[{"embeddable":true,"href":"https:\/\/www.eldigitaldeasturias.com\/noticias\/wp-json\/wp\/v2\/comments?post=1056414"}],"version-history":[{"count":0,"href":"https:\/\/www.eldigitaldeasturias.com\/noticias\/wp-json\/wp\/v2\/posts\/1056414\/revisions"}],"wp:featuredmedia":[{"embeddable":true,"href":"https:\/\/www.eldigitaldeasturias.com\/noticias\/wp-json\/wp\/v2\/media\/1056415"}],"wp:attachment":[{"href":"https:\/\/www.eldigitaldeasturias.com\/noticias\/wp-json\/wp\/v2\/media?parent=1056414"}],"wp:term":[{"taxonomy":"category","embeddable":true,"href":"https:\/\/www.eldigitaldeasturias.com\/noticias\/wp-json\/wp\/v2\/categories?post=1056414"},{"taxonomy":"post_tag","embeddable":true,"href":"https:\/\/www.eldigitaldeasturias.com\/noticias\/wp-json\/wp\/v2\/tags?post=1056414"}],"curies":[{"name":"wp","href":"https:\/\/api.w.org\/{rel}","templated":true}]}}