{"id":1056361,"date":"2020-01-31T21:45:05","date_gmt":"2020-01-31T21:45:05","guid":{"rendered":"https:\/\/www.eldigitaldeasturias.com\/noticias\/?p=1056361"},"modified":"2020-01-31T21:45:05","modified_gmt":"2020-01-31T21:45:05","slug":"saura-celebra-el-claro-respaldo-del-tribunal-constitucional-a-las-medidas-del-gobierno-para-fomentar-el-alquiler-asequible","status":"publish","type":"post","link":"https:\/\/www.eldigitaldeasturias.com\/noticias\/saura-celebra-el-claro-respaldo-del-tribunal-constitucional-a-las-medidas-del-gobierno-para-fomentar-el-alquiler-asequible\/","title":{"rendered":"Saura celebra el claro respaldo del Tribunal Constitucional a las medidas del Gobierno para fomentar el alquiler asequible"},"content":{"rendered":"<p><img loading=\"lazy\" decoding=\"async\" class=\"alignleft size-medium wp-image-1056362\" src=\"https:\/\/www.eldigitaldeasturias.com\/noticias\/wp-content\/uploads\/2020\/01\/120318planEstViviendas-360x240.jpg\" alt=\"\" width=\"360\" height=\"240\" srcset=\"https:\/\/www.eldigitaldeasturias.com\/noticias\/wp-content\/uploads\/2020\/01\/120318planEstViviendas-360x240.jpg 360w, https:\/\/www.eldigitaldeasturias.com\/noticias\/wp-content\/uploads\/2020\/01\/120318planEstViviendas-451x300.jpg 451w, https:\/\/www.eldigitaldeasturias.com\/noticias\/wp-content\/uploads\/2020\/01\/120318planEstViviendas.jpg 496w\" sizes=\"auto, (max-width: 360px) 100vw, 360px\" \/>El secretario de Estado de Transportes, Movilidad y Agenda Urbana, Pedro Saura, ha celebrado el claro respaldo del Tribunal Constitucional al \u00abcoraz\u00f3n\u00bb del Real Decreto-ley 7\/2019, de 1 de marzo, de medidas urgentes en materia de vivienda y alquiler, promovido por el Gobierno y respaldado por el Congreso de los Diputados para fomentar la vivienda en alquiler asequible.<\/p>\n<p>Seg\u00fan ha explicado el secretario de Estado en una comparecencia ante los medios de comunicaci\u00f3n, las medidas referidas tratan de atajar el problema de la vivienda con un enfoque integral, en el que se busca incrementar la oferta de vivienda en alquiler, proteger al arrendatario con el aumento de los plazos de los contratos, limitar el incremento de las rentas de alquiler al IPC, aliviar sus gastos de arrendamiento o dar una mayor seguridad jur\u00eddica al arrendador. Todas ellas, seg\u00fan afirm\u00f3, son medidas que han sido refrendadas por el Alto Tribunal.<\/p>\n<p>Saura ha asegurado que el eje central del Real Decreto-Ley, que ha quedado respaldado por esta sentencia, comprende las medidas que han sido implementadas \u00abdesde el primer minuto\u00bb y que acometen de manera inmediata la urgencia social de la vivienda.<\/p>\n<p>Por otro lado, tambi\u00e9n neg\u00f3 que el fallo del Tribunal Constitucional vaya a entorpecer otras medidas estructurales y de mediano plazo que son la verdadera soluci\u00f3n al problema de vivienda, como el Plan 20.000 para el fomento de vivienda de alquiler social o asequible. En este sentido, el secretario de Estado, ha enumerado una serie de actuaciones:<\/p>\n<p>El Plan Estatal de Vivienda. Seg\u00fan se\u00f1al\u00f3 Pedro Saura, entre 2018 y 2019, este Gobierno ha firmado 120 acuerdos para la construcci\u00f3n de 3.260 viviendas de alquiler asequible. A\u00f1adi\u00f3 que en estas actuaciones este Ministerio ha aportado 55 millones de euros, que han servido, junto con las aportaciones de Comunidades Aut\u00f3nomas y Ayuntamientos, para atraer el capital privado, lo que ha implicado una inversi\u00f3n total de 330 millones de euros.<\/p>\n<p>Se est\u00e1 trabajando, asimismo, seg\u00fan asegur\u00f3 el secretario de Estado, con la Entidad P\u00fablica Empresarial de Suelo (Sepes), para que a trav\u00e9s de la cesi\u00f3n de derechos de superficie y bajo esquemas de asociaci\u00f3n p\u00fablica privada, se fomente la construcci\u00f3n de vivienda para alquiler social y asequible para 5.000 viviendas adicionales.<\/p>\n<p>Saura, por \u00faltimo, se\u00f1al\u00f3 que actualmente se est\u00e1 movilizando suelo p\u00fablico perteneciente a la Administraci\u00f3n General del Estado, a otras administraciones y a los organismos de ellas dependientes para promover vivienda social o asequible.<\/p>\n<p>&nbsp;<\/p>\n","protected":false},"excerpt":{"rendered":"<p>El secretario de Estado de Transportes, Movilidad y Agenda Urbana, Pedro Saura, ha celebrado el claro respaldo del Tribunal Constitucional al \u00abcoraz\u00f3n\u00bb del Real Decreto-ley 7\/2019, de 1 de marzo, de medidas urgentes en materia de vivienda y alquiler, promovido por el Gobierno y respaldado por el Congreso de los Diputados para fomentar la vivienda [&hellip;]<\/p>\n","protected":false},"author":1,"featured_media":1056362,"comment_status":"closed","ping_status":"closed","sticky":false,"template":"","format":"standard","meta":{"footnotes":""},"categories":[187],"tags":[],"class_list":["post-1056361","post","type-post","status-publish","format-standard","has-post-thumbnail","hentry","category-economia"],"aioseo_notices":[],"aioseo_head":"\n\t\t<!-- All in One SEO Pro 4.9.6.2 - aioseo.com -->\n\t<meta name=\"description\" content=\"El secretario de Estado de Transportes, Movilidad y Agenda Urbana, Pedro Saura, ha celebrado el claro respaldo del Tribunal Constitucional al &quot;coraz\u00f3n&quot; del Real Decreto-ley 7\/2019, de 1 de marzo, de medidas urgentes en materia de vivienda y alquiler, promovido por el Gobierno y respaldado por el Congreso de los Diputados para fomentar la vivienda\" \/>\n\t<meta name=\"robots\" content=\"max-image-preview:large\" \/>\n\t<meta name=\"author\" content=\"El Digital de Asturias\"\/>\n\t<meta name=\"google-site-verification\" content=\"UA-38556648-1\" \/>\n\t<meta name=\"msvalidate.01\" content=\"7dfe9f3f1b24437ab69f4f2559babe99\" \/>\n\t<meta name=\"keywords\" content=\"econom\u00eda\" \/>\n\t<link rel=\"canonical\" href=\"https:\/\/www.eldigitaldeasturias.com\/noticias\/saura-celebra-el-claro-respaldo-del-tribunal-constitucional-a-las-medidas-del-gobierno-para-fomentar-el-alquiler-asequible\/\" \/>\n\t<meta name=\"generator\" content=\"All in One SEO Pro (AIOSEO) 4.9.6.2\" \/>\n\t\t<meta property=\"og:locale\" content=\"es_ES\" \/>\n\t\t<meta property=\"og:site_name\" content=\"El Digital de Asturias\" \/>\n\t\t<meta property=\"og:type\" content=\"article\" \/>\n\t\t<meta property=\"og:title\" content=\"Saura celebra el claro respaldo del Tribunal Constitucional a las medidas del Gobierno para fomentar el alquiler asequible - El Digital de Asturias\" \/>\n\t\t<meta property=\"og:description\" content=\"El secretario de Estado de Transportes, Movilidad y Agenda Urbana, Pedro Saura, ha celebrado el claro respaldo del Tribunal Constitucional al &quot;coraz\u00f3n&quot; del Real Decreto-ley 7\/2019, de 1 de marzo, de medidas urgentes en materia de vivienda y alquiler, promovido por el Gobierno y respaldado por el Congreso de los Diputados para fomentar la vivienda\" \/>\n\t\t<meta property=\"og:url\" content=\"https:\/\/www.eldigitaldeasturias.com\/noticias\/saura-celebra-el-claro-respaldo-del-tribunal-constitucional-a-las-medidas-del-gobierno-para-fomentar-el-alquiler-asequible\/\" \/>\n\t\t<meta property=\"og:image\" content=\"https:\/\/www.eldigitaldeasturias.com\/noticias\/wp-content\/uploads\/2020\/01\/120318planEstViviendas.jpg\" \/>\n\t\t<meta property=\"og:image:secure_url\" content=\"https:\/\/www.eldigitaldeasturias.com\/noticias\/wp-content\/uploads\/2020\/01\/120318planEstViviendas.jpg\" \/>\n\t\t<meta property=\"og:image:width\" content=\"496\" \/>\n\t\t<meta property=\"og:image:height\" content=\"330\" \/>\n\t\t<meta property=\"article:tag\" content=\"econom\u00eda\" \/>\n\t\t<meta property=\"article:published_time\" content=\"2020-01-31T21:45:05+00:00\" \/>\n\t\t<meta property=\"article:modified_time\" content=\"2020-01-31T21:45:05+00:00\" \/>\n\t\t<meta property=\"article:publisher\" content=\"https:\/\/facebook.com\/eldigitaldeasturias\" \/>\n\t\t<meta name=\"twitter:card\" content=\"summary_large_image\" \/>\n\t\t<meta name=\"twitter:title\" content=\"Saura celebra el claro respaldo del Tribunal Constitucional a las medidas del Gobierno para fomentar el alquiler asequible - El Digital de Asturias\" \/>\n\t\t<meta name=\"twitter:description\" content=\"El secretario de Estado de Transportes, Movilidad y Agenda Urbana, Pedro Saura, ha celebrado el claro respaldo del Tribunal Constitucional al &quot;coraz\u00f3n&quot; del Real Decreto-ley 7\/2019, de 1 de marzo, de medidas urgentes en materia de vivienda y alquiler, promovido por el Gobierno y respaldado por el Congreso de los Diputados para fomentar la vivienda\" \/>\n\t\t<meta name=\"twitter:image\" content=\"https:\/\/www.eldigitaldeasturias.com\/noticias\/wp-content\/uploads\/2020\/01\/120318planEstViviendas.jpg\" \/>\n\t\t<meta name=\"twitter:label1\" content=\"Escrito por\" \/>\n\t\t<meta name=\"twitter:data1\" content=\"El Digital de Asturias\" \/>\n\t\t<meta name=\"twitter:label2\" content=\"Tiempo de lectura estimado\" \/>\n\t\t<meta name=\"twitter:data2\" content=\"2 minutos\" \/>\n\t\t<script type=\"application\/ld+json\" class=\"aioseo-schema\">\n\t\t\t{\"@context\":\"https:\\\/\\\/schema.org\",\"@graph\":[{\"@type\":\"BlogPosting\",\"@id\":\"https:\\\/\\\/www.eldigitaldeasturias.com\\\/noticias\\\/saura-celebra-el-claro-respaldo-del-tribunal-constitucional-a-las-medidas-del-gobierno-para-fomentar-el-alquiler-asequible\\\/#blogposting\",\"name\":\"Saura celebra el claro respaldo del Tribunal Constitucional a las medidas del Gobierno para fomentar el alquiler asequible - El Digital de Asturias\",\"headline\":\"Saura celebra el claro respaldo del Tribunal Constitucional a las medidas del Gobierno para fomentar el alquiler asequible\",\"author\":{\"@id\":\"https:\\\/\\\/www.eldigitaldeasturias.com\\\/noticias\\\/author\\\/admin\\\/#author\"},\"publisher\":{\"@id\":\"https:\\\/\\\/www.eldigitaldeasturias.com\\\/noticias\\\/#organization\"},\"image\":{\"@type\":\"ImageObject\",\"url\":\"https:\\\/\\\/www.eldigitaldeasturias.com\\\/noticias\\\/wp-content\\\/uploads\\\/2020\\\/01\\\/120318planEstViviendas.jpg\",\"width\":496,\"height\":330},\"datePublished\":\"2020-01-31T21:45:05+01:00\",\"dateModified\":\"2020-01-31T21:45:05+01:00\",\"inLanguage\":\"es-ES\",\"mainEntityOfPage\":{\"@id\":\"https:\\\/\\\/www.eldigitaldeasturias.com\\\/noticias\\\/saura-celebra-el-claro-respaldo-del-tribunal-constitucional-a-las-medidas-del-gobierno-para-fomentar-el-alquiler-asequible\\\/#webpage\"},\"isPartOf\":{\"@id\":\"https:\\\/\\\/www.eldigitaldeasturias.com\\\/noticias\\\/saura-celebra-el-claro-respaldo-del-tribunal-constitucional-a-las-medidas-del-gobierno-para-fomentar-el-alquiler-asequible\\\/#webpage\"},\"articleSection\":\"Econom\\u00eda\"},{\"@type\":\"BreadcrumbList\",\"@id\":\"https:\\\/\\\/www.eldigitaldeasturias.com\\\/noticias\\\/saura-celebra-el-claro-respaldo-del-tribunal-constitucional-a-las-medidas-del-gobierno-para-fomentar-el-alquiler-asequible\\\/#breadcrumblist\",\"itemListElement\":[{\"@type\":\"ListItem\",\"@id\":\"https:\\\/\\\/www.eldigitaldeasturias.com\\\/noticias#listItem\",\"position\":1,\"name\":\"Home\",\"item\":\"https:\\\/\\\/www.eldigitaldeasturias.com\\\/noticias\",\"nextItem\":{\"@type\":\"ListItem\",\"@id\":\"https:\\\/\\\/www.eldigitaldeasturias.com\\\/noticias\\\/category\\\/economia\\\/#listItem\",\"name\":\"Econom\\u00eda\"}},{\"@type\":\"ListItem\",\"@id\":\"https:\\\/\\\/www.eldigitaldeasturias.com\\\/noticias\\\/category\\\/economia\\\/#listItem\",\"position\":2,\"name\":\"Econom\\u00eda\",\"item\":\"https:\\\/\\\/www.eldigitaldeasturias.com\\\/noticias\\\/category\\\/economia\\\/\",\"nextItem\":{\"@type\":\"ListItem\",\"@id\":\"https:\\\/\\\/www.eldigitaldeasturias.com\\\/noticias\\\/saura-celebra-el-claro-respaldo-del-tribunal-constitucional-a-las-medidas-del-gobierno-para-fomentar-el-alquiler-asequible\\\/#listItem\",\"name\":\"Saura celebra el claro respaldo del Tribunal Constitucional a las medidas del Gobierno para fomentar el alquiler asequible\"},\"previousItem\":{\"@type\":\"ListItem\",\"@id\":\"https:\\\/\\\/www.eldigitaldeasturias.com\\\/noticias#listItem\",\"name\":\"Home\"}},{\"@type\":\"ListItem\",\"@id\":\"https:\\\/\\\/www.eldigitaldeasturias.com\\\/noticias\\\/saura-celebra-el-claro-respaldo-del-tribunal-constitucional-a-las-medidas-del-gobierno-para-fomentar-el-alquiler-asequible\\\/#listItem\",\"position\":3,\"name\":\"Saura celebra el claro respaldo del Tribunal Constitucional a las medidas del Gobierno para fomentar el alquiler asequible\",\"previousItem\":{\"@type\":\"ListItem\",\"@id\":\"https:\\\/\\\/www.eldigitaldeasturias.com\\\/noticias\\\/category\\\/economia\\\/#listItem\",\"name\":\"Econom\\u00eda\"}}]},{\"@type\":\"Organization\",\"@id\":\"https:\\\/\\\/www.eldigitaldeasturias.com\\\/noticias\\\/#organization\",\"name\":\"El Digital de Asturias\",\"description\":\"Hemeroteca\",\"url\":\"https:\\\/\\\/www.eldigitaldeasturias.com\\\/noticias\\\/\",\"email\":\"info@eldigitaldeasturias.com\",\"telephone\":\"+34652131393\",\"logo\":{\"@type\":\"ImageObject\",\"url\":\"https:\\\/\\\/www.eldigitaldeasturias.com\\\/noticias\\\/wp-content\\\/uploads\\\/2020\\\/12\\\/EDA.jpg\",\"@id\":\"https:\\\/\\\/www.eldigitaldeasturias.com\\\/noticias\\\/saura-celebra-el-claro-respaldo-del-tribunal-constitucional-a-las-medidas-del-gobierno-para-fomentar-el-alquiler-asequible\\\/#organizationLogo\",\"width\":649,\"height\":297},\"image\":{\"@id\":\"https:\\\/\\\/www.eldigitaldeasturias.com\\\/noticias\\\/saura-celebra-el-claro-respaldo-del-tribunal-constitucional-a-las-medidas-del-gobierno-para-fomentar-el-alquiler-asequible\\\/#organizationLogo\"},\"sameAs\":[\"https:\\\/\\\/facebook.com\\\/eldigitaldeasturias\",\"https:\\\/\\\/www.youtube.com\\\/channel\\\/UCZP-2wLEB9Rv6erhFmqVnvg\"],\"address\":{\"@id\":\"https:\\\/\\\/www.eldigitaldeasturias.com\\\/noticias\\\/#postaladdress\",\"@type\":\"PostalAddress\",\"streetAddress\":\"san antonio 4,\",\"postalCode\":\"33430\",\"addressLocality\":\"Cand\\u00e1s\",\"addressRegion\":\"Asturias\",\"addressCountry\":\"ES\"}},{\"@type\":\"Person\",\"@id\":\"https:\\\/\\\/www.eldigitaldeasturias.com\\\/noticias\\\/author\\\/admin\\\/#author\",\"url\":\"https:\\\/\\\/www.eldigitaldeasturias.com\\\/noticias\\\/author\\\/admin\\\/\",\"name\":\"El Digital de Asturias\",\"image\":{\"@type\":\"ImageObject\",\"@id\":\"https:\\\/\\\/www.eldigitaldeasturias.com\\\/noticias\\\/saura-celebra-el-claro-respaldo-del-tribunal-constitucional-a-las-medidas-del-gobierno-para-fomentar-el-alquiler-asequible\\\/#authorImage\",\"url\":\"https:\\\/\\\/www.eldigitaldeasturias.com\\\/noticias\\\/wp-content\\\/litespeed\\\/avatar\\\/18677e78aa0546b92d9dbf31ec7d7668.jpg?ver=1776685526\",\"width\":96,\"height\":96,\"caption\":\"El Digital de Asturias\"}},{\"@type\":\"WebPage\",\"@id\":\"https:\\\/\\\/www.eldigitaldeasturias.com\\\/noticias\\\/saura-celebra-el-claro-respaldo-del-tribunal-constitucional-a-las-medidas-del-gobierno-para-fomentar-el-alquiler-asequible\\\/#webpage\",\"url\":\"https:\\\/\\\/www.eldigitaldeasturias.com\\\/noticias\\\/saura-celebra-el-claro-respaldo-del-tribunal-constitucional-a-las-medidas-del-gobierno-para-fomentar-el-alquiler-asequible\\\/\",\"name\":\"Saura celebra el claro respaldo del Tribunal Constitucional a las medidas del Gobierno para fomentar el alquiler asequible - El Digital de Asturias\",\"description\":\"El secretario de Estado de Transportes, Movilidad y Agenda Urbana, Pedro Saura, ha celebrado el claro respaldo del Tribunal Constitucional al \\\"coraz\\u00f3n\\\" del Real Decreto-ley 7\\\/2019, de 1 de marzo, de medidas urgentes en materia de vivienda y alquiler, promovido por el Gobierno y respaldado por el Congreso de los Diputados para fomentar la vivienda\",\"inLanguage\":\"es-ES\",\"isPartOf\":{\"@id\":\"https:\\\/\\\/www.eldigitaldeasturias.com\\\/noticias\\\/#website\"},\"breadcrumb\":{\"@id\":\"https:\\\/\\\/www.eldigitaldeasturias.com\\\/noticias\\\/saura-celebra-el-claro-respaldo-del-tribunal-constitucional-a-las-medidas-del-gobierno-para-fomentar-el-alquiler-asequible\\\/#breadcrumblist\"},\"author\":{\"@id\":\"https:\\\/\\\/www.eldigitaldeasturias.com\\\/noticias\\\/author\\\/admin\\\/#author\"},\"creator\":{\"@id\":\"https:\\\/\\\/www.eldigitaldeasturias.com\\\/noticias\\\/author\\\/admin\\\/#author\"},\"image\":{\"@type\":\"ImageObject\",\"url\":\"https:\\\/\\\/www.eldigitaldeasturias.com\\\/noticias\\\/wp-content\\\/uploads\\\/2020\\\/01\\\/120318planEstViviendas.jpg\",\"@id\":\"https:\\\/\\\/www.eldigitaldeasturias.com\\\/noticias\\\/saura-celebra-el-claro-respaldo-del-tribunal-constitucional-a-las-medidas-del-gobierno-para-fomentar-el-alquiler-asequible\\\/#mainImage\",\"width\":496,\"height\":330},\"primaryImageOfPage\":{\"@id\":\"https:\\\/\\\/www.eldigitaldeasturias.com\\\/noticias\\\/saura-celebra-el-claro-respaldo-del-tribunal-constitucional-a-las-medidas-del-gobierno-para-fomentar-el-alquiler-asequible\\\/#mainImage\"},\"datePublished\":\"2020-01-31T21:45:05+01:00\",\"dateModified\":\"2020-01-31T21:45:05+01:00\"},{\"@type\":\"WebSite\",\"@id\":\"https:\\\/\\\/www.eldigitaldeasturias.com\\\/noticias\\\/#website\",\"url\":\"https:\\\/\\\/www.eldigitaldeasturias.com\\\/noticias\\\/\",\"name\":\"El Digital de Asturias - Diario de actualidad y noticias\",\"alternateName\":\"El Digital de Asturias - Diario de actualidad y noticias\",\"description\":\"Hemeroteca\",\"inLanguage\":\"es-ES\",\"publisher\":{\"@id\":\"https:\\\/\\\/www.eldigitaldeasturias.com\\\/noticias\\\/#organization\"}}]}\n\t\t<\/script>\n\t\t<!-- All in One SEO Pro -->\r\n\t\t<title>Saura celebra el claro respaldo del Tribunal Constitucional a las medidas del Gobierno para fomentar el alquiler asequible - El Digital de Asturias<\/title>\n\n","aioseo_head_json":{"title":"Saura celebra el claro respaldo del Tribunal Constitucional a las medidas del Gobierno para fomentar el alquiler asequible - El Digital de Asturias","description":"El secretario de Estado de Transportes, Movilidad y Agenda Urbana, Pedro Saura, ha celebrado el claro respaldo del Tribunal Constitucional al \"coraz\u00f3n\" del Real Decreto-ley 7\/2019, de 1 de marzo, de medidas urgentes en materia de vivienda y alquiler, promovido por el Gobierno y respaldado por el Congreso de los Diputados para fomentar la vivienda","canonical_url":"https:\/\/www.eldigitaldeasturias.com\/noticias\/saura-celebra-el-claro-respaldo-del-tribunal-constitucional-a-las-medidas-del-gobierno-para-fomentar-el-alquiler-asequible\/","robots":"max-image-preview:large","keywords":"econom\u00eda","webmasterTools":{"google-site-verification":"UA-38556648-1","msvalidate.01":"7dfe9f3f1b24437ab69f4f2559babe99","miscellaneous":""},"schema":{"@context":"https:\/\/schema.org","@graph":[{"@type":"BlogPosting","@id":"https:\/\/www.eldigitaldeasturias.com\/noticias\/saura-celebra-el-claro-respaldo-del-tribunal-constitucional-a-las-medidas-del-gobierno-para-fomentar-el-alquiler-asequible\/#blogposting","name":"Saura celebra el claro respaldo del Tribunal Constitucional a las medidas del Gobierno para fomentar el alquiler asequible - El Digital de Asturias","headline":"Saura celebra el claro respaldo del Tribunal Constitucional a las medidas del Gobierno para fomentar el alquiler asequible","author":{"@id":"https:\/\/www.eldigitaldeasturias.com\/noticias\/author\/admin\/#author"},"publisher":{"@id":"https:\/\/www.eldigitaldeasturias.com\/noticias\/#organization"},"image":{"@type":"ImageObject","url":"https:\/\/www.eldigitaldeasturias.com\/noticias\/wp-content\/uploads\/2020\/01\/120318planEstViviendas.jpg","width":496,"height":330},"datePublished":"2020-01-31T21:45:05+01:00","dateModified":"2020-01-31T21:45:05+01:00","inLanguage":"es-ES","mainEntityOfPage":{"@id":"https:\/\/www.eldigitaldeasturias.com\/noticias\/saura-celebra-el-claro-respaldo-del-tribunal-constitucional-a-las-medidas-del-gobierno-para-fomentar-el-alquiler-asequible\/#webpage"},"isPartOf":{"@id":"https:\/\/www.eldigitaldeasturias.com\/noticias\/saura-celebra-el-claro-respaldo-del-tribunal-constitucional-a-las-medidas-del-gobierno-para-fomentar-el-alquiler-asequible\/#webpage"},"articleSection":"Econom\u00eda"},{"@type":"BreadcrumbList","@id":"https:\/\/www.eldigitaldeasturias.com\/noticias\/saura-celebra-el-claro-respaldo-del-tribunal-constitucional-a-las-medidas-del-gobierno-para-fomentar-el-alquiler-asequible\/#breadcrumblist","itemListElement":[{"@type":"ListItem","@id":"https:\/\/www.eldigitaldeasturias.com\/noticias#listItem","position":1,"name":"Home","item":"https:\/\/www.eldigitaldeasturias.com\/noticias","nextItem":{"@type":"ListItem","@id":"https:\/\/www.eldigitaldeasturias.com\/noticias\/category\/economia\/#listItem","name":"Econom\u00eda"}},{"@type":"ListItem","@id":"https:\/\/www.eldigitaldeasturias.com\/noticias\/category\/economia\/#listItem","position":2,"name":"Econom\u00eda","item":"https:\/\/www.eldigitaldeasturias.com\/noticias\/category\/economia\/","nextItem":{"@type":"ListItem","@id":"https:\/\/www.eldigitaldeasturias.com\/noticias\/saura-celebra-el-claro-respaldo-del-tribunal-constitucional-a-las-medidas-del-gobierno-para-fomentar-el-alquiler-asequible\/#listItem","name":"Saura celebra el claro respaldo del Tribunal Constitucional a las medidas del Gobierno para fomentar el alquiler asequible"},"previousItem":{"@type":"ListItem","@id":"https:\/\/www.eldigitaldeasturias.com\/noticias#listItem","name":"Home"}},{"@type":"ListItem","@id":"https:\/\/www.eldigitaldeasturias.com\/noticias\/saura-celebra-el-claro-respaldo-del-tribunal-constitucional-a-las-medidas-del-gobierno-para-fomentar-el-alquiler-asequible\/#listItem","position":3,"name":"Saura celebra el claro respaldo del Tribunal Constitucional a las medidas del Gobierno para fomentar el alquiler asequible","previousItem":{"@type":"ListItem","@id":"https:\/\/www.eldigitaldeasturias.com\/noticias\/category\/economia\/#listItem","name":"Econom\u00eda"}}]},{"@type":"Organization","@id":"https:\/\/www.eldigitaldeasturias.com\/noticias\/#organization","name":"El Digital de Asturias","description":"Hemeroteca","url":"https:\/\/www.eldigitaldeasturias.com\/noticias\/","email":"info@eldigitaldeasturias.com","telephone":"+34652131393","logo":{"@type":"ImageObject","url":"https:\/\/www.eldigitaldeasturias.com\/noticias\/wp-content\/uploads\/2020\/12\/EDA.jpg","@id":"https:\/\/www.eldigitaldeasturias.com\/noticias\/saura-celebra-el-claro-respaldo-del-tribunal-constitucional-a-las-medidas-del-gobierno-para-fomentar-el-alquiler-asequible\/#organizationLogo","width":649,"height":297},"image":{"@id":"https:\/\/www.eldigitaldeasturias.com\/noticias\/saura-celebra-el-claro-respaldo-del-tribunal-constitucional-a-las-medidas-del-gobierno-para-fomentar-el-alquiler-asequible\/#organizationLogo"},"sameAs":["https:\/\/facebook.com\/eldigitaldeasturias","https:\/\/www.youtube.com\/channel\/UCZP-2wLEB9Rv6erhFmqVnvg"],"address":{"@id":"https:\/\/www.eldigitaldeasturias.com\/noticias\/#postaladdress","@type":"PostalAddress","streetAddress":"san antonio 4,","postalCode":"33430","addressLocality":"Cand\u00e1s","addressRegion":"Asturias","addressCountry":"ES"}},{"@type":"Person","@id":"https:\/\/www.eldigitaldeasturias.com\/noticias\/author\/admin\/#author","url":"https:\/\/www.eldigitaldeasturias.com\/noticias\/author\/admin\/","name":"El Digital de Asturias","image":{"@type":"ImageObject","@id":"https:\/\/www.eldigitaldeasturias.com\/noticias\/saura-celebra-el-claro-respaldo-del-tribunal-constitucional-a-las-medidas-del-gobierno-para-fomentar-el-alquiler-asequible\/#authorImage","url":"https:\/\/www.eldigitaldeasturias.com\/noticias\/wp-content\/litespeed\/avatar\/18677e78aa0546b92d9dbf31ec7d7668.jpg?ver=1776685526","width":96,"height":96,"caption":"El Digital de Asturias"}},{"@type":"WebPage","@id":"https:\/\/www.eldigitaldeasturias.com\/noticias\/saura-celebra-el-claro-respaldo-del-tribunal-constitucional-a-las-medidas-del-gobierno-para-fomentar-el-alquiler-asequible\/#webpage","url":"https:\/\/www.eldigitaldeasturias.com\/noticias\/saura-celebra-el-claro-respaldo-del-tribunal-constitucional-a-las-medidas-del-gobierno-para-fomentar-el-alquiler-asequible\/","name":"Saura celebra el claro respaldo del Tribunal Constitucional a las medidas del Gobierno para fomentar el alquiler asequible - El Digital de Asturias","description":"El secretario de Estado de Transportes, Movilidad y Agenda Urbana, Pedro Saura, ha celebrado el claro respaldo del Tribunal Constitucional al \"coraz\u00f3n\" del Real Decreto-ley 7\/2019, de 1 de marzo, de medidas urgentes en materia de vivienda y alquiler, promovido por el Gobierno y respaldado por el Congreso de los Diputados para fomentar la vivienda","inLanguage":"es-ES","isPartOf":{"@id":"https:\/\/www.eldigitaldeasturias.com\/noticias\/#website"},"breadcrumb":{"@id":"https:\/\/www.eldigitaldeasturias.com\/noticias\/saura-celebra-el-claro-respaldo-del-tribunal-constitucional-a-las-medidas-del-gobierno-para-fomentar-el-alquiler-asequible\/#breadcrumblist"},"author":{"@id":"https:\/\/www.eldigitaldeasturias.com\/noticias\/author\/admin\/#author"},"creator":{"@id":"https:\/\/www.eldigitaldeasturias.com\/noticias\/author\/admin\/#author"},"image":{"@type":"ImageObject","url":"https:\/\/www.eldigitaldeasturias.com\/noticias\/wp-content\/uploads\/2020\/01\/120318planEstViviendas.jpg","@id":"https:\/\/www.eldigitaldeasturias.com\/noticias\/saura-celebra-el-claro-respaldo-del-tribunal-constitucional-a-las-medidas-del-gobierno-para-fomentar-el-alquiler-asequible\/#mainImage","width":496,"height":330},"primaryImageOfPage":{"@id":"https:\/\/www.eldigitaldeasturias.com\/noticias\/saura-celebra-el-claro-respaldo-del-tribunal-constitucional-a-las-medidas-del-gobierno-para-fomentar-el-alquiler-asequible\/#mainImage"},"datePublished":"2020-01-31T21:45:05+01:00","dateModified":"2020-01-31T21:45:05+01:00"},{"@type":"WebSite","@id":"https:\/\/www.eldigitaldeasturias.com\/noticias\/#website","url":"https:\/\/www.eldigitaldeasturias.com\/noticias\/","name":"El Digital de Asturias - Diario de actualidad y noticias","alternateName":"El Digital de Asturias - Diario de actualidad y noticias","description":"Hemeroteca","inLanguage":"es-ES","publisher":{"@id":"https:\/\/www.eldigitaldeasturias.com\/noticias\/#organization"}}]},"og:locale":"es_ES","og:site_name":"El Digital de Asturias","og:type":"article","og:title":"Saura celebra el claro respaldo del Tribunal Constitucional a las medidas del Gobierno para fomentar el alquiler asequible - El Digital de Asturias","og:description":"El secretario de Estado de Transportes, Movilidad y Agenda Urbana, Pedro Saura, ha celebrado el claro respaldo del Tribunal Constitucional al &quot;coraz\u00f3n&quot; del Real Decreto-ley 7\/2019, de 1 de marzo, de medidas urgentes en materia de vivienda y alquiler, promovido por el Gobierno y respaldado por el Congreso de los Diputados para fomentar la vivienda","og:url":"https:\/\/www.eldigitaldeasturias.com\/noticias\/saura-celebra-el-claro-respaldo-del-tribunal-constitucional-a-las-medidas-del-gobierno-para-fomentar-el-alquiler-asequible\/","og:image":"https:\/\/www.eldigitaldeasturias.com\/noticias\/wp-content\/uploads\/2020\/01\/120318planEstViviendas.jpg","og:image:secure_url":"https:\/\/www.eldigitaldeasturias.com\/noticias\/wp-content\/uploads\/2020\/01\/120318planEstViviendas.jpg","og:image:width":496,"og:image:height":330,"article:tag":["econom\u00eda"],"article:published_time":"2020-01-31T21:45:05+00:00","article:modified_time":"2020-01-31T21:45:05+00:00","article:publisher":"https:\/\/facebook.com\/eldigitaldeasturias","twitter:card":"summary_large_image","twitter:title":"Saura celebra el claro respaldo del Tribunal Constitucional a las medidas del Gobierno para fomentar el alquiler asequible - El Digital de Asturias","twitter:description":"El secretario de Estado de Transportes, Movilidad y Agenda Urbana, Pedro Saura, ha celebrado el claro respaldo del Tribunal Constitucional al &quot;coraz\u00f3n&quot; del Real Decreto-ley 7\/2019, de 1 de marzo, de medidas urgentes en materia de vivienda y alquiler, promovido por el Gobierno y respaldado por el Congreso de los Diputados para fomentar la vivienda","twitter:image":"https:\/\/www.eldigitaldeasturias.com\/noticias\/wp-content\/uploads\/2020\/01\/120318planEstViviendas.jpg","twitter:label1":"Escrito por","twitter:data1":"El Digital de Asturias","twitter:label2":"Tiempo de lectura estimado","twitter:data2":"2 minutos"},"aioseo_meta_data":{"post_id":"1056361","title":null,"description":null,"keywords":null,"keyphrases":null,"primary_term":null,"canonical_url":null,"og_title":null,"og_description":null,"og_object_type":"default","og_image_type":"default","og_image_url":null,"og_image_width":null,"og_image_height":null,"og_image_custom_url":null,"og_image_custom_fields":null,"og_video":null,"og_custom_url":null,"og_article_section":null,"og_article_tags":null,"twitter_use_og":false,"twitter_card":"default","twitter_image_type":"default","twitter_image_url":null,"twitter_image_custom_url":null,"twitter_image_custom_fields":null,"twitter_title":null,"twitter_description":null,"schema":{"blockGraphs":[],"customGraphs":[],"default":{"data":{"Article":[],"Course":[],"Dataset":[],"FAQPage":[],"Movie":[],"Person":[],"Product":[],"ProductReview":[],"Car":[],"Recipe":[],"Service":[],"SoftwareApplication":[],"WebPage":[]},"graphName":"","isEnabled":true},"graphs":[],"defaultGraph":"","defaultPostTypeGraph":""},"schema_type":null,"schema_type_options":null,"pillar_content":false,"robots_default":true,"robots_noindex":false,"robots_noarchive":false,"robots_nosnippet":false,"robots_nofollow":false,"robots_noimageindex":false,"robots_noodp":false,"robots_notranslate":false,"robots_max_snippet":null,"robots_max_videopreview":null,"robots_max_imagepreview":"large","priority":null,"frequency":null,"local_seo":null,"seo_analyzer_scan_date":"2025-10-30 22:06:15","breadcrumb_settings":null,"limit_modified_date":false,"open_ai":null,"ai":null,"created":"2020-12-21 10:55:56","updated":"2025-10-30 22:06:15"},"aioseo_breadcrumb":"<div class=\"aioseo-breadcrumbs\"><span class=\"aioseo-breadcrumb\">\n\t<a href=\"https:\/\/www.eldigitaldeasturias.com\/noticias\" title=\"Home\">Home<\/a>\n<\/span><span class=\"aioseo-breadcrumb-separator\">\u2013<\/span><span class=\"aioseo-breadcrumb\">\n\t<a href=\"https:\/\/www.eldigitaldeasturias.com\/noticias\/category\/economia\/\" title=\"Econom\u00eda\">Econom\u00eda<\/a>\n<\/span><span class=\"aioseo-breadcrumb-separator\">\u2013<\/span><span class=\"aioseo-breadcrumb\">\n\t<a href=\"https:\/\/www.eldigitaldeasturias.com\/noticias\/saura-celebra-el-claro-respaldo-del-tribunal-constitucional-a-las-medidas-del-gobierno-para-fomentar-el-alquiler-asequible\/\" title=\"Saura celebra el claro respaldo del Tribunal Constitucional a las medidas del Gobierno para fomentar el alquiler asequible\">Saura celebra el claro respaldo del Tribunal Constitucional a las medidas del Gobierno para fomentar el alquiler asequible<\/a>\n<\/span><\/div>","aioseo_breadcrumb_json":[{"label":"Home","link":"https:\/\/www.eldigitaldeasturias.com\/noticias"},{"label":"Econom\u00eda","link":"https:\/\/www.eldigitaldeasturias.com\/noticias\/category\/economia\/"},{"label":"Saura celebra el claro respaldo del Tribunal Constitucional a las medidas del Gobierno para fomentar el alquiler asequible","link":"https:\/\/www.eldigitaldeasturias.com\/noticias\/saura-celebra-el-claro-respaldo-del-tribunal-constitucional-a-las-medidas-del-gobierno-para-fomentar-el-alquiler-asequible\/"}],"_links":{"self":[{"href":"https:\/\/www.eldigitaldeasturias.com\/noticias\/wp-json\/wp\/v2\/posts\/1056361","targetHints":{"allow":["GET"]}}],"collection":[{"href":"https:\/\/www.eldigitaldeasturias.com\/noticias\/wp-json\/wp\/v2\/posts"}],"about":[{"href":"https:\/\/www.eldigitaldeasturias.com\/noticias\/wp-json\/wp\/v2\/types\/post"}],"author":[{"embeddable":true,"href":"https:\/\/www.eldigitaldeasturias.com\/noticias\/wp-json\/wp\/v2\/users\/1"}],"replies":[{"embeddable":true,"href":"https:\/\/www.eldigitaldeasturias.com\/noticias\/wp-json\/wp\/v2\/comments?post=1056361"}],"version-history":[{"count":0,"href":"https:\/\/www.eldigitaldeasturias.com\/noticias\/wp-json\/wp\/v2\/posts\/1056361\/revisions"}],"wp:featuredmedia":[{"embeddable":true,"href":"https:\/\/www.eldigitaldeasturias.com\/noticias\/wp-json\/wp\/v2\/media\/1056362"}],"wp:attachment":[{"href":"https:\/\/www.eldigitaldeasturias.com\/noticias\/wp-json\/wp\/v2\/media?parent=1056361"}],"wp:term":[{"taxonomy":"category","embeddable":true,"href":"https:\/\/www.eldigitaldeasturias.com\/noticias\/wp-json\/wp\/v2\/categories?post=1056361"},{"taxonomy":"post_tag","embeddable":true,"href":"https:\/\/www.eldigitaldeasturias.com\/noticias\/wp-json\/wp\/v2\/tags?post=1056361"}],"curies":[{"name":"wp","href":"https:\/\/api.w.org\/{rel}","templated":true}]}}