{"id":1056358,"date":"2020-01-31T21:38:45","date_gmt":"2020-01-31T21:38:45","guid":{"rendered":"https:\/\/www.eldigitaldeasturias.com\/noticias\/?p=1056358"},"modified":"2020-01-31T21:38:45","modified_gmt":"2020-01-31T21:38:45","slug":"el-ministerio-de-agricultura-pesca-y-alimentacion-participa-en-el-festival-madrid-es-moda","status":"publish","type":"post","link":"https:\/\/www.eldigitaldeasturias.com\/noticias\/el-ministerio-de-agricultura-pesca-y-alimentacion-participa-en-el-festival-madrid-es-moda\/","title":{"rendered":"El Ministerio de Agricultura, Pesca y Alimentaci\u00f3n participa en el festival Madrid es Moda"},"content":{"rendered":"<p><img loading=\"lazy\" decoding=\"async\" class=\"alignleft size-medium wp-image-1056359\" src=\"https:\/\/www.eldigitaldeasturias.com\/noticias\/wp-content\/uploads\/2020\/01\/290120-Alimentacionmoda-360x239.jpg\" alt=\"\" width=\"360\" height=\"239\" srcset=\"https:\/\/www.eldigitaldeasturias.com\/noticias\/wp-content\/uploads\/2020\/01\/290120-Alimentacionmoda-360x239.jpg 360w, https:\/\/www.eldigitaldeasturias.com\/noticias\/wp-content\/uploads\/2020\/01\/290120-Alimentacionmoda-452x300.jpg 452w, https:\/\/www.eldigitaldeasturias.com\/noticias\/wp-content\/uploads\/2020\/01\/290120-Alimentacionmoda.jpg 512w\" sizes=\"auto, (max-width: 360px) 100vw, 360px\" \/>El Ministerio de Agricultura, Pesca y Alimentaci\u00f3n participa en el festival de moda urbano <strong>Madrid es Moda<\/strong>,<strong> que se celebra hasta el 9 de febrero<\/strong>, potenciando la marca <strong>#alimentosdespa\u00f1a<\/strong>.<\/p>\n<p>Bajo el concepto<strong> #Saborealamoda<\/strong>, fruto fusi\u00f3n de la moda <strong>con los#alimentosdespa\u00f1a<\/strong>, el Ministerio est\u00e1 presente en diversos eventos del festival, con videos promocionales y material gr\u00e1fico, as\u00ed como con productos que pueden ser degustados en algunos actos.<\/p>\n<p>Los videos se han realizado en colaboraci\u00f3n con grandes firmas de la moda como, Roberto Verino, Duyos, Agatha Ruiz de la Prada y Juanjo Oliva. En ellos se pueden ver nuestros alimentos m\u00e1s emblem\u00e1ticos: vino, aceite de oliva, frutas y hortalizas y jam\u00f3n ib\u00e9rico.<\/p>\n<p>Los alimentos de Espa\u00f1a tambi\u00e9n est\u00e1n presentes en los eventos organizados por las firmas Roberto Verino, Mans y Beatriz Pe\u00f1alver, mediante la degustaci\u00f3n de productos galardonados con los Premios Alimentos de Espa\u00f1a al Mejor Vino, a\u00f1os 2018 y 2019, Mejor Jam\u00f3n de Bellota Ib\u00e9rico, 2018 y Mejor Queso, 2019.<\/p>\n<p>Madrid es Moda es un festival en el que firmas de moda, museos, librer\u00edas, hoteles y restaurantes convierten el centro de la capital en un gran expositor de creatividad y dise\u00f1o.<\/p>\n<p>Impulsado por la Asociaci\u00f3n Creadores de Moda de Espa\u00f1a (ACME), tiene como objetivo convertir el centro de la capital en un gran expositor de creatividad y dise\u00f1o durante la Madrid Fashion Week.<\/p>\n<p>&nbsp;<\/p>\n","protected":false},"excerpt":{"rendered":"<p>El Ministerio de Agricultura, Pesca y Alimentaci\u00f3n participa en el festival de moda urbano Madrid es Moda, que se celebra hasta el 9 de febrero, potenciando la marca #alimentosdespa\u00f1a. Bajo el concepto #Saborealamoda, fruto fusi\u00f3n de la moda con los#alimentosdespa\u00f1a, el Ministerio est\u00e1 presente en diversos eventos del festival, con videos promocionales y material gr\u00e1fico, [&hellip;]<\/p>\n","protected":false},"author":1,"featured_media":1056359,"comment_status":"closed","ping_status":"closed","sticky":false,"template":"","format":"standard","meta":{"footnotes":""},"categories":[187],"tags":[],"class_list":["post-1056358","post","type-post","status-publish","format-standard","has-post-thumbnail","hentry","category-economia"],"aioseo_notices":[],"aioseo_head":"\n\t\t<!-- All in One SEO Pro 4.9.6.2 - aioseo.com -->\n\t<meta name=\"description\" content=\"El Ministerio de Agricultura, Pesca y Alimentaci\u00f3n participa en el festival de moda urbano Madrid es Moda, que se celebra hasta el 9 de febrero, potenciando la marca #alimentosdespa\u00f1a. Bajo el concepto #Saborealamoda, fruto fusi\u00f3n de la moda con los#alimentosdespa\u00f1a, el Ministerio est\u00e1 presente en diversos eventos del festival, con videos promocionales y material gr\u00e1fico,\" \/>\n\t<meta name=\"robots\" content=\"max-image-preview:large\" \/>\n\t<meta name=\"author\" content=\"El Digital de Asturias\"\/>\n\t<meta name=\"google-site-verification\" content=\"UA-38556648-1\" \/>\n\t<meta name=\"msvalidate.01\" content=\"7dfe9f3f1b24437ab69f4f2559babe99\" \/>\n\t<meta name=\"keywords\" content=\"econom\u00eda\" \/>\n\t<link rel=\"canonical\" href=\"https:\/\/www.eldigitaldeasturias.com\/noticias\/el-ministerio-de-agricultura-pesca-y-alimentacion-participa-en-el-festival-madrid-es-moda\/\" \/>\n\t<meta name=\"generator\" content=\"All in One SEO Pro (AIOSEO) 4.9.6.2\" \/>\n\t\t<meta property=\"og:locale\" content=\"es_ES\" \/>\n\t\t<meta property=\"og:site_name\" content=\"El Digital de Asturias\" \/>\n\t\t<meta property=\"og:type\" content=\"article\" \/>\n\t\t<meta property=\"og:title\" content=\"El Ministerio de Agricultura, Pesca y Alimentaci\u00f3n participa en el festival Madrid es Moda - El Digital de Asturias\" \/>\n\t\t<meta property=\"og:description\" content=\"El Ministerio de Agricultura, Pesca y Alimentaci\u00f3n participa en el festival de moda urbano Madrid es Moda, que se celebra hasta el 9 de febrero, potenciando la marca #alimentosdespa\u00f1a. Bajo el concepto #Saborealamoda, fruto fusi\u00f3n de la moda con los#alimentosdespa\u00f1a, el Ministerio est\u00e1 presente en diversos eventos del festival, con videos promocionales y material gr\u00e1fico,\" \/>\n\t\t<meta property=\"og:url\" content=\"https:\/\/www.eldigitaldeasturias.com\/noticias\/el-ministerio-de-agricultura-pesca-y-alimentacion-participa-en-el-festival-madrid-es-moda\/\" \/>\n\t\t<meta property=\"og:image\" content=\"https:\/\/www.eldigitaldeasturias.com\/noticias\/wp-content\/uploads\/2020\/01\/290120-Alimentacionmoda.jpg\" \/>\n\t\t<meta property=\"og:image:secure_url\" content=\"https:\/\/www.eldigitaldeasturias.com\/noticias\/wp-content\/uploads\/2020\/01\/290120-Alimentacionmoda.jpg\" \/>\n\t\t<meta property=\"og:image:width\" content=\"512\" \/>\n\t\t<meta property=\"og:image:height\" content=\"340\" \/>\n\t\t<meta property=\"article:tag\" content=\"econom\u00eda\" \/>\n\t\t<meta property=\"article:published_time\" content=\"2020-01-31T21:38:45+00:00\" \/>\n\t\t<meta property=\"article:modified_time\" content=\"2020-01-31T21:38:45+00:00\" \/>\n\t\t<meta property=\"article:publisher\" content=\"https:\/\/facebook.com\/eldigitaldeasturias\" \/>\n\t\t<meta name=\"twitter:card\" content=\"summary_large_image\" \/>\n\t\t<meta name=\"twitter:title\" content=\"El Ministerio de Agricultura, Pesca y Alimentaci\u00f3n participa en el festival Madrid es Moda - El Digital de Asturias\" \/>\n\t\t<meta name=\"twitter:description\" content=\"El Ministerio de Agricultura, Pesca y Alimentaci\u00f3n participa en el festival de moda urbano Madrid es Moda, que se celebra hasta el 9 de febrero, potenciando la marca #alimentosdespa\u00f1a. Bajo el concepto #Saborealamoda, fruto fusi\u00f3n de la moda con los#alimentosdespa\u00f1a, el Ministerio est\u00e1 presente en diversos eventos del festival, con videos promocionales y material gr\u00e1fico,\" \/>\n\t\t<meta name=\"twitter:image\" content=\"https:\/\/www.eldigitaldeasturias.com\/noticias\/wp-content\/uploads\/2020\/01\/290120-Alimentacionmoda.jpg\" \/>\n\t\t<meta name=\"twitter:label1\" content=\"Escrito por\" \/>\n\t\t<meta name=\"twitter:data1\" content=\"El Digital de Asturias\" \/>\n\t\t<meta name=\"twitter:label2\" content=\"Tiempo de lectura estimado\" \/>\n\t\t<meta name=\"twitter:data2\" content=\"1 minuto\" \/>\n\t\t<script type=\"application\/ld+json\" class=\"aioseo-schema\">\n\t\t\t{\"@context\":\"https:\\\/\\\/schema.org\",\"@graph\":[{\"@type\":\"BlogPosting\",\"@id\":\"https:\\\/\\\/www.eldigitaldeasturias.com\\\/noticias\\\/el-ministerio-de-agricultura-pesca-y-alimentacion-participa-en-el-festival-madrid-es-moda\\\/#blogposting\",\"name\":\"El Ministerio de Agricultura, Pesca y Alimentaci\\u00f3n participa en el festival Madrid es Moda - El Digital de Asturias\",\"headline\":\"El Ministerio de Agricultura, Pesca y Alimentaci\\u00f3n participa en el festival Madrid es Moda\",\"author\":{\"@id\":\"https:\\\/\\\/www.eldigitaldeasturias.com\\\/noticias\\\/author\\\/admin\\\/#author\"},\"publisher\":{\"@id\":\"https:\\\/\\\/www.eldigitaldeasturias.com\\\/noticias\\\/#organization\"},\"image\":{\"@type\":\"ImageObject\",\"url\":\"https:\\\/\\\/www.eldigitaldeasturias.com\\\/noticias\\\/wp-content\\\/uploads\\\/2020\\\/01\\\/290120-Alimentacionmoda.jpg\",\"width\":512,\"height\":340},\"datePublished\":\"2020-01-31T21:38:45+01:00\",\"dateModified\":\"2020-01-31T21:38:45+01:00\",\"inLanguage\":\"es-ES\",\"mainEntityOfPage\":{\"@id\":\"https:\\\/\\\/www.eldigitaldeasturias.com\\\/noticias\\\/el-ministerio-de-agricultura-pesca-y-alimentacion-participa-en-el-festival-madrid-es-moda\\\/#webpage\"},\"isPartOf\":{\"@id\":\"https:\\\/\\\/www.eldigitaldeasturias.com\\\/noticias\\\/el-ministerio-de-agricultura-pesca-y-alimentacion-participa-en-el-festival-madrid-es-moda\\\/#webpage\"},\"articleSection\":\"Econom\\u00eda\"},{\"@type\":\"BreadcrumbList\",\"@id\":\"https:\\\/\\\/www.eldigitaldeasturias.com\\\/noticias\\\/el-ministerio-de-agricultura-pesca-y-alimentacion-participa-en-el-festival-madrid-es-moda\\\/#breadcrumblist\",\"itemListElement\":[{\"@type\":\"ListItem\",\"@id\":\"https:\\\/\\\/www.eldigitaldeasturias.com\\\/noticias#listItem\",\"position\":1,\"name\":\"Home\",\"item\":\"https:\\\/\\\/www.eldigitaldeasturias.com\\\/noticias\",\"nextItem\":{\"@type\":\"ListItem\",\"@id\":\"https:\\\/\\\/www.eldigitaldeasturias.com\\\/noticias\\\/category\\\/economia\\\/#listItem\",\"name\":\"Econom\\u00eda\"}},{\"@type\":\"ListItem\",\"@id\":\"https:\\\/\\\/www.eldigitaldeasturias.com\\\/noticias\\\/category\\\/economia\\\/#listItem\",\"position\":2,\"name\":\"Econom\\u00eda\",\"item\":\"https:\\\/\\\/www.eldigitaldeasturias.com\\\/noticias\\\/category\\\/economia\\\/\",\"nextItem\":{\"@type\":\"ListItem\",\"@id\":\"https:\\\/\\\/www.eldigitaldeasturias.com\\\/noticias\\\/el-ministerio-de-agricultura-pesca-y-alimentacion-participa-en-el-festival-madrid-es-moda\\\/#listItem\",\"name\":\"El Ministerio de Agricultura, Pesca y Alimentaci\\u00f3n participa en el festival Madrid es Moda\"},\"previousItem\":{\"@type\":\"ListItem\",\"@id\":\"https:\\\/\\\/www.eldigitaldeasturias.com\\\/noticias#listItem\",\"name\":\"Home\"}},{\"@type\":\"ListItem\",\"@id\":\"https:\\\/\\\/www.eldigitaldeasturias.com\\\/noticias\\\/el-ministerio-de-agricultura-pesca-y-alimentacion-participa-en-el-festival-madrid-es-moda\\\/#listItem\",\"position\":3,\"name\":\"El Ministerio de Agricultura, Pesca y Alimentaci\\u00f3n participa en el festival Madrid es Moda\",\"previousItem\":{\"@type\":\"ListItem\",\"@id\":\"https:\\\/\\\/www.eldigitaldeasturias.com\\\/noticias\\\/category\\\/economia\\\/#listItem\",\"name\":\"Econom\\u00eda\"}}]},{\"@type\":\"Organization\",\"@id\":\"https:\\\/\\\/www.eldigitaldeasturias.com\\\/noticias\\\/#organization\",\"name\":\"El Digital de Asturias\",\"description\":\"Hemeroteca\",\"url\":\"https:\\\/\\\/www.eldigitaldeasturias.com\\\/noticias\\\/\",\"email\":\"info@eldigitaldeasturias.com\",\"telephone\":\"+34652131393\",\"logo\":{\"@type\":\"ImageObject\",\"url\":\"https:\\\/\\\/www.eldigitaldeasturias.com\\\/noticias\\\/wp-content\\\/uploads\\\/2020\\\/12\\\/EDA.jpg\",\"@id\":\"https:\\\/\\\/www.eldigitaldeasturias.com\\\/noticias\\\/el-ministerio-de-agricultura-pesca-y-alimentacion-participa-en-el-festival-madrid-es-moda\\\/#organizationLogo\",\"width\":649,\"height\":297},\"image\":{\"@id\":\"https:\\\/\\\/www.eldigitaldeasturias.com\\\/noticias\\\/el-ministerio-de-agricultura-pesca-y-alimentacion-participa-en-el-festival-madrid-es-moda\\\/#organizationLogo\"},\"sameAs\":[\"https:\\\/\\\/facebook.com\\\/eldigitaldeasturias\",\"https:\\\/\\\/www.youtube.com\\\/channel\\\/UCZP-2wLEB9Rv6erhFmqVnvg\"],\"address\":{\"@id\":\"https:\\\/\\\/www.eldigitaldeasturias.com\\\/noticias\\\/#postaladdress\",\"@type\":\"PostalAddress\",\"streetAddress\":\"san antonio 4,\",\"postalCode\":\"33430\",\"addressLocality\":\"Cand\\u00e1s\",\"addressRegion\":\"Asturias\",\"addressCountry\":\"ES\"}},{\"@type\":\"Person\",\"@id\":\"https:\\\/\\\/www.eldigitaldeasturias.com\\\/noticias\\\/author\\\/admin\\\/#author\",\"url\":\"https:\\\/\\\/www.eldigitaldeasturias.com\\\/noticias\\\/author\\\/admin\\\/\",\"name\":\"El Digital de Asturias\",\"image\":{\"@type\":\"ImageObject\",\"@id\":\"https:\\\/\\\/www.eldigitaldeasturias.com\\\/noticias\\\/el-ministerio-de-agricultura-pesca-y-alimentacion-participa-en-el-festival-madrid-es-moda\\\/#authorImage\",\"url\":\"https:\\\/\\\/www.eldigitaldeasturias.com\\\/noticias\\\/wp-content\\\/litespeed\\\/avatar\\\/18677e78aa0546b92d9dbf31ec7d7668.jpg?ver=1776685526\",\"width\":96,\"height\":96,\"caption\":\"El Digital de Asturias\"}},{\"@type\":\"WebPage\",\"@id\":\"https:\\\/\\\/www.eldigitaldeasturias.com\\\/noticias\\\/el-ministerio-de-agricultura-pesca-y-alimentacion-participa-en-el-festival-madrid-es-moda\\\/#webpage\",\"url\":\"https:\\\/\\\/www.eldigitaldeasturias.com\\\/noticias\\\/el-ministerio-de-agricultura-pesca-y-alimentacion-participa-en-el-festival-madrid-es-moda\\\/\",\"name\":\"El Ministerio de Agricultura, Pesca y Alimentaci\\u00f3n participa en el festival Madrid es Moda - El Digital de Asturias\",\"description\":\"El Ministerio de Agricultura, Pesca y Alimentaci\\u00f3n participa en el festival de moda urbano Madrid es Moda, que se celebra hasta el 9 de febrero, potenciando la marca #alimentosdespa\\u00f1a. Bajo el concepto #Saborealamoda, fruto fusi\\u00f3n de la moda con los#alimentosdespa\\u00f1a, el Ministerio est\\u00e1 presente en diversos eventos del festival, con videos promocionales y material gr\\u00e1fico,\",\"inLanguage\":\"es-ES\",\"isPartOf\":{\"@id\":\"https:\\\/\\\/www.eldigitaldeasturias.com\\\/noticias\\\/#website\"},\"breadcrumb\":{\"@id\":\"https:\\\/\\\/www.eldigitaldeasturias.com\\\/noticias\\\/el-ministerio-de-agricultura-pesca-y-alimentacion-participa-en-el-festival-madrid-es-moda\\\/#breadcrumblist\"},\"author\":{\"@id\":\"https:\\\/\\\/www.eldigitaldeasturias.com\\\/noticias\\\/author\\\/admin\\\/#author\"},\"creator\":{\"@id\":\"https:\\\/\\\/www.eldigitaldeasturias.com\\\/noticias\\\/author\\\/admin\\\/#author\"},\"image\":{\"@type\":\"ImageObject\",\"url\":\"https:\\\/\\\/www.eldigitaldeasturias.com\\\/noticias\\\/wp-content\\\/uploads\\\/2020\\\/01\\\/290120-Alimentacionmoda.jpg\",\"@id\":\"https:\\\/\\\/www.eldigitaldeasturias.com\\\/noticias\\\/el-ministerio-de-agricultura-pesca-y-alimentacion-participa-en-el-festival-madrid-es-moda\\\/#mainImage\",\"width\":512,\"height\":340},\"primaryImageOfPage\":{\"@id\":\"https:\\\/\\\/www.eldigitaldeasturias.com\\\/noticias\\\/el-ministerio-de-agricultura-pesca-y-alimentacion-participa-en-el-festival-madrid-es-moda\\\/#mainImage\"},\"datePublished\":\"2020-01-31T21:38:45+01:00\",\"dateModified\":\"2020-01-31T21:38:45+01:00\"},{\"@type\":\"WebSite\",\"@id\":\"https:\\\/\\\/www.eldigitaldeasturias.com\\\/noticias\\\/#website\",\"url\":\"https:\\\/\\\/www.eldigitaldeasturias.com\\\/noticias\\\/\",\"name\":\"El Digital de Asturias - Diario de actualidad y noticias\",\"alternateName\":\"El Digital de Asturias - Diario de actualidad y noticias\",\"description\":\"Hemeroteca\",\"inLanguage\":\"es-ES\",\"publisher\":{\"@id\":\"https:\\\/\\\/www.eldigitaldeasturias.com\\\/noticias\\\/#organization\"}}]}\n\t\t<\/script>\n\t\t<!-- All in One SEO Pro -->\r\n\t\t<title>El Ministerio de Agricultura, Pesca y Alimentaci\u00f3n participa en el festival Madrid es Moda - El Digital de Asturias<\/title>\n\n","aioseo_head_json":{"title":"El Ministerio de Agricultura, Pesca y Alimentaci\u00f3n participa en el festival Madrid es Moda - El Digital de Asturias","description":"El Ministerio de Agricultura, Pesca y Alimentaci\u00f3n participa en el festival de moda urbano Madrid es Moda, que se celebra hasta el 9 de febrero, potenciando la marca #alimentosdespa\u00f1a. Bajo el concepto #Saborealamoda, fruto fusi\u00f3n de la moda con los#alimentosdespa\u00f1a, el Ministerio est\u00e1 presente en diversos eventos del festival, con videos promocionales y material gr\u00e1fico,","canonical_url":"https:\/\/www.eldigitaldeasturias.com\/noticias\/el-ministerio-de-agricultura-pesca-y-alimentacion-participa-en-el-festival-madrid-es-moda\/","robots":"max-image-preview:large","keywords":"econom\u00eda","webmasterTools":{"google-site-verification":"UA-38556648-1","msvalidate.01":"7dfe9f3f1b24437ab69f4f2559babe99","miscellaneous":""},"schema":{"@context":"https:\/\/schema.org","@graph":[{"@type":"BlogPosting","@id":"https:\/\/www.eldigitaldeasturias.com\/noticias\/el-ministerio-de-agricultura-pesca-y-alimentacion-participa-en-el-festival-madrid-es-moda\/#blogposting","name":"El Ministerio de Agricultura, Pesca y Alimentaci\u00f3n participa en el festival Madrid es Moda - El Digital de Asturias","headline":"El Ministerio de Agricultura, Pesca y Alimentaci\u00f3n participa en el festival Madrid es Moda","author":{"@id":"https:\/\/www.eldigitaldeasturias.com\/noticias\/author\/admin\/#author"},"publisher":{"@id":"https:\/\/www.eldigitaldeasturias.com\/noticias\/#organization"},"image":{"@type":"ImageObject","url":"https:\/\/www.eldigitaldeasturias.com\/noticias\/wp-content\/uploads\/2020\/01\/290120-Alimentacionmoda.jpg","width":512,"height":340},"datePublished":"2020-01-31T21:38:45+01:00","dateModified":"2020-01-31T21:38:45+01:00","inLanguage":"es-ES","mainEntityOfPage":{"@id":"https:\/\/www.eldigitaldeasturias.com\/noticias\/el-ministerio-de-agricultura-pesca-y-alimentacion-participa-en-el-festival-madrid-es-moda\/#webpage"},"isPartOf":{"@id":"https:\/\/www.eldigitaldeasturias.com\/noticias\/el-ministerio-de-agricultura-pesca-y-alimentacion-participa-en-el-festival-madrid-es-moda\/#webpage"},"articleSection":"Econom\u00eda"},{"@type":"BreadcrumbList","@id":"https:\/\/www.eldigitaldeasturias.com\/noticias\/el-ministerio-de-agricultura-pesca-y-alimentacion-participa-en-el-festival-madrid-es-moda\/#breadcrumblist","itemListElement":[{"@type":"ListItem","@id":"https:\/\/www.eldigitaldeasturias.com\/noticias#listItem","position":1,"name":"Home","item":"https:\/\/www.eldigitaldeasturias.com\/noticias","nextItem":{"@type":"ListItem","@id":"https:\/\/www.eldigitaldeasturias.com\/noticias\/category\/economia\/#listItem","name":"Econom\u00eda"}},{"@type":"ListItem","@id":"https:\/\/www.eldigitaldeasturias.com\/noticias\/category\/economia\/#listItem","position":2,"name":"Econom\u00eda","item":"https:\/\/www.eldigitaldeasturias.com\/noticias\/category\/economia\/","nextItem":{"@type":"ListItem","@id":"https:\/\/www.eldigitaldeasturias.com\/noticias\/el-ministerio-de-agricultura-pesca-y-alimentacion-participa-en-el-festival-madrid-es-moda\/#listItem","name":"El Ministerio de Agricultura, Pesca y Alimentaci\u00f3n participa en el festival Madrid es Moda"},"previousItem":{"@type":"ListItem","@id":"https:\/\/www.eldigitaldeasturias.com\/noticias#listItem","name":"Home"}},{"@type":"ListItem","@id":"https:\/\/www.eldigitaldeasturias.com\/noticias\/el-ministerio-de-agricultura-pesca-y-alimentacion-participa-en-el-festival-madrid-es-moda\/#listItem","position":3,"name":"El Ministerio de Agricultura, Pesca y Alimentaci\u00f3n participa en el festival Madrid es Moda","previousItem":{"@type":"ListItem","@id":"https:\/\/www.eldigitaldeasturias.com\/noticias\/category\/economia\/#listItem","name":"Econom\u00eda"}}]},{"@type":"Organization","@id":"https:\/\/www.eldigitaldeasturias.com\/noticias\/#organization","name":"El Digital de Asturias","description":"Hemeroteca","url":"https:\/\/www.eldigitaldeasturias.com\/noticias\/","email":"info@eldigitaldeasturias.com","telephone":"+34652131393","logo":{"@type":"ImageObject","url":"https:\/\/www.eldigitaldeasturias.com\/noticias\/wp-content\/uploads\/2020\/12\/EDA.jpg","@id":"https:\/\/www.eldigitaldeasturias.com\/noticias\/el-ministerio-de-agricultura-pesca-y-alimentacion-participa-en-el-festival-madrid-es-moda\/#organizationLogo","width":649,"height":297},"image":{"@id":"https:\/\/www.eldigitaldeasturias.com\/noticias\/el-ministerio-de-agricultura-pesca-y-alimentacion-participa-en-el-festival-madrid-es-moda\/#organizationLogo"},"sameAs":["https:\/\/facebook.com\/eldigitaldeasturias","https:\/\/www.youtube.com\/channel\/UCZP-2wLEB9Rv6erhFmqVnvg"],"address":{"@id":"https:\/\/www.eldigitaldeasturias.com\/noticias\/#postaladdress","@type":"PostalAddress","streetAddress":"san antonio 4,","postalCode":"33430","addressLocality":"Cand\u00e1s","addressRegion":"Asturias","addressCountry":"ES"}},{"@type":"Person","@id":"https:\/\/www.eldigitaldeasturias.com\/noticias\/author\/admin\/#author","url":"https:\/\/www.eldigitaldeasturias.com\/noticias\/author\/admin\/","name":"El Digital de Asturias","image":{"@type":"ImageObject","@id":"https:\/\/www.eldigitaldeasturias.com\/noticias\/el-ministerio-de-agricultura-pesca-y-alimentacion-participa-en-el-festival-madrid-es-moda\/#authorImage","url":"https:\/\/www.eldigitaldeasturias.com\/noticias\/wp-content\/litespeed\/avatar\/18677e78aa0546b92d9dbf31ec7d7668.jpg?ver=1776685526","width":96,"height":96,"caption":"El Digital de Asturias"}},{"@type":"WebPage","@id":"https:\/\/www.eldigitaldeasturias.com\/noticias\/el-ministerio-de-agricultura-pesca-y-alimentacion-participa-en-el-festival-madrid-es-moda\/#webpage","url":"https:\/\/www.eldigitaldeasturias.com\/noticias\/el-ministerio-de-agricultura-pesca-y-alimentacion-participa-en-el-festival-madrid-es-moda\/","name":"El Ministerio de Agricultura, Pesca y Alimentaci\u00f3n participa en el festival Madrid es Moda - El Digital de Asturias","description":"El Ministerio de Agricultura, Pesca y Alimentaci\u00f3n participa en el festival de moda urbano Madrid es Moda, que se celebra hasta el 9 de febrero, potenciando la marca #alimentosdespa\u00f1a. Bajo el concepto #Saborealamoda, fruto fusi\u00f3n de la moda con los#alimentosdespa\u00f1a, el Ministerio est\u00e1 presente en diversos eventos del festival, con videos promocionales y material gr\u00e1fico,","inLanguage":"es-ES","isPartOf":{"@id":"https:\/\/www.eldigitaldeasturias.com\/noticias\/#website"},"breadcrumb":{"@id":"https:\/\/www.eldigitaldeasturias.com\/noticias\/el-ministerio-de-agricultura-pesca-y-alimentacion-participa-en-el-festival-madrid-es-moda\/#breadcrumblist"},"author":{"@id":"https:\/\/www.eldigitaldeasturias.com\/noticias\/author\/admin\/#author"},"creator":{"@id":"https:\/\/www.eldigitaldeasturias.com\/noticias\/author\/admin\/#author"},"image":{"@type":"ImageObject","url":"https:\/\/www.eldigitaldeasturias.com\/noticias\/wp-content\/uploads\/2020\/01\/290120-Alimentacionmoda.jpg","@id":"https:\/\/www.eldigitaldeasturias.com\/noticias\/el-ministerio-de-agricultura-pesca-y-alimentacion-participa-en-el-festival-madrid-es-moda\/#mainImage","width":512,"height":340},"primaryImageOfPage":{"@id":"https:\/\/www.eldigitaldeasturias.com\/noticias\/el-ministerio-de-agricultura-pesca-y-alimentacion-participa-en-el-festival-madrid-es-moda\/#mainImage"},"datePublished":"2020-01-31T21:38:45+01:00","dateModified":"2020-01-31T21:38:45+01:00"},{"@type":"WebSite","@id":"https:\/\/www.eldigitaldeasturias.com\/noticias\/#website","url":"https:\/\/www.eldigitaldeasturias.com\/noticias\/","name":"El Digital de Asturias - Diario de actualidad y noticias","alternateName":"El Digital de Asturias - Diario de actualidad y noticias","description":"Hemeroteca","inLanguage":"es-ES","publisher":{"@id":"https:\/\/www.eldigitaldeasturias.com\/noticias\/#organization"}}]},"og:locale":"es_ES","og:site_name":"El Digital de Asturias","og:type":"article","og:title":"El Ministerio de Agricultura, Pesca y Alimentaci\u00f3n participa en el festival Madrid es Moda - El Digital de Asturias","og:description":"El Ministerio de Agricultura, Pesca y Alimentaci\u00f3n participa en el festival de moda urbano Madrid es Moda, que se celebra hasta el 9 de febrero, potenciando la marca #alimentosdespa\u00f1a. Bajo el concepto #Saborealamoda, fruto fusi\u00f3n de la moda con los#alimentosdespa\u00f1a, el Ministerio est\u00e1 presente en diversos eventos del festival, con videos promocionales y material gr\u00e1fico,","og:url":"https:\/\/www.eldigitaldeasturias.com\/noticias\/el-ministerio-de-agricultura-pesca-y-alimentacion-participa-en-el-festival-madrid-es-moda\/","og:image":"https:\/\/www.eldigitaldeasturias.com\/noticias\/wp-content\/uploads\/2020\/01\/290120-Alimentacionmoda.jpg","og:image:secure_url":"https:\/\/www.eldigitaldeasturias.com\/noticias\/wp-content\/uploads\/2020\/01\/290120-Alimentacionmoda.jpg","og:image:width":512,"og:image:height":340,"article:tag":["econom\u00eda"],"article:published_time":"2020-01-31T21:38:45+00:00","article:modified_time":"2020-01-31T21:38:45+00:00","article:publisher":"https:\/\/facebook.com\/eldigitaldeasturias","twitter:card":"summary_large_image","twitter:title":"El Ministerio de Agricultura, Pesca y Alimentaci\u00f3n participa en el festival Madrid es Moda - El Digital de Asturias","twitter:description":"El Ministerio de Agricultura, Pesca y Alimentaci\u00f3n participa en el festival de moda urbano Madrid es Moda, que se celebra hasta el 9 de febrero, potenciando la marca #alimentosdespa\u00f1a. Bajo el concepto #Saborealamoda, fruto fusi\u00f3n de la moda con los#alimentosdespa\u00f1a, el Ministerio est\u00e1 presente en diversos eventos del festival, con videos promocionales y material gr\u00e1fico,","twitter:image":"https:\/\/www.eldigitaldeasturias.com\/noticias\/wp-content\/uploads\/2020\/01\/290120-Alimentacionmoda.jpg","twitter:label1":"Escrito por","twitter:data1":"El Digital de Asturias","twitter:label2":"Tiempo de lectura estimado","twitter:data2":"1 minuto"},"aioseo_meta_data":{"post_id":"1056358","title":null,"description":null,"keywords":null,"keyphrases":null,"primary_term":null,"canonical_url":null,"og_title":null,"og_description":null,"og_object_type":"default","og_image_type":"default","og_image_url":null,"og_image_width":null,"og_image_height":null,"og_image_custom_url":null,"og_image_custom_fields":null,"og_video":null,"og_custom_url":null,"og_article_section":null,"og_article_tags":null,"twitter_use_og":false,"twitter_card":"default","twitter_image_type":"default","twitter_image_url":null,"twitter_image_custom_url":null,"twitter_image_custom_fields":null,"twitter_title":null,"twitter_description":null,"schema":{"blockGraphs":[],"customGraphs":[],"default":{"data":{"Article":[],"Course":[],"Dataset":[],"FAQPage":[],"Movie":[],"Person":[],"Product":[],"ProductReview":[],"Car":[],"Recipe":[],"Service":[],"SoftwareApplication":[],"WebPage":[]},"graphName":"","isEnabled":true},"graphs":[],"defaultGraph":"","defaultPostTypeGraph":""},"schema_type":null,"schema_type_options":null,"pillar_content":false,"robots_default":true,"robots_noindex":false,"robots_noarchive":false,"robots_nosnippet":false,"robots_nofollow":false,"robots_noimageindex":false,"robots_noodp":false,"robots_notranslate":false,"robots_max_snippet":null,"robots_max_videopreview":null,"robots_max_imagepreview":"large","priority":null,"frequency":null,"local_seo":null,"seo_analyzer_scan_date":"2025-10-30 22:06:14","breadcrumb_settings":null,"limit_modified_date":false,"open_ai":null,"ai":null,"created":"2020-12-21 10:55:56","updated":"2025-10-30 22:06:14"},"aioseo_breadcrumb":"<div class=\"aioseo-breadcrumbs\"><span class=\"aioseo-breadcrumb\">\n\t<a href=\"https:\/\/www.eldigitaldeasturias.com\/noticias\" title=\"Home\">Home<\/a>\n<\/span><span class=\"aioseo-breadcrumb-separator\">\u2013<\/span><span class=\"aioseo-breadcrumb\">\n\t<a href=\"https:\/\/www.eldigitaldeasturias.com\/noticias\/category\/economia\/\" title=\"Econom\u00eda\">Econom\u00eda<\/a>\n<\/span><span class=\"aioseo-breadcrumb-separator\">\u2013<\/span><span class=\"aioseo-breadcrumb\">\n\t<a href=\"https:\/\/www.eldigitaldeasturias.com\/noticias\/el-ministerio-de-agricultura-pesca-y-alimentacion-participa-en-el-festival-madrid-es-moda\/\" title=\"El Ministerio de Agricultura, Pesca y Alimentaci\u00f3n participa en el festival Madrid es Moda\">El Ministerio de Agricultura, Pesca y Alimentaci\u00f3n participa en el festival Madrid es Moda<\/a>\n<\/span><\/div>","aioseo_breadcrumb_json":[{"label":"Home","link":"https:\/\/www.eldigitaldeasturias.com\/noticias"},{"label":"Econom\u00eda","link":"https:\/\/www.eldigitaldeasturias.com\/noticias\/category\/economia\/"},{"label":"El Ministerio de Agricultura, Pesca y Alimentaci\u00f3n participa en el festival Madrid es Moda","link":"https:\/\/www.eldigitaldeasturias.com\/noticias\/el-ministerio-de-agricultura-pesca-y-alimentacion-participa-en-el-festival-madrid-es-moda\/"}],"_links":{"self":[{"href":"https:\/\/www.eldigitaldeasturias.com\/noticias\/wp-json\/wp\/v2\/posts\/1056358","targetHints":{"allow":["GET"]}}],"collection":[{"href":"https:\/\/www.eldigitaldeasturias.com\/noticias\/wp-json\/wp\/v2\/posts"}],"about":[{"href":"https:\/\/www.eldigitaldeasturias.com\/noticias\/wp-json\/wp\/v2\/types\/post"}],"author":[{"embeddable":true,"href":"https:\/\/www.eldigitaldeasturias.com\/noticias\/wp-json\/wp\/v2\/users\/1"}],"replies":[{"embeddable":true,"href":"https:\/\/www.eldigitaldeasturias.com\/noticias\/wp-json\/wp\/v2\/comments?post=1056358"}],"version-history":[{"count":0,"href":"https:\/\/www.eldigitaldeasturias.com\/noticias\/wp-json\/wp\/v2\/posts\/1056358\/revisions"}],"wp:featuredmedia":[{"embeddable":true,"href":"https:\/\/www.eldigitaldeasturias.com\/noticias\/wp-json\/wp\/v2\/media\/1056359"}],"wp:attachment":[{"href":"https:\/\/www.eldigitaldeasturias.com\/noticias\/wp-json\/wp\/v2\/media?parent=1056358"}],"wp:term":[{"taxonomy":"category","embeddable":true,"href":"https:\/\/www.eldigitaldeasturias.com\/noticias\/wp-json\/wp\/v2\/categories?post=1056358"},{"taxonomy":"post_tag","embeddable":true,"href":"https:\/\/www.eldigitaldeasturias.com\/noticias\/wp-json\/wp\/v2\/tags?post=1056358"}],"curies":[{"name":"wp","href":"https:\/\/api.w.org\/{rel}","templated":true}]}}