{"id":1056238,"date":"2020-01-30T21:20:49","date_gmt":"2020-01-30T21:20:49","guid":{"rendered":"https:\/\/www.eldigitaldeasturias.com\/noticias\/?p=1056238"},"modified":"2020-01-30T21:20:49","modified_gmt":"2020-01-30T21:20:49","slug":"tramitadas-420-549-prestaciones-por-nacimiento-y-cuidado-de-menores-entre-abril-y-diciembre-de-2019","status":"publish","type":"post","link":"https:\/\/www.eldigitaldeasturias.com\/noticias\/tramitadas-420-549-prestaciones-por-nacimiento-y-cuidado-de-menores-entre-abril-y-diciembre-de-2019\/","title":{"rendered":"Tramitadas 420.549 prestaciones por nacimiento y cuidado de menores entre abril y diciembre de 2019"},"content":{"rendered":"<p><img loading=\"lazy\" decoding=\"async\" class=\"alignleft size-medium wp-image-1056239\" src=\"https:\/\/www.eldigitaldeasturias.com\/noticias\/wp-content\/uploads\/2020\/01\/26032019_Maternidad-360x239.jpg\" alt=\"\" width=\"360\" height=\"239\" srcset=\"https:\/\/www.eldigitaldeasturias.com\/noticias\/wp-content\/uploads\/2020\/01\/26032019_Maternidad-360x239.jpg 360w, https:\/\/www.eldigitaldeasturias.com\/noticias\/wp-content\/uploads\/2020\/01\/26032019_Maternidad-452x300.jpg 452w, https:\/\/www.eldigitaldeasturias.com\/noticias\/wp-content\/uploads\/2020\/01\/26032019_Maternidad.jpg 512w\" sizes=\"auto, (max-width: 360px) 100vw, 360px\" \/>El Instituto Nacional de la Seguridad Social (INSS) gestion\u00f3 <strong>420.549 prestaciones econ\u00f3micas de nacimiento y cuidado de menor entre abril y diciembre de 2019<\/strong>.<\/p>\n<p>Estas prestaciones de la Seguridad Social sustituyeron a las de maternidad y paternidad a partir de la aprobaci\u00f3n del Real Decreto-ley 6\/2019 de 1 de marzo de medidas urgentes para garant\u00eda de la igualdad de trato y de oportunidades entre mujeres y hombres en el empleo y la ocupaci\u00f3n. Este mismo Real Decreto estableci\u00f3 un periodo transitorio para la total equiparaci\u00f3n de ambos permisos que culmina en 2021.<\/p>\n<p>Entre abril y diciembre del a\u00f1o pasado, 185.077 prestaciones por nacimiento y cuidado de menor han sido disfrutadas por el primer progenitor, habitualmente la madre, y 235.472 por el segundo (en la mayor\u00eda de los casos, el padre). De las 185.077 prestaciones disfrutadas por el primer progenitor, 2.805 han sido compartidas con el segundo.<\/p>\n<p>Por comunidades aut\u00f3nomas, el mayor n\u00famero de procesos entre abril y diciembre ha correspondido a Catalu\u00f1a (75.431), Andaluc\u00eda (73.091), Madrid (69.288) y Comunidad Valenciana (40.654).<\/p>\n<p><strong>La Seguridad Social ha dedicado 1.673,58 millones de euros al pago de estas prestaciones contributivas en esos tres trimestres<\/strong>. En ese periodo, el permiso que correspond\u00eda al de paternidad se ampli\u00f3 a 8 semanas.<\/p>\n<p>Desde el 1 de enero de 2020, el permiso del segundo progenitor en caso de parto biol\u00f3gico asciende a 12 semanas, con cuatro obligatorias tras el parto en caso de nacimiento y el resto voluntarias. La madre, que tiene 16 semanas de baja, puede ceder de su permiso dos semanas al padre. En caso de adopci\u00f3n, guarda o acogimiento, cada progenitor dispondr\u00e1 de 6 semanas obligatorias a partir de la resoluci\u00f3n judicial o decisi\u00f3n administrativa y 16 semanas voluntarias a distribuir entre los dos, con un m\u00e1ximo de 10 semanas para uno de ellos.<\/p>\n<p>Est\u00e1 previsto que en 2021 esta prestaci\u00f3n, igual para ambos progenitores, se reconozca como un derecho individual y no transferible. Ser\u00e1 de 16 semanas y 6 de ellas deber\u00e1n disfrutarse despu\u00e9s del parto o resoluci\u00f3n judicial o administrativa en caso de adopci\u00f3n, guarda o acogimiento.<\/p>\n<p>La cuant\u00eda de estas prestaciones es equivalente al cien por cien del salario y se abona directamente por el Instituto Nacional de la Seguridad Social (INSS) durante las semanas que dura el permiso.<\/p>\n<h3>Excedencia por cuidado de hijo, menor acogido o familiar<\/h3>\n<p>Las trabajadoras y trabajadores pueden solicitar excedencia para atender al cuidado de hijo o menor acogido o de otros familiares. En este caso, la duraci\u00f3n del periodo considerado de cotizaci\u00f3n efectiva depender\u00e1 de los supuestos contemplados en la Ley General de la Seguridad Social, modificada con la entrada en vigor de la Ley de Igualdad que ampli\u00f3 el alcance y duraci\u00f3n de esta prestaci\u00f3n.<\/p>\n<p>A lo largo de 2019, se han registrado 59.446 excedencias por cuidado familiar, de las cuales 52.889 corresponden a mujeres, el 86,96%, y 6.557, a hombres. La variaci\u00f3n interanual ha sido de 4,19%, lo que ha supuesto un aumento de 2.389 excedencias respecto a 2018.<\/p>\n<p>Por comunidades aut\u00f3nomas, el mayor n\u00famero de excedencias se ha producido en Madrid (14.227), Catalu\u00f1a (8.787), Andaluc\u00eda (6.708), Comunidad Valenciana (5.406), y Pa\u00eds Vasco (5.567).<\/p>\n<p>&nbsp;<\/p>\n","protected":false},"excerpt":{"rendered":"<p>El Instituto Nacional de la Seguridad Social (INSS) gestion\u00f3 420.549 prestaciones econ\u00f3micas de nacimiento y cuidado de menor entre abril y diciembre de 2019. Estas prestaciones de la Seguridad Social sustituyeron a las de maternidad y paternidad a partir de la aprobaci\u00f3n del Real Decreto-ley 6\/2019 de 1 de marzo de medidas urgentes para garant\u00eda [&hellip;]<\/p>\n","protected":false},"author":1,"featured_media":1056239,"comment_status":"closed","ping_status":"closed","sticky":false,"template":"","format":"standard","meta":{"footnotes":""},"categories":[187],"tags":[],"class_list":["post-1056238","post","type-post","status-publish","format-standard","has-post-thumbnail","hentry","category-economia"],"aioseo_notices":[],"aioseo_head":"\n\t\t<!-- All in One SEO Pro 4.9.6.2 - aioseo.com -->\n\t<meta name=\"description\" content=\"El Instituto Nacional de la Seguridad Social (INSS) gestion\u00f3 420.549 prestaciones econ\u00f3micas de nacimiento y cuidado de menor entre abril y diciembre de 2019. Estas prestaciones de la Seguridad Social sustituyeron a las de maternidad y paternidad a partir de la aprobaci\u00f3n del Real Decreto-ley 6\/2019 de 1 de marzo de medidas urgentes para garant\u00eda\" \/>\n\t<meta name=\"robots\" content=\"max-image-preview:large\" \/>\n\t<meta name=\"author\" content=\"El Digital de Asturias\"\/>\n\t<meta name=\"google-site-verification\" content=\"UA-38556648-1\" \/>\n\t<meta name=\"msvalidate.01\" content=\"7dfe9f3f1b24437ab69f4f2559babe99\" \/>\n\t<meta name=\"keywords\" content=\"econom\u00eda\" \/>\n\t<link rel=\"canonical\" href=\"https:\/\/www.eldigitaldeasturias.com\/noticias\/tramitadas-420-549-prestaciones-por-nacimiento-y-cuidado-de-menores-entre-abril-y-diciembre-de-2019\/\" \/>\n\t<meta name=\"generator\" content=\"All in One SEO Pro (AIOSEO) 4.9.6.2\" \/>\n\t\t<meta property=\"og:locale\" content=\"es_ES\" \/>\n\t\t<meta property=\"og:site_name\" content=\"El Digital de Asturias\" \/>\n\t\t<meta property=\"og:type\" content=\"article\" \/>\n\t\t<meta property=\"og:title\" content=\"Tramitadas 420.549 prestaciones por nacimiento y cuidado de menores entre abril y diciembre de 2019 - El Digital de Asturias\" \/>\n\t\t<meta property=\"og:description\" content=\"El Instituto Nacional de la Seguridad Social (INSS) gestion\u00f3 420.549 prestaciones econ\u00f3micas de nacimiento y cuidado de menor entre abril y diciembre de 2019. Estas prestaciones de la Seguridad Social sustituyeron a las de maternidad y paternidad a partir de la aprobaci\u00f3n del Real Decreto-ley 6\/2019 de 1 de marzo de medidas urgentes para garant\u00eda\" \/>\n\t\t<meta property=\"og:url\" content=\"https:\/\/www.eldigitaldeasturias.com\/noticias\/tramitadas-420-549-prestaciones-por-nacimiento-y-cuidado-de-menores-entre-abril-y-diciembre-de-2019\/\" \/>\n\t\t<meta property=\"og:image\" content=\"https:\/\/www.eldigitaldeasturias.com\/noticias\/wp-content\/uploads\/2020\/01\/26032019_Maternidad.jpg\" \/>\n\t\t<meta property=\"og:image:secure_url\" content=\"https:\/\/www.eldigitaldeasturias.com\/noticias\/wp-content\/uploads\/2020\/01\/26032019_Maternidad.jpg\" \/>\n\t\t<meta property=\"og:image:width\" content=\"512\" \/>\n\t\t<meta property=\"og:image:height\" content=\"340\" \/>\n\t\t<meta property=\"article:tag\" content=\"econom\u00eda\" \/>\n\t\t<meta property=\"article:published_time\" content=\"2020-01-30T21:20:49+00:00\" \/>\n\t\t<meta property=\"article:modified_time\" content=\"2020-01-30T21:20:49+00:00\" \/>\n\t\t<meta property=\"article:publisher\" content=\"https:\/\/facebook.com\/eldigitaldeasturias\" \/>\n\t\t<meta name=\"twitter:card\" content=\"summary_large_image\" \/>\n\t\t<meta name=\"twitter:title\" content=\"Tramitadas 420.549 prestaciones por nacimiento y cuidado de menores entre abril y diciembre de 2019 - El Digital de Asturias\" \/>\n\t\t<meta name=\"twitter:description\" content=\"El Instituto Nacional de la Seguridad Social (INSS) gestion\u00f3 420.549 prestaciones econ\u00f3micas de nacimiento y cuidado de menor entre abril y diciembre de 2019. Estas prestaciones de la Seguridad Social sustituyeron a las de maternidad y paternidad a partir de la aprobaci\u00f3n del Real Decreto-ley 6\/2019 de 1 de marzo de medidas urgentes para garant\u00eda\" \/>\n\t\t<meta name=\"twitter:image\" content=\"https:\/\/www.eldigitaldeasturias.com\/noticias\/wp-content\/uploads\/2020\/01\/26032019_Maternidad.jpg\" \/>\n\t\t<meta name=\"twitter:label1\" content=\"Escrito por\" \/>\n\t\t<meta name=\"twitter:data1\" content=\"El Digital de Asturias\" \/>\n\t\t<meta name=\"twitter:label2\" content=\"Tiempo de lectura estimado\" \/>\n\t\t<meta name=\"twitter:data2\" content=\"3 minutos\" \/>\n\t\t<script type=\"application\/ld+json\" class=\"aioseo-schema\">\n\t\t\t{\"@context\":\"https:\\\/\\\/schema.org\",\"@graph\":[{\"@type\":\"BlogPosting\",\"@id\":\"https:\\\/\\\/www.eldigitaldeasturias.com\\\/noticias\\\/tramitadas-420-549-prestaciones-por-nacimiento-y-cuidado-de-menores-entre-abril-y-diciembre-de-2019\\\/#blogposting\",\"name\":\"Tramitadas 420.549 prestaciones por nacimiento y cuidado de menores entre abril y diciembre de 2019 - El Digital de Asturias\",\"headline\":\"Tramitadas 420.549 prestaciones por nacimiento y cuidado de menores entre abril y diciembre de 2019\",\"author\":{\"@id\":\"https:\\\/\\\/www.eldigitaldeasturias.com\\\/noticias\\\/author\\\/admin\\\/#author\"},\"publisher\":{\"@id\":\"https:\\\/\\\/www.eldigitaldeasturias.com\\\/noticias\\\/#organization\"},\"image\":{\"@type\":\"ImageObject\",\"url\":\"https:\\\/\\\/www.eldigitaldeasturias.com\\\/noticias\\\/wp-content\\\/uploads\\\/2020\\\/01\\\/26032019_Maternidad.jpg\",\"width\":512,\"height\":340},\"datePublished\":\"2020-01-30T21:20:49+01:00\",\"dateModified\":\"2020-01-30T21:20:49+01:00\",\"inLanguage\":\"es-ES\",\"mainEntityOfPage\":{\"@id\":\"https:\\\/\\\/www.eldigitaldeasturias.com\\\/noticias\\\/tramitadas-420-549-prestaciones-por-nacimiento-y-cuidado-de-menores-entre-abril-y-diciembre-de-2019\\\/#webpage\"},\"isPartOf\":{\"@id\":\"https:\\\/\\\/www.eldigitaldeasturias.com\\\/noticias\\\/tramitadas-420-549-prestaciones-por-nacimiento-y-cuidado-de-menores-entre-abril-y-diciembre-de-2019\\\/#webpage\"},\"articleSection\":\"Econom\\u00eda\"},{\"@type\":\"BreadcrumbList\",\"@id\":\"https:\\\/\\\/www.eldigitaldeasturias.com\\\/noticias\\\/tramitadas-420-549-prestaciones-por-nacimiento-y-cuidado-de-menores-entre-abril-y-diciembre-de-2019\\\/#breadcrumblist\",\"itemListElement\":[{\"@type\":\"ListItem\",\"@id\":\"https:\\\/\\\/www.eldigitaldeasturias.com\\\/noticias#listItem\",\"position\":1,\"name\":\"Home\",\"item\":\"https:\\\/\\\/www.eldigitaldeasturias.com\\\/noticias\",\"nextItem\":{\"@type\":\"ListItem\",\"@id\":\"https:\\\/\\\/www.eldigitaldeasturias.com\\\/noticias\\\/category\\\/economia\\\/#listItem\",\"name\":\"Econom\\u00eda\"}},{\"@type\":\"ListItem\",\"@id\":\"https:\\\/\\\/www.eldigitaldeasturias.com\\\/noticias\\\/category\\\/economia\\\/#listItem\",\"position\":2,\"name\":\"Econom\\u00eda\",\"item\":\"https:\\\/\\\/www.eldigitaldeasturias.com\\\/noticias\\\/category\\\/economia\\\/\",\"nextItem\":{\"@type\":\"ListItem\",\"@id\":\"https:\\\/\\\/www.eldigitaldeasturias.com\\\/noticias\\\/tramitadas-420-549-prestaciones-por-nacimiento-y-cuidado-de-menores-entre-abril-y-diciembre-de-2019\\\/#listItem\",\"name\":\"Tramitadas 420.549 prestaciones por nacimiento y cuidado de menores entre abril y diciembre de 2019\"},\"previousItem\":{\"@type\":\"ListItem\",\"@id\":\"https:\\\/\\\/www.eldigitaldeasturias.com\\\/noticias#listItem\",\"name\":\"Home\"}},{\"@type\":\"ListItem\",\"@id\":\"https:\\\/\\\/www.eldigitaldeasturias.com\\\/noticias\\\/tramitadas-420-549-prestaciones-por-nacimiento-y-cuidado-de-menores-entre-abril-y-diciembre-de-2019\\\/#listItem\",\"position\":3,\"name\":\"Tramitadas 420.549 prestaciones por nacimiento y cuidado de menores entre abril y diciembre de 2019\",\"previousItem\":{\"@type\":\"ListItem\",\"@id\":\"https:\\\/\\\/www.eldigitaldeasturias.com\\\/noticias\\\/category\\\/economia\\\/#listItem\",\"name\":\"Econom\\u00eda\"}}]},{\"@type\":\"Organization\",\"@id\":\"https:\\\/\\\/www.eldigitaldeasturias.com\\\/noticias\\\/#organization\",\"name\":\"El Digital de Asturias\",\"description\":\"Hemeroteca\",\"url\":\"https:\\\/\\\/www.eldigitaldeasturias.com\\\/noticias\\\/\",\"email\":\"info@eldigitaldeasturias.com\",\"telephone\":\"+34652131393\",\"logo\":{\"@type\":\"ImageObject\",\"url\":\"https:\\\/\\\/www.eldigitaldeasturias.com\\\/noticias\\\/wp-content\\\/uploads\\\/2020\\\/12\\\/EDA.jpg\",\"@id\":\"https:\\\/\\\/www.eldigitaldeasturias.com\\\/noticias\\\/tramitadas-420-549-prestaciones-por-nacimiento-y-cuidado-de-menores-entre-abril-y-diciembre-de-2019\\\/#organizationLogo\",\"width\":649,\"height\":297},\"image\":{\"@id\":\"https:\\\/\\\/www.eldigitaldeasturias.com\\\/noticias\\\/tramitadas-420-549-prestaciones-por-nacimiento-y-cuidado-de-menores-entre-abril-y-diciembre-de-2019\\\/#organizationLogo\"},\"sameAs\":[\"https:\\\/\\\/facebook.com\\\/eldigitaldeasturias\",\"https:\\\/\\\/www.youtube.com\\\/channel\\\/UCZP-2wLEB9Rv6erhFmqVnvg\"],\"address\":{\"@id\":\"https:\\\/\\\/www.eldigitaldeasturias.com\\\/noticias\\\/#postaladdress\",\"@type\":\"PostalAddress\",\"streetAddress\":\"san antonio 4,\",\"postalCode\":\"33430\",\"addressLocality\":\"Cand\\u00e1s\",\"addressRegion\":\"Asturias\",\"addressCountry\":\"ES\"}},{\"@type\":\"Person\",\"@id\":\"https:\\\/\\\/www.eldigitaldeasturias.com\\\/noticias\\\/author\\\/admin\\\/#author\",\"url\":\"https:\\\/\\\/www.eldigitaldeasturias.com\\\/noticias\\\/author\\\/admin\\\/\",\"name\":\"El Digital de Asturias\",\"image\":{\"@type\":\"ImageObject\",\"@id\":\"https:\\\/\\\/www.eldigitaldeasturias.com\\\/noticias\\\/tramitadas-420-549-prestaciones-por-nacimiento-y-cuidado-de-menores-entre-abril-y-diciembre-de-2019\\\/#authorImage\",\"url\":\"https:\\\/\\\/www.eldigitaldeasturias.com\\\/noticias\\\/wp-content\\\/litespeed\\\/avatar\\\/18677e78aa0546b92d9dbf31ec7d7668.jpg?ver=1776685526\",\"width\":96,\"height\":96,\"caption\":\"El Digital de Asturias\"}},{\"@type\":\"WebPage\",\"@id\":\"https:\\\/\\\/www.eldigitaldeasturias.com\\\/noticias\\\/tramitadas-420-549-prestaciones-por-nacimiento-y-cuidado-de-menores-entre-abril-y-diciembre-de-2019\\\/#webpage\",\"url\":\"https:\\\/\\\/www.eldigitaldeasturias.com\\\/noticias\\\/tramitadas-420-549-prestaciones-por-nacimiento-y-cuidado-de-menores-entre-abril-y-diciembre-de-2019\\\/\",\"name\":\"Tramitadas 420.549 prestaciones por nacimiento y cuidado de menores entre abril y diciembre de 2019 - El Digital de Asturias\",\"description\":\"El Instituto Nacional de la Seguridad Social (INSS) gestion\\u00f3 420.549 prestaciones econ\\u00f3micas de nacimiento y cuidado de menor entre abril y diciembre de 2019. Estas prestaciones de la Seguridad Social sustituyeron a las de maternidad y paternidad a partir de la aprobaci\\u00f3n del Real Decreto-ley 6\\\/2019 de 1 de marzo de medidas urgentes para garant\\u00eda\",\"inLanguage\":\"es-ES\",\"isPartOf\":{\"@id\":\"https:\\\/\\\/www.eldigitaldeasturias.com\\\/noticias\\\/#website\"},\"breadcrumb\":{\"@id\":\"https:\\\/\\\/www.eldigitaldeasturias.com\\\/noticias\\\/tramitadas-420-549-prestaciones-por-nacimiento-y-cuidado-de-menores-entre-abril-y-diciembre-de-2019\\\/#breadcrumblist\"},\"author\":{\"@id\":\"https:\\\/\\\/www.eldigitaldeasturias.com\\\/noticias\\\/author\\\/admin\\\/#author\"},\"creator\":{\"@id\":\"https:\\\/\\\/www.eldigitaldeasturias.com\\\/noticias\\\/author\\\/admin\\\/#author\"},\"image\":{\"@type\":\"ImageObject\",\"url\":\"https:\\\/\\\/www.eldigitaldeasturias.com\\\/noticias\\\/wp-content\\\/uploads\\\/2020\\\/01\\\/26032019_Maternidad.jpg\",\"@id\":\"https:\\\/\\\/www.eldigitaldeasturias.com\\\/noticias\\\/tramitadas-420-549-prestaciones-por-nacimiento-y-cuidado-de-menores-entre-abril-y-diciembre-de-2019\\\/#mainImage\",\"width\":512,\"height\":340},\"primaryImageOfPage\":{\"@id\":\"https:\\\/\\\/www.eldigitaldeasturias.com\\\/noticias\\\/tramitadas-420-549-prestaciones-por-nacimiento-y-cuidado-de-menores-entre-abril-y-diciembre-de-2019\\\/#mainImage\"},\"datePublished\":\"2020-01-30T21:20:49+01:00\",\"dateModified\":\"2020-01-30T21:20:49+01:00\"},{\"@type\":\"WebSite\",\"@id\":\"https:\\\/\\\/www.eldigitaldeasturias.com\\\/noticias\\\/#website\",\"url\":\"https:\\\/\\\/www.eldigitaldeasturias.com\\\/noticias\\\/\",\"name\":\"El Digital de Asturias - Diario de actualidad y noticias\",\"alternateName\":\"El Digital de Asturias - Diario de actualidad y noticias\",\"description\":\"Hemeroteca\",\"inLanguage\":\"es-ES\",\"publisher\":{\"@id\":\"https:\\\/\\\/www.eldigitaldeasturias.com\\\/noticias\\\/#organization\"}}]}\n\t\t<\/script>\n\t\t<!-- All in One SEO Pro -->\r\n\t\t<title>Tramitadas 420.549 prestaciones por nacimiento y cuidado de menores entre abril y diciembre de 2019 - El Digital de Asturias<\/title>\n\n","aioseo_head_json":{"title":"Tramitadas 420.549 prestaciones por nacimiento y cuidado de menores entre abril y diciembre de 2019 - El Digital de Asturias","description":"El Instituto Nacional de la Seguridad Social (INSS) gestion\u00f3 420.549 prestaciones econ\u00f3micas de nacimiento y cuidado de menor entre abril y diciembre de 2019. Estas prestaciones de la Seguridad Social sustituyeron a las de maternidad y paternidad a partir de la aprobaci\u00f3n del Real Decreto-ley 6\/2019 de 1 de marzo de medidas urgentes para garant\u00eda","canonical_url":"https:\/\/www.eldigitaldeasturias.com\/noticias\/tramitadas-420-549-prestaciones-por-nacimiento-y-cuidado-de-menores-entre-abril-y-diciembre-de-2019\/","robots":"max-image-preview:large","keywords":"econom\u00eda","webmasterTools":{"google-site-verification":"UA-38556648-1","msvalidate.01":"7dfe9f3f1b24437ab69f4f2559babe99","miscellaneous":""},"schema":{"@context":"https:\/\/schema.org","@graph":[{"@type":"BlogPosting","@id":"https:\/\/www.eldigitaldeasturias.com\/noticias\/tramitadas-420-549-prestaciones-por-nacimiento-y-cuidado-de-menores-entre-abril-y-diciembre-de-2019\/#blogposting","name":"Tramitadas 420.549 prestaciones por nacimiento y cuidado de menores entre abril y diciembre de 2019 - El Digital de Asturias","headline":"Tramitadas 420.549 prestaciones por nacimiento y cuidado de menores entre abril y diciembre de 2019","author":{"@id":"https:\/\/www.eldigitaldeasturias.com\/noticias\/author\/admin\/#author"},"publisher":{"@id":"https:\/\/www.eldigitaldeasturias.com\/noticias\/#organization"},"image":{"@type":"ImageObject","url":"https:\/\/www.eldigitaldeasturias.com\/noticias\/wp-content\/uploads\/2020\/01\/26032019_Maternidad.jpg","width":512,"height":340},"datePublished":"2020-01-30T21:20:49+01:00","dateModified":"2020-01-30T21:20:49+01:00","inLanguage":"es-ES","mainEntityOfPage":{"@id":"https:\/\/www.eldigitaldeasturias.com\/noticias\/tramitadas-420-549-prestaciones-por-nacimiento-y-cuidado-de-menores-entre-abril-y-diciembre-de-2019\/#webpage"},"isPartOf":{"@id":"https:\/\/www.eldigitaldeasturias.com\/noticias\/tramitadas-420-549-prestaciones-por-nacimiento-y-cuidado-de-menores-entre-abril-y-diciembre-de-2019\/#webpage"},"articleSection":"Econom\u00eda"},{"@type":"BreadcrumbList","@id":"https:\/\/www.eldigitaldeasturias.com\/noticias\/tramitadas-420-549-prestaciones-por-nacimiento-y-cuidado-de-menores-entre-abril-y-diciembre-de-2019\/#breadcrumblist","itemListElement":[{"@type":"ListItem","@id":"https:\/\/www.eldigitaldeasturias.com\/noticias#listItem","position":1,"name":"Home","item":"https:\/\/www.eldigitaldeasturias.com\/noticias","nextItem":{"@type":"ListItem","@id":"https:\/\/www.eldigitaldeasturias.com\/noticias\/category\/economia\/#listItem","name":"Econom\u00eda"}},{"@type":"ListItem","@id":"https:\/\/www.eldigitaldeasturias.com\/noticias\/category\/economia\/#listItem","position":2,"name":"Econom\u00eda","item":"https:\/\/www.eldigitaldeasturias.com\/noticias\/category\/economia\/","nextItem":{"@type":"ListItem","@id":"https:\/\/www.eldigitaldeasturias.com\/noticias\/tramitadas-420-549-prestaciones-por-nacimiento-y-cuidado-de-menores-entre-abril-y-diciembre-de-2019\/#listItem","name":"Tramitadas 420.549 prestaciones por nacimiento y cuidado de menores entre abril y diciembre de 2019"},"previousItem":{"@type":"ListItem","@id":"https:\/\/www.eldigitaldeasturias.com\/noticias#listItem","name":"Home"}},{"@type":"ListItem","@id":"https:\/\/www.eldigitaldeasturias.com\/noticias\/tramitadas-420-549-prestaciones-por-nacimiento-y-cuidado-de-menores-entre-abril-y-diciembre-de-2019\/#listItem","position":3,"name":"Tramitadas 420.549 prestaciones por nacimiento y cuidado de menores entre abril y diciembre de 2019","previousItem":{"@type":"ListItem","@id":"https:\/\/www.eldigitaldeasturias.com\/noticias\/category\/economia\/#listItem","name":"Econom\u00eda"}}]},{"@type":"Organization","@id":"https:\/\/www.eldigitaldeasturias.com\/noticias\/#organization","name":"El Digital de Asturias","description":"Hemeroteca","url":"https:\/\/www.eldigitaldeasturias.com\/noticias\/","email":"info@eldigitaldeasturias.com","telephone":"+34652131393","logo":{"@type":"ImageObject","url":"https:\/\/www.eldigitaldeasturias.com\/noticias\/wp-content\/uploads\/2020\/12\/EDA.jpg","@id":"https:\/\/www.eldigitaldeasturias.com\/noticias\/tramitadas-420-549-prestaciones-por-nacimiento-y-cuidado-de-menores-entre-abril-y-diciembre-de-2019\/#organizationLogo","width":649,"height":297},"image":{"@id":"https:\/\/www.eldigitaldeasturias.com\/noticias\/tramitadas-420-549-prestaciones-por-nacimiento-y-cuidado-de-menores-entre-abril-y-diciembre-de-2019\/#organizationLogo"},"sameAs":["https:\/\/facebook.com\/eldigitaldeasturias","https:\/\/www.youtube.com\/channel\/UCZP-2wLEB9Rv6erhFmqVnvg"],"address":{"@id":"https:\/\/www.eldigitaldeasturias.com\/noticias\/#postaladdress","@type":"PostalAddress","streetAddress":"san antonio 4,","postalCode":"33430","addressLocality":"Cand\u00e1s","addressRegion":"Asturias","addressCountry":"ES"}},{"@type":"Person","@id":"https:\/\/www.eldigitaldeasturias.com\/noticias\/author\/admin\/#author","url":"https:\/\/www.eldigitaldeasturias.com\/noticias\/author\/admin\/","name":"El Digital de Asturias","image":{"@type":"ImageObject","@id":"https:\/\/www.eldigitaldeasturias.com\/noticias\/tramitadas-420-549-prestaciones-por-nacimiento-y-cuidado-de-menores-entre-abril-y-diciembre-de-2019\/#authorImage","url":"https:\/\/www.eldigitaldeasturias.com\/noticias\/wp-content\/litespeed\/avatar\/18677e78aa0546b92d9dbf31ec7d7668.jpg?ver=1776685526","width":96,"height":96,"caption":"El Digital de Asturias"}},{"@type":"WebPage","@id":"https:\/\/www.eldigitaldeasturias.com\/noticias\/tramitadas-420-549-prestaciones-por-nacimiento-y-cuidado-de-menores-entre-abril-y-diciembre-de-2019\/#webpage","url":"https:\/\/www.eldigitaldeasturias.com\/noticias\/tramitadas-420-549-prestaciones-por-nacimiento-y-cuidado-de-menores-entre-abril-y-diciembre-de-2019\/","name":"Tramitadas 420.549 prestaciones por nacimiento y cuidado de menores entre abril y diciembre de 2019 - El Digital de Asturias","description":"El Instituto Nacional de la Seguridad Social (INSS) gestion\u00f3 420.549 prestaciones econ\u00f3micas de nacimiento y cuidado de menor entre abril y diciembre de 2019. Estas prestaciones de la Seguridad Social sustituyeron a las de maternidad y paternidad a partir de la aprobaci\u00f3n del Real Decreto-ley 6\/2019 de 1 de marzo de medidas urgentes para garant\u00eda","inLanguage":"es-ES","isPartOf":{"@id":"https:\/\/www.eldigitaldeasturias.com\/noticias\/#website"},"breadcrumb":{"@id":"https:\/\/www.eldigitaldeasturias.com\/noticias\/tramitadas-420-549-prestaciones-por-nacimiento-y-cuidado-de-menores-entre-abril-y-diciembre-de-2019\/#breadcrumblist"},"author":{"@id":"https:\/\/www.eldigitaldeasturias.com\/noticias\/author\/admin\/#author"},"creator":{"@id":"https:\/\/www.eldigitaldeasturias.com\/noticias\/author\/admin\/#author"},"image":{"@type":"ImageObject","url":"https:\/\/www.eldigitaldeasturias.com\/noticias\/wp-content\/uploads\/2020\/01\/26032019_Maternidad.jpg","@id":"https:\/\/www.eldigitaldeasturias.com\/noticias\/tramitadas-420-549-prestaciones-por-nacimiento-y-cuidado-de-menores-entre-abril-y-diciembre-de-2019\/#mainImage","width":512,"height":340},"primaryImageOfPage":{"@id":"https:\/\/www.eldigitaldeasturias.com\/noticias\/tramitadas-420-549-prestaciones-por-nacimiento-y-cuidado-de-menores-entre-abril-y-diciembre-de-2019\/#mainImage"},"datePublished":"2020-01-30T21:20:49+01:00","dateModified":"2020-01-30T21:20:49+01:00"},{"@type":"WebSite","@id":"https:\/\/www.eldigitaldeasturias.com\/noticias\/#website","url":"https:\/\/www.eldigitaldeasturias.com\/noticias\/","name":"El Digital de Asturias - Diario de actualidad y noticias","alternateName":"El Digital de Asturias - Diario de actualidad y noticias","description":"Hemeroteca","inLanguage":"es-ES","publisher":{"@id":"https:\/\/www.eldigitaldeasturias.com\/noticias\/#organization"}}]},"og:locale":"es_ES","og:site_name":"El Digital de Asturias","og:type":"article","og:title":"Tramitadas 420.549 prestaciones por nacimiento y cuidado de menores entre abril y diciembre de 2019 - El Digital de Asturias","og:description":"El Instituto Nacional de la Seguridad Social (INSS) gestion\u00f3 420.549 prestaciones econ\u00f3micas de nacimiento y cuidado de menor entre abril y diciembre de 2019. Estas prestaciones de la Seguridad Social sustituyeron a las de maternidad y paternidad a partir de la aprobaci\u00f3n del Real Decreto-ley 6\/2019 de 1 de marzo de medidas urgentes para garant\u00eda","og:url":"https:\/\/www.eldigitaldeasturias.com\/noticias\/tramitadas-420-549-prestaciones-por-nacimiento-y-cuidado-de-menores-entre-abril-y-diciembre-de-2019\/","og:image":"https:\/\/www.eldigitaldeasturias.com\/noticias\/wp-content\/uploads\/2020\/01\/26032019_Maternidad.jpg","og:image:secure_url":"https:\/\/www.eldigitaldeasturias.com\/noticias\/wp-content\/uploads\/2020\/01\/26032019_Maternidad.jpg","og:image:width":512,"og:image:height":340,"article:tag":["econom\u00eda"],"article:published_time":"2020-01-30T21:20:49+00:00","article:modified_time":"2020-01-30T21:20:49+00:00","article:publisher":"https:\/\/facebook.com\/eldigitaldeasturias","twitter:card":"summary_large_image","twitter:title":"Tramitadas 420.549 prestaciones por nacimiento y cuidado de menores entre abril y diciembre de 2019 - El Digital de Asturias","twitter:description":"El Instituto Nacional de la Seguridad Social (INSS) gestion\u00f3 420.549 prestaciones econ\u00f3micas de nacimiento y cuidado de menor entre abril y diciembre de 2019. Estas prestaciones de la Seguridad Social sustituyeron a las de maternidad y paternidad a partir de la aprobaci\u00f3n del Real Decreto-ley 6\/2019 de 1 de marzo de medidas urgentes para garant\u00eda","twitter:image":"https:\/\/www.eldigitaldeasturias.com\/noticias\/wp-content\/uploads\/2020\/01\/26032019_Maternidad.jpg","twitter:label1":"Escrito por","twitter:data1":"El Digital de Asturias","twitter:label2":"Tiempo de lectura estimado","twitter:data2":"3 minutos"},"aioseo_meta_data":{"post_id":"1056238","title":null,"description":null,"keywords":null,"keyphrases":null,"primary_term":null,"canonical_url":null,"og_title":null,"og_description":null,"og_object_type":"default","og_image_type":"default","og_image_url":null,"og_image_width":null,"og_image_height":null,"og_image_custom_url":null,"og_image_custom_fields":null,"og_video":null,"og_custom_url":null,"og_article_section":null,"og_article_tags":null,"twitter_use_og":false,"twitter_card":"default","twitter_image_type":"default","twitter_image_url":null,"twitter_image_custom_url":null,"twitter_image_custom_fields":null,"twitter_title":null,"twitter_description":null,"schema":{"blockGraphs":[],"customGraphs":[],"default":{"data":{"Article":[],"Course":[],"Dataset":[],"FAQPage":[],"Movie":[],"Person":[],"Product":[],"ProductReview":[],"Car":[],"Recipe":[],"Service":[],"SoftwareApplication":[],"WebPage":[]},"graphName":"","isEnabled":true},"graphs":[],"defaultGraph":"","defaultPostTypeGraph":""},"schema_type":null,"schema_type_options":null,"pillar_content":false,"robots_default":true,"robots_noindex":false,"robots_noarchive":false,"robots_nosnippet":false,"robots_nofollow":false,"robots_noimageindex":false,"robots_noodp":false,"robots_notranslate":false,"robots_max_snippet":null,"robots_max_videopreview":null,"robots_max_imagepreview":"large","priority":null,"frequency":null,"local_seo":null,"seo_analyzer_scan_date":"2025-10-30 21:41:20","breadcrumb_settings":null,"limit_modified_date":false,"open_ai":null,"ai":null,"created":"2020-12-21 10:55:57","updated":"2025-10-30 21:41:20"},"aioseo_breadcrumb":"<div class=\"aioseo-breadcrumbs\"><span class=\"aioseo-breadcrumb\">\n\t<a href=\"https:\/\/www.eldigitaldeasturias.com\/noticias\" title=\"Home\">Home<\/a>\n<\/span><span class=\"aioseo-breadcrumb-separator\">\u2013<\/span><span class=\"aioseo-breadcrumb\">\n\t<a href=\"https:\/\/www.eldigitaldeasturias.com\/noticias\/category\/economia\/\" title=\"Econom\u00eda\">Econom\u00eda<\/a>\n<\/span><span class=\"aioseo-breadcrumb-separator\">\u2013<\/span><span class=\"aioseo-breadcrumb\">\n\t<a href=\"https:\/\/www.eldigitaldeasturias.com\/noticias\/tramitadas-420-549-prestaciones-por-nacimiento-y-cuidado-de-menores-entre-abril-y-diciembre-de-2019\/\" title=\"Tramitadas 420.549 prestaciones por nacimiento y cuidado de menores entre abril y diciembre de 2019\">Tramitadas 420.549 prestaciones por nacimiento y cuidado de menores entre abril y diciembre de 2019<\/a>\n<\/span><\/div>","aioseo_breadcrumb_json":[{"label":"Home","link":"https:\/\/www.eldigitaldeasturias.com\/noticias"},{"label":"Econom\u00eda","link":"https:\/\/www.eldigitaldeasturias.com\/noticias\/category\/economia\/"},{"label":"Tramitadas 420.549 prestaciones por nacimiento y cuidado de menores entre abril y diciembre de 2019","link":"https:\/\/www.eldigitaldeasturias.com\/noticias\/tramitadas-420-549-prestaciones-por-nacimiento-y-cuidado-de-menores-entre-abril-y-diciembre-de-2019\/"}],"_links":{"self":[{"href":"https:\/\/www.eldigitaldeasturias.com\/noticias\/wp-json\/wp\/v2\/posts\/1056238","targetHints":{"allow":["GET"]}}],"collection":[{"href":"https:\/\/www.eldigitaldeasturias.com\/noticias\/wp-json\/wp\/v2\/posts"}],"about":[{"href":"https:\/\/www.eldigitaldeasturias.com\/noticias\/wp-json\/wp\/v2\/types\/post"}],"author":[{"embeddable":true,"href":"https:\/\/www.eldigitaldeasturias.com\/noticias\/wp-json\/wp\/v2\/users\/1"}],"replies":[{"embeddable":true,"href":"https:\/\/www.eldigitaldeasturias.com\/noticias\/wp-json\/wp\/v2\/comments?post=1056238"}],"version-history":[{"count":0,"href":"https:\/\/www.eldigitaldeasturias.com\/noticias\/wp-json\/wp\/v2\/posts\/1056238\/revisions"}],"wp:featuredmedia":[{"embeddable":true,"href":"https:\/\/www.eldigitaldeasturias.com\/noticias\/wp-json\/wp\/v2\/media\/1056239"}],"wp:attachment":[{"href":"https:\/\/www.eldigitaldeasturias.com\/noticias\/wp-json\/wp\/v2\/media?parent=1056238"}],"wp:term":[{"taxonomy":"category","embeddable":true,"href":"https:\/\/www.eldigitaldeasturias.com\/noticias\/wp-json\/wp\/v2\/categories?post=1056238"},{"taxonomy":"post_tag","embeddable":true,"href":"https:\/\/www.eldigitaldeasturias.com\/noticias\/wp-json\/wp\/v2\/tags?post=1056238"}],"curies":[{"name":"wp","href":"https:\/\/api.w.org\/{rel}","templated":true}]}}