{"id":1056141,"date":"2020-01-30T03:39:44","date_gmt":"2020-01-30T03:39:44","guid":{"rendered":"https:\/\/www.eldigitaldeasturias.com\/noticias\/?p=1056141"},"modified":"2020-01-30T03:39:44","modified_gmt":"2020-01-30T03:39:44","slug":"alemania-eleva-su-pronostico-de-crecimiento-economico-para-2020","status":"publish","type":"post","link":"https:\/\/www.eldigitaldeasturias.com\/noticias\/alemania-eleva-su-pronostico-de-crecimiento-economico-para-2020\/","title":{"rendered":"Alemania eleva su pron\u00f3stico de crecimiento econ\u00f3mico para 2020"},"content":{"rendered":"<p><img loading=\"lazy\" decoding=\"async\" class=\"alignleft size-medium wp-image-822740\" src=\"https:\/\/www.eldigitaldeasturias.com\/noticias\/wp-content\/uploads\/2015\/11\/euros-360x241.jpg\" alt=\"\" width=\"360\" height=\"241\" srcset=\"https:\/\/www.eldigitaldeasturias.com\/noticias\/wp-content\/uploads\/2015\/11\/euros-360x241.jpg 360w, https:\/\/www.eldigitaldeasturias.com\/noticias\/wp-content\/uploads\/2015\/11\/euros-696x466.jpg 696w, https:\/\/www.eldigitaldeasturias.com\/noticias\/wp-content\/uploads\/2015\/11\/euros-627x420.jpg 627w, https:\/\/www.eldigitaldeasturias.com\/noticias\/wp-content\/uploads\/2015\/11\/euros-768x515.jpg 768w, https:\/\/www.eldigitaldeasturias.com\/noticias\/wp-content\/uploads\/2015\/11\/euros-650x436.jpg 650w, https:\/\/www.eldigitaldeasturias.com\/noticias\/wp-content\/uploads\/2015\/11\/euros.jpg 800w\" sizes=\"auto, (max-width: 360px) 100vw, 360px\" \/>Berl\u00edn, 29 ene (dpa) &#8211; El Gobierno germano elev\u00f3 su pron\u00f3stico de crecimiento econ\u00f3mico y estima un aumento del producto interior bruto (PIB) en un 1,1 por ciento en 2020, seg\u00fan el informe anual presentado hoy en Berl\u00edn.<\/p>\n<p>\u00abLa econom\u00eda se desarrollar\u00e1 este a\u00f1o mejor de lo que se esperaba el a\u00f1o pasado\u00bb, se\u00f1al\u00f3 el ministro germano de Econom\u00eda, Peter Altmaier. \u00abEl panorama ha mejorado\u00bb, agreg\u00f3.<\/p>\n<p>Pero cabe acotar que el a\u00f1o 2020 tiene m\u00e1s d\u00edas h\u00e1biles.<\/p>\n<p>El a\u00f1o pasado, la mayor econom\u00eda de Europa se expandi\u00f3 solo un 0,6 por ciento, seg\u00fan datos preliminares de la Oficina Federal de Estad\u00edstica. Se trat\u00f3 del menor crecimiento en seis a\u00f1os, mucho menor tambi\u00e9n que el de 2018, de 1,5 por ciento.<\/p>\n<p>Los conflictos comerciales mundiales, entre otros factores, hicieron mella en la econom\u00eda alemana, muy orientada hacia la exportaci\u00f3n.<\/p>\n<p>\u00abLa econom\u00eda alemana est\u00e1 superando gradualmente su fase de debilitamiento\u00bb, se lee en el informe anual, que considera que, si bien el impulso econ\u00f3mico de principios de a\u00f1o sigue siendo discreto, se espera que la econom\u00eda se recupere ligeramente en el curso del a\u00f1o.<\/p>\n<p>Tambi\u00e9n se prev\u00e9 que los precios al consumidor registren un leve aumento y que el mercado laboral se mantenga estable, mientras que el crecimiento del empleo contin\u00fae, aunque a un ritmo m\u00e1s lento.<\/p>\n<p>El Gobierno alem\u00e1n estima que el empleo aumentar\u00e1 en 190.000 personas en el a\u00f1o en curso, con lo que el nivel de empleo marcar\u00eda un nuevo r\u00e9cord de 45,4 millones de personas en promedio.<\/p>\n<p>Seg\u00fan las previsiones, tambi\u00e9n los ingresos privados seguir\u00e1n aumentando, a lo que se sumar\u00eda un aumento de los salarios y reducciones fiscales, por ejemplo en la seguridad social.<\/p>\n<p>\u00abEn 2020, los empleados volver\u00e1n a tener m\u00e1s dinero en la mano. Esto fortalecer\u00e1 la econom\u00eda nacional, que es actualmente la &#8216;principal fuerza motriz&#8217; de la coyuntura\u00bb.<\/p>\n","protected":false},"excerpt":{"rendered":"<p>Berl\u00edn, 29 ene (dpa) &#8211; El Gobierno germano elev\u00f3 su pron\u00f3stico de crecimiento econ\u00f3mico y estima un aumento del producto interior bruto (PIB) en un 1,1 por ciento en 2020, seg\u00fan el informe anual presentado hoy en Berl\u00edn. \u00abLa econom\u00eda se desarrollar\u00e1 este a\u00f1o mejor de lo que se esperaba el a\u00f1o pasado\u00bb, se\u00f1al\u00f3 el [&hellip;]<\/p>\n","protected":false},"author":1,"featured_media":822740,"comment_status":"closed","ping_status":"closed","sticky":false,"template":"","format":"standard","meta":{"footnotes":""},"categories":[187],"tags":[],"class_list":["post-1056141","post","type-post","status-publish","format-standard","has-post-thumbnail","hentry","category-economia"],"aioseo_notices":[],"aioseo_head":"\n\t\t<!-- All in One SEO Pro 4.9.6.2 - aioseo.com -->\n\t<meta name=\"description\" content=\"Berl\u00edn, 29 ene (dpa) - El Gobierno germano elev\u00f3 su pron\u00f3stico de crecimiento econ\u00f3mico y estima un aumento del producto interior bruto (PIB) en un 1,1 por ciento en 2020, seg\u00fan el informe anual presentado hoy en Berl\u00edn. &quot;La econom\u00eda se desarrollar\u00e1 este a\u00f1o mejor de lo que se esperaba el a\u00f1o pasado&quot;, se\u00f1al\u00f3 el\" \/>\n\t<meta name=\"robots\" content=\"max-image-preview:large\" \/>\n\t<meta name=\"author\" content=\"El Digital de Asturias\"\/>\n\t<meta name=\"google-site-verification\" content=\"UA-38556648-1\" \/>\n\t<meta name=\"msvalidate.01\" content=\"7dfe9f3f1b24437ab69f4f2559babe99\" \/>\n\t<meta name=\"keywords\" content=\"econom\u00eda\" \/>\n\t<link rel=\"canonical\" href=\"https:\/\/www.eldigitaldeasturias.com\/noticias\/alemania-eleva-su-pronostico-de-crecimiento-economico-para-2020\/\" \/>\n\t<meta name=\"generator\" content=\"All in One SEO Pro (AIOSEO) 4.9.6.2\" \/>\n\t\t<meta property=\"og:locale\" content=\"es_ES\" \/>\n\t\t<meta property=\"og:site_name\" content=\"El Digital de Asturias\" \/>\n\t\t<meta property=\"og:type\" content=\"article\" \/>\n\t\t<meta property=\"og:title\" content=\"Alemania eleva su pron\u00f3stico de crecimiento econ\u00f3mico para 2020 - El Digital de Asturias\" \/>\n\t\t<meta property=\"og:description\" content=\"Berl\u00edn, 29 ene (dpa) - El Gobierno germano elev\u00f3 su pron\u00f3stico de crecimiento econ\u00f3mico y estima un aumento del producto interior bruto (PIB) en un 1,1 por ciento en 2020, seg\u00fan el informe anual presentado hoy en Berl\u00edn. &quot;La econom\u00eda se desarrollar\u00e1 este a\u00f1o mejor de lo que se esperaba el a\u00f1o pasado&quot;, se\u00f1al\u00f3 el\" \/>\n\t\t<meta property=\"og:url\" content=\"https:\/\/www.eldigitaldeasturias.com\/noticias\/alemania-eleva-su-pronostico-de-crecimiento-economico-para-2020\/\" \/>\n\t\t<meta property=\"og:image\" content=\"https:\/\/www.eldigitaldeasturias.com\/noticias\/wp-content\/uploads\/2015\/11\/euros.jpg\" \/>\n\t\t<meta property=\"og:image:secure_url\" content=\"https:\/\/www.eldigitaldeasturias.com\/noticias\/wp-content\/uploads\/2015\/11\/euros.jpg\" \/>\n\t\t<meta property=\"og:image:width\" content=\"800\" \/>\n\t\t<meta property=\"og:image:height\" content=\"536\" \/>\n\t\t<meta property=\"article:tag\" content=\"econom\u00eda\" \/>\n\t\t<meta property=\"article:published_time\" content=\"2020-01-30T03:39:44+00:00\" \/>\n\t\t<meta property=\"article:modified_time\" content=\"2020-01-30T03:39:44+00:00\" \/>\n\t\t<meta property=\"article:publisher\" content=\"https:\/\/facebook.com\/eldigitaldeasturias\" \/>\n\t\t<meta name=\"twitter:card\" content=\"summary_large_image\" \/>\n\t\t<meta name=\"twitter:title\" content=\"Alemania eleva su pron\u00f3stico de crecimiento econ\u00f3mico para 2020 - El Digital de Asturias\" \/>\n\t\t<meta name=\"twitter:description\" content=\"Berl\u00edn, 29 ene (dpa) - El Gobierno germano elev\u00f3 su pron\u00f3stico de crecimiento econ\u00f3mico y estima un aumento del producto interior bruto (PIB) en un 1,1 por ciento en 2020, seg\u00fan el informe anual presentado hoy en Berl\u00edn. &quot;La econom\u00eda se desarrollar\u00e1 este a\u00f1o mejor de lo que se esperaba el a\u00f1o pasado&quot;, se\u00f1al\u00f3 el\" \/>\n\t\t<meta name=\"twitter:image\" content=\"https:\/\/www.eldigitaldeasturias.com\/noticias\/wp-content\/uploads\/2015\/11\/euros.jpg\" \/>\n\t\t<meta name=\"twitter:label1\" content=\"Escrito por\" \/>\n\t\t<meta name=\"twitter:data1\" content=\"El Digital de Asturias\" \/>\n\t\t<meta name=\"twitter:label2\" content=\"Tiempo de lectura estimado\" \/>\n\t\t<meta name=\"twitter:data2\" content=\"2 minutos\" \/>\n\t\t<script type=\"application\/ld+json\" class=\"aioseo-schema\">\n\t\t\t{\"@context\":\"https:\\\/\\\/schema.org\",\"@graph\":[{\"@type\":\"BlogPosting\",\"@id\":\"https:\\\/\\\/www.eldigitaldeasturias.com\\\/noticias\\\/alemania-eleva-su-pronostico-de-crecimiento-economico-para-2020\\\/#blogposting\",\"name\":\"Alemania eleva su pron\\u00f3stico de crecimiento econ\\u00f3mico para 2020 - El Digital de Asturias\",\"headline\":\"Alemania eleva su pron\\u00f3stico de crecimiento econ\\u00f3mico para 2020\",\"author\":{\"@id\":\"https:\\\/\\\/www.eldigitaldeasturias.com\\\/noticias\\\/author\\\/admin\\\/#author\"},\"publisher\":{\"@id\":\"https:\\\/\\\/www.eldigitaldeasturias.com\\\/noticias\\\/#organization\"},\"image\":{\"@type\":\"ImageObject\",\"url\":\"https:\\\/\\\/www.eldigitaldeasturias.com\\\/noticias\\\/wp-content\\\/uploads\\\/2015\\\/11\\\/euros.jpg\",\"width\":800,\"height\":536,\"caption\":\"euros\"},\"datePublished\":\"2020-01-30T03:39:44+01:00\",\"dateModified\":\"2020-01-30T03:39:44+01:00\",\"inLanguage\":\"es-ES\",\"mainEntityOfPage\":{\"@id\":\"https:\\\/\\\/www.eldigitaldeasturias.com\\\/noticias\\\/alemania-eleva-su-pronostico-de-crecimiento-economico-para-2020\\\/#webpage\"},\"isPartOf\":{\"@id\":\"https:\\\/\\\/www.eldigitaldeasturias.com\\\/noticias\\\/alemania-eleva-su-pronostico-de-crecimiento-economico-para-2020\\\/#webpage\"},\"articleSection\":\"Econom\\u00eda\"},{\"@type\":\"BreadcrumbList\",\"@id\":\"https:\\\/\\\/www.eldigitaldeasturias.com\\\/noticias\\\/alemania-eleva-su-pronostico-de-crecimiento-economico-para-2020\\\/#breadcrumblist\",\"itemListElement\":[{\"@type\":\"ListItem\",\"@id\":\"https:\\\/\\\/www.eldigitaldeasturias.com\\\/noticias#listItem\",\"position\":1,\"name\":\"Home\",\"item\":\"https:\\\/\\\/www.eldigitaldeasturias.com\\\/noticias\",\"nextItem\":{\"@type\":\"ListItem\",\"@id\":\"https:\\\/\\\/www.eldigitaldeasturias.com\\\/noticias\\\/category\\\/economia\\\/#listItem\",\"name\":\"Econom\\u00eda\"}},{\"@type\":\"ListItem\",\"@id\":\"https:\\\/\\\/www.eldigitaldeasturias.com\\\/noticias\\\/category\\\/economia\\\/#listItem\",\"position\":2,\"name\":\"Econom\\u00eda\",\"item\":\"https:\\\/\\\/www.eldigitaldeasturias.com\\\/noticias\\\/category\\\/economia\\\/\",\"nextItem\":{\"@type\":\"ListItem\",\"@id\":\"https:\\\/\\\/www.eldigitaldeasturias.com\\\/noticias\\\/alemania-eleva-su-pronostico-de-crecimiento-economico-para-2020\\\/#listItem\",\"name\":\"Alemania eleva su pron\\u00f3stico de crecimiento econ\\u00f3mico para 2020\"},\"previousItem\":{\"@type\":\"ListItem\",\"@id\":\"https:\\\/\\\/www.eldigitaldeasturias.com\\\/noticias#listItem\",\"name\":\"Home\"}},{\"@type\":\"ListItem\",\"@id\":\"https:\\\/\\\/www.eldigitaldeasturias.com\\\/noticias\\\/alemania-eleva-su-pronostico-de-crecimiento-economico-para-2020\\\/#listItem\",\"position\":3,\"name\":\"Alemania eleva su pron\\u00f3stico de crecimiento econ\\u00f3mico para 2020\",\"previousItem\":{\"@type\":\"ListItem\",\"@id\":\"https:\\\/\\\/www.eldigitaldeasturias.com\\\/noticias\\\/category\\\/economia\\\/#listItem\",\"name\":\"Econom\\u00eda\"}}]},{\"@type\":\"Organization\",\"@id\":\"https:\\\/\\\/www.eldigitaldeasturias.com\\\/noticias\\\/#organization\",\"name\":\"El Digital de Asturias\",\"description\":\"Hemeroteca\",\"url\":\"https:\\\/\\\/www.eldigitaldeasturias.com\\\/noticias\\\/\",\"email\":\"info@eldigitaldeasturias.com\",\"telephone\":\"+34652131393\",\"logo\":{\"@type\":\"ImageObject\",\"url\":\"https:\\\/\\\/www.eldigitaldeasturias.com\\\/noticias\\\/wp-content\\\/uploads\\\/2020\\\/12\\\/EDA.jpg\",\"@id\":\"https:\\\/\\\/www.eldigitaldeasturias.com\\\/noticias\\\/alemania-eleva-su-pronostico-de-crecimiento-economico-para-2020\\\/#organizationLogo\",\"width\":649,\"height\":297},\"image\":{\"@id\":\"https:\\\/\\\/www.eldigitaldeasturias.com\\\/noticias\\\/alemania-eleva-su-pronostico-de-crecimiento-economico-para-2020\\\/#organizationLogo\"},\"sameAs\":[\"https:\\\/\\\/facebook.com\\\/eldigitaldeasturias\",\"https:\\\/\\\/www.youtube.com\\\/channel\\\/UCZP-2wLEB9Rv6erhFmqVnvg\"],\"address\":{\"@id\":\"https:\\\/\\\/www.eldigitaldeasturias.com\\\/noticias\\\/#postaladdress\",\"@type\":\"PostalAddress\",\"streetAddress\":\"san antonio 4,\",\"postalCode\":\"33430\",\"addressLocality\":\"Cand\\u00e1s\",\"addressRegion\":\"Asturias\",\"addressCountry\":\"ES\"}},{\"@type\":\"Person\",\"@id\":\"https:\\\/\\\/www.eldigitaldeasturias.com\\\/noticias\\\/author\\\/admin\\\/#author\",\"url\":\"https:\\\/\\\/www.eldigitaldeasturias.com\\\/noticias\\\/author\\\/admin\\\/\",\"name\":\"El Digital de Asturias\",\"image\":{\"@type\":\"ImageObject\",\"@id\":\"https:\\\/\\\/www.eldigitaldeasturias.com\\\/noticias\\\/alemania-eleva-su-pronostico-de-crecimiento-economico-para-2020\\\/#authorImage\",\"url\":\"https:\\\/\\\/www.eldigitaldeasturias.com\\\/noticias\\\/wp-content\\\/litespeed\\\/avatar\\\/18677e78aa0546b92d9dbf31ec7d7668.jpg?ver=1776685526\",\"width\":96,\"height\":96,\"caption\":\"El Digital de Asturias\"}},{\"@type\":\"WebPage\",\"@id\":\"https:\\\/\\\/www.eldigitaldeasturias.com\\\/noticias\\\/alemania-eleva-su-pronostico-de-crecimiento-economico-para-2020\\\/#webpage\",\"url\":\"https:\\\/\\\/www.eldigitaldeasturias.com\\\/noticias\\\/alemania-eleva-su-pronostico-de-crecimiento-economico-para-2020\\\/\",\"name\":\"Alemania eleva su pron\\u00f3stico de crecimiento econ\\u00f3mico para 2020 - El Digital de Asturias\",\"description\":\"Berl\\u00edn, 29 ene (dpa) - El Gobierno germano elev\\u00f3 su pron\\u00f3stico de crecimiento econ\\u00f3mico y estima un aumento del producto interior bruto (PIB) en un 1,1 por ciento en 2020, seg\\u00fan el informe anual presentado hoy en Berl\\u00edn. \\\"La econom\\u00eda se desarrollar\\u00e1 este a\\u00f1o mejor de lo que se esperaba el a\\u00f1o pasado\\\", se\\u00f1al\\u00f3 el\",\"inLanguage\":\"es-ES\",\"isPartOf\":{\"@id\":\"https:\\\/\\\/www.eldigitaldeasturias.com\\\/noticias\\\/#website\"},\"breadcrumb\":{\"@id\":\"https:\\\/\\\/www.eldigitaldeasturias.com\\\/noticias\\\/alemania-eleva-su-pronostico-de-crecimiento-economico-para-2020\\\/#breadcrumblist\"},\"author\":{\"@id\":\"https:\\\/\\\/www.eldigitaldeasturias.com\\\/noticias\\\/author\\\/admin\\\/#author\"},\"creator\":{\"@id\":\"https:\\\/\\\/www.eldigitaldeasturias.com\\\/noticias\\\/author\\\/admin\\\/#author\"},\"image\":{\"@type\":\"ImageObject\",\"url\":\"https:\\\/\\\/www.eldigitaldeasturias.com\\\/noticias\\\/wp-content\\\/uploads\\\/2015\\\/11\\\/euros.jpg\",\"@id\":\"https:\\\/\\\/www.eldigitaldeasturias.com\\\/noticias\\\/alemania-eleva-su-pronostico-de-crecimiento-economico-para-2020\\\/#mainImage\",\"width\":800,\"height\":536,\"caption\":\"euros\"},\"primaryImageOfPage\":{\"@id\":\"https:\\\/\\\/www.eldigitaldeasturias.com\\\/noticias\\\/alemania-eleva-su-pronostico-de-crecimiento-economico-para-2020\\\/#mainImage\"},\"datePublished\":\"2020-01-30T03:39:44+01:00\",\"dateModified\":\"2020-01-30T03:39:44+01:00\"},{\"@type\":\"WebSite\",\"@id\":\"https:\\\/\\\/www.eldigitaldeasturias.com\\\/noticias\\\/#website\",\"url\":\"https:\\\/\\\/www.eldigitaldeasturias.com\\\/noticias\\\/\",\"name\":\"El Digital de Asturias - Diario de actualidad y noticias\",\"alternateName\":\"El Digital de Asturias - Diario de actualidad y noticias\",\"description\":\"Hemeroteca\",\"inLanguage\":\"es-ES\",\"publisher\":{\"@id\":\"https:\\\/\\\/www.eldigitaldeasturias.com\\\/noticias\\\/#organization\"}}]}\n\t\t<\/script>\n\t\t<!-- All in One SEO Pro -->\r\n\t\t<title>Alemania eleva su pron\u00f3stico de crecimiento econ\u00f3mico para 2020 - El Digital de Asturias<\/title>\n\n","aioseo_head_json":{"title":"Alemania eleva su pron\u00f3stico de crecimiento econ\u00f3mico para 2020 - El Digital de Asturias","description":"Berl\u00edn, 29 ene (dpa) - El Gobierno germano elev\u00f3 su pron\u00f3stico de crecimiento econ\u00f3mico y estima un aumento del producto interior bruto (PIB) en un 1,1 por ciento en 2020, seg\u00fan el informe anual presentado hoy en Berl\u00edn. \"La econom\u00eda se desarrollar\u00e1 este a\u00f1o mejor de lo que se esperaba el a\u00f1o pasado\", se\u00f1al\u00f3 el","canonical_url":"https:\/\/www.eldigitaldeasturias.com\/noticias\/alemania-eleva-su-pronostico-de-crecimiento-economico-para-2020\/","robots":"max-image-preview:large","keywords":"econom\u00eda","webmasterTools":{"google-site-verification":"UA-38556648-1","msvalidate.01":"7dfe9f3f1b24437ab69f4f2559babe99","miscellaneous":""},"schema":{"@context":"https:\/\/schema.org","@graph":[{"@type":"BlogPosting","@id":"https:\/\/www.eldigitaldeasturias.com\/noticias\/alemania-eleva-su-pronostico-de-crecimiento-economico-para-2020\/#blogposting","name":"Alemania eleva su pron\u00f3stico de crecimiento econ\u00f3mico para 2020 - El Digital de Asturias","headline":"Alemania eleva su pron\u00f3stico de crecimiento econ\u00f3mico para 2020","author":{"@id":"https:\/\/www.eldigitaldeasturias.com\/noticias\/author\/admin\/#author"},"publisher":{"@id":"https:\/\/www.eldigitaldeasturias.com\/noticias\/#organization"},"image":{"@type":"ImageObject","url":"https:\/\/www.eldigitaldeasturias.com\/noticias\/wp-content\/uploads\/2015\/11\/euros.jpg","width":800,"height":536,"caption":"euros"},"datePublished":"2020-01-30T03:39:44+01:00","dateModified":"2020-01-30T03:39:44+01:00","inLanguage":"es-ES","mainEntityOfPage":{"@id":"https:\/\/www.eldigitaldeasturias.com\/noticias\/alemania-eleva-su-pronostico-de-crecimiento-economico-para-2020\/#webpage"},"isPartOf":{"@id":"https:\/\/www.eldigitaldeasturias.com\/noticias\/alemania-eleva-su-pronostico-de-crecimiento-economico-para-2020\/#webpage"},"articleSection":"Econom\u00eda"},{"@type":"BreadcrumbList","@id":"https:\/\/www.eldigitaldeasturias.com\/noticias\/alemania-eleva-su-pronostico-de-crecimiento-economico-para-2020\/#breadcrumblist","itemListElement":[{"@type":"ListItem","@id":"https:\/\/www.eldigitaldeasturias.com\/noticias#listItem","position":1,"name":"Home","item":"https:\/\/www.eldigitaldeasturias.com\/noticias","nextItem":{"@type":"ListItem","@id":"https:\/\/www.eldigitaldeasturias.com\/noticias\/category\/economia\/#listItem","name":"Econom\u00eda"}},{"@type":"ListItem","@id":"https:\/\/www.eldigitaldeasturias.com\/noticias\/category\/economia\/#listItem","position":2,"name":"Econom\u00eda","item":"https:\/\/www.eldigitaldeasturias.com\/noticias\/category\/economia\/","nextItem":{"@type":"ListItem","@id":"https:\/\/www.eldigitaldeasturias.com\/noticias\/alemania-eleva-su-pronostico-de-crecimiento-economico-para-2020\/#listItem","name":"Alemania eleva su pron\u00f3stico de crecimiento econ\u00f3mico para 2020"},"previousItem":{"@type":"ListItem","@id":"https:\/\/www.eldigitaldeasturias.com\/noticias#listItem","name":"Home"}},{"@type":"ListItem","@id":"https:\/\/www.eldigitaldeasturias.com\/noticias\/alemania-eleva-su-pronostico-de-crecimiento-economico-para-2020\/#listItem","position":3,"name":"Alemania eleva su pron\u00f3stico de crecimiento econ\u00f3mico para 2020","previousItem":{"@type":"ListItem","@id":"https:\/\/www.eldigitaldeasturias.com\/noticias\/category\/economia\/#listItem","name":"Econom\u00eda"}}]},{"@type":"Organization","@id":"https:\/\/www.eldigitaldeasturias.com\/noticias\/#organization","name":"El Digital de Asturias","description":"Hemeroteca","url":"https:\/\/www.eldigitaldeasturias.com\/noticias\/","email":"info@eldigitaldeasturias.com","telephone":"+34652131393","logo":{"@type":"ImageObject","url":"https:\/\/www.eldigitaldeasturias.com\/noticias\/wp-content\/uploads\/2020\/12\/EDA.jpg","@id":"https:\/\/www.eldigitaldeasturias.com\/noticias\/alemania-eleva-su-pronostico-de-crecimiento-economico-para-2020\/#organizationLogo","width":649,"height":297},"image":{"@id":"https:\/\/www.eldigitaldeasturias.com\/noticias\/alemania-eleva-su-pronostico-de-crecimiento-economico-para-2020\/#organizationLogo"},"sameAs":["https:\/\/facebook.com\/eldigitaldeasturias","https:\/\/www.youtube.com\/channel\/UCZP-2wLEB9Rv6erhFmqVnvg"],"address":{"@id":"https:\/\/www.eldigitaldeasturias.com\/noticias\/#postaladdress","@type":"PostalAddress","streetAddress":"san antonio 4,","postalCode":"33430","addressLocality":"Cand\u00e1s","addressRegion":"Asturias","addressCountry":"ES"}},{"@type":"Person","@id":"https:\/\/www.eldigitaldeasturias.com\/noticias\/author\/admin\/#author","url":"https:\/\/www.eldigitaldeasturias.com\/noticias\/author\/admin\/","name":"El Digital de Asturias","image":{"@type":"ImageObject","@id":"https:\/\/www.eldigitaldeasturias.com\/noticias\/alemania-eleva-su-pronostico-de-crecimiento-economico-para-2020\/#authorImage","url":"https:\/\/www.eldigitaldeasturias.com\/noticias\/wp-content\/litespeed\/avatar\/18677e78aa0546b92d9dbf31ec7d7668.jpg?ver=1776685526","width":96,"height":96,"caption":"El Digital de Asturias"}},{"@type":"WebPage","@id":"https:\/\/www.eldigitaldeasturias.com\/noticias\/alemania-eleva-su-pronostico-de-crecimiento-economico-para-2020\/#webpage","url":"https:\/\/www.eldigitaldeasturias.com\/noticias\/alemania-eleva-su-pronostico-de-crecimiento-economico-para-2020\/","name":"Alemania eleva su pron\u00f3stico de crecimiento econ\u00f3mico para 2020 - El Digital de Asturias","description":"Berl\u00edn, 29 ene (dpa) - El Gobierno germano elev\u00f3 su pron\u00f3stico de crecimiento econ\u00f3mico y estima un aumento del producto interior bruto (PIB) en un 1,1 por ciento en 2020, seg\u00fan el informe anual presentado hoy en Berl\u00edn. \"La econom\u00eda se desarrollar\u00e1 este a\u00f1o mejor de lo que se esperaba el a\u00f1o pasado\", se\u00f1al\u00f3 el","inLanguage":"es-ES","isPartOf":{"@id":"https:\/\/www.eldigitaldeasturias.com\/noticias\/#website"},"breadcrumb":{"@id":"https:\/\/www.eldigitaldeasturias.com\/noticias\/alemania-eleva-su-pronostico-de-crecimiento-economico-para-2020\/#breadcrumblist"},"author":{"@id":"https:\/\/www.eldigitaldeasturias.com\/noticias\/author\/admin\/#author"},"creator":{"@id":"https:\/\/www.eldigitaldeasturias.com\/noticias\/author\/admin\/#author"},"image":{"@type":"ImageObject","url":"https:\/\/www.eldigitaldeasturias.com\/noticias\/wp-content\/uploads\/2015\/11\/euros.jpg","@id":"https:\/\/www.eldigitaldeasturias.com\/noticias\/alemania-eleva-su-pronostico-de-crecimiento-economico-para-2020\/#mainImage","width":800,"height":536,"caption":"euros"},"primaryImageOfPage":{"@id":"https:\/\/www.eldigitaldeasturias.com\/noticias\/alemania-eleva-su-pronostico-de-crecimiento-economico-para-2020\/#mainImage"},"datePublished":"2020-01-30T03:39:44+01:00","dateModified":"2020-01-30T03:39:44+01:00"},{"@type":"WebSite","@id":"https:\/\/www.eldigitaldeasturias.com\/noticias\/#website","url":"https:\/\/www.eldigitaldeasturias.com\/noticias\/","name":"El Digital de Asturias - Diario de actualidad y noticias","alternateName":"El Digital de Asturias - Diario de actualidad y noticias","description":"Hemeroteca","inLanguage":"es-ES","publisher":{"@id":"https:\/\/www.eldigitaldeasturias.com\/noticias\/#organization"}}]},"og:locale":"es_ES","og:site_name":"El Digital de Asturias","og:type":"article","og:title":"Alemania eleva su pron\u00f3stico de crecimiento econ\u00f3mico para 2020 - El Digital de Asturias","og:description":"Berl\u00edn, 29 ene (dpa) - El Gobierno germano elev\u00f3 su pron\u00f3stico de crecimiento econ\u00f3mico y estima un aumento del producto interior bruto (PIB) en un 1,1 por ciento en 2020, seg\u00fan el informe anual presentado hoy en Berl\u00edn. &quot;La econom\u00eda se desarrollar\u00e1 este a\u00f1o mejor de lo que se esperaba el a\u00f1o pasado&quot;, se\u00f1al\u00f3 el","og:url":"https:\/\/www.eldigitaldeasturias.com\/noticias\/alemania-eleva-su-pronostico-de-crecimiento-economico-para-2020\/","og:image":"https:\/\/www.eldigitaldeasturias.com\/noticias\/wp-content\/uploads\/2015\/11\/euros.jpg","og:image:secure_url":"https:\/\/www.eldigitaldeasturias.com\/noticias\/wp-content\/uploads\/2015\/11\/euros.jpg","og:image:width":800,"og:image:height":536,"article:tag":["econom\u00eda"],"article:published_time":"2020-01-30T03:39:44+00:00","article:modified_time":"2020-01-30T03:39:44+00:00","article:publisher":"https:\/\/facebook.com\/eldigitaldeasturias","twitter:card":"summary_large_image","twitter:title":"Alemania eleva su pron\u00f3stico de crecimiento econ\u00f3mico para 2020 - El Digital de Asturias","twitter:description":"Berl\u00edn, 29 ene (dpa) - El Gobierno germano elev\u00f3 su pron\u00f3stico de crecimiento econ\u00f3mico y estima un aumento del producto interior bruto (PIB) en un 1,1 por ciento en 2020, seg\u00fan el informe anual presentado hoy en Berl\u00edn. &quot;La econom\u00eda se desarrollar\u00e1 este a\u00f1o mejor de lo que se esperaba el a\u00f1o pasado&quot;, se\u00f1al\u00f3 el","twitter:image":"https:\/\/www.eldigitaldeasturias.com\/noticias\/wp-content\/uploads\/2015\/11\/euros.jpg","twitter:label1":"Escrito por","twitter:data1":"El Digital de Asturias","twitter:label2":"Tiempo de lectura estimado","twitter:data2":"2 minutos"},"aioseo_meta_data":{"post_id":"1056141","title":null,"description":null,"keywords":null,"keyphrases":null,"primary_term":null,"canonical_url":null,"og_title":null,"og_description":null,"og_object_type":"default","og_image_type":"default","og_image_url":null,"og_image_width":null,"og_image_height":null,"og_image_custom_url":null,"og_image_custom_fields":null,"og_video":null,"og_custom_url":null,"og_article_section":null,"og_article_tags":null,"twitter_use_og":false,"twitter_card":"default","twitter_image_type":"default","twitter_image_url":null,"twitter_image_custom_url":null,"twitter_image_custom_fields":null,"twitter_title":null,"twitter_description":null,"schema":{"blockGraphs":[],"customGraphs":[],"default":{"data":{"Article":[],"Course":[],"Dataset":[],"FAQPage":[],"Movie":[],"Person":[],"Product":[],"ProductReview":[],"Car":[],"Recipe":[],"Service":[],"SoftwareApplication":[],"WebPage":[]},"graphName":"","isEnabled":true},"graphs":[],"defaultGraph":"","defaultPostTypeGraph":""},"schema_type":null,"schema_type_options":null,"pillar_content":false,"robots_default":true,"robots_noindex":false,"robots_noarchive":false,"robots_nosnippet":false,"robots_nofollow":false,"robots_noimageindex":false,"robots_noodp":false,"robots_notranslate":false,"robots_max_snippet":null,"robots_max_videopreview":null,"robots_max_imagepreview":"large","priority":null,"frequency":null,"local_seo":null,"seo_analyzer_scan_date":"2025-10-30 21:24:05","breadcrumb_settings":null,"limit_modified_date":false,"open_ai":null,"ai":null,"created":"2020-12-21 10:55:57","updated":"2025-10-30 21:24:05"},"aioseo_breadcrumb":"<div class=\"aioseo-breadcrumbs\"><span class=\"aioseo-breadcrumb\">\n\t<a href=\"https:\/\/www.eldigitaldeasturias.com\/noticias\" title=\"Home\">Home<\/a>\n<\/span><span class=\"aioseo-breadcrumb-separator\">\u2013<\/span><span class=\"aioseo-breadcrumb\">\n\t<a href=\"https:\/\/www.eldigitaldeasturias.com\/noticias\/category\/economia\/\" title=\"Econom\u00eda\">Econom\u00eda<\/a>\n<\/span><span class=\"aioseo-breadcrumb-separator\">\u2013<\/span><span class=\"aioseo-breadcrumb\">\n\t<a href=\"https:\/\/www.eldigitaldeasturias.com\/noticias\/alemania-eleva-su-pronostico-de-crecimiento-economico-para-2020\/\" title=\"Alemania eleva su pron\u00f3stico de crecimiento econ\u00f3mico para 2020\">Alemania eleva su pron\u00f3stico de crecimiento econ\u00f3mico para 2020<\/a>\n<\/span><\/div>","aioseo_breadcrumb_json":[{"label":"Home","link":"https:\/\/www.eldigitaldeasturias.com\/noticias"},{"label":"Econom\u00eda","link":"https:\/\/www.eldigitaldeasturias.com\/noticias\/category\/economia\/"},{"label":"Alemania eleva su pron\u00f3stico de crecimiento econ\u00f3mico para 2020","link":"https:\/\/www.eldigitaldeasturias.com\/noticias\/alemania-eleva-su-pronostico-de-crecimiento-economico-para-2020\/"}],"_links":{"self":[{"href":"https:\/\/www.eldigitaldeasturias.com\/noticias\/wp-json\/wp\/v2\/posts\/1056141","targetHints":{"allow":["GET"]}}],"collection":[{"href":"https:\/\/www.eldigitaldeasturias.com\/noticias\/wp-json\/wp\/v2\/posts"}],"about":[{"href":"https:\/\/www.eldigitaldeasturias.com\/noticias\/wp-json\/wp\/v2\/types\/post"}],"author":[{"embeddable":true,"href":"https:\/\/www.eldigitaldeasturias.com\/noticias\/wp-json\/wp\/v2\/users\/1"}],"replies":[{"embeddable":true,"href":"https:\/\/www.eldigitaldeasturias.com\/noticias\/wp-json\/wp\/v2\/comments?post=1056141"}],"version-history":[{"count":0,"href":"https:\/\/www.eldigitaldeasturias.com\/noticias\/wp-json\/wp\/v2\/posts\/1056141\/revisions"}],"wp:featuredmedia":[{"embeddable":true,"href":"https:\/\/www.eldigitaldeasturias.com\/noticias\/wp-json\/wp\/v2\/media\/822740"}],"wp:attachment":[{"href":"https:\/\/www.eldigitaldeasturias.com\/noticias\/wp-json\/wp\/v2\/media?parent=1056141"}],"wp:term":[{"taxonomy":"category","embeddable":true,"href":"https:\/\/www.eldigitaldeasturias.com\/noticias\/wp-json\/wp\/v2\/categories?post=1056141"},{"taxonomy":"post_tag","embeddable":true,"href":"https:\/\/www.eldigitaldeasturias.com\/noticias\/wp-json\/wp\/v2\/tags?post=1056141"}],"curies":[{"name":"wp","href":"https:\/\/api.w.org\/{rel}","templated":true}]}}