{"id":1056119,"date":"2020-01-29T21:52:20","date_gmt":"2020-01-29T21:52:20","guid":{"rendered":"https:\/\/www.eldigitaldeasturias.com\/noticias\/?p=1056119"},"modified":"2020-01-29T21:52:20","modified_gmt":"2020-01-29T21:52:20","slug":"aprobado-el-importe-maximo-de-la-ayuda-al-almacenamiento-privado-de-aceite-de-oliva","status":"publish","type":"post","link":"https:\/\/www.eldigitaldeasturias.com\/noticias\/aprobado-el-importe-maximo-de-la-ayuda-al-almacenamiento-privado-de-aceite-de-oliva\/","title":{"rendered":"Aprobado el importe m\u00e1ximo de la ayuda al almacenamiento privado de aceite de oliva"},"content":{"rendered":"<p><img loading=\"lazy\" decoding=\"async\" class=\"alignleft size-medium wp-image-1056120\" src=\"https:\/\/www.eldigitaldeasturias.com\/noticias\/wp-content\/uploads\/2020\/01\/211119-aceite-360x239.jpg\" alt=\"\" width=\"360\" height=\"239\" srcset=\"https:\/\/www.eldigitaldeasturias.com\/noticias\/wp-content\/uploads\/2020\/01\/211119-aceite-360x239.jpg 360w, https:\/\/www.eldigitaldeasturias.com\/noticias\/wp-content\/uploads\/2020\/01\/211119-aceite-452x300.jpg 452w, https:\/\/www.eldigitaldeasturias.com\/noticias\/wp-content\/uploads\/2020\/01\/211119-aceite.jpg 512w\" sizes=\"auto, (max-width: 360px) 100vw, 360px\" \/>El Comit\u00e9 de Gesti\u00f3n de Mercados de la Organizaci\u00f3n Com\u00fan de Mercados Agr\u00edcolas, celebrado en Bruselas, ha a<strong>probado el Reglamento por el que se fija el importe m\u00e1ximo de la ayuda al almacenamiento privado de aceite de oliva la tercera licitaci\u00f3n<\/strong>.<\/p>\n<p><strong>Una ayuda que se ha fijado en 0,88 euros por tonelada y d\u00eda para todas las categor\u00edas de aceite<\/strong>. Pr\u00e1cticamente la totalidad del volumen aprobado corresponde a operadores espa\u00f1oles.<\/p>\n<p>El l\u00edmite de ayuda fijado supone la admisi\u00f3n del 90,5 % de las cantidades ofertadas. Por categor\u00edas, la cantidad total a retirar corresponde pr\u00e1cticamente en su totalidad a aceite de oliva lampante.<\/p>\n<p><strong>Las cantidades en el conjunto de las 3 licitaciones celebradas hasta la fecha totalizan 170.909 toneladas totales<\/strong>, de las que el 95,6 % corresponde a la categor\u00eda lampante, y el resto a las categor\u00edas de aceite de oliva virgen (3,9 %) y Virgen extra. Esto supone una ayuda al sector del aceite de oliva espa\u00f1ol que asciende a 23,9 millones de euros.<\/p>\n<p>El ministro de Agricultura, Pesca y Alimentaci\u00f3n valora el resultado de esta tercera licitaci\u00f3n, que se considera ha de contribuir positivamente a la recuperaci\u00f3n de los precios y a la estabilidad de mercado.<\/p>\n<p>Tambi\u00e9n valora el esfuerzo realizado por los operadores espa\u00f1oles para ofertar importantes cantidades, con importes de ayuda solicitados que permiten la retirada de una cantidad significativa del producto, lo que tendr\u00e1 sin duda un impacto real en el comportamiento del mercado en las pr\u00f3ximas semanas.<\/p>\n<p>El ministro <strong>Luis Planas considera que la decisi\u00f3n adoptada servir\u00e1 para recuperar la confianza de los operadores espa\u00f1oles en las medidas de gesti\u00f3n del mercado, que incluye la Organizaci\u00f3n Com\u00fan de los Mercados Agrarios<\/strong>. Por ello estima positiva la respuesta dada por los servicios de la Comisi\u00f3n Europea a las demandas espa\u00f1olas, de actuar con firmeza ante el deterioro de la situaci\u00f3n e incertidumbre generada por la imposici\u00f3n de aranceles por el Gobierno estadounidense a los productos agrarios espa\u00f1oles, en particular, al aceite de oliva.<\/p>\n<p>En cualquier caso, y con el objeto de poder finalizar el necesario ajuste en el sector, habr\u00e1 una cuarta y \u00faltima licitaci\u00f3n entre los d\u00edas 20 y 25 de febrero de 2020.<\/p>\n<p>&nbsp;<\/p>\n","protected":false},"excerpt":{"rendered":"<p>El Comit\u00e9 de Gesti\u00f3n de Mercados de la Organizaci\u00f3n Com\u00fan de Mercados Agr\u00edcolas, celebrado en Bruselas, ha aprobado el Reglamento por el que se fija el importe m\u00e1ximo de la ayuda al almacenamiento privado de aceite de oliva la tercera licitaci\u00f3n. Una ayuda que se ha fijado en 0,88 euros por tonelada y d\u00eda para [&hellip;]<\/p>\n","protected":false},"author":1,"featured_media":1056120,"comment_status":"closed","ping_status":"closed","sticky":false,"template":"","format":"standard","meta":{"footnotes":""},"categories":[187],"tags":[],"class_list":["post-1056119","post","type-post","status-publish","format-standard","has-post-thumbnail","hentry","category-economia"],"aioseo_notices":[],"aioseo_head":"\n\t\t<!-- All in One SEO Pro 4.9.6.2 - aioseo.com -->\n\t<meta name=\"description\" content=\"El Comit\u00e9 de Gesti\u00f3n de Mercados de la Organizaci\u00f3n Com\u00fan de Mercados Agr\u00edcolas, celebrado en Bruselas, ha aprobado el Reglamento por el que se fija el importe m\u00e1ximo de la ayuda al almacenamiento privado de aceite de oliva la tercera licitaci\u00f3n. Una ayuda que se ha fijado en 0,88 euros por tonelada y d\u00eda para\" \/>\n\t<meta name=\"robots\" content=\"max-image-preview:large\" \/>\n\t<meta name=\"author\" content=\"El Digital de Asturias\"\/>\n\t<meta name=\"google-site-verification\" content=\"UA-38556648-1\" \/>\n\t<meta name=\"msvalidate.01\" content=\"7dfe9f3f1b24437ab69f4f2559babe99\" \/>\n\t<meta name=\"keywords\" content=\"econom\u00eda\" \/>\n\t<link rel=\"canonical\" href=\"https:\/\/www.eldigitaldeasturias.com\/noticias\/aprobado-el-importe-maximo-de-la-ayuda-al-almacenamiento-privado-de-aceite-de-oliva\/\" \/>\n\t<meta name=\"generator\" content=\"All in One SEO Pro (AIOSEO) 4.9.6.2\" \/>\n\t\t<meta property=\"og:locale\" content=\"es_ES\" \/>\n\t\t<meta property=\"og:site_name\" content=\"El Digital de Asturias\" \/>\n\t\t<meta property=\"og:type\" content=\"article\" \/>\n\t\t<meta property=\"og:title\" content=\"Aprobado el importe m\u00e1ximo de la ayuda al almacenamiento privado de aceite de oliva - El Digital de Asturias\" \/>\n\t\t<meta property=\"og:description\" content=\"El Comit\u00e9 de Gesti\u00f3n de Mercados de la Organizaci\u00f3n Com\u00fan de Mercados Agr\u00edcolas, celebrado en Bruselas, ha aprobado el Reglamento por el que se fija el importe m\u00e1ximo de la ayuda al almacenamiento privado de aceite de oliva la tercera licitaci\u00f3n. Una ayuda que se ha fijado en 0,88 euros por tonelada y d\u00eda para\" \/>\n\t\t<meta property=\"og:url\" content=\"https:\/\/www.eldigitaldeasturias.com\/noticias\/aprobado-el-importe-maximo-de-la-ayuda-al-almacenamiento-privado-de-aceite-de-oliva\/\" \/>\n\t\t<meta property=\"og:image\" content=\"https:\/\/www.eldigitaldeasturias.com\/noticias\/wp-content\/uploads\/2020\/01\/211119-aceite.jpg\" \/>\n\t\t<meta property=\"og:image:secure_url\" content=\"https:\/\/www.eldigitaldeasturias.com\/noticias\/wp-content\/uploads\/2020\/01\/211119-aceite.jpg\" \/>\n\t\t<meta property=\"og:image:width\" content=\"512\" \/>\n\t\t<meta property=\"og:image:height\" content=\"340\" \/>\n\t\t<meta property=\"article:tag\" content=\"econom\u00eda\" \/>\n\t\t<meta property=\"article:published_time\" content=\"2020-01-29T21:52:20+00:00\" \/>\n\t\t<meta property=\"article:modified_time\" content=\"2020-01-29T21:52:20+00:00\" \/>\n\t\t<meta property=\"article:publisher\" content=\"https:\/\/facebook.com\/eldigitaldeasturias\" \/>\n\t\t<meta name=\"twitter:card\" content=\"summary_large_image\" \/>\n\t\t<meta name=\"twitter:title\" content=\"Aprobado el importe m\u00e1ximo de la ayuda al almacenamiento privado de aceite de oliva - El Digital de Asturias\" \/>\n\t\t<meta name=\"twitter:description\" content=\"El Comit\u00e9 de Gesti\u00f3n de Mercados de la Organizaci\u00f3n Com\u00fan de Mercados Agr\u00edcolas, celebrado en Bruselas, ha aprobado el Reglamento por el que se fija el importe m\u00e1ximo de la ayuda al almacenamiento privado de aceite de oliva la tercera licitaci\u00f3n. Una ayuda que se ha fijado en 0,88 euros por tonelada y d\u00eda para\" \/>\n\t\t<meta name=\"twitter:image\" content=\"https:\/\/www.eldigitaldeasturias.com\/noticias\/wp-content\/uploads\/2020\/01\/211119-aceite.jpg\" \/>\n\t\t<meta name=\"twitter:label1\" content=\"Escrito por\" \/>\n\t\t<meta name=\"twitter:data1\" content=\"El Digital de Asturias\" \/>\n\t\t<meta name=\"twitter:label2\" content=\"Tiempo de lectura estimado\" \/>\n\t\t<meta name=\"twitter:data2\" content=\"2 minutos\" \/>\n\t\t<script type=\"application\/ld+json\" class=\"aioseo-schema\">\n\t\t\t{\"@context\":\"https:\\\/\\\/schema.org\",\"@graph\":[{\"@type\":\"BlogPosting\",\"@id\":\"https:\\\/\\\/www.eldigitaldeasturias.com\\\/noticias\\\/aprobado-el-importe-maximo-de-la-ayuda-al-almacenamiento-privado-de-aceite-de-oliva\\\/#blogposting\",\"name\":\"Aprobado el importe m\\u00e1ximo de la ayuda al almacenamiento privado de aceite de oliva - El Digital de Asturias\",\"headline\":\"Aprobado el importe m\\u00e1ximo de la ayuda al almacenamiento privado de aceite de oliva\",\"author\":{\"@id\":\"https:\\\/\\\/www.eldigitaldeasturias.com\\\/noticias\\\/author\\\/admin\\\/#author\"},\"publisher\":{\"@id\":\"https:\\\/\\\/www.eldigitaldeasturias.com\\\/noticias\\\/#organization\"},\"image\":{\"@type\":\"ImageObject\",\"url\":\"https:\\\/\\\/www.eldigitaldeasturias.com\\\/noticias\\\/wp-content\\\/uploads\\\/2020\\\/01\\\/211119-aceite.jpg\",\"width\":512,\"height\":340},\"datePublished\":\"2020-01-29T21:52:20+01:00\",\"dateModified\":\"2020-01-29T21:52:20+01:00\",\"inLanguage\":\"es-ES\",\"mainEntityOfPage\":{\"@id\":\"https:\\\/\\\/www.eldigitaldeasturias.com\\\/noticias\\\/aprobado-el-importe-maximo-de-la-ayuda-al-almacenamiento-privado-de-aceite-de-oliva\\\/#webpage\"},\"isPartOf\":{\"@id\":\"https:\\\/\\\/www.eldigitaldeasturias.com\\\/noticias\\\/aprobado-el-importe-maximo-de-la-ayuda-al-almacenamiento-privado-de-aceite-de-oliva\\\/#webpage\"},\"articleSection\":\"Econom\\u00eda\"},{\"@type\":\"BreadcrumbList\",\"@id\":\"https:\\\/\\\/www.eldigitaldeasturias.com\\\/noticias\\\/aprobado-el-importe-maximo-de-la-ayuda-al-almacenamiento-privado-de-aceite-de-oliva\\\/#breadcrumblist\",\"itemListElement\":[{\"@type\":\"ListItem\",\"@id\":\"https:\\\/\\\/www.eldigitaldeasturias.com\\\/noticias#listItem\",\"position\":1,\"name\":\"Home\",\"item\":\"https:\\\/\\\/www.eldigitaldeasturias.com\\\/noticias\",\"nextItem\":{\"@type\":\"ListItem\",\"@id\":\"https:\\\/\\\/www.eldigitaldeasturias.com\\\/noticias\\\/category\\\/economia\\\/#listItem\",\"name\":\"Econom\\u00eda\"}},{\"@type\":\"ListItem\",\"@id\":\"https:\\\/\\\/www.eldigitaldeasturias.com\\\/noticias\\\/category\\\/economia\\\/#listItem\",\"position\":2,\"name\":\"Econom\\u00eda\",\"item\":\"https:\\\/\\\/www.eldigitaldeasturias.com\\\/noticias\\\/category\\\/economia\\\/\",\"nextItem\":{\"@type\":\"ListItem\",\"@id\":\"https:\\\/\\\/www.eldigitaldeasturias.com\\\/noticias\\\/aprobado-el-importe-maximo-de-la-ayuda-al-almacenamiento-privado-de-aceite-de-oliva\\\/#listItem\",\"name\":\"Aprobado el importe m\\u00e1ximo de la ayuda al almacenamiento privado de aceite de oliva\"},\"previousItem\":{\"@type\":\"ListItem\",\"@id\":\"https:\\\/\\\/www.eldigitaldeasturias.com\\\/noticias#listItem\",\"name\":\"Home\"}},{\"@type\":\"ListItem\",\"@id\":\"https:\\\/\\\/www.eldigitaldeasturias.com\\\/noticias\\\/aprobado-el-importe-maximo-de-la-ayuda-al-almacenamiento-privado-de-aceite-de-oliva\\\/#listItem\",\"position\":3,\"name\":\"Aprobado el importe m\\u00e1ximo de la ayuda al almacenamiento privado de aceite de oliva\",\"previousItem\":{\"@type\":\"ListItem\",\"@id\":\"https:\\\/\\\/www.eldigitaldeasturias.com\\\/noticias\\\/category\\\/economia\\\/#listItem\",\"name\":\"Econom\\u00eda\"}}]},{\"@type\":\"Organization\",\"@id\":\"https:\\\/\\\/www.eldigitaldeasturias.com\\\/noticias\\\/#organization\",\"name\":\"El Digital de Asturias\",\"description\":\"Hemeroteca\",\"url\":\"https:\\\/\\\/www.eldigitaldeasturias.com\\\/noticias\\\/\",\"email\":\"info@eldigitaldeasturias.com\",\"telephone\":\"+34652131393\",\"logo\":{\"@type\":\"ImageObject\",\"url\":\"https:\\\/\\\/www.eldigitaldeasturias.com\\\/noticias\\\/wp-content\\\/uploads\\\/2020\\\/12\\\/EDA.jpg\",\"@id\":\"https:\\\/\\\/www.eldigitaldeasturias.com\\\/noticias\\\/aprobado-el-importe-maximo-de-la-ayuda-al-almacenamiento-privado-de-aceite-de-oliva\\\/#organizationLogo\",\"width\":649,\"height\":297},\"image\":{\"@id\":\"https:\\\/\\\/www.eldigitaldeasturias.com\\\/noticias\\\/aprobado-el-importe-maximo-de-la-ayuda-al-almacenamiento-privado-de-aceite-de-oliva\\\/#organizationLogo\"},\"sameAs\":[\"https:\\\/\\\/facebook.com\\\/eldigitaldeasturias\",\"https:\\\/\\\/www.youtube.com\\\/channel\\\/UCZP-2wLEB9Rv6erhFmqVnvg\"],\"address\":{\"@id\":\"https:\\\/\\\/www.eldigitaldeasturias.com\\\/noticias\\\/#postaladdress\",\"@type\":\"PostalAddress\",\"streetAddress\":\"san antonio 4,\",\"postalCode\":\"33430\",\"addressLocality\":\"Cand\\u00e1s\",\"addressRegion\":\"Asturias\",\"addressCountry\":\"ES\"}},{\"@type\":\"Person\",\"@id\":\"https:\\\/\\\/www.eldigitaldeasturias.com\\\/noticias\\\/author\\\/admin\\\/#author\",\"url\":\"https:\\\/\\\/www.eldigitaldeasturias.com\\\/noticias\\\/author\\\/admin\\\/\",\"name\":\"El Digital de Asturias\",\"image\":{\"@type\":\"ImageObject\",\"@id\":\"https:\\\/\\\/www.eldigitaldeasturias.com\\\/noticias\\\/aprobado-el-importe-maximo-de-la-ayuda-al-almacenamiento-privado-de-aceite-de-oliva\\\/#authorImage\",\"url\":\"https:\\\/\\\/www.eldigitaldeasturias.com\\\/noticias\\\/wp-content\\\/litespeed\\\/avatar\\\/18677e78aa0546b92d9dbf31ec7d7668.jpg?ver=1776685526\",\"width\":96,\"height\":96,\"caption\":\"El Digital de Asturias\"}},{\"@type\":\"WebPage\",\"@id\":\"https:\\\/\\\/www.eldigitaldeasturias.com\\\/noticias\\\/aprobado-el-importe-maximo-de-la-ayuda-al-almacenamiento-privado-de-aceite-de-oliva\\\/#webpage\",\"url\":\"https:\\\/\\\/www.eldigitaldeasturias.com\\\/noticias\\\/aprobado-el-importe-maximo-de-la-ayuda-al-almacenamiento-privado-de-aceite-de-oliva\\\/\",\"name\":\"Aprobado el importe m\\u00e1ximo de la ayuda al almacenamiento privado de aceite de oliva - El Digital de Asturias\",\"description\":\"El Comit\\u00e9 de Gesti\\u00f3n de Mercados de la Organizaci\\u00f3n Com\\u00fan de Mercados Agr\\u00edcolas, celebrado en Bruselas, ha aprobado el Reglamento por el que se fija el importe m\\u00e1ximo de la ayuda al almacenamiento privado de aceite de oliva la tercera licitaci\\u00f3n. Una ayuda que se ha fijado en 0,88 euros por tonelada y d\\u00eda para\",\"inLanguage\":\"es-ES\",\"isPartOf\":{\"@id\":\"https:\\\/\\\/www.eldigitaldeasturias.com\\\/noticias\\\/#website\"},\"breadcrumb\":{\"@id\":\"https:\\\/\\\/www.eldigitaldeasturias.com\\\/noticias\\\/aprobado-el-importe-maximo-de-la-ayuda-al-almacenamiento-privado-de-aceite-de-oliva\\\/#breadcrumblist\"},\"author\":{\"@id\":\"https:\\\/\\\/www.eldigitaldeasturias.com\\\/noticias\\\/author\\\/admin\\\/#author\"},\"creator\":{\"@id\":\"https:\\\/\\\/www.eldigitaldeasturias.com\\\/noticias\\\/author\\\/admin\\\/#author\"},\"image\":{\"@type\":\"ImageObject\",\"url\":\"https:\\\/\\\/www.eldigitaldeasturias.com\\\/noticias\\\/wp-content\\\/uploads\\\/2020\\\/01\\\/211119-aceite.jpg\",\"@id\":\"https:\\\/\\\/www.eldigitaldeasturias.com\\\/noticias\\\/aprobado-el-importe-maximo-de-la-ayuda-al-almacenamiento-privado-de-aceite-de-oliva\\\/#mainImage\",\"width\":512,\"height\":340},\"primaryImageOfPage\":{\"@id\":\"https:\\\/\\\/www.eldigitaldeasturias.com\\\/noticias\\\/aprobado-el-importe-maximo-de-la-ayuda-al-almacenamiento-privado-de-aceite-de-oliva\\\/#mainImage\"},\"datePublished\":\"2020-01-29T21:52:20+01:00\",\"dateModified\":\"2020-01-29T21:52:20+01:00\"},{\"@type\":\"WebSite\",\"@id\":\"https:\\\/\\\/www.eldigitaldeasturias.com\\\/noticias\\\/#website\",\"url\":\"https:\\\/\\\/www.eldigitaldeasturias.com\\\/noticias\\\/\",\"name\":\"El Digital de Asturias - Diario de actualidad y noticias\",\"alternateName\":\"El Digital de Asturias - Diario de actualidad y noticias\",\"description\":\"Hemeroteca\",\"inLanguage\":\"es-ES\",\"publisher\":{\"@id\":\"https:\\\/\\\/www.eldigitaldeasturias.com\\\/noticias\\\/#organization\"}}]}\n\t\t<\/script>\n\t\t<!-- All in One SEO Pro -->\r\n\t\t<title>Aprobado el importe m\u00e1ximo de la ayuda al almacenamiento privado de aceite de oliva - El Digital de Asturias<\/title>\n\n","aioseo_head_json":{"title":"Aprobado el importe m\u00e1ximo de la ayuda al almacenamiento privado de aceite de oliva - El Digital de Asturias","description":"El Comit\u00e9 de Gesti\u00f3n de Mercados de la Organizaci\u00f3n Com\u00fan de Mercados Agr\u00edcolas, celebrado en Bruselas, ha aprobado el Reglamento por el que se fija el importe m\u00e1ximo de la ayuda al almacenamiento privado de aceite de oliva la tercera licitaci\u00f3n. Una ayuda que se ha fijado en 0,88 euros por tonelada y d\u00eda para","canonical_url":"https:\/\/www.eldigitaldeasturias.com\/noticias\/aprobado-el-importe-maximo-de-la-ayuda-al-almacenamiento-privado-de-aceite-de-oliva\/","robots":"max-image-preview:large","keywords":"econom\u00eda","webmasterTools":{"google-site-verification":"UA-38556648-1","msvalidate.01":"7dfe9f3f1b24437ab69f4f2559babe99","miscellaneous":""},"schema":{"@context":"https:\/\/schema.org","@graph":[{"@type":"BlogPosting","@id":"https:\/\/www.eldigitaldeasturias.com\/noticias\/aprobado-el-importe-maximo-de-la-ayuda-al-almacenamiento-privado-de-aceite-de-oliva\/#blogposting","name":"Aprobado el importe m\u00e1ximo de la ayuda al almacenamiento privado de aceite de oliva - El Digital de Asturias","headline":"Aprobado el importe m\u00e1ximo de la ayuda al almacenamiento privado de aceite de oliva","author":{"@id":"https:\/\/www.eldigitaldeasturias.com\/noticias\/author\/admin\/#author"},"publisher":{"@id":"https:\/\/www.eldigitaldeasturias.com\/noticias\/#organization"},"image":{"@type":"ImageObject","url":"https:\/\/www.eldigitaldeasturias.com\/noticias\/wp-content\/uploads\/2020\/01\/211119-aceite.jpg","width":512,"height":340},"datePublished":"2020-01-29T21:52:20+01:00","dateModified":"2020-01-29T21:52:20+01:00","inLanguage":"es-ES","mainEntityOfPage":{"@id":"https:\/\/www.eldigitaldeasturias.com\/noticias\/aprobado-el-importe-maximo-de-la-ayuda-al-almacenamiento-privado-de-aceite-de-oliva\/#webpage"},"isPartOf":{"@id":"https:\/\/www.eldigitaldeasturias.com\/noticias\/aprobado-el-importe-maximo-de-la-ayuda-al-almacenamiento-privado-de-aceite-de-oliva\/#webpage"},"articleSection":"Econom\u00eda"},{"@type":"BreadcrumbList","@id":"https:\/\/www.eldigitaldeasturias.com\/noticias\/aprobado-el-importe-maximo-de-la-ayuda-al-almacenamiento-privado-de-aceite-de-oliva\/#breadcrumblist","itemListElement":[{"@type":"ListItem","@id":"https:\/\/www.eldigitaldeasturias.com\/noticias#listItem","position":1,"name":"Home","item":"https:\/\/www.eldigitaldeasturias.com\/noticias","nextItem":{"@type":"ListItem","@id":"https:\/\/www.eldigitaldeasturias.com\/noticias\/category\/economia\/#listItem","name":"Econom\u00eda"}},{"@type":"ListItem","@id":"https:\/\/www.eldigitaldeasturias.com\/noticias\/category\/economia\/#listItem","position":2,"name":"Econom\u00eda","item":"https:\/\/www.eldigitaldeasturias.com\/noticias\/category\/economia\/","nextItem":{"@type":"ListItem","@id":"https:\/\/www.eldigitaldeasturias.com\/noticias\/aprobado-el-importe-maximo-de-la-ayuda-al-almacenamiento-privado-de-aceite-de-oliva\/#listItem","name":"Aprobado el importe m\u00e1ximo de la ayuda al almacenamiento privado de aceite de oliva"},"previousItem":{"@type":"ListItem","@id":"https:\/\/www.eldigitaldeasturias.com\/noticias#listItem","name":"Home"}},{"@type":"ListItem","@id":"https:\/\/www.eldigitaldeasturias.com\/noticias\/aprobado-el-importe-maximo-de-la-ayuda-al-almacenamiento-privado-de-aceite-de-oliva\/#listItem","position":3,"name":"Aprobado el importe m\u00e1ximo de la ayuda al almacenamiento privado de aceite de oliva","previousItem":{"@type":"ListItem","@id":"https:\/\/www.eldigitaldeasturias.com\/noticias\/category\/economia\/#listItem","name":"Econom\u00eda"}}]},{"@type":"Organization","@id":"https:\/\/www.eldigitaldeasturias.com\/noticias\/#organization","name":"El Digital de Asturias","description":"Hemeroteca","url":"https:\/\/www.eldigitaldeasturias.com\/noticias\/","email":"info@eldigitaldeasturias.com","telephone":"+34652131393","logo":{"@type":"ImageObject","url":"https:\/\/www.eldigitaldeasturias.com\/noticias\/wp-content\/uploads\/2020\/12\/EDA.jpg","@id":"https:\/\/www.eldigitaldeasturias.com\/noticias\/aprobado-el-importe-maximo-de-la-ayuda-al-almacenamiento-privado-de-aceite-de-oliva\/#organizationLogo","width":649,"height":297},"image":{"@id":"https:\/\/www.eldigitaldeasturias.com\/noticias\/aprobado-el-importe-maximo-de-la-ayuda-al-almacenamiento-privado-de-aceite-de-oliva\/#organizationLogo"},"sameAs":["https:\/\/facebook.com\/eldigitaldeasturias","https:\/\/www.youtube.com\/channel\/UCZP-2wLEB9Rv6erhFmqVnvg"],"address":{"@id":"https:\/\/www.eldigitaldeasturias.com\/noticias\/#postaladdress","@type":"PostalAddress","streetAddress":"san antonio 4,","postalCode":"33430","addressLocality":"Cand\u00e1s","addressRegion":"Asturias","addressCountry":"ES"}},{"@type":"Person","@id":"https:\/\/www.eldigitaldeasturias.com\/noticias\/author\/admin\/#author","url":"https:\/\/www.eldigitaldeasturias.com\/noticias\/author\/admin\/","name":"El Digital de Asturias","image":{"@type":"ImageObject","@id":"https:\/\/www.eldigitaldeasturias.com\/noticias\/aprobado-el-importe-maximo-de-la-ayuda-al-almacenamiento-privado-de-aceite-de-oliva\/#authorImage","url":"https:\/\/www.eldigitaldeasturias.com\/noticias\/wp-content\/litespeed\/avatar\/18677e78aa0546b92d9dbf31ec7d7668.jpg?ver=1776685526","width":96,"height":96,"caption":"El Digital de Asturias"}},{"@type":"WebPage","@id":"https:\/\/www.eldigitaldeasturias.com\/noticias\/aprobado-el-importe-maximo-de-la-ayuda-al-almacenamiento-privado-de-aceite-de-oliva\/#webpage","url":"https:\/\/www.eldigitaldeasturias.com\/noticias\/aprobado-el-importe-maximo-de-la-ayuda-al-almacenamiento-privado-de-aceite-de-oliva\/","name":"Aprobado el importe m\u00e1ximo de la ayuda al almacenamiento privado de aceite de oliva - El Digital de Asturias","description":"El Comit\u00e9 de Gesti\u00f3n de Mercados de la Organizaci\u00f3n Com\u00fan de Mercados Agr\u00edcolas, celebrado en Bruselas, ha aprobado el Reglamento por el que se fija el importe m\u00e1ximo de la ayuda al almacenamiento privado de aceite de oliva la tercera licitaci\u00f3n. Una ayuda que se ha fijado en 0,88 euros por tonelada y d\u00eda para","inLanguage":"es-ES","isPartOf":{"@id":"https:\/\/www.eldigitaldeasturias.com\/noticias\/#website"},"breadcrumb":{"@id":"https:\/\/www.eldigitaldeasturias.com\/noticias\/aprobado-el-importe-maximo-de-la-ayuda-al-almacenamiento-privado-de-aceite-de-oliva\/#breadcrumblist"},"author":{"@id":"https:\/\/www.eldigitaldeasturias.com\/noticias\/author\/admin\/#author"},"creator":{"@id":"https:\/\/www.eldigitaldeasturias.com\/noticias\/author\/admin\/#author"},"image":{"@type":"ImageObject","url":"https:\/\/www.eldigitaldeasturias.com\/noticias\/wp-content\/uploads\/2020\/01\/211119-aceite.jpg","@id":"https:\/\/www.eldigitaldeasturias.com\/noticias\/aprobado-el-importe-maximo-de-la-ayuda-al-almacenamiento-privado-de-aceite-de-oliva\/#mainImage","width":512,"height":340},"primaryImageOfPage":{"@id":"https:\/\/www.eldigitaldeasturias.com\/noticias\/aprobado-el-importe-maximo-de-la-ayuda-al-almacenamiento-privado-de-aceite-de-oliva\/#mainImage"},"datePublished":"2020-01-29T21:52:20+01:00","dateModified":"2020-01-29T21:52:20+01:00"},{"@type":"WebSite","@id":"https:\/\/www.eldigitaldeasturias.com\/noticias\/#website","url":"https:\/\/www.eldigitaldeasturias.com\/noticias\/","name":"El Digital de Asturias - Diario de actualidad y noticias","alternateName":"El Digital de Asturias - Diario de actualidad y noticias","description":"Hemeroteca","inLanguage":"es-ES","publisher":{"@id":"https:\/\/www.eldigitaldeasturias.com\/noticias\/#organization"}}]},"og:locale":"es_ES","og:site_name":"El Digital de Asturias","og:type":"article","og:title":"Aprobado el importe m\u00e1ximo de la ayuda al almacenamiento privado de aceite de oliva - El Digital de Asturias","og:description":"El Comit\u00e9 de Gesti\u00f3n de Mercados de la Organizaci\u00f3n Com\u00fan de Mercados Agr\u00edcolas, celebrado en Bruselas, ha aprobado el Reglamento por el que se fija el importe m\u00e1ximo de la ayuda al almacenamiento privado de aceite de oliva la tercera licitaci\u00f3n. Una ayuda que se ha fijado en 0,88 euros por tonelada y d\u00eda para","og:url":"https:\/\/www.eldigitaldeasturias.com\/noticias\/aprobado-el-importe-maximo-de-la-ayuda-al-almacenamiento-privado-de-aceite-de-oliva\/","og:image":"https:\/\/www.eldigitaldeasturias.com\/noticias\/wp-content\/uploads\/2020\/01\/211119-aceite.jpg","og:image:secure_url":"https:\/\/www.eldigitaldeasturias.com\/noticias\/wp-content\/uploads\/2020\/01\/211119-aceite.jpg","og:image:width":512,"og:image:height":340,"article:tag":["econom\u00eda"],"article:published_time":"2020-01-29T21:52:20+00:00","article:modified_time":"2020-01-29T21:52:20+00:00","article:publisher":"https:\/\/facebook.com\/eldigitaldeasturias","twitter:card":"summary_large_image","twitter:title":"Aprobado el importe m\u00e1ximo de la ayuda al almacenamiento privado de aceite de oliva - El Digital de Asturias","twitter:description":"El Comit\u00e9 de Gesti\u00f3n de Mercados de la Organizaci\u00f3n Com\u00fan de Mercados Agr\u00edcolas, celebrado en Bruselas, ha aprobado el Reglamento por el que se fija el importe m\u00e1ximo de la ayuda al almacenamiento privado de aceite de oliva la tercera licitaci\u00f3n. Una ayuda que se ha fijado en 0,88 euros por tonelada y d\u00eda para","twitter:image":"https:\/\/www.eldigitaldeasturias.com\/noticias\/wp-content\/uploads\/2020\/01\/211119-aceite.jpg","twitter:label1":"Escrito por","twitter:data1":"El Digital de Asturias","twitter:label2":"Tiempo de lectura estimado","twitter:data2":"2 minutos"},"aioseo_meta_data":{"post_id":"1056119","title":null,"description":null,"keywords":null,"keyphrases":null,"primary_term":null,"canonical_url":null,"og_title":null,"og_description":null,"og_object_type":"default","og_image_type":"default","og_image_url":null,"og_image_width":null,"og_image_height":null,"og_image_custom_url":null,"og_image_custom_fields":null,"og_video":null,"og_custom_url":null,"og_article_section":null,"og_article_tags":null,"twitter_use_og":false,"twitter_card":"default","twitter_image_type":"default","twitter_image_url":null,"twitter_image_custom_url":null,"twitter_image_custom_fields":null,"twitter_title":null,"twitter_description":null,"schema":{"blockGraphs":[],"customGraphs":[],"default":{"data":{"Article":[],"Course":[],"Dataset":[],"FAQPage":[],"Movie":[],"Person":[],"Product":[],"ProductReview":[],"Car":[],"Recipe":[],"Service":[],"SoftwareApplication":[],"WebPage":[]},"graphName":"","isEnabled":true},"graphs":[],"defaultGraph":"","defaultPostTypeGraph":""},"schema_type":null,"schema_type_options":null,"pillar_content":false,"robots_default":true,"robots_noindex":false,"robots_noarchive":false,"robots_nosnippet":false,"robots_nofollow":false,"robots_noimageindex":false,"robots_noodp":false,"robots_notranslate":false,"robots_max_snippet":null,"robots_max_videopreview":null,"robots_max_imagepreview":"large","priority":null,"frequency":null,"local_seo":null,"seo_analyzer_scan_date":"2025-10-30 21:18:15","breadcrumb_settings":null,"limit_modified_date":false,"open_ai":null,"ai":null,"created":"2020-12-21 10:55:57","updated":"2025-10-30 21:18:15"},"aioseo_breadcrumb":"<div class=\"aioseo-breadcrumbs\"><span class=\"aioseo-breadcrumb\">\n\t<a href=\"https:\/\/www.eldigitaldeasturias.com\/noticias\" title=\"Home\">Home<\/a>\n<\/span><span class=\"aioseo-breadcrumb-separator\">\u2013<\/span><span class=\"aioseo-breadcrumb\">\n\t<a href=\"https:\/\/www.eldigitaldeasturias.com\/noticias\/category\/economia\/\" title=\"Econom\u00eda\">Econom\u00eda<\/a>\n<\/span><span class=\"aioseo-breadcrumb-separator\">\u2013<\/span><span class=\"aioseo-breadcrumb\">\n\t<a href=\"https:\/\/www.eldigitaldeasturias.com\/noticias\/aprobado-el-importe-maximo-de-la-ayuda-al-almacenamiento-privado-de-aceite-de-oliva\/\" title=\"Aprobado el importe m\u00e1ximo de la ayuda al almacenamiento privado de aceite de oliva\">Aprobado el importe m\u00e1ximo de la ayuda al almacenamiento privado de aceite de oliva<\/a>\n<\/span><\/div>","aioseo_breadcrumb_json":[{"label":"Home","link":"https:\/\/www.eldigitaldeasturias.com\/noticias"},{"label":"Econom\u00eda","link":"https:\/\/www.eldigitaldeasturias.com\/noticias\/category\/economia\/"},{"label":"Aprobado el importe m\u00e1ximo de la ayuda al almacenamiento privado de aceite de oliva","link":"https:\/\/www.eldigitaldeasturias.com\/noticias\/aprobado-el-importe-maximo-de-la-ayuda-al-almacenamiento-privado-de-aceite-de-oliva\/"}],"_links":{"self":[{"href":"https:\/\/www.eldigitaldeasturias.com\/noticias\/wp-json\/wp\/v2\/posts\/1056119","targetHints":{"allow":["GET"]}}],"collection":[{"href":"https:\/\/www.eldigitaldeasturias.com\/noticias\/wp-json\/wp\/v2\/posts"}],"about":[{"href":"https:\/\/www.eldigitaldeasturias.com\/noticias\/wp-json\/wp\/v2\/types\/post"}],"author":[{"embeddable":true,"href":"https:\/\/www.eldigitaldeasturias.com\/noticias\/wp-json\/wp\/v2\/users\/1"}],"replies":[{"embeddable":true,"href":"https:\/\/www.eldigitaldeasturias.com\/noticias\/wp-json\/wp\/v2\/comments?post=1056119"}],"version-history":[{"count":0,"href":"https:\/\/www.eldigitaldeasturias.com\/noticias\/wp-json\/wp\/v2\/posts\/1056119\/revisions"}],"wp:featuredmedia":[{"embeddable":true,"href":"https:\/\/www.eldigitaldeasturias.com\/noticias\/wp-json\/wp\/v2\/media\/1056120"}],"wp:attachment":[{"href":"https:\/\/www.eldigitaldeasturias.com\/noticias\/wp-json\/wp\/v2\/media?parent=1056119"}],"wp:term":[{"taxonomy":"category","embeddable":true,"href":"https:\/\/www.eldigitaldeasturias.com\/noticias\/wp-json\/wp\/v2\/categories?post=1056119"},{"taxonomy":"post_tag","embeddable":true,"href":"https:\/\/www.eldigitaldeasturias.com\/noticias\/wp-json\/wp\/v2\/tags?post=1056119"}],"curies":[{"name":"wp","href":"https:\/\/api.w.org\/{rel}","templated":true}]}}