{"id":1056025,"date":"2020-01-28T17:30:04","date_gmt":"2020-01-28T17:30:04","guid":{"rendered":"https:\/\/www.eldigitaldeasturias.com\/noticias\/?p=1056025"},"modified":"2020-01-28T17:30:04","modified_gmt":"2020-01-28T17:30:04","slug":"abierto-de-australia-2020-federer-lucha-y-se-mete-en-semifinales","status":"publish","type":"post","link":"https:\/\/www.eldigitaldeasturias.com\/noticias\/abierto-de-australia-2020-federer-lucha-y-se-mete-en-semifinales\/","title":{"rendered":"Abierto de Australia 2020: Federer lucha y se mete en semifinales"},"content":{"rendered":"<figure id=\"attachment_1056026\" aria-describedby=\"caption-attachment-1056026\" style=\"width: 360px\" class=\"wp-caption alignleft\"><img loading=\"lazy\" decoding=\"async\" class=\"size-medium wp-image-1056026\" src=\"https:\/\/www.eldigitaldeasturias.com\/noticias\/wp-content\/uploads\/2020\/01\/Federer-dpa-360x245.jpg\" alt=\"\" width=\"360\" height=\"245\" srcset=\"https:\/\/www.eldigitaldeasturias.com\/noticias\/wp-content\/uploads\/2020\/01\/Federer-dpa-360x245.jpg 360w, https:\/\/www.eldigitaldeasturias.com\/noticias\/wp-content\/uploads\/2020\/01\/Federer-dpa-690x470.jpg 690w, https:\/\/www.eldigitaldeasturias.com\/noticias\/wp-content\/uploads\/2020\/01\/Federer-dpa-441x300.jpg 441w, https:\/\/www.eldigitaldeasturias.com\/noticias\/wp-content\/uploads\/2020\/01\/Federer-dpa-768x523.jpg 768w, https:\/\/www.eldigitaldeasturias.com\/noticias\/wp-content\/uploads\/2020\/01\/Federer-dpa.jpg 959w\" sizes=\"auto, (max-width: 360px) 100vw, 360px\" \/><figcaption id=\"caption-attachment-1056026\" class=\"wp-caption-text\">Foto: AAP Image\/Dave Hunt\/dpa<\/figcaption><\/figure>\n<p>(Europa Press) &#8211;\u00a0El suizo <strong>Roger Federer<\/strong> ha firmado este martes una apretada victoria en su duelo ante el estadounidense Tennys Sandgren (6-3, 2-6, 2-6, 7-6(8), 6-3), en el que acab\u00f3 con molestias y salv\u00f3 hasta siete bolas de partido, para acceder a las <strong>semifinales del Abierto de Australia<\/strong>, primer &#8216;Grand Slam&#8217; de la temporada, <strong>donde se enfrentar\u00e1 al serbio Novak Djokovic<\/strong>, que dobleg\u00f3 al canadiense Milos Raonic (6-4, 6-3, 7-6(1)).<\/p>\n<p>En un intenso duelo de m\u00e1s de tres horas y media en la Rod Laver Arena, el de Basilea levant\u00f3 hasta siete &#8216;match ball&#8217; en un ag\u00f3nico cuarto set para seguir en la lucha por su s\u00e9ptimo t\u00edtulo en Melbourne. Todo un nuevo acto de supervivencia despu\u00e9s de resistir tambi\u00e9n a un 4-8 ante el australiano John Millman en el &#8216;super tie-break&#8217; del encuentro de tercera ronda.<\/p>\n<p>\u00abA veces necesitas suerte. Con siete pelotas de partido no tienes el control. Esperaba que \u00e9l no conectara el golpe ganador en esos puntos y mantener la pelota en juego. Si fallaba un par de veces qui\u00e9n sabe, pod\u00eda tener mis opciones. Pero tuve mucha suerte hoy\u00bb, <em>se\u00f1al\u00f3 el ganador de 20 t\u00edtulos de &#8216;Grand Slam&#8217; tras el choque<\/em>.<\/p>\n<p>Un solitario &#8216;break&#8217; en el sexto juego le vali\u00f3 para adjudicarse la primera manga, pero a partir de entonces las cosas comenzaron a torcerse para el n\u00famero tres del mundo. Inc\u00f3modo en la pista, sucumbi\u00f3 ante la solidez al saque de Sandgren, que le endos\u00f3 dos roturas para igualar el duelo y que se adelant\u00f3 3-0 en el tercer parcial.<\/p>\n<p>Los problemas f\u00edsicos comenzaron a lastrar a Federer, que solicit\u00f3 la presencia del fisioterapeuta para tratar la sensaci\u00f3n de rigidez en su pierna, y el parcial cay\u00f3 del lado del norteamericano cuando consigui\u00f3 materializar la sexta de sus bolas de set al resto.<\/p>\n<p>La situaci\u00f3n se volvi\u00f3 cr\u00edtica en la cuarta manga. Con 5-4, Sandgren tuvo tres pelotas de partido al resto, que Federer anul\u00f3, y el drama rein\u00f3 en el &#8216;tie-break&#8217;; el suizo estuvo al borde de la eliminaci\u00f3n con 3-6 y levant\u00f3 hasta cuatro &#8216;match ball&#8217; para, milagrosamente, llevarse el parcial.<\/p>\n<p>A partir de entonces, respir\u00f3. No volvi\u00f3 a conceder ocasiones con su servicio, y aprovech\u00f3 una de sus tres bolas de &#8216;break&#8217; para conseguir un \u00fanico quiebre que le dio la victoria y el pase a las &#8216;semis&#8217;, donde se medir\u00e1 con Djokovic. \u00abNovak es un campe\u00f3n, especialmente aqu\u00ed en Australia. Hemos jugado partidos \u00e9picos en el pasado. Veremos qui\u00e9n gana y si no, me ir\u00e9 a esquiar\u00bb, brome\u00f3.<\/p>\n<p>El balc\u00e1nico vivi\u00f3 un duelo mucho m\u00e1s pl\u00e1cido ante Raonic. Despu\u00e9s de desperdiciar ocho bolas de rotura y defenderse de una, el n\u00famero dos del mundo cerr\u00f3 al resto el primer parcial. Tambi\u00e9n mantuvo intacto su servicio en el segundo set, donde se vali\u00f3 de otro quiebre para encarrilar el partido.<\/p>\n<p>Sin &#8216;breaks&#8217; en la tercera manga, todo tuvo que dilucidarse en la muerte s\u00fabita, donde &#8216;Nole&#8217; puso fin a la contienda en 3 horas y 31 minutos. As\u00ed, contin\u00faa su camino para tratar de revalidar su t\u00edtulo en Melbourne y alzar su octavo entorchado -2008, 2011, 2012, 2013, 2015, 2016 y 2019-.<\/p>\n<h3>BARTY Y KENIN SE ENFRENTAR\u00c1N EN SEMIFINALES<\/h3>\n<p>En el cuadro femenino, la n\u00famero uno del mundo, la australiana Ashleigh Barty, firm\u00f3 sus primeras semifinales en Melbourne a costa de la n\u00famero 7 del ranking WTA y finalista el a\u00f1o pasado, la checa Petra Kvitova (7-6 (6), 6-2), y se citar\u00e1 en la siguiente ronda con la estadounidense Sofia Kenin, que derrot\u00f3 a la tunecina Ons Jabeur (6-4, 6-4).<\/p>\n<p>La vigente campeona de Roland Garros se ha convertido de esta manera en la primera jugadora de su pa\u00eds en alcanzar las &#8216;semis&#8217; del &#8216;grande&#8217; oce\u00e1nico desde que lo hiciera Wendy Turnbull en 1984. A pesar de todo, tuvo que recurrir al &#8216;tie-break&#8217; de la primera manga para adelantarse en el choque, que resolvi\u00f3 al adelantarse 4-0 en la segunda para, con tres roturas, cerrar el duelo tras una hora y 44 minutos de juego.<\/p>\n<p>As\u00ed, se medir\u00e1 con la estadounidense Sofia Kenin, que alcanz\u00f3 por primera vez unas semifinales de &#8216;Grand Slam&#8217; a costa de una de las sensaciones del torneo, Ons Jabeur. La norteamericana desperdici\u00f3 hasta cinco bolas de set antes de confirmar su triunfo en el primer parcial, y con un solitario &#8216;break&#8217; rein\u00f3 en el segundo.<\/p>\n<p>&nbsp;<\/p>\n","protected":false},"excerpt":{"rendered":"<p>(Europa Press) &#8211;\u00a0El suizo Roger Federer ha firmado este martes una apretada victoria en su duelo ante el estadounidense Tennys Sandgren (6-3, 2-6, 2-6, 7-6(8), 6-3), en el que acab\u00f3 con molestias y salv\u00f3 hasta siete bolas de partido, para acceder a las semifinales del Abierto de Australia, primer &#8216;Grand Slam&#8217; de la temporada, donde [&hellip;]<\/p>\n","protected":false},"author":1,"featured_media":1056026,"comment_status":"closed","ping_status":"closed","sticky":false,"template":"","format":"standard","meta":{"footnotes":""},"categories":[190],"tags":[],"class_list":["post-1056025","post","type-post","status-publish","format-standard","has-post-thumbnail","hentry","category-deportes"],"aioseo_notices":[],"aioseo_head":"\n\t\t<!-- All in One SEO Pro 4.9.6.2 - aioseo.com -->\n\t<meta name=\"description\" content=\"(Europa Press) - El suizo Roger Federer ha firmado este martes una apretada victoria en su duelo ante el estadounidense Tennys Sandgren (6-3, 2-6, 2-6, 7-6(8), 6-3), en el que acab\u00f3 con molestias y salv\u00f3 hasta siete bolas de partido, para acceder a las semifinales del Abierto de Australia, primer &#039;Grand Slam&#039; de la temporada, donde\" \/>\n\t<meta name=\"robots\" content=\"max-image-preview:large\" \/>\n\t<meta name=\"author\" content=\"El Digital de Asturias\"\/>\n\t<meta name=\"google-site-verification\" content=\"UA-38556648-1\" \/>\n\t<meta name=\"msvalidate.01\" content=\"7dfe9f3f1b24437ab69f4f2559babe99\" \/>\n\t<meta name=\"keywords\" content=\"deportes\" \/>\n\t<link rel=\"canonical\" href=\"https:\/\/www.eldigitaldeasturias.com\/noticias\/abierto-de-australia-2020-federer-lucha-y-se-mete-en-semifinales\/\" \/>\n\t<meta name=\"generator\" content=\"All in One SEO Pro (AIOSEO) 4.9.6.2\" \/>\n\t\t<meta property=\"og:locale\" content=\"es_ES\" \/>\n\t\t<meta property=\"og:site_name\" content=\"El Digital de Asturias\" \/>\n\t\t<meta property=\"og:type\" content=\"article\" \/>\n\t\t<meta property=\"og:title\" content=\"Abierto de Australia 2020: Federer lucha y se mete en semifinales - El Digital de Asturias\" \/>\n\t\t<meta property=\"og:description\" content=\"(Europa Press) - El suizo Roger Federer ha firmado este martes una apretada victoria en su duelo ante el estadounidense Tennys Sandgren (6-3, 2-6, 2-6, 7-6(8), 6-3), en el que acab\u00f3 con molestias y salv\u00f3 hasta siete bolas de partido, para acceder a las semifinales del Abierto de Australia, primer &#039;Grand Slam&#039; de la temporada, donde\" \/>\n\t\t<meta property=\"og:url\" content=\"https:\/\/www.eldigitaldeasturias.com\/noticias\/abierto-de-australia-2020-federer-lucha-y-se-mete-en-semifinales\/\" \/>\n\t\t<meta property=\"og:image\" content=\"https:\/\/www.eldigitaldeasturias.com\/noticias\/wp-content\/uploads\/2020\/01\/Federer-dpa.jpg\" \/>\n\t\t<meta property=\"og:image:secure_url\" content=\"https:\/\/www.eldigitaldeasturias.com\/noticias\/wp-content\/uploads\/2020\/01\/Federer-dpa.jpg\" \/>\n\t\t<meta property=\"og:image:width\" content=\"959\" \/>\n\t\t<meta property=\"og:image:height\" content=\"653\" \/>\n\t\t<meta property=\"article:tag\" content=\"deportes\" \/>\n\t\t<meta property=\"article:published_time\" content=\"2020-01-28T17:30:04+00:00\" \/>\n\t\t<meta property=\"article:modified_time\" content=\"2020-01-28T17:30:04+00:00\" \/>\n\t\t<meta property=\"article:publisher\" content=\"https:\/\/facebook.com\/eldigitaldeasturias\" \/>\n\t\t<meta name=\"twitter:card\" content=\"summary_large_image\" \/>\n\t\t<meta name=\"twitter:title\" content=\"Abierto de Australia 2020: Federer lucha y se mete en semifinales - El Digital de Asturias\" \/>\n\t\t<meta name=\"twitter:description\" content=\"(Europa Press) - El suizo Roger Federer ha firmado este martes una apretada victoria en su duelo ante el estadounidense Tennys Sandgren (6-3, 2-6, 2-6, 7-6(8), 6-3), en el que acab\u00f3 con molestias y salv\u00f3 hasta siete bolas de partido, para acceder a las semifinales del Abierto de Australia, primer &#039;Grand Slam&#039; de la temporada, donde\" \/>\n\t\t<meta name=\"twitter:image\" content=\"https:\/\/www.eldigitaldeasturias.com\/noticias\/wp-content\/uploads\/2020\/01\/Federer-dpa.jpg\" \/>\n\t\t<meta name=\"twitter:label1\" content=\"Escrito por\" \/>\n\t\t<meta name=\"twitter:data1\" content=\"El Digital de Asturias\" \/>\n\t\t<meta name=\"twitter:label2\" content=\"Tiempo de lectura estimado\" \/>\n\t\t<meta name=\"twitter:data2\" content=\"4 minutos\" \/>\n\t\t<script type=\"application\/ld+json\" class=\"aioseo-schema\">\n\t\t\t{\"@context\":\"https:\\\/\\\/schema.org\",\"@graph\":[{\"@type\":\"BlogPosting\",\"@id\":\"https:\\\/\\\/www.eldigitaldeasturias.com\\\/noticias\\\/abierto-de-australia-2020-federer-lucha-y-se-mete-en-semifinales\\\/#blogposting\",\"name\":\"Abierto de Australia 2020: Federer lucha y se mete en semifinales - El Digital de Asturias\",\"headline\":\"Abierto de Australia 2020: Federer lucha y se mete en semifinales\",\"author\":{\"@id\":\"https:\\\/\\\/www.eldigitaldeasturias.com\\\/noticias\\\/author\\\/admin\\\/#author\"},\"publisher\":{\"@id\":\"https:\\\/\\\/www.eldigitaldeasturias.com\\\/noticias\\\/#organization\"},\"image\":{\"@type\":\"ImageObject\",\"url\":\"https:\\\/\\\/www.eldigitaldeasturias.com\\\/noticias\\\/wp-content\\\/uploads\\\/2020\\\/01\\\/Federer-dpa.jpg\",\"width\":959,\"height\":653,\"caption\":\"Foto: AAP Image\\\/Dave Hunt\\\/dpa\"},\"datePublished\":\"2020-01-28T17:30:04+01:00\",\"dateModified\":\"2020-01-28T17:30:04+01:00\",\"inLanguage\":\"es-ES\",\"mainEntityOfPage\":{\"@id\":\"https:\\\/\\\/www.eldigitaldeasturias.com\\\/noticias\\\/abierto-de-australia-2020-federer-lucha-y-se-mete-en-semifinales\\\/#webpage\"},\"isPartOf\":{\"@id\":\"https:\\\/\\\/www.eldigitaldeasturias.com\\\/noticias\\\/abierto-de-australia-2020-federer-lucha-y-se-mete-en-semifinales\\\/#webpage\"},\"articleSection\":\"Deportes\"},{\"@type\":\"BreadcrumbList\",\"@id\":\"https:\\\/\\\/www.eldigitaldeasturias.com\\\/noticias\\\/abierto-de-australia-2020-federer-lucha-y-se-mete-en-semifinales\\\/#breadcrumblist\",\"itemListElement\":[{\"@type\":\"ListItem\",\"@id\":\"https:\\\/\\\/www.eldigitaldeasturias.com\\\/noticias#listItem\",\"position\":1,\"name\":\"Home\",\"item\":\"https:\\\/\\\/www.eldigitaldeasturias.com\\\/noticias\",\"nextItem\":{\"@type\":\"ListItem\",\"@id\":\"https:\\\/\\\/www.eldigitaldeasturias.com\\\/noticias\\\/category\\\/deportes\\\/#listItem\",\"name\":\"Deportes\"}},{\"@type\":\"ListItem\",\"@id\":\"https:\\\/\\\/www.eldigitaldeasturias.com\\\/noticias\\\/category\\\/deportes\\\/#listItem\",\"position\":2,\"name\":\"Deportes\",\"item\":\"https:\\\/\\\/www.eldigitaldeasturias.com\\\/noticias\\\/category\\\/deportes\\\/\",\"nextItem\":{\"@type\":\"ListItem\",\"@id\":\"https:\\\/\\\/www.eldigitaldeasturias.com\\\/noticias\\\/abierto-de-australia-2020-federer-lucha-y-se-mete-en-semifinales\\\/#listItem\",\"name\":\"Abierto de Australia 2020: Federer lucha y se mete en semifinales\"},\"previousItem\":{\"@type\":\"ListItem\",\"@id\":\"https:\\\/\\\/www.eldigitaldeasturias.com\\\/noticias#listItem\",\"name\":\"Home\"}},{\"@type\":\"ListItem\",\"@id\":\"https:\\\/\\\/www.eldigitaldeasturias.com\\\/noticias\\\/abierto-de-australia-2020-federer-lucha-y-se-mete-en-semifinales\\\/#listItem\",\"position\":3,\"name\":\"Abierto de Australia 2020: Federer lucha y se mete en semifinales\",\"previousItem\":{\"@type\":\"ListItem\",\"@id\":\"https:\\\/\\\/www.eldigitaldeasturias.com\\\/noticias\\\/category\\\/deportes\\\/#listItem\",\"name\":\"Deportes\"}}]},{\"@type\":\"Organization\",\"@id\":\"https:\\\/\\\/www.eldigitaldeasturias.com\\\/noticias\\\/#organization\",\"name\":\"El Digital de Asturias\",\"description\":\"Hemeroteca\",\"url\":\"https:\\\/\\\/www.eldigitaldeasturias.com\\\/noticias\\\/\",\"email\":\"info@eldigitaldeasturias.com\",\"telephone\":\"+34652131393\",\"logo\":{\"@type\":\"ImageObject\",\"url\":\"https:\\\/\\\/www.eldigitaldeasturias.com\\\/noticias\\\/wp-content\\\/uploads\\\/2020\\\/12\\\/EDA.jpg\",\"@id\":\"https:\\\/\\\/www.eldigitaldeasturias.com\\\/noticias\\\/abierto-de-australia-2020-federer-lucha-y-se-mete-en-semifinales\\\/#organizationLogo\",\"width\":649,\"height\":297},\"image\":{\"@id\":\"https:\\\/\\\/www.eldigitaldeasturias.com\\\/noticias\\\/abierto-de-australia-2020-federer-lucha-y-se-mete-en-semifinales\\\/#organizationLogo\"},\"sameAs\":[\"https:\\\/\\\/facebook.com\\\/eldigitaldeasturias\",\"https:\\\/\\\/www.youtube.com\\\/channel\\\/UCZP-2wLEB9Rv6erhFmqVnvg\"],\"address\":{\"@id\":\"https:\\\/\\\/www.eldigitaldeasturias.com\\\/noticias\\\/#postaladdress\",\"@type\":\"PostalAddress\",\"streetAddress\":\"san antonio 4,\",\"postalCode\":\"33430\",\"addressLocality\":\"Cand\\u00e1s\",\"addressRegion\":\"Asturias\",\"addressCountry\":\"ES\"}},{\"@type\":\"Person\",\"@id\":\"https:\\\/\\\/www.eldigitaldeasturias.com\\\/noticias\\\/author\\\/admin\\\/#author\",\"url\":\"https:\\\/\\\/www.eldigitaldeasturias.com\\\/noticias\\\/author\\\/admin\\\/\",\"name\":\"El Digital de Asturias\",\"image\":{\"@type\":\"ImageObject\",\"@id\":\"https:\\\/\\\/www.eldigitaldeasturias.com\\\/noticias\\\/abierto-de-australia-2020-federer-lucha-y-se-mete-en-semifinales\\\/#authorImage\",\"url\":\"https:\\\/\\\/www.eldigitaldeasturias.com\\\/noticias\\\/wp-content\\\/litespeed\\\/avatar\\\/18677e78aa0546b92d9dbf31ec7d7668.jpg?ver=1777290358\",\"width\":96,\"height\":96,\"caption\":\"El Digital de Asturias\"}},{\"@type\":\"WebPage\",\"@id\":\"https:\\\/\\\/www.eldigitaldeasturias.com\\\/noticias\\\/abierto-de-australia-2020-federer-lucha-y-se-mete-en-semifinales\\\/#webpage\",\"url\":\"https:\\\/\\\/www.eldigitaldeasturias.com\\\/noticias\\\/abierto-de-australia-2020-federer-lucha-y-se-mete-en-semifinales\\\/\",\"name\":\"Abierto de Australia 2020: Federer lucha y se mete en semifinales - El Digital de Asturias\",\"description\":\"(Europa Press) - El suizo Roger Federer ha firmado este martes una apretada victoria en su duelo ante el estadounidense Tennys Sandgren (6-3, 2-6, 2-6, 7-6(8), 6-3), en el que acab\\u00f3 con molestias y salv\\u00f3 hasta siete bolas de partido, para acceder a las semifinales del Abierto de Australia, primer 'Grand Slam' de la temporada, donde\",\"inLanguage\":\"es-ES\",\"isPartOf\":{\"@id\":\"https:\\\/\\\/www.eldigitaldeasturias.com\\\/noticias\\\/#website\"},\"breadcrumb\":{\"@id\":\"https:\\\/\\\/www.eldigitaldeasturias.com\\\/noticias\\\/abierto-de-australia-2020-federer-lucha-y-se-mete-en-semifinales\\\/#breadcrumblist\"},\"author\":{\"@id\":\"https:\\\/\\\/www.eldigitaldeasturias.com\\\/noticias\\\/author\\\/admin\\\/#author\"},\"creator\":{\"@id\":\"https:\\\/\\\/www.eldigitaldeasturias.com\\\/noticias\\\/author\\\/admin\\\/#author\"},\"image\":{\"@type\":\"ImageObject\",\"url\":\"https:\\\/\\\/www.eldigitaldeasturias.com\\\/noticias\\\/wp-content\\\/uploads\\\/2020\\\/01\\\/Federer-dpa.jpg\",\"@id\":\"https:\\\/\\\/www.eldigitaldeasturias.com\\\/noticias\\\/abierto-de-australia-2020-federer-lucha-y-se-mete-en-semifinales\\\/#mainImage\",\"width\":959,\"height\":653,\"caption\":\"Foto: AAP Image\\\/Dave Hunt\\\/dpa\"},\"primaryImageOfPage\":{\"@id\":\"https:\\\/\\\/www.eldigitaldeasturias.com\\\/noticias\\\/abierto-de-australia-2020-federer-lucha-y-se-mete-en-semifinales\\\/#mainImage\"},\"datePublished\":\"2020-01-28T17:30:04+01:00\",\"dateModified\":\"2020-01-28T17:30:04+01:00\"},{\"@type\":\"WebSite\",\"@id\":\"https:\\\/\\\/www.eldigitaldeasturias.com\\\/noticias\\\/#website\",\"url\":\"https:\\\/\\\/www.eldigitaldeasturias.com\\\/noticias\\\/\",\"name\":\"El Digital de Asturias - Diario de actualidad y noticias\",\"alternateName\":\"El Digital de Asturias - Diario de actualidad y noticias\",\"description\":\"Hemeroteca\",\"inLanguage\":\"es-ES\",\"publisher\":{\"@id\":\"https:\\\/\\\/www.eldigitaldeasturias.com\\\/noticias\\\/#organization\"}}]}\n\t\t<\/script>\n\t\t<!-- All in One SEO Pro -->\r\n\t\t<title>Abierto de Australia 2020: Federer lucha y se mete en semifinales - El Digital de Asturias<\/title>\n\n","aioseo_head_json":{"title":"Abierto de Australia 2020: Federer lucha y se mete en semifinales - El Digital de Asturias","description":"(Europa Press) - El suizo Roger Federer ha firmado este martes una apretada victoria en su duelo ante el estadounidense Tennys Sandgren (6-3, 2-6, 2-6, 7-6(8), 6-3), en el que acab\u00f3 con molestias y salv\u00f3 hasta siete bolas de partido, para acceder a las semifinales del Abierto de Australia, primer 'Grand Slam' de la temporada, donde","canonical_url":"https:\/\/www.eldigitaldeasturias.com\/noticias\/abierto-de-australia-2020-federer-lucha-y-se-mete-en-semifinales\/","robots":"max-image-preview:large","keywords":"deportes","webmasterTools":{"google-site-verification":"UA-38556648-1","msvalidate.01":"7dfe9f3f1b24437ab69f4f2559babe99","miscellaneous":""},"schema":{"@context":"https:\/\/schema.org","@graph":[{"@type":"BlogPosting","@id":"https:\/\/www.eldigitaldeasturias.com\/noticias\/abierto-de-australia-2020-federer-lucha-y-se-mete-en-semifinales\/#blogposting","name":"Abierto de Australia 2020: Federer lucha y se mete en semifinales - El Digital de Asturias","headline":"Abierto de Australia 2020: Federer lucha y se mete en semifinales","author":{"@id":"https:\/\/www.eldigitaldeasturias.com\/noticias\/author\/admin\/#author"},"publisher":{"@id":"https:\/\/www.eldigitaldeasturias.com\/noticias\/#organization"},"image":{"@type":"ImageObject","url":"https:\/\/www.eldigitaldeasturias.com\/noticias\/wp-content\/uploads\/2020\/01\/Federer-dpa.jpg","width":959,"height":653,"caption":"Foto: AAP Image\/Dave Hunt\/dpa"},"datePublished":"2020-01-28T17:30:04+01:00","dateModified":"2020-01-28T17:30:04+01:00","inLanguage":"es-ES","mainEntityOfPage":{"@id":"https:\/\/www.eldigitaldeasturias.com\/noticias\/abierto-de-australia-2020-federer-lucha-y-se-mete-en-semifinales\/#webpage"},"isPartOf":{"@id":"https:\/\/www.eldigitaldeasturias.com\/noticias\/abierto-de-australia-2020-federer-lucha-y-se-mete-en-semifinales\/#webpage"},"articleSection":"Deportes"},{"@type":"BreadcrumbList","@id":"https:\/\/www.eldigitaldeasturias.com\/noticias\/abierto-de-australia-2020-federer-lucha-y-se-mete-en-semifinales\/#breadcrumblist","itemListElement":[{"@type":"ListItem","@id":"https:\/\/www.eldigitaldeasturias.com\/noticias#listItem","position":1,"name":"Home","item":"https:\/\/www.eldigitaldeasturias.com\/noticias","nextItem":{"@type":"ListItem","@id":"https:\/\/www.eldigitaldeasturias.com\/noticias\/category\/deportes\/#listItem","name":"Deportes"}},{"@type":"ListItem","@id":"https:\/\/www.eldigitaldeasturias.com\/noticias\/category\/deportes\/#listItem","position":2,"name":"Deportes","item":"https:\/\/www.eldigitaldeasturias.com\/noticias\/category\/deportes\/","nextItem":{"@type":"ListItem","@id":"https:\/\/www.eldigitaldeasturias.com\/noticias\/abierto-de-australia-2020-federer-lucha-y-se-mete-en-semifinales\/#listItem","name":"Abierto de Australia 2020: Federer lucha y se mete en semifinales"},"previousItem":{"@type":"ListItem","@id":"https:\/\/www.eldigitaldeasturias.com\/noticias#listItem","name":"Home"}},{"@type":"ListItem","@id":"https:\/\/www.eldigitaldeasturias.com\/noticias\/abierto-de-australia-2020-federer-lucha-y-se-mete-en-semifinales\/#listItem","position":3,"name":"Abierto de Australia 2020: Federer lucha y se mete en semifinales","previousItem":{"@type":"ListItem","@id":"https:\/\/www.eldigitaldeasturias.com\/noticias\/category\/deportes\/#listItem","name":"Deportes"}}]},{"@type":"Organization","@id":"https:\/\/www.eldigitaldeasturias.com\/noticias\/#organization","name":"El Digital de Asturias","description":"Hemeroteca","url":"https:\/\/www.eldigitaldeasturias.com\/noticias\/","email":"info@eldigitaldeasturias.com","telephone":"+34652131393","logo":{"@type":"ImageObject","url":"https:\/\/www.eldigitaldeasturias.com\/noticias\/wp-content\/uploads\/2020\/12\/EDA.jpg","@id":"https:\/\/www.eldigitaldeasturias.com\/noticias\/abierto-de-australia-2020-federer-lucha-y-se-mete-en-semifinales\/#organizationLogo","width":649,"height":297},"image":{"@id":"https:\/\/www.eldigitaldeasturias.com\/noticias\/abierto-de-australia-2020-federer-lucha-y-se-mete-en-semifinales\/#organizationLogo"},"sameAs":["https:\/\/facebook.com\/eldigitaldeasturias","https:\/\/www.youtube.com\/channel\/UCZP-2wLEB9Rv6erhFmqVnvg"],"address":{"@id":"https:\/\/www.eldigitaldeasturias.com\/noticias\/#postaladdress","@type":"PostalAddress","streetAddress":"san antonio 4,","postalCode":"33430","addressLocality":"Cand\u00e1s","addressRegion":"Asturias","addressCountry":"ES"}},{"@type":"Person","@id":"https:\/\/www.eldigitaldeasturias.com\/noticias\/author\/admin\/#author","url":"https:\/\/www.eldigitaldeasturias.com\/noticias\/author\/admin\/","name":"El Digital de Asturias","image":{"@type":"ImageObject","@id":"https:\/\/www.eldigitaldeasturias.com\/noticias\/abierto-de-australia-2020-federer-lucha-y-se-mete-en-semifinales\/#authorImage","url":"https:\/\/www.eldigitaldeasturias.com\/noticias\/wp-content\/litespeed\/avatar\/18677e78aa0546b92d9dbf31ec7d7668.jpg?ver=1777290358","width":96,"height":96,"caption":"El Digital de Asturias"}},{"@type":"WebPage","@id":"https:\/\/www.eldigitaldeasturias.com\/noticias\/abierto-de-australia-2020-federer-lucha-y-se-mete-en-semifinales\/#webpage","url":"https:\/\/www.eldigitaldeasturias.com\/noticias\/abierto-de-australia-2020-federer-lucha-y-se-mete-en-semifinales\/","name":"Abierto de Australia 2020: Federer lucha y se mete en semifinales - El Digital de Asturias","description":"(Europa Press) - El suizo Roger Federer ha firmado este martes una apretada victoria en su duelo ante el estadounidense Tennys Sandgren (6-3, 2-6, 2-6, 7-6(8), 6-3), en el que acab\u00f3 con molestias y salv\u00f3 hasta siete bolas de partido, para acceder a las semifinales del Abierto de Australia, primer 'Grand Slam' de la temporada, donde","inLanguage":"es-ES","isPartOf":{"@id":"https:\/\/www.eldigitaldeasturias.com\/noticias\/#website"},"breadcrumb":{"@id":"https:\/\/www.eldigitaldeasturias.com\/noticias\/abierto-de-australia-2020-federer-lucha-y-se-mete-en-semifinales\/#breadcrumblist"},"author":{"@id":"https:\/\/www.eldigitaldeasturias.com\/noticias\/author\/admin\/#author"},"creator":{"@id":"https:\/\/www.eldigitaldeasturias.com\/noticias\/author\/admin\/#author"},"image":{"@type":"ImageObject","url":"https:\/\/www.eldigitaldeasturias.com\/noticias\/wp-content\/uploads\/2020\/01\/Federer-dpa.jpg","@id":"https:\/\/www.eldigitaldeasturias.com\/noticias\/abierto-de-australia-2020-federer-lucha-y-se-mete-en-semifinales\/#mainImage","width":959,"height":653,"caption":"Foto: AAP Image\/Dave Hunt\/dpa"},"primaryImageOfPage":{"@id":"https:\/\/www.eldigitaldeasturias.com\/noticias\/abierto-de-australia-2020-federer-lucha-y-se-mete-en-semifinales\/#mainImage"},"datePublished":"2020-01-28T17:30:04+01:00","dateModified":"2020-01-28T17:30:04+01:00"},{"@type":"WebSite","@id":"https:\/\/www.eldigitaldeasturias.com\/noticias\/#website","url":"https:\/\/www.eldigitaldeasturias.com\/noticias\/","name":"El Digital de Asturias - Diario de actualidad y noticias","alternateName":"El Digital de Asturias - Diario de actualidad y noticias","description":"Hemeroteca","inLanguage":"es-ES","publisher":{"@id":"https:\/\/www.eldigitaldeasturias.com\/noticias\/#organization"}}]},"og:locale":"es_ES","og:site_name":"El Digital de Asturias","og:type":"article","og:title":"Abierto de Australia 2020: Federer lucha y se mete en semifinales - El Digital de Asturias","og:description":"(Europa Press) - El suizo Roger Federer ha firmado este martes una apretada victoria en su duelo ante el estadounidense Tennys Sandgren (6-3, 2-6, 2-6, 7-6(8), 6-3), en el que acab\u00f3 con molestias y salv\u00f3 hasta siete bolas de partido, para acceder a las semifinales del Abierto de Australia, primer 'Grand Slam' de la temporada, donde","og:url":"https:\/\/www.eldigitaldeasturias.com\/noticias\/abierto-de-australia-2020-federer-lucha-y-se-mete-en-semifinales\/","og:image":"https:\/\/www.eldigitaldeasturias.com\/noticias\/wp-content\/uploads\/2020\/01\/Federer-dpa.jpg","og:image:secure_url":"https:\/\/www.eldigitaldeasturias.com\/noticias\/wp-content\/uploads\/2020\/01\/Federer-dpa.jpg","og:image:width":959,"og:image:height":653,"article:tag":["deportes"],"article:published_time":"2020-01-28T17:30:04+00:00","article:modified_time":"2020-01-28T17:30:04+00:00","article:publisher":"https:\/\/facebook.com\/eldigitaldeasturias","twitter:card":"summary_large_image","twitter:title":"Abierto de Australia 2020: Federer lucha y se mete en semifinales - El Digital de Asturias","twitter:description":"(Europa Press) - El suizo Roger Federer ha firmado este martes una apretada victoria en su duelo ante el estadounidense Tennys Sandgren (6-3, 2-6, 2-6, 7-6(8), 6-3), en el que acab\u00f3 con molestias y salv\u00f3 hasta siete bolas de partido, para acceder a las semifinales del Abierto de Australia, primer 'Grand Slam' de la temporada, donde","twitter:image":"https:\/\/www.eldigitaldeasturias.com\/noticias\/wp-content\/uploads\/2020\/01\/Federer-dpa.jpg","twitter:label1":"Escrito por","twitter:data1":"El Digital de Asturias","twitter:label2":"Tiempo de lectura estimado","twitter:data2":"4 minutos"},"aioseo_meta_data":{"post_id":"1056025","title":null,"description":null,"keywords":null,"keyphrases":null,"primary_term":null,"canonical_url":null,"og_title":null,"og_description":null,"og_object_type":"default","og_image_type":"default","og_image_url":null,"og_image_width":null,"og_image_height":null,"og_image_custom_url":null,"og_image_custom_fields":null,"og_video":null,"og_custom_url":null,"og_article_section":null,"og_article_tags":null,"twitter_use_og":false,"twitter_card":"default","twitter_image_type":"default","twitter_image_url":null,"twitter_image_custom_url":null,"twitter_image_custom_fields":null,"twitter_title":null,"twitter_description":null,"schema":{"blockGraphs":[],"customGraphs":[],"default":{"data":{"Article":[],"Course":[],"Dataset":[],"FAQPage":[],"Movie":[],"Person":[],"Product":[],"ProductReview":[],"Car":[],"Recipe":[],"Service":[],"SoftwareApplication":[],"WebPage":[]},"graphName":"","isEnabled":true},"graphs":[],"defaultGraph":"","defaultPostTypeGraph":""},"schema_type":null,"schema_type_options":null,"pillar_content":false,"robots_default":true,"robots_noindex":false,"robots_noarchive":false,"robots_nosnippet":false,"robots_nofollow":false,"robots_noimageindex":false,"robots_noodp":false,"robots_notranslate":false,"robots_max_snippet":null,"robots_max_videopreview":null,"robots_max_imagepreview":"large","priority":null,"frequency":null,"local_seo":null,"seo_analyzer_scan_date":"2025-10-30 20:59:11","breadcrumb_settings":null,"limit_modified_date":false,"open_ai":null,"ai":null,"created":"2020-12-21 10:56:03","updated":"2025-10-30 20:59:11"},"aioseo_breadcrumb":"<div class=\"aioseo-breadcrumbs\"><span class=\"aioseo-breadcrumb\">\n\t<a href=\"https:\/\/www.eldigitaldeasturias.com\/noticias\" title=\"Home\">Home<\/a>\n<\/span><span class=\"aioseo-breadcrumb-separator\">\u2013<\/span><span class=\"aioseo-breadcrumb\">\n\t<a href=\"https:\/\/www.eldigitaldeasturias.com\/noticias\/category\/deportes\/\" title=\"Deportes\">Deportes<\/a>\n<\/span><span class=\"aioseo-breadcrumb-separator\">\u2013<\/span><span class=\"aioseo-breadcrumb\">\n\t<a href=\"https:\/\/www.eldigitaldeasturias.com\/noticias\/abierto-de-australia-2020-federer-lucha-y-se-mete-en-semifinales\/\" title=\"Abierto de Australia 2020: Federer lucha y se mete en semifinales\">Abierto de Australia 2020: Federer lucha y se mete en semifinales<\/a>\n<\/span><\/div>","aioseo_breadcrumb_json":[{"label":"Home","link":"https:\/\/www.eldigitaldeasturias.com\/noticias"},{"label":"Deportes","link":"https:\/\/www.eldigitaldeasturias.com\/noticias\/category\/deportes\/"},{"label":"Abierto de Australia 2020: Federer lucha y se mete en semifinales","link":"https:\/\/www.eldigitaldeasturias.com\/noticias\/abierto-de-australia-2020-federer-lucha-y-se-mete-en-semifinales\/"}],"_links":{"self":[{"href":"https:\/\/www.eldigitaldeasturias.com\/noticias\/wp-json\/wp\/v2\/posts\/1056025","targetHints":{"allow":["GET"]}}],"collection":[{"href":"https:\/\/www.eldigitaldeasturias.com\/noticias\/wp-json\/wp\/v2\/posts"}],"about":[{"href":"https:\/\/www.eldigitaldeasturias.com\/noticias\/wp-json\/wp\/v2\/types\/post"}],"author":[{"embeddable":true,"href":"https:\/\/www.eldigitaldeasturias.com\/noticias\/wp-json\/wp\/v2\/users\/1"}],"replies":[{"embeddable":true,"href":"https:\/\/www.eldigitaldeasturias.com\/noticias\/wp-json\/wp\/v2\/comments?post=1056025"}],"version-history":[{"count":0,"href":"https:\/\/www.eldigitaldeasturias.com\/noticias\/wp-json\/wp\/v2\/posts\/1056025\/revisions"}],"wp:featuredmedia":[{"embeddable":true,"href":"https:\/\/www.eldigitaldeasturias.com\/noticias\/wp-json\/wp\/v2\/media\/1056026"}],"wp:attachment":[{"href":"https:\/\/www.eldigitaldeasturias.com\/noticias\/wp-json\/wp\/v2\/media?parent=1056025"}],"wp:term":[{"taxonomy":"category","embeddable":true,"href":"https:\/\/www.eldigitaldeasturias.com\/noticias\/wp-json\/wp\/v2\/categories?post=1056025"},{"taxonomy":"post_tag","embeddable":true,"href":"https:\/\/www.eldigitaldeasturias.com\/noticias\/wp-json\/wp\/v2\/tags?post=1056025"}],"curies":[{"name":"wp","href":"https:\/\/api.w.org\/{rel}","templated":true}]}}