{"id":1055980,"date":"2020-01-28T12:00:04","date_gmt":"2020-01-28T12:00:04","guid":{"rendered":"https:\/\/www.eldigitaldeasturias.com\/noticias\/?p=1055980"},"modified":"2020-01-28T12:00:30","modified_gmt":"2020-01-28T12:00:30","slug":"espana-tiene-3-191-900-personas-en-paro","status":"publish","type":"post","link":"https:\/\/www.eldigitaldeasturias.com\/noticias\/espana-tiene-3-191-900-personas-en-paro\/","title":{"rendered":"Espa\u00f1a tiene 3.191.900 personas en paro"},"content":{"rendered":"<p><img loading=\"lazy\" decoding=\"async\" class=\"alignleft size-medium wp-image-781858\" src=\"https:\/\/www.eldigitaldeasturias.com\/noticias\/wp-content\/uploads\/2015\/05\/paro-asturias-360x240.jpg\" alt=\"\" width=\"360\" height=\"240\" srcset=\"https:\/\/www.eldigitaldeasturias.com\/noticias\/wp-content\/uploads\/2015\/05\/paro-asturias-360x240.jpg 360w, https:\/\/www.eldigitaldeasturias.com\/noticias\/wp-content\/uploads\/2015\/05\/paro-asturias-450x300.jpg 450w, https:\/\/www.eldigitaldeasturias.com\/noticias\/wp-content\/uploads\/2015\/05\/paro-asturias-768x512.jpg 768w, https:\/\/www.eldigitaldeasturias.com\/noticias\/wp-content\/uploads\/2015\/05\/paro-asturias-690x460.jpg 690w, https:\/\/www.eldigitaldeasturias.com\/noticias\/wp-content\/uploads\/2015\/05\/paro-asturias-20x13.jpg 20w, https:\/\/www.eldigitaldeasturias.com\/noticias\/wp-content\/uploads\/2015\/05\/paro-asturias.jpg 800w\" sizes=\"auto, (max-width: 360px) 100vw, 360px\" \/>El desempleo se redujo en 112.400 personas en los \u00faltimos doce meses, <strong>situ\u00e1ndose en 3.191.900<\/strong> (-3,4%). Con este descenso<strong> la tasa de paro se situ\u00f3 en el 13,8%<\/strong>, la m\u00e1s baja en los \u00faltimos 11 a\u00f1os.<\/p>\n<p>Hay que destacar que este descenso del paro se produce en un contexto de continuado incremento de la poblaci\u00f3n activa, que en el \u00faltimo a\u00f1o ha aumentado en 290.000 personas, <strong>hasta situarse en 23,16 millones de personas y una tasa de crecimiento interanual del 1,27%<\/strong>, la m\u00e1s elevada desde principios de 2009.<\/p>\n<p><strong>El n\u00famero de ocupados aument\u00f3 en 92.600 personas en el cuarto trimestre de 2019<\/strong>, la cifra m\u00e1s elevada en un cuarto trimestre desde 2006, lo que supone un crecimiento del 0,47%. En t\u00e9rminos desestacionalizados la variaci\u00f3n trimestral es del 0,80%. El incremento de la ocupaci\u00f3n se concentr\u00f3 entre las mujeres y, por grupos de edad, entre los mayores de 40 a\u00f1os y los j\u00f3venes de entre 25 y 29 a\u00f1os. Aument\u00f3 la ocupaci\u00f3n en Servicios en 83.000 personas, Agricultura, 47.600 y Construcci\u00f3n, 14.000 y disminuye en Industria en 52.100.<\/p>\n<p><strong>El n\u00famero de desempleados descendi\u00f3 en 22.500 personas en el \u00faltimo trimestre del a\u00f1o<\/strong>. El porcentaje de variaci\u00f3n respecto al trimestre anterior es del -0,70% y con series desestacionalizadas del -2,76%. Hay que destacar el elevado incremento de la poblaci\u00f3n activa, que creci\u00f3 este trimestre en 70.100 personas. En este periodo destaca el descenso del paro entre los menores de 25 a\u00f1os (-62.400) y entre los que buscan su primer empleo (-58.000).<\/p>\n<p>&nbsp;<\/p>\n","protected":false},"excerpt":{"rendered":"<p>El desempleo se redujo en 112.400 personas en los \u00faltimos doce meses, situ\u00e1ndose en 3.191.900 (-3,4%). Con este descenso la tasa de paro se situ\u00f3 en el 13,8%, la m\u00e1s baja en los \u00faltimos 11 a\u00f1os. Hay que destacar que este descenso del paro se produce en un contexto de continuado incremento de la poblaci\u00f3n [&hellip;]<\/p>\n","protected":false},"author":1,"featured_media":781858,"comment_status":"closed","ping_status":"closed","sticky":false,"template":"","format":"standard","meta":{"footnotes":""},"categories":[187],"tags":[],"class_list":["post-1055980","post","type-post","status-publish","format-standard","has-post-thumbnail","hentry","category-economia"],"aioseo_notices":[],"aioseo_head":"\n\t\t<!-- All in One SEO Pro 4.9.6.2 - aioseo.com -->\n\t<meta name=\"description\" content=\"El desempleo se redujo en 112.400 personas en los \u00faltimos doce meses, situ\u00e1ndose en 3.191.900 (-3,4%). Con este descenso la tasa de paro se situ\u00f3 en el 13,8%, la m\u00e1s baja en los \u00faltimos 11 a\u00f1os. Hay que destacar que este descenso del paro se produce en un contexto de continuado incremento de la poblaci\u00f3n\" \/>\n\t<meta name=\"robots\" content=\"max-image-preview:large\" \/>\n\t<meta name=\"author\" content=\"El Digital de Asturias\"\/>\n\t<meta name=\"google-site-verification\" content=\"UA-38556648-1\" \/>\n\t<meta name=\"msvalidate.01\" content=\"7dfe9f3f1b24437ab69f4f2559babe99\" \/>\n\t<meta name=\"keywords\" content=\"econom\u00eda\" \/>\n\t<link rel=\"canonical\" href=\"https:\/\/www.eldigitaldeasturias.com\/noticias\/espana-tiene-3-191-900-personas-en-paro\/\" \/>\n\t<meta name=\"generator\" content=\"All in One SEO Pro (AIOSEO) 4.9.6.2\" \/>\n\t\t<meta property=\"og:locale\" content=\"es_ES\" \/>\n\t\t<meta property=\"og:site_name\" content=\"El Digital de Asturias\" \/>\n\t\t<meta property=\"og:type\" content=\"article\" \/>\n\t\t<meta property=\"og:title\" content=\"Espa\u00f1a tiene 3.191.900 personas en paro - El Digital de Asturias\" \/>\n\t\t<meta property=\"og:description\" content=\"El desempleo se redujo en 112.400 personas en los \u00faltimos doce meses, situ\u00e1ndose en 3.191.900 (-3,4%). Con este descenso la tasa de paro se situ\u00f3 en el 13,8%, la m\u00e1s baja en los \u00faltimos 11 a\u00f1os. Hay que destacar que este descenso del paro se produce en un contexto de continuado incremento de la poblaci\u00f3n\" \/>\n\t\t<meta property=\"og:url\" content=\"https:\/\/www.eldigitaldeasturias.com\/noticias\/espana-tiene-3-191-900-personas-en-paro\/\" \/>\n\t\t<meta property=\"og:image\" content=\"https:\/\/www.eldigitaldeasturias.com\/noticias\/wp-content\/uploads\/2015\/05\/paro-asturias.jpg\" \/>\n\t\t<meta property=\"og:image:secure_url\" content=\"https:\/\/www.eldigitaldeasturias.com\/noticias\/wp-content\/uploads\/2015\/05\/paro-asturias.jpg\" \/>\n\t\t<meta property=\"og:image:width\" content=\"800\" \/>\n\t\t<meta property=\"og:image:height\" content=\"533\" \/>\n\t\t<meta property=\"article:tag\" content=\"econom\u00eda\" \/>\n\t\t<meta property=\"article:published_time\" content=\"2020-01-28T12:00:04+00:00\" \/>\n\t\t<meta property=\"article:modified_time\" content=\"2020-01-28T12:00:30+00:00\" \/>\n\t\t<meta property=\"article:publisher\" content=\"https:\/\/facebook.com\/eldigitaldeasturias\" \/>\n\t\t<meta name=\"twitter:card\" content=\"summary_large_image\" \/>\n\t\t<meta name=\"twitter:title\" content=\"Espa\u00f1a tiene 3.191.900 personas en paro - El Digital de Asturias\" \/>\n\t\t<meta name=\"twitter:description\" content=\"El desempleo se redujo en 112.400 personas en los \u00faltimos doce meses, situ\u00e1ndose en 3.191.900 (-3,4%). Con este descenso la tasa de paro se situ\u00f3 en el 13,8%, la m\u00e1s baja en los \u00faltimos 11 a\u00f1os. Hay que destacar que este descenso del paro se produce en un contexto de continuado incremento de la poblaci\u00f3n\" \/>\n\t\t<meta name=\"twitter:image\" content=\"https:\/\/www.eldigitaldeasturias.com\/noticias\/wp-content\/uploads\/2015\/05\/paro-asturias.jpg\" \/>\n\t\t<meta name=\"twitter:label1\" content=\"Escrito por\" \/>\n\t\t<meta name=\"twitter:data1\" content=\"El Digital de Asturias\" \/>\n\t\t<meta name=\"twitter:label2\" content=\"Tiempo de lectura estimado\" \/>\n\t\t<meta name=\"twitter:data2\" content=\"1 minuto\" \/>\n\t\t<script type=\"application\/ld+json\" class=\"aioseo-schema\">\n\t\t\t{\"@context\":\"https:\\\/\\\/schema.org\",\"@graph\":[{\"@type\":\"BlogPosting\",\"@id\":\"https:\\\/\\\/www.eldigitaldeasturias.com\\\/noticias\\\/espana-tiene-3-191-900-personas-en-paro\\\/#blogposting\",\"name\":\"Espa\\u00f1a tiene 3.191.900 personas en paro - El Digital de Asturias\",\"headline\":\"Espa\\u00f1a tiene 3.191.900 personas en paro\",\"author\":{\"@id\":\"https:\\\/\\\/www.eldigitaldeasturias.com\\\/noticias\\\/author\\\/admin\\\/#author\"},\"publisher\":{\"@id\":\"https:\\\/\\\/www.eldigitaldeasturias.com\\\/noticias\\\/#organization\"},\"image\":{\"@type\":\"ImageObject\",\"url\":\"https:\\\/\\\/www.eldigitaldeasturias.com\\\/noticias\\\/wp-content\\\/uploads\\\/2015\\\/05\\\/paro-asturias.jpg\",\"width\":800,\"height\":533,\"caption\":\"paro\"},\"datePublished\":\"2020-01-28T12:00:04+01:00\",\"dateModified\":\"2020-01-28T12:00:30+01:00\",\"inLanguage\":\"es-ES\",\"mainEntityOfPage\":{\"@id\":\"https:\\\/\\\/www.eldigitaldeasturias.com\\\/noticias\\\/espana-tiene-3-191-900-personas-en-paro\\\/#webpage\"},\"isPartOf\":{\"@id\":\"https:\\\/\\\/www.eldigitaldeasturias.com\\\/noticias\\\/espana-tiene-3-191-900-personas-en-paro\\\/#webpage\"},\"articleSection\":\"Econom\\u00eda\"},{\"@type\":\"BreadcrumbList\",\"@id\":\"https:\\\/\\\/www.eldigitaldeasturias.com\\\/noticias\\\/espana-tiene-3-191-900-personas-en-paro\\\/#breadcrumblist\",\"itemListElement\":[{\"@type\":\"ListItem\",\"@id\":\"https:\\\/\\\/www.eldigitaldeasturias.com\\\/noticias#listItem\",\"position\":1,\"name\":\"Home\",\"item\":\"https:\\\/\\\/www.eldigitaldeasturias.com\\\/noticias\",\"nextItem\":{\"@type\":\"ListItem\",\"@id\":\"https:\\\/\\\/www.eldigitaldeasturias.com\\\/noticias\\\/category\\\/economia\\\/#listItem\",\"name\":\"Econom\\u00eda\"}},{\"@type\":\"ListItem\",\"@id\":\"https:\\\/\\\/www.eldigitaldeasturias.com\\\/noticias\\\/category\\\/economia\\\/#listItem\",\"position\":2,\"name\":\"Econom\\u00eda\",\"item\":\"https:\\\/\\\/www.eldigitaldeasturias.com\\\/noticias\\\/category\\\/economia\\\/\",\"nextItem\":{\"@type\":\"ListItem\",\"@id\":\"https:\\\/\\\/www.eldigitaldeasturias.com\\\/noticias\\\/espana-tiene-3-191-900-personas-en-paro\\\/#listItem\",\"name\":\"Espa\\u00f1a tiene 3.191.900 personas en paro\"},\"previousItem\":{\"@type\":\"ListItem\",\"@id\":\"https:\\\/\\\/www.eldigitaldeasturias.com\\\/noticias#listItem\",\"name\":\"Home\"}},{\"@type\":\"ListItem\",\"@id\":\"https:\\\/\\\/www.eldigitaldeasturias.com\\\/noticias\\\/espana-tiene-3-191-900-personas-en-paro\\\/#listItem\",\"position\":3,\"name\":\"Espa\\u00f1a tiene 3.191.900 personas en paro\",\"previousItem\":{\"@type\":\"ListItem\",\"@id\":\"https:\\\/\\\/www.eldigitaldeasturias.com\\\/noticias\\\/category\\\/economia\\\/#listItem\",\"name\":\"Econom\\u00eda\"}}]},{\"@type\":\"Organization\",\"@id\":\"https:\\\/\\\/www.eldigitaldeasturias.com\\\/noticias\\\/#organization\",\"name\":\"El Digital de Asturias\",\"description\":\"Hemeroteca\",\"url\":\"https:\\\/\\\/www.eldigitaldeasturias.com\\\/noticias\\\/\",\"email\":\"info@eldigitaldeasturias.com\",\"telephone\":\"+34652131393\",\"logo\":{\"@type\":\"ImageObject\",\"url\":\"https:\\\/\\\/www.eldigitaldeasturias.com\\\/noticias\\\/wp-content\\\/uploads\\\/2020\\\/12\\\/EDA.jpg\",\"@id\":\"https:\\\/\\\/www.eldigitaldeasturias.com\\\/noticias\\\/espana-tiene-3-191-900-personas-en-paro\\\/#organizationLogo\",\"width\":649,\"height\":297},\"image\":{\"@id\":\"https:\\\/\\\/www.eldigitaldeasturias.com\\\/noticias\\\/espana-tiene-3-191-900-personas-en-paro\\\/#organizationLogo\"},\"sameAs\":[\"https:\\\/\\\/facebook.com\\\/eldigitaldeasturias\",\"https:\\\/\\\/www.youtube.com\\\/channel\\\/UCZP-2wLEB9Rv6erhFmqVnvg\"],\"address\":{\"@id\":\"https:\\\/\\\/www.eldigitaldeasturias.com\\\/noticias\\\/#postaladdress\",\"@type\":\"PostalAddress\",\"streetAddress\":\"san antonio 4,\",\"postalCode\":\"33430\",\"addressLocality\":\"Cand\\u00e1s\",\"addressRegion\":\"Asturias\",\"addressCountry\":\"ES\"}},{\"@type\":\"Person\",\"@id\":\"https:\\\/\\\/www.eldigitaldeasturias.com\\\/noticias\\\/author\\\/admin\\\/#author\",\"url\":\"https:\\\/\\\/www.eldigitaldeasturias.com\\\/noticias\\\/author\\\/admin\\\/\",\"name\":\"El Digital de Asturias\",\"image\":{\"@type\":\"ImageObject\",\"@id\":\"https:\\\/\\\/www.eldigitaldeasturias.com\\\/noticias\\\/espana-tiene-3-191-900-personas-en-paro\\\/#authorImage\",\"url\":\"https:\\\/\\\/www.eldigitaldeasturias.com\\\/noticias\\\/wp-content\\\/litespeed\\\/avatar\\\/18677e78aa0546b92d9dbf31ec7d7668.jpg?ver=1776685526\",\"width\":96,\"height\":96,\"caption\":\"El Digital de Asturias\"}},{\"@type\":\"WebPage\",\"@id\":\"https:\\\/\\\/www.eldigitaldeasturias.com\\\/noticias\\\/espana-tiene-3-191-900-personas-en-paro\\\/#webpage\",\"url\":\"https:\\\/\\\/www.eldigitaldeasturias.com\\\/noticias\\\/espana-tiene-3-191-900-personas-en-paro\\\/\",\"name\":\"Espa\\u00f1a tiene 3.191.900 personas en paro - El Digital de Asturias\",\"description\":\"El desempleo se redujo en 112.400 personas en los \\u00faltimos doce meses, situ\\u00e1ndose en 3.191.900 (-3,4%). Con este descenso la tasa de paro se situ\\u00f3 en el 13,8%, la m\\u00e1s baja en los \\u00faltimos 11 a\\u00f1os. Hay que destacar que este descenso del paro se produce en un contexto de continuado incremento de la poblaci\\u00f3n\",\"inLanguage\":\"es-ES\",\"isPartOf\":{\"@id\":\"https:\\\/\\\/www.eldigitaldeasturias.com\\\/noticias\\\/#website\"},\"breadcrumb\":{\"@id\":\"https:\\\/\\\/www.eldigitaldeasturias.com\\\/noticias\\\/espana-tiene-3-191-900-personas-en-paro\\\/#breadcrumblist\"},\"author\":{\"@id\":\"https:\\\/\\\/www.eldigitaldeasturias.com\\\/noticias\\\/author\\\/admin\\\/#author\"},\"creator\":{\"@id\":\"https:\\\/\\\/www.eldigitaldeasturias.com\\\/noticias\\\/author\\\/admin\\\/#author\"},\"image\":{\"@type\":\"ImageObject\",\"url\":\"https:\\\/\\\/www.eldigitaldeasturias.com\\\/noticias\\\/wp-content\\\/uploads\\\/2015\\\/05\\\/paro-asturias.jpg\",\"@id\":\"https:\\\/\\\/www.eldigitaldeasturias.com\\\/noticias\\\/espana-tiene-3-191-900-personas-en-paro\\\/#mainImage\",\"width\":800,\"height\":533,\"caption\":\"paro\"},\"primaryImageOfPage\":{\"@id\":\"https:\\\/\\\/www.eldigitaldeasturias.com\\\/noticias\\\/espana-tiene-3-191-900-personas-en-paro\\\/#mainImage\"},\"datePublished\":\"2020-01-28T12:00:04+01:00\",\"dateModified\":\"2020-01-28T12:00:30+01:00\"},{\"@type\":\"WebSite\",\"@id\":\"https:\\\/\\\/www.eldigitaldeasturias.com\\\/noticias\\\/#website\",\"url\":\"https:\\\/\\\/www.eldigitaldeasturias.com\\\/noticias\\\/\",\"name\":\"El Digital de Asturias - Diario de actualidad y noticias\",\"alternateName\":\"El Digital de Asturias - Diario de actualidad y noticias\",\"description\":\"Hemeroteca\",\"inLanguage\":\"es-ES\",\"publisher\":{\"@id\":\"https:\\\/\\\/www.eldigitaldeasturias.com\\\/noticias\\\/#organization\"}}]}\n\t\t<\/script>\n\t\t<!-- All in One SEO Pro -->\r\n\t\t<title>Espa\u00f1a tiene 3.191.900 personas en paro - El Digital de Asturias<\/title>\n\n","aioseo_head_json":{"title":"Espa\u00f1a tiene 3.191.900 personas en paro - El Digital de Asturias","description":"El desempleo se redujo en 112.400 personas en los \u00faltimos doce meses, situ\u00e1ndose en 3.191.900 (-3,4%). Con este descenso la tasa de paro se situ\u00f3 en el 13,8%, la m\u00e1s baja en los \u00faltimos 11 a\u00f1os. Hay que destacar que este descenso del paro se produce en un contexto de continuado incremento de la poblaci\u00f3n","canonical_url":"https:\/\/www.eldigitaldeasturias.com\/noticias\/espana-tiene-3-191-900-personas-en-paro\/","robots":"max-image-preview:large","keywords":"econom\u00eda","webmasterTools":{"google-site-verification":"UA-38556648-1","msvalidate.01":"7dfe9f3f1b24437ab69f4f2559babe99","miscellaneous":""},"schema":{"@context":"https:\/\/schema.org","@graph":[{"@type":"BlogPosting","@id":"https:\/\/www.eldigitaldeasturias.com\/noticias\/espana-tiene-3-191-900-personas-en-paro\/#blogposting","name":"Espa\u00f1a tiene 3.191.900 personas en paro - El Digital de Asturias","headline":"Espa\u00f1a tiene 3.191.900 personas en paro","author":{"@id":"https:\/\/www.eldigitaldeasturias.com\/noticias\/author\/admin\/#author"},"publisher":{"@id":"https:\/\/www.eldigitaldeasturias.com\/noticias\/#organization"},"image":{"@type":"ImageObject","url":"https:\/\/www.eldigitaldeasturias.com\/noticias\/wp-content\/uploads\/2015\/05\/paro-asturias.jpg","width":800,"height":533,"caption":"paro"},"datePublished":"2020-01-28T12:00:04+01:00","dateModified":"2020-01-28T12:00:30+01:00","inLanguage":"es-ES","mainEntityOfPage":{"@id":"https:\/\/www.eldigitaldeasturias.com\/noticias\/espana-tiene-3-191-900-personas-en-paro\/#webpage"},"isPartOf":{"@id":"https:\/\/www.eldigitaldeasturias.com\/noticias\/espana-tiene-3-191-900-personas-en-paro\/#webpage"},"articleSection":"Econom\u00eda"},{"@type":"BreadcrumbList","@id":"https:\/\/www.eldigitaldeasturias.com\/noticias\/espana-tiene-3-191-900-personas-en-paro\/#breadcrumblist","itemListElement":[{"@type":"ListItem","@id":"https:\/\/www.eldigitaldeasturias.com\/noticias#listItem","position":1,"name":"Home","item":"https:\/\/www.eldigitaldeasturias.com\/noticias","nextItem":{"@type":"ListItem","@id":"https:\/\/www.eldigitaldeasturias.com\/noticias\/category\/economia\/#listItem","name":"Econom\u00eda"}},{"@type":"ListItem","@id":"https:\/\/www.eldigitaldeasturias.com\/noticias\/category\/economia\/#listItem","position":2,"name":"Econom\u00eda","item":"https:\/\/www.eldigitaldeasturias.com\/noticias\/category\/economia\/","nextItem":{"@type":"ListItem","@id":"https:\/\/www.eldigitaldeasturias.com\/noticias\/espana-tiene-3-191-900-personas-en-paro\/#listItem","name":"Espa\u00f1a tiene 3.191.900 personas en paro"},"previousItem":{"@type":"ListItem","@id":"https:\/\/www.eldigitaldeasturias.com\/noticias#listItem","name":"Home"}},{"@type":"ListItem","@id":"https:\/\/www.eldigitaldeasturias.com\/noticias\/espana-tiene-3-191-900-personas-en-paro\/#listItem","position":3,"name":"Espa\u00f1a tiene 3.191.900 personas en paro","previousItem":{"@type":"ListItem","@id":"https:\/\/www.eldigitaldeasturias.com\/noticias\/category\/economia\/#listItem","name":"Econom\u00eda"}}]},{"@type":"Organization","@id":"https:\/\/www.eldigitaldeasturias.com\/noticias\/#organization","name":"El Digital de Asturias","description":"Hemeroteca","url":"https:\/\/www.eldigitaldeasturias.com\/noticias\/","email":"info@eldigitaldeasturias.com","telephone":"+34652131393","logo":{"@type":"ImageObject","url":"https:\/\/www.eldigitaldeasturias.com\/noticias\/wp-content\/uploads\/2020\/12\/EDA.jpg","@id":"https:\/\/www.eldigitaldeasturias.com\/noticias\/espana-tiene-3-191-900-personas-en-paro\/#organizationLogo","width":649,"height":297},"image":{"@id":"https:\/\/www.eldigitaldeasturias.com\/noticias\/espana-tiene-3-191-900-personas-en-paro\/#organizationLogo"},"sameAs":["https:\/\/facebook.com\/eldigitaldeasturias","https:\/\/www.youtube.com\/channel\/UCZP-2wLEB9Rv6erhFmqVnvg"],"address":{"@id":"https:\/\/www.eldigitaldeasturias.com\/noticias\/#postaladdress","@type":"PostalAddress","streetAddress":"san antonio 4,","postalCode":"33430","addressLocality":"Cand\u00e1s","addressRegion":"Asturias","addressCountry":"ES"}},{"@type":"Person","@id":"https:\/\/www.eldigitaldeasturias.com\/noticias\/author\/admin\/#author","url":"https:\/\/www.eldigitaldeasturias.com\/noticias\/author\/admin\/","name":"El Digital de Asturias","image":{"@type":"ImageObject","@id":"https:\/\/www.eldigitaldeasturias.com\/noticias\/espana-tiene-3-191-900-personas-en-paro\/#authorImage","url":"https:\/\/www.eldigitaldeasturias.com\/noticias\/wp-content\/litespeed\/avatar\/18677e78aa0546b92d9dbf31ec7d7668.jpg?ver=1776685526","width":96,"height":96,"caption":"El Digital de Asturias"}},{"@type":"WebPage","@id":"https:\/\/www.eldigitaldeasturias.com\/noticias\/espana-tiene-3-191-900-personas-en-paro\/#webpage","url":"https:\/\/www.eldigitaldeasturias.com\/noticias\/espana-tiene-3-191-900-personas-en-paro\/","name":"Espa\u00f1a tiene 3.191.900 personas en paro - El Digital de Asturias","description":"El desempleo se redujo en 112.400 personas en los \u00faltimos doce meses, situ\u00e1ndose en 3.191.900 (-3,4%). Con este descenso la tasa de paro se situ\u00f3 en el 13,8%, la m\u00e1s baja en los \u00faltimos 11 a\u00f1os. Hay que destacar que este descenso del paro se produce en un contexto de continuado incremento de la poblaci\u00f3n","inLanguage":"es-ES","isPartOf":{"@id":"https:\/\/www.eldigitaldeasturias.com\/noticias\/#website"},"breadcrumb":{"@id":"https:\/\/www.eldigitaldeasturias.com\/noticias\/espana-tiene-3-191-900-personas-en-paro\/#breadcrumblist"},"author":{"@id":"https:\/\/www.eldigitaldeasturias.com\/noticias\/author\/admin\/#author"},"creator":{"@id":"https:\/\/www.eldigitaldeasturias.com\/noticias\/author\/admin\/#author"},"image":{"@type":"ImageObject","url":"https:\/\/www.eldigitaldeasturias.com\/noticias\/wp-content\/uploads\/2015\/05\/paro-asturias.jpg","@id":"https:\/\/www.eldigitaldeasturias.com\/noticias\/espana-tiene-3-191-900-personas-en-paro\/#mainImage","width":800,"height":533,"caption":"paro"},"primaryImageOfPage":{"@id":"https:\/\/www.eldigitaldeasturias.com\/noticias\/espana-tiene-3-191-900-personas-en-paro\/#mainImage"},"datePublished":"2020-01-28T12:00:04+01:00","dateModified":"2020-01-28T12:00:30+01:00"},{"@type":"WebSite","@id":"https:\/\/www.eldigitaldeasturias.com\/noticias\/#website","url":"https:\/\/www.eldigitaldeasturias.com\/noticias\/","name":"El Digital de Asturias - Diario de actualidad y noticias","alternateName":"El Digital de Asturias - Diario de actualidad y noticias","description":"Hemeroteca","inLanguage":"es-ES","publisher":{"@id":"https:\/\/www.eldigitaldeasturias.com\/noticias\/#organization"}}]},"og:locale":"es_ES","og:site_name":"El Digital de Asturias","og:type":"article","og:title":"Espa\u00f1a tiene 3.191.900 personas en paro - El Digital de Asturias","og:description":"El desempleo se redujo en 112.400 personas en los \u00faltimos doce meses, situ\u00e1ndose en 3.191.900 (-3,4%). Con este descenso la tasa de paro se situ\u00f3 en el 13,8%, la m\u00e1s baja en los \u00faltimos 11 a\u00f1os. Hay que destacar que este descenso del paro se produce en un contexto de continuado incremento de la poblaci\u00f3n","og:url":"https:\/\/www.eldigitaldeasturias.com\/noticias\/espana-tiene-3-191-900-personas-en-paro\/","og:image":"https:\/\/www.eldigitaldeasturias.com\/noticias\/wp-content\/uploads\/2015\/05\/paro-asturias.jpg","og:image:secure_url":"https:\/\/www.eldigitaldeasturias.com\/noticias\/wp-content\/uploads\/2015\/05\/paro-asturias.jpg","og:image:width":800,"og:image:height":533,"article:tag":["econom\u00eda"],"article:published_time":"2020-01-28T12:00:04+00:00","article:modified_time":"2020-01-28T12:00:30+00:00","article:publisher":"https:\/\/facebook.com\/eldigitaldeasturias","twitter:card":"summary_large_image","twitter:title":"Espa\u00f1a tiene 3.191.900 personas en paro - El Digital de Asturias","twitter:description":"El desempleo se redujo en 112.400 personas en los \u00faltimos doce meses, situ\u00e1ndose en 3.191.900 (-3,4%). Con este descenso la tasa de paro se situ\u00f3 en el 13,8%, la m\u00e1s baja en los \u00faltimos 11 a\u00f1os. Hay que destacar que este descenso del paro se produce en un contexto de continuado incremento de la poblaci\u00f3n","twitter:image":"https:\/\/www.eldigitaldeasturias.com\/noticias\/wp-content\/uploads\/2015\/05\/paro-asturias.jpg","twitter:label1":"Escrito por","twitter:data1":"El Digital de Asturias","twitter:label2":"Tiempo de lectura estimado","twitter:data2":"1 minuto"},"aioseo_meta_data":{"post_id":"1055980","title":null,"description":null,"keywords":null,"keyphrases":null,"primary_term":null,"canonical_url":null,"og_title":null,"og_description":null,"og_object_type":"default","og_image_type":"default","og_image_url":null,"og_image_width":null,"og_image_height":null,"og_image_custom_url":null,"og_image_custom_fields":null,"og_video":null,"og_custom_url":null,"og_article_section":null,"og_article_tags":null,"twitter_use_og":false,"twitter_card":"default","twitter_image_type":"default","twitter_image_url":null,"twitter_image_custom_url":null,"twitter_image_custom_fields":null,"twitter_title":null,"twitter_description":null,"schema":{"blockGraphs":[],"customGraphs":[],"default":{"data":{"Article":[],"Course":[],"Dataset":[],"FAQPage":[],"Movie":[],"Person":[],"Product":[],"ProductReview":[],"Car":[],"Recipe":[],"Service":[],"SoftwareApplication":[],"WebPage":[]},"graphName":"","isEnabled":true},"graphs":[],"defaultGraph":"","defaultPostTypeGraph":""},"schema_type":null,"schema_type_options":null,"pillar_content":false,"robots_default":true,"robots_noindex":false,"robots_noarchive":false,"robots_nosnippet":false,"robots_nofollow":false,"robots_noimageindex":false,"robots_noodp":false,"robots_notranslate":false,"robots_max_snippet":null,"robots_max_videopreview":null,"robots_max_imagepreview":"large","priority":null,"frequency":null,"local_seo":null,"seo_analyzer_scan_date":"2025-10-30 20:50:20","breadcrumb_settings":null,"limit_modified_date":false,"open_ai":null,"ai":null,"created":"2020-12-21 10:56:03","updated":"2025-10-30 20:50:20"},"aioseo_breadcrumb":"<div class=\"aioseo-breadcrumbs\"><span class=\"aioseo-breadcrumb\">\n\t<a href=\"https:\/\/www.eldigitaldeasturias.com\/noticias\" title=\"Home\">Home<\/a>\n<\/span><span class=\"aioseo-breadcrumb-separator\">\u2013<\/span><span class=\"aioseo-breadcrumb\">\n\t<a href=\"https:\/\/www.eldigitaldeasturias.com\/noticias\/category\/economia\/\" title=\"Econom\u00eda\">Econom\u00eda<\/a>\n<\/span><span class=\"aioseo-breadcrumb-separator\">\u2013<\/span><span class=\"aioseo-breadcrumb\">\n\t<a href=\"https:\/\/www.eldigitaldeasturias.com\/noticias\/espana-tiene-3-191-900-personas-en-paro\/\" title=\"Espa\u00f1a tiene 3.191.900 personas en paro\">Espa\u00f1a tiene 3.191.900 personas en paro<\/a>\n<\/span><\/div>","aioseo_breadcrumb_json":[{"label":"Home","link":"https:\/\/www.eldigitaldeasturias.com\/noticias"},{"label":"Econom\u00eda","link":"https:\/\/www.eldigitaldeasturias.com\/noticias\/category\/economia\/"},{"label":"Espa\u00f1a tiene 3.191.900 personas en paro","link":"https:\/\/www.eldigitaldeasturias.com\/noticias\/espana-tiene-3-191-900-personas-en-paro\/"}],"_links":{"self":[{"href":"https:\/\/www.eldigitaldeasturias.com\/noticias\/wp-json\/wp\/v2\/posts\/1055980","targetHints":{"allow":["GET"]}}],"collection":[{"href":"https:\/\/www.eldigitaldeasturias.com\/noticias\/wp-json\/wp\/v2\/posts"}],"about":[{"href":"https:\/\/www.eldigitaldeasturias.com\/noticias\/wp-json\/wp\/v2\/types\/post"}],"author":[{"embeddable":true,"href":"https:\/\/www.eldigitaldeasturias.com\/noticias\/wp-json\/wp\/v2\/users\/1"}],"replies":[{"embeddable":true,"href":"https:\/\/www.eldigitaldeasturias.com\/noticias\/wp-json\/wp\/v2\/comments?post=1055980"}],"version-history":[{"count":0,"href":"https:\/\/www.eldigitaldeasturias.com\/noticias\/wp-json\/wp\/v2\/posts\/1055980\/revisions"}],"wp:featuredmedia":[{"embeddable":true,"href":"https:\/\/www.eldigitaldeasturias.com\/noticias\/wp-json\/wp\/v2\/media\/781858"}],"wp:attachment":[{"href":"https:\/\/www.eldigitaldeasturias.com\/noticias\/wp-json\/wp\/v2\/media?parent=1055980"}],"wp:term":[{"taxonomy":"category","embeddable":true,"href":"https:\/\/www.eldigitaldeasturias.com\/noticias\/wp-json\/wp\/v2\/categories?post=1055980"},{"taxonomy":"post_tag","embeddable":true,"href":"https:\/\/www.eldigitaldeasturias.com\/noticias\/wp-json\/wp\/v2\/tags?post=1055980"}],"curies":[{"name":"wp","href":"https:\/\/api.w.org\/{rel}","templated":true}]}}