{"id":1055975,"date":"2020-01-28T11:44:25","date_gmt":"2020-01-28T11:44:25","guid":{"rendered":"https:\/\/www.eldigitaldeasturias.com\/noticias\/?p=1055975"},"modified":"2020-01-28T11:44:25","modified_gmt":"2020-01-28T11:44:25","slug":"el-empleo-aumento-en-402-300-personas-en-los-ultimos-doce-meses","status":"publish","type":"post","link":"https:\/\/www.eldigitaldeasturias.com\/noticias\/el-empleo-aumento-en-402-300-personas-en-los-ultimos-doce-meses\/","title":{"rendered":"El empleo aument\u00f3 en 402.300 personas en los \u00faltimos doce meses"},"content":{"rendered":"<p><strong><img loading=\"lazy\" decoding=\"async\" class=\"alignleft size-medium wp-image-1055976\" src=\"https:\/\/www.eldigitaldeasturias.com\/noticias\/wp-content\/uploads\/2020\/01\/270319-mujeroficina-360x239.jpg\" alt=\"\" width=\"360\" height=\"239\" srcset=\"https:\/\/www.eldigitaldeasturias.com\/noticias\/wp-content\/uploads\/2020\/01\/270319-mujeroficina-360x239.jpg 360w, https:\/\/www.eldigitaldeasturias.com\/noticias\/wp-content\/uploads\/2020\/01\/270319-mujeroficina-452x300.jpg 452w, https:\/\/www.eldigitaldeasturias.com\/noticias\/wp-content\/uploads\/2020\/01\/270319-mujeroficina.jpg 512w\" sizes=\"auto, (max-width: 360px) 100vw, 360px\" \/>El n\u00famero de personas ocupadas en el cuarto trimestre del a\u00f1o asciende a 19.966.900<\/strong>, la cifra m\u00e1s alta de los once \u00faltimos a\u00f1os, seg\u00fan la Encuesta de Poblaci\u00f3n Activa (EPA), publicada hoy por el Instituto Nacional de Estad\u00edstica.<\/p>\n<p>El empleo aument\u00f3 en 402.300 personas en los \u00faltimos doce meses, lo que supone un incremento interanual del 2,06%. <strong>El empleo se aceler\u00f3 en el cuarto trimestre, con 92.600 personas m\u00e1s ocupadas<\/strong>, el mayor crecimiento intertrimestral en este periodo desde 2006.<\/p>\n<p>El crecimiento de la econom\u00eda espa\u00f1ola permiti\u00f3 la creaci\u00f3n de 968.500 empleos entre 2018 y 2019, cifra superior a la prevista en el Programa de Estabilidad remitido por el Gobierno espa\u00f1ol a Bruselas el pasado mes de abril.<\/p>\n<p>Continu\u00f3 aumentando el n\u00famero de mujeres ocupadas hasta los 9,16 millones, la cifra m\u00e1s alta de toda la serie hist\u00f3rica, con un crecimiento interanual del 2,77%, superior al de la ocupaci\u00f3n total.<\/p>\n<p><strong>La creaci\u00f3n de empleo en el \u00faltimo a\u00f1o se ha concentrado principalmente en el sector privado<\/strong>, con 360.000 ocupados m\u00e1s y un crecimiento anual del 2,2%. Por su parte el sector p\u00fablico cre\u00f3 42.300 puestos de trabajo, a un ritmo del 1,32%.<\/p>\n<p>Se ha creado empleo en todos los sectores, salvo en Agricultura. En Servicios, se registraron 374.600 ocupados m\u00e1s que en el mismo trimestre del a\u00f1o anterior, en Industria, 55.400, y en Construcci\u00f3n, 4.000.<\/p>\n<p><strong>La ocupaci\u00f3n en los \u00faltimos doce meses creci\u00f3 en casi todas las Comunidades Aut\u00f3nomas<\/strong>. Destacan las subidas en la Comunidad de Madrid, con 138.900 ocupados m\u00e1s, seguida de Catalu\u00f1a, con 87.000 y Andaluc\u00eda con 45.800.<\/p>\n<p>&nbsp;<\/p>\n<p>&nbsp;<\/p>\n","protected":false},"excerpt":{"rendered":"<p>El n\u00famero de personas ocupadas en el cuarto trimestre del a\u00f1o asciende a 19.966.900, la cifra m\u00e1s alta de los once \u00faltimos a\u00f1os, seg\u00fan la Encuesta de Poblaci\u00f3n Activa (EPA), publicada hoy por el Instituto Nacional de Estad\u00edstica. El empleo aument\u00f3 en 402.300 personas en los \u00faltimos doce meses, lo que supone un incremento interanual [&hellip;]<\/p>\n","protected":false},"author":1,"featured_media":1055976,"comment_status":"closed","ping_status":"closed","sticky":false,"template":"","format":"standard","meta":{"footnotes":""},"categories":[187],"tags":[],"class_list":["post-1055975","post","type-post","status-publish","format-standard","has-post-thumbnail","hentry","category-economia"],"aioseo_notices":[],"aioseo_head":"\n\t\t<!-- All in One SEO Pro 4.9.6.2 - aioseo.com -->\n\t<meta name=\"description\" content=\"El n\u00famero de personas ocupadas en el cuarto trimestre del a\u00f1o asciende a 19.966.900, la cifra m\u00e1s alta de los once \u00faltimos a\u00f1os, seg\u00fan la Encuesta de Poblaci\u00f3n Activa (EPA), publicada hoy por el Instituto Nacional de Estad\u00edstica. El empleo aument\u00f3 en 402.300 personas en los \u00faltimos doce meses, lo que supone un incremento interanual\" \/>\n\t<meta name=\"robots\" content=\"max-image-preview:large\" \/>\n\t<meta name=\"author\" content=\"El Digital de Asturias\"\/>\n\t<meta name=\"google-site-verification\" content=\"UA-38556648-1\" \/>\n\t<meta name=\"msvalidate.01\" content=\"7dfe9f3f1b24437ab69f4f2559babe99\" \/>\n\t<meta name=\"keywords\" content=\"econom\u00eda\" \/>\n\t<link rel=\"canonical\" href=\"https:\/\/www.eldigitaldeasturias.com\/noticias\/el-empleo-aumento-en-402-300-personas-en-los-ultimos-doce-meses\/\" \/>\n\t<meta name=\"generator\" content=\"All in One SEO Pro (AIOSEO) 4.9.6.2\" \/>\n\t\t<meta property=\"og:locale\" content=\"es_ES\" \/>\n\t\t<meta property=\"og:site_name\" content=\"El Digital de Asturias\" \/>\n\t\t<meta property=\"og:type\" content=\"article\" \/>\n\t\t<meta property=\"og:title\" content=\"El empleo aument\u00f3 en 402.300 personas en los \u00faltimos doce meses - El Digital de Asturias\" \/>\n\t\t<meta property=\"og:description\" content=\"El n\u00famero de personas ocupadas en el cuarto trimestre del a\u00f1o asciende a 19.966.900, la cifra m\u00e1s alta de los once \u00faltimos a\u00f1os, seg\u00fan la Encuesta de Poblaci\u00f3n Activa (EPA), publicada hoy por el Instituto Nacional de Estad\u00edstica. El empleo aument\u00f3 en 402.300 personas en los \u00faltimos doce meses, lo que supone un incremento interanual\" \/>\n\t\t<meta property=\"og:url\" content=\"https:\/\/www.eldigitaldeasturias.com\/noticias\/el-empleo-aumento-en-402-300-personas-en-los-ultimos-doce-meses\/\" \/>\n\t\t<meta property=\"og:image\" content=\"https:\/\/www.eldigitaldeasturias.com\/noticias\/wp-content\/uploads\/2020\/01\/270319-mujeroficina.jpg\" \/>\n\t\t<meta property=\"og:image:secure_url\" content=\"https:\/\/www.eldigitaldeasturias.com\/noticias\/wp-content\/uploads\/2020\/01\/270319-mujeroficina.jpg\" \/>\n\t\t<meta property=\"og:image:width\" content=\"512\" \/>\n\t\t<meta property=\"og:image:height\" content=\"340\" \/>\n\t\t<meta property=\"article:tag\" content=\"econom\u00eda\" \/>\n\t\t<meta property=\"article:published_time\" content=\"2020-01-28T11:44:25+00:00\" \/>\n\t\t<meta property=\"article:modified_time\" content=\"2020-01-28T11:44:25+00:00\" \/>\n\t\t<meta property=\"article:publisher\" content=\"https:\/\/facebook.com\/eldigitaldeasturias\" \/>\n\t\t<meta name=\"twitter:card\" content=\"summary_large_image\" \/>\n\t\t<meta name=\"twitter:title\" content=\"El empleo aument\u00f3 en 402.300 personas en los \u00faltimos doce meses - El Digital de Asturias\" \/>\n\t\t<meta name=\"twitter:description\" content=\"El n\u00famero de personas ocupadas en el cuarto trimestre del a\u00f1o asciende a 19.966.900, la cifra m\u00e1s alta de los once \u00faltimos a\u00f1os, seg\u00fan la Encuesta de Poblaci\u00f3n Activa (EPA), publicada hoy por el Instituto Nacional de Estad\u00edstica. El empleo aument\u00f3 en 402.300 personas en los \u00faltimos doce meses, lo que supone un incremento interanual\" \/>\n\t\t<meta name=\"twitter:image\" content=\"https:\/\/www.eldigitaldeasturias.com\/noticias\/wp-content\/uploads\/2020\/01\/270319-mujeroficina.jpg\" \/>\n\t\t<meta name=\"twitter:label1\" content=\"Escrito por\" \/>\n\t\t<meta name=\"twitter:data1\" content=\"El Digital de Asturias\" \/>\n\t\t<meta name=\"twitter:label2\" content=\"Tiempo de lectura estimado\" \/>\n\t\t<meta name=\"twitter:data2\" content=\"1 minuto\" \/>\n\t\t<script type=\"application\/ld+json\" class=\"aioseo-schema\">\n\t\t\t{\"@context\":\"https:\\\/\\\/schema.org\",\"@graph\":[{\"@type\":\"BlogPosting\",\"@id\":\"https:\\\/\\\/www.eldigitaldeasturias.com\\\/noticias\\\/el-empleo-aumento-en-402-300-personas-en-los-ultimos-doce-meses\\\/#blogposting\",\"name\":\"El empleo aument\\u00f3 en 402.300 personas en los \\u00faltimos doce meses - El Digital de Asturias\",\"headline\":\"El empleo aument\\u00f3 en 402.300 personas en los \\u00faltimos doce meses\",\"author\":{\"@id\":\"https:\\\/\\\/www.eldigitaldeasturias.com\\\/noticias\\\/author\\\/admin\\\/#author\"},\"publisher\":{\"@id\":\"https:\\\/\\\/www.eldigitaldeasturias.com\\\/noticias\\\/#organization\"},\"image\":{\"@type\":\"ImageObject\",\"url\":\"https:\\\/\\\/www.eldigitaldeasturias.com\\\/noticias\\\/wp-content\\\/uploads\\\/2020\\\/01\\\/270319-mujeroficina.jpg\",\"width\":512,\"height\":340},\"datePublished\":\"2020-01-28T11:44:25+01:00\",\"dateModified\":\"2020-01-28T11:44:25+01:00\",\"inLanguage\":\"es-ES\",\"mainEntityOfPage\":{\"@id\":\"https:\\\/\\\/www.eldigitaldeasturias.com\\\/noticias\\\/el-empleo-aumento-en-402-300-personas-en-los-ultimos-doce-meses\\\/#webpage\"},\"isPartOf\":{\"@id\":\"https:\\\/\\\/www.eldigitaldeasturias.com\\\/noticias\\\/el-empleo-aumento-en-402-300-personas-en-los-ultimos-doce-meses\\\/#webpage\"},\"articleSection\":\"Econom\\u00eda\"},{\"@type\":\"BreadcrumbList\",\"@id\":\"https:\\\/\\\/www.eldigitaldeasturias.com\\\/noticias\\\/el-empleo-aumento-en-402-300-personas-en-los-ultimos-doce-meses\\\/#breadcrumblist\",\"itemListElement\":[{\"@type\":\"ListItem\",\"@id\":\"https:\\\/\\\/www.eldigitaldeasturias.com\\\/noticias#listItem\",\"position\":1,\"name\":\"Home\",\"item\":\"https:\\\/\\\/www.eldigitaldeasturias.com\\\/noticias\",\"nextItem\":{\"@type\":\"ListItem\",\"@id\":\"https:\\\/\\\/www.eldigitaldeasturias.com\\\/noticias\\\/category\\\/economia\\\/#listItem\",\"name\":\"Econom\\u00eda\"}},{\"@type\":\"ListItem\",\"@id\":\"https:\\\/\\\/www.eldigitaldeasturias.com\\\/noticias\\\/category\\\/economia\\\/#listItem\",\"position\":2,\"name\":\"Econom\\u00eda\",\"item\":\"https:\\\/\\\/www.eldigitaldeasturias.com\\\/noticias\\\/category\\\/economia\\\/\",\"nextItem\":{\"@type\":\"ListItem\",\"@id\":\"https:\\\/\\\/www.eldigitaldeasturias.com\\\/noticias\\\/el-empleo-aumento-en-402-300-personas-en-los-ultimos-doce-meses\\\/#listItem\",\"name\":\"El empleo aument\\u00f3 en 402.300 personas en los \\u00faltimos doce meses\"},\"previousItem\":{\"@type\":\"ListItem\",\"@id\":\"https:\\\/\\\/www.eldigitaldeasturias.com\\\/noticias#listItem\",\"name\":\"Home\"}},{\"@type\":\"ListItem\",\"@id\":\"https:\\\/\\\/www.eldigitaldeasturias.com\\\/noticias\\\/el-empleo-aumento-en-402-300-personas-en-los-ultimos-doce-meses\\\/#listItem\",\"position\":3,\"name\":\"El empleo aument\\u00f3 en 402.300 personas en los \\u00faltimos doce meses\",\"previousItem\":{\"@type\":\"ListItem\",\"@id\":\"https:\\\/\\\/www.eldigitaldeasturias.com\\\/noticias\\\/category\\\/economia\\\/#listItem\",\"name\":\"Econom\\u00eda\"}}]},{\"@type\":\"Organization\",\"@id\":\"https:\\\/\\\/www.eldigitaldeasturias.com\\\/noticias\\\/#organization\",\"name\":\"El Digital de Asturias\",\"description\":\"Hemeroteca\",\"url\":\"https:\\\/\\\/www.eldigitaldeasturias.com\\\/noticias\\\/\",\"email\":\"info@eldigitaldeasturias.com\",\"telephone\":\"+34652131393\",\"logo\":{\"@type\":\"ImageObject\",\"url\":\"https:\\\/\\\/www.eldigitaldeasturias.com\\\/noticias\\\/wp-content\\\/uploads\\\/2020\\\/12\\\/EDA.jpg\",\"@id\":\"https:\\\/\\\/www.eldigitaldeasturias.com\\\/noticias\\\/el-empleo-aumento-en-402-300-personas-en-los-ultimos-doce-meses\\\/#organizationLogo\",\"width\":649,\"height\":297},\"image\":{\"@id\":\"https:\\\/\\\/www.eldigitaldeasturias.com\\\/noticias\\\/el-empleo-aumento-en-402-300-personas-en-los-ultimos-doce-meses\\\/#organizationLogo\"},\"sameAs\":[\"https:\\\/\\\/facebook.com\\\/eldigitaldeasturias\",\"https:\\\/\\\/www.youtube.com\\\/channel\\\/UCZP-2wLEB9Rv6erhFmqVnvg\"],\"address\":{\"@id\":\"https:\\\/\\\/www.eldigitaldeasturias.com\\\/noticias\\\/#postaladdress\",\"@type\":\"PostalAddress\",\"streetAddress\":\"san antonio 4,\",\"postalCode\":\"33430\",\"addressLocality\":\"Cand\\u00e1s\",\"addressRegion\":\"Asturias\",\"addressCountry\":\"ES\"}},{\"@type\":\"Person\",\"@id\":\"https:\\\/\\\/www.eldigitaldeasturias.com\\\/noticias\\\/author\\\/admin\\\/#author\",\"url\":\"https:\\\/\\\/www.eldigitaldeasturias.com\\\/noticias\\\/author\\\/admin\\\/\",\"name\":\"El Digital de Asturias\",\"image\":{\"@type\":\"ImageObject\",\"@id\":\"https:\\\/\\\/www.eldigitaldeasturias.com\\\/noticias\\\/el-empleo-aumento-en-402-300-personas-en-los-ultimos-doce-meses\\\/#authorImage\",\"url\":\"https:\\\/\\\/www.eldigitaldeasturias.com\\\/noticias\\\/wp-content\\\/litespeed\\\/avatar\\\/18677e78aa0546b92d9dbf31ec7d7668.jpg?ver=1776685526\",\"width\":96,\"height\":96,\"caption\":\"El Digital de Asturias\"}},{\"@type\":\"WebPage\",\"@id\":\"https:\\\/\\\/www.eldigitaldeasturias.com\\\/noticias\\\/el-empleo-aumento-en-402-300-personas-en-los-ultimos-doce-meses\\\/#webpage\",\"url\":\"https:\\\/\\\/www.eldigitaldeasturias.com\\\/noticias\\\/el-empleo-aumento-en-402-300-personas-en-los-ultimos-doce-meses\\\/\",\"name\":\"El empleo aument\\u00f3 en 402.300 personas en los \\u00faltimos doce meses - El Digital de Asturias\",\"description\":\"El n\\u00famero de personas ocupadas en el cuarto trimestre del a\\u00f1o asciende a 19.966.900, la cifra m\\u00e1s alta de los once \\u00faltimos a\\u00f1os, seg\\u00fan la Encuesta de Poblaci\\u00f3n Activa (EPA), publicada hoy por el Instituto Nacional de Estad\\u00edstica. El empleo aument\\u00f3 en 402.300 personas en los \\u00faltimos doce meses, lo que supone un incremento interanual\",\"inLanguage\":\"es-ES\",\"isPartOf\":{\"@id\":\"https:\\\/\\\/www.eldigitaldeasturias.com\\\/noticias\\\/#website\"},\"breadcrumb\":{\"@id\":\"https:\\\/\\\/www.eldigitaldeasturias.com\\\/noticias\\\/el-empleo-aumento-en-402-300-personas-en-los-ultimos-doce-meses\\\/#breadcrumblist\"},\"author\":{\"@id\":\"https:\\\/\\\/www.eldigitaldeasturias.com\\\/noticias\\\/author\\\/admin\\\/#author\"},\"creator\":{\"@id\":\"https:\\\/\\\/www.eldigitaldeasturias.com\\\/noticias\\\/author\\\/admin\\\/#author\"},\"image\":{\"@type\":\"ImageObject\",\"url\":\"https:\\\/\\\/www.eldigitaldeasturias.com\\\/noticias\\\/wp-content\\\/uploads\\\/2020\\\/01\\\/270319-mujeroficina.jpg\",\"@id\":\"https:\\\/\\\/www.eldigitaldeasturias.com\\\/noticias\\\/el-empleo-aumento-en-402-300-personas-en-los-ultimos-doce-meses\\\/#mainImage\",\"width\":512,\"height\":340},\"primaryImageOfPage\":{\"@id\":\"https:\\\/\\\/www.eldigitaldeasturias.com\\\/noticias\\\/el-empleo-aumento-en-402-300-personas-en-los-ultimos-doce-meses\\\/#mainImage\"},\"datePublished\":\"2020-01-28T11:44:25+01:00\",\"dateModified\":\"2020-01-28T11:44:25+01:00\"},{\"@type\":\"WebSite\",\"@id\":\"https:\\\/\\\/www.eldigitaldeasturias.com\\\/noticias\\\/#website\",\"url\":\"https:\\\/\\\/www.eldigitaldeasturias.com\\\/noticias\\\/\",\"name\":\"El Digital de Asturias - Diario de actualidad y noticias\",\"alternateName\":\"El Digital de Asturias - Diario de actualidad y noticias\",\"description\":\"Hemeroteca\",\"inLanguage\":\"es-ES\",\"publisher\":{\"@id\":\"https:\\\/\\\/www.eldigitaldeasturias.com\\\/noticias\\\/#organization\"}}]}\n\t\t<\/script>\n\t\t<!-- All in One SEO Pro -->\r\n\t\t<title>El empleo aument\u00f3 en 402.300 personas en los \u00faltimos doce meses - El Digital de Asturias<\/title>\n\n","aioseo_head_json":{"title":"El empleo aument\u00f3 en 402.300 personas en los \u00faltimos doce meses - El Digital de Asturias","description":"El n\u00famero de personas ocupadas en el cuarto trimestre del a\u00f1o asciende a 19.966.900, la cifra m\u00e1s alta de los once \u00faltimos a\u00f1os, seg\u00fan la Encuesta de Poblaci\u00f3n Activa (EPA), publicada hoy por el Instituto Nacional de Estad\u00edstica. El empleo aument\u00f3 en 402.300 personas en los \u00faltimos doce meses, lo que supone un incremento interanual","canonical_url":"https:\/\/www.eldigitaldeasturias.com\/noticias\/el-empleo-aumento-en-402-300-personas-en-los-ultimos-doce-meses\/","robots":"max-image-preview:large","keywords":"econom\u00eda","webmasterTools":{"google-site-verification":"UA-38556648-1","msvalidate.01":"7dfe9f3f1b24437ab69f4f2559babe99","miscellaneous":""},"schema":{"@context":"https:\/\/schema.org","@graph":[{"@type":"BlogPosting","@id":"https:\/\/www.eldigitaldeasturias.com\/noticias\/el-empleo-aumento-en-402-300-personas-en-los-ultimos-doce-meses\/#blogposting","name":"El empleo aument\u00f3 en 402.300 personas en los \u00faltimos doce meses - El Digital de Asturias","headline":"El empleo aument\u00f3 en 402.300 personas en los \u00faltimos doce meses","author":{"@id":"https:\/\/www.eldigitaldeasturias.com\/noticias\/author\/admin\/#author"},"publisher":{"@id":"https:\/\/www.eldigitaldeasturias.com\/noticias\/#organization"},"image":{"@type":"ImageObject","url":"https:\/\/www.eldigitaldeasturias.com\/noticias\/wp-content\/uploads\/2020\/01\/270319-mujeroficina.jpg","width":512,"height":340},"datePublished":"2020-01-28T11:44:25+01:00","dateModified":"2020-01-28T11:44:25+01:00","inLanguage":"es-ES","mainEntityOfPage":{"@id":"https:\/\/www.eldigitaldeasturias.com\/noticias\/el-empleo-aumento-en-402-300-personas-en-los-ultimos-doce-meses\/#webpage"},"isPartOf":{"@id":"https:\/\/www.eldigitaldeasturias.com\/noticias\/el-empleo-aumento-en-402-300-personas-en-los-ultimos-doce-meses\/#webpage"},"articleSection":"Econom\u00eda"},{"@type":"BreadcrumbList","@id":"https:\/\/www.eldigitaldeasturias.com\/noticias\/el-empleo-aumento-en-402-300-personas-en-los-ultimos-doce-meses\/#breadcrumblist","itemListElement":[{"@type":"ListItem","@id":"https:\/\/www.eldigitaldeasturias.com\/noticias#listItem","position":1,"name":"Home","item":"https:\/\/www.eldigitaldeasturias.com\/noticias","nextItem":{"@type":"ListItem","@id":"https:\/\/www.eldigitaldeasturias.com\/noticias\/category\/economia\/#listItem","name":"Econom\u00eda"}},{"@type":"ListItem","@id":"https:\/\/www.eldigitaldeasturias.com\/noticias\/category\/economia\/#listItem","position":2,"name":"Econom\u00eda","item":"https:\/\/www.eldigitaldeasturias.com\/noticias\/category\/economia\/","nextItem":{"@type":"ListItem","@id":"https:\/\/www.eldigitaldeasturias.com\/noticias\/el-empleo-aumento-en-402-300-personas-en-los-ultimos-doce-meses\/#listItem","name":"El empleo aument\u00f3 en 402.300 personas en los \u00faltimos doce meses"},"previousItem":{"@type":"ListItem","@id":"https:\/\/www.eldigitaldeasturias.com\/noticias#listItem","name":"Home"}},{"@type":"ListItem","@id":"https:\/\/www.eldigitaldeasturias.com\/noticias\/el-empleo-aumento-en-402-300-personas-en-los-ultimos-doce-meses\/#listItem","position":3,"name":"El empleo aument\u00f3 en 402.300 personas en los \u00faltimos doce meses","previousItem":{"@type":"ListItem","@id":"https:\/\/www.eldigitaldeasturias.com\/noticias\/category\/economia\/#listItem","name":"Econom\u00eda"}}]},{"@type":"Organization","@id":"https:\/\/www.eldigitaldeasturias.com\/noticias\/#organization","name":"El Digital de Asturias","description":"Hemeroteca","url":"https:\/\/www.eldigitaldeasturias.com\/noticias\/","email":"info@eldigitaldeasturias.com","telephone":"+34652131393","logo":{"@type":"ImageObject","url":"https:\/\/www.eldigitaldeasturias.com\/noticias\/wp-content\/uploads\/2020\/12\/EDA.jpg","@id":"https:\/\/www.eldigitaldeasturias.com\/noticias\/el-empleo-aumento-en-402-300-personas-en-los-ultimos-doce-meses\/#organizationLogo","width":649,"height":297},"image":{"@id":"https:\/\/www.eldigitaldeasturias.com\/noticias\/el-empleo-aumento-en-402-300-personas-en-los-ultimos-doce-meses\/#organizationLogo"},"sameAs":["https:\/\/facebook.com\/eldigitaldeasturias","https:\/\/www.youtube.com\/channel\/UCZP-2wLEB9Rv6erhFmqVnvg"],"address":{"@id":"https:\/\/www.eldigitaldeasturias.com\/noticias\/#postaladdress","@type":"PostalAddress","streetAddress":"san antonio 4,","postalCode":"33430","addressLocality":"Cand\u00e1s","addressRegion":"Asturias","addressCountry":"ES"}},{"@type":"Person","@id":"https:\/\/www.eldigitaldeasturias.com\/noticias\/author\/admin\/#author","url":"https:\/\/www.eldigitaldeasturias.com\/noticias\/author\/admin\/","name":"El Digital de Asturias","image":{"@type":"ImageObject","@id":"https:\/\/www.eldigitaldeasturias.com\/noticias\/el-empleo-aumento-en-402-300-personas-en-los-ultimos-doce-meses\/#authorImage","url":"https:\/\/www.eldigitaldeasturias.com\/noticias\/wp-content\/litespeed\/avatar\/18677e78aa0546b92d9dbf31ec7d7668.jpg?ver=1776685526","width":96,"height":96,"caption":"El Digital de Asturias"}},{"@type":"WebPage","@id":"https:\/\/www.eldigitaldeasturias.com\/noticias\/el-empleo-aumento-en-402-300-personas-en-los-ultimos-doce-meses\/#webpage","url":"https:\/\/www.eldigitaldeasturias.com\/noticias\/el-empleo-aumento-en-402-300-personas-en-los-ultimos-doce-meses\/","name":"El empleo aument\u00f3 en 402.300 personas en los \u00faltimos doce meses - El Digital de Asturias","description":"El n\u00famero de personas ocupadas en el cuarto trimestre del a\u00f1o asciende a 19.966.900, la cifra m\u00e1s alta de los once \u00faltimos a\u00f1os, seg\u00fan la Encuesta de Poblaci\u00f3n Activa (EPA), publicada hoy por el Instituto Nacional de Estad\u00edstica. El empleo aument\u00f3 en 402.300 personas en los \u00faltimos doce meses, lo que supone un incremento interanual","inLanguage":"es-ES","isPartOf":{"@id":"https:\/\/www.eldigitaldeasturias.com\/noticias\/#website"},"breadcrumb":{"@id":"https:\/\/www.eldigitaldeasturias.com\/noticias\/el-empleo-aumento-en-402-300-personas-en-los-ultimos-doce-meses\/#breadcrumblist"},"author":{"@id":"https:\/\/www.eldigitaldeasturias.com\/noticias\/author\/admin\/#author"},"creator":{"@id":"https:\/\/www.eldigitaldeasturias.com\/noticias\/author\/admin\/#author"},"image":{"@type":"ImageObject","url":"https:\/\/www.eldigitaldeasturias.com\/noticias\/wp-content\/uploads\/2020\/01\/270319-mujeroficina.jpg","@id":"https:\/\/www.eldigitaldeasturias.com\/noticias\/el-empleo-aumento-en-402-300-personas-en-los-ultimos-doce-meses\/#mainImage","width":512,"height":340},"primaryImageOfPage":{"@id":"https:\/\/www.eldigitaldeasturias.com\/noticias\/el-empleo-aumento-en-402-300-personas-en-los-ultimos-doce-meses\/#mainImage"},"datePublished":"2020-01-28T11:44:25+01:00","dateModified":"2020-01-28T11:44:25+01:00"},{"@type":"WebSite","@id":"https:\/\/www.eldigitaldeasturias.com\/noticias\/#website","url":"https:\/\/www.eldigitaldeasturias.com\/noticias\/","name":"El Digital de Asturias - Diario de actualidad y noticias","alternateName":"El Digital de Asturias - Diario de actualidad y noticias","description":"Hemeroteca","inLanguage":"es-ES","publisher":{"@id":"https:\/\/www.eldigitaldeasturias.com\/noticias\/#organization"}}]},"og:locale":"es_ES","og:site_name":"El Digital de Asturias","og:type":"article","og:title":"El empleo aument\u00f3 en 402.300 personas en los \u00faltimos doce meses - El Digital de Asturias","og:description":"El n\u00famero de personas ocupadas en el cuarto trimestre del a\u00f1o asciende a 19.966.900, la cifra m\u00e1s alta de los once \u00faltimos a\u00f1os, seg\u00fan la Encuesta de Poblaci\u00f3n Activa (EPA), publicada hoy por el Instituto Nacional de Estad\u00edstica. El empleo aument\u00f3 en 402.300 personas en los \u00faltimos doce meses, lo que supone un incremento interanual","og:url":"https:\/\/www.eldigitaldeasturias.com\/noticias\/el-empleo-aumento-en-402-300-personas-en-los-ultimos-doce-meses\/","og:image":"https:\/\/www.eldigitaldeasturias.com\/noticias\/wp-content\/uploads\/2020\/01\/270319-mujeroficina.jpg","og:image:secure_url":"https:\/\/www.eldigitaldeasturias.com\/noticias\/wp-content\/uploads\/2020\/01\/270319-mujeroficina.jpg","og:image:width":512,"og:image:height":340,"article:tag":["econom\u00eda"],"article:published_time":"2020-01-28T11:44:25+00:00","article:modified_time":"2020-01-28T11:44:25+00:00","article:publisher":"https:\/\/facebook.com\/eldigitaldeasturias","twitter:card":"summary_large_image","twitter:title":"El empleo aument\u00f3 en 402.300 personas en los \u00faltimos doce meses - El Digital de Asturias","twitter:description":"El n\u00famero de personas ocupadas en el cuarto trimestre del a\u00f1o asciende a 19.966.900, la cifra m\u00e1s alta de los once \u00faltimos a\u00f1os, seg\u00fan la Encuesta de Poblaci\u00f3n Activa (EPA), publicada hoy por el Instituto Nacional de Estad\u00edstica. El empleo aument\u00f3 en 402.300 personas en los \u00faltimos doce meses, lo que supone un incremento interanual","twitter:image":"https:\/\/www.eldigitaldeasturias.com\/noticias\/wp-content\/uploads\/2020\/01\/270319-mujeroficina.jpg","twitter:label1":"Escrito por","twitter:data1":"El Digital de Asturias","twitter:label2":"Tiempo de lectura estimado","twitter:data2":"1 minuto"},"aioseo_meta_data":{"post_id":"1055975","title":null,"description":null,"keywords":null,"keyphrases":null,"primary_term":null,"canonical_url":null,"og_title":null,"og_description":null,"og_object_type":"default","og_image_type":"default","og_image_url":null,"og_image_width":null,"og_image_height":null,"og_image_custom_url":null,"og_image_custom_fields":null,"og_video":null,"og_custom_url":null,"og_article_section":null,"og_article_tags":null,"twitter_use_og":false,"twitter_card":"default","twitter_image_type":"default","twitter_image_url":null,"twitter_image_custom_url":null,"twitter_image_custom_fields":null,"twitter_title":null,"twitter_description":null,"schema":{"blockGraphs":[],"customGraphs":[],"default":{"data":{"Article":[],"Course":[],"Dataset":[],"FAQPage":[],"Movie":[],"Person":[],"Product":[],"ProductReview":[],"Car":[],"Recipe":[],"Service":[],"SoftwareApplication":[],"WebPage":[]},"graphName":"","isEnabled":true},"graphs":[],"defaultGraph":"","defaultPostTypeGraph":""},"schema_type":null,"schema_type_options":null,"pillar_content":false,"robots_default":true,"robots_noindex":false,"robots_noarchive":false,"robots_nosnippet":false,"robots_nofollow":false,"robots_noimageindex":false,"robots_noodp":false,"robots_notranslate":false,"robots_max_snippet":null,"robots_max_videopreview":null,"robots_max_imagepreview":"large","priority":null,"frequency":null,"local_seo":null,"seo_analyzer_scan_date":"2025-10-30 20:48:21","breadcrumb_settings":null,"limit_modified_date":false,"open_ai":null,"ai":null,"created":"2020-12-21 10:56:03","updated":"2025-10-30 20:48:21"},"aioseo_breadcrumb":"<div class=\"aioseo-breadcrumbs\"><span class=\"aioseo-breadcrumb\">\n\t<a href=\"https:\/\/www.eldigitaldeasturias.com\/noticias\" title=\"Home\">Home<\/a>\n<\/span><span class=\"aioseo-breadcrumb-separator\">\u2013<\/span><span class=\"aioseo-breadcrumb\">\n\t<a href=\"https:\/\/www.eldigitaldeasturias.com\/noticias\/category\/economia\/\" title=\"Econom\u00eda\">Econom\u00eda<\/a>\n<\/span><span class=\"aioseo-breadcrumb-separator\">\u2013<\/span><span class=\"aioseo-breadcrumb\">\n\t<a href=\"https:\/\/www.eldigitaldeasturias.com\/noticias\/el-empleo-aumento-en-402-300-personas-en-los-ultimos-doce-meses\/\" title=\"El empleo aument\u00f3 en 402.300 personas en los \u00faltimos doce meses\">El empleo aument\u00f3 en 402.300 personas en los \u00faltimos doce meses<\/a>\n<\/span><\/div>","aioseo_breadcrumb_json":[{"label":"Home","link":"https:\/\/www.eldigitaldeasturias.com\/noticias"},{"label":"Econom\u00eda","link":"https:\/\/www.eldigitaldeasturias.com\/noticias\/category\/economia\/"},{"label":"El empleo aument\u00f3 en 402.300 personas en los \u00faltimos doce meses","link":"https:\/\/www.eldigitaldeasturias.com\/noticias\/el-empleo-aumento-en-402-300-personas-en-los-ultimos-doce-meses\/"}],"_links":{"self":[{"href":"https:\/\/www.eldigitaldeasturias.com\/noticias\/wp-json\/wp\/v2\/posts\/1055975","targetHints":{"allow":["GET"]}}],"collection":[{"href":"https:\/\/www.eldigitaldeasturias.com\/noticias\/wp-json\/wp\/v2\/posts"}],"about":[{"href":"https:\/\/www.eldigitaldeasturias.com\/noticias\/wp-json\/wp\/v2\/types\/post"}],"author":[{"embeddable":true,"href":"https:\/\/www.eldigitaldeasturias.com\/noticias\/wp-json\/wp\/v2\/users\/1"}],"replies":[{"embeddable":true,"href":"https:\/\/www.eldigitaldeasturias.com\/noticias\/wp-json\/wp\/v2\/comments?post=1055975"}],"version-history":[{"count":0,"href":"https:\/\/www.eldigitaldeasturias.com\/noticias\/wp-json\/wp\/v2\/posts\/1055975\/revisions"}],"wp:featuredmedia":[{"embeddable":true,"href":"https:\/\/www.eldigitaldeasturias.com\/noticias\/wp-json\/wp\/v2\/media\/1055976"}],"wp:attachment":[{"href":"https:\/\/www.eldigitaldeasturias.com\/noticias\/wp-json\/wp\/v2\/media?parent=1055975"}],"wp:term":[{"taxonomy":"category","embeddable":true,"href":"https:\/\/www.eldigitaldeasturias.com\/noticias\/wp-json\/wp\/v2\/categories?post=1055975"},{"taxonomy":"post_tag","embeddable":true,"href":"https:\/\/www.eldigitaldeasturias.com\/noticias\/wp-json\/wp\/v2\/tags?post=1055975"}],"curies":[{"name":"wp","href":"https:\/\/api.w.org\/{rel}","templated":true}]}}