{"id":1055920,"date":"2020-01-27T21:47:22","date_gmt":"2020-01-27T21:47:22","guid":{"rendered":"https:\/\/www.eldigitaldeasturias.com\/noticias\/?p=1055920"},"modified":"2020-01-27T21:47:22","modified_gmt":"2020-01-27T21:47:22","slug":"bartomeu-messi-acabara-en-el-barca-cuando-el-quiera","status":"publish","type":"post","link":"https:\/\/www.eldigitaldeasturias.com\/noticias\/bartomeu-messi-acabara-en-el-barca-cuando-el-quiera\/","title":{"rendered":"Bartomeu: \u00abMessi acabar\u00e1 en el Bar\u00e7a cuando \u00e9l quiera\u00bb"},"content":{"rendered":"<p><img loading=\"lazy\" decoding=\"async\" class=\"alignleft size-medium wp-image-971540\" src=\"https:\/\/www.eldigitaldeasturias.com\/noticias\/wp-content\/uploads\/2018\/03\/football-stadium-62891_1280-360x270.jpg\" alt=\"\" width=\"360\" height=\"270\" srcset=\"https:\/\/www.eldigitaldeasturias.com\/noticias\/wp-content\/uploads\/2018\/03\/football-stadium-62891_1280-360x270.jpg 360w, https:\/\/www.eldigitaldeasturias.com\/noticias\/wp-content\/uploads\/2018\/03\/football-stadium-62891_1280-80x60.jpg 80w, https:\/\/www.eldigitaldeasturias.com\/noticias\/wp-content\/uploads\/2018\/03\/football-stadium-62891_1280-265x198.jpg 265w, https:\/\/www.eldigitaldeasturias.com\/noticias\/wp-content\/uploads\/2018\/03\/football-stadium-62891_1280-696x522.jpg 696w, https:\/\/www.eldigitaldeasturias.com\/noticias\/wp-content\/uploads\/2018\/03\/football-stadium-62891_1280-1068x801.jpg 1068w, https:\/\/www.eldigitaldeasturias.com\/noticias\/wp-content\/uploads\/2018\/03\/football-stadium-62891_1280-560x420.jpg 560w, https:\/\/www.eldigitaldeasturias.com\/noticias\/wp-content\/uploads\/2018\/03\/football-stadium-62891_1280-768x576.jpg 768w, https:\/\/www.eldigitaldeasturias.com\/noticias\/wp-content\/uploads\/2018\/03\/football-stadium-62891_1280-640x480.jpg 640w, https:\/\/www.eldigitaldeasturias.com\/noticias\/wp-content\/uploads\/2018\/03\/football-stadium-62891_1280-90x67.jpg 90w, https:\/\/www.eldigitaldeasturias.com\/noticias\/wp-content\/uploads\/2018\/03\/football-stadium-62891_1280-100x75.jpg 100w, https:\/\/www.eldigitaldeasturias.com\/noticias\/wp-content\/uploads\/2018\/03\/football-stadium-62891_1280.jpg 1280w\" sizes=\"auto, (max-width: 360px) 100vw, 360px\" \/>(Europa Press) &#8211;\u00a0El presidente del FC Barcelona, Josep Maria Bartomeu, ha reconocido que tienen \u00absobre la mesa\u00bb un \u00abposible refuerzo\u00bb para el equipo en este mercado de invierno, aunque no ha desvelado si se trata del delantero del Valencia CF Rodrigo Moreno, y ha asegurado que \u00abno\u00bb est\u00e1 \u00abpreocupado\u00bb por la derrota del conjunto azulgrana en Mestalla.<\/p>\n<p>\u00ab\u00bfRodrigo? No hablamos de jugadores de equipos contrarios, pero si me preguntas por un posible refuerzo, es algo que est\u00e1 sobre la mesa, hay alguna posibilidad de que venga alg\u00fan jugador, puede ser del Bar\u00e7a B o de fuera. Me gustan muchos jugadores\u00bb, se\u00f1al\u00f3 en la 72\u00aa Gran Gala del diario catal\u00e1n Mundo Deportivo.<\/p>\n<p>En otro orden de cosas, el m\u00e1ximo mandatario azulgrana explic\u00f3 que ser\u00e1 Leo Messi quien decida cu\u00e1ndo se ir\u00e1 del club. \u00abMessi acabar\u00e1 en el Bar\u00e7a cuando \u00e9l quiera, es una relaci\u00f3n de por vida, \u00e9l ya lo sabe. Queda mucho Leo Messi, muchos a\u00f1os de buen f\u00fatbol, de jugar, de hacernos disfrutar. Disfrut\u00e9moslo, porque, aunque le quedan menos a\u00f1os que antes, todav\u00eda le quedan muchos\u00bb, apunt\u00f3.<\/p>\n<p>Adem\u00e1s, Bartomeu asegur\u00f3 que \u00abno\u00bb est\u00e1 \u00abpreocupado\u00bb por la derrota del equipo en Mestalla, un resultado que les hizo perder el liderato de LaLiga Santander.<\/p>\n<p>\u00abEstamos trabajando much\u00edsimo y est\u00e1 todo abierto, la Liga, la &#8216;Champions&#8217;, la Copa del Rey&#8230; Tenemos ganas de hacer una buena temporada\u00bb, indic\u00f3.<\/p>\n<p>\u00abLos cul\u00e9s nos preocupamos por nuestro equipo en cada partido. Tras la derrota viene la Copa el jueves ante el Legan\u00e9s y LaLiga el domingo. Esto no para y hay que seguir trabajando, con un nuevo entrenador como es Quique Seti\u00e9n. Tenemos confianza en \u00e9l y en todo lo que est\u00e1 haciendo por el equipo\u00bb, concluy\u00f3.<\/p>\n","protected":false},"excerpt":{"rendered":"<p>(Europa Press) &#8211;\u00a0El presidente del FC Barcelona, Josep Maria Bartomeu, ha reconocido que tienen \u00absobre la mesa\u00bb un \u00abposible refuerzo\u00bb para el equipo en este mercado de invierno, aunque no ha desvelado si se trata del delantero del Valencia CF Rodrigo Moreno, y ha asegurado que \u00abno\u00bb est\u00e1 \u00abpreocupado\u00bb por la derrota del conjunto azulgrana [&hellip;]<\/p>\n","protected":false},"author":1,"featured_media":971540,"comment_status":"closed","ping_status":"closed","sticky":false,"template":"","format":"standard","meta":{"footnotes":""},"categories":[190],"tags":[],"class_list":["post-1055920","post","type-post","status-publish","format-standard","has-post-thumbnail","hentry","category-deportes"],"aioseo_notices":[],"aioseo_head":"\n\t\t<!-- All in One SEO Pro 4.9.6.2 - aioseo.com -->\n\t<meta name=\"description\" content=\"(Europa Press) - El presidente del FC Barcelona, Josep Maria Bartomeu, ha reconocido que tienen &quot;sobre la mesa&quot; un &quot;posible refuerzo&quot; para el equipo en este mercado de invierno, aunque no ha desvelado si se trata del delantero del Valencia CF Rodrigo Moreno, y ha asegurado que &quot;no&quot; est\u00e1 &quot;preocupado&quot; por la derrota del conjunto azulgrana\" \/>\n\t<meta name=\"robots\" content=\"max-image-preview:large\" \/>\n\t<meta name=\"author\" content=\"El Digital de Asturias\"\/>\n\t<meta name=\"google-site-verification\" content=\"UA-38556648-1\" \/>\n\t<meta name=\"msvalidate.01\" content=\"7dfe9f3f1b24437ab69f4f2559babe99\" \/>\n\t<meta name=\"keywords\" content=\"deportes\" \/>\n\t<link rel=\"canonical\" href=\"https:\/\/www.eldigitaldeasturias.com\/noticias\/bartomeu-messi-acabara-en-el-barca-cuando-el-quiera\/\" \/>\n\t<meta name=\"generator\" content=\"All in One SEO Pro (AIOSEO) 4.9.6.2\" \/>\n\t\t<meta property=\"og:locale\" content=\"es_ES\" \/>\n\t\t<meta property=\"og:site_name\" content=\"El Digital de Asturias\" \/>\n\t\t<meta property=\"og:type\" content=\"article\" \/>\n\t\t<meta property=\"og:title\" content=\"Bartomeu: \u00abMessi acabar\u00e1 en el Bar\u00e7a cuando \u00e9l quiera\u00bb - El Digital de Asturias\" \/>\n\t\t<meta property=\"og:description\" content=\"(Europa Press) - El presidente del FC Barcelona, Josep Maria Bartomeu, ha reconocido que tienen &quot;sobre la mesa&quot; un &quot;posible refuerzo&quot; para el equipo en este mercado de invierno, aunque no ha desvelado si se trata del delantero del Valencia CF Rodrigo Moreno, y ha asegurado que &quot;no&quot; est\u00e1 &quot;preocupado&quot; por la derrota del conjunto azulgrana\" \/>\n\t\t<meta property=\"og:url\" content=\"https:\/\/www.eldigitaldeasturias.com\/noticias\/bartomeu-messi-acabara-en-el-barca-cuando-el-quiera\/\" \/>\n\t\t<meta property=\"og:image\" content=\"https:\/\/www.eldigitaldeasturias.com\/noticias\/wp-content\/uploads\/2018\/03\/football-stadium-62891_1280.jpg\" \/>\n\t\t<meta property=\"og:image:secure_url\" content=\"https:\/\/www.eldigitaldeasturias.com\/noticias\/wp-content\/uploads\/2018\/03\/football-stadium-62891_1280.jpg\" \/>\n\t\t<meta property=\"og:image:width\" content=\"1280\" \/>\n\t\t<meta property=\"og:image:height\" content=\"960\" \/>\n\t\t<meta property=\"article:tag\" content=\"deportes\" \/>\n\t\t<meta property=\"article:published_time\" content=\"2020-01-27T21:47:22+00:00\" \/>\n\t\t<meta property=\"article:modified_time\" content=\"2020-01-27T21:47:22+00:00\" \/>\n\t\t<meta property=\"article:publisher\" content=\"https:\/\/facebook.com\/eldigitaldeasturias\" \/>\n\t\t<meta name=\"twitter:card\" content=\"summary_large_image\" \/>\n\t\t<meta name=\"twitter:title\" content=\"Bartomeu: \u00abMessi acabar\u00e1 en el Bar\u00e7a cuando \u00e9l quiera\u00bb - El Digital de Asturias\" \/>\n\t\t<meta name=\"twitter:description\" content=\"(Europa Press) - El presidente del FC Barcelona, Josep Maria Bartomeu, ha reconocido que tienen &quot;sobre la mesa&quot; un &quot;posible refuerzo&quot; para el equipo en este mercado de invierno, aunque no ha desvelado si se trata del delantero del Valencia CF Rodrigo Moreno, y ha asegurado que &quot;no&quot; est\u00e1 &quot;preocupado&quot; por la derrota del conjunto azulgrana\" \/>\n\t\t<meta name=\"twitter:image\" content=\"https:\/\/www.eldigitaldeasturias.com\/noticias\/wp-content\/uploads\/2018\/03\/football-stadium-62891_1280.jpg\" \/>\n\t\t<meta name=\"twitter:label1\" content=\"Escrito por\" \/>\n\t\t<meta name=\"twitter:data1\" content=\"El Digital de Asturias\" \/>\n\t\t<meta name=\"twitter:label2\" content=\"Tiempo de lectura estimado\" \/>\n\t\t<meta name=\"twitter:data2\" content=\"2 minutos\" \/>\n\t\t<script type=\"application\/ld+json\" class=\"aioseo-schema\">\n\t\t\t{\"@context\":\"https:\\\/\\\/schema.org\",\"@graph\":[{\"@type\":\"BlogPosting\",\"@id\":\"https:\\\/\\\/www.eldigitaldeasturias.com\\\/noticias\\\/bartomeu-messi-acabara-en-el-barca-cuando-el-quiera\\\/#blogposting\",\"name\":\"Bartomeu: \\u00abMessi acabar\\u00e1 en el Bar\\u00e7a cuando \\u00e9l quiera\\u00bb - El Digital de Asturias\",\"headline\":\"Bartomeu: \\u00abMessi acabar\\u00e1 en el Bar\\u00e7a cuando \\u00e9l quiera\\u00bb\",\"author\":{\"@id\":\"https:\\\/\\\/www.eldigitaldeasturias.com\\\/noticias\\\/author\\\/admin\\\/#author\"},\"publisher\":{\"@id\":\"https:\\\/\\\/www.eldigitaldeasturias.com\\\/noticias\\\/#organization\"},\"image\":{\"@type\":\"ImageObject\",\"url\":\"https:\\\/\\\/www.eldigitaldeasturias.com\\\/noticias\\\/wp-content\\\/uploads\\\/2018\\\/03\\\/football-stadium-62891_1280.jpg\",\"width\":1280,\"height\":960},\"datePublished\":\"2020-01-27T21:47:22+01:00\",\"dateModified\":\"2020-01-27T21:47:22+01:00\",\"inLanguage\":\"es-ES\",\"mainEntityOfPage\":{\"@id\":\"https:\\\/\\\/www.eldigitaldeasturias.com\\\/noticias\\\/bartomeu-messi-acabara-en-el-barca-cuando-el-quiera\\\/#webpage\"},\"isPartOf\":{\"@id\":\"https:\\\/\\\/www.eldigitaldeasturias.com\\\/noticias\\\/bartomeu-messi-acabara-en-el-barca-cuando-el-quiera\\\/#webpage\"},\"articleSection\":\"Deportes\"},{\"@type\":\"BreadcrumbList\",\"@id\":\"https:\\\/\\\/www.eldigitaldeasturias.com\\\/noticias\\\/bartomeu-messi-acabara-en-el-barca-cuando-el-quiera\\\/#breadcrumblist\",\"itemListElement\":[{\"@type\":\"ListItem\",\"@id\":\"https:\\\/\\\/www.eldigitaldeasturias.com\\\/noticias#listItem\",\"position\":1,\"name\":\"Home\",\"item\":\"https:\\\/\\\/www.eldigitaldeasturias.com\\\/noticias\",\"nextItem\":{\"@type\":\"ListItem\",\"@id\":\"https:\\\/\\\/www.eldigitaldeasturias.com\\\/noticias\\\/category\\\/deportes\\\/#listItem\",\"name\":\"Deportes\"}},{\"@type\":\"ListItem\",\"@id\":\"https:\\\/\\\/www.eldigitaldeasturias.com\\\/noticias\\\/category\\\/deportes\\\/#listItem\",\"position\":2,\"name\":\"Deportes\",\"item\":\"https:\\\/\\\/www.eldigitaldeasturias.com\\\/noticias\\\/category\\\/deportes\\\/\",\"nextItem\":{\"@type\":\"ListItem\",\"@id\":\"https:\\\/\\\/www.eldigitaldeasturias.com\\\/noticias\\\/bartomeu-messi-acabara-en-el-barca-cuando-el-quiera\\\/#listItem\",\"name\":\"Bartomeu: \\u00abMessi acabar\\u00e1 en el Bar\\u00e7a cuando \\u00e9l quiera\\u00bb\"},\"previousItem\":{\"@type\":\"ListItem\",\"@id\":\"https:\\\/\\\/www.eldigitaldeasturias.com\\\/noticias#listItem\",\"name\":\"Home\"}},{\"@type\":\"ListItem\",\"@id\":\"https:\\\/\\\/www.eldigitaldeasturias.com\\\/noticias\\\/bartomeu-messi-acabara-en-el-barca-cuando-el-quiera\\\/#listItem\",\"position\":3,\"name\":\"Bartomeu: \\u00abMessi acabar\\u00e1 en el Bar\\u00e7a cuando \\u00e9l quiera\\u00bb\",\"previousItem\":{\"@type\":\"ListItem\",\"@id\":\"https:\\\/\\\/www.eldigitaldeasturias.com\\\/noticias\\\/category\\\/deportes\\\/#listItem\",\"name\":\"Deportes\"}}]},{\"@type\":\"Organization\",\"@id\":\"https:\\\/\\\/www.eldigitaldeasturias.com\\\/noticias\\\/#organization\",\"name\":\"El Digital de Asturias\",\"description\":\"Hemeroteca\",\"url\":\"https:\\\/\\\/www.eldigitaldeasturias.com\\\/noticias\\\/\",\"email\":\"info@eldigitaldeasturias.com\",\"telephone\":\"+34652131393\",\"logo\":{\"@type\":\"ImageObject\",\"url\":\"https:\\\/\\\/www.eldigitaldeasturias.com\\\/noticias\\\/wp-content\\\/uploads\\\/2020\\\/12\\\/EDA.jpg\",\"@id\":\"https:\\\/\\\/www.eldigitaldeasturias.com\\\/noticias\\\/bartomeu-messi-acabara-en-el-barca-cuando-el-quiera\\\/#organizationLogo\",\"width\":649,\"height\":297},\"image\":{\"@id\":\"https:\\\/\\\/www.eldigitaldeasturias.com\\\/noticias\\\/bartomeu-messi-acabara-en-el-barca-cuando-el-quiera\\\/#organizationLogo\"},\"sameAs\":[\"https:\\\/\\\/facebook.com\\\/eldigitaldeasturias\",\"https:\\\/\\\/www.youtube.com\\\/channel\\\/UCZP-2wLEB9Rv6erhFmqVnvg\"],\"address\":{\"@id\":\"https:\\\/\\\/www.eldigitaldeasturias.com\\\/noticias\\\/#postaladdress\",\"@type\":\"PostalAddress\",\"streetAddress\":\"san antonio 4,\",\"postalCode\":\"33430\",\"addressLocality\":\"Cand\\u00e1s\",\"addressRegion\":\"Asturias\",\"addressCountry\":\"ES\"}},{\"@type\":\"Person\",\"@id\":\"https:\\\/\\\/www.eldigitaldeasturias.com\\\/noticias\\\/author\\\/admin\\\/#author\",\"url\":\"https:\\\/\\\/www.eldigitaldeasturias.com\\\/noticias\\\/author\\\/admin\\\/\",\"name\":\"El Digital de Asturias\",\"image\":{\"@type\":\"ImageObject\",\"@id\":\"https:\\\/\\\/www.eldigitaldeasturias.com\\\/noticias\\\/bartomeu-messi-acabara-en-el-barca-cuando-el-quiera\\\/#authorImage\",\"url\":\"https:\\\/\\\/www.eldigitaldeasturias.com\\\/noticias\\\/wp-content\\\/litespeed\\\/avatar\\\/18677e78aa0546b92d9dbf31ec7d7668.jpg?ver=1777290358\",\"width\":96,\"height\":96,\"caption\":\"El Digital de Asturias\"}},{\"@type\":\"WebPage\",\"@id\":\"https:\\\/\\\/www.eldigitaldeasturias.com\\\/noticias\\\/bartomeu-messi-acabara-en-el-barca-cuando-el-quiera\\\/#webpage\",\"url\":\"https:\\\/\\\/www.eldigitaldeasturias.com\\\/noticias\\\/bartomeu-messi-acabara-en-el-barca-cuando-el-quiera\\\/\",\"name\":\"Bartomeu: \\u00abMessi acabar\\u00e1 en el Bar\\u00e7a cuando \\u00e9l quiera\\u00bb - El Digital de Asturias\",\"description\":\"(Europa Press) - El presidente del FC Barcelona, Josep Maria Bartomeu, ha reconocido que tienen \\\"sobre la mesa\\\" un \\\"posible refuerzo\\\" para el equipo en este mercado de invierno, aunque no ha desvelado si se trata del delantero del Valencia CF Rodrigo Moreno, y ha asegurado que \\\"no\\\" est\\u00e1 \\\"preocupado\\\" por la derrota del conjunto azulgrana\",\"inLanguage\":\"es-ES\",\"isPartOf\":{\"@id\":\"https:\\\/\\\/www.eldigitaldeasturias.com\\\/noticias\\\/#website\"},\"breadcrumb\":{\"@id\":\"https:\\\/\\\/www.eldigitaldeasturias.com\\\/noticias\\\/bartomeu-messi-acabara-en-el-barca-cuando-el-quiera\\\/#breadcrumblist\"},\"author\":{\"@id\":\"https:\\\/\\\/www.eldigitaldeasturias.com\\\/noticias\\\/author\\\/admin\\\/#author\"},\"creator\":{\"@id\":\"https:\\\/\\\/www.eldigitaldeasturias.com\\\/noticias\\\/author\\\/admin\\\/#author\"},\"image\":{\"@type\":\"ImageObject\",\"url\":\"https:\\\/\\\/www.eldigitaldeasturias.com\\\/noticias\\\/wp-content\\\/uploads\\\/2018\\\/03\\\/football-stadium-62891_1280.jpg\",\"@id\":\"https:\\\/\\\/www.eldigitaldeasturias.com\\\/noticias\\\/bartomeu-messi-acabara-en-el-barca-cuando-el-quiera\\\/#mainImage\",\"width\":1280,\"height\":960},\"primaryImageOfPage\":{\"@id\":\"https:\\\/\\\/www.eldigitaldeasturias.com\\\/noticias\\\/bartomeu-messi-acabara-en-el-barca-cuando-el-quiera\\\/#mainImage\"},\"datePublished\":\"2020-01-27T21:47:22+01:00\",\"dateModified\":\"2020-01-27T21:47:22+01:00\"},{\"@type\":\"WebSite\",\"@id\":\"https:\\\/\\\/www.eldigitaldeasturias.com\\\/noticias\\\/#website\",\"url\":\"https:\\\/\\\/www.eldigitaldeasturias.com\\\/noticias\\\/\",\"name\":\"El Digital de Asturias - Diario de actualidad y noticias\",\"alternateName\":\"El Digital de Asturias - Diario de actualidad y noticias\",\"description\":\"Hemeroteca\",\"inLanguage\":\"es-ES\",\"publisher\":{\"@id\":\"https:\\\/\\\/www.eldigitaldeasturias.com\\\/noticias\\\/#organization\"}}]}\n\t\t<\/script>\n\t\t<!-- All in One SEO Pro -->\r\n\t\t<title>Bartomeu: \u00abMessi acabar\u00e1 en el Bar\u00e7a cuando \u00e9l quiera\u00bb - El Digital de Asturias<\/title>\n\n","aioseo_head_json":{"title":"Bartomeu: \u00abMessi acabar\u00e1 en el Bar\u00e7a cuando \u00e9l quiera\u00bb - El Digital de Asturias","description":"(Europa Press) - El presidente del FC Barcelona, Josep Maria Bartomeu, ha reconocido que tienen \"sobre la mesa\" un \"posible refuerzo\" para el equipo en este mercado de invierno, aunque no ha desvelado si se trata del delantero del Valencia CF Rodrigo Moreno, y ha asegurado que \"no\" est\u00e1 \"preocupado\" por la derrota del conjunto azulgrana","canonical_url":"https:\/\/www.eldigitaldeasturias.com\/noticias\/bartomeu-messi-acabara-en-el-barca-cuando-el-quiera\/","robots":"max-image-preview:large","keywords":"deportes","webmasterTools":{"google-site-verification":"UA-38556648-1","msvalidate.01":"7dfe9f3f1b24437ab69f4f2559babe99","miscellaneous":""},"schema":{"@context":"https:\/\/schema.org","@graph":[{"@type":"BlogPosting","@id":"https:\/\/www.eldigitaldeasturias.com\/noticias\/bartomeu-messi-acabara-en-el-barca-cuando-el-quiera\/#blogposting","name":"Bartomeu: \u00abMessi acabar\u00e1 en el Bar\u00e7a cuando \u00e9l quiera\u00bb - El Digital de Asturias","headline":"Bartomeu: \u00abMessi acabar\u00e1 en el Bar\u00e7a cuando \u00e9l quiera\u00bb","author":{"@id":"https:\/\/www.eldigitaldeasturias.com\/noticias\/author\/admin\/#author"},"publisher":{"@id":"https:\/\/www.eldigitaldeasturias.com\/noticias\/#organization"},"image":{"@type":"ImageObject","url":"https:\/\/www.eldigitaldeasturias.com\/noticias\/wp-content\/uploads\/2018\/03\/football-stadium-62891_1280.jpg","width":1280,"height":960},"datePublished":"2020-01-27T21:47:22+01:00","dateModified":"2020-01-27T21:47:22+01:00","inLanguage":"es-ES","mainEntityOfPage":{"@id":"https:\/\/www.eldigitaldeasturias.com\/noticias\/bartomeu-messi-acabara-en-el-barca-cuando-el-quiera\/#webpage"},"isPartOf":{"@id":"https:\/\/www.eldigitaldeasturias.com\/noticias\/bartomeu-messi-acabara-en-el-barca-cuando-el-quiera\/#webpage"},"articleSection":"Deportes"},{"@type":"BreadcrumbList","@id":"https:\/\/www.eldigitaldeasturias.com\/noticias\/bartomeu-messi-acabara-en-el-barca-cuando-el-quiera\/#breadcrumblist","itemListElement":[{"@type":"ListItem","@id":"https:\/\/www.eldigitaldeasturias.com\/noticias#listItem","position":1,"name":"Home","item":"https:\/\/www.eldigitaldeasturias.com\/noticias","nextItem":{"@type":"ListItem","@id":"https:\/\/www.eldigitaldeasturias.com\/noticias\/category\/deportes\/#listItem","name":"Deportes"}},{"@type":"ListItem","@id":"https:\/\/www.eldigitaldeasturias.com\/noticias\/category\/deportes\/#listItem","position":2,"name":"Deportes","item":"https:\/\/www.eldigitaldeasturias.com\/noticias\/category\/deportes\/","nextItem":{"@type":"ListItem","@id":"https:\/\/www.eldigitaldeasturias.com\/noticias\/bartomeu-messi-acabara-en-el-barca-cuando-el-quiera\/#listItem","name":"Bartomeu: \u00abMessi acabar\u00e1 en el Bar\u00e7a cuando \u00e9l quiera\u00bb"},"previousItem":{"@type":"ListItem","@id":"https:\/\/www.eldigitaldeasturias.com\/noticias#listItem","name":"Home"}},{"@type":"ListItem","@id":"https:\/\/www.eldigitaldeasturias.com\/noticias\/bartomeu-messi-acabara-en-el-barca-cuando-el-quiera\/#listItem","position":3,"name":"Bartomeu: \u00abMessi acabar\u00e1 en el Bar\u00e7a cuando \u00e9l quiera\u00bb","previousItem":{"@type":"ListItem","@id":"https:\/\/www.eldigitaldeasturias.com\/noticias\/category\/deportes\/#listItem","name":"Deportes"}}]},{"@type":"Organization","@id":"https:\/\/www.eldigitaldeasturias.com\/noticias\/#organization","name":"El Digital de Asturias","description":"Hemeroteca","url":"https:\/\/www.eldigitaldeasturias.com\/noticias\/","email":"info@eldigitaldeasturias.com","telephone":"+34652131393","logo":{"@type":"ImageObject","url":"https:\/\/www.eldigitaldeasturias.com\/noticias\/wp-content\/uploads\/2020\/12\/EDA.jpg","@id":"https:\/\/www.eldigitaldeasturias.com\/noticias\/bartomeu-messi-acabara-en-el-barca-cuando-el-quiera\/#organizationLogo","width":649,"height":297},"image":{"@id":"https:\/\/www.eldigitaldeasturias.com\/noticias\/bartomeu-messi-acabara-en-el-barca-cuando-el-quiera\/#organizationLogo"},"sameAs":["https:\/\/facebook.com\/eldigitaldeasturias","https:\/\/www.youtube.com\/channel\/UCZP-2wLEB9Rv6erhFmqVnvg"],"address":{"@id":"https:\/\/www.eldigitaldeasturias.com\/noticias\/#postaladdress","@type":"PostalAddress","streetAddress":"san antonio 4,","postalCode":"33430","addressLocality":"Cand\u00e1s","addressRegion":"Asturias","addressCountry":"ES"}},{"@type":"Person","@id":"https:\/\/www.eldigitaldeasturias.com\/noticias\/author\/admin\/#author","url":"https:\/\/www.eldigitaldeasturias.com\/noticias\/author\/admin\/","name":"El Digital de Asturias","image":{"@type":"ImageObject","@id":"https:\/\/www.eldigitaldeasturias.com\/noticias\/bartomeu-messi-acabara-en-el-barca-cuando-el-quiera\/#authorImage","url":"https:\/\/www.eldigitaldeasturias.com\/noticias\/wp-content\/litespeed\/avatar\/18677e78aa0546b92d9dbf31ec7d7668.jpg?ver=1777290358","width":96,"height":96,"caption":"El Digital de Asturias"}},{"@type":"WebPage","@id":"https:\/\/www.eldigitaldeasturias.com\/noticias\/bartomeu-messi-acabara-en-el-barca-cuando-el-quiera\/#webpage","url":"https:\/\/www.eldigitaldeasturias.com\/noticias\/bartomeu-messi-acabara-en-el-barca-cuando-el-quiera\/","name":"Bartomeu: \u00abMessi acabar\u00e1 en el Bar\u00e7a cuando \u00e9l quiera\u00bb - El Digital de Asturias","description":"(Europa Press) - El presidente del FC Barcelona, Josep Maria Bartomeu, ha reconocido que tienen \"sobre la mesa\" un \"posible refuerzo\" para el equipo en este mercado de invierno, aunque no ha desvelado si se trata del delantero del Valencia CF Rodrigo Moreno, y ha asegurado que \"no\" est\u00e1 \"preocupado\" por la derrota del conjunto azulgrana","inLanguage":"es-ES","isPartOf":{"@id":"https:\/\/www.eldigitaldeasturias.com\/noticias\/#website"},"breadcrumb":{"@id":"https:\/\/www.eldigitaldeasturias.com\/noticias\/bartomeu-messi-acabara-en-el-barca-cuando-el-quiera\/#breadcrumblist"},"author":{"@id":"https:\/\/www.eldigitaldeasturias.com\/noticias\/author\/admin\/#author"},"creator":{"@id":"https:\/\/www.eldigitaldeasturias.com\/noticias\/author\/admin\/#author"},"image":{"@type":"ImageObject","url":"https:\/\/www.eldigitaldeasturias.com\/noticias\/wp-content\/uploads\/2018\/03\/football-stadium-62891_1280.jpg","@id":"https:\/\/www.eldigitaldeasturias.com\/noticias\/bartomeu-messi-acabara-en-el-barca-cuando-el-quiera\/#mainImage","width":1280,"height":960},"primaryImageOfPage":{"@id":"https:\/\/www.eldigitaldeasturias.com\/noticias\/bartomeu-messi-acabara-en-el-barca-cuando-el-quiera\/#mainImage"},"datePublished":"2020-01-27T21:47:22+01:00","dateModified":"2020-01-27T21:47:22+01:00"},{"@type":"WebSite","@id":"https:\/\/www.eldigitaldeasturias.com\/noticias\/#website","url":"https:\/\/www.eldigitaldeasturias.com\/noticias\/","name":"El Digital de Asturias - Diario de actualidad y noticias","alternateName":"El Digital de Asturias - Diario de actualidad y noticias","description":"Hemeroteca","inLanguage":"es-ES","publisher":{"@id":"https:\/\/www.eldigitaldeasturias.com\/noticias\/#organization"}}]},"og:locale":"es_ES","og:site_name":"El Digital de Asturias","og:type":"article","og:title":"Bartomeu: \u00abMessi acabar\u00e1 en el Bar\u00e7a cuando \u00e9l quiera\u00bb - El Digital de Asturias","og:description":"(Europa Press) - El presidente del FC Barcelona, Josep Maria Bartomeu, ha reconocido que tienen &quot;sobre la mesa&quot; un &quot;posible refuerzo&quot; para el equipo en este mercado de invierno, aunque no ha desvelado si se trata del delantero del Valencia CF Rodrigo Moreno, y ha asegurado que &quot;no&quot; est\u00e1 &quot;preocupado&quot; por la derrota del conjunto azulgrana","og:url":"https:\/\/www.eldigitaldeasturias.com\/noticias\/bartomeu-messi-acabara-en-el-barca-cuando-el-quiera\/","og:image":"https:\/\/www.eldigitaldeasturias.com\/noticias\/wp-content\/uploads\/2018\/03\/football-stadium-62891_1280.jpg","og:image:secure_url":"https:\/\/www.eldigitaldeasturias.com\/noticias\/wp-content\/uploads\/2018\/03\/football-stadium-62891_1280.jpg","og:image:width":1280,"og:image:height":960,"article:tag":["deportes"],"article:published_time":"2020-01-27T21:47:22+00:00","article:modified_time":"2020-01-27T21:47:22+00:00","article:publisher":"https:\/\/facebook.com\/eldigitaldeasturias","twitter:card":"summary_large_image","twitter:title":"Bartomeu: \u00abMessi acabar\u00e1 en el Bar\u00e7a cuando \u00e9l quiera\u00bb - El Digital de Asturias","twitter:description":"(Europa Press) - El presidente del FC Barcelona, Josep Maria Bartomeu, ha reconocido que tienen &quot;sobre la mesa&quot; un &quot;posible refuerzo&quot; para el equipo en este mercado de invierno, aunque no ha desvelado si se trata del delantero del Valencia CF Rodrigo Moreno, y ha asegurado que &quot;no&quot; est\u00e1 &quot;preocupado&quot; por la derrota del conjunto azulgrana","twitter:image":"https:\/\/www.eldigitaldeasturias.com\/noticias\/wp-content\/uploads\/2018\/03\/football-stadium-62891_1280.jpg","twitter:label1":"Escrito por","twitter:data1":"El Digital de Asturias","twitter:label2":"Tiempo de lectura estimado","twitter:data2":"2 minutos"},"aioseo_meta_data":{"post_id":"1055920","title":null,"description":null,"keywords":null,"keyphrases":null,"primary_term":null,"canonical_url":null,"og_title":null,"og_description":null,"og_object_type":"default","og_image_type":"default","og_image_url":null,"og_image_width":null,"og_image_height":null,"og_image_custom_url":null,"og_image_custom_fields":null,"og_video":null,"og_custom_url":null,"og_article_section":null,"og_article_tags":null,"twitter_use_og":false,"twitter_card":"default","twitter_image_type":"default","twitter_image_url":null,"twitter_image_custom_url":null,"twitter_image_custom_fields":null,"twitter_title":null,"twitter_description":null,"schema":{"blockGraphs":[],"customGraphs":[],"default":{"data":{"Article":[],"Course":[],"Dataset":[],"FAQPage":[],"Movie":[],"Person":[],"Product":[],"ProductReview":[],"Car":[],"Recipe":[],"Service":[],"SoftwareApplication":[],"WebPage":[]},"graphName":"","isEnabled":true},"graphs":[],"defaultGraph":"","defaultPostTypeGraph":""},"schema_type":null,"schema_type_options":null,"pillar_content":false,"robots_default":true,"robots_noindex":false,"robots_noarchive":false,"robots_nosnippet":false,"robots_nofollow":false,"robots_noimageindex":false,"robots_noodp":false,"robots_notranslate":false,"robots_max_snippet":null,"robots_max_videopreview":null,"robots_max_imagepreview":"large","priority":null,"frequency":null,"local_seo":null,"seo_analyzer_scan_date":"2025-10-30 20:38:12","breadcrumb_settings":null,"limit_modified_date":false,"open_ai":null,"ai":null,"created":"2020-12-21 10:56:04","updated":"2025-10-30 20:38:12"},"aioseo_breadcrumb":"<div class=\"aioseo-breadcrumbs\"><span class=\"aioseo-breadcrumb\">\n\t<a href=\"https:\/\/www.eldigitaldeasturias.com\/noticias\" title=\"Home\">Home<\/a>\n<\/span><span class=\"aioseo-breadcrumb-separator\">\u2013<\/span><span class=\"aioseo-breadcrumb\">\n\t<a href=\"https:\/\/www.eldigitaldeasturias.com\/noticias\/category\/deportes\/\" title=\"Deportes\">Deportes<\/a>\n<\/span><span class=\"aioseo-breadcrumb-separator\">\u2013<\/span><span class=\"aioseo-breadcrumb\">\n\t<a href=\"https:\/\/www.eldigitaldeasturias.com\/noticias\/bartomeu-messi-acabara-en-el-barca-cuando-el-quiera\/\" title=\"Bartomeu: \u00abMessi acabar\u00e1 en el Bar\u00e7a cuando \u00e9l quiera\u00bb\">Bartomeu: \u00abMessi acabar\u00e1 en el Bar\u00e7a cuando \u00e9l quiera\u00bb<\/a>\n<\/span><\/div>","aioseo_breadcrumb_json":[{"label":"Home","link":"https:\/\/www.eldigitaldeasturias.com\/noticias"},{"label":"Deportes","link":"https:\/\/www.eldigitaldeasturias.com\/noticias\/category\/deportes\/"},{"label":"Bartomeu: \u00abMessi acabar\u00e1 en el Bar\u00e7a cuando \u00e9l quiera\u00bb","link":"https:\/\/www.eldigitaldeasturias.com\/noticias\/bartomeu-messi-acabara-en-el-barca-cuando-el-quiera\/"}],"_links":{"self":[{"href":"https:\/\/www.eldigitaldeasturias.com\/noticias\/wp-json\/wp\/v2\/posts\/1055920","targetHints":{"allow":["GET"]}}],"collection":[{"href":"https:\/\/www.eldigitaldeasturias.com\/noticias\/wp-json\/wp\/v2\/posts"}],"about":[{"href":"https:\/\/www.eldigitaldeasturias.com\/noticias\/wp-json\/wp\/v2\/types\/post"}],"author":[{"embeddable":true,"href":"https:\/\/www.eldigitaldeasturias.com\/noticias\/wp-json\/wp\/v2\/users\/1"}],"replies":[{"embeddable":true,"href":"https:\/\/www.eldigitaldeasturias.com\/noticias\/wp-json\/wp\/v2\/comments?post=1055920"}],"version-history":[{"count":0,"href":"https:\/\/www.eldigitaldeasturias.com\/noticias\/wp-json\/wp\/v2\/posts\/1055920\/revisions"}],"wp:featuredmedia":[{"embeddable":true,"href":"https:\/\/www.eldigitaldeasturias.com\/noticias\/wp-json\/wp\/v2\/media\/971540"}],"wp:attachment":[{"href":"https:\/\/www.eldigitaldeasturias.com\/noticias\/wp-json\/wp\/v2\/media?parent=1055920"}],"wp:term":[{"taxonomy":"category","embeddable":true,"href":"https:\/\/www.eldigitaldeasturias.com\/noticias\/wp-json\/wp\/v2\/categories?post=1055920"},{"taxonomy":"post_tag","embeddable":true,"href":"https:\/\/www.eldigitaldeasturias.com\/noticias\/wp-json\/wp\/v2\/tags?post=1055920"}],"curies":[{"name":"wp","href":"https:\/\/api.w.org\/{rel}","templated":true}]}}