{"id":1055914,"date":"2020-01-27T21:40:11","date_gmt":"2020-01-27T21:40:11","guid":{"rendered":"https:\/\/www.eldigitaldeasturias.com\/noticias\/?p=1055914"},"modified":"2020-01-27T21:40:11","modified_gmt":"2020-01-27T21:40:11","slug":"luis-de-la-fuente-la-idea-es-seguir-mejorando","status":"publish","type":"post","link":"https:\/\/www.eldigitaldeasturias.com\/noticias\/luis-de-la-fuente-la-idea-es-seguir-mejorando\/","title":{"rendered":"Luis de la Fuente: \u00abLa idea es seguir mejorando\u00bb"},"content":{"rendered":"<figure id=\"attachment_1055915\" aria-describedby=\"caption-attachment-1055915\" style=\"width: 360px\" class=\"wp-caption alignleft\"><img loading=\"lazy\" decoding=\"async\" class=\"size-medium wp-image-1055915\" src=\"https:\/\/www.eldigitaldeasturias.com\/noticias\/wp-content\/uploads\/2020\/01\/De-la-Fuente-ep-360x273.jpg\" alt=\"\" width=\"360\" height=\"273\" srcset=\"https:\/\/www.eldigitaldeasturias.com\/noticias\/wp-content\/uploads\/2020\/01\/De-la-Fuente-ep-360x273.jpg 360w, https:\/\/www.eldigitaldeasturias.com\/noticias\/wp-content\/uploads\/2020\/01\/De-la-Fuente-ep-634x480.jpg 634w, https:\/\/www.eldigitaldeasturias.com\/noticias\/wp-content\/uploads\/2020\/01\/De-la-Fuente-ep-396x300.jpg 396w, https:\/\/www.eldigitaldeasturias.com\/noticias\/wp-content\/uploads\/2020\/01\/De-la-Fuente-ep-768x582.jpg 768w, https:\/\/www.eldigitaldeasturias.com\/noticias\/wp-content\/uploads\/2020\/01\/De-la-Fuente-ep.jpg 890w\" sizes=\"auto, (max-width: 360px) 100vw, 360px\" \/><figcaption id=\"caption-attachment-1055915\" class=\"wp-caption-text\">Foto: Europa Press<\/figcaption><\/figure>\n<p>(Europa Press) &#8211;\u00a0El seleccionador espa\u00f1ol Sub-21, <strong>Luis de la Fuente<\/strong>, ha asegurado que Dani Olmo, que el pasado s\u00e1bado fich\u00f3 por el RB Leipzig, est\u00e1 \u00abmuy bien asesorado\u00bb y \u00abacierta siempre que toma una decisi\u00f3n\u00bb, y <strong>espera que tanto Jes\u00fas Vallejo como Brahim D\u00edaz tengan \u00abla oportunidad de jugar\u00bb esta temporada<\/strong>.<\/p>\n<p>\u00ab<strong>Dani Olmo acierta siempre que toma una decisi\u00f3n<\/strong>. \u00c9l est\u00e1 muy bien asesorado y lo \u00fanico que deseo, por el bien del f\u00fatbol espa\u00f1ol y por el suyo, es que siga manteniendo ese ritmo, esa intensidad y ese deseo de ser mejor jugador para tener un buen futbolista en el futuro\u00bb, se\u00f1al\u00f3 a su llegada a la gala de la Asociaci\u00f3n de la Prensa Deportiva de Madrid (APDM).<\/p>\n<p>Por otra parte, dese\u00f3 que Jes\u00fas Vallejo, cedido por el Real Madrid al Granada, y Brahim, con pocos minuto en el conjunto blanco, puedan tener continuidad. \u00abLo interesante tanto para Jes\u00fas Vallejo como para Brahim es que a esas edades jueguen. Me gustar\u00eda que tuviesen la oportunidad de jugar en un club donde les den esa oportunidad\u00bb, subray\u00f3.<\/p>\n<p>Por \u00faltimo, el t\u00e9cnico riojano reconoci\u00f3 que est\u00e1n \u00abmuy contentos\u00bb con el trabajo que se est\u00e1 realizando en las categor\u00edas inferiores de la selecci\u00f3n. \u00abLlevamos unos a\u00f1os en una buena l\u00ednea, consolidando nuestra base de trabajo, que es muy acertada de cara a las opciones de futuro de seguir creciendo.<strong> La idea es seguir mejorando<\/strong>; creo que hay mucho margen de mejora y la idea de la RFEF es seguir haciendo las cosas como hasta ahora para seguir creciendo y obteniendo resultados\u00bb, finaliz\u00f3.<\/p>\n<p>&nbsp;<\/p>\n","protected":false},"excerpt":{"rendered":"<p>(Europa Press) &#8211;\u00a0El seleccionador espa\u00f1ol Sub-21, Luis de la Fuente, ha asegurado que Dani Olmo, que el pasado s\u00e1bado fich\u00f3 por el RB Leipzig, est\u00e1 \u00abmuy bien asesorado\u00bb y \u00abacierta siempre que toma una decisi\u00f3n\u00bb, y espera que tanto Jes\u00fas Vallejo como Brahim D\u00edaz tengan \u00abla oportunidad de jugar\u00bb esta temporada. \u00abDani Olmo acierta siempre [&hellip;]<\/p>\n","protected":false},"author":1,"featured_media":1055915,"comment_status":"closed","ping_status":"closed","sticky":false,"template":"","format":"standard","meta":{"footnotes":""},"categories":[190],"tags":[],"class_list":["post-1055914","post","type-post","status-publish","format-standard","has-post-thumbnail","hentry","category-deportes"],"aioseo_notices":[],"aioseo_head":"\n\t\t<!-- All in One SEO Pro 4.9.6.2 - aioseo.com -->\n\t<meta name=\"description\" content=\"(Europa Press) - El seleccionador espa\u00f1ol Sub-21, Luis de la Fuente, ha asegurado que Dani Olmo, que el pasado s\u00e1bado fich\u00f3 por el RB Leipzig, est\u00e1 &quot;muy bien asesorado&quot; y &quot;acierta siempre que toma una decisi\u00f3n&quot;, y espera que tanto Jes\u00fas Vallejo como Brahim D\u00edaz tengan &quot;la oportunidad de jugar&quot; esta temporada. &quot;Dani Olmo acierta siempre\" \/>\n\t<meta name=\"robots\" content=\"max-image-preview:large\" \/>\n\t<meta name=\"author\" content=\"El Digital de Asturias\"\/>\n\t<meta name=\"google-site-verification\" content=\"UA-38556648-1\" \/>\n\t<meta name=\"msvalidate.01\" content=\"7dfe9f3f1b24437ab69f4f2559babe99\" \/>\n\t<meta name=\"keywords\" content=\"deportes\" \/>\n\t<link rel=\"canonical\" href=\"https:\/\/www.eldigitaldeasturias.com\/noticias\/luis-de-la-fuente-la-idea-es-seguir-mejorando\/\" \/>\n\t<meta name=\"generator\" content=\"All in One SEO Pro (AIOSEO) 4.9.6.2\" \/>\n\t\t<meta property=\"og:locale\" content=\"es_ES\" \/>\n\t\t<meta property=\"og:site_name\" content=\"El Digital de Asturias\" \/>\n\t\t<meta property=\"og:type\" content=\"article\" \/>\n\t\t<meta property=\"og:title\" content=\"Luis de la Fuente: \u00abLa idea es seguir mejorando\u00bb - El Digital de Asturias\" \/>\n\t\t<meta property=\"og:description\" content=\"(Europa Press) - El seleccionador espa\u00f1ol Sub-21, Luis de la Fuente, ha asegurado que Dani Olmo, que el pasado s\u00e1bado fich\u00f3 por el RB Leipzig, est\u00e1 &quot;muy bien asesorado&quot; y &quot;acierta siempre que toma una decisi\u00f3n&quot;, y espera que tanto Jes\u00fas Vallejo como Brahim D\u00edaz tengan &quot;la oportunidad de jugar&quot; esta temporada. &quot;Dani Olmo acierta siempre\" \/>\n\t\t<meta property=\"og:url\" content=\"https:\/\/www.eldigitaldeasturias.com\/noticias\/luis-de-la-fuente-la-idea-es-seguir-mejorando\/\" \/>\n\t\t<meta property=\"og:image\" content=\"https:\/\/www.eldigitaldeasturias.com\/noticias\/wp-content\/uploads\/2020\/01\/De-la-Fuente-ep.jpg\" \/>\n\t\t<meta property=\"og:image:secure_url\" content=\"https:\/\/www.eldigitaldeasturias.com\/noticias\/wp-content\/uploads\/2020\/01\/De-la-Fuente-ep.jpg\" \/>\n\t\t<meta property=\"og:image:width\" content=\"890\" \/>\n\t\t<meta property=\"og:image:height\" content=\"674\" \/>\n\t\t<meta property=\"article:tag\" content=\"deportes\" \/>\n\t\t<meta property=\"article:published_time\" content=\"2020-01-27T21:40:11+00:00\" \/>\n\t\t<meta property=\"article:modified_time\" content=\"2020-01-27T21:40:11+00:00\" \/>\n\t\t<meta property=\"article:publisher\" content=\"https:\/\/facebook.com\/eldigitaldeasturias\" \/>\n\t\t<meta name=\"twitter:card\" content=\"summary_large_image\" \/>\n\t\t<meta name=\"twitter:title\" content=\"Luis de la Fuente: \u00abLa idea es seguir mejorando\u00bb - El Digital de Asturias\" \/>\n\t\t<meta name=\"twitter:description\" content=\"(Europa Press) - El seleccionador espa\u00f1ol Sub-21, Luis de la Fuente, ha asegurado que Dani Olmo, que el pasado s\u00e1bado fich\u00f3 por el RB Leipzig, est\u00e1 &quot;muy bien asesorado&quot; y &quot;acierta siempre que toma una decisi\u00f3n&quot;, y espera que tanto Jes\u00fas Vallejo como Brahim D\u00edaz tengan &quot;la oportunidad de jugar&quot; esta temporada. &quot;Dani Olmo acierta siempre\" \/>\n\t\t<meta name=\"twitter:image\" content=\"https:\/\/www.eldigitaldeasturias.com\/noticias\/wp-content\/uploads\/2020\/01\/De-la-Fuente-ep.jpg\" \/>\n\t\t<meta name=\"twitter:label1\" content=\"Escrito por\" \/>\n\t\t<meta name=\"twitter:data1\" content=\"El Digital de Asturias\" \/>\n\t\t<meta name=\"twitter:label2\" content=\"Tiempo de lectura estimado\" \/>\n\t\t<meta name=\"twitter:data2\" content=\"1 minuto\" \/>\n\t\t<script type=\"application\/ld+json\" class=\"aioseo-schema\">\n\t\t\t{\"@context\":\"https:\\\/\\\/schema.org\",\"@graph\":[{\"@type\":\"BlogPosting\",\"@id\":\"https:\\\/\\\/www.eldigitaldeasturias.com\\\/noticias\\\/luis-de-la-fuente-la-idea-es-seguir-mejorando\\\/#blogposting\",\"name\":\"Luis de la Fuente: \\u00abLa idea es seguir mejorando\\u00bb - El Digital de Asturias\",\"headline\":\"Luis de la Fuente: \\u00abLa idea es seguir mejorando\\u00bb\",\"author\":{\"@id\":\"https:\\\/\\\/www.eldigitaldeasturias.com\\\/noticias\\\/author\\\/admin\\\/#author\"},\"publisher\":{\"@id\":\"https:\\\/\\\/www.eldigitaldeasturias.com\\\/noticias\\\/#organization\"},\"image\":{\"@type\":\"ImageObject\",\"url\":\"https:\\\/\\\/www.eldigitaldeasturias.com\\\/noticias\\\/wp-content\\\/uploads\\\/2020\\\/01\\\/De-la-Fuente-ep.jpg\",\"width\":890,\"height\":674,\"caption\":\"Foto: Europa Press\"},\"datePublished\":\"2020-01-27T21:40:11+01:00\",\"dateModified\":\"2020-01-27T21:40:11+01:00\",\"inLanguage\":\"es-ES\",\"mainEntityOfPage\":{\"@id\":\"https:\\\/\\\/www.eldigitaldeasturias.com\\\/noticias\\\/luis-de-la-fuente-la-idea-es-seguir-mejorando\\\/#webpage\"},\"isPartOf\":{\"@id\":\"https:\\\/\\\/www.eldigitaldeasturias.com\\\/noticias\\\/luis-de-la-fuente-la-idea-es-seguir-mejorando\\\/#webpage\"},\"articleSection\":\"Deportes\"},{\"@type\":\"BreadcrumbList\",\"@id\":\"https:\\\/\\\/www.eldigitaldeasturias.com\\\/noticias\\\/luis-de-la-fuente-la-idea-es-seguir-mejorando\\\/#breadcrumblist\",\"itemListElement\":[{\"@type\":\"ListItem\",\"@id\":\"https:\\\/\\\/www.eldigitaldeasturias.com\\\/noticias#listItem\",\"position\":1,\"name\":\"Home\",\"item\":\"https:\\\/\\\/www.eldigitaldeasturias.com\\\/noticias\",\"nextItem\":{\"@type\":\"ListItem\",\"@id\":\"https:\\\/\\\/www.eldigitaldeasturias.com\\\/noticias\\\/category\\\/deportes\\\/#listItem\",\"name\":\"Deportes\"}},{\"@type\":\"ListItem\",\"@id\":\"https:\\\/\\\/www.eldigitaldeasturias.com\\\/noticias\\\/category\\\/deportes\\\/#listItem\",\"position\":2,\"name\":\"Deportes\",\"item\":\"https:\\\/\\\/www.eldigitaldeasturias.com\\\/noticias\\\/category\\\/deportes\\\/\",\"nextItem\":{\"@type\":\"ListItem\",\"@id\":\"https:\\\/\\\/www.eldigitaldeasturias.com\\\/noticias\\\/luis-de-la-fuente-la-idea-es-seguir-mejorando\\\/#listItem\",\"name\":\"Luis de la Fuente: \\u00abLa idea es seguir mejorando\\u00bb\"},\"previousItem\":{\"@type\":\"ListItem\",\"@id\":\"https:\\\/\\\/www.eldigitaldeasturias.com\\\/noticias#listItem\",\"name\":\"Home\"}},{\"@type\":\"ListItem\",\"@id\":\"https:\\\/\\\/www.eldigitaldeasturias.com\\\/noticias\\\/luis-de-la-fuente-la-idea-es-seguir-mejorando\\\/#listItem\",\"position\":3,\"name\":\"Luis de la Fuente: \\u00abLa idea es seguir mejorando\\u00bb\",\"previousItem\":{\"@type\":\"ListItem\",\"@id\":\"https:\\\/\\\/www.eldigitaldeasturias.com\\\/noticias\\\/category\\\/deportes\\\/#listItem\",\"name\":\"Deportes\"}}]},{\"@type\":\"Organization\",\"@id\":\"https:\\\/\\\/www.eldigitaldeasturias.com\\\/noticias\\\/#organization\",\"name\":\"El Digital de Asturias\",\"description\":\"Hemeroteca\",\"url\":\"https:\\\/\\\/www.eldigitaldeasturias.com\\\/noticias\\\/\",\"email\":\"info@eldigitaldeasturias.com\",\"telephone\":\"+34652131393\",\"logo\":{\"@type\":\"ImageObject\",\"url\":\"https:\\\/\\\/www.eldigitaldeasturias.com\\\/noticias\\\/wp-content\\\/uploads\\\/2020\\\/12\\\/EDA.jpg\",\"@id\":\"https:\\\/\\\/www.eldigitaldeasturias.com\\\/noticias\\\/luis-de-la-fuente-la-idea-es-seguir-mejorando\\\/#organizationLogo\",\"width\":649,\"height\":297},\"image\":{\"@id\":\"https:\\\/\\\/www.eldigitaldeasturias.com\\\/noticias\\\/luis-de-la-fuente-la-idea-es-seguir-mejorando\\\/#organizationLogo\"},\"sameAs\":[\"https:\\\/\\\/facebook.com\\\/eldigitaldeasturias\",\"https:\\\/\\\/www.youtube.com\\\/channel\\\/UCZP-2wLEB9Rv6erhFmqVnvg\"],\"address\":{\"@id\":\"https:\\\/\\\/www.eldigitaldeasturias.com\\\/noticias\\\/#postaladdress\",\"@type\":\"PostalAddress\",\"streetAddress\":\"san antonio 4,\",\"postalCode\":\"33430\",\"addressLocality\":\"Cand\\u00e1s\",\"addressRegion\":\"Asturias\",\"addressCountry\":\"ES\"}},{\"@type\":\"Person\",\"@id\":\"https:\\\/\\\/www.eldigitaldeasturias.com\\\/noticias\\\/author\\\/admin\\\/#author\",\"url\":\"https:\\\/\\\/www.eldigitaldeasturias.com\\\/noticias\\\/author\\\/admin\\\/\",\"name\":\"El Digital de Asturias\",\"image\":{\"@type\":\"ImageObject\",\"@id\":\"https:\\\/\\\/www.eldigitaldeasturias.com\\\/noticias\\\/luis-de-la-fuente-la-idea-es-seguir-mejorando\\\/#authorImage\",\"url\":\"https:\\\/\\\/www.eldigitaldeasturias.com\\\/noticias\\\/wp-content\\\/litespeed\\\/avatar\\\/18677e78aa0546b92d9dbf31ec7d7668.jpg?ver=1777290358\",\"width\":96,\"height\":96,\"caption\":\"El Digital de Asturias\"}},{\"@type\":\"WebPage\",\"@id\":\"https:\\\/\\\/www.eldigitaldeasturias.com\\\/noticias\\\/luis-de-la-fuente-la-idea-es-seguir-mejorando\\\/#webpage\",\"url\":\"https:\\\/\\\/www.eldigitaldeasturias.com\\\/noticias\\\/luis-de-la-fuente-la-idea-es-seguir-mejorando\\\/\",\"name\":\"Luis de la Fuente: \\u00abLa idea es seguir mejorando\\u00bb - El Digital de Asturias\",\"description\":\"(Europa Press) - El seleccionador espa\\u00f1ol Sub-21, Luis de la Fuente, ha asegurado que Dani Olmo, que el pasado s\\u00e1bado fich\\u00f3 por el RB Leipzig, est\\u00e1 \\\"muy bien asesorado\\\" y \\\"acierta siempre que toma una decisi\\u00f3n\\\", y espera que tanto Jes\\u00fas Vallejo como Brahim D\\u00edaz tengan \\\"la oportunidad de jugar\\\" esta temporada. \\\"Dani Olmo acierta siempre\",\"inLanguage\":\"es-ES\",\"isPartOf\":{\"@id\":\"https:\\\/\\\/www.eldigitaldeasturias.com\\\/noticias\\\/#website\"},\"breadcrumb\":{\"@id\":\"https:\\\/\\\/www.eldigitaldeasturias.com\\\/noticias\\\/luis-de-la-fuente-la-idea-es-seguir-mejorando\\\/#breadcrumblist\"},\"author\":{\"@id\":\"https:\\\/\\\/www.eldigitaldeasturias.com\\\/noticias\\\/author\\\/admin\\\/#author\"},\"creator\":{\"@id\":\"https:\\\/\\\/www.eldigitaldeasturias.com\\\/noticias\\\/author\\\/admin\\\/#author\"},\"image\":{\"@type\":\"ImageObject\",\"url\":\"https:\\\/\\\/www.eldigitaldeasturias.com\\\/noticias\\\/wp-content\\\/uploads\\\/2020\\\/01\\\/De-la-Fuente-ep.jpg\",\"@id\":\"https:\\\/\\\/www.eldigitaldeasturias.com\\\/noticias\\\/luis-de-la-fuente-la-idea-es-seguir-mejorando\\\/#mainImage\",\"width\":890,\"height\":674,\"caption\":\"Foto: Europa Press\"},\"primaryImageOfPage\":{\"@id\":\"https:\\\/\\\/www.eldigitaldeasturias.com\\\/noticias\\\/luis-de-la-fuente-la-idea-es-seguir-mejorando\\\/#mainImage\"},\"datePublished\":\"2020-01-27T21:40:11+01:00\",\"dateModified\":\"2020-01-27T21:40:11+01:00\"},{\"@type\":\"WebSite\",\"@id\":\"https:\\\/\\\/www.eldigitaldeasturias.com\\\/noticias\\\/#website\",\"url\":\"https:\\\/\\\/www.eldigitaldeasturias.com\\\/noticias\\\/\",\"name\":\"El Digital de Asturias - Diario de actualidad y noticias\",\"alternateName\":\"El Digital de Asturias - Diario de actualidad y noticias\",\"description\":\"Hemeroteca\",\"inLanguage\":\"es-ES\",\"publisher\":{\"@id\":\"https:\\\/\\\/www.eldigitaldeasturias.com\\\/noticias\\\/#organization\"}}]}\n\t\t<\/script>\n\t\t<!-- All in One SEO Pro -->\r\n\t\t<title>Luis de la Fuente: \u00abLa idea es seguir mejorando\u00bb - El Digital de Asturias<\/title>\n\n","aioseo_head_json":{"title":"Luis de la Fuente: \u00abLa idea es seguir mejorando\u00bb - El Digital de Asturias","description":"(Europa Press) - El seleccionador espa\u00f1ol Sub-21, Luis de la Fuente, ha asegurado que Dani Olmo, que el pasado s\u00e1bado fich\u00f3 por el RB Leipzig, est\u00e1 \"muy bien asesorado\" y \"acierta siempre que toma una decisi\u00f3n\", y espera que tanto Jes\u00fas Vallejo como Brahim D\u00edaz tengan \"la oportunidad de jugar\" esta temporada. \"Dani Olmo acierta siempre","canonical_url":"https:\/\/www.eldigitaldeasturias.com\/noticias\/luis-de-la-fuente-la-idea-es-seguir-mejorando\/","robots":"max-image-preview:large","keywords":"deportes","webmasterTools":{"google-site-verification":"UA-38556648-1","msvalidate.01":"7dfe9f3f1b24437ab69f4f2559babe99","miscellaneous":""},"schema":{"@context":"https:\/\/schema.org","@graph":[{"@type":"BlogPosting","@id":"https:\/\/www.eldigitaldeasturias.com\/noticias\/luis-de-la-fuente-la-idea-es-seguir-mejorando\/#blogposting","name":"Luis de la Fuente: \u00abLa idea es seguir mejorando\u00bb - El Digital de Asturias","headline":"Luis de la Fuente: \u00abLa idea es seguir mejorando\u00bb","author":{"@id":"https:\/\/www.eldigitaldeasturias.com\/noticias\/author\/admin\/#author"},"publisher":{"@id":"https:\/\/www.eldigitaldeasturias.com\/noticias\/#organization"},"image":{"@type":"ImageObject","url":"https:\/\/www.eldigitaldeasturias.com\/noticias\/wp-content\/uploads\/2020\/01\/De-la-Fuente-ep.jpg","width":890,"height":674,"caption":"Foto: Europa Press"},"datePublished":"2020-01-27T21:40:11+01:00","dateModified":"2020-01-27T21:40:11+01:00","inLanguage":"es-ES","mainEntityOfPage":{"@id":"https:\/\/www.eldigitaldeasturias.com\/noticias\/luis-de-la-fuente-la-idea-es-seguir-mejorando\/#webpage"},"isPartOf":{"@id":"https:\/\/www.eldigitaldeasturias.com\/noticias\/luis-de-la-fuente-la-idea-es-seguir-mejorando\/#webpage"},"articleSection":"Deportes"},{"@type":"BreadcrumbList","@id":"https:\/\/www.eldigitaldeasturias.com\/noticias\/luis-de-la-fuente-la-idea-es-seguir-mejorando\/#breadcrumblist","itemListElement":[{"@type":"ListItem","@id":"https:\/\/www.eldigitaldeasturias.com\/noticias#listItem","position":1,"name":"Home","item":"https:\/\/www.eldigitaldeasturias.com\/noticias","nextItem":{"@type":"ListItem","@id":"https:\/\/www.eldigitaldeasturias.com\/noticias\/category\/deportes\/#listItem","name":"Deportes"}},{"@type":"ListItem","@id":"https:\/\/www.eldigitaldeasturias.com\/noticias\/category\/deportes\/#listItem","position":2,"name":"Deportes","item":"https:\/\/www.eldigitaldeasturias.com\/noticias\/category\/deportes\/","nextItem":{"@type":"ListItem","@id":"https:\/\/www.eldigitaldeasturias.com\/noticias\/luis-de-la-fuente-la-idea-es-seguir-mejorando\/#listItem","name":"Luis de la Fuente: \u00abLa idea es seguir mejorando\u00bb"},"previousItem":{"@type":"ListItem","@id":"https:\/\/www.eldigitaldeasturias.com\/noticias#listItem","name":"Home"}},{"@type":"ListItem","@id":"https:\/\/www.eldigitaldeasturias.com\/noticias\/luis-de-la-fuente-la-idea-es-seguir-mejorando\/#listItem","position":3,"name":"Luis de la Fuente: \u00abLa idea es seguir mejorando\u00bb","previousItem":{"@type":"ListItem","@id":"https:\/\/www.eldigitaldeasturias.com\/noticias\/category\/deportes\/#listItem","name":"Deportes"}}]},{"@type":"Organization","@id":"https:\/\/www.eldigitaldeasturias.com\/noticias\/#organization","name":"El Digital de Asturias","description":"Hemeroteca","url":"https:\/\/www.eldigitaldeasturias.com\/noticias\/","email":"info@eldigitaldeasturias.com","telephone":"+34652131393","logo":{"@type":"ImageObject","url":"https:\/\/www.eldigitaldeasturias.com\/noticias\/wp-content\/uploads\/2020\/12\/EDA.jpg","@id":"https:\/\/www.eldigitaldeasturias.com\/noticias\/luis-de-la-fuente-la-idea-es-seguir-mejorando\/#organizationLogo","width":649,"height":297},"image":{"@id":"https:\/\/www.eldigitaldeasturias.com\/noticias\/luis-de-la-fuente-la-idea-es-seguir-mejorando\/#organizationLogo"},"sameAs":["https:\/\/facebook.com\/eldigitaldeasturias","https:\/\/www.youtube.com\/channel\/UCZP-2wLEB9Rv6erhFmqVnvg"],"address":{"@id":"https:\/\/www.eldigitaldeasturias.com\/noticias\/#postaladdress","@type":"PostalAddress","streetAddress":"san antonio 4,","postalCode":"33430","addressLocality":"Cand\u00e1s","addressRegion":"Asturias","addressCountry":"ES"}},{"@type":"Person","@id":"https:\/\/www.eldigitaldeasturias.com\/noticias\/author\/admin\/#author","url":"https:\/\/www.eldigitaldeasturias.com\/noticias\/author\/admin\/","name":"El Digital de Asturias","image":{"@type":"ImageObject","@id":"https:\/\/www.eldigitaldeasturias.com\/noticias\/luis-de-la-fuente-la-idea-es-seguir-mejorando\/#authorImage","url":"https:\/\/www.eldigitaldeasturias.com\/noticias\/wp-content\/litespeed\/avatar\/18677e78aa0546b92d9dbf31ec7d7668.jpg?ver=1777290358","width":96,"height":96,"caption":"El Digital de Asturias"}},{"@type":"WebPage","@id":"https:\/\/www.eldigitaldeasturias.com\/noticias\/luis-de-la-fuente-la-idea-es-seguir-mejorando\/#webpage","url":"https:\/\/www.eldigitaldeasturias.com\/noticias\/luis-de-la-fuente-la-idea-es-seguir-mejorando\/","name":"Luis de la Fuente: \u00abLa idea es seguir mejorando\u00bb - El Digital de Asturias","description":"(Europa Press) - El seleccionador espa\u00f1ol Sub-21, Luis de la Fuente, ha asegurado que Dani Olmo, que el pasado s\u00e1bado fich\u00f3 por el RB Leipzig, est\u00e1 \"muy bien asesorado\" y \"acierta siempre que toma una decisi\u00f3n\", y espera que tanto Jes\u00fas Vallejo como Brahim D\u00edaz tengan \"la oportunidad de jugar\" esta temporada. \"Dani Olmo acierta siempre","inLanguage":"es-ES","isPartOf":{"@id":"https:\/\/www.eldigitaldeasturias.com\/noticias\/#website"},"breadcrumb":{"@id":"https:\/\/www.eldigitaldeasturias.com\/noticias\/luis-de-la-fuente-la-idea-es-seguir-mejorando\/#breadcrumblist"},"author":{"@id":"https:\/\/www.eldigitaldeasturias.com\/noticias\/author\/admin\/#author"},"creator":{"@id":"https:\/\/www.eldigitaldeasturias.com\/noticias\/author\/admin\/#author"},"image":{"@type":"ImageObject","url":"https:\/\/www.eldigitaldeasturias.com\/noticias\/wp-content\/uploads\/2020\/01\/De-la-Fuente-ep.jpg","@id":"https:\/\/www.eldigitaldeasturias.com\/noticias\/luis-de-la-fuente-la-idea-es-seguir-mejorando\/#mainImage","width":890,"height":674,"caption":"Foto: Europa Press"},"primaryImageOfPage":{"@id":"https:\/\/www.eldigitaldeasturias.com\/noticias\/luis-de-la-fuente-la-idea-es-seguir-mejorando\/#mainImage"},"datePublished":"2020-01-27T21:40:11+01:00","dateModified":"2020-01-27T21:40:11+01:00"},{"@type":"WebSite","@id":"https:\/\/www.eldigitaldeasturias.com\/noticias\/#website","url":"https:\/\/www.eldigitaldeasturias.com\/noticias\/","name":"El Digital de Asturias - Diario de actualidad y noticias","alternateName":"El Digital de Asturias - Diario de actualidad y noticias","description":"Hemeroteca","inLanguage":"es-ES","publisher":{"@id":"https:\/\/www.eldigitaldeasturias.com\/noticias\/#organization"}}]},"og:locale":"es_ES","og:site_name":"El Digital de Asturias","og:type":"article","og:title":"Luis de la Fuente: \u00abLa idea es seguir mejorando\u00bb - El Digital de Asturias","og:description":"(Europa Press) - El seleccionador espa\u00f1ol Sub-21, Luis de la Fuente, ha asegurado que Dani Olmo, que el pasado s\u00e1bado fich\u00f3 por el RB Leipzig, est\u00e1 &quot;muy bien asesorado&quot; y &quot;acierta siempre que toma una decisi\u00f3n&quot;, y espera que tanto Jes\u00fas Vallejo como Brahim D\u00edaz tengan &quot;la oportunidad de jugar&quot; esta temporada. &quot;Dani Olmo acierta siempre","og:url":"https:\/\/www.eldigitaldeasturias.com\/noticias\/luis-de-la-fuente-la-idea-es-seguir-mejorando\/","og:image":"https:\/\/www.eldigitaldeasturias.com\/noticias\/wp-content\/uploads\/2020\/01\/De-la-Fuente-ep.jpg","og:image:secure_url":"https:\/\/www.eldigitaldeasturias.com\/noticias\/wp-content\/uploads\/2020\/01\/De-la-Fuente-ep.jpg","og:image:width":890,"og:image:height":674,"article:tag":["deportes"],"article:published_time":"2020-01-27T21:40:11+00:00","article:modified_time":"2020-01-27T21:40:11+00:00","article:publisher":"https:\/\/facebook.com\/eldigitaldeasturias","twitter:card":"summary_large_image","twitter:title":"Luis de la Fuente: \u00abLa idea es seguir mejorando\u00bb - El Digital de Asturias","twitter:description":"(Europa Press) - El seleccionador espa\u00f1ol Sub-21, Luis de la Fuente, ha asegurado que Dani Olmo, que el pasado s\u00e1bado fich\u00f3 por el RB Leipzig, est\u00e1 &quot;muy bien asesorado&quot; y &quot;acierta siempre que toma una decisi\u00f3n&quot;, y espera que tanto Jes\u00fas Vallejo como Brahim D\u00edaz tengan &quot;la oportunidad de jugar&quot; esta temporada. &quot;Dani Olmo acierta siempre","twitter:image":"https:\/\/www.eldigitaldeasturias.com\/noticias\/wp-content\/uploads\/2020\/01\/De-la-Fuente-ep.jpg","twitter:label1":"Escrito por","twitter:data1":"El Digital de Asturias","twitter:label2":"Tiempo de lectura estimado","twitter:data2":"1 minuto"},"aioseo_meta_data":{"post_id":"1055914","title":null,"description":null,"keywords":null,"keyphrases":null,"primary_term":null,"canonical_url":null,"og_title":null,"og_description":null,"og_object_type":"default","og_image_type":"default","og_image_url":null,"og_image_width":null,"og_image_height":null,"og_image_custom_url":null,"og_image_custom_fields":null,"og_video":null,"og_custom_url":null,"og_article_section":null,"og_article_tags":null,"twitter_use_og":false,"twitter_card":"default","twitter_image_type":"default","twitter_image_url":null,"twitter_image_custom_url":null,"twitter_image_custom_fields":null,"twitter_title":null,"twitter_description":null,"schema":{"blockGraphs":[],"customGraphs":[],"default":{"data":{"Article":[],"Course":[],"Dataset":[],"FAQPage":[],"Movie":[],"Person":[],"Product":[],"ProductReview":[],"Car":[],"Recipe":[],"Service":[],"SoftwareApplication":[],"WebPage":[]},"graphName":"","isEnabled":true},"graphs":[],"defaultGraph":"","defaultPostTypeGraph":""},"schema_type":null,"schema_type_options":null,"pillar_content":false,"robots_default":true,"robots_noindex":false,"robots_noarchive":false,"robots_nosnippet":false,"robots_nofollow":false,"robots_noimageindex":false,"robots_noodp":false,"robots_notranslate":false,"robots_max_snippet":null,"robots_max_videopreview":null,"robots_max_imagepreview":"large","priority":null,"frequency":null,"local_seo":null,"seo_analyzer_scan_date":"2025-10-30 20:38:11","breadcrumb_settings":null,"limit_modified_date":false,"open_ai":null,"ai":null,"created":"2020-12-21 10:56:04","updated":"2025-10-30 20:38:11"},"aioseo_breadcrumb":"<div class=\"aioseo-breadcrumbs\"><span class=\"aioseo-breadcrumb\">\n\t<a href=\"https:\/\/www.eldigitaldeasturias.com\/noticias\" title=\"Home\">Home<\/a>\n<\/span><span class=\"aioseo-breadcrumb-separator\">\u2013<\/span><span class=\"aioseo-breadcrumb\">\n\t<a href=\"https:\/\/www.eldigitaldeasturias.com\/noticias\/category\/deportes\/\" title=\"Deportes\">Deportes<\/a>\n<\/span><span class=\"aioseo-breadcrumb-separator\">\u2013<\/span><span class=\"aioseo-breadcrumb\">\n\t<a href=\"https:\/\/www.eldigitaldeasturias.com\/noticias\/luis-de-la-fuente-la-idea-es-seguir-mejorando\/\" title=\"Luis de la Fuente: \u00abLa idea es seguir mejorando\u00bb\">Luis de la Fuente: \u00abLa idea es seguir mejorando\u00bb<\/a>\n<\/span><\/div>","aioseo_breadcrumb_json":[{"label":"Home","link":"https:\/\/www.eldigitaldeasturias.com\/noticias"},{"label":"Deportes","link":"https:\/\/www.eldigitaldeasturias.com\/noticias\/category\/deportes\/"},{"label":"Luis de la Fuente: \u00abLa idea es seguir mejorando\u00bb","link":"https:\/\/www.eldigitaldeasturias.com\/noticias\/luis-de-la-fuente-la-idea-es-seguir-mejorando\/"}],"_links":{"self":[{"href":"https:\/\/www.eldigitaldeasturias.com\/noticias\/wp-json\/wp\/v2\/posts\/1055914","targetHints":{"allow":["GET"]}}],"collection":[{"href":"https:\/\/www.eldigitaldeasturias.com\/noticias\/wp-json\/wp\/v2\/posts"}],"about":[{"href":"https:\/\/www.eldigitaldeasturias.com\/noticias\/wp-json\/wp\/v2\/types\/post"}],"author":[{"embeddable":true,"href":"https:\/\/www.eldigitaldeasturias.com\/noticias\/wp-json\/wp\/v2\/users\/1"}],"replies":[{"embeddable":true,"href":"https:\/\/www.eldigitaldeasturias.com\/noticias\/wp-json\/wp\/v2\/comments?post=1055914"}],"version-history":[{"count":0,"href":"https:\/\/www.eldigitaldeasturias.com\/noticias\/wp-json\/wp\/v2\/posts\/1055914\/revisions"}],"wp:featuredmedia":[{"embeddable":true,"href":"https:\/\/www.eldigitaldeasturias.com\/noticias\/wp-json\/wp\/v2\/media\/1055915"}],"wp:attachment":[{"href":"https:\/\/www.eldigitaldeasturias.com\/noticias\/wp-json\/wp\/v2\/media?parent=1055914"}],"wp:term":[{"taxonomy":"category","embeddable":true,"href":"https:\/\/www.eldigitaldeasturias.com\/noticias\/wp-json\/wp\/v2\/categories?post=1055914"},{"taxonomy":"post_tag","embeddable":true,"href":"https:\/\/www.eldigitaldeasturias.com\/noticias\/wp-json\/wp\/v2\/tags?post=1055914"}],"curies":[{"name":"wp","href":"https:\/\/api.w.org\/{rel}","templated":true}]}}