{"id":1055912,"date":"2020-01-27T21:35:01","date_gmt":"2020-01-27T21:35:01","guid":{"rendered":"https:\/\/www.eldigitaldeasturias.com\/noticias\/?p=1055912"},"modified":"2020-01-27T21:35:01","modified_gmt":"2020-01-27T21:35:01","slug":"enrique-cerezo-la-directiva-no-duda-del-cholo","status":"publish","type":"post","link":"https:\/\/www.eldigitaldeasturias.com\/noticias\/enrique-cerezo-la-directiva-no-duda-del-cholo\/","title":{"rendered":"Enrique Cerezo: \u00abLa directiva no duda del Cholo\u00bb"},"content":{"rendered":"<p><img loading=\"lazy\" decoding=\"async\" class=\"alignleft size-medium wp-image-985209\" src=\"https:\/\/www.eldigitaldeasturias.com\/noticias\/wp-content\/uploads\/2018\/06\/football-1406106_960_720-360x241.jpg\" alt=\"\" width=\"360\" height=\"241\" srcset=\"https:\/\/www.eldigitaldeasturias.com\/noticias\/wp-content\/uploads\/2018\/06\/football-1406106_960_720-360x241.jpg 360w, https:\/\/www.eldigitaldeasturias.com\/noticias\/wp-content\/uploads\/2018\/06\/football-1406106_960_720-448x300.jpg 448w, https:\/\/www.eldigitaldeasturias.com\/noticias\/wp-content\/uploads\/2018\/06\/football-1406106_960_720-768x514.jpg 768w, https:\/\/www.eldigitaldeasturias.com\/noticias\/wp-content\/uploads\/2018\/06\/football-1406106_960_720-690x462.jpg 690w, https:\/\/www.eldigitaldeasturias.com\/noticias\/wp-content\/uploads\/2018\/06\/football-1406106_960_720-20x13.jpg 20w, https:\/\/www.eldigitaldeasturias.com\/noticias\/wp-content\/uploads\/2018\/06\/football-1406106_960_720.jpg 960w\" sizes=\"auto, (max-width: 360px) 100vw, 360px\" \/>(Europa Press) &#8211;\u00a0El presidente del Atl\u00e9tico de Madrid, Enrique Cerezo, consider\u00f3 \u00abinjustas\u00bb las cr\u00edticas que est\u00e1 recibiendo el t\u00e9cnico Diego Pablo Simeone por el mal momento que est\u00e1 atravesando el equipo y asegur\u00f3 que la directiva \u00abno duda de \u00e9l para nada\u00bb, al mismo tiempo que confirm\u00f3 que \u00abno hay absolutamente nada\u00bb respecto a la posible llegada del delantero uruguayo Edinson Cavani.<\/p>\n<p>\u00abMe parecen injustas las cr\u00edticas a Simeone, no se pueden llevar a cabo. Es el entrenador que m\u00e1s t\u00edtulos nos ha dado y adem\u00e1s, hay que tener en cuenta que no hay ning\u00fan equipo en Espa\u00f1a durante ning\u00fan per\u00edodo que haya mantenido a un entrenador durante ocho a\u00f1os, como m\u00ednimo, y los que le quedan\u00bb, asever\u00f3 Cerezo en la IV Gala de los premios de la Asociaci\u00f3n de Prensa Deportiva de Madrid.<\/p>\n<p>Adem\u00e1s, recalc\u00f3 que la directiva no duda del &#8216;Cholo&#8217; \u00abpara nada\u00bb, ya que est\u00e1n \u00abencantados\u00bb con el t\u00e9cnico argentino. \u00abTodo el mundo tiene malos momentos, y a nosotros nos est\u00e1 pasando ahora, como le puede pasar a otros\u00bb, a\u00f1adi\u00f3.<\/p>\n<p>En este sentido, demostr\u00f3 no estar \u00abpreocupado\u00bb por la situaci\u00f3n del conjunto colchonero, que acumula cuatro partidos sin ganar, ya que son \u00abcircunstancias que por las que puede pasar cualquier equipo\u00bb. \u00abTenemos un magn\u00edfico entrenador y un magn\u00edfico equipo\u00bb, reiter\u00f3.<\/p>\n<p>\u00abSolo hemos jugado tres partidos despu\u00e9s de la Supercopa: un partido contra la Cultural, contra el Eibar y contra el Legan\u00e9s. Hace poco tiempo vosotros mismos dec\u00edais que los equipos que ahora est\u00e1n en primera y segunda posici\u00f3n estaban desahuciados, y ahora resulta que son los primeros, a ver si dentro de tres y cuatro semanas lo hacemos a la inversa, con nosotros\u00bb, explic\u00f3.<\/p>\n<p>Por otro lado, Cerezo remarc\u00f3 que \u00abno hay absolutamente nada hasta el momento, m\u00e1s que ilusi\u00f3n\u00bb sobre el posible fichaje del delantero del Par\u00eds Saint-Germain Edinson Cavani por el club rojiblanco. \u00abEstamos en una posici\u00f3n en la que s\u00e9 lo que vosotros (los periodistas) me dig\u00e1is. Quedan pocos d\u00edas de mercado de invierno y son cosas complicadas\u00bb, se\u00f1al\u00f3.<\/p>\n<p>\u00abA m\u00ed como delantero me gustan todos los delanteros que meten goles. Nosotros lo que necesitamos es meter goles, y tenemos grandes goleadores, lo que pasa es que no tenemos esa suerte, que antes nos sobraba y ahora nos falta\u00bb, concluy\u00f3.<\/p>\n","protected":false},"excerpt":{"rendered":"<p>(Europa Press) &#8211;\u00a0El presidente del Atl\u00e9tico de Madrid, Enrique Cerezo, consider\u00f3 \u00abinjustas\u00bb las cr\u00edticas que est\u00e1 recibiendo el t\u00e9cnico Diego Pablo Simeone por el mal momento que est\u00e1 atravesando el equipo y asegur\u00f3 que la directiva \u00abno duda de \u00e9l para nada\u00bb, al mismo tiempo que confirm\u00f3 que \u00abno hay absolutamente nada\u00bb respecto a la [&hellip;]<\/p>\n","protected":false},"author":1,"featured_media":985209,"comment_status":"closed","ping_status":"closed","sticky":false,"template":"","format":"standard","meta":{"footnotes":""},"categories":[190],"tags":[],"class_list":["post-1055912","post","type-post","status-publish","format-standard","has-post-thumbnail","hentry","category-deportes"],"aioseo_notices":[],"aioseo_head":"\n\t\t<!-- All in One SEO Pro 4.9.6.2 - aioseo.com -->\n\t<meta name=\"description\" content=\"(Europa Press) - El presidente del Atl\u00e9tico de Madrid, Enrique Cerezo, consider\u00f3 &quot;injustas&quot; las cr\u00edticas que est\u00e1 recibiendo el t\u00e9cnico Diego Pablo Simeone por el mal momento que est\u00e1 atravesando el equipo y asegur\u00f3 que la directiva &quot;no duda de \u00e9l para nada&quot;, al mismo tiempo que confirm\u00f3 que &quot;no hay absolutamente nada&quot; respecto a la\" \/>\n\t<meta name=\"robots\" content=\"max-image-preview:large\" \/>\n\t<meta name=\"author\" content=\"El Digital de Asturias\"\/>\n\t<meta name=\"google-site-verification\" content=\"UA-38556648-1\" \/>\n\t<meta name=\"msvalidate.01\" content=\"7dfe9f3f1b24437ab69f4f2559babe99\" \/>\n\t<meta name=\"keywords\" content=\"deportes\" \/>\n\t<link rel=\"canonical\" href=\"https:\/\/www.eldigitaldeasturias.com\/noticias\/enrique-cerezo-la-directiva-no-duda-del-cholo\/\" \/>\n\t<meta name=\"generator\" content=\"All in One SEO Pro (AIOSEO) 4.9.6.2\" \/>\n\t\t<meta property=\"og:locale\" content=\"es_ES\" \/>\n\t\t<meta property=\"og:site_name\" content=\"El Digital de Asturias\" \/>\n\t\t<meta property=\"og:type\" content=\"article\" \/>\n\t\t<meta property=\"og:title\" content=\"Enrique Cerezo: \u00abLa directiva no duda del Cholo\u00bb - El Digital de Asturias\" \/>\n\t\t<meta property=\"og:description\" content=\"(Europa Press) - El presidente del Atl\u00e9tico de Madrid, Enrique Cerezo, consider\u00f3 &quot;injustas&quot; las cr\u00edticas que est\u00e1 recibiendo el t\u00e9cnico Diego Pablo Simeone por el mal momento que est\u00e1 atravesando el equipo y asegur\u00f3 que la directiva &quot;no duda de \u00e9l para nada&quot;, al mismo tiempo que confirm\u00f3 que &quot;no hay absolutamente nada&quot; respecto a la\" \/>\n\t\t<meta property=\"og:url\" content=\"https:\/\/www.eldigitaldeasturias.com\/noticias\/enrique-cerezo-la-directiva-no-duda-del-cholo\/\" \/>\n\t\t<meta property=\"og:image\" content=\"https:\/\/www.eldigitaldeasturias.com\/noticias\/wp-content\/uploads\/2018\/06\/football-1406106_960_720.jpg\" \/>\n\t\t<meta property=\"og:image:secure_url\" content=\"https:\/\/www.eldigitaldeasturias.com\/noticias\/wp-content\/uploads\/2018\/06\/football-1406106_960_720.jpg\" \/>\n\t\t<meta property=\"og:image:width\" content=\"960\" \/>\n\t\t<meta property=\"og:image:height\" content=\"643\" \/>\n\t\t<meta property=\"article:tag\" content=\"deportes\" \/>\n\t\t<meta property=\"article:published_time\" content=\"2020-01-27T21:35:01+00:00\" \/>\n\t\t<meta property=\"article:modified_time\" content=\"2020-01-27T21:35:01+00:00\" \/>\n\t\t<meta property=\"article:publisher\" content=\"https:\/\/facebook.com\/eldigitaldeasturias\" \/>\n\t\t<meta name=\"twitter:card\" content=\"summary_large_image\" \/>\n\t\t<meta name=\"twitter:title\" content=\"Enrique Cerezo: \u00abLa directiva no duda del Cholo\u00bb - El Digital de Asturias\" \/>\n\t\t<meta name=\"twitter:description\" content=\"(Europa Press) - El presidente del Atl\u00e9tico de Madrid, Enrique Cerezo, consider\u00f3 &quot;injustas&quot; las cr\u00edticas que est\u00e1 recibiendo el t\u00e9cnico Diego Pablo Simeone por el mal momento que est\u00e1 atravesando el equipo y asegur\u00f3 que la directiva &quot;no duda de \u00e9l para nada&quot;, al mismo tiempo que confirm\u00f3 que &quot;no hay absolutamente nada&quot; respecto a la\" \/>\n\t\t<meta name=\"twitter:image\" content=\"https:\/\/www.eldigitaldeasturias.com\/noticias\/wp-content\/uploads\/2018\/06\/football-1406106_960_720.jpg\" \/>\n\t\t<meta name=\"twitter:label1\" content=\"Escrito por\" \/>\n\t\t<meta name=\"twitter:data1\" content=\"El Digital de Asturias\" \/>\n\t\t<meta name=\"twitter:label2\" content=\"Tiempo de lectura estimado\" \/>\n\t\t<meta name=\"twitter:data2\" content=\"2 minutos\" \/>\n\t\t<script type=\"application\/ld+json\" class=\"aioseo-schema\">\n\t\t\t{\"@context\":\"https:\\\/\\\/schema.org\",\"@graph\":[{\"@type\":\"BlogPosting\",\"@id\":\"https:\\\/\\\/www.eldigitaldeasturias.com\\\/noticias\\\/enrique-cerezo-la-directiva-no-duda-del-cholo\\\/#blogposting\",\"name\":\"Enrique Cerezo: \\u00abLa directiva no duda del Cholo\\u00bb - El Digital de Asturias\",\"headline\":\"Enrique Cerezo: \\u00abLa directiva no duda del Cholo\\u00bb\",\"author\":{\"@id\":\"https:\\\/\\\/www.eldigitaldeasturias.com\\\/noticias\\\/author\\\/admin\\\/#author\"},\"publisher\":{\"@id\":\"https:\\\/\\\/www.eldigitaldeasturias.com\\\/noticias\\\/#organization\"},\"image\":{\"@type\":\"ImageObject\",\"url\":\"https:\\\/\\\/www.eldigitaldeasturias.com\\\/noticias\\\/wp-content\\\/uploads\\\/2018\\\/06\\\/football-1406106_960_720.jpg\",\"width\":960,\"height\":643},\"datePublished\":\"2020-01-27T21:35:01+01:00\",\"dateModified\":\"2020-01-27T21:35:01+01:00\",\"inLanguage\":\"es-ES\",\"mainEntityOfPage\":{\"@id\":\"https:\\\/\\\/www.eldigitaldeasturias.com\\\/noticias\\\/enrique-cerezo-la-directiva-no-duda-del-cholo\\\/#webpage\"},\"isPartOf\":{\"@id\":\"https:\\\/\\\/www.eldigitaldeasturias.com\\\/noticias\\\/enrique-cerezo-la-directiva-no-duda-del-cholo\\\/#webpage\"},\"articleSection\":\"Deportes\"},{\"@type\":\"BreadcrumbList\",\"@id\":\"https:\\\/\\\/www.eldigitaldeasturias.com\\\/noticias\\\/enrique-cerezo-la-directiva-no-duda-del-cholo\\\/#breadcrumblist\",\"itemListElement\":[{\"@type\":\"ListItem\",\"@id\":\"https:\\\/\\\/www.eldigitaldeasturias.com\\\/noticias#listItem\",\"position\":1,\"name\":\"Home\",\"item\":\"https:\\\/\\\/www.eldigitaldeasturias.com\\\/noticias\",\"nextItem\":{\"@type\":\"ListItem\",\"@id\":\"https:\\\/\\\/www.eldigitaldeasturias.com\\\/noticias\\\/category\\\/deportes\\\/#listItem\",\"name\":\"Deportes\"}},{\"@type\":\"ListItem\",\"@id\":\"https:\\\/\\\/www.eldigitaldeasturias.com\\\/noticias\\\/category\\\/deportes\\\/#listItem\",\"position\":2,\"name\":\"Deportes\",\"item\":\"https:\\\/\\\/www.eldigitaldeasturias.com\\\/noticias\\\/category\\\/deportes\\\/\",\"nextItem\":{\"@type\":\"ListItem\",\"@id\":\"https:\\\/\\\/www.eldigitaldeasturias.com\\\/noticias\\\/enrique-cerezo-la-directiva-no-duda-del-cholo\\\/#listItem\",\"name\":\"Enrique Cerezo: \\u00abLa directiva no duda del Cholo\\u00bb\"},\"previousItem\":{\"@type\":\"ListItem\",\"@id\":\"https:\\\/\\\/www.eldigitaldeasturias.com\\\/noticias#listItem\",\"name\":\"Home\"}},{\"@type\":\"ListItem\",\"@id\":\"https:\\\/\\\/www.eldigitaldeasturias.com\\\/noticias\\\/enrique-cerezo-la-directiva-no-duda-del-cholo\\\/#listItem\",\"position\":3,\"name\":\"Enrique Cerezo: \\u00abLa directiva no duda del Cholo\\u00bb\",\"previousItem\":{\"@type\":\"ListItem\",\"@id\":\"https:\\\/\\\/www.eldigitaldeasturias.com\\\/noticias\\\/category\\\/deportes\\\/#listItem\",\"name\":\"Deportes\"}}]},{\"@type\":\"Organization\",\"@id\":\"https:\\\/\\\/www.eldigitaldeasturias.com\\\/noticias\\\/#organization\",\"name\":\"El Digital de Asturias\",\"description\":\"Hemeroteca\",\"url\":\"https:\\\/\\\/www.eldigitaldeasturias.com\\\/noticias\\\/\",\"email\":\"info@eldigitaldeasturias.com\",\"telephone\":\"+34652131393\",\"logo\":{\"@type\":\"ImageObject\",\"url\":\"https:\\\/\\\/www.eldigitaldeasturias.com\\\/noticias\\\/wp-content\\\/uploads\\\/2020\\\/12\\\/EDA.jpg\",\"@id\":\"https:\\\/\\\/www.eldigitaldeasturias.com\\\/noticias\\\/enrique-cerezo-la-directiva-no-duda-del-cholo\\\/#organizationLogo\",\"width\":649,\"height\":297},\"image\":{\"@id\":\"https:\\\/\\\/www.eldigitaldeasturias.com\\\/noticias\\\/enrique-cerezo-la-directiva-no-duda-del-cholo\\\/#organizationLogo\"},\"sameAs\":[\"https:\\\/\\\/facebook.com\\\/eldigitaldeasturias\",\"https:\\\/\\\/www.youtube.com\\\/channel\\\/UCZP-2wLEB9Rv6erhFmqVnvg\"],\"address\":{\"@id\":\"https:\\\/\\\/www.eldigitaldeasturias.com\\\/noticias\\\/#postaladdress\",\"@type\":\"PostalAddress\",\"streetAddress\":\"san antonio 4,\",\"postalCode\":\"33430\",\"addressLocality\":\"Cand\\u00e1s\",\"addressRegion\":\"Asturias\",\"addressCountry\":\"ES\"}},{\"@type\":\"Person\",\"@id\":\"https:\\\/\\\/www.eldigitaldeasturias.com\\\/noticias\\\/author\\\/admin\\\/#author\",\"url\":\"https:\\\/\\\/www.eldigitaldeasturias.com\\\/noticias\\\/author\\\/admin\\\/\",\"name\":\"El Digital de Asturias\",\"image\":{\"@type\":\"ImageObject\",\"@id\":\"https:\\\/\\\/www.eldigitaldeasturias.com\\\/noticias\\\/enrique-cerezo-la-directiva-no-duda-del-cholo\\\/#authorImage\",\"url\":\"https:\\\/\\\/www.eldigitaldeasturias.com\\\/noticias\\\/wp-content\\\/litespeed\\\/avatar\\\/18677e78aa0546b92d9dbf31ec7d7668.jpg?ver=1777290358\",\"width\":96,\"height\":96,\"caption\":\"El Digital de Asturias\"}},{\"@type\":\"WebPage\",\"@id\":\"https:\\\/\\\/www.eldigitaldeasturias.com\\\/noticias\\\/enrique-cerezo-la-directiva-no-duda-del-cholo\\\/#webpage\",\"url\":\"https:\\\/\\\/www.eldigitaldeasturias.com\\\/noticias\\\/enrique-cerezo-la-directiva-no-duda-del-cholo\\\/\",\"name\":\"Enrique Cerezo: \\u00abLa directiva no duda del Cholo\\u00bb - El Digital de Asturias\",\"description\":\"(Europa Press) - El presidente del Atl\\u00e9tico de Madrid, Enrique Cerezo, consider\\u00f3 \\\"injustas\\\" las cr\\u00edticas que est\\u00e1 recibiendo el t\\u00e9cnico Diego Pablo Simeone por el mal momento que est\\u00e1 atravesando el equipo y asegur\\u00f3 que la directiva \\\"no duda de \\u00e9l para nada\\\", al mismo tiempo que confirm\\u00f3 que \\\"no hay absolutamente nada\\\" respecto a la\",\"inLanguage\":\"es-ES\",\"isPartOf\":{\"@id\":\"https:\\\/\\\/www.eldigitaldeasturias.com\\\/noticias\\\/#website\"},\"breadcrumb\":{\"@id\":\"https:\\\/\\\/www.eldigitaldeasturias.com\\\/noticias\\\/enrique-cerezo-la-directiva-no-duda-del-cholo\\\/#breadcrumblist\"},\"author\":{\"@id\":\"https:\\\/\\\/www.eldigitaldeasturias.com\\\/noticias\\\/author\\\/admin\\\/#author\"},\"creator\":{\"@id\":\"https:\\\/\\\/www.eldigitaldeasturias.com\\\/noticias\\\/author\\\/admin\\\/#author\"},\"image\":{\"@type\":\"ImageObject\",\"url\":\"https:\\\/\\\/www.eldigitaldeasturias.com\\\/noticias\\\/wp-content\\\/uploads\\\/2018\\\/06\\\/football-1406106_960_720.jpg\",\"@id\":\"https:\\\/\\\/www.eldigitaldeasturias.com\\\/noticias\\\/enrique-cerezo-la-directiva-no-duda-del-cholo\\\/#mainImage\",\"width\":960,\"height\":643},\"primaryImageOfPage\":{\"@id\":\"https:\\\/\\\/www.eldigitaldeasturias.com\\\/noticias\\\/enrique-cerezo-la-directiva-no-duda-del-cholo\\\/#mainImage\"},\"datePublished\":\"2020-01-27T21:35:01+01:00\",\"dateModified\":\"2020-01-27T21:35:01+01:00\"},{\"@type\":\"WebSite\",\"@id\":\"https:\\\/\\\/www.eldigitaldeasturias.com\\\/noticias\\\/#website\",\"url\":\"https:\\\/\\\/www.eldigitaldeasturias.com\\\/noticias\\\/\",\"name\":\"El Digital de Asturias - Diario de actualidad y noticias\",\"alternateName\":\"El Digital de Asturias - Diario de actualidad y noticias\",\"description\":\"Hemeroteca\",\"inLanguage\":\"es-ES\",\"publisher\":{\"@id\":\"https:\\\/\\\/www.eldigitaldeasturias.com\\\/noticias\\\/#organization\"}}]}\n\t\t<\/script>\n\t\t<!-- All in One SEO Pro -->\r\n\t\t<title>Enrique Cerezo: \u00abLa directiva no duda del Cholo\u00bb - El Digital de Asturias<\/title>\n\n","aioseo_head_json":{"title":"Enrique Cerezo: \u00abLa directiva no duda del Cholo\u00bb - El Digital de Asturias","description":"(Europa Press) - El presidente del Atl\u00e9tico de Madrid, Enrique Cerezo, consider\u00f3 \"injustas\" las cr\u00edticas que est\u00e1 recibiendo el t\u00e9cnico Diego Pablo Simeone por el mal momento que est\u00e1 atravesando el equipo y asegur\u00f3 que la directiva \"no duda de \u00e9l para nada\", al mismo tiempo que confirm\u00f3 que \"no hay absolutamente nada\" respecto a la","canonical_url":"https:\/\/www.eldigitaldeasturias.com\/noticias\/enrique-cerezo-la-directiva-no-duda-del-cholo\/","robots":"max-image-preview:large","keywords":"deportes","webmasterTools":{"google-site-verification":"UA-38556648-1","msvalidate.01":"7dfe9f3f1b24437ab69f4f2559babe99","miscellaneous":""},"schema":{"@context":"https:\/\/schema.org","@graph":[{"@type":"BlogPosting","@id":"https:\/\/www.eldigitaldeasturias.com\/noticias\/enrique-cerezo-la-directiva-no-duda-del-cholo\/#blogposting","name":"Enrique Cerezo: \u00abLa directiva no duda del Cholo\u00bb - El Digital de Asturias","headline":"Enrique Cerezo: \u00abLa directiva no duda del Cholo\u00bb","author":{"@id":"https:\/\/www.eldigitaldeasturias.com\/noticias\/author\/admin\/#author"},"publisher":{"@id":"https:\/\/www.eldigitaldeasturias.com\/noticias\/#organization"},"image":{"@type":"ImageObject","url":"https:\/\/www.eldigitaldeasturias.com\/noticias\/wp-content\/uploads\/2018\/06\/football-1406106_960_720.jpg","width":960,"height":643},"datePublished":"2020-01-27T21:35:01+01:00","dateModified":"2020-01-27T21:35:01+01:00","inLanguage":"es-ES","mainEntityOfPage":{"@id":"https:\/\/www.eldigitaldeasturias.com\/noticias\/enrique-cerezo-la-directiva-no-duda-del-cholo\/#webpage"},"isPartOf":{"@id":"https:\/\/www.eldigitaldeasturias.com\/noticias\/enrique-cerezo-la-directiva-no-duda-del-cholo\/#webpage"},"articleSection":"Deportes"},{"@type":"BreadcrumbList","@id":"https:\/\/www.eldigitaldeasturias.com\/noticias\/enrique-cerezo-la-directiva-no-duda-del-cholo\/#breadcrumblist","itemListElement":[{"@type":"ListItem","@id":"https:\/\/www.eldigitaldeasturias.com\/noticias#listItem","position":1,"name":"Home","item":"https:\/\/www.eldigitaldeasturias.com\/noticias","nextItem":{"@type":"ListItem","@id":"https:\/\/www.eldigitaldeasturias.com\/noticias\/category\/deportes\/#listItem","name":"Deportes"}},{"@type":"ListItem","@id":"https:\/\/www.eldigitaldeasturias.com\/noticias\/category\/deportes\/#listItem","position":2,"name":"Deportes","item":"https:\/\/www.eldigitaldeasturias.com\/noticias\/category\/deportes\/","nextItem":{"@type":"ListItem","@id":"https:\/\/www.eldigitaldeasturias.com\/noticias\/enrique-cerezo-la-directiva-no-duda-del-cholo\/#listItem","name":"Enrique Cerezo: \u00abLa directiva no duda del Cholo\u00bb"},"previousItem":{"@type":"ListItem","@id":"https:\/\/www.eldigitaldeasturias.com\/noticias#listItem","name":"Home"}},{"@type":"ListItem","@id":"https:\/\/www.eldigitaldeasturias.com\/noticias\/enrique-cerezo-la-directiva-no-duda-del-cholo\/#listItem","position":3,"name":"Enrique Cerezo: \u00abLa directiva no duda del Cholo\u00bb","previousItem":{"@type":"ListItem","@id":"https:\/\/www.eldigitaldeasturias.com\/noticias\/category\/deportes\/#listItem","name":"Deportes"}}]},{"@type":"Organization","@id":"https:\/\/www.eldigitaldeasturias.com\/noticias\/#organization","name":"El Digital de Asturias","description":"Hemeroteca","url":"https:\/\/www.eldigitaldeasturias.com\/noticias\/","email":"info@eldigitaldeasturias.com","telephone":"+34652131393","logo":{"@type":"ImageObject","url":"https:\/\/www.eldigitaldeasturias.com\/noticias\/wp-content\/uploads\/2020\/12\/EDA.jpg","@id":"https:\/\/www.eldigitaldeasturias.com\/noticias\/enrique-cerezo-la-directiva-no-duda-del-cholo\/#organizationLogo","width":649,"height":297},"image":{"@id":"https:\/\/www.eldigitaldeasturias.com\/noticias\/enrique-cerezo-la-directiva-no-duda-del-cholo\/#organizationLogo"},"sameAs":["https:\/\/facebook.com\/eldigitaldeasturias","https:\/\/www.youtube.com\/channel\/UCZP-2wLEB9Rv6erhFmqVnvg"],"address":{"@id":"https:\/\/www.eldigitaldeasturias.com\/noticias\/#postaladdress","@type":"PostalAddress","streetAddress":"san antonio 4,","postalCode":"33430","addressLocality":"Cand\u00e1s","addressRegion":"Asturias","addressCountry":"ES"}},{"@type":"Person","@id":"https:\/\/www.eldigitaldeasturias.com\/noticias\/author\/admin\/#author","url":"https:\/\/www.eldigitaldeasturias.com\/noticias\/author\/admin\/","name":"El Digital de Asturias","image":{"@type":"ImageObject","@id":"https:\/\/www.eldigitaldeasturias.com\/noticias\/enrique-cerezo-la-directiva-no-duda-del-cholo\/#authorImage","url":"https:\/\/www.eldigitaldeasturias.com\/noticias\/wp-content\/litespeed\/avatar\/18677e78aa0546b92d9dbf31ec7d7668.jpg?ver=1777290358","width":96,"height":96,"caption":"El Digital de Asturias"}},{"@type":"WebPage","@id":"https:\/\/www.eldigitaldeasturias.com\/noticias\/enrique-cerezo-la-directiva-no-duda-del-cholo\/#webpage","url":"https:\/\/www.eldigitaldeasturias.com\/noticias\/enrique-cerezo-la-directiva-no-duda-del-cholo\/","name":"Enrique Cerezo: \u00abLa directiva no duda del Cholo\u00bb - El Digital de Asturias","description":"(Europa Press) - El presidente del Atl\u00e9tico de Madrid, Enrique Cerezo, consider\u00f3 \"injustas\" las cr\u00edticas que est\u00e1 recibiendo el t\u00e9cnico Diego Pablo Simeone por el mal momento que est\u00e1 atravesando el equipo y asegur\u00f3 que la directiva \"no duda de \u00e9l para nada\", al mismo tiempo que confirm\u00f3 que \"no hay absolutamente nada\" respecto a la","inLanguage":"es-ES","isPartOf":{"@id":"https:\/\/www.eldigitaldeasturias.com\/noticias\/#website"},"breadcrumb":{"@id":"https:\/\/www.eldigitaldeasturias.com\/noticias\/enrique-cerezo-la-directiva-no-duda-del-cholo\/#breadcrumblist"},"author":{"@id":"https:\/\/www.eldigitaldeasturias.com\/noticias\/author\/admin\/#author"},"creator":{"@id":"https:\/\/www.eldigitaldeasturias.com\/noticias\/author\/admin\/#author"},"image":{"@type":"ImageObject","url":"https:\/\/www.eldigitaldeasturias.com\/noticias\/wp-content\/uploads\/2018\/06\/football-1406106_960_720.jpg","@id":"https:\/\/www.eldigitaldeasturias.com\/noticias\/enrique-cerezo-la-directiva-no-duda-del-cholo\/#mainImage","width":960,"height":643},"primaryImageOfPage":{"@id":"https:\/\/www.eldigitaldeasturias.com\/noticias\/enrique-cerezo-la-directiva-no-duda-del-cholo\/#mainImage"},"datePublished":"2020-01-27T21:35:01+01:00","dateModified":"2020-01-27T21:35:01+01:00"},{"@type":"WebSite","@id":"https:\/\/www.eldigitaldeasturias.com\/noticias\/#website","url":"https:\/\/www.eldigitaldeasturias.com\/noticias\/","name":"El Digital de Asturias - Diario de actualidad y noticias","alternateName":"El Digital de Asturias - Diario de actualidad y noticias","description":"Hemeroteca","inLanguage":"es-ES","publisher":{"@id":"https:\/\/www.eldigitaldeasturias.com\/noticias\/#organization"}}]},"og:locale":"es_ES","og:site_name":"El Digital de Asturias","og:type":"article","og:title":"Enrique Cerezo: \u00abLa directiva no duda del Cholo\u00bb - El Digital de Asturias","og:description":"(Europa Press) - El presidente del Atl\u00e9tico de Madrid, Enrique Cerezo, consider\u00f3 &quot;injustas&quot; las cr\u00edticas que est\u00e1 recibiendo el t\u00e9cnico Diego Pablo Simeone por el mal momento que est\u00e1 atravesando el equipo y asegur\u00f3 que la directiva &quot;no duda de \u00e9l para nada&quot;, al mismo tiempo que confirm\u00f3 que &quot;no hay absolutamente nada&quot; respecto a la","og:url":"https:\/\/www.eldigitaldeasturias.com\/noticias\/enrique-cerezo-la-directiva-no-duda-del-cholo\/","og:image":"https:\/\/www.eldigitaldeasturias.com\/noticias\/wp-content\/uploads\/2018\/06\/football-1406106_960_720.jpg","og:image:secure_url":"https:\/\/www.eldigitaldeasturias.com\/noticias\/wp-content\/uploads\/2018\/06\/football-1406106_960_720.jpg","og:image:width":960,"og:image:height":643,"article:tag":["deportes"],"article:published_time":"2020-01-27T21:35:01+00:00","article:modified_time":"2020-01-27T21:35:01+00:00","article:publisher":"https:\/\/facebook.com\/eldigitaldeasturias","twitter:card":"summary_large_image","twitter:title":"Enrique Cerezo: \u00abLa directiva no duda del Cholo\u00bb - El Digital de Asturias","twitter:description":"(Europa Press) - El presidente del Atl\u00e9tico de Madrid, Enrique Cerezo, consider\u00f3 &quot;injustas&quot; las cr\u00edticas que est\u00e1 recibiendo el t\u00e9cnico Diego Pablo Simeone por el mal momento que est\u00e1 atravesando el equipo y asegur\u00f3 que la directiva &quot;no duda de \u00e9l para nada&quot;, al mismo tiempo que confirm\u00f3 que &quot;no hay absolutamente nada&quot; respecto a la","twitter:image":"https:\/\/www.eldigitaldeasturias.com\/noticias\/wp-content\/uploads\/2018\/06\/football-1406106_960_720.jpg","twitter:label1":"Escrito por","twitter:data1":"El Digital de Asturias","twitter:label2":"Tiempo de lectura estimado","twitter:data2":"2 minutos"},"aioseo_meta_data":{"post_id":"1055912","title":null,"description":null,"keywords":null,"keyphrases":null,"primary_term":null,"canonical_url":null,"og_title":null,"og_description":null,"og_object_type":"default","og_image_type":"default","og_image_url":null,"og_image_width":null,"og_image_height":null,"og_image_custom_url":null,"og_image_custom_fields":null,"og_video":null,"og_custom_url":null,"og_article_section":null,"og_article_tags":null,"twitter_use_og":false,"twitter_card":"default","twitter_image_type":"default","twitter_image_url":null,"twitter_image_custom_url":null,"twitter_image_custom_fields":null,"twitter_title":null,"twitter_description":null,"schema":{"blockGraphs":[],"customGraphs":[],"default":{"data":{"Article":[],"Course":[],"Dataset":[],"FAQPage":[],"Movie":[],"Person":[],"Product":[],"ProductReview":[],"Car":[],"Recipe":[],"Service":[],"SoftwareApplication":[],"WebPage":[]},"graphName":"","isEnabled":true},"graphs":[],"defaultGraph":"","defaultPostTypeGraph":""},"schema_type":null,"schema_type_options":null,"pillar_content":false,"robots_default":true,"robots_noindex":false,"robots_noarchive":false,"robots_nosnippet":false,"robots_nofollow":false,"robots_noimageindex":false,"robots_noodp":false,"robots_notranslate":false,"robots_max_snippet":null,"robots_max_videopreview":null,"robots_max_imagepreview":"large","priority":null,"frequency":null,"local_seo":null,"seo_analyzer_scan_date":"2025-10-30 20:38:11","breadcrumb_settings":null,"limit_modified_date":false,"open_ai":null,"ai":null,"created":"2020-12-21 10:56:04","updated":"2025-10-30 20:38:11"},"aioseo_breadcrumb":"<div class=\"aioseo-breadcrumbs\"><span class=\"aioseo-breadcrumb\">\n\t<a href=\"https:\/\/www.eldigitaldeasturias.com\/noticias\" title=\"Home\">Home<\/a>\n<\/span><span class=\"aioseo-breadcrumb-separator\">\u2013<\/span><span class=\"aioseo-breadcrumb\">\n\t<a href=\"https:\/\/www.eldigitaldeasturias.com\/noticias\/category\/deportes\/\" title=\"Deportes\">Deportes<\/a>\n<\/span><span class=\"aioseo-breadcrumb-separator\">\u2013<\/span><span class=\"aioseo-breadcrumb\">\n\t<a href=\"https:\/\/www.eldigitaldeasturias.com\/noticias\/enrique-cerezo-la-directiva-no-duda-del-cholo\/\" title=\"Enrique Cerezo: \u00abLa directiva no duda del Cholo\u00bb\">Enrique Cerezo: \u00abLa directiva no duda del Cholo\u00bb<\/a>\n<\/span><\/div>","aioseo_breadcrumb_json":[{"label":"Home","link":"https:\/\/www.eldigitaldeasturias.com\/noticias"},{"label":"Deportes","link":"https:\/\/www.eldigitaldeasturias.com\/noticias\/category\/deportes\/"},{"label":"Enrique Cerezo: \u00abLa directiva no duda del Cholo\u00bb","link":"https:\/\/www.eldigitaldeasturias.com\/noticias\/enrique-cerezo-la-directiva-no-duda-del-cholo\/"}],"_links":{"self":[{"href":"https:\/\/www.eldigitaldeasturias.com\/noticias\/wp-json\/wp\/v2\/posts\/1055912","targetHints":{"allow":["GET"]}}],"collection":[{"href":"https:\/\/www.eldigitaldeasturias.com\/noticias\/wp-json\/wp\/v2\/posts"}],"about":[{"href":"https:\/\/www.eldigitaldeasturias.com\/noticias\/wp-json\/wp\/v2\/types\/post"}],"author":[{"embeddable":true,"href":"https:\/\/www.eldigitaldeasturias.com\/noticias\/wp-json\/wp\/v2\/users\/1"}],"replies":[{"embeddable":true,"href":"https:\/\/www.eldigitaldeasturias.com\/noticias\/wp-json\/wp\/v2\/comments?post=1055912"}],"version-history":[{"count":0,"href":"https:\/\/www.eldigitaldeasturias.com\/noticias\/wp-json\/wp\/v2\/posts\/1055912\/revisions"}],"wp:featuredmedia":[{"embeddable":true,"href":"https:\/\/www.eldigitaldeasturias.com\/noticias\/wp-json\/wp\/v2\/media\/985209"}],"wp:attachment":[{"href":"https:\/\/www.eldigitaldeasturias.com\/noticias\/wp-json\/wp\/v2\/media?parent=1055912"}],"wp:term":[{"taxonomy":"category","embeddable":true,"href":"https:\/\/www.eldigitaldeasturias.com\/noticias\/wp-json\/wp\/v2\/categories?post=1055912"},{"taxonomy":"post_tag","embeddable":true,"href":"https:\/\/www.eldigitaldeasturias.com\/noticias\/wp-json\/wp\/v2\/tags?post=1055912"}],"curies":[{"name":"wp","href":"https:\/\/api.w.org\/{rel}","templated":true}]}}